{"id":10920,"date":"2025-08-27T10:00:29","date_gmt":"2025-08-27T08:00:29","guid":{"rendered":"https:\/\/blog.holyart.it\/fr\/?p=10920"},"modified":"2025-08-26T17:47:22","modified_gmt":"2025-08-26T15:47:22","slug":"acutis-et-frassati-les-premieres-canonisations-de-pape-leon-xiv","status":"publish","type":"post","link":"https:\/\/blog.holyart.it\/fr\/saints-et-bienheureux\/acutis-et-frassati-les-premieres-canonisations-de-pape-leon-xiv\/","title":{"rendered":"Acutis et Frassati: les premi\u00e8res canonisations de Pape L\u00e9on XIV"},"content":{"rendered":"<h4>Pape L\u00e9on XIV a choisi ses premiers Saints: Carlo Acutis et Pier Giorgio Frassati, deux vies lumineuses pour le c\u0153ur inquiet du Troisi\u00e8me Mill\u00e9naire<\/h4>\n\n<p>Dans le silence vibrant de la Basilique Saint-Pierre, entre les nefs r\u00e9sonnant de chants et d\u2019attente, les noms de deux jeunes hommes retentissent comme des promesses maintenues. Le <strong>7 septembre 2025<\/strong>, Pape L\u00e9on XIV consacrera son pontificat avec un geste qui a un go\u00fbt de r\u00e9volution et de m\u00e9moire, de futur et de racines : la canonisation de <a href=\"https:\/\/www.holyart.fr\/blog\/articles-religieux\/carlo-acutis-le-bienheureux-de-lere-digitale\/\"><strong><u>Carlo Acutis<\/u><\/strong><\/a> et de <strong>Pier Giorgio Frassati<\/strong>, \u00ab\u00a0<em>ses<\/em>\u00a0\u00bb premiers saints, deux \u00e2mes jeunes qui parlent avec voix proph\u00e9tique \u00e0 un monde qui est \u00e0 la recherche de lumi\u00e8re.<\/p>\n<p>Carlo et Pier Giorgio. Deux jeunes. Deux si\u00e8cle. Une seule et unique saintet\u00e9, deux style de vie.<br \/>\nL\u2019un parle le langage du <em>cloud<\/em>, l\u2019autre celui des sentiers de randonn\u00e9e. L\u2019un \u00e9vang\u00e9lise avec un clavier, l\u2019autre avec un sandwich donn\u00e9 \u00e0 un pauvre. Mais les deux ont le m\u00eame c\u0153ur ardent, le m\u00eame regard fix\u00e9 sur Christ, la m\u00eame joie scandaleuse de la saintet\u00e9. Carlo et Pier Giorgio sont deux saints pour le troisi\u00e8me mill\u00e9naire, deux mod\u00e8les qui n\u2019intimident pas, mais qui attirent. Ils n\u2019\u00e9veillent pas de culpabilit\u00e9, mais appellent \u00e0 quelque chose de plus grand. Leur message est puissant, r\u00e9volutionnaire, comme seulement la jeunesse sait l\u2019\u00eatre\u00a0: <strong>on peut \u00eatre jeune, amoureux de la vie, immerg\u00e9 dans la modernit\u00e9\u2026 et, en m\u00eame temps, profond\u00e9ment saint<\/strong>.<\/p>\n<div class=\"link-article\">\n<p><img loading=\"lazy\" decoding=\"async\" class=\"size-full wp-image-10930 alignleft\" src=\"https:\/\/blog.holyart.it\/fr\/wp-content\/uploads\/sites\/14\/2025\/08\/carlo-acutis-fr-1.jpg\" alt=\"carlo acutis fr\" width=\"150\" height=\"99\" data-kale-share-title=\"Acutis et Frassati: les premi\u00e8res canonisations de Pape L\u00e9on XIV\" data-kale-share-url=\"https:\/\/blog.holyart.it\/fr\/?p=10920\" \/><\/p>\n<div class=\"leggi-anche\">Lire aussi :<\/div>\n<p><strong><a href=\"https:\/\/www.holyart.fr\/blog\/articles-religieux\/carlo-acutis-le-bienheureux-de-lere-digitale\/\">Carlo Acutis : le bienheureux de l\u2019\u00e8re digitale<\/a><\/strong><br \/>\nCarlo Acutis, le saint du mill\u00e9naire qui a d\u00e9di\u00e9 sa br\u00e8ve vie \u00e0 J\u00e9sus et \u00e0 l\u2019aide des plus pauvres et n\u00e9cessiteux nous rappelle combien&#8230;<\/p>\n<\/div>\n<p>Le 7 septembre 2025, quand la canonisation de Carlo Acutis et de <strong>Pier Giorgio Frassati<\/strong> aura lieu, les jeunes du monde se sentiront un peu moins seuls.<\/p>\n<p>Pape L\u00e9on XIV, avec ce geste, ne canonise pas uniquement deux personnes, il canonise une vision. Une \u00c9glise qui regarde vers l\u2019avenir sans oublier, qui reconnait la beaut\u00e9 dans la fragilit\u00e9, qui ne se contente pas de moments de nostalgie, mais qui recherche des visages vivants. Saint Carlo Acutis et Saint Pier Giorgio Frassati seront les \u00e9toiles polaires d\u2019un pontificat qui veut parler \u00e0 TikTok et aux sommets alpins, aux \u00e9tudiants et aux pauvres, aux b\u00e9n\u00e9voles et aux codeurs, aux mystiques et aux cr\u00e9atifs. \u00a0Dans une \u00e9poque fatigu\u00e9e et d\u00e9sabus\u00e9e, ces canonisations sont une caresse et un d\u00e9fi. Une caresse pour ceux qui recherchent un but. Un d\u00e9fi pour ceux qui se contentent du minimum.<br \/>\nLe 7 septembre 2025, l\u2019\u00c9glise n\u2019ajoutera pas simplement deux noms \u00e0 son calendrier : elle allumera deux signaux lumineux puissants pour l\u2019humanit\u00e9 en chemin.<br \/>\nCarlo et Pier Giorgio, priez pour nous. Et surtout, restez avec nous. Le monde a besoin de v\u00f4tre lumi\u00e8re.<\/p>\n<div class=\"link-article\">\n<p><img loading=\"lazy\" decoding=\"async\" class=\"size-full wp-image-10928 alignleft\" src=\"https:\/\/blog.holyart.it\/fr\/wp-content\/uploads\/sites\/14\/2025\/08\/pier-giorgio-frassati-1-1.jpeg\" alt=\"pier giorgio frassati\" width=\"150\" height=\"100\" data-kale-share-title=\"Acutis et Frassati: les premi\u00e8res canonisations de Pape L\u00e9on XIV\" data-kale-share-url=\"https:\/\/blog.holyart.it\/fr\/?p=10920\" \/><\/p>\n<div class=\"leggi-anche\">Lire aussi :<\/div>\n<p><strong><a href=\"https:\/\/holyart.fr\/blog\/saints-et-bienheureux\/de-la-montagne-au-ciel-la-vie-et-le-message-de-pier-giorgio-frassati\/\">De la montagne au ciel: la vie et le message de Pier Giorgio Frassati<\/a><\/strong><br \/>\nDe la montagne au ciel : la vie et le message de Pier Giorgio Frassati&#8230;<\/p>\n<\/div>\n<h2>Un Pape pour les jeunes et pour le futur<\/h2>\n<p>Il y a des gestes qui ne sont pas des simples d\u00e9cisions, mais plut\u00f4t des visions.<br \/>\nPape L\u00e9on XIV a choisi de commencer son chemin en tant que Pape avec une c\u00e9l\u00e9bration qui regarde au futur, mais qui puise ses racines dans deux vies d\u00e9j\u00e0 fleuries dans la saintet\u00e9\u00a0: Carlo Acutis et Pier Giorgio Frassati. Une annonce qui n\u2019est pas une nouveaut\u00e9 absolue. D\u00e9j\u00e0 en novembre 2024, pendant l\u2019une de ses derni\u00e8res audiences g\u00e9n\u00e9rales, <strong><u>Pape Fran\u00e7ois<\/u><\/strong>, la voix affaiblie, mais encore vibrante, avait r\u00e9chauff\u00e9 les c\u0153urs de la foule r\u00e9unie Place Saint-Pierre en r\u00e9v\u00e9lant la future canonisation des deux jeunes. De longs applaudissements avaient \u00e9clat\u00e9s entre les colonnes de Bernini, comme une vague de joie qui courait jusqu\u2019au ciel. Carlo, le jeune du Web et du Chapelet, allait \u00eatre proclam\u00e9 saint le 27 avril, le <a href=\"https:\/\/www.holyart.fr\/blog\/articles-religieux\/dimanche-in-albis-que-rappelle-t-il-et-quelle-est-la-signification-religieuse-de-cette-journee\/\"><strong><u>Dimanche de la Divine Mis\u00e9ricorde<\/u><\/strong>,<\/a> pendant le Jubil\u00e9 des adolescents\u00a0; Pier Giorgio, le saint avec les chaussures boueuses et le c\u0153ur en altitude, aurait re\u00e7u son aur\u00e9ole pendant le Jubil\u00e9 des Jeunes, fin juillet. Mais le temps a chamboul\u00e9 les plans\u00a0: la <a href=\"https:\/\/holyart.fr\/blog\/occasions-speciales\/comment-pape-francois-a-transforme-leglise\/\"><strong>mort impromptue de Bergoglio<\/strong>,<\/a> le 21 avril, a tout boulevers\u00e9, en laissant ce r\u00eave en suspens et, avec lui, des milliers de c\u0153urs en attente. Et puis, le silence \u00e9tait tomb\u00e9 sur le cas Frassati. Aucun communiqu\u00e9, aucun signe. Comme si sa canonisation avait disparu dans le n\u00e9ant, comme certains couchers de soleil qui ne deviennent jamais nuit.<\/p>\n<div class=\"link-article\">\n<p><img loading=\"lazy\" decoding=\"async\" class=\"size-full wp-image-10934 alignleft\" src=\"https:\/\/blog.holyart.it\/fr\/wp-content\/uploads\/sites\/14\/2025\/08\/Holyart_Blog_PapaFrancesco_fr.jpg\" alt=\"Holyart Blog PapaFrancesco fr\" width=\"150\" height=\"99\" data-kale-share-title=\"Acutis et Frassati: les premi\u00e8res canonisations de Pape L\u00e9on XIV\" data-kale-share-url=\"https:\/\/blog.holyart.it\/fr\/?p=10920\" \/><\/p>\n<div class=\"leggi-anche\">Lire aussi :<\/div>\n<p><strong><a href=\"https:\/\/www.holyart.fr\/blog\/occasions-speciales\/comment-pape-francois-a-transforme-leglise\/\">Comment Pape Fran\u00e7ois a transform\u00e9 l\u2019\u00c9glise pendant son pontificat<\/a><\/strong><br \/>\nu\u2019est-ce que Pape Fran\u00e7ois a fait d\u2019important ? Son pontificat a \u00e9t\u00e9&#8230;<\/p>\n<\/div>\n<p>Ensuite, comme un \u00e9clair dans un ciel bleu, <strong>l\u2019annonce de Pape L\u00e9on XIV est tomb\u00e9<\/strong>. Avec un choix qui a le go\u00fbt de proph\u00e9tie plus que de programme, il a uni les deux dates en une seule, puissante liturgie, le 7 septembre. Non pas pour simplifier, mais pour sceller\u00a0un destin : deux jeunes saints, de si\u00e8cles et chemins diff\u00e9rents, proclam\u00e9s le m\u00eame jour, comme des fr\u00e8res spirituels, comme des sentinelles de la m\u00eame aurore. Une d\u00e9cision qui n\u2019est pas uniquement une date dans le calendrier, mais un acte d\u2019amour envers une \u00c9glise qui souhaite \u00eatre jeune dans son c\u0153ur, dans sa voix, dans sa foi. Une \u00c9glise qui retrouve en Carlo et en Pier Giorgio deux phares allum\u00e9s pour ceux qui encore recherchent Dieu entre les murs de l\u2019\u00e9cole, aux p\u00e9riph\u00e9ries du monde, ou dans le silence d\u2019un coucher de soleil en pleine montagne.<br \/>\nCela n\u2019a pas \u00e9t\u00e9 un choix neutre, ni diplomatique. C\u2019est une d\u00e9claration d\u2019intentions. <a href=\"https:\/\/holyart.fr\/blog\/articles-religieux\/pape-leon-xiv-tout-ce-quil-faut-savoir-sur-le-nouveau-pontife\/\"><strong><u>Pape L\u00e9on XIV<\/u><\/strong>,<\/a> \u00e9lu par surprise dans un conclave travers\u00e9 de craintes et de souhaits, a choisi de commencer par la jeunesse, par deux visages souriants et inquiets, par deux histoires br\u00fbl\u00e9es vites, mais qui ont laiss\u00e9 des traces de feu. Avec la d\u00e9cision d\u2019unifier les canonisations pr\u00e9vues par Pape Fran\u00e7ois en une seule c\u00e9l\u00e9bration, L\u00e9on XIV a voulu donner un signal fort\u00a0: la saintet\u00e9 n\u2019est pas un mus\u00e9e de reliques, mais un courant vivant qui traverse les g\u00e9n\u00e9rations, un appel qui vibre dans les salles universitaires et entre les serveurs du r\u00e9seau. Maintenant quant aux questions \u00ab\u00a0<em>Quand aura lieu la canonisation de Carlo Acutis\u00a0?<\/em>\u00a0\u00bb et \u00ab\u00a0<em>Quand Pier Giorgio Frassati sera-t-il canonis\u00e9\u00a0?<\/em>\u00a0\u00bb, nous n\u2019avons qu\u2019une seule r\u00e9ponse\u00a0: le 7 septembre 2025, f\u00eate de la jeunesse et de la saintet\u00e9 incarn\u00e9e, dans l\u2019\u00e9treinte d\u2019une seule liturgie.<\/p>\n<div class=\"link-article\">\n<p><img loading=\"lazy\" decoding=\"async\" class=\"size-full wp-image-10936 alignleft\" src=\"https:\/\/blog.holyart.it\/fr\/wp-content\/uploads\/sites\/14\/2025\/08\/Leone-XIV-1.jpg\" alt=\"Leone XIV\" width=\"150\" height=\"99\" data-kale-share-title=\"Acutis et Frassati: les premi\u00e8res canonisations de Pape L\u00e9on XIV\" data-kale-share-url=\"https:\/\/blog.holyart.it\/fr\/?p=10920\" \/><\/p>\n<div class=\"leggi-anche\">Lire aussi :<\/div>\n<p><strong><a href=\"https:\/\/www.holyart.fr\/blog\/articles-religieux\/pape-leon-xiv-tout-ce-quil-faut-savoir-sur-le-nouveau-pontife\/\">Pape L\u00e9on XIV : tout ce qu\u2019il faut savoir sur le nouveau Pontife<\/a><\/strong><br \/>\nLe pontificat de Pape L\u00e9on XIV s\u2019ouvre comme une porte entreb\u00e2ill\u00e9e sur le futur. Qui est le premier Pape \u00e9tasunien de l\u2019\u00c9glise?&#8230;<\/p>\n<\/div>\n<h2>Carlo Acutis: le Saint du Net et de l\u2019Eucharistie<\/h2>\n<p>Il n\u2019avait que 15 ans quand une leuc\u00e9mie fulgurante l\u2019a arrach\u00e9 \u00e0 la vie. Mais <a href=\"https:\/\/www.holyart.fr\/occasions-speciales\/carlo-acutis\"><strong>Carlo Acutis<\/strong>,<\/a> n\u00e9 \u00e0 Londres et grandit \u00e0 Milan, avait d\u00e9j\u00e0 trac\u00e9 son chemin vers le ciel, en laissant derri\u00e8re lui non seulement de la douleur, mais aussi un sillage de gr\u00e2ce. Mais comment a fait Carlo Acutis pour devenir saint\u00a0? <strong>Il a aim\u00e9<\/strong>. Avec intensit\u00e9. Avec simplicit\u00e9. Avec cr\u00e9ativit\u00e9.<br \/>\nIl a fait de l\u2019Eucharistie le centre de son existence, \u00ab\u00a0mon autoroute vers le ciel\u00a0\u00bb, comme il aimait dire, et de l\u2019informatique son pupitre. Il a cr\u00e9\u00e9 une exposition sur les miracles eucharistiques qui a fait le tour du monde, en touchant m\u00eame des c\u0153urs qui \u00e9taient tr\u00e8s \u00e9loign\u00e9s de la foi. Il ne pr\u00eachait pas\u00a0: il racontait, avec les codes et les images de son temps. Les miracles de Carlo Acutis ne sont pas uniquement ceux qui ont \u00e9t\u00e9 officiellement reconnus (comme la gu\u00e9rison du petit Matheus au Br\u00e9sil)\u00a0: ce sont aussi les miracles silencieux, quotidiens, invisibles. Combien d\u2019adolescents se sont rapproch\u00e9s des sacrements gr\u00e2ce \u00e0 lui\u00a0? Combien de conversions sont n\u00e9es d\u2019une vid\u00e9o, d\u2019une photo, d\u2019une phrase\u00a0? Mais Carlo a surtout d\u00e9montr\u00e9 que <strong>la saintet\u00e9 est \u00e0 la port\u00e9e de n\u2019importe qui<\/strong>\u00a0: de celui qui va \u00e0 l\u2019\u00e9cole, aime les jeux vid\u00e9o, a des amis, fait du b\u00e9n\u00e9volat\u2026 et, entre-temps, marche vers le ciel \u00e0 des pas de g\u00e9ant. Aujourd\u2019hui, Carlo Acutis repose \u00e0 Assise, dans le Sanctuaire de la Spoliation. C\u2019est de l\u00e0 qu\u2019il continue de parler avec douceur et force aux jeunes de notre temps.<\/p>\n<div class=\"sp-styles-warning\" style=\"width: 450px; background-color: #FFF; color: #F00; border: 1px solid #F00; padding: 10px; font-size: 14px;\">\n\t\t\t<span style=\"font-weight: bold;\">Warning: The stylesheets were not loaded!<\/span> \n\t\t\tYou will need to change the <i>Load stylesheets<\/i> setting from <i>Automatically<\/i> to <i>On homepage<\/i> or <i>On all pages<\/i>. \n\t\t\tYou can set that <a style=\"text-decoration: underline; color: #F00;\" href=\"https:\/\/blog.holyart.it\/fr\/wp-admin\/admin.php?page=sliderpro-settings\">here<\/a>.\n\t\t\t<\/div>\r\n<div id=\"slider-pro-179\" class=\"slider-pro sp-no-js\" style=\"width: 500px; height: 500px;\">\r\n\t<div class=\"sp-slides\">\r\n\t\t\r\n\t\t<div class=\"sp-slide\">\r\n\t\t\t<img loading=\"lazy\" decoding=\"async\" class=\"sp-image\" src=\"https:\/\/blog.holyart.it\/fr\/wp-content\/uploads\/sites\/14\/2025\/08\/statue-en-resine-peinte-de-carlo-acutis-30-cm.jpg\" alt=\"statue en resine peinte de carlo acutis 30 cm\" width=\"500\" height=\"500\" \/>\r\n\t\t\t<div class=\"sp-thumbnail\"><a class=\"\" href=\"https:\/\/www.holyart.fr\/articles-religieux\/statues\/statues-en-resine-et-pvc\/statue-en-resine-peinte-de-carlo-acutis-avec-chapelet-30-cm\">\r\n\t\t\t\t<img decoding=\"async\" src=\"https:\/\/blog.holyart.it\/fr\/wp-content\/uploads\/sites\/14\/2025\/08\/statue-en-resine-peinte-de-carlo-acutis-30-cm-1.jpg\" alt=\"statue en resine peinte de carlo acutis 30 cm\" \/>\r\n\t\t\t<\/a>\r\n\t\t\t<\/div>\r\n\t\t\t<div class=\"sp-caption\">Statue en r\u00e9sine peinte de Carlo Acutis avec chapelet 30 cm.\n<br \/><strong><a href=\"https:\/\/www.holyart.fr\/articles-religieux\/statues\/statues-en-resine-et-pvc\/statue-en-resine-peinte-de-carlo-acutis-avec-chapelet-30-cm\">Acheter sur Holyart<\/a><\/strong><\/div>\r\n\t\t<\/div>\r\n\t\t<div class=\"sp-slide\">\r\n\t\t\t<img loading=\"lazy\" decoding=\"async\" class=\"sp-image\" src=\"https:\/\/blog.holyart.it\/fr\/wp-content\/uploads\/sites\/14\/2025\/08\/t-shirt-en-coton-jaune-carlo-acutis-ape-social-wear.jpg\" alt=\"t shirt en coton jaune carlo acutis ape social wear\" width=\"500\" height=\"500\" \/>\r\n\t\t\t<div class=\"sp-thumbnail\"><a class=\"\" href=\"https:\/\/www.holyart.fr\/occasions-speciales\/carlo-acutis\/t-shirt-en-coton-jaune-carlo-acutis-ape-social-wear\">\r\n\t\t\t\t<img decoding=\"async\" src=\"https:\/\/blog.holyart.it\/fr\/wp-content\/uploads\/sites\/14\/2025\/08\/t-shirt-en-coton-jaune-carlo-acutis-ape-social-wear.jpg\" alt=\"t shirt en coton jaune carlo acutis ape social wear\" \/>\r\n\t\t\t<\/a>\r\n\t\t\t<\/div>\r\n\t\t\t<div class=\"sp-caption\">T-shirt en coton jaune Carlo Acutis APE Social Wear.\n<br \/><strong><a href=\"https:\/\/www.holyart.fr\/occasions-speciales\/carlo-acutis\/t-shirt-en-coton-jaune-carlo-acutis-ape-social-wear\">Acheter sur Holyart<\/a><\/strong><\/div>\r\n\t\t<\/div>\r\n\t\t<div class=\"sp-slide\">\r\n\t\t\t<img loading=\"lazy\" decoding=\"async\" class=\"sp-image\" src=\"https:\/\/blog.holyart.it\/fr\/wp-content\/uploads\/sites\/14\/2025\/08\/croix-tissu-carlo-acutis-14x10-cm.jpg\" alt=\"croix tissu carlo acutis 14x10 cm\" width=\"500\" height=\"500\" \/>\r\n\t\t\t<div class=\"sp-thumbnail\"><a class=\"\" href=\"https:\/\/www.holyart.fr\/accessoires-pour-la-liturgie\/accessoires-varies\/croix-tissu-carlo-acutis-14x10-cm\">\r\n\t\t\t\t<img decoding=\"async\" src=\"https:\/\/blog.holyart.it\/fr\/wp-content\/uploads\/sites\/14\/2025\/08\/croix-tissu-carlo-acutis-14x10-cm.jpg\" alt=\"croix tissu carlo acutis 14x10 cm\" \/>\r\n\t\t\t<\/a>\r\n\t\t\t<\/div>\r\n\t\t\t<div class=\"sp-caption\">Croix tissu Carlo Acutis 14x10 cm.\n<br \/><strong><a href=\"https:\/\/www.holyart.fr\/accessoires-pour-la-liturgie\/accessoires-varies\/croix-tissu-carlo-acutis-14x10-cm\">Acheter sur Holyart<\/a><\/strong><\/div>\r\n\t\t<\/div>\r\n\t\t<div class=\"sp-slide\">\r\n\t\t\t<img loading=\"lazy\" decoding=\"async\" class=\"sp-image\" src=\"https:\/\/blog.holyart.it\/fr\/wp-content\/uploads\/sites\/14\/2025\/08\/chapelet-en-bois-medaille-carlo-acutis.jpg\" alt=\"chapelet en bois medaille carlo acutis\" width=\"500\" height=\"500\" \/>\r\n\t\t\t<div class=\"sp-thumbnail\"><a class=\"\" href=\"https:\/\/www.holyart.fr\/articles-religieux\/chapelets-et-etuis-a-chapelet\/chapelets-en-bois\/chapelet-en-bois-medaille-carlo-acutis\">\r\n\t\t\t\t<img decoding=\"async\" src=\"https:\/\/blog.holyart.it\/fr\/wp-content\/uploads\/sites\/14\/2025\/08\/chapelet-en-bois-medaille-carlo-acutis.jpg\" alt=\"chapelet en bois medaille carlo acutis\" \/>\r\n\t\t\t<\/a>\r\n\t\t\t<\/div>\r\n\t\t\t<div class=\"sp-caption\">Chapelet en bois m\u00e9daille Carlo Acutis.\n<br \/><strong><a href=\"https:\/\/www.holyart.fr\/articles-religieux\/chapelets-et-etuis-a-chapelet\/chapelets-en-bois\/chapelet-en-bois-medaille-carlo-acutis\">Acheter sur Holyart<\/a><\/strong><\/div>\r\n\t\t<\/div>\r\n\t<\/div>\r\n<\/div>\n<h2>Pier Giorgio Frassati: le Saint qui descendait des sommets pour servir les autres<\/h2>\n<p>Cent ans avant Carlo, un autre jeune mourait trop t\u00f4t. C\u2019\u00e9tait\u00a0<a href=\"https:\/\/www.holyart.fr\/occasions-speciales\/pier-giorgio-frassati\"><strong>Pier Giorgio Frassati<\/strong><\/a>, turinois, fils de s\u00e9nateurs, \u00e9tudiant en ing\u00e9nierie, passionn\u00e9 de montagne, mais surtout infatigable amoureux des pauvres. Depuis des d\u00e9cennies, apr\u00e8s qu\u2019il a \u00e9t\u00e9 d\u00e9clar\u00e9 bienheureux en 1990, la question ricoche sans cesse dans les salles du Vatican et dans la m\u00e9moire de ceux qui ont fait de ce jeune un mod\u00e8le dans la vie et dans la foi\u00a0: \u00ab\u00a0<em>Quand Pier Giorgio Frassati deviendra-t-il saint\u00a0?<\/em>\u00a0\u00bb.<br \/>\nNous avons maintenant une r\u00e9ponse \u00e9crite avec des lettres solennelles\u00a0: le 7 septembre 2025, en m\u00eame temps que Carlo.<\/p>\n<p>Pier Giorgio Frassati deviendra saint car il a fait de la charit\u00e9 son sport extr\u00eame. Il descendait des sommets pour apporter m\u00e9dicaments, v\u00eatements, r\u00e9confort. Il entrait des dans taudis, des ruelles, des salles d\u2019h\u00f4pital. Sans \u00e9clat. Sans rh\u00e9torique. Il \u00e9tait un jeune joyeux, plein de vie, ami des derniers. Inscrit \u00e0 l\u2019Action Catholique, \u00e0 la Congr\u00e9gation de Saint-Vincent, au Tiers-ordre Dominicain. <strong>Il priait, marchait, riait<\/strong>. Il \u00e9crivait des lettres passionn\u00e9es, s\u2019\u00e9mouvait devant une ic\u00f4ne, prenait des positions fortes contre le fascisme et l\u2019injustice.<br \/>\nIl mourut en 1925, \u00e0 24 ans seulement, pour une poliomy\u00e9lite fulgurante contract\u00e9e pendant une de ses visites aux malades.<br \/>\nCe fut Jean-Paul II \u00e0 le b\u00e9atifier en 1990, en l\u2019appelant \u00ab\u00a0l\u2019homme des huit b\u00e9atitudes\u00a0\u00bb. Et il sera enfin proclam\u00e9 saint par une \u00c9glise qui a besoin de proph\u00e8tes du quotidien, de r\u00e9volutionnaires de la gentillesse. Quand il sera canonis\u00e9, Pier Giorgio Frassati ne sera plus une question. Il sera un jour de f\u00eate.<\/p>\n<div class=\"sp-styles-warning\" style=\"width: 450px; background-color: #FFF; color: #F00; border: 1px solid #F00; padding: 10px; font-size: 14px;\">\n\t\t\t<span style=\"font-weight: bold;\">Warning: The stylesheets were not loaded!<\/span> \n\t\t\tYou will need to change the <i>Load stylesheets<\/i> setting from <i>Automatically<\/i> to <i>On homepage<\/i> or <i>On all pages<\/i>. \n\t\t\tYou can set that <a style=\"text-decoration: underline; color: #F00;\" href=\"https:\/\/blog.holyart.it\/fr\/wp-admin\/admin.php?page=sliderpro-settings\">here<\/a>.\n\t\t\t<\/div>\r\n<div id=\"slider-pro-180\" class=\"slider-pro sp-no-js\" style=\"width: 500px; height: 500px;\">\r\n\t<div class=\"sp-slides\">\r\n\t\t\r\n\t\t<div class=\"sp-slide\">\r\n\t\t\t<img loading=\"lazy\" decoding=\"async\" class=\"sp-image\" src=\"https:\/\/blog.holyart.it\/fr\/wp-content\/uploads\/sites\/14\/2025\/08\/t-shirt-bleu-en-coton-bio-impression-noire-vers-le-haut-pier-giorgio-frassati.jpg\" alt=\"t shirt bleu en coton bio impression noire vers le haut pier giorgio frassati\" width=\"500\" height=\"500\" \/>\r\n\t\t\t<div class=\"sp-thumbnail\"><a class=\"\" href=\"https:\/\/www.holyart.fr\/occasions-speciales\/pier-giorgio-frassati\/t-shirt-bleu-en-coton-bio-impression-noire-vers-le-haut-pier-giorgio-frassati\">\r\n\t\t\t\t<img decoding=\"async\" src=\"https:\/\/blog.holyart.it\/fr\/wp-content\/uploads\/sites\/14\/2025\/08\/t-shirt-bleu-en-coton-bio-impression-noire-vers-le-haut-pier-giorgio-frassati-1.jpg\" alt=\"t shirt bleu en coton bio impression noire vers le haut pier giorgio frassati\" \/>\r\n\t\t\t<\/a>\r\n\t\t\t<\/div>\r\n\t\t\t<div class=\"sp-caption\">T-shirt bleu en coton bio impression noire \u00ab Vers le haut \u00bb Pier Giorgio Frassati.\n<br \/><strong><a href=\"https:\/\/www.holyart.fr\/occasions-speciales\/pier-giorgio-frassati\/t-shirt-bleu-en-coton-bio-impression-noire-vers-le-haut-pier-giorgio-frassati\">Acheter sur Holyart<\/a><\/strong><\/div>\r\n\t\t<\/div>\r\n\t\t<div class=\"sp-slide\">\r\n\t\t\t<img loading=\"lazy\" decoding=\"async\" class=\"sp-image\" src=\"https:\/\/blog.holyart.it\/fr\/wp-content\/uploads\/sites\/14\/2025\/08\/statue-pier-giorgio-frassati-resine-20-cm-peinte-a-la-main.jpg\" alt=\"statue pier giorgio frassati resine 20 cm peinte a la main\" width=\"500\" height=\"500\" \/>\r\n\t\t\t<div class=\"sp-thumbnail\"><a class=\"\" href=\"https:\/\/www.holyart.fr\/articles-religieux\/statues\/statues-en-resine-et-pvc\/statue-pier-giorgio-frassati-resine-20-cm-peinte-a-la-main\">\r\n\t\t\t\t<img decoding=\"async\" src=\"https:\/\/blog.holyart.it\/fr\/wp-content\/uploads\/sites\/14\/2025\/08\/statue-pier-giorgio-frassati-resine-20-cm-peinte-a-la-main-1.jpg\" alt=\"statue pier giorgio frassati resine 20 cm peinte a la main\" \/>\r\n\t\t\t<\/a>\r\n\t\t\t<\/div>\r\n\t\t\t<div class=\"sp-caption\">Statue Pier Giorgio Frassati r\u00e9sine 20 cm peinte \u00e0 la main.\n<br \/><strong><a href=\"https:\/\/www.holyart.fr\/articles-religieux\/statues\/statues-en-resine-et-pvc\/statue-pier-giorgio-frassati-resine-20-cm-peinte-a-la-main\">Acheter sur Holyart<\/a><\/strong><\/div>\r\n\t\t<\/div>\r\n\t\t<div class=\"sp-slide\">\r\n\t\t\t<img loading=\"lazy\" decoding=\"async\" class=\"sp-image\" src=\"https:\/\/blog.holyart.it\/fr\/wp-content\/uploads\/sites\/14\/2025\/08\/t-shirt-anthracite-en-coton-bio-avec-impression-jaune-vivre-ne-pas-vivoter-pier-giorgio-frassati.jpg\" alt=\"t shirt anthracite en coton bio avec impression jaune vivre ne pas vivoter pier giorgio frassati\" width=\"500\" height=\"500\" \/>\r\n\t\t\t<div class=\"sp-thumbnail\"><a class=\"\" href=\"https:\/\/www.holyart.fr\/occasions-speciales\/pier-giorgio-frassati\/t-shirt-anthracite-en-coton-bio-avec-impression-jaune-vivre-ne-pas-vivoter-pier-giorgio-frassati\">\r\n\t\t\t\t<img decoding=\"async\" src=\"https:\/\/blog.holyart.it\/fr\/wp-content\/uploads\/sites\/14\/2025\/08\/t-shirt-anthracite-en-coton-bio-avec-impression-jaune-vivre-ne-pas-vivoter-pier-giorgio-frassati-1.jpg\" alt=\"t shirt anthracite en coton bio avec impression jaune vivre ne pas vivoter pier giorgio frassati\" \/>\r\n\t\t\t<\/a>\r\n\t\t\t<\/div>\r\n\t\t\t<div class=\"sp-caption\">T-shirt anthracite en coton bio avec impression jaune \u00ab Vivre, ne pas vivoter \u00bb Pier Giorgio Frassati.\n<br \/><strong><a href=\"https:\/\/www.holyart.fr\/occasions-speciales\/pier-giorgio-frassati\/t-shirt-anthracite-en-coton-bio-avec-impression-jaune-vivre-ne-pas-vivoter-pier-giorgio-frassati\">Acheter sur Holyart<\/a><\/strong><\/div>\r\n\t\t<\/div>\r\n\t\t<div class=\"sp-slide\">\r\n\t\t\t<img loading=\"lazy\" decoding=\"async\" class=\"sp-image\" src=\"https:\/\/blog.holyart.it\/fr\/wp-content\/uploads\/sites\/14\/2025\/08\/t-shirt-enfant-blanc-en-coton-bio-avec-impression-noire-vers-le-haut-pier-giorgio-frassati.jpg\" alt=\"t shirt enfant blanc en coton bio avec impression noire vers le haut pier giorgio frassati\" width=\"500\" height=\"500\" \/>\r\n\t\t\t<div class=\"sp-thumbnail\"><a class=\"\" href=\"https:\/\/www.holyart.fr\/occasions-speciales\/pier-giorgio-frassati\/t-shirt-enfant-blanc-en-coton-bio-avec-impression-noire-vers-le-haut-pier-giorgio-frassati\">\r\n\t\t\t\t<img decoding=\"async\" src=\"https:\/\/blog.holyart.it\/fr\/wp-content\/uploads\/sites\/14\/2025\/08\/t-shirt-enfant-blanc-en-coton-bio-avec-impression-noire-vers-le-haut-pier-giorgio-frassati-1.jpg\" alt=\"t shirt enfant blanc en-coton bio avec impression noire vers le haut pier giorgio frassati\" \/>\r\n\t\t\t<\/a>\r\n\t\t\t<\/div>\r\n\t\t\t<div class=\"sp-caption\">T-shirt enfant blanc en coton bio avec impression noire \u00ab Vers le haut \u00bb Pier Giorgio Frassati.\n<br \/><strong><a href=\"https:\/\/www.holyart.fr\/occasions-speciales\/pier-giorgio-frassati\/t-shirt-enfant-blanc-en-coton-bio-avec-impression-noire-vers-le-haut-pier-giorgio-frassati\">Acheter sur Holyart<\/a><\/strong><\/div>\r\n\t\t<\/div>\r\n\t<\/div>\r\n<\/div>\n","protected":false},"excerpt":{"rendered":"<p>Pape L\u00e9on XIV a choisi ses premiers Saints: Carlo Acutis et Pier Giorgio Frassati, deux vies lumineuses pour le c\u0153ur inquiet du Troisi\u00e8me Mill\u00e9naire Dans le silence vibrant de la Basilique Saint-Pierre, entre les nefs r\u00e9sonnant de chants et d\u2019attente, les noms de deux jeunes&hellip;<\/p>\n","protected":false},"author":1,"featured_media":10922,"comment_status":"closed","ping_status":"open","sticky":false,"template":"","format":"standard","meta":{"_acf_changed":false,"footnotes":""},"categories":[7],"tags":[],"class_list":["post-10920","post","type-post","status-publish","format-standard","has-post-thumbnail","hentry","category-saints-et-bienheureux"],"acf":[],"yoast_head":"<!-- This site is optimized with the Yoast SEO plugin v26.6 - https:\/\/yoast.com\/wordpress\/plugins\/seo\/ -->\n<title>Acutis et Frassati: les premi\u00e8res canonisations de Pape L\u00e9on XIV - Holyart.fr Blog<\/title>\n<meta name=\"description\" content=\"Le 7 septembre 2025, Carlo Acutis et Pier Giorgio Frassati seront canonis\u00e9s par Pape L\u00e9on XIV : deux jeunes pour inspirer la foi au c\u0153ur\" \/>\n<meta name=\"robots\" content=\"index, follow, max-snippet:-1, max-image-preview:large, max-video-preview:-1\" \/>\n<link rel=\"canonical\" href=\"https:\/\/blog.holyart.it\/fr\/saints-et-bienheureux\/acutis-et-frassati-les-premieres-canonisations-de-pape-leon-xiv\/\" \/>\n<meta property=\"og:locale\" content=\"fr_FR\" \/>\n<meta property=\"og:type\" content=\"article\" \/>\n<meta property=\"og:title\" content=\"Acutis et Frassati: les premi\u00e8res canonisations de Pape L\u00e9on XIV - Holyart.fr Blog\" \/>\n<meta property=\"og:description\" content=\"Le 7 septembre 2025, Carlo Acutis et Pier Giorgio Frassati seront canonis\u00e9s par Pape L\u00e9on XIV : deux jeunes pour inspirer la foi au c\u0153ur\" \/>\n<meta property=\"og:url\" content=\"https:\/\/blog.holyart.it\/fr\/saints-et-bienheureux\/acutis-et-frassati-les-premieres-canonisations-de-pape-leon-xiv\/\" \/>\n<meta property=\"og:site_name\" content=\"Holyart.fr Blog\" \/>\n<meta property=\"article:published_time\" content=\"2025-08-27T08:00:29+00:00\" \/>\n<meta property=\"og:image\" content=\"https:\/\/blog.holyart.it\/fr\/wp-content\/uploads\/sites\/14\/2025\/08\/canonisations-Pape-Leon-xiv-acutis-frassati.jpg\" \/>\n\t<meta property=\"og:image:width\" content=\"1000\" \/>\n\t<meta property=\"og:image:height\" content=\"666\" \/>\n\t<meta property=\"og:image:type\" content=\"image\/jpeg\" \/>\n<meta name=\"author\" content=\"Redazione\" \/>\n<meta name=\"twitter:card\" content=\"summary_large_image\" \/>\n<meta name=\"twitter:label1\" content=\"\u00c9crit par\" \/>\n\t<meta name=\"twitter:data1\" content=\"Redazione\" \/>\n\t<meta name=\"twitter:label2\" content=\"Dur\u00e9e de lecture estim\u00e9e\" \/>\n\t<meta name=\"twitter:data2\" content=\"10 minutes\" \/>\n<script type=\"application\/ld+json\" class=\"yoast-schema-graph\">{\"@context\":\"https:\/\/schema.org\",\"@graph\":[{\"@type\":\"Article\",\"@id\":\"https:\/\/blog.holyart.it\/fr\/saints-et-bienheureux\/acutis-et-frassati-les-premieres-canonisations-de-pape-leon-xiv\/#article\",\"isPartOf\":{\"@id\":\"https:\/\/blog.holyart.it\/fr\/saints-et-bienheureux\/acutis-et-frassati-les-premieres-canonisations-de-pape-leon-xiv\/\"},\"author\":{\"name\":\"Redazione\",\"@id\":\"https:\/\/blog.holyart.it\/fr\/#\/schema\/person\/0a7b686e5af0f856ec1e390dd0baecda\"},\"headline\":\"Acutis et Frassati: les premi\u00e8res canonisations de Pape L\u00e9on XIV\",\"datePublished\":\"2025-08-27T08:00:29+00:00\",\"mainEntityOfPage\":{\"@id\":\"https:\/\/blog.holyart.it\/fr\/saints-et-bienheureux\/acutis-et-frassati-les-premieres-canonisations-de-pape-leon-xiv\/\"},\"wordCount\":1792,\"publisher\":{\"@id\":\"https:\/\/blog.holyart.it\/fr\/#organization\"},\"image\":{\"@id\":\"https:\/\/blog.holyart.it\/fr\/saints-et-bienheureux\/acutis-et-frassati-les-premieres-canonisations-de-pape-leon-xiv\/#primaryimage\"},\"thumbnailUrl\":\"https:\/\/blog.holyart.it\/fr\/wp-content\/uploads\/sites\/14\/2025\/08\/canonisations-Pape-Leon-xiv-acutis-frassati.jpg\",\"articleSection\":[\"Saints et Bienheureux\"],\"inLanguage\":\"fr-FR\"},{\"@type\":\"WebPage\",\"@id\":\"https:\/\/blog.holyart.it\/fr\/saints-et-bienheureux\/acutis-et-frassati-les-premieres-canonisations-de-pape-leon-xiv\/\",\"url\":\"https:\/\/blog.holyart.it\/fr\/saints-et-bienheureux\/acutis-et-frassati-les-premieres-canonisations-de-pape-leon-xiv\/\",\"name\":\"Acutis et Frassati: les premi\u00e8res canonisations de Pape L\u00e9on XIV - Holyart.fr Blog\",\"isPartOf\":{\"@id\":\"https:\/\/blog.holyart.it\/fr\/#website\"},\"primaryImageOfPage\":{\"@id\":\"https:\/\/blog.holyart.it\/fr\/saints-et-bienheureux\/acutis-et-frassati-les-premieres-canonisations-de-pape-leon-xiv\/#primaryimage\"},\"image\":{\"@id\":\"https:\/\/blog.holyart.it\/fr\/saints-et-bienheureux\/acutis-et-frassati-les-premieres-canonisations-de-pape-leon-xiv\/#primaryimage\"},\"thumbnailUrl\":\"https:\/\/blog.holyart.it\/fr\/wp-content\/uploads\/sites\/14\/2025\/08\/canonisations-Pape-Leon-xiv-acutis-frassati.jpg\",\"datePublished\":\"2025-08-27T08:00:29+00:00\",\"description\":\"Le 7 septembre 2025, Carlo Acutis et Pier Giorgio Frassati seront canonis\u00e9s par Pape L\u00e9on XIV : deux jeunes pour inspirer la foi au c\u0153ur\",\"breadcrumb\":{\"@id\":\"https:\/\/blog.holyart.it\/fr\/saints-et-bienheureux\/acutis-et-frassati-les-premieres-canonisations-de-pape-leon-xiv\/#breadcrumb\"},\"inLanguage\":\"fr-FR\",\"potentialAction\":[{\"@type\":\"ReadAction\",\"target\":[\"https:\/\/blog.holyart.it\/fr\/saints-et-bienheureux\/acutis-et-frassati-les-premieres-canonisations-de-pape-leon-xiv\/\"]}]},{\"@type\":\"ImageObject\",\"inLanguage\":\"fr-FR\",\"@id\":\"https:\/\/blog.holyart.it\/fr\/saints-et-bienheureux\/acutis-et-frassati-les-premieres-canonisations-de-pape-leon-xiv\/#primaryimage\",\"url\":\"https:\/\/blog.holyart.it\/fr\/wp-content\/uploads\/sites\/14\/2025\/08\/canonisations-Pape-Leon-xiv-acutis-frassati.jpg\",\"contentUrl\":\"https:\/\/blog.holyart.it\/fr\/wp-content\/uploads\/sites\/14\/2025\/08\/canonisations-Pape-Leon-xiv-acutis-frassati.jpg\",\"width\":1000,\"height\":666,\"caption\":\"canonisations de Pape L\u00e9on xiv acutis frassati\"},{\"@type\":\"BreadcrumbList\",\"@id\":\"https:\/\/blog.holyart.it\/fr\/saints-et-bienheureux\/acutis-et-frassati-les-premieres-canonisations-de-pape-leon-xiv\/#breadcrumb\",\"itemListElement\":[{\"@type\":\"ListItem\",\"position\":1,\"name\":\"Homepage\",\"item\":\"https:\/\/blog.holyart.it\/fr\/\"},{\"@type\":\"ListItem\",\"position\":2,\"name\":\"Saints et Bienheureux\",\"item\":\"https:\/\/blog.holyart.it\/fr\/saints-et-bienheureux\/\"},{\"@type\":\"ListItem\",\"position\":3,\"name\":\"Acutis et Frassati: les premi\u00e8res canonisations de Pape L\u00e9on XIV\"}]},{\"@type\":\"WebSite\",\"@id\":\"https:\/\/blog.holyart.it\/fr\/#website\",\"url\":\"https:\/\/blog.holyart.it\/fr\/\",\"name\":\"Holyart.fr Blog\",\"description\":\"Holyblog\",\"publisher\":{\"@id\":\"https:\/\/blog.holyart.it\/fr\/#organization\"},\"potentialAction\":[{\"@type\":\"SearchAction\",\"target\":{\"@type\":\"EntryPoint\",\"urlTemplate\":\"https:\/\/blog.holyart.it\/fr\/?s={search_term_string}\"},\"query-input\":{\"@type\":\"PropertyValueSpecification\",\"valueRequired\":true,\"valueName\":\"search_term_string\"}}],\"inLanguage\":\"fr-FR\"},{\"@type\":\"Organization\",\"@id\":\"https:\/\/blog.holyart.it\/fr\/#organization\",\"name\":\"Holyart.fr Blog\",\"url\":\"https:\/\/blog.holyart.it\/fr\/\",\"logo\":{\"@type\":\"ImageObject\",\"inLanguage\":\"fr-FR\",\"@id\":\"https:\/\/blog.holyart.it\/fr\/#\/schema\/logo\/image\/\",\"url\":\"https:\/\/blog.holyart.it\/fr\/wp-content\/uploads\/sites\/14\/2022\/12\/Holyart_Blog_Logo.jpg\",\"contentUrl\":\"https:\/\/blog.holyart.it\/fr\/wp-content\/uploads\/sites\/14\/2022\/12\/Holyart_Blog_Logo.jpg\",\"width\":300,\"height\":50,\"caption\":\"Holyart.fr Blog\"},\"image\":{\"@id\":\"https:\/\/blog.holyart.it\/fr\/#\/schema\/logo\/image\/\"}},{\"@type\":\"Person\",\"@id\":\"https:\/\/blog.holyart.it\/fr\/#\/schema\/person\/0a7b686e5af0f856ec1e390dd0baecda\",\"name\":\"Redazione\",\"image\":{\"@type\":\"ImageObject\",\"inLanguage\":\"fr-FR\",\"@id\":\"https:\/\/blog.holyart.it\/fr\/#\/schema\/person\/image\/\",\"url\":\"https:\/\/secure.gravatar.com\/avatar\/f477da817f43e50d0af36abecd33e3edf826c68299714bdc1057dff3b113f516?s=96&d=mm&r=g\",\"contentUrl\":\"https:\/\/secure.gravatar.com\/avatar\/f477da817f43e50d0af36abecd33e3edf826c68299714bdc1057dff3b113f516?s=96&d=mm&r=g\",\"caption\":\"Redazione\"},\"url\":\"https:\/\/blog.holyart.it\/fr\/author\/admin\/\"}]}<\/script>\n<!-- \/ Yoast SEO plugin. -->","yoast_head_json":{"title":"Acutis et Frassati: les premi\u00e8res canonisations de Pape L\u00e9on XIV - Holyart.fr Blog","description":"Le 7 septembre 2025, Carlo Acutis et Pier Giorgio Frassati seront canonis\u00e9s par Pape L\u00e9on XIV : deux jeunes pour inspirer la foi au c\u0153ur","robots":{"index":"index","follow":"follow","max-snippet":"max-snippet:-1","max-image-preview":"max-image-preview:large","max-video-preview":"max-video-preview:-1"},"canonical":"https:\/\/blog.holyart.it\/fr\/saints-et-bienheureux\/acutis-et-frassati-les-premieres-canonisations-de-pape-leon-xiv\/","og_locale":"fr_FR","og_type":"article","og_title":"Acutis et Frassati: les premi\u00e8res canonisations de Pape L\u00e9on XIV - Holyart.fr Blog","og_description":"Le 7 septembre 2025, Carlo Acutis et Pier Giorgio Frassati seront canonis\u00e9s par Pape L\u00e9on XIV : deux jeunes pour inspirer la foi au c\u0153ur","og_url":"https:\/\/blog.holyart.it\/fr\/saints-et-bienheureux\/acutis-et-frassati-les-premieres-canonisations-de-pape-leon-xiv\/","og_site_name":"Holyart.fr Blog","article_published_time":"2025-08-27T08:00:29+00:00","og_image":[{"width":1000,"height":666,"url":"https:\/\/blog.holyart.it\/fr\/wp-content\/uploads\/sites\/14\/2025\/08\/canonisations-Pape-Leon-xiv-acutis-frassati.jpg","type":"image\/jpeg"}],"author":"Redazione","twitter_card":"summary_large_image","twitter_misc":{"\u00c9crit par":"Redazione","Dur\u00e9e de lecture estim\u00e9e":"10 minutes"},"schema":{"@context":"https:\/\/schema.org","@graph":[{"@type":"Article","@id":"https:\/\/blog.holyart.it\/fr\/saints-et-bienheureux\/acutis-et-frassati-les-premieres-canonisations-de-pape-leon-xiv\/#article","isPartOf":{"@id":"https:\/\/blog.holyart.it\/fr\/saints-et-bienheureux\/acutis-et-frassati-les-premieres-canonisations-de-pape-leon-xiv\/"},"author":{"name":"Redazione","@id":"https:\/\/blog.holyart.it\/fr\/#\/schema\/person\/0a7b686e5af0f856ec1e390dd0baecda"},"headline":"Acutis et Frassati: les premi\u00e8res canonisations de Pape L\u00e9on XIV","datePublished":"2025-08-27T08:00:29+00:00","mainEntityOfPage":{"@id":"https:\/\/blog.holyart.it\/fr\/saints-et-bienheureux\/acutis-et-frassati-les-premieres-canonisations-de-pape-leon-xiv\/"},"wordCount":1792,"publisher":{"@id":"https:\/\/blog.holyart.it\/fr\/#organization"},"image":{"@id":"https:\/\/blog.holyart.it\/fr\/saints-et-bienheureux\/acutis-et-frassati-les-premieres-canonisations-de-pape-leon-xiv\/#primaryimage"},"thumbnailUrl":"https:\/\/blog.holyart.it\/fr\/wp-content\/uploads\/sites\/14\/2025\/08\/canonisations-Pape-Leon-xiv-acutis-frassati.jpg","articleSection":["Saints et Bienheureux"],"inLanguage":"fr-FR"},{"@type":"WebPage","@id":"https:\/\/blog.holyart.it\/fr\/saints-et-bienheureux\/acutis-et-frassati-les-premieres-canonisations-de-pape-leon-xiv\/","url":"https:\/\/blog.holyart.it\/fr\/saints-et-bienheureux\/acutis-et-frassati-les-premieres-canonisations-de-pape-leon-xiv\/","name":"Acutis et Frassati: les premi\u00e8res canonisations de Pape L\u00e9on XIV - Holyart.fr Blog","isPartOf":{"@id":"https:\/\/blog.holyart.it\/fr\/#website"},"primaryImageOfPage":{"@id":"https:\/\/blog.holyart.it\/fr\/saints-et-bienheureux\/acutis-et-frassati-les-premieres-canonisations-de-pape-leon-xiv\/#primaryimage"},"image":{"@id":"https:\/\/blog.holyart.it\/fr\/saints-et-bienheureux\/acutis-et-frassati-les-premieres-canonisations-de-pape-leon-xiv\/#primaryimage"},"thumbnailUrl":"https:\/\/blog.holyart.it\/fr\/wp-content\/uploads\/sites\/14\/2025\/08\/canonisations-Pape-Leon-xiv-acutis-frassati.jpg","datePublished":"2025-08-27T08:00:29+00:00","description":"Le 7 septembre 2025, Carlo Acutis et Pier Giorgio Frassati seront canonis\u00e9s par Pape L\u00e9on XIV : deux jeunes pour inspirer la foi au c\u0153ur","breadcrumb":{"@id":"https:\/\/blog.holyart.it\/fr\/saints-et-bienheureux\/acutis-et-frassati-les-premieres-canonisations-de-pape-leon-xiv\/#breadcrumb"},"inLanguage":"fr-FR","potentialAction":[{"@type":"ReadAction","target":["https:\/\/blog.holyart.it\/fr\/saints-et-bienheureux\/acutis-et-frassati-les-premieres-canonisations-de-pape-leon-xiv\/"]}]},{"@type":"ImageObject","inLanguage":"fr-FR","@id":"https:\/\/blog.holyart.it\/fr\/saints-et-bienheureux\/acutis-et-frassati-les-premieres-canonisations-de-pape-leon-xiv\/#primaryimage","url":"https:\/\/blog.holyart.it\/fr\/wp-content\/uploads\/sites\/14\/2025\/08\/canonisations-Pape-Leon-xiv-acutis-frassati.jpg","contentUrl":"https:\/\/blog.holyart.it\/fr\/wp-content\/uploads\/sites\/14\/2025\/08\/canonisations-Pape-Leon-xiv-acutis-frassati.jpg","width":1000,"height":666,"caption":"canonisations de Pape L\u00e9on xiv acutis frassati"},{"@type":"BreadcrumbList","@id":"https:\/\/blog.holyart.it\/fr\/saints-et-bienheureux\/acutis-et-frassati-les-premieres-canonisations-de-pape-leon-xiv\/#breadcrumb","itemListElement":[{"@type":"ListItem","position":1,"name":"Homepage","item":"https:\/\/blog.holyart.it\/fr\/"},{"@type":"ListItem","position":2,"name":"Saints et Bienheureux","item":"https:\/\/blog.holyart.it\/fr\/saints-et-bienheureux\/"},{"@type":"ListItem","position":3,"name":"Acutis et Frassati: les premi\u00e8res canonisations de Pape L\u00e9on XIV"}]},{"@type":"WebSite","@id":"https:\/\/blog.holyart.it\/fr\/#website","url":"https:\/\/blog.holyart.it\/fr\/","name":"Holyart.fr Blog","description":"Holyblog","publisher":{"@id":"https:\/\/blog.holyart.it\/fr\/#organization"},"potentialAction":[{"@type":"SearchAction","target":{"@type":"EntryPoint","urlTemplate":"https:\/\/blog.holyart.it\/fr\/?s={search_term_string}"},"query-input":{"@type":"PropertyValueSpecification","valueRequired":true,"valueName":"search_term_string"}}],"inLanguage":"fr-FR"},{"@type":"Organization","@id":"https:\/\/blog.holyart.it\/fr\/#organization","name":"Holyart.fr Blog","url":"https:\/\/blog.holyart.it\/fr\/","logo":{"@type":"ImageObject","inLanguage":"fr-FR","@id":"https:\/\/blog.holyart.it\/fr\/#\/schema\/logo\/image\/","url":"https:\/\/blog.holyart.it\/fr\/wp-content\/uploads\/sites\/14\/2022\/12\/Holyart_Blog_Logo.jpg","contentUrl":"https:\/\/blog.holyart.it\/fr\/wp-content\/uploads\/sites\/14\/2022\/12\/Holyart_Blog_Logo.jpg","width":300,"height":50,"caption":"Holyart.fr Blog"},"image":{"@id":"https:\/\/blog.holyart.it\/fr\/#\/schema\/logo\/image\/"}},{"@type":"Person","@id":"https:\/\/blog.holyart.it\/fr\/#\/schema\/person\/0a7b686e5af0f856ec1e390dd0baecda","name":"Redazione","image":{"@type":"ImageObject","inLanguage":"fr-FR","@id":"https:\/\/blog.holyart.it\/fr\/#\/schema\/person\/image\/","url":"https:\/\/secure.gravatar.com\/avatar\/f477da817f43e50d0af36abecd33e3edf826c68299714bdc1057dff3b113f516?s=96&d=mm&r=g","contentUrl":"https:\/\/secure.gravatar.com\/avatar\/f477da817f43e50d0af36abecd33e3edf826c68299714bdc1057dff3b113f516?s=96&d=mm&r=g","caption":"Redazione"},"url":"https:\/\/blog.holyart.it\/fr\/author\/admin\/"}]}},"_links":{"self":[{"href":"https:\/\/blog.holyart.it\/fr\/wp-json\/wp\/v2\/posts\/10920","targetHints":{"allow":["GET"]}}],"collection":[{"href":"https:\/\/blog.holyart.it\/fr\/wp-json\/wp\/v2\/posts"}],"about":[{"href":"https:\/\/blog.holyart.it\/fr\/wp-json\/wp\/v2\/types\/post"}],"author":[{"embeddable":true,"href":"https:\/\/blog.holyart.it\/fr\/wp-json\/wp\/v2\/users\/1"}],"replies":[{"embeddable":true,"href":"https:\/\/blog.holyart.it\/fr\/wp-json\/wp\/v2\/comments?post=10920"}],"version-history":[{"count":21,"href":"https:\/\/blog.holyart.it\/fr\/wp-json\/wp\/v2\/posts\/10920\/revisions"}],"predecessor-version":[{"id":10962,"href":"https:\/\/blog.holyart.it\/fr\/wp-json\/wp\/v2\/posts\/10920\/revisions\/10962"}],"wp:featuredmedia":[{"embeddable":true,"href":"https:\/\/blog.holyart.it\/fr\/wp-json\/wp\/v2\/media\/10922"}],"wp:attachment":[{"href":"https:\/\/blog.holyart.it\/fr\/wp-json\/wp\/v2\/media?parent=10920"}],"wp:term":[{"taxonomy":"category","embeddable":true,"href":"https:\/\/blog.holyart.it\/fr\/wp-json\/wp\/v2\/categories?post=10920"},{"taxonomy":"post_tag","embeddable":true,"href":"https:\/\/blog.holyart.it\/fr\/wp-json\/wp\/v2\/tags?post=10920"}],"curies":[{"name":"wp","href":"https:\/\/api.w.org\/{rel}","templated":true}]}}