{"id":10876,"date":"2025-08-25T10:00:45","date_gmt":"2025-08-25T08:00:45","guid":{"rendered":"https:\/\/blog.holyart.it\/fr\/?p=10876"},"modified":"2025-12-12T11:56:17","modified_gmt":"2025-12-12T10:56:17","slug":"de-don-bosco-a-pier-giorgio-frassati-qui-sont-les-saints-sociaux","status":"publish","type":"post","link":"https:\/\/blog.holyart.it\/fr\/saints-et-bienheureux\/de-don-bosco-a-pier-giorgio-frassati-qui-sont-les-saints-sociaux\/","title":{"rendered":"De Don Bosco \u00e0 Pier Giorgio Frassati : qui sont les saints sociaux"},"content":{"rendered":"<h4>De Don Bosco \u00e0 Pier Giorgio Frassati: qui sont les saints sociaux qui ont chang\u00e9 le monde.<\/h4>\n\n<p>Au c\u0153ur du Pi\u00e9mont, dans la Turin du XIXe si\u00e8cle en \u00e9quilibre entre le grondement des premi\u00e8res industries et les sanglots \u00e9touff\u00e9s des pauvres, un nouveau mod\u00e8le de saintet\u00e9 a vu le jour. Elle n\u2019\u00e9tait pas faite d\u2019extase ou de miracles \u00e9clatants, mais de mains noires de suie, de pas consomm\u00e9s dans les ruelles, de regards qui cherchaient Christ dans le visage des oubli\u00e9s. C\u2019\u00e9tait les <strong>saints sociaux<\/strong>, des \u00e2mes ardentes qui avaient choisi de vivre l\u2019\u00c9vangile parmi les plaies du monde. Hommes et femmes qui ont fait de la ville des Savoie un laboratoire vivant de <strong>charit\u00e9 et de justice<\/strong>, en transformant la compassion en pratique quotidienne. Des figures inoubliables comme <a href=\"https:\/\/www.holyart.fr\/blog\/articles-religieux\/lhistoire-de-don-bosco\/\"><strong>Don Bosco<\/strong><\/a>, Cottolengo, Juliette de Barolo et <a href=\"https:\/\/holyart.fr\/blog\/saints-et-bienheureux\/de-la-montagne-au-ciel-la-vie-et-le-message-de-pier-giorgio-frassati\/\"><strong>\u00a0Pier Giorgio Frassati<\/strong><\/a>, capables de r\u00e9pondre \u00e0 la mis\u00e8re avec t\u00e9nacit\u00e9, \u00e0 l\u2019injustice avec des \u0153uvres concr\u00e8tes, \u00e0 la d\u00e9sesp\u00e9ration avec l\u2019audace de l\u2019esp\u00e9rance.<\/p>\n<div class=\"link-article\">\n<p><img loading=\"lazy\" decoding=\"async\" class=\"size-full wp-image-10879 alignleft\" src=\"https:\/\/blog.holyart.it\/fr\/wp-content\/uploads\/sites\/14\/2025\/08\/Histoire-don-bosco.jpg\" alt=\"Don Bosco\" width=\"150\" height=\"99\" data-kale-share-title=\"Da Don Bosco a Pier Giorgio Frassati: chi sono i santi sociali\" data-kale-share-url=\"https:\/\/blog.holyart.it\/fr\/?p=10876\" \/><\/p>\n<div class=\"leggi-anche\">Lire aussi :<\/div>\n<p><strong><a href=\"https:\/\/www.holyart.fr\/blog\/articles-religieux\/lhistoire-de-don-bosco\/\">L\u2019histoire de Don Bosco<\/a><\/strong><br \/>\nParmi tous les saints et les bienheureux v\u00e9n\u00e9r\u00e9s par l\u2019\u00e9glise catholique,Saint Jean Bosco&#8230;<\/p>\n<\/div>\n<p>Encore aujourd\u2019hui, les <em>saints sociaux du XIXe<\/em> et du XXe si\u00e8cle turinois nous parlent, dans un monde qui a chang\u00e9 de pauvres, mais pas de pauvret\u00e9, qui a adapt\u00e9 ses formes d\u2019injustice, mais pas ses racines, leur voix est plus que jamais urgente. Ils n\u2019\u00e9taient pas des h\u00e9ros de l\u00e9gende\u00a0: ils \u00e9taient des hommes et des femmes qui avaient choisi de dire oui \u00e0 la vie, m\u00eame quand elle \u00e9tait sale, bless\u00e9e, inconfortable. Ils ne n\u2019ont pas chang\u00e9 le monde avec un slogan ou avec le pouvoir, mais avec l\u2019humble force de qui aime sans mesure.<\/p>\n<p>Et aujourd\u2019hui, qui sont les saints sociaux\u00a0? Ce sont ceux qui ne fuient pas la douleur, mais l\u2019habitent. Ceux qui construisent des ponts, des \u00e9coles, des h\u00f4pitaux, des relations. Ceux qui savent que chaque geste de charit\u00e9 est une proph\u00e9tie, chaque \u00e9treinte une annonce de r\u00e9surrection. Et peut-\u00eatre que nous aussi, \u00e0 notre mesure, nous pourrons devenir, un jour, des saints sociaux. Parce que la saintet\u00e9 n\u2019est pas pour quelques \u00e9lus, mais pour ceux qui ont le courage de se salir les mains d\u2019amour.<\/p>\n<div class=\"link-article\">\n<p><img loading=\"lazy\" decoding=\"async\" class=\"wp-image-10883 size-full alignleft\" src=\"https:\/\/blog.holyart.it\/fr\/wp-content\/uploads\/sites\/14\/2025\/08\/pier-giorgio-frassati-1.jpeg\" alt=\"Pier Giorgio Frassati\" width=\"150\" height=\"100\" data-kale-share-title=\"De Don Bosco \u00e0 Pier Giorgio Frassati : qui sont les saints sociaux\" data-kale-share-url=\"https:\/\/blog.holyart.it\/fr\/?p=10876\" \/><\/p>\n<div class=\"leggi-anche\">Lire aussi :<\/div>\n<p><strong><a href=\"https:\/\/holyart.fr\/blog\/saints-et-bienheureux\/de-la-montagne-au-ciel-la-vie-et-le-message-de-pier-giorgio-frassati\/\">De la montagne au ciel: la vie et le message de Pier Giorgio Frassati<\/a><\/strong><br \/>\nDe la montagne au ciel : la vie et le message de Pier Giorgio Frassati, le gar\u00e7on qui aimait les montagnes et Dieu&#8230;<\/p>\n<\/div>\n<h2>Qui sont les saints sociaux<\/h2>\n<p>Qui sont les saints sociaux\u00a0? Ce sont ceux qui, pouss\u00e9s par la foi chr\u00e9tienne, n\u2019ont pas accept\u00e9 que la pri\u00e8re reste recluse dans les \u00e9glises, pendant que des gens mouraient de faim, de froid ou de solitude juste devant leurs portes. Dans cet article, nous parlons en particulier des Saints sociaux du Pi\u00e9mont et, plus sp\u00e9cifiquement, de Turin, qui, entre le XIXe et le XXe si\u00e8cle, ont su transformer la douleur collective en forge de saintet\u00e9. Ils n\u2019ont pas \u00e9t\u00e9 de simples bienfaiteurs, mais des r\u00e9formateurs de l\u2019\u00e2me collective. Ils n\u2019ont pas simplement cr\u00e9\u00e9 des h\u00f4pitaux et des \u00e9coles, mais aussi de la culture, de la dignit\u00e9, un futur. En aucune autre ville une telle constellation de saints sociaux n\u2019a vu le jour que comme celle \u00e0 Turin au XIXe si\u00e8cle, au point de devenir un cas unique dans l\u2019histoire de l\u2019\u00c9glise.<br \/>\nIls \u00e9taient pr\u00eatres et marquis, ouvriers et \u00e9tudiants. Certains venaient des palais, d\u2019autres des fermes, mais ils regardaient tous le m\u00eame horizon\u00a0: un monde o\u00f9 personne n\u2019\u00e9tait exclu. Les saints pi\u00e9montais ne se sont pas content\u00e9s de donner un morceau de pain\u00a0: ils ont offert occasions, \u00e9coute, rachat. Leur charit\u00e9 \u00e9tait intelligence, z\u00e8le, vision politique. <a href=\"https:\/\/www.holyart.fr\/blog\/articles-religieux\/comment-devient-on-saint-expliquons-le-processus-de-sanctification\/\"><strong>Et leur saintet\u00e9<\/strong><\/a> \u00e9tait profond\u00e9ment enracin\u00e9e.<br \/>\nTurin, de \u00ab\u00a0ville de bouffeurs de cur\u00e9s\u00a0\u00bb, devint ainsi capitale de la saintet\u00e9 sociale. Un paradoxe qui raconte comment, justement l\u00e0 o\u00f9 le cynisme semblait r\u00e9gner, les fleurs les plus pures s\u2019\u00e9panouirent dans la foi active.<\/p>\n<div class=\"link-article\">\n<p><img loading=\"lazy\" decoding=\"async\" class=\"size-full wp-image-10885 alignleft\" src=\"https:\/\/blog.holyart.it\/fr\/wp-content\/uploads\/sites\/14\/2025\/08\/processus-de-sanctification-1.jpg\" alt=\"processus de sanctification\" width=\"150\" height=\"99\" data-kale-share-title=\"De Don Bosco \u00e0 Pier Giorgio Frassati : qui sont les saints sociaux\" data-kale-share-url=\"https:\/\/blog.holyart.it\/fr\/?p=10876\" \/><\/p>\n<div class=\"leggi-anche\">Lire aussi :<\/div>\n<p><strong><a href=\"https:\/\/www.holyart.fr\/blog\/articles-religieux\/comment-devient-on-saint-expliquons-le-processus-de-sanctification\/\">Comment devient-on saint ? Expliquons le processus de Sanctification<\/a><\/strong><br \/>\nLe processus de Sanctification est compos\u00e9 de diff\u00e9rentes phases &#8230;<\/p>\n<\/div>\n<h2>Don Bosco<\/h2>\n<p>Jean Bosco, ou simplement <a href=\"https:\/\/www.holyart.fr\/articles-religieux\/statues\/statues-en-resine-et-pvc\/statue-don-bosco-et-d.-savio-30-cm-resine\"><strong>Don Bosco<\/strong><\/a>, est l\u2019ic\u00f4ne par excellence des saints sociaux de Turin. N\u00e9 en 1815 entre les collines de Castelnuovo, il portait dans ses yeux la douceur du Montferrat et dans le c\u0153ur la trempe des proph\u00e8tes. Quand il arriva \u00e0 Turin, la ville \u00e9tait une jungle industrielle o\u00f9 les jeunes \u00e9taient engloutis par les usines et recrach\u00e9s dans la rue, sans \u00e9ducation ni espoir. Don Bosco alla les chercher un par un, les \u00e9couta et les accueillit. C\u2019est ainsi que l\u2019<strong>oratoire<\/strong> prit forme : un lieu qui n\u2019\u00e9tait pas simplement pri\u00e8re, mais aussi \u00e9cole, jeu, futur. Sa m\u00e9thode \u00e9ducative, fond\u00e9e sur raison, religion et bont\u00e9, fut une r\u00e9volution\u00a0: aucune punition, seulement de la confiance. \u00ab\u00a0<em>Ici la saintet\u00e9 consiste \u00e0 \u00eatre tr\u00e8s heureux<\/em>\u00a0\u00bb, disait-il aux jeunes, en rendant \u00e0 la foi le sourire de l\u2019enfance.<br \/>\nIl ne s\u2019arr\u00eata pas l\u00e0 : il fonda des \u00e9coles professionnelles, des typographies, des laboratoires. Il offrit aux jeunes non seulement le salut spirituel, mais aussi des instruments pour vivre dignement. Et quand il fonda les Sal\u00e9siens, son r\u00eave se r\u00e9pandit dans le monde, en devenant une \u0153uvre universelle.<br \/>\nIl mourut en 1888, et Turin pleura son p\u00e8re des pauvres. Il fut canonis\u00e9 en 1934, mais il l\u2019\u00e9tait d\u00e9j\u00e0 bien avant dans les c\u0153urs de millions de jeunes qui, gr\u00e2ce \u00e0 lui, s\u2019\u00e9taient retrouv\u00e9s eux-m\u00eames.<\/p>\n<div class=\"link-product\">\n<div class=\"blocco-immagine\"><img loading=\"lazy\" decoding=\"async\" class=\"size-full wp-image-10889 alignleft\" src=\"https:\/\/blog.holyart.it\/fr\/wp-content\/uploads\/sites\/14\/2025\/08\/statue-don-bosco-e-d.-savio-30-cm-resina-1.jpg\" alt=\"Statue Don Bosco\" width=\"100\" height=\"100\" data-kale-share-title=\"De Don Bosco \u00e0 Pier Giorgio Frassati : qui sont les saints sociaux\" data-kale-share-url=\"https:\/\/blog.holyart.it\/fr\/?p=10876\" \/><\/div>\n<div class=\"blocco-contenuto\">\n<div class=\"blocco-acquista\">Acheter sur Holyart:<\/div>\n<div class=\"blocco-titolo\"><strong><a href=\"https:\/\/www.holyart.fr\/articles-religieux\/statues\/statues-en-resine-et-pvc\/statue-don-bosco-et-d.-savio-30-cm-resine\">Statue Don Bosco et D. Savio 30 cm r\u00e9sine<\/a><\/strong><\/div>\n<div class=\"blocco-descrizione\">Statue Don Bosco et D. Savio 30 cm r\u00e9sine. Statuette de Don Bosco avec son \u00e9l\u00e8ve, Saint Domenico&#8230;<\/div>\n<\/div>\n<\/div>\n<h2><strong><br \/>\n<\/strong><br \/>\nPier Giorgio Frassati<\/h2>\n<p><a href=\"https:\/\/www.holyart.fr\/articles-religieux\/statues\/statues-en-resine-et-pvc\/statue-pier-giorgio-frassati-resine-20-cm-peinte-a-la-main\"><strong>Pier Giorgio Frassati<\/strong><\/a> est le visage frais, moderne et scandaleusement simple de la saintet\u00e9 sociale du XXe si\u00e8cle. Un jeune grand, souriant, qui grimpait des montagnes et traversait les quartiers pauvres avec le m\u00eame pas l\u00e9ger, guid\u00e9 par une faim de justice qui ne lui donnait pas de r\u00e9pit.<br \/>\nN\u00e9 en 1901 dans une famille ais\u00e9e, il aurait pu se reposer dans les privil\u00e8ges, mais il pr\u00e9f\u00e9ra emprunter une voie bien plus \u00e9troite et escarp\u00e9e\u00a0: celle de la charit\u00e9 radicale. Si nous nous demandons qui sont les saints sociaux de Turin, Pier Giorgio en fut la r\u00e9ponse la plus jeune et la plus surprenante.<br \/>\nSa chambre \u00e9tait un entrep\u00f4t d\u2019habits et de m\u00e9dicaments pour les pauvres. Son temps libre \u00e9tait d\u00e9di\u00e9 aux familles de n\u00e9cessiteux. Son manteau ? Offert. Sa passion pour la politique ? Toujours aux c\u00f4t\u00e9s des derniers. Il \u00e9tudiait l\u2019ing\u00e9nierie, il aimait le sport, il priait \u00e0 l\u2019aube et servait la nuit.<br \/>\nIl mourut \u00e0 24 ans, presqu\u2019en silence. Mais \u00e0 ses fun\u00e9railles il n\u2019y avait pas seulement ses parents illustres\u00a0: il y avait des milliers de pauvres, ses v\u00e9ritables amis, ceux que personne ne connaissait, mais qu\u2019il avait aim\u00e9 avec une discr\u00e9tion h\u00e9ro\u00efque.<br \/>\nBienheureux en 1990, il est aujourd\u2019hui le patron des jeunes catholique, mais Pier Giorgio reste surtout un exemple tr\u00e8s actuel\u00a0: on peut \u00eatre saint sans aur\u00e9ole, entre universit\u00e9, montagnes et m\u00e9tropolitaine, en aimant chaque jour avec une f\u00e9rocit\u00e9 silencieuse.<\/p>\n<div class=\"link-product\">\n<div class=\"blocco-immagine\"><img loading=\"lazy\" decoding=\"async\" class=\"size-full wp-image-10891 alignleft\" src=\"https:\/\/blog.holyart.it\/fr\/wp-content\/uploads\/sites\/14\/2025\/08\/Pier-giorgio-frassati-resina-20-cm-dipinta-a-mano.jpg\" alt=\"Pier Giorgio Frassati\" width=\"100\" height=\"100\" data-kale-share-title=\"De Don Bosco \u00e0 Pier Giorgio Frassati : qui sont les saints sociaux\" data-kale-share-url=\"https:\/\/blog.holyart.it\/fr\/?p=10876\" \/><\/div>\n<div class=\"blocco-contenuto\">\n<div class=\"blocco-acquista\">Acheter sur Holyart:<\/div>\n<div class=\"blocco-titolo\"><strong><a href=\"https:\/\/www.holyart.fr\/articles-religieux\/statues\/statues-en-resine-et-pvc\/statue-pier-giorgio-frassati-resine-20-cm-peinte-a-la-main\">Statue Pier Giorgio Frassati r\u00e9sine 20 cm peinte \u00e0 la main<\/a><\/strong><\/div>\n<div class=\"blocco-descrizione\">Repr\u00e9sentation de Pier Giorgio Frassati en r\u00e9sine color\u00e9e, finement ouvrag\u00e9e avec une grande attention aux d\u00e9tails&#8230;.<\/div>\n<\/div>\n<\/div>\n<p>&nbsp;<\/p>\n<p>Pier Giorgio Frassati sera canonis\u00e9 dimanche 7 septembre 2025. La nouvelle est arriv\u00e9e le 13 juin 2025, lors du premier Consistoire ordinaire de <a href=\"https:\/\/holyart.fr\/blog\/articles-religieux\/pape-leon-xiv-tout-ce-quil-faut-savoir-sur-le-nouveau-pontife\/\"><strong>Pape L\u00e9on XIV<\/strong><\/a>. Il sera proclam\u00e9 saint en m\u00eame temps que <a href=\"https:\/\/www.holyart.fr\/blog\/articles-religieux\/carlo-acutis-le-bienheureux-de-lere-digitale\/\"><strong>Carlo Acutis<\/strong>.<\/a> Une canonisation combin\u00e9e, attendue depuis longtemps, qui unira deux figures tr\u00e8s aim\u00e9es par les jeunes et par l\u2019\u00c9glise de nos jours. Au d\u00e9part, la date choisi pour Frassati \u00e9tait le 3 ao\u00fbt 2025, mais avec la mort de Pape Fran\u00e7ois et la r\u00e9organisation des \u00e9v\u00e9nements jubilaires, tout a \u00e9t\u00e9 boulevers\u00e9. En raison du nouveau calendrier, la c\u00e9r\u00e9monie a \u00e9t\u00e9 report\u00e9e au mois de septembre, un dimanche qui promet d\u2019\u00eatre tr\u00e8s fr\u00e9quent\u00e9, surtout par ceux qui ont trouv\u00e9 une source d\u2019inspiration en \u00a0ces deux jeunes bienheureux. La canonisation aura lieu \u00e0 Rome, o\u00f9 une grande affluence est attendue\u00a0: \u00e9tudiants, scouts, \u00e9ducateurs, groupes paroissiaux, gens ordinaires. Tous unis par le souhait de rendre hommage \u00e0 deux jeunes qui ont v\u00e9cu la foi de mani\u00e8re simple, authentique et contagieuse. Frassati et Acutis, si diff\u00e9rents, ont en effet quelque chose en commun, Pier Giorgio avec ses excursions en montagne et l\u2019engagement \u00e0 c\u00f4t\u00e9 des pauvres, Carlo avec son talent pour le digital et sa d\u00e9votion \u00e0 l\u2019Eucharistie. Tous les deux ont montr\u00e9 que l\u2019on peut vivre l\u2019\u00c9vangile au quotidien, sans besoin de gestes \u00e9clatants. Il suffit d\u2019y mettre de l\u2019amour.<br \/>\nLe 7 septembre ne sera pas seulement une date \u00e0 retenir pour les fid\u00e8les. Ce jour offrira un signal fort : la saintet\u00e9 n\u2019est pas un id\u00e9al lointain, mais quelque chose qui peut parler encore aujourd\u2019hui, m\u00eame aux jeunes, m\u00eame \u00e0 qui se sent normal.<\/p>\n<div class=\"link-article\">\n<p><img loading=\"lazy\" decoding=\"async\" class=\"size-full wp-image-10893 alignleft\" src=\"https:\/\/blog.holyart.it\/fr\/wp-content\/uploads\/sites\/14\/2025\/08\/carlo-acutis.jpg\" alt=\"Carlo Acutis\" width=\"150\" height=\"99\" data-kale-share-title=\"De Don Bosco \u00e0 Pier Giorgio Frassati : qui sont les saints sociaux\" data-kale-share-url=\"https:\/\/blog.holyart.it\/fr\/?p=10876\" \/><\/p>\n<div class=\"leggi-anche\">Lire aussi :<\/div>\n<p><strong><a href=\"https:\/\/www.holyart.fr\/blog\/articles-religieux\/carlo-acutis-le-bienheureux-de-lere-digitale\/\">Carlo Acutis : le bienheureux de l\u2019\u00e8re digitale<\/a><\/strong><br \/>\nCarlo Acutis, le saint du mill\u00e9naire qui a d\u00e9di\u00e9 sa br\u00e8ve vie \u00e0 J\u00e9sus et \u00e0 l\u2019aide des plus pauvres&#8230;<\/p>\n<\/div>\n<p>&nbsp;<\/p>\n<h2>Joseph-Beno\u00eet Cottolengo<\/h2>\n<p>Aux c\u00f4t\u00e9s de Don Bosco et de Pier Giorgio Frassati, une autre figure \u00e9merge parmi les saints sociaux du Pi\u00e9mont : Joseph-Beno\u00eet Cottolengo. N\u00e9 \u00e0 Bra en 1786, il fut pr\u00eatre, th\u00e9ologien et infatigable ap\u00f4tre de la charit\u00e9. Face \u00e0 la mort d\u2019une femme pauvre refus\u00e9e par les h\u00f4pitaux, il comprit que la mis\u00e9ricorde ne peut pas attendre\u00a0: il ouvrit alors une petite infirmerie qui devint assez rapidement la c\u00e9l\u00e8bre <strong>Petite Maison de la Divine Providence<\/strong>, connue par tout le monde comme <em>le Cottolengo<\/em>. La sienne fut une r\u00e9volution silencieuse et radicale : \u00a0accueil sans conditions, confiance absolue dans la Providence, soin int\u00e9gral de la personne. Infirmes, malades chroniques, orphelins, sans-abris, sourds-muets : personne n\u2019\u00e9tait exclus, tous \u00e9taient fr\u00e8res. Avec son \u0153uvre proph\u00e9tique, Cottolengo a anticip\u00e9 le <em>welfare<\/em> moderne, en offrant non seulement assistance, mais aussi dignit\u00e9. Canonis\u00e9 en 1934, il continue d\u2019inspirer ceux qui croient que la charit\u00e9 n\u2019est pas un geste, mais un style de vie.<\/p>\n<h2>Juliette de Barolo<\/h2>\n<p>Voix f\u00e9minine de la saintet\u00e9 sociale pi\u00e9montaise, Juliette Colbert de Barolo d\u00e9montra comme une femme \u00e0 l\u2019\u00e2me limpide et courageuse pouvait \u00eatre capable de transformer la noblesse en service. N\u00e9e en France en 1786, elle devint marquise par mariage et m\u00e8re des pauvres par choix. Sans enfants, elle d\u00e9cida avec son mari, Carlo Tancredi, de consacrer son temps, son palais et ses richesses aux derniers de Turin. Juliette fut une pionni\u00e8re, surtout dans le domaine de l\u2019assistance f\u00e9minine et p\u00e9nitentiaire\u00a0: elle visitait les prisons, parlait avec les d\u00e9tenues, leur offrait instruction, travail et foi.\u00a0 Elle fonda le <strong>Refuge<\/strong>, le premier centre de r\u00e9insertion pour ex-d\u00e9tenues, et donna vie \u00e0 \u00e9coles, orphelinats, asiles, h\u00f4pitaux. Chaque jour, elle distribuait nourriture et soins, mais surtout dignit\u00e9.<br \/>\nElle ne se limitait pas \u00e0 secourir : elle construisait un futur. Elle collabora avec Don Bosco et accueillit dans son salon saints et intellectuels, parmi lesquels Silvio Pellico.<br \/>\nAujourd\u2019hui, Juliette de Barolo repose dans l\u2019\u00e9glise de Santa Giulia, voulue par la marquise en personne. Sa vie a \u00e9t\u00e9 une graine sem\u00e9e au c\u0153ur de la ville\u00a0: une charit\u00e9 faite non pas de gestes isol\u00e9s, mais de syst\u00e8me, vision, amour qui s\u2019organise.<\/p>\n<h2>Joseph Cafasso<\/h2>\n<p>Parmi les grands saints sociaux du Pi\u00e9mont, Joseph Cafasso occupe une place sp\u00e9ciale : celle de l\u2019homme qui ne rechercha pas la visibilit\u00e9, mais qui choisit de rester en coulisse afin d\u2019\u00e9clairer les autres. N\u00e9 \u00e0 Castelnuovo d\u2019Asti en 1811, dans une famille simple et profond\u00e9ment croyante, il devint pr\u00eatre tr\u00e8s jeune. \u00c0 Turin, au Pensionnat Eccl\u00e9siastique de <a href=\"https:\/\/www.holyart.fr\/blog\/articles-religieux\/les-celebrations-pour-le-huitieme-centenaire-de-saint-francois-dassise\/\"><strong>Saint Fran\u00e7ois d\u2019Assise<\/strong><\/a>, il forma des g\u00e9n\u00e9rations de pr\u00eatres capables de vivre la foi dans la soci\u00e9t\u00e9, parmi lesquels un jeune inquiet qui serait devenu Don Bosco.<br \/>\nSa mission, cependant, l\u2019amena \u00e9galement dans les endroits les plus sombres de la ville\u00a0: <strong>les prisons<\/strong>. Cafasso entrait dans les cellules des condamn\u00e9s avec pas l\u00e9ger et voix ferme, en apportant r\u00e9confort, \u00e9coute, mis\u00e9ricorde. Il \u00e9tait appel\u00e9 \u00ab\u00a0le pr\u00eatre de la fourche\u00a0\u00bb car il accompagnait les condamn\u00e9s \u00e0 mort jusqu\u2019\u00e0 la potence, en embrassant leurs derni\u00e8res heures avec une tendresse qui les arrachait au d\u00e9sespoir. Sa pr\u00e9sence \u00e9tait discr\u00e8te, mais essentielle : il apportait pain, pardon, dignit\u00e9.<br \/>\nIl n\u2019a pas fond\u00e9 d\u2019ordres religieux, ni laiss\u00e9 d\u2019\u0153uvres mat\u00e9rielles, mais sa \u00ab\u00a0fondation\u00a0\u00bb, ce sont les conscience qu\u2019il a touch\u00e9, les c\u0153urs qu\u2019il a soulev\u00e9, les pr\u00eatres qu\u2019il a form\u00e9. Il mourut en 1860 et l\u2019\u00c9glise le proclama saint en 1947, en lui confiant la protection des d\u00e9tenus comme saint protecteur. Cafasso est le visage silencieux de la saintet\u00e9 sociale\u00a0: celui qui console, qui \u00e9duque, qui accompagne sans jamais rien demander en \u00e9change.<\/p>\n<div class=\"link-article\">\n<p><img loading=\"lazy\" decoding=\"async\" class=\"size-full wp-image-10896 alignleft\" src=\"https:\/\/blog.holyart.it\/fr\/wp-content\/uploads\/sites\/14\/2025\/08\/san-francesco.jpg\" alt=\"San Francesco\" width=\"150\" height=\"99\" data-kale-share-title=\"De Don Bosco \u00e0 Pier Giorgio Frassati : qui sont les saints sociaux\" data-kale-share-url=\"https:\/\/blog.holyart.it\/fr\/?p=10876\" \/><\/p>\n<div class=\"leggi-anche\">Lire aussi :<\/div>\n<p><strong><a href=\"https:\/\/www.holyart.fr\/blog\/articles-religieux\/les-celebrations-pour-le-huitieme-centenaire-de-saint-francois-dassise\/\">Les c\u00e9l\u00e9brations pour le huiti\u00e8me centenaire de Saint Fran\u00e7ois d\u2019Assise<\/a><\/strong><br \/>\nEn 2026, on comm\u00e9morera le huiti\u00e8me centenaire de la mort &#8230;<\/p>\n<\/div>\n<p>&nbsp;<\/p>\n<p>&nbsp;<\/p>\n<p>&nbsp;<\/p>\n","protected":false},"excerpt":{"rendered":"<p>De Don Bosco \u00e0 Pier Giorgio Frassati: qui sont les saints sociaux qui ont chang\u00e9 le monde. Au c\u0153ur du Pi\u00e9mont, dans la Turin du XIXe si\u00e8cle en \u00e9quilibre entre le grondement des premi\u00e8res industries et les sanglots \u00e9touff\u00e9s des pauvres, un nouveau mod\u00e8le de&hellip;<\/p>\n","protected":false},"author":1,"featured_media":10878,"comment_status":"closed","ping_status":"open","sticky":false,"template":"","format":"standard","meta":{"_acf_changed":false,"footnotes":""},"categories":[7],"tags":[],"class_list":["post-10876","post","type-post","status-publish","format-standard","has-post-thumbnail","hentry","category-saints-et-bienheureux"],"acf":[],"yoast_head":"<!-- This site is optimized with the Yoast SEO plugin v26.6 - https:\/\/yoast.com\/wordpress\/plugins\/seo\/ -->\n<title>De Don Bosco \u00e0 Pier Giorgio Frassati : qui sont les saints sociaux - Holyart.fr Blog<\/title>\n<meta name=\"description\" content=\"Saints sociaux pi\u00e9montais : ils prirent les pauvres et les n\u00e9cessiteux par la main, en marchant dans les traces de Christ...\" \/>\n<meta name=\"robots\" content=\"index, follow, max-snippet:-1, max-image-preview:large, max-video-preview:-1\" \/>\n<link rel=\"canonical\" href=\"https:\/\/blog.holyart.it\/fr\/saints-et-bienheureux\/de-don-bosco-a-pier-giorgio-frassati-qui-sont-les-saints-sociaux\/\" \/>\n<meta property=\"og:locale\" content=\"fr_FR\" \/>\n<meta property=\"og:type\" content=\"article\" \/>\n<meta property=\"og:title\" content=\"De Don Bosco \u00e0 Pier Giorgio Frassati : qui sont les saints sociaux - Holyart.fr Blog\" \/>\n<meta property=\"og:description\" content=\"Saints sociaux pi\u00e9montais : ils prirent les pauvres et les n\u00e9cessiteux par la main, en marchant dans les traces de Christ...\" \/>\n<meta property=\"og:url\" content=\"https:\/\/blog.holyart.it\/fr\/saints-et-bienheureux\/de-don-bosco-a-pier-giorgio-frassati-qui-sont-les-saints-sociaux\/\" \/>\n<meta property=\"og:site_name\" content=\"Holyart.fr Blog\" \/>\n<meta property=\"article:published_time\" content=\"2025-08-25T08:00:45+00:00\" \/>\n<meta property=\"article:modified_time\" content=\"2025-12-12T10:56:17+00:00\" \/>\n<meta property=\"og:image\" content=\"https:\/\/blog.holyart.it\/fr\/wp-content\/uploads\/sites\/14\/2025\/08\/saints-sociaux.jpg\" \/>\n\t<meta property=\"og:image:width\" content=\"1000\" \/>\n\t<meta property=\"og:image:height\" content=\"666\" \/>\n\t<meta property=\"og:image:type\" content=\"image\/jpeg\" \/>\n<meta name=\"author\" content=\"Redazione\" \/>\n<meta name=\"twitter:card\" content=\"summary_large_image\" \/>\n<meta name=\"twitter:label1\" content=\"\u00c9crit par\" \/>\n\t<meta name=\"twitter:data1\" content=\"Redazione\" \/>\n\t<meta name=\"twitter:label2\" content=\"Dur\u00e9e de lecture estim\u00e9e\" \/>\n\t<meta name=\"twitter:data2\" content=\"13 minutes\" \/>\n<script type=\"application\/ld+json\" class=\"yoast-schema-graph\">{\"@context\":\"https:\/\/schema.org\",\"@graph\":[{\"@type\":\"Article\",\"@id\":\"https:\/\/blog.holyart.it\/fr\/saints-et-bienheureux\/de-don-bosco-a-pier-giorgio-frassati-qui-sont-les-saints-sociaux\/#article\",\"isPartOf\":{\"@id\":\"https:\/\/blog.holyart.it\/fr\/saints-et-bienheureux\/de-don-bosco-a-pier-giorgio-frassati-qui-sont-les-saints-sociaux\/\"},\"author\":{\"name\":\"Redazione\",\"@id\":\"https:\/\/blog.holyart.it\/fr\/#\/schema\/person\/0a7b686e5af0f856ec1e390dd0baecda\"},\"headline\":\"De Don Bosco \u00e0 Pier Giorgio Frassati : qui sont les saints sociaux\",\"datePublished\":\"2025-08-25T08:00:45+00:00\",\"dateModified\":\"2025-12-12T10:56:17+00:00\",\"mainEntityOfPage\":{\"@id\":\"https:\/\/blog.holyart.it\/fr\/saints-et-bienheureux\/de-don-bosco-a-pier-giorgio-frassati-qui-sont-les-saints-sociaux\/\"},\"wordCount\":2323,\"publisher\":{\"@id\":\"https:\/\/blog.holyart.it\/fr\/#organization\"},\"image\":{\"@id\":\"https:\/\/blog.holyart.it\/fr\/saints-et-bienheureux\/de-don-bosco-a-pier-giorgio-frassati-qui-sont-les-saints-sociaux\/#primaryimage\"},\"thumbnailUrl\":\"https:\/\/blog.holyart.it\/fr\/wp-content\/uploads\/sites\/14\/2025\/08\/saints-sociaux.jpg\",\"articleSection\":[\"Saints et Bienheureux\"],\"inLanguage\":\"fr-FR\"},{\"@type\":\"WebPage\",\"@id\":\"https:\/\/blog.holyart.it\/fr\/saints-et-bienheureux\/de-don-bosco-a-pier-giorgio-frassati-qui-sont-les-saints-sociaux\/\",\"url\":\"https:\/\/blog.holyart.it\/fr\/saints-et-bienheureux\/de-don-bosco-a-pier-giorgio-frassati-qui-sont-les-saints-sociaux\/\",\"name\":\"De Don Bosco \u00e0 Pier Giorgio Frassati : qui sont les saints sociaux - Holyart.fr Blog\",\"isPartOf\":{\"@id\":\"https:\/\/blog.holyart.it\/fr\/#website\"},\"primaryImageOfPage\":{\"@id\":\"https:\/\/blog.holyart.it\/fr\/saints-et-bienheureux\/de-don-bosco-a-pier-giorgio-frassati-qui-sont-les-saints-sociaux\/#primaryimage\"},\"image\":{\"@id\":\"https:\/\/blog.holyart.it\/fr\/saints-et-bienheureux\/de-don-bosco-a-pier-giorgio-frassati-qui-sont-les-saints-sociaux\/#primaryimage\"},\"thumbnailUrl\":\"https:\/\/blog.holyart.it\/fr\/wp-content\/uploads\/sites\/14\/2025\/08\/saints-sociaux.jpg\",\"datePublished\":\"2025-08-25T08:00:45+00:00\",\"dateModified\":\"2025-12-12T10:56:17+00:00\",\"description\":\"Saints sociaux pi\u00e9montais : ils prirent les pauvres et les n\u00e9cessiteux par la main, en marchant dans les traces de Christ...\",\"breadcrumb\":{\"@id\":\"https:\/\/blog.holyart.it\/fr\/saints-et-bienheureux\/de-don-bosco-a-pier-giorgio-frassati-qui-sont-les-saints-sociaux\/#breadcrumb\"},\"inLanguage\":\"fr-FR\",\"potentialAction\":[{\"@type\":\"ReadAction\",\"target\":[\"https:\/\/blog.holyart.it\/fr\/saints-et-bienheureux\/de-don-bosco-a-pier-giorgio-frassati-qui-sont-les-saints-sociaux\/\"]}]},{\"@type\":\"ImageObject\",\"inLanguage\":\"fr-FR\",\"@id\":\"https:\/\/blog.holyart.it\/fr\/saints-et-bienheureux\/de-don-bosco-a-pier-giorgio-frassati-qui-sont-les-saints-sociaux\/#primaryimage\",\"url\":\"https:\/\/blog.holyart.it\/fr\/wp-content\/uploads\/sites\/14\/2025\/08\/saints-sociaux.jpg\",\"contentUrl\":\"https:\/\/blog.holyart.it\/fr\/wp-content\/uploads\/sites\/14\/2025\/08\/saints-sociaux.jpg\",\"width\":1000,\"height\":666,\"caption\":\"saints sociaux\"},{\"@type\":\"BreadcrumbList\",\"@id\":\"https:\/\/blog.holyart.it\/fr\/saints-et-bienheureux\/de-don-bosco-a-pier-giorgio-frassati-qui-sont-les-saints-sociaux\/#breadcrumb\",\"itemListElement\":[{\"@type\":\"ListItem\",\"position\":1,\"name\":\"Homepage\",\"item\":\"https:\/\/blog.holyart.it\/fr\/\"},{\"@type\":\"ListItem\",\"position\":2,\"name\":\"Saints et Bienheureux\",\"item\":\"https:\/\/blog.holyart.it\/fr\/saints-et-bienheureux\/\"},{\"@type\":\"ListItem\",\"position\":3,\"name\":\"De Don Bosco \u00e0 Pier Giorgio Frassati : qui sont les saints sociaux\"}]},{\"@type\":\"WebSite\",\"@id\":\"https:\/\/blog.holyart.it\/fr\/#website\",\"url\":\"https:\/\/blog.holyart.it\/fr\/\",\"name\":\"Holyart.fr Blog\",\"description\":\"Holyblog\",\"publisher\":{\"@id\":\"https:\/\/blog.holyart.it\/fr\/#organization\"},\"potentialAction\":[{\"@type\":\"SearchAction\",\"target\":{\"@type\":\"EntryPoint\",\"urlTemplate\":\"https:\/\/blog.holyart.it\/fr\/?s={search_term_string}\"},\"query-input\":{\"@type\":\"PropertyValueSpecification\",\"valueRequired\":true,\"valueName\":\"search_term_string\"}}],\"inLanguage\":\"fr-FR\"},{\"@type\":\"Organization\",\"@id\":\"https:\/\/blog.holyart.it\/fr\/#organization\",\"name\":\"Holyart.fr Blog\",\"url\":\"https:\/\/blog.holyart.it\/fr\/\",\"logo\":{\"@type\":\"ImageObject\",\"inLanguage\":\"fr-FR\",\"@id\":\"https:\/\/blog.holyart.it\/fr\/#\/schema\/logo\/image\/\",\"url\":\"https:\/\/blog.holyart.it\/fr\/wp-content\/uploads\/sites\/14\/2022\/12\/Holyart_Blog_Logo.jpg\",\"contentUrl\":\"https:\/\/blog.holyart.it\/fr\/wp-content\/uploads\/sites\/14\/2022\/12\/Holyart_Blog_Logo.jpg\",\"width\":300,\"height\":50,\"caption\":\"Holyart.fr Blog\"},\"image\":{\"@id\":\"https:\/\/blog.holyart.it\/fr\/#\/schema\/logo\/image\/\"}},{\"@type\":\"Person\",\"@id\":\"https:\/\/blog.holyart.it\/fr\/#\/schema\/person\/0a7b686e5af0f856ec1e390dd0baecda\",\"name\":\"Redazione\",\"image\":{\"@type\":\"ImageObject\",\"inLanguage\":\"fr-FR\",\"@id\":\"https:\/\/blog.holyart.it\/fr\/#\/schema\/person\/image\/\",\"url\":\"https:\/\/secure.gravatar.com\/avatar\/f477da817f43e50d0af36abecd33e3edf826c68299714bdc1057dff3b113f516?s=96&d=mm&r=g\",\"contentUrl\":\"https:\/\/secure.gravatar.com\/avatar\/f477da817f43e50d0af36abecd33e3edf826c68299714bdc1057dff3b113f516?s=96&d=mm&r=g\",\"caption\":\"Redazione\"},\"url\":\"https:\/\/blog.holyart.it\/fr\/author\/admin\/\"}]}<\/script>\n<!-- \/ Yoast SEO plugin. -->","yoast_head_json":{"title":"De Don Bosco \u00e0 Pier Giorgio Frassati : qui sont les saints sociaux - Holyart.fr Blog","description":"Saints sociaux pi\u00e9montais : ils prirent les pauvres et les n\u00e9cessiteux par la main, en marchant dans les traces de Christ...","robots":{"index":"index","follow":"follow","max-snippet":"max-snippet:-1","max-image-preview":"max-image-preview:large","max-video-preview":"max-video-preview:-1"},"canonical":"https:\/\/blog.holyart.it\/fr\/saints-et-bienheureux\/de-don-bosco-a-pier-giorgio-frassati-qui-sont-les-saints-sociaux\/","og_locale":"fr_FR","og_type":"article","og_title":"De Don Bosco \u00e0 Pier Giorgio Frassati : qui sont les saints sociaux - Holyart.fr Blog","og_description":"Saints sociaux pi\u00e9montais : ils prirent les pauvres et les n\u00e9cessiteux par la main, en marchant dans les traces de Christ...","og_url":"https:\/\/blog.holyart.it\/fr\/saints-et-bienheureux\/de-don-bosco-a-pier-giorgio-frassati-qui-sont-les-saints-sociaux\/","og_site_name":"Holyart.fr Blog","article_published_time":"2025-08-25T08:00:45+00:00","article_modified_time":"2025-12-12T10:56:17+00:00","og_image":[{"width":1000,"height":666,"url":"https:\/\/blog.holyart.it\/fr\/wp-content\/uploads\/sites\/14\/2025\/08\/saints-sociaux.jpg","type":"image\/jpeg"}],"author":"Redazione","twitter_card":"summary_large_image","twitter_misc":{"\u00c9crit par":"Redazione","Dur\u00e9e de lecture estim\u00e9e":"13 minutes"},"schema":{"@context":"https:\/\/schema.org","@graph":[{"@type":"Article","@id":"https:\/\/blog.holyart.it\/fr\/saints-et-bienheureux\/de-don-bosco-a-pier-giorgio-frassati-qui-sont-les-saints-sociaux\/#article","isPartOf":{"@id":"https:\/\/blog.holyart.it\/fr\/saints-et-bienheureux\/de-don-bosco-a-pier-giorgio-frassati-qui-sont-les-saints-sociaux\/"},"author":{"name":"Redazione","@id":"https:\/\/blog.holyart.it\/fr\/#\/schema\/person\/0a7b686e5af0f856ec1e390dd0baecda"},"headline":"De Don Bosco \u00e0 Pier Giorgio Frassati : qui sont les saints sociaux","datePublished":"2025-08-25T08:00:45+00:00","dateModified":"2025-12-12T10:56:17+00:00","mainEntityOfPage":{"@id":"https:\/\/blog.holyart.it\/fr\/saints-et-bienheureux\/de-don-bosco-a-pier-giorgio-frassati-qui-sont-les-saints-sociaux\/"},"wordCount":2323,"publisher":{"@id":"https:\/\/blog.holyart.it\/fr\/#organization"},"image":{"@id":"https:\/\/blog.holyart.it\/fr\/saints-et-bienheureux\/de-don-bosco-a-pier-giorgio-frassati-qui-sont-les-saints-sociaux\/#primaryimage"},"thumbnailUrl":"https:\/\/blog.holyart.it\/fr\/wp-content\/uploads\/sites\/14\/2025\/08\/saints-sociaux.jpg","articleSection":["Saints et Bienheureux"],"inLanguage":"fr-FR"},{"@type":"WebPage","@id":"https:\/\/blog.holyart.it\/fr\/saints-et-bienheureux\/de-don-bosco-a-pier-giorgio-frassati-qui-sont-les-saints-sociaux\/","url":"https:\/\/blog.holyart.it\/fr\/saints-et-bienheureux\/de-don-bosco-a-pier-giorgio-frassati-qui-sont-les-saints-sociaux\/","name":"De Don Bosco \u00e0 Pier Giorgio Frassati : qui sont les saints sociaux - Holyart.fr Blog","isPartOf":{"@id":"https:\/\/blog.holyart.it\/fr\/#website"},"primaryImageOfPage":{"@id":"https:\/\/blog.holyart.it\/fr\/saints-et-bienheureux\/de-don-bosco-a-pier-giorgio-frassati-qui-sont-les-saints-sociaux\/#primaryimage"},"image":{"@id":"https:\/\/blog.holyart.it\/fr\/saints-et-bienheureux\/de-don-bosco-a-pier-giorgio-frassati-qui-sont-les-saints-sociaux\/#primaryimage"},"thumbnailUrl":"https:\/\/blog.holyart.it\/fr\/wp-content\/uploads\/sites\/14\/2025\/08\/saints-sociaux.jpg","datePublished":"2025-08-25T08:00:45+00:00","dateModified":"2025-12-12T10:56:17+00:00","description":"Saints sociaux pi\u00e9montais : ils prirent les pauvres et les n\u00e9cessiteux par la main, en marchant dans les traces de Christ...","breadcrumb":{"@id":"https:\/\/blog.holyart.it\/fr\/saints-et-bienheureux\/de-don-bosco-a-pier-giorgio-frassati-qui-sont-les-saints-sociaux\/#breadcrumb"},"inLanguage":"fr-FR","potentialAction":[{"@type":"ReadAction","target":["https:\/\/blog.holyart.it\/fr\/saints-et-bienheureux\/de-don-bosco-a-pier-giorgio-frassati-qui-sont-les-saints-sociaux\/"]}]},{"@type":"ImageObject","inLanguage":"fr-FR","@id":"https:\/\/blog.holyart.it\/fr\/saints-et-bienheureux\/de-don-bosco-a-pier-giorgio-frassati-qui-sont-les-saints-sociaux\/#primaryimage","url":"https:\/\/blog.holyart.it\/fr\/wp-content\/uploads\/sites\/14\/2025\/08\/saints-sociaux.jpg","contentUrl":"https:\/\/blog.holyart.it\/fr\/wp-content\/uploads\/sites\/14\/2025\/08\/saints-sociaux.jpg","width":1000,"height":666,"caption":"saints sociaux"},{"@type":"BreadcrumbList","@id":"https:\/\/blog.holyart.it\/fr\/saints-et-bienheureux\/de-don-bosco-a-pier-giorgio-frassati-qui-sont-les-saints-sociaux\/#breadcrumb","itemListElement":[{"@type":"ListItem","position":1,"name":"Homepage","item":"https:\/\/blog.holyart.it\/fr\/"},{"@type":"ListItem","position":2,"name":"Saints et Bienheureux","item":"https:\/\/blog.holyart.it\/fr\/saints-et-bienheureux\/"},{"@type":"ListItem","position":3,"name":"De Don Bosco \u00e0 Pier Giorgio Frassati : qui sont les saints sociaux"}]},{"@type":"WebSite","@id":"https:\/\/blog.holyart.it\/fr\/#website","url":"https:\/\/blog.holyart.it\/fr\/","name":"Holyart.fr Blog","description":"Holyblog","publisher":{"@id":"https:\/\/blog.holyart.it\/fr\/#organization"},"potentialAction":[{"@type":"SearchAction","target":{"@type":"EntryPoint","urlTemplate":"https:\/\/blog.holyart.it\/fr\/?s={search_term_string}"},"query-input":{"@type":"PropertyValueSpecification","valueRequired":true,"valueName":"search_term_string"}}],"inLanguage":"fr-FR"},{"@type":"Organization","@id":"https:\/\/blog.holyart.it\/fr\/#organization","name":"Holyart.fr Blog","url":"https:\/\/blog.holyart.it\/fr\/","logo":{"@type":"ImageObject","inLanguage":"fr-FR","@id":"https:\/\/blog.holyart.it\/fr\/#\/schema\/logo\/image\/","url":"https:\/\/blog.holyart.it\/fr\/wp-content\/uploads\/sites\/14\/2022\/12\/Holyart_Blog_Logo.jpg","contentUrl":"https:\/\/blog.holyart.it\/fr\/wp-content\/uploads\/sites\/14\/2022\/12\/Holyart_Blog_Logo.jpg","width":300,"height":50,"caption":"Holyart.fr Blog"},"image":{"@id":"https:\/\/blog.holyart.it\/fr\/#\/schema\/logo\/image\/"}},{"@type":"Person","@id":"https:\/\/blog.holyart.it\/fr\/#\/schema\/person\/0a7b686e5af0f856ec1e390dd0baecda","name":"Redazione","image":{"@type":"ImageObject","inLanguage":"fr-FR","@id":"https:\/\/blog.holyart.it\/fr\/#\/schema\/person\/image\/","url":"https:\/\/secure.gravatar.com\/avatar\/f477da817f43e50d0af36abecd33e3edf826c68299714bdc1057dff3b113f516?s=96&d=mm&r=g","contentUrl":"https:\/\/secure.gravatar.com\/avatar\/f477da817f43e50d0af36abecd33e3edf826c68299714bdc1057dff3b113f516?s=96&d=mm&r=g","caption":"Redazione"},"url":"https:\/\/blog.holyart.it\/fr\/author\/admin\/"}]}},"_links":{"self":[{"href":"https:\/\/blog.holyart.it\/fr\/wp-json\/wp\/v2\/posts\/10876","targetHints":{"allow":["GET"]}}],"collection":[{"href":"https:\/\/blog.holyart.it\/fr\/wp-json\/wp\/v2\/posts"}],"about":[{"href":"https:\/\/blog.holyart.it\/fr\/wp-json\/wp\/v2\/types\/post"}],"author":[{"embeddable":true,"href":"https:\/\/blog.holyart.it\/fr\/wp-json\/wp\/v2\/users\/1"}],"replies":[{"embeddable":true,"href":"https:\/\/blog.holyart.it\/fr\/wp-json\/wp\/v2\/comments?post=10876"}],"version-history":[{"count":33,"href":"https:\/\/blog.holyart.it\/fr\/wp-json\/wp\/v2\/posts\/10876\/revisions"}],"predecessor-version":[{"id":11122,"href":"https:\/\/blog.holyart.it\/fr\/wp-json\/wp\/v2\/posts\/10876\/revisions\/11122"}],"wp:featuredmedia":[{"embeddable":true,"href":"https:\/\/blog.holyart.it\/fr\/wp-json\/wp\/v2\/media\/10878"}],"wp:attachment":[{"href":"https:\/\/blog.holyart.it\/fr\/wp-json\/wp\/v2\/media?parent=10876"}],"wp:term":[{"taxonomy":"category","embeddable":true,"href":"https:\/\/blog.holyart.it\/fr\/wp-json\/wp\/v2\/categories?post=10876"},{"taxonomy":"post_tag","embeddable":true,"href":"https:\/\/blog.holyart.it\/fr\/wp-json\/wp\/v2\/tags?post=10876"}],"curies":[{"name":"wp","href":"https:\/\/api.w.org\/{rel}","templated":true}]}}