{"id":10817,"date":"2025-08-18T10:00:35","date_gmt":"2025-08-18T08:00:35","guid":{"rendered":"https:\/\/blog.holyart.it\/fr\/?p=10817"},"modified":"2025-09-30T17:30:22","modified_gmt":"2025-09-30T15:30:22","slug":"thun-et-son-edition-limitee-de-la-creche-dediee-au-jubile-2025","status":"publish","type":"post","link":"https:\/\/blog.holyart.it\/fr\/jubile-2025\/thun-et-son-edition-limitee-de-la-creche-dediee-au-jubile-2025\/","title":{"rendered":"THUN et son \u00e9dition limit\u00e9e de la Cr\u00e8che d\u00e9di\u00e9e au Jubil\u00e9 2025"},"content":{"rendered":"<h4>THUN Cr\u00e8che Jubil\u00e9 2025 : quand la foi prend forme entre les mains des anges<\/h4>\n\n<p>Dans le silence d\u2019un atelier alpin, entre les montagnes enneig\u00e9es et le parfum d\u2019argile, des cr\u00e9atures qui parlent au c\u0153ur voient le jour. C\u2019est l\u00e0 que, il y a plus de soixante-dix ans, une comtesse au c\u0153ur gentil, <strong>Lene Thun<\/strong>, a donn\u00e9 vie \u00e0 un petit ange en c\u00e9ramique. Sans besoin de mot\u00a0: simplement un geste, une courbe, un sourire fa\u00e7onn\u00e9 dans le temps. Ce n\u2019\u00e9tait pas un simple objet, mais un chuchotement d\u2019amour, une caresse douce qui aurait travers\u00e9 les d\u00e9cennies en arrivant jusqu\u2019\u00e0 nous. Aujourd\u2019hui, ce souffle d\u2019\u00e9ternit\u00e9 se renouvelle avec la nouvelle collection exclusive <a href=\"https:\/\/www.holyart.fr\/noel\/creches-noel\/creche-thun\"><strong>THUN Cr\u00e8che Jubil\u00e9 2025<\/strong><\/a>. En plein <a href=\"https:\/\/www.holyart.fr\/blog\/articles-religieux\/le-calendrier-des-evenements-du-jubile-2025\/\"><strong>Jubil\u00e9 2025<\/strong><\/a>, THUN donne un nouvel \u00e9clat \u00e0 sa tradition en cr\u00e9ant <strong>une collection en \u00e9dition limit\u00e9e<\/strong> qui est bien plus qu\u2019un geste artistique\u00a0: c\u2019est un sceau de l\u2019\u00e2me, un souvenir partag\u00e9 par ceux qui croient en l\u2019esp\u00e9rance.<br \/>\nLes personnages de la Cr\u00e8che du Jubil\u00e9 ne parlent pas, mais communiquent avec une tendresse profonde : ils racontent des voyages de l\u2019esprit, des promesses silencieuses, une fois qui r\u00e9siste dans le temps. Quel meilleur message pour le Jubil\u00e9 2025, d\u00e9di\u00e9 aux <strong>P\u00e8lerins d\u2019Esp\u00e9rance<\/strong>, une occasion pour l\u2019humanit\u00e9 enti\u00e8re de s\u2019arr\u00eater et de se souvenir de ce qui compte vraiment, de ce qui nous unit, de ce qui nous rend humains\u00a0?<\/p>\n<p>Le Jubil\u00e9 est une ann\u00e9e de gr\u00e2ce qui s\u2019ouvre sur des mondes plus profonds. Tout commence par un geste solennel\u00a0: l\u2019<a href=\"https:\/\/www.holyart.fr\/blog\/articles-religieux\/porte-sainte-quest-ce-que-cest-et-que-represente-son-ouverture\/\"><strong>ouverture de la Porte Sainte<\/strong><\/a>. Mais le v\u00e9ritable passage se produit ailleurs, dans le c\u0153ur de chacun, lorsque nous choisissons consciemment de laisser l\u2019obscurit\u00e9 derri\u00e8re nous et qu\u2019une lueur d\u2019espoir s\u2019ouvre devant nous, vers la lumi\u00e8re, le pardon, la renaissance.<br \/>\nSur le chemin de 2025, des millions d\u2019\u00e2me se mettent en route, arm\u00e9es uniquement d\u2019amour et d\u2019esp\u00e9rance. Et pour que cette derni\u00e8re puisse vraiment s\u2019\u00e9panouir, elle doit \u00eatre prot\u00e9g\u00e9e, nourrie, maintenue vivante dans la m\u00e9moire. C\u2019est l\u00e0 qu\u2019entre en sc\u00e8ne la nouvelle collection THUN\u00a0: de petites figurines qui incarnent une grande v\u00e9rit\u00e9. Que la foi peut habiter nos maisons. Que l\u2019art peut \u00eatre vecteur de spiritualit\u00e9. Qu\u2019une cr\u00e8che peut aussi contenir le myst\u00e8re d\u2019une Ann\u00e9e Sainte.<\/p>\n<p>La <strong>Cr\u00e8che du Jubil\u00e9 THUN<\/strong> n\u2019est pas seulement une collection \u00e0 exposer. C\u2019est un don \u00e0 conserver, un symbole \u00e0 transmettre, une foi \u00e0 fa\u00e7onner, jour apr\u00e8s jour, avec la m\u00eame patience avec laquelle on plasme l\u2019argile. Car certaines \u00e9motions ne peuvent pas \u00eatre expliqu\u00e9es, mais on peut les toucher et les tenir entre nos mains. Et ce faisant, nous apprenons \u00e0 reconna\u00eetre qu\u2019il y a quelque chose de sacr\u00e9 m\u00eame dans le plus petit des gestes. C\u2019est ainsi que l\u2019art pr\u00e9serve l\u2019\u00e2me. Et c\u2019est ainsi que, entre les mains de ceux qui cr\u00e9ent et de ceux qui contemplent, l\u2019espoir prend forme.<\/p>\n<div class=\"sp-styles-warning\" style=\"width: 450px; background-color: #FFF; color: #F00; border: 1px solid #F00; padding: 10px; font-size: 14px;\">\n\t\t\t<span style=\"font-weight: bold;\">Warning: The stylesheets were not loaded!<\/span> \n\t\t\tYou will need to change the <i>Load stylesheets<\/i> setting from <i>Automatically<\/i> to <i>On homepage<\/i> or <i>On all pages<\/i>. \n\t\t\tYou can set that <a style=\"text-decoration: underline; color: #F00;\" href=\"https:\/\/blog.holyart.it\/fr\/wp-admin\/admin.php?page=sliderpro-settings\">here<\/a>.\n\t\t\t<\/div>\r\n<div id=\"slider-pro-177\" class=\"slider-pro sp-no-js\" style=\"width: 500px; height: 500px;\">\r\n\t<div class=\"sp-slides\">\r\n\t\t\r\n\t\t<div class=\"sp-slide\">\r\n\t\t\t<img loading=\"lazy\" decoding=\"async\" class=\"sp-image\" src=\"https:\/\/blog.holyart.it\/fr\/wp-content\/uploads\/sites\/14\/2025\/08\/pelerin-a-genoux-thun-jubile-2025.jpg\" alt=\"pelerin a genoux thun jubile 2025\" width=\"500\" height=\"500\" \/>\r\n\t\t\t<div class=\"sp-thumbnail\"><a class=\"\" href=\"https:\/\/www.holyart.fr\/jubile-2025-pelerins-desperance\/gadgets-et-souvenirs-jubile-2025\/pelerin-a-genoux-thun-jubile-2025-edition-limitee\">\r\n\t\t\t\t<img decoding=\"async\" src=\"https:\/\/blog.holyart.it\/fr\/wp-content\/uploads\/sites\/14\/2025\/08\/pelerin-a-genoux-thun-jubile-2025-1.jpg\" alt=\"pelerin a genoux thun jubile 2025\" \/>\r\n\t\t\t<\/a>\r\n\t\t\t<\/div>\r\n\t\t\t<div class=\"sp-caption\">P\u00e8lerin \u00e0 genoux THUN Jubil\u00e9 2025 - \u00c9dition limit\u00e9e<br \/>\nStatuette sign\u00e9e THUN repr\u00e9sentant un p\u00e8lerin de l'espoir, agenouill\u00e9 avec un b\u00e2ton dans les mains, cr\u00e9\u00e9e pour le Jubil\u00e9 2025.\n<br \/><strong><a href=\"https:\/\/www.holyart.fr\/jubile-2025-pelerins-desperance\/gadgets-et-souvenirs-jubile-2025\/pelerin-a-genoux-thun-jubile-2025-edition-limitee\">Acheter sur Holyart<\/a><\/strong><\/div>\r\n\t\t<\/div>\r\n\t\t<div class=\"sp-slide\">\r\n\t\t\t<img loading=\"lazy\" decoding=\"async\" class=\"sp-image\" src=\"https:\/\/blog.holyart.it\/fr\/wp-content\/uploads\/sites\/14\/2025\/08\/marie-thun-gamme-creche-classique-blanche.jpg\" alt=\"marie thun gamme creche classique blanche\" width=\"500\" height=\"500\" \/>\r\n\t\t\t<div class=\"sp-thumbnail\"><a class=\"\" href=\"https:\/\/www.holyart.fr\/noel\/creches-noel\/creche-thun\/marie-pour-creche-classique-blanche-thun\">\r\n\t\t\t\t<img decoding=\"async\" src=\"https:\/\/blog.holyart.it\/fr\/wp-content\/uploads\/sites\/14\/2025\/08\/marie-thun-gamme-creche-classique-blanche-1.jpg\" alt=\"marie thun gamme creche classique blanche\" \/>\r\n\t\t\t<\/a>\r\n\t\t\t<\/div>\r\n\t\t\t<div class=\"sp-caption\">Marie pour Cr\u00e8che Classique blanche THUN.<br \/>\nAjoutez la figure sainte de Marie \u00e0 votre cr\u00e8che THUN, symbole de douceur, d'accueil et de spiritualit\u00e9.\n<br \/><strong><a href=\"https:\/\/www.holyart.fr\/noel\/creches-noel\/creche-thun\/marie-pour-creche-classique-blanche-thun\">Acheter sur Holyart<\/a><\/strong><\/div>\r\n\t\t<\/div>\r\n\t\t<div class=\"sp-slide\">\r\n\t\t\t<img loading=\"lazy\" decoding=\"async\" class=\"sp-image\" src=\"https:\/\/blog.holyart.it\/fr\/wp-content\/uploads\/sites\/14\/2025\/08\/statuette-enfant-jesus-thun-ligne-creche-classique-blanc.jpg\" alt=\"statuette enfant jesus thun ligne creche classique blanc\" width=\"500\" height=\"500\" \/>\r\n\t\t\t<div class=\"sp-thumbnail\"><a class=\"\" href=\"https:\/\/www.holyart.fr\/noel\/creches-noel\/creche-thun\/statuette-enfant-jesus-creche-classique-blanche-thun\">\r\n\t\t\t\t<img decoding=\"async\" src=\"https:\/\/blog.holyart.it\/fr\/wp-content\/uploads\/sites\/14\/2025\/08\/statuette-enfant-jesus-thun-ligne-creche-classique-blanc-1.jpg\" alt=\"statuette enfant jesus thun ligne creche classique blanc\" \/>\r\n\t\t\t<\/a>\r\n\t\t\t<\/div>\r\n\t\t\t<div class=\"sp-caption\">Statuette Enfant J\u00e9sus Cr\u00e8che Classique blanche THUN.<br \/>\nCompl\u00e9tez votre Sainte Famille THUN avec la figurine de l'Enfant J\u00e9sus, en c\u00e9ramique d\u00e9cor\u00e9e \u00e0 la main avec la tendresse et le souci du d\u00e9tail habituels.\n<br \/><strong><a href=\"https:\/\/www.holyart.fr\/noel\/creches-noel\/creche-thun\/statuette-enfant-jesus-creche-classique-blanche-thun\">Acheter sur Holyart<\/a><\/strong><\/div>\r\n\t\t<\/div>\r\n\t\t<div class=\"sp-slide\">\r\n\t\t\t<img loading=\"lazy\" decoding=\"async\" class=\"sp-image\" src=\"https:\/\/blog.holyart.it\/fr\/wp-content\/uploads\/sites\/14\/2025\/08\/joseph-thun-creche-classique-blanche.jpg\" alt=\"joseph thun creche classique blanche\" width=\"500\" height=\"500\" \/>\r\n\t\t\t<div class=\"sp-thumbnail\"><a class=\"\" href=\"https:\/\/www.holyart.fr\/noel\/creches-noel\/creche-thun\/joseph-thun-creche-classique-blanche\">\r\n\t\t\t\t<img decoding=\"async\" src=\"https:\/\/blog.holyart.it\/fr\/wp-content\/uploads\/sites\/14\/2025\/08\/joseph-thun-creche-classique-blanche-1.jpg\" alt=\"joseph thun creche classique blanche\" \/>\r\n\t\t\t<\/a>\r\n\t\t\t<\/div>\r\n\t\t\t<div class=\"sp-caption\">Joseph THUN Cr\u00e8che Classique blanche.<br \/>\nUn grand classique de No\u00ebl s'unit \u00e0 la magie sign\u00e9e THUN.\n<br \/><strong><a href=\"https:\/\/www.holyart.fr\/noel\/creches-noel\/creche-thun\/joseph-thun-creche-classique-blanche\">Acheter sur Holyart<\/a><\/strong><\/div>\r\n\t\t<\/div>\r\n\t\t<div class=\"sp-slide\">\r\n\t\t\t<img loading=\"lazy\" decoding=\"async\" class=\"sp-image\" src=\"https:\/\/blog.holyart.it\/fr\/wp-content\/uploads\/sites\/14\/2025\/08\/etable-pour-creche-classique-thun.jpg\" alt=\"etable pour creche classique thun\" width=\"500\" height=\"500\" \/>\r\n\t\t\t<div class=\"sp-thumbnail\"><a class=\"\" href=\"https:\/\/www.holyart.fr\/noel\/creches-noel\/creche-thun\/etable-pour-creche-classique-thun\">\r\n\t\t\t\t<img decoding=\"async\" src=\"https:\/\/blog.holyart.it\/fr\/wp-content\/uploads\/sites\/14\/2025\/08\/etable-pour-creche-classique-thun-1.jpg\" alt=\"etable pour creche classique thun\" \/>\r\n\t\t\t<\/a>\r\n\t\t\t<\/div>\r\n\t\t\t<div class=\"sp-caption\">\u00c9table pour Cr\u00e8che Classique THUN.\n<br \/><strong><a href=\"https:\/\/www.holyart.fr\/noel\/creches-noel\/creche-thun\/etable-pour-creche-classique-thun\">Acheter sur Holyart<\/a><\/strong><\/div>\r\n\t\t<\/div>\r\n\t\t<div class=\"sp-slide\">\r\n\t\t\t<img loading=\"lazy\" decoding=\"async\" class=\"sp-image\" src=\"https:\/\/blog.holyart.it\/fr\/wp-content\/uploads\/sites\/14\/2025\/08\/ange-annonciation-thun-creche-classique-variante-beige.jpg\" alt=\"ange annonciation thun creche classique variante beige\" width=\"500\" height=\"500\" \/>\r\n\t\t\t<div class=\"sp-thumbnail\"><a class=\"\" href=\"https:\/\/www.holyart.fr\/noel\/creches-noel\/creche-thun\/ange-annonciation-thun-creche-classique-variante-beige\">\r\n\t\t\t\t<img decoding=\"async\" src=\"https:\/\/blog.holyart.it\/fr\/wp-content\/uploads\/sites\/14\/2025\/08\/ange-annonciation-thun-creche-classique-variante-beige-1.jpg\" alt=\"ange annonciation thun creche classique variante beige\" \/>\r\n\t\t\t<\/a>\r\n\t\t\t<\/div>\r\n\t\t\t<div class=\"sp-caption\">Ange Annonciation THUN Cr\u00e8che Classique variante beige.<br \/>\nApportez une touche de spiritualit\u00e9 \u00e0 votre cr\u00e8che avec l'ange de l'Annonciation beige de THUN.\n<br \/><strong><a href=\"https:\/\/www.holyart.fr\/noel\/creches-noel\/creche-thun\/ange-annonciation-thun-creche-classique-variante-beige\">Acheter sur Holyart<\/a><\/strong><\/div>\r\n\t\t<\/div>\r\n\t<\/div>\r\n<\/div>\n<h2>Une cr\u00e8che qui accueille l\u2019humanit\u00e9 en marche<\/h2>\n<p>Les personnages de la <strong>Cr\u00e8che du Jubil\u00e9 THUN <\/strong>ne sont pas de simples santons. Avec leurs visages sereins, leurs mains tendues, leurs gestes aimables, ils \u00e9treignent tous les p\u00e8lerins dans un cercle d\u2019amour. C\u2019est <a href=\"https:\/\/www.holyart.fr\/jubile-2025-pelerins-desperance\/gadgets-et-souvenirs-jubile-2025\/thun-nativite-logo-jubile-2025-edition-limitee\"><strong>l\u2019humble Sainte Famille<\/strong><\/a> qui accueille chaque \u00e2me fatigu\u00e9e, les v\u00eatements souples des savants, les pas lents des bergers, les yeux emplis de merveille des enfants. C\u2019est l\u2019humanit\u00e9 enti\u00e8re qui est en marche vers la lumi\u00e8re, \u00e0 l\u2019ombre de cette croix qui, dans le <a href=\"https:\/\/www.holyart.fr\/blog\/articles-religieux\/la-signification-du-logo-du-jubile-2025-pelerins-desperance\/\"><strong>logo du Jubil\u00e9<\/strong><\/a>, devient ancre de salut. Chaque personnage est fa\u00e7onn\u00e9 et peint \u00e0 la main, avec un soin qui ne s\u2019improvise pas, mais qui nait du respect, de la tradition, de l\u2019amour pour ce qui est destin\u00e9 \u00e0 durer. Les formes arrondies, les expressions pacifiques, les couleurs claires racontent une beaut\u00e9 d\u00e9sarmante, qui n\u2019a pas besoin de surprendre, mais simplement d\u2019\u00eatre contempl\u00e9e. Dans leurs petites mains, ils referment d\u00e9j\u00e0 un souvenir de l\u2019Ann\u00e9e Sainte, un souvenir pr\u00e9cieux, car, quand l\u2019ann\u00e9e sera termin\u00e9e, et que les cloches auront cess\u00e9 de sonner, c\u2019est dans le silence de notre foyer que nous rechercherons le sens profond de ce que nous avons v\u00e9cu. Chaque figurine THUN sera alors un t\u00e9moin silencieux, un gardien d\u2019\u00e9motions, une lampe allum\u00e9e dans les jours sombres. Pour les enfants, il y aura un r\u00e9cit \u00e0 \u00e9couter. Pour les personnes \u00e2g\u00e9es, l\u2019\u00e9cho d\u2019autres Jubil\u00e9s. Pour tous, une invitation \u00e0 s\u2019arr\u00eater, \u00e0 respirer, \u00e0 grandir encore dans la possibilit\u00e9 d\u2019un bien plus grand.<\/p>\n<div class=\"link-product\">\n<div class=\"blocco-immagine\"><img loading=\"lazy\" decoding=\"async\" class=\"wp-image-10832 size-full alignleft\" src=\"https:\/\/blog.holyart.it\/fr\/wp-content\/uploads\/sites\/14\/2025\/08\/nativite-thun-plaque-logo-jubile-2025-e1755013429234.jpg\" alt=\"nativite thun plaque logo jubile 2025\" width=\"100\" height=\"100\" data-kale-share-title=\"THUN et son \u00e9dition limit\u00e9e de la Cr\u00e8che d\u00e9di\u00e9e au Jubil\u00e9 2025\" data-kale-share-url=\"https:\/\/blog.holyart.it\/fr\/?p=10817\" \/><\/div>\n<div class=\"blocco-contenuto\">\n<div class=\"blocco-acquista\">Acheter sur Holyart:<\/div>\n<div class=\"blocco-titolo\"><a href=\"https:\/\/www.holyart.fr\/jubile-2025-pelerins-desperance\/gadgets-et-souvenirs-jubile-2025\/thun-nativite-logo-jubile-2025-edition-limitee\">THUN Nativit\u00e9 logo Jubil\u00e9 2025 \u00e9dition limit\u00e9e<\/a><\/div>\n<div class=\"blocco-descrizione\">Mini cr\u00e8che sign\u00e9e THUN repr\u00e9sentant la Nativit\u00e9, cr\u00e9\u00e9e pour le Jubil\u00e9 2025.<\/div>\n<\/div>\n<\/div>\n<h2>THUN : quand l\u2019art devient caresse pour l\u2019\u00e2me<\/h2>\n<p>Dans l\u2019histoire de THUN, chaque geste est une intention, chaque d\u00e9tail est porteur de sens. Comme dans les <em>Anges Gardiens<\/em>, qui portent grav\u00e9s au verso des mots l\u00e9gers comme le souffle du ciel, les personnages de la cr\u00e8che jubilaire aussi parlent un langage silencieux, fait pour ceux qui savent voir avec les yeux du c\u0153ur. Le plie d\u2019une cape, un sourire esquiss\u00e9, le regard tourn\u00e9 vers l\u2019infini\u00a0: tout raconte quelque chose. La c\u00e9ramique, entre les mains des artisans, devient \u00e9criture sans mots, po\u00e9sie qui prend forme, pr\u00e9sence sacr\u00e9e dans le quotidien. Un Dieu qui ne l\u00e8ve pas la voix, mais qui se r\u00e9v\u00e8le dans les d\u00e9tails les plus simples, dans le quotidien, dans les petits gestes, dans les symboles qui parlent doucement. La collection de la Cr\u00e8che du Jubil\u00e9 nait avec cette m\u00eame d\u00e9licatesse\u00a0: con\u00e7ue pour durer dans le temps, pour habiter la m\u00e9moire et accompagner la pri\u00e8re. Elle parle aux grands-parents qui se souviennent des Jubil\u00e9s pr\u00e9c\u00e9dents, aux parents qui transmettent la foi avec l\u2019exemple, aux enfants qui font leurs premiers pas dans le myst\u00e8re de l\u2019esp\u00e9rance.<\/p>\n<h2>Quand la beaut\u00e9 devient don : art qui soigne, art qui unit<\/h2>\n<p>THUN est synonyme de beaut\u00e9, mais la marque ne s\u2019arr\u00eate pas \u00e0 la forme. Elle incarne aussi un engagement concret, un choix de responsabilit\u00e9. Depuis 2022, elle est devenue une <em>Benefit Corporation<\/em>, et elle a fait de sa mission artistique un acte d\u2019amour. Car la beaut\u00e9 authentique n\u2019est jamais une fin en soi. Entre dans les h\u00f4pitaux, touche ceux qui souffrent. \u00c0 travers la <strong>Fondation Lene Thun<\/strong>, les laboratoires de c\u00e9ramique-th\u00e9rapie offrent sourire et force aux enfants sous traitement, en transformant la fragilit\u00e9 en couleur, la peur en cr\u00e9ation. Cette m\u00eame vocation vit \u00e9galement dans la <a href=\"https:\/\/www.holyart.fr\/jubile-2025-pelerins-desperance\/gadgets-et-souvenirs-jubile-2025?page=1&amp;params=%7B%22offset%22:0,%22limit%22:60,%22filters%22:%5B%5D,%22sorter%22:%22YEAR_BEST_SELLERS%22,%22categoryIds%22:%5B108585%5D,%22filtersByIds%22:%5B%7B%22key%22:39,%22values%22:%5B3233%5D%7D%5D%7D\"><strong>collection du Jubil\u00e9<\/strong><\/a>. Chaque personnage est impr\u00e9gn\u00e9 de soin, d\u2019inclusion, d\u2019esp\u00e9rance partag\u00e9e. C\u2019est plus qu\u2019une figurine en c\u00e9ramique : c\u2019est une petite graine de bien, pr\u00eate \u00e0 germer dans le c\u0153ur de qui l\u2019accueille.<\/p>\n<div class=\"sp-styles-warning\" style=\"width: 450px; background-color: #FFF; color: #F00; border: 1px solid #F00; padding: 10px; font-size: 14px;\">\n\t\t\t<span style=\"font-weight: bold;\">Warning: The stylesheets were not loaded!<\/span> \n\t\t\tYou will need to change the <i>Load stylesheets<\/i> setting from <i>Automatically<\/i> to <i>On homepage<\/i> or <i>On all pages<\/i>. \n\t\t\tYou can set that <a style=\"text-decoration: underline; color: #F00;\" href=\"https:\/\/blog.holyart.it\/fr\/wp-admin\/admin.php?page=sliderpro-settings\">here<\/a>.\n\t\t\t<\/div>\r\n<div id=\"slider-pro-178\" class=\"slider-pro sp-no-js\" style=\"width: 500px; height: 500px;\">\r\n\t<div class=\"sp-slides\">\r\n\t\t\r\n\t\t<div class=\"sp-slide\">\r\n\t\t\t<img loading=\"lazy\" decoding=\"async\" class=\"sp-image\" src=\"https:\/\/blog.holyart.it\/fr\/wp-content\/uploads\/sites\/14\/2025\/08\/teddy-pelerin-thun-jubile-2025.jpg\" alt=\"teddy pelerin thun jubile 2025\" width=\"500\" height=\"500\" \/>\r\n\t\t\t<div class=\"sp-thumbnail\"><a class=\"\" href=\"https:\/\/www.holyart.fr\/jubile-2025-pelerins-desperance\/gadgets-et-souvenirs-jubile-2025\/teddy-pelerin-thun-jubile-2025-edition-limitee\">\r\n\t\t\t\t<img decoding=\"async\" src=\"https:\/\/blog.holyart.it\/fr\/wp-content\/uploads\/sites\/14\/2025\/08\/teddy-pelerin-thun-jubile-2025-1.jpg\" alt=\"teddy pelerin thun jubile 2025\" \/>\r\n\t\t\t<\/a>\r\n\t\t\t<\/div>\r\n\t\t\t<div class=\"sp-caption\">Teddy p\u00e8lerin THUN Jubil\u00e9 2025 - \u00c9dition limit\u00e9e<br \/>\nStatuette sign\u00e9e THUN repr\u00e9sentant un tendre ourson habill\u00e9 en p\u00e8lerin de l'esp\u00e9rance, \u00e0 l'occasion du Jubil\u00e9 2025.\n<br \/><strong><a href=\"https:\/\/www.holyart.fr\/jubile-2025-pelerins-desperance\/gadgets-et-souvenirs-jubile-2025\/teddy-pelerin-thun-jubile-2025-edition-limitee\">Acheter sur Holyart<\/a><\/strong><\/div>\r\n\t\t<\/div>\r\n\t\t<div class=\"sp-slide\">\r\n\t\t\t<img loading=\"lazy\" decoding=\"async\" class=\"sp-image\" src=\"https:\/\/blog.holyart.it\/fr\/wp-content\/uploads\/sites\/14\/2025\/08\/tasse-thun-avec-teddy-pelerin-jubile-2025.jpg\" alt=\"tasse thun avec teddy pelerin jubile 2025\" width=\"500\" height=\"500\" \/>\r\n\t\t\t<div class=\"sp-thumbnail\"><a class=\"\" href=\"https:\/\/www.holyart.fr\/jubile-2025-pelerins-desperance\/gadgets-et-souvenirs-jubile-2025\/tasse-thun-avec-teddy-pelerin-jubile-2025\">\r\n\t\t\t\t<img decoding=\"async\" src=\"https:\/\/blog.holyart.it\/fr\/wp-content\/uploads\/sites\/14\/2025\/08\/tasse-thun-avec-teddy-pelerin-jubile-2025-1.jpg\" alt=\"tasse thun avec teddy pelerin jubile 2025\" \/>\r\n\t\t\t<\/a>\r\n\t\t\t<\/div>\r\n\t\t\t<div class=\"sp-caption\">Tasse THUN avec Teddy p\u00e8lerin Jubil\u00e9 2025.<br \/>\nTasse sign\u00e9e THUN repr\u00e9sentant le tendre Teddy v\u00eatu en p\u00e8lerin de l'esp\u00e9rance, affrontant la route avec une \u00e9glise en arri\u00e8re-plan, symbole du Jubil\u00e9 2025.\n<br \/><strong><a href=\"https:\/\/www.holyart.fr\/jubile-2025-pelerins-desperance\/gadgets-et-souvenirs-jubile-2025\/tasse-thun-avec-teddy-pelerin-jubile-2025\">Acheter sur Holyart<\/a><\/strong><\/div>\r\n\t\t<\/div>\r\n\t\t<div class=\"sp-slide\">\r\n\t\t\t<img loading=\"lazy\" decoding=\"async\" class=\"sp-image\" src=\"https:\/\/blog.holyart.it\/fr\/wp-content\/uploads\/sites\/14\/2025\/08\/porte-cles-thun-teddy-pelerin-jubile-2025.jpg\" alt=\"porte cles thun teddy pelerin jubile 2025\" width=\"500\" height=\"500\" \/>\r\n\t\t\t<div class=\"sp-thumbnail\"><a class=\"\" href=\"https:\/\/www.holyart.fr\/jubile-2025-pelerins-desperance\/gadgets-et-souvenirs-jubile-2025\/porte-cles-thun-teddy-pelerin-jubile-2025\">\r\n\t\t\t\t<img decoding=\"async\" src=\"https:\/\/blog.holyart.it\/fr\/wp-content\/uploads\/sites\/14\/2025\/08\/porte-cles-thun-teddy-pelerin-jubile-2025-1.jpg\" alt=\"porte cles thun teddy pelerin jubile 2025\" \/>\r\n\t\t\t<\/a>\r\n\t\t\t<\/div>\r\n\t\t\t<div class=\"sp-caption\">Porte-cl\u00e9s THUN Teddy p\u00e8lerin Jubil\u00e9 2025.<br \/>\nPorte-cl\u00e9s \u00e9maill\u00e9 sign\u00e9 THUN, repr\u00e9sentant le doux Teddy habill\u00e9 en p\u00e8lerin de l'esp\u00e9rance, avec un b\u00e2ton et un sac d\u00e9cor\u00e9 du logo officiel du Jubil\u00e9 2025.\n<br \/><strong><a href=\"https:\/\/www.holyart.fr\/jubile-2025-pelerins-desperance\/gadgets-et-souvenirs-jubile-2025\/porte-cles-thun-teddy-pelerin-jubile-2025\">Acheter sur Holyart<\/a><\/strong><\/div>\r\n\t\t<\/div>\r\n\t\t<div class=\"sp-slide\">\r\n\t\t\t<img loading=\"lazy\" decoding=\"async\" class=\"sp-image\" src=\"https:\/\/blog.holyart.it\/fr\/wp-content\/uploads\/sites\/14\/2025\/08\/pelerin-a-genoux-thun-jubile-2025.jpg\" alt=\"pelerin a genoux thun jubile 2025\" width=\"500\" height=\"500\" \/>\r\n\t\t\t<div class=\"sp-thumbnail\"><a class=\"\" href=\"https:\/\/www.holyart.fr\/jubile-2025-pelerins-desperance\/gadgets-et-souvenirs-jubile-2025\/pelerin-a-genoux-thun-jubile-2025-edition-limitee\">\r\n\t\t\t\t<img decoding=\"async\" src=\"https:\/\/blog.holyart.it\/fr\/wp-content\/uploads\/sites\/14\/2025\/08\/pelerin-a-genoux-thun-jubile-2025-1.jpg\" alt=\"pelerin a genoux thun jubile 2025\" \/>\r\n\t\t\t<\/a>\r\n\t\t\t<\/div>\r\n\t\t\t<div class=\"sp-caption\">P\u00e8lerin \u00e0 genoux THUN Jubil\u00e9 2025 - \u00c9dition limit\u00e9e<br \/>\nStatuette sign\u00e9e THUN repr\u00e9sentant un p\u00e8lerin de l'espoir, agenouill\u00e9 avec un b\u00e2ton dans les mains, cr\u00e9\u00e9e pour le Jubil\u00e9 2025.\n<br \/><strong><a href=\"https:\/\/www.holyart.fr\/jubile-2025-pelerins-desperance\/gadgets-et-souvenirs-jubile-2025\/pelerin-a-genoux-thun-jubile-2025-edition-limitee\">Acheter sur Holyart<\/a><\/strong><\/div>\r\n\t\t<\/div>\r\n\t\t<div class=\"sp-slide\">\r\n\t\t\t<img loading=\"lazy\" decoding=\"async\" class=\"sp-image\" src=\"https:\/\/blog.holyart.it\/fr\/wp-content\/uploads\/sites\/14\/2025\/08\/nativite-thun-plaque-logo-jubile-2025-1.jpg\" alt=\"nativite thun plaque logo jubile 2025\" width=\"500\" height=\"500\" \/>\r\n\t\t\t<div class=\"sp-thumbnail\"><a class=\"\" href=\"https:\/\/www.holyart.fr\/jubile-2025-pelerins-desperance\/gadgets-et-souvenirs-jubile-2025\/thun-nativite-logo-jubile-2025-edition-limitee\">\r\n\t\t\t\t<img decoding=\"async\" src=\"https:\/\/blog.holyart.it\/fr\/wp-content\/uploads\/sites\/14\/2025\/08\/nativite-thun-plaque-logo-jubile-2025-2.jpg\" alt=\"nativite thun plaque logo jubile 2025\" \/>\r\n\t\t\t<\/a>\r\n\t\t\t<\/div>\r\n\t\t\t<div class=\"sp-caption\">Nativit\u00e9 THUN plaque logo Jubil\u00e9 2025.<br \/>\nMini cr\u00e8che sign\u00e9e THUN repr\u00e9sentant la Nativit\u00e9, cr\u00e9\u00e9e pour le Jubil\u00e9 2025.\n<br \/><strong><a href=\"https:\/\/www.holyart.fr\/jubile-2025-pelerins-desperance\/gadgets-et-souvenirs-jubile-2025\/thun-nativite-logo-jubile-2025-edition-limitee\">Acheter sur Holyart<\/a><\/strong><\/div>\r\n\t\t<\/div>\r\n\t<\/div>\r\n<\/div>\n","protected":false},"excerpt":{"rendered":"<p>THUN Cr\u00e8che Jubil\u00e9 2025 : quand la foi prend forme entre les mains des anges Dans le silence d\u2019un atelier alpin, entre les montagnes enneig\u00e9es et le parfum d\u2019argile, des cr\u00e9atures qui parlent au c\u0153ur voient le jour. C\u2019est l\u00e0 que, il y a plus&hellip;<\/p>\n","protected":false},"author":1,"featured_media":10831,"comment_status":"closed","ping_status":"open","sticky":false,"template":"","format":"standard","meta":{"_acf_changed":false,"footnotes":""},"categories":[13],"tags":[],"class_list":["post-10817","post","type-post","status-publish","format-standard","has-post-thumbnail","hentry","category-jubile-2025"],"acf":[],"yoast_head":"<!-- This site is optimized with the Yoast SEO plugin v26.6 - https:\/\/yoast.com\/wordpress\/plugins\/seo\/ -->\n<title>THUN et son \u00e9dition limit\u00e9e de la Cr\u00e8che d\u00e9di\u00e9e au Jubil\u00e9 2025 - Holyart.fr Blog<\/title>\n<meta name=\"description\" content=\"La nouvelle collection exclusive THUN Cr\u00e8che Jubil\u00e9 2025 : quand la foi prend forme entre les mains des anges\" \/>\n<meta name=\"robots\" content=\"index, follow, max-snippet:-1, max-image-preview:large, max-video-preview:-1\" \/>\n<link rel=\"canonical\" href=\"https:\/\/blog.holyart.it\/fr\/jubile-2025\/thun-et-son-edition-limitee-de-la-creche-dediee-au-jubile-2025\/\" \/>\n<meta property=\"og:locale\" content=\"fr_FR\" \/>\n<meta property=\"og:type\" content=\"article\" \/>\n<meta property=\"og:title\" content=\"THUN et son \u00e9dition limit\u00e9e de la Cr\u00e8che d\u00e9di\u00e9e au Jubil\u00e9 2025 - Holyart.fr Blog\" \/>\n<meta property=\"og:description\" content=\"La nouvelle collection exclusive THUN Cr\u00e8che Jubil\u00e9 2025 : quand la foi prend forme entre les mains des anges\" \/>\n<meta property=\"og:url\" content=\"https:\/\/blog.holyart.it\/fr\/jubile-2025\/thun-et-son-edition-limitee-de-la-creche-dediee-au-jubile-2025\/\" \/>\n<meta property=\"og:site_name\" content=\"Holyart.fr Blog\" \/>\n<meta property=\"article:published_time\" content=\"2025-08-18T08:00:35+00:00\" \/>\n<meta property=\"article:modified_time\" content=\"2025-09-30T15:30:22+00:00\" \/>\n<meta property=\"og:image\" content=\"https:\/\/blog.holyart.it\/fr\/wp-content\/uploads\/sites\/14\/2025\/08\/thun-blog-fr.jpg\" \/>\n\t<meta property=\"og:image:width\" content=\"1000\" \/>\n\t<meta property=\"og:image:height\" content=\"666\" \/>\n\t<meta property=\"og:image:type\" content=\"image\/jpeg\" \/>\n<meta name=\"author\" content=\"Redazione\" \/>\n<meta name=\"twitter:card\" content=\"summary_large_image\" \/>\n<meta name=\"twitter:label1\" content=\"\u00c9crit par\" \/>\n\t<meta name=\"twitter:data1\" content=\"Redazione\" \/>\n\t<meta name=\"twitter:label2\" content=\"Dur\u00e9e de lecture estim\u00e9e\" \/>\n\t<meta name=\"twitter:data2\" content=\"6 minutes\" \/>\n<script type=\"application\/ld+json\" class=\"yoast-schema-graph\">{\"@context\":\"https:\/\/schema.org\",\"@graph\":[{\"@type\":\"Article\",\"@id\":\"https:\/\/blog.holyart.it\/fr\/jubile-2025\/thun-et-son-edition-limitee-de-la-creche-dediee-au-jubile-2025\/#article\",\"isPartOf\":{\"@id\":\"https:\/\/blog.holyart.it\/fr\/jubile-2025\/thun-et-son-edition-limitee-de-la-creche-dediee-au-jubile-2025\/\"},\"author\":{\"name\":\"Redazione\",\"@id\":\"https:\/\/blog.holyart.it\/fr\/#\/schema\/person\/0a7b686e5af0f856ec1e390dd0baecda\"},\"headline\":\"THUN et son \u00e9dition limit\u00e9e de la Cr\u00e8che d\u00e9di\u00e9e au Jubil\u00e9 2025\",\"datePublished\":\"2025-08-18T08:00:35+00:00\",\"dateModified\":\"2025-09-30T15:30:22+00:00\",\"mainEntityOfPage\":{\"@id\":\"https:\/\/blog.holyart.it\/fr\/jubile-2025\/thun-et-son-edition-limitee-de-la-creche-dediee-au-jubile-2025\/\"},\"wordCount\":1234,\"publisher\":{\"@id\":\"https:\/\/blog.holyart.it\/fr\/#organization\"},\"image\":{\"@id\":\"https:\/\/blog.holyart.it\/fr\/jubile-2025\/thun-et-son-edition-limitee-de-la-creche-dediee-au-jubile-2025\/#primaryimage\"},\"thumbnailUrl\":\"https:\/\/blog.holyart.it\/fr\/wp-content\/uploads\/sites\/14\/2025\/08\/thun-blog-fr.jpg\",\"articleSection\":[\"Jubil\u00e9 2025\"],\"inLanguage\":\"fr-FR\"},{\"@type\":\"WebPage\",\"@id\":\"https:\/\/blog.holyart.it\/fr\/jubile-2025\/thun-et-son-edition-limitee-de-la-creche-dediee-au-jubile-2025\/\",\"url\":\"https:\/\/blog.holyart.it\/fr\/jubile-2025\/thun-et-son-edition-limitee-de-la-creche-dediee-au-jubile-2025\/\",\"name\":\"THUN et son \u00e9dition limit\u00e9e de la Cr\u00e8che d\u00e9di\u00e9e au Jubil\u00e9 2025 - Holyart.fr Blog\",\"isPartOf\":{\"@id\":\"https:\/\/blog.holyart.it\/fr\/#website\"},\"primaryImageOfPage\":{\"@id\":\"https:\/\/blog.holyart.it\/fr\/jubile-2025\/thun-et-son-edition-limitee-de-la-creche-dediee-au-jubile-2025\/#primaryimage\"},\"image\":{\"@id\":\"https:\/\/blog.holyart.it\/fr\/jubile-2025\/thun-et-son-edition-limitee-de-la-creche-dediee-au-jubile-2025\/#primaryimage\"},\"thumbnailUrl\":\"https:\/\/blog.holyart.it\/fr\/wp-content\/uploads\/sites\/14\/2025\/08\/thun-blog-fr.jpg\",\"datePublished\":\"2025-08-18T08:00:35+00:00\",\"dateModified\":\"2025-09-30T15:30:22+00:00\",\"description\":\"La nouvelle collection exclusive THUN Cr\u00e8che Jubil\u00e9 2025 : quand la foi prend forme entre les mains des anges\",\"breadcrumb\":{\"@id\":\"https:\/\/blog.holyart.it\/fr\/jubile-2025\/thun-et-son-edition-limitee-de-la-creche-dediee-au-jubile-2025\/#breadcrumb\"},\"inLanguage\":\"fr-FR\",\"potentialAction\":[{\"@type\":\"ReadAction\",\"target\":[\"https:\/\/blog.holyart.it\/fr\/jubile-2025\/thun-et-son-edition-limitee-de-la-creche-dediee-au-jubile-2025\/\"]}]},{\"@type\":\"ImageObject\",\"inLanguage\":\"fr-FR\",\"@id\":\"https:\/\/blog.holyart.it\/fr\/jubile-2025\/thun-et-son-edition-limitee-de-la-creche-dediee-au-jubile-2025\/#primaryimage\",\"url\":\"https:\/\/blog.holyart.it\/fr\/wp-content\/uploads\/sites\/14\/2025\/08\/thun-blog-fr.jpg\",\"contentUrl\":\"https:\/\/blog.holyart.it\/fr\/wp-content\/uploads\/sites\/14\/2025\/08\/thun-blog-fr.jpg\",\"width\":1000,\"height\":666,\"caption\":\"thun crech\u00e8 jubil\u00e9\"},{\"@type\":\"BreadcrumbList\",\"@id\":\"https:\/\/blog.holyart.it\/fr\/jubile-2025\/thun-et-son-edition-limitee-de-la-creche-dediee-au-jubile-2025\/#breadcrumb\",\"itemListElement\":[{\"@type\":\"ListItem\",\"position\":1,\"name\":\"Homepage\",\"item\":\"https:\/\/blog.holyart.it\/fr\/\"},{\"@type\":\"ListItem\",\"position\":2,\"name\":\"Jubil\u00e9 2025\",\"item\":\"https:\/\/blog.holyart.it\/fr\/jubile-2025\/\"},{\"@type\":\"ListItem\",\"position\":3,\"name\":\"THUN et son \u00e9dition limit\u00e9e de la Cr\u00e8che d\u00e9di\u00e9e au Jubil\u00e9 2025\"}]},{\"@type\":\"WebSite\",\"@id\":\"https:\/\/blog.holyart.it\/fr\/#website\",\"url\":\"https:\/\/blog.holyart.it\/fr\/\",\"name\":\"Holyart.fr Blog\",\"description\":\"Holyblog\",\"publisher\":{\"@id\":\"https:\/\/blog.holyart.it\/fr\/#organization\"},\"potentialAction\":[{\"@type\":\"SearchAction\",\"target\":{\"@type\":\"EntryPoint\",\"urlTemplate\":\"https:\/\/blog.holyart.it\/fr\/?s={search_term_string}\"},\"query-input\":{\"@type\":\"PropertyValueSpecification\",\"valueRequired\":true,\"valueName\":\"search_term_string\"}}],\"inLanguage\":\"fr-FR\"},{\"@type\":\"Organization\",\"@id\":\"https:\/\/blog.holyart.it\/fr\/#organization\",\"name\":\"Holyart.fr Blog\",\"url\":\"https:\/\/blog.holyart.it\/fr\/\",\"logo\":{\"@type\":\"ImageObject\",\"inLanguage\":\"fr-FR\",\"@id\":\"https:\/\/blog.holyart.it\/fr\/#\/schema\/logo\/image\/\",\"url\":\"https:\/\/blog.holyart.it\/fr\/wp-content\/uploads\/sites\/14\/2022\/12\/Holyart_Blog_Logo.jpg\",\"contentUrl\":\"https:\/\/blog.holyart.it\/fr\/wp-content\/uploads\/sites\/14\/2022\/12\/Holyart_Blog_Logo.jpg\",\"width\":300,\"height\":50,\"caption\":\"Holyart.fr Blog\"},\"image\":{\"@id\":\"https:\/\/blog.holyart.it\/fr\/#\/schema\/logo\/image\/\"}},{\"@type\":\"Person\",\"@id\":\"https:\/\/blog.holyart.it\/fr\/#\/schema\/person\/0a7b686e5af0f856ec1e390dd0baecda\",\"name\":\"Redazione\",\"image\":{\"@type\":\"ImageObject\",\"inLanguage\":\"fr-FR\",\"@id\":\"https:\/\/blog.holyart.it\/fr\/#\/schema\/person\/image\/\",\"url\":\"https:\/\/secure.gravatar.com\/avatar\/f477da817f43e50d0af36abecd33e3edf826c68299714bdc1057dff3b113f516?s=96&d=mm&r=g\",\"contentUrl\":\"https:\/\/secure.gravatar.com\/avatar\/f477da817f43e50d0af36abecd33e3edf826c68299714bdc1057dff3b113f516?s=96&d=mm&r=g\",\"caption\":\"Redazione\"},\"url\":\"https:\/\/blog.holyart.it\/fr\/author\/admin\/\"}]}<\/script>\n<!-- \/ Yoast SEO plugin. -->","yoast_head_json":{"title":"THUN et son \u00e9dition limit\u00e9e de la Cr\u00e8che d\u00e9di\u00e9e au Jubil\u00e9 2025 - Holyart.fr Blog","description":"La nouvelle collection exclusive THUN Cr\u00e8che Jubil\u00e9 2025 : quand la foi prend forme entre les mains des anges","robots":{"index":"index","follow":"follow","max-snippet":"max-snippet:-1","max-image-preview":"max-image-preview:large","max-video-preview":"max-video-preview:-1"},"canonical":"https:\/\/blog.holyart.it\/fr\/jubile-2025\/thun-et-son-edition-limitee-de-la-creche-dediee-au-jubile-2025\/","og_locale":"fr_FR","og_type":"article","og_title":"THUN et son \u00e9dition limit\u00e9e de la Cr\u00e8che d\u00e9di\u00e9e au Jubil\u00e9 2025 - Holyart.fr Blog","og_description":"La nouvelle collection exclusive THUN Cr\u00e8che Jubil\u00e9 2025 : quand la foi prend forme entre les mains des anges","og_url":"https:\/\/blog.holyart.it\/fr\/jubile-2025\/thun-et-son-edition-limitee-de-la-creche-dediee-au-jubile-2025\/","og_site_name":"Holyart.fr Blog","article_published_time":"2025-08-18T08:00:35+00:00","article_modified_time":"2025-09-30T15:30:22+00:00","og_image":[{"width":1000,"height":666,"url":"https:\/\/blog.holyart.it\/fr\/wp-content\/uploads\/sites\/14\/2025\/08\/thun-blog-fr.jpg","type":"image\/jpeg"}],"author":"Redazione","twitter_card":"summary_large_image","twitter_misc":{"\u00c9crit par":"Redazione","Dur\u00e9e de lecture estim\u00e9e":"6 minutes"},"schema":{"@context":"https:\/\/schema.org","@graph":[{"@type":"Article","@id":"https:\/\/blog.holyart.it\/fr\/jubile-2025\/thun-et-son-edition-limitee-de-la-creche-dediee-au-jubile-2025\/#article","isPartOf":{"@id":"https:\/\/blog.holyart.it\/fr\/jubile-2025\/thun-et-son-edition-limitee-de-la-creche-dediee-au-jubile-2025\/"},"author":{"name":"Redazione","@id":"https:\/\/blog.holyart.it\/fr\/#\/schema\/person\/0a7b686e5af0f856ec1e390dd0baecda"},"headline":"THUN et son \u00e9dition limit\u00e9e de la Cr\u00e8che d\u00e9di\u00e9e au Jubil\u00e9 2025","datePublished":"2025-08-18T08:00:35+00:00","dateModified":"2025-09-30T15:30:22+00:00","mainEntityOfPage":{"@id":"https:\/\/blog.holyart.it\/fr\/jubile-2025\/thun-et-son-edition-limitee-de-la-creche-dediee-au-jubile-2025\/"},"wordCount":1234,"publisher":{"@id":"https:\/\/blog.holyart.it\/fr\/#organization"},"image":{"@id":"https:\/\/blog.holyart.it\/fr\/jubile-2025\/thun-et-son-edition-limitee-de-la-creche-dediee-au-jubile-2025\/#primaryimage"},"thumbnailUrl":"https:\/\/blog.holyart.it\/fr\/wp-content\/uploads\/sites\/14\/2025\/08\/thun-blog-fr.jpg","articleSection":["Jubil\u00e9 2025"],"inLanguage":"fr-FR"},{"@type":"WebPage","@id":"https:\/\/blog.holyart.it\/fr\/jubile-2025\/thun-et-son-edition-limitee-de-la-creche-dediee-au-jubile-2025\/","url":"https:\/\/blog.holyart.it\/fr\/jubile-2025\/thun-et-son-edition-limitee-de-la-creche-dediee-au-jubile-2025\/","name":"THUN et son \u00e9dition limit\u00e9e de la Cr\u00e8che d\u00e9di\u00e9e au Jubil\u00e9 2025 - Holyart.fr Blog","isPartOf":{"@id":"https:\/\/blog.holyart.it\/fr\/#website"},"primaryImageOfPage":{"@id":"https:\/\/blog.holyart.it\/fr\/jubile-2025\/thun-et-son-edition-limitee-de-la-creche-dediee-au-jubile-2025\/#primaryimage"},"image":{"@id":"https:\/\/blog.holyart.it\/fr\/jubile-2025\/thun-et-son-edition-limitee-de-la-creche-dediee-au-jubile-2025\/#primaryimage"},"thumbnailUrl":"https:\/\/blog.holyart.it\/fr\/wp-content\/uploads\/sites\/14\/2025\/08\/thun-blog-fr.jpg","datePublished":"2025-08-18T08:00:35+00:00","dateModified":"2025-09-30T15:30:22+00:00","description":"La nouvelle collection exclusive THUN Cr\u00e8che Jubil\u00e9 2025 : quand la foi prend forme entre les mains des anges","breadcrumb":{"@id":"https:\/\/blog.holyart.it\/fr\/jubile-2025\/thun-et-son-edition-limitee-de-la-creche-dediee-au-jubile-2025\/#breadcrumb"},"inLanguage":"fr-FR","potentialAction":[{"@type":"ReadAction","target":["https:\/\/blog.holyart.it\/fr\/jubile-2025\/thun-et-son-edition-limitee-de-la-creche-dediee-au-jubile-2025\/"]}]},{"@type":"ImageObject","inLanguage":"fr-FR","@id":"https:\/\/blog.holyart.it\/fr\/jubile-2025\/thun-et-son-edition-limitee-de-la-creche-dediee-au-jubile-2025\/#primaryimage","url":"https:\/\/blog.holyart.it\/fr\/wp-content\/uploads\/sites\/14\/2025\/08\/thun-blog-fr.jpg","contentUrl":"https:\/\/blog.holyart.it\/fr\/wp-content\/uploads\/sites\/14\/2025\/08\/thun-blog-fr.jpg","width":1000,"height":666,"caption":"thun crech\u00e8 jubil\u00e9"},{"@type":"BreadcrumbList","@id":"https:\/\/blog.holyart.it\/fr\/jubile-2025\/thun-et-son-edition-limitee-de-la-creche-dediee-au-jubile-2025\/#breadcrumb","itemListElement":[{"@type":"ListItem","position":1,"name":"Homepage","item":"https:\/\/blog.holyart.it\/fr\/"},{"@type":"ListItem","position":2,"name":"Jubil\u00e9 2025","item":"https:\/\/blog.holyart.it\/fr\/jubile-2025\/"},{"@type":"ListItem","position":3,"name":"THUN et son \u00e9dition limit\u00e9e de la Cr\u00e8che d\u00e9di\u00e9e au Jubil\u00e9 2025"}]},{"@type":"WebSite","@id":"https:\/\/blog.holyart.it\/fr\/#website","url":"https:\/\/blog.holyart.it\/fr\/","name":"Holyart.fr Blog","description":"Holyblog","publisher":{"@id":"https:\/\/blog.holyart.it\/fr\/#organization"},"potentialAction":[{"@type":"SearchAction","target":{"@type":"EntryPoint","urlTemplate":"https:\/\/blog.holyart.it\/fr\/?s={search_term_string}"},"query-input":{"@type":"PropertyValueSpecification","valueRequired":true,"valueName":"search_term_string"}}],"inLanguage":"fr-FR"},{"@type":"Organization","@id":"https:\/\/blog.holyart.it\/fr\/#organization","name":"Holyart.fr Blog","url":"https:\/\/blog.holyart.it\/fr\/","logo":{"@type":"ImageObject","inLanguage":"fr-FR","@id":"https:\/\/blog.holyart.it\/fr\/#\/schema\/logo\/image\/","url":"https:\/\/blog.holyart.it\/fr\/wp-content\/uploads\/sites\/14\/2022\/12\/Holyart_Blog_Logo.jpg","contentUrl":"https:\/\/blog.holyart.it\/fr\/wp-content\/uploads\/sites\/14\/2022\/12\/Holyart_Blog_Logo.jpg","width":300,"height":50,"caption":"Holyart.fr Blog"},"image":{"@id":"https:\/\/blog.holyart.it\/fr\/#\/schema\/logo\/image\/"}},{"@type":"Person","@id":"https:\/\/blog.holyart.it\/fr\/#\/schema\/person\/0a7b686e5af0f856ec1e390dd0baecda","name":"Redazione","image":{"@type":"ImageObject","inLanguage":"fr-FR","@id":"https:\/\/blog.holyart.it\/fr\/#\/schema\/person\/image\/","url":"https:\/\/secure.gravatar.com\/avatar\/f477da817f43e50d0af36abecd33e3edf826c68299714bdc1057dff3b113f516?s=96&d=mm&r=g","contentUrl":"https:\/\/secure.gravatar.com\/avatar\/f477da817f43e50d0af36abecd33e3edf826c68299714bdc1057dff3b113f516?s=96&d=mm&r=g","caption":"Redazione"},"url":"https:\/\/blog.holyart.it\/fr\/author\/admin\/"}]}},"_links":{"self":[{"href":"https:\/\/blog.holyart.it\/fr\/wp-json\/wp\/v2\/posts\/10817","targetHints":{"allow":["GET"]}}],"collection":[{"href":"https:\/\/blog.holyart.it\/fr\/wp-json\/wp\/v2\/posts"}],"about":[{"href":"https:\/\/blog.holyart.it\/fr\/wp-json\/wp\/v2\/types\/post"}],"author":[{"embeddable":true,"href":"https:\/\/blog.holyart.it\/fr\/wp-json\/wp\/v2\/users\/1"}],"replies":[{"embeddable":true,"href":"https:\/\/blog.holyart.it\/fr\/wp-json\/wp\/v2\/comments?post=10817"}],"version-history":[{"count":4,"href":"https:\/\/blog.holyart.it\/fr\/wp-json\/wp\/v2\/posts\/10817\/revisions"}],"predecessor-version":[{"id":10843,"href":"https:\/\/blog.holyart.it\/fr\/wp-json\/wp\/v2\/posts\/10817\/revisions\/10843"}],"wp:featuredmedia":[{"embeddable":true,"href":"https:\/\/blog.holyart.it\/fr\/wp-json\/wp\/v2\/media\/10831"}],"wp:attachment":[{"href":"https:\/\/blog.holyart.it\/fr\/wp-json\/wp\/v2\/media?parent=10817"}],"wp:term":[{"taxonomy":"category","embeddable":true,"href":"https:\/\/blog.holyart.it\/fr\/wp-json\/wp\/v2\/categories?post=10817"},{"taxonomy":"post_tag","embeddable":true,"href":"https:\/\/blog.holyart.it\/fr\/wp-json\/wp\/v2\/tags?post=10817"}],"curies":[{"name":"wp","href":"https:\/\/api.w.org\/{rel}","templated":true}]}}