{"id":10790,"date":"2025-08-13T10:00:54","date_gmt":"2025-08-13T08:00:54","guid":{"rendered":"https:\/\/blog.holyart.it\/fr\/?p=10790"},"modified":"2025-10-08T15:38:37","modified_gmt":"2025-10-08T13:38:37","slug":"a-quoi-servent-les-gardes-suisses","status":"publish","type":"post","link":"https:\/\/blog.holyart.it\/fr\/articles-religieux\/a-quoi-servent-les-gardes-suisses\/","title":{"rendered":"\u00c0 quoi servent les gardes suisses"},"content":{"rendered":"<h4><em>Depuis cinq cents ans, les Gardes Suisses prot\u00e8gent la s\u00e9curit\u00e9 du Pape et veillent sur le Vatican. Voici qui sont ces hommes aux pittoresques uniformes jaunes, rouges et bleues<\/em><\/h4>\n\n<p>Les <strong>Gardes Suisses<\/strong>, connus \u00e9galement comme Gardes papales ou Garde suisse pontificale, sont une des institutions les plus anciennes et les plus fascinantes du monde. Fond\u00e9es en 1506, ces gardes ont la t\u00e2che de <strong>prot\u00e9ger le Pape et le Vatican<\/strong>. \u00c0 l\u2019approche du <a href=\"https:\/\/www.holyart.fr\/blog\/articles-religieux\/le-calendrier-des-evenements-du-jubile-2025\/\"><strong><u>Jubil\u00e9 2025<\/u><\/strong><\/a>, leur r\u00f4le est plus pertinent que jamais.<\/p>\n<p>Ce corps arm\u00e9 particulier, unique en son genre, est <strong>le plus ancien corps permanent au monde<\/strong>. En effet, sauf certaines interruptions de service, les Gardes Suisses sont rest\u00e9s monter la garde du Vatican et, en particulier, de la figure du Saint P\u00e8re de mani\u00e8re ininterrompue pendant cinq si\u00e8cle, toujours <em>Acriter et fideliter<\/em>, \u00ab\u00a0<em>Avec courage et fid\u00e9lit\u00e9<\/em>\u00a0\u00bb, comme le r\u00e9cite leur devise.<\/p>\n<div class=\"link-article\">\n<p><img loading=\"lazy\" decoding=\"async\" class=\"size-full wp-image-10794 alignleft\" src=\"https:\/\/blog.holyart.it\/fr\/wp-content\/uploads\/sites\/14\/2025\/08\/Le-calendrier-des-evenements-du-Jubile-2025.jpg\" alt=\"Le calendrier des evenements du Jubile 2025\" width=\"150\" height=\"99\" data-kale-share-title=\"\u00c0 quoi servent les gardes suisses\" data-kale-share-url=\"https:\/\/blog.holyart.it\/fr\/?p=10790\" \/><\/p>\n<div class=\"leggi-anche\">Lire aussi :<\/div>\n<p><strong><a href=\"https:\/\/www.holyart.fr\/blog\/articles-religieux\/le-calendrier-des-evenements-du-jubile-2025\/\">Le calendrier des \u00e9v\u00e9nements du Jubil\u00e9 2025<\/a><\/strong><br \/>\nLe calendrier des \u00e9v\u00e9nements du Jubil\u00e9 2025 a \u00e9t\u00e9 publi\u00e9 : douze mois d\u2019\u00e9v\u00e9nements et occasions pour approfondir la foi&#8230;<\/p>\n<\/div>\n<p>La fonction principale des gardes du Pape est la <strong>protection du Saint P\u00e8re<\/strong>, \u00e0 l\u2019int\u00e9rieur du Vatican comme pendant ses d\u00e9placements. Cette responsabilit\u00e9 inclut la s\u00e9curit\u00e9 pendant les audiences papales, les c\u00e9l\u00e9brations liturgiques et les <a href=\"https:\/\/www.holyart.fr\/blog\/occasions-speciales\/combien-de-voyages-pape-francois-a-deja-fait\/\"><strong><u>voyages apostoliques<\/u><\/strong><\/a>. Outre prot\u00e9ger le Pape, les Gardes du Vatican assurent la <strong>s\u00e9curit\u00e9 de l\u2019\u00c9tat de la Cit\u00e9 du Vatican<\/strong>. Cela inclut le <strong>contr\u00f4le des acc\u00e8s<\/strong> et la <strong>vigilance dans les lieux sacr\u00e9s<\/strong> et dans les points strat\u00e9giques du petit \u00e9tat.<\/p>\n<p>Les Gardes Suisses sont \u00e9galement protagonistes de nombreuses <strong>c\u00e9r\u00e9monies et traditions<\/strong> vaticanes. Leur <strong>uniforme<\/strong> color\u00e9, qui renvoie \u00e0 leurs origines de la Renaissance, est reconnue au niveau mondial. Malgr\u00e9 le fait qu\u2019il soit attribu\u00e9 \u00e0 tort \u00e0 Michel-Ange, cet uniforme fut con\u00e7u au d\u00e9but du XXe si\u00e8cle par le commandant Jules Repond. Inspir\u00e9 par les habits de la Renaissance et par les \u0153uvres de Rafa\u00ebl, il inclut les couleurs des \u00e9cussons de pape Jules II Della Rovere (<strong>jaune et bleu<\/strong>) et de pape Cl\u00e9ment VII de la famille de\u2019 Medici (<strong>rouge<\/strong>), et symbolise la longue histoire et les traditions du corps.<\/p>\n<div class=\"link-article\">\n<p><img loading=\"lazy\" decoding=\"async\" class=\"size-full wp-image-10798 alignleft\" src=\"https:\/\/blog.holyart.it\/fr\/wp-content\/uploads\/sites\/14\/2025\/08\/voyages-de-Pape-Francois-1.jpg\" alt=\"voyages de Pape Francois\" width=\"150\" height=\"99\" data-kale-share-title=\"\u00c0 quoi servent les gardes suisses\" data-kale-share-url=\"https:\/\/blog.holyart.it\/fr\/?p=10790\" \/><\/p>\n<div class=\"leggi-anche\">Lire aussi :<\/div>\n<p><strong><a href=\"https:\/\/www.holyart.fr\/blog\/occasions-speciales\/combien-de-voyages-pape-francois-a-deja-fait\/\">Combien de voyages Pape Fran\u00e7ois a d\u00e9j\u00e0 fait ?<\/a><\/strong><br \/>\nLes voyages de Pape Fran\u00e7ois sont la d\u00e9monstration de son engagement d\u2019\u00e9vang\u00e9lisation, mais aussi de r\u00e9conciliation et soin des nombreuses&#8230;<\/p>\n<\/div>\n<p>Particuli\u00e8rement significatif est le <strong>Serment des gardes suisses<\/strong>, qui se tient chaque ann\u00e9e le <strong>6 mai<\/strong>. Pendant cette c\u00e9r\u00e9monie, les nouvelles recrues jurent fid\u00e9lit\u00e9 au Pape et promettent de le d\u00e9fendre avec leur propre vie avec cette formule qui nous renvoie \u00e0 des anciens ordres chevaleresques guid\u00e9s par de solennels codes d\u2019honneur et de courage:<\/p>\n<p>\u00ab<em>Je jure de servir avec fid\u00e9lit\u00e9, loyaut\u00e9 et honneur le Souverain Pontife [nom du Pape] et ses l\u00e9gitimes successeurs, ainsi que de me consacrer \u00e0 eux de toutes mes forces, offrant, si cela est n\u00e9cessaire, ma vie pour leur d\u00e9fense. J\u2019assume \u00e9galement ces engagements \u00e0 l\u2019\u00e9gard du Sacr\u00e9 Coll\u00e8ge des cardinaux pendant la vacance du Si\u00e8ge apostolique. Je promets en outre au commandant et aux autres sup\u00e9rieurs respect, fid\u00e9lit\u00e9 et ob\u00e9issance. Je jure d\u2019observer tout ce que l\u2019honneur exige de mon \u00e9tat.<\/em>\u00bb<\/p>\n<p>\u00c0 l\u2019approche du <strong>Jubil\u00e9 2025<\/strong>, le r\u00f4le des Gardes Suisses sera particuli\u00e8rement intense. <a href=\"https:\/\/www.holyart.fr\/blog\/articles-religieux\/quest-ce-quest-le-jubile-preparons-nous-a-une-nouvelle-annee-sainte\/\"><strong><u>Le Jubil\u00e9 est un \u00e9v\u00e9nement extraordinaire<\/u><\/strong><\/a>, qui attire des millions de p\u00e8lerins du monde entier. Les Gardes Suisses seront engag\u00e9s \u00e0 garantir la s\u00e9curit\u00e9 pendant les c\u00e9l\u00e9brations, les processions et les visites papales, et devront g\u00e9rer de grandes foules et prot\u00e9ger les lieux saints.<\/p>\n<p>Mais que font les Gardes Suisses? Pourquoi le Pape est prot\u00e9g\u00e9 par eux? Comme nait cet ordre si pittoresque?<\/p>\n<div class=\"link-article\">\n<p><img loading=\"lazy\" decoding=\"async\" class=\"size-full wp-image-10799 alignleft\" src=\"https:\/\/blog.holyart.it\/fr\/wp-content\/uploads\/sites\/14\/2025\/08\/le-jubile.jpg\" alt=\"le jubile\" width=\"150\" height=\"99\" data-kale-share-title=\"\u00c0 quoi servent les gardes suisses\" data-kale-share-url=\"https:\/\/blog.holyart.it\/fr\/?p=10790\" \/><\/p>\n<div class=\"leggi-anche\">Lire aussi :<\/div>\n<p><strong><a href=\"https:\/\/www.holyart.fr\/blog\/articles-religieux\/quest-ce-quest-le-jubile-preparons-nous-a-une-nouvelle-annee-sainte\/\">Qu\u2019est-ce qu\u2019est le Jubil\u00e9: pr\u00e9parons-nous \u00e0 une nouvelle ann\u00e9e sainte<\/a><\/strong><br \/>\nQu\u2019est-ce qu\u2019est le Jubil\u00e9 ? \u00c0 quelle fr\u00e9quence est-il c\u00e9l\u00e9br\u00e9? En&#8230;<\/p>\n<\/div>\n<h2>\u00c0 quoi servent les Gardes Suisses ?<\/h2>\n<p>Pourquoi le Pape est prot\u00e9g\u00e9 par les Gardes Suisses\u00a0? La fonction primaire des gardes du Pape est de <strong>garantir la s\u00e9curit\u00e9 du Saint P\u00e8re<\/strong>. Ce r\u00f4le inclut la protection pendant les audiences papales, les c\u00e9l\u00e9brations liturgiques et les voyages apostoliques. Les Gardes Suisses sont toujours pr\u00e9sents pour garantir que le Pape soit en s\u00e9curit\u00e9 \u00e0 tout moment.<\/p>\n<p><a href=\"https:\/\/www.holyart.fr\/occasions-speciales\/pape-francois\"><strong>Pape Fran\u00e7ois<\/strong><\/a> a exprim\u00e9 plusieurs fois sa gratitude et son admiration pour les Gardes Suisses. Le Pontife a soulign\u00e9 l\u2019importance de leur service, non seulement en tant que force de s\u00e9curit\u00e9, mais aussi en tant que <strong>symbole de d\u00e9vouement et de foi<\/strong>. Les Gardes Suisses, avec leur pr\u00e9sence discr\u00e8te, mais d\u00e9termin\u00e9e, repr\u00e9sentent un \u00e9l\u00e9ment fondamental de la vie vaticane.<\/p>\n<p>Pour poursuivre au mieux la t\u00e2che de prot\u00e9ger le Pontife, les Gardes Suisses sont <strong>militairement entra\u00een\u00e9s<\/strong> et \u00e9quip\u00e9s avec des armes \u00e0 feu modernes portables, outre qu\u2019avec les traditionnelles hallebardes, qui font fonction d\u2019\u00e9l\u00e9ment sc\u00e9nographique. Outre \u00e0 garantir la s\u00e9curit\u00e9 du Pape, la Garde suisse collabore avec la Gendarmerie de l\u2019\u00c9tat de la Cit\u00e9 du Vatican afin de surveiller les c\u00e9r\u00e9monies dans la Basilique Saint-Pierre et dans la salle Paul VI. En outre, ils v\u00e9rifient et filtrent les <strong>acc\u00e8s au Vatican<\/strong>. De plus, en p\u00e9riode d\u2019\u00e9lection papale, ils prot\u00e8gent le coll\u00e8ge cardinalice occup\u00e9 dans le <strong>Conclave<\/strong>.<\/p>\n<div class=\"link-product\">\n<div class=\"blocco-immagine\"><img loading=\"lazy\" decoding=\"async\" class=\"size-full wp-image-10801 alignleft\" src=\"https:\/\/blog.holyart.it\/fr\/wp-content\/uploads\/sites\/14\/2025\/08\/chapelet-bois-pape-francois.jpg\" alt=\"chapelet bois pape francois\" width=\"100\" height=\"100\" data-kale-share-title=\"\u00c0 quoi servent les gardes suisses\" data-kale-share-url=\"https:\/\/blog.holyart.it\/fr\/?p=10790\" \/><\/div>\n<div class=\"blocco-contenuto\">\n<div class=\"blocco-acquista\">Acheter sur Holyart:<\/div>\n<div class=\"blocco-titolo\"><a href=\"https:\/\/www.holyart.fr\/occasions-speciales\/pape-francois\">Pape Fran\u00e7ois<\/a><\/div>\n<div class=\"blocco-descrizione\">Pape Fran\u00e7ois: cat\u00e9gorie d\u00e9di\u00e9e \u00e0 Pape Jorge Mario Bergoglio. Vous y trouverez une s\u00e9lection de produits comme la croix du Bon Pasteur&#8230;<\/div>\n<\/div>\n<\/div>\n<h2>Pourquoi les Gardes Suisses s\u2019appellent-elles ainsi?<\/h2>\n<p>C\u2019est tr\u00e8s simple : pour devenir Garde Suisse, la premi\u00e8re condition indispensable est d\u2019\u00eatre <strong>citoyen suisse<\/strong> ! Les Gardes Suisses doivent donc leur nom \u00e0 leur <strong>origine g\u00e9ographique<\/strong>. Ils furent en effet institu\u00e9s en <strong>1506<\/strong> par <strong>Pape Jules II Della Rovere<\/strong>. En cette p\u00e9riode historique, la Suisse, avec son arm\u00e9e de soldats hautement entra\u00een\u00e9s et disciplin\u00e9s, fournissait des mercenaires \u00e0 diff\u00e9rents souverains europ\u00e9ens. Les mercenaires suisses \u00e9taient connus pour leur habilit\u00e9 et pour leur loyaut\u00e9 en bataille, et leur r\u00e9putation de combattants intr\u00e9pides et fid\u00e8les les rendaient particuli\u00e8rement demand\u00e9s.<br \/>\nLe 22 janvier 1506, le premier contingent de 150 soldats suisses guid\u00e9s par le capitaine Kaspar von Silenen, du Canton d\u2019Uri, entra \u00e0 Rome pour commencer son service en tant que gardes personnelles de Pape Jules II, qui accordait grande confiance en leur loyaut\u00e9 et en leur habilit\u00e9 militaire. En r\u00e9alit\u00e9, dans les ann\u00e9es pr\u00e9c\u00e9dentes, d\u2019autres pontifes avaient d\u00e9j\u00e0 sign\u00e9s des accords avec la Conf\u00e9d\u00e9ration Helv\u00e9tique, mais Pape Jules II est consid\u00e9r\u00e9 comme le fondateur de ce corps.<\/p>\n<p>Dans le mai 1527, le terrible <strong>Sac de Rome<\/strong> eut lieu, perp\u00e9tr\u00e9 par les lansquenets allemands \u00e0 la solde de Charles V d\u2019Habsbourg. Ce fut une des pires et des plus brutales attaques \u00e0 la Ville \u00c9ternelle et elle obligea le Pape de l\u2019\u00e9poque, <strong>Cl\u00e9ment VII de\u2019 Medici<\/strong>, \u00e0 se r\u00e9fugier au Ch\u00e2teau Saint-Ange le 6 mai. 189 Gardes Suisses couvrirent sa fuite, 147 d\u2019entre eux p\u00e9rirent afin de mettre le Pontife \u00e0 l\u2019abri. Pour cette raison, le solennel <strong>Serment de la Garde Suisse<\/strong> est traditionnellement c\u00e9l\u00e9br\u00e9 le 6 mai, dans la cour Saint-Damase, en souvenir de ces gardes h\u00e9ro\u00efques.<\/p>\n<p>Ensuite, la Garde Suisse fut reconstruite par \u0153uvre du cardinal Ennio Filonardi. Dissolue \u00e0 plusieurs reprises pendant les invasions napol\u00e9oniennes, la Garde Suisse continua de perp\u00e9tuer sa t\u00e2che de prot\u00e9ger le Pape et les palais du Vatican, en perdant au fur et \u00e0 mesure sa dimension militaire afin d\u2019en assumer une <strong>plus c\u00e9r\u00e9moniale<\/strong>.<\/p>\n<p>Dans la premi\u00e8re d\u00e9cennie du XXe si\u00e8cle, le commandant <strong>Jules Repond<\/strong> promut une <strong>profonde r\u00e9forme<\/strong> du corps des Gardes Suisses, en imposant que l\u2019on recrute <strong>uniquement des citoyens suisses militairement entra\u00een\u00e9s<\/strong>. \u00c0 partir de 1970, avec la suppression de la Garde Noble pontificale, la Garde Suisse est rest\u00e9e la seule \u00e0 d\u00e9tenir le r\u00f4le de garde c\u00e9r\u00e9moniale au Vatican. Apr\u00e8s la <strong>tentative d\u2019assassinat de <\/strong><a href=\"https:\/\/www.holyart.fr\/occasions-speciales\/jean-paul-ii\"><strong>Jean-Paul II<\/strong><\/a>, le 13 mai 1981, les Gardes Suisses ont de nouveau \u00e9t\u00e9 \u00e9lev\u00e9s, de simple corps c\u00e9r\u00e9monial, \u00e0 un v\u00e9ritable corps militaire \u00e9quip\u00e9 de mani\u00e8re ad\u00e9quate avec des armes modernes.<\/p>\n<div class=\"link-product\">\n<div class=\"blocco-immagine\"><img loading=\"lazy\" decoding=\"async\" class=\"size-full wp-image-10804 alignleft\" src=\"https:\/\/blog.holyart.it\/fr\/wp-content\/uploads\/sites\/14\/2025\/08\/pape-jean-paul-ii-avec-mitre-naturel-bois-erable-val-gardena.jpg\" alt=\"pape jean paul ii avec mitre naturel bois erable val gardena\" width=\"100\" height=\"100\" data-kale-share-title=\"\u00c0 quoi servent les gardes suisses\" data-kale-share-url=\"https:\/\/blog.holyart.it\/fr\/?p=10790\" \/><\/div>\n<div class=\"blocco-contenuto\">\n<div class=\"blocco-acquista\">Acheter sur Holyart:<\/div>\n<div class=\"blocco-titolo\"><a href=\"https:\/\/www.holyart.fr\/occasions-speciales\/jean-paul-ii\">Jean Paul II<\/a><\/div>\n<div class=\"blocco-descrizione\">Jean-Paul II: \u00c0 l&rsquo;occasion de sa b\u00e9atification, nous avons cr\u00e9\u00e9 une cat\u00e9gorie enti\u00e8rement consacr\u00e9e \u00e0 lui&#8230;<\/div>\n<\/div>\n<\/div>\n<h2>Que font les Gardes Suisses ?<\/h2>\n<p>Les Gardes Suisses remplissent une s\u00e9rie de missions cruciales pour la s\u00e9curit\u00e9 et pour le fonctionnement du Vatican. Op\u00e9rationnels sept jours sur sept et 24 heures sur 24, ces gardes sont pr\u00eats \u00e0 intervenir \u00e0 tout moment pour prot\u00e9ger le <a href=\"https:\/\/www.holyart.fr\/blog\/articles-religieux\/basilique-saint-pierre-eglise-symbole-du-monde-chretien\/\"><strong><u>Pape et le Vatican<\/u><\/strong>.<\/a><br \/>\nLeur mission principale est de garantir la s\u00e9curit\u00e9 du Saint P\u00e8re, \u00e0 l\u2019int\u00e9rieur du Vatican comme pendant ses d\u00e9placements.<br \/>\nLes Gardes Suisses assurent la s\u00e9curit\u00e9 de l\u2019\u00c9tat de la Cit\u00e9 du Vatican, en monitorant les acc\u00e8s et en vigilant sur les lieux sacr\u00e9s et les points strat\u00e9giques. Ils sont charg\u00e9s de pr\u00e9venir et de r\u00e9pondre \u00e0 d\u2019\u00e9ventuelles menaces \u00e0 la s\u00e9curit\u00e9.<br \/>\nDepuis 2016, les Gardes Suisses disposent d\u2019une <strong>centrale op\u00e9rationnelle<\/strong> qui recueille toutes les informations n\u00e9cessaires pour remplir ses missions. Ce centre de contr\u00f4le permet une r\u00e9ponse rapide et efficace \u00e0 n\u2019importe quelle situation d\u2019urgence.<br \/>\nAfin de garantir la couverture des tous les services requis, le nombre de gardes a \u00e9t\u00e9 <strong>augment\u00e9 de 110 \u00e0 135 hommes<\/strong>. Cette r\u00e9forme assure qu\u2019il y ait toujours un nombre ad\u00e9quat de personnel disponible pour chaque n\u00e9cessit\u00e9.<br \/>\nLes Gardes Suisses re\u00e7oivent une formation rigoureuse pour se pr\u00e9parer \u00e0 n\u2019importe quelle situation d\u2019urgence. Cette formation inclut entra\u00eenement militaire, techniques de d\u00e9fense personnelle et protocoles de s\u00e9curit\u00e9.<\/p>\n<div class=\"link-article\">\n<p><img loading=\"lazy\" decoding=\"async\" class=\"size-full wp-image-10806 alignleft\" src=\"https:\/\/blog.holyart.it\/fr\/wp-content\/uploads\/sites\/14\/2025\/08\/Basilique-Saint-Pierre.jpeg\" alt=\"St. Peter's Basilica\" width=\"150\" height=\"100\" data-kale-share-title=\"\u00c0 quoi servent les gardes suisses\" data-kale-share-url=\"https:\/\/blog.holyart.it\/fr\/?p=10790\" \/><\/p>\n<div class=\"leggi-anche\">Lire aussi :<\/div>\n<p><strong><a href=\"https:\/\/www.holyart.fr\/blog\/articles-religieux\/basilique-saint-pierre-eglise-symbole-du-monde-chretien\/\">Basilique Saint-Pierre : \u00c9glise symbole du monde chr\u00e9tien<\/a><\/strong><br \/>\nSaint-Pierre est une basilique riche en significations, myst\u00e8res et \u0153uvres d\u2019art sacr\u00e9es c\u00e9l\u00e8bre dans le monde entier&#8230;<\/p>\n<\/div>\n<h2>Pourquoi le Vatican se sert des Gardes Suisses?<\/h2>\n<p><em>\u00ab\u00a0Ceux qui d\u00e9cident de d\u00e9dier leur vie ou quelques ann\u00e9es \u00e0 la Garde Suisse acceptent, donc, aussi de sacrifier in extremis leur vie pour le Pape\u00a0\u00bb. <\/em>Ainsi affirmait, il y a quelques ann\u00e9es, Ten Urs Breitenmoser, responsable m\u00e9dia de l\u2019\u00e9poque des Gardes Suisses. Depuis cinq si\u00e8cles, ce corps de Gardes unique au monde existe pour servir et prot\u00e9ger le Saint P\u00e8re au co\u00fbt de sa propre vie.<\/p>\n<p>Afin d\u2019<strong>entrer \u00e0 faire partie des Gardes Suisses<\/strong>, il est n\u00e9cessaire de satisfaire des conditions sp\u00e9cifiques. Il faut \u00eatre, comme nous l\u2019avons d\u00e9j\u00e0 vu, citoyens de la Suisse, et uniquement des <strong>hommes c\u00e9libataires<\/strong> d\u2019un \u00e2ge compris <strong>entre 19 et 30 ans<\/strong> peuvent poser leur candidature. Il est demand\u00e9 d\u2019\u00eatre pratiquant de la <strong>religion catholique<\/strong> et d\u2019avoir compl\u00e9t\u00e9 le <strong>service militaire dans l\u2019Arm\u00e9e suisse<\/strong> avec un certificat de bonne conduite. La <strong>taille minimale<\/strong> requise est de 174 centim\u00e8tres. Le <strong>mariage<\/strong> est permis uniquement apr\u00e8s cinq ans de service et une fois f\u00eat\u00e9 ses 25 ans. Un certificat de capacit\u00e9 professionnelle ou un dipl\u00f4me d\u2019\u00e9cole sup\u00e9rieure est requis.<\/p>\n<p>L\u2019<strong>entra\u00eenement des Gardes Suisses <\/strong>est de type militaire. Les gardes re\u00e7oivent des instructions dans diff\u00e9rentes disciplines d\u2019arts martiaux afin d\u2019am\u00e9liorer leur capacit\u00e9 de d\u00e9fense personnelle. L\u2019usage et l\u2019entretien des armes \u00e0 feu font partie int\u00e9grante de la formation. Les gardes sont \u00e9galement entra\u00een\u00e9s \u00e0 l\u2019usage des armes de tir, afin de leur garantir une pr\u00e9paration compl\u00e8te pour diff\u00e9rentes situations de s\u00e9curit\u00e9.<\/p>\n","protected":false},"excerpt":{"rendered":"<p>Depuis cinq cents ans, les Gardes Suisses prot\u00e8gent la s\u00e9curit\u00e9 du Pape et veillent sur le Vatican. Voici qui sont ces hommes aux pittoresques uniformes jaunes, rouges et bleues Les Gardes Suisses, connus \u00e9galement comme Gardes papales ou Garde suisse pontificale, sont une des institutions&hellip;<\/p>\n","protected":false},"author":1,"featured_media":10792,"comment_status":"closed","ping_status":"open","sticky":false,"template":"","format":"standard","meta":{"_acf_changed":false,"footnotes":""},"categories":[8],"tags":[],"class_list":["post-10790","post","type-post","status-publish","format-standard","has-post-thumbnail","hentry","category-articles-religieux"],"acf":[],"yoast_head":"<!-- This site is optimized with the Yoast SEO plugin v26.6 - https:\/\/yoast.com\/wordpress\/plugins\/seo\/ -->\n<title>\u00c0 quoi servent les gardes suisses - Holyart.fr Blog<\/title>\n<meta name=\"description\" content=\"Pourquoi les Gardes Suisses s\u2019appellent-elles ainsi ? Pourquoi le Pape est-il prot\u00e9g\u00e9 par elles ? Origines du corps et conditions n\u00e9cessaires\" \/>\n<meta name=\"robots\" content=\"index, follow, max-snippet:-1, max-image-preview:large, max-video-preview:-1\" \/>\n<link rel=\"canonical\" href=\"https:\/\/blog.holyart.it\/fr\/articles-religieux\/a-quoi-servent-les-gardes-suisses\/\" \/>\n<meta property=\"og:locale\" content=\"fr_FR\" \/>\n<meta property=\"og:type\" content=\"article\" \/>\n<meta property=\"og:title\" content=\"\u00c0 quoi servent les gardes suisses - Holyart.fr Blog\" \/>\n<meta property=\"og:description\" content=\"Pourquoi les Gardes Suisses s\u2019appellent-elles ainsi ? Pourquoi le Pape est-il prot\u00e9g\u00e9 par elles ? Origines du corps et conditions n\u00e9cessaires\" \/>\n<meta property=\"og:url\" content=\"https:\/\/blog.holyart.it\/fr\/articles-religieux\/a-quoi-servent-les-gardes-suisses\/\" \/>\n<meta property=\"og:site_name\" content=\"Holyart.fr Blog\" \/>\n<meta property=\"article:published_time\" content=\"2025-08-13T08:00:54+00:00\" \/>\n<meta property=\"article:modified_time\" content=\"2025-10-08T13:38:37+00:00\" \/>\n<meta property=\"og:image\" content=\"https:\/\/blog.holyart.it\/fr\/wp-content\/uploads\/sites\/14\/2025\/08\/gardes-suisses.jpeg\" \/>\n\t<meta property=\"og:image:width\" content=\"1000\" \/>\n\t<meta property=\"og:image:height\" content=\"666\" \/>\n\t<meta property=\"og:image:type\" content=\"image\/jpeg\" \/>\n<meta name=\"author\" content=\"Redazione\" \/>\n<meta name=\"twitter:card\" content=\"summary_large_image\" \/>\n<meta name=\"twitter:label1\" content=\"\u00c9crit par\" \/>\n\t<meta name=\"twitter:data1\" content=\"Redazione\" \/>\n\t<meta name=\"twitter:label2\" content=\"Dur\u00e9e de lecture estim\u00e9e\" \/>\n\t<meta name=\"twitter:data2\" content=\"11 minutes\" \/>\n<script type=\"application\/ld+json\" class=\"yoast-schema-graph\">{\"@context\":\"https:\/\/schema.org\",\"@graph\":[{\"@type\":\"Article\",\"@id\":\"https:\/\/blog.holyart.it\/fr\/articles-religieux\/a-quoi-servent-les-gardes-suisses\/#article\",\"isPartOf\":{\"@id\":\"https:\/\/blog.holyart.it\/fr\/articles-religieux\/a-quoi-servent-les-gardes-suisses\/\"},\"author\":{\"name\":\"Redazione\",\"@id\":\"https:\/\/blog.holyart.it\/fr\/#\/schema\/person\/0a7b686e5af0f856ec1e390dd0baecda\"},\"headline\":\"\u00c0 quoi servent les gardes suisses\",\"datePublished\":\"2025-08-13T08:00:54+00:00\",\"dateModified\":\"2025-10-08T13:38:37+00:00\",\"mainEntityOfPage\":{\"@id\":\"https:\/\/blog.holyart.it\/fr\/articles-religieux\/a-quoi-servent-les-gardes-suisses\/\"},\"wordCount\":2009,\"publisher\":{\"@id\":\"https:\/\/blog.holyart.it\/fr\/#organization\"},\"image\":{\"@id\":\"https:\/\/blog.holyart.it\/fr\/articles-religieux\/a-quoi-servent-les-gardes-suisses\/#primaryimage\"},\"thumbnailUrl\":\"https:\/\/blog.holyart.it\/fr\/wp-content\/uploads\/sites\/14\/2025\/08\/gardes-suisses.jpeg\",\"articleSection\":[\"Religion\"],\"inLanguage\":\"fr-FR\"},{\"@type\":\"WebPage\",\"@id\":\"https:\/\/blog.holyart.it\/fr\/articles-religieux\/a-quoi-servent-les-gardes-suisses\/\",\"url\":\"https:\/\/blog.holyart.it\/fr\/articles-religieux\/a-quoi-servent-les-gardes-suisses\/\",\"name\":\"\u00c0 quoi servent les gardes suisses - Holyart.fr Blog\",\"isPartOf\":{\"@id\":\"https:\/\/blog.holyart.it\/fr\/#website\"},\"primaryImageOfPage\":{\"@id\":\"https:\/\/blog.holyart.it\/fr\/articles-religieux\/a-quoi-servent-les-gardes-suisses\/#primaryimage\"},\"image\":{\"@id\":\"https:\/\/blog.holyart.it\/fr\/articles-religieux\/a-quoi-servent-les-gardes-suisses\/#primaryimage\"},\"thumbnailUrl\":\"https:\/\/blog.holyart.it\/fr\/wp-content\/uploads\/sites\/14\/2025\/08\/gardes-suisses.jpeg\",\"datePublished\":\"2025-08-13T08:00:54+00:00\",\"dateModified\":\"2025-10-08T13:38:37+00:00\",\"description\":\"Pourquoi les Gardes Suisses s\u2019appellent-elles ainsi ? Pourquoi le Pape est-il prot\u00e9g\u00e9 par elles ? Origines du corps et conditions n\u00e9cessaires\",\"breadcrumb\":{\"@id\":\"https:\/\/blog.holyart.it\/fr\/articles-religieux\/a-quoi-servent-les-gardes-suisses\/#breadcrumb\"},\"inLanguage\":\"fr-FR\",\"potentialAction\":[{\"@type\":\"ReadAction\",\"target\":[\"https:\/\/blog.holyart.it\/fr\/articles-religieux\/a-quoi-servent-les-gardes-suisses\/\"]}]},{\"@type\":\"ImageObject\",\"inLanguage\":\"fr-FR\",\"@id\":\"https:\/\/blog.holyart.it\/fr\/articles-religieux\/a-quoi-servent-les-gardes-suisses\/#primaryimage\",\"url\":\"https:\/\/blog.holyart.it\/fr\/wp-content\/uploads\/sites\/14\/2025\/08\/gardes-suisses.jpeg\",\"contentUrl\":\"https:\/\/blog.holyart.it\/fr\/wp-content\/uploads\/sites\/14\/2025\/08\/gardes-suisses.jpeg\",\"width\":1000,\"height\":666,\"caption\":\"gardes suisses\"},{\"@type\":\"BreadcrumbList\",\"@id\":\"https:\/\/blog.holyart.it\/fr\/articles-religieux\/a-quoi-servent-les-gardes-suisses\/#breadcrumb\",\"itemListElement\":[{\"@type\":\"ListItem\",\"position\":1,\"name\":\"Homepage\",\"item\":\"https:\/\/blog.holyart.it\/fr\/\"},{\"@type\":\"ListItem\",\"position\":2,\"name\":\"Religion\",\"item\":\"https:\/\/blog.holyart.it\/fr\/articles-religieux\/\"},{\"@type\":\"ListItem\",\"position\":3,\"name\":\"\u00c0 quoi servent les gardes suisses\"}]},{\"@type\":\"WebSite\",\"@id\":\"https:\/\/blog.holyart.it\/fr\/#website\",\"url\":\"https:\/\/blog.holyart.it\/fr\/\",\"name\":\"Holyart.fr Blog\",\"description\":\"Holyblog\",\"publisher\":{\"@id\":\"https:\/\/blog.holyart.it\/fr\/#organization\"},\"potentialAction\":[{\"@type\":\"SearchAction\",\"target\":{\"@type\":\"EntryPoint\",\"urlTemplate\":\"https:\/\/blog.holyart.it\/fr\/?s={search_term_string}\"},\"query-input\":{\"@type\":\"PropertyValueSpecification\",\"valueRequired\":true,\"valueName\":\"search_term_string\"}}],\"inLanguage\":\"fr-FR\"},{\"@type\":\"Organization\",\"@id\":\"https:\/\/blog.holyart.it\/fr\/#organization\",\"name\":\"Holyart.fr Blog\",\"url\":\"https:\/\/blog.holyart.it\/fr\/\",\"logo\":{\"@type\":\"ImageObject\",\"inLanguage\":\"fr-FR\",\"@id\":\"https:\/\/blog.holyart.it\/fr\/#\/schema\/logo\/image\/\",\"url\":\"https:\/\/blog.holyart.it\/fr\/wp-content\/uploads\/sites\/14\/2022\/12\/Holyart_Blog_Logo.jpg\",\"contentUrl\":\"https:\/\/blog.holyart.it\/fr\/wp-content\/uploads\/sites\/14\/2022\/12\/Holyart_Blog_Logo.jpg\",\"width\":300,\"height\":50,\"caption\":\"Holyart.fr Blog\"},\"image\":{\"@id\":\"https:\/\/blog.holyart.it\/fr\/#\/schema\/logo\/image\/\"}},{\"@type\":\"Person\",\"@id\":\"https:\/\/blog.holyart.it\/fr\/#\/schema\/person\/0a7b686e5af0f856ec1e390dd0baecda\",\"name\":\"Redazione\",\"image\":{\"@type\":\"ImageObject\",\"inLanguage\":\"fr-FR\",\"@id\":\"https:\/\/blog.holyart.it\/fr\/#\/schema\/person\/image\/\",\"url\":\"https:\/\/secure.gravatar.com\/avatar\/f477da817f43e50d0af36abecd33e3edf826c68299714bdc1057dff3b113f516?s=96&d=mm&r=g\",\"contentUrl\":\"https:\/\/secure.gravatar.com\/avatar\/f477da817f43e50d0af36abecd33e3edf826c68299714bdc1057dff3b113f516?s=96&d=mm&r=g\",\"caption\":\"Redazione\"},\"url\":\"https:\/\/blog.holyart.it\/fr\/author\/admin\/\"}]}<\/script>\n<!-- \/ Yoast SEO plugin. -->","yoast_head_json":{"title":"\u00c0 quoi servent les gardes suisses - Holyart.fr Blog","description":"Pourquoi les Gardes Suisses s\u2019appellent-elles ainsi ? Pourquoi le Pape est-il prot\u00e9g\u00e9 par elles ? Origines du corps et conditions n\u00e9cessaires","robots":{"index":"index","follow":"follow","max-snippet":"max-snippet:-1","max-image-preview":"max-image-preview:large","max-video-preview":"max-video-preview:-1"},"canonical":"https:\/\/blog.holyart.it\/fr\/articles-religieux\/a-quoi-servent-les-gardes-suisses\/","og_locale":"fr_FR","og_type":"article","og_title":"\u00c0 quoi servent les gardes suisses - Holyart.fr Blog","og_description":"Pourquoi les Gardes Suisses s\u2019appellent-elles ainsi ? Pourquoi le Pape est-il prot\u00e9g\u00e9 par elles ? Origines du corps et conditions n\u00e9cessaires","og_url":"https:\/\/blog.holyart.it\/fr\/articles-religieux\/a-quoi-servent-les-gardes-suisses\/","og_site_name":"Holyart.fr Blog","article_published_time":"2025-08-13T08:00:54+00:00","article_modified_time":"2025-10-08T13:38:37+00:00","og_image":[{"width":1000,"height":666,"url":"https:\/\/blog.holyart.it\/fr\/wp-content\/uploads\/sites\/14\/2025\/08\/gardes-suisses.jpeg","type":"image\/jpeg"}],"author":"Redazione","twitter_card":"summary_large_image","twitter_misc":{"\u00c9crit par":"Redazione","Dur\u00e9e de lecture estim\u00e9e":"11 minutes"},"schema":{"@context":"https:\/\/schema.org","@graph":[{"@type":"Article","@id":"https:\/\/blog.holyart.it\/fr\/articles-religieux\/a-quoi-servent-les-gardes-suisses\/#article","isPartOf":{"@id":"https:\/\/blog.holyart.it\/fr\/articles-religieux\/a-quoi-servent-les-gardes-suisses\/"},"author":{"name":"Redazione","@id":"https:\/\/blog.holyart.it\/fr\/#\/schema\/person\/0a7b686e5af0f856ec1e390dd0baecda"},"headline":"\u00c0 quoi servent les gardes suisses","datePublished":"2025-08-13T08:00:54+00:00","dateModified":"2025-10-08T13:38:37+00:00","mainEntityOfPage":{"@id":"https:\/\/blog.holyart.it\/fr\/articles-religieux\/a-quoi-servent-les-gardes-suisses\/"},"wordCount":2009,"publisher":{"@id":"https:\/\/blog.holyart.it\/fr\/#organization"},"image":{"@id":"https:\/\/blog.holyart.it\/fr\/articles-religieux\/a-quoi-servent-les-gardes-suisses\/#primaryimage"},"thumbnailUrl":"https:\/\/blog.holyart.it\/fr\/wp-content\/uploads\/sites\/14\/2025\/08\/gardes-suisses.jpeg","articleSection":["Religion"],"inLanguage":"fr-FR"},{"@type":"WebPage","@id":"https:\/\/blog.holyart.it\/fr\/articles-religieux\/a-quoi-servent-les-gardes-suisses\/","url":"https:\/\/blog.holyart.it\/fr\/articles-religieux\/a-quoi-servent-les-gardes-suisses\/","name":"\u00c0 quoi servent les gardes suisses - Holyart.fr Blog","isPartOf":{"@id":"https:\/\/blog.holyart.it\/fr\/#website"},"primaryImageOfPage":{"@id":"https:\/\/blog.holyart.it\/fr\/articles-religieux\/a-quoi-servent-les-gardes-suisses\/#primaryimage"},"image":{"@id":"https:\/\/blog.holyart.it\/fr\/articles-religieux\/a-quoi-servent-les-gardes-suisses\/#primaryimage"},"thumbnailUrl":"https:\/\/blog.holyart.it\/fr\/wp-content\/uploads\/sites\/14\/2025\/08\/gardes-suisses.jpeg","datePublished":"2025-08-13T08:00:54+00:00","dateModified":"2025-10-08T13:38:37+00:00","description":"Pourquoi les Gardes Suisses s\u2019appellent-elles ainsi ? Pourquoi le Pape est-il prot\u00e9g\u00e9 par elles ? Origines du corps et conditions n\u00e9cessaires","breadcrumb":{"@id":"https:\/\/blog.holyart.it\/fr\/articles-religieux\/a-quoi-servent-les-gardes-suisses\/#breadcrumb"},"inLanguage":"fr-FR","potentialAction":[{"@type":"ReadAction","target":["https:\/\/blog.holyart.it\/fr\/articles-religieux\/a-quoi-servent-les-gardes-suisses\/"]}]},{"@type":"ImageObject","inLanguage":"fr-FR","@id":"https:\/\/blog.holyart.it\/fr\/articles-religieux\/a-quoi-servent-les-gardes-suisses\/#primaryimage","url":"https:\/\/blog.holyart.it\/fr\/wp-content\/uploads\/sites\/14\/2025\/08\/gardes-suisses.jpeg","contentUrl":"https:\/\/blog.holyart.it\/fr\/wp-content\/uploads\/sites\/14\/2025\/08\/gardes-suisses.jpeg","width":1000,"height":666,"caption":"gardes suisses"},{"@type":"BreadcrumbList","@id":"https:\/\/blog.holyart.it\/fr\/articles-religieux\/a-quoi-servent-les-gardes-suisses\/#breadcrumb","itemListElement":[{"@type":"ListItem","position":1,"name":"Homepage","item":"https:\/\/blog.holyart.it\/fr\/"},{"@type":"ListItem","position":2,"name":"Religion","item":"https:\/\/blog.holyart.it\/fr\/articles-religieux\/"},{"@type":"ListItem","position":3,"name":"\u00c0 quoi servent les gardes suisses"}]},{"@type":"WebSite","@id":"https:\/\/blog.holyart.it\/fr\/#website","url":"https:\/\/blog.holyart.it\/fr\/","name":"Holyart.fr Blog","description":"Holyblog","publisher":{"@id":"https:\/\/blog.holyart.it\/fr\/#organization"},"potentialAction":[{"@type":"SearchAction","target":{"@type":"EntryPoint","urlTemplate":"https:\/\/blog.holyart.it\/fr\/?s={search_term_string}"},"query-input":{"@type":"PropertyValueSpecification","valueRequired":true,"valueName":"search_term_string"}}],"inLanguage":"fr-FR"},{"@type":"Organization","@id":"https:\/\/blog.holyart.it\/fr\/#organization","name":"Holyart.fr Blog","url":"https:\/\/blog.holyart.it\/fr\/","logo":{"@type":"ImageObject","inLanguage":"fr-FR","@id":"https:\/\/blog.holyart.it\/fr\/#\/schema\/logo\/image\/","url":"https:\/\/blog.holyart.it\/fr\/wp-content\/uploads\/sites\/14\/2022\/12\/Holyart_Blog_Logo.jpg","contentUrl":"https:\/\/blog.holyart.it\/fr\/wp-content\/uploads\/sites\/14\/2022\/12\/Holyart_Blog_Logo.jpg","width":300,"height":50,"caption":"Holyart.fr Blog"},"image":{"@id":"https:\/\/blog.holyart.it\/fr\/#\/schema\/logo\/image\/"}},{"@type":"Person","@id":"https:\/\/blog.holyart.it\/fr\/#\/schema\/person\/0a7b686e5af0f856ec1e390dd0baecda","name":"Redazione","image":{"@type":"ImageObject","inLanguage":"fr-FR","@id":"https:\/\/blog.holyart.it\/fr\/#\/schema\/person\/image\/","url":"https:\/\/secure.gravatar.com\/avatar\/f477da817f43e50d0af36abecd33e3edf826c68299714bdc1057dff3b113f516?s=96&d=mm&r=g","contentUrl":"https:\/\/secure.gravatar.com\/avatar\/f477da817f43e50d0af36abecd33e3edf826c68299714bdc1057dff3b113f516?s=96&d=mm&r=g","caption":"Redazione"},"url":"https:\/\/blog.holyart.it\/fr\/author\/admin\/"}]}},"_links":{"self":[{"href":"https:\/\/blog.holyart.it\/fr\/wp-json\/wp\/v2\/posts\/10790","targetHints":{"allow":["GET"]}}],"collection":[{"href":"https:\/\/blog.holyart.it\/fr\/wp-json\/wp\/v2\/posts"}],"about":[{"href":"https:\/\/blog.holyart.it\/fr\/wp-json\/wp\/v2\/types\/post"}],"author":[{"embeddable":true,"href":"https:\/\/blog.holyart.it\/fr\/wp-json\/wp\/v2\/users\/1"}],"replies":[{"embeddable":true,"href":"https:\/\/blog.holyart.it\/fr\/wp-json\/wp\/v2\/comments?post=10790"}],"version-history":[{"count":13,"href":"https:\/\/blog.holyart.it\/fr\/wp-json\/wp\/v2\/posts\/10790\/revisions"}],"predecessor-version":[{"id":10811,"href":"https:\/\/blog.holyart.it\/fr\/wp-json\/wp\/v2\/posts\/10790\/revisions\/10811"}],"wp:featuredmedia":[{"embeddable":true,"href":"https:\/\/blog.holyart.it\/fr\/wp-json\/wp\/v2\/media\/10792"}],"wp:attachment":[{"href":"https:\/\/blog.holyart.it\/fr\/wp-json\/wp\/v2\/media?parent=10790"}],"wp:term":[{"taxonomy":"category","embeddable":true,"href":"https:\/\/blog.holyart.it\/fr\/wp-json\/wp\/v2\/categories?post=10790"},{"taxonomy":"post_tag","embeddable":true,"href":"https:\/\/blog.holyart.it\/fr\/wp-json\/wp\/v2\/tags?post=10790"}],"curies":[{"name":"wp","href":"https:\/\/api.w.org\/{rel}","templated":true}]}}