{"id":10767,"date":"2025-08-11T10:00:05","date_gmt":"2025-08-11T08:00:05","guid":{"rendered":"https:\/\/blog.holyart.it\/fr\/?p=10767"},"modified":"2025-08-12T12:14:33","modified_gmt":"2025-08-12T10:14:33","slug":"de-la-montagne-au-ciel-la-vie-et-le-message-de-pier-giorgio-frassati","status":"publish","type":"post","link":"https:\/\/blog.holyart.it\/fr\/saints-et-bienheureux\/de-la-montagne-au-ciel-la-vie-et-le-message-de-pier-giorgio-frassati\/","title":{"rendered":"De la montagne au ciel: la vie et le message de Pier Giorgio Frassati"},"content":{"rendered":"<h4>De la montagne au ciel : la vie et le message de Pier Giorgio Frassati, le gar\u00e7on qui aimait les montagnes et Dieu, un exemple de charit\u00e9 et d\u2019amour chr\u00e9tien.<\/h4>\n\n<p>Dans le silence alpin, lorsque le vent chante entre les sommets et que la terre devient ciel, l\u2019\u00e9cho de pas jeunes, d\u00e9termin\u00e9s et humbles resonne encore. Ce sont les pas de <strong>Pier Giorgio Frassati<\/strong>, un jeune homme amoureux de l\u2019altitude et de la charit\u00e9, un esprit ardent dans un si\u00e8cle en flamme.<br \/>\nAu c\u0153ur du XXe si\u00e8cle, alors que l\u2019Europe chancelait entre guerres et r\u00e9volutions, ce jeune Turinois a choisi de gravir un autre sommet : celui de la <a href=\"https:\/\/www.holyart.fr\/articles-religieux\/statues\/statues-en-resine-et-pvc\/statue-pier-giorgio-frassati-resine-peinte-a-la-main-12-cm\"><strong>saintet\u00e9 v\u00e9cue au quotidien<\/strong><\/a>, parmi les livres universitaires, les chemins rocailleux et les pauvres \u00e0 \u00e9couter avec le c\u0153ur, avant m\u00eame qu\u2019avec les mains.<br \/>\nLa sienne n\u2019est pas une histoire lointaine ou estomp\u00e9e, mais un flambeau encore allum\u00e9. Pier Giorgio n\u2019est pas un saint dans une niche, mais un <strong>compagnon de voyage<\/strong> pour ceux qui essaient aujourd\u2019hui de conjuguer foi et vie sans renoncer \u00e0 la joie, \u00e0 l\u2019action, \u00e0 la beaut\u00e9.<\/p>\n<div class=\"link-product\">\n<div class=\"blocco-immagine\"><img loading=\"lazy\" decoding=\"async\" class=\"size-full wp-image-10770 alignleft\" src=\"https:\/\/blog.holyart.it\/fr\/wp-content\/uploads\/sites\/14\/2025\/08\/statue-pier-giorgio-frassati-resine-peinte-a-la-main-12-cm.jpg\" alt=\"statue pier giorgio frassati resine peintes a la main 12 cm\" width=\"100\" height=\"100\" data-kale-share-title=\"De la montagne au ciel : la vie et le message de Pier Giorgio Frassati\" data-kale-share-url=\"https:\/\/blog.holyart.it\/fr\/?p=10767\" \/><\/div>\n<div class=\"blocco-contenuto\">\n<div class=\"blocco-acquista\">Acheter sur Holyart:<\/div>\n<div class=\"blocco-titolo\"><strong><a href=\"https:\/\/www.holyart.fr\/articles-religieux\/statues\/statues-en-resine-et-pvc\/statue-pier-giorgio-frassati-resine-peinte-a-la-main-12-cm\">Statue Pier Giorgio Frassati r\u00e9sine peinte \u00e0 la main 12 cm<\/a><\/strong><\/div>\n<div class=\"blocco-descrizione\">Statue Pier Giorgio Frassati en r\u00e9sine peinte 12 cm. Repr\u00e9sentation&#8230;<\/div>\n<\/div>\n<\/div>\n<p>&nbsp;<\/p>\n<h2>La vie de Pier Giorgio Frassati<\/h2>\n<p>N\u00e9 \u00e0 Turin le 6 avril 1901, Pier Giorgio est le fils d\u2019une famille illustre : le p\u00e8re Alfredo est s\u00e9nateur et fondateur du quotidien La Stampa, la m\u00e8re Adela\u00efde est une peintre raffin\u00e9e. Il aurait pu devenir un rejeton de la bourgeoisie, cultiv\u00e9 et distant. Il est devenu un <strong>g\u00e9ant de l\u2019\u00e2me<\/strong>, discret et infatigable, vou\u00e9e \u00e0 un id\u00e9al sup\u00e9rieur \u00e0 toute carri\u00e8re : <strong>servir le Christ aupr\u00e8s de ses fr\u00e8res<\/strong>.<br \/>\n\u00c9tudiant en ing\u00e9nierie mini\u00e8re au Polytechnique, il r\u00eave de descendre dans les entrailles de la terre afin d\u2019aider les mineurs. Mais en attendant, il grimpe dans les Alpes, o\u00f9 la sueur se m\u00e9lange \u00e0 la pri\u00e8re, o\u00f9 chaque sommet est un autel et chaque sentier une offrande.<br \/>\nPier Giorgio n\u2019\u00e9vang\u00e9lise pas avec des sermons, mais avec des gestes. Il marche <strong>parmi les derniers de sa ville<\/strong>, apporte pain, v\u00eatements, m\u00e9dicaments, mais surtout <strong>sourires, \u00e9coute, pr\u00e9sence<\/strong>. Sa charit\u00e9 est silencieuse comme la neige, et pourtant elle laisse des traces profondes.<br \/>\nIl est actif au sein de la FUCI (F\u00e9d\u00e9ration des Universitaires Catholiques Italiens) et dans l\u2019Action Catholique italienne. C\u2019est un jeune qui pense, agit, discute, aima avec toute l\u2019intelligence du c\u0153ur. Une de ses phrases les plus c\u00e9l\u00e8bres est un manifeste existentiel\u00a0: \u00ab\u00a0<strong><em>Vivre, ne pas vivoter<\/em><\/strong>\u00a0\u00bb. C\u2019est une invitation adress\u00e9e \u00e0 tout le monde, une secousse pour les consciences endormies, un chant de bataille contre la ti\u00e9deur. Son engagement politique se concr\u00e9tise dans l\u2019adh\u00e9sion au Parti Populaire de Don Luigi Sturzo, o\u00f9 il milite avec conviction d\u00e9mocratique et sociale. <a href=\"https:\/\/www.holyart.fr\/occasions-speciales\/pier-giorgio-frassati\/etole-pier-giorgio-frassati-en-melange-coton\"><strong>Pier Giorgio<\/strong><\/a> comprend que la foi chr\u00e9tienne ne peut pas rester enferm\u00e9e dans l\u2019intimit\u00e9, mais doit se traduire par <strong>un engagement concret <\/strong>pour la construction d\u2019une soci\u00e9t\u00e9 plus juste et plus fraternelle. Ses positions politiques, souvent en contraste avec celles du p\u00e8re lib\u00e9ral, t\u00e9moignent son ind\u00e9pendance de jugement et la coh\u00e9rence avec ses propres principes.<\/p>\n<div class=\"link-product\">\n<div class=\"blocco-immagine\"><img loading=\"lazy\" decoding=\"async\" class=\"size-full wp-image-10771 alignleft\" src=\"https:\/\/blog.holyart.it\/fr\/wp-content\/uploads\/sites\/14\/2025\/08\/Etole-Pier-Giorgio-Frassati-melange-coton.jpg\" alt=\"\u00c9tole Pier Giorgio Frassati m\u00e9lange coton\" width=\"100\" height=\"100\" data-kale-share-title=\"De la montagne au ciel : la vie et le message de Pier Giorgio Frassati\" data-kale-share-url=\"https:\/\/blog.holyart.it\/fr\/?p=10767\" \/><\/div>\n<div class=\"blocco-contenuto\">\n<div class=\"blocco-acquista\">Acheter sur Holyart:<\/div>\n<div class=\"blocco-titolo\"><a href=\"https:\/\/www.holyart.fr\/occasions-speciales\/pier-giorgio-frassati\/etole-pier-giorgio-frassati-en-melange-coton\"><strong>\u00c9tole Pier Giorgio Frassati en m\u00e9lange coton<\/strong><\/a><\/div>\n<div class=\"blocco-descrizione\">\u00c9tole Pier Giorgio Frassati. \u00c9tole liturgique en tissu clair avec de d\u00e9licates&#8230;<\/div>\n<\/div>\n<\/div>\n<p>Au c\u0153ur de ce chemin int\u00e9rieur, Pier Giorgio ressent le besoin de se consacrer plus profond\u00e9ment au Seigneur et devint<strong> membre du Tiers-Ordre Dominicain<\/strong>. Son adh\u00e9sion comme tertiaire dominicain traduisait son souhait d\u2019unir contemplation et action, en incarnant la devise <em>Contemplata aliis tradere<\/em>, \u00ab\u00a0transmettre aux autres ce que l\u2019on a contempl\u00e9\u00a0\u00bb. De cette mani\u00e8re, Pier Giorgio int\u00e9grait la spiritualit\u00e9 dominicaine dans sa vie quotidienne, en t\u00e9moignant une foi v\u00e9cue avec coh\u00e9rence et profondeur.<\/p>\n<p>Tout n\u2019\u00e9tait pas aust\u00e9rit\u00e9 et sacrifice <strong>dans la vie de Pier Giorgio Frassati<\/strong>. Au contraire : sa saintet\u00e9 est agr\u00e9ment\u00e9e de rires, de marches p\u00e9nibles et de surnoms absurdes, comme il convient \u00e0 ceux qui ont su vivre l\u2019\u00c9vangile avec un c\u0153ur jeune et joyeux.<br \/>\nLe 18 mai 1924, pendant une excursion au Pian della Mussa, entre l\u2019air p\u00e9tillant de haute altitude et le bruit de l\u2019eau qui coule, nait la <strong>Compagnie des Types Louches<\/strong> : un nom qui pouvait sembler une blague, mais qui cachait un projet tr\u00e8s \u00e9lev\u00e9. Derri\u00e8re les visages joyeux et les proclamations goliardiques, il y avait le d\u00e9sir ardent de vivre une amiti\u00e9 vraie, profonde, fond\u00e9e sur la foi et sur la pri\u00e8re. Pier Giorgio en fut l\u2019\u00e2me et le moteur. Il \u00e9crivait \u00e0 l\u2019un de ses amis\u00a0: \u00ab\u00a0<em>J\u2019aimerais que nous pr\u00eations un serment qui ne connait pas de fronti\u00e8res terrestres ni de limites temporelles\u00a0: l\u2019union dans la pri\u00e8re<\/em>\u00a0\u00bb.<br \/>\nCe lien spirituel unissait les \u00ab\u00a0malandrins\u00a0\u00bb de la compagnie, des jeunes hommes et femmes passionn\u00e9s de Dieu et de la vie, qui, entre une excursion et une blague, exp\u00e9rimentaient une fa\u00e7on nouvelle, proph\u00e9tique, d\u2019\u00eatre \u00c9glise\u00a0: une \u00c9glise joyeuse, vivante, incarn\u00e9e dans le temps. Les <em>Types Louches <\/em>n\u2019\u00e9taient pas simplement un groupe d\u2019amis, mais une petite fraternit\u00e9 la\u00efque, en avance sur leur temps, qui unissait foi, amiti\u00e9, nature, jeu, responsabilit\u00e9. Une alliance spirituelle qui d\u00e9passait la simple compagnie et devient une salle d\u2019entrainement \u00e0 la saintet\u00e9 quotidienne. Et c\u2019est ainsi que, entre les rochers et les pri\u00e8res, entre les \u00e9clats de rire et les silences contemplatifs, Pier Giorgio apprenait que l\u2019on peut \u00eatre saint sans arr\u00eater d\u2019\u00eatre<strong><a href=\"https:\/\/www.holyart.fr\/blog\/articles-religieux\/journee-mondiale-de-la-jeunesse-le-pape-reunit-les-jeunes-du-monde-entier\/\"> jeune<\/a><\/strong><a href=\"https:\/\/www.holyart.fr\/blog\/articles-religieux\/journee-mondiale-de-la-jeunesse-le-pape-reunit-les-jeunes-du-monde-entier\/\">.<\/a> Au contraire, que la saintet\u00e9 la plus authentique est probablement celle qui sait rire, aimer et marcher ensemble vers le haut.<\/p>\n<div class=\"link-article\">\n<p><img loading=\"lazy\" decoding=\"async\" class=\"size-full wp-image-10773 alignleft\" src=\"https:\/\/blog.holyart.it\/fr\/wp-content\/uploads\/sites\/14\/2025\/08\/Journee-Mondiale-de-la-Jeunesse.jpg\" alt=\"Journee Mondiale de la Jeunesse\" width=\"150\" height=\"99\" data-kale-share-title=\"De la montagne au ciel : la vie et le message de Pier Giorgio Frassati\" data-kale-share-url=\"https:\/\/blog.holyart.it\/fr\/?p=10767\" \/><\/p>\n<div class=\"leggi-anche\">Lire aussi :<\/div>\n<p><strong><a href=\"https:\/\/www.holyart.fr\/blog\/articles-religieux\/journee-mondiale-de-la-jeunesse-le-pape-reunit-les-jeunes-du-monde-entier\/\">Journ\u00e9e Mondiale de la Jeunesse<\/a><\/strong><br \/>\nLa Journ\u00e9e Mondiale de la Jeunesse repr\u00e9sente un \u00e9v\u00e9nement sans \u00e9gal pour les jeunes&#8230;<\/p>\n<\/div>\n<p>Entre les sommets escalad\u00e9s et les routes battues pour aider les pauvres, le c\u0153ur de Pier Giorgio Frassati connut aussi l\u2019intimit\u00e9 du sentiment le plus doux et le plus tourment\u00e9\u00a0: <strong>l\u2019amour humain<\/strong>, celui qui nait silencieux, br\u00fble fort et, parfois, reste cach\u00e9 pour toujours. Il avait 22 ans quand il rencontra Laura Hidalgo, une jeune d\u2019origines simples, et en fut profond\u00e9ment touch\u00e9. Il en tomba amoureux avec la pl\u00e9nitude d\u2019un c\u0153ur pur, sans ambigu\u00eft\u00e9s, sans arri\u00e8re-pens\u00e9es. Mais il n\u2019osa jamais d\u00e9clarer sa flamme. Le jeune Frassati, fils d\u2019une Turin ais\u00e9e et li\u00e9 \u00e0 une famille aux jugements s\u00e9v\u00e8res, craignait de blesser ses \u00eatres chers ou de les d\u00e9cevoir. Ainsi, avec la d\u00e9licatesse qui fut toujours la marque de sa mani\u00e8re de vivre, <u>il d\u00e9cida de taire ses sentiments<\/u>.<\/p>\n<p>En juillet 1925, Pier Giorgio tombe soudainement malade\u00a0: poliomy\u00e9lite fulgurante. Il meurt en quelques jours, sans \u00e9clat, exactement comme il a v\u00e9cu. Il avait 24 ans. Mais aux fun\u00e9railles, \u00e0 c\u00f4t\u00e9 de sa famille, une foule inattendue se pr\u00e9sente\u00a0: <strong>pauvres, mendiants, enfants, personnes \u00e2g\u00e9es<\/strong>, tous ceux qu\u2019il avait aim\u00e9 en secret. Pour beaucoup, il \u00e9tait d\u00e9j\u00e0 un saint.<\/p>\n<h2>Quels miracles a accompli Pier Giorgio Frassati<\/h2>\n<p><a href=\"https:\/\/www.holyart.fr\/blog\/articles-religieux\/miracles-reconnus-par-leglise-toutes-les-guerisons-et-les-evenements-prodigieux\/\"><strong>Les <u>miracles reconnus par l\u2019\u00c9glise<\/u><\/strong><\/a> ne sont pas uniquement des faits extraordinaires, mais <strong>des traces visibles de l\u2019invisible<\/strong>, des signes d\u2019une pr\u00e9sence qui continue d\u2019agir au c\u0153ur du monde.<\/p>\n<p>Le premier, qui a ouvert la voie \u00e0 la b\u00e9atification, a eu lieu dans les ann\u00e9es 1930 et concernait <strong>Domenico Sellan<\/strong>, un jeune frioulan afflig\u00e9 par le mal de Pott, une forme grave de tuberculose osseuse qui l\u2019avait conduit sur le seuil de la mort. Quand les espoirs humains semblaient d\u00e9j\u00e0 \u00e9vapor\u00e9s, un ami pr\u00eatre lui donna une image avec une petite relique de Pier Giorgio Frassati. Avec la foi simple et sinc\u00e8re de celui qui n\u2019a plus rien \u00e0 perdre, Domenico pria le jeune bienheureux avec toute son \u00e2me. En quelques heures, la maladie c\u00e9da le pas \u00e0 la gu\u00e9rison. Les m\u00e9decins ne surent rien expliquer, mais lui oui\u00a0: c\u2019\u00e9tait Pier Giorgio, son fr\u00e8re invisible, qui s\u2019\u00e9tait pench\u00e9 sur lui.<\/p>\n<p>Le miracle qui a ouvert grand les portes de la canonisation, par contre, est r\u00e9cent et vient d\u2019outre-mer, des rues ensoleill\u00e9es de Californie. Son protagoniste est\u00a0<strong>Juan Manuel Gutierrez<\/strong>, un jeune pr\u00eatre n\u00e9 pr\u00e8s de Mexico, s\u00e9minariste dans l\u2019archidioc\u00e8se de Los Angeles. Apr\u00e8s une adolescence tourment\u00e9e et une renaissance spirituelle qui le conduit \u00e0 la vocation, Juan Manuel se retrouve \u00e0 un pas de l\u2019ordination lorsque, en jouant au basket avec ses copains, se d\u00e9chire le tendon d\u2019Achille. L\u2019intervention chirurgicale est in\u00e9vitable, avec des risques et des co\u00fbts qui le mettent \u00e0 genoux. C\u2019est alors que, apr\u00e8s avoir vu une vid\u00e9o sur YouTube d\u00e9di\u00e9 \u00e0 Pier Giorgio, il se confie \u00e0 lui dans la pri\u00e8re, presque d\u2019instinct, presque par d\u00e9sespoir. Le 1<sup>er<\/sup> novembre 2017, pendant un moment de pri\u00e8re silencieuse, il ressent une chaleur soudaine et profonde \u00e0 la cheville. Il se l\u00e8ve. Il marche. Et il d\u00e9couvre que la l\u00e9sion a disparu. L\u2019IRM confirme ce que la science ne peut pas expliquer.<\/p>\n<div class=\"link-article\">\n<p><img loading=\"lazy\" decoding=\"async\" class=\"size-full wp-image-10775 alignleft\" src=\"https:\/\/blog.holyart.it\/fr\/wp-content\/uploads\/sites\/14\/2025\/08\/Miracles-reconnus-par-lEglise-1.jpg\" alt=\"Miracles reconnus par lEglise\" width=\"150\" height=\"99\" data-kale-share-title=\"De la montagne au ciel : la vie et le message de Pier Giorgio Frassati\" data-kale-share-url=\"https:\/\/blog.holyart.it\/fr\/?p=10767\" \/><\/p>\n<div class=\"leggi-anche\">Lire aussi :<\/div>\n<p><strong><a href=\"https:\/\/www.holyart.fr\/blog\/articles-religieux\/miracles-reconnus-par-leglise-toutes-les-guerisons-et-les-evenements-prodigieux\/\">Miracles reconnus par l\u2019\u00c9glise<\/a><\/strong><br \/>\nQuels sont les miracles reconnus par l\u2019\u00c9glise, quels sont ceux encore en cours&#8230;<\/p>\n<\/div>\n<p>Dans ces deux miracles, s\u00e9par\u00e9s par des d\u00e9cennies et par des continents, le m\u00eame myst\u00e8re se refl\u00e8te\u00a0: Pier Giorgio n\u2019a jamais arr\u00eat\u00e9 de marcher \u00e0 c\u00f4t\u00e9 de ceux qui souffrent, de grimper avec nous les montagnes les plus ardues de la vie. Mais les v\u00e9ritables miracles de Pier Giorgio sont aussi ceux qui ne se mesurent pas en rapports cliniques\u00a0: ce sont des <strong>vies chang\u00e9s, des vocations n\u00e9es, des jeunes retrouv\u00e9s<\/strong>, des c\u0153urs qui ont red\u00e9couvert la beaut\u00e9 de l\u2019\u00c9vangile gr\u00e2ce \u00e0 lui. Son intercession continue d\u2019accompagner ceux qui l\u2019invoquent. Il n\u2019a jamais arr\u00eat\u00e9 de grimper des montagnes. Il les escalade simplement avec nous.<\/p>\n<h2>Quand Pier Giorgio Frassati sera-t-il canonis\u00e9<\/h2>\n<p>Le 20 mai 1990, dans une Place Saint-Pierre bond\u00e9e de visages jeunes et d\u2019yeux luisants, <a href=\"https:\/\/www.holyart.fr\/occasions-speciales\/jean-paul-ii?page=1\"><strong>Pape Jean-Paul II<\/strong><\/a> proclama Pier Giorgio Frassati bienheureux, en l\u2019appelant avec des mots qui r\u00e9sonneront pour toujours dans les c\u0153urs des pr\u00e9sents : \u00ab\u00a0<em>L\u2019homme des huit b\u00e9atitudes<\/em>\u00a0\u00bb.<br \/>\nAvec ce geste, l\u2019\u00c9glise reconnaissait en lui un mod\u00e8le pour tous et, en particulier, pour les jeunes, capables de rechercher la saintet\u00e9 dans la simplicit\u00e9 quotidienne, dans l\u2019\u00e9tude, dans l\u2019engagement social, dans la pri\u00e8re et dans l\u2019amiti\u00e9 authentique.<\/p>\n<div class=\"link-article\">\n<p><img loading=\"lazy\" decoding=\"async\" class=\"size-full wp-image-10776 alignleft\" src=\"https:\/\/blog.holyart.it\/fr\/wp-content\/uploads\/sites\/14\/2025\/08\/processus-de-sanctification.jpg\" alt=\"processus de sanctification\" width=\"150\" height=\"99\" data-kale-share-title=\"De la montagne au ciel : la vie et le message de Pier Giorgio Frassati\" data-kale-share-url=\"https:\/\/blog.holyart.it\/fr\/?p=10767\" \/><\/p>\n<div class=\"leggi-anche\">Lire aussi :<\/div>\n<p><strong><a href=\"https:\/\/www.holyart.fr\/blog\/articles-religieux\/comment-devient-on-saint-expliquons-le-processus-de-sanctification\/\">Comment devient-on saint ?\u00a0<\/a><\/strong><br \/>\nLe processus de Sanctification est compos\u00e9 de diff\u00e9rentes phases et s\u2019articule en un long&#8230;<\/p>\n<\/div>\n<p>Le \u00a025 novembre 2024,\u00a0<strong>Pape Fran\u00e7ois\u00a0<\/strong>a sign\u00e9 le d\u00e9cret qui reconnait le deuxi\u00e8me miracle. C\u2019est le feu vert vers la <strong><a href=\"https:\/\/www.holyart.fr\/blog\/articles-religieux\/comment-devient-on-saint-expliquons-le-processus-de-sanctification\/\">canonisation.<\/a><\/strong> Maintenant nous le savons : <strong>Pier Giorgio Frassati deviendra saint le 7 septembre 2025<\/strong>. Un jour attendu, r\u00eav\u00e9, pri\u00e9 par des milliers de fid\u00e8les du monde entier, et surtout par ces jeunes qui voient en lui non pas une ic\u00f4ne lointaine, mais un fr\u00e8re, un compagnon de cord\u00e9e, un exemple concret de saintet\u00e9 possible.<br \/>\nLe choix de cette date n\u2019est pas al\u00e9atoire : <strong>c\u2019est le centenaire de sa mort<\/strong>, qui a eu lieu le 4 juillet 1925. Un si\u00e8cle exact pour traverser l\u2019histoire avec un pas l\u00e9ger, mais d\u00e9termin\u00e9, comme \u00e0 la montagne, et atteindre ce sommet qui est la canonisation\u00a0: la reconnaissance officielle d\u2019une vie offerte sans r\u00e9serve, v\u00e9cue en altitude, \u00ab\u00a0vers le haut\u00a0\u00bb. La c\u00e9r\u00e9monie aura lieu <strong>Place Saint-Pierre<\/strong>, o\u00f9 des dizaines de milliers de jeunes p\u00e8lerins se r\u00e9uniront de chaque coin du monde. Il ne s\u2019agira pas d\u2019un simple rite, mais d\u2019une f\u00eate, d\u2019<strong>une explosion de joie et de lumi\u00e8re<\/strong>, l\u2019accomplissement d\u2019un chemin d\u00e9but\u00e9 entre les rues de Turin et les sommets des Alpes et maintenant arriv\u00e9 jusqu\u2019au ciel.<\/p>\n<p>Pier Giorgio sera canonis\u00e9 <strong>avec <\/strong><a href=\"https:\/\/www.holyart.fr\/occasions-speciales\/carlo-acutis?page=1\"><strong>Carlo Acutis<\/strong><\/a>. Les c\u00e9l\u00e9brations feront partie du <strong>Jubil\u00e9<\/strong>. Turin aussi se pr\u00e9pare avec le c\u0153ur empli d\u2019orgueil et de tous les coins du monde des milliers de gens se rendront \u00e0 Rome afin de rendre hommage \u00e0 qui a su transformer une vie ordinaire en voie \u00e9lev\u00e9e, \u00e2pre et magnifique vers Dieu.<\/p>\n<div class=\"link-product\">\n<div class=\"blocco-immagine\"><img loading=\"lazy\" decoding=\"async\" class=\"size-full wp-image-10778 alignleft\" src=\"https:\/\/blog.holyart.it\/fr\/wp-content\/uploads\/sites\/14\/2025\/08\/statue-de-Carlo-Acutis-avec-chapelet-et-appareil-photo-resine-peinte-13-cm.jpg\" alt=\"statue de Carlo Acutis avec chapelet et appareil photo r\u00e9sine peinte 13 cm\" width=\"100\" height=\"100\" data-kale-share-title=\"De la montagne au ciel : la vie et le message de Pier Giorgio Frassati\" data-kale-share-url=\"https:\/\/blog.holyart.it\/fr\/?p=10767\" \/><\/div>\n<div class=\"blocco-contenuto\">\n<div class=\"blocco-acquista\">Acheter sur Holyart:<\/div>\n<div class=\"blocco-titolo\"><strong><a href=\"https:\/\/www.holyart.fr\/occasions-speciales\/carlo-acutis?page=1\">Carlo Acutis<\/a><\/strong><\/div>\n<div class=\"blocco-descrizione\">Dans cette section, vous trouverez des images de Carlo Acutis&#8230;<\/div>\n<\/div>\n<\/div>\n<p>&nbsp;<\/p>\n<p>&nbsp;<\/p>\n","protected":false},"excerpt":{"rendered":"<p>De la montagne au ciel : la vie et le message de Pier Giorgio Frassati, le gar\u00e7on qui aimait les montagnes et Dieu, un exemple de charit\u00e9 et d\u2019amour chr\u00e9tien. Dans le silence alpin, lorsque le vent chante entre les sommets et que la terre&hellip;<\/p>\n","protected":false},"author":1,"featured_media":10781,"comment_status":"closed","ping_status":"open","sticky":false,"template":"","format":"standard","meta":{"_acf_changed":false,"footnotes":""},"categories":[7],"tags":[],"class_list":["post-10767","post","type-post","status-publish","format-standard","has-post-thumbnail","hentry","category-saints-et-bienheureux"],"acf":[],"yoast_head":"<!-- This site is optimized with the Yoast SEO plugin v26.6 - https:\/\/yoast.com\/wordpress\/plugins\/seo\/ -->\n<title>De la montagne au ciel: la vie et le message de Pier Giorgio Frassati - Holyart.fr Blog<\/title>\n<meta name=\"description\" content=\"De la montagne au ciel : la vie, l\u2019amour, les miracles et la saintet\u00e9 de Pier Giorgio Frassati, le jeune bienheureux qui sera canonis\u00e9...\" \/>\n<meta name=\"robots\" content=\"index, follow, max-snippet:-1, max-image-preview:large, max-video-preview:-1\" \/>\n<link rel=\"canonical\" href=\"https:\/\/blog.holyart.it\/fr\/saints-et-bienheureux\/de-la-montagne-au-ciel-la-vie-et-le-message-de-pier-giorgio-frassati\/\" \/>\n<meta property=\"og:locale\" content=\"fr_FR\" \/>\n<meta property=\"og:type\" content=\"article\" \/>\n<meta property=\"og:title\" content=\"De la montagne au ciel: la vie et le message de Pier Giorgio Frassati - Holyart.fr Blog\" \/>\n<meta property=\"og:description\" content=\"De la montagne au ciel : la vie, l\u2019amour, les miracles et la saintet\u00e9 de Pier Giorgio Frassati, le jeune bienheureux qui sera canonis\u00e9...\" \/>\n<meta property=\"og:url\" content=\"https:\/\/blog.holyart.it\/fr\/saints-et-bienheureux\/de-la-montagne-au-ciel-la-vie-et-le-message-de-pier-giorgio-frassati\/\" \/>\n<meta property=\"og:site_name\" content=\"Holyart.fr Blog\" \/>\n<meta property=\"article:published_time\" content=\"2025-08-11T08:00:05+00:00\" \/>\n<meta property=\"article:modified_time\" content=\"2025-08-12T10:14:33+00:00\" \/>\n<meta property=\"og:image\" content=\"https:\/\/blog.holyart.it\/fr\/wp-content\/uploads\/sites\/14\/2025\/08\/pier-giorgio-frassati.jpeg\" \/>\n\t<meta property=\"og:image:width\" content=\"1000\" \/>\n\t<meta property=\"og:image:height\" content=\"668\" \/>\n\t<meta property=\"og:image:type\" content=\"image\/jpeg\" \/>\n<meta name=\"author\" content=\"Redazione\" \/>\n<meta name=\"twitter:card\" content=\"summary_large_image\" \/>\n<meta name=\"twitter:label1\" content=\"\u00c9crit par\" \/>\n\t<meta name=\"twitter:data1\" content=\"Redazione\" \/>\n\t<meta name=\"twitter:label2\" content=\"Dur\u00e9e de lecture estim\u00e9e\" \/>\n\t<meta name=\"twitter:data2\" content=\"12 minutes\" \/>\n<script type=\"application\/ld+json\" class=\"yoast-schema-graph\">{\"@context\":\"https:\/\/schema.org\",\"@graph\":[{\"@type\":\"Article\",\"@id\":\"https:\/\/blog.holyart.it\/fr\/saints-et-bienheureux\/de-la-montagne-au-ciel-la-vie-et-le-message-de-pier-giorgio-frassati\/#article\",\"isPartOf\":{\"@id\":\"https:\/\/blog.holyart.it\/fr\/saints-et-bienheureux\/de-la-montagne-au-ciel-la-vie-et-le-message-de-pier-giorgio-frassati\/\"},\"author\":{\"name\":\"Redazione\",\"@id\":\"https:\/\/blog.holyart.it\/fr\/#\/schema\/person\/0a7b686e5af0f856ec1e390dd0baecda\"},\"headline\":\"De la montagne au ciel: la vie et le message de Pier Giorgio Frassati\",\"datePublished\":\"2025-08-11T08:00:05+00:00\",\"dateModified\":\"2025-08-12T10:14:33+00:00\",\"mainEntityOfPage\":{\"@id\":\"https:\/\/blog.holyart.it\/fr\/saints-et-bienheureux\/de-la-montagne-au-ciel-la-vie-et-le-message-de-pier-giorgio-frassati\/\"},\"wordCount\":2172,\"publisher\":{\"@id\":\"https:\/\/blog.holyart.it\/fr\/#organization\"},\"image\":{\"@id\":\"https:\/\/blog.holyart.it\/fr\/saints-et-bienheureux\/de-la-montagne-au-ciel-la-vie-et-le-message-de-pier-giorgio-frassati\/#primaryimage\"},\"thumbnailUrl\":\"https:\/\/blog.holyart.it\/fr\/wp-content\/uploads\/sites\/14\/2025\/08\/pier-giorgio-frassati.jpeg\",\"articleSection\":[\"Saints et Bienheureux\"],\"inLanguage\":\"fr-FR\"},{\"@type\":\"WebPage\",\"@id\":\"https:\/\/blog.holyart.it\/fr\/saints-et-bienheureux\/de-la-montagne-au-ciel-la-vie-et-le-message-de-pier-giorgio-frassati\/\",\"url\":\"https:\/\/blog.holyart.it\/fr\/saints-et-bienheureux\/de-la-montagne-au-ciel-la-vie-et-le-message-de-pier-giorgio-frassati\/\",\"name\":\"De la montagne au ciel: la vie et le message de Pier Giorgio Frassati - Holyart.fr Blog\",\"isPartOf\":{\"@id\":\"https:\/\/blog.holyart.it\/fr\/#website\"},\"primaryImageOfPage\":{\"@id\":\"https:\/\/blog.holyart.it\/fr\/saints-et-bienheureux\/de-la-montagne-au-ciel-la-vie-et-le-message-de-pier-giorgio-frassati\/#primaryimage\"},\"image\":{\"@id\":\"https:\/\/blog.holyart.it\/fr\/saints-et-bienheureux\/de-la-montagne-au-ciel-la-vie-et-le-message-de-pier-giorgio-frassati\/#primaryimage\"},\"thumbnailUrl\":\"https:\/\/blog.holyart.it\/fr\/wp-content\/uploads\/sites\/14\/2025\/08\/pier-giorgio-frassati.jpeg\",\"datePublished\":\"2025-08-11T08:00:05+00:00\",\"dateModified\":\"2025-08-12T10:14:33+00:00\",\"description\":\"De la montagne au ciel : la vie, l\u2019amour, les miracles et la saintet\u00e9 de Pier Giorgio Frassati, le jeune bienheureux qui sera canonis\u00e9...\",\"breadcrumb\":{\"@id\":\"https:\/\/blog.holyart.it\/fr\/saints-et-bienheureux\/de-la-montagne-au-ciel-la-vie-et-le-message-de-pier-giorgio-frassati\/#breadcrumb\"},\"inLanguage\":\"fr-FR\",\"potentialAction\":[{\"@type\":\"ReadAction\",\"target\":[\"https:\/\/blog.holyart.it\/fr\/saints-et-bienheureux\/de-la-montagne-au-ciel-la-vie-et-le-message-de-pier-giorgio-frassati\/\"]}]},{\"@type\":\"ImageObject\",\"inLanguage\":\"fr-FR\",\"@id\":\"https:\/\/blog.holyart.it\/fr\/saints-et-bienheureux\/de-la-montagne-au-ciel-la-vie-et-le-message-de-pier-giorgio-frassati\/#primaryimage\",\"url\":\"https:\/\/blog.holyart.it\/fr\/wp-content\/uploads\/sites\/14\/2025\/08\/pier-giorgio-frassati.jpeg\",\"contentUrl\":\"https:\/\/blog.holyart.it\/fr\/wp-content\/uploads\/sites\/14\/2025\/08\/pier-giorgio-frassati.jpeg\",\"width\":1000,\"height\":668,\"caption\":\"ROME, ITALY - AUGUST 27, 2021: The painting of St. Piergiorgio Frassati in the church Chiesa di Santa Lucia del Gonfalone by Carlo Bertocci from 20. cent.\"},{\"@type\":\"BreadcrumbList\",\"@id\":\"https:\/\/blog.holyart.it\/fr\/saints-et-bienheureux\/de-la-montagne-au-ciel-la-vie-et-le-message-de-pier-giorgio-frassati\/#breadcrumb\",\"itemListElement\":[{\"@type\":\"ListItem\",\"position\":1,\"name\":\"Homepage\",\"item\":\"https:\/\/blog.holyart.it\/fr\/\"},{\"@type\":\"ListItem\",\"position\":2,\"name\":\"Saints et Bienheureux\",\"item\":\"https:\/\/blog.holyart.it\/fr\/saints-et-bienheureux\/\"},{\"@type\":\"ListItem\",\"position\":3,\"name\":\"De la montagne au ciel: la vie et le message de Pier Giorgio Frassati\"}]},{\"@type\":\"WebSite\",\"@id\":\"https:\/\/blog.holyart.it\/fr\/#website\",\"url\":\"https:\/\/blog.holyart.it\/fr\/\",\"name\":\"Holyart.fr Blog\",\"description\":\"Holyblog\",\"publisher\":{\"@id\":\"https:\/\/blog.holyart.it\/fr\/#organization\"},\"potentialAction\":[{\"@type\":\"SearchAction\",\"target\":{\"@type\":\"EntryPoint\",\"urlTemplate\":\"https:\/\/blog.holyart.it\/fr\/?s={search_term_string}\"},\"query-input\":{\"@type\":\"PropertyValueSpecification\",\"valueRequired\":true,\"valueName\":\"search_term_string\"}}],\"inLanguage\":\"fr-FR\"},{\"@type\":\"Organization\",\"@id\":\"https:\/\/blog.holyart.it\/fr\/#organization\",\"name\":\"Holyart.fr Blog\",\"url\":\"https:\/\/blog.holyart.it\/fr\/\",\"logo\":{\"@type\":\"ImageObject\",\"inLanguage\":\"fr-FR\",\"@id\":\"https:\/\/blog.holyart.it\/fr\/#\/schema\/logo\/image\/\",\"url\":\"https:\/\/blog.holyart.it\/fr\/wp-content\/uploads\/sites\/14\/2022\/12\/Holyart_Blog_Logo.jpg\",\"contentUrl\":\"https:\/\/blog.holyart.it\/fr\/wp-content\/uploads\/sites\/14\/2022\/12\/Holyart_Blog_Logo.jpg\",\"width\":300,\"height\":50,\"caption\":\"Holyart.fr Blog\"},\"image\":{\"@id\":\"https:\/\/blog.holyart.it\/fr\/#\/schema\/logo\/image\/\"}},{\"@type\":\"Person\",\"@id\":\"https:\/\/blog.holyart.it\/fr\/#\/schema\/person\/0a7b686e5af0f856ec1e390dd0baecda\",\"name\":\"Redazione\",\"image\":{\"@type\":\"ImageObject\",\"inLanguage\":\"fr-FR\",\"@id\":\"https:\/\/blog.holyart.it\/fr\/#\/schema\/person\/image\/\",\"url\":\"https:\/\/secure.gravatar.com\/avatar\/f477da817f43e50d0af36abecd33e3edf826c68299714bdc1057dff3b113f516?s=96&d=mm&r=g\",\"contentUrl\":\"https:\/\/secure.gravatar.com\/avatar\/f477da817f43e50d0af36abecd33e3edf826c68299714bdc1057dff3b113f516?s=96&d=mm&r=g\",\"caption\":\"Redazione\"},\"url\":\"https:\/\/blog.holyart.it\/fr\/author\/admin\/\"}]}<\/script>\n<!-- \/ Yoast SEO plugin. -->","yoast_head_json":{"title":"De la montagne au ciel: la vie et le message de Pier Giorgio Frassati - Holyart.fr Blog","description":"De la montagne au ciel : la vie, l\u2019amour, les miracles et la saintet\u00e9 de Pier Giorgio Frassati, le jeune bienheureux qui sera canonis\u00e9...","robots":{"index":"index","follow":"follow","max-snippet":"max-snippet:-1","max-image-preview":"max-image-preview:large","max-video-preview":"max-video-preview:-1"},"canonical":"https:\/\/blog.holyart.it\/fr\/saints-et-bienheureux\/de-la-montagne-au-ciel-la-vie-et-le-message-de-pier-giorgio-frassati\/","og_locale":"fr_FR","og_type":"article","og_title":"De la montagne au ciel: la vie et le message de Pier Giorgio Frassati - Holyart.fr Blog","og_description":"De la montagne au ciel : la vie, l\u2019amour, les miracles et la saintet\u00e9 de Pier Giorgio Frassati, le jeune bienheureux qui sera canonis\u00e9...","og_url":"https:\/\/blog.holyart.it\/fr\/saints-et-bienheureux\/de-la-montagne-au-ciel-la-vie-et-le-message-de-pier-giorgio-frassati\/","og_site_name":"Holyart.fr Blog","article_published_time":"2025-08-11T08:00:05+00:00","article_modified_time":"2025-08-12T10:14:33+00:00","og_image":[{"width":1000,"height":668,"url":"https:\/\/blog.holyart.it\/fr\/wp-content\/uploads\/sites\/14\/2025\/08\/pier-giorgio-frassati.jpeg","type":"image\/jpeg"}],"author":"Redazione","twitter_card":"summary_large_image","twitter_misc":{"\u00c9crit par":"Redazione","Dur\u00e9e de lecture estim\u00e9e":"12 minutes"},"schema":{"@context":"https:\/\/schema.org","@graph":[{"@type":"Article","@id":"https:\/\/blog.holyart.it\/fr\/saints-et-bienheureux\/de-la-montagne-au-ciel-la-vie-et-le-message-de-pier-giorgio-frassati\/#article","isPartOf":{"@id":"https:\/\/blog.holyart.it\/fr\/saints-et-bienheureux\/de-la-montagne-au-ciel-la-vie-et-le-message-de-pier-giorgio-frassati\/"},"author":{"name":"Redazione","@id":"https:\/\/blog.holyart.it\/fr\/#\/schema\/person\/0a7b686e5af0f856ec1e390dd0baecda"},"headline":"De la montagne au ciel: la vie et le message de Pier Giorgio Frassati","datePublished":"2025-08-11T08:00:05+00:00","dateModified":"2025-08-12T10:14:33+00:00","mainEntityOfPage":{"@id":"https:\/\/blog.holyart.it\/fr\/saints-et-bienheureux\/de-la-montagne-au-ciel-la-vie-et-le-message-de-pier-giorgio-frassati\/"},"wordCount":2172,"publisher":{"@id":"https:\/\/blog.holyart.it\/fr\/#organization"},"image":{"@id":"https:\/\/blog.holyart.it\/fr\/saints-et-bienheureux\/de-la-montagne-au-ciel-la-vie-et-le-message-de-pier-giorgio-frassati\/#primaryimage"},"thumbnailUrl":"https:\/\/blog.holyart.it\/fr\/wp-content\/uploads\/sites\/14\/2025\/08\/pier-giorgio-frassati.jpeg","articleSection":["Saints et Bienheureux"],"inLanguage":"fr-FR"},{"@type":"WebPage","@id":"https:\/\/blog.holyart.it\/fr\/saints-et-bienheureux\/de-la-montagne-au-ciel-la-vie-et-le-message-de-pier-giorgio-frassati\/","url":"https:\/\/blog.holyart.it\/fr\/saints-et-bienheureux\/de-la-montagne-au-ciel-la-vie-et-le-message-de-pier-giorgio-frassati\/","name":"De la montagne au ciel: la vie et le message de Pier Giorgio Frassati - Holyart.fr Blog","isPartOf":{"@id":"https:\/\/blog.holyart.it\/fr\/#website"},"primaryImageOfPage":{"@id":"https:\/\/blog.holyart.it\/fr\/saints-et-bienheureux\/de-la-montagne-au-ciel-la-vie-et-le-message-de-pier-giorgio-frassati\/#primaryimage"},"image":{"@id":"https:\/\/blog.holyart.it\/fr\/saints-et-bienheureux\/de-la-montagne-au-ciel-la-vie-et-le-message-de-pier-giorgio-frassati\/#primaryimage"},"thumbnailUrl":"https:\/\/blog.holyart.it\/fr\/wp-content\/uploads\/sites\/14\/2025\/08\/pier-giorgio-frassati.jpeg","datePublished":"2025-08-11T08:00:05+00:00","dateModified":"2025-08-12T10:14:33+00:00","description":"De la montagne au ciel : la vie, l\u2019amour, les miracles et la saintet\u00e9 de Pier Giorgio Frassati, le jeune bienheureux qui sera canonis\u00e9...","breadcrumb":{"@id":"https:\/\/blog.holyart.it\/fr\/saints-et-bienheureux\/de-la-montagne-au-ciel-la-vie-et-le-message-de-pier-giorgio-frassati\/#breadcrumb"},"inLanguage":"fr-FR","potentialAction":[{"@type":"ReadAction","target":["https:\/\/blog.holyart.it\/fr\/saints-et-bienheureux\/de-la-montagne-au-ciel-la-vie-et-le-message-de-pier-giorgio-frassati\/"]}]},{"@type":"ImageObject","inLanguage":"fr-FR","@id":"https:\/\/blog.holyart.it\/fr\/saints-et-bienheureux\/de-la-montagne-au-ciel-la-vie-et-le-message-de-pier-giorgio-frassati\/#primaryimage","url":"https:\/\/blog.holyart.it\/fr\/wp-content\/uploads\/sites\/14\/2025\/08\/pier-giorgio-frassati.jpeg","contentUrl":"https:\/\/blog.holyart.it\/fr\/wp-content\/uploads\/sites\/14\/2025\/08\/pier-giorgio-frassati.jpeg","width":1000,"height":668,"caption":"ROME, ITALY - AUGUST 27, 2021: The painting of St. Piergiorgio Frassati in the church Chiesa di Santa Lucia del Gonfalone by Carlo Bertocci from 20. cent."},{"@type":"BreadcrumbList","@id":"https:\/\/blog.holyart.it\/fr\/saints-et-bienheureux\/de-la-montagne-au-ciel-la-vie-et-le-message-de-pier-giorgio-frassati\/#breadcrumb","itemListElement":[{"@type":"ListItem","position":1,"name":"Homepage","item":"https:\/\/blog.holyart.it\/fr\/"},{"@type":"ListItem","position":2,"name":"Saints et Bienheureux","item":"https:\/\/blog.holyart.it\/fr\/saints-et-bienheureux\/"},{"@type":"ListItem","position":3,"name":"De la montagne au ciel: la vie et le message de Pier Giorgio Frassati"}]},{"@type":"WebSite","@id":"https:\/\/blog.holyart.it\/fr\/#website","url":"https:\/\/blog.holyart.it\/fr\/","name":"Holyart.fr Blog","description":"Holyblog","publisher":{"@id":"https:\/\/blog.holyart.it\/fr\/#organization"},"potentialAction":[{"@type":"SearchAction","target":{"@type":"EntryPoint","urlTemplate":"https:\/\/blog.holyart.it\/fr\/?s={search_term_string}"},"query-input":{"@type":"PropertyValueSpecification","valueRequired":true,"valueName":"search_term_string"}}],"inLanguage":"fr-FR"},{"@type":"Organization","@id":"https:\/\/blog.holyart.it\/fr\/#organization","name":"Holyart.fr Blog","url":"https:\/\/blog.holyart.it\/fr\/","logo":{"@type":"ImageObject","inLanguage":"fr-FR","@id":"https:\/\/blog.holyart.it\/fr\/#\/schema\/logo\/image\/","url":"https:\/\/blog.holyart.it\/fr\/wp-content\/uploads\/sites\/14\/2022\/12\/Holyart_Blog_Logo.jpg","contentUrl":"https:\/\/blog.holyart.it\/fr\/wp-content\/uploads\/sites\/14\/2022\/12\/Holyart_Blog_Logo.jpg","width":300,"height":50,"caption":"Holyart.fr Blog"},"image":{"@id":"https:\/\/blog.holyart.it\/fr\/#\/schema\/logo\/image\/"}},{"@type":"Person","@id":"https:\/\/blog.holyart.it\/fr\/#\/schema\/person\/0a7b686e5af0f856ec1e390dd0baecda","name":"Redazione","image":{"@type":"ImageObject","inLanguage":"fr-FR","@id":"https:\/\/blog.holyart.it\/fr\/#\/schema\/person\/image\/","url":"https:\/\/secure.gravatar.com\/avatar\/f477da817f43e50d0af36abecd33e3edf826c68299714bdc1057dff3b113f516?s=96&d=mm&r=g","contentUrl":"https:\/\/secure.gravatar.com\/avatar\/f477da817f43e50d0af36abecd33e3edf826c68299714bdc1057dff3b113f516?s=96&d=mm&r=g","caption":"Redazione"},"url":"https:\/\/blog.holyart.it\/fr\/author\/admin\/"}]}},"_links":{"self":[{"href":"https:\/\/blog.holyart.it\/fr\/wp-json\/wp\/v2\/posts\/10767","targetHints":{"allow":["GET"]}}],"collection":[{"href":"https:\/\/blog.holyart.it\/fr\/wp-json\/wp\/v2\/posts"}],"about":[{"href":"https:\/\/blog.holyart.it\/fr\/wp-json\/wp\/v2\/types\/post"}],"author":[{"embeddable":true,"href":"https:\/\/blog.holyart.it\/fr\/wp-json\/wp\/v2\/users\/1"}],"replies":[{"embeddable":true,"href":"https:\/\/blog.holyart.it\/fr\/wp-json\/wp\/v2\/comments?post=10767"}],"version-history":[{"count":12,"href":"https:\/\/blog.holyart.it\/fr\/wp-json\/wp\/v2\/posts\/10767\/revisions"}],"predecessor-version":[{"id":10789,"href":"https:\/\/blog.holyart.it\/fr\/wp-json\/wp\/v2\/posts\/10767\/revisions\/10789"}],"wp:featuredmedia":[{"embeddable":true,"href":"https:\/\/blog.holyart.it\/fr\/wp-json\/wp\/v2\/media\/10781"}],"wp:attachment":[{"href":"https:\/\/blog.holyart.it\/fr\/wp-json\/wp\/v2\/media?parent=10767"}],"wp:term":[{"taxonomy":"category","embeddable":true,"href":"https:\/\/blog.holyart.it\/fr\/wp-json\/wp\/v2\/categories?post=10767"},{"taxonomy":"post_tag","embeddable":true,"href":"https:\/\/blog.holyart.it\/fr\/wp-json\/wp\/v2\/tags?post=10767"}],"curies":[{"name":"wp","href":"https:\/\/api.w.org\/{rel}","templated":true}]}}