{"id":10721,"date":"2025-08-04T10:00:11","date_gmt":"2025-08-04T08:00:11","guid":{"rendered":"https:\/\/blog.holyart.it\/fr\/?p=10721"},"modified":"2025-08-05T11:47:36","modified_gmt":"2025-08-05T09:47:36","slug":"notre-dame-des-neiges-et-le-miracle-du-5-aout","status":"publish","type":"post","link":"https:\/\/blog.holyart.it\/fr\/articles-religieux\/notre-dame-des-neiges-et-le-miracle-du-5-aout\/","title":{"rendered":"Notre-Dame-des-Neiges et le miracle du 5 ao\u00fbt"},"content":{"rendered":"<h4><em>Le 5 ao\u00fbt, \u00e0 Rome, on rappelle Notre-Dame-des-Neiges, avec une chute de neige spectaculaire sur la place de la Basilique Papale de Sainte-Marie-Majeure qui lui est d\u00e9di\u00e9e. Voici comme son culte est n\u00e9<\/em><\/h4>\n<p><strong>Notre-Dame-des-Neiges<\/strong> et le <strong>miracle du 5 ao\u00fbt<\/strong> font partie int\u00e9grante de l\u2019histoire religieuse de Rome. Depuis que le 5 ao\u00fbt 358 apr. J.-C. une <strong>chute de neige miraculeuse<\/strong> a recouvert d\u2019une cape blanche le mont Esquilin, en d\u00e9cr\u00e9tant le lieu o\u00f9 aurait s\u2019\u00e9rigerait la <a href=\"https:\/\/www.holyart.fr\/blog\/articles-religieux\/tour-des-sept-eglises-itineraires-de-pelerinage-pour-le-jubile\/\"><strong><u>Basilique Papale Sainte-Marie-Majeure<\/u><\/strong><\/a>, le plus ancien sanctuaire marial de l\u2019Occident, ce jour repr\u00e9sente un important rendez-vous dans le calendrier liturgique, qui unit histoire, foi et tradition dans un \u00e9v\u00e9nement unique et suggestif. La f\u00eate de Notre-Dame-des-Neiges n\u2019est pas seulement une occasion pour rappeler le miracle, mais aussi un moment de r\u00e9flexion spirituelle pour les fid\u00e8les sur le r\u00f4le de la Vierge Marie en tant que <strong>m\u00e9diatrice de la Gr\u00e2ce divine<\/strong>, symbole de puret\u00e9 et de renouvellement, exactement comme la neige de laquelle elle a re\u00e7u justement le <a href=\"https:\/\/www.holyart.fr\/blog\/articles-religieux\/titres-mariaux-combien-et-lesquels-sont-les-noms-dedies-a-marie\/\"><strong><u>titre marial<\/u><\/strong><\/a> de Notre-Dame-des-Neiges.<\/p>\n<div class=\"link-article\">\n<p><img loading=\"lazy\" decoding=\"async\" class=\"size-full wp-image-10724 alignleft\" src=\"https:\/\/blog.holyart.it\/fr\/wp-content\/uploads\/sites\/14\/2025\/07\/Tour-des-Sept-eglises.jpg\" alt=\"Tour des Sept eglises\" width=\"150\" height=\"99\" data-kale-share-title=\"Notre-Dame-des-Neiges et le miracle du 5 ao\u00fbt\" data-kale-share-url=\"https:\/\/blog.holyart.it\/fr\/?p=10721\" \/><\/p>\n<div class=\"leggi-anche\">Lire aussi :<\/div>\n<p><strong><a href=\"https:\/\/www.holyart.fr\/blog\/articles-religieux\/tour-des-sept-eglises-itineraires-de-pelerinage-pour-le-jubile\/\">Tour des Sept \u00c9glises : itin\u00e9raires de p\u00e8lerinage pour le Jubil\u00e9<\/a><\/strong><br \/>\nLe Tour des Sept \u00c9glise est un ancien itin\u00e9raire d\u00e9votionnel entrepris encore aujourd\u2019hui par les fid\u00e8les&#8230;<\/p>\n<\/div>\n<p>Selon la l\u00e9gende, dans la nuit entre le 4 et le 5 ao\u00fbt 364, la Vierge apparut en r\u00eave \u00e0 Pape Lib\u00e8re (352-366), ou, selon une autre tradition, au patricien romain Jean, qui aurait ensuite rapport\u00e9 son r\u00eave au Pape. Dans les deux cas, la Vierge demanda que l\u2019on \u00e9rige une Basilique en son nom et annon\u00e7a que, afin d\u2019indiquer le lieu exact de la future construction, elle aurait fait tomber de la <strong>neige<\/strong>. En effet, cette nuit-l\u00e0, une chute de neige miraculeuse eut lieu sur le mont Esquilin. Ici fut d\u2019abord b\u00e2tie la Basilique Lib\u00e9rienne, sur les restes de laquelle Sixte III fit \u00e9riger la Basilique Sainte-Marie-Majeure, en l\u2019honneur de la Sainte Vierge. Avec son imposante architecture et ses tr\u00e9sors artistiques, la Basilique subit, au cours des si\u00e8cles, diff\u00e9rentes interventions de restauration et fut enrichie d\u2019\u0153uvres d\u2019art. Encore aujourd\u2019hui, elle continue d\u2019\u00eatre un des symboles de foi et de <a href=\"https:\/\/www.holyart.fr\/blog\/articles-religieux\/les-10-sanctuaires-mariaux-les-plus-celebres-en-italie\/\"><strong><u>d\u00e9votion mariale<\/u><\/strong><\/a> les plus importants au monde.<\/p>\n<div class=\"link-article\">\n<p><img loading=\"lazy\" decoding=\"async\" class=\"size-full wp-image-10725 alignleft\" src=\"https:\/\/blog.holyart.it\/fr\/wp-content\/uploads\/sites\/14\/2025\/07\/Les-10-sanctuaires-mariaux-les-plus-celebres-en-Italie-1.jpg\" alt=\"Les 10 sanctuaires mariaux les plus celebres en Italie\" width=\"150\" height=\"99\" data-kale-share-title=\"Notre-Dame-des-Neiges et le miracle du 5 ao\u00fbt\" data-kale-share-url=\"https:\/\/blog.holyart.it\/fr\/?p=10721\" \/><\/p>\n<div class=\"leggi-anche\">Lire aussi :<\/div>\n<p><strong><a href=\"https:\/\/www.holyart.fr\/blog\/articles-religieux\/les-10-sanctuaires-mariaux-les-plus-celebres-en-italie\/\">Les 10 sanctuaires mariaux les plus c\u00e9l\u00e8bres en Italie<\/a><\/strong><br \/>\nLes Sanctuaires Mariaux repr\u00e9sentent depuis toujours des lieux o\u00f9 se concentre la d\u00e9votion \u00e0 la Vierge, M\u00e8re de J\u00e9sus&#8230;<\/p>\n<\/div>\n<h2>Quand f\u00eate-t-on Notre-Dame-des-Neiges ?<\/h2>\n<p>Notre-Dame-des-Neiges est donc c\u00e9l\u00e9br\u00e9e le 5 ao\u00fbt, pour rappeler le c\u00e9l\u00e8bre miracle de la neige sur le mont Esquilin. Chaque ann\u00e9e, le <strong>5 ao\u00fbt<\/strong>, on c\u00e9l\u00e8bre la f\u00eate de Notre-Dame-des-Neiges avec une messe solennelle en l\u2019honneur de la Vierge Marie. Cette r\u00e9currence, qui comm\u00e9more le miracle de la neige, attire des touristes du monde entier. Dans la place en face de la Basilique Sainte-Marie-Majeure, on organise un spectacle de sons et lumi\u00e8res, suivi d\u2019une chute de <strong>neige artificielle<\/strong> qui \u00e9voque l\u2019\u00e9v\u00e9nement miraculeux de 358 apr. J.-C. Dans le pass\u00e9, on utilisait des p\u00e9tales de roses blanches comme flocons de neige.<\/p>\n<p>Selon certaines traditions, le 5 ao\u00fbt est \u00e9galement rappel\u00e9 comme l\u2019<a href=\"https:\/\/www.holyart.fr\/blog\/articles-religieux\/anniversaire-de-la-sainte-vierge-est-elle-nee-le-5-aout-ou-le-8-septembre\/\"><strong><u>anniversaire de la Sainte Vierge<\/u><\/strong><\/a>. La Nativit\u00e9 de Marie est officiellement c\u00e9l\u00e9br\u00e9e le 8 septembre, bien que cette date soit de nature purement conventionnelle, car il n\u2019existe pas d\u2019indications pr\u00e9cises concernant la date de naissance de Marie. Le choix du 8 septembre co\u00efncide avec la f\u00eate de d\u00e9dicace de la Basilique Sainte-Anne de J\u00e9rusalem, construite au IVe si\u00e8cle apr. J.-C. sur le site o\u00f9 on croit que la maison des parents de Marie se trouvait autrefois. Mais il existe d\u2019autres traditions aussi, qui font correspondre l\u2019anniversaire de la Sainte Vierge avec des dates diff\u00e9rentes, parmi lesquelles le 5 ao\u00fbt, f\u00eate de Notre-Dame-des-Neiges.<\/p>\n<div class=\"link-article\">\n<p><img loading=\"lazy\" decoding=\"async\" class=\"size-full wp-image-10726 alignleft\" src=\"https:\/\/blog.holyart.it\/fr\/wp-content\/uploads\/sites\/14\/2025\/07\/Anniversaire-de-la-Vierge.jpg\" alt=\"Anniversaire de la Vierge\" width=\"150\" height=\"99\" data-kale-share-title=\"Notre-Dame-des-Neiges et le miracle du 5 ao\u00fbt\" data-kale-share-url=\"https:\/\/blog.holyart.it\/fr\/?p=10721\" \/><\/p>\n<div class=\"leggi-anche\">Lire aussi :<\/div>\n<p><strong><a href=\"https:\/\/www.holyart.fr\/blog\/articles-religieux\/anniversaire-de-la-sainte-vierge-est-elle-nee-le-5-aout-ou-le-8-septembre\/\">Anniversaire de la Sainte Vierge : est-elle n\u00e9e le 5 ao\u00fbt ou le 8 septembre ?<\/a><\/strong><br \/>\nL\u2019anniversaire de la Sainte Vierge : 5 ao\u00fbt ou 8 septembre ? D\u00e9couvrons&#8230;<\/p>\n<\/div>\n<h2>Pourquoi Sainte-Marie-Majeure est d\u00e9di\u00e9e \u00e0 Notre-Dame-des-Neiges\u00a0?<\/h2>\n<p>Sainte-Marie-Majeure est d\u00e9di\u00e9e \u00e0 Notre-Dame-des-Neiges pour comm\u00e9morer le miracle du 5 ao\u00fbt. Cet \u00e9v\u00e9nement est profond\u00e9ment enracin\u00e9 dans la tradition chr\u00e9tienne et a donn\u00e9 lieu \u00e0 une des festivit\u00e9s mariales les plus ressenties et les plus c\u00e9l\u00e9br\u00e9es. Chaque ann\u00e9e, le 5 ao\u00fbt, la Basilique Papale Sainte-Marie-Majeure \u00e0 Rome accueille une c\u00e9l\u00e9bration liturgique solennelle et une spectaculaire \u00ab\u00a0chute de neige\u00a0\u00bb artificielle de p\u00e9tales blanches, qui rappelle la miraculeuse neige estivale de 358 apr. J.-C.<\/p>\n<p>L\u2019\u00c9glise de Notre-Dame-des-Neiges (en latin Sancta Maria ad Nives) est une des Basiliques papales, i.e. ces \u00e9glises particuli\u00e8rement importantes qui accueillent un <strong>autel papal<\/strong>, o\u00f9 seulement le Pape ou quelques autres pr\u00eatres de haut rang seulement peuvent c\u00e9l\u00e9brer l\u2019Eucharistie. <a href=\"https:\/\/www.holyart.fr\/blog\/articles-religieux\/eglises-jubilaires-lieux-de-pelerinages-incontournables-pendant-le-jubile\/\"><strong><u>Chacune des Basiliques papales a \u00e9galement une Porte Sainte<\/u><\/strong><\/a> qui est ouverte \u00e0 l\u2019occasion du Jubil\u00e9. L\u2019ouverture de la <strong>Porte Sainte<\/strong> est un \u00e9v\u00e9nement central du <a href=\"https:\/\/www.holyart.fr\/jubile-2025-pelerins-desperance\"><strong>Jubil\u00e9<\/strong><\/a> et marque le d\u00e9but de la p\u00e9riode de gr\u00e2ce et de mis\u00e9ricorde qu\u2019il repr\u00e9sente. En particulier, <a href=\"https:\/\/www.holyart.fr\/blog\/articles-religieux\/porte-sainte-quest-ce-que-cest-et-que-represente-son-ouverture\/\"><strong><u>l\u2019ouverture de la Porte Sainte de la Basilique Saint-Pierre<\/u><\/strong><\/a>, qui pour le Jubil\u00e9 de 2025 aura lieu le 24 d\u00e9cembre 2024, marque officiellement le d\u00e9but de l\u2019Ann\u00e9e Sainte. Traverser la Porte Saint invite les fid\u00e8les \u00e0 la conversion et \u00e0 recevoir la gr\u00e2ce du pardon.<\/p>\n<div class=\"link-article\">\n<p><img loading=\"lazy\" decoding=\"async\" class=\"size-full wp-image-10728 alignleft\" src=\"https:\/\/blog.holyart.it\/fr\/wp-content\/uploads\/sites\/14\/2025\/07\/eglises-Jubilaires.jpg\" alt=\"eglises Jubilaires\" width=\"150\" height=\"99\" data-kale-share-title=\"Notre-Dame-des-Neiges et le miracle du 5 ao\u00fbt\" data-kale-share-url=\"https:\/\/blog.holyart.it\/fr\/?p=10721\" \/><\/p>\n<div class=\"leggi-anche\">Lire aussi :<\/div>\n<p><strong><a href=\"https:\/\/www.holyart.fr\/blog\/articles-religieux\/eglises-jubilaires-lieux-de-pelerinages-incontournables-pendant-le-jubile\/\">\u00c9glises Jubilaires, lieux de p\u00e8lerinages incontournables pendant le Jubil\u00e9<\/a><\/strong><br \/>\nLes \u00c9glises Jubilaires sont celles dot\u00e9es d\u2019une Porte Sainte, la traversant&#8230;<\/p>\n<\/div>\n<p>La Basilique Papale de Sainte-Marie-Majeure, situ\u00e9e \u00e0 Rome, est un exemple exceptionnel d\u2019architecture pal\u00e9ochr\u00e9tienne. Sa construction d\u00e9buta, comme nous l\u2019avons vu, sous le pontificat de Pape Lib\u00e8re, mais la basilique a subi de nombreuses modifications et extensions au cours des si\u00e8cles. Sainte-Marie-Majeure est c\u00e9l\u00e8bre, entre autres, pour ses <strong>mosa\u00efques<\/strong>, remontant \u00e0 la p\u00e9riode de son \u00e9dification. Ces mosa\u00efques courent en hauteur le long de la nef principale, sur la droite comme sur la gauche. Originairement, il s\u2019agissait de 42 carr\u00e9s, mais seulement 27 ont surv\u00e9cu (12 \u00e0 gauche et 15 \u00e0 droite), tandis que les autres ont \u00e9t\u00e9 d\u00e9truits au XVIIIe si\u00e8cle et ont \u00e9t\u00e9, dans certains cas, remplac\u00e9s par des fresques. Ces panneaux repr\u00e9sentent des histoires de l\u2019Ancien Testament. D\u2019autres pr\u00e9cieuses mosa\u00efques d\u00e9corent l\u2019arche triomphale qui d\u00e9limite l\u2019abside et repr\u00e9sentent des sc\u00e8nes de la vie de J\u00e9sus.<\/p>\n<p>La Basilique Sainte-Marie-Majeure accueille \u00e9galement la tombe du c\u00e9l\u00e8bre sculpteur Gian Lorenzo Bernini, dit le Bernin.<\/p>\n<div class=\"link-product\">\n<div class=\"blocco-immagine\"><img loading=\"lazy\" decoding=\"async\" class=\"size-full wp-image-10729 alignleft\" src=\"https:\/\/blog.holyart.it\/fr\/wp-content\/uploads\/sites\/14\/2025\/07\/t-shirt-enfant-vert-logo-officiel-jubile-2025.jpg\" alt=\"t shirt enfant vert logo officiel jubile 2025\" width=\"100\" height=\"100\" data-kale-share-title=\"Notre-Dame-des-Neiges et le miracle du 5 ao\u00fbt\" data-kale-share-url=\"https:\/\/blog.holyart.it\/fr\/?p=10721\" \/><\/div>\n<div class=\"blocco-contenuto\">\n<div class=\"blocco-acquista\">Acheter sur Holyart:<\/div>\n<div class=\"blocco-titolo\"><a href=\"https:\/\/www.holyart.fr\/jubile-2025-pelerins-desperance?\">Jubil\u00e9 2025 P\u00e8lerins d&rsquo;esp\u00e9rance<\/a><\/div>\n<div class=\"blocco-descrizione\">Articles con\u00e7us pour c\u00e9l\u00e9brer le prochain Jubil\u00e9 2025 \u00e0 Rome, consacr\u00e9s aux th\u00e8mes&#8230;<\/div>\n<\/div>\n<\/div>\n","protected":false},"excerpt":{"rendered":"<p>Le 5 ao\u00fbt, \u00e0 Rome, on rappelle Notre-Dame-des-Neiges, avec une chute de neige spectaculaire sur la place de la Basilique Papale de Sainte-Marie-Majeure qui lui est d\u00e9di\u00e9e. Voici comme son culte est n\u00e9 Notre-Dame-des-Neiges et le miracle du 5 ao\u00fbt font partie int\u00e9grante de l\u2019histoire&hellip;<\/p>\n","protected":false},"author":1,"featured_media":10723,"comment_status":"closed","ping_status":"open","sticky":false,"template":"","format":"standard","meta":{"_acf_changed":false,"footnotes":""},"categories":[8],"tags":[],"class_list":["post-10721","post","type-post","status-publish","format-standard","has-post-thumbnail","hentry","category-articles-religieux"],"acf":[],"yoast_head":"<!-- This site is optimized with the Yoast SEO plugin v26.6 - https:\/\/yoast.com\/wordpress\/plugins\/seo\/ -->\n<title>Notre-Dame-des-Neiges et le miracle du 5 ao\u00fbt - Holyart.fr Blog<\/title>\n<meta name=\"description\" content=\"Notre-Dame des Neiges est la protagoniste d\u2019une d\u00e9votion mariale unique, n\u00e9e autour de la Basilique Papale Sainte-Marie-Majeure\" \/>\n<meta name=\"robots\" content=\"index, follow, max-snippet:-1, max-image-preview:large, max-video-preview:-1\" \/>\n<link rel=\"canonical\" href=\"https:\/\/blog.holyart.it\/fr\/articles-religieux\/notre-dame-des-neiges-et-le-miracle-du-5-aout\/\" \/>\n<meta property=\"og:locale\" content=\"fr_FR\" \/>\n<meta property=\"og:type\" content=\"article\" \/>\n<meta property=\"og:title\" content=\"Notre-Dame-des-Neiges et le miracle du 5 ao\u00fbt - Holyart.fr Blog\" \/>\n<meta property=\"og:description\" content=\"Notre-Dame des Neiges est la protagoniste d\u2019une d\u00e9votion mariale unique, n\u00e9e autour de la Basilique Papale Sainte-Marie-Majeure\" \/>\n<meta property=\"og:url\" content=\"https:\/\/blog.holyart.it\/fr\/articles-religieux\/notre-dame-des-neiges-et-le-miracle-du-5-aout\/\" \/>\n<meta property=\"og:site_name\" content=\"Holyart.fr Blog\" \/>\n<meta property=\"article:published_time\" content=\"2025-08-04T08:00:11+00:00\" \/>\n<meta property=\"article:modified_time\" content=\"2025-08-05T09:47:36+00:00\" \/>\n<meta property=\"og:image\" content=\"https:\/\/blog.holyart.it\/fr\/wp-content\/uploads\/sites\/14\/2025\/07\/Notre-Dame-des-Neiges.jpg\" \/>\n\t<meta property=\"og:image:width\" content=\"1000\" \/>\n\t<meta property=\"og:image:height\" content=\"666\" \/>\n\t<meta property=\"og:image:type\" content=\"image\/jpeg\" \/>\n<meta name=\"author\" content=\"Redazione\" \/>\n<meta name=\"twitter:card\" content=\"summary_large_image\" \/>\n<meta name=\"twitter:label1\" content=\"\u00c9crit par\" \/>\n\t<meta name=\"twitter:data1\" content=\"Redazione\" \/>\n\t<meta name=\"twitter:label2\" content=\"Dur\u00e9e de lecture estim\u00e9e\" \/>\n\t<meta name=\"twitter:data2\" content=\"7 minutes\" \/>\n<script type=\"application\/ld+json\" class=\"yoast-schema-graph\">{\"@context\":\"https:\/\/schema.org\",\"@graph\":[{\"@type\":\"Article\",\"@id\":\"https:\/\/blog.holyart.it\/fr\/articles-religieux\/notre-dame-des-neiges-et-le-miracle-du-5-aout\/#article\",\"isPartOf\":{\"@id\":\"https:\/\/blog.holyart.it\/fr\/articles-religieux\/notre-dame-des-neiges-et-le-miracle-du-5-aout\/\"},\"author\":{\"name\":\"Redazione\",\"@id\":\"https:\/\/blog.holyart.it\/fr\/#\/schema\/person\/0a7b686e5af0f856ec1e390dd0baecda\"},\"headline\":\"Notre-Dame-des-Neiges et le miracle du 5 ao\u00fbt\",\"datePublished\":\"2025-08-04T08:00:11+00:00\",\"dateModified\":\"2025-08-05T09:47:36+00:00\",\"mainEntityOfPage\":{\"@id\":\"https:\/\/blog.holyart.it\/fr\/articles-religieux\/notre-dame-des-neiges-et-le-miracle-du-5-aout\/\"},\"wordCount\":1173,\"publisher\":{\"@id\":\"https:\/\/blog.holyart.it\/fr\/#organization\"},\"image\":{\"@id\":\"https:\/\/blog.holyart.it\/fr\/articles-religieux\/notre-dame-des-neiges-et-le-miracle-du-5-aout\/#primaryimage\"},\"thumbnailUrl\":\"https:\/\/blog.holyart.it\/fr\/wp-content\/uploads\/sites\/14\/2025\/07\/Notre-Dame-des-Neiges.jpg\",\"articleSection\":[\"Religion\"],\"inLanguage\":\"fr-FR\"},{\"@type\":\"WebPage\",\"@id\":\"https:\/\/blog.holyart.it\/fr\/articles-religieux\/notre-dame-des-neiges-et-le-miracle-du-5-aout\/\",\"url\":\"https:\/\/blog.holyart.it\/fr\/articles-religieux\/notre-dame-des-neiges-et-le-miracle-du-5-aout\/\",\"name\":\"Notre-Dame-des-Neiges et le miracle du 5 ao\u00fbt - Holyart.fr Blog\",\"isPartOf\":{\"@id\":\"https:\/\/blog.holyart.it\/fr\/#website\"},\"primaryImageOfPage\":{\"@id\":\"https:\/\/blog.holyart.it\/fr\/articles-religieux\/notre-dame-des-neiges-et-le-miracle-du-5-aout\/#primaryimage\"},\"image\":{\"@id\":\"https:\/\/blog.holyart.it\/fr\/articles-religieux\/notre-dame-des-neiges-et-le-miracle-du-5-aout\/#primaryimage\"},\"thumbnailUrl\":\"https:\/\/blog.holyart.it\/fr\/wp-content\/uploads\/sites\/14\/2025\/07\/Notre-Dame-des-Neiges.jpg\",\"datePublished\":\"2025-08-04T08:00:11+00:00\",\"dateModified\":\"2025-08-05T09:47:36+00:00\",\"description\":\"Notre-Dame des Neiges est la protagoniste d\u2019une d\u00e9votion mariale unique, n\u00e9e autour de la Basilique Papale Sainte-Marie-Majeure\",\"breadcrumb\":{\"@id\":\"https:\/\/blog.holyart.it\/fr\/articles-religieux\/notre-dame-des-neiges-et-le-miracle-du-5-aout\/#breadcrumb\"},\"inLanguage\":\"fr-FR\",\"potentialAction\":[{\"@type\":\"ReadAction\",\"target\":[\"https:\/\/blog.holyart.it\/fr\/articles-religieux\/notre-dame-des-neiges-et-le-miracle-du-5-aout\/\"]}]},{\"@type\":\"ImageObject\",\"inLanguage\":\"fr-FR\",\"@id\":\"https:\/\/blog.holyart.it\/fr\/articles-religieux\/notre-dame-des-neiges-et-le-miracle-du-5-aout\/#primaryimage\",\"url\":\"https:\/\/blog.holyart.it\/fr\/wp-content\/uploads\/sites\/14\/2025\/07\/Notre-Dame-des-Neiges.jpg\",\"contentUrl\":\"https:\/\/blog.holyart.it\/fr\/wp-content\/uploads\/sites\/14\/2025\/07\/Notre-Dame-des-Neiges.jpg\",\"width\":1000,\"height\":666,\"caption\":\"Notre Dame des Neiges\"},{\"@type\":\"BreadcrumbList\",\"@id\":\"https:\/\/blog.holyart.it\/fr\/articles-religieux\/notre-dame-des-neiges-et-le-miracle-du-5-aout\/#breadcrumb\",\"itemListElement\":[{\"@type\":\"ListItem\",\"position\":1,\"name\":\"Homepage\",\"item\":\"https:\/\/blog.holyart.it\/fr\/\"},{\"@type\":\"ListItem\",\"position\":2,\"name\":\"Religion\",\"item\":\"https:\/\/blog.holyart.it\/fr\/articles-religieux\/\"},{\"@type\":\"ListItem\",\"position\":3,\"name\":\"Notre-Dame-des-Neiges et le miracle du 5 ao\u00fbt\"}]},{\"@type\":\"WebSite\",\"@id\":\"https:\/\/blog.holyart.it\/fr\/#website\",\"url\":\"https:\/\/blog.holyart.it\/fr\/\",\"name\":\"Holyart.fr Blog\",\"description\":\"Holyblog\",\"publisher\":{\"@id\":\"https:\/\/blog.holyart.it\/fr\/#organization\"},\"potentialAction\":[{\"@type\":\"SearchAction\",\"target\":{\"@type\":\"EntryPoint\",\"urlTemplate\":\"https:\/\/blog.holyart.it\/fr\/?s={search_term_string}\"},\"query-input\":{\"@type\":\"PropertyValueSpecification\",\"valueRequired\":true,\"valueName\":\"search_term_string\"}}],\"inLanguage\":\"fr-FR\"},{\"@type\":\"Organization\",\"@id\":\"https:\/\/blog.holyart.it\/fr\/#organization\",\"name\":\"Holyart.fr Blog\",\"url\":\"https:\/\/blog.holyart.it\/fr\/\",\"logo\":{\"@type\":\"ImageObject\",\"inLanguage\":\"fr-FR\",\"@id\":\"https:\/\/blog.holyart.it\/fr\/#\/schema\/logo\/image\/\",\"url\":\"https:\/\/blog.holyart.it\/fr\/wp-content\/uploads\/sites\/14\/2022\/12\/Holyart_Blog_Logo.jpg\",\"contentUrl\":\"https:\/\/blog.holyart.it\/fr\/wp-content\/uploads\/sites\/14\/2022\/12\/Holyart_Blog_Logo.jpg\",\"width\":300,\"height\":50,\"caption\":\"Holyart.fr Blog\"},\"image\":{\"@id\":\"https:\/\/blog.holyart.it\/fr\/#\/schema\/logo\/image\/\"}},{\"@type\":\"Person\",\"@id\":\"https:\/\/blog.holyart.it\/fr\/#\/schema\/person\/0a7b686e5af0f856ec1e390dd0baecda\",\"name\":\"Redazione\",\"image\":{\"@type\":\"ImageObject\",\"inLanguage\":\"fr-FR\",\"@id\":\"https:\/\/blog.holyart.it\/fr\/#\/schema\/person\/image\/\",\"url\":\"https:\/\/secure.gravatar.com\/avatar\/f477da817f43e50d0af36abecd33e3edf826c68299714bdc1057dff3b113f516?s=96&d=mm&r=g\",\"contentUrl\":\"https:\/\/secure.gravatar.com\/avatar\/f477da817f43e50d0af36abecd33e3edf826c68299714bdc1057dff3b113f516?s=96&d=mm&r=g\",\"caption\":\"Redazione\"},\"url\":\"https:\/\/blog.holyart.it\/fr\/author\/admin\/\"}]}<\/script>\n<!-- \/ Yoast SEO plugin. -->","yoast_head_json":{"title":"Notre-Dame-des-Neiges et le miracle du 5 ao\u00fbt - Holyart.fr Blog","description":"Notre-Dame des Neiges est la protagoniste d\u2019une d\u00e9votion mariale unique, n\u00e9e autour de la Basilique Papale Sainte-Marie-Majeure","robots":{"index":"index","follow":"follow","max-snippet":"max-snippet:-1","max-image-preview":"max-image-preview:large","max-video-preview":"max-video-preview:-1"},"canonical":"https:\/\/blog.holyart.it\/fr\/articles-religieux\/notre-dame-des-neiges-et-le-miracle-du-5-aout\/","og_locale":"fr_FR","og_type":"article","og_title":"Notre-Dame-des-Neiges et le miracle du 5 ao\u00fbt - Holyart.fr Blog","og_description":"Notre-Dame des Neiges est la protagoniste d\u2019une d\u00e9votion mariale unique, n\u00e9e autour de la Basilique Papale Sainte-Marie-Majeure","og_url":"https:\/\/blog.holyart.it\/fr\/articles-religieux\/notre-dame-des-neiges-et-le-miracle-du-5-aout\/","og_site_name":"Holyart.fr Blog","article_published_time":"2025-08-04T08:00:11+00:00","article_modified_time":"2025-08-05T09:47:36+00:00","og_image":[{"width":1000,"height":666,"url":"https:\/\/blog.holyart.it\/fr\/wp-content\/uploads\/sites\/14\/2025\/07\/Notre-Dame-des-Neiges.jpg","type":"image\/jpeg"}],"author":"Redazione","twitter_card":"summary_large_image","twitter_misc":{"\u00c9crit par":"Redazione","Dur\u00e9e de lecture estim\u00e9e":"7 minutes"},"schema":{"@context":"https:\/\/schema.org","@graph":[{"@type":"Article","@id":"https:\/\/blog.holyart.it\/fr\/articles-religieux\/notre-dame-des-neiges-et-le-miracle-du-5-aout\/#article","isPartOf":{"@id":"https:\/\/blog.holyart.it\/fr\/articles-religieux\/notre-dame-des-neiges-et-le-miracle-du-5-aout\/"},"author":{"name":"Redazione","@id":"https:\/\/blog.holyart.it\/fr\/#\/schema\/person\/0a7b686e5af0f856ec1e390dd0baecda"},"headline":"Notre-Dame-des-Neiges et le miracle du 5 ao\u00fbt","datePublished":"2025-08-04T08:00:11+00:00","dateModified":"2025-08-05T09:47:36+00:00","mainEntityOfPage":{"@id":"https:\/\/blog.holyart.it\/fr\/articles-religieux\/notre-dame-des-neiges-et-le-miracle-du-5-aout\/"},"wordCount":1173,"publisher":{"@id":"https:\/\/blog.holyart.it\/fr\/#organization"},"image":{"@id":"https:\/\/blog.holyart.it\/fr\/articles-religieux\/notre-dame-des-neiges-et-le-miracle-du-5-aout\/#primaryimage"},"thumbnailUrl":"https:\/\/blog.holyart.it\/fr\/wp-content\/uploads\/sites\/14\/2025\/07\/Notre-Dame-des-Neiges.jpg","articleSection":["Religion"],"inLanguage":"fr-FR"},{"@type":"WebPage","@id":"https:\/\/blog.holyart.it\/fr\/articles-religieux\/notre-dame-des-neiges-et-le-miracle-du-5-aout\/","url":"https:\/\/blog.holyart.it\/fr\/articles-religieux\/notre-dame-des-neiges-et-le-miracle-du-5-aout\/","name":"Notre-Dame-des-Neiges et le miracle du 5 ao\u00fbt - Holyart.fr Blog","isPartOf":{"@id":"https:\/\/blog.holyart.it\/fr\/#website"},"primaryImageOfPage":{"@id":"https:\/\/blog.holyart.it\/fr\/articles-religieux\/notre-dame-des-neiges-et-le-miracle-du-5-aout\/#primaryimage"},"image":{"@id":"https:\/\/blog.holyart.it\/fr\/articles-religieux\/notre-dame-des-neiges-et-le-miracle-du-5-aout\/#primaryimage"},"thumbnailUrl":"https:\/\/blog.holyart.it\/fr\/wp-content\/uploads\/sites\/14\/2025\/07\/Notre-Dame-des-Neiges.jpg","datePublished":"2025-08-04T08:00:11+00:00","dateModified":"2025-08-05T09:47:36+00:00","description":"Notre-Dame des Neiges est la protagoniste d\u2019une d\u00e9votion mariale unique, n\u00e9e autour de la Basilique Papale Sainte-Marie-Majeure","breadcrumb":{"@id":"https:\/\/blog.holyart.it\/fr\/articles-religieux\/notre-dame-des-neiges-et-le-miracle-du-5-aout\/#breadcrumb"},"inLanguage":"fr-FR","potentialAction":[{"@type":"ReadAction","target":["https:\/\/blog.holyart.it\/fr\/articles-religieux\/notre-dame-des-neiges-et-le-miracle-du-5-aout\/"]}]},{"@type":"ImageObject","inLanguage":"fr-FR","@id":"https:\/\/blog.holyart.it\/fr\/articles-religieux\/notre-dame-des-neiges-et-le-miracle-du-5-aout\/#primaryimage","url":"https:\/\/blog.holyart.it\/fr\/wp-content\/uploads\/sites\/14\/2025\/07\/Notre-Dame-des-Neiges.jpg","contentUrl":"https:\/\/blog.holyart.it\/fr\/wp-content\/uploads\/sites\/14\/2025\/07\/Notre-Dame-des-Neiges.jpg","width":1000,"height":666,"caption":"Notre Dame des Neiges"},{"@type":"BreadcrumbList","@id":"https:\/\/blog.holyart.it\/fr\/articles-religieux\/notre-dame-des-neiges-et-le-miracle-du-5-aout\/#breadcrumb","itemListElement":[{"@type":"ListItem","position":1,"name":"Homepage","item":"https:\/\/blog.holyart.it\/fr\/"},{"@type":"ListItem","position":2,"name":"Religion","item":"https:\/\/blog.holyart.it\/fr\/articles-religieux\/"},{"@type":"ListItem","position":3,"name":"Notre-Dame-des-Neiges et le miracle du 5 ao\u00fbt"}]},{"@type":"WebSite","@id":"https:\/\/blog.holyart.it\/fr\/#website","url":"https:\/\/blog.holyart.it\/fr\/","name":"Holyart.fr Blog","description":"Holyblog","publisher":{"@id":"https:\/\/blog.holyart.it\/fr\/#organization"},"potentialAction":[{"@type":"SearchAction","target":{"@type":"EntryPoint","urlTemplate":"https:\/\/blog.holyart.it\/fr\/?s={search_term_string}"},"query-input":{"@type":"PropertyValueSpecification","valueRequired":true,"valueName":"search_term_string"}}],"inLanguage":"fr-FR"},{"@type":"Organization","@id":"https:\/\/blog.holyart.it\/fr\/#organization","name":"Holyart.fr Blog","url":"https:\/\/blog.holyart.it\/fr\/","logo":{"@type":"ImageObject","inLanguage":"fr-FR","@id":"https:\/\/blog.holyart.it\/fr\/#\/schema\/logo\/image\/","url":"https:\/\/blog.holyart.it\/fr\/wp-content\/uploads\/sites\/14\/2022\/12\/Holyart_Blog_Logo.jpg","contentUrl":"https:\/\/blog.holyart.it\/fr\/wp-content\/uploads\/sites\/14\/2022\/12\/Holyart_Blog_Logo.jpg","width":300,"height":50,"caption":"Holyart.fr Blog"},"image":{"@id":"https:\/\/blog.holyart.it\/fr\/#\/schema\/logo\/image\/"}},{"@type":"Person","@id":"https:\/\/blog.holyart.it\/fr\/#\/schema\/person\/0a7b686e5af0f856ec1e390dd0baecda","name":"Redazione","image":{"@type":"ImageObject","inLanguage":"fr-FR","@id":"https:\/\/blog.holyart.it\/fr\/#\/schema\/person\/image\/","url":"https:\/\/secure.gravatar.com\/avatar\/f477da817f43e50d0af36abecd33e3edf826c68299714bdc1057dff3b113f516?s=96&d=mm&r=g","contentUrl":"https:\/\/secure.gravatar.com\/avatar\/f477da817f43e50d0af36abecd33e3edf826c68299714bdc1057dff3b113f516?s=96&d=mm&r=g","caption":"Redazione"},"url":"https:\/\/blog.holyart.it\/fr\/author\/admin\/"}]}},"_links":{"self":[{"href":"https:\/\/blog.holyart.it\/fr\/wp-json\/wp\/v2\/posts\/10721","targetHints":{"allow":["GET"]}}],"collection":[{"href":"https:\/\/blog.holyart.it\/fr\/wp-json\/wp\/v2\/posts"}],"about":[{"href":"https:\/\/blog.holyart.it\/fr\/wp-json\/wp\/v2\/types\/post"}],"author":[{"embeddable":true,"href":"https:\/\/blog.holyart.it\/fr\/wp-json\/wp\/v2\/users\/1"}],"replies":[{"embeddable":true,"href":"https:\/\/blog.holyart.it\/fr\/wp-json\/wp\/v2\/comments?post=10721"}],"version-history":[{"count":6,"href":"https:\/\/blog.holyart.it\/fr\/wp-json\/wp\/v2\/posts\/10721\/revisions"}],"predecessor-version":[{"id":10733,"href":"https:\/\/blog.holyart.it\/fr\/wp-json\/wp\/v2\/posts\/10721\/revisions\/10733"}],"wp:featuredmedia":[{"embeddable":true,"href":"https:\/\/blog.holyart.it\/fr\/wp-json\/wp\/v2\/media\/10723"}],"wp:attachment":[{"href":"https:\/\/blog.holyart.it\/fr\/wp-json\/wp\/v2\/media?parent=10721"}],"wp:term":[{"taxonomy":"category","embeddable":true,"href":"https:\/\/blog.holyart.it\/fr\/wp-json\/wp\/v2\/categories?post=10721"},{"taxonomy":"post_tag","embeddable":true,"href":"https:\/\/blog.holyart.it\/fr\/wp-json\/wp\/v2\/tags?post=10721"}],"curies":[{"name":"wp","href":"https:\/\/api.w.org\/{rel}","templated":true}]}}