{"id":10705,"date":"2025-07-28T10:00:22","date_gmt":"2025-07-28T08:00:22","guid":{"rendered":"https:\/\/blog.holyart.it\/fr\/?p=10705"},"modified":"2026-02-18T15:16:33","modified_gmt":"2026-02-18T14:16:33","slug":"histoire-et-oeuvres-de-saint-jean-de-dieu","status":"publish","type":"post","link":"https:\/\/blog.holyart.it\/fr\/saints-et-bienheureux\/histoire-et-oeuvres-de-saint-jean-de-dieu\/","title":{"rendered":"Histoire et \u0153uvres de Saint Jean de Dieu"},"content":{"rendered":"<h4><em>Saint Jean de Dieu a fait de la charit\u00e9 et des soins aux malades et aux indigents sa mission de vie. Voici comment sa vocation vit encore aujourd\u2019hui au sein de l\u2019ordre des Fr\u00e8res de la Charit\u00e9<\/em><\/h4>\n<p><strong>Saint Jean de Dieu<\/strong>\u00a0(n\u00e9 Jo\u00e3o Duarte Cidade) a \u00e9t\u00e9 un fr\u00e8re portugais v\u00e9cu au XVIe si\u00e8cle et v\u00e9n\u00e9r\u00e9 comme Saint par l\u2019\u00c9glise Catholique. Sa vie et ses \u0153uvres sont un t\u00e9moignage de sa d\u00e9votion religieuse et de son engagement au service des autres, sp\u00e9cialement les plus n\u00e9cessiteux et les malades. Un engagement culmin\u00e9 avec la cr\u00e9ation de sa part de l\u2019<strong>Ordre hospitalier des Fr\u00e8res de Saint-Jean-de-Dieu, couramment appel\u00e9 <a href=\"https:\/\/www.holyart.fr\/blog\/monasteres\/freres-hospitaliers-freres-de-lordre-hospitalier-de-saint-jean-de-dieu\/\"><u>Fr\u00e8res de la Charit\u00e9<\/u><\/a><\/strong><a href=\"https:\/\/www.holyart.fr\/blog\/monasteres\/freres-hospitaliers-freres-de-lordre-hospitalier-de-saint-jean-de-dieu\/\">.<\/a><\/p>\n<div class=\"link-article\">\n<p><img loading=\"lazy\" decoding=\"async\" class=\"size-full wp-image-10708 alignleft\" src=\"https:\/\/blog.holyart.it\/fr\/wp-content\/uploads\/sites\/14\/2025\/07\/Les-Freres-hospitaliers.jpg\" alt=\"Les Fr\u00e8res hospitaliers\" width=\"150\" height=\"100\" data-kale-share-title=\"Histoire et \u0153uvres de Saint Jean de Dieu\" data-kale-share-url=\"https:\/\/blog.holyart.it\/fr\/?p=10705\" \/><\/p>\n<div class=\"leggi-anche\">Lire aussi :<\/div>\n<p><strong><a href=\"https:\/\/www.holyart.fr\/blog\/monasteres\/freres-hospitaliers-freres-de-lordre-hospitalier-de-saint-jean-de-dieu\/\">Les Fr\u00e8res hospitaliers : les Fr\u00e8res de l\u2019ordre hospitalier de Saint Jean de Dieu<\/a><\/strong><br \/>\nFr\u00e8res hospitaliers est le terme populaire pour d\u00e9signer&#8230;<\/p>\n<\/div>\n<h2>Histoire de Saint Jean de Dieu<\/h2>\n<p>La premi\u00e8re partie de sa vie fut pour le moins aventureuse, digne d\u2019un roman picaresque. Il quitta sa famille encore enfant et fut accueilli dans la maison de Francisco Cid, appel\u00e9 \u00ab\u00a0el Mayoral\u00a0\u00bb. Il fut berger et ensuite soldat, et encore vagabond entre Europe et Afrique, en s\u2019adaptant aux m\u00e9tiers les plus disparates, de l\u2019ouvrier agricole au vendeur ambulant, au libraire.<\/p>\n<p>Ce fut justement lorsqu\u2019il vendait des livres \u00e0 <strong>Grenade<\/strong> que sa vie changea radicalement. Les graines de la vocation, qui avaient d\u00e9j\u00e0 commenc\u00e9 \u00e0 germer en lui depuis longtemps, l\u2019amen\u00e8rent \u00e0 une <strong>profonde crise religieuse<\/strong>, aliment\u00e9e par les sermons de <strong>Saint Jean d\u2019Avila<\/strong>. \u00c0 cause de cette crise, il fut pris pour fou et intern\u00e9 dans un asile. En effet, Jean de Dieu vaguait dans les rues en proie \u00e0 une agitation incontr\u00f4lable, en apostrophant les passants avec la formule\u00a0: \u00ab\u00a0<em>Mes fr\u00e8res, pour l\u2019amour de Dieu, faites-vous du bien \u00e0 vous-m\u00eames\u00a0<\/em>\u00bb.<br \/>\nLib\u00e9r\u00e9 de son confinement, Jean d\u00e9cide de se d\u00e9dier enti\u00e8rement \u00e0 la <strong>vie religieuse<\/strong> avec une immense ferveur. Il se rend en p\u00e8lerinage au Monast\u00e8re Royal de Sainte Marie de Guadalupe de la province espagnole de C\u00e1ceres et, \u00e0 son retour \u00e0 Grenade, se met au service des malades, des indigents et des prostitu\u00e9es. Sa contribution ne se limitait pas uniquement \u00e0 l\u2019assistance physique, mais incluait \u00e9galement le <strong>soutien \u00e9motif et spirituel<\/strong> pour ceux qui vivaient dans des conditions de privation. Son d\u00e9vouement et son engagement envers les plus faibles furent extraordinaires et, en peu de temps, beaucoup suivirent son exemple, en se d\u00e9diant \u00e0 des <strong>\u0153uvres de mis\u00e9ricorde<\/strong> envers les plus n\u00e9cessiteux et en <a href=\"https:\/\/www.holyart.fr\/blog\/articles-religieux\/faire-laumone-est-ce-de-la-charite\/\"><strong><u>demandant la charit\u00e9<\/u><\/strong><\/a> au nom de l\u2019exhortation \u00ab\u00a0<em>Faites-vous du bien \u00e0 vous-m\u00eames\u00a0! Faites du bien, fr\u00e8res !\u00a0<\/em>\u00bb.<\/p>\n<div class=\"link-article\">\n<p><img loading=\"lazy\" decoding=\"async\" class=\"size-full wp-image-10709 alignleft\" src=\"https:\/\/blog.holyart.it\/fr\/wp-content\/uploads\/sites\/14\/2025\/07\/aumone.jpg\" alt=\"aum\u00f4ne\" width=\"150\" height=\"99\" data-kale-share-title=\"Histoire et \u0153uvres de Saint Jean de Dieu\" data-kale-share-url=\"https:\/\/blog.holyart.it\/fr\/?p=10705\" \/><\/p>\n<div class=\"leggi-anche\">Lire aussi :<\/div>\n<p><strong><a href=\"https:\/\/www.holyart.fr\/blog\/articles-religieux\/faire-laumone-est-ce-de-la-charite\/\">Faire l\u2019aum\u00f4ne: est-ce de la charit\u00e9 ?<\/a><\/strong><br \/>\nL\u2019aum\u00f4ne aux pauvres est une manifestation de mis\u00e9ricorde strictement li\u00e9e aux devoirs d\u2019un bon chr\u00e9tien. Dans une certaine&#8230;<\/p>\n<\/div>\n<p>L\u2019archev\u00eaque de Grenade donna \u00e0 Jean le surnom de <strong>Jean de Dieu<\/strong> et l\u2019encouragea \u00e0 ouvrir son propre <strong>H\u00f4pital<\/strong>.<br \/>\nSaint Jean de Dieu mourut le 8 mars 1550, mais son h\u00e9ritage de compassion et de d\u00e9vouement au service des autres lui surv\u00e9cut. En 1690, Pape Alexandre VIII le canonisa et, environ deux si\u00e8cles plus tard, en 1886, Pape L\u00e9on XIII le nomma <strong>Saint Patron des h\u00f4pitaux et des malades<\/strong>, \u00e0 c\u00f4t\u00e9 de <a href=\"https:\/\/www.holyart.fr\/blog\/saints-et-bienheureux\/saint-camille-de-lellis-le-saint-protecteur-des-infirmes\/\"><strong><u>Saint Camille de Lellis<\/u><\/strong><\/a>. Depuis 1930, Saint Camille et lui sont \u00e9galement les <strong>Saints Patrons des infirmiers<\/strong>.<\/p>\n<div class=\"link-article\">\n<p><img loading=\"lazy\" decoding=\"async\" class=\"size-full wp-image-10710 alignleft\" src=\"https:\/\/blog.holyart.it\/fr\/wp-content\/uploads\/sites\/14\/2025\/07\/Saint-Camille-de-Lellis-le-saint-protecteur-des-infirmes.jpg\" alt=\"Saint Camille de Lellis le saint protecteur des infirmes\" width=\"150\" height=\"99\" data-kale-share-title=\"Histoire et \u0153uvres de Saint Jean de Dieu\" data-kale-share-url=\"https:\/\/blog.holyart.it\/fr\/?p=10705\" \/><\/p>\n<div class=\"leggi-anche\">Lire aussi :<\/div>\n<p><strong><a href=\"https:\/\/www.holyart.fr\/blog\/saints-et-bienheureux\/saint-camille-de-lellis-le-saint-protecteur-des-infirmes\/\">Saint Camille de Lellis: le saint protecteur des infirmes<\/a><\/strong><br \/>\nD\u2019homme dissolu \u00e0 fondateur des Camilliens, Saint Camille de Lellis est le saint patron universel des malades&#8230;<\/p>\n<\/div>\n<h2>Ordre des Fr\u00e8res de la Charit\u00e9<\/h2>\n<p>Apr\u00e8s la mort de Saint Jean, l\u2019Ordre des Fr\u00e8res de la Charit\u00e9 continua son \u0153uvre de charit\u00e9 et de soins des malades et des indigents, en se caract\u00e9risant par compassion, engagement et comp\u00e9tence dans le traitement d\u2019une vaste gamme de maladies. Il se r\u00e9pandit rapidement dans toute l\u2019Europe et au-del\u00e0, en contribuant \u00e0 la fondation d\u2019h\u00f4pitaux et de structures de soin, \u00e0 l\u2019am\u00e9lioration des conditions sanitaires et au soulagement de la souffrance humaine dans de nombreuses villes.<\/p>\n<p>Encore aujourd\u2019hui, l\u2019Ordre des Fr\u00e8res de la Charit\u00e9 continue de jouer un <strong><u>r\u00f4le significatif dans l\u2019assistance sanitaire et dans la charit\u00e9<\/u>, en s\u2019adaptant aux changements et aux besoins de la soci\u00e9t\u00e9 moderne<\/strong>, en \u00e9largissant ses activit\u00e9s pour y inclure les services sociaux, l\u2019assistance aux personnes \u00e2g\u00e9es et les soins palliatifs, tout en maintenant son engagement\u00a0: le soin des malades.<br \/>\nEn outre, l\u2019ordre s\u2019engage dans l\u2019<strong>\u0153uvre d\u2019\u00e9vang\u00e9lisation <\/strong>\u00e0 travers la pr\u00e9dication et l\u2019accueil, en diffusant le message d\u2019amour et d\u2019esp\u00e9rance de l\u2019\u00c9vangile.<\/p>\n<p>Officiellement reconnus par l\u2019\u00c9glise comme <strong>ordre mendiant<\/strong>, les membres de l\u2019ordre ne vivent pas clo\u00eetr\u00e9s ni en retrait, et accueillent \u00e9galement dans leurs rangs des la\u00efcs consacr\u00e9s et des pr\u00eatres, collaborateurs travailleurs et b\u00e9n\u00e9voles.<br \/>\nL\u2019Ordre des Fr\u00e8res de la Charit\u00e9 est pr\u00e9sent actuellement dans environ 400 \u0153uvres d\u2019assistance dans le monde, tandis qu\u2019en Italie leurs communaut\u00e9s se chiffrent \u00e0 22.<\/p>\n<div class=\"link-product\">\n<div class=\"blocco-immagine\"><img loading=\"lazy\" decoding=\"async\" class=\"size-full wp-image-10713 alignleft\" src=\"https:\/\/blog.holyart.it\/fr\/wp-content\/uploads\/sites\/14\/2025\/07\/sac-pour-offrandes-en-cuir-marron-fonce.jpg\" alt=\"sac pour offrandes en cuir marron fonce\" width=\"100\" height=\"100\" data-kale-share-title=\"Histoire et \u0153uvres de Saint Jean de Dieu\" data-kale-share-url=\"https:\/\/blog.holyart.it\/fr\/?p=10705\" \/><\/div>\n<div class=\"blocco-contenuto\">\n<div class=\"blocco-acquista\">Acheter sur Holyart:<\/div>\n<div class=\"blocco-titolo\"><a href=\"https:\/\/www.holyart.fr\/accessoires-pour-la-liturgie\/accessoires-varies\/sac-pour-offrandes-en-cuir-marron-fonce\">Sac pour offrandes en cuir marron fonc\u00e9<\/a><\/div>\n<div class=\"blocco-descrizione\">Longueur de la poign\u00e9e : 40 cm.Sac cylindrique&#8230;<\/div>\n<\/div>\n<\/div>\n","protected":false},"excerpt":{"rendered":"<p>Saint Jean de Dieu a fait de la charit\u00e9 et des soins aux malades et aux indigents sa mission de vie. Voici comment sa vocation vit encore aujourd\u2019hui au sein de l\u2019ordre des Fr\u00e8res de la Charit\u00e9 Saint Jean de Dieu\u00a0(n\u00e9 Jo\u00e3o Duarte Cidade) a&hellip;<\/p>\n","protected":false},"author":1,"featured_media":10715,"comment_status":"closed","ping_status":"open","sticky":false,"template":"","format":"standard","meta":{"_acf_changed":false,"footnotes":""},"categories":[7],"tags":[],"class_list":["post-10705","post","type-post","status-publish","format-standard","has-post-thumbnail","hentry","category-saints-et-bienheureux"],"acf":[],"yoast_head":"<!-- This site is optimized with the Yoast SEO plugin v26.6 - https:\/\/yoast.com\/wordpress\/plugins\/seo\/ -->\n<title>Histoire et \u0153uvres de Saint Jean de Dieu - Holyart.fr Blog<\/title>\n<meta name=\"description\" content=\"Saint Jean de Dieu, saint patron des malades, des infirmiers et des h\u00f4pitaux. Sa vie a \u00e9t\u00e9 enti\u00e8rement consacr\u00e9e au service\" \/>\n<meta name=\"robots\" content=\"index, follow, max-snippet:-1, max-image-preview:large, max-video-preview:-1\" \/>\n<link rel=\"canonical\" href=\"https:\/\/blog.holyart.it\/fr\/saints-et-bienheureux\/histoire-et-oeuvres-de-saint-jean-de-dieu\/\" \/>\n<meta property=\"og:locale\" content=\"fr_FR\" \/>\n<meta property=\"og:type\" content=\"article\" \/>\n<meta property=\"og:title\" content=\"Histoire et \u0153uvres de Saint Jean de Dieu - Holyart.fr Blog\" \/>\n<meta property=\"og:description\" content=\"Saint Jean de Dieu, saint patron des malades, des infirmiers et des h\u00f4pitaux. Sa vie a \u00e9t\u00e9 enti\u00e8rement consacr\u00e9e au service\" \/>\n<meta property=\"og:url\" content=\"https:\/\/blog.holyart.it\/fr\/saints-et-bienheureux\/histoire-et-oeuvres-de-saint-jean-de-dieu\/\" \/>\n<meta property=\"og:site_name\" content=\"Holyart.fr Blog\" \/>\n<meta property=\"article:published_time\" content=\"2025-07-28T08:00:22+00:00\" \/>\n<meta property=\"article:modified_time\" content=\"2026-02-18T14:16:33+00:00\" \/>\n<meta property=\"og:image\" content=\"https:\/\/blog.holyart.it\/fr\/wp-content\/uploads\/sites\/14\/2025\/07\/Saint-Jean-de-Dieu.jpg\" \/>\n\t<meta property=\"og:image:width\" content=\"1000\" \/>\n\t<meta property=\"og:image:height\" content=\"666\" \/>\n\t<meta property=\"og:image:type\" content=\"image\/jpeg\" \/>\n<meta name=\"author\" content=\"Redazione\" \/>\n<meta name=\"twitter:card\" content=\"summary_large_image\" \/>\n<meta name=\"twitter:label1\" content=\"\u00c9crit par\" \/>\n\t<meta name=\"twitter:data1\" content=\"Redazione\" \/>\n\t<meta name=\"twitter:label2\" content=\"Dur\u00e9e de lecture estim\u00e9e\" \/>\n\t<meta name=\"twitter:data2\" content=\"6 minutes\" \/>\n<script type=\"application\/ld+json\" class=\"yoast-schema-graph\">{\"@context\":\"https:\/\/schema.org\",\"@graph\":[{\"@type\":\"Article\",\"@id\":\"https:\/\/blog.holyart.it\/fr\/saints-et-bienheureux\/histoire-et-oeuvres-de-saint-jean-de-dieu\/#article\",\"isPartOf\":{\"@id\":\"https:\/\/blog.holyart.it\/fr\/saints-et-bienheureux\/histoire-et-oeuvres-de-saint-jean-de-dieu\/\"},\"author\":{\"name\":\"Redazione\",\"@id\":\"https:\/\/blog.holyart.it\/fr\/#\/schema\/person\/0a7b686e5af0f856ec1e390dd0baecda\"},\"headline\":\"Histoire et \u0153uvres de Saint Jean de Dieu\",\"datePublished\":\"2025-07-28T08:00:22+00:00\",\"dateModified\":\"2026-02-18T14:16:33+00:00\",\"mainEntityOfPage\":{\"@id\":\"https:\/\/blog.holyart.it\/fr\/saints-et-bienheureux\/histoire-et-oeuvres-de-saint-jean-de-dieu\/\"},\"wordCount\":911,\"publisher\":{\"@id\":\"https:\/\/blog.holyart.it\/fr\/#organization\"},\"image\":{\"@id\":\"https:\/\/blog.holyart.it\/fr\/saints-et-bienheureux\/histoire-et-oeuvres-de-saint-jean-de-dieu\/#primaryimage\"},\"thumbnailUrl\":\"https:\/\/blog.holyart.it\/fr\/wp-content\/uploads\/sites\/14\/2025\/07\/Saint-Jean-de-Dieu.jpg\",\"articleSection\":[\"Saints et Bienheureux\"],\"inLanguage\":\"fr-FR\"},{\"@type\":\"WebPage\",\"@id\":\"https:\/\/blog.holyart.it\/fr\/saints-et-bienheureux\/histoire-et-oeuvres-de-saint-jean-de-dieu\/\",\"url\":\"https:\/\/blog.holyart.it\/fr\/saints-et-bienheureux\/histoire-et-oeuvres-de-saint-jean-de-dieu\/\",\"name\":\"Histoire et \u0153uvres de Saint Jean de Dieu - Holyart.fr Blog\",\"isPartOf\":{\"@id\":\"https:\/\/blog.holyart.it\/fr\/#website\"},\"primaryImageOfPage\":{\"@id\":\"https:\/\/blog.holyart.it\/fr\/saints-et-bienheureux\/histoire-et-oeuvres-de-saint-jean-de-dieu\/#primaryimage\"},\"image\":{\"@id\":\"https:\/\/blog.holyart.it\/fr\/saints-et-bienheureux\/histoire-et-oeuvres-de-saint-jean-de-dieu\/#primaryimage\"},\"thumbnailUrl\":\"https:\/\/blog.holyart.it\/fr\/wp-content\/uploads\/sites\/14\/2025\/07\/Saint-Jean-de-Dieu.jpg\",\"datePublished\":\"2025-07-28T08:00:22+00:00\",\"dateModified\":\"2026-02-18T14:16:33+00:00\",\"description\":\"Saint Jean de Dieu, saint patron des malades, des infirmiers et des h\u00f4pitaux. Sa vie a \u00e9t\u00e9 enti\u00e8rement consacr\u00e9e au service\",\"breadcrumb\":{\"@id\":\"https:\/\/blog.holyart.it\/fr\/saints-et-bienheureux\/histoire-et-oeuvres-de-saint-jean-de-dieu\/#breadcrumb\"},\"inLanguage\":\"fr-FR\",\"potentialAction\":[{\"@type\":\"ReadAction\",\"target\":[\"https:\/\/blog.holyart.it\/fr\/saints-et-bienheureux\/histoire-et-oeuvres-de-saint-jean-de-dieu\/\"]}]},{\"@type\":\"ImageObject\",\"inLanguage\":\"fr-FR\",\"@id\":\"https:\/\/blog.holyart.it\/fr\/saints-et-bienheureux\/histoire-et-oeuvres-de-saint-jean-de-dieu\/#primaryimage\",\"url\":\"https:\/\/blog.holyart.it\/fr\/wp-content\/uploads\/sites\/14\/2025\/07\/Saint-Jean-de-Dieu.jpg\",\"contentUrl\":\"https:\/\/blog.holyart.it\/fr\/wp-content\/uploads\/sites\/14\/2025\/07\/Saint-Jean-de-Dieu.jpg\",\"width\":1000,\"height\":666,\"caption\":\"Saint Jean de Dieu\"},{\"@type\":\"BreadcrumbList\",\"@id\":\"https:\/\/blog.holyart.it\/fr\/saints-et-bienheureux\/histoire-et-oeuvres-de-saint-jean-de-dieu\/#breadcrumb\",\"itemListElement\":[{\"@type\":\"ListItem\",\"position\":1,\"name\":\"Homepage\",\"item\":\"https:\/\/blog.holyart.it\/fr\/\"},{\"@type\":\"ListItem\",\"position\":2,\"name\":\"Saints et Bienheureux\",\"item\":\"https:\/\/blog.holyart.it\/fr\/saints-et-bienheureux\/\"},{\"@type\":\"ListItem\",\"position\":3,\"name\":\"Histoire et \u0153uvres de Saint Jean de Dieu\"}]},{\"@type\":\"WebSite\",\"@id\":\"https:\/\/blog.holyart.it\/fr\/#website\",\"url\":\"https:\/\/blog.holyart.it\/fr\/\",\"name\":\"Holyart.fr Blog\",\"description\":\"Holyblog\",\"publisher\":{\"@id\":\"https:\/\/blog.holyart.it\/fr\/#organization\"},\"potentialAction\":[{\"@type\":\"SearchAction\",\"target\":{\"@type\":\"EntryPoint\",\"urlTemplate\":\"https:\/\/blog.holyart.it\/fr\/?s={search_term_string}\"},\"query-input\":{\"@type\":\"PropertyValueSpecification\",\"valueRequired\":true,\"valueName\":\"search_term_string\"}}],\"inLanguage\":\"fr-FR\"},{\"@type\":\"Organization\",\"@id\":\"https:\/\/blog.holyart.it\/fr\/#organization\",\"name\":\"Holyart.fr Blog\",\"url\":\"https:\/\/blog.holyart.it\/fr\/\",\"logo\":{\"@type\":\"ImageObject\",\"inLanguage\":\"fr-FR\",\"@id\":\"https:\/\/blog.holyart.it\/fr\/#\/schema\/logo\/image\/\",\"url\":\"https:\/\/blog.holyart.it\/fr\/wp-content\/uploads\/sites\/14\/2022\/12\/Holyart_Blog_Logo.jpg\",\"contentUrl\":\"https:\/\/blog.holyart.it\/fr\/wp-content\/uploads\/sites\/14\/2022\/12\/Holyart_Blog_Logo.jpg\",\"width\":300,\"height\":50,\"caption\":\"Holyart.fr Blog\"},\"image\":{\"@id\":\"https:\/\/blog.holyart.it\/fr\/#\/schema\/logo\/image\/\"}},{\"@type\":\"Person\",\"@id\":\"https:\/\/blog.holyart.it\/fr\/#\/schema\/person\/0a7b686e5af0f856ec1e390dd0baecda\",\"name\":\"Redazione\",\"image\":{\"@type\":\"ImageObject\",\"inLanguage\":\"fr-FR\",\"@id\":\"https:\/\/blog.holyart.it\/fr\/#\/schema\/person\/image\/\",\"url\":\"https:\/\/secure.gravatar.com\/avatar\/f477da817f43e50d0af36abecd33e3edf826c68299714bdc1057dff3b113f516?s=96&d=mm&r=g\",\"contentUrl\":\"https:\/\/secure.gravatar.com\/avatar\/f477da817f43e50d0af36abecd33e3edf826c68299714bdc1057dff3b113f516?s=96&d=mm&r=g\",\"caption\":\"Redazione\"},\"url\":\"https:\/\/blog.holyart.it\/fr\/author\/admin\/\"}]}<\/script>\n<!-- \/ Yoast SEO plugin. -->","yoast_head_json":{"title":"Histoire et \u0153uvres de Saint Jean de Dieu - Holyart.fr Blog","description":"Saint Jean de Dieu, saint patron des malades, des infirmiers et des h\u00f4pitaux. Sa vie a \u00e9t\u00e9 enti\u00e8rement consacr\u00e9e au service","robots":{"index":"index","follow":"follow","max-snippet":"max-snippet:-1","max-image-preview":"max-image-preview:large","max-video-preview":"max-video-preview:-1"},"canonical":"https:\/\/blog.holyart.it\/fr\/saints-et-bienheureux\/histoire-et-oeuvres-de-saint-jean-de-dieu\/","og_locale":"fr_FR","og_type":"article","og_title":"Histoire et \u0153uvres de Saint Jean de Dieu - Holyart.fr Blog","og_description":"Saint Jean de Dieu, saint patron des malades, des infirmiers et des h\u00f4pitaux. Sa vie a \u00e9t\u00e9 enti\u00e8rement consacr\u00e9e au service","og_url":"https:\/\/blog.holyart.it\/fr\/saints-et-bienheureux\/histoire-et-oeuvres-de-saint-jean-de-dieu\/","og_site_name":"Holyart.fr Blog","article_published_time":"2025-07-28T08:00:22+00:00","article_modified_time":"2026-02-18T14:16:33+00:00","og_image":[{"width":1000,"height":666,"url":"https:\/\/blog.holyart.it\/fr\/wp-content\/uploads\/sites\/14\/2025\/07\/Saint-Jean-de-Dieu.jpg","type":"image\/jpeg"}],"author":"Redazione","twitter_card":"summary_large_image","twitter_misc":{"\u00c9crit par":"Redazione","Dur\u00e9e de lecture estim\u00e9e":"6 minutes"},"schema":{"@context":"https:\/\/schema.org","@graph":[{"@type":"Article","@id":"https:\/\/blog.holyart.it\/fr\/saints-et-bienheureux\/histoire-et-oeuvres-de-saint-jean-de-dieu\/#article","isPartOf":{"@id":"https:\/\/blog.holyart.it\/fr\/saints-et-bienheureux\/histoire-et-oeuvres-de-saint-jean-de-dieu\/"},"author":{"name":"Redazione","@id":"https:\/\/blog.holyart.it\/fr\/#\/schema\/person\/0a7b686e5af0f856ec1e390dd0baecda"},"headline":"Histoire et \u0153uvres de Saint Jean de Dieu","datePublished":"2025-07-28T08:00:22+00:00","dateModified":"2026-02-18T14:16:33+00:00","mainEntityOfPage":{"@id":"https:\/\/blog.holyart.it\/fr\/saints-et-bienheureux\/histoire-et-oeuvres-de-saint-jean-de-dieu\/"},"wordCount":911,"publisher":{"@id":"https:\/\/blog.holyart.it\/fr\/#organization"},"image":{"@id":"https:\/\/blog.holyart.it\/fr\/saints-et-bienheureux\/histoire-et-oeuvres-de-saint-jean-de-dieu\/#primaryimage"},"thumbnailUrl":"https:\/\/blog.holyart.it\/fr\/wp-content\/uploads\/sites\/14\/2025\/07\/Saint-Jean-de-Dieu.jpg","articleSection":["Saints et Bienheureux"],"inLanguage":"fr-FR"},{"@type":"WebPage","@id":"https:\/\/blog.holyart.it\/fr\/saints-et-bienheureux\/histoire-et-oeuvres-de-saint-jean-de-dieu\/","url":"https:\/\/blog.holyart.it\/fr\/saints-et-bienheureux\/histoire-et-oeuvres-de-saint-jean-de-dieu\/","name":"Histoire et \u0153uvres de Saint Jean de Dieu - Holyart.fr Blog","isPartOf":{"@id":"https:\/\/blog.holyart.it\/fr\/#website"},"primaryImageOfPage":{"@id":"https:\/\/blog.holyart.it\/fr\/saints-et-bienheureux\/histoire-et-oeuvres-de-saint-jean-de-dieu\/#primaryimage"},"image":{"@id":"https:\/\/blog.holyart.it\/fr\/saints-et-bienheureux\/histoire-et-oeuvres-de-saint-jean-de-dieu\/#primaryimage"},"thumbnailUrl":"https:\/\/blog.holyart.it\/fr\/wp-content\/uploads\/sites\/14\/2025\/07\/Saint-Jean-de-Dieu.jpg","datePublished":"2025-07-28T08:00:22+00:00","dateModified":"2026-02-18T14:16:33+00:00","description":"Saint Jean de Dieu, saint patron des malades, des infirmiers et des h\u00f4pitaux. Sa vie a \u00e9t\u00e9 enti\u00e8rement consacr\u00e9e au service","breadcrumb":{"@id":"https:\/\/blog.holyart.it\/fr\/saints-et-bienheureux\/histoire-et-oeuvres-de-saint-jean-de-dieu\/#breadcrumb"},"inLanguage":"fr-FR","potentialAction":[{"@type":"ReadAction","target":["https:\/\/blog.holyart.it\/fr\/saints-et-bienheureux\/histoire-et-oeuvres-de-saint-jean-de-dieu\/"]}]},{"@type":"ImageObject","inLanguage":"fr-FR","@id":"https:\/\/blog.holyart.it\/fr\/saints-et-bienheureux\/histoire-et-oeuvres-de-saint-jean-de-dieu\/#primaryimage","url":"https:\/\/blog.holyart.it\/fr\/wp-content\/uploads\/sites\/14\/2025\/07\/Saint-Jean-de-Dieu.jpg","contentUrl":"https:\/\/blog.holyart.it\/fr\/wp-content\/uploads\/sites\/14\/2025\/07\/Saint-Jean-de-Dieu.jpg","width":1000,"height":666,"caption":"Saint Jean de Dieu"},{"@type":"BreadcrumbList","@id":"https:\/\/blog.holyart.it\/fr\/saints-et-bienheureux\/histoire-et-oeuvres-de-saint-jean-de-dieu\/#breadcrumb","itemListElement":[{"@type":"ListItem","position":1,"name":"Homepage","item":"https:\/\/blog.holyart.it\/fr\/"},{"@type":"ListItem","position":2,"name":"Saints et Bienheureux","item":"https:\/\/blog.holyart.it\/fr\/saints-et-bienheureux\/"},{"@type":"ListItem","position":3,"name":"Histoire et \u0153uvres de Saint Jean de Dieu"}]},{"@type":"WebSite","@id":"https:\/\/blog.holyart.it\/fr\/#website","url":"https:\/\/blog.holyart.it\/fr\/","name":"Holyart.fr Blog","description":"Holyblog","publisher":{"@id":"https:\/\/blog.holyart.it\/fr\/#organization"},"potentialAction":[{"@type":"SearchAction","target":{"@type":"EntryPoint","urlTemplate":"https:\/\/blog.holyart.it\/fr\/?s={search_term_string}"},"query-input":{"@type":"PropertyValueSpecification","valueRequired":true,"valueName":"search_term_string"}}],"inLanguage":"fr-FR"},{"@type":"Organization","@id":"https:\/\/blog.holyart.it\/fr\/#organization","name":"Holyart.fr Blog","url":"https:\/\/blog.holyart.it\/fr\/","logo":{"@type":"ImageObject","inLanguage":"fr-FR","@id":"https:\/\/blog.holyart.it\/fr\/#\/schema\/logo\/image\/","url":"https:\/\/blog.holyart.it\/fr\/wp-content\/uploads\/sites\/14\/2022\/12\/Holyart_Blog_Logo.jpg","contentUrl":"https:\/\/blog.holyart.it\/fr\/wp-content\/uploads\/sites\/14\/2022\/12\/Holyart_Blog_Logo.jpg","width":300,"height":50,"caption":"Holyart.fr Blog"},"image":{"@id":"https:\/\/blog.holyart.it\/fr\/#\/schema\/logo\/image\/"}},{"@type":"Person","@id":"https:\/\/blog.holyart.it\/fr\/#\/schema\/person\/0a7b686e5af0f856ec1e390dd0baecda","name":"Redazione","image":{"@type":"ImageObject","inLanguage":"fr-FR","@id":"https:\/\/blog.holyart.it\/fr\/#\/schema\/person\/image\/","url":"https:\/\/secure.gravatar.com\/avatar\/f477da817f43e50d0af36abecd33e3edf826c68299714bdc1057dff3b113f516?s=96&d=mm&r=g","contentUrl":"https:\/\/secure.gravatar.com\/avatar\/f477da817f43e50d0af36abecd33e3edf826c68299714bdc1057dff3b113f516?s=96&d=mm&r=g","caption":"Redazione"},"url":"https:\/\/blog.holyart.it\/fr\/author\/admin\/"}]}},"_links":{"self":[{"href":"https:\/\/blog.holyart.it\/fr\/wp-json\/wp\/v2\/posts\/10705","targetHints":{"allow":["GET"]}}],"collection":[{"href":"https:\/\/blog.holyart.it\/fr\/wp-json\/wp\/v2\/posts"}],"about":[{"href":"https:\/\/blog.holyart.it\/fr\/wp-json\/wp\/v2\/types\/post"}],"author":[{"embeddable":true,"href":"https:\/\/blog.holyart.it\/fr\/wp-json\/wp\/v2\/users\/1"}],"replies":[{"embeddable":true,"href":"https:\/\/blog.holyart.it\/fr\/wp-json\/wp\/v2\/comments?post=10705"}],"version-history":[{"count":7,"href":"https:\/\/blog.holyart.it\/fr\/wp-json\/wp\/v2\/posts\/10705\/revisions"}],"predecessor-version":[{"id":10718,"href":"https:\/\/blog.holyart.it\/fr\/wp-json\/wp\/v2\/posts\/10705\/revisions\/10718"}],"wp:featuredmedia":[{"embeddable":true,"href":"https:\/\/blog.holyart.it\/fr\/wp-json\/wp\/v2\/media\/10715"}],"wp:attachment":[{"href":"https:\/\/blog.holyart.it\/fr\/wp-json\/wp\/v2\/media?parent=10705"}],"wp:term":[{"taxonomy":"category","embeddable":true,"href":"https:\/\/blog.holyart.it\/fr\/wp-json\/wp\/v2\/categories?post=10705"},{"taxonomy":"post_tag","embeddable":true,"href":"https:\/\/blog.holyart.it\/fr\/wp-json\/wp\/v2\/tags?post=10705"}],"curies":[{"name":"wp","href":"https:\/\/api.w.org\/{rel}","templated":true}]}}