{"id":10681,"date":"2025-07-23T10:00:04","date_gmt":"2025-07-23T08:00:04","guid":{"rendered":"https:\/\/blog.holyart.it\/fr\/?p=10681"},"modified":"2025-11-07T10:14:46","modified_gmt":"2025-11-07T09:14:46","slug":"la-basilique-du-saint-sepulcre-a-jerusalem","status":"publish","type":"post","link":"https:\/\/blog.holyart.it\/fr\/articles-religieux\/la-basilique-du-saint-sepulcre-a-jerusalem\/","title":{"rendered":"La Basilique du Saint-S\u00e9pulcre \u00e0 J\u00e9rusalem"},"content":{"rendered":"<h4>La Basilique du Saint-S\u00e9pulcre \u00e0 J\u00e9rusalem est un point de r\u00e9f\u00e9rence spirituel pour les Chr\u00e9tiens du monde entier et de toute profession de foi confondue. D\u00e9couvrons-en l\u2019histoire et les secrets.<\/h4>\n\n<p>La Basilique du Saint-S\u00e9pulcre est bien plus qu\u2019un lieu sacr\u00e9 visit\u00e9 chaque jour par p\u00e8lerins et fid\u00e8les provenant du monde entier. Pour les chr\u00e9tiens, elle est le <strong>c\u0153ur m\u00eame du monde sacr\u00e9<\/strong>, le lieu o\u00f9 J\u00e9sus est mort et a \u00e9t\u00e9 enterr\u00e9. Il suffit de cela pour nous faire comprendre l\u2019importance qu\u2019elle rev\u00eat, la profonde valeur symbolique dont elle est impr\u00e9gn\u00e9e, mais pas seulement.<br \/>\nSi la conscience des faits dramatiques et prodigieux qui ont eu comme th\u00e9\u00e2tre ces lieux ne suffisait pas \u00e0 les rendre uniques, pensons \u00e0 combien de personnes s\u2019y sont rendues au cours des si\u00e8cles, des mill\u00e9naires, avec leur charge de <strong>foi<\/strong> et d\u2019attentes, accabl\u00e9s par leurs fautes et par l\u2019esp\u00e9rance de pouvoir en \u00eatre soulag\u00e9s, afin de percevoir la puissance spirituelle que l\u2019on y respire.<br \/>\nAujourd\u2019hui comme \u00e0 l\u2019\u00e9poque, les fid\u00e8les touchent la <strong>Pierre de l\u2019Onction<\/strong>, sur laquelle fut pos\u00e9 <strong><a href=\"https:\/\/www.holyart.fr\/articles-religieux\/crucifix\">le corps de Christ \u00e0 peine descendu de la croix<\/a><\/strong>, ou s\u2019attardent dans la Chapelle du Calvaire, le lieu de crucifixion de J\u00e9sus. Dans ces <a href=\"https:\/\/www.holyart.fr\/accessoires-pour-la-liturgie\/mobilier-deglise\/chemin-de-croix\"><strong>suggestives stations de foi a lieu le Chemin de Croix<\/strong><\/a> qui chaque jour implique ceux qui souhaitent accomplir un parcours spirituel et sacr\u00e9 \u00e0 l\u2019int\u00e9rieur de la basilique. Puisqu\u2019il est in\u00e9vitable que quiconque qui arrivait en ces lieux d\u00e9sire reparcourir les lieux de la Passion et de la mort de J\u00e9sus afin de s\u2019approcher le plus possible de son exemple, de son exp\u00e9rience humaine et de le sentir plus proche d\u2019eux.<\/p>\n<div class=\"link-product\">\n<div class=\"blocco-immagine\"><img loading=\"lazy\" decoding=\"async\" class=\"size-full wp-image-10683 alignleft\" src=\"https:\/\/blog.holyart.it\/fr\/wp-content\/uploads\/sites\/14\/2025\/07\/Chemin-de-croix-Copie-Copie.jpg\" alt=\"Chemin de croix \" width=\"100\" height=\"100\" data-kale-share-title=\"La Basilique du Saint-S\u00e9pulcre \u00e0 J\u00e9rusalem\" data-kale-share-url=\"https:\/\/blog.holyart.it\/fr\/?p=10681\" \/><\/div>\n<div class=\"blocco-contenuto\">\n<div class=\"blocco-acquista\">Acheter sur Holyart:<\/div>\n<div class=\"blocco-titolo\"><strong><a href=\"https:\/\/www.holyart.fr\/accessoires-pour-la-liturgie\/mobilier-deglise\/chemin-de-croix?page=1\">Tableaux et Bas-reliefs du Chemin de Croix<\/a><\/strong><\/div>\n<div class=\"blocco-descrizione\">Les 14 ou 15 stations r\u00e9alis\u00e9es par des artisans&#8230;<\/div>\n<\/div>\n<\/div>\n<p>Mais o\u00f9 se trouve la Basilique du Saint-S\u00e9pulcre ?<\/p>\n<h2>Le Saint-S\u00e9pulcre : qu\u2019est-ce que c\u2019est et o\u00f9 se trouve-t-il\u00a0?<\/h2>\n<p>Dans les \u00c9vangiles et dans les textes sacr\u00e9s on raconte que le <strong>Calvaire<\/strong>, le mont sur lequel J\u00e9sus fut crucifi\u00e9, se trouvait en dehors des murs de J\u00e9rusalem, dans une zone qui autrefois accueillait une carri\u00e8re, et qui ensuite avait \u00e9t\u00e9 consacr\u00e9e aux condamnations \u00e0 mort et aux s\u00e9pultures des d\u00e9funts. La loi juive interdisait en effet qu\u2019elles aient lieu \u00e0 l\u2019int\u00e9rieur de l\u2019enceinte de la ville. Le Calvaire, ou Golgotha, dont le nom signifie \u00ab\u00a0lieu du Cr\u00e2ne\u00a0\u00bb, \u00e9tait vraisemblablement le point le plus haut de ce terrain qui, une fois perdue son utilit\u00e9 comme carri\u00e8re, avait \u00e9t\u00e9 transform\u00e9 en potagers, jardins et tombeaux donc. Son nom de \u201clieu du Cr\u00e2ne\u201d d\u00e9riverait du fait qu\u2019en ce lieu on pensait que se trouvait la tombe d\u2019Adam, ou plus vraisemblablement parce qu\u2019il n\u2019\u00e9tait pas difficile de tomber sur des cr\u00e2nes d\u2019hommes condamn\u00e9s \u00e0 mort et non enterr\u00e9s, ou encore parce que les lieux consacr\u00e9s aux crucifixions \u00e9taient d\u00e9cor\u00e9s avec des cr\u00e2nes peints aux pieds des croix.<\/p>\n<figure id=\"attachment_10687\" aria-describedby=\"caption-attachment-10687\" style=\"width: 1000px\" class=\"wp-caption alignnone\"><img loading=\"lazy\" decoding=\"async\" class=\"size-full wp-image-10687\" src=\"https:\/\/blog.holyart.it\/fr\/wp-content\/uploads\/sites\/14\/2025\/07\/golgota-2-3.jpg\" alt=\"Lieux de la passion et de la mort du Christ \u00e0 J\u00e9rusalem \u2013 Golgota\" width=\"1000\" height=\"666\" data-kale-share-title=\"La Basilique du Saint-S\u00e9pulcre \u00e0 J\u00e9rusalem\" data-kale-share-url=\"https:\/\/blog.holyart.it\/fr\/?p=10681\" \/><figcaption id=\"caption-attachment-10687\" class=\"wp-caption-text\"><center><strong><i>Lieux de la passion et de la mort du Christ \u00e0 J\u00e9rusalem \u2013 Golgota<\/i><\/strong><\/center><\/figcaption><\/figure>\n<p>Le fait est que cette zone, dans un deuxi\u00e8me temps, probablement autour du 41-44 apr. J.-C., fut englob\u00e9 par la nouvelle enceinte murale faite \u00e9rig\u00e9e par H\u00e9rode Agrippa.<\/p>\n<h2>L\u2019histoire du Saint-S\u00e9pulcre<\/h2>\n<h3>Colonie romaine<\/h3>\n<p>D\u00e8s les ann\u00e9es imm\u00e9diatement successives \u00e0 la mort de J\u00e9sus, le lieu de sa passion et s\u00e9pulture devint <a href=\"https:\/\/www.holyart.fr\/jubile-2025-pelerins-desperance\/kit-du-pelerin-et-gadgets-du-jubile-2025\/kit-du-pelerin-pour-groupes-logo-officiel-jubile-2025-bleu\"><strong>lieu de p\u00e8lerinage<\/strong><\/a> pour les premiers fid\u00e8les. Mais J\u00e9rusalem \u00e9tait une <strong>colonie romaine<\/strong>. Entre 132 et 135 apr. J.-C. une violente r\u00e9bellion \u00e9clata, entr\u00e9e dans l\u2019histoire comme r\u00e9bellion de Bar Kokhba en raison du nom de Shimon bar Kokhba, le pr\u00e9sum\u00e9 messie qui la fomenta. Les juifs se r\u00e9volt\u00e8rent contre l\u2019interdiction de l\u2019Empereur <strong>Hadrien<\/strong> de pratiquer la circoncision et contre son projet de raser l\u2019ancienne J\u00e9rusalem afin d\u2019y construire une nouvelle ville d\u00e9di\u00e9e au culte de Jupiter. Ce qui advint et, sur les ruines de J\u00e9rusalem, l\u2019empereur fit construire\u00a0<strong>\u00c6lia Capitolina<\/strong>. Tous les lieux sacr\u00e9s des juifs dans l\u2019enceinte de la ville furent convertis en lieu de culte pour les dieux pa\u00efens, tandis qu\u2019un ult\u00e9rieur temple d\u00e9di\u00e9 \u00e0 V\u00e9nus fut \u00e9rig\u00e9 dans une vieille zone fun\u00e9raire fr\u00e9quent\u00e9e par les chr\u00e9tiens. Il s\u2019agissait du lieu qui accueillait le tombeau de J\u00e9sus-Christ.<\/p>\n<div class=\"link-product\">\n<div class=\"blocco-immagine\"><img loading=\"lazy\" decoding=\"async\" class=\"size-full wp-image-10693 alignleft\" src=\"https:\/\/blog.holyart.it\/fr\/wp-content\/uploads\/sites\/14\/2025\/07\/kit-du-pelerin-pour-groupes-logo-officiel-jubile-2025-bleu-1.jpg\" alt=\"kit du pelerin pour groupes logo officiel jubile 2025 bleu\" width=\"100\" height=\"100\" data-kale-share-title=\"La Basilique du Saint-S\u00e9pulcre \u00e0 J\u00e9rusalem\" data-kale-share-url=\"https:\/\/blog.holyart.it\/fr\/?p=10681\" \/><\/div>\n<div class=\"blocco-contenuto\">\n<div class=\"blocco-acquista\">Acheter sur Holyart:<\/div>\n<div class=\"blocco-titolo\"><strong><a href=\"https:\/\/www.holyart.fr\/jubile-2025-pelerins-desperance\/kit-du-pelerin-et-gadgets-du-jubile-2025\/kit-du-pelerin-pour-groupes-logo-officiel-jubile-2025-bleu\">Kit du p\u00e8lerin pour groupes logo officiel Jubil\u00e9 2025 bleu<\/a><\/strong><\/div>\n<div class=\"blocco-descrizione\">Kit du p\u00e8lerin pour groupes logo officiel Jubil\u00e9 2025 bleu. Le kit du p\u00e8lerin pour groupes comprend trois articles pertinents&#8230;<\/div>\n<\/div>\n<\/div>\n<h2>La Basilique Constantinienne<\/h2>\n<p>Ce fut l\u2019empereur <strong>Constantin<\/strong> le cr\u00e9ateur de la premi\u00e8re Basilique du Saint-S\u00e9pulcre, autour de 326 apr. J.-C. Sous son ordre, l\u2019\u00e9v\u00eaque de J\u00e9rusalem Macaire avait commenc\u00e9 \u00e0 faire d\u00e9molir les anciens temples pa\u00efens et, en creusant dans les parages du Golgotha, les restes du tombeau de Christ virent de nouveau la lumi\u00e8re du jour. On raconte que la m\u00e8re de l\u2019empereur, <strong>H\u00e9l\u00e8ne<\/strong>, a jou\u00e9 un r\u00f4le tr\u00e8s important dans les fouilles de ce lieu sacr\u00e9, o\u00f9 l\u2019imp\u00e9ratrice en personne d\u00e9couvrit la <strong>Vraie Croix<\/strong>. Par ordre de Constantin, en ces lieux, la premi\u00e8re Basilique du Saint-S\u00e9pulcre fut \u00e9rig\u00e9e et ensuite inaugur\u00e9e en septembre 335 apr. J.-C.<\/p>\n<p>La <strong>Basilique Constantinienne<\/strong> \u00e9tait compos\u00e9e de <strong>trois b\u00e2timents principaux<\/strong>\u00a0: la basilique, ou <strong>martyrium<\/strong>, une construction imposante form\u00e9e par <em>cinq nefs divis\u00e9es par des colonnes et des piliers<\/em>\u00a0; le <strong>triportique<\/strong>, un grand vestibule ferm\u00e9 par une colonnade qui entourait le rocher du Calvaire,\u00a0et l\u2019<em>An\u00e1stasis<\/em>, <strong>l\u2019\u00e9glise de la r\u00e9surrection<\/strong>, un mausol\u00e9e de forme circulaire surmont\u00e9 d\u2019une coupole avec l\u2019oculus ouvert \u00e9rig\u00e9 expr\u00e8s afin de prot\u00e9ger les restes de la grotte identifi\u00e9e comme lieu de s\u00e9pulture de J\u00e9sus. Cette derni\u00e8re fut englob\u00e9e dans un \u00e9dicule ou <em>kouvoulkion<\/em> (du grec <em>sacraire<\/em>). Autour, il y avait des \u00e9difices mineurs destin\u00e9s aux logements des pr\u00eatres et aux services.<\/p>\n<h2>Invasion perse<\/h2>\n<p>En 614 apr. J.-C. les <strong>perses<\/strong> conduits par Khosro II prirent J\u00e9rusalem. Pendant trois jours les envahisseurs d\u00e9truisirent et saccag\u00e8rent la ville et m\u00eame la Vraie Croix fut vol\u00e9e. La Basilique Constantinienne fut mise \u00e0 feu et de nombreux fid\u00e8les qui y avaient trouv\u00e9 refuge moururent. Ce fut seulement en 630 apr. J.-C., gr\u00e2ce \u00e0 l\u2019empereur byzantin H\u00e9raclius qui lib\u00e9ra la ville, et aux fonds recueillis par l\u2019abb\u00e9 de Saint Th\u00e9odore, Modeste, que la Basilique du Saint-S\u00e9pulcre fut reconstruite et la Vraie Croix r\u00e9cup\u00e9r\u00e9e et ramen\u00e9e \u00e0 Constantinople.<\/p>\n<p>Quand en 638 apr. J.-C. la ville tomba de nouveau entre les mains des ennemis, par \u0153uvre du <strong>Calife Omar<\/strong>, ce dernier respecta le lieu sacr\u00e9 et \u00e9mit un d\u00e9cret qui interdisait aux musulmans de se retrouver pour prier entre les murs du martyrium. Omar laissa les p\u00e8lerinages dans la Basilique du Saint-S\u00e9pulcre continuer en toute qui\u00e9tude et le lieu s\u2019enrichit de nouveaux b\u00e2timents et de reliques pr\u00e9cieuses, comme<a href=\"https:\/\/www.holyart.fr\/blog\/articles-religieux\/la-cene-de-leonard-de-vinci-histoire-dun-chef-doeuvre\/\"><strong> la coupe de la C\u00e8ne<\/strong><\/a>, l\u2019\u00e9ponge avec laquelle J\u00e9sus fut abreuv\u00e9 avec du vinaigre et la lance avec laquelle Longin lui transper\u00e7a le c\u00f4t\u00e9.<\/p>\n<p>Entre 746 apr. J.-C. et le d\u00e9but du IXe si\u00e8cle la basilique fut endommag\u00e9e par de violents <strong>tremblements de terre<\/strong>.<\/p>\n<div class=\"link-product\">\n<div class=\"blocco-immagine\"><img loading=\"lazy\" decoding=\"async\" class=\"size-full wp-image-10695 alignleft\" src=\"https:\/\/blog.holyart.it\/fr\/wp-content\/uploads\/sites\/14\/2025\/07\/mise-au-tombeau-38-cm-pierre-bethleem-1.jpg\" alt=\"\" width=\"100\" height=\"100\" data-kale-share-title=\"La Basilique du Saint-S\u00e9pulcre \u00e0 J\u00e9rusalem\" data-kale-share-url=\"https:\/\/blog.holyart.it\/fr\/?p=10681\" \/><\/div>\n<div class=\"blocco-contenuto\">\n<div class=\"blocco-acquista\">Acheter sur Holyart:<\/div>\n<div class=\"blocco-titolo\"><strong><a href=\"https:\/\/www.holyart.fr\/articles-religieux\/bas-reliefs\/bas-reliefs-en-pierre\/mise-au-tombeau-38-cm-pierre-bethleem\">Mise au tombeau 38 cm pierre Bethl\u00e9em<\/a><\/strong><\/div>\n<div class=\"blocco-descrizione\">Mise au tombeau 38 cm pierre Bethl\u00e9em. Bas relief r\u00e9alis\u00e9 \u00e0 la main en poudre de pierre des Pyr\u00e9n\u00e9ens par les soeurs&#8230;<\/div>\n<\/div>\n<\/div>\n<p>&nbsp;<\/p>\n<h2>La destruction d\u2019Al-Hakim bi-Amr Allah<\/h2>\n<p>En octobre 1009 apr. J.-C., l\u2019\u00e9glise fut d\u00e9truite quasi dans son enti\u00e8ret\u00e9 par ordre d\u2019un <strong>calife fanatique, Ai-Haklm bi-Amr Allah, <\/strong>qui avait d\u00e9cid\u00e9 de d\u00e9truire toutes les \u00e9glises de Palestine, \u00c9gypte et Syrie. Il fit raser au sol ce qui restait du\u00a0<em>martyrium<\/em>, mais aussi l\u2019\u00c9dicule qui prot\u00e9geait le S\u00e9pulcre. Seule une partie de l&rsquo;<em>Anastasis<\/em> r\u00e9sista \u00e0 la furie destructrice des hommes du calife, qui toutefois vol\u00e8rent tous les objets de valeur.<\/p>\n<p>L&#8217;empereur byzantin fit reconstruire le complexe architectural en 1048, mais malheureusement la Basilique Constantinienne avait disparu \u00e0 jamais.<\/p>\n<h2>La reconstruction crois\u00e9e<\/h2>\n<p><strong><a href=\"https:\/\/www.holyart.fr\/blog\/articles-religieux\/symboles-templiers-histoire-et-signification-de-ces-symboles-anciens\/\">\u00c0 l\u2019occasion de la Premi\u00e8re Croisade, J\u00e9rusalem<\/a><\/strong> fut reconquise par les soldats command\u00e9s par <strong>Godefroid de Bouillon<\/strong>, qui assuma le r\u00f4le de r\u00e9gent de la ville avec le nom d\u2019\u00ab\u00a0Advocatus\u00a0\u00bb, <em>D\u00e9fenseur du Saint-S\u00e9pulcre<\/em>. Par sa volont\u00e9, le Sanctuaire du Saint-S\u00e9pulcre fut modifi\u00e9 en <strong>style roman<\/strong>, avec une plante circulaire, et avec l\u2019ajout d\u2019un clocher et d\u2019un <em>Chorus Dominorum<\/em>. Dans ces ann\u00e9es, la Basilique prend plus que jamais l\u2019aspect d\u2019un lieu d\u00e9di\u00e9 \u00e0 recueillir, conserver et glorifier tous les objets et les m\u00e9moires qui rappelaient la mort et la r\u00e9surrection de Christ.<\/p>\n<p>J\u00e9rusalem fut ensuite reconquise par les musulmans conduits par <strong>Saladin<\/strong> (1187) et le Saint-S\u00e9pulcre fut de nouveau ferm\u00e9 et interdit au culte. En 1244 l\u2019invasion de l\u2019empire khorezmien amena \u00e0 de nouveaux pillages et \u00e0 la destruction du b\u00e2timent.<\/p>\n<p>Ce fut Saladin en personne, pour se r\u00e9concilier avec Pape Innocence IV, qui d\u00e9cida de r\u00e9parer les d\u00e9g\u00e2ts subit par la Basilique pour ensuite en confier la garde \u00e0 deux familles palestiniennes musulmanes, <strong>les Nusayba et les Ghudayya<\/strong>, afin qu\u2019elles permettent aux p\u00e8lerins de la visiter. Les p\u00e8lerins devaient payer une taxe qui leur donnait acc\u00e8s \u00e0 la Basilique et aux c\u00e9r\u00e9monies. Encore aujourd\u2019hui les Nusayba et les Ghudayya gardent la cl\u00e9 du portail d\u2019acc\u00e8s \u00e0 l\u2019\u00e9glise du Saint-S\u00e9pulcre.<\/p>\n<div class=\"link-article\">\n<p><img loading=\"lazy\" decoding=\"async\" class=\"size-full wp-image-10696 alignleft\" src=\"https:\/\/blog.holyart.it\/fr\/wp-content\/uploads\/sites\/14\/2025\/07\/Symboles-des-Templiers-histoire-et-signification-de-ces-anciens-symboles.jpg\" alt=\"Symboles des Templiers histoire et signification de ces anciens symboles\" width=\"150\" height=\"100\" data-kale-share-title=\"La Basilique du Saint-S\u00e9pulcre \u00e0 J\u00e9rusalem\" data-kale-share-url=\"https:\/\/blog.holyart.it\/fr\/?p=10681\" \/><\/p>\n<div class=\"leggi-anche\">Lire aussi :<\/div>\n<p><strong><a href=\"https:\/\/www.holyart.fr\/blog\/articles-religieux\/symboles-templiers-histoire-et-signification-de-ces-symboles-anciens\/\">Symboles templiers : histoire et signification de ces symboles anciens<\/a><\/strong><br \/>\nL\u2019Ordre du Temple n\u2019existe plus, mais demeure pr\u00e9sent dans l\u2019histoire gr\u00e2ce \u00e9galement aux symboles&#8230;<\/p>\n<\/div>\n<h2><strong><br \/>\n<\/strong>Les Franciscains \u00e0 J\u00e9rusalem<\/h2>\n<p>Dans les ann\u00e9es qui suivirent, les souverains occidentaux tent\u00e8rent de garantir la s\u00e9curit\u00e9 et l\u2019acc\u00e8s aux p\u00e8lerins qui se rendaient visiter le Saint-S\u00e9pulcre avec des accords et des n\u00e9gociations. En 1342, Pape Cl\u00e9ment VI s\u2019accorda pour conc\u00e9der la garde du Saint-S\u00e9pulcre \u00e0 l\u2019<strong>Ordre Franciscain<\/strong>, qui, depuis lors, s\u2019occupe de la Chapelle de l\u2019Apparition de J\u00e9sus \u00e0 sa m\u00e8re, ou <strong>chapelle du Tr\u00e8s-Saint-Sacrement<\/strong>.<br \/>\nDes pr\u00eatres de diff\u00e9rentes professions de foi commenc\u00e8rent \u00e0 cohabiter pacifiquement \u00e0 l\u2019int\u00e9rieur du Sanctuaire.<\/p>\n<h2>Statu quo<\/h2>\n<p>Mais bient\u00f4t les tensions concernant qui avait ou pas le droit de garder le Saint-S\u00e9pulcre reprirent. Dans un d\u00e9cret sign\u00e9 par la Sublime Porte le 8 f\u00e9vrier 1852, le <strong>Statu Quo<\/strong>, on d\u00e9finit les droits de propri\u00e9t\u00e9 et d\u2019acc\u00e8s des communaut\u00e9s chr\u00e9tiennes \u00e0 l\u2019int\u00e9rieur de trois sanctuaires en Terre Sainte\u00a0: le Saint-S\u00e9pulcre \u00e0 J\u00e9rusalem, la Tombe de Marie \u00e0 J\u00e9rusalem et la Basilique de la Nativit\u00e9 \u00e0 Bethl\u00e9em.<\/p>\n<p>Cet \u00e9dit avait la finalit\u00e9 de mettre fin aux conflits entre \u00c9glise orthodoxe grecque et \u00c9glise catholique et favorisa surtout la premi\u00e8re. Encore aujourd\u2019hui, le Patriarche des Grecs orthodoxes a dans la Basilique la chaire et le\u00a0<em>katholikon<\/em>, l\u2019\u00e9glise principale, et \u00e9tablit les lieux d\u2019adoration et de c\u00e9l\u00e9bration pour les autres professions.<\/p>\n<h2>Le Saint-S\u00e9pulcre aujourd\u2019hui<\/h2>\n<p>Le 25 f\u00e9vrier 2018, les portes de la Basilique du Saint-S\u00e9pulcre ont \u00e9t\u00e9 de nouveau ferm\u00e9 en signe de protestation contre les autorit\u00e9s de J\u00e9rusalem qui voulaient changer le <em>Statu Quo<\/em> en imposant des nouvelles taxes aux \u00e9glises. Cette requ\u00eate fut ensuite retir\u00e9e.<\/p>\n<p>Aujourd\u2019hui la Basilique du Saint-S\u00e9pulcre reste un lieu de grande suggestion, o\u00f9 d\u2019innombrables styles architecturaux et d\u00e9coratifs se m\u00e9langent de mani\u00e8re souvent dissonante, \u00e0 raconter une histoire faite de conflits et d\u2019harmonies, de souffrance et de rachat, mais surtout de foi au-del\u00e0 du temps.<\/p>\n<p>&nbsp;<\/p>\n","protected":false},"excerpt":{"rendered":"<p>La Basilique du Saint-S\u00e9pulcre \u00e0 J\u00e9rusalem est un point de r\u00e9f\u00e9rence spirituel pour les Chr\u00e9tiens du monde entier et de toute profession de foi confondue. D\u00e9couvrons-en l\u2019histoire et les secrets. La Basilique du Saint-S\u00e9pulcre est bien plus qu\u2019un lieu sacr\u00e9 visit\u00e9 chaque jour par p\u00e8lerins&hellip;<\/p>\n","protected":false},"author":1,"featured_media":10682,"comment_status":"closed","ping_status":"open","sticky":false,"template":"","format":"standard","meta":{"_acf_changed":false,"footnotes":""},"categories":[8],"tags":[],"class_list":["post-10681","post","type-post","status-publish","format-standard","has-post-thumbnail","hentry","category-articles-religieux"],"acf":[],"yoast_head":"<!-- This site is optimized with the Yoast SEO plugin v26.6 - https:\/\/yoast.com\/wordpress\/plugins\/seo\/ -->\n<title>La Basilique du Saint-S\u00e9pulcre \u00e0 J\u00e9rusalem - Holyart.fr Blog<\/title>\n<meta name=\"description\" content=\"La Basilique du Saint-S\u00e9pulcre \u00e0 J\u00e9rusalem est un point de r\u00e9f\u00e9rence spirituel pour les Chr\u00e9tiens du monde entier et de toute profession...\" \/>\n<meta name=\"robots\" content=\"index, follow, max-snippet:-1, max-image-preview:large, max-video-preview:-1\" \/>\n<link rel=\"canonical\" href=\"https:\/\/blog.holyart.it\/fr\/articles-religieux\/la-basilique-du-saint-sepulcre-a-jerusalem\/\" \/>\n<meta property=\"og:locale\" content=\"fr_FR\" \/>\n<meta property=\"og:type\" content=\"article\" \/>\n<meta property=\"og:title\" content=\"La Basilique du Saint-S\u00e9pulcre \u00e0 J\u00e9rusalem - Holyart.fr Blog\" \/>\n<meta property=\"og:description\" content=\"La Basilique du Saint-S\u00e9pulcre \u00e0 J\u00e9rusalem est un point de r\u00e9f\u00e9rence spirituel pour les Chr\u00e9tiens du monde entier et de toute profession...\" \/>\n<meta property=\"og:url\" content=\"https:\/\/blog.holyart.it\/fr\/articles-religieux\/la-basilique-du-saint-sepulcre-a-jerusalem\/\" \/>\n<meta property=\"og:site_name\" content=\"Holyart.fr Blog\" \/>\n<meta property=\"article:published_time\" content=\"2025-07-23T08:00:04+00:00\" \/>\n<meta property=\"article:modified_time\" content=\"2025-11-07T09:14:46+00:00\" \/>\n<meta property=\"og:image\" content=\"https:\/\/blog.holyart.it\/fr\/wp-content\/uploads\/sites\/14\/2025\/07\/Saint-Sepulcre-a-Jerusalem-Copie.jpg\" \/>\n\t<meta property=\"og:image:width\" content=\"1000\" \/>\n\t<meta property=\"og:image:height\" content=\"666\" \/>\n\t<meta property=\"og:image:type\" content=\"image\/jpeg\" \/>\n<meta name=\"author\" content=\"Redazione\" \/>\n<meta name=\"twitter:card\" content=\"summary_large_image\" \/>\n<meta name=\"twitter:label1\" content=\"\u00c9crit par\" \/>\n\t<meta name=\"twitter:data1\" content=\"Redazione\" \/>\n\t<meta name=\"twitter:label2\" content=\"Dur\u00e9e de lecture estim\u00e9e\" \/>\n\t<meta name=\"twitter:data2\" content=\"11 minutes\" \/>\n<script type=\"application\/ld+json\" class=\"yoast-schema-graph\">{\"@context\":\"https:\/\/schema.org\",\"@graph\":[{\"@type\":\"Article\",\"@id\":\"https:\/\/blog.holyart.it\/fr\/articles-religieux\/la-basilique-du-saint-sepulcre-a-jerusalem\/#article\",\"isPartOf\":{\"@id\":\"https:\/\/blog.holyart.it\/fr\/articles-religieux\/la-basilique-du-saint-sepulcre-a-jerusalem\/\"},\"author\":{\"name\":\"Redazione\",\"@id\":\"https:\/\/blog.holyart.it\/fr\/#\/schema\/person\/0a7b686e5af0f856ec1e390dd0baecda\"},\"headline\":\"La Basilique du Saint-S\u00e9pulcre \u00e0 J\u00e9rusalem\",\"datePublished\":\"2025-07-23T08:00:04+00:00\",\"dateModified\":\"2025-11-07T09:14:46+00:00\",\"mainEntityOfPage\":{\"@id\":\"https:\/\/blog.holyart.it\/fr\/articles-religieux\/la-basilique-du-saint-sepulcre-a-jerusalem\/\"},\"wordCount\":2068,\"publisher\":{\"@id\":\"https:\/\/blog.holyart.it\/fr\/#organization\"},\"image\":{\"@id\":\"https:\/\/blog.holyart.it\/fr\/articles-religieux\/la-basilique-du-saint-sepulcre-a-jerusalem\/#primaryimage\"},\"thumbnailUrl\":\"https:\/\/blog.holyart.it\/fr\/wp-content\/uploads\/sites\/14\/2025\/07\/Saint-Sepulcre-a-Jerusalem-Copie.jpg\",\"articleSection\":[\"Religion\"],\"inLanguage\":\"fr-FR\"},{\"@type\":\"WebPage\",\"@id\":\"https:\/\/blog.holyart.it\/fr\/articles-religieux\/la-basilique-du-saint-sepulcre-a-jerusalem\/\",\"url\":\"https:\/\/blog.holyart.it\/fr\/articles-religieux\/la-basilique-du-saint-sepulcre-a-jerusalem\/\",\"name\":\"La Basilique du Saint-S\u00e9pulcre \u00e0 J\u00e9rusalem - Holyart.fr Blog\",\"isPartOf\":{\"@id\":\"https:\/\/blog.holyart.it\/fr\/#website\"},\"primaryImageOfPage\":{\"@id\":\"https:\/\/blog.holyart.it\/fr\/articles-religieux\/la-basilique-du-saint-sepulcre-a-jerusalem\/#primaryimage\"},\"image\":{\"@id\":\"https:\/\/blog.holyart.it\/fr\/articles-religieux\/la-basilique-du-saint-sepulcre-a-jerusalem\/#primaryimage\"},\"thumbnailUrl\":\"https:\/\/blog.holyart.it\/fr\/wp-content\/uploads\/sites\/14\/2025\/07\/Saint-Sepulcre-a-Jerusalem-Copie.jpg\",\"datePublished\":\"2025-07-23T08:00:04+00:00\",\"dateModified\":\"2025-11-07T09:14:46+00:00\",\"description\":\"La Basilique du Saint-S\u00e9pulcre \u00e0 J\u00e9rusalem est un point de r\u00e9f\u00e9rence spirituel pour les Chr\u00e9tiens du monde entier et de toute profession...\",\"breadcrumb\":{\"@id\":\"https:\/\/blog.holyart.it\/fr\/articles-religieux\/la-basilique-du-saint-sepulcre-a-jerusalem\/#breadcrumb\"},\"inLanguage\":\"fr-FR\",\"potentialAction\":[{\"@type\":\"ReadAction\",\"target\":[\"https:\/\/blog.holyart.it\/fr\/articles-religieux\/la-basilique-du-saint-sepulcre-a-jerusalem\/\"]}]},{\"@type\":\"ImageObject\",\"inLanguage\":\"fr-FR\",\"@id\":\"https:\/\/blog.holyart.it\/fr\/articles-religieux\/la-basilique-du-saint-sepulcre-a-jerusalem\/#primaryimage\",\"url\":\"https:\/\/blog.holyart.it\/fr\/wp-content\/uploads\/sites\/14\/2025\/07\/Saint-Sepulcre-a-Jerusalem-Copie.jpg\",\"contentUrl\":\"https:\/\/blog.holyart.it\/fr\/wp-content\/uploads\/sites\/14\/2025\/07\/Saint-Sepulcre-a-Jerusalem-Copie.jpg\",\"width\":1000,\"height\":666,\"caption\":\"Saint S\u00e9pulcre \u00e0 J\u00e9rusalem\"},{\"@type\":\"BreadcrumbList\",\"@id\":\"https:\/\/blog.holyart.it\/fr\/articles-religieux\/la-basilique-du-saint-sepulcre-a-jerusalem\/#breadcrumb\",\"itemListElement\":[{\"@type\":\"ListItem\",\"position\":1,\"name\":\"Homepage\",\"item\":\"https:\/\/blog.holyart.it\/fr\/\"},{\"@type\":\"ListItem\",\"position\":2,\"name\":\"Religion\",\"item\":\"https:\/\/blog.holyart.it\/fr\/articles-religieux\/\"},{\"@type\":\"ListItem\",\"position\":3,\"name\":\"La Basilique du Saint-S\u00e9pulcre \u00e0 J\u00e9rusalem\"}]},{\"@type\":\"WebSite\",\"@id\":\"https:\/\/blog.holyart.it\/fr\/#website\",\"url\":\"https:\/\/blog.holyart.it\/fr\/\",\"name\":\"Holyart.fr Blog\",\"description\":\"Holyblog\",\"publisher\":{\"@id\":\"https:\/\/blog.holyart.it\/fr\/#organization\"},\"potentialAction\":[{\"@type\":\"SearchAction\",\"target\":{\"@type\":\"EntryPoint\",\"urlTemplate\":\"https:\/\/blog.holyart.it\/fr\/?s={search_term_string}\"},\"query-input\":{\"@type\":\"PropertyValueSpecification\",\"valueRequired\":true,\"valueName\":\"search_term_string\"}}],\"inLanguage\":\"fr-FR\"},{\"@type\":\"Organization\",\"@id\":\"https:\/\/blog.holyart.it\/fr\/#organization\",\"name\":\"Holyart.fr Blog\",\"url\":\"https:\/\/blog.holyart.it\/fr\/\",\"logo\":{\"@type\":\"ImageObject\",\"inLanguage\":\"fr-FR\",\"@id\":\"https:\/\/blog.holyart.it\/fr\/#\/schema\/logo\/image\/\",\"url\":\"https:\/\/blog.holyart.it\/fr\/wp-content\/uploads\/sites\/14\/2022\/12\/Holyart_Blog_Logo.jpg\",\"contentUrl\":\"https:\/\/blog.holyart.it\/fr\/wp-content\/uploads\/sites\/14\/2022\/12\/Holyart_Blog_Logo.jpg\",\"width\":300,\"height\":50,\"caption\":\"Holyart.fr Blog\"},\"image\":{\"@id\":\"https:\/\/blog.holyart.it\/fr\/#\/schema\/logo\/image\/\"}},{\"@type\":\"Person\",\"@id\":\"https:\/\/blog.holyart.it\/fr\/#\/schema\/person\/0a7b686e5af0f856ec1e390dd0baecda\",\"name\":\"Redazione\",\"image\":{\"@type\":\"ImageObject\",\"inLanguage\":\"fr-FR\",\"@id\":\"https:\/\/blog.holyart.it\/fr\/#\/schema\/person\/image\/\",\"url\":\"https:\/\/secure.gravatar.com\/avatar\/f477da817f43e50d0af36abecd33e3edf826c68299714bdc1057dff3b113f516?s=96&d=mm&r=g\",\"contentUrl\":\"https:\/\/secure.gravatar.com\/avatar\/f477da817f43e50d0af36abecd33e3edf826c68299714bdc1057dff3b113f516?s=96&d=mm&r=g\",\"caption\":\"Redazione\"},\"url\":\"https:\/\/blog.holyart.it\/fr\/author\/admin\/\"}]}<\/script>\n<!-- \/ Yoast SEO plugin. -->","yoast_head_json":{"title":"La Basilique du Saint-S\u00e9pulcre \u00e0 J\u00e9rusalem - Holyart.fr Blog","description":"La Basilique du Saint-S\u00e9pulcre \u00e0 J\u00e9rusalem est un point de r\u00e9f\u00e9rence spirituel pour les Chr\u00e9tiens du monde entier et de toute profession...","robots":{"index":"index","follow":"follow","max-snippet":"max-snippet:-1","max-image-preview":"max-image-preview:large","max-video-preview":"max-video-preview:-1"},"canonical":"https:\/\/blog.holyart.it\/fr\/articles-religieux\/la-basilique-du-saint-sepulcre-a-jerusalem\/","og_locale":"fr_FR","og_type":"article","og_title":"La Basilique du Saint-S\u00e9pulcre \u00e0 J\u00e9rusalem - Holyart.fr Blog","og_description":"La Basilique du Saint-S\u00e9pulcre \u00e0 J\u00e9rusalem est un point de r\u00e9f\u00e9rence spirituel pour les Chr\u00e9tiens du monde entier et de toute profession...","og_url":"https:\/\/blog.holyart.it\/fr\/articles-religieux\/la-basilique-du-saint-sepulcre-a-jerusalem\/","og_site_name":"Holyart.fr Blog","article_published_time":"2025-07-23T08:00:04+00:00","article_modified_time":"2025-11-07T09:14:46+00:00","og_image":[{"width":1000,"height":666,"url":"https:\/\/blog.holyart.it\/fr\/wp-content\/uploads\/sites\/14\/2025\/07\/Saint-Sepulcre-a-Jerusalem-Copie.jpg","type":"image\/jpeg"}],"author":"Redazione","twitter_card":"summary_large_image","twitter_misc":{"\u00c9crit par":"Redazione","Dur\u00e9e de lecture estim\u00e9e":"11 minutes"},"schema":{"@context":"https:\/\/schema.org","@graph":[{"@type":"Article","@id":"https:\/\/blog.holyart.it\/fr\/articles-religieux\/la-basilique-du-saint-sepulcre-a-jerusalem\/#article","isPartOf":{"@id":"https:\/\/blog.holyart.it\/fr\/articles-religieux\/la-basilique-du-saint-sepulcre-a-jerusalem\/"},"author":{"name":"Redazione","@id":"https:\/\/blog.holyart.it\/fr\/#\/schema\/person\/0a7b686e5af0f856ec1e390dd0baecda"},"headline":"La Basilique du Saint-S\u00e9pulcre \u00e0 J\u00e9rusalem","datePublished":"2025-07-23T08:00:04+00:00","dateModified":"2025-11-07T09:14:46+00:00","mainEntityOfPage":{"@id":"https:\/\/blog.holyart.it\/fr\/articles-religieux\/la-basilique-du-saint-sepulcre-a-jerusalem\/"},"wordCount":2068,"publisher":{"@id":"https:\/\/blog.holyart.it\/fr\/#organization"},"image":{"@id":"https:\/\/blog.holyart.it\/fr\/articles-religieux\/la-basilique-du-saint-sepulcre-a-jerusalem\/#primaryimage"},"thumbnailUrl":"https:\/\/blog.holyart.it\/fr\/wp-content\/uploads\/sites\/14\/2025\/07\/Saint-Sepulcre-a-Jerusalem-Copie.jpg","articleSection":["Religion"],"inLanguage":"fr-FR"},{"@type":"WebPage","@id":"https:\/\/blog.holyart.it\/fr\/articles-religieux\/la-basilique-du-saint-sepulcre-a-jerusalem\/","url":"https:\/\/blog.holyart.it\/fr\/articles-religieux\/la-basilique-du-saint-sepulcre-a-jerusalem\/","name":"La Basilique du Saint-S\u00e9pulcre \u00e0 J\u00e9rusalem - Holyart.fr Blog","isPartOf":{"@id":"https:\/\/blog.holyart.it\/fr\/#website"},"primaryImageOfPage":{"@id":"https:\/\/blog.holyart.it\/fr\/articles-religieux\/la-basilique-du-saint-sepulcre-a-jerusalem\/#primaryimage"},"image":{"@id":"https:\/\/blog.holyart.it\/fr\/articles-religieux\/la-basilique-du-saint-sepulcre-a-jerusalem\/#primaryimage"},"thumbnailUrl":"https:\/\/blog.holyart.it\/fr\/wp-content\/uploads\/sites\/14\/2025\/07\/Saint-Sepulcre-a-Jerusalem-Copie.jpg","datePublished":"2025-07-23T08:00:04+00:00","dateModified":"2025-11-07T09:14:46+00:00","description":"La Basilique du Saint-S\u00e9pulcre \u00e0 J\u00e9rusalem est un point de r\u00e9f\u00e9rence spirituel pour les Chr\u00e9tiens du monde entier et de toute profession...","breadcrumb":{"@id":"https:\/\/blog.holyart.it\/fr\/articles-religieux\/la-basilique-du-saint-sepulcre-a-jerusalem\/#breadcrumb"},"inLanguage":"fr-FR","potentialAction":[{"@type":"ReadAction","target":["https:\/\/blog.holyart.it\/fr\/articles-religieux\/la-basilique-du-saint-sepulcre-a-jerusalem\/"]}]},{"@type":"ImageObject","inLanguage":"fr-FR","@id":"https:\/\/blog.holyart.it\/fr\/articles-religieux\/la-basilique-du-saint-sepulcre-a-jerusalem\/#primaryimage","url":"https:\/\/blog.holyart.it\/fr\/wp-content\/uploads\/sites\/14\/2025\/07\/Saint-Sepulcre-a-Jerusalem-Copie.jpg","contentUrl":"https:\/\/blog.holyart.it\/fr\/wp-content\/uploads\/sites\/14\/2025\/07\/Saint-Sepulcre-a-Jerusalem-Copie.jpg","width":1000,"height":666,"caption":"Saint S\u00e9pulcre \u00e0 J\u00e9rusalem"},{"@type":"BreadcrumbList","@id":"https:\/\/blog.holyart.it\/fr\/articles-religieux\/la-basilique-du-saint-sepulcre-a-jerusalem\/#breadcrumb","itemListElement":[{"@type":"ListItem","position":1,"name":"Homepage","item":"https:\/\/blog.holyart.it\/fr\/"},{"@type":"ListItem","position":2,"name":"Religion","item":"https:\/\/blog.holyart.it\/fr\/articles-religieux\/"},{"@type":"ListItem","position":3,"name":"La Basilique du Saint-S\u00e9pulcre \u00e0 J\u00e9rusalem"}]},{"@type":"WebSite","@id":"https:\/\/blog.holyart.it\/fr\/#website","url":"https:\/\/blog.holyart.it\/fr\/","name":"Holyart.fr Blog","description":"Holyblog","publisher":{"@id":"https:\/\/blog.holyart.it\/fr\/#organization"},"potentialAction":[{"@type":"SearchAction","target":{"@type":"EntryPoint","urlTemplate":"https:\/\/blog.holyart.it\/fr\/?s={search_term_string}"},"query-input":{"@type":"PropertyValueSpecification","valueRequired":true,"valueName":"search_term_string"}}],"inLanguage":"fr-FR"},{"@type":"Organization","@id":"https:\/\/blog.holyart.it\/fr\/#organization","name":"Holyart.fr Blog","url":"https:\/\/blog.holyart.it\/fr\/","logo":{"@type":"ImageObject","inLanguage":"fr-FR","@id":"https:\/\/blog.holyart.it\/fr\/#\/schema\/logo\/image\/","url":"https:\/\/blog.holyart.it\/fr\/wp-content\/uploads\/sites\/14\/2022\/12\/Holyart_Blog_Logo.jpg","contentUrl":"https:\/\/blog.holyart.it\/fr\/wp-content\/uploads\/sites\/14\/2022\/12\/Holyart_Blog_Logo.jpg","width":300,"height":50,"caption":"Holyart.fr Blog"},"image":{"@id":"https:\/\/blog.holyart.it\/fr\/#\/schema\/logo\/image\/"}},{"@type":"Person","@id":"https:\/\/blog.holyart.it\/fr\/#\/schema\/person\/0a7b686e5af0f856ec1e390dd0baecda","name":"Redazione","image":{"@type":"ImageObject","inLanguage":"fr-FR","@id":"https:\/\/blog.holyart.it\/fr\/#\/schema\/person\/image\/","url":"https:\/\/secure.gravatar.com\/avatar\/f477da817f43e50d0af36abecd33e3edf826c68299714bdc1057dff3b113f516?s=96&d=mm&r=g","contentUrl":"https:\/\/secure.gravatar.com\/avatar\/f477da817f43e50d0af36abecd33e3edf826c68299714bdc1057dff3b113f516?s=96&d=mm&r=g","caption":"Redazione"},"url":"https:\/\/blog.holyart.it\/fr\/author\/admin\/"}]}},"_links":{"self":[{"href":"https:\/\/blog.holyart.it\/fr\/wp-json\/wp\/v2\/posts\/10681","targetHints":{"allow":["GET"]}}],"collection":[{"href":"https:\/\/blog.holyart.it\/fr\/wp-json\/wp\/v2\/posts"}],"about":[{"href":"https:\/\/blog.holyart.it\/fr\/wp-json\/wp\/v2\/types\/post"}],"author":[{"embeddable":true,"href":"https:\/\/blog.holyart.it\/fr\/wp-json\/wp\/v2\/users\/1"}],"replies":[{"embeddable":true,"href":"https:\/\/blog.holyart.it\/fr\/wp-json\/wp\/v2\/comments?post=10681"}],"version-history":[{"count":12,"href":"https:\/\/blog.holyart.it\/fr\/wp-json\/wp\/v2\/posts\/10681\/revisions"}],"predecessor-version":[{"id":10704,"href":"https:\/\/blog.holyart.it\/fr\/wp-json\/wp\/v2\/posts\/10681\/revisions\/10704"}],"wp:featuredmedia":[{"embeddable":true,"href":"https:\/\/blog.holyart.it\/fr\/wp-json\/wp\/v2\/media\/10682"}],"wp:attachment":[{"href":"https:\/\/blog.holyart.it\/fr\/wp-json\/wp\/v2\/media?parent=10681"}],"wp:term":[{"taxonomy":"category","embeddable":true,"href":"https:\/\/blog.holyart.it\/fr\/wp-json\/wp\/v2\/categories?post=10681"},{"taxonomy":"post_tag","embeddable":true,"href":"https:\/\/blog.holyart.it\/fr\/wp-json\/wp\/v2\/tags?post=10681"}],"curies":[{"name":"wp","href":"https:\/\/api.w.org\/{rel}","templated":true}]}}