{"id":10647,"date":"2025-07-14T10:00:01","date_gmt":"2025-07-14T08:00:01","guid":{"rendered":"https:\/\/blog.holyart.it\/fr\/?p=10647"},"modified":"2025-07-09T13:00:18","modified_gmt":"2025-07-09T11:00:18","slug":"la-faradda-di-li-candareri-une-des-processions-les-plus-celebres-de-la-sardaigne","status":"publish","type":"post","link":"https:\/\/blog.holyart.it\/fr\/articles-religieux\/la-faradda-di-li-candareri-une-des-processions-les-plus-celebres-de-la-sardaigne\/","title":{"rendered":"La Faradda di li Candareri: une des processions les plus c\u00e9l\u00e8bres de la Sardaigne"},"content":{"rendered":"<h4><em>La faradda di li candareri, la Descente des Chandeliers \u00e0 Sassari unit d\u00e9votion religieuse, historique et tradition populaire. Voici comment elle se d\u00e9roule tous les ans le 14 ao\u00fbt<\/em><\/h4>\n\n<p>Comme de nombreuses <strong><u>f\u00eates patronales du Sud de l\u2019Italie<\/u><\/strong>, la <strong><em>Faradda di li candareri<\/em><\/strong>, ou <strong>Descente des Chandeliers de Sassari<\/strong> est aussi un \u00e9v\u00e9nement qui se d\u00e9veloppe depuis des si\u00e8cles entre tradition, religion et spectacle. Du reste, la ville qui l\u2019accueille, Sassari justement, a des racines historiques profondes et une riche tradition religieuse et culturelle. La Descente des Chandeliers est une des manifestations les plus suggestives et attendues de l\u2019ann\u00e9e. Elle se d\u00e9roule le <strong>14 ao\u00fbt<\/strong> en l\u2019honneur de <a href=\"https:\/\/www.holyart.fr\/search?params=%7B%22search%22%3A%22assomption%20de%20marie%22%7D&amp;search=assomption+de+marie\"><strong>l\u2019Assomption de la Vierge Marie<\/strong><\/a>. Cette manifestation s\u00e9culaire unit foi, d\u00e9votion et spectacle dans un m\u00e9lange unique de couleur, musique et de ferveur religieuse.<\/p>\n<p>La Descente des Chandeliers a des origines anciennes et puise ses racines dans un pass\u00e9 lointain. Elle remonte probablement au <strong>Moyen \u00c2ge <\/strong>et s\u2019inspire de l\u2019usage d\u2019offres de <em>candeli<\/em> \u00e0 la Vierge de la Mi-ao\u00fbt que les corporations d\u2019arts et m\u00e9tiers de Pise honoraient chaque ann\u00e9e. Connue \u00e9galement comme \u00ab\u00a0<strong><em>Faradda di li Candareri<\/em><\/strong>\u00a0\u00bb en dialecte sarde, les premi\u00e8res traces de cette c\u00e9l\u00e9bration remontent au moins au XVIIe si\u00e8cle, quand les <em>gremi<\/em>, les corporations de travailleurs et des artisans de Sassari, d\u00e9cid\u00e8rent d\u2019honorer un v\u0153u fait \u00e0 Notre-Dame de l\u2019Assomption pour avoir sauv\u00e9 la ville de la peste de 1652. Ils le firent en construisant de majestueuses machines en bois, recouvertes de cire et d\u00e9cor\u00e9es de sculptures qui repr\u00e9sentaient saints et \u00e9pisodes bibliques. Chaque machine \u00e9tait diff\u00e9rente des autres, elles avaient g\u00e9n\u00e9ralement la forme d\u2019<a href=\"https:\/\/www.holyart.fr\/accessoires-pour-la-liturgie\/mobilier-deglise\/tabernacles\"><strong>un grand tabernacle<\/strong><\/a> et \u00e9taient transport\u00e9es par les fid\u00e8les jusqu\u2019\u00e0 la cath\u00e9drale, entre musique solennelle et chants.<\/p>\n<div class=\"link-product\">\n<div class=\"blocco-immagine\"><img loading=\"lazy\" decoding=\"async\" class=\"size-full wp-image-10648 alignleft\" src=\"https:\/\/blog.holyart.it\/fr\/wp-content\/uploads\/sites\/14\/2025\/07\/statue-notre-dame-assomption-anges-resine-30-cm.jpg\" alt=\"statue notre dame assomption anges resine 30 cm\" width=\"100\" height=\"100\" data-kale-share-title=\"La Faradda di li Candareri : une des processions les plus c\u00e9l\u00e8bres de la Sardaigne\" data-kale-share-url=\"https:\/\/blog.holyart.it\/fr\/?p=10647\" \/><\/div>\n<div class=\"blocco-contenuto\">\n<div class=\"blocco-acquista\">Acheter sur Holyart:<\/div>\n<div class=\"blocco-titolo\"><a href=\"https:\/\/www.holyart.fr\/search?params=%7B%22search%22%3A%22assomption%20de%20marie%22%7D&amp;search=assomption+de+marie\">Assomption de la Vierge Marie<\/a><\/div>\n<div class=\"blocco-descrizione\">Voici une s\u00e9lection de produits pour l\u2019Assomption de Marie&#8230;<\/div>\n<\/div>\n<\/div>\n<p>Cette tradition s\u2019enracina dans le c\u0153ur des habitants de Sassari et fut \u00e9galement perp\u00e9tu\u00e9e pendant le R\u00e8gne de Sardaigne, malgr\u00e9 les tentatives r\u00e9p\u00e9t\u00e9es des dominateurs espagnoles de l\u2019abolir. Avec le temps, les <em>gremi<\/em>, conscients des importantes d\u00e9penses requises par la construction des machines et surtout de la cire qui les couvraient, \u00e9tablirent de transformer les vrais cierges en <a href=\"https:\/\/www.holyart.fr\/accessoires-pour-la-liturgie\/chandeliers-candelabres-bases-pour-cierge\/chandeliers-et-bougeoirs-en-bois\/base-cierge-en-bois-noyer\"><strong>chandeliers en bois<\/strong><\/a>, identiques pour tout le monde. Ce passage eut lieu entre le XVIIe et le XVIIIe si\u00e8cle et, depuis lors, les Chandeliers ont pris la forme que nous leur connaissons aujourd\u2019hui\u00a0: de grandioses structures en bois, hautes jusqu\u2019\u00e0 dix-huit m\u00e8tres, enrichies de d\u00e9corations \u00e9labor\u00e9es, rubans et guirlandes. Chaque machine en bois est un v\u00e9ritable chef d\u2019\u0153uvre artistique, r\u00e9alis\u00e9e avec un niveau de d\u00e9tails extraordinaire, chaque sculpture racontant une histoire, exprimant la foi de la communaut\u00e9. Les repr\u00e9sentations sacr\u00e9es qui montrent des moments significatifs de la vie des saints en font des \u0153uvres d\u2019art portatives et expriment au mieux l\u2019histoire et les traditions des anciennes corporations. Encore aujourd\u2019hui, chaque <em>Gremio<\/em> se d\u00e9die \u00e0 la r\u00e9alisation de son chandelier avec orgueil et d\u00e9vouement.<\/p>\n<div class=\"link-product\">\n<div class=\"blocco-immagine\"><img loading=\"lazy\" decoding=\"async\" class=\"size-full wp-image-10650 alignleft\" src=\"https:\/\/blog.holyart.it\/fr\/wp-content\/uploads\/sites\/14\/2025\/07\/base-cierge-en-bois-noyer.jpg\" alt=\"base cierge en bois noyer\" width=\"100\" height=\"100\" data-kale-share-title=\"La Faradda di li Candareri : une des processions les plus c\u00e9l\u00e8bres de la Sardaigne\" data-kale-share-url=\"https:\/\/blog.holyart.it\/fr\/?p=10647\" \/><\/div>\n<div class=\"blocco-contenuto\">\n<div class=\"blocco-acquista\">Acheter sur Holyart:<\/div>\n<div class=\"blocco-titolo\"><a href=\"https:\/\/www.holyart.fr\/accessoires-pour-la-liturgie\/chandeliers-candelabres-bases-pour-cierge\/chandeliers-et-bougeoirs-en-bois\/base-cierge-en-bois-noyer\">Base cierge en bois noyer<\/a><\/div>\n<div class=\"blocco-descrizione\">Base pour cierge en noyer enti\u00e8rement r\u00e9alis\u00e9 en Italie de mani\u00e8re&#8230;<\/div>\n<\/div>\n<\/div>\n<p>La Faradda di li Candareri de Sassari est bien plus qu\u2019une simple c\u00e9l\u00e9bration religieuse : c\u2019est une exp\u00e9rience qui engage les c\u0153urs et les esprits de tous ceux qui y participent. Cet extraordinaire \u00e9v\u00e9nement continue d\u2019incarner l\u2019identit\u00e9 de Sassari, en perp\u00e9tuant ses racines historiques et en transmettant un message d\u2019unit\u00e9 et d\u2019appartenance pour les g\u00e9n\u00e9rations futures. En 2005, conscients de l\u2019importance et de la valeur culturelle de la f\u00eate des Chandeliers de Sassari et des autres manifestations semblables dans diff\u00e9rentes villes italiennes, le <strong>R\u00e9seau des Grandes Machines \u00e0 Dos Italiennes<\/strong> a \u00e9t\u00e9 cr\u00e9\u00e9. Ce r\u00e9seau comprend certaines des festivit\u00e9s les plus significatives et traditionnelles du pays, comme entre autres les <a href=\"https:\/\/www.holyart.fr\/blog\/articles-religieux\/fete-des-lys-la-devotion-de-la-ville-de-nole-a-saint-paulin\/\"><strong><u>Lys de Nola<\/u><\/strong><\/a>. Cette initiative nait de la volont\u00e9 de pr\u00e9server, prot\u00e9ger et promouvoir ces pr\u00e9cieuses traditions, en en reconnaissant la valeur historique, artistique et religieuse. Le R\u00e9seau des Grandes Machines \u00e0 Dos Italiennes s\u2019engage \u00e0 conserver le patrimoine culturel de notre pays, en le transmettant aux g\u00e9n\u00e9rations futures et en maintenant un lien vivant entre pass\u00e9 et pr\u00e9sent.<\/p>\n<div class=\"link-article\">\n<p><img loading=\"lazy\" decoding=\"async\" class=\"size-full wp-image-10652 alignleft\" src=\"https:\/\/blog.holyart.it\/fr\/wp-content\/uploads\/sites\/14\/2025\/07\/Fete-des-Lys.jpg\" alt=\"Fete des Lys\" width=\"150\" height=\"99\" data-kale-share-title=\"La Faradda di li Candareri : une des processions les plus c\u00e9l\u00e8bres de la Sardaigne\" data-kale-share-url=\"https:\/\/blog.holyart.it\/fr\/?p=10647\" \/><\/p>\n<div class=\"leggi-anche\">Lire aussi :<\/div>\n<p><strong><a href=\"https:\/\/www.holyart.fr\/blog\/articles-religieux\/fete-des-lys-la-devotion-de-la-ville-de-nole-a-saint-paulin\/\">F\u00eate des Lys : la d\u00e9votion de la ville de Nole \u00e0 Saint Paulin<\/a><\/strong><br \/>\nAvec les imposantes machines en forme de Lys sur les \u00e9paules des d\u00e9vots&#8230;.<\/p>\n<\/div>\n<h2>La <em>Vestizione<\/em> des Chandeliers<\/h2>\n<p>\u00c0 l\u2019occasion de cette f\u00eate, la communaut\u00e9 est impliqu\u00e9e d\u00e8s les premi\u00e8res heures du matin, quand commence le rite de la <strong><em>Vestizione<\/em><\/strong>, l\u2019habillage. Ce moment de pr\u00e9paration est une occasion sp\u00e9ciale pour les membres du <em>Gremio<\/em>, qui portent des costumes traditionnels et se r\u00e9unissent dans un esprit d\u2019unit\u00e9 et de fraternit\u00e9. L\u2019atmosph\u00e8re est charg\u00e9e d\u2019\u00e9motions et d\u2019attente pour le grand \u00e9v\u00e9nement qui est sur le point de se d\u00e9rouler. Le Chandelier est pr\u00e9lev\u00e9 de la <strong>chapelle patronale<\/strong> du <em>Gremio<\/em>\u00a0: l\u2019\u00c9glise de Saint Pierre en Silki pour les M\u00e9nag\u00e8res, Saint Augustin pour les Voyageurs, Saint Antoine le Grand pour les Boucher, la Cath\u00e9drale de Saint Nicolas pour Forgerons et Cordonniers, Saint Joseph pour les Ouvriers. Les autres sept Chandeliers sont conserv\u00e9s en autant de chapelles dans l\u2019\u00c9glise de Sainte Marie. De la chapelle, le Chandelier est amen\u00e9 jusqu\u2019au si\u00e8ge ou \u00e0 l\u2019habitation de l\u2019<strong><em>Obriere di Candeliere<\/em><\/strong>, le \u00ab\u00a0gardien\u00a0\u00bb d\u00e9sign\u00e9, pour \u00eatre d\u00e9cor\u00e9 de guirlandes en papier, fleurs et \u00e9l\u00e9ments caract\u00e9ristiques diff\u00e9rents pour chaque <em>Gremio<\/em>. Au sommet du Chandelier est fix\u00e9 le <em>cappelletto<\/em>, qui reprend les noms de tous les <em>Obrieri<\/em> brod\u00e9s dans le tissu de damas et, au centre, l\u2019embl\u00e8me de l\u2019<em>Obriere de Candeliere <\/em>en titre.<\/p>\n<h2>La \u201cFaradda\u201d di li Candareri<\/h2>\n<p>L\u2019annonceur proclame l\u2019imminente Descente, qui dans le dialecte de Sassari prend le nom de\u00a0<strong><em>Faradda<\/em><\/strong>, en marquant le d\u00e9but d\u2019une s\u00e9rie d\u2019\u00e9v\u00e9nements qui impliqueront toute la communaut\u00e9. Le <strong><em>Gremio<\/em> des M\u00e9nag\u00e8res<\/strong>, un des protagonistes principaux de l\u2019\u00e9v\u00e9nement, rencontre le maire au <strong>Palazzo Ducale<\/strong>, o\u00f9 on \u00e9tablit le point de d\u00e9part de la c\u00e9l\u00e9bration de la Faradda di li Candareri. D\u2019ici, ensemble, ils se dirigent vers le <em>Palazzo di Citt\u00e0<\/em>, o\u00f9 le drapeau du <em>Gremio<\/em> sera expos\u00e9 en signe de d\u00e9votion et d\u2019appartenance.<\/p>\n<p>Dans l\u2019apr\u00e8s-midi, dans une atmosph\u00e8re de ferveur et d\u2019attente, les treize Chandeliers sont transport\u00e9s \u00e0 dos de la place de la cath\u00e9drale jusqu\u2019\u00e0 la suggestive <strong>place Castello<\/strong>. Ici, apr\u00e8s une br\u00e8ve pause de remerciement \u00e0 la Vierge dans la proche <strong>\u00e9glise du Rosaire<\/strong>, la procession dansante d\u00e9marre, ouverte par la fanfare, qui avance dans les rues de la ville, en annon\u00e7ant l\u2019arriv\u00e9e des Chandeliers. Les majestueux ouvrages en bois suivent en ordre d\u2019admission, en s\u2019exhibant dans de nombreuses positions, avec une danse fascinante et entra\u00eenante\u00a0: Ouvriers, Employ\u00e9s des transports publics, Bouchers, Forgerons, <em>Piccapietre<\/em>, Voyageurs, Paysans, Charpentiers, Maraichers, Cordonniers, Tailleurs, Ma\u00e7ons et M\u00e9nag\u00e8res.<\/p>\n<p>Les Chandeliers oscillent entre la foule, au son des tambours, tandis que celui des Voyageurs est accompagn\u00e9 par la fl\u00fbte, en virevoltant et en faisant tourner les <em>betti<\/em>, les longs rubans qui descendent du sommet de la machine.<\/p>\n<p>La procession traverse <em>corso Vittorio Emanuele<\/em> jusqu\u2019au <strong>Th\u00e9\u00e2tre Civique<\/strong>, o\u00f9, en la pr\u00e9sence du Maire et du Conseil communal, se d\u00e9roule la <strong><em>c\u00e9r\u00e9monie de l\u2019Intregu<\/em><\/strong>. L\u2019investiture du nouveau Obriere majeur du Gremio des M\u00e9nag\u00e8res a lieu, tout comme le traditionnel toast \u00ab\u00a0<em>A zent\u2019anni<\/em>\u00a0\u00bb (Cent ans\u00a0!), pour souhaiter une longue et prosp\u00e8re vie au <em>Gremio<\/em> et \u00e0 toute la communaut\u00e9 de Sassari.<\/p>\n<p>La\u00a0<em>Faradda<\/em>\u00a0se poursuit jusqu\u2019\u00e0 tard dans la nuit et atteint son apog\u00e9e quand les Chandeliers entrent dans l\u2019<strong>\u00e9glise de Santa <\/strong><a href=\"https:\/\/www.holyart.fr\/articles-religieux\/statues\/statues-en-pierre\/vierge-de-lourdes\"><strong>Maria de Betlem<\/strong><\/a>. Ici, ils obtiennent la b\u00e9n\u00e9diction finale, dans un geste de foi profonde et de d\u00e9votion. Selon ce qui est \u00e9tabli par les anciennes r\u00e8gles remontant au 1531, apr\u00e8s l\u2019entr\u00e9e des M\u00e9nag\u00e8res et des autorit\u00e9s de l\u2019\u00e9glise, les Chandeliers entrent dans l\u2019\u00e9glise en ordre invers\u00e9 par rapport au d\u00e9fil\u00e9 pr\u00e9c\u00e9dent. Quand le cierge des Voyageurs se pr\u00e9pare \u00e0 entrer, les <em>gremianti<\/em> donnent l\u2019ordre de casser la croix avec le drapeau de l\u2019<em>obriere <\/em>qui se trouve au sommet du chapiteau, en signe de bon augure. Se d\u00e9roule ensuite la solennelle c\u00e9r\u00e9monie finale avec la participation du P\u00e8re Gardien du couvent et de l\u2019Archev\u00eaque M\u00e9tropolite de Sassari. Ces moments importants repr\u00e9sentent l\u2019acte conclusif de la c\u00e9l\u00e9bration et l\u2019instant o\u00f9 le v\u0153u li\u00e9 \u00e0 la f\u00eate est consid\u00e9r\u00e9 comme accompli jusqu\u2019\u00e0 l\u2019ann\u00e9e suivante.<\/p>\n<div class=\"link-product\">\n<div class=\"blocco-immagine\"><img loading=\"lazy\" decoding=\"async\" class=\"size-full wp-image-10653 alignleft\" src=\"https:\/\/blog.holyart.it\/fr\/wp-content\/uploads\/sites\/14\/2025\/07\/vierge-de-lourdes.jpg\" alt=\"vierge de lourdes\" width=\"100\" height=\"100\" data-kale-share-title=\"La Faradda di li Candareri : une des processions les plus c\u00e9l\u00e8bres de la Sardaigne\" data-kale-share-url=\"https:\/\/blog.holyart.it\/fr\/?p=10647\" \/><\/div>\n<div class=\"blocco-contenuto\">\n<div class=\"blocco-acquista\">Acheter sur Holyart:<\/div>\n<div class=\"blocco-titolo\"><a href=\"https:\/\/www.holyart.fr\/articles-religieux\/statues\/statues-en-pierre\/vierge-de-lourdes\">Vierge de Lourdes<\/a><\/div>\n<div class=\"blocco-descrizione\">Vierge de Lourdes selon les t\u00e9moignages de la sainte Bernadette. R\u00e9alis\u00e9&#8230;<\/div>\n<\/div>\n<\/div>\n<h2>La Descente des Chandeliers et l\u2019Assomption de Marie<\/h2>\n<p>La date de la Descente des Chandeliers, le 14 ao\u00fbt, est strictement li\u00e9e \u00e0 la c\u00e9l\u00e9bration de l\u2019<a href=\"https:\/\/www.holyart.fr\/blog\/occasions-speciales\/lassomption-de-marie-et-les-celebrations-les-plus-caracteristiques\/\"><strong><u>Assomption de la Bienheureuse Vierge Marie<\/u><\/strong><\/a>, un des moments les plus importants dans le calendrier liturgique catholique. Cet \u00e9v\u00e9nement religieux comm\u00e9more la mont\u00e9e au ciel de l\u2019\u00e2me et du corps de la Vierge Marie apr\u00e8s sa mort, \u00e0 la fin de sa vie terrestre. Comme de nombreuses autres f\u00eates d\u00e9di\u00e9es \u00e0 cet \u00e9v\u00e9nement, la Faradda di li Candareri di Sassari est aussi un t\u00e9moignage de foi et de d\u00e9votion envers la M\u00e8re de J\u00e9sus et repr\u00e9sentent un moment de communion et de r\u00e9flexion pour la communaut\u00e9 catholique enti\u00e8re de Sassari.<br \/>\nLe 15 ao\u00fbt, date effective de la c\u00e9l\u00e9bration de l\u2019Assomption de Marie, se d\u00e9roule une messe solennelle pr\u00e9sid\u00e9e par l\u2019Archev\u00eaque aupr\u00e8s de l\u2019\u00c9glise de Santa Maria, \u00e0 laquelle participe tous les <em>Gremi<\/em> \u00e0 titre officiel. En soir\u00e9e, une procession qui part de la Cath\u00e9drale de Saint Nicolas am\u00e8ne la Vierge Endormie dans les rues de la ville. Les Chandeliers sont ensuite plac\u00e9s autour du catafalque de la Vierge et sont ramen\u00e9s dans les chapelles patronales respectives le 22 ao\u00fbt, quand on c\u00e9l\u00e8bre l\u2019<em>octave de la f\u00eate<\/em>.<\/p>\n<div class=\"link-article\">\n<p><img loading=\"lazy\" decoding=\"async\" class=\"size-full wp-image-10654 alignleft\" src=\"https:\/\/blog.holyart.it\/fr\/wp-content\/uploads\/sites\/14\/2025\/07\/Assomption-de-la-vierge-marie.jpg\" alt=\"Assomption de la vierge marie\" width=\"150\" height=\"99\" data-kale-share-title=\"La Faradda di li Candareri : une des processions les plus c\u00e9l\u00e8bres de la Sardaigne\" data-kale-share-url=\"https:\/\/blog.holyart.it\/fr\/?p=10647\" \/><\/p>\n<div class=\"leggi-anche\">Lire aussi :<\/div>\n<p><strong><a href=\"https:\/\/www.holyart.fr\/blog\/occasions-speciales\/lassomption-de-marie-et-les-celebrations-les-plus-caracteristiques\/\">L\u2019Assomption de Marie et les c\u00e9l\u00e9brations les plus caract\u00e9ristiques<\/a><\/strong><br \/>\nLe 15 ao\u00fbt n\u2019est pas qu\u2019une occasion de f\u00eater et voyager. On rappelle en&#8230;.<\/p>\n<\/div>\n","protected":false},"excerpt":{"rendered":"<p>La faradda di li candareri, la Descente des Chandeliers \u00e0 Sassari unit d\u00e9votion religieuse, historique et tradition populaire. Voici comment elle se d\u00e9roule tous les ans le 14 ao\u00fbt Comme de nombreuses f\u00eates patronales du Sud de l\u2019Italie, la Faradda di li candareri, ou Descente&hellip;<\/p>\n","protected":false},"author":1,"featured_media":10658,"comment_status":"closed","ping_status":"open","sticky":false,"template":"","format":"standard","meta":{"_acf_changed":false,"footnotes":""},"categories":[8],"tags":[],"class_list":["post-10647","post","type-post","status-publish","format-standard","has-post-thumbnail","hentry","category-articles-religieux"],"acf":[],"yoast_head":"<!-- This site is optimized with the Yoast SEO plugin v26.6 - https:\/\/yoast.com\/wordpress\/plugins\/seo\/ -->\n<title>La Faradda di li Candareri: une des processions les plus c\u00e9l\u00e8bres de la Sardaigne - Holyart.fr Blog<\/title>\n<meta name=\"description\" content=\"La Faradda di li candareri est une des f\u00eates patronales les plus c\u00e9l\u00e8bres et les plus caract\u00e9ristiques de la Sardaigne, voire de\" \/>\n<meta name=\"robots\" content=\"index, follow, max-snippet:-1, max-image-preview:large, max-video-preview:-1\" \/>\n<link rel=\"canonical\" href=\"https:\/\/blog.holyart.it\/fr\/articles-religieux\/la-faradda-di-li-candareri-une-des-processions-les-plus-celebres-de-la-sardaigne\/\" \/>\n<meta property=\"og:locale\" content=\"fr_FR\" \/>\n<meta property=\"og:type\" content=\"article\" \/>\n<meta property=\"og:title\" content=\"La Faradda di li Candareri: une des processions les plus c\u00e9l\u00e8bres de la Sardaigne - Holyart.fr Blog\" \/>\n<meta property=\"og:description\" content=\"La Faradda di li candareri est une des f\u00eates patronales les plus c\u00e9l\u00e8bres et les plus caract\u00e9ristiques de la Sardaigne, voire de\" \/>\n<meta property=\"og:url\" content=\"https:\/\/blog.holyart.it\/fr\/articles-religieux\/la-faradda-di-li-candareri-une-des-processions-les-plus-celebres-de-la-sardaigne\/\" \/>\n<meta property=\"og:site_name\" content=\"Holyart.fr Blog\" \/>\n<meta property=\"article:published_time\" content=\"2025-07-14T08:00:01+00:00\" \/>\n<meta property=\"og:image\" content=\"https:\/\/blog.holyart.it\/fr\/wp-content\/uploads\/sites\/14\/2025\/07\/faradda-di-li-candareri.jpg\" \/>\n\t<meta property=\"og:image:width\" content=\"1000\" \/>\n\t<meta property=\"og:image:height\" content=\"666\" \/>\n\t<meta property=\"og:image:type\" content=\"image\/jpeg\" \/>\n<meta name=\"author\" content=\"Redazione\" \/>\n<meta name=\"twitter:card\" content=\"summary_large_image\" \/>\n<meta name=\"twitter:label1\" content=\"\u00c9crit par\" \/>\n\t<meta name=\"twitter:data1\" content=\"Redazione\" \/>\n\t<meta name=\"twitter:label2\" content=\"Dur\u00e9e de lecture estim\u00e9e\" \/>\n\t<meta name=\"twitter:data2\" content=\"10 minutes\" \/>\n<script type=\"application\/ld+json\" class=\"yoast-schema-graph\">{\"@context\":\"https:\/\/schema.org\",\"@graph\":[{\"@type\":\"Article\",\"@id\":\"https:\/\/blog.holyart.it\/fr\/articles-religieux\/la-faradda-di-li-candareri-une-des-processions-les-plus-celebres-de-la-sardaigne\/#article\",\"isPartOf\":{\"@id\":\"https:\/\/blog.holyart.it\/fr\/articles-religieux\/la-faradda-di-li-candareri-une-des-processions-les-plus-celebres-de-la-sardaigne\/\"},\"author\":{\"name\":\"Redazione\",\"@id\":\"https:\/\/blog.holyart.it\/fr\/#\/schema\/person\/0a7b686e5af0f856ec1e390dd0baecda\"},\"headline\":\"La Faradda di li Candareri: une des processions les plus c\u00e9l\u00e8bres de la Sardaigne\",\"datePublished\":\"2025-07-14T08:00:01+00:00\",\"mainEntityOfPage\":{\"@id\":\"https:\/\/blog.holyart.it\/fr\/articles-religieux\/la-faradda-di-li-candareri-une-des-processions-les-plus-celebres-de-la-sardaigne\/\"},\"wordCount\":1850,\"publisher\":{\"@id\":\"https:\/\/blog.holyart.it\/fr\/#organization\"},\"image\":{\"@id\":\"https:\/\/blog.holyart.it\/fr\/articles-religieux\/la-faradda-di-li-candareri-une-des-processions-les-plus-celebres-de-la-sardaigne\/#primaryimage\"},\"thumbnailUrl\":\"https:\/\/blog.holyart.it\/fr\/wp-content\/uploads\/sites\/14\/2025\/07\/faradda-di-li-candareri.jpg\",\"articleSection\":[\"Religion\"],\"inLanguage\":\"fr-FR\"},{\"@type\":\"WebPage\",\"@id\":\"https:\/\/blog.holyart.it\/fr\/articles-religieux\/la-faradda-di-li-candareri-une-des-processions-les-plus-celebres-de-la-sardaigne\/\",\"url\":\"https:\/\/blog.holyart.it\/fr\/articles-religieux\/la-faradda-di-li-candareri-une-des-processions-les-plus-celebres-de-la-sardaigne\/\",\"name\":\"La Faradda di li Candareri: une des processions les plus c\u00e9l\u00e8bres de la Sardaigne - Holyart.fr Blog\",\"isPartOf\":{\"@id\":\"https:\/\/blog.holyart.it\/fr\/#website\"},\"primaryImageOfPage\":{\"@id\":\"https:\/\/blog.holyart.it\/fr\/articles-religieux\/la-faradda-di-li-candareri-une-des-processions-les-plus-celebres-de-la-sardaigne\/#primaryimage\"},\"image\":{\"@id\":\"https:\/\/blog.holyart.it\/fr\/articles-religieux\/la-faradda-di-li-candareri-une-des-processions-les-plus-celebres-de-la-sardaigne\/#primaryimage\"},\"thumbnailUrl\":\"https:\/\/blog.holyart.it\/fr\/wp-content\/uploads\/sites\/14\/2025\/07\/faradda-di-li-candareri.jpg\",\"datePublished\":\"2025-07-14T08:00:01+00:00\",\"description\":\"La Faradda di li candareri est une des f\u00eates patronales les plus c\u00e9l\u00e8bres et les plus caract\u00e9ristiques de la Sardaigne, voire de\",\"breadcrumb\":{\"@id\":\"https:\/\/blog.holyart.it\/fr\/articles-religieux\/la-faradda-di-li-candareri-une-des-processions-les-plus-celebres-de-la-sardaigne\/#breadcrumb\"},\"inLanguage\":\"fr-FR\",\"potentialAction\":[{\"@type\":\"ReadAction\",\"target\":[\"https:\/\/blog.holyart.it\/fr\/articles-religieux\/la-faradda-di-li-candareri-une-des-processions-les-plus-celebres-de-la-sardaigne\/\"]}]},{\"@type\":\"ImageObject\",\"inLanguage\":\"fr-FR\",\"@id\":\"https:\/\/blog.holyart.it\/fr\/articles-religieux\/la-faradda-di-li-candareri-une-des-processions-les-plus-celebres-de-la-sardaigne\/#primaryimage\",\"url\":\"https:\/\/blog.holyart.it\/fr\/wp-content\/uploads\/sites\/14\/2025\/07\/faradda-di-li-candareri.jpg\",\"contentUrl\":\"https:\/\/blog.holyart.it\/fr\/wp-content\/uploads\/sites\/14\/2025\/07\/faradda-di-li-candareri.jpg\",\"width\":1000,\"height\":666,\"caption\":\"faradda di li candareri\"},{\"@type\":\"BreadcrumbList\",\"@id\":\"https:\/\/blog.holyart.it\/fr\/articles-religieux\/la-faradda-di-li-candareri-une-des-processions-les-plus-celebres-de-la-sardaigne\/#breadcrumb\",\"itemListElement\":[{\"@type\":\"ListItem\",\"position\":1,\"name\":\"Homepage\",\"item\":\"https:\/\/blog.holyart.it\/fr\/\"},{\"@type\":\"ListItem\",\"position\":2,\"name\":\"Religion\",\"item\":\"https:\/\/blog.holyart.it\/fr\/articles-religieux\/\"},{\"@type\":\"ListItem\",\"position\":3,\"name\":\"La Faradda di li Candareri: une des processions les plus c\u00e9l\u00e8bres de la Sardaigne\"}]},{\"@type\":\"WebSite\",\"@id\":\"https:\/\/blog.holyart.it\/fr\/#website\",\"url\":\"https:\/\/blog.holyart.it\/fr\/\",\"name\":\"Holyart.fr Blog\",\"description\":\"Holyblog\",\"publisher\":{\"@id\":\"https:\/\/blog.holyart.it\/fr\/#organization\"},\"potentialAction\":[{\"@type\":\"SearchAction\",\"target\":{\"@type\":\"EntryPoint\",\"urlTemplate\":\"https:\/\/blog.holyart.it\/fr\/?s={search_term_string}\"},\"query-input\":{\"@type\":\"PropertyValueSpecification\",\"valueRequired\":true,\"valueName\":\"search_term_string\"}}],\"inLanguage\":\"fr-FR\"},{\"@type\":\"Organization\",\"@id\":\"https:\/\/blog.holyart.it\/fr\/#organization\",\"name\":\"Holyart.fr Blog\",\"url\":\"https:\/\/blog.holyart.it\/fr\/\",\"logo\":{\"@type\":\"ImageObject\",\"inLanguage\":\"fr-FR\",\"@id\":\"https:\/\/blog.holyart.it\/fr\/#\/schema\/logo\/image\/\",\"url\":\"https:\/\/blog.holyart.it\/fr\/wp-content\/uploads\/sites\/14\/2022\/12\/Holyart_Blog_Logo.jpg\",\"contentUrl\":\"https:\/\/blog.holyart.it\/fr\/wp-content\/uploads\/sites\/14\/2022\/12\/Holyart_Blog_Logo.jpg\",\"width\":300,\"height\":50,\"caption\":\"Holyart.fr Blog\"},\"image\":{\"@id\":\"https:\/\/blog.holyart.it\/fr\/#\/schema\/logo\/image\/\"}},{\"@type\":\"Person\",\"@id\":\"https:\/\/blog.holyart.it\/fr\/#\/schema\/person\/0a7b686e5af0f856ec1e390dd0baecda\",\"name\":\"Redazione\",\"image\":{\"@type\":\"ImageObject\",\"inLanguage\":\"fr-FR\",\"@id\":\"https:\/\/blog.holyart.it\/fr\/#\/schema\/person\/image\/\",\"url\":\"https:\/\/secure.gravatar.com\/avatar\/f477da817f43e50d0af36abecd33e3edf826c68299714bdc1057dff3b113f516?s=96&d=mm&r=g\",\"contentUrl\":\"https:\/\/secure.gravatar.com\/avatar\/f477da817f43e50d0af36abecd33e3edf826c68299714bdc1057dff3b113f516?s=96&d=mm&r=g\",\"caption\":\"Redazione\"},\"url\":\"https:\/\/blog.holyart.it\/fr\/author\/admin\/\"}]}<\/script>\n<!-- \/ Yoast SEO plugin. -->","yoast_head_json":{"title":"La Faradda di li Candareri: une des processions les plus c\u00e9l\u00e8bres de la Sardaigne - Holyart.fr Blog","description":"La Faradda di li candareri est une des f\u00eates patronales les plus c\u00e9l\u00e8bres et les plus caract\u00e9ristiques de la Sardaigne, voire de","robots":{"index":"index","follow":"follow","max-snippet":"max-snippet:-1","max-image-preview":"max-image-preview:large","max-video-preview":"max-video-preview:-1"},"canonical":"https:\/\/blog.holyart.it\/fr\/articles-religieux\/la-faradda-di-li-candareri-une-des-processions-les-plus-celebres-de-la-sardaigne\/","og_locale":"fr_FR","og_type":"article","og_title":"La Faradda di li Candareri: une des processions les plus c\u00e9l\u00e8bres de la Sardaigne - Holyart.fr Blog","og_description":"La Faradda di li candareri est une des f\u00eates patronales les plus c\u00e9l\u00e8bres et les plus caract\u00e9ristiques de la Sardaigne, voire de","og_url":"https:\/\/blog.holyart.it\/fr\/articles-religieux\/la-faradda-di-li-candareri-une-des-processions-les-plus-celebres-de-la-sardaigne\/","og_site_name":"Holyart.fr Blog","article_published_time":"2025-07-14T08:00:01+00:00","og_image":[{"width":1000,"height":666,"url":"https:\/\/blog.holyart.it\/fr\/wp-content\/uploads\/sites\/14\/2025\/07\/faradda-di-li-candareri.jpg","type":"image\/jpeg"}],"author":"Redazione","twitter_card":"summary_large_image","twitter_misc":{"\u00c9crit par":"Redazione","Dur\u00e9e de lecture estim\u00e9e":"10 minutes"},"schema":{"@context":"https:\/\/schema.org","@graph":[{"@type":"Article","@id":"https:\/\/blog.holyart.it\/fr\/articles-religieux\/la-faradda-di-li-candareri-une-des-processions-les-plus-celebres-de-la-sardaigne\/#article","isPartOf":{"@id":"https:\/\/blog.holyart.it\/fr\/articles-religieux\/la-faradda-di-li-candareri-une-des-processions-les-plus-celebres-de-la-sardaigne\/"},"author":{"name":"Redazione","@id":"https:\/\/blog.holyart.it\/fr\/#\/schema\/person\/0a7b686e5af0f856ec1e390dd0baecda"},"headline":"La Faradda di li Candareri: une des processions les plus c\u00e9l\u00e8bres de la Sardaigne","datePublished":"2025-07-14T08:00:01+00:00","mainEntityOfPage":{"@id":"https:\/\/blog.holyart.it\/fr\/articles-religieux\/la-faradda-di-li-candareri-une-des-processions-les-plus-celebres-de-la-sardaigne\/"},"wordCount":1850,"publisher":{"@id":"https:\/\/blog.holyart.it\/fr\/#organization"},"image":{"@id":"https:\/\/blog.holyart.it\/fr\/articles-religieux\/la-faradda-di-li-candareri-une-des-processions-les-plus-celebres-de-la-sardaigne\/#primaryimage"},"thumbnailUrl":"https:\/\/blog.holyart.it\/fr\/wp-content\/uploads\/sites\/14\/2025\/07\/faradda-di-li-candareri.jpg","articleSection":["Religion"],"inLanguage":"fr-FR"},{"@type":"WebPage","@id":"https:\/\/blog.holyart.it\/fr\/articles-religieux\/la-faradda-di-li-candareri-une-des-processions-les-plus-celebres-de-la-sardaigne\/","url":"https:\/\/blog.holyart.it\/fr\/articles-religieux\/la-faradda-di-li-candareri-une-des-processions-les-plus-celebres-de-la-sardaigne\/","name":"La Faradda di li Candareri: une des processions les plus c\u00e9l\u00e8bres de la Sardaigne - Holyart.fr Blog","isPartOf":{"@id":"https:\/\/blog.holyart.it\/fr\/#website"},"primaryImageOfPage":{"@id":"https:\/\/blog.holyart.it\/fr\/articles-religieux\/la-faradda-di-li-candareri-une-des-processions-les-plus-celebres-de-la-sardaigne\/#primaryimage"},"image":{"@id":"https:\/\/blog.holyart.it\/fr\/articles-religieux\/la-faradda-di-li-candareri-une-des-processions-les-plus-celebres-de-la-sardaigne\/#primaryimage"},"thumbnailUrl":"https:\/\/blog.holyart.it\/fr\/wp-content\/uploads\/sites\/14\/2025\/07\/faradda-di-li-candareri.jpg","datePublished":"2025-07-14T08:00:01+00:00","description":"La Faradda di li candareri est une des f\u00eates patronales les plus c\u00e9l\u00e8bres et les plus caract\u00e9ristiques de la Sardaigne, voire de","breadcrumb":{"@id":"https:\/\/blog.holyart.it\/fr\/articles-religieux\/la-faradda-di-li-candareri-une-des-processions-les-plus-celebres-de-la-sardaigne\/#breadcrumb"},"inLanguage":"fr-FR","potentialAction":[{"@type":"ReadAction","target":["https:\/\/blog.holyart.it\/fr\/articles-religieux\/la-faradda-di-li-candareri-une-des-processions-les-plus-celebres-de-la-sardaigne\/"]}]},{"@type":"ImageObject","inLanguage":"fr-FR","@id":"https:\/\/blog.holyart.it\/fr\/articles-religieux\/la-faradda-di-li-candareri-une-des-processions-les-plus-celebres-de-la-sardaigne\/#primaryimage","url":"https:\/\/blog.holyart.it\/fr\/wp-content\/uploads\/sites\/14\/2025\/07\/faradda-di-li-candareri.jpg","contentUrl":"https:\/\/blog.holyart.it\/fr\/wp-content\/uploads\/sites\/14\/2025\/07\/faradda-di-li-candareri.jpg","width":1000,"height":666,"caption":"faradda di li candareri"},{"@type":"BreadcrumbList","@id":"https:\/\/blog.holyart.it\/fr\/articles-religieux\/la-faradda-di-li-candareri-une-des-processions-les-plus-celebres-de-la-sardaigne\/#breadcrumb","itemListElement":[{"@type":"ListItem","position":1,"name":"Homepage","item":"https:\/\/blog.holyart.it\/fr\/"},{"@type":"ListItem","position":2,"name":"Religion","item":"https:\/\/blog.holyart.it\/fr\/articles-religieux\/"},{"@type":"ListItem","position":3,"name":"La Faradda di li Candareri: une des processions les plus c\u00e9l\u00e8bres de la Sardaigne"}]},{"@type":"WebSite","@id":"https:\/\/blog.holyart.it\/fr\/#website","url":"https:\/\/blog.holyart.it\/fr\/","name":"Holyart.fr Blog","description":"Holyblog","publisher":{"@id":"https:\/\/blog.holyart.it\/fr\/#organization"},"potentialAction":[{"@type":"SearchAction","target":{"@type":"EntryPoint","urlTemplate":"https:\/\/blog.holyart.it\/fr\/?s={search_term_string}"},"query-input":{"@type":"PropertyValueSpecification","valueRequired":true,"valueName":"search_term_string"}}],"inLanguage":"fr-FR"},{"@type":"Organization","@id":"https:\/\/blog.holyart.it\/fr\/#organization","name":"Holyart.fr Blog","url":"https:\/\/blog.holyart.it\/fr\/","logo":{"@type":"ImageObject","inLanguage":"fr-FR","@id":"https:\/\/blog.holyart.it\/fr\/#\/schema\/logo\/image\/","url":"https:\/\/blog.holyart.it\/fr\/wp-content\/uploads\/sites\/14\/2022\/12\/Holyart_Blog_Logo.jpg","contentUrl":"https:\/\/blog.holyart.it\/fr\/wp-content\/uploads\/sites\/14\/2022\/12\/Holyart_Blog_Logo.jpg","width":300,"height":50,"caption":"Holyart.fr Blog"},"image":{"@id":"https:\/\/blog.holyart.it\/fr\/#\/schema\/logo\/image\/"}},{"@type":"Person","@id":"https:\/\/blog.holyart.it\/fr\/#\/schema\/person\/0a7b686e5af0f856ec1e390dd0baecda","name":"Redazione","image":{"@type":"ImageObject","inLanguage":"fr-FR","@id":"https:\/\/blog.holyart.it\/fr\/#\/schema\/person\/image\/","url":"https:\/\/secure.gravatar.com\/avatar\/f477da817f43e50d0af36abecd33e3edf826c68299714bdc1057dff3b113f516?s=96&d=mm&r=g","contentUrl":"https:\/\/secure.gravatar.com\/avatar\/f477da817f43e50d0af36abecd33e3edf826c68299714bdc1057dff3b113f516?s=96&d=mm&r=g","caption":"Redazione"},"url":"https:\/\/blog.holyart.it\/fr\/author\/admin\/"}]}},"_links":{"self":[{"href":"https:\/\/blog.holyart.it\/fr\/wp-json\/wp\/v2\/posts\/10647","targetHints":{"allow":["GET"]}}],"collection":[{"href":"https:\/\/blog.holyart.it\/fr\/wp-json\/wp\/v2\/posts"}],"about":[{"href":"https:\/\/blog.holyart.it\/fr\/wp-json\/wp\/v2\/types\/post"}],"author":[{"embeddable":true,"href":"https:\/\/blog.holyart.it\/fr\/wp-json\/wp\/v2\/users\/1"}],"replies":[{"embeddable":true,"href":"https:\/\/blog.holyart.it\/fr\/wp-json\/wp\/v2\/comments?post=10647"}],"version-history":[{"count":7,"href":"https:\/\/blog.holyart.it\/fr\/wp-json\/wp\/v2\/posts\/10647\/revisions"}],"predecessor-version":[{"id":10660,"href":"https:\/\/blog.holyart.it\/fr\/wp-json\/wp\/v2\/posts\/10647\/revisions\/10660"}],"wp:featuredmedia":[{"embeddable":true,"href":"https:\/\/blog.holyart.it\/fr\/wp-json\/wp\/v2\/media\/10658"}],"wp:attachment":[{"href":"https:\/\/blog.holyart.it\/fr\/wp-json\/wp\/v2\/media?parent=10647"}],"wp:term":[{"taxonomy":"category","embeddable":true,"href":"https:\/\/blog.holyart.it\/fr\/wp-json\/wp\/v2\/categories?post=10647"},{"taxonomy":"post_tag","embeddable":true,"href":"https:\/\/blog.holyart.it\/fr\/wp-json\/wp\/v2\/tags?post=10647"}],"curies":[{"name":"wp","href":"https:\/\/api.w.org\/{rel}","templated":true}]}}