{"id":10622,"date":"2025-07-09T10:00:41","date_gmt":"2025-07-09T08:00:41","guid":{"rendered":"https:\/\/blog.holyart.it\/fr\/?p=10622"},"modified":"2025-08-19T16:43:15","modified_gmt":"2025-08-19T14:43:15","slug":"pape-leon-xiv-tout-ce-quil-faut-savoir-sur-le-nouveau-pontife","status":"publish","type":"post","link":"https:\/\/blog.holyart.it\/fr\/articles-religieux\/pape-leon-xiv-tout-ce-quil-faut-savoir-sur-le-nouveau-pontife\/","title":{"rendered":"Pape L\u00e9on XIV : tout ce qu\u2019il faut savoir sur le nouveau Pontife"},"content":{"rendered":"<h4>Le pontificat de Pape L\u00e9on XIV s\u2019ouvre comme une porte entreb\u00e2ill\u00e9e sur le futur. Qui est le premier Pape \u00e9tasunien de l\u2019\u00c9glise ?<\/h4>\n\n<p>Il y a eu un moment, lors que le monde attendait en silence, o\u00f9 les cloches ont sonn\u00e9 et l\u2019histoire a repris son cours et son c\u0153ur puissant s\u2019est remis \u00e0 battre. Depuis la Loggia des B\u00e9n\u00e9dictions, o\u00f9 chaque nouveau commencement devient chair et os, une voix a cass\u00e9 l\u2019attente avec des mots simples, tremblants d\u2019\u00e9motion\u00a0: <strong>des mots de paix, des mots de gratitude<\/strong>. Le nom de <a href=\"https:\/\/www.holyart.fr\/occasions-speciales\/pape-francois\"><strong>Pape Fran\u00e7ois<\/strong><\/a>, d\u00e8s qu\u2019il a \u00e9t\u00e9 prononc\u00e9 par celui qui en recueillait l\u2019h\u00e9ritage, a travers\u00e9 Place Saint-Pierre comme un souffle de m\u00e9moire vive\u00a0: <strong>Pape L\u00e9on XIV, n\u00e9 Robert Francis Prevost<\/strong>. Le nouveau Pontife n\u2019a pas cach\u00e9 son \u00e9motion. Il a parl\u00e9 de Fran\u00e7ois comme d\u2019un p\u00e8re spirituel, d\u2019un pasteur bienveillant qui a su guider l\u2019\u00c9glise \u00e0 travers des temps d\u2019inqui\u00e9tude et d\u2019esp\u00e9rance. \u00ab\u00a0<em>Je r\u00e9colte son h\u00e9ritage<\/em>\u00a0\u00bb, a-t-il affirm\u00e9, \u00ab\u00a0<em>et avec lui le r\u00eave d\u2019une \u00c9glise pauvre, fraternelle, p\u00e8lerine<\/em>\u00a0\u00bb. \u00c0 peine \u00e9lu, avec un accent doux et un pas discret, il a ouvert un temps nouveau qui sent la continuit\u00e9 et la proph\u00e9tie.<\/p>\n<div class=\"link-product\">\n<div class=\"blocco-immagine\"><img loading=\"lazy\" decoding=\"async\" class=\"size-full wp-image-10623 alignleft\" src=\"https:\/\/blog.holyart.it\/fr\/wp-content\/uploads\/sites\/14\/2025\/07\/Image-\u2013-Logo-officiel-du-Jubile-2025-du-Pape-Francois-\u2013-Copie.jpg\" alt=\"Image avec le logo officiel du Jubil\u00e9 2025 du Pape Fran\u00e7ois \" width=\"100\" height=\"100\" data-kale-share-title=\"Pape L\u00e9on XIV : tout ce qu\u2019il faut savoir sur le nouveau Pontife\" data-kale-share-url=\"https:\/\/blog.holyart.it\/fr\/?p=10622\" \/><\/div>\n<div class=\"blocco-contenuto\">\n<div class=\"blocco-acquista\">Acheter sur Holyart:<\/div>\n<div class=\"blocco-titolo\"><a href=\"https:\/\/www.holyart.fr\/occasions-speciales\/pape-francois\">Pape Fran\u00e7ois<\/a><\/div>\n<div class=\"blocco-descrizione\">Cat\u00e9gorie d\u00e9di\u00e9e au Pape Jorge Mario Bergoglio.<\/div>\n<\/div>\n<\/div>\n<p>N\u00e9 \u00e0 Chicago d\u2019une famille m\u00eal\u00e9e de sang europ\u00e9en, le premier Pape des \u00c9tats-Unis de l\u2019histoire se pr\u00e9sente comme <strong>homme de fronti\u00e8re<\/strong>, pont entre les mondes, les cultures, les \u00e9poques. Avec le c\u0153ur tourn\u00e9 aux <strong>p\u00e9riph\u00e9ries de l\u2019\u00e2me<\/strong> et le regard capable d\u2019entrevoir les d\u00e9fis du demain, L\u00e9on XIV est appel\u00e9 \u00e0 guider le peuple de Dieu dans le temps fragile et audacieux du troisi\u00e8me mill\u00e9naire. Et il le fait avec l\u2019humilit\u00e9 de qui sait qu\u2019il n\u2019est pas seul, car chaque pas qu\u2019il entreprend am\u00e8ne avec lui les empreintes de ses pr\u00e9d\u00e9cesseurs.<\/p>\n<p>Le sien est un profil qui unit <strong>racines, rigueur et r\u00e9pit<\/strong>. Un esprit form\u00e9 entre logique et th\u00e9orie, un c\u0153ur forg\u00e9 par le contact avec la pauvret\u00e9, un esprit tremp\u00e9 par la fraternit\u00e9 augustinienne. Sa figure incarne, avec naturel, cet \u00e9quilibre que l\u2019\u00c9glise d\u2019aujourd\u2019hui invoque\u00a0: entre l\u2019institution et le peuple, entre la Tradition et les questions du pr\u00e9sent, entre l\u2019unit\u00e9 de la foi et la pluralit\u00e9 des cultures.<\/p>\n<div class=\"link-article\">\n<p><img loading=\"lazy\" decoding=\"async\" class=\"size-full wp-image-10624 alignleft\" src=\"https:\/\/blog.holyart.it\/fr\/wp-content\/uploads\/sites\/14\/2025\/07\/informations-sur-le-pape-francois-Copie.jpg\" alt=\"Informations sur le Pape Fran\u00e7ois\" width=\"150\" height=\"99\" data-kale-share-title=\"Pape L\u00e9on XIV : tout ce qu\u2019il faut savoir sur le nouveau Pontife\" data-kale-share-url=\"https:\/\/blog.holyart.it\/fr\/?p=10622\" \/><\/p>\n<div class=\"leggi-anche\">Lire aussi :<\/div>\n<p><strong><a href=\"https:\/\/holyart.fr\/blog\/occasions-speciales\/20-anecdotes-a-savoir-sur-pape-francois\/\">20 curiosit\u00e9s \u00e0 conna\u00eetre sur le Pape Fran\u00e7ois<\/a><\/strong><br \/>\nInformations sur le Pape Fran\u00e7ois, curiosit\u00e9s et moments sp\u00e9ciaux de son pontificat&#8230;<\/p>\n<\/div>\n<h2><strong><br \/>\n<\/strong>Les origines et l\u2019identit\u00e9 d\u2019un Pape \u00ab paisible citoyen am\u00e9ricain\u00a0\u00bb<\/h2>\n<p><strong>Robert Francis Prevost\u00a0<\/strong>nait le 14 septembre 1955 dans la m\u00e9tropole de Chicago, c\u0153ur pulsant de cette Am\u00e9rique capable de conserver des traditions anciennes et d\u2019\u00eatre pr\u00eate \u00e0 basculer dans l\u2019inconnu, sans crainte. Ses racines puisent dans un terrain d\u2019<strong>histoires crois\u00e9es <\/strong>: du sang italo-franco-espagnol, des langues et des d\u00e9votions qui se poursuivent d\u2019un continent \u00e0 l\u2019autre.<br \/>\nSon nom de famille est d\u00e9j\u00e0 une g\u00e9ographie int\u00e9rieure, un rappel \u00e0 des origines qui deviennent vocation universelle. Parfois, les noms apportent avec eux un \u00e9co ancien, comme une cloche qui sonne depuis tr\u00e8s loin. Le <strong>nom de famille Prevost<\/strong> nait en France, o\u00f9 il indiquait autrefois <strong>qui \u00e9tait appel\u00e9 \u00e0 guider<\/strong>, \u00e0 superviser, \u00e0 <strong>servir avec autorit\u00e9 et justice<\/strong>. Il d\u00e9rive du terme m\u00e9di\u00e9val <em>pr\u00e9v\u00f4t<\/em>, utilis\u00e9 pour d\u00e9signer les fonctionnaires qui administraient terres, communaut\u00e9s et lieux sacr\u00e9s au nom d\u2019un seigneur ou d\u2019un roi. Mais, en creusant encore un peu plus, dans la racine latine <em>praepositus<\/em> vit la signification initiale de ce nom\u00a0: \u00ab\u00a0<em>celui qui est plac\u00e9 devant<\/em>\u00a0\u00bb. Non pas pour dominer, mais pour prot\u00e9ger. Non pas pour commander, mais pour guider. Dans le temps, ce titre devint pr\u00e9nom et ensuite nom de famille, transmis de g\u00e9n\u00e9ration en g\u00e9n\u00e9ration comme un h\u00e9ritage silencieux. \u00c0 travers les si\u00e8cles, il se r\u00e9pandit dans les r\u00e9gions fran\u00e7aises de la Normandie et de l\u2019\u00cele-de-France, il se mira dans les dialectes italiens du Nord, en se transformant en Prevosto, Prev\u00f2, Provost, et, dans d\u2019autres vall\u00e9es alpines, il commen\u00e7a \u00e0 indiquer le <a href=\"https:\/\/www.holyart.fr\/blog\/articles-religieux\/une-vie-de-pretre-les-reponses-aux-questions-les-plus-bizarres\/\"><strong><u>cur\u00e9 du village<\/u><\/strong><\/a>, le recteur de la communaut\u00e9, celui qui veillait sur la vie des autres.<\/p>\n<div class=\"link-article\">\n<p><img loading=\"lazy\" decoding=\"async\" class=\"size-full wp-image-10625 alignleft\" src=\"https:\/\/blog.holyart.it\/fr\/wp-content\/uploads\/sites\/14\/2025\/07\/vie-en-tant-que-pretre-Copie.jpg\" alt=\"Vie en tant que pr\u00eatre\" width=\"150\" height=\"99\" data-kale-share-title=\"Pape L\u00e9on XIV : tout ce qu\u2019il faut savoir sur le nouveau Pontife\" data-kale-share-url=\"https:\/\/blog.holyart.it\/fr\/?p=10622\" \/><\/p>\n<div class=\"leggi-anche\">Lire aussi :<\/div>\n<p><strong><a href=\"https:\/\/www.holyart.fr\/blog\/articles-religieux\/une-vie-de-pretre-les-reponses-aux-questions-les-plus-bizarres\/\">Une vie de pr\u00eatre : les r\u00e9ponses aux questions les plus curieuses<\/a><\/strong><br \/>\nComment est la vie d\u2019un pr\u00eatre ? \u00c0 quoi ressemble la journ\u00e9e type ? Combien gagne-t-il ? Et un fr\u00e8re &#8230;<\/p>\n<\/div>\n<p>Il y a une branche qui se penche vers le Sud, dans les vall\u00e9es du Pi\u00e9mont et les lacs de la Lombardie, o\u00f9 les langues s\u2019entrem\u00ealent comme les dialectes et les noms de famille traversent les fronti\u00e8res. Louis Marius Prevost, p\u00e8re du futur Pape, amenait avec lui un <strong>h\u00e9ritage italien<\/strong>, probablement cach\u00e9 entre les plis de la g\u00e9n\u00e9alogie maternelle, dans ces mariages mixtes qui unissaient des familles transalpines avec des familles locales, dans une trame faite de d\u00e9placements, fronti\u00e8res poreuses et affections partag\u00e9es. C\u2019est l\u00e0, entre l\u2019Italie et la France, que le nom Prevost devient pont culturel et traverse ensuite l\u2019oc\u00e9an afin de s\u2019enraciner en <strong>Am\u00e9rique<\/strong>, comme une graine transport\u00e9e par le vent de l\u2019histoire. Une mosa\u00efque d\u2019origines qui aujourd\u2019hui se compose dans le visage doux et r\u00e9solu de L\u00e9on XIV, Pape de fronti\u00e8re, fils de terres partag\u00e9es et fr\u00e8re universel, avec une vocation \u00e0 la responsabilit\u00e9, au service, \u00e0 la tutelle.<br \/>\nLa famille de Robert Francis Prevost incarne cette histoire entrem\u00eal\u00e9e : un nom qui vient de loin, qui a connu les cours et les \u00e9glises, les cloches et les villes, et qui aujourd\u2019hui resonne dans la Basilique Saint-Pierre comme le signe d\u2019un destin. Prevost\u00a0: <strong>un homme \u00ab\u00a0<em>plac\u00e9 devant<\/em>\u00a0\u00bb<\/strong>, oui, mais pour se faire serviteur et non pas ma\u00eetre. Pour \u00eatre au milieu, pas au-dessus. Pour construire des ponts, pas des tr\u00f4nes.<\/p>\n<h2>Une vocation sculpt\u00e9e dans le temps et dans l\u2019espace<\/h2>\n<p>L\u2019appel, pour Robert Francis Prevost, n\u2019est pas arriv\u00e9 comme un \u00e9clair impromptu, mais comme une ligne trac\u00e9e avec patience, pas apr\u00e8s pas, entre les classes d\u2019\u00e9tudes et les p\u00e9riph\u00e9ries du monde. Grandis aux \u00c9tats-Unis, il a march\u00e9, d\u00e8s son jeune \u00e2ge, sur le sentier de l\u2019<strong>Ordre de <a href=\"https:\/\/www.holyart.fr\/blog\/saints-et-bienheureux\/saint-augustin-dhippone-philosophe-eveque-theologien\/\"><u>Saint Augustin<\/u><\/a>, <\/strong>empreint de spiritualit\u00e9 contemplative et de soif de justice. Le premier souffle de sa formation s\u2019est produit au S\u00e9minaire Mineur des Augustiniens, pour ensuite s\u2019\u00e9largir \u00e0 la science et \u00e0 la pens\u00e9e. En 1977, il se <strong>dipl\u00f4me en Math\u00e9matique et Philosophie<\/strong> \u00e0 la Villanova University en Pennsylvanie, un lieu o\u00f9 la logique se marie avec la foi et la rigueur intellectuelle s\u2019ouvre au myst\u00e8re.<\/p>\n<p>La m\u00eame ann\u00e9e, Robert Francis Prevost franchit le seuil du noviciat augustinien \u00e0 Saint Louis, Missouri, en embrassant la R\u00e8gle comme un compas de l\u2019\u00e2me. Les <strong>v\u0153ux solennels arrivent en 1981<\/strong>, en scellant un choix qui n\u2019\u00e9tait pas uniquement religieux, mais profond\u00e9ment existentiel. <strong>Il \u00e9tudie la Th\u00e9ologie<\/strong> \u00e0 la Catholic Theological Union de Chicago, et il se rend ensuite \u00e0 <strong>Rome<\/strong>, <a href=\"https:\/\/www.holyart.fr\/blog\/articles-religieux\/basilique-saint-pierre-eglise-symbole-du-monde-chretien\/\"><strong><u>c\u0153ur pulsant de la chr\u00e9tient\u00e9<\/u><\/strong><\/a>, o\u00f9 il obtient <strong>avec mention le doctorat en Droit Canonique <\/strong>\u00e0 l\u2019Universit\u00e9 Pontificale Saint-Thomas-d\u2019Aquin.<\/p>\n<div class=\"link-article\">\n<p><img loading=\"lazy\" decoding=\"async\" class=\"size-full wp-image-10626 alignleft\" src=\"https:\/\/blog.holyart.it\/fr\/wp-content\/uploads\/sites\/14\/2025\/07\/Basilique-Saint-Pierre-1.jpeg\" alt=\"Basilique Saint-Pierre\" width=\"150\" height=\"100\" data-kale-share-title=\"Pape L\u00e9on XIV : tout ce qu\u2019il faut savoir sur le nouveau Pontife\" data-kale-share-url=\"https:\/\/blog.holyart.it\/fr\/?p=10622\" \/><\/p>\n<div class=\"leggi-anche\">Lire aussi :<\/div>\n<p><strong><a href=\"https:\/\/www.holyart.fr\/blog\/articles-religieux\/basilique-saint-pierre-eglise-symbole-du-monde-chretien\/\">Saint-Pierre au Vatican : \u00c9glise symbole de tout le monde chr\u00e9tien<\/a><\/strong><br \/>\nLa basilique Saint-Pierre au Vatican est un lieu riche de significations&#8230;<\/p>\n<\/div>\n<p>&nbsp;<\/p>\n<p>En 1982, dans une Rome encore travers\u00e9e par les vents post-Concile, <strong>il est ordonn\u00e9 pr\u00eatre<\/strong>. Mais c\u2019est <strong>au P\u00e9rou<\/strong>, dans les ann\u00e9es 1980, dans les rues poussi\u00e9reuses de <strong>Trujillo<\/strong> et parmi les visages bless\u00e9s par la pauvret\u00e9, que le jeune p\u00e8re Prevost accomplit une des exp\u00e9riences les plus d\u00e9cisives de sa vie. Pendant presque quinze ans, il est <strong>cur\u00e9, prieur, formateur, vicaire judiciaire, enseignant de Patristique et de Morale<\/strong>. Il enseigne, il guide, il \u00e9coute. Il apprend une langue qui n\u2019est pas seulement l\u2019espagnol, mais celle universelle de la compassion. Le Sud du monde s\u2019insinue dans son sang et dans son c\u0153ur, en forgeant en lui une pastorale qui sait \u00eatre proche.<\/p>\n<p>En <strong>1999, il retourne aux \u00c9tats-Unis<\/strong>, o\u00f9 il devient prieur provincial de la Province Augustinienne de Chicago. Deux ans apr\u00e8s, en 2001, il est \u00e9lu <strong>prieur g\u00e9n\u00e9ral<\/strong> de l\u2019<a href=\"https:\/\/www.holyart.fr\/blog\/articles-religieux\/les-confessions-de-saint-augustin-comment-changer-sa-vie\/\"><strong><u>Ordre de Saint Augustin<\/u><\/strong><\/a>, un r\u00f4le de guide qu\u2019il recouvre pendant douze ans, \u00e0 travers continents et communaut\u00e9s, dans la tension constante entre contemplation et mission.<\/p>\n<p>Mais c\u2019est sous le pontificat de <strong>Pape Fran\u00e7ois<\/strong> que sa figure apparait d\u00e9finitivement sur la sc\u00e8ne de l\u2019\u00c9glise universelle. En 2014, il est nomm\u00e9 <strong>\u00e9v\u00eaque de Chiclayo<\/strong>, au P\u00e9rou, et recouvre ensuite des postes importants dans la Curie romaine. Nomm\u00e9 membre d\u2019importants dicast\u00e8res, parmi lesquels celui pour le Clerg\u00e9 et pour les \u00c9v\u00eaques, <strong>il devient en 2023 Pr\u00e9fet du Dicast\u00e8re pour les \u00c9v\u00eaques et pr\u00e9sident de la Commission Pontificale pour l\u2019Am\u00e9rique Latine<\/strong>\u00a0: des r\u00f4les cl\u00e9s pour le discernement et la nomination des nouveaux pasteurs.<\/p>\n<p><strong>Le 30 septembre 2023, Fran\u00e7ois le cr\u00e9e cardinal<\/strong>, un geste qui, d\u00e9j\u00e0 \u00e0 ce moment-l\u00e0, sonnait comme un pr\u00e9lude.<\/p>\n<div class=\"link-article\">\n<p><img loading=\"lazy\" decoding=\"async\" class=\"size-full wp-image-10627 alignleft\" src=\"https:\/\/blog.holyart.it\/fr\/wp-content\/uploads\/sites\/14\/2025\/07\/saint-augustin-d-hippone-Copie.jpeg\" alt=\"Saint Augustin d\u2019Hippone\" width=\"150\" height=\"100\" data-kale-share-title=\"Pape L\u00e9on XIV : tout ce qu\u2019il faut savoir sur le nouveau Pontife\" data-kale-share-url=\"https:\/\/blog.holyart.it\/fr\/?p=10622\" \/><\/p>\n<div class=\"leggi-anche\">Lire aussi :<\/div>\n<p><strong><a href=\"https:\/\/www.holyart.fr\/blog\/articles-religieux\/les-confessions-de-saint-augustin-comment-changer-sa-vie\/\">Les Confessions de saint Augustin : comment changer sa vie<\/a><\/strong><br \/>\nLes Confessions de saint Augustin sont le t\u00e9moignage d\u2019un chemin de foi et de prise&#8230;<\/p>\n<\/div>\n<p>&nbsp;<\/p>\n<p>Il est le premier <strong>Pape dipl\u00f4m\u00e9 en math\u00e9matique<\/strong>. On l\u2019appelle d\u00e9j\u00e0 le \u00ab\u00a0Pape math\u00e9maticien\u00a0\u00bb, et pourtant il suffit de l\u2019\u00e9couter pour comprendre qu\u2019il n\u2019y a rien de froid ou d\u2019abstrait en sa personne. L\u2019analyse, la pr\u00e9cision, la clart\u00e9 argumentative sont des instruments qui se plient \u00e0 la lumi\u00e8re de l\u2019\u00c9vangile. M\u00eame pour sa premi\u00e8re apparition, L\u00e9on XIV rompt avec la pratique\u00a0: c\u2019est le premier \u00e0 lire un discours \u00e9crit depuis la Loggia de Saint-Pierre, un geste peut-\u00eatre infime, mais qui r\u00e9v\u00e8le une m\u00e9thode, une vision. Chaque mot compte. Chaque choix p\u00e8se.<\/p>\n<p>Ils l\u2019ont d\u00e9fini un <strong>homme r\u00e9serv\u00e9<\/strong>, mais dans les moments qui pr\u00e9c\u00e9d\u00e8rent son \u00e9lection, son humanit\u00e9 est apparue dans toute sa force d\u00e9sarmante. Les cardinaux racontent qu\u2019ils l\u2019ont vu respirer profond\u00e9ment, d\u00e9pass\u00e9 par l\u2019appel\u00a0; un d\u2019entre eux, le cardinal Tagle, lui a offert un bonbon\u00a0: petit geste, grande tendresse. Et quand, au moment d\u00e9cisif, l\u2019assembl\u00e9e s\u2019est mise debout pour l\u2019acclamer, il est rest\u00e9 assis. Non pas par orgueil, mais par crainte r\u00e9v\u00e9rencielle\u00a0: quelqu\u2019un a d\u00fb le prendre par la main et le soulever.<\/p>\n<h2>Le chemin vers le tr\u00f4ne de Pierre<\/h2>\n<p>L\u2019\u00e9lection de L\u00e9on XIV a \u00e9t\u00e9 comme un vent qui change de direction sans pr\u00e9avis. Le <a href=\"https:\/\/holyart.fr\/blog\/articles-religieux\/comment-elit-on-un-pape-le-role-du-conclave-et-les-secrets-du-rite\/\"><strong><u>Conclave<\/u><\/strong><\/a>, suspendu entre attentes et pri\u00e8res, a vu \u00e9merger trois noms\u00a0: <strong>Pietro Parolin<\/strong>, visage de la diplomatie vaticane\u00a0; <strong>Peter Erdo<\/strong>, rempart th\u00e9ologique\u00a0; <strong>Robert Prevost<\/strong>, pr\u00e9sence silencieuse, mais charg\u00e9e de signification. Les divisions entre les cardinaux italiens ont cass\u00e9 l\u2019ancienne unit\u00e9 de ce courant, tandis que la proposition d\u2019Erdo, soutenue par des voix plus conservatrices, n\u2019a pas trouv\u00e9 un \u00e9cho suffisant entre les murs de la Chapelle Sixtine.<\/p>\n<p>C\u2019est au quatri\u00e8me scrutin que l\u2019air a profond\u00e9ment chang\u00e9. \u00ab\u00a0<em>Les bulletins ont d\u00e9vi\u00e9 de mani\u00e8re d\u00e9terminante vers Prevost<\/em>\u00a0\u00bb, a racont\u00e9 le cardinal You de la Cor\u00e9e. Un consensus ample, comme une mar\u00e9e silencieuse qui enveloppe tout. L\u00e9on XIV est apparu comme une figure de synth\u00e8se : pont entre les \u00e9poques, h\u00e9ritier spirituel de Fran\u00e7ois, homme capable de parler \u00e0 un monde en transition.<\/p>\n<div class=\"link-article\">\n<p><img loading=\"lazy\" decoding=\"async\" class=\"size-full wp-image-10628 alignleft\" src=\"https:\/\/blog.holyart.it\/fr\/wp-content\/uploads\/sites\/14\/2025\/07\/comment-est-elu-un-pape-conclave-Copie.jpg\" alt=\"Comment est \u00e9lu un Pape Conclave\" width=\"150\" height=\"100\" data-kale-share-title=\"Pape L\u00e9on XIV : tout ce qu\u2019il faut savoir sur le nouveau Pontife\" data-kale-share-url=\"https:\/\/blog.holyart.it\/fr\/?p=10622\" \/><\/p>\n<div class=\"leggi-anche\">Lire aussi :<\/div>\n<p><strong><a href=\"https:\/\/holyart.fr\/blog\/articles-religieux\/comment-elit-on-un-pape-le-role-du-conclave-et-les-secrets-du-rite\/\">Comment est \u00e9lu un Pape : le r\u00f4le du Conclave et les secrets du rite<\/a><\/strong><br \/>\nComment est \u00e9lu un Pape. Histoire, tradition et myst\u00e8re d\u2019un ancien rite&#8230;<\/p>\n<\/div>\n<h2><strong><br \/>\n<\/strong>Le choix du nom : un programme pontifical<\/h2>\n<p>Quand il a r\u00e9v\u00e9l\u00e9 le nom choisi, <strong>L\u00e9on XIV<\/strong>, il l\u2019a fait avec le calme de qui sait que chaque mot est une promesse. Le rappel s\u2019est tourn\u00e9 vers L\u00e9on XIII, auteur de la <em>Rerum novarum<\/em>, voix proph\u00e9tique au temps de la premi\u00e8re r\u00e9volution industrielle. Aujourd\u2019hui aussi, a affirm\u00e9 le nouveau Pontife, nous vivons une r\u00e9volution\u00a0: celle de l\u2019<strong>intelligence artificielle<\/strong>, des nouvelles in\u00e9galit\u00e9s, du travail qui change de forme et de signification.<br \/>\nSon nom est une d\u00e9claration d\u2019intention, un <strong>pont lanc\u00e9 entre les questions du pass\u00e9 et celles du pr\u00e9sent<\/strong>. Avec la m\u00eame force du Lion, ce Pape veut d\u00e9fendre la dignit\u00e9 humaine, proclamer <a href=\"https:\/\/www.holyart.fr\/articles-religieux\/statues\/statues-en-bois-peint\/saint-joseph-travailleur-statue-bois\"><strong>la valeur du travail<\/strong><\/a>, \u00e9couter qui n\u2019a pas de voix. Et ce faisant, il place l\u2019\u00c9glise au centre du grand dialogue de l\u2019humanit\u00e9 avec son futur.<\/p>\n<p>Sa vision est claire : comme L\u00e9on XIII parla \u00e0 son temps avec des mots de justice, ainsi L\u00e9on XIV veut offrir \u00e0 notre \u00e9poque des <strong>crit\u00e8res de discernement<\/strong>. L\u2019intelligence artificielle, la transformation du travail, la dignit\u00e9 de la personne sont les nouvelles fronti\u00e8res d\u2019une doctrine sociale qui ne peut pas rester \u00e0 la traine. Chaque technologie, a-t-il affirm\u00e9, doit \u00eatre mesur\u00e9e en fonction de sa capacit\u00e9 \u00e0 servir l\u2019homme et non pas \u00e0 le dominer. Chaque progr\u00e8s doit devenir clart\u00e9 plut\u00f4t que blessure. L\u2019\u00c9glise, dans cet horizon, a la t\u00e2che de rappeler que l\u2019homme n\u2019est pas une fonction, mais un myst\u00e8re.<\/p>\n<div class=\"link-product\">\n<div class=\"blocco-immagine\"><img loading=\"lazy\" decoding=\"async\" class=\"size-full wp-image-10629 alignleft\" src=\"https:\/\/blog.holyart.it\/fr\/wp-content\/uploads\/sites\/14\/2025\/07\/Saint-Joseph-Travailleur-\u2013-Copie.jpg\" alt=\"Saint Joseph Travailleur \" width=\"100\" height=\"100\" data-kale-share-title=\"Pape L\u00e9on XIV : tout ce qu\u2019il faut savoir sur le nouveau Pontife\" data-kale-share-url=\"https:\/\/blog.holyart.it\/fr\/?p=10622\" \/><\/div>\n<div class=\"blocco-acquista\">Acheter sur Holyart:<\/div>\n<div class=\"blocco-titolo\"><a href=\"https:\/\/www.holyart.fr\/articles-religieux\/statues\/statues-en-bois-peint\/saint-joseph-travailleur-statue-bois\">Saint Joseph travailleur, statue bois<\/a><\/div>\n<div class=\"blocco-descrizione\">Saint Joseph travailleur, statue en bois d&rsquo;\u00e9rable. Statue r\u00e9alis\u00e9e&#8230;<\/div>\n<\/div>\n<h2><strong>\u00a0<\/strong><\/h2>\n<h2>Un pontificat au nom de la paix et de la r\u00e9conciliation<\/h2>\n<p>\u00ab\u00a0<strong><em>Que la paix soit avec vous tous<\/em><\/strong> \u00bb, a-t-il a commenc\u00e9, comme avec une \u00e9treinte universelle. Mais il ne s\u2019agit pas de la paix des convenances, celle qui \u00e9vite les conflits pour avoir une vie tranquille. La sienne est une <strong>paix<\/strong> <strong><em>\u00ab\u00a0d\u00e9sarm\u00e9e et d\u00e9sarmante \u00bb<\/em><\/strong>, une paix qui s\u2019offre nue, et qui est pour cette raison plus forte que n\u2019importe quelle arm\u00e9e. Une <a href=\"https:\/\/www.holyart.fr\/blog\/articles-religieux\/les-plus-belles-phrases-sur-la-paix-de-pape-francois\/\"><strong><u>paix qui interpelle les consciences<\/u><\/strong><\/a>, qui construit des ponts quand le monde dresse des murs. Le Pontife est, dans la dignification originaire du terme, celui qui unit les rives. Et L\u00e9on XIV veut \u00eatre cela\u00a0: un artisan de rencontres, un constructeur silencieux dans un monde qui hurle.<\/p>\n<p>\u00ab\u00a0<strong><em>Je suis l\u2019indigne successeur de Pierre<\/em><\/strong>\u00a0\u00bb, a affirm\u00e9 L\u00e9on XIV, et l\u2019humilit\u00e9 des grands a r\u00e9sonn\u00e9 dans ces mots. Son regard est tourn\u00e9 vers la Tradition, mais avec les yeux ouverts sur les fronti\u00e8res. Il a d\u00e9clar\u00e9 vouloir recueillir \u00ab\u00a0<a href=\"https:\/\/www.holyart.fr\/articles-religieux\/statues\/statues-en-resine-et-pvc\/statue-pape-francois-en-resine-30-cm\"><strong><em>le pr\u00e9cieux h\u00e9ritage de Pape Fran\u00e7ois<\/em><\/strong>\u00a0<\/a>\u00bb, en continuant un chemin fait d\u2019inclusion, de synodalit\u00e9, d\u2019\u00e9coute. Dans son c\u0153ur, l\u2019esprit du Concile Vatican II vit comme un compas lumineux pour s\u2019orienter dans des temps troubles. <strong>Son id\u00e9e de l\u2019\u00c9glise est celle d\u2019un corps vivant<\/strong>, o\u00f9 chaque voix a droit de cit\u00e9, et o\u00f9 l\u2019autorit\u00e9 n\u2019impose pas, mais sert.<\/p>\n<div class=\"link-product\">\n<div class=\"blocco-immagine\"><img loading=\"lazy\" decoding=\"async\" class=\"size-full wp-image-10630 alignleft\" src=\"https:\/\/blog.holyart.it\/fr\/wp-content\/uploads\/sites\/14\/2025\/07\/statue-pape-francois-en-resine-30-cm.jpg\" alt=\"Statue du Pape Fran\u00e7ois en r\u00e9sine 30 cm\" width=\"100\" height=\"100\" data-kale-share-title=\"Pape L\u00e9on XIV : tout ce qu\u2019il faut savoir sur le nouveau Pontife\" data-kale-share-url=\"https:\/\/blog.holyart.it\/fr\/?p=10622\" \/><\/div>\n<div class=\"blocco-contenuto\">\n<div class=\"blocco-acquista\">Acheter sur Holyart:<\/div>\n<div class=\"blocco-titolo\"><a href=\"https:\/\/www.holyart.fr\/articles-religieux\/statues\/statues-en-resine-et-pvc\/statue-pape-francois-en-resine-30-cm\">Statue Pape Fran\u00e7ois en r\u00e9sine 30 cm<\/a><\/div>\n<div class=\"blocco-descrizione\">Statue en r\u00e9sine color\u00e9e de Pape Fran\u00e7ois faisant signe de la main&#8230;<\/div>\n<\/div>\n<\/div>\n<p>&nbsp;<\/p>\n<h2>Le rappel \u00e0 la tradition augustinienne<\/h2>\n<p>Il a cit\u00e9 <strong>Saint Augustin<\/strong> : \u00ab\u00a0<em>pour vous je suis \u00e9v\u00eaque, avec vous je suis chr\u00e9tien<\/em> \u00bb. Dans ces mots vit toute la sagesse de qui connait la profondeur de l\u2019\u00e2me humaine. Comme Augustin v\u00e9cut le d\u00e9clin de l\u2019Empire et l\u2019apparition d\u2019un nouveau monde, ainsi L\u00e9on XIV guide aujourd\u2019hui l\u2019\u00c9glise entre les ruines et les promesses de notre temps. Il est \u00e9v\u00eaque car il est fr\u00e8re. Non pas un monarque, mais un serviteur. Non pas une figure lointaine, mais une pr\u00e9sence \u00e0 nos c\u00f4t\u00e9s.<\/p>\n<p>Il a trac\u00e9 <em>son chemin avec des mots nets et lumineux<\/em>\u00a0: <strong>primat de Christ, conversion missionnaire, synodalit\u00e9, attention au <em>sensus fidei<\/em>, piti\u00e9 populaire, soin des derniers, dialogue avec le monde<\/strong>. Ce n\u2019est pas une liste, mais un plan du c\u0153ur.<br \/>\n<a href=\"https:\/\/www.holyart.fr\/articles-religieux\/statues\/statues-en-bois-peint\/jesus-bon-pasteur-colore-val-gardena\"><strong>Christ au centre<\/strong><\/a>. Non pas comme symbole, mais comme pr\u00e9sence vivante. Et autour, la communaut\u00e9 qui annonce, \u00e9coute, se laisse transformer. Une \u00c9glise qui ne craint pas la fragilit\u00e9, mais l\u2019habite comme lieu de gr\u00e2ce.<\/p>\n<div class=\"link-product\">\n<div class=\"blocco-immagine\"><img loading=\"lazy\" decoding=\"async\" class=\"size-full wp-image-10632 alignleft\" src=\"https:\/\/blog.holyart.it\/fr\/wp-content\/uploads\/sites\/14\/2025\/07\/jesus-le-bon-berger-colore-val-gardena-1.jpg\" alt=\"J\u00e9sus le Bon Berger color\u00e9 Val Gardena\" width=\"100\" height=\"100\" data-kale-share-title=\"Pape L\u00e9on XIV : tout ce qu\u2019il faut savoir sur le nouveau Pontife\" data-kale-share-url=\"https:\/\/blog.holyart.it\/fr\/?p=10622\" \/><\/div>\n<div class=\"blocco-contenuto\">\n<div class=\"blocco-acquista\">Acheter sur Holyart:<\/div>\n<div class=\"blocco-titolo\"><a href=\"https:\/\/www.holyart.fr\/articles-religieux\/statues\/statues-en-bois-peint\/jesus-bon-pasteur-colore-val-gardena\">J\u00e9sus Bon Pasteur color\u00e9 Val Gardena<\/a><\/div>\n<div class=\"blocco-descrizione\">J\u00e9sus Bon Pasteur color\u00e9 Val Gardena. Statue de J\u00e9sus Bon Pasteur&#8230;<\/div>\n<\/div>\n<\/div>\n<p>&nbsp;<\/p>\n<p>Le pontificat de L\u00e9on XIV s\u2019ouvre comme <strong>une porte entrouverte sur le futur<\/strong>. \u00c0 l\u2019int\u00e9rieur, on entrevoit des visages, des larmes, des esp\u00e9rances. Une \u00c9glise qui marche, qui se laisse interpeller, qui n\u2019a pas peur de se salir les mains. Une \u00c9glise qui sait dire \u00ab\u00a0nous\u00a0\u00bb. Avec le souffle de Fran\u00e7ois dans le c\u0153ur, avec le regard des pauvres dans les yeux, L\u00e9on XIV d\u00e9bute son voyage. Il le fait comme celui qui am\u00e8ne avec soi un t\u00e9moin allum\u00e9, re\u00e7u avec respect et rendu avec fid\u00e9lit\u00e9. Et en cette lumi\u00e8re tremblante, qui est ensemble m\u00e9moire et proph\u00e9tie, on entrevoit d\u00e9j\u00e0 le visage de l\u2019\u00c9glise qui viendra.<\/p>\n<p>&nbsp;<\/p>\n","protected":false},"excerpt":{"rendered":"<p>Le pontificat de Pape L\u00e9on XIV s\u2019ouvre comme une porte entreb\u00e2ill\u00e9e sur le futur. Qui est le premier Pape \u00e9tasunien de l\u2019\u00c9glise ? Il y a eu un moment, lors que le monde attendait en silence, o\u00f9 les cloches ont sonn\u00e9 et l\u2019histoire a repris&hellip;<\/p>\n","protected":false},"author":1,"featured_media":10634,"comment_status":"closed","ping_status":"open","sticky":false,"template":"","format":"standard","meta":{"_acf_changed":false,"footnotes":""},"categories":[8],"tags":[],"class_list":["post-10622","post","type-post","status-publish","format-standard","has-post-thumbnail","hentry","category-articles-religieux"],"acf":[],"yoast_head":"<!-- This site is optimized with the Yoast SEO plugin v26.6 - https:\/\/yoast.com\/wordpress\/plugins\/seo\/ -->\n<title>Pape L\u00e9on XIV : tout ce qu\u2019il faut savoir sur le nouveau Pontife - Holyart.fr Blog<\/title>\n<meta name=\"description\" content=\"Le pontificat de Pape L\u00e9on XIV s\u2019ouvre comme une porte entreb\u00e2ill\u00e9e sur le futur. Qui est le premier Pape \u00e9tasunien de l\u2019\u00c9glise ?\" \/>\n<meta name=\"robots\" content=\"index, follow, max-snippet:-1, max-image-preview:large, max-video-preview:-1\" \/>\n<link rel=\"canonical\" href=\"https:\/\/blog.holyart.it\/fr\/articles-religieux\/pape-leon-xiv-tout-ce-quil-faut-savoir-sur-le-nouveau-pontife\/\" \/>\n<meta property=\"og:locale\" content=\"fr_FR\" \/>\n<meta property=\"og:type\" content=\"article\" \/>\n<meta property=\"og:title\" content=\"Pape L\u00e9on XIV : tout ce qu\u2019il faut savoir sur le nouveau Pontife - Holyart.fr Blog\" \/>\n<meta property=\"og:description\" content=\"Le pontificat de Pape L\u00e9on XIV s\u2019ouvre comme une porte entreb\u00e2ill\u00e9e sur le futur. Qui est le premier Pape \u00e9tasunien de l\u2019\u00c9glise ?\" \/>\n<meta property=\"og:url\" content=\"https:\/\/blog.holyart.it\/fr\/articles-religieux\/pape-leon-xiv-tout-ce-quil-faut-savoir-sur-le-nouveau-pontife\/\" \/>\n<meta property=\"og:site_name\" content=\"Holyart.fr Blog\" \/>\n<meta property=\"article:published_time\" content=\"2025-07-09T08:00:41+00:00\" \/>\n<meta property=\"article:modified_time\" content=\"2025-08-19T14:43:15+00:00\" \/>\n<meta property=\"og:image\" content=\"https:\/\/blog.holyart.it\/fr\/wp-content\/uploads\/sites\/14\/2025\/07\/Leone-XIV.jpg\" \/>\n\t<meta property=\"og:image:width\" content=\"1000\" \/>\n\t<meta property=\"og:image:height\" content=\"666\" \/>\n\t<meta property=\"og:image:type\" content=\"image\/jpeg\" \/>\n<meta name=\"author\" content=\"Redazione\" \/>\n<meta name=\"twitter:card\" content=\"summary_large_image\" \/>\n<meta name=\"twitter:label1\" content=\"\u00c9crit par\" \/>\n\t<meta name=\"twitter:data1\" content=\"Redazione\" \/>\n\t<meta name=\"twitter:label2\" content=\"Dur\u00e9e de lecture estim\u00e9e\" \/>\n\t<meta name=\"twitter:data2\" content=\"16 minutes\" \/>\n<script type=\"application\/ld+json\" class=\"yoast-schema-graph\">{\"@context\":\"https:\/\/schema.org\",\"@graph\":[{\"@type\":\"Article\",\"@id\":\"https:\/\/blog.holyart.it\/fr\/articles-religieux\/pape-leon-xiv-tout-ce-quil-faut-savoir-sur-le-nouveau-pontife\/#article\",\"isPartOf\":{\"@id\":\"https:\/\/blog.holyart.it\/fr\/articles-religieux\/pape-leon-xiv-tout-ce-quil-faut-savoir-sur-le-nouveau-pontife\/\"},\"author\":{\"name\":\"Redazione\",\"@id\":\"https:\/\/blog.holyart.it\/fr\/#\/schema\/person\/0a7b686e5af0f856ec1e390dd0baecda\"},\"headline\":\"Pape L\u00e9on XIV : tout ce qu\u2019il faut savoir sur le nouveau Pontife\",\"datePublished\":\"2025-07-09T08:00:41+00:00\",\"dateModified\":\"2025-08-19T14:43:15+00:00\",\"mainEntityOfPage\":{\"@id\":\"https:\/\/blog.holyart.it\/fr\/articles-religieux\/pape-leon-xiv-tout-ce-quil-faut-savoir-sur-le-nouveau-pontife\/\"},\"wordCount\":2952,\"publisher\":{\"@id\":\"https:\/\/blog.holyart.it\/fr\/#organization\"},\"image\":{\"@id\":\"https:\/\/blog.holyart.it\/fr\/articles-religieux\/pape-leon-xiv-tout-ce-quil-faut-savoir-sur-le-nouveau-pontife\/#primaryimage\"},\"thumbnailUrl\":\"https:\/\/blog.holyart.it\/fr\/wp-content\/uploads\/sites\/14\/2025\/07\/Leone-XIV.jpg\",\"articleSection\":[\"Religion\"],\"inLanguage\":\"fr-FR\"},{\"@type\":\"WebPage\",\"@id\":\"https:\/\/blog.holyart.it\/fr\/articles-religieux\/pape-leon-xiv-tout-ce-quil-faut-savoir-sur-le-nouveau-pontife\/\",\"url\":\"https:\/\/blog.holyart.it\/fr\/articles-religieux\/pape-leon-xiv-tout-ce-quil-faut-savoir-sur-le-nouveau-pontife\/\",\"name\":\"Pape L\u00e9on XIV : tout ce qu\u2019il faut savoir sur le nouveau Pontife - Holyart.fr Blog\",\"isPartOf\":{\"@id\":\"https:\/\/blog.holyart.it\/fr\/#website\"},\"primaryImageOfPage\":{\"@id\":\"https:\/\/blog.holyart.it\/fr\/articles-religieux\/pape-leon-xiv-tout-ce-quil-faut-savoir-sur-le-nouveau-pontife\/#primaryimage\"},\"image\":{\"@id\":\"https:\/\/blog.holyart.it\/fr\/articles-religieux\/pape-leon-xiv-tout-ce-quil-faut-savoir-sur-le-nouveau-pontife\/#primaryimage\"},\"thumbnailUrl\":\"https:\/\/blog.holyart.it\/fr\/wp-content\/uploads\/sites\/14\/2025\/07\/Leone-XIV.jpg\",\"datePublished\":\"2025-07-09T08:00:41+00:00\",\"dateModified\":\"2025-08-19T14:43:15+00:00\",\"description\":\"Le pontificat de Pape L\u00e9on XIV s\u2019ouvre comme une porte entreb\u00e2ill\u00e9e sur le futur. Qui est le premier Pape \u00e9tasunien de l\u2019\u00c9glise ?\",\"breadcrumb\":{\"@id\":\"https:\/\/blog.holyart.it\/fr\/articles-religieux\/pape-leon-xiv-tout-ce-quil-faut-savoir-sur-le-nouveau-pontife\/#breadcrumb\"},\"inLanguage\":\"fr-FR\",\"potentialAction\":[{\"@type\":\"ReadAction\",\"target\":[\"https:\/\/blog.holyart.it\/fr\/articles-religieux\/pape-leon-xiv-tout-ce-quil-faut-savoir-sur-le-nouveau-pontife\/\"]}]},{\"@type\":\"ImageObject\",\"inLanguage\":\"fr-FR\",\"@id\":\"https:\/\/blog.holyart.it\/fr\/articles-religieux\/pape-leon-xiv-tout-ce-quil-faut-savoir-sur-le-nouveau-pontife\/#primaryimage\",\"url\":\"https:\/\/blog.holyart.it\/fr\/wp-content\/uploads\/sites\/14\/2025\/07\/Leone-XIV.jpg\",\"contentUrl\":\"https:\/\/blog.holyart.it\/fr\/wp-content\/uploads\/sites\/14\/2025\/07\/Leone-XIV.jpg\",\"width\":1000,\"height\":666,\"caption\":\"Leone XIV\"},{\"@type\":\"BreadcrumbList\",\"@id\":\"https:\/\/blog.holyart.it\/fr\/articles-religieux\/pape-leon-xiv-tout-ce-quil-faut-savoir-sur-le-nouveau-pontife\/#breadcrumb\",\"itemListElement\":[{\"@type\":\"ListItem\",\"position\":1,\"name\":\"Homepage\",\"item\":\"https:\/\/blog.holyart.it\/fr\/\"},{\"@type\":\"ListItem\",\"position\":2,\"name\":\"Religion\",\"item\":\"https:\/\/blog.holyart.it\/fr\/articles-religieux\/\"},{\"@type\":\"ListItem\",\"position\":3,\"name\":\"Pape L\u00e9on XIV : tout ce qu\u2019il faut savoir sur le nouveau Pontife\"}]},{\"@type\":\"WebSite\",\"@id\":\"https:\/\/blog.holyart.it\/fr\/#website\",\"url\":\"https:\/\/blog.holyart.it\/fr\/\",\"name\":\"Holyart.fr Blog\",\"description\":\"Holyblog\",\"publisher\":{\"@id\":\"https:\/\/blog.holyart.it\/fr\/#organization\"},\"potentialAction\":[{\"@type\":\"SearchAction\",\"target\":{\"@type\":\"EntryPoint\",\"urlTemplate\":\"https:\/\/blog.holyart.it\/fr\/?s={search_term_string}\"},\"query-input\":{\"@type\":\"PropertyValueSpecification\",\"valueRequired\":true,\"valueName\":\"search_term_string\"}}],\"inLanguage\":\"fr-FR\"},{\"@type\":\"Organization\",\"@id\":\"https:\/\/blog.holyart.it\/fr\/#organization\",\"name\":\"Holyart.fr Blog\",\"url\":\"https:\/\/blog.holyart.it\/fr\/\",\"logo\":{\"@type\":\"ImageObject\",\"inLanguage\":\"fr-FR\",\"@id\":\"https:\/\/blog.holyart.it\/fr\/#\/schema\/logo\/image\/\",\"url\":\"https:\/\/blog.holyart.it\/fr\/wp-content\/uploads\/sites\/14\/2022\/12\/Holyart_Blog_Logo.jpg\",\"contentUrl\":\"https:\/\/blog.holyart.it\/fr\/wp-content\/uploads\/sites\/14\/2022\/12\/Holyart_Blog_Logo.jpg\",\"width\":300,\"height\":50,\"caption\":\"Holyart.fr Blog\"},\"image\":{\"@id\":\"https:\/\/blog.holyart.it\/fr\/#\/schema\/logo\/image\/\"}},{\"@type\":\"Person\",\"@id\":\"https:\/\/blog.holyart.it\/fr\/#\/schema\/person\/0a7b686e5af0f856ec1e390dd0baecda\",\"name\":\"Redazione\",\"image\":{\"@type\":\"ImageObject\",\"inLanguage\":\"fr-FR\",\"@id\":\"https:\/\/blog.holyart.it\/fr\/#\/schema\/person\/image\/\",\"url\":\"https:\/\/secure.gravatar.com\/avatar\/f477da817f43e50d0af36abecd33e3edf826c68299714bdc1057dff3b113f516?s=96&d=mm&r=g\",\"contentUrl\":\"https:\/\/secure.gravatar.com\/avatar\/f477da817f43e50d0af36abecd33e3edf826c68299714bdc1057dff3b113f516?s=96&d=mm&r=g\",\"caption\":\"Redazione\"},\"url\":\"https:\/\/blog.holyart.it\/fr\/author\/admin\/\"}]}<\/script>\n<!-- \/ Yoast SEO plugin. -->","yoast_head_json":{"title":"Pape L\u00e9on XIV : tout ce qu\u2019il faut savoir sur le nouveau Pontife - Holyart.fr Blog","description":"Le pontificat de Pape L\u00e9on XIV s\u2019ouvre comme une porte entreb\u00e2ill\u00e9e sur le futur. Qui est le premier Pape \u00e9tasunien de l\u2019\u00c9glise ?","robots":{"index":"index","follow":"follow","max-snippet":"max-snippet:-1","max-image-preview":"max-image-preview:large","max-video-preview":"max-video-preview:-1"},"canonical":"https:\/\/blog.holyart.it\/fr\/articles-religieux\/pape-leon-xiv-tout-ce-quil-faut-savoir-sur-le-nouveau-pontife\/","og_locale":"fr_FR","og_type":"article","og_title":"Pape L\u00e9on XIV : tout ce qu\u2019il faut savoir sur le nouveau Pontife - Holyart.fr Blog","og_description":"Le pontificat de Pape L\u00e9on XIV s\u2019ouvre comme une porte entreb\u00e2ill\u00e9e sur le futur. Qui est le premier Pape \u00e9tasunien de l\u2019\u00c9glise ?","og_url":"https:\/\/blog.holyart.it\/fr\/articles-religieux\/pape-leon-xiv-tout-ce-quil-faut-savoir-sur-le-nouveau-pontife\/","og_site_name":"Holyart.fr Blog","article_published_time":"2025-07-09T08:00:41+00:00","article_modified_time":"2025-08-19T14:43:15+00:00","og_image":[{"width":1000,"height":666,"url":"https:\/\/blog.holyart.it\/fr\/wp-content\/uploads\/sites\/14\/2025\/07\/Leone-XIV.jpg","type":"image\/jpeg"}],"author":"Redazione","twitter_card":"summary_large_image","twitter_misc":{"\u00c9crit par":"Redazione","Dur\u00e9e de lecture estim\u00e9e":"16 minutes"},"schema":{"@context":"https:\/\/schema.org","@graph":[{"@type":"Article","@id":"https:\/\/blog.holyart.it\/fr\/articles-religieux\/pape-leon-xiv-tout-ce-quil-faut-savoir-sur-le-nouveau-pontife\/#article","isPartOf":{"@id":"https:\/\/blog.holyart.it\/fr\/articles-religieux\/pape-leon-xiv-tout-ce-quil-faut-savoir-sur-le-nouveau-pontife\/"},"author":{"name":"Redazione","@id":"https:\/\/blog.holyart.it\/fr\/#\/schema\/person\/0a7b686e5af0f856ec1e390dd0baecda"},"headline":"Pape L\u00e9on XIV : tout ce qu\u2019il faut savoir sur le nouveau Pontife","datePublished":"2025-07-09T08:00:41+00:00","dateModified":"2025-08-19T14:43:15+00:00","mainEntityOfPage":{"@id":"https:\/\/blog.holyart.it\/fr\/articles-religieux\/pape-leon-xiv-tout-ce-quil-faut-savoir-sur-le-nouveau-pontife\/"},"wordCount":2952,"publisher":{"@id":"https:\/\/blog.holyart.it\/fr\/#organization"},"image":{"@id":"https:\/\/blog.holyart.it\/fr\/articles-religieux\/pape-leon-xiv-tout-ce-quil-faut-savoir-sur-le-nouveau-pontife\/#primaryimage"},"thumbnailUrl":"https:\/\/blog.holyart.it\/fr\/wp-content\/uploads\/sites\/14\/2025\/07\/Leone-XIV.jpg","articleSection":["Religion"],"inLanguage":"fr-FR"},{"@type":"WebPage","@id":"https:\/\/blog.holyart.it\/fr\/articles-religieux\/pape-leon-xiv-tout-ce-quil-faut-savoir-sur-le-nouveau-pontife\/","url":"https:\/\/blog.holyart.it\/fr\/articles-religieux\/pape-leon-xiv-tout-ce-quil-faut-savoir-sur-le-nouveau-pontife\/","name":"Pape L\u00e9on XIV : tout ce qu\u2019il faut savoir sur le nouveau Pontife - Holyart.fr Blog","isPartOf":{"@id":"https:\/\/blog.holyart.it\/fr\/#website"},"primaryImageOfPage":{"@id":"https:\/\/blog.holyart.it\/fr\/articles-religieux\/pape-leon-xiv-tout-ce-quil-faut-savoir-sur-le-nouveau-pontife\/#primaryimage"},"image":{"@id":"https:\/\/blog.holyart.it\/fr\/articles-religieux\/pape-leon-xiv-tout-ce-quil-faut-savoir-sur-le-nouveau-pontife\/#primaryimage"},"thumbnailUrl":"https:\/\/blog.holyart.it\/fr\/wp-content\/uploads\/sites\/14\/2025\/07\/Leone-XIV.jpg","datePublished":"2025-07-09T08:00:41+00:00","dateModified":"2025-08-19T14:43:15+00:00","description":"Le pontificat de Pape L\u00e9on XIV s\u2019ouvre comme une porte entreb\u00e2ill\u00e9e sur le futur. Qui est le premier Pape \u00e9tasunien de l\u2019\u00c9glise ?","breadcrumb":{"@id":"https:\/\/blog.holyart.it\/fr\/articles-religieux\/pape-leon-xiv-tout-ce-quil-faut-savoir-sur-le-nouveau-pontife\/#breadcrumb"},"inLanguage":"fr-FR","potentialAction":[{"@type":"ReadAction","target":["https:\/\/blog.holyart.it\/fr\/articles-religieux\/pape-leon-xiv-tout-ce-quil-faut-savoir-sur-le-nouveau-pontife\/"]}]},{"@type":"ImageObject","inLanguage":"fr-FR","@id":"https:\/\/blog.holyart.it\/fr\/articles-religieux\/pape-leon-xiv-tout-ce-quil-faut-savoir-sur-le-nouveau-pontife\/#primaryimage","url":"https:\/\/blog.holyart.it\/fr\/wp-content\/uploads\/sites\/14\/2025\/07\/Leone-XIV.jpg","contentUrl":"https:\/\/blog.holyart.it\/fr\/wp-content\/uploads\/sites\/14\/2025\/07\/Leone-XIV.jpg","width":1000,"height":666,"caption":"Leone XIV"},{"@type":"BreadcrumbList","@id":"https:\/\/blog.holyart.it\/fr\/articles-religieux\/pape-leon-xiv-tout-ce-quil-faut-savoir-sur-le-nouveau-pontife\/#breadcrumb","itemListElement":[{"@type":"ListItem","position":1,"name":"Homepage","item":"https:\/\/blog.holyart.it\/fr\/"},{"@type":"ListItem","position":2,"name":"Religion","item":"https:\/\/blog.holyart.it\/fr\/articles-religieux\/"},{"@type":"ListItem","position":3,"name":"Pape L\u00e9on XIV : tout ce qu\u2019il faut savoir sur le nouveau Pontife"}]},{"@type":"WebSite","@id":"https:\/\/blog.holyart.it\/fr\/#website","url":"https:\/\/blog.holyart.it\/fr\/","name":"Holyart.fr Blog","description":"Holyblog","publisher":{"@id":"https:\/\/blog.holyart.it\/fr\/#organization"},"potentialAction":[{"@type":"SearchAction","target":{"@type":"EntryPoint","urlTemplate":"https:\/\/blog.holyart.it\/fr\/?s={search_term_string}"},"query-input":{"@type":"PropertyValueSpecification","valueRequired":true,"valueName":"search_term_string"}}],"inLanguage":"fr-FR"},{"@type":"Organization","@id":"https:\/\/blog.holyart.it\/fr\/#organization","name":"Holyart.fr Blog","url":"https:\/\/blog.holyart.it\/fr\/","logo":{"@type":"ImageObject","inLanguage":"fr-FR","@id":"https:\/\/blog.holyart.it\/fr\/#\/schema\/logo\/image\/","url":"https:\/\/blog.holyart.it\/fr\/wp-content\/uploads\/sites\/14\/2022\/12\/Holyart_Blog_Logo.jpg","contentUrl":"https:\/\/blog.holyart.it\/fr\/wp-content\/uploads\/sites\/14\/2022\/12\/Holyart_Blog_Logo.jpg","width":300,"height":50,"caption":"Holyart.fr Blog"},"image":{"@id":"https:\/\/blog.holyart.it\/fr\/#\/schema\/logo\/image\/"}},{"@type":"Person","@id":"https:\/\/blog.holyart.it\/fr\/#\/schema\/person\/0a7b686e5af0f856ec1e390dd0baecda","name":"Redazione","image":{"@type":"ImageObject","inLanguage":"fr-FR","@id":"https:\/\/blog.holyart.it\/fr\/#\/schema\/person\/image\/","url":"https:\/\/secure.gravatar.com\/avatar\/f477da817f43e50d0af36abecd33e3edf826c68299714bdc1057dff3b113f516?s=96&d=mm&r=g","contentUrl":"https:\/\/secure.gravatar.com\/avatar\/f477da817f43e50d0af36abecd33e3edf826c68299714bdc1057dff3b113f516?s=96&d=mm&r=g","caption":"Redazione"},"url":"https:\/\/blog.holyart.it\/fr\/author\/admin\/"}]}},"_links":{"self":[{"href":"https:\/\/blog.holyart.it\/fr\/wp-json\/wp\/v2\/posts\/10622","targetHints":{"allow":["GET"]}}],"collection":[{"href":"https:\/\/blog.holyart.it\/fr\/wp-json\/wp\/v2\/posts"}],"about":[{"href":"https:\/\/blog.holyart.it\/fr\/wp-json\/wp\/v2\/types\/post"}],"author":[{"embeddable":true,"href":"https:\/\/blog.holyart.it\/fr\/wp-json\/wp\/v2\/users\/1"}],"replies":[{"embeddable":true,"href":"https:\/\/blog.holyart.it\/fr\/wp-json\/wp\/v2\/comments?post=10622"}],"version-history":[{"count":20,"href":"https:\/\/blog.holyart.it\/fr\/wp-json\/wp\/v2\/posts\/10622\/revisions"}],"predecessor-version":[{"id":10669,"href":"https:\/\/blog.holyart.it\/fr\/wp-json\/wp\/v2\/posts\/10622\/revisions\/10669"}],"wp:featuredmedia":[{"embeddable":true,"href":"https:\/\/blog.holyart.it\/fr\/wp-json\/wp\/v2\/media\/10634"}],"wp:attachment":[{"href":"https:\/\/blog.holyart.it\/fr\/wp-json\/wp\/v2\/media?parent=10622"}],"wp:term":[{"taxonomy":"category","embeddable":true,"href":"https:\/\/blog.holyart.it\/fr\/wp-json\/wp\/v2\/categories?post=10622"},{"taxonomy":"post_tag","embeddable":true,"href":"https:\/\/blog.holyart.it\/fr\/wp-json\/wp\/v2\/tags?post=10622"}],"curies":[{"name":"wp","href":"https:\/\/api.w.org\/{rel}","templated":true}]}}