{"id":10607,"date":"2025-07-07T10:00:50","date_gmt":"2025-07-07T08:00:50","guid":{"rendered":"https:\/\/blog.holyart.it\/fr\/?p=10607"},"modified":"2025-08-13T11:04:38","modified_gmt":"2025-08-13T09:04:38","slug":"comment-elit-on-un-pape-le-role-du-conclave-et-les-secrets-du-rite","status":"publish","type":"post","link":"https:\/\/blog.holyart.it\/fr\/articles-religieux\/comment-elit-on-un-pape-le-role-du-conclave-et-les-secrets-du-rite\/","title":{"rendered":"Comment \u00e9lit-on un Pape : le r\u00f4le du Conclave et les secrets du rite"},"content":{"rendered":"<h4><em>Comment \u00e9lit-on un Pape ? Histoire, tradition et myst\u00e8res d\u2019un rite ancien : le Conclave<\/em><\/h4>\n\n<p>Quand le tr\u00f4ne pontifical est vacant, l\u2019\u00c9glise catholique se pr\u00e9pare \u00e0 vivre l\u2019un de ses moments les plus solennels et les plus myst\u00e9rieux. C\u2019est comme si le temps m\u00eame ralentissait, suspendu dans l\u2019attente d\u2019un \u00e9v\u00e9nement qui puise ses racines dans deux milles ans d\u2019histoire. L\u2019\u00e9lection du nouveau Pape n\u2019est pas seulement un rite, mais un p\u00e8lerinage spirituel qui traverse si\u00e8cles, peuples et cultures, en restant fid\u00e8le \u00e0 son absence m\u00eame dans les changements des temps. Mais comment \u00e9lit-on un Pape\u00a0?<\/p>\n<p>Jamais comme en ces jours-ci, avec la <a href=\"https:\/\/www.holyart.fr\/blog\/occasions-speciales\/comment-pape-francois-a-transforme-leglise\/?_gl=1*1uur7f8*_ga*MTQ4NzE4MjM0Mi4xNjk0Nzg4MTQz*_ga_W18MV136NH*czE3NTE1MjYxODckbzExOTMkZzEkdDE3NTE1Mjc1MTAkajIxJGwwJGgw\"><strong><u>r\u00e9cente d\u00e9partie de Pape Fran\u00e7ois<\/u><\/strong><\/a>, le Pontife venu \u00ab\u00a0<em>de la fin du monde<\/em>\u00a0\u00bb, qui a su conqu\u00e9rir le c\u0153ur des fid\u00e8les avec la simplicit\u00e9 d\u00e9sarmante de ses gestes et la force humble de sa parole, le <strong>Conclave<\/strong> se charge d\u2019\u00e9motion. Place Saint-Pierre se couvre de silence et de pri\u00e8re, tandis que les cardinaux se recueillent pour d\u00e9cider, dans la pri\u00e8re et dans la r\u00e9flexion, qui guidera l\u2019\u00c9glise \u00e0 une \u00e9poque de d\u00e9fis globaux et d\u2019esp\u00e9rance renouvel\u00e9e.<br \/>\nL\u2019\u00e9lection du Pape n\u2019a jamais \u00e9t\u00e9 un simple acte administratif : il s\u2019agit d\u2019un voyage dans l\u2019intimit\u00e9 de la foi, un chemin qui rappelle des images de cath\u00e9drales illumin\u00e9es par des bougies, de mains jointes et de c\u0153urs en tr\u00e9pidation. Mais comment se d\u00e9roule, dans le d\u00e9tail, ce rite aussi ancien que vivant\u00a0? Le <strong>7 mais<\/strong>, le Conclave s\u2019ouvre officiellement pour l\u2019\u00e9lection du successeur de Fran\u00e7ois.<\/p>\n<div class=\"link-article\">\n<p><img loading=\"lazy\" decoding=\"async\" class=\"size-full wp-image-10609 alignleft\" src=\"https:\/\/blog.holyart.it\/fr\/wp-content\/uploads\/sites\/14\/2025\/07\/Holyart_Blog_PapaFrancesco_fr.jpg\" alt=\"Comment Pape Fran\u00e7ois a transform\u00e9 l\u2019\u00c9glise pendant son pontificat\" width=\"150\" height=\"99\" data-kale-share-title=\"Comment \u00e9lit-on un Pape : le r\u00f4le du Conclave et les secrets du rite\" data-kale-share-url=\"https:\/\/blog.holyart.it\/fr\/?p=10607\" \/><\/p>\n<div class=\"leggi-anche\">Lire aussi :<\/div>\n<p><strong><a href=\"https:\/\/www.holyart.fr\/blog\/occasions-speciales\/comment-pape-francois-a-transforme-leglise\/\">Comment Pape Fran\u00e7ois a transform\u00e9 l\u2019\u00c9glise pendant son pontificat<\/a><\/strong><br \/>\nQu\u2019est-ce que Pape Fran\u00e7ois a fait d\u2019important ? Son pontificat&#8230;<\/p>\n<\/div>\n<h2>Qui \u00e9lit le Pape<\/h2>\n<p>Au c\u0153ur de la chr\u00e9tient\u00e9, quand le successeur de Pierre laisse son tr\u00f4ne terrestre, un temps suspendu d\u00e9bute, domin\u00e9 par un rituel aussi rare que solennel\u00a0: le <strong>Conclave<\/strong>. Un \u00e9v\u00e8nement ancien, envo\u00fbt\u00e9 par le myst\u00e8re et par la solennit\u00e9, qui se renouvelle \u00e0 chaque fois que les cardinaux se recueillent en pri\u00e8re et r\u00e9flexion pour choisir le nouveau Pape.<br \/>\nLe mot \u00ab conclave \u00bb d\u00e9rive du latin\u00a0<em>cum clave<\/em>, \u00ab avec la cl\u00e9 \u00bb, \u00e0 indiquer la cl\u00f4ture dans laquelle les cardinaux sont confin\u00e9s jusqu\u2019au choix du nouveau pontife. Une coutume n\u00e9e en 1270 \u00e0 Viterbe, quand, apr\u00e8s plus d\u2019un an de discussions infructueuses, le peuple d\u00e9cida d\u2019enfermer \u00e0 cl\u00e9 les cardinaux afin d\u2019acc\u00e9l\u00e9rer le processus d\u2019\u00e9lection. Depuis lors, les cardinaux se r\u00e9unissent en isolement, aujourd\u2019hui dans la <strong><em>Domus Sanctae Marthae<\/em><\/strong>, afin d\u2019\u00e9lire le nouveau Pape dans le cadre solennel de la <a href=\"https:\/\/www.holyart.fr\/blog\/articles-religieux\/basilique-saint-pierre-eglise-symbole-du-monde-chretien\/\"><strong><u>Chapelle Sixtine, sous les fresques de Michel-Ange<\/u><\/strong>.<\/a><\/p>\n<div class=\"link-article\">\n<p><img loading=\"lazy\" decoding=\"async\" class=\"size-full wp-image-10610 alignleft\" src=\"https:\/\/blog.holyart.it\/fr\/wp-content\/uploads\/sites\/14\/2025\/07\/Basilique-Saint-Pierre.jpeg\" alt=\"Basilique Saint-Pierre : \u00c9glise symbole du monde chr\u00e9tien\" width=\"150\" height=\"100\" data-kale-share-title=\"Comment \u00e9lit-on un Pape : le r\u00f4le du Conclave et les secrets du rite\" data-kale-share-url=\"https:\/\/blog.holyart.it\/fr\/?p=10607\" \/><\/p>\n<div class=\"leggi-anche\">Lire aussi :<\/div>\n<p><strong><a href=\"https:\/\/www.holyart.fr\/blog\/articles-religieux\/basilique-saint-pierre-eglise-symbole-du-monde-chretien\/\">Basilique Saint-Pierre : \u00c9glise symbole du monde chr\u00e9tien<\/a><\/strong><br \/>\nSaint-Pierre est une basilique riche en significations, myst\u00e8res et \u0153uvres d\u2019art sacr\u00e9es c\u00e9l\u00e8bre dans le monde&#8230;<\/p>\n<\/div>\n<p>Au c\u0153ur du processus \u00e9lectif si\u00e8ge le <a href=\"https:\/\/www.holyart.fr\/blog\/articles-religieux\/consistoire-cardinalice-de-quoi-sagit-il-et-comment-cela-fonctionne\/\"><strong><u>Coll\u00e8ge des Cardinaux<\/u><\/strong><\/a>, l\u2019assembl\u00e9e des \u00ab\u00a0<strong><em>princes de l\u2019\u00c9glise<\/em><\/strong>\u00a0\u00bb. Mais cela n\u2019a pas toujours \u00e9t\u00e9 ainsi. Dans les premiers si\u00e8cles, l\u2019\u00e9v\u00eaque de Rome \u00e9tait choisi par le clerg\u00e9 local et, dans certaines phases, m\u00eame <strong>par le peuple<\/strong>, dans une dimension communautaire qui refl\u00e9tait le jeune \u00e2ge de l\u2019\u00c9glise. Ce ne fut qu\u2019en 1059, avec le d\u00e9cret <strong><em>In nomine Domini <\/em><\/strong>\u00e9mis par Pape Nicolas II que l\u2019\u00e9lection du Pontife fut exclusivement r\u00e9serv\u00e9e aux cardinaux.<\/p>\n<p>Aujourd\u2019hui, ce sont les membres du Coll\u00e8ge des Cardinaux qui <strong>n\u2019ont pas encore atteint l\u2019\u00e2ge de quatre-vingt ans<\/strong> \u00e0 la date de l\u2019ouverture de la Sede Vacante qui \u00e9lisent le Pape. Un choix voulu afin d\u2019assurer lucidit\u00e9, vigueur et vision. Cette r\u00e8gle, introduite par Paul VI en 1970 et confirm\u00e9e ensuite par Jean-Paul II, nait du souhait de ne pas surcharger les a\u00een\u00e9es de la responsabilit\u00e9 graveuse de choisir qui devra guider le troupeau de Christ dans les temps nouveaux. Toutefois, les cardinaux de plus de 80 ans ne sont pas enti\u00e8rement exclus\u00a0: ils peuvent en effet participer aux congr\u00e9gations pr\u00e9paratoires, en offrant leur exp\u00e9rience et leur sagesse.<\/p>\n<p>Le nombre maximal de cardinaux \u00e9lecteurs est fix\u00e9 \u00e0 <strong>120<\/strong>, mais il n\u2019a pas \u00e9t\u00e9 rare que ce seuil soit l\u00e9g\u00e8rement d\u00e9pass\u00e9. Ce qui est le plus significatif est plut\u00f4t l\u2019aspect que le Coll\u00e8ge des Cardinaux a assum\u00e9 au cours des derni\u00e8res d\u00e9cennies\u00a0: d\u2019une assembl\u00e9e principalement italienne et europ\u00e9enne, il s\u2019est transform\u00e9 en un miroir fid\u00e8le de la catholicit\u00e9 universelle. Afrique, Asie, Am\u00e9rique Latine sont aujourd\u2019hui amplement repr\u00e9sent\u00e9es, signe tangible d\u2019une \u00c9glise qui s\u2019\u00e9largit aux fronti\u00e8res du monde.<\/p>\n<div class=\"link-article\">\n<p><img loading=\"lazy\" decoding=\"async\" class=\"size-full wp-image-10611 alignleft\" src=\"https:\/\/blog.holyart.it\/fr\/wp-content\/uploads\/sites\/14\/2025\/07\/consistoire-cardinalice.jpg\" alt=\"Consistoire cardinalice: de quoi s\u2019agit-il et comment cela fonctionne\" width=\"150\" height=\"99\" data-kale-share-title=\"Comment \u00e9lit-on un Pape : le r\u00f4le du Conclave et les secrets du rite\" data-kale-share-url=\"https:\/\/blog.holyart.it\/fr\/?p=10607\" \/><\/p>\n<div class=\"leggi-anche\">Lire aussi :<\/div>\n<p><strong><a href=\"https:\/\/www.holyart.fr\/blog\/articles-religieux\/consistoire-cardinalice-de-quoi-sagit-il-et-comment-cela-fonctionne\/\">Consistoire cardinalice: de quoi s\u2019agit-il et comment cela fonctionne<\/a><\/strong><br \/>\nLe Consistoire est une r\u00e9union de cardinaux recueillis autour du Pape&#8230;<\/p>\n<\/div>\n<p>Et pourtant, si l\u2019on se demande <strong>qui peut \u00eatre \u00e9lu<\/strong>, la r\u00e9ponse surprend. Il n\u2019est pas n\u00e9cessaire d\u2019\u00eatre cardinal. Ni \u00e9v\u00eaque. Ni, en th\u00e9orie, pr\u00eatre. Il suffit d\u2019\u00eatre un homme, baptis\u00e9 dans la fois catholique et c\u00e9libataire. S\u2019il n\u2019est pas d\u00e9j\u00e0 \u00e9v\u00eaque, l\u2019\u00e9lu devra recevoir l\u2019ordination \u00e9piscopale avant de pouvoir assumer le pontificat. Mais l\u2019histoire, avec sa force gravitationnelle, a choisi diff\u00e9remment\u00a0: depuis 1378, tous les Pape ont \u00e9t\u00e9 choisis parmi les cardinaux. Le dernier \u00e0 ne pas avoir \u00e9t\u00e9 cardinal fut Urban V en 1362\u00a0; le dernier non \u00e9v\u00eaque fut L\u00e9on X, en 1513, qui re\u00e7ut l\u2019ordination seulement apr\u00e8s l\u2019\u00e9lection. Depuis lors, l\u2019usage a pris le dessus sur la th\u00e9orie, mais la possibilit\u00e9 reste, comme une fen\u00eatre ouverte sur l\u2019impr\u00e9visibilit\u00e9 de l\u2019Esprit.<\/p>\n<h2>Les r\u00e8gles du Conclave<\/h2>\n<p>Le Conclave ne d\u00e9bute jamais \u00e0 l\u2019improviste. Il y a une attente qui pr\u00e9pare les \u00e2mes et les gestes. <a href=\"https:\/\/www.holyart.fr\/blog\/articles-religieux\/quarrive-t-il-a-la-mort-dun-pape-toutes-les-phases-du-deces-a-lelection-de-son-successeur\/\"><strong><u>Apr\u00e8s la mort du Pontife<\/u><\/strong><\/a>, ou sa renonciation, l\u2019\u00c9glise se recueille dans le deuil et dans la pri\u00e8re. On c\u00e9l\u00e8bre les <a href=\"https:\/\/www.holyart.fr\/blog\/articles-religieux\/comment-se-deroulent-des-funerailles-catholiques\/\"><strong><u>rites fun\u00e9raires<\/u><\/strong><\/a>, on \u00e9coute le silence des <strong>Novemdiales<\/strong>, ces neuf jours d\u00e9di\u00e9s \u00e0 la m\u00e9moire et aux adieux, mais aussi \u00e0 l\u2019interrogation de l\u2019Esprit. C\u2019est dans cette pause charg\u00e9e de pr\u00e9sages que Rome accueille les cardinaux venant de chaque coin du monde. Le Conclave ne s\u2019ouvre pas officiellement avant le quinzi\u00e8me jour, ni apr\u00e8s le vingt-et-uni\u00e8me.<\/p>\n<div class=\"link-article\">\n<p><img loading=\"lazy\" decoding=\"async\" class=\"size-full wp-image-10612 alignleft\" src=\"https:\/\/blog.holyart.it\/fr\/wp-content\/uploads\/sites\/14\/2025\/07\/Comment-se-deroulent-des-funerailles-catholiques.jpg\" alt=\"Comment se d\u00e9roulent des fun\u00e9railles catholiques\" width=\"150\" height=\"99\" data-kale-share-title=\"Comment \u00e9lit-on un Pape : le r\u00f4le du Conclave et les secrets du rite\" data-kale-share-url=\"https:\/\/blog.holyart.it\/fr\/?p=10607\" \/><\/p>\n<div class=\"leggi-anche\">Lire aussi :<\/div>\n<p><strong><a href=\"https:\/\/www.holyart.fr\/blog\/articles-religieux\/comment-se-deroulent-des-funerailles-catholiques\/\">Comment se d\u00e9roulent des fun\u00e9railles catholiques<\/a><\/strong><br \/>\nLa mort pour un catholique repr\u00e9sente une rencontre avec J\u00e9sus dans la vie \u00e9ternelle. Voici&#8230;<\/p>\n<\/div>\n<p>Au c\u0153ur de la Basilique Saint-Pierre, on c\u00e9l\u00e8bre la Messe <strong><em>Pro eligendo Pontefice<\/em><\/strong>. C\u2019est le dernier moment o\u00f9 les cardinaux se trouvent encore parmi le peuple, avant que le monde ne se referme derri\u00e8re les portes sculpt\u00e9es de la Chapelle Sixtine. Dans l\u2019apr\u00e8s-midi, au son de l\u2019ancien <em>Veni Creator Spiritus<\/em>, ils d\u00e9filent en procession dans la <strong>Chapelle Pauline<\/strong>\u00a0: c\u2019est un cort\u00e8ge de pourpres, mais aussi de consciences en chemin vers un choix qui n\u2019appartient pas uniquement \u00e0 la terre.<\/p>\n<p>Une fois entr\u00e9s dans la Chapelle Sixtine, <strong>tout le monde pr\u00eate serment<\/strong>. Les mots sont solennels, l\u2019atmosph\u00e8re est rar\u00e9fi\u00e9es. Ensuite le Ma\u00eetre des C\u00e9l\u00e9brations Liturgiques Pontificales prononce l\u2019<strong><em>Extra omnes<\/em><\/strong>, \u00ab\u00a0Dehors tous\u00a0!\u00a0\u00bb, et les portes se referment. \u00c0 partir de ce moment-l\u00e0, ce qui arrive \u00e0 l\u2019int\u00e9rieur de la pi\u00e8ce reste conserv\u00e9 dans un silence qu\u2019aucun temps ne pourra violer.<\/p>\n<p>Les cardinaux r\u00e9sident dans la\u00a0<em>Domus Sanctae Marthae<\/em>, une maison con\u00e7ue pour la sobri\u00e9t\u00e9 et la concentration, distante des pompeuses pi\u00e8ces d\u2019autrefois. Chaque contact avec le monde ext\u00e9rieur est <strong>interrompu<\/strong>. Aucun t\u00e9l\u00e9phone, aucun ordinateur, aucun message ne peut traverses les murs du Conclave. Les locaux sont contr\u00f4l\u00e9s avec z\u00e8le, chaque moyen de communication banni, chaque infraction punie avec l\u2019excommunication. M\u00e9decins, infirmiers, confesseurs, techniciens, tous, sans exception, jurent de garder le secret, comme des sentinelles d\u2019un myst\u00e8re plus grand qu\u2019eux.<\/p>\n<p>Les votes suivent un rituel mill\u00e9naire, inchang\u00e9 dans son essentialit\u00e9. <strong>Quatre scrutins par jour<\/strong>\u00a0: deux le matin, deux l\u2019apr\u00e8s-midi. \u00c0 chaque tour, chaque cardinal re\u00e7oit un bulletin rectangulaire. En haut, tr\u00f4ne la formule latine <strong><em>Eligo in Summum Ponteficem<\/em><\/strong>, \u00ab\u00a0J\u2019\u00e9lis comme Souverain Pontife\u00a0\u00bb, tandis qu\u2019en bas on \u00e9crit, avec une calligraphie alt\u00e9r\u00e9e afin de garantir l\u2019anonymat, le nom de l\u2019\u00e9lu.<\/p>\n<div class=\"link-article\">\n<p><img loading=\"lazy\" decoding=\"async\" class=\"size-full wp-image-10613 alignleft\" src=\"https:\/\/blog.holyart.it\/fr\/wp-content\/uploads\/sites\/14\/2025\/07\/mort-d-un-pape.jpg\" alt=\"Qu\u2019arrive-t-il \u00e0 la mort d\u2019un Pape : toutes les phases du d\u00e9c\u00e8s \u00e0 l\u2019\u00e9lection de son successeur\" width=\"150\" height=\"99\" data-kale-share-title=\"Comment \u00e9lit-on un Pape : le r\u00f4le du Conclave et les secrets du rite\" data-kale-share-url=\"https:\/\/blog.holyart.it\/fr\/?p=10607\" \/><\/p>\n<div class=\"leggi-anche\">Lire aussi :<\/div>\n<p><strong><a href=\"https:\/\/www.holyart.fr\/blog\/articles-religieux\/quarrive-t-il-a-la-mort-dun-pape-toutes-les-phases-du-deces-a-lelection-de-son-successeur\/\">Qu\u2019arrive-t-il \u00e0 la mort d\u2019un Pape : toutes les phases du d\u00e9c\u00e8s \u00e0 l\u2019\u00e9lection de son successeur<\/a><\/strong><br \/>\nMort d\u2019un Pape : qu\u2019arrive-t-il vraiment entre le d\u00e9c\u00e8s et l\u2019\u00e9lection du&#8230;<\/p>\n<\/div>\n<p>Un \u00e0 la fois, selon l\u2019ordre de pr\u00e9s\u00e9ance, les cardinaux se l\u00e8vent. Ils gardent le bulletin entre pouce et index, visible, dans un geste ancien de transparence et de responsabilit\u00e9. Arriv\u00e9s \u00e0 l\u2019autel, ils prononcent le serment : <strong><em>Testor Christum Dominum<\/em><\/strong>\u2026, \u00ab\u00a0<em>J\u2019appelle \u00e0 t\u00e9moin Christ Seigneur, qui me jugera, que mon vote est donn\u00e9 \u00e0 celui qui, selon Dieu, je crois devoir \u00eatre \u00e9lu<\/em>\u00a0\u00bb. Ensuite, ils d\u00e9posent le bulletin sur un plateau, qui est soulev\u00e9 et inclin\u00e9 sur l\u2019urne\u00a0: c\u2019est seulement ainsi que le bulletin tombe, dans un geste qui est en m\u00eame temps ob\u00e9issance et confiance.<\/p>\n<p>Quand tout le monde a vot\u00e9, le <strong>scrutin<\/strong> commence. Les bulletins sont m\u00e9lang\u00e9s, compt\u00e9s, lus un par un. Les noms, prononc\u00e9s \u00e0 voix haute, traversent l\u2019air immobile de la Chapelle Sixtine. Les scrutateurs les notent et les attachent avec un fil afin de ne pas en perdre trace. Enfin, les r\u00e9viseurs contr\u00f4lent chaque chiffre, chaque marque. C\u2019est une math\u00e9matique de l\u2019esprit, o\u00f9 chaque vote p\u00e8se comme un grain d\u2019\u00e9ternit\u00e9.<\/p>\n<p>La majorit\u00e9 requise est des <strong>deux tiers<\/strong>\u00a0: car un Pape ne peut pas \u00eatre le r\u00e9sultat d\u2019une faction, mais l\u2019expression partag\u00e9e d\u2019un peuple qui esp\u00e8re et prie uni. Et si l\u2019Esprit se tait, on recommence. On attend. On pers\u00e9v\u00e8re. Jusqu\u2019\u00e0 ce qu\u2019un nom n\u2019\u00e9merge, clair, comme une lumi\u00e8re dans le brouillard. Et alors, seulement alors, on pr\u00e9pare la fum\u00e9e blanche.<\/p>\n<p>&nbsp;<\/p>\n<h2>La fum\u00e9e noire ou blanche<\/h2>\n<p>\u00c0 la fin de chaque scrutin, les bulletins sont <strong>br\u00fbl\u00e9s dans un po\u00eale sp\u00e9cial<\/strong>. La fum\u00e9e qui sort de la chemin\u00e9e de la Chapelle Sixtine communique au monde son r\u00e9sultat\u00a0: <strong>noire<\/strong> si la majorit\u00e9 n\u2019a pas \u00e9t\u00e9 atteinte, <strong>blanche<\/strong> si un nouveau Pape a \u00e9t\u00e9 \u00e9lu. Dehors, sur Place Saint-Pierre, des milliers d\u2019yeux scrutent avec impatience la chemin\u00e9e de la Sixtine. C\u2019est de l\u00e0 que se l\u00e8ve le signal qui annonce l\u2019issue de chaque scrutin\u00a0: la fum\u00e9e noire, symbole d\u2019incertitude, ou la fum\u00e9e blanche, signe qu\u2019un nouveau successeur de Pierre a \u00e9t\u00e9 trouv\u00e9.<\/p>\n<p>Au cours des si\u00e8cles, les techniques pour produire la fum\u00e9e ont \u00e9t\u00e9 peaufin\u00e9es. Autrefois, il suffisait de br\u00fbler les bulletins ; aujourd\u2019hui, des <strong>m\u00e9langes chimiques<\/strong> sp\u00e9cifiques assurent que la couleur soit indubitable. Une combinaison de lactose, chlorate de potassium et de colophane g\u00e9n\u00e8re la fum\u00e9e blanche, tandis qu\u2019anthrac\u00e8ne et soufre assurent la fum\u00e9e noire. Depuis 2005, afin d\u2019\u00e9viter toute possible ambigu\u00eft\u00e9, le signal de la fum\u00e9e blanche est accompagn\u00e9 aussi par le son joyeux des cloches de la Basilique Saint-Pierre.<\/p>\n<p>La foule, recueillie sous le ciel de Rome, retient son souffle. Chaque bouff\u00e9e de fum\u00e9e est observ\u00e9e avec anxi\u00e9t\u00e9, chaque h\u00e9sitation analys\u00e9e, chaque changement de vent interpr\u00e9t\u00e9 comme un pr\u00e9sage. Ensuite, enfin, le blanc \u00e9merge avec d\u00e9termination\u00a0: un grondement de joie explose sur la place, les cloches sonnent leur musique de f\u00eate et le monde entier sait qu\u2019un nouveau Pape a \u00e9t\u00e9 \u00e9lu.<\/p>\n<h2><em>Habemus papam<\/em><\/h2>\n<p>Une fois atteinte la majorit\u00e9 requise, le Doyen du Coll\u00e8ge des Cardinaux s\u2019approche de l\u2019\u00e9lu et lui adresse la question rituelle\u00a0: \u00ab\u00a0<em>Acceptez-vous votre \u00e9lection canonique comme Souverain Pontife\u00a0?<\/em>\u00a0\u00bb. Si le candidat accepte, il <strong>devient Pape imm\u00e9diatement<\/strong>. On lui demande donc quel nom il souhaite prendre, inaugurant ainsi une nouvelle page de l\u2019histoire eccl\u00e9siale.<\/p>\n<p>Le nouveau Pape est ensuite conduit dans la <strong>Chambre des Larmes<\/strong>, une petite pi\u00e8ce adjacente \u00e0 la Chapelle Sixtine, o\u00f9, entour\u00e9 d\u2019une intense \u00e9motion, il porte pour la premi\u00e8re fois la <strong>robe blanche<\/strong> pr\u00e9par\u00e9e en trois tailles diff\u00e9rentes. En ce bref et intense moment, il embrasse la responsabilit\u00e9 de guider le milliard de fid\u00e8les dispers\u00e9s dans le monde. Il n\u2019est pas rare que les larmes sillonnent les visages dans cette pi\u00e8ce. Le poids de l\u2019office p\u00e9trinien se manifeste tout d\u2019un coup\u00a0: la joie, la peur, l\u2019immense appel \u00e0 servir.<\/p>\n<p>Quand tout est pr\u00eat, le Cardinal Protodiacre se pr\u00e9sente \u00e0 la Loggia des B\u00e9n\u00e9dictions et prononce la formule que le monde attend tant\u00a0: \u00ab\u00a0<strong><em>Annuntio vobis gaudium magnum\u00a0: Habemus Papam\u00a0!<\/em><\/strong>\u00a0\u00bb. Suivent le nom du nouveau Pontife et celui qu\u2019il a choisi pour son minist\u00e8re.<\/p>\n<p>Le nouveau Pape se pr\u00e9sente aux fid\u00e8les r\u00e9unis Place Saint-Pierre, leur adresse un premier salut, souvent simple et empli d\u2019humilit\u00e9, et donne la <a href=\"https:\/\/www.holyart.fr\/blog\/articles-religieux\/comment-demander-la-benediction-apostolique-du-pape\/\"><strong><u>b\u00e9n\u00e9diction<\/u><\/strong><\/a> <strong><em>Urbi et Orbi<\/em><\/strong>, \u00e0 la ville et au monde. Avec ce geste, il assume publiquement la mission qui lui a \u00e9t\u00e9 confi\u00e9e\u00a0: \u00eatre guide spirituel, pasteur universel et signe vivant de la continuit\u00e9 de l\u2019\u00c9glise catholique. Ainsi, tandis que l\u2019\u00e9cho des cloches se diffusent entre les coupoles et les places, un nouveau chapitre s\u2019ouvre dans l\u2019histoire de l\u2019\u00c9glise, suspendu entre l\u2019ancien et le nouveau, entre la fid\u00e9lit\u00e9 \u00e0 la tradition et les d\u00e9fis d\u2019un monde en transformation continue.<\/p>\n<div class=\"link-article\">\n<p><img loading=\"lazy\" decoding=\"async\" class=\"size-full wp-image-10614 alignleft\" src=\"https:\/\/blog.holyart.it\/fr\/wp-content\/uploads\/sites\/14\/2025\/07\/benedition-apostolique.jpg\" alt=\"Comment demander la B\u00e9n\u00e9diction Apostolique du Pape\" width=\"150\" height=\"99\" data-kale-share-title=\"Comment \u00e9lit-on un Pape : le r\u00f4le du Conclave et les secrets du rite\" data-kale-share-url=\"https:\/\/blog.holyart.it\/fr\/?p=10607\" \/><\/p>\n<div class=\"leggi-anche\">Lire aussi :<\/div>\n<p><strong><a href=\"https:\/\/www.holyart.fr\/blog\/articles-religieux\/comment-demander-la-benediction-apostolique-du-pape\/\">Comment demander la B\u00e9n\u00e9diction Apostolique du Pape<\/a><\/strong><br \/>\nLa B\u00e9n\u00e9diction Papale, \u00e9galement connue comme B\u00e9n\u00e9diction Apostolique, est une b\u00e9n\u00e9diction sp\u00e9ciale conc\u00e9d\u00e9e&#8230;<\/p>\n<\/div>\n<p>&nbsp;<\/p>\n","protected":false},"excerpt":{"rendered":"<p>Comment \u00e9lit-on un Pape ? Histoire, tradition et myst\u00e8res d\u2019un rite ancien : le Conclave Quand le tr\u00f4ne pontifical est vacant, l\u2019\u00c9glise catholique se pr\u00e9pare \u00e0 vivre l\u2019un de ses moments les plus solennels et les plus myst\u00e9rieux. C\u2019est comme si le temps m\u00eame ralentissait,&hellip;<\/p>\n","protected":false},"author":1,"featured_media":10608,"comment_status":"closed","ping_status":"open","sticky":false,"template":"","format":"standard","meta":{"_acf_changed":false,"footnotes":""},"categories":[8],"tags":[],"class_list":["post-10607","post","type-post","status-publish","format-standard","has-post-thumbnail","hentry","category-articles-religieux"],"acf":[],"yoast_head":"<!-- This site is optimized with the Yoast SEO plugin v26.6 - https:\/\/yoast.com\/wordpress\/plugins\/seo\/ -->\n<title>Comment \u00e9lit-on un Pape : le r\u00f4le du Conclave et les secrets du rite - Holyart.fr Blog<\/title>\n<meta name=\"description\" content=\"Comment \u00e9lit-on un Pape ? Histoire, tradition et myst\u00e8res d\u2019un rite ancien : le Conclave\" \/>\n<meta name=\"robots\" content=\"index, follow, max-snippet:-1, max-image-preview:large, max-video-preview:-1\" \/>\n<link rel=\"canonical\" href=\"https:\/\/blog.holyart.it\/fr\/articles-religieux\/comment-elit-on-un-pape-le-role-du-conclave-et-les-secrets-du-rite\/\" \/>\n<meta property=\"og:locale\" content=\"fr_FR\" \/>\n<meta property=\"og:type\" content=\"article\" \/>\n<meta property=\"og:title\" content=\"Comment \u00e9lit-on un Pape : le r\u00f4le du Conclave et les secrets du rite - Holyart.fr Blog\" \/>\n<meta property=\"og:description\" content=\"Comment \u00e9lit-on un Pape ? Histoire, tradition et myst\u00e8res d\u2019un rite ancien : le Conclave\" \/>\n<meta property=\"og:url\" content=\"https:\/\/blog.holyart.it\/fr\/articles-religieux\/comment-elit-on-un-pape-le-role-du-conclave-et-les-secrets-du-rite\/\" \/>\n<meta property=\"og:site_name\" content=\"Holyart.fr Blog\" \/>\n<meta property=\"article:published_time\" content=\"2025-07-07T08:00:50+00:00\" \/>\n<meta property=\"article:modified_time\" content=\"2025-08-13T09:04:38+00:00\" \/>\n<meta property=\"og:image\" content=\"https:\/\/blog.holyart.it\/fr\/wp-content\/uploads\/sites\/14\/2025\/07\/comment-un-pape-est-il-elu-en-conclave.jpg\" \/>\n\t<meta property=\"og:image:width\" content=\"1000\" \/>\n\t<meta property=\"og:image:height\" content=\"666\" \/>\n\t<meta property=\"og:image:type\" content=\"image\/jpeg\" \/>\n<meta name=\"author\" content=\"Redazione\" \/>\n<meta name=\"twitter:card\" content=\"summary_large_image\" \/>\n<meta name=\"twitter:label1\" content=\"\u00c9crit par\" \/>\n\t<meta name=\"twitter:data1\" content=\"Redazione\" \/>\n\t<meta name=\"twitter:label2\" content=\"Dur\u00e9e de lecture estim\u00e9e\" \/>\n\t<meta name=\"twitter:data2\" content=\"12 minutes\" \/>\n<script type=\"application\/ld+json\" class=\"yoast-schema-graph\">{\"@context\":\"https:\/\/schema.org\",\"@graph\":[{\"@type\":\"Article\",\"@id\":\"https:\/\/blog.holyart.it\/fr\/articles-religieux\/comment-elit-on-un-pape-le-role-du-conclave-et-les-secrets-du-rite\/#article\",\"isPartOf\":{\"@id\":\"https:\/\/blog.holyart.it\/fr\/articles-religieux\/comment-elit-on-un-pape-le-role-du-conclave-et-les-secrets-du-rite\/\"},\"author\":{\"name\":\"Redazione\",\"@id\":\"https:\/\/blog.holyart.it\/fr\/#\/schema\/person\/0a7b686e5af0f856ec1e390dd0baecda\"},\"headline\":\"Comment \u00e9lit-on un Pape : le r\u00f4le du Conclave et les secrets du rite\",\"datePublished\":\"2025-07-07T08:00:50+00:00\",\"dateModified\":\"2025-08-13T09:04:38+00:00\",\"mainEntityOfPage\":{\"@id\":\"https:\/\/blog.holyart.it\/fr\/articles-religieux\/comment-elit-on-un-pape-le-role-du-conclave-et-les-secrets-du-rite\/\"},\"wordCount\":2424,\"publisher\":{\"@id\":\"https:\/\/blog.holyart.it\/fr\/#organization\"},\"image\":{\"@id\":\"https:\/\/blog.holyart.it\/fr\/articles-religieux\/comment-elit-on-un-pape-le-role-du-conclave-et-les-secrets-du-rite\/#primaryimage\"},\"thumbnailUrl\":\"https:\/\/blog.holyart.it\/fr\/wp-content\/uploads\/sites\/14\/2025\/07\/comment-un-pape-est-il-elu-en-conclave.jpg\",\"articleSection\":[\"Religion\"],\"inLanguage\":\"fr-FR\"},{\"@type\":\"WebPage\",\"@id\":\"https:\/\/blog.holyart.it\/fr\/articles-religieux\/comment-elit-on-un-pape-le-role-du-conclave-et-les-secrets-du-rite\/\",\"url\":\"https:\/\/blog.holyart.it\/fr\/articles-religieux\/comment-elit-on-un-pape-le-role-du-conclave-et-les-secrets-du-rite\/\",\"name\":\"Comment \u00e9lit-on un Pape : le r\u00f4le du Conclave et les secrets du rite - Holyart.fr Blog\",\"isPartOf\":{\"@id\":\"https:\/\/blog.holyart.it\/fr\/#website\"},\"primaryImageOfPage\":{\"@id\":\"https:\/\/blog.holyart.it\/fr\/articles-religieux\/comment-elit-on-un-pape-le-role-du-conclave-et-les-secrets-du-rite\/#primaryimage\"},\"image\":{\"@id\":\"https:\/\/blog.holyart.it\/fr\/articles-religieux\/comment-elit-on-un-pape-le-role-du-conclave-et-les-secrets-du-rite\/#primaryimage\"},\"thumbnailUrl\":\"https:\/\/blog.holyart.it\/fr\/wp-content\/uploads\/sites\/14\/2025\/07\/comment-un-pape-est-il-elu-en-conclave.jpg\",\"datePublished\":\"2025-07-07T08:00:50+00:00\",\"dateModified\":\"2025-08-13T09:04:38+00:00\",\"description\":\"Comment \u00e9lit-on un Pape ? Histoire, tradition et myst\u00e8res d\u2019un rite ancien : le Conclave\",\"breadcrumb\":{\"@id\":\"https:\/\/blog.holyart.it\/fr\/articles-religieux\/comment-elit-on-un-pape-le-role-du-conclave-et-les-secrets-du-rite\/#breadcrumb\"},\"inLanguage\":\"fr-FR\",\"potentialAction\":[{\"@type\":\"ReadAction\",\"target\":[\"https:\/\/blog.holyart.it\/fr\/articles-religieux\/comment-elit-on-un-pape-le-role-du-conclave-et-les-secrets-du-rite\/\"]}]},{\"@type\":\"ImageObject\",\"inLanguage\":\"fr-FR\",\"@id\":\"https:\/\/blog.holyart.it\/fr\/articles-religieux\/comment-elit-on-un-pape-le-role-du-conclave-et-les-secrets-du-rite\/#primaryimage\",\"url\":\"https:\/\/blog.holyart.it\/fr\/wp-content\/uploads\/sites\/14\/2025\/07\/comment-un-pape-est-il-elu-en-conclave.jpg\",\"contentUrl\":\"https:\/\/blog.holyart.it\/fr\/wp-content\/uploads\/sites\/14\/2025\/07\/comment-un-pape-est-il-elu-en-conclave.jpg\",\"width\":1000,\"height\":666,\"caption\":\"Comment \u00e9lit-on un Pape : le r\u00f4le du Conclave et les secrets du rite\"},{\"@type\":\"BreadcrumbList\",\"@id\":\"https:\/\/blog.holyart.it\/fr\/articles-religieux\/comment-elit-on-un-pape-le-role-du-conclave-et-les-secrets-du-rite\/#breadcrumb\",\"itemListElement\":[{\"@type\":\"ListItem\",\"position\":1,\"name\":\"Homepage\",\"item\":\"https:\/\/blog.holyart.it\/fr\/\"},{\"@type\":\"ListItem\",\"position\":2,\"name\":\"Religion\",\"item\":\"https:\/\/blog.holyart.it\/fr\/articles-religieux\/\"},{\"@type\":\"ListItem\",\"position\":3,\"name\":\"Comment \u00e9lit-on un Pape : le r\u00f4le du Conclave et les secrets du rite\"}]},{\"@type\":\"WebSite\",\"@id\":\"https:\/\/blog.holyart.it\/fr\/#website\",\"url\":\"https:\/\/blog.holyart.it\/fr\/\",\"name\":\"Holyart.fr Blog\",\"description\":\"Holyblog\",\"publisher\":{\"@id\":\"https:\/\/blog.holyart.it\/fr\/#organization\"},\"potentialAction\":[{\"@type\":\"SearchAction\",\"target\":{\"@type\":\"EntryPoint\",\"urlTemplate\":\"https:\/\/blog.holyart.it\/fr\/?s={search_term_string}\"},\"query-input\":{\"@type\":\"PropertyValueSpecification\",\"valueRequired\":true,\"valueName\":\"search_term_string\"}}],\"inLanguage\":\"fr-FR\"},{\"@type\":\"Organization\",\"@id\":\"https:\/\/blog.holyart.it\/fr\/#organization\",\"name\":\"Holyart.fr Blog\",\"url\":\"https:\/\/blog.holyart.it\/fr\/\",\"logo\":{\"@type\":\"ImageObject\",\"inLanguage\":\"fr-FR\",\"@id\":\"https:\/\/blog.holyart.it\/fr\/#\/schema\/logo\/image\/\",\"url\":\"https:\/\/blog.holyart.it\/fr\/wp-content\/uploads\/sites\/14\/2022\/12\/Holyart_Blog_Logo.jpg\",\"contentUrl\":\"https:\/\/blog.holyart.it\/fr\/wp-content\/uploads\/sites\/14\/2022\/12\/Holyart_Blog_Logo.jpg\",\"width\":300,\"height\":50,\"caption\":\"Holyart.fr Blog\"},\"image\":{\"@id\":\"https:\/\/blog.holyart.it\/fr\/#\/schema\/logo\/image\/\"}},{\"@type\":\"Person\",\"@id\":\"https:\/\/blog.holyart.it\/fr\/#\/schema\/person\/0a7b686e5af0f856ec1e390dd0baecda\",\"name\":\"Redazione\",\"image\":{\"@type\":\"ImageObject\",\"inLanguage\":\"fr-FR\",\"@id\":\"https:\/\/blog.holyart.it\/fr\/#\/schema\/person\/image\/\",\"url\":\"https:\/\/secure.gravatar.com\/avatar\/f477da817f43e50d0af36abecd33e3edf826c68299714bdc1057dff3b113f516?s=96&d=mm&r=g\",\"contentUrl\":\"https:\/\/secure.gravatar.com\/avatar\/f477da817f43e50d0af36abecd33e3edf826c68299714bdc1057dff3b113f516?s=96&d=mm&r=g\",\"caption\":\"Redazione\"},\"url\":\"https:\/\/blog.holyart.it\/fr\/author\/admin\/\"}]}<\/script>\n<!-- \/ Yoast SEO plugin. -->","yoast_head_json":{"title":"Comment \u00e9lit-on un Pape : le r\u00f4le du Conclave et les secrets du rite - Holyart.fr Blog","description":"Comment \u00e9lit-on un Pape ? Histoire, tradition et myst\u00e8res d\u2019un rite ancien : le Conclave","robots":{"index":"index","follow":"follow","max-snippet":"max-snippet:-1","max-image-preview":"max-image-preview:large","max-video-preview":"max-video-preview:-1"},"canonical":"https:\/\/blog.holyart.it\/fr\/articles-religieux\/comment-elit-on-un-pape-le-role-du-conclave-et-les-secrets-du-rite\/","og_locale":"fr_FR","og_type":"article","og_title":"Comment \u00e9lit-on un Pape : le r\u00f4le du Conclave et les secrets du rite - Holyart.fr Blog","og_description":"Comment \u00e9lit-on un Pape ? Histoire, tradition et myst\u00e8res d\u2019un rite ancien : le Conclave","og_url":"https:\/\/blog.holyart.it\/fr\/articles-religieux\/comment-elit-on-un-pape-le-role-du-conclave-et-les-secrets-du-rite\/","og_site_name":"Holyart.fr Blog","article_published_time":"2025-07-07T08:00:50+00:00","article_modified_time":"2025-08-13T09:04:38+00:00","og_image":[{"width":1000,"height":666,"url":"https:\/\/blog.holyart.it\/fr\/wp-content\/uploads\/sites\/14\/2025\/07\/comment-un-pape-est-il-elu-en-conclave.jpg","type":"image\/jpeg"}],"author":"Redazione","twitter_card":"summary_large_image","twitter_misc":{"\u00c9crit par":"Redazione","Dur\u00e9e de lecture estim\u00e9e":"12 minutes"},"schema":{"@context":"https:\/\/schema.org","@graph":[{"@type":"Article","@id":"https:\/\/blog.holyart.it\/fr\/articles-religieux\/comment-elit-on-un-pape-le-role-du-conclave-et-les-secrets-du-rite\/#article","isPartOf":{"@id":"https:\/\/blog.holyart.it\/fr\/articles-religieux\/comment-elit-on-un-pape-le-role-du-conclave-et-les-secrets-du-rite\/"},"author":{"name":"Redazione","@id":"https:\/\/blog.holyart.it\/fr\/#\/schema\/person\/0a7b686e5af0f856ec1e390dd0baecda"},"headline":"Comment \u00e9lit-on un Pape : le r\u00f4le du Conclave et les secrets du rite","datePublished":"2025-07-07T08:00:50+00:00","dateModified":"2025-08-13T09:04:38+00:00","mainEntityOfPage":{"@id":"https:\/\/blog.holyart.it\/fr\/articles-religieux\/comment-elit-on-un-pape-le-role-du-conclave-et-les-secrets-du-rite\/"},"wordCount":2424,"publisher":{"@id":"https:\/\/blog.holyart.it\/fr\/#organization"},"image":{"@id":"https:\/\/blog.holyart.it\/fr\/articles-religieux\/comment-elit-on-un-pape-le-role-du-conclave-et-les-secrets-du-rite\/#primaryimage"},"thumbnailUrl":"https:\/\/blog.holyart.it\/fr\/wp-content\/uploads\/sites\/14\/2025\/07\/comment-un-pape-est-il-elu-en-conclave.jpg","articleSection":["Religion"],"inLanguage":"fr-FR"},{"@type":"WebPage","@id":"https:\/\/blog.holyart.it\/fr\/articles-religieux\/comment-elit-on-un-pape-le-role-du-conclave-et-les-secrets-du-rite\/","url":"https:\/\/blog.holyart.it\/fr\/articles-religieux\/comment-elit-on-un-pape-le-role-du-conclave-et-les-secrets-du-rite\/","name":"Comment \u00e9lit-on un Pape : le r\u00f4le du Conclave et les secrets du rite - Holyart.fr Blog","isPartOf":{"@id":"https:\/\/blog.holyart.it\/fr\/#website"},"primaryImageOfPage":{"@id":"https:\/\/blog.holyart.it\/fr\/articles-religieux\/comment-elit-on-un-pape-le-role-du-conclave-et-les-secrets-du-rite\/#primaryimage"},"image":{"@id":"https:\/\/blog.holyart.it\/fr\/articles-religieux\/comment-elit-on-un-pape-le-role-du-conclave-et-les-secrets-du-rite\/#primaryimage"},"thumbnailUrl":"https:\/\/blog.holyart.it\/fr\/wp-content\/uploads\/sites\/14\/2025\/07\/comment-un-pape-est-il-elu-en-conclave.jpg","datePublished":"2025-07-07T08:00:50+00:00","dateModified":"2025-08-13T09:04:38+00:00","description":"Comment \u00e9lit-on un Pape ? Histoire, tradition et myst\u00e8res d\u2019un rite ancien : le Conclave","breadcrumb":{"@id":"https:\/\/blog.holyart.it\/fr\/articles-religieux\/comment-elit-on-un-pape-le-role-du-conclave-et-les-secrets-du-rite\/#breadcrumb"},"inLanguage":"fr-FR","potentialAction":[{"@type":"ReadAction","target":["https:\/\/blog.holyart.it\/fr\/articles-religieux\/comment-elit-on-un-pape-le-role-du-conclave-et-les-secrets-du-rite\/"]}]},{"@type":"ImageObject","inLanguage":"fr-FR","@id":"https:\/\/blog.holyart.it\/fr\/articles-religieux\/comment-elit-on-un-pape-le-role-du-conclave-et-les-secrets-du-rite\/#primaryimage","url":"https:\/\/blog.holyart.it\/fr\/wp-content\/uploads\/sites\/14\/2025\/07\/comment-un-pape-est-il-elu-en-conclave.jpg","contentUrl":"https:\/\/blog.holyart.it\/fr\/wp-content\/uploads\/sites\/14\/2025\/07\/comment-un-pape-est-il-elu-en-conclave.jpg","width":1000,"height":666,"caption":"Comment \u00e9lit-on un Pape : le r\u00f4le du Conclave et les secrets du rite"},{"@type":"BreadcrumbList","@id":"https:\/\/blog.holyart.it\/fr\/articles-religieux\/comment-elit-on-un-pape-le-role-du-conclave-et-les-secrets-du-rite\/#breadcrumb","itemListElement":[{"@type":"ListItem","position":1,"name":"Homepage","item":"https:\/\/blog.holyart.it\/fr\/"},{"@type":"ListItem","position":2,"name":"Religion","item":"https:\/\/blog.holyart.it\/fr\/articles-religieux\/"},{"@type":"ListItem","position":3,"name":"Comment \u00e9lit-on un Pape : le r\u00f4le du Conclave et les secrets du rite"}]},{"@type":"WebSite","@id":"https:\/\/blog.holyart.it\/fr\/#website","url":"https:\/\/blog.holyart.it\/fr\/","name":"Holyart.fr Blog","description":"Holyblog","publisher":{"@id":"https:\/\/blog.holyart.it\/fr\/#organization"},"potentialAction":[{"@type":"SearchAction","target":{"@type":"EntryPoint","urlTemplate":"https:\/\/blog.holyart.it\/fr\/?s={search_term_string}"},"query-input":{"@type":"PropertyValueSpecification","valueRequired":true,"valueName":"search_term_string"}}],"inLanguage":"fr-FR"},{"@type":"Organization","@id":"https:\/\/blog.holyart.it\/fr\/#organization","name":"Holyart.fr Blog","url":"https:\/\/blog.holyart.it\/fr\/","logo":{"@type":"ImageObject","inLanguage":"fr-FR","@id":"https:\/\/blog.holyart.it\/fr\/#\/schema\/logo\/image\/","url":"https:\/\/blog.holyart.it\/fr\/wp-content\/uploads\/sites\/14\/2022\/12\/Holyart_Blog_Logo.jpg","contentUrl":"https:\/\/blog.holyart.it\/fr\/wp-content\/uploads\/sites\/14\/2022\/12\/Holyart_Blog_Logo.jpg","width":300,"height":50,"caption":"Holyart.fr Blog"},"image":{"@id":"https:\/\/blog.holyart.it\/fr\/#\/schema\/logo\/image\/"}},{"@type":"Person","@id":"https:\/\/blog.holyart.it\/fr\/#\/schema\/person\/0a7b686e5af0f856ec1e390dd0baecda","name":"Redazione","image":{"@type":"ImageObject","inLanguage":"fr-FR","@id":"https:\/\/blog.holyart.it\/fr\/#\/schema\/person\/image\/","url":"https:\/\/secure.gravatar.com\/avatar\/f477da817f43e50d0af36abecd33e3edf826c68299714bdc1057dff3b113f516?s=96&d=mm&r=g","contentUrl":"https:\/\/secure.gravatar.com\/avatar\/f477da817f43e50d0af36abecd33e3edf826c68299714bdc1057dff3b113f516?s=96&d=mm&r=g","caption":"Redazione"},"url":"https:\/\/blog.holyart.it\/fr\/author\/admin\/"}]}},"_links":{"self":[{"href":"https:\/\/blog.holyart.it\/fr\/wp-json\/wp\/v2\/posts\/10607","targetHints":{"allow":["GET"]}}],"collection":[{"href":"https:\/\/blog.holyart.it\/fr\/wp-json\/wp\/v2\/posts"}],"about":[{"href":"https:\/\/blog.holyart.it\/fr\/wp-json\/wp\/v2\/types\/post"}],"author":[{"embeddable":true,"href":"https:\/\/blog.holyart.it\/fr\/wp-json\/wp\/v2\/users\/1"}],"replies":[{"embeddable":true,"href":"https:\/\/blog.holyart.it\/fr\/wp-json\/wp\/v2\/comments?post=10607"}],"version-history":[{"count":5,"href":"https:\/\/blog.holyart.it\/fr\/wp-json\/wp\/v2\/posts\/10607\/revisions"}],"predecessor-version":[{"id":10619,"href":"https:\/\/blog.holyart.it\/fr\/wp-json\/wp\/v2\/posts\/10607\/revisions\/10619"}],"wp:featuredmedia":[{"embeddable":true,"href":"https:\/\/blog.holyart.it\/fr\/wp-json\/wp\/v2\/media\/10608"}],"wp:attachment":[{"href":"https:\/\/blog.holyart.it\/fr\/wp-json\/wp\/v2\/media?parent=10607"}],"wp:term":[{"taxonomy":"category","embeddable":true,"href":"https:\/\/blog.holyart.it\/fr\/wp-json\/wp\/v2\/categories?post=10607"},{"taxonomy":"post_tag","embeddable":true,"href":"https:\/\/blog.holyart.it\/fr\/wp-json\/wp\/v2\/tags?post=10607"}],"curies":[{"name":"wp","href":"https:\/\/api.w.org\/{rel}","templated":true}]}}