{"id":10592,"date":"2025-07-02T10:00:56","date_gmt":"2025-07-02T08:00:56","guid":{"rendered":"https:\/\/blog.holyart.it\/fr\/?p=10592"},"modified":"2025-08-12T10:43:05","modified_gmt":"2025-08-12T08:43:05","slug":"quarrive-t-il-a-la-mort-dun-pape-toutes-les-phases-du-deces-a-lelection-de-son-successeur","status":"publish","type":"post","link":"https:\/\/blog.holyart.it\/fr\/articles-religieux\/quarrive-t-il-a-la-mort-dun-pape-toutes-les-phases-du-deces-a-lelection-de-son-successeur\/","title":{"rendered":"Qu\u2019arrive-t-il \u00e0 la mort d\u2019un Pape : toutes les phases du d\u00e9c\u00e8s \u00e0 l\u2019\u00e9lection de son successeur"},"content":{"rendered":"<h4>Mort d\u2019un Pape\u00a0: qu\u2019arrive-t-il vraiment entre le d\u00e9c\u00e8s et l\u2019\u00e9lection du successeur<\/h4>\n\n<p>La mort d\u2019un Pape n\u2019est pas un \u00e9v\u00e9nement commun. Il ne l\u2019a jamais \u00e9t\u00e9, en deux milles ans d\u2019histoire de l\u2019\u00c9glise.<br \/>\nQuand un Pontife d\u00e9c\u00e8de, il n\u2019y a pas seulement un homme qui s\u2019\u00e9teint, mais une <strong>saison spirituelle enti\u00e8re<\/strong>, pastorale, politique et humaine qui se referme. <a href=\"https:\/\/holyart.fr\/blog\/occasions-speciales\/comment-pape-francois-a-transforme-leglise\/\"><strong>Une voix qui a guid\u00e9 des millions de fid\u00e8les<\/strong><\/a>, qui a pri\u00e9, parl\u00e9, souffert, pardonn\u00e9, s\u2019\u00e9teint. Une porte se ferme, mais un temps suspendu, sacr\u00e9 et solennel, s\u2019ouvre, appel\u00e9 <strong>Sede Vacante<\/strong>, si\u00e8ge vacant. Les cloches ne sonnent pas seulement pour le deuil\u00a0: elles sonnent \u00e9galement pour rappeler que, \u00e0 ce moment-l\u00e0, l\u2019\u00c9glise est orpheline. Mais elle n\u2019est pas \u00e9gar\u00e9e. Car chaque geste, chaque pas, chaque mot a d\u00e9j\u00e0 \u00e9t\u00e9 \u00e9crit dans une <strong>liturgie mill\u00e9naire<\/strong> qui accompagne le passage d\u2019un pontificat au suivant. Tout a un ordre, un temps, un sens. M\u00eame le silence. Le temps s\u2019arr\u00eate pendant un instant, mais la machine mill\u00e9naire de l\u2019\u00c9glise ne s\u2019arr\u00eate pas. On enclenche une s\u00e9quence de gestes anciens, de symboles solennels, de d\u00e9cisions cruciales.<br \/>\nDerri\u00e8re les murs du Vatican, une <strong>machine rituelle<\/strong> se met en marche, faite de secrets et de symboles, entrela\u00e7ant la spiritualit\u00e9 avec l\u2019histoire, la douleur avec la responsabilit\u00e9. \u00c0 partir de l\u2019instant o\u00f9 l\u2019on certifie la mort du Pontife, jusqu\u2019\u00e0 l\u2019annonce du nouveau Pape avec le c\u00e9l\u00e8bre Habemus Papam, l\u2019\u00c9glise traverse une chemin qui m\u00e9lange l\u2019humain et le divin, le deuil et l\u2019esp\u00e9rance.<\/p>\n<div class=\"link-article\">\n<p><img loading=\"lazy\" decoding=\"async\" class=\"alignleft wp-image-10595 size-full\" src=\"https:\/\/blog.holyart.it\/fr\/wp-content\/uploads\/sites\/14\/2025\/06\/Holyart_Blog_PapaFrancesco_fr.jpg\" alt=\"mort pape francois\" width=\"150\" height=\"99\" data-kale-share-title=\"Qu\u2019arrive-t-il \u00e0 la mort d\u2019un Pape : toutes les phases du d\u00e9c\u00e8s \u00e0 l\u2019\u00e9lection de son successeur\" data-kale-share-url=\"https:\/\/blog.holyart.it\/fr\/?p=10592\" \/><\/p>\n<div class=\"leggi-anche\">Lire aussi :<\/div>\n<p><strong><a href=\"https:\/\/www.holyart.fr\/blog\/occasions-speciales\/comment-pape-francois-a-transforme-leglise\/\">Comment Pape Fran\u00e7ois a transform\u00e9 l\u2019\u00c9glise pendant son pontificat<\/a><\/strong><br \/>\nQu\u2019est-ce que Pape Fran\u00e7ois a fait d\u2019important ? Son pontificat a \u00e9t\u00e9&#8230;<\/p>\n<\/div>\n<p>Mais qu\u2019arrive-t-il exactement, entre la mort d\u2019un Pape et l\u2019\u00e9lection de son successeur\u00a0? Qui g\u00e8re le pouvoir\u00a0? Qui garantit le silence\u00a0? Et qui d\u00e9cide quand l\u2019heure est venue de tourner la page\u00a0?<\/p>\n<p>Voici toutes les phases, racont\u00e9es pas \u00e0 pas, chaque passage scand\u00e9 par un rituel qui unit foi, deuil et responsabilit\u00e9.<\/p>\n<h2>Le r\u00f4le du Camerlingue<\/h2>\n<p>Au c\u0153ur du Vatican, d\u00e8s que le Pape ferme les yeux sur le monde, un homme s\u2019approche de son lit. C\u2019est le <strong>Camerlingue<\/strong>, gardien de la transition entre un pontificat et le suivant. Un nom ancien, qui parait sorti d\u2019un roman du Moyen-\u00c2ge, mais qui referme, encore aujourd\u2019hui, une des responsabilit\u00e9s les plus d\u00e9licates et les plus symboliques de l\u2019\u00c9glise catholique.<\/p>\n<p>Le Camerlingue, actuellement le <strong>cardinal Kevin Joseph Farrell<\/strong>, est le <strong>gardien du tempo di mezzo,<\/strong> ce temps o\u00f9 l\u2019\u00c9glise est d\u00e9pourvue de guide, mais pas d\u2019ordre. Sa t\u00e2che commence avec un geste charg\u00e9 de signification: <strong>v\u00e9rifier officiellement le d\u00e9c\u00e8s du Pape<\/strong>. Si autrefois cela \u00e9tait fait en l\u2019appelant trois fois par son pr\u00e9nom et en d\u00e9clarant en latin \u00ab\u00a0Vere Papa mortuus est\u00a0\u00bb, aujourd\u2019hui la constatation est confi\u00e9e \u00e0 un m\u00e9decin. Mais la solennit\u00e9 du moment n\u2019a pas chang\u00e9e.<\/p>\n<p>Une fois constat\u00e9 le d\u00e9c\u00e8s, le Camerlingue entre symboliquement sur la sc\u00e8ne du pouvoir. Il <strong>scelle les appartements papaux<\/strong>, interrompt toute communication officielle du Vatican, prend possession du Si\u00e8ge Apostolique vacant. Mais c\u2019est avec un objet sp\u00e9cifique que son autorit\u00e9 se manifeste r\u00e9ellement\u00a0: l\u2019<a href=\"https:\/\/www.holyart.fr\/blog\/articles-religieux\/lanneau-du-pecheur-et-le-rite-qui-marque-le-debut-du-pontificat\/\"><strong>Anneau du P\u00eacheur<\/strong><\/a>. L\u2019Anneau du P\u00eacheur, Anulus Piscatoris, est le <strong>sceau personnel du Pape<\/strong>, port\u00e9 au doigt annulaire de la main droite. Sur cette bague le nom du Pontife est grav\u00e9, accompagn\u00e9 de l\u2019image de Saint Pierre en train de p\u00eacher, symbole de sa mission\u00a0: \u00ab\u00a0P\u00eacheur d\u2019hommes\u00a0\u00bb.<\/p>\n<div class=\"link-article\">\n<p><img loading=\"lazy\" decoding=\"async\" class=\"size-full wp-image-10596 alignleft\" src=\"https:\/\/blog.holyart.it\/fr\/wp-content\/uploads\/sites\/14\/2025\/06\/Lanneau-du-Pecheur.jpg\" alt=\"L'anneau du Pecheur\" width=\"150\" height=\"99\" data-kale-share-title=\"Qu\u2019arrive-t-il \u00e0 la mort d\u2019un Pape : toutes les phases du d\u00e9c\u00e8s \u00e0 l\u2019\u00e9lection de son successeur\" data-kale-share-url=\"https:\/\/blog.holyart.it\/fr\/?p=10592\" \/><\/p>\n<div class=\"leggi-anche\">Lire aussi :<\/div>\n<p><strong><a href=\"https:\/\/www.holyart.fr\/blog\/articles-religieux\/lanneau-du-pecheur-et-le-rite-qui-marque-le-debut-du-pontificat\/\">L\u2019anneau du P\u00eacheur et le rite qui marque le d\u00e9but du pontificat<\/a><\/strong><br \/>\nL\u2019anneau du P\u00eacheur, une des plus anciennes traditions li\u00e9es \u00e0 l\u2019\u00e9lection&#8230;<\/p>\n<\/div>\n<p>Avec la mort du Pape, <strong>l\u2019anneau doit \u00eatre d\u00e9truit ou rendu inutilisable<\/strong>. C\u2019est le Camerlingue, en pr\u00e9sence des cardinaux, qui accomplit ce rite\u00a0: il le casse ou il le grave avec deux sillons crois\u00e9s, afin que personne ne puisse l\u2019utiliser pour falsifier des documents ou exercer une quelconque autorit\u00e9 au nom du Pontife d\u00e9c\u00e9d\u00e9. Il s\u2019agit d\u2019un geste simple, mais puissant. Ce qui revient \u00e0 dire\u00a0: \u00ab\u00a0Ce pontificat est termin\u00e9. Personne ne peut plus parler en son nom\u00a0\u00bb.<\/p>\n<p><em>Mais ce que l\u2019on casse n\u2019est pas simplement un objet. C\u2019est la fin tangible d\u2019une \u00e8re, imprim\u00e9e dans le m\u00e9tal. Une fermeture qui ouvre, cependant, un nouveau d\u00e9but. Apr\u00e8s ce geste, le monde sait que l\u2019\u00c9glise se pr\u00e9pare \u00e0 tourner la page, tandis que le Camerlingue, silencieux et vigile, veille dans l\u2019attente.<\/em><\/p>\n<p>Apr\u00e8s la mort du Pape et l\u2019entr\u00e9e officielle du Camerlingue dans la gestion du si\u00e8ge vacant, il ne resta pas seul. L\u2019\u00c9glise a pr\u00e9vu, avec la sagesse des si\u00e8cles, que chaque passage soit surveill\u00e9 par paires d\u2019yeux, plusieurs c\u0153urs, plusieurs consciences. Pour cette raison, <a href=\"https:\/\/www.holyart.fr\/blog\/articles-religieux\/consistoire-cardinalice-de-quoi-sagit-il-et-comment-cela-fonctionne\/\"><strong>parmi les cardinaux d\u00e9j\u00e0 arriv\u00e9s au Vatican<\/strong><\/a> pour participer au futur Conclave, <strong>trois assistants<\/strong> sont tir\u00e9s au sort. <strong>Un \u00e9v\u00eaque, un presbytre et un diacre<\/strong>\u00a0: un pour chaque ordre eccl\u00e9siastique. Avec le Camerlingue, ils forment ce que l\u2019on appelle la <strong>Congr\u00e9gation particuli\u00e8re<\/strong>, un petit coll\u00e8ge qui a la t\u00e2che de le soutenir dans les d\u00e9cisions quotidiennes et veiller \u00e0 l\u2019administration ordinaire de l\u2019\u00c9glise pendant la <em>sede vacante<\/em>, une garantie d\u2019\u00e9quilibre et de transparence \u00e0 un moment o\u00f9 le tr\u00f4ne de Pierre est vide et l\u2019\u00c9glise enti\u00e8re est en attente.<\/p>\n<div class=\"link-article\">\n<p><img loading=\"lazy\" decoding=\"async\" class=\"size-full wp-image-10597 alignleft\" src=\"https:\/\/blog.holyart.it\/fr\/wp-content\/uploads\/sites\/14\/2025\/06\/consistoire-cardinalice.jpg\" alt=\"consistoire cardinalice\" width=\"150\" height=\"99\" data-kale-share-title=\"Qu\u2019arrive-t-il \u00e0 la mort d\u2019un Pape : toutes les phases du d\u00e9c\u00e8s \u00e0 l\u2019\u00e9lection de son successeur\" data-kale-share-url=\"https:\/\/blog.holyart.it\/fr\/?p=10592\" \/><\/p>\n<div class=\"leggi-anche\">Lire aussi :<\/div>\n<p><strong><a href=\"https:\/\/www.holyart.fr\/blog\/articles-religieux\/consistoire-cardinalice-de-quoi-sagit-il-et-comment-cela-fonctionne\/\">Consistoire cardinalice: de quoi s\u2019agit-il et comment cela fonctionne<\/a><\/strong><br \/>\nLe Consistoire est une r\u00e9union de cardinaux recueillis autour du Pape&#8230;<\/p>\n<\/div>\n<h2>Les fun\u00e9railles du Pape<\/h2>\n<p>Quand un Pape meurt, ce n\u2019est pas que la voix de l\u2019\u00c9glise qui parle, mais aussi <strong>ses gestes, ses silences rituels<\/strong>. Et un des plus \u00e9loquents s\u2019accomplit sous le regard de millions d\u2019yeux, mais dans une atmosph\u00e8re qui reste intimement recueillie. C\u2019est \u00e0 ce moment que, au c\u0153ur de <a href=\"https:\/\/www.holyart.fr\/blog\/articles-religieux\/basilique-saint-pierre-eglise-symbole-du-monde-chretien\/\"><strong>Place Saint-Pierre<\/strong><\/a>, le grand portail en bronze, celui qui donne sur les bureaux de la Curie Vaticane, est <strong>ferm\u00e9 \u00e0 moiti\u00e9<\/strong>. Un battant s\u2019ouvre et l\u2019autre reste ferm\u00e9. Ce n\u2019est pas une inadvertance. C\u2019est un signe. L\u2019\u00c9glise est vivante, mais bless\u00e9e. En chemin, mais priv\u00e9e de son pasteur.<\/p>\n<p>En m\u00eame temps, les <strong>cloches de la Basilique sonnent le tocsin<\/strong>. Ce n\u2019est pas le son plein des f\u00eates, mais un coup profond et solennel, qui se r\u00e9p\u00e8te, scand\u00e9 comme le battement lent d\u2019un c\u0153ur. Le son traverse Rome, et ensuite le monde. Ceux qui \u00e9coutent, comprennent\u00a0: le Pape est mort. Ce geste, simple et tr\u00e8s puissant, marque le d\u00e9but visible de la Sede Vacante. \u00c0 partir de ce moment, tout change. Mais tout a d\u00e9j\u00e0 un ordre. Et le temps de l\u2019\u00c9glise devient m\u00e9moire, pri\u00e8re et attente.<\/p>\n<div class=\"link-article\">\n<p><img loading=\"lazy\" decoding=\"async\" class=\"size-full wp-image-10599 alignleft\" src=\"https:\/\/blog.holyart.it\/fr\/wp-content\/uploads\/sites\/14\/2025\/06\/Basilique-Saint-Pierre.jpeg\" alt=\"saint pierre\" width=\"150\" height=\"100\" data-kale-share-title=\"Qu\u2019arrive-t-il \u00e0 la mort d\u2019un Pape : toutes les phases du d\u00e9c\u00e8s \u00e0 l\u2019\u00e9lection de son successeur\" data-kale-share-url=\"https:\/\/blog.holyart.it\/fr\/?p=10592\" \/><\/p>\n<div class=\"leggi-anche\">Lire aussi :<\/div>\n<p><strong><a href=\"https:\/\/www.holyart.fr\/blog\/articles-religieux\/basilique-saint-pierre-eglise-symbole-du-monde-chretien\/\">Basilique Saint-Pierre : \u00c9glise symbole du monde chr\u00e9tien<\/a><\/strong><br \/>\nSaint-Pierre est une basilique riche en significations, myst\u00e8res et \u0153uvres d\u2019art sacr\u00e9es c\u00e9l\u00e8bre dans le monde entier&#8230;<\/p>\n<\/div>\n<p>Commence ainsi le temps du deuil, mais l\u2019\u00c9glise n\u2019est jamais vide\u00a0: elle est en attente. Le corps du Pape est compos\u00e9, rev\u00eatu des <a href=\"https:\/\/www.holyart.fr\/accessoires-pour-la-liturgie\/vetements-liturgiques-et-linges-dautel\"><strong>parements sacr\u00e9s<\/strong><\/a>, <a href=\"https:\/\/www.holyart.fr\/blog\/accessoires-pour-la-liturgie\/la-signification-de-la-mitre\/\"><strong>mitre<\/strong><\/a> blanche, chasuble rouge, et allong\u00e9 dans un cercueil en bois et zinc, le visage visible, afin que les fid\u00e8les puissent lui rendre un dernier hommage. Traditionnellement, l\u2019exposition avait lieu avec la d\u00e9pouille visible, sans cercueil, mais <strong>Pape Fran\u00e7ois<\/strong> a voulu une simplification du rite, en demandant de la dignit\u00e9 sans pompe\u00a0: moins de fastes, plus d\u2019essentialit\u00e9. Il a revu les textes liturgiques, r\u00e9duit la dur\u00e9e des c\u00e9r\u00e9monies, en restituant \u00e0 la mort du Pape une dimension plus humaine et spirituelle.<\/p>\n<p>Le <strong>deuil dure neuf jours<\/strong>. Il s\u2019agit du <strong>Novendiale<\/strong>, p\u00e9riode pendant laquelle les cardinaux c\u00e9l\u00e8brent des messes quotidiennes en suffrage du Pape. Trois sont les \u00e9tapes solennelles de ce temps\u00a0: <strong>constatation du d\u00e9c\u00e8s, exposition au public et inhumation<\/strong>. Cette derni\u00e8re a lieu, quasi toujours, <strong>dans les Grottes du Vatican<\/strong>, sous la Basilique Saint-Pierre, \u00e0 c\u00f4t\u00e9 des pr\u00e9d\u00e9cesseurs, en cette terre silencieuse o\u00f9 repose l\u2019histoire de l\u2019\u00c9glise.<\/p>\n<div class=\"link-article\">\n<p><img loading=\"lazy\" decoding=\"async\" class=\"size-full wp-image-10600 alignleft\" src=\"https:\/\/blog.holyart.it\/fr\/wp-content\/uploads\/sites\/14\/2025\/06\/la-mitre.jpg\" alt=\"la mitre\" width=\"150\" height=\"99\" data-kale-share-title=\"Qu\u2019arrive-t-il \u00e0 la mort d\u2019un Pape : toutes les phases du d\u00e9c\u00e8s \u00e0 l\u2019\u00e9lection de son successeur\" data-kale-share-url=\"https:\/\/blog.holyart.it\/fr\/?p=10592\" \/><\/p>\n<div class=\"leggi-anche\">Lire aussi :<\/div>\n<p><strong><a href=\"https:\/\/www.holyart.fr\/blog\/accessoires-pour-la-liturgie\/la-signification-de-la-mitre\/\">La signification de la Mitre<\/a><\/strong><br \/>\nQu\u2019est-ce que le bizarre couvre-chef port\u00e9 par les \u00e9v\u00eaques \u00e0 diff\u00e9rents moments de la Liturgie&#8230;<\/p>\n<\/div>\n<h2>L\u2019exception de Fran\u00e7ois\u00a0: le choix de Sainte-Marie-Majeure<\/h2>\n<p><a href=\"https:\/\/www.holyart.fr\/occasions-speciales\/pape-francois\"><strong>Pape Fran\u00e7ois<\/strong><\/a> n\u2019a pas voulu reposer parmi les marbres solennels des Grottes du Vatican.<br \/>\nIl a choisi la terre.<br \/>\nIl a choisi la simplicit\u00e9.<br \/>\nEt il a choisi, comme de nombreuses autres fois au cours de son pontificat, de <strong>rompre avec la tradition<\/strong> dans un geste puissant de coh\u00e9rence.<\/p>\n<p><strong>Dans son testament, r\u00e9dig\u00e9 en 2022, <\/strong>Jorge Mario Bergoglio avait \u00e9crit tout avec clart\u00e9\u00a0: pas de monuments, pas d\u2019inscriptions somptueuses. Uniquement une <strong>niche simple dans la Basilique Sainte-Marie-Majeure<\/strong>, avec un mot grav\u00e9 dessus\u00a0: Franciscus. Rien d\u2019autre. Une tombe dans la terre, sans fioriture. Un message final qui parle plus que milles hom\u00e9lies. Mais ce choix n\u2019est pas simplement stylistique. Il est profond\u00e9ment spirituel.<\/p>\n<p><strong>Sainte-Marie-Majeure<\/strong> est le <strong>c\u0153ur marial de Rome<\/strong>, la maison de la Salus Populi Romani, l\u2019ic\u00f4ne \u00e0 laquelle Fran\u00e7ois a confi\u00e9 chaque pas de son pontificat. Il s\u2019y rendait en silence avant et apr\u00e8s chaque voyage apostolique, toujours sans annonces, sans \u00e9clat. C\u2019\u00e9tait son lieu de l\u2019\u00e2me.<br \/>\nIl y a \u00e9galement un lien profond avec ses <strong>racines j\u00e9suites<\/strong>\u00a0: ce fut dans cette m\u00eame basilique que <strong>Saint Ignace de Loyola<\/strong>, fondateur de la Compagnie de J\u00e9sus, c\u00e9l\u00e9bra sa premi\u00e8re messe en 1538, apr\u00e8s avoir re\u00e7u l\u2019approbation papale. Fran\u00e7ois, premier Pape j\u00e9suite de l\u2019histoire, a voulu y retourner.<\/p>\n<div class=\"link-product\">\n<div class=\"blocco-immagine\"><img loading=\"lazy\" decoding=\"async\" class=\"size-full wp-image-10603 alignleft\" src=\"https:\/\/blog.holyart.it\/fr\/wp-content\/uploads\/sites\/14\/2025\/06\/image-pieuse-logo-officiel-jubile-2025-de-pape-francois.jpg\" alt=\"image pieuse logo officiel jubile 2025 de pape francois\" width=\"100\" height=\"100\" data-kale-share-title=\"Qu\u2019arrive-t-il \u00e0 la mort d\u2019un Pape : toutes les phases du d\u00e9c\u00e8s \u00e0 l\u2019\u00e9lection de son successeur\" data-kale-share-url=\"https:\/\/blog.holyart.it\/fr\/?p=10592\" \/><\/div>\n<div class=\"blocco-contenuto\">\n<div class=\"blocco-acquista\">Acheter sur Holyart:<\/div>\n<div class=\"blocco-titolo\"><a href=\"https:\/\/www.holyart.fr\/occasions-speciales\/pape-francois\">Pape Fran\u00e7ois<\/a><\/div>\n<div class=\"blocco-descrizione\">Pape Fran\u00e7ois: cat\u00e9gorie d\u00e9di\u00e9e \u00e0 Pape Jorge Mario Bergoglio.<\/div>\n<\/div>\n<\/div>\n<p>Et puis il y a <strong>la sobri\u00e9t\u00e9<\/strong>, la marque caract\u00e9ristique de son style. M\u00eame dans la mort, Fran\u00e7ois a voulu se d\u00e9pouiller du pouvoir afin de rester un homme parmi les hommes. Sa tombe est la tombe d\u2019un pasteur. Aucune statue, aucune crypte dor\u00e9e. Simplement de la terre.<\/p>\n<p>Cette d\u00e9cision a eu des <strong>cons\u00e9quences concr\u00e8tes sur le protocole fun\u00e9raire<\/strong>.<br \/>\nFran\u00e7ois avait pr\u00e9dispos\u00e9 l\u2019<strong>Exposition directe dans le cercueil<\/strong>, \u00e0 l\u2019int\u00e9rieur de la Chapelle Sixtine, sans le traditionnel catafalque rehauss\u00e9, et une <strong>liturgie essentielle<\/strong>, avec des textes revus et des rites simplifi\u00e9s, pour redonner la centralit\u00e9 au silence et \u00e0 la pri\u00e8re.<\/p>\n<p>Les <strong>frais de la s\u00e9pulture <\/strong>n\u2019ont pas \u00e9t\u00e9 couverts par l\u2019\u00c9tat du Vatican, mais par <strong>un bienfaiteur anonyme<\/strong>, comme demand\u00e9 par Fran\u00e7ois en personne. Un dernier geste d\u2019humilit\u00e9, qui parle au c\u0153ur des simples.<\/p>\n<h2>Le Conclave et l\u2019\u00e9lection du nouveau Pape<\/h2>\n<p>Entre-temps, \u00e0 huis clos, <strong>les cardinaux se pr\u00e9parent \u00e0 choisir le <a href=\"https:\/\/www.holyart.fr\/blog\/articles-religieux\/la-tombe-de-saint-pierre-et-son-incroyable-decouverte\/\">successeur de Pierre<\/a><\/strong>. Le <strong>Conclave<\/strong> s\u2019ouvre entre le 15<sup>\u00e8me<\/sup> et le 20<sup>\u00e8me<\/sup> jour apr\u00e8s la mort, sauf exceptions. Il a lieu dans la <strong>Chapelle Sixtine<\/strong>, lieu charg\u00e9 d\u2019art et d\u2019Esprit-Saint, o\u00f9 seulement les cardinaux \u00e9lecteurs peuvent entrer. Ils votent \u00e0 bulletin secret. Chaque bulletin est br\u00fbl\u00e9 dans un po\u00eale avec des addictifs chimiques.<\/p>\n<p>La fum\u00e9e noire, qui s\u2019\u00e9l\u00e8ve dans le ciel, annonce au monde qu\u2019il <strong>n\u2019y a pas encore un accord<\/strong>. Mais quand de la chemin\u00e9e sort <strong>la fum\u00e9e blanche<\/strong>, c\u2019est comme si le ciel r\u00e9pondait\u00a0: <strong>le nouveau Pape a \u00e9t\u00e9 choisi<\/strong>.<\/p>\n<p>Le nom de l\u2019\u00e9lu est communiqu\u00e9 \u00e0 la foule en attente avec la formule historique\u00a0: \u00ab\u00a0<strong>Annuntio vobis gaudium magnum\u00a0: Habemus Papam<\/strong>\u00a0\u00bb<em>.<\/em><br \/>\nC\u2019est le moment o\u00f9 le visage d\u2019un homme appara\u00eet depuis la loge de la Basilique Saint-Pierre, v\u00eatu de blanc, et le monde entier retient son souffle. Un nouveau pontificat commence. Et avec lui, une nouvelle page dans l\u2019histoire de l\u2019\u00c9glise.<\/p>\n<div class=\"link-article\">\n<p><img loading=\"lazy\" decoding=\"async\" class=\"size-full wp-image-10601 alignleft\" src=\"https:\/\/blog.holyart.it\/fr\/wp-content\/uploads\/sites\/14\/2025\/06\/tombe-de-Saint-Pierre.jpeg\" alt=\"tome de saint pierre\" width=\"150\" height=\"100\" data-kale-share-title=\"Qu\u2019arrive-t-il \u00e0 la mort d\u2019un Pape : toutes les phases du d\u00e9c\u00e8s \u00e0 l\u2019\u00e9lection de son successeur\" data-kale-share-url=\"https:\/\/blog.holyart.it\/fr\/?p=10592\" \/><\/p>\n<div class=\"leggi-anche\">Lire aussi :<\/div>\n<p><strong><a href=\"https:\/\/www.holyart.fr\/blog\/articles-religieux\/la-tombe-de-saint-pierre-et-son-incroyable-decouverte\/\">La tombe de Saint Pierre et son incroyable d\u00e9couverte<\/a><\/strong><br \/>\nLa tombe de Saint Pierre \u00e0 Rome est consid\u00e9r\u00e9e depuis toujours comme un des lieux sacr\u00e9s&#8230;<\/p>\n<\/div>\n","protected":false},"excerpt":{"rendered":"<p>Mort d\u2019un Pape\u00a0: qu\u2019arrive-t-il vraiment entre le d\u00e9c\u00e8s et l\u2019\u00e9lection du successeur La mort d\u2019un Pape n\u2019est pas un \u00e9v\u00e9nement commun. Il ne l\u2019a jamais \u00e9t\u00e9, en deux milles ans d\u2019histoire de l\u2019\u00c9glise. Quand un Pontife d\u00e9c\u00e8de, il n\u2019y a pas seulement un homme qui&hellip;<\/p>\n","protected":false},"author":1,"featured_media":10594,"comment_status":"closed","ping_status":"open","sticky":false,"template":"","format":"standard","meta":{"_acf_changed":false,"footnotes":""},"categories":[8],"tags":[],"class_list":["post-10592","post","type-post","status-publish","format-standard","has-post-thumbnail","hentry","category-articles-religieux"],"acf":[],"yoast_head":"<!-- This site is optimized with the Yoast SEO plugin v26.6 - https:\/\/yoast.com\/wordpress\/plugins\/seo\/ -->\n<title>Qu\u2019arrive-t-il \u00e0 la mort d\u2019un Pape : toutes les phases du d\u00e9c\u00e8s \u00e0 l\u2019\u00e9lection de son successeur - Holyart.fr Blog<\/title>\n<meta name=\"description\" content=\"Mort d\u2019un Pape : du Camerlingue au Conclave, tous les rites. L\u2019anneau du p\u00eacheur, fun\u00e9railles, en attendant la fum\u00e9e blanche.\" \/>\n<meta name=\"robots\" content=\"index, follow, max-snippet:-1, max-image-preview:large, max-video-preview:-1\" \/>\n<link rel=\"canonical\" href=\"https:\/\/blog.holyart.it\/fr\/articles-religieux\/quarrive-t-il-a-la-mort-dun-pape-toutes-les-phases-du-deces-a-lelection-de-son-successeur\/\" \/>\n<meta property=\"og:locale\" content=\"fr_FR\" \/>\n<meta property=\"og:type\" content=\"article\" \/>\n<meta property=\"og:title\" content=\"Qu\u2019arrive-t-il \u00e0 la mort d\u2019un Pape : toutes les phases du d\u00e9c\u00e8s \u00e0 l\u2019\u00e9lection de son successeur - Holyart.fr Blog\" \/>\n<meta property=\"og:description\" content=\"Mort d\u2019un Pape : du Camerlingue au Conclave, tous les rites. L\u2019anneau du p\u00eacheur, fun\u00e9railles, en attendant la fum\u00e9e blanche.\" \/>\n<meta property=\"og:url\" content=\"https:\/\/blog.holyart.it\/fr\/articles-religieux\/quarrive-t-il-a-la-mort-dun-pape-toutes-les-phases-du-deces-a-lelection-de-son-successeur\/\" \/>\n<meta property=\"og:site_name\" content=\"Holyart.fr Blog\" \/>\n<meta property=\"article:published_time\" content=\"2025-07-02T08:00:56+00:00\" \/>\n<meta property=\"article:modified_time\" content=\"2025-08-12T08:43:05+00:00\" \/>\n<meta property=\"og:image\" content=\"https:\/\/blog.holyart.it\/fr\/wp-content\/uploads\/sites\/14\/2025\/06\/mort-d-un-pape.jpg\" \/>\n\t<meta property=\"og:image:width\" content=\"1000\" \/>\n\t<meta property=\"og:image:height\" content=\"666\" \/>\n\t<meta property=\"og:image:type\" content=\"image\/jpeg\" \/>\n<meta name=\"author\" content=\"Redazione\" \/>\n<meta name=\"twitter:card\" content=\"summary_large_image\" \/>\n<meta name=\"twitter:label1\" content=\"\u00c9crit par\" \/>\n\t<meta name=\"twitter:data1\" content=\"Redazione\" \/>\n\t<meta name=\"twitter:label2\" content=\"Dur\u00e9e de lecture estim\u00e9e\" \/>\n\t<meta name=\"twitter:data2\" content=\"11 minutes\" \/>\n<script type=\"application\/ld+json\" class=\"yoast-schema-graph\">{\"@context\":\"https:\/\/schema.org\",\"@graph\":[{\"@type\":\"Article\",\"@id\":\"https:\/\/blog.holyart.it\/fr\/articles-religieux\/quarrive-t-il-a-la-mort-dun-pape-toutes-les-phases-du-deces-a-lelection-de-son-successeur\/#article\",\"isPartOf\":{\"@id\":\"https:\/\/blog.holyart.it\/fr\/articles-religieux\/quarrive-t-il-a-la-mort-dun-pape-toutes-les-phases-du-deces-a-lelection-de-son-successeur\/\"},\"author\":{\"name\":\"Redazione\",\"@id\":\"https:\/\/blog.holyart.it\/fr\/#\/schema\/person\/0a7b686e5af0f856ec1e390dd0baecda\"},\"headline\":\"Qu\u2019arrive-t-il \u00e0 la mort d\u2019un Pape : toutes les phases du d\u00e9c\u00e8s \u00e0 l\u2019\u00e9lection de son successeur\",\"datePublished\":\"2025-07-02T08:00:56+00:00\",\"dateModified\":\"2025-08-12T08:43:05+00:00\",\"mainEntityOfPage\":{\"@id\":\"https:\/\/blog.holyart.it\/fr\/articles-religieux\/quarrive-t-il-a-la-mort-dun-pape-toutes-les-phases-du-deces-a-lelection-de-son-successeur\/\"},\"wordCount\":2129,\"publisher\":{\"@id\":\"https:\/\/blog.holyart.it\/fr\/#organization\"},\"image\":{\"@id\":\"https:\/\/blog.holyart.it\/fr\/articles-religieux\/quarrive-t-il-a-la-mort-dun-pape-toutes-les-phases-du-deces-a-lelection-de-son-successeur\/#primaryimage\"},\"thumbnailUrl\":\"https:\/\/blog.holyart.it\/fr\/wp-content\/uploads\/sites\/14\/2025\/06\/mort-d-un-pape.jpg\",\"articleSection\":[\"Religion\"],\"inLanguage\":\"fr-FR\"},{\"@type\":\"WebPage\",\"@id\":\"https:\/\/blog.holyart.it\/fr\/articles-religieux\/quarrive-t-il-a-la-mort-dun-pape-toutes-les-phases-du-deces-a-lelection-de-son-successeur\/\",\"url\":\"https:\/\/blog.holyart.it\/fr\/articles-religieux\/quarrive-t-il-a-la-mort-dun-pape-toutes-les-phases-du-deces-a-lelection-de-son-successeur\/\",\"name\":\"Qu\u2019arrive-t-il \u00e0 la mort d\u2019un Pape : toutes les phases du d\u00e9c\u00e8s \u00e0 l\u2019\u00e9lection de son successeur - Holyart.fr Blog\",\"isPartOf\":{\"@id\":\"https:\/\/blog.holyart.it\/fr\/#website\"},\"primaryImageOfPage\":{\"@id\":\"https:\/\/blog.holyart.it\/fr\/articles-religieux\/quarrive-t-il-a-la-mort-dun-pape-toutes-les-phases-du-deces-a-lelection-de-son-successeur\/#primaryimage\"},\"image\":{\"@id\":\"https:\/\/blog.holyart.it\/fr\/articles-religieux\/quarrive-t-il-a-la-mort-dun-pape-toutes-les-phases-du-deces-a-lelection-de-son-successeur\/#primaryimage\"},\"thumbnailUrl\":\"https:\/\/blog.holyart.it\/fr\/wp-content\/uploads\/sites\/14\/2025\/06\/mort-d-un-pape.jpg\",\"datePublished\":\"2025-07-02T08:00:56+00:00\",\"dateModified\":\"2025-08-12T08:43:05+00:00\",\"description\":\"Mort d\u2019un Pape : du Camerlingue au Conclave, tous les rites. L\u2019anneau du p\u00eacheur, fun\u00e9railles, en attendant la fum\u00e9e blanche.\",\"breadcrumb\":{\"@id\":\"https:\/\/blog.holyart.it\/fr\/articles-religieux\/quarrive-t-il-a-la-mort-dun-pape-toutes-les-phases-du-deces-a-lelection-de-son-successeur\/#breadcrumb\"},\"inLanguage\":\"fr-FR\",\"potentialAction\":[{\"@type\":\"ReadAction\",\"target\":[\"https:\/\/blog.holyart.it\/fr\/articles-religieux\/quarrive-t-il-a-la-mort-dun-pape-toutes-les-phases-du-deces-a-lelection-de-son-successeur\/\"]}]},{\"@type\":\"ImageObject\",\"inLanguage\":\"fr-FR\",\"@id\":\"https:\/\/blog.holyart.it\/fr\/articles-religieux\/quarrive-t-il-a-la-mort-dun-pape-toutes-les-phases-du-deces-a-lelection-de-son-successeur\/#primaryimage\",\"url\":\"https:\/\/blog.holyart.it\/fr\/wp-content\/uploads\/sites\/14\/2025\/06\/mort-d-un-pape.jpg\",\"contentUrl\":\"https:\/\/blog.holyart.it\/fr\/wp-content\/uploads\/sites\/14\/2025\/06\/mort-d-un-pape.jpg\",\"width\":1000,\"height\":666,\"caption\":\"mort d'un pape\"},{\"@type\":\"BreadcrumbList\",\"@id\":\"https:\/\/blog.holyart.it\/fr\/articles-religieux\/quarrive-t-il-a-la-mort-dun-pape-toutes-les-phases-du-deces-a-lelection-de-son-successeur\/#breadcrumb\",\"itemListElement\":[{\"@type\":\"ListItem\",\"position\":1,\"name\":\"Homepage\",\"item\":\"https:\/\/blog.holyart.it\/fr\/\"},{\"@type\":\"ListItem\",\"position\":2,\"name\":\"Religion\",\"item\":\"https:\/\/blog.holyart.it\/fr\/articles-religieux\/\"},{\"@type\":\"ListItem\",\"position\":3,\"name\":\"Qu\u2019arrive-t-il \u00e0 la mort d\u2019un Pape : toutes les phases du d\u00e9c\u00e8s \u00e0 l\u2019\u00e9lection de son successeur\"}]},{\"@type\":\"WebSite\",\"@id\":\"https:\/\/blog.holyart.it\/fr\/#website\",\"url\":\"https:\/\/blog.holyart.it\/fr\/\",\"name\":\"Holyart.fr Blog\",\"description\":\"Holyblog\",\"publisher\":{\"@id\":\"https:\/\/blog.holyart.it\/fr\/#organization\"},\"potentialAction\":[{\"@type\":\"SearchAction\",\"target\":{\"@type\":\"EntryPoint\",\"urlTemplate\":\"https:\/\/blog.holyart.it\/fr\/?s={search_term_string}\"},\"query-input\":{\"@type\":\"PropertyValueSpecification\",\"valueRequired\":true,\"valueName\":\"search_term_string\"}}],\"inLanguage\":\"fr-FR\"},{\"@type\":\"Organization\",\"@id\":\"https:\/\/blog.holyart.it\/fr\/#organization\",\"name\":\"Holyart.fr Blog\",\"url\":\"https:\/\/blog.holyart.it\/fr\/\",\"logo\":{\"@type\":\"ImageObject\",\"inLanguage\":\"fr-FR\",\"@id\":\"https:\/\/blog.holyart.it\/fr\/#\/schema\/logo\/image\/\",\"url\":\"https:\/\/blog.holyart.it\/fr\/wp-content\/uploads\/sites\/14\/2022\/12\/Holyart_Blog_Logo.jpg\",\"contentUrl\":\"https:\/\/blog.holyart.it\/fr\/wp-content\/uploads\/sites\/14\/2022\/12\/Holyart_Blog_Logo.jpg\",\"width\":300,\"height\":50,\"caption\":\"Holyart.fr Blog\"},\"image\":{\"@id\":\"https:\/\/blog.holyart.it\/fr\/#\/schema\/logo\/image\/\"}},{\"@type\":\"Person\",\"@id\":\"https:\/\/blog.holyart.it\/fr\/#\/schema\/person\/0a7b686e5af0f856ec1e390dd0baecda\",\"name\":\"Redazione\",\"image\":{\"@type\":\"ImageObject\",\"inLanguage\":\"fr-FR\",\"@id\":\"https:\/\/blog.holyart.it\/fr\/#\/schema\/person\/image\/\",\"url\":\"https:\/\/secure.gravatar.com\/avatar\/f477da817f43e50d0af36abecd33e3edf826c68299714bdc1057dff3b113f516?s=96&d=mm&r=g\",\"contentUrl\":\"https:\/\/secure.gravatar.com\/avatar\/f477da817f43e50d0af36abecd33e3edf826c68299714bdc1057dff3b113f516?s=96&d=mm&r=g\",\"caption\":\"Redazione\"},\"url\":\"https:\/\/blog.holyart.it\/fr\/author\/admin\/\"}]}<\/script>\n<!-- \/ Yoast SEO plugin. -->","yoast_head_json":{"title":"Qu\u2019arrive-t-il \u00e0 la mort d\u2019un Pape : toutes les phases du d\u00e9c\u00e8s \u00e0 l\u2019\u00e9lection de son successeur - Holyart.fr Blog","description":"Mort d\u2019un Pape : du Camerlingue au Conclave, tous les rites. L\u2019anneau du p\u00eacheur, fun\u00e9railles, en attendant la fum\u00e9e blanche.","robots":{"index":"index","follow":"follow","max-snippet":"max-snippet:-1","max-image-preview":"max-image-preview:large","max-video-preview":"max-video-preview:-1"},"canonical":"https:\/\/blog.holyart.it\/fr\/articles-religieux\/quarrive-t-il-a-la-mort-dun-pape-toutes-les-phases-du-deces-a-lelection-de-son-successeur\/","og_locale":"fr_FR","og_type":"article","og_title":"Qu\u2019arrive-t-il \u00e0 la mort d\u2019un Pape : toutes les phases du d\u00e9c\u00e8s \u00e0 l\u2019\u00e9lection de son successeur - Holyart.fr Blog","og_description":"Mort d\u2019un Pape : du Camerlingue au Conclave, tous les rites. L\u2019anneau du p\u00eacheur, fun\u00e9railles, en attendant la fum\u00e9e blanche.","og_url":"https:\/\/blog.holyart.it\/fr\/articles-religieux\/quarrive-t-il-a-la-mort-dun-pape-toutes-les-phases-du-deces-a-lelection-de-son-successeur\/","og_site_name":"Holyart.fr Blog","article_published_time":"2025-07-02T08:00:56+00:00","article_modified_time":"2025-08-12T08:43:05+00:00","og_image":[{"width":1000,"height":666,"url":"https:\/\/blog.holyart.it\/fr\/wp-content\/uploads\/sites\/14\/2025\/06\/mort-d-un-pape.jpg","type":"image\/jpeg"}],"author":"Redazione","twitter_card":"summary_large_image","twitter_misc":{"\u00c9crit par":"Redazione","Dur\u00e9e de lecture estim\u00e9e":"11 minutes"},"schema":{"@context":"https:\/\/schema.org","@graph":[{"@type":"Article","@id":"https:\/\/blog.holyart.it\/fr\/articles-religieux\/quarrive-t-il-a-la-mort-dun-pape-toutes-les-phases-du-deces-a-lelection-de-son-successeur\/#article","isPartOf":{"@id":"https:\/\/blog.holyart.it\/fr\/articles-religieux\/quarrive-t-il-a-la-mort-dun-pape-toutes-les-phases-du-deces-a-lelection-de-son-successeur\/"},"author":{"name":"Redazione","@id":"https:\/\/blog.holyart.it\/fr\/#\/schema\/person\/0a7b686e5af0f856ec1e390dd0baecda"},"headline":"Qu\u2019arrive-t-il \u00e0 la mort d\u2019un Pape : toutes les phases du d\u00e9c\u00e8s \u00e0 l\u2019\u00e9lection de son successeur","datePublished":"2025-07-02T08:00:56+00:00","dateModified":"2025-08-12T08:43:05+00:00","mainEntityOfPage":{"@id":"https:\/\/blog.holyart.it\/fr\/articles-religieux\/quarrive-t-il-a-la-mort-dun-pape-toutes-les-phases-du-deces-a-lelection-de-son-successeur\/"},"wordCount":2129,"publisher":{"@id":"https:\/\/blog.holyart.it\/fr\/#organization"},"image":{"@id":"https:\/\/blog.holyart.it\/fr\/articles-religieux\/quarrive-t-il-a-la-mort-dun-pape-toutes-les-phases-du-deces-a-lelection-de-son-successeur\/#primaryimage"},"thumbnailUrl":"https:\/\/blog.holyart.it\/fr\/wp-content\/uploads\/sites\/14\/2025\/06\/mort-d-un-pape.jpg","articleSection":["Religion"],"inLanguage":"fr-FR"},{"@type":"WebPage","@id":"https:\/\/blog.holyart.it\/fr\/articles-religieux\/quarrive-t-il-a-la-mort-dun-pape-toutes-les-phases-du-deces-a-lelection-de-son-successeur\/","url":"https:\/\/blog.holyart.it\/fr\/articles-religieux\/quarrive-t-il-a-la-mort-dun-pape-toutes-les-phases-du-deces-a-lelection-de-son-successeur\/","name":"Qu\u2019arrive-t-il \u00e0 la mort d\u2019un Pape : toutes les phases du d\u00e9c\u00e8s \u00e0 l\u2019\u00e9lection de son successeur - Holyart.fr Blog","isPartOf":{"@id":"https:\/\/blog.holyart.it\/fr\/#website"},"primaryImageOfPage":{"@id":"https:\/\/blog.holyart.it\/fr\/articles-religieux\/quarrive-t-il-a-la-mort-dun-pape-toutes-les-phases-du-deces-a-lelection-de-son-successeur\/#primaryimage"},"image":{"@id":"https:\/\/blog.holyart.it\/fr\/articles-religieux\/quarrive-t-il-a-la-mort-dun-pape-toutes-les-phases-du-deces-a-lelection-de-son-successeur\/#primaryimage"},"thumbnailUrl":"https:\/\/blog.holyart.it\/fr\/wp-content\/uploads\/sites\/14\/2025\/06\/mort-d-un-pape.jpg","datePublished":"2025-07-02T08:00:56+00:00","dateModified":"2025-08-12T08:43:05+00:00","description":"Mort d\u2019un Pape : du Camerlingue au Conclave, tous les rites. L\u2019anneau du p\u00eacheur, fun\u00e9railles, en attendant la fum\u00e9e blanche.","breadcrumb":{"@id":"https:\/\/blog.holyart.it\/fr\/articles-religieux\/quarrive-t-il-a-la-mort-dun-pape-toutes-les-phases-du-deces-a-lelection-de-son-successeur\/#breadcrumb"},"inLanguage":"fr-FR","potentialAction":[{"@type":"ReadAction","target":["https:\/\/blog.holyart.it\/fr\/articles-religieux\/quarrive-t-il-a-la-mort-dun-pape-toutes-les-phases-du-deces-a-lelection-de-son-successeur\/"]}]},{"@type":"ImageObject","inLanguage":"fr-FR","@id":"https:\/\/blog.holyart.it\/fr\/articles-religieux\/quarrive-t-il-a-la-mort-dun-pape-toutes-les-phases-du-deces-a-lelection-de-son-successeur\/#primaryimage","url":"https:\/\/blog.holyart.it\/fr\/wp-content\/uploads\/sites\/14\/2025\/06\/mort-d-un-pape.jpg","contentUrl":"https:\/\/blog.holyart.it\/fr\/wp-content\/uploads\/sites\/14\/2025\/06\/mort-d-un-pape.jpg","width":1000,"height":666,"caption":"mort d'un pape"},{"@type":"BreadcrumbList","@id":"https:\/\/blog.holyart.it\/fr\/articles-religieux\/quarrive-t-il-a-la-mort-dun-pape-toutes-les-phases-du-deces-a-lelection-de-son-successeur\/#breadcrumb","itemListElement":[{"@type":"ListItem","position":1,"name":"Homepage","item":"https:\/\/blog.holyart.it\/fr\/"},{"@type":"ListItem","position":2,"name":"Religion","item":"https:\/\/blog.holyart.it\/fr\/articles-religieux\/"},{"@type":"ListItem","position":3,"name":"Qu\u2019arrive-t-il \u00e0 la mort d\u2019un Pape : toutes les phases du d\u00e9c\u00e8s \u00e0 l\u2019\u00e9lection de son successeur"}]},{"@type":"WebSite","@id":"https:\/\/blog.holyart.it\/fr\/#website","url":"https:\/\/blog.holyart.it\/fr\/","name":"Holyart.fr Blog","description":"Holyblog","publisher":{"@id":"https:\/\/blog.holyart.it\/fr\/#organization"},"potentialAction":[{"@type":"SearchAction","target":{"@type":"EntryPoint","urlTemplate":"https:\/\/blog.holyart.it\/fr\/?s={search_term_string}"},"query-input":{"@type":"PropertyValueSpecification","valueRequired":true,"valueName":"search_term_string"}}],"inLanguage":"fr-FR"},{"@type":"Organization","@id":"https:\/\/blog.holyart.it\/fr\/#organization","name":"Holyart.fr Blog","url":"https:\/\/blog.holyart.it\/fr\/","logo":{"@type":"ImageObject","inLanguage":"fr-FR","@id":"https:\/\/blog.holyart.it\/fr\/#\/schema\/logo\/image\/","url":"https:\/\/blog.holyart.it\/fr\/wp-content\/uploads\/sites\/14\/2022\/12\/Holyart_Blog_Logo.jpg","contentUrl":"https:\/\/blog.holyart.it\/fr\/wp-content\/uploads\/sites\/14\/2022\/12\/Holyart_Blog_Logo.jpg","width":300,"height":50,"caption":"Holyart.fr Blog"},"image":{"@id":"https:\/\/blog.holyart.it\/fr\/#\/schema\/logo\/image\/"}},{"@type":"Person","@id":"https:\/\/blog.holyart.it\/fr\/#\/schema\/person\/0a7b686e5af0f856ec1e390dd0baecda","name":"Redazione","image":{"@type":"ImageObject","inLanguage":"fr-FR","@id":"https:\/\/blog.holyart.it\/fr\/#\/schema\/person\/image\/","url":"https:\/\/secure.gravatar.com\/avatar\/f477da817f43e50d0af36abecd33e3edf826c68299714bdc1057dff3b113f516?s=96&d=mm&r=g","contentUrl":"https:\/\/secure.gravatar.com\/avatar\/f477da817f43e50d0af36abecd33e3edf826c68299714bdc1057dff3b113f516?s=96&d=mm&r=g","caption":"Redazione"},"url":"https:\/\/blog.holyart.it\/fr\/author\/admin\/"}]}},"_links":{"self":[{"href":"https:\/\/blog.holyart.it\/fr\/wp-json\/wp\/v2\/posts\/10592","targetHints":{"allow":["GET"]}}],"collection":[{"href":"https:\/\/blog.holyart.it\/fr\/wp-json\/wp\/v2\/posts"}],"about":[{"href":"https:\/\/blog.holyart.it\/fr\/wp-json\/wp\/v2\/types\/post"}],"author":[{"embeddable":true,"href":"https:\/\/blog.holyart.it\/fr\/wp-json\/wp\/v2\/users\/1"}],"replies":[{"embeddable":true,"href":"https:\/\/blog.holyart.it\/fr\/wp-json\/wp\/v2\/comments?post=10592"}],"version-history":[{"count":5,"href":"https:\/\/blog.holyart.it\/fr\/wp-json\/wp\/v2\/posts\/10592\/revisions"}],"predecessor-version":[{"id":10605,"href":"https:\/\/blog.holyart.it\/fr\/wp-json\/wp\/v2\/posts\/10592\/revisions\/10605"}],"wp:featuredmedia":[{"embeddable":true,"href":"https:\/\/blog.holyart.it\/fr\/wp-json\/wp\/v2\/media\/10594"}],"wp:attachment":[{"href":"https:\/\/blog.holyart.it\/fr\/wp-json\/wp\/v2\/media?parent=10592"}],"wp:term":[{"taxonomy":"category","embeddable":true,"href":"https:\/\/blog.holyart.it\/fr\/wp-json\/wp\/v2\/categories?post=10592"},{"taxonomy":"post_tag","embeddable":true,"href":"https:\/\/blog.holyart.it\/fr\/wp-json\/wp\/v2\/tags?post=10592"}],"curies":[{"name":"wp","href":"https:\/\/api.w.org\/{rel}","templated":true}]}}