{"id":10565,"date":"2025-06-30T10:00:35","date_gmt":"2025-06-30T08:00:35","guid":{"rendered":"https:\/\/blog.holyart.it\/fr\/?p=10565"},"modified":"2025-06-26T12:19:49","modified_gmt":"2025-06-26T10:19:49","slug":"jubile-des-jeunes-2025-dates-et-programme-complet","status":"publish","type":"post","link":"https:\/\/blog.holyart.it\/fr\/jubile-2025\/jubile-des-jeunes-2025-dates-et-programme-complet\/","title":{"rendered":"Jubil\u00e9 des jeunes 2025 : dates et programme complet"},"content":{"rendered":"<h4>Jubil\u00e9 des Jeunes 2025 : une semaine d\u00e9di\u00e9e aux P\u00e8lerins d\u2019Esp\u00e9rance qui changeront le Monde<\/h4>\n\n<p>Pendant que l\u2019\u00e9t\u00e9 bat son plein, en rendant nos journ\u00e9es de plus en plus br\u00fblantes, Rome se pr\u00e9pare \u00e0 accueillir le c\u0153ur vibrant de la jeunesse mondiale. <strong>Du<\/strong> <strong>28 juillet au 3 ao\u00fbt 2025<\/strong>, <strong><a href=\"https:\/\/www.holyart.fr\/blog\/articles-religieux\/pelerinage-a-rome-parmi-les-destinations-preferees-des-chretiens\/\">Rome<\/a><\/strong> ouvrira ses bras \u00e0 une multitude de jeunes en chemin, pr\u00eate \u00e0 se transformer en une ville-symbole de foi, de rencontre, de futur. Rues, places et basiliques s\u2019animeront de langues diff\u00e9rentes, de chants, de pas, de questions qui exigent des r\u00e9ponses, de jeunes vies ardentes qui esp\u00e8rent un futur pour le monde. Le <strong>Jubil\u00e9 des Jeunes<\/strong> s\u2019entrem\u00eale au grand souffle du <a href=\"https:\/\/www.holyart.fr\/blog\/articles-religieux\/le-calendrier-des-evenements-du-jubile-2025\/\"><strong>Jubil\u00e9 2025<\/strong><\/a> et en partage le th\u00e8me\u00a0: <a href=\"https:\/\/www.holyart.fr\/blog\/articles-religieux\/la-signification-du-logo-du-jubile-2025-pelerins-desperance\/\"><strong><em>\u00ab\u00a0P\u00e8lerins d\u2019Esp\u00e9rance\u00a0\u00bb<\/em>.<\/strong><\/a> Mais chez les jeunes cette esp\u00e9rance devient \u00e9lan, intuition, urgence. C\u2019est un appel adress\u00e9 \u00e0 tout le monde, certes, mais chez les jeunes qui arriveront \u00e0 Rome, fatigu\u00e9s, \u00e9mus, pleins de vie, il assume la force d\u2019une promesse. <strong>Celle d\u2019un monde nouveau<\/strong>, encore tout\u00a0 construire.<\/p>\n<div class=\"link-article\">\n<p><img loading=\"lazy\" decoding=\"async\" class=\"size-full wp-image-10568 alignleft\" src=\"https:\/\/blog.holyart.it\/fr\/wp-content\/uploads\/sites\/14\/2025\/06\/Le-calendrier-des-evenements-du-Jubile-2025-1.jpg\" alt=\"Le calendrier des evenements du Jubile 2025\" width=\"150\" height=\"99\" data-kale-share-title=\"Jubil\u00e9 des jeunes 2025 : dates et programme complet\" data-kale-share-url=\"https:\/\/blog.holyart.it\/fr\/?p=10565\" \/><\/p>\n<div class=\"leggi-anche\">Lire aussi :<\/div>\n<p><strong><a href=\"https:\/\/www.holyart.fr\/blog\/articles-religieux\/le-calendrier-des-evenements-du-jubile-2025\/\">Le calendrier des \u00e9v\u00e9nements du Jubil\u00e9 2025<\/a><\/strong><br \/>\nLe calendrier des \u00e9v\u00e9nements du Jubil\u00e9 2025 a \u00e9t\u00e9 publi\u00e9 : douze mois d\u2019\u00e9v\u00e9nements et occasions pour approfondir la foi&#8230;<\/p>\n<\/div>\n<p>Si tous les fid\u00e8les sont des p\u00e8lerins, les jeunes le sont de mani\u00e8re radicale, presque ontologique. Car ils portent en eux la graine de l\u2019inqui\u00e9tude, de l\u2019attente, du d\u00e9sir qui ne se contente pas. Ils sont des voyageurs par vocation : ils ne cherchent pas simplement des chemins \u00e0 parcourir, mais des <strong>horizons \u00e0 inventer<\/strong>. Ce sont ceux qui y croient encore, m\u00eame quand le monde autour d\u2019eux semble avoir arr\u00eat\u00e9 de le faire. Ceux qui ne s\u2019arr\u00eatent pas, m\u00eame face \u00e0 des ruines. \u00catre p\u00e8lerins d\u2019esp\u00e9rance, pour eux, n\u2019est pas un exercice de d\u00e9votion. C\u2019est un <strong>acte de foi dans le futur<\/strong>. Un acte de courage. C\u2019est choisir chaque jour de <strong>ne pas c\u00e9der<\/strong> au cynisme, \u00e0 la r\u00e9signation, \u00e0 l\u2019apathie.<br \/>\nEn eux, l\u2019\u00c9glise ne voit pas seulement un demain : elle voit un pr\u00e9sent qui peut d\u00e9j\u00e0 changer le monde. Un pr\u00e9sent fait d\u2019id\u00e9es nouvelles, de questions sinc\u00e8res, de mains pr\u00eates \u00e0 construire. Car <strong>l\u2019esp\u00e9rance n\u2019est pas une attente passive<\/strong>. C\u2019est une force qui se fraye un chemin, qui fait bouger, qui pousse vers l\u2019avant. C\u2019est le chant de qui marche m\u00eame avec les chaussures trou\u00e9es, car le but est digne du voyage.<br \/>\nDans le Jubil\u00e9 2025, les jeunes seront la <strong>lumi\u00e8re de l\u2019aurore<\/strong>, celle qui pr\u00e9c\u00e8de le jour et qui l\u2019annonce. Ils seront proph\u00e8tes habill\u00e9s d\u2019un jeans et d\u2019un sourire, des saints imparfaits, mais obstin\u00e9s, disciples de la joie, m\u00eame quand tout autour d\u2019eux semble trembler.<br \/>\nIls seront, et le sont d\u00e9j\u00e0, <em>p\u00e8lerins d\u2019esp\u00e9rance,<\/em> non pas parce qu\u2019ils connaissent le chemin, mais parce qu\u2019ils croient qu\u2019il vaille la peine de la chercher ensemble.<\/p>\n<div class=\"link-article\">\n<p><img loading=\"lazy\" decoding=\"async\" class=\"size-full wp-image-10569 alignleft\" src=\"https:\/\/blog.holyart.it\/fr\/wp-content\/uploads\/sites\/14\/2025\/06\/La-signification-du-logo-du-Jubile-2025-Pelerins-desperance.jpg\" alt=\"La signification du logo du Jubile 2025 Pelerins d'esperance\" width=\"150\" height=\"99\" data-kale-share-title=\"Jubil\u00e9 des jeunes 2025 : dates et programme complet\" data-kale-share-url=\"https:\/\/blog.holyart.it\/fr\/?p=10565\" \/><\/p>\n<div class=\"leggi-anche\">Lire aussi :<\/div>\n<p><strong><a href=\"https:\/\/www.holyart.fr\/blog\/articles-religieux\/la-signification-du-logo-du-jubile-2025-pelerins-desperance\/\">La signification du logo du Jubil\u00e9 2025 : P\u00e8lerins d\u2019esp\u00e9rance<\/a><\/strong><br \/>\nLe logo du Jubil\u00e9 2025 vient d\u2019\u00eatre pr\u00e9sent\u00e9, choisi parmi presque trois cents propositions. Un symbole d\u2019esp\u00e9rance&#8230;<\/p>\n<\/div>\n<p>Les dates du <strong>Jubil\u00e9 des Jeunes<\/strong> ont \u00e9t\u00e9 imprim\u00e9es dans le c\u0153ur de milliers de filles et gar\u00e7ons. Il s\u2019agira d\u2019une semaine de rencontres, d\u2019\u00e9treintes, de chemins et de mots prononc\u00e9s sous le ciel br\u00fblant de l\u2019\u00e9t\u00e9 romain. Le programme du Jubil\u00e9 2025 ne sera pas seulement un agenda, mais une carte du c\u0153ur\u00a0: chaque rendez-vous sera un pas vers quelque chose de plus grand, un chuchotement de l\u2019\u00e9ternit\u00e9.<\/p>\n<h2>Dates Jubil\u00e9 des Jeunes 2025<\/h2>\n<p>Les dates du Jubil\u00e9 2025 ont d\u00e9j\u00e0 \u00e9t\u00e9 not\u00e9es \u00e0 l\u2019encre de l\u2019attente depuis de nombreux mois par des milliers de jeunes. <strong>Du 28 juillet au 3 ao\u00fbt<\/strong>, sept jours qui s\u2019annoncent comme une parenth\u00e8se suspendue dans le temps, o\u00f9 Rome parlera les langues du monde entier et ses ruelles se rempliront de sacs-\u00e0-dos, guitares, chants et pas fatigu\u00e9s, mais remplis de lumi\u00e8re. Le Jubil\u00e9 des Jeunes 2025 a \u00e9t\u00e9 con\u00e7u pour les c\u0153urs des jeunes, pour qui r\u00eave en grand, pour qui cherche quelque chose qu\u2019il vaille la peine de vivre. Dans un \u00e9t\u00e9 o\u00f9 tout peut sembler synonyme de vacances, l\u2019\u00c9glise propose une alternative\u00a0: des <strong>vacances de l\u2019\u00e2me<\/strong>, o\u00f9 la rencontre avec Dieu et avec l\u2019autre devient l\u2019exp\u00e9rience la plus vraie. Et Rome, avec ses <a href=\"https:\/\/www.holyart.fr\/blog\/articles-religieux\/eglises-jubilaires-lieux-de-pelerinages-incontournables-pendant-le-jubile\/\"><strong>basiliques mill\u00e9naires<\/strong><\/a>, avec ses pierres qui parlent, avec les aubes sur les ponts et les nuits parfum\u00e9es de jasmin, sera le cadre parfait pour ce voyage spirituel. Chaque jour un message, un signe, un appel.<\/p>\n<div class=\"link-article\">\n<p><img loading=\"lazy\" decoding=\"async\" class=\"size-full wp-image-10570 alignleft\" src=\"https:\/\/blog.holyart.it\/fr\/wp-content\/uploads\/sites\/14\/2025\/06\/eglises-Jubilaires-1.jpg\" alt=\"eglises Jubilaires\" width=\"150\" height=\"99\" data-kale-share-title=\"Jubil\u00e9 des jeunes 2025 : dates et programme complet\" data-kale-share-url=\"https:\/\/blog.holyart.it\/fr\/?p=10565\" \/><\/p>\n<div class=\"leggi-anche\">Lire aussi :<\/div>\n<p><strong><a href=\"https:\/\/www.holyart.fr\/blog\/articles-religieux\/eglises-jubilaires-lieux-de-pelerinages-incontournables-pendant-le-jubile\/\">\u00c9glises Jubilaires, lieux de p\u00e8lerinages incontournables pendant le Jubil\u00e9<\/a><\/strong><br \/>\nLes \u00c9glises Jubilaires sont celles dot\u00e9es d\u2019une Porte Sainte, la traversant&#8230;<\/p>\n<\/div>\n<h2>Journ\u00e9e Mondiale de la Jeunesse<\/h2>\n<p>Le Jubil\u00e9 des Jeunes n\u2019est pas apparu du jour au lendemain : il est le fruit et la continuation de la <strong>Journ\u00e9e Mondiale de la Jeunesse<\/strong>, la c\u00e9l\u00e8bre <strong>JMJ<\/strong> qui, depuis des d\u00e9cennies, rassemble les nouvelles g\u00e9n\u00e9rations du monde autour du Pape. C\u2019est le fruit m\u00fbr du r\u00eave de Jean-Paul II, qui vit dans la jeunesse non pas un probl\u00e8me \u00e0 g\u00e9rer, mais une promesse \u00e0 embrasser. La journ\u00e9e mondiale des jeunes a travers\u00e9 des oc\u00e9ans, d\u00e9fi\u00e9 des crises, r\u00e9uni des visages et des drapeaux, cr\u00e9\u00e9 des liens qui ont d\u00e9pass\u00e9 les fronti\u00e8res et les guerres. Aujourd\u2019hui, au c\u0153ur du <a href=\"https:\/\/www.holyart.fr\/blog\/articles-religieux\/quest-ce-quest-le-jubile-preparons-nous-a-une-nouvelle-annee-sainte\/\"><strong>Jubil\u00e9 2025<\/strong><\/a>, cette m\u00eame \u00e9nergie se renouvelle avec une lumi\u00e8re nouvelle.<br \/>\nParce que les jeunes ne sont pas spectateurs de l\u2019\u00c9glise : <strong>ils sont l\u2019\u00c9glise vivante, en chemin, en effervescence<\/strong>. Le Jubil\u00e9 sera pour eux non pas un \u00e9v\u00e9nement \u00e0 suivre, mais une exp\u00e9rience \u00e0 incarner. Ils seront protagonistes, t\u00e9moins, porteurs sains d\u2019esp\u00e9rance. Et dans un monde lac\u00e9r\u00e9 par les incertitudes et par la solitude, ce sera leur voix \u2013 joyeuse, rebelle, amoureuse \u2013 qui rallumera le futur.<br \/>\nLes rendez-vous du Jubil\u00e9 li\u00e9s \u00e0 la JMJ 2025 seront un laboratoire de paix, un laboratoire de beaut\u00e9, o\u00f9 l\u2019on r\u00e9fl\u00e9chira ensemble \u00e0 la justice sociale, \u00e0 l\u2019\u00e9cologie int\u00e9grale, au dialogue entre les cultures. Car la saintet\u00e9, aujourd\u2019hui, a le visage de la solidarit\u00e9 concr\u00e8te.<\/p>\n<div class=\"link-article\">\n<p><img loading=\"lazy\" decoding=\"async\" class=\"size-full wp-image-10573 alignleft\" src=\"https:\/\/blog.holyart.it\/fr\/wp-content\/uploads\/sites\/14\/2025\/06\/le-jubile-1.jpg\" alt=\"le jubil\u00e9\" width=\"150\" height=\"99\" data-kale-share-title=\"Jubil\u00e9 des jeunes 2025 : dates et programme complet\" data-kale-share-url=\"https:\/\/blog.holyart.it\/fr\/?p=10565\" \/><\/p>\n<div class=\"leggi-anche\">Lire aussi :<\/div>\n<p><strong><a href=\"https:\/\/www.holyart.fr\/blog\/articles-religieux\/quest-ce-quest-le-jubile-preparons-nous-a-une-nouvelle-annee-sainte\/\">Qu\u2019est-ce qu\u2019est le Jubil\u00e9 : pr\u00e9parons-nous \u00e0 une nouvelle ann\u00e9e sainte<\/a><\/strong><br \/>\nQu\u2019est-ce qu\u2019est le Jubil\u00e9 ? \u00c0 quelle fr\u00e9quence est-il c\u00e9l\u00e9br\u00e9 ?&#8230;<\/p>\n<\/div>\n<h2>Programme Jubil\u00e9 des Jeunes<\/h2>\n<p>Le programme du Jubil\u00e9 des Jeunes 2025 sera comme un grand chemin \u00e0 \u00e9tapes, un p\u00e8lerinage g\u00e9n\u00e9ralis\u00e9 au c\u0153ur m\u00eame de Rome, qui jour apr\u00e8s jour prendra forme dans les gestes, dans les mots et dans les rencontres.<\/p>\n<p>On d\u00e9butera le <strong>lundi 28 juillet<\/strong> avec l\u2019arriv\u00e9e des p\u00e8lerins. Les gares, les a\u00e9roports, les terminaux deviendront des lieux de salutations, accolades, attentes. La ville commencera \u00e0 changer de visage, en se peuplant de sacs-\u00e0-dos et de chants, de sourires et de langues m\u00e9lang\u00e9es.<\/p>\n<p><strong>Mardi 29<\/strong>, le Jubil\u00e9 explosera en une grande f\u00eate avec la <strong>Messe de bienvenue Place Saint-Pierre<\/strong>\u00a0: un moment puissant et choral, o\u00f9 les c\u0153urs des jeunes s\u2019uniront \u00e0 la voix de l\u2019\u00c9glise de Rome pour dire\u00a0: \u00ab\u00a0<em>Nous sommes l\u00e0. Nous sommes pr\u00eats<\/em>\u00a0\u00bb.<\/p>\n<p><strong>Mercredi 30 et jeudi 31 <\/strong>seront deux jours sp\u00e9ciaux\u00a0: le \u00ab\u00a0<strong>Dialogue avec la ville<\/strong>\u00a0\u00bb, o\u00f9 les jeunes se disperseront dans les quartiers, les mus\u00e9es, les cours cach\u00e9es, les anciennes \u00e9glises. Rome s\u2019ouvrira comme un livre, en offrant ses pages les plus belles\u00a0: laboratoires artistiques, rencontres spirituelles, initiatives culturelles, t\u00e9moignages. Chaque coin de la ville deviendra un lieu d\u2019\u00e9coute, de partage, d\u2019\u00e9tonnement.<\/p>\n<p><strong>Vendredi 1<sup>er<\/sup> ao\u00fbt<\/strong>, le temps ralentira, il deviendra int\u00e9rieur. On c\u00e9l\u00e9brera <strong>la journ\u00e9e p\u00e9nitentielle<\/strong> avec le Circus Maximus transform\u00e9 en un grand espace de mis\u00e9ricorde et de pardon. Ici les jeunes pourront s\u2019approcher du <strong>Sacrement de la R\u00e9conciliation<\/strong>, vivre le silence, laisser parler leur c\u0153ur. Ce sera le jour pour remettre de l\u2019ordre dans ce qui est chamboul\u00e9 \u00e0 l\u2019int\u00e9rieur, pour lib\u00e9rer ce qui est rest\u00e9 en suspens.<\/p>\n<p>Ensuite,<strong> samedi 2 ao\u00fbt<\/strong>, le peuple jeune se mettra en marche vers <strong>Tor Vergata<\/strong>, lieu symbolique o\u00f9 le temps semble s\u2019arr\u00eater. Ici, sous les \u00e9toiles, se tiendra la <strong>Veill\u00e9e avec le Saint-P\u00e8re<\/strong>, un moment intime et immense, ensemble. Les jeunes resteront dormir en plein air, comme de v\u00e9ritables p\u00e8lerins, en veillant ensemble dans la nuit qui pr\u00e9pare le jour nouveau.<\/p>\n<p><strong>Dimanche 3 ao\u00fbt<\/strong>, l\u2019apog\u00e9e. La rencontre avec le Pape et la Messe conclusive. Une \u00e9piphanie de jeunesse r\u00e9unie sous un m\u00eame ciel, les yeux humides, les mains soulev\u00e9es, les c\u0153urs grand ouverts. L\u2019 \u00ab\u00a0Amen\u00a0\u00bb le plus fort jamais prononc\u00e9 par la jeunesse du monde entier. Une c\u00e9l\u00e9bration qui renfermera toutes les voix, les larmes, les danses et les promesses de ces jours-l\u00e0.<\/p>\n<p>Ensuite, tout doucement, on entamera le retour \u00e0 la maison. Mais ce ne sera pas un adieu\u00a0: ce sera un mandat. Un \u00ab\u00a0<em>maintenant, vas-y\u00a0<\/em>\u00bb chuchot\u00e9 avec force. Car qui a v\u00e9cu ce Jubil\u00e9 ne rentrera jamais vraiment chez lui comme il \u00e9tait avant.<\/p>\n<p>L\u2019art sera partout\u00a0: <strong>spectacles, expositions, t\u00e9moignages<\/strong>, car la beaut\u00e9 est un des noms de Dieu et parle \u00e9galement \u00e0 qui n\u2019a pas encore appris le langage de la foi. Il y aura de la place pour <strong>le service<\/strong>, concret et silencieux, parmi les pauvres, dans les paroisses, dans les centres d\u2019\u00e9coute. Car l\u2019esp\u00e9rance qui ne se transforme pas en geste reste un simple mot.<br \/>\nEt puis les <strong>rencontres entre mouvements eccl\u00e9siastiques<\/strong>, entre r\u00e9alit\u00e9s dioc\u00e9saines, entre charismes diff\u00e9rents qui, unis, formeront une mosa\u00efque de foi vive et op\u00e9rationnelle.<br \/>\nAu c\u0153ur palpitant de cet \u00e9v\u00e9nement, le <strong>dialogue interreligieux<\/strong>\u00a0: un espace o\u00f9 apprendre \u00e0 \u00e9couter, \u00e0 conna\u00eetre, \u00e0 tendre la main. Car le futur ne se construit pas avec des murs, mais avec des ponts.<\/p>\n<div class=\"sp-styles-warning\" style=\"width: 450px; background-color: #FFF; color: #F00; border: 1px solid #F00; padding: 10px; font-size: 14px;\">\n\t\t\t<span style=\"font-weight: bold;\">Warning: The stylesheets were not loaded!<\/span> \n\t\t\tYou will need to change the <i>Load stylesheets<\/i> setting from <i>Automatically<\/i> to <i>On homepage<\/i> or <i>On all pages<\/i>. \n\t\t\tYou can set that <a style=\"text-decoration: underline; color: #F00;\" href=\"https:\/\/blog.holyart.it\/fr\/wp-admin\/admin.php?page=sliderpro-settings\">here<\/a>.\n\t\t\t<\/div>\r\n<div id=\"slider-pro-174\" class=\"slider-pro sp-no-js\" style=\"width: 500px; height: 500px;\">\r\n\t<div class=\"sp-slides\">\r\n\t\t\r\n\t\t<div class=\"sp-slide\">\r\n\t\t\t<img loading=\"lazy\" decoding=\"async\" class=\"sp-image\" src=\"https:\/\/blog.holyart.it\/fr\/wp-content\/uploads\/sites\/14\/2025\/06\/luce-mascotte-officielle-du-jubile-2025-peluche-25-cm-tokidoki.jpg\" alt=\"luce mascotte officielle du jubile 2025 peluche 25 cm tokidoki\" width=\"500\" height=\"500\" \/>\r\n\t\t\t<div class=\"sp-thumbnail\"><a class=\"\" href=\"https:\/\/www.holyart.fr\/jubile-2025-pelerins-desperance\/luce-mascotte-officielle-du-jubile-2025\/luce-mascotte-officielle-du-jubile-2025-peluche-25-cm-tokidoki\">\r\n\t\t\t\t<img decoding=\"async\" src=\"https:\/\/blog.holyart.it\/fr\/wp-content\/uploads\/sites\/14\/2025\/06\/luce-mascotte-officielle-du-jubile-2025-peluche-25-cm-tokidoki-1.jpg\" alt=\"luce mascotte officielle du jubile 2025 peluche 25 cm tokidoki\" \/>\r\n\t\t\t<\/a>\r\n\t\t\t<\/div>\r\n\t\t\t<div class=\"sp-caption\">Luce mascotte officielle du Jubil\u00e9 2025 - peluche Tokidoki 25 cm.\n<br \/><strong><a href=\"https:\/\/www.holyart.fr\/jubile-2025-pelerins-desperance\/luce-mascotte-officielle-du-jubile-2025\/luce-mascotte-officielle-du-jubile-2025-peluche-25-cm-tokidoki\">Acheter sur Holyart<\/a><\/strong><\/div>\r\n\t\t<\/div>\r\n\t\t<div class=\"sp-slide\">\r\n\t\t\t<img loading=\"lazy\" decoding=\"async\" class=\"sp-image\" src=\"https:\/\/blog.holyart.it\/fr\/wp-content\/uploads\/sites\/14\/2025\/06\/t-shirt-mascotte-officielle-jubile-2025-noir-luce-and-friends.jpg\" alt=\"t shirt mascotte officielle jubile 2025 noir luce and friends\" width=\"500\" height=\"500\" \/>\r\n\t\t\t<div class=\"sp-thumbnail\"><a class=\"\" href=\"https:\/\/www.holyart.fr\/jubile-2025-pelerins-desperance\/luce-mascotte-officielle-du-jubile-2025\/t-shirt-mascotte-officielle-jubile-2025-noir-luce-and-friends\">\r\n\t\t\t\t<img decoding=\"async\" src=\"https:\/\/blog.holyart.it\/fr\/wp-content\/uploads\/sites\/14\/2025\/06\/t-shirt-mascotte-officielle-jubile-2025-noir-luce-and-friends-1.jpg\" alt=\"t shirt mascotte officielle jubile 2025 noir luce and friends\" \/>\r\n\t\t\t<\/a>\r\n\t\t\t<\/div>\r\n\t\t\t<div class=\"sp-caption\">T-shirt mascotte officielle Jubil\u00e9 2025 noir Luce and friends.\n<br \/><strong><a href=\"https:\/\/www.holyart.fr\/jubile-2025-pelerins-desperance\/luce-mascotte-officielle-du-jubile-2025\/t-shirt-mascotte-officielle-jubile-2025-noir-luce-and-friends\">Acheter sur Holyart<\/a><\/strong><\/div>\r\n\t\t<\/div>\r\n\t\t<div class=\"sp-slide\">\r\n\t\t\t<img loading=\"lazy\" decoding=\"async\" class=\"sp-image\" src=\"https:\/\/blog.holyart.it\/fr\/wp-content\/uploads\/sites\/14\/2025\/06\/sac-a-dos-du-pelerin-kit-complet-jubile-2025-1.jpg\" alt=\"sac a dos du pelerin kit complet jubile 2025\" width=\"500\" height=\"500\" \/>\r\n\t\t\t<div class=\"sp-thumbnail\"><a class=\"\" href=\"https:\/\/www.holyart.fr\/jubile-2025-pelerins-desperance\/kit-du-pelerin-et-gadgets-du-jubile-2025\/sac-a-dos-du-pelerin-kit-complet-jubile-2025\">\r\n\t\t\t\t<img decoding=\"async\" src=\"https:\/\/blog.holyart.it\/fr\/wp-content\/uploads\/sites\/14\/2025\/06\/sac-a-dos-du-pelerin-kit-complet-jubile-2025-1-1.jpg\" alt=\"sac a dos du pelerin kit complet jubile 2025\" \/>\r\n\t\t\t<\/a>\r\n\t\t\t<\/div>\r\n\t\t\t<div class=\"sp-caption\">Kit du p\u00e8lerin con\u00e7u pour enrichir et faciliter le p\u00e8lerinage du Jubil\u00e9, comprenant un ensemble de produits essentiels pour rendre ce voyage unique.\n<br \/><strong><a href=\"https:\/\/www.holyart.fr\/jubile-2025-pelerins-desperance\/kit-du-pelerin-et-gadgets-du-jubile-2025\/sac-a-dos-du-pelerin-kit-complet-jubile-2025\">Acheter sur Holyart<\/a><\/strong><\/div>\r\n\t\t<\/div>\r\n\t\t<div class=\"sp-slide\">\r\n\t\t\t<img loading=\"lazy\" decoding=\"async\" class=\"sp-image\" src=\"https:\/\/blog.holyart.it\/fr\/wp-content\/uploads\/sites\/14\/2025\/06\/kit-jubile-2025-sacoche-et-accessoires-pour-pelerins.jpg\" alt=\"kit jubile 2025 sacoche et accessoires pour pelerins\" width=\"500\" height=\"500\" \/>\r\n\t\t\t<div class=\"sp-thumbnail\"><a class=\"\" href=\"https:\/\/www.holyart.fr\/jubile-2025-pelerins-desperance\/kit-du-pelerin-et-gadgets-du-jubile-2025\/kit-jubile-2025-sacoche-et-accessoires-pour-pelerins\">\r\n\t\t\t\t<img decoding=\"async\" src=\"https:\/\/blog.holyart.it\/fr\/wp-content\/uploads\/sites\/14\/2025\/06\/kit-jubile-2025-sacoche-et-accessoires-pour-pelerins-e1750089046754.jpg\" alt=\"kit jubile 2025 sacoche et accessoires pour pelerins\" \/>\r\n\t\t\t<\/a>\r\n\t\t\t<\/div>\r\n\t\t\t<div class=\"sp-caption\">Kit Jubil\u00e9 2025 sacoche et accessoires pour p\u00e8lerins.\n<br \/><strong><a href=\"https:\/\/www.holyart.fr\/jubile-2025-pelerins-desperance\/kit-du-pelerin-et-gadgets-du-jubile-2025\/kit-jubile-2025-sacoche-et-accessoires-pour-pelerins\">Acheter sur Holyart<\/a><\/strong><\/div>\r\n\t\t<\/div>\r\n\t\t<div class=\"sp-slide\">\r\n\t\t\t<img loading=\"lazy\" decoding=\"async\" class=\"sp-image\" src=\"https:\/\/blog.holyart.it\/fr\/wp-content\/uploads\/sites\/14\/2025\/06\/bracelet-jubile-2025-elastique-perles-ceramique.jpg\" alt=\"bracelet jubile 2025 elastique perles ceramique\" width=\"500\" height=\"500\" \/>\r\n\t\t\t<div class=\"sp-thumbnail\"><a class=\"\" href=\"https:\/\/www.holyart.fr\/jubile-2025-pelerins-desperance\/gadgets-et-souvenirs-jubile-2025\/bracelet-jubile-2025-elastique-perles-ceramique\">\r\n\t\t\t\t<img decoding=\"async\" src=\"https:\/\/blog.holyart.it\/fr\/wp-content\/uploads\/sites\/14\/2025\/06\/bracelet-jubile-2025-elastique-perles-ceramique-1.jpg\" alt=\"bracelet jubile 2025 elastique perles ceramique\" \/>\r\n\t\t\t<\/a>\r\n\t\t\t<\/div>\r\n\t\t\t<div class=\"sp-caption\">Bracelet Jubil\u00e9 2025 \u00e9lastique perles c\u00e9ramique.\n<br \/><strong><a href=\"https:\/\/www.holyart.fr\/jubile-2025-pelerins-desperance\/gadgets-et-souvenirs-jubile-2025\/bracelet-jubile-2025-elastique-perles-ceramique\">Acheter sur Holyart<\/a><\/strong><\/div>\r\n\t\t<\/div>\r\n\t<\/div>\r\n<\/div>\n","protected":false},"excerpt":{"rendered":"<p>Jubil\u00e9 des Jeunes 2025 : une semaine d\u00e9di\u00e9e aux P\u00e8lerins d\u2019Esp\u00e9rance qui changeront le Monde Pendant que l\u2019\u00e9t\u00e9 bat son plein, en rendant nos journ\u00e9es de plus en plus br\u00fblantes, Rome se pr\u00e9pare \u00e0 accueillir le c\u0153ur vibrant de la jeunesse mondiale. Du 28 juillet&hellip;<\/p>\n","protected":false},"author":1,"featured_media":10567,"comment_status":"closed","ping_status":"open","sticky":false,"template":"","format":"standard","meta":{"_acf_changed":false,"footnotes":""},"categories":[13],"tags":[],"class_list":["post-10565","post","type-post","status-publish","format-standard","has-post-thumbnail","hentry","category-jubile-2025"],"acf":[],"yoast_head":"<!-- This site is optimized with the Yoast SEO plugin v26.6 - https:\/\/yoast.com\/wordpress\/plugins\/seo\/ -->\n<title>Jubil\u00e9 des jeunes 2025 : dates et programme complet - Holyart.fr Blog<\/title>\n<meta name=\"description\" content=\"\u00c0 l\u2019occasion du Jubil\u00e9 des Jeunes 2025 Rome accueillera des milliers de jeunes, p\u00e8lerins d\u2019esp\u00e9rance d\u00e9sireux de construire un monde nouveau.\" \/>\n<meta name=\"robots\" content=\"index, follow, max-snippet:-1, max-image-preview:large, max-video-preview:-1\" \/>\n<link rel=\"canonical\" href=\"https:\/\/blog.holyart.it\/fr\/jubile-2025\/jubile-des-jeunes-2025-dates-et-programme-complet\/\" \/>\n<meta property=\"og:locale\" content=\"fr_FR\" \/>\n<meta property=\"og:type\" content=\"article\" \/>\n<meta property=\"og:title\" content=\"Jubil\u00e9 des jeunes 2025 : dates et programme complet - Holyart.fr Blog\" \/>\n<meta property=\"og:description\" content=\"\u00c0 l\u2019occasion du Jubil\u00e9 des Jeunes 2025 Rome accueillera des milliers de jeunes, p\u00e8lerins d\u2019esp\u00e9rance d\u00e9sireux de construire un monde nouveau.\" \/>\n<meta property=\"og:url\" content=\"https:\/\/blog.holyart.it\/fr\/jubile-2025\/jubile-des-jeunes-2025-dates-et-programme-complet\/\" \/>\n<meta property=\"og:site_name\" content=\"Holyart.fr Blog\" \/>\n<meta property=\"article:published_time\" content=\"2025-06-30T08:00:35+00:00\" \/>\n<meta property=\"og:image\" content=\"https:\/\/blog.holyart.it\/fr\/wp-content\/uploads\/sites\/14\/2025\/06\/Jubile-des-jeunes.jpg\" \/>\n\t<meta property=\"og:image:width\" content=\"1000\" \/>\n\t<meta property=\"og:image:height\" content=\"666\" \/>\n\t<meta property=\"og:image:type\" content=\"image\/jpeg\" \/>\n<meta name=\"author\" content=\"Redazione\" \/>\n<meta name=\"twitter:card\" content=\"summary_large_image\" \/>\n<meta name=\"twitter:label1\" content=\"\u00c9crit par\" \/>\n\t<meta name=\"twitter:data1\" content=\"Redazione\" \/>\n\t<meta name=\"twitter:label2\" content=\"Dur\u00e9e de lecture estim\u00e9e\" \/>\n\t<meta name=\"twitter:data2\" content=\"9 minutes\" \/>\n<script type=\"application\/ld+json\" class=\"yoast-schema-graph\">{\"@context\":\"https:\/\/schema.org\",\"@graph\":[{\"@type\":\"Article\",\"@id\":\"https:\/\/blog.holyart.it\/fr\/jubile-2025\/jubile-des-jeunes-2025-dates-et-programme-complet\/#article\",\"isPartOf\":{\"@id\":\"https:\/\/blog.holyart.it\/fr\/jubile-2025\/jubile-des-jeunes-2025-dates-et-programme-complet\/\"},\"author\":{\"name\":\"Redazione\",\"@id\":\"https:\/\/blog.holyart.it\/fr\/#\/schema\/person\/0a7b686e5af0f856ec1e390dd0baecda\"},\"headline\":\"Jubil\u00e9 des jeunes 2025 : dates et programme complet\",\"datePublished\":\"2025-06-30T08:00:35+00:00\",\"mainEntityOfPage\":{\"@id\":\"https:\/\/blog.holyart.it\/fr\/jubile-2025\/jubile-des-jeunes-2025-dates-et-programme-complet\/\"},\"wordCount\":1739,\"publisher\":{\"@id\":\"https:\/\/blog.holyart.it\/fr\/#organization\"},\"image\":{\"@id\":\"https:\/\/blog.holyart.it\/fr\/jubile-2025\/jubile-des-jeunes-2025-dates-et-programme-complet\/#primaryimage\"},\"thumbnailUrl\":\"https:\/\/blog.holyart.it\/fr\/wp-content\/uploads\/sites\/14\/2025\/06\/Jubile-des-jeunes.jpg\",\"articleSection\":[\"Jubil\u00e9 2025\"],\"inLanguage\":\"fr-FR\"},{\"@type\":\"WebPage\",\"@id\":\"https:\/\/blog.holyart.it\/fr\/jubile-2025\/jubile-des-jeunes-2025-dates-et-programme-complet\/\",\"url\":\"https:\/\/blog.holyart.it\/fr\/jubile-2025\/jubile-des-jeunes-2025-dates-et-programme-complet\/\",\"name\":\"Jubil\u00e9 des jeunes 2025 : dates et programme complet - Holyart.fr Blog\",\"isPartOf\":{\"@id\":\"https:\/\/blog.holyart.it\/fr\/#website\"},\"primaryImageOfPage\":{\"@id\":\"https:\/\/blog.holyart.it\/fr\/jubile-2025\/jubile-des-jeunes-2025-dates-et-programme-complet\/#primaryimage\"},\"image\":{\"@id\":\"https:\/\/blog.holyart.it\/fr\/jubile-2025\/jubile-des-jeunes-2025-dates-et-programme-complet\/#primaryimage\"},\"thumbnailUrl\":\"https:\/\/blog.holyart.it\/fr\/wp-content\/uploads\/sites\/14\/2025\/06\/Jubile-des-jeunes.jpg\",\"datePublished\":\"2025-06-30T08:00:35+00:00\",\"description\":\"\u00c0 l\u2019occasion du Jubil\u00e9 des Jeunes 2025 Rome accueillera des milliers de jeunes, p\u00e8lerins d\u2019esp\u00e9rance d\u00e9sireux de construire un monde nouveau.\",\"breadcrumb\":{\"@id\":\"https:\/\/blog.holyart.it\/fr\/jubile-2025\/jubile-des-jeunes-2025-dates-et-programme-complet\/#breadcrumb\"},\"inLanguage\":\"fr-FR\",\"potentialAction\":[{\"@type\":\"ReadAction\",\"target\":[\"https:\/\/blog.holyart.it\/fr\/jubile-2025\/jubile-des-jeunes-2025-dates-et-programme-complet\/\"]}]},{\"@type\":\"ImageObject\",\"inLanguage\":\"fr-FR\",\"@id\":\"https:\/\/blog.holyart.it\/fr\/jubile-2025\/jubile-des-jeunes-2025-dates-et-programme-complet\/#primaryimage\",\"url\":\"https:\/\/blog.holyart.it\/fr\/wp-content\/uploads\/sites\/14\/2025\/06\/Jubile-des-jeunes.jpg\",\"contentUrl\":\"https:\/\/blog.holyart.it\/fr\/wp-content\/uploads\/sites\/14\/2025\/06\/Jubile-des-jeunes.jpg\",\"width\":1000,\"height\":666,\"caption\":\"Jubil\u00e9 des jeunes\"},{\"@type\":\"BreadcrumbList\",\"@id\":\"https:\/\/blog.holyart.it\/fr\/jubile-2025\/jubile-des-jeunes-2025-dates-et-programme-complet\/#breadcrumb\",\"itemListElement\":[{\"@type\":\"ListItem\",\"position\":1,\"name\":\"Homepage\",\"item\":\"https:\/\/blog.holyart.it\/fr\/\"},{\"@type\":\"ListItem\",\"position\":2,\"name\":\"Jubil\u00e9 2025\",\"item\":\"https:\/\/blog.holyart.it\/fr\/jubile-2025\/\"},{\"@type\":\"ListItem\",\"position\":3,\"name\":\"Jubil\u00e9 des jeunes 2025 : dates et programme complet\"}]},{\"@type\":\"WebSite\",\"@id\":\"https:\/\/blog.holyart.it\/fr\/#website\",\"url\":\"https:\/\/blog.holyart.it\/fr\/\",\"name\":\"Holyart.fr Blog\",\"description\":\"Holyblog\",\"publisher\":{\"@id\":\"https:\/\/blog.holyart.it\/fr\/#organization\"},\"potentialAction\":[{\"@type\":\"SearchAction\",\"target\":{\"@type\":\"EntryPoint\",\"urlTemplate\":\"https:\/\/blog.holyart.it\/fr\/?s={search_term_string}\"},\"query-input\":{\"@type\":\"PropertyValueSpecification\",\"valueRequired\":true,\"valueName\":\"search_term_string\"}}],\"inLanguage\":\"fr-FR\"},{\"@type\":\"Organization\",\"@id\":\"https:\/\/blog.holyart.it\/fr\/#organization\",\"name\":\"Holyart.fr Blog\",\"url\":\"https:\/\/blog.holyart.it\/fr\/\",\"logo\":{\"@type\":\"ImageObject\",\"inLanguage\":\"fr-FR\",\"@id\":\"https:\/\/blog.holyart.it\/fr\/#\/schema\/logo\/image\/\",\"url\":\"https:\/\/blog.holyart.it\/fr\/wp-content\/uploads\/sites\/14\/2022\/12\/Holyart_Blog_Logo.jpg\",\"contentUrl\":\"https:\/\/blog.holyart.it\/fr\/wp-content\/uploads\/sites\/14\/2022\/12\/Holyart_Blog_Logo.jpg\",\"width\":300,\"height\":50,\"caption\":\"Holyart.fr Blog\"},\"image\":{\"@id\":\"https:\/\/blog.holyart.it\/fr\/#\/schema\/logo\/image\/\"}},{\"@type\":\"Person\",\"@id\":\"https:\/\/blog.holyart.it\/fr\/#\/schema\/person\/0a7b686e5af0f856ec1e390dd0baecda\",\"name\":\"Redazione\",\"image\":{\"@type\":\"ImageObject\",\"inLanguage\":\"fr-FR\",\"@id\":\"https:\/\/blog.holyart.it\/fr\/#\/schema\/person\/image\/\",\"url\":\"https:\/\/secure.gravatar.com\/avatar\/f477da817f43e50d0af36abecd33e3edf826c68299714bdc1057dff3b113f516?s=96&d=mm&r=g\",\"contentUrl\":\"https:\/\/secure.gravatar.com\/avatar\/f477da817f43e50d0af36abecd33e3edf826c68299714bdc1057dff3b113f516?s=96&d=mm&r=g\",\"caption\":\"Redazione\"},\"url\":\"https:\/\/blog.holyart.it\/fr\/author\/admin\/\"}]}<\/script>\n<!-- \/ Yoast SEO plugin. -->","yoast_head_json":{"title":"Jubil\u00e9 des jeunes 2025 : dates et programme complet - Holyart.fr Blog","description":"\u00c0 l\u2019occasion du Jubil\u00e9 des Jeunes 2025 Rome accueillera des milliers de jeunes, p\u00e8lerins d\u2019esp\u00e9rance d\u00e9sireux de construire un monde nouveau.","robots":{"index":"index","follow":"follow","max-snippet":"max-snippet:-1","max-image-preview":"max-image-preview:large","max-video-preview":"max-video-preview:-1"},"canonical":"https:\/\/blog.holyart.it\/fr\/jubile-2025\/jubile-des-jeunes-2025-dates-et-programme-complet\/","og_locale":"fr_FR","og_type":"article","og_title":"Jubil\u00e9 des jeunes 2025 : dates et programme complet - Holyart.fr Blog","og_description":"\u00c0 l\u2019occasion du Jubil\u00e9 des Jeunes 2025 Rome accueillera des milliers de jeunes, p\u00e8lerins d\u2019esp\u00e9rance d\u00e9sireux de construire un monde nouveau.","og_url":"https:\/\/blog.holyart.it\/fr\/jubile-2025\/jubile-des-jeunes-2025-dates-et-programme-complet\/","og_site_name":"Holyart.fr Blog","article_published_time":"2025-06-30T08:00:35+00:00","og_image":[{"width":1000,"height":666,"url":"https:\/\/blog.holyart.it\/fr\/wp-content\/uploads\/sites\/14\/2025\/06\/Jubile-des-jeunes.jpg","type":"image\/jpeg"}],"author":"Redazione","twitter_card":"summary_large_image","twitter_misc":{"\u00c9crit par":"Redazione","Dur\u00e9e de lecture estim\u00e9e":"9 minutes"},"schema":{"@context":"https:\/\/schema.org","@graph":[{"@type":"Article","@id":"https:\/\/blog.holyart.it\/fr\/jubile-2025\/jubile-des-jeunes-2025-dates-et-programme-complet\/#article","isPartOf":{"@id":"https:\/\/blog.holyart.it\/fr\/jubile-2025\/jubile-des-jeunes-2025-dates-et-programme-complet\/"},"author":{"name":"Redazione","@id":"https:\/\/blog.holyart.it\/fr\/#\/schema\/person\/0a7b686e5af0f856ec1e390dd0baecda"},"headline":"Jubil\u00e9 des jeunes 2025 : dates et programme complet","datePublished":"2025-06-30T08:00:35+00:00","mainEntityOfPage":{"@id":"https:\/\/blog.holyart.it\/fr\/jubile-2025\/jubile-des-jeunes-2025-dates-et-programme-complet\/"},"wordCount":1739,"publisher":{"@id":"https:\/\/blog.holyart.it\/fr\/#organization"},"image":{"@id":"https:\/\/blog.holyart.it\/fr\/jubile-2025\/jubile-des-jeunes-2025-dates-et-programme-complet\/#primaryimage"},"thumbnailUrl":"https:\/\/blog.holyart.it\/fr\/wp-content\/uploads\/sites\/14\/2025\/06\/Jubile-des-jeunes.jpg","articleSection":["Jubil\u00e9 2025"],"inLanguage":"fr-FR"},{"@type":"WebPage","@id":"https:\/\/blog.holyart.it\/fr\/jubile-2025\/jubile-des-jeunes-2025-dates-et-programme-complet\/","url":"https:\/\/blog.holyart.it\/fr\/jubile-2025\/jubile-des-jeunes-2025-dates-et-programme-complet\/","name":"Jubil\u00e9 des jeunes 2025 : dates et programme complet - Holyart.fr Blog","isPartOf":{"@id":"https:\/\/blog.holyart.it\/fr\/#website"},"primaryImageOfPage":{"@id":"https:\/\/blog.holyart.it\/fr\/jubile-2025\/jubile-des-jeunes-2025-dates-et-programme-complet\/#primaryimage"},"image":{"@id":"https:\/\/blog.holyart.it\/fr\/jubile-2025\/jubile-des-jeunes-2025-dates-et-programme-complet\/#primaryimage"},"thumbnailUrl":"https:\/\/blog.holyart.it\/fr\/wp-content\/uploads\/sites\/14\/2025\/06\/Jubile-des-jeunes.jpg","datePublished":"2025-06-30T08:00:35+00:00","description":"\u00c0 l\u2019occasion du Jubil\u00e9 des Jeunes 2025 Rome accueillera des milliers de jeunes, p\u00e8lerins d\u2019esp\u00e9rance d\u00e9sireux de construire un monde nouveau.","breadcrumb":{"@id":"https:\/\/blog.holyart.it\/fr\/jubile-2025\/jubile-des-jeunes-2025-dates-et-programme-complet\/#breadcrumb"},"inLanguage":"fr-FR","potentialAction":[{"@type":"ReadAction","target":["https:\/\/blog.holyart.it\/fr\/jubile-2025\/jubile-des-jeunes-2025-dates-et-programme-complet\/"]}]},{"@type":"ImageObject","inLanguage":"fr-FR","@id":"https:\/\/blog.holyart.it\/fr\/jubile-2025\/jubile-des-jeunes-2025-dates-et-programme-complet\/#primaryimage","url":"https:\/\/blog.holyart.it\/fr\/wp-content\/uploads\/sites\/14\/2025\/06\/Jubile-des-jeunes.jpg","contentUrl":"https:\/\/blog.holyart.it\/fr\/wp-content\/uploads\/sites\/14\/2025\/06\/Jubile-des-jeunes.jpg","width":1000,"height":666,"caption":"Jubil\u00e9 des jeunes"},{"@type":"BreadcrumbList","@id":"https:\/\/blog.holyart.it\/fr\/jubile-2025\/jubile-des-jeunes-2025-dates-et-programme-complet\/#breadcrumb","itemListElement":[{"@type":"ListItem","position":1,"name":"Homepage","item":"https:\/\/blog.holyart.it\/fr\/"},{"@type":"ListItem","position":2,"name":"Jubil\u00e9 2025","item":"https:\/\/blog.holyart.it\/fr\/jubile-2025\/"},{"@type":"ListItem","position":3,"name":"Jubil\u00e9 des jeunes 2025 : dates et programme complet"}]},{"@type":"WebSite","@id":"https:\/\/blog.holyart.it\/fr\/#website","url":"https:\/\/blog.holyart.it\/fr\/","name":"Holyart.fr Blog","description":"Holyblog","publisher":{"@id":"https:\/\/blog.holyart.it\/fr\/#organization"},"potentialAction":[{"@type":"SearchAction","target":{"@type":"EntryPoint","urlTemplate":"https:\/\/blog.holyart.it\/fr\/?s={search_term_string}"},"query-input":{"@type":"PropertyValueSpecification","valueRequired":true,"valueName":"search_term_string"}}],"inLanguage":"fr-FR"},{"@type":"Organization","@id":"https:\/\/blog.holyart.it\/fr\/#organization","name":"Holyart.fr Blog","url":"https:\/\/blog.holyart.it\/fr\/","logo":{"@type":"ImageObject","inLanguage":"fr-FR","@id":"https:\/\/blog.holyart.it\/fr\/#\/schema\/logo\/image\/","url":"https:\/\/blog.holyart.it\/fr\/wp-content\/uploads\/sites\/14\/2022\/12\/Holyart_Blog_Logo.jpg","contentUrl":"https:\/\/blog.holyart.it\/fr\/wp-content\/uploads\/sites\/14\/2022\/12\/Holyart_Blog_Logo.jpg","width":300,"height":50,"caption":"Holyart.fr Blog"},"image":{"@id":"https:\/\/blog.holyart.it\/fr\/#\/schema\/logo\/image\/"}},{"@type":"Person","@id":"https:\/\/blog.holyart.it\/fr\/#\/schema\/person\/0a7b686e5af0f856ec1e390dd0baecda","name":"Redazione","image":{"@type":"ImageObject","inLanguage":"fr-FR","@id":"https:\/\/blog.holyart.it\/fr\/#\/schema\/person\/image\/","url":"https:\/\/secure.gravatar.com\/avatar\/f477da817f43e50d0af36abecd33e3edf826c68299714bdc1057dff3b113f516?s=96&d=mm&r=g","contentUrl":"https:\/\/secure.gravatar.com\/avatar\/f477da817f43e50d0af36abecd33e3edf826c68299714bdc1057dff3b113f516?s=96&d=mm&r=g","caption":"Redazione"},"url":"https:\/\/blog.holyart.it\/fr\/author\/admin\/"}]}},"_links":{"self":[{"href":"https:\/\/blog.holyart.it\/fr\/wp-json\/wp\/v2\/posts\/10565","targetHints":{"allow":["GET"]}}],"collection":[{"href":"https:\/\/blog.holyart.it\/fr\/wp-json\/wp\/v2\/posts"}],"about":[{"href":"https:\/\/blog.holyart.it\/fr\/wp-json\/wp\/v2\/types\/post"}],"author":[{"embeddable":true,"href":"https:\/\/blog.holyart.it\/fr\/wp-json\/wp\/v2\/users\/1"}],"replies":[{"embeddable":true,"href":"https:\/\/blog.holyart.it\/fr\/wp-json\/wp\/v2\/comments?post=10565"}],"version-history":[{"count":8,"href":"https:\/\/blog.holyart.it\/fr\/wp-json\/wp\/v2\/posts\/10565\/revisions"}],"predecessor-version":[{"id":10588,"href":"https:\/\/blog.holyart.it\/fr\/wp-json\/wp\/v2\/posts\/10565\/revisions\/10588"}],"wp:featuredmedia":[{"embeddable":true,"href":"https:\/\/blog.holyart.it\/fr\/wp-json\/wp\/v2\/media\/10567"}],"wp:attachment":[{"href":"https:\/\/blog.holyart.it\/fr\/wp-json\/wp\/v2\/media?parent=10565"}],"wp:term":[{"taxonomy":"category","embeddable":true,"href":"https:\/\/blog.holyart.it\/fr\/wp-json\/wp\/v2\/categories?post=10565"},{"taxonomy":"post_tag","embeddable":true,"href":"https:\/\/blog.holyart.it\/fr\/wp-json\/wp\/v2\/tags?post=10565"}],"curies":[{"name":"wp","href":"https:\/\/api.w.org\/{rel}","templated":true}]}}