{"id":10543,"date":"2025-06-18T10:00:25","date_gmt":"2025-06-18T08:00:25","guid":{"rendered":"https:\/\/blog.holyart.it\/fr\/?p=10543"},"modified":"2025-06-18T12:21:59","modified_gmt":"2025-06-18T10:21:59","slug":"jubile-des-pretres-2025-infos-et-programme-de-levenement","status":"publish","type":"post","link":"https:\/\/blog.holyart.it\/fr\/jubile-2025\/jubile-des-pretres-2025-infos-et-programme-de-levenement\/","title":{"rendered":"Jubil\u00e9 des pr\u00eatres 2025 : infos et programme de l\u2019\u00e9v\u00e9nement"},"content":{"rendered":"<h4>Jubil\u00e9 des Pr\u00eatres 2025 : quand l\u2019\u00c9glise se retrouve elle-m\u00eame et recommence \u00e0 marcher<\/h4>\n<p>Il y a un moment, dans la vie d\u2019un croyant, dans lequel le c\u0153ur ressent le besoin de retourner aux sources. Quand la voix devient pri\u00e8re, le silence se mue en \u00e9coute et m\u00eame la fatigue prend la forme d\u2019une offrande. Pour les fid\u00e8les du monde entier, et en particulier pour les pr\u00eatres, ce moment a un nom\u00a0: <strong><a href=\"https:\/\/www.holyart.fr\/blog\/articles-religieux\/quest-ce-quest-le-jubile-preparons-nous-a-une-nouvelle-annee-sainte\/\">Jubil\u00e9<\/a><\/strong>. En particulier, <strong>parmi les \u00e9v\u00e9nements<\/strong> qui pars\u00e8ment l\u2019Ann\u00e9e Sainte, <strong>du 25 au 27 juin<\/strong> Rome se transformera en un autel en plein air. Ses basiliques accueilleront des presbyt\u00e8res venus de tous les coins de la plan\u00e8te, fr\u00e8res dans le minist\u00e8re, gardiens d\u2019un myst\u00e8re qui traverse les si\u00e8cles. Il ne s\u2019agira pas d\u2019un congr\u00e8s. Il ne s\u2019agira pas d\u2019un simple \u00e9v\u00e9nement. Il s\u2019agira d\u2019un chemin de foi, d\u2019un retour \u00e0 la maison. Ce sera le <strong>Jubil\u00e9 des Pr\u00eatres<\/strong>.<\/p>\n<div class=\"link-article\">\n<p><img loading=\"lazy\" decoding=\"async\" class=\"size-full wp-image-10545 alignleft\" src=\"https:\/\/blog.holyart.it\/fr\/wp-content\/uploads\/sites\/14\/2025\/06\/le-jubile.jpg\" alt=\"le jubile\" width=\"150\" height=\"99\" data-kale-share-title=\"Jubil\u00e9 des pr\u00eatres 2025 : infos et programme de l\u2019\u00e9v\u00e9nement\" data-kale-share-url=\"https:\/\/blog.holyart.it\/fr\/?p=10543\" \/><\/p>\n<div class=\"leggi-anche\">Lire aussi :<\/div>\n<p><strong><a href=\"https:\/\/www.holyart.fr\/blog\/articles-religieux\/quest-ce-quest-le-jubile-preparons-nous-a-une-nouvelle-annee-sainte\/\">Qu\u2019est-ce qu\u2019est le Jubil\u00e9 : pr\u00e9parons-nous \u00e0 une nouvelle ann\u00e9e sainte<\/a><\/strong><br \/>\nQu\u2019est-ce qu\u2019est le Jubil\u00e9 ? \u00c0 quelle fr\u00e9quence est-il c\u00e9l\u00e9br\u00e9 ?&#8230;<\/p>\n<\/div>\n<p>Au c\u0153ur du Jubil\u00e9 2025, parmi les rendez-vous les plus intenses, celui-ci est probablement le plus silencieux et le plus puissant, parce qu\u2019il parle aux bergers. Parce qu\u2019il les invite \u00e0 <strong>rena\u00eetre<\/strong>. Et Rome, pendant ces trois jours-l\u00e0, ne sera pas seulement une ville.<br \/>\nElle sera ventre. Elle sera arche. Elle sera c\u00e9nacle.<br \/>\nLe <strong>Jubil\u00e9 des Pr\u00eatres 2025<\/strong> est un acte d\u2019amour. Une invitation \u00e0 ralentir. \u00c0 respirer. <a href=\"https:\/\/www.holyart.fr\/blog\/articles-religieux\/ordination-presbyterale-voici-comment-lon-devient-pretre\/\"><strong>\u00c0 se souvenir du pourquoi on a dit <em>oui<\/em><\/strong><\/a>. Un acte d\u2019amour, donc, et non pas un amour abstrait ou rh\u00e9torique, mais concret, qui nait de la fatigue quotidienne et refleurit dans le silence du c\u0153ur.<br \/>\nC\u2019est une invitation \u00e0 <strong>ralentir<\/strong>, \u00e0 poser enfin le sac-\u00e0-dos des responsabilit\u00e9 et \u00e0 s\u2019assoir, pour un instant, sur les anciennes pierres de Rome comme sur un seuil sacr\u00e9. C\u2019est un rappel doux et aust\u00e8re, qui chuchote : <em>Te rappelles-tu le premier regard ?<\/em><\/p>\n<div class=\"link-article\">\n<p><img loading=\"lazy\" decoding=\"async\" class=\"size-full wp-image-10546 alignleft\" src=\"https:\/\/blog.holyart.it\/fr\/wp-content\/uploads\/sites\/14\/2025\/06\/Ordination-presbyterale.jpg\" alt=\"Ordination presbyterale\" width=\"150\" height=\"99\" data-kale-share-title=\"Jubil\u00e9 des pr\u00eatres 2025 : infos et programme de l\u2019\u00e9v\u00e9nement\" data-kale-share-url=\"https:\/\/blog.holyart.it\/fr\/?p=10543\" \/><\/p>\n<div class=\"leggi-anche\">Lire aussi :<\/div>\n<p><strong><a href=\"https:\/\/www.holyart.fr\/blog\/articles-religieux\/ordination-presbyterale-voici-comment-lon-devient-pretre\/\">Ordination presbyt\u00e9rale : voici comment l\u2019on devient pr\u00eatre<\/a><\/strong><br \/>\nAvec l\u2019Ordination Presbyt\u00e9rale, un homme devient \u00e0 tous points de vue un pr\u00eatre. Voici comment se d\u00e9roule le rite&#8230;<\/p>\n<\/div>\n<p><em>Le premier autel ? Ce jour o\u00f9, devant Dieu et les hommes, tu as dit oui avec tout ton \u00eatre, avec tout ce que tu \u00e9tais et ce que tu ne savais pas encore \u00eatre ?<br \/>\n<\/em>Respirer devient alors pri\u00e8re. Le temps n\u2019est plus une course, mais une tr\u00eave. Une tr\u00eave avec ses propres fragilit\u00e9s, avec les attentes rejet\u00e9es, avec les questions qui n\u2019ont pas encore trouv\u00e9 de r\u00e9ponse.<br \/>\nEn ce temps suspendu, entre une liturgie et une \u00e9treinte, chaque pr\u00eatre pourra se reconnecter avec la voix qui l\u2019a appel\u00e9, avec la source d\u2019une vocation qui n\u2019a jamais \u00e9t\u00e9 simplement un choix, mais un myst\u00e8re re\u00e7u.<br \/>\nParce que le sacerdoce est comme un chant que l\u2019on a en soi, m\u00eame quand le monde se tait. Et le Jubil\u00e9 n\u2019est que \u00e7a : un lieu o\u00f9 ce chant peut recommencer \u00e0 vibrer, limpide, intacte, puissant. Un lieu o\u00f9 red\u00e9couvrir la beaut\u00e9 de son minist\u00e8re non pas comme fardeau, mais comme don. Non pas comme r\u00f4le, mais comme mission.<\/p>\n<p>Les <a href=\"https:\/\/www.holyart.fr\/blog\/articles-religieux\/le-calendrier-des-evenements-du-jubile-2025\/\"><strong>dates du Jubil\u00e9<\/strong><\/a> sont inscrites au calendrier. Mais la rencontre qui change la vie n\u2019a pas de montre : elle se passe \u00e0 l\u2019int\u00e9rieur de soi-m\u00eame.<br \/>\nEt ceux qui se laisseront atteindre par cette lumi\u00e8re, rentreront chez eux diff\u00e9rents. Plus l\u00e9gers. Plus entiers. Plus p\u00e8res.<\/p>\n<div class=\"link-article\">\n<p><img loading=\"lazy\" decoding=\"async\" class=\"size-full wp-image-10547 alignleft\" src=\"https:\/\/blog.holyart.it\/fr\/wp-content\/uploads\/sites\/14\/2025\/06\/Le-calendrier-des-evenements-du-Jubile-2025.jpg\" alt=\"Le calendrier des evenements du Jubile 2025\" width=\"150\" height=\"99\" data-kale-share-title=\"Jubil\u00e9 des pr\u00eatres 2025 : infos et programme de l\u2019\u00e9v\u00e9nement\" data-kale-share-url=\"https:\/\/blog.holyart.it\/fr\/?p=10543\" \/><\/p>\n<div class=\"leggi-anche\">Lire aussi :<\/div>\n<p><strong><a href=\"https:\/\/www.holyart.fr\/blog\/articles-religieux\/le-calendrier-des-evenements-du-jubile-2025\/\">Le calendrier des \u00e9v\u00e9nements du Jubil\u00e9 2025<\/a><\/strong><br \/>\ne calendrier des \u00e9v\u00e9nements du Jubil\u00e9 2025 a \u00e9t\u00e9 publi\u00e9 : douze mois d\u2019\u00e9v\u00e9nements et occasions pour approfondir la foi&#8230;<\/p>\n<\/div>\n<h2>Le programme du Jubil\u00e9 des Pr\u00eatres<\/h2>\n<p>Le <strong>programme du Jubil\u00e9 2025<\/strong> s\u2019ouvre avec des pas l\u00e9gers, ceux des <strong>s\u00e9minaristes<\/strong>, qui le <strong>23 juin<\/strong> arriveront dans la Basilique Saint-Paul-hors-les-Murs comme des enfants qui s\u2019approchent \u00e0 la maison du P\u00e8re.<br \/>\nL\u00e0, ils seront accueillis par le chant et la lumi\u00e8re, avec la r\u00e9citation du Rosaire et un concert dirig\u00e9 par Monseigneur Frisina. Une veill\u00e9e lumineuse pour ceux qui marchent encore vers l\u2019autel.<\/p>\n<p>Le jour suivant, <strong>le 24 juin<\/strong>, ils traverseront la <a href=\"https:\/\/www.holyart.fr\/blog\/articles-religieux\/porte-sainte-quest-ce-que-cest-et-que-represente-son-ouverture\/\"><strong>Porte Sainte de la Basilique Saint-Pierre<\/strong><\/a>, guid\u00e9s par la voix de Pape L\u00e9on XIV. Ce sera leur premier p\u00e8lerinage officiel, fait de cat\u00e9ch\u00e8ses et de messes c\u00e9l\u00e9br\u00e9es dans les \u00e9glises de Rome, dans toutes les langues du monde, comme des graines \u00e9parpill\u00e9es par le vent.<\/p>\n<p>Mais le c\u0153ur du Jubil\u00e9 des Pr\u00eatres d\u00e9bute le <strong>25 juin<\/strong>. C\u2019est le jour o\u00f9 les bras de l\u2019\u00c9glise m\u00e8re s\u2019ouvrent pour accueillir <strong>les \u00e9v\u00eaques et les pr\u00eatres<\/strong>. Dans le calme majestueux du Bras de Constantin, des bergers venus de loin se retrouvent, pr\u00eats \u00e0 franchir la Porte Sainte et \u00e0 c\u00e9l\u00e9brer, \u00e0 10h30, l\u2019Eucharistie \u00e0 l\u2019<strong>Autel de la Chaire<\/strong>, sous la vo\u00fbte de Saint-Pierre.<br \/>\nEnsuite, l\u2019apr\u00e8s-midi devient intime et coll\u00e9gial : dans les \u00e9glises romaines, des cat\u00e9ch\u00e8ses sp\u00e9cifiques par langue et provenance, des rencontres et de l\u2019\u00e9coute, des questions et des b\u00e9n\u00e9dictions. Des petits c\u00e9nacles diss\u00e9min\u00e9s dans les rues de Rome.<\/p>\n<div class=\"link-article\">\n<p><img loading=\"lazy\" decoding=\"async\" class=\"size-full wp-image-10548 alignleft\" src=\"https:\/\/blog.holyart.it\/fr\/wp-content\/uploads\/sites\/14\/2025\/06\/porte-sainte.jpeg\" alt=\"basilique saint pierre san pietro\" width=\"150\" height=\"104\" data-kale-share-title=\"Jubil\u00e9 des pr\u00eatres 2025 : infos et programme de l\u2019\u00e9v\u00e9nement\" data-kale-share-url=\"https:\/\/blog.holyart.it\/fr\/?p=10543\" \/><\/p>\n<div class=\"leggi-anche\">Lire aussi :<\/div>\n<p><strong><a href=\"https:\/\/www.holyart.fr\/blog\/articles-religieux\/porte-sainte-quest-ce-que-cest-et-que-represente-son-ouverture\/\">Porte Sainte : qu\u2019est-ce que c\u2019est et que repr\u00e9sente son ouverture<\/a><\/strong><br \/>\nL\u2019ouverture de la Porte Sainte est le signe du d\u00e9but du Jubil\u00e9, mais&#8230;<\/p>\n<\/div>\n<p>Le jour suivant, <strong>le jeudi 26 juin<\/strong>, est probablement le plus dense.<br \/>\n\u00c0\u00a0 9h30, la C\u00e9l\u00e9bration Eucharistique dans la <strong>Basilique Saint-Jean-de-Latran<\/strong>, tenue par le Cardinal Lazzaro You, allume le c\u0153ur de la journ\u00e9e.<br \/>\nEnsuite, le p\u00e8lerinage d\u00e9bute. Un lent et silencieux passage vers les quatre <a href=\"https:\/\/www.holyart.fr\/blog\/articles-religieux\/eglises-jubilaires-lieux-de-pelerinages-incontournables-pendant-le-jubile\/\"><strong>Basiliques Papales<\/strong><\/a>.<br \/>\nDe 11h00 \u00e0 18h00, entre confessions et marche, les pr\u00eatres deviennent <strong>p\u00e8lerins de mis\u00e9ricorde<\/strong>, porteur du pardon que chaque jour ils administrent aux autres.<br \/>\nEt enfin, le soir.<br \/>\nUne <strong>veill\u00e9e vocationnelle<\/strong> place Saint-Pierre, sous le ciel romain, guid\u00e9e par Monseigneur Fisichella.<br \/>\nUn moment de silence, comme une pi\u00e8ce secr\u00e8te au c\u0153ur du temps.<\/p>\n<div class=\"link-article\">\n<p><img loading=\"lazy\" decoding=\"async\" class=\"size-full wp-image-10549 alignleft\" src=\"https:\/\/blog.holyart.it\/fr\/wp-content\/uploads\/sites\/14\/2025\/06\/eglises-Jubilaires.jpg\" alt=\"eglises Jubilaires\" width=\"150\" height=\"99\" data-kale-share-title=\"Jubil\u00e9 des pr\u00eatres 2025 : infos et programme de l\u2019\u00e9v\u00e9nement\" data-kale-share-url=\"https:\/\/blog.holyart.it\/fr\/?p=10543\" \/><\/p>\n<div class=\"leggi-anche\">Lire aussi :<\/div>\n<p><strong><a href=\"https:\/\/www.holyart.fr\/blog\/articles-religieux\/eglises-jubilaires-lieux-de-pelerinages-incontournables-pendant-le-jubile\/\">\u00c9glises Jubilaires, lieux de p\u00e8lerinages incontournables pendant le Jubil\u00e9<\/a><\/strong><br \/>\nLes \u00c9glises Jubilaires sont celles dot\u00e9es d\u2019une Porte Sainte, la traversant&#8230;<\/p>\n<\/div>\n<p>Et ensuite arrive <strong>le vendredi 27 juin<\/strong>. Le jour du C\u0153ur.<br \/>\nLe <strong>Tr\u00e8s Saint C\u0153ur de J\u00e9sus<\/strong>, f\u00eate tant aim\u00e9e par les presbyt\u00e8res, sceau du Jubil\u00e9 avec une c\u00e9l\u00e9bration qui a le parfum d\u2019un d\u00e9but.<br \/>\n<strong>Place Saint-Pierre<\/strong>, Pape L\u00e9on XIV pr\u00e9sidera la Messe et les <strong>ordinations sacerdotales<\/strong>.<br \/>\nL\u2019\u00c9glise se regarde dans le miroir : les pr\u00eatres qui renouvellent leur cons\u00e9cration, et les jeunes qui, pour la premi\u00e8re fois, diront ce oui d\u00e9finitif.<br \/>\nUn pont de mains tendues entre qui a march\u00e9 et qui commence \u00e0 le faire.<\/p>\n<p>Mais le Jubil\u00e9 des Pr\u00eatres ne se r\u00e9duit pas \u00e0 ses dates. Il ne vit pas que dans ce programme. Il vit dans les regards, dans les poign\u00e9es de main, dans les mots chuchot\u00e9s sur les bancs, dans les larmes partag\u00e9es face au Tabernacle.<br \/>\nChaque pr\u00eatre sera appel\u00e9 \u00e0 apporter son histoire, ses fatigues, ses victoires secr\u00e8tes, ses nuits sans r\u00e9ponses.<br \/>\nEt, en \u00e9change, il recevra la force du \u00ab\u00a0nous\u00a0\u00bb\u00a0: cette communion invisible qui fait de tant d\u2019hommes un seul Corps. La <strong>solidarit\u00e9<\/strong> aussi devient partie du chemin\u00a0: une cotisation symbolique de 50 euros, non obligatoire, mais fortement recommand\u00e9e, contribuera \u00e0 faire participer les s\u00e9minaristes les plus pauvres.<br \/>\nUne petite graine d\u2019amour qui germe dans une autre vie. Les inscriptions aux \u00e9v\u00e9nements du Jubil\u00e9 sont encore ouvertes, jusqu\u2019au 20 avril 2025, \u00e0 travers le site officiel.<br \/>\nL\u2019entr\u00e9e aux c\u00e9l\u00e9brations est gratuite ; pour conc\u00e9l\u00e9brer, il sera suffisant de r\u00e9server au Bureau des C\u00e9l\u00e9brations Liturgiques du Pape.<\/p>\n<div class=\"sp-styles-warning\" style=\"width: 450px; background-color: #FFF; color: #F00; border: 1px solid #F00; padding: 10px; font-size: 14px;\">\n\t\t\t<span style=\"font-weight: bold;\">Warning: The stylesheets were not loaded!<\/span> \n\t\t\tYou will need to change the <i>Load stylesheets<\/i> setting from <i>Automatically<\/i> to <i>On homepage<\/i> or <i>On all pages<\/i>. \n\t\t\tYou can set that <a style=\"text-decoration: underline; color: #F00;\" href=\"https:\/\/blog.holyart.it\/fr\/wp-admin\/admin.php?page=sliderpro-settings\">here<\/a>.\n\t\t\t<\/div>\r\n<div id=\"slider-pro-173\" class=\"slider-pro sp-no-js\" style=\"width: 500px; height: 500px;\">\r\n\t<div class=\"sp-slides\">\r\n\t\t\r\n\t\t<div class=\"sp-slide\">\r\n\t\t\t<img loading=\"lazy\" decoding=\"async\" class=\"sp-image\" src=\"https:\/\/blog.holyart.it\/fr\/wp-content\/uploads\/sites\/14\/2025\/06\/chasuble-couleur-creme-avec-impression-logo-officiel-jubile-2025-rome.jpg\" alt=\"chasuble couleur creme avec impression logo officiel jubile 2025 rome\" width=\"500\" height=\"500\" \/>\r\n\t\t\t<div class=\"sp-thumbnail\"><a class=\"\" href=\"https:\/\/www.holyart.fr\/jubile-2025-pelerins-desperance\/vetements-du-jubile-2025\/chasuble-couleur-creme-avec-impression-logo-officiel-jubile-2025-rome\">\r\n\t\t\t\t<img decoding=\"async\" src=\"https:\/\/blog.holyart.it\/fr\/wp-content\/uploads\/sites\/14\/2025\/06\/chasuble-couleur-creme-avec-impression-logo-officiel-jubile-2025-rome-1.jpg\" alt=\"chasuble couleur creme avec impression logo officiel jubile 2025 rome\" \/>\r\n\t\t\t<\/a>\r\n\t\t\t<\/div>\r\n\t\t\t<div class=\"sp-caption\">Chasuble couleur cr\u00e8me avec impression logo officiel Jubil\u00e9 2025 Rome\n<br \/><strong><a href=\"https:\/\/www.holyart.fr\/jubile-2025-pelerins-desperance\/vetements-du-jubile-2025\/chasuble-couleur-creme-avec-impression-logo-officiel-jubile-2025-rome\">Acheter sur Holyart<\/a><\/strong><\/div>\r\n\t\t<\/div>\r\n\t\t<div class=\"sp-slide\">\r\n\t\t\t<img loading=\"lazy\" decoding=\"async\" class=\"sp-image\" src=\"https:\/\/blog.holyart.it\/fr\/wp-content\/uploads\/sites\/14\/2025\/06\/chasuble-brodee-avec-etole-logo-officiel-jubile-2025-rome.jpg\" alt=\"chasuble brodee avec etole logo officiel jubile 2025 rome\" width=\"500\" height=\"500\" \/>\r\n\t\t\t<div class=\"sp-thumbnail\"><a class=\"\" href=\"https:\/\/www.holyart.fr\/jubile-2025-pelerins-desperance\/vetements-du-jubile-2025\/chasuble-brodee-avec-etole-logo-officiel-jubile-2025-rome\">\r\n\t\t\t\t<img decoding=\"async\" src=\"https:\/\/blog.holyart.it\/fr\/wp-content\/uploads\/sites\/14\/2025\/06\/chasuble-brodee-avec-etole-logo-officiel-jubile-2025-rome-1.jpg\" alt=\"chasuble brodee avec etole logo officiel jubile 2025 rome\" \/>\r\n\t\t\t<\/a>\r\n\t\t\t<\/div>\r\n\t\t\t<div class=\"sp-caption\">Chasuble brod\u00e9e avec \u00e9tole logo officiel Jubil\u00e9 2025 Rome\n<br \/><strong><a href=\"https:\/\/www.holyart.fr\/jubile-2025-pelerins-desperance\/vetements-du-jubile-2025\/chasuble-brodee-avec-etole-logo-officiel-jubile-2025-rome\">Acheter sur Holyart<\/a><\/strong><\/div>\r\n\t\t<\/div>\r\n\t\t<div class=\"sp-slide\">\r\n\t\t\t<img loading=\"lazy\" decoding=\"async\" class=\"sp-image\" src=\"https:\/\/blog.holyart.it\/fr\/wp-content\/uploads\/sites\/14\/2025\/06\/etole-jubilee-2025-logo-officiel-4-couleurs.jpg\" alt=\"etole jubilee 2025 logo officiel 4 couleurs\" width=\"500\" height=\"500\" \/>\r\n\t\t\t<div class=\"sp-thumbnail\"><a class=\"\" href=\"https:\/\/www.holyart.fr\/jubile-2025-pelerins-desperance\/vetements-du-jubile-2025\/etole-jubilee-2025-logo-officiel-4-couleurs\">\r\n\t\t\t\t<img decoding=\"async\" src=\"https:\/\/blog.holyart.it\/fr\/wp-content\/uploads\/sites\/14\/2025\/06\/etole-jubilee-2025-logo-officiel-4-couleurs-1.jpg\" alt=\"etole jubilee 2025 logo officiel 4 couleurs\" \/>\r\n\t\t\t<\/a>\r\n\t\t\t<\/div>\r\n\t\t\t<div class=\"sp-caption\">\u00c9tole Jubil\u00e9e 2025 logo officiel 4 couleurs\n<br \/><strong><a href=\"https:\/\/www.holyart.fr\/jubile-2025-pelerins-desperance\/vetements-du-jubile-2025\/etole-jubilee-2025-logo-officiel-4-couleurs\">Acheter sur Holyart<\/a><\/strong><\/div>\r\n\t\t<\/div>\r\n\t\t<div class=\"sp-slide\">\r\n\t\t\t<img loading=\"lazy\" decoding=\"async\" class=\"sp-image\" src=\"https:\/\/blog.holyart.it\/fr\/wp-content\/uploads\/sites\/14\/2025\/06\/chasuble-logo-officiel-jubile-2025-broderies-dorees-etole-assortie.jpg\" alt=\"chasuble logo officiel jubile 2025 broderies dorees etole assortie\" width=\"500\" height=\"500\" \/>\r\n\t\t\t<div class=\"sp-thumbnail\"><a class=\"\" href=\"https:\/\/www.holyart.fr\/jubile-2025-pelerins-desperance\/vetements-du-jubile-2025\/chasuble-logo-officiel-jubile-2025-broderies-dorees-etole-assortie\">\r\n\t\t\t\t<img decoding=\"async\" src=\"https:\/\/blog.holyart.it\/fr\/wp-content\/uploads\/sites\/14\/2025\/06\/chasuble-logo-officiel-jubile-2025-broderies-dorees-etole-assortie-1.jpg\" alt=\"chasuble logo officiel jubile 2025 broderies dorees etole assortie\" \/>\r\n\t\t\t<\/a>\r\n\t\t\t<\/div>\r\n\t\t\t<div class=\"sp-caption\">Chasuble logo officiel Jubil\u00e9 2025 broderies dor\u00e9es \u00e9tole assortie\n<br \/><strong><a href=\"https:\/\/www.holyart.fr\/jubile-2025-pelerins-desperance\/vetements-du-jubile-2025\/chasuble-logo-officiel-jubile-2025-broderies-dorees-etole-assortie\">Acheter sur Holyart<\/a><\/strong><\/div>\r\n\t\t<\/div>\r\n\t\t<div class=\"sp-slide\">\r\n\t\t\t<img loading=\"lazy\" decoding=\"async\" class=\"sp-image\" src=\"https:\/\/blog.holyart.it\/fr\/wp-content\/uploads\/sites\/14\/2025\/06\/chasuble-gotique-slabbinck-ivoire-avec-bandeau-rouge-dupion-luxe-jubile-2025.jpg\" alt=\"chasuble gotique slabbinck ivoire avec bandeau rouge dupion luxe jubile 2025\" width=\"500\" height=\"500\" \/>\r\n\t\t\t<div class=\"sp-thumbnail\"><a class=\"\" href=\"https:\/\/www.holyart.fr\/jubile-2025-pelerins-desperance\/vetements-du-jubile-2025\/chasuble-gotique-slabbinck-ivoire-avec-bandeau-rouge-dupion-luxe-jubile-2025\">\r\n\t\t\t\t<img decoding=\"async\" src=\"https:\/\/blog.holyart.it\/fr\/wp-content\/uploads\/sites\/14\/2025\/06\/chasuble-gotique-slabbinck-ivoire-avec-bandeau-rouge-dupion-luxe-jubile-2025-1.jpg\" alt=\"chasuble gotique slabbinck ivoire avec bandeau rouge dupion luxe jubile 2025\" \/>\r\n\t\t\t<\/a>\r\n\t\t\t<\/div>\r\n\t\t\t<div class=\"sp-caption\">Chasuble gotique Slabbinck ivoire avec bandeau rouge Dupion luxe Jubil\u00e9 2025\n<br \/><strong><a href=\"https:\/\/www.holyart.fr\/jubile-2025-pelerins-desperance\/vetements-du-jubile-2025\/chasuble-gotique-slabbinck-ivoire-avec-bandeau-rouge-dupion-luxe-jubile-2025\">Acheter sur Holyart<\/a><\/strong><\/div>\r\n\t\t<\/div>\r\n\t<\/div>\r\n<\/div>\n","protected":false},"excerpt":{"rendered":"<p>Jubil\u00e9 des Pr\u00eatres 2025 : quand l\u2019\u00c9glise se retrouve elle-m\u00eame et recommence \u00e0 marcher Il y a un moment, dans la vie d\u2019un croyant, dans lequel le c\u0153ur ressent le besoin de retourner aux sources. Quand la voix devient pri\u00e8re, le silence se mue en&hellip;<\/p>\n","protected":false},"author":1,"featured_media":10544,"comment_status":"closed","ping_status":"open","sticky":false,"template":"","format":"standard","meta":{"_acf_changed":false,"footnotes":""},"categories":[13],"tags":[],"class_list":["post-10543","post","type-post","status-publish","format-standard","has-post-thumbnail","hentry","category-jubile-2025"],"acf":[],"yoast_head":"<!-- This site is optimized with the Yoast SEO plugin v26.6 - https:\/\/yoast.com\/wordpress\/plugins\/seo\/ -->\n<title>Jubil\u00e9 des pr\u00eatres 2025 : infos et programme de l\u2019\u00e9v\u00e9nement - Holyart.fr Blog<\/title>\n<meta name=\"description\" content=\"Le Jubil\u00e9 des Pr\u00eatres accueillera des milliers de presbyt\u00e8res de tous grades \u00e0 Rome pour une s\u00e9rie d\u2019\u00e9v\u00e9nements uniques.\" \/>\n<meta name=\"robots\" content=\"index, follow, max-snippet:-1, max-image-preview:large, max-video-preview:-1\" \/>\n<link rel=\"canonical\" href=\"https:\/\/blog.holyart.it\/fr\/jubile-2025\/jubile-des-pretres-2025-infos-et-programme-de-levenement\/\" \/>\n<meta property=\"og:locale\" content=\"fr_FR\" \/>\n<meta property=\"og:type\" content=\"article\" \/>\n<meta property=\"og:title\" content=\"Jubil\u00e9 des pr\u00eatres 2025 : infos et programme de l\u2019\u00e9v\u00e9nement - Holyart.fr Blog\" \/>\n<meta property=\"og:description\" content=\"Le Jubil\u00e9 des Pr\u00eatres accueillera des milliers de presbyt\u00e8res de tous grades \u00e0 Rome pour une s\u00e9rie d\u2019\u00e9v\u00e9nements uniques.\" \/>\n<meta property=\"og:url\" content=\"https:\/\/blog.holyart.it\/fr\/jubile-2025\/jubile-des-pretres-2025-infos-et-programme-de-levenement\/\" \/>\n<meta property=\"og:site_name\" content=\"Holyart.fr Blog\" \/>\n<meta property=\"article:published_time\" content=\"2025-06-18T08:00:25+00:00\" \/>\n<meta property=\"article:modified_time\" content=\"2025-06-18T10:21:59+00:00\" \/>\n<meta property=\"og:image\" content=\"https:\/\/blog.holyart.it\/fr\/wp-content\/uploads\/sites\/14\/2025\/06\/jubile-des-pretres.jpg\" \/>\n\t<meta property=\"og:image:width\" content=\"1000\" \/>\n\t<meta property=\"og:image:height\" content=\"666\" \/>\n\t<meta property=\"og:image:type\" content=\"image\/jpeg\" \/>\n<meta name=\"author\" content=\"Redazione\" \/>\n<meta name=\"twitter:card\" content=\"summary_large_image\" \/>\n<meta name=\"twitter:label1\" content=\"\u00c9crit par\" \/>\n\t<meta name=\"twitter:data1\" content=\"Redazione\" \/>\n\t<meta name=\"twitter:label2\" content=\"Dur\u00e9e de lecture estim\u00e9e\" \/>\n\t<meta name=\"twitter:data2\" content=\"8 minutes\" \/>\n<script type=\"application\/ld+json\" class=\"yoast-schema-graph\">{\"@context\":\"https:\/\/schema.org\",\"@graph\":[{\"@type\":\"Article\",\"@id\":\"https:\/\/blog.holyart.it\/fr\/jubile-2025\/jubile-des-pretres-2025-infos-et-programme-de-levenement\/#article\",\"isPartOf\":{\"@id\":\"https:\/\/blog.holyart.it\/fr\/jubile-2025\/jubile-des-pretres-2025-infos-et-programme-de-levenement\/\"},\"author\":{\"name\":\"Redazione\",\"@id\":\"https:\/\/blog.holyart.it\/fr\/#\/schema\/person\/0a7b686e5af0f856ec1e390dd0baecda\"},\"headline\":\"Jubil\u00e9 des pr\u00eatres 2025 : infos et programme de l\u2019\u00e9v\u00e9nement\",\"datePublished\":\"2025-06-18T08:00:25+00:00\",\"dateModified\":\"2025-06-18T10:21:59+00:00\",\"mainEntityOfPage\":{\"@id\":\"https:\/\/blog.holyart.it\/fr\/jubile-2025\/jubile-des-pretres-2025-infos-et-programme-de-levenement\/\"},\"wordCount\":1368,\"publisher\":{\"@id\":\"https:\/\/blog.holyart.it\/fr\/#organization\"},\"image\":{\"@id\":\"https:\/\/blog.holyart.it\/fr\/jubile-2025\/jubile-des-pretres-2025-infos-et-programme-de-levenement\/#primaryimage\"},\"thumbnailUrl\":\"https:\/\/blog.holyart.it\/fr\/wp-content\/uploads\/sites\/14\/2025\/06\/jubile-des-pretres.jpg\",\"articleSection\":[\"Jubil\u00e9 2025\"],\"inLanguage\":\"fr-FR\"},{\"@type\":\"WebPage\",\"@id\":\"https:\/\/blog.holyart.it\/fr\/jubile-2025\/jubile-des-pretres-2025-infos-et-programme-de-levenement\/\",\"url\":\"https:\/\/blog.holyart.it\/fr\/jubile-2025\/jubile-des-pretres-2025-infos-et-programme-de-levenement\/\",\"name\":\"Jubil\u00e9 des pr\u00eatres 2025 : infos et programme de l\u2019\u00e9v\u00e9nement - Holyart.fr Blog\",\"isPartOf\":{\"@id\":\"https:\/\/blog.holyart.it\/fr\/#website\"},\"primaryImageOfPage\":{\"@id\":\"https:\/\/blog.holyart.it\/fr\/jubile-2025\/jubile-des-pretres-2025-infos-et-programme-de-levenement\/#primaryimage\"},\"image\":{\"@id\":\"https:\/\/blog.holyart.it\/fr\/jubile-2025\/jubile-des-pretres-2025-infos-et-programme-de-levenement\/#primaryimage\"},\"thumbnailUrl\":\"https:\/\/blog.holyart.it\/fr\/wp-content\/uploads\/sites\/14\/2025\/06\/jubile-des-pretres.jpg\",\"datePublished\":\"2025-06-18T08:00:25+00:00\",\"dateModified\":\"2025-06-18T10:21:59+00:00\",\"description\":\"Le Jubil\u00e9 des Pr\u00eatres accueillera des milliers de presbyt\u00e8res de tous grades \u00e0 Rome pour une s\u00e9rie d\u2019\u00e9v\u00e9nements uniques.\",\"breadcrumb\":{\"@id\":\"https:\/\/blog.holyart.it\/fr\/jubile-2025\/jubile-des-pretres-2025-infos-et-programme-de-levenement\/#breadcrumb\"},\"inLanguage\":\"fr-FR\",\"potentialAction\":[{\"@type\":\"ReadAction\",\"target\":[\"https:\/\/blog.holyart.it\/fr\/jubile-2025\/jubile-des-pretres-2025-infos-et-programme-de-levenement\/\"]}]},{\"@type\":\"ImageObject\",\"inLanguage\":\"fr-FR\",\"@id\":\"https:\/\/blog.holyart.it\/fr\/jubile-2025\/jubile-des-pretres-2025-infos-et-programme-de-levenement\/#primaryimage\",\"url\":\"https:\/\/blog.holyart.it\/fr\/wp-content\/uploads\/sites\/14\/2025\/06\/jubile-des-pretres.jpg\",\"contentUrl\":\"https:\/\/blog.holyart.it\/fr\/wp-content\/uploads\/sites\/14\/2025\/06\/jubile-des-pretres.jpg\",\"width\":1000,\"height\":666,\"caption\":\"Jubil\u00e9 des pr\u00eatres\"},{\"@type\":\"BreadcrumbList\",\"@id\":\"https:\/\/blog.holyart.it\/fr\/jubile-2025\/jubile-des-pretres-2025-infos-et-programme-de-levenement\/#breadcrumb\",\"itemListElement\":[{\"@type\":\"ListItem\",\"position\":1,\"name\":\"Homepage\",\"item\":\"https:\/\/blog.holyart.it\/fr\/\"},{\"@type\":\"ListItem\",\"position\":2,\"name\":\"Jubil\u00e9 2025\",\"item\":\"https:\/\/blog.holyart.it\/fr\/jubile-2025\/\"},{\"@type\":\"ListItem\",\"position\":3,\"name\":\"Jubil\u00e9 des pr\u00eatres 2025 : infos et programme de l\u2019\u00e9v\u00e9nement\"}]},{\"@type\":\"WebSite\",\"@id\":\"https:\/\/blog.holyart.it\/fr\/#website\",\"url\":\"https:\/\/blog.holyart.it\/fr\/\",\"name\":\"Holyart.fr Blog\",\"description\":\"Holyblog\",\"publisher\":{\"@id\":\"https:\/\/blog.holyart.it\/fr\/#organization\"},\"potentialAction\":[{\"@type\":\"SearchAction\",\"target\":{\"@type\":\"EntryPoint\",\"urlTemplate\":\"https:\/\/blog.holyart.it\/fr\/?s={search_term_string}\"},\"query-input\":{\"@type\":\"PropertyValueSpecification\",\"valueRequired\":true,\"valueName\":\"search_term_string\"}}],\"inLanguage\":\"fr-FR\"},{\"@type\":\"Organization\",\"@id\":\"https:\/\/blog.holyart.it\/fr\/#organization\",\"name\":\"Holyart.fr Blog\",\"url\":\"https:\/\/blog.holyart.it\/fr\/\",\"logo\":{\"@type\":\"ImageObject\",\"inLanguage\":\"fr-FR\",\"@id\":\"https:\/\/blog.holyart.it\/fr\/#\/schema\/logo\/image\/\",\"url\":\"https:\/\/blog.holyart.it\/fr\/wp-content\/uploads\/sites\/14\/2022\/12\/Holyart_Blog_Logo.jpg\",\"contentUrl\":\"https:\/\/blog.holyart.it\/fr\/wp-content\/uploads\/sites\/14\/2022\/12\/Holyart_Blog_Logo.jpg\",\"width\":300,\"height\":50,\"caption\":\"Holyart.fr Blog\"},\"image\":{\"@id\":\"https:\/\/blog.holyart.it\/fr\/#\/schema\/logo\/image\/\"}},{\"@type\":\"Person\",\"@id\":\"https:\/\/blog.holyart.it\/fr\/#\/schema\/person\/0a7b686e5af0f856ec1e390dd0baecda\",\"name\":\"Redazione\",\"image\":{\"@type\":\"ImageObject\",\"inLanguage\":\"fr-FR\",\"@id\":\"https:\/\/blog.holyart.it\/fr\/#\/schema\/person\/image\/\",\"url\":\"https:\/\/secure.gravatar.com\/avatar\/f477da817f43e50d0af36abecd33e3edf826c68299714bdc1057dff3b113f516?s=96&d=mm&r=g\",\"contentUrl\":\"https:\/\/secure.gravatar.com\/avatar\/f477da817f43e50d0af36abecd33e3edf826c68299714bdc1057dff3b113f516?s=96&d=mm&r=g\",\"caption\":\"Redazione\"},\"url\":\"https:\/\/blog.holyart.it\/fr\/author\/admin\/\"}]}<\/script>\n<!-- \/ Yoast SEO plugin. -->","yoast_head_json":{"title":"Jubil\u00e9 des pr\u00eatres 2025 : infos et programme de l\u2019\u00e9v\u00e9nement - Holyart.fr Blog","description":"Le Jubil\u00e9 des Pr\u00eatres accueillera des milliers de presbyt\u00e8res de tous grades \u00e0 Rome pour une s\u00e9rie d\u2019\u00e9v\u00e9nements uniques.","robots":{"index":"index","follow":"follow","max-snippet":"max-snippet:-1","max-image-preview":"max-image-preview:large","max-video-preview":"max-video-preview:-1"},"canonical":"https:\/\/blog.holyart.it\/fr\/jubile-2025\/jubile-des-pretres-2025-infos-et-programme-de-levenement\/","og_locale":"fr_FR","og_type":"article","og_title":"Jubil\u00e9 des pr\u00eatres 2025 : infos et programme de l\u2019\u00e9v\u00e9nement - Holyart.fr Blog","og_description":"Le Jubil\u00e9 des Pr\u00eatres accueillera des milliers de presbyt\u00e8res de tous grades \u00e0 Rome pour une s\u00e9rie d\u2019\u00e9v\u00e9nements uniques.","og_url":"https:\/\/blog.holyart.it\/fr\/jubile-2025\/jubile-des-pretres-2025-infos-et-programme-de-levenement\/","og_site_name":"Holyart.fr Blog","article_published_time":"2025-06-18T08:00:25+00:00","article_modified_time":"2025-06-18T10:21:59+00:00","og_image":[{"width":1000,"height":666,"url":"https:\/\/blog.holyart.it\/fr\/wp-content\/uploads\/sites\/14\/2025\/06\/jubile-des-pretres.jpg","type":"image\/jpeg"}],"author":"Redazione","twitter_card":"summary_large_image","twitter_misc":{"\u00c9crit par":"Redazione","Dur\u00e9e de lecture estim\u00e9e":"8 minutes"},"schema":{"@context":"https:\/\/schema.org","@graph":[{"@type":"Article","@id":"https:\/\/blog.holyart.it\/fr\/jubile-2025\/jubile-des-pretres-2025-infos-et-programme-de-levenement\/#article","isPartOf":{"@id":"https:\/\/blog.holyart.it\/fr\/jubile-2025\/jubile-des-pretres-2025-infos-et-programme-de-levenement\/"},"author":{"name":"Redazione","@id":"https:\/\/blog.holyart.it\/fr\/#\/schema\/person\/0a7b686e5af0f856ec1e390dd0baecda"},"headline":"Jubil\u00e9 des pr\u00eatres 2025 : infos et programme de l\u2019\u00e9v\u00e9nement","datePublished":"2025-06-18T08:00:25+00:00","dateModified":"2025-06-18T10:21:59+00:00","mainEntityOfPage":{"@id":"https:\/\/blog.holyart.it\/fr\/jubile-2025\/jubile-des-pretres-2025-infos-et-programme-de-levenement\/"},"wordCount":1368,"publisher":{"@id":"https:\/\/blog.holyart.it\/fr\/#organization"},"image":{"@id":"https:\/\/blog.holyart.it\/fr\/jubile-2025\/jubile-des-pretres-2025-infos-et-programme-de-levenement\/#primaryimage"},"thumbnailUrl":"https:\/\/blog.holyart.it\/fr\/wp-content\/uploads\/sites\/14\/2025\/06\/jubile-des-pretres.jpg","articleSection":["Jubil\u00e9 2025"],"inLanguage":"fr-FR"},{"@type":"WebPage","@id":"https:\/\/blog.holyart.it\/fr\/jubile-2025\/jubile-des-pretres-2025-infos-et-programme-de-levenement\/","url":"https:\/\/blog.holyart.it\/fr\/jubile-2025\/jubile-des-pretres-2025-infos-et-programme-de-levenement\/","name":"Jubil\u00e9 des pr\u00eatres 2025 : infos et programme de l\u2019\u00e9v\u00e9nement - Holyart.fr Blog","isPartOf":{"@id":"https:\/\/blog.holyart.it\/fr\/#website"},"primaryImageOfPage":{"@id":"https:\/\/blog.holyart.it\/fr\/jubile-2025\/jubile-des-pretres-2025-infos-et-programme-de-levenement\/#primaryimage"},"image":{"@id":"https:\/\/blog.holyart.it\/fr\/jubile-2025\/jubile-des-pretres-2025-infos-et-programme-de-levenement\/#primaryimage"},"thumbnailUrl":"https:\/\/blog.holyart.it\/fr\/wp-content\/uploads\/sites\/14\/2025\/06\/jubile-des-pretres.jpg","datePublished":"2025-06-18T08:00:25+00:00","dateModified":"2025-06-18T10:21:59+00:00","description":"Le Jubil\u00e9 des Pr\u00eatres accueillera des milliers de presbyt\u00e8res de tous grades \u00e0 Rome pour une s\u00e9rie d\u2019\u00e9v\u00e9nements uniques.","breadcrumb":{"@id":"https:\/\/blog.holyart.it\/fr\/jubile-2025\/jubile-des-pretres-2025-infos-et-programme-de-levenement\/#breadcrumb"},"inLanguage":"fr-FR","potentialAction":[{"@type":"ReadAction","target":["https:\/\/blog.holyart.it\/fr\/jubile-2025\/jubile-des-pretres-2025-infos-et-programme-de-levenement\/"]}]},{"@type":"ImageObject","inLanguage":"fr-FR","@id":"https:\/\/blog.holyart.it\/fr\/jubile-2025\/jubile-des-pretres-2025-infos-et-programme-de-levenement\/#primaryimage","url":"https:\/\/blog.holyart.it\/fr\/wp-content\/uploads\/sites\/14\/2025\/06\/jubile-des-pretres.jpg","contentUrl":"https:\/\/blog.holyart.it\/fr\/wp-content\/uploads\/sites\/14\/2025\/06\/jubile-des-pretres.jpg","width":1000,"height":666,"caption":"Jubil\u00e9 des pr\u00eatres"},{"@type":"BreadcrumbList","@id":"https:\/\/blog.holyart.it\/fr\/jubile-2025\/jubile-des-pretres-2025-infos-et-programme-de-levenement\/#breadcrumb","itemListElement":[{"@type":"ListItem","position":1,"name":"Homepage","item":"https:\/\/blog.holyart.it\/fr\/"},{"@type":"ListItem","position":2,"name":"Jubil\u00e9 2025","item":"https:\/\/blog.holyart.it\/fr\/jubile-2025\/"},{"@type":"ListItem","position":3,"name":"Jubil\u00e9 des pr\u00eatres 2025 : infos et programme de l\u2019\u00e9v\u00e9nement"}]},{"@type":"WebSite","@id":"https:\/\/blog.holyart.it\/fr\/#website","url":"https:\/\/blog.holyart.it\/fr\/","name":"Holyart.fr Blog","description":"Holyblog","publisher":{"@id":"https:\/\/blog.holyart.it\/fr\/#organization"},"potentialAction":[{"@type":"SearchAction","target":{"@type":"EntryPoint","urlTemplate":"https:\/\/blog.holyart.it\/fr\/?s={search_term_string}"},"query-input":{"@type":"PropertyValueSpecification","valueRequired":true,"valueName":"search_term_string"}}],"inLanguage":"fr-FR"},{"@type":"Organization","@id":"https:\/\/blog.holyart.it\/fr\/#organization","name":"Holyart.fr Blog","url":"https:\/\/blog.holyart.it\/fr\/","logo":{"@type":"ImageObject","inLanguage":"fr-FR","@id":"https:\/\/blog.holyart.it\/fr\/#\/schema\/logo\/image\/","url":"https:\/\/blog.holyart.it\/fr\/wp-content\/uploads\/sites\/14\/2022\/12\/Holyart_Blog_Logo.jpg","contentUrl":"https:\/\/blog.holyart.it\/fr\/wp-content\/uploads\/sites\/14\/2022\/12\/Holyart_Blog_Logo.jpg","width":300,"height":50,"caption":"Holyart.fr Blog"},"image":{"@id":"https:\/\/blog.holyart.it\/fr\/#\/schema\/logo\/image\/"}},{"@type":"Person","@id":"https:\/\/blog.holyart.it\/fr\/#\/schema\/person\/0a7b686e5af0f856ec1e390dd0baecda","name":"Redazione","image":{"@type":"ImageObject","inLanguage":"fr-FR","@id":"https:\/\/blog.holyart.it\/fr\/#\/schema\/person\/image\/","url":"https:\/\/secure.gravatar.com\/avatar\/f477da817f43e50d0af36abecd33e3edf826c68299714bdc1057dff3b113f516?s=96&d=mm&r=g","contentUrl":"https:\/\/secure.gravatar.com\/avatar\/f477da817f43e50d0af36abecd33e3edf826c68299714bdc1057dff3b113f516?s=96&d=mm&r=g","caption":"Redazione"},"url":"https:\/\/blog.holyart.it\/fr\/author\/admin\/"}]}},"_links":{"self":[{"href":"https:\/\/blog.holyart.it\/fr\/wp-json\/wp\/v2\/posts\/10543","targetHints":{"allow":["GET"]}}],"collection":[{"href":"https:\/\/blog.holyart.it\/fr\/wp-json\/wp\/v2\/posts"}],"about":[{"href":"https:\/\/blog.holyart.it\/fr\/wp-json\/wp\/v2\/types\/post"}],"author":[{"embeddable":true,"href":"https:\/\/blog.holyart.it\/fr\/wp-json\/wp\/v2\/users\/1"}],"replies":[{"embeddable":true,"href":"https:\/\/blog.holyart.it\/fr\/wp-json\/wp\/v2\/comments?post=10543"}],"version-history":[{"count":5,"href":"https:\/\/blog.holyart.it\/fr\/wp-json\/wp\/v2\/posts\/10543\/revisions"}],"predecessor-version":[{"id":10564,"href":"https:\/\/blog.holyart.it\/fr\/wp-json\/wp\/v2\/posts\/10543\/revisions\/10564"}],"wp:featuredmedia":[{"embeddable":true,"href":"https:\/\/blog.holyart.it\/fr\/wp-json\/wp\/v2\/media\/10544"}],"wp:attachment":[{"href":"https:\/\/blog.holyart.it\/fr\/wp-json\/wp\/v2\/media?parent=10543"}],"wp:term":[{"taxonomy":"category","embeddable":true,"href":"https:\/\/blog.holyart.it\/fr\/wp-json\/wp\/v2\/categories?post=10543"},{"taxonomy":"post_tag","embeddable":true,"href":"https:\/\/blog.holyart.it\/fr\/wp-json\/wp\/v2\/tags?post=10543"}],"curies":[{"name":"wp","href":"https:\/\/api.w.org\/{rel}","templated":true}]}}