{"id":10525,"date":"2025-06-25T10:00:52","date_gmt":"2025-06-25T08:00:52","guid":{"rendered":"https:\/\/blog.holyart.it\/fr\/?p=10525"},"modified":"2025-07-04T17:39:05","modified_gmt":"2025-07-04T15:39:05","slug":"le-chemin-de-saint-benoit-a-la-decouverte-des-lieux-touches-par-le-saint","status":"publish","type":"post","link":"https:\/\/blog.holyart.it\/fr\/saints-et-bienheureux\/le-chemin-de-saint-benoit-a-la-decouverte-des-lieux-touches-par-le-saint\/","title":{"rendered":"Le chemin de Saint Beno\u00eet : \u00e0 la d\u00e9couverte des lieux touch\u00e9s par le Saint"},"content":{"rendered":"<h4>D\u00e9couvrons le Chemin de Saint Beno\u00eet, un voyage impr\u00e9gn\u00e9 d\u2019histoire et de spiritualit\u00e9 dans les lieux touch\u00e9s par le Saint fondateur de l\u2019Ordre des B\u00e9n\u00e9dictins. \u00c0 travers Nursie, Subiaco et Mont Cassin, entre anciens monast\u00e8res, vall\u00e9es suggestives et sites sacr\u00e9s qui ont fa\u00e7onn\u00e9 la vie et la pens\u00e9e du Saint Patron de l\u2019Europe.<\/h4>\n\n<p>Dans le c\u0153ur vert de l\u2019Italie, entre des vall\u00e9es luxuriantes et des paysages enchanteurs, s\u2019\u00e9tend un parcours impr\u00e9gn\u00e9 d\u2019histoire mill\u00e9naire et de profonde spiritualit\u00e9 : <strong>le Chemin de Saint Beno\u00eet<\/strong>. Cet itin\u00e9raire, qui suit les pas du <a href=\"https:\/\/www.holyart.fr\/blog\/articles-religieux\/saint-benoit-le-saint-qui-a-inspire-lartisanat-italien\/\"><strong>Saint fondateur de l\u2019Ordre des B\u00e9n\u00e9dictins<\/strong><\/a>, ainsi que Saint Patron d\u2019Europe, offre aux p\u00e8lerins une exp\u00e9rience unique, un voyage \u00e0 travers des lieux charg\u00e9s de signification religieuse et de traditions historiques et culturelles.<\/p>\n<div class=\"link-article\">\n<p><img loading=\"lazy\" decoding=\"async\" class=\"size-full wp-image-10528 alignleft\" src=\"https:\/\/blog.holyart.it\/fr\/wp-content\/uploads\/sites\/14\/2025\/06\/croix-de-saint-benoit.jpg\" alt=\"croix de saint benoit\" width=\"150\" height=\"99\" data-kale-share-title=\"Le chemin de Saint Beno\u00eet : \u00e0 la d\u00e9couverte des lieux touch\u00e9s par le Saint\" data-kale-share-url=\"https:\/\/blog.holyart.it\/fr\/?p=10525\" \/><\/p>\n<div class=\"leggi-anche\">Lire aussi :<\/div>\n<p><strong><a href=\"https:\/\/www.holyart.fr\/blog\/articles-religieux\/saint-benoit-le-saint-qui-a-inspire-lartisanat-italien\/\">Saint Beno\u00eet : le saint qui a inspir\u00e9 l\u2019artisanat italien<\/a><\/strong><br \/>\nSaint Beno\u00eet de Nursie, Saint Patron de l\u2019Europe, pendant toute sa vie lutta contre le d\u00e9mon qu\u2019il chassait au nom de la Croix&#8230;<\/p>\n<\/div>\n<p>Le Chemin de Saint Beno\u00eet s\u2019\u00e9tale sur environ <strong>300 kilom\u00e8tres<\/strong> \u00e0 travers les magnifiques terres de l\u2019<strong>Ombrie<\/strong> et du <strong>Latium<\/strong>, <strong>de Nursie au Mont Cassin<\/strong>. Le long du parcours, les p\u00e8lerins peuvent visiter de nombreux lieux significatifs li\u00e9s \u00e0 la vie de Saint Beno\u00eet et \u00e0 l\u2019Ordre des B\u00e9n\u00e9dictins. Une exp\u00e9rience spirituelle, mais aussi une immersion dans la riche culture et histoire de l\u2019Italie centrale, car, sur le parcours, les p\u00e8lerins pourront d\u00e9guster l\u2019excellente cuisine de l\u2019Ombrie et du Latium, d\u00e9couvrir d\u2019anciennes bourgades m\u00e9di\u00e9vales et admirer des paysages \u00e0 couper le souffle.<\/p>\n<p>Comme pour tous les p\u00e8lerinages, pour le Chemin de Saint Beno\u00eet aussi il est possible de demander le <a href=\"https:\/\/www.holyart.fr\/blog\/articles-religieux\/la-carte-du-pelerin-comment-sorganiser-pour-les-evenements-du-jubile\/\"><strong>Carnet du P\u00e8lerin<\/strong><\/a>. Le <strong>Carnet du Chemin de Saint Beno\u00eet <\/strong>est un document essentiel pour les p\u00e8lerins qui entreprennent ce voyage. Avec une petite contribution \u00e0 discr\u00e9tion du voyageur pour couvrir les co\u00fbts d\u2019impression et d\u2019envoi, cette carte mise \u00e0 disposition des p\u00e8lerins. Ce choix permet de maintenir le service autonome et accessible \u00e0 tous. Le Carnet n\u2019est pas simplement un document pratique, mais aussi un symbole d\u2019appartenance et d\u2019engagement vis-\u00e0-vis du chemin. Il atteste le statut de p\u00e8lerin et est cachet\u00e9 dans les diff\u00e9rentes structures le long du parcours, comme les structures d\u2019accueil religieuses ou d\u2019autres \u00e0 prix libre. Outre \u00e0 \u00eatre un signe distinctif, il repr\u00e9sente un t\u00e9moignage tangible du chemin parcouru et un pr\u00e9cieux souvenir \u00e0 conserver. Les dons re\u00e7us pour le Carnet sont destin\u00e9s \u00e0 l\u2019association sans but lucratif <strong>Amis du Chemin de Saint Beno\u00eet<\/strong>.<\/p>\n<div class=\"link-article\">\n<p><img loading=\"lazy\" decoding=\"async\" class=\"size-full wp-image-10529 alignleft\" src=\"https:\/\/blog.holyart.it\/fr\/wp-content\/uploads\/sites\/14\/2025\/06\/la-carte-du-pelerin.jpg\" alt=\"la carte du pelerin\" width=\"150\" height=\"99\" data-kale-share-title=\"Le chemin de Saint Beno\u00eet : \u00e0 la d\u00e9couverte des lieux touch\u00e9s par le Saint\" data-kale-share-url=\"https:\/\/blog.holyart.it\/fr\/?p=10525\" \/><\/p>\n<div class=\"leggi-anche\">Lire aussi :<\/div>\n<p><strong><a href=\"https:\/\/www.holyart.fr\/blog\/articles-religieux\/la-carte-du-pelerin-comment-sorganiser-pour-les-evenements-du-jubile\/\">La Carte du p\u00e8lerin : comment s\u2019organiser pour les \u00e9v\u00e9nements du Jubil\u00e9<\/a><\/strong><br \/>\nLe Carnet du p\u00e8lerin est un document pr\u00e9cieux et indispensable pour&#8230;<\/p>\n<\/div>\n<h2>Les \u00e9tapes du chemin de Saint Beno\u00eet<\/h2>\n<p>Le Chemin de Saint Beno\u00eet ne doit pas \u00eatre interpr\u00e9t\u00e9 comme un chemin historique, puisqu\u2019il ne suit pas les d\u00e9placements de Saint Beno\u00eet de Nursie d\u2019un point de vue chronologique, mais plut\u00f4t comme un itin\u00e9raire spirituel. Il unit trois lieux significatifs li\u00e9s \u00e0 la vie de Saint Beno\u00eet : <strong>Nursie<\/strong>, <strong>Subiaco<\/strong> et <strong>Mont<\/strong> <strong>Cassin<\/strong>.<\/p>\n<p><strong>Nursie<\/strong>, en Ombrie, est le lieu o\u00f9 Beno\u00eet naquit, \u00e0 la fin du Ve si\u00e8cle apr. J.-C., avec sa jumelle, la future <a href=\"https:\/\/www.holyart.fr\/blog\/saints-et-bienheureux\/sainte-scholastique-la-soeur-de-saint-benoit-de-nursie\/\"><strong>Sainte Scolastique<\/strong><\/a>. D\u2019origines nobles, les deux \u00e9taient fils d\u2019Europe, Consul et Capitaine G\u00e9n\u00e9ral romain, et d\u2019une dame locale. Apr\u00e8s une enfance pass\u00e9e entre les fastes et les exc\u00e8s de Rome, les deux jeunes choisirent d\u2019abandonner leur monde et de renoncer aux biens paternels afin de se retirer avec leur nourrice Cyrilla dans la vall\u00e9e de l\u2019Aniene.<\/p>\n<div class=\"link-article\">\n<p><img loading=\"lazy\" decoding=\"async\" class=\"size-full wp-image-10530 alignleft\" src=\"https:\/\/blog.holyart.it\/fr\/wp-content\/uploads\/sites\/14\/2025\/06\/Sainte-Scholastique-la-soeur-de-Saint-Benoit-de-Nursie.jpeg\" alt=\"Sainte Scholastique la soeur de Saint Benoit de Nursie\" width=\"150\" height=\"99\" data-kale-share-title=\"Le chemin de Saint Beno\u00eet : \u00e0 la d\u00e9couverte des lieux touch\u00e9s par le Saint\" data-kale-share-url=\"https:\/\/blog.holyart.it\/fr\/?p=10525\" \/><\/p>\n<div class=\"leggi-anche\">Lire aussi :<\/div>\n<p><strong><a href=\"https:\/\/www.holyart.fr\/blog\/saints-et-bienheureux\/sainte-scholastique-la-soeur-de-saint-benoit-de-nursie\/\">Sainte Scholastique, la s\u0153ur de Saint Beno\u00eet de Nursie<\/a><\/strong><br \/>\nLe 10 f\u00e9vrier, l\u2019\u00c9glise rappelle Saint Scholastique, s\u0153ur de Saint Beno\u00eet de Nursie, sainte patronne des s\u0153urs&#8230;<\/p>\n<\/div>\n<p>De la vall\u00e9e de l\u2019Aniene, Beno\u00eet se d\u00e9pla\u00e7a ensuite dans la vall\u00e9e de <strong>Subiaco<\/strong>, en allant vivre comme ermite entre les ruines d\u2019une ville n\u00e9ronienne, puis dans une grotte inaccessible sur le Mont Taleo. Ensuite, il s\u2019installa dans le monast\u00e8re c\u00e9nobite de Vicovaro, o\u00f9 il devint guide spirituel pour certains moines, pour ensuite se d\u00e9placer encore, en cr\u00e9ant pendant ce temps une vaste communaut\u00e9 de monast\u00e8res g\u00e9r\u00e9s par des abb\u00e9s d\u00e9sign\u00e9s par lui-m\u00eame.<br \/>\nEnfin, il arriva \u00e0 <strong>Mont Cassin<\/strong>, o\u00f9 il resta pendant trente ans et o\u00f9 il fonda son monast\u00e8re le plus c\u00e9l\u00e8bre et le plus connu. Ici il \u00e9crivit sa <a href=\"https:\/\/www.holyart.fr\/blog\/articles-religieux\/la-regle-benedictine-a-table-les-habitudes-alimentaires-des-moines\/\"><strong>R\u00e8gle<\/strong><\/a>.<\/p>\n<p>Voici les <strong>seize \u00e9tapes<\/strong> du Chemin de Beno\u00eet, <strong>de Nursie \u00e0 Mont Cassin<\/strong>, pour un total d\u2019environ 300 km, avec un d\u00e9nivel\u00e9 entre 400 et 1000 m\u00e8tres.<\/p>\n<div class=\"link-article\">\n<p><img loading=\"lazy\" decoding=\"async\" class=\"size-full wp-image-10531 alignleft\" src=\"https:\/\/blog.holyart.it\/fr\/wp-content\/uploads\/sites\/14\/2025\/06\/La-Regle-benedictine.jpg\" alt=\"La Regle benedictine\" width=\"150\" height=\"99\" data-kale-share-title=\"Le chemin de Saint Beno\u00eet : \u00e0 la d\u00e9couverte des lieux touch\u00e9s par le Saint\" data-kale-share-url=\"https:\/\/blog.holyart.it\/fr\/?p=10525\" \/><\/p>\n<div class=\"leggi-anche\">Lire aussi :<\/div>\n<p><strong><a href=\"https:\/\/www.holyart.fr\/blog\/articles-religieux\/la-regle-benedictine-a-table-les-habitudes-alimentaires-des-moines\/\">La R\u00e8gle b\u00e9n\u00e9dictine \u00e0 table : les habitudes alimentaires des moines<\/a><\/strong><br \/>\nD\u00e9couvrons comment mangeaient les moines dans le pass\u00e9 et comment&#8230;<\/p>\n<\/div>\n<h3>\u00c9tape 1 \u2013 de Nursie \u00e0 Cascia<\/h3>\n<p>On part de <strong>Nursie<\/strong>, un authentique bijou cach\u00e9 entre la Valnerina et le flanc des Monts Sibyllins, au c\u0153ur de l\u2019<strong>Ombrie<\/strong>, entre paysages \u00e0 couper le souffle et atmosph\u00e8res enchanteresses. Cette petite ville pittoresque, avec ses anciennes rues pav\u00e9es et ses maisons aux fa\u00e7ades en pierre, enchante les visiteurs par son charme hors du temps et sa riche histoire. Nursie est entour\u00e9e d\u2019une nature vierge et offre d\u2019innombrables sources d\u2019inspiration pour son histoire. Fond\u00e9e par les anciens Ombriens et conquise ensuite par les Romains, la ville se vante d\u2019un patrimoine historique et culturel extraordinaire. Ses murailles m\u00e9di\u00e9vales, les tours, les \u00e9glises et les palais historiques racontent des si\u00e8cles de vicissitudes et d\u2019\u00e9v\u00e9nements qui ont fa\u00e7onn\u00e9 son caract\u00e8re unique.<\/p>\n<p>On poursuit par <strong>Cascia<\/strong>, ville natale de <a href=\"https:\/\/www.holyart.fr\/blog\/saints-et-bienheureux\/sainte-rita-de-cascia-protectrice-des-mariages-et-des-causes-desesperees\/\"><strong>Sainte Rita<\/strong><\/a>, et <strong>Monteleone di Spoleto<\/strong>, deux bourgades m\u00e9di\u00e9vales, riches en charme et authenticit\u00e9, qui conservent des tr\u00e9sors historiques, culturels et spirituels.<\/p>\n<p>Cascia est un lieu de p\u00e8lerinage et de d\u00e9votion pour des milliers de fid\u00e8les chaque ann\u00e9e. La <strong>Basilique de Sainte Rita<\/strong>, construite \u00e0 l\u2019endroit o\u00f9 la Sainte v\u00e9cut une grande partie de sa vie, accueille les visiteurs avec son imposante fa\u00e7ade et ses suggestives \u0153uvres d\u2019art.<\/p>\n<div class=\"link-article\">\n<p><img loading=\"lazy\" decoding=\"async\" class=\"size-full wp-image-10533 alignleft\" src=\"https:\/\/blog.holyart.it\/fr\/wp-content\/uploads\/sites\/14\/2025\/06\/sainte-rita-de-cascia.jpg\" alt=\"sainte rita de cascia\" width=\"150\" height=\"99\" data-kale-share-title=\"Le chemin de Saint Beno\u00eet : \u00e0 la d\u00e9couverte des lieux touch\u00e9s par le Saint\" data-kale-share-url=\"https:\/\/blog.holyart.it\/fr\/?p=10525\" \/><\/p>\n<div class=\"leggi-anche\">Lire aussi :<\/div>\n<p><strong><a href=\"https:\/\/www.holyart.fr\/blog\/saints-et-bienheureux\/sainte-rita-de-cascia-protectrice-des-mariages-et-des-causes-desesperees\/\">Sainte Rita de Cascia, protectrice des mariages et des causes d\u00e9sesp\u00e9r\u00e9es<\/a><\/strong><br \/>\nParmi les rares saints mari\u00e9s que l\u2019histoire du Christianisme&#8230;<\/p>\n<\/div>\n<h3>\u00c9tape 2 \u2013 de Cascia \u00e0 Monteleone di Spoleto<\/h3>\n<p><strong>Monteleone di Spoleto<\/strong>, situ\u00e9 \u00e0 quelques kilom\u00e8tres de Cascia, est un bijou \u00e0 d\u00e9couvrir. Encadr\u00e9e par les sommets des Monts Sibyllins, cette bourgade m\u00e9di\u00e9vale offre des panoramas enchanteurs et une atmosph\u00e8re suggestive. Ses ruelles \u00e9troites et sinueuses, les maisons en pierre et les \u00e9glises historiques racontent des si\u00e8cles d\u2019histoire et de tradition, tandis que sa position strat\u00e9gique en font un point de d\u00e9part id\u00e9al pour explorer les beaut\u00e9s naturelles des alentours.<\/p>\n<h3>\u00c9tape 3 \u2013 de Monteleone di Spoleto \u00e0 Leonessa<\/h3>\n<p>De l\u2019Ombrie on passe au <strong>Latium<\/strong>, avec des \u00e9tapes qui traversent <strong>Leonessa, Poggio Bustone, Rieti, Rocca Sinibalda, Castel di Tora, Orvinio\u00a0<\/strong>et<strong>\u00a0Mandela<\/strong>, entre villages suggestifs et aper\u00e7us de beaut\u00e9 et de charme hors du temps.<br \/>\n<strong>Leonessa<\/strong>, un bijou m\u00e9di\u00e9val situ\u00e9 entre les sommets des Monts de la Laga, avec ses \u00e9troites ruelles pav\u00e9es et ses maisons en pierres, transporte les visiteurs dans une atmosph\u00e8re f\u00e9\u00e9rique, o\u00f9 le temps semble s\u2019\u00eatre arr\u00eat\u00e9.<\/p>\n<h3>\u00c9tape 4 \u2013 de Leonessa \u00e0 Poggio Bustone<\/h3>\n<p>En poursuivant, on arrive \u00e0 <strong>Poggio Bustone<\/strong>, un petit village nich\u00e9 dans les collines de la Valle Santa, un lieu id\u00e9al pour se d\u00e9tendre et s\u2019immerger dans la beaut\u00e9 de la nature environnante.<\/p>\n<h3>\u00c9tape 5 \u2013 de Poggio Bustone \u00e0 Rieti<\/h3>\n<p><strong>Rieti<\/strong>, au c\u0153ur de la Valle Santa, est c\u00e9l\u00e8bre pour ses monuments m\u00e9di\u00e9vaux, ses \u00e9glises romanes et ses places suggestives. Ici, il est possible de d\u00e9couvrir l\u2019histoire mill\u00e9naire de la ville et de d\u00e9guster la cuisine locale.<\/p>\n<h3>\u00c9tape 6 \u2013 de Rieti \u00e0 Rocca Sinibalda<\/h3>\n<p><strong>Rocca Sinibalda\u00a0<\/strong>offre des panoramas spectaculaires et une atmosph\u00e8re enchant\u00e9e. Avec son imposant ch\u00e2teau m\u00e9di\u00e9val et ses ruelles \u00e9troites recouvertes de cailloutis, elle transporte les visiteurs dans une \u00e9poque lointaine.<\/p>\n<h3>\u00c9tape 7 \u2013 de Rocca Sinibalda \u00e0 Castel di Tora<\/h3>\n<p><strong>Castel di Tora<\/strong>, situ\u00e9 sur les rives du Lac de Turano, est une autre bourgade \u00e0 ne pas rater dans ce voyage. Avec ses maisons color\u00e9es qui donnent sur le lac et ses petites rues pittoresques, c\u2019est un lieu id\u00e9al pour une agr\u00e9able promenade et pour profiter de la tranquillit\u00e9 de la nature avoisinante.<\/p>\n<h3>\u00c9tape 8 \u2013 de Castel di Tora \u00e0 Orvinio<\/h3>\n<p>\u00c0\u00a0<strong>Orvinio<\/strong>, serti entre les vertes collines des Monts Lucr\u00e9tiliens, il est possible de se promener entre ses anciennes ruelles et d\u2019en d\u00e9couvrir ses tr\u00e9sors cach\u00e9s.<\/p>\n<h3>\u00c9tape 9 \u2013 de Orvinio \u00e0 Mandela<\/h3>\n<p>Enfin, on arrive \u00e0\u00a0<strong>Mandela<\/strong>, un village enchanteur perch\u00e9 sur le flanc du Mont Cosce, au charme rustique et \u00e0 la beaut\u00e9 sauvage.<\/p>\n<h3>\u00c9tape 10 \u2013 de Mandela \u00e0 Subiaco<\/h3>\n<p>Le parcours se poursuit dans le Parc R\u00e9gional des Monts Lucr\u00e9tiliens, une oasis de nature vierge, paix et tranquillit\u00e9. En marchant parmi des bois s\u00e9culaires et des douces collines, on arrive \u00e0 <strong>Subiaco<\/strong>, un lieu sacr\u00e9 pour les d\u00e9vots de Saint Beno\u00eet. Ici, un imposant monast\u00e8re referme le <strong><em>Sacro Speco<\/em><\/strong>, la grotte o\u00f9 le Saint v\u00e9cut dans la solitude et dans la m\u00e9ditation, et repr\u00e9sente un point de r\u00e9f\u00e9rence pour les p\u00e8lerins \u00e0 la recherche de spiritualit\u00e9 et de contemplation.<\/p>\n<h3>\u00c9tape 11 \u2013 de Subiaco \u00e0 Trevi nel Lazio<\/h3>\n<p>En descendant dans la pittoresque Ciociaria, on rencontre de ravissants villages comme\u00a0<strong>Trevi nel Lazio<\/strong>, avec ses petites rues m\u00e9di\u00e9vales et ses suggestives vues panoramiques. Ici, il est possible de se promener entre anciennes \u00e9glises et palais historiques, en s\u2019immergeant dans l\u2019histoire et dans la culture locale.<\/p>\n<h3>\u00c9tape 12 \u2013 de Trevi nel Lazio \u00e0 Collepardo<\/h3>\n<p><strong>Colleprando<\/strong>\u00a0et\u00a0<strong>Casamari<\/strong>\u00a0sont deux autres bijoux cach\u00e9s de la Ciociaria, riches en charme et en authenticit\u00e9 : Colleprando avec ses maisons en pierre et ses ruelles pittoresques et Casamari c\u00e9l\u00e8bre pour son Abbaye Cistercienne.<\/p>\n<h3>\u00c9tape 13 \u2013 da Collepardo a Casamari<br \/>\n\u00c9tape 14 \u2013 da Casamari a Arpinio<\/h3>\n<p><strong>Arpino<\/strong>, le village natal de Cic\u00e9ron, est une autre \u00e9tape \u00e0 ne pas rater dans ce parcours. Avec ses monuments historiques et ses suggestives vues panoramiques, Arpino est un lieu qui enchante les visiteurs avec sa beaut\u00e9 et son histoire mill\u00e9naire.<\/p>\n<h3>\u00c9tape 15 \u2013 de Arpino \u00e0 Roccasecca<\/h3>\n<p>On poursuit en passant par l\u2019<strong>Ermitage du Saint-Esprit<\/strong>, situ\u00e9 \u00e0 l\u2019entr\u00e9e des <strong>Gorges de Melfa<\/strong> et gardien de la Valle del Liri, un exemple embl\u00e9matique d\u2019ermitage sculpt\u00e9 \u00e0 l\u2019int\u00e9rieur d\u2019une grotte naturelle et ensuite modifi\u00e9 au cours des si\u00e8cles. Cach\u00e9 entre les parois rocheuses des Gorges de Melfa, cet ermitage \u00e9voque un sentiment de myst\u00e8re et de spiritualit\u00e9, en enveloppant le visiteur dans son atmosph\u00e8re suggestive. L\u2019ancienne grotte, habit\u00e9e par des ermites d\u00e8s l\u2019\u00e9poque m\u00e9di\u00e9vale, a fait l\u2019objet de diff\u00e9rentes modifications au cours du temps avec des interventions qui ont transform\u00e9 son aspect originaire sans compromettre son authenticit\u00e9.<\/p>\n<h3>\u00c9tape 16 \u2013 de Roccasecca \u00e0 Mont Cassin<\/h3>\n<p>On arrive enfin \u00e0 l\u2019<strong>Abbaye de Mont Cassin<\/strong>, symbole de foi et de spiritualit\u00e9 qui domine la vall\u00e9e en contrebas.<\/p>\n<h2>Quand entreprendre le chemin de Saint Beno\u00eet<\/h2>\n<p>Le Chemin de Saint Beno\u00eet accueille les p\u00e8lerins toute l\u2019ann\u00e9e. Toutefois, pendant les mois d\u2019hiver, il est important de tenir compte que certaines \u00e9tapes \u00e0 des altitudes plus \u00e9lev\u00e9es peuvent \u00eatre sujettes \u00e0 la pr\u00e9sence de neige.<br \/>\nMalgr\u00e9 les d\u00e9fis que le climat hivernal peut apporter, <a href=\"https:\/\/www.holyart.fr\/blog\/articles-religieux\/5-lieux-de-pelerinage-ou-se-rendre-au-moins-une-fois-dans-sa-vie\/\"><strong>de nombreux p\u00e8lerins<\/strong><\/a> choisissent d\u2019affronter le Chemin m\u00eame \u00e0 cette saison, attir\u00e9s par la beaut\u00e9 des paysages enneig\u00e9s et par la tranquillit\u00e9 qui entoure les lieux sacr\u00e9s le long du parcours.<br \/>\nIl est donc conseill\u00e9 d\u2019\u00eatre pr\u00e9par\u00e9 de mani\u00e8re ad\u00e9quate, avec v\u00eatements et \u00e9quipement adapt\u00e9s aux conditions atmosph\u00e9riques, et de surveiller les pr\u00e9visions m\u00e9t\u00e9orologiques avant d\u2019entreprendre le voyage. En outre, il est pr\u00e9f\u00e9rable de v\u00e9rifier d\u2019\u00e9ventuelles restrictions ou fermetures des sentiers \u00e0 cause des conditions climatiques.<\/p>\n<div class=\"link-article\">\n<p><img loading=\"lazy\" decoding=\"async\" class=\"size-full wp-image-10535 alignleft\" src=\"https:\/\/blog.holyart.it\/fr\/wp-content\/uploads\/sites\/14\/2025\/06\/Pelerins.jpeg\" alt=\"Pelerins\" width=\"150\" height=\"99\" data-kale-share-title=\"Le chemin de Saint Beno\u00eet : \u00e0 la d\u00e9couverte des lieux touch\u00e9s par le Saint\" data-kale-share-url=\"https:\/\/blog.holyart.it\/fr\/?p=10525\" \/><\/p>\n<div class=\"leggi-anche\">Lire aussi :<\/div>\n<p><strong><a href=\"https:\/\/www.holyart.fr\/blog\/articles-religieux\/5-lieux-de-pelerinage-ou-se-rendre-au-moins-une-fois-dans-sa-vie\/\">5 lieux de p\u00e8lerinage o\u00f9 se rendre au moins une fois dans sa vie<\/a><\/strong><br \/>\nL\u2019action de Dieu sur cette Terre laisse une marque forte et qui nous attire : voici cinq p\u00e8lerinages&#8230;<\/p>\n<\/div>\n<h2>Combien de jours pour le chemin de Saint Beno\u00eet<\/h2>\n<p>Le Chemin de Saint Beno\u00eet offre diff\u00e9rentes options de parcours pour s\u2019adapter aux exigences et aux pr\u00e9f\u00e9rences des p\u00e8lerins. \u00c0 pied, le parcours est subdivis\u00e9 en 16 \u00e9tapes sur autant de jours de marche, id\u00e9ales pour une exp\u00e9rience plus d\u00e9taill\u00e9e et contemplative. D\u2019autre part, pour ceux qui souhaitent affronter le <strong>parcours \u00e0 v\u00e9lo<\/strong>, il est possible de le compl\u00e9ter en 7 jours. Cette flexibilit\u00e9 permet aux <a href=\"https:\/\/www.holyart.fr\/jubile-2025-pelerins-desperance\/kit-du-pelerin-et-gadgets-du-jubile-2025\/sac-a-dos-du-pelerin-kit-complet-jubile-2025\"><strong>p\u00e8lerins de personnaliser leur voyage<\/strong><\/a> en fonction du temps \u00e0 disposition et \u00e0 leur forme physique. En outre, il est tout \u00e0 fait naturel et acceptable de ne parcourir qu\u2019une partie du chemin, peut-\u00eatre en se concentrant sur des \u00e9tapes sp\u00e9cifiques qui suscitent plus d\u2019int\u00e9r\u00eat ou de signification personnelle.<\/p>\n<div class=\"link-product\">\n<div class=\"blocco-immagine\"><img loading=\"lazy\" decoding=\"async\" class=\"size-full wp-image-10536 alignleft\" src=\"https:\/\/blog.holyart.it\/fr\/wp-content\/uploads\/sites\/14\/2025\/06\/sac-a-dos-du-pelerin-kit-complet-jubile-2025.jpg\" alt=\"sac a dos du pelerin kit complet jubile 2025\" width=\"100\" height=\"100\" data-kale-share-title=\"Le chemin de Saint Beno\u00eet : \u00e0 la d\u00e9couverte des lieux touch\u00e9s par le Saint\" data-kale-share-url=\"https:\/\/blog.holyart.it\/fr\/?p=10525\" \/><\/div>\n<div class=\"blocco-contenuto\">\n<div class=\"blocco-acquista\">Acheter sur Holyart:<\/div>\n<div class=\"blocco-titolo\"><a href=\"https:\/\/www.holyart.fr\/jubile-2025-pelerins-desperance\/kit-du-pelerin-et-gadgets-du-jubile-2025\/sac-a-dos-du-pelerin-kit-complet-jubile-2025\">Sac \u00e0 dos du p\u00e8lerin kit complet Jubil\u00e9 2025<\/a><\/div>\n<div class=\"blocco-descrizione\">Kit du p\u00e8lerin con\u00e7u pour enrichir et faciliter le p\u00e8lerinage du Jubil\u00e9, comprenant un ensemble de produits essentiels pour rendre ce voyage unique.<\/div>\n<\/div>\n<\/div>\n","protected":false},"excerpt":{"rendered":"<p>D\u00e9couvrons le Chemin de Saint Beno\u00eet, un voyage impr\u00e9gn\u00e9 d\u2019histoire et de spiritualit\u00e9 dans les lieux touch\u00e9s par le Saint fondateur de l\u2019Ordre des B\u00e9n\u00e9dictins. \u00c0 travers Nursie, Subiaco et Mont Cassin, entre anciens monast\u00e8res, vall\u00e9es suggestives et sites sacr\u00e9s qui ont fa\u00e7onn\u00e9 la vie&hellip;<\/p>\n","protected":false},"author":1,"featured_media":10527,"comment_status":"closed","ping_status":"open","sticky":false,"template":"","format":"standard","meta":{"_acf_changed":false,"footnotes":""},"categories":[7],"tags":[],"class_list":["post-10525","post","type-post","status-publish","format-standard","has-post-thumbnail","hentry","category-saints-et-bienheureux"],"acf":[],"yoast_head":"<!-- This site is optimized with the Yoast SEO plugin v26.6 - https:\/\/yoast.com\/wordpress\/plugins\/seo\/ -->\n<title>Le chemin de Saint Beno\u00eet : \u00e0 la d\u00e9couverte des lieux touch\u00e9s par le Saint - Holyart.fr Blog<\/title>\n<meta name=\"description\" content=\"Le Chemin de Saint Beno\u00eet, un voyage impr\u00e9gn\u00e9 de spiritualit\u00e9 dans les lieux touch\u00e9s par le fondateur de l\u2019ordre b\u00e9n\u00e9dictin.\" \/>\n<meta name=\"robots\" content=\"index, follow, max-snippet:-1, max-image-preview:large, max-video-preview:-1\" \/>\n<link rel=\"canonical\" href=\"https:\/\/blog.holyart.it\/fr\/saints-et-bienheureux\/le-chemin-de-saint-benoit-a-la-decouverte-des-lieux-touches-par-le-saint\/\" \/>\n<meta property=\"og:locale\" content=\"fr_FR\" \/>\n<meta property=\"og:type\" content=\"article\" \/>\n<meta property=\"og:title\" content=\"Le chemin de Saint Beno\u00eet : \u00e0 la d\u00e9couverte des lieux touch\u00e9s par le Saint - Holyart.fr Blog\" \/>\n<meta property=\"og:description\" content=\"Le Chemin de Saint Beno\u00eet, un voyage impr\u00e9gn\u00e9 de spiritualit\u00e9 dans les lieux touch\u00e9s par le fondateur de l\u2019ordre b\u00e9n\u00e9dictin.\" \/>\n<meta property=\"og:url\" content=\"https:\/\/blog.holyart.it\/fr\/saints-et-bienheureux\/le-chemin-de-saint-benoit-a-la-decouverte-des-lieux-touches-par-le-saint\/\" \/>\n<meta property=\"og:site_name\" content=\"Holyart.fr Blog\" \/>\n<meta property=\"article:published_time\" content=\"2025-06-25T08:00:52+00:00\" \/>\n<meta property=\"article:modified_time\" content=\"2025-07-04T15:39:05+00:00\" \/>\n<meta property=\"og:image\" content=\"https:\/\/blog.holyart.it\/fr\/wp-content\/uploads\/sites\/14\/2025\/06\/chemin-de-Saint-Benoit.jpg\" \/>\n\t<meta property=\"og:image:width\" content=\"1000\" \/>\n\t<meta property=\"og:image:height\" content=\"666\" \/>\n\t<meta property=\"og:image:type\" content=\"image\/jpeg\" \/>\n<meta name=\"author\" content=\"Redazione\" \/>\n<meta name=\"twitter:card\" content=\"summary_large_image\" \/>\n<meta name=\"twitter:label1\" content=\"\u00c9crit par\" \/>\n\t<meta name=\"twitter:data1\" content=\"Redazione\" \/>\n\t<meta name=\"twitter:label2\" content=\"Dur\u00e9e de lecture estim\u00e9e\" \/>\n\t<meta name=\"twitter:data2\" content=\"13 minutes\" \/>\n<script type=\"application\/ld+json\" class=\"yoast-schema-graph\">{\"@context\":\"https:\/\/schema.org\",\"@graph\":[{\"@type\":\"Article\",\"@id\":\"https:\/\/blog.holyart.it\/fr\/saints-et-bienheureux\/le-chemin-de-saint-benoit-a-la-decouverte-des-lieux-touches-par-le-saint\/#article\",\"isPartOf\":{\"@id\":\"https:\/\/blog.holyart.it\/fr\/saints-et-bienheureux\/le-chemin-de-saint-benoit-a-la-decouverte-des-lieux-touches-par-le-saint\/\"},\"author\":{\"name\":\"Redazione\",\"@id\":\"https:\/\/blog.holyart.it\/fr\/#\/schema\/person\/0a7b686e5af0f856ec1e390dd0baecda\"},\"headline\":\"Le chemin de Saint Beno\u00eet : \u00e0 la d\u00e9couverte des lieux touch\u00e9s par le Saint\",\"datePublished\":\"2025-06-25T08:00:52+00:00\",\"dateModified\":\"2025-07-04T15:39:05+00:00\",\"mainEntityOfPage\":{\"@id\":\"https:\/\/blog.holyart.it\/fr\/saints-et-bienheureux\/le-chemin-de-saint-benoit-a-la-decouverte-des-lieux-touches-par-le-saint\/\"},\"wordCount\":2328,\"publisher\":{\"@id\":\"https:\/\/blog.holyart.it\/fr\/#organization\"},\"image\":{\"@id\":\"https:\/\/blog.holyart.it\/fr\/saints-et-bienheureux\/le-chemin-de-saint-benoit-a-la-decouverte-des-lieux-touches-par-le-saint\/#primaryimage\"},\"thumbnailUrl\":\"https:\/\/blog.holyart.it\/fr\/wp-content\/uploads\/sites\/14\/2025\/06\/chemin-de-Saint-Benoit.jpg\",\"articleSection\":[\"Saints et Bienheureux\"],\"inLanguage\":\"fr-FR\"},{\"@type\":\"WebPage\",\"@id\":\"https:\/\/blog.holyart.it\/fr\/saints-et-bienheureux\/le-chemin-de-saint-benoit-a-la-decouverte-des-lieux-touches-par-le-saint\/\",\"url\":\"https:\/\/blog.holyart.it\/fr\/saints-et-bienheureux\/le-chemin-de-saint-benoit-a-la-decouverte-des-lieux-touches-par-le-saint\/\",\"name\":\"Le chemin de Saint Beno\u00eet : \u00e0 la d\u00e9couverte des lieux touch\u00e9s par le Saint - Holyart.fr Blog\",\"isPartOf\":{\"@id\":\"https:\/\/blog.holyart.it\/fr\/#website\"},\"primaryImageOfPage\":{\"@id\":\"https:\/\/blog.holyart.it\/fr\/saints-et-bienheureux\/le-chemin-de-saint-benoit-a-la-decouverte-des-lieux-touches-par-le-saint\/#primaryimage\"},\"image\":{\"@id\":\"https:\/\/blog.holyart.it\/fr\/saints-et-bienheureux\/le-chemin-de-saint-benoit-a-la-decouverte-des-lieux-touches-par-le-saint\/#primaryimage\"},\"thumbnailUrl\":\"https:\/\/blog.holyart.it\/fr\/wp-content\/uploads\/sites\/14\/2025\/06\/chemin-de-Saint-Benoit.jpg\",\"datePublished\":\"2025-06-25T08:00:52+00:00\",\"dateModified\":\"2025-07-04T15:39:05+00:00\",\"description\":\"Le Chemin de Saint Beno\u00eet, un voyage impr\u00e9gn\u00e9 de spiritualit\u00e9 dans les lieux touch\u00e9s par le fondateur de l\u2019ordre b\u00e9n\u00e9dictin.\",\"breadcrumb\":{\"@id\":\"https:\/\/blog.holyart.it\/fr\/saints-et-bienheureux\/le-chemin-de-saint-benoit-a-la-decouverte-des-lieux-touches-par-le-saint\/#breadcrumb\"},\"inLanguage\":\"fr-FR\",\"potentialAction\":[{\"@type\":\"ReadAction\",\"target\":[\"https:\/\/blog.holyart.it\/fr\/saints-et-bienheureux\/le-chemin-de-saint-benoit-a-la-decouverte-des-lieux-touches-par-le-saint\/\"]}]},{\"@type\":\"ImageObject\",\"inLanguage\":\"fr-FR\",\"@id\":\"https:\/\/blog.holyart.it\/fr\/saints-et-bienheureux\/le-chemin-de-saint-benoit-a-la-decouverte-des-lieux-touches-par-le-saint\/#primaryimage\",\"url\":\"https:\/\/blog.holyart.it\/fr\/wp-content\/uploads\/sites\/14\/2025\/06\/chemin-de-Saint-Benoit.jpg\",\"contentUrl\":\"https:\/\/blog.holyart.it\/fr\/wp-content\/uploads\/sites\/14\/2025\/06\/chemin-de-Saint-Benoit.jpg\",\"width\":1000,\"height\":666,\"caption\":\"chemin de Saint Beno\u00eet\"},{\"@type\":\"BreadcrumbList\",\"@id\":\"https:\/\/blog.holyart.it\/fr\/saints-et-bienheureux\/le-chemin-de-saint-benoit-a-la-decouverte-des-lieux-touches-par-le-saint\/#breadcrumb\",\"itemListElement\":[{\"@type\":\"ListItem\",\"position\":1,\"name\":\"Homepage\",\"item\":\"https:\/\/blog.holyart.it\/fr\/\"},{\"@type\":\"ListItem\",\"position\":2,\"name\":\"Saints et Bienheureux\",\"item\":\"https:\/\/blog.holyart.it\/fr\/saints-et-bienheureux\/\"},{\"@type\":\"ListItem\",\"position\":3,\"name\":\"Le chemin de Saint Beno\u00eet : \u00e0 la d\u00e9couverte des lieux touch\u00e9s par le Saint\"}]},{\"@type\":\"WebSite\",\"@id\":\"https:\/\/blog.holyart.it\/fr\/#website\",\"url\":\"https:\/\/blog.holyart.it\/fr\/\",\"name\":\"Holyart.fr Blog\",\"description\":\"Holyblog\",\"publisher\":{\"@id\":\"https:\/\/blog.holyart.it\/fr\/#organization\"},\"potentialAction\":[{\"@type\":\"SearchAction\",\"target\":{\"@type\":\"EntryPoint\",\"urlTemplate\":\"https:\/\/blog.holyart.it\/fr\/?s={search_term_string}\"},\"query-input\":{\"@type\":\"PropertyValueSpecification\",\"valueRequired\":true,\"valueName\":\"search_term_string\"}}],\"inLanguage\":\"fr-FR\"},{\"@type\":\"Organization\",\"@id\":\"https:\/\/blog.holyart.it\/fr\/#organization\",\"name\":\"Holyart.fr Blog\",\"url\":\"https:\/\/blog.holyart.it\/fr\/\",\"logo\":{\"@type\":\"ImageObject\",\"inLanguage\":\"fr-FR\",\"@id\":\"https:\/\/blog.holyart.it\/fr\/#\/schema\/logo\/image\/\",\"url\":\"https:\/\/blog.holyart.it\/fr\/wp-content\/uploads\/sites\/14\/2022\/12\/Holyart_Blog_Logo.jpg\",\"contentUrl\":\"https:\/\/blog.holyart.it\/fr\/wp-content\/uploads\/sites\/14\/2022\/12\/Holyart_Blog_Logo.jpg\",\"width\":300,\"height\":50,\"caption\":\"Holyart.fr Blog\"},\"image\":{\"@id\":\"https:\/\/blog.holyart.it\/fr\/#\/schema\/logo\/image\/\"}},{\"@type\":\"Person\",\"@id\":\"https:\/\/blog.holyart.it\/fr\/#\/schema\/person\/0a7b686e5af0f856ec1e390dd0baecda\",\"name\":\"Redazione\",\"image\":{\"@type\":\"ImageObject\",\"inLanguage\":\"fr-FR\",\"@id\":\"https:\/\/blog.holyart.it\/fr\/#\/schema\/person\/image\/\",\"url\":\"https:\/\/secure.gravatar.com\/avatar\/f477da817f43e50d0af36abecd33e3edf826c68299714bdc1057dff3b113f516?s=96&d=mm&r=g\",\"contentUrl\":\"https:\/\/secure.gravatar.com\/avatar\/f477da817f43e50d0af36abecd33e3edf826c68299714bdc1057dff3b113f516?s=96&d=mm&r=g\",\"caption\":\"Redazione\"},\"url\":\"https:\/\/blog.holyart.it\/fr\/author\/admin\/\"}]}<\/script>\n<!-- \/ Yoast SEO plugin. -->","yoast_head_json":{"title":"Le chemin de Saint Beno\u00eet : \u00e0 la d\u00e9couverte des lieux touch\u00e9s par le Saint - Holyart.fr Blog","description":"Le Chemin de Saint Beno\u00eet, un voyage impr\u00e9gn\u00e9 de spiritualit\u00e9 dans les lieux touch\u00e9s par le fondateur de l\u2019ordre b\u00e9n\u00e9dictin.","robots":{"index":"index","follow":"follow","max-snippet":"max-snippet:-1","max-image-preview":"max-image-preview:large","max-video-preview":"max-video-preview:-1"},"canonical":"https:\/\/blog.holyart.it\/fr\/saints-et-bienheureux\/le-chemin-de-saint-benoit-a-la-decouverte-des-lieux-touches-par-le-saint\/","og_locale":"fr_FR","og_type":"article","og_title":"Le chemin de Saint Beno\u00eet : \u00e0 la d\u00e9couverte des lieux touch\u00e9s par le Saint - Holyart.fr Blog","og_description":"Le Chemin de Saint Beno\u00eet, un voyage impr\u00e9gn\u00e9 de spiritualit\u00e9 dans les lieux touch\u00e9s par le fondateur de l\u2019ordre b\u00e9n\u00e9dictin.","og_url":"https:\/\/blog.holyart.it\/fr\/saints-et-bienheureux\/le-chemin-de-saint-benoit-a-la-decouverte-des-lieux-touches-par-le-saint\/","og_site_name":"Holyart.fr Blog","article_published_time":"2025-06-25T08:00:52+00:00","article_modified_time":"2025-07-04T15:39:05+00:00","og_image":[{"width":1000,"height":666,"url":"https:\/\/blog.holyart.it\/fr\/wp-content\/uploads\/sites\/14\/2025\/06\/chemin-de-Saint-Benoit.jpg","type":"image\/jpeg"}],"author":"Redazione","twitter_card":"summary_large_image","twitter_misc":{"\u00c9crit par":"Redazione","Dur\u00e9e de lecture estim\u00e9e":"13 minutes"},"schema":{"@context":"https:\/\/schema.org","@graph":[{"@type":"Article","@id":"https:\/\/blog.holyart.it\/fr\/saints-et-bienheureux\/le-chemin-de-saint-benoit-a-la-decouverte-des-lieux-touches-par-le-saint\/#article","isPartOf":{"@id":"https:\/\/blog.holyart.it\/fr\/saints-et-bienheureux\/le-chemin-de-saint-benoit-a-la-decouverte-des-lieux-touches-par-le-saint\/"},"author":{"name":"Redazione","@id":"https:\/\/blog.holyart.it\/fr\/#\/schema\/person\/0a7b686e5af0f856ec1e390dd0baecda"},"headline":"Le chemin de Saint Beno\u00eet : \u00e0 la d\u00e9couverte des lieux touch\u00e9s par le Saint","datePublished":"2025-06-25T08:00:52+00:00","dateModified":"2025-07-04T15:39:05+00:00","mainEntityOfPage":{"@id":"https:\/\/blog.holyart.it\/fr\/saints-et-bienheureux\/le-chemin-de-saint-benoit-a-la-decouverte-des-lieux-touches-par-le-saint\/"},"wordCount":2328,"publisher":{"@id":"https:\/\/blog.holyart.it\/fr\/#organization"},"image":{"@id":"https:\/\/blog.holyart.it\/fr\/saints-et-bienheureux\/le-chemin-de-saint-benoit-a-la-decouverte-des-lieux-touches-par-le-saint\/#primaryimage"},"thumbnailUrl":"https:\/\/blog.holyart.it\/fr\/wp-content\/uploads\/sites\/14\/2025\/06\/chemin-de-Saint-Benoit.jpg","articleSection":["Saints et Bienheureux"],"inLanguage":"fr-FR"},{"@type":"WebPage","@id":"https:\/\/blog.holyart.it\/fr\/saints-et-bienheureux\/le-chemin-de-saint-benoit-a-la-decouverte-des-lieux-touches-par-le-saint\/","url":"https:\/\/blog.holyart.it\/fr\/saints-et-bienheureux\/le-chemin-de-saint-benoit-a-la-decouverte-des-lieux-touches-par-le-saint\/","name":"Le chemin de Saint Beno\u00eet : \u00e0 la d\u00e9couverte des lieux touch\u00e9s par le Saint - Holyart.fr Blog","isPartOf":{"@id":"https:\/\/blog.holyart.it\/fr\/#website"},"primaryImageOfPage":{"@id":"https:\/\/blog.holyart.it\/fr\/saints-et-bienheureux\/le-chemin-de-saint-benoit-a-la-decouverte-des-lieux-touches-par-le-saint\/#primaryimage"},"image":{"@id":"https:\/\/blog.holyart.it\/fr\/saints-et-bienheureux\/le-chemin-de-saint-benoit-a-la-decouverte-des-lieux-touches-par-le-saint\/#primaryimage"},"thumbnailUrl":"https:\/\/blog.holyart.it\/fr\/wp-content\/uploads\/sites\/14\/2025\/06\/chemin-de-Saint-Benoit.jpg","datePublished":"2025-06-25T08:00:52+00:00","dateModified":"2025-07-04T15:39:05+00:00","description":"Le Chemin de Saint Beno\u00eet, un voyage impr\u00e9gn\u00e9 de spiritualit\u00e9 dans les lieux touch\u00e9s par le fondateur de l\u2019ordre b\u00e9n\u00e9dictin.","breadcrumb":{"@id":"https:\/\/blog.holyart.it\/fr\/saints-et-bienheureux\/le-chemin-de-saint-benoit-a-la-decouverte-des-lieux-touches-par-le-saint\/#breadcrumb"},"inLanguage":"fr-FR","potentialAction":[{"@type":"ReadAction","target":["https:\/\/blog.holyart.it\/fr\/saints-et-bienheureux\/le-chemin-de-saint-benoit-a-la-decouverte-des-lieux-touches-par-le-saint\/"]}]},{"@type":"ImageObject","inLanguage":"fr-FR","@id":"https:\/\/blog.holyart.it\/fr\/saints-et-bienheureux\/le-chemin-de-saint-benoit-a-la-decouverte-des-lieux-touches-par-le-saint\/#primaryimage","url":"https:\/\/blog.holyart.it\/fr\/wp-content\/uploads\/sites\/14\/2025\/06\/chemin-de-Saint-Benoit.jpg","contentUrl":"https:\/\/blog.holyart.it\/fr\/wp-content\/uploads\/sites\/14\/2025\/06\/chemin-de-Saint-Benoit.jpg","width":1000,"height":666,"caption":"chemin de Saint Beno\u00eet"},{"@type":"BreadcrumbList","@id":"https:\/\/blog.holyart.it\/fr\/saints-et-bienheureux\/le-chemin-de-saint-benoit-a-la-decouverte-des-lieux-touches-par-le-saint\/#breadcrumb","itemListElement":[{"@type":"ListItem","position":1,"name":"Homepage","item":"https:\/\/blog.holyart.it\/fr\/"},{"@type":"ListItem","position":2,"name":"Saints et Bienheureux","item":"https:\/\/blog.holyart.it\/fr\/saints-et-bienheureux\/"},{"@type":"ListItem","position":3,"name":"Le chemin de Saint Beno\u00eet : \u00e0 la d\u00e9couverte des lieux touch\u00e9s par le Saint"}]},{"@type":"WebSite","@id":"https:\/\/blog.holyart.it\/fr\/#website","url":"https:\/\/blog.holyart.it\/fr\/","name":"Holyart.fr Blog","description":"Holyblog","publisher":{"@id":"https:\/\/blog.holyart.it\/fr\/#organization"},"potentialAction":[{"@type":"SearchAction","target":{"@type":"EntryPoint","urlTemplate":"https:\/\/blog.holyart.it\/fr\/?s={search_term_string}"},"query-input":{"@type":"PropertyValueSpecification","valueRequired":true,"valueName":"search_term_string"}}],"inLanguage":"fr-FR"},{"@type":"Organization","@id":"https:\/\/blog.holyart.it\/fr\/#organization","name":"Holyart.fr Blog","url":"https:\/\/blog.holyart.it\/fr\/","logo":{"@type":"ImageObject","inLanguage":"fr-FR","@id":"https:\/\/blog.holyart.it\/fr\/#\/schema\/logo\/image\/","url":"https:\/\/blog.holyart.it\/fr\/wp-content\/uploads\/sites\/14\/2022\/12\/Holyart_Blog_Logo.jpg","contentUrl":"https:\/\/blog.holyart.it\/fr\/wp-content\/uploads\/sites\/14\/2022\/12\/Holyart_Blog_Logo.jpg","width":300,"height":50,"caption":"Holyart.fr Blog"},"image":{"@id":"https:\/\/blog.holyart.it\/fr\/#\/schema\/logo\/image\/"}},{"@type":"Person","@id":"https:\/\/blog.holyart.it\/fr\/#\/schema\/person\/0a7b686e5af0f856ec1e390dd0baecda","name":"Redazione","image":{"@type":"ImageObject","inLanguage":"fr-FR","@id":"https:\/\/blog.holyart.it\/fr\/#\/schema\/person\/image\/","url":"https:\/\/secure.gravatar.com\/avatar\/f477da817f43e50d0af36abecd33e3edf826c68299714bdc1057dff3b113f516?s=96&d=mm&r=g","contentUrl":"https:\/\/secure.gravatar.com\/avatar\/f477da817f43e50d0af36abecd33e3edf826c68299714bdc1057dff3b113f516?s=96&d=mm&r=g","caption":"Redazione"},"url":"https:\/\/blog.holyart.it\/fr\/author\/admin\/"}]}},"_links":{"self":[{"href":"https:\/\/blog.holyart.it\/fr\/wp-json\/wp\/v2\/posts\/10525","targetHints":{"allow":["GET"]}}],"collection":[{"href":"https:\/\/blog.holyart.it\/fr\/wp-json\/wp\/v2\/posts"}],"about":[{"href":"https:\/\/blog.holyart.it\/fr\/wp-json\/wp\/v2\/types\/post"}],"author":[{"embeddable":true,"href":"https:\/\/blog.holyart.it\/fr\/wp-json\/wp\/v2\/users\/1"}],"replies":[{"embeddable":true,"href":"https:\/\/blog.holyart.it\/fr\/wp-json\/wp\/v2\/comments?post=10525"}],"version-history":[{"count":8,"href":"https:\/\/blog.holyart.it\/fr\/wp-json\/wp\/v2\/posts\/10525\/revisions"}],"predecessor-version":[{"id":10541,"href":"https:\/\/blog.holyart.it\/fr\/wp-json\/wp\/v2\/posts\/10525\/revisions\/10541"}],"wp:featuredmedia":[{"embeddable":true,"href":"https:\/\/blog.holyart.it\/fr\/wp-json\/wp\/v2\/media\/10527"}],"wp:attachment":[{"href":"https:\/\/blog.holyart.it\/fr\/wp-json\/wp\/v2\/media?parent=10525"}],"wp:term":[{"taxonomy":"category","embeddable":true,"href":"https:\/\/blog.holyart.it\/fr\/wp-json\/wp\/v2\/categories?post=10525"},{"taxonomy":"post_tag","embeddable":true,"href":"https:\/\/blog.holyart.it\/fr\/wp-json\/wp\/v2\/tags?post=10525"}],"curies":[{"name":"wp","href":"https:\/\/api.w.org\/{rel}","templated":true}]}}