{"id":10449,"date":"2025-06-16T10:00:10","date_gmt":"2025-06-16T08:00:10","guid":{"rendered":"https:\/\/blog.holyart.it\/fr\/?p=10449"},"modified":"2025-08-22T11:52:26","modified_gmt":"2025-08-22T09:52:26","slug":"cartes-en-relief-en-bois-de-la-ville-de-rome-et-du-vatican-un-souvenir-du-jubile-2025","status":"publish","type":"post","link":"https:\/\/blog.holyart.it\/fr\/jubile-2025\/cartes-en-relief-en-bois-de-la-ville-de-rome-et-du-vatican-un-souvenir-du-jubile-2025\/","title":{"rendered":"Cartes en relief en bois de la ville de Rome et du Vatican : un souvenir du Jubil\u00e9 2025"},"content":{"rendered":"<h4>\u00c0 l\u2019occasion du Jubil\u00e9 2025, faites cadeau ou offrez-vous une des magnifiques cartes en relief de Rome ou du Vatican. En bois naturel, travaill\u00e9es au laser, elles sont officiellement approuv\u00e9es par le Vatican.<\/h4>\n\n<p>Le <a href=\"https:\/\/www.holyart.fr\/blog\/articles-religieux\/quest-ce-quest-le-jubile-preparons-nous-a-une-nouvelle-annee-sainte\/\"><strong><u>Jubil\u00e9<\/u><\/strong> <\/a>a d\u00e9but\u00e9. Le 24 d\u00e9cembre 2024, avec le rite solennel de l\u2019ouverture de la <a href=\"https:\/\/www.holyart.fr\/blog\/articles-religieux\/porte-sainte-quest-ce-que-cest-et-que-represente-son-ouverture\/\"><strong><u>Porte Sainte<\/u><\/strong><\/a> dans la Basilique de Saint-Pierre, pr\u00e9sid\u00e9 par le Saint-P\u00e8re, l\u2019Ann\u00e9e Sainte a officiellement commenc\u00e9. Il y en a qui vivront cette p\u00e9riode dans leur propre intimit\u00e9 spirituelle, avec des moments de pri\u00e8re et un plus grand engagement vis-\u00e0-vis de leur prochain et du monde dans lequel ils vivent. Rappelons que le th\u00e8me de ce Jubil\u00e9, exprim\u00e9 \u00e9galement par le <a href=\"https:\/\/www.holyart.fr\/blog\/articles-religieux\/la-signification-du-logo-du-jubile-2025-pelerins-desperance\/\"><strong><u>logo<\/u><\/strong><\/a>, est <strong><em>P\u00e8lerins d\u2019Esp\u00e9rance<\/em><\/strong>, et il y a vraiment un grand besoin d\u2019espoir, mais aussi d\u2019union et de mis\u00e9ricorde, en ce moment si controvers\u00e9 de l\u2019histoire de l\u2019humanit\u00e9. Certains profiteront de l\u2019Ann\u00e9e Sainte et des <a href=\"https:\/\/www.holyart.fr\/blog\/articles-religieux\/le-calendrier-des-evenements-du-jubile-2025\/\"><strong><u>nombreux \u00e9v\u00e9nements<\/u><\/strong><\/a> qui la caract\u00e9risent pour entreprendre un <strong>p\u00e8lerinage<\/strong>, peut-\u00eatre \u00e0 Rome, <a href=\"https:\/\/www.holyart.fr\/blog\/articles-religieux\/pelerinage-a-rome-parmi-les-destinations-preferees-des-chretiens\/\"><strong><u>un des lieux de p\u00e8lerinage les plus appr\u00e9ci\u00e9s de tous les temps<\/u><\/strong><\/a>, et ils pourraient souhaiter ramener chez eux un souvenir original et pr\u00e9cieux de ce voyage, qu n\u2019est pas une simple excursion touristique, mais un v\u00e9ritable parcours de foi, d\u2019introspection et de croissance spirituelle. Voici donc que nous avons pens\u00e9 \u00e0 vous proposer les <strong>cartes en relief de Rome et du Vatican<\/strong>, des v\u00e9ritables \u0153uvres d\u2019art id\u00e9ales pour comm\u00e9morer un \u00e9v\u00e9nement historique et spirituel plus significatif. Ces cartes sont des splendides objets de design et seront parfaites pour enrichir n\u2019importe quel environnement, mais, de plus, elles vous rappelleront chaque moment du voyage entrepris \u00e0 l\u2019occasion du Jubil\u00e9. Un chef d\u2019\u0153uvre artisanal, disponible en \u00e9dition limit\u00e9e approuv\u00e9e par le Vatican, une occasion unique pour poss\u00e9der un souvenir durable du Jubil\u00e9 2025.<\/p>\n<div class=\"link-article\">\n<p><img loading=\"lazy\" decoding=\"async\" class=\"alignnone size-full wp-image-10452\" src=\"https:\/\/blog.holyart.it\/fr\/wp-content\/uploads\/sites\/14\/2025\/05\/Jubile-2025.jpg\" alt=\"Jubil\u00e9 2025\" width=\"150\" height=\"99\" data-kale-share-title=\"Cartes en relief en bois de la ville de Rome et du Vatican : un souvenir du Jubil\u00e9 2025\" data-kale-share-url=\"https:\/\/blog.holyart.it\/fr\/?p=10449\" \/><\/p>\n<div class=\"leggi-anche\">Lire aussi :<\/div>\n<p><strong><a href=\"https:\/\/www.holyart.fr\/blog\/articles-religieux\/le-calendrier-des-evenements-du-jubile-2025\/\">Le calendrier des \u00e9v\u00e9nements du Jubil\u00e9 2025<\/a><\/strong><br \/>\nLe calendrier des \u00e9v\u00e9nements du Jubil\u00e9 2025 a \u00e9t\u00e9 publi\u00e9 : douze mois d\u2019\u00e9v\u00e9nements et occasions pour approfondir la foi,&#8230;<\/p>\n<\/div>\n<h2>Les cartes de Rome et du Vatican pour le Jubil\u00e9<\/h2>\n<p>Ces cartes exclusives en relief sont disponibles <strong>en \u00e9dition limit\u00e9e<\/strong> en deux mod\u00e8les, que vous trouverez sur notre e-store\u00a0: le <a href=\"https:\/\/www.holyart.fr\/jubile-2025-pelerins-desperance\/gadgets-et-souvenirs-jubile-2025\/plan-en-relief-en-bois-vatican-logo-jubile-35x35-cm-ed.-limitee\"><strong>plan en bois en relief du Vatican<\/strong><\/a> et le <a href=\"https:\/\/www.holyart.fr\/jubile-2025-pelerins-desperance\/gadgets-et-souvenirs-jubile-2025\/carte-de-rome-en-relief-en-bois-jubile-2025-35x35-cm-edition-limitee\"><strong>plan en relief de la ville de Rome<\/strong><\/a>. R\u00e9alis\u00e9es sous <strong>licence officielle du Vatican <\/strong>par une entreprise canadienne, qui produit au Canada et vend principalement en Allemagne, ces cartes en bois extraordinaires combinent artisanat et design de haute pr\u00e9cision. Chaque carte est cr\u00e9\u00e9e en gravant le bois avec la <strong>technologie laser<\/strong>, en superposant diff\u00e9rentes couches pour reproduire chaque d\u00e9tail g\u00e9ographique avec une pr\u00e9cision extraordinaire. Les sections qui n\u00e9cessitent de couleurs particuli\u00e8res, comme les cours d\u2019eau, sont peintes \u00e0 la main avec des couleurs naturelles, afin de garantir un r\u00e9sultat unique et raffin\u00e9. Le <strong>logo du Jubil\u00e9 2025<\/strong> est pr\u00e9sent sur chaque carte. <strong>Seulement 1000 exemplaires num\u00e9rot\u00e9s<\/strong> par design sont disponibles, caract\u00e9ristique qui fait de ces cartes un souvenir exclusif pour qui souhaite c\u00e9l\u00e9brer le Jubil\u00e9 de mani\u00e8re authentique.<\/p>\n<p>Les plans en reliefs sont reproduits avec du <strong>bois naturel<\/strong>, des colorants v\u00e9g\u00e9taux et des adh\u00e9sifs \u00e9cologiques, qui garantissent un produit de qualit\u00e9, durable et respectueux de l\u2019environnement. Le grain naturel du bois rend chaque pi\u00e8ce unique et incomparable.<\/p>\n<div class=\"sp-styles-warning\" style=\"width: 450px; background-color: #FFF; color: #F00; border: 1px solid #F00; padding: 10px; font-size: 14px;\">\n\t\t\t<span style=\"font-weight: bold;\">Warning: The stylesheets were not loaded!<\/span> \n\t\t\tYou will need to change the <i>Load stylesheets<\/i> setting from <i>Automatically<\/i> to <i>On homepage<\/i> or <i>On all pages<\/i>. \n\t\t\tYou can set that <a style=\"text-decoration: underline; color: #F00;\" href=\"https:\/\/blog.holyart.it\/fr\/wp-admin\/admin.php?page=sliderpro-settings\">here<\/a>.\n\t\t\t<\/div>\r\n<div id=\"slider-pro-170\" class=\"slider-pro sp-no-js\" style=\"width: 500px; height: 500px;\">\r\n\t<div class=\"sp-slides\">\r\n\t\t\r\n\t\t<div class=\"sp-slide\">\r\n\t\t\t<img loading=\"lazy\" decoding=\"async\" class=\"sp-image\" src=\"https:\/\/blog.holyart.it\/fr\/wp-content\/uploads\/sites\/14\/2025\/05\/Plan-en-relief-en-bois-Vatican-logo-Jubile-35x35-cm-ed.-limitee.jpg\" alt=\"Plan en relief en bois Vatican logo Jubil\u00e9 35x35 cm \u00e9d. limit\u00e9e\" width=\"500\" height=\"500\" \/>\r\n\t\t\t<div class=\"sp-thumbnail\"><a class=\"\" href=\"https:\/\/www.holyart.fr\/jubile-2025-pelerins-desperance\/gadgets-et-souvenirs-jubile-2025\/plan-en-relief-en-bois-vatican-logo-jubile-35x35-cm-ed.-limitee\">\r\n\t\t\t\t<img decoding=\"async\" src=\"https:\/\/blog.holyart.it\/fr\/wp-content\/uploads\/sites\/14\/2025\/05\/Plan-en-relief-en-bois-Vatican-logo-Jubile-35x35-cm-ed.-limitee-2.jpg\" alt=\"Plan en relief en bois Vatican logo Jubil\u00e9 35x35 cm \u00e9d. limit\u00e9e\" \/>\r\n\t\t\t<\/a>\r\n\t\t\t<\/div>\r\n\t\t\t<div class=\"sp-caption\">Plan en relief en bois Vatican logo Jubil\u00e9 35x35 cm \u00e9d. limit\u00e9e<br \/>\nApprouv\u00e9s et autoris\u00e9s par le Vatican, ces plans muraux du Vatican et de Rome sont de v\u00e9ritables \u0153uvres d'art uniques pour comm\u00e9morer le Jubil\u00e9 2025. <br><strong><a href=\"https:\/\/www.holyart.fr\/jubile-2025-pelerins-desperance\/gadgets-et-souvenirs-jubile-2025\/plan-en-relief-en-bois-vatican-logo-jubile-35x35-cm-ed.-limitee\">Acheter sur Holyart<\/a><\/strong><\/div>\r\n\t\t<\/div>\r\n\t\t<div class=\"sp-slide\">\r\n\t\t\t<img loading=\"lazy\" decoding=\"async\" class=\"sp-image\" src=\"https:\/\/blog.holyart.it\/fr\/wp-content\/uploads\/sites\/14\/2025\/05\/Carte-de-Rome-en-relief-en-bois-Jubile-2025-35x35-cm-edition-limitee.jpg\" alt=\"Carte de Rome en relief en bois Jubil\u00e9 2025 35x35 cm \u00e9dition limit\u00e9e\" width=\"500\" height=\"500\" \/>\r\n\t\t\t<div class=\"sp-thumbnail\"><a class=\"\" href=\"https:\/\/www.holyart.fr\/jubile-2025-pelerins-desperance\/gadgets-et-souvenirs-jubile-2025\/carte-de-rome-en-relief-en-bois-jubile-2025-35x35-cm-edition-limitee\">\r\n\t\t\t\t<img decoding=\"async\" src=\"https:\/\/blog.holyart.it\/fr\/wp-content\/uploads\/sites\/14\/2025\/05\/Carte-de-Rome-en-relief-en-bois-Jubile-2025-35x35-cm-edition-limitee-2.jpg\" alt=\"Carte de Rome en relief en bois Jubil\u00e9 2025 35x35 cm \u00e9dition limit\u00e9e\" \/>\r\n\t\t\t<\/a>\r\n\t\t\t<\/div>\r\n\t\t\t<div class=\"sp-caption\">Carte de Rome en relief en bois Jubil\u00e9 2025 35x35 cm \u00e9dition limit\u00e9e<br \/>\nApprouv\u00e9es et autoris\u00e9es directement par le Vatican, ces cartes murales de Rome et du Vatican deviennent de v\u00e9ritables \u0153uvres d'art uniques pour comm\u00e9morer le Jubil\u00e9 2025.<br><strong><a href=\"https:\/\/www.holyart.fr\/jubile-2025-pelerins-desperance\/gadgets-et-souvenirs-jubile-2025\/carte-de-rome-en-relief-en-bois-jubile-2025-35x35-cm-edition-limitee\">Acheter sur Holyart<\/a><\/strong><\/div>\r\n\t\t<\/div>\r\n\t<\/div>\r\n<\/div>\n<h2>La technique des gravures au laser sur bois<\/h2>\n<p>La gravure laser sur bois est une technique avanc\u00e9e qui utiliser un <strong>rayon laser<\/strong> pour cr\u00e9er des motifs et des inscriptions sur la surface du bois. Ce processus a lieu par vaporisation du mat\u00e9riel, et permet d\u2019obtenir des gravures pr\u00e9cises et durables, qui peuvent varier d\u2019effets l\u00e9gers \u00e0 des profondeurs significatives, selon l\u2019intensit\u00e9 du laser utilis\u00e9. \u00c0 diff\u00e9rence d\u2019autres techniques, la gravure laser cr\u00e9e des <strong>marquages permanents<\/strong>, car elle n\u2019applique pas de rev\u00eatement superficiel, mais br\u00fble le mat\u00e9riel. Cela permet \u00e9galement d\u2019obtenir des d\u00e9tails tr\u00e8s fins, ce qui rend cette technique id\u00e9ale pour personnaliser des objets en bois comme cadeaux, d\u00e9corations et articles promotionnels.<br \/>\nLe processus de gravure commence avec la <strong>cr\u00e9ation d\u2019un design digital<\/strong>, qui est ensuite transf\u00e9r\u00e9 \u00e0 la machine laser. Au cours de la gravure, le rayon laser interagit avec le bois, en le vaporisant aux endroits souhait\u00e9s. Il est fondamental que la pi\u00e8ce en bois soit bien pr\u00e9par\u00e9e, polie et d\u00e9pourvue de toute poussi\u00e8re afin de garantir un r\u00e9sultat optimal.<\/p>\n<p><img loading=\"lazy\" decoding=\"async\" class=\"size-full wp-image-10454 aligncenter\" src=\"https:\/\/blog.holyart.it\/fr\/wp-content\/uploads\/sites\/14\/2025\/05\/laser-sur-bois.jpg\" alt=\"laser sur bois\" width=\"1000\" height=\"1000\" data-kale-share-title=\"Cartes en relief en bois de la ville de Rome et du Vatican : un souvenir du Jubil\u00e9 2025\" data-kale-share-url=\"https:\/\/blog.holyart.it\/fr\/?p=10449\" \/><\/p>\n<p>L\u2019entreprise canadienne CUTTING BROTHERS, qui r\u00e9alise les cartes en relief pour le Jubil\u00e9, est connue pour ses applications innovantes de la technique de gravure laser sur bois. En particulier, ils produisent des cartes murales 3D en bois exclusives et de tr\u00e8s haute qualit\u00e9. Leur mission est celle d\u2019amener le monde dans les maisons de leurs clients d\u2019une mani\u00e8re unique et inimitable, \u00e0 travers une parfaite combinaison d\u2019art, innovation et soin des d\u00e9tails. Leurs cartes, comme dans le cas des plans en relief de Rome et du Vatican, ne se limitent pas \u00e0 repr\u00e9senter la beaut\u00e9 g\u00e9ographique, mais offrent un lien profond avec les lieux et les histoires qu\u2019ils referment. Chaque carte est un voyage \u00e9motionnel qui transforme l\u2019espace en une c\u00e9l\u00e9bration de la merveille de notre plan\u00e8te.<\/p>\n<p><center><img loading=\"lazy\" decoding=\"async\" class=\"alignnone size-full wp-image-10455\" src=\"https:\/\/blog.holyart.it\/fr\/wp-content\/uploads\/sites\/14\/2025\/05\/cartes-murales-3D-en-bois.jpg\" alt=\"cartes murales 3D en bois\" width=\"600\" height=\"600\" data-kale-share-title=\"Cartes en relief en bois de la ville de Rome et du Vatican : un souvenir du Jubil\u00e9 2025\" data-kale-share-url=\"https:\/\/blog.holyart.it\/fr\/?p=10449\" \/><\/center><\/p>\n<h2>Bois id\u00e9al pour gravures au laser<\/h2>\n<p>Le choix du bois pour les gravures au laser est crucial et peut significativement influencer la qualit\u00e9 et l\u2019aspect final du produit. Quand on choisit le bois, il est important de consid\u00e9rer aussi la <strong>teneur en r\u00e9sine<\/strong>. Des bois \u00e0 faible pourcentage de r\u00e9sine tendent \u00e0 produire des gravures plus claires et nettes, tandis que ceux tr\u00e8s r\u00e9sineux peuvent comporter des br\u00fblures plus fonc\u00e9es et moins uniformes. En outre, le <strong>grain du bois<\/strong> doit \u00eatre uniforme afin de garantir une gravure de haute qualit\u00e9.<\/p>\n<p>Les <strong>bois durs<\/strong> sont g\u00e9n\u00e9ralement pr\u00e9f\u00e9r\u00e9s pour des gravures d\u00e9taill\u00e9es gr\u00e2ce \u00e0 leur densit\u00e9 et \u00e0 leur grain fin. Le bois d\u2019<strong>\u00e9rable<\/strong>, avec ses tons clairs et son grain uniforme, est particuli\u00e8rement appr\u00e9ci\u00e9 en raison de sa capacit\u00e9 \u00e0 montrer des d\u00e9tails fins et des contrastes nets dans les gravures. Le bois de <strong>cerisier<\/strong>, avec sa couleur rouge\u00e2tre et une composition fine, est id\u00e9al pour les gravures qui demandent un bon contraste, tandis que le <strong>ch\u00eane<\/strong>, gr\u00e2ce \u00e0 sa duret\u00e9, offre des gravures fonc\u00e9es et d\u00e9tailles, mais demande une majeure puissance du laser.<\/p>\n<p>Les <strong>bois tendres<\/strong> sont plus faciles \u00e0 travailler et demandent moins de puissance pour la gravure, mais peuvent s\u2019av\u00e9rer moins durables dans le temps. Le bois de <strong>tilleul<\/strong> capture bien les d\u00e9tails fins gr\u00e2ce \u00e0 sa tendresse, qui le rend particuli\u00e8rement adapt\u00e9 pour les gravures d\u00e9taill\u00e9es, tandis que le bois de <strong>pin<\/strong>, facile \u00e0 graver, peut pr\u00e9senter des d\u00e9fauts \u00e0 cause de la r\u00e9sine et du grain irr\u00e9gulier, avec, pour r\u00e9sultat, des gravures moins nettes. Le <strong>bouleau<\/strong>, clair et lisse, offre un bon compromis entre r\u00e9sultats satisfaisants et co\u00fbt contenu.<\/p>\n","protected":false},"excerpt":{"rendered":"<p>\u00c0 l\u2019occasion du Jubil\u00e9 2025, faites cadeau ou offrez-vous une des magnifiques cartes en relief de Rome ou du Vatican. En bois naturel, travaill\u00e9es au laser, elles sont officiellement approuv\u00e9es par le Vatican. Le Jubil\u00e9 a d\u00e9but\u00e9. Le 24 d\u00e9cembre 2024, avec le rite solennel&hellip;<\/p>\n","protected":false},"author":1,"featured_media":10450,"comment_status":"closed","ping_status":"open","sticky":false,"template":"","format":"standard","meta":{"_acf_changed":false,"footnotes":""},"categories":[13],"tags":[],"class_list":["post-10449","post","type-post","status-publish","format-standard","has-post-thumbnail","hentry","category-jubile-2025"],"acf":[],"yoast_head":"<!-- This site is optimized with the Yoast SEO plugin v26.6 - https:\/\/yoast.com\/wordpress\/plugins\/seo\/ -->\n<title>Cartes en relief en bois de la ville de Rome et du Vatican : un souvenir du Jubil\u00e9 2025 - Holyart.fr Blog<\/title>\n<meta name=\"description\" content=\"Les cartes en relief pour le Jubil\u00e9 offrent un souvenir ind\u00e9l\u00e9bile de l\u2019Ann\u00e9e Sainte. Produites en bois naturel grav\u00e9 au laser et approuv\u00e9es par le Vatican.\" \/>\n<meta name=\"robots\" content=\"index, follow, max-snippet:-1, max-image-preview:large, max-video-preview:-1\" \/>\n<link rel=\"canonical\" href=\"https:\/\/blog.holyart.it\/fr\/jubile-2025\/cartes-en-relief-en-bois-de-la-ville-de-rome-et-du-vatican-un-souvenir-du-jubile-2025\/\" \/>\n<meta property=\"og:locale\" content=\"fr_FR\" \/>\n<meta property=\"og:type\" content=\"article\" \/>\n<meta property=\"og:title\" content=\"Cartes en relief en bois de la ville de Rome et du Vatican : un souvenir du Jubil\u00e9 2025 - Holyart.fr Blog\" \/>\n<meta property=\"og:description\" content=\"Les cartes en relief pour le Jubil\u00e9 offrent un souvenir ind\u00e9l\u00e9bile de l\u2019Ann\u00e9e Sainte. Produites en bois naturel grav\u00e9 au laser et approuv\u00e9es par le Vatican.\" \/>\n<meta property=\"og:url\" content=\"https:\/\/blog.holyart.it\/fr\/jubile-2025\/cartes-en-relief-en-bois-de-la-ville-de-rome-et-du-vatican-un-souvenir-du-jubile-2025\/\" \/>\n<meta property=\"og:site_name\" content=\"Holyart.fr Blog\" \/>\n<meta property=\"article:published_time\" content=\"2025-06-16T08:00:10+00:00\" \/>\n<meta property=\"article:modified_time\" content=\"2025-08-22T09:52:26+00:00\" \/>\n<meta property=\"og:image\" content=\"https:\/\/blog.holyart.it\/fr\/wp-content\/uploads\/sites\/14\/2025\/05\/Cartes-en-relief-en-bois-de-la-ville-de-Rome-et-du-Vatican.jpg\" \/>\n\t<meta property=\"og:image:width\" content=\"1000\" \/>\n\t<meta property=\"og:image:height\" content=\"666\" \/>\n\t<meta property=\"og:image:type\" content=\"image\/jpeg\" \/>\n<meta name=\"author\" content=\"Redazione\" \/>\n<meta name=\"twitter:card\" content=\"summary_large_image\" \/>\n<meta name=\"twitter:label1\" content=\"\u00c9crit par\" \/>\n\t<meta name=\"twitter:data1\" content=\"Redazione\" \/>\n\t<meta name=\"twitter:label2\" content=\"Dur\u00e9e de lecture estim\u00e9e\" \/>\n\t<meta name=\"twitter:data2\" content=\"7 minutes\" \/>\n<script type=\"application\/ld+json\" class=\"yoast-schema-graph\">{\"@context\":\"https:\/\/schema.org\",\"@graph\":[{\"@type\":\"Article\",\"@id\":\"https:\/\/blog.holyart.it\/fr\/jubile-2025\/cartes-en-relief-en-bois-de-la-ville-de-rome-et-du-vatican-un-souvenir-du-jubile-2025\/#article\",\"isPartOf\":{\"@id\":\"https:\/\/blog.holyart.it\/fr\/jubile-2025\/cartes-en-relief-en-bois-de-la-ville-de-rome-et-du-vatican-un-souvenir-du-jubile-2025\/\"},\"author\":{\"name\":\"Redazione\",\"@id\":\"https:\/\/blog.holyart.it\/fr\/#\/schema\/person\/0a7b686e5af0f856ec1e390dd0baecda\"},\"headline\":\"Cartes en relief en bois de la ville de Rome et du Vatican : un souvenir du Jubil\u00e9 2025\",\"datePublished\":\"2025-06-16T08:00:10+00:00\",\"dateModified\":\"2025-08-22T09:52:26+00:00\",\"mainEntityOfPage\":{\"@id\":\"https:\/\/blog.holyart.it\/fr\/jubile-2025\/cartes-en-relief-en-bois-de-la-ville-de-rome-et-du-vatican-un-souvenir-du-jubile-2025\/\"},\"wordCount\":1248,\"publisher\":{\"@id\":\"https:\/\/blog.holyart.it\/fr\/#organization\"},\"image\":{\"@id\":\"https:\/\/blog.holyart.it\/fr\/jubile-2025\/cartes-en-relief-en-bois-de-la-ville-de-rome-et-du-vatican-un-souvenir-du-jubile-2025\/#primaryimage\"},\"thumbnailUrl\":\"https:\/\/blog.holyart.it\/fr\/wp-content\/uploads\/sites\/14\/2025\/05\/Cartes-en-relief-en-bois-de-la-ville-de-Rome-et-du-Vatican.jpg\",\"articleSection\":[\"Jubil\u00e9 2025\"],\"inLanguage\":\"fr-FR\"},{\"@type\":\"WebPage\",\"@id\":\"https:\/\/blog.holyart.it\/fr\/jubile-2025\/cartes-en-relief-en-bois-de-la-ville-de-rome-et-du-vatican-un-souvenir-du-jubile-2025\/\",\"url\":\"https:\/\/blog.holyart.it\/fr\/jubile-2025\/cartes-en-relief-en-bois-de-la-ville-de-rome-et-du-vatican-un-souvenir-du-jubile-2025\/\",\"name\":\"Cartes en relief en bois de la ville de Rome et du Vatican : un souvenir du Jubil\u00e9 2025 - Holyart.fr Blog\",\"isPartOf\":{\"@id\":\"https:\/\/blog.holyart.it\/fr\/#website\"},\"primaryImageOfPage\":{\"@id\":\"https:\/\/blog.holyart.it\/fr\/jubile-2025\/cartes-en-relief-en-bois-de-la-ville-de-rome-et-du-vatican-un-souvenir-du-jubile-2025\/#primaryimage\"},\"image\":{\"@id\":\"https:\/\/blog.holyart.it\/fr\/jubile-2025\/cartes-en-relief-en-bois-de-la-ville-de-rome-et-du-vatican-un-souvenir-du-jubile-2025\/#primaryimage\"},\"thumbnailUrl\":\"https:\/\/blog.holyart.it\/fr\/wp-content\/uploads\/sites\/14\/2025\/05\/Cartes-en-relief-en-bois-de-la-ville-de-Rome-et-du-Vatican.jpg\",\"datePublished\":\"2025-06-16T08:00:10+00:00\",\"dateModified\":\"2025-08-22T09:52:26+00:00\",\"description\":\"Les cartes en relief pour le Jubil\u00e9 offrent un souvenir ind\u00e9l\u00e9bile de l\u2019Ann\u00e9e Sainte. Produites en bois naturel grav\u00e9 au laser et approuv\u00e9es par le Vatican.\",\"breadcrumb\":{\"@id\":\"https:\/\/blog.holyart.it\/fr\/jubile-2025\/cartes-en-relief-en-bois-de-la-ville-de-rome-et-du-vatican-un-souvenir-du-jubile-2025\/#breadcrumb\"},\"inLanguage\":\"fr-FR\",\"potentialAction\":[{\"@type\":\"ReadAction\",\"target\":[\"https:\/\/blog.holyart.it\/fr\/jubile-2025\/cartes-en-relief-en-bois-de-la-ville-de-rome-et-du-vatican-un-souvenir-du-jubile-2025\/\"]}]},{\"@type\":\"ImageObject\",\"inLanguage\":\"fr-FR\",\"@id\":\"https:\/\/blog.holyart.it\/fr\/jubile-2025\/cartes-en-relief-en-bois-de-la-ville-de-rome-et-du-vatican-un-souvenir-du-jubile-2025\/#primaryimage\",\"url\":\"https:\/\/blog.holyart.it\/fr\/wp-content\/uploads\/sites\/14\/2025\/05\/Cartes-en-relief-en-bois-de-la-ville-de-Rome-et-du-Vatican.jpg\",\"contentUrl\":\"https:\/\/blog.holyart.it\/fr\/wp-content\/uploads\/sites\/14\/2025\/05\/Cartes-en-relief-en-bois-de-la-ville-de-Rome-et-du-Vatican.jpg\",\"width\":1000,\"height\":666,\"caption\":\"Cartes en relief en bois de la ville de Rome et du Vatican\"},{\"@type\":\"BreadcrumbList\",\"@id\":\"https:\/\/blog.holyart.it\/fr\/jubile-2025\/cartes-en-relief-en-bois-de-la-ville-de-rome-et-du-vatican-un-souvenir-du-jubile-2025\/#breadcrumb\",\"itemListElement\":[{\"@type\":\"ListItem\",\"position\":1,\"name\":\"Homepage\",\"item\":\"https:\/\/blog.holyart.it\/fr\/\"},{\"@type\":\"ListItem\",\"position\":2,\"name\":\"Jubil\u00e9 2025\",\"item\":\"https:\/\/blog.holyart.it\/fr\/jubile-2025\/\"},{\"@type\":\"ListItem\",\"position\":3,\"name\":\"Cartes en relief en bois de la ville de Rome et du Vatican : un souvenir du Jubil\u00e9 2025\"}]},{\"@type\":\"WebSite\",\"@id\":\"https:\/\/blog.holyart.it\/fr\/#website\",\"url\":\"https:\/\/blog.holyart.it\/fr\/\",\"name\":\"Holyart.fr Blog\",\"description\":\"Holyblog\",\"publisher\":{\"@id\":\"https:\/\/blog.holyart.it\/fr\/#organization\"},\"potentialAction\":[{\"@type\":\"SearchAction\",\"target\":{\"@type\":\"EntryPoint\",\"urlTemplate\":\"https:\/\/blog.holyart.it\/fr\/?s={search_term_string}\"},\"query-input\":{\"@type\":\"PropertyValueSpecification\",\"valueRequired\":true,\"valueName\":\"search_term_string\"}}],\"inLanguage\":\"fr-FR\"},{\"@type\":\"Organization\",\"@id\":\"https:\/\/blog.holyart.it\/fr\/#organization\",\"name\":\"Holyart.fr Blog\",\"url\":\"https:\/\/blog.holyart.it\/fr\/\",\"logo\":{\"@type\":\"ImageObject\",\"inLanguage\":\"fr-FR\",\"@id\":\"https:\/\/blog.holyart.it\/fr\/#\/schema\/logo\/image\/\",\"url\":\"https:\/\/blog.holyart.it\/fr\/wp-content\/uploads\/sites\/14\/2022\/12\/Holyart_Blog_Logo.jpg\",\"contentUrl\":\"https:\/\/blog.holyart.it\/fr\/wp-content\/uploads\/sites\/14\/2022\/12\/Holyart_Blog_Logo.jpg\",\"width\":300,\"height\":50,\"caption\":\"Holyart.fr Blog\"},\"image\":{\"@id\":\"https:\/\/blog.holyart.it\/fr\/#\/schema\/logo\/image\/\"}},{\"@type\":\"Person\",\"@id\":\"https:\/\/blog.holyart.it\/fr\/#\/schema\/person\/0a7b686e5af0f856ec1e390dd0baecda\",\"name\":\"Redazione\",\"image\":{\"@type\":\"ImageObject\",\"inLanguage\":\"fr-FR\",\"@id\":\"https:\/\/blog.holyart.it\/fr\/#\/schema\/person\/image\/\",\"url\":\"https:\/\/secure.gravatar.com\/avatar\/f477da817f43e50d0af36abecd33e3edf826c68299714bdc1057dff3b113f516?s=96&d=mm&r=g\",\"contentUrl\":\"https:\/\/secure.gravatar.com\/avatar\/f477da817f43e50d0af36abecd33e3edf826c68299714bdc1057dff3b113f516?s=96&d=mm&r=g\",\"caption\":\"Redazione\"},\"url\":\"https:\/\/blog.holyart.it\/fr\/author\/admin\/\"}]}<\/script>\n<!-- \/ Yoast SEO plugin. -->","yoast_head_json":{"title":"Cartes en relief en bois de la ville de Rome et du Vatican : un souvenir du Jubil\u00e9 2025 - Holyart.fr Blog","description":"Les cartes en relief pour le Jubil\u00e9 offrent un souvenir ind\u00e9l\u00e9bile de l\u2019Ann\u00e9e Sainte. Produites en bois naturel grav\u00e9 au laser et approuv\u00e9es par le Vatican.","robots":{"index":"index","follow":"follow","max-snippet":"max-snippet:-1","max-image-preview":"max-image-preview:large","max-video-preview":"max-video-preview:-1"},"canonical":"https:\/\/blog.holyart.it\/fr\/jubile-2025\/cartes-en-relief-en-bois-de-la-ville-de-rome-et-du-vatican-un-souvenir-du-jubile-2025\/","og_locale":"fr_FR","og_type":"article","og_title":"Cartes en relief en bois de la ville de Rome et du Vatican : un souvenir du Jubil\u00e9 2025 - Holyart.fr Blog","og_description":"Les cartes en relief pour le Jubil\u00e9 offrent un souvenir ind\u00e9l\u00e9bile de l\u2019Ann\u00e9e Sainte. Produites en bois naturel grav\u00e9 au laser et approuv\u00e9es par le Vatican.","og_url":"https:\/\/blog.holyart.it\/fr\/jubile-2025\/cartes-en-relief-en-bois-de-la-ville-de-rome-et-du-vatican-un-souvenir-du-jubile-2025\/","og_site_name":"Holyart.fr Blog","article_published_time":"2025-06-16T08:00:10+00:00","article_modified_time":"2025-08-22T09:52:26+00:00","og_image":[{"width":1000,"height":666,"url":"https:\/\/blog.holyart.it\/fr\/wp-content\/uploads\/sites\/14\/2025\/05\/Cartes-en-relief-en-bois-de-la-ville-de-Rome-et-du-Vatican.jpg","type":"image\/jpeg"}],"author":"Redazione","twitter_card":"summary_large_image","twitter_misc":{"\u00c9crit par":"Redazione","Dur\u00e9e de lecture estim\u00e9e":"7 minutes"},"schema":{"@context":"https:\/\/schema.org","@graph":[{"@type":"Article","@id":"https:\/\/blog.holyart.it\/fr\/jubile-2025\/cartes-en-relief-en-bois-de-la-ville-de-rome-et-du-vatican-un-souvenir-du-jubile-2025\/#article","isPartOf":{"@id":"https:\/\/blog.holyart.it\/fr\/jubile-2025\/cartes-en-relief-en-bois-de-la-ville-de-rome-et-du-vatican-un-souvenir-du-jubile-2025\/"},"author":{"name":"Redazione","@id":"https:\/\/blog.holyart.it\/fr\/#\/schema\/person\/0a7b686e5af0f856ec1e390dd0baecda"},"headline":"Cartes en relief en bois de la ville de Rome et du Vatican : un souvenir du Jubil\u00e9 2025","datePublished":"2025-06-16T08:00:10+00:00","dateModified":"2025-08-22T09:52:26+00:00","mainEntityOfPage":{"@id":"https:\/\/blog.holyart.it\/fr\/jubile-2025\/cartes-en-relief-en-bois-de-la-ville-de-rome-et-du-vatican-un-souvenir-du-jubile-2025\/"},"wordCount":1248,"publisher":{"@id":"https:\/\/blog.holyart.it\/fr\/#organization"},"image":{"@id":"https:\/\/blog.holyart.it\/fr\/jubile-2025\/cartes-en-relief-en-bois-de-la-ville-de-rome-et-du-vatican-un-souvenir-du-jubile-2025\/#primaryimage"},"thumbnailUrl":"https:\/\/blog.holyart.it\/fr\/wp-content\/uploads\/sites\/14\/2025\/05\/Cartes-en-relief-en-bois-de-la-ville-de-Rome-et-du-Vatican.jpg","articleSection":["Jubil\u00e9 2025"],"inLanguage":"fr-FR"},{"@type":"WebPage","@id":"https:\/\/blog.holyart.it\/fr\/jubile-2025\/cartes-en-relief-en-bois-de-la-ville-de-rome-et-du-vatican-un-souvenir-du-jubile-2025\/","url":"https:\/\/blog.holyart.it\/fr\/jubile-2025\/cartes-en-relief-en-bois-de-la-ville-de-rome-et-du-vatican-un-souvenir-du-jubile-2025\/","name":"Cartes en relief en bois de la ville de Rome et du Vatican : un souvenir du Jubil\u00e9 2025 - Holyart.fr Blog","isPartOf":{"@id":"https:\/\/blog.holyart.it\/fr\/#website"},"primaryImageOfPage":{"@id":"https:\/\/blog.holyart.it\/fr\/jubile-2025\/cartes-en-relief-en-bois-de-la-ville-de-rome-et-du-vatican-un-souvenir-du-jubile-2025\/#primaryimage"},"image":{"@id":"https:\/\/blog.holyart.it\/fr\/jubile-2025\/cartes-en-relief-en-bois-de-la-ville-de-rome-et-du-vatican-un-souvenir-du-jubile-2025\/#primaryimage"},"thumbnailUrl":"https:\/\/blog.holyart.it\/fr\/wp-content\/uploads\/sites\/14\/2025\/05\/Cartes-en-relief-en-bois-de-la-ville-de-Rome-et-du-Vatican.jpg","datePublished":"2025-06-16T08:00:10+00:00","dateModified":"2025-08-22T09:52:26+00:00","description":"Les cartes en relief pour le Jubil\u00e9 offrent un souvenir ind\u00e9l\u00e9bile de l\u2019Ann\u00e9e Sainte. Produites en bois naturel grav\u00e9 au laser et approuv\u00e9es par le Vatican.","breadcrumb":{"@id":"https:\/\/blog.holyart.it\/fr\/jubile-2025\/cartes-en-relief-en-bois-de-la-ville-de-rome-et-du-vatican-un-souvenir-du-jubile-2025\/#breadcrumb"},"inLanguage":"fr-FR","potentialAction":[{"@type":"ReadAction","target":["https:\/\/blog.holyart.it\/fr\/jubile-2025\/cartes-en-relief-en-bois-de-la-ville-de-rome-et-du-vatican-un-souvenir-du-jubile-2025\/"]}]},{"@type":"ImageObject","inLanguage":"fr-FR","@id":"https:\/\/blog.holyart.it\/fr\/jubile-2025\/cartes-en-relief-en-bois-de-la-ville-de-rome-et-du-vatican-un-souvenir-du-jubile-2025\/#primaryimage","url":"https:\/\/blog.holyart.it\/fr\/wp-content\/uploads\/sites\/14\/2025\/05\/Cartes-en-relief-en-bois-de-la-ville-de-Rome-et-du-Vatican.jpg","contentUrl":"https:\/\/blog.holyart.it\/fr\/wp-content\/uploads\/sites\/14\/2025\/05\/Cartes-en-relief-en-bois-de-la-ville-de-Rome-et-du-Vatican.jpg","width":1000,"height":666,"caption":"Cartes en relief en bois de la ville de Rome et du Vatican"},{"@type":"BreadcrumbList","@id":"https:\/\/blog.holyart.it\/fr\/jubile-2025\/cartes-en-relief-en-bois-de-la-ville-de-rome-et-du-vatican-un-souvenir-du-jubile-2025\/#breadcrumb","itemListElement":[{"@type":"ListItem","position":1,"name":"Homepage","item":"https:\/\/blog.holyart.it\/fr\/"},{"@type":"ListItem","position":2,"name":"Jubil\u00e9 2025","item":"https:\/\/blog.holyart.it\/fr\/jubile-2025\/"},{"@type":"ListItem","position":3,"name":"Cartes en relief en bois de la ville de Rome et du Vatican : un souvenir du Jubil\u00e9 2025"}]},{"@type":"WebSite","@id":"https:\/\/blog.holyart.it\/fr\/#website","url":"https:\/\/blog.holyart.it\/fr\/","name":"Holyart.fr Blog","description":"Holyblog","publisher":{"@id":"https:\/\/blog.holyart.it\/fr\/#organization"},"potentialAction":[{"@type":"SearchAction","target":{"@type":"EntryPoint","urlTemplate":"https:\/\/blog.holyart.it\/fr\/?s={search_term_string}"},"query-input":{"@type":"PropertyValueSpecification","valueRequired":true,"valueName":"search_term_string"}}],"inLanguage":"fr-FR"},{"@type":"Organization","@id":"https:\/\/blog.holyart.it\/fr\/#organization","name":"Holyart.fr Blog","url":"https:\/\/blog.holyart.it\/fr\/","logo":{"@type":"ImageObject","inLanguage":"fr-FR","@id":"https:\/\/blog.holyart.it\/fr\/#\/schema\/logo\/image\/","url":"https:\/\/blog.holyart.it\/fr\/wp-content\/uploads\/sites\/14\/2022\/12\/Holyart_Blog_Logo.jpg","contentUrl":"https:\/\/blog.holyart.it\/fr\/wp-content\/uploads\/sites\/14\/2022\/12\/Holyart_Blog_Logo.jpg","width":300,"height":50,"caption":"Holyart.fr Blog"},"image":{"@id":"https:\/\/blog.holyart.it\/fr\/#\/schema\/logo\/image\/"}},{"@type":"Person","@id":"https:\/\/blog.holyart.it\/fr\/#\/schema\/person\/0a7b686e5af0f856ec1e390dd0baecda","name":"Redazione","image":{"@type":"ImageObject","inLanguage":"fr-FR","@id":"https:\/\/blog.holyart.it\/fr\/#\/schema\/person\/image\/","url":"https:\/\/secure.gravatar.com\/avatar\/f477da817f43e50d0af36abecd33e3edf826c68299714bdc1057dff3b113f516?s=96&d=mm&r=g","contentUrl":"https:\/\/secure.gravatar.com\/avatar\/f477da817f43e50d0af36abecd33e3edf826c68299714bdc1057dff3b113f516?s=96&d=mm&r=g","caption":"Redazione"},"url":"https:\/\/blog.holyart.it\/fr\/author\/admin\/"}]}},"_links":{"self":[{"href":"https:\/\/blog.holyart.it\/fr\/wp-json\/wp\/v2\/posts\/10449","targetHints":{"allow":["GET"]}}],"collection":[{"href":"https:\/\/blog.holyart.it\/fr\/wp-json\/wp\/v2\/posts"}],"about":[{"href":"https:\/\/blog.holyart.it\/fr\/wp-json\/wp\/v2\/types\/post"}],"author":[{"embeddable":true,"href":"https:\/\/blog.holyart.it\/fr\/wp-json\/wp\/v2\/users\/1"}],"replies":[{"embeddable":true,"href":"https:\/\/blog.holyart.it\/fr\/wp-json\/wp\/v2\/comments?post=10449"}],"version-history":[{"count":8,"href":"https:\/\/blog.holyart.it\/fr\/wp-json\/wp\/v2\/posts\/10449\/revisions"}],"predecessor-version":[{"id":10875,"href":"https:\/\/blog.holyart.it\/fr\/wp-json\/wp\/v2\/posts\/10449\/revisions\/10875"}],"wp:featuredmedia":[{"embeddable":true,"href":"https:\/\/blog.holyart.it\/fr\/wp-json\/wp\/v2\/media\/10450"}],"wp:attachment":[{"href":"https:\/\/blog.holyart.it\/fr\/wp-json\/wp\/v2\/media?parent=10449"}],"wp:term":[{"taxonomy":"category","embeddable":true,"href":"https:\/\/blog.holyart.it\/fr\/wp-json\/wp\/v2\/categories?post=10449"},{"taxonomy":"post_tag","embeddable":true,"href":"https:\/\/blog.holyart.it\/fr\/wp-json\/wp\/v2\/tags?post=10449"}],"curies":[{"name":"wp","href":"https:\/\/api.w.org\/{rel}","templated":true}]}}