{"id":10430,"date":"2025-06-11T10:00:12","date_gmt":"2025-06-11T08:00:12","guid":{"rendered":"https:\/\/blog.holyart.it\/fr\/?p=10430"},"modified":"2025-05-20T17:04:57","modified_gmt":"2025-05-20T15:04:57","slug":"saint-andre-apotre-lhistoire-du-saint-et-son-lien-avec-la-ville-damalfi","status":"publish","type":"post","link":"https:\/\/blog.holyart.it\/fr\/articles-religieux\/saint-andre-apotre-lhistoire-du-saint-et-son-lien-avec-la-ville-damalfi\/","title":{"rendered":"Saint Andr\u00e9 ap\u00f4tre : l\u2019histoire du saint et son lien avec la ville d\u2019Amalfi"},"content":{"rendered":"<h4>Saint Andr\u00e9 fut un des ap\u00f4tres de J\u00e9sus. Fr\u00e8re de Pierre, il amena la Parole de Dieu dans des terres lointaines et mourut en martyr \u00e0 Patras. Aujourd\u2019hui, il est v\u00e9n\u00e9r\u00e9 et aim\u00e9 dans le monde entier.<\/h4>\n\n<p>Le <strong>30 novembre<\/strong>, dans de nombreuses parties du monde, on c\u00e9l\u00e8bre <strong>Saint Andr\u00e9<\/strong>, <a href=\"https:\/\/www.holyart.fr\/blog\/saints-et-bienheureux\/a-decouvrir-qui-etaient-les-12-apotres-et-la-difference-entre-apotres-et-disciples\/\"><strong><u>un des douze ap\u00f4tres de J\u00e9sus Christ<\/u><\/strong><\/a>. Andr\u00e9, connu \u00e9galement comme <strong>Protoclet<\/strong> ou <strong>Premier appel\u00e9<\/strong> selon la tradition orthodoxe, \u00e9tait n\u00e9 \u00e0 Bethsa\u00efde, en Galil\u00e9e, et \u00e9tait le <strong>fr\u00e8re de Pierre<\/strong>. Sa vie et son \u0153uvre ont fait l\u2019objet de v\u00e9n\u00e9ration de la part de l\u2019\u00c9glise catholique et de l\u2019\u00c9glise orthodoxe et est consid\u00e9r\u00e9 comme un saint <strong>myroblyte<\/strong>, i.e. un des saints dont le corps \u00e9mane des fragrances agr\u00e9ables, comme <a href=\"https:\/\/www.holyart.fr\/blog\/articles-religieux\/les-parfums-de-padre-pio-entre-foi-et-suggestion\/\"><strong><u>Padre Pio de Pietrelcina<\/u><\/strong><\/a>.<\/p>\n<div class=\"link-article\">\n<p><img loading=\"lazy\" decoding=\"async\" class=\"alignnone size-full wp-image-10433\" src=\"https:\/\/blog.holyart.it\/fr\/wp-content\/uploads\/sites\/14\/2025\/05\/12-apotres.jpeg\" alt=\" 12 ap\u00f4tres\" width=\"150\" height=\"99\" data-kale-share-title=\"Saint Andr\u00e9 ap\u00f4tre : l\u2019histoire du saint et son lien avec la ville d\u2019Amalfi\" data-kale-share-url=\"https:\/\/blog.holyart.it\/fr\/?p=10430\" \/><\/p>\n<div class=\"leggi-anche\">Lire aussi :<\/div>\n<p><strong><a href=\"https:\/\/www.holyart.fr\/blog\/saints-et-bienheureux\/a-decouvrir-qui-etaient-les-12-apotres-et-la-difference-entre-apotres-et-disciples\/\">\u00c0 d\u00e9couvrir : qui \u00e9taient les 12 ap\u00f4tres et la diff\u00e9rence entre ap\u00f4tres et disciples<\/a><\/strong><br \/>\nQui \u00e9taient les 12 ap\u00f4tres, compagnons de J\u00e9sus pendant&#8230;<\/p>\n<\/div>\n<p>Andr\u00e9 est associ\u00e9 \u00e0 diff\u00e9rents <strong>miracles et l\u00e9gendes<\/strong>. On raconte qu\u2019il a accompli de nombreux prodiges, parmi lesquels beaucoup de gu\u00e9risons de malades gr\u00e2ce \u00e0 la <strong>manne<\/strong> qui jaillit de sa tombe, et eut un r\u00f4le important dans la <a href=\"https:\/\/www.holyart.fr\/blog\/articles-religieux\/les-miracles-de-jesus-dans-les-quatre-evangiles\/#La_multiplication_des_pains_et_des_poissons\"><strong><u>multiplication des pains et des poissons<\/u><\/strong><\/a>. En effet, ce fut Andr\u00e9 qui conduisit devant J\u00e9sus le jeune gar\u00e7on qui avait avec lui les cinq pains et les deux poissons qui permirent le miracle.<\/p>\n<p>Par sa d\u00e9votion \u00e0 J\u00e9sus et sa contribution dans la diffusion du christianisme, Saint Andr\u00e9 est devenu un mod\u00e8le de foi et d\u2019engagement pour les fid\u00e8les de toutes les \u00e9poques et sa figure continue d\u2019\u00eatre v\u00e9n\u00e9r\u00e9e dans l\u2019\u00c9glise catholique et orthodoxe comme un exemple de fid\u00e9lit\u00e9 \u00e0 J\u00e9sus et de service au Royaume de Dieu.<\/p>\n<div class=\"link-article\">\n<p><img loading=\"lazy\" decoding=\"async\" class=\"alignnone size-full wp-image-10436\" src=\"https:\/\/blog.holyart.it\/fr\/wp-content\/uploads\/sites\/14\/2025\/05\/Les-miracles-de-Jesus-dans-les-quatre-Evangiles.jpeg\" alt=\"Les miracles de J\u00e9sus dans les quatre \u00c9vangiles\" width=\"150\" height=\"99\" data-kale-share-title=\"Saint Andr\u00e9 ap\u00f4tre : l\u2019histoire du saint et son lien avec la ville d\u2019Amalfi\" data-kale-share-url=\"https:\/\/blog.holyart.it\/fr\/?p=10430\" \/><\/p>\n<div class=\"leggi-anche\">Lire aussi :<\/div>\n<p><strong><a href=\"https:\/\/www.holyart.fr\/blog\/articles-religieux\/les-miracles-de-jesus-dans-les-quatre-evangiles\/#La_multiplication_des_pains_et_des_poissons\">Les miracles de J\u00e9sus dans les quatre \u00c9vangiles<\/a><\/strong><br \/>\nLes miracles de J\u00e9sus cit\u00e9s dans les \u00c9vangiles Canoniques sont consid\u00e9r\u00e9s comme des faits historiques, m\u00eame s\u2019ils sont racont\u00e9s d\u2019un point de vue&#8230;<\/p>\n<\/div>\n<h2>L\u2019histoire de Saint Andr\u00e9<\/h2>\n<p>N\u00e9 \u00e0 Bethsa\u00efde, en Galil\u00e9e, Andr\u00e9 fut disciple de <a href=\"https:\/\/www.holyart.fr\/articles-religieux\/statues\/statues-en-bois-peint\/statue-bois-st-jean-baptiste-peinte\"><strong>Jean le Baptiste<\/strong><\/a>, avant de suivre J\u00e9sus et ce fut justement le Baptiste qui lui indiqua ce dernier avec les mots\u00a0: \u00ab\u00a0<em>Voici l\u2019Agneau de Dieu<\/em>\u00a0\u00bb. Il \u00e9tait p\u00eacheur, comme son fr\u00e8re Simon Pierre, et, comme lui, il fut appel\u00e9 par J\u00e9sus afin de devenir un <em>p\u00eacheur d\u2019hommes<\/em> ou <em>p\u00eacheur d\u2019\u00e2mes<\/em>. Au contraire, il fut le premier \u00e0 reconna\u00eetre en J\u00e9sus le Messie et le fit conna\u00eetre \u00e0 son fr\u00e8re. Souvent mentionn\u00e9 dans les \u00c9vangiles, peu dans les Actes des Ap\u00f4tres, Andr\u00e9 fut pr\u00e9sent \u00e0 de nombreuses occasions importantes de l\u2019exp\u00e9rience terrestre de J\u00e9sus, comme un des disciples les plus proches de lui.<\/p>\n<div class=\"link-product\">\n<div class=\"blocco-immagine\"><img loading=\"lazy\" decoding=\"async\" class=\"alignnone size-full wp-image-10439\" src=\"https:\/\/blog.holyart.it\/fr\/wp-content\/uploads\/sites\/14\/2025\/05\/Statue-bois-St-Jean-Baptiste-peinte.jpg\" alt=\"Statue bois St Jean Baptiste peinte\" width=\"100\" height=\"100\" data-kale-share-title=\"Saint Andr\u00e9 ap\u00f4tre : l\u2019histoire du saint et son lien avec la ville d\u2019Amalfi\" data-kale-share-url=\"https:\/\/blog.holyart.it\/fr\/?p=10430\" \/><\/div>\n<div class=\"blocco-contenuto\">\n<div class=\"blocco-acquista\">Acheter sur Holyart:<\/div>\n<div class=\"blocco-titolo\"><a href=\"https:\/\/www.holyart.fr\/articles-religieux\/statues\/statues-en-bois-peint\/statue-bois-st-jean-baptiste-peinte\">Statue bois St Jean Baptiste peinte<\/a><\/div>\n<div class=\"blocco-descrizione\">Statue en bois d&rsquo;\u00e9rable de la Val Gardena en Italie, r\u00e9alis\u00e9e et peinte \u00e0 la main par les artisans locaux.<\/div>\n<\/div>\n<\/div>\n<p><strong>Apr\u00e8s la mort du Ma\u00eetre<\/strong>, il se mit en voyage, en se d\u00e9diant \u00e0 la diffusion de l\u2019\u00c9vangile et au guidage des personnes vers le salut. La figure d\u2019Andr\u00e9 est particuli\u00e8rement v\u00e9n\u00e9r\u00e9e <strong>en Gr\u00e8ce et en Russie<\/strong>, o\u00f9 il est consid\u00e9r\u00e9 comme le saint patron national. On dit, en effet, qu\u2019il a accompli diff\u00e9rents voyages et missions en Asie Mineur et dans les r\u00e9gions le long de la Mer Noire, en Asie Mineure et en \u00c9cosse, jusqu\u2019aux r\u00e9gions de la Volga et le Dniepr. Selon une tradition acad\u00e9mique, il aurait pass\u00e9 environ 20 ans dans les terres des Daces-Romains, en vivant dans une caravane proche du village d\u2019Ion Corvin, dans l\u2019actuelle Roumanie. Mais Saint Andr\u00e9 est v\u00e9n\u00e9r\u00e9 et f\u00eat\u00e9 \u00e0 de nombreux autres endroits du monde. En <strong>\u00c9cosse<\/strong>, il est le Saint patron national.<\/p>\n<p>Selon la tradition, Saint Andr\u00e9 est \u00e9galement consid\u00e9r\u00e9 comme le fondateur du <strong>si\u00e8ge \u00e9piscopal de Byzance<\/strong>, ville dont il fut \u00c9v\u00eaque.<\/p>\n<p>Saint Andr\u00e9 <strong>mourut par crucifixion \u00e0 Patras<\/strong>, en Acha\u00efe, Gr\u00e8ce, pendant le r\u00e8gne de N\u00e9ron, probablement en 60 apr. J.C. Par sa propre volont\u00e9, il fut crucifi\u00e9 sur une croix en forme de X, comme choix d\u2019absolue humilit\u00e9, ne voulant pas \u00e9galer Christ m\u00eame dans son martyre. Depuis lors, cette croix particuli\u00e8re est connue comme <a href=\"https:\/\/www.holyart.fr\/articles-religieux\/statues\/statues-en-pierre\/st-andre-72-cm-pierre-bethleem\"><strong>Croix de Saint Andr\u00e9<\/strong><\/a>. Il devint ensuite saint <strong>patron<\/strong> de Patras et, dans cette ville, ses reliques sont encore conserv\u00e9es aujourd\u2019hui.<\/p>\n<div class=\"link-product\">\n<div class=\"blocco-immagine\"><img loading=\"lazy\" decoding=\"async\" class=\"alignnone size-full wp-image-10440\" src=\"https:\/\/blog.holyart.it\/fr\/wp-content\/uploads\/sites\/14\/2025\/05\/St-Andre-72-cm-pierre-Bethleem.jpg\" alt=\"St Andr\u00e9 72 cm pierre Bethl\u00e9em\" width=\"100\" height=\"100\" data-kale-share-title=\"Saint Andr\u00e9 ap\u00f4tre : l\u2019histoire du saint et son lien avec la ville d\u2019Amalfi\" data-kale-share-url=\"https:\/\/blog.holyart.it\/fr\/?p=10430\" \/><\/div>\n<div class=\"blocco-contenuto\">\n<div class=\"blocco-acquista\">Acheter sur Holyart:<\/div>\n<div class=\"blocco-titolo\"><a href=\"https:\/\/www.holyart.fr\/articles-religieux\/statues\/statues-en-pierre\/st-andre-72-cm-pierre-bethleem\">St Andr\u00e9 72 cm pierre Bethl\u00e9em<\/a><\/div>\n<div class=\"blocco-descrizione\">Statue r\u00e9alis\u00e9e \u00e0 la main en poudre de pierre des Pyr\u00e9n\u00e9es par les soeurs du monast\u00e8re de Bethl\u00e9em en France.<\/div>\n<\/div>\n<\/div>\n<h2>Le miracle de la manne<\/h2>\n<p>Parmi les miracles attribu\u00e9s \u00e0 Saint Andr\u00e9, un des plus connus est le <strong>Miracle de la Manne<\/strong>, qui jaillit de ses reliques et de son <strong>s\u00e9pulcre \u00e0 Amalfi<\/strong>. L\u2019\u00e9v\u00e9nement extraordinaire peut rappeler en partie <a href=\"https:\/\/www.holyart.fr\/blog\/saints-et-bienheureux\/le-sang-de-saint-janvier-quand-et-comment-le-miracle-se-produit-il\/\"><strong><u>la liqu\u00e9fation du sang de Saint Janvier<\/u><\/strong><\/a> \u00e0 Naples. Dans la tombe o\u00f9 est conserv\u00e9 le corps de Saint Andr\u00e9, dans la crypte de la Cath\u00e9drale d\u2019Amalfi, surgit une substance huileuse et miraculeuse, qui rappellerait celle envoy\u00e9e par Dieu dans le d\u00e9sert afin de nourrir les Isra\u00e9lites pendant l\u2019Exode. La premi\u00e8re fois que le miracle advint c\u2019\u00e9tait le 29 novembre 1304, un si\u00e8cle apr\u00e8s la translation du corps de Saint Andr\u00e9.<\/p>\n<p>Tandis que dans la crypte \u00e9tait c\u00e9l\u00e9br\u00e9e la messe, un ancien p\u00e8lerin s\u2019approcha du petit portait plac\u00e9 sous l\u2019autel et fit remarquer au c\u00e9l\u00e9brant que quelque chose d\u2019\u00e9trange \u00e9tait en train de se produire. Un liquide myst\u00e9rieux jaillissant de la pierre qui, dans le pass\u00e9, \u00e9tait plac\u00e9e sur l\u2019urne en argent contenant les saintes reliques, fut ainsi d\u00e9couvert. La manne fut distribu\u00e9e aux pr\u00e9sents et un enfant aveugle recouvra la vue quand elle lui fut appliqu\u00e9e sur les yeux. De nombreux autres miracles furent ensuite attribu\u00e9s \u00e0 la manne, tant que l\u2019on raconte que le c\u00e9l\u00e8bre Torquato Tasso gu\u00e9rit d\u2019une grave maladie gr\u00e2ce \u00e0 elle.<\/p>\n<div class=\"link-article\">\n<p><img loading=\"lazy\" decoding=\"async\" class=\"alignnone size-full wp-image-10442\" src=\"https:\/\/blog.holyart.it\/fr\/wp-content\/uploads\/sites\/14\/2025\/05\/Le-sang-de-Saint-Janvier.jpg\" alt=\"Le sang de Saint Janvier\" width=\"150\" height=\"99\" data-kale-share-title=\"Saint Andr\u00e9 ap\u00f4tre : l\u2019histoire du saint et son lien avec la ville d\u2019Amalfi\" data-kale-share-url=\"https:\/\/blog.holyart.it\/fr\/?p=10430\" \/><\/p>\n<div class=\"leggi-anche\">Lire aussi :<\/div>\n<p><strong><a href=\"https:\/\/www.holyart.fr\/blog\/saints-et-bienheureux\/le-sang-de-saint-janvier-quand-et-comment-le-miracle-se-produit-il\/\">Le sang de Saint Janvier : quand et comment le miracle se produit-il ?<\/a><\/strong><br \/>\nTrois fois par ans, le sang de Saint Janvier de B\u00e9n\u00e9vent&#8230;<\/p>\n<\/div>\n<p>La manne est recueillie <strong>sept fois par an<\/strong>, \u00e0 diff\u00e9rentes r\u00e9currences\u00a0: le 28 janvier, le 26 juin, le 1<sup>er<\/sup>, le 21 et le 29 novembre, le 7 et le 24 d\u00e9cembre. Sa pr\u00e9sence est lue comme un signe de joie et de bienveillance de la part de Saint Andr\u00e9, son absence comme un pr\u00e9sage de malheur.<\/p>\n<h2>La f\u00eate de Saint Andr\u00e9 \u00e0 Amalfi<\/h2>\n<p>Bien que la f\u00eate de Saint Andr\u00e9 dans les \u00c9glise d\u2019Orient et d\u2019Occident soit c\u00e9l\u00e9br\u00e9e le 30 novembre, le 27 juin, la ville d\u2019<strong>Amalfi<\/strong> le c\u00e9l\u00e8bre comme son Saint Patron. Dans cette ville pittoresque se trouve la <strong>cath\u00e9drale Sait-Andr\u00e9-Ap\u00f4tre<\/strong>, connue \u00e9galement comme <strong>Cath\u00e9drale d\u2019Amalfi<\/strong>. Cette imposante b\u00e2tisse religieuse est un des principaux lieux de v\u00e9n\u00e9ration d\u00e9di\u00e9s au saint ap\u00f4tre. La cath\u00e9drale est caract\u00e9ris\u00e9e par un magnifique escalier et par un majestueux clocher qui se dresse dans le ciel.<\/p>\n<p>La grande f\u00eate d\u2019\u00e9t\u00e9 de Saint Andr\u00e9 \u00e0 Amalfi m\u00e9lange profonde d\u00e9votion, traditions locales et histoire de la ville, sauv\u00e9e par un miracle accompli par le Saint. Dans le juin de 1544, tandis que la ville \u00e9tait assi\u00e9g\u00e9e par le <strong>pirate sarrasin Kair-Ad-Din<\/strong>, le Saint Ap\u00f4tre d\u00e9cha\u00eena une temp\u00eate qui d\u00e9truit enti\u00e8rement la flotte des maures.<\/p>\n<p>Chaque ann\u00e9e, le 27 juin, la statue en argent de Saint Andr\u00e9 est emmen\u00e9e en <a href=\"https:\/\/www.holyart.fr\/accessoires-pour-la-liturgie\/vetements-liturgiques-et-linges-dautel\/dais-procession\/dais-procession-130x160-cm-ihs-fleurs-et-epis\"><strong>procession<\/strong><\/a> dans les rues de la ville, suivie par les fid\u00e8les qui prient et chantent. C\u00e9l\u00e8bre est la traditionnelle <strong>course sur les marches du complexe de la Cath\u00e9drale<\/strong>\u00a0: les porteurs, habill\u00e9s en rouge, ram\u00e8nent la statue du Saint dans la Cath\u00e9drale en montant l\u2019imposant escalier au pas de course, incit\u00e9s par la foule de fid\u00e8les.<\/p>\n<div class=\"link-product\">\n<div class=\"blocco-immagine\"><img loading=\"lazy\" decoding=\"async\" class=\"alignnone size-full wp-image-10444\" src=\"https:\/\/blog.holyart.it\/fr\/wp-content\/uploads\/sites\/14\/2025\/05\/Dais-procession-130x160-cm-IHS-fleurs-et-epis-.jpg\" alt=\"Dais procession 130x160 cm IHS fleurs et \u00e9pis \" width=\"100\" height=\"100\" data-kale-share-title=\"Saint Andr\u00e9 ap\u00f4tre : l\u2019histoire du saint et son lien avec la ville d\u2019Amalfi\" data-kale-share-url=\"https:\/\/blog.holyart.it\/fr\/?p=10430\" \/><\/div>\n<div class=\"blocco-contenuto\">\n<div class=\"blocco-acquista\">Acheter sur Holyart:<\/div>\n<div class=\"blocco-titolo\"><a href=\"https:\/\/www.holyart.fr\/accessoires-pour-la-liturgie\/vetements-liturgiques-et-linges-dautel\/dais-procession\/dais-procession-130x160-cm-ihs-fleurs-et-epis\">Dais procession 130&#215;160 cm IHS fleurs et \u00e9pis <\/a><\/div>\n<div class=\"blocco-descrizione\">Dais de procession de 130&#215;160 cm avec broderie de IHS, fleurs et \u00e9pis en tissu polyester imperm\u00e9able,&#8230;<\/div>\n<\/div>\n<\/div>\n<p>La f\u00eate de Saint Andr\u00e9 est un moment de grande joie et spiritualit\u00e9 pour les amalfitains, une occasion pour renouveler leur d\u00e9votion au Saint, mais le culte de Saint Andr\u00e9 est enracin\u00e9 \u00e9galement dans d\u2019autres zones d\u2019Italie. \u00c0 <strong>Pescara<\/strong> aussi, le dernier dimanche du mois de juillet, le Saint est f\u00eat\u00e9 avec une messe solennelle dans la paroisse qui lui est d\u00e9di\u00e9e, et de laquelle est pr\u00e9sente la statue qui le repr\u00e9sente. La statue est accompagn\u00e9e en procession jusqu\u2019au port, charg\u00e9e sur un bateau amiral choisi pour l\u2019occasion et conduite en mer le long de la plage jusqu\u2019\u00e0 Montesilvano.<\/p>\n","protected":false},"excerpt":{"rendered":"<p>Saint Andr\u00e9 fut un des ap\u00f4tres de J\u00e9sus. Fr\u00e8re de Pierre, il amena la Parole de Dieu dans des terres lointaines et mourut en martyr \u00e0 Patras. Aujourd\u2019hui, il est v\u00e9n\u00e9r\u00e9 et aim\u00e9 dans le monde entier. Le 30 novembre, dans de nombreuses parties du&hellip;<\/p>\n","protected":false},"author":1,"featured_media":10431,"comment_status":"closed","ping_status":"open","sticky":false,"template":"","format":"standard","meta":{"_acf_changed":false,"footnotes":""},"categories":[8],"tags":[],"class_list":["post-10430","post","type-post","status-publish","format-standard","has-post-thumbnail","hentry","category-articles-religieux"],"acf":[],"yoast_head":"<!-- This site is optimized with the Yoast SEO plugin v26.6 - https:\/\/yoast.com\/wordpress\/plugins\/seo\/ -->\n<title>Saint Andr\u00e9 ap\u00f4tre : l\u2019histoire du saint et son lien avec la ville d\u2019Amalfi - Holyart.fr Blog<\/title>\n<meta name=\"description\" content=\"Saint Andr\u00e9 Ap\u00f4tre est tr\u00e8s aim\u00e9 \u00e0 Amalfi, ville qui lui d\u00e9die chaque ann\u00e9e une grande f\u00eate d\u2019\u00e9t\u00e9, mais aussi en Russie, Roumanie et \u00c9cosse. Voici pourquoi.\" \/>\n<meta name=\"robots\" content=\"index, follow, max-snippet:-1, max-image-preview:large, max-video-preview:-1\" \/>\n<link rel=\"canonical\" href=\"https:\/\/blog.holyart.it\/fr\/articles-religieux\/saint-andre-apotre-lhistoire-du-saint-et-son-lien-avec-la-ville-damalfi\/\" \/>\n<meta property=\"og:locale\" content=\"fr_FR\" \/>\n<meta property=\"og:type\" content=\"article\" \/>\n<meta property=\"og:title\" content=\"Saint Andr\u00e9 ap\u00f4tre : l\u2019histoire du saint et son lien avec la ville d\u2019Amalfi - Holyart.fr Blog\" \/>\n<meta property=\"og:description\" content=\"Saint Andr\u00e9 Ap\u00f4tre est tr\u00e8s aim\u00e9 \u00e0 Amalfi, ville qui lui d\u00e9die chaque ann\u00e9e une grande f\u00eate d\u2019\u00e9t\u00e9, mais aussi en Russie, Roumanie et \u00c9cosse. Voici pourquoi.\" \/>\n<meta property=\"og:url\" content=\"https:\/\/blog.holyart.it\/fr\/articles-religieux\/saint-andre-apotre-lhistoire-du-saint-et-son-lien-avec-la-ville-damalfi\/\" \/>\n<meta property=\"og:site_name\" content=\"Holyart.fr Blog\" \/>\n<meta property=\"article:published_time\" content=\"2025-06-11T08:00:12+00:00\" \/>\n<meta property=\"og:image\" content=\"https:\/\/blog.holyart.it\/fr\/wp-content\/uploads\/sites\/14\/2025\/05\/Saint-Andre-apotre.jpg\" \/>\n\t<meta property=\"og:image:width\" content=\"1000\" \/>\n\t<meta property=\"og:image:height\" content=\"666\" \/>\n\t<meta property=\"og:image:type\" content=\"image\/jpeg\" \/>\n<meta name=\"author\" content=\"Redazione\" \/>\n<meta name=\"twitter:card\" content=\"summary_large_image\" \/>\n<meta name=\"twitter:label1\" content=\"\u00c9crit par\" \/>\n\t<meta name=\"twitter:data1\" content=\"Redazione\" \/>\n\t<meta name=\"twitter:label2\" content=\"Dur\u00e9e de lecture estim\u00e9e\" \/>\n\t<meta name=\"twitter:data2\" content=\"9 minutes\" \/>\n<script type=\"application\/ld+json\" class=\"yoast-schema-graph\">{\"@context\":\"https:\/\/schema.org\",\"@graph\":[{\"@type\":\"Article\",\"@id\":\"https:\/\/blog.holyart.it\/fr\/articles-religieux\/saint-andre-apotre-lhistoire-du-saint-et-son-lien-avec-la-ville-damalfi\/#article\",\"isPartOf\":{\"@id\":\"https:\/\/blog.holyart.it\/fr\/articles-religieux\/saint-andre-apotre-lhistoire-du-saint-et-son-lien-avec-la-ville-damalfi\/\"},\"author\":{\"name\":\"Redazione\",\"@id\":\"https:\/\/blog.holyart.it\/fr\/#\/schema\/person\/0a7b686e5af0f856ec1e390dd0baecda\"},\"headline\":\"Saint Andr\u00e9 ap\u00f4tre : l\u2019histoire du saint et son lien avec la ville d\u2019Amalfi\",\"datePublished\":\"2025-06-11T08:00:12+00:00\",\"mainEntityOfPage\":{\"@id\":\"https:\/\/blog.holyart.it\/fr\/articles-religieux\/saint-andre-apotre-lhistoire-du-saint-et-son-lien-avec-la-ville-damalfi\/\"},\"wordCount\":1551,\"publisher\":{\"@id\":\"https:\/\/blog.holyart.it\/fr\/#organization\"},\"image\":{\"@id\":\"https:\/\/blog.holyart.it\/fr\/articles-religieux\/saint-andre-apotre-lhistoire-du-saint-et-son-lien-avec-la-ville-damalfi\/#primaryimage\"},\"thumbnailUrl\":\"https:\/\/blog.holyart.it\/fr\/wp-content\/uploads\/sites\/14\/2025\/05\/Saint-Andre-apotre.jpg\",\"articleSection\":[\"Religion\"],\"inLanguage\":\"fr-FR\"},{\"@type\":\"WebPage\",\"@id\":\"https:\/\/blog.holyart.it\/fr\/articles-religieux\/saint-andre-apotre-lhistoire-du-saint-et-son-lien-avec-la-ville-damalfi\/\",\"url\":\"https:\/\/blog.holyart.it\/fr\/articles-religieux\/saint-andre-apotre-lhistoire-du-saint-et-son-lien-avec-la-ville-damalfi\/\",\"name\":\"Saint Andr\u00e9 ap\u00f4tre : l\u2019histoire du saint et son lien avec la ville d\u2019Amalfi - Holyart.fr Blog\",\"isPartOf\":{\"@id\":\"https:\/\/blog.holyart.it\/fr\/#website\"},\"primaryImageOfPage\":{\"@id\":\"https:\/\/blog.holyart.it\/fr\/articles-religieux\/saint-andre-apotre-lhistoire-du-saint-et-son-lien-avec-la-ville-damalfi\/#primaryimage\"},\"image\":{\"@id\":\"https:\/\/blog.holyart.it\/fr\/articles-religieux\/saint-andre-apotre-lhistoire-du-saint-et-son-lien-avec-la-ville-damalfi\/#primaryimage\"},\"thumbnailUrl\":\"https:\/\/blog.holyart.it\/fr\/wp-content\/uploads\/sites\/14\/2025\/05\/Saint-Andre-apotre.jpg\",\"datePublished\":\"2025-06-11T08:00:12+00:00\",\"description\":\"Saint Andr\u00e9 Ap\u00f4tre est tr\u00e8s aim\u00e9 \u00e0 Amalfi, ville qui lui d\u00e9die chaque ann\u00e9e une grande f\u00eate d\u2019\u00e9t\u00e9, mais aussi en Russie, Roumanie et \u00c9cosse. Voici pourquoi.\",\"breadcrumb\":{\"@id\":\"https:\/\/blog.holyart.it\/fr\/articles-religieux\/saint-andre-apotre-lhistoire-du-saint-et-son-lien-avec-la-ville-damalfi\/#breadcrumb\"},\"inLanguage\":\"fr-FR\",\"potentialAction\":[{\"@type\":\"ReadAction\",\"target\":[\"https:\/\/blog.holyart.it\/fr\/articles-religieux\/saint-andre-apotre-lhistoire-du-saint-et-son-lien-avec-la-ville-damalfi\/\"]}]},{\"@type\":\"ImageObject\",\"inLanguage\":\"fr-FR\",\"@id\":\"https:\/\/blog.holyart.it\/fr\/articles-religieux\/saint-andre-apotre-lhistoire-du-saint-et-son-lien-avec-la-ville-damalfi\/#primaryimage\",\"url\":\"https:\/\/blog.holyart.it\/fr\/wp-content\/uploads\/sites\/14\/2025\/05\/Saint-Andre-apotre.jpg\",\"contentUrl\":\"https:\/\/blog.holyart.it\/fr\/wp-content\/uploads\/sites\/14\/2025\/05\/Saint-Andre-apotre.jpg\",\"width\":1000,\"height\":666,\"caption\":\"Saint Andr\u00e9 ap\u00f4tre\"},{\"@type\":\"BreadcrumbList\",\"@id\":\"https:\/\/blog.holyart.it\/fr\/articles-religieux\/saint-andre-apotre-lhistoire-du-saint-et-son-lien-avec-la-ville-damalfi\/#breadcrumb\",\"itemListElement\":[{\"@type\":\"ListItem\",\"position\":1,\"name\":\"Homepage\",\"item\":\"https:\/\/blog.holyart.it\/fr\/\"},{\"@type\":\"ListItem\",\"position\":2,\"name\":\"Religion\",\"item\":\"https:\/\/blog.holyart.it\/fr\/articles-religieux\/\"},{\"@type\":\"ListItem\",\"position\":3,\"name\":\"Saint Andr\u00e9 ap\u00f4tre : l\u2019histoire du saint et son lien avec la ville d\u2019Amalfi\"}]},{\"@type\":\"WebSite\",\"@id\":\"https:\/\/blog.holyart.it\/fr\/#website\",\"url\":\"https:\/\/blog.holyart.it\/fr\/\",\"name\":\"Holyart.fr Blog\",\"description\":\"Holyblog\",\"publisher\":{\"@id\":\"https:\/\/blog.holyart.it\/fr\/#organization\"},\"potentialAction\":[{\"@type\":\"SearchAction\",\"target\":{\"@type\":\"EntryPoint\",\"urlTemplate\":\"https:\/\/blog.holyart.it\/fr\/?s={search_term_string}\"},\"query-input\":{\"@type\":\"PropertyValueSpecification\",\"valueRequired\":true,\"valueName\":\"search_term_string\"}}],\"inLanguage\":\"fr-FR\"},{\"@type\":\"Organization\",\"@id\":\"https:\/\/blog.holyart.it\/fr\/#organization\",\"name\":\"Holyart.fr Blog\",\"url\":\"https:\/\/blog.holyart.it\/fr\/\",\"logo\":{\"@type\":\"ImageObject\",\"inLanguage\":\"fr-FR\",\"@id\":\"https:\/\/blog.holyart.it\/fr\/#\/schema\/logo\/image\/\",\"url\":\"https:\/\/blog.holyart.it\/fr\/wp-content\/uploads\/sites\/14\/2022\/12\/Holyart_Blog_Logo.jpg\",\"contentUrl\":\"https:\/\/blog.holyart.it\/fr\/wp-content\/uploads\/sites\/14\/2022\/12\/Holyart_Blog_Logo.jpg\",\"width\":300,\"height\":50,\"caption\":\"Holyart.fr Blog\"},\"image\":{\"@id\":\"https:\/\/blog.holyart.it\/fr\/#\/schema\/logo\/image\/\"}},{\"@type\":\"Person\",\"@id\":\"https:\/\/blog.holyart.it\/fr\/#\/schema\/person\/0a7b686e5af0f856ec1e390dd0baecda\",\"name\":\"Redazione\",\"image\":{\"@type\":\"ImageObject\",\"inLanguage\":\"fr-FR\",\"@id\":\"https:\/\/blog.holyart.it\/fr\/#\/schema\/person\/image\/\",\"url\":\"https:\/\/secure.gravatar.com\/avatar\/f477da817f43e50d0af36abecd33e3edf826c68299714bdc1057dff3b113f516?s=96&d=mm&r=g\",\"contentUrl\":\"https:\/\/secure.gravatar.com\/avatar\/f477da817f43e50d0af36abecd33e3edf826c68299714bdc1057dff3b113f516?s=96&d=mm&r=g\",\"caption\":\"Redazione\"},\"url\":\"https:\/\/blog.holyart.it\/fr\/author\/admin\/\"}]}<\/script>\n<!-- \/ Yoast SEO plugin. -->","yoast_head_json":{"title":"Saint Andr\u00e9 ap\u00f4tre : l\u2019histoire du saint et son lien avec la ville d\u2019Amalfi - Holyart.fr Blog","description":"Saint Andr\u00e9 Ap\u00f4tre est tr\u00e8s aim\u00e9 \u00e0 Amalfi, ville qui lui d\u00e9die chaque ann\u00e9e une grande f\u00eate d\u2019\u00e9t\u00e9, mais aussi en Russie, Roumanie et \u00c9cosse. Voici pourquoi.","robots":{"index":"index","follow":"follow","max-snippet":"max-snippet:-1","max-image-preview":"max-image-preview:large","max-video-preview":"max-video-preview:-1"},"canonical":"https:\/\/blog.holyart.it\/fr\/articles-religieux\/saint-andre-apotre-lhistoire-du-saint-et-son-lien-avec-la-ville-damalfi\/","og_locale":"fr_FR","og_type":"article","og_title":"Saint Andr\u00e9 ap\u00f4tre : l\u2019histoire du saint et son lien avec la ville d\u2019Amalfi - Holyart.fr Blog","og_description":"Saint Andr\u00e9 Ap\u00f4tre est tr\u00e8s aim\u00e9 \u00e0 Amalfi, ville qui lui d\u00e9die chaque ann\u00e9e une grande f\u00eate d\u2019\u00e9t\u00e9, mais aussi en Russie, Roumanie et \u00c9cosse. Voici pourquoi.","og_url":"https:\/\/blog.holyart.it\/fr\/articles-religieux\/saint-andre-apotre-lhistoire-du-saint-et-son-lien-avec-la-ville-damalfi\/","og_site_name":"Holyart.fr Blog","article_published_time":"2025-06-11T08:00:12+00:00","og_image":[{"width":1000,"height":666,"url":"https:\/\/blog.holyart.it\/fr\/wp-content\/uploads\/sites\/14\/2025\/05\/Saint-Andre-apotre.jpg","type":"image\/jpeg"}],"author":"Redazione","twitter_card":"summary_large_image","twitter_misc":{"\u00c9crit par":"Redazione","Dur\u00e9e de lecture estim\u00e9e":"9 minutes"},"schema":{"@context":"https:\/\/schema.org","@graph":[{"@type":"Article","@id":"https:\/\/blog.holyart.it\/fr\/articles-religieux\/saint-andre-apotre-lhistoire-du-saint-et-son-lien-avec-la-ville-damalfi\/#article","isPartOf":{"@id":"https:\/\/blog.holyart.it\/fr\/articles-religieux\/saint-andre-apotre-lhistoire-du-saint-et-son-lien-avec-la-ville-damalfi\/"},"author":{"name":"Redazione","@id":"https:\/\/blog.holyart.it\/fr\/#\/schema\/person\/0a7b686e5af0f856ec1e390dd0baecda"},"headline":"Saint Andr\u00e9 ap\u00f4tre : l\u2019histoire du saint et son lien avec la ville d\u2019Amalfi","datePublished":"2025-06-11T08:00:12+00:00","mainEntityOfPage":{"@id":"https:\/\/blog.holyart.it\/fr\/articles-religieux\/saint-andre-apotre-lhistoire-du-saint-et-son-lien-avec-la-ville-damalfi\/"},"wordCount":1551,"publisher":{"@id":"https:\/\/blog.holyart.it\/fr\/#organization"},"image":{"@id":"https:\/\/blog.holyart.it\/fr\/articles-religieux\/saint-andre-apotre-lhistoire-du-saint-et-son-lien-avec-la-ville-damalfi\/#primaryimage"},"thumbnailUrl":"https:\/\/blog.holyart.it\/fr\/wp-content\/uploads\/sites\/14\/2025\/05\/Saint-Andre-apotre.jpg","articleSection":["Religion"],"inLanguage":"fr-FR"},{"@type":"WebPage","@id":"https:\/\/blog.holyart.it\/fr\/articles-religieux\/saint-andre-apotre-lhistoire-du-saint-et-son-lien-avec-la-ville-damalfi\/","url":"https:\/\/blog.holyart.it\/fr\/articles-religieux\/saint-andre-apotre-lhistoire-du-saint-et-son-lien-avec-la-ville-damalfi\/","name":"Saint Andr\u00e9 ap\u00f4tre : l\u2019histoire du saint et son lien avec la ville d\u2019Amalfi - Holyart.fr Blog","isPartOf":{"@id":"https:\/\/blog.holyart.it\/fr\/#website"},"primaryImageOfPage":{"@id":"https:\/\/blog.holyart.it\/fr\/articles-religieux\/saint-andre-apotre-lhistoire-du-saint-et-son-lien-avec-la-ville-damalfi\/#primaryimage"},"image":{"@id":"https:\/\/blog.holyart.it\/fr\/articles-religieux\/saint-andre-apotre-lhistoire-du-saint-et-son-lien-avec-la-ville-damalfi\/#primaryimage"},"thumbnailUrl":"https:\/\/blog.holyart.it\/fr\/wp-content\/uploads\/sites\/14\/2025\/05\/Saint-Andre-apotre.jpg","datePublished":"2025-06-11T08:00:12+00:00","description":"Saint Andr\u00e9 Ap\u00f4tre est tr\u00e8s aim\u00e9 \u00e0 Amalfi, ville qui lui d\u00e9die chaque ann\u00e9e une grande f\u00eate d\u2019\u00e9t\u00e9, mais aussi en Russie, Roumanie et \u00c9cosse. Voici pourquoi.","breadcrumb":{"@id":"https:\/\/blog.holyart.it\/fr\/articles-religieux\/saint-andre-apotre-lhistoire-du-saint-et-son-lien-avec-la-ville-damalfi\/#breadcrumb"},"inLanguage":"fr-FR","potentialAction":[{"@type":"ReadAction","target":["https:\/\/blog.holyart.it\/fr\/articles-religieux\/saint-andre-apotre-lhistoire-du-saint-et-son-lien-avec-la-ville-damalfi\/"]}]},{"@type":"ImageObject","inLanguage":"fr-FR","@id":"https:\/\/blog.holyart.it\/fr\/articles-religieux\/saint-andre-apotre-lhistoire-du-saint-et-son-lien-avec-la-ville-damalfi\/#primaryimage","url":"https:\/\/blog.holyart.it\/fr\/wp-content\/uploads\/sites\/14\/2025\/05\/Saint-Andre-apotre.jpg","contentUrl":"https:\/\/blog.holyart.it\/fr\/wp-content\/uploads\/sites\/14\/2025\/05\/Saint-Andre-apotre.jpg","width":1000,"height":666,"caption":"Saint Andr\u00e9 ap\u00f4tre"},{"@type":"BreadcrumbList","@id":"https:\/\/blog.holyart.it\/fr\/articles-religieux\/saint-andre-apotre-lhistoire-du-saint-et-son-lien-avec-la-ville-damalfi\/#breadcrumb","itemListElement":[{"@type":"ListItem","position":1,"name":"Homepage","item":"https:\/\/blog.holyart.it\/fr\/"},{"@type":"ListItem","position":2,"name":"Religion","item":"https:\/\/blog.holyart.it\/fr\/articles-religieux\/"},{"@type":"ListItem","position":3,"name":"Saint Andr\u00e9 ap\u00f4tre : l\u2019histoire du saint et son lien avec la ville d\u2019Amalfi"}]},{"@type":"WebSite","@id":"https:\/\/blog.holyart.it\/fr\/#website","url":"https:\/\/blog.holyart.it\/fr\/","name":"Holyart.fr Blog","description":"Holyblog","publisher":{"@id":"https:\/\/blog.holyart.it\/fr\/#organization"},"potentialAction":[{"@type":"SearchAction","target":{"@type":"EntryPoint","urlTemplate":"https:\/\/blog.holyart.it\/fr\/?s={search_term_string}"},"query-input":{"@type":"PropertyValueSpecification","valueRequired":true,"valueName":"search_term_string"}}],"inLanguage":"fr-FR"},{"@type":"Organization","@id":"https:\/\/blog.holyart.it\/fr\/#organization","name":"Holyart.fr Blog","url":"https:\/\/blog.holyart.it\/fr\/","logo":{"@type":"ImageObject","inLanguage":"fr-FR","@id":"https:\/\/blog.holyart.it\/fr\/#\/schema\/logo\/image\/","url":"https:\/\/blog.holyart.it\/fr\/wp-content\/uploads\/sites\/14\/2022\/12\/Holyart_Blog_Logo.jpg","contentUrl":"https:\/\/blog.holyart.it\/fr\/wp-content\/uploads\/sites\/14\/2022\/12\/Holyart_Blog_Logo.jpg","width":300,"height":50,"caption":"Holyart.fr Blog"},"image":{"@id":"https:\/\/blog.holyart.it\/fr\/#\/schema\/logo\/image\/"}},{"@type":"Person","@id":"https:\/\/blog.holyart.it\/fr\/#\/schema\/person\/0a7b686e5af0f856ec1e390dd0baecda","name":"Redazione","image":{"@type":"ImageObject","inLanguage":"fr-FR","@id":"https:\/\/blog.holyart.it\/fr\/#\/schema\/person\/image\/","url":"https:\/\/secure.gravatar.com\/avatar\/f477da817f43e50d0af36abecd33e3edf826c68299714bdc1057dff3b113f516?s=96&d=mm&r=g","contentUrl":"https:\/\/secure.gravatar.com\/avatar\/f477da817f43e50d0af36abecd33e3edf826c68299714bdc1057dff3b113f516?s=96&d=mm&r=g","caption":"Redazione"},"url":"https:\/\/blog.holyart.it\/fr\/author\/admin\/"}]}},"_links":{"self":[{"href":"https:\/\/blog.holyart.it\/fr\/wp-json\/wp\/v2\/posts\/10430","targetHints":{"allow":["GET"]}}],"collection":[{"href":"https:\/\/blog.holyart.it\/fr\/wp-json\/wp\/v2\/posts"}],"about":[{"href":"https:\/\/blog.holyart.it\/fr\/wp-json\/wp\/v2\/types\/post"}],"author":[{"embeddable":true,"href":"https:\/\/blog.holyart.it\/fr\/wp-json\/wp\/v2\/users\/1"}],"replies":[{"embeddable":true,"href":"https:\/\/blog.holyart.it\/fr\/wp-json\/wp\/v2\/comments?post=10430"}],"version-history":[{"count":11,"href":"https:\/\/blog.holyart.it\/fr\/wp-json\/wp\/v2\/posts\/10430\/revisions"}],"predecessor-version":[{"id":10448,"href":"https:\/\/blog.holyart.it\/fr\/wp-json\/wp\/v2\/posts\/10430\/revisions\/10448"}],"wp:featuredmedia":[{"embeddable":true,"href":"https:\/\/blog.holyart.it\/fr\/wp-json\/wp\/v2\/media\/10431"}],"wp:attachment":[{"href":"https:\/\/blog.holyart.it\/fr\/wp-json\/wp\/v2\/media?parent=10430"}],"wp:term":[{"taxonomy":"category","embeddable":true,"href":"https:\/\/blog.holyart.it\/fr\/wp-json\/wp\/v2\/categories?post=10430"},{"taxonomy":"post_tag","embeddable":true,"href":"https:\/\/blog.holyart.it\/fr\/wp-json\/wp\/v2\/tags?post=10430"}],"curies":[{"name":"wp","href":"https:\/\/api.w.org\/{rel}","templated":true}]}}