{"id":10406,"date":"2025-06-09T10:00:39","date_gmt":"2025-06-09T08:00:39","guid":{"rendered":"https:\/\/blog.holyart.it\/fr\/?p=10406"},"modified":"2025-05-30T17:14:23","modified_gmt":"2025-05-30T15:14:23","slug":"la-tradition-populaire-de-la-barque-de-saint-pierre","status":"publish","type":"post","link":"https:\/\/blog.holyart.it\/fr\/saints-et-bienheureux\/la-tradition-populaire-de-la-barque-de-saint-pierre\/","title":{"rendered":"La tradition populaire de la Barque de Saint Pierre"},"content":{"rendered":"<h4>Coutume typique du Nord de l\u2019Italie, la Barque de Saint Pierre unit d\u00e9votion au Saint Ap\u00f4tre et croyances paysannes dans une tradition fascinante, ancienne mais encore tr\u00e8s vive.<\/h4>\n\n<p>Dans les campagnes du Nord de l\u2019Italie, en particulier dans les r\u00e9gions du Frioul-V\u00e9n\u00e9tie Julienne, de la V\u00e9n\u00e9tie, du Trentin, de la Lombardie, de la Ligurie et du Pi\u00e9mont, il existe un usage tr\u00e8s ancien et fascinant li\u00e9 \u00e0 <a href=\"https:\/\/www.holyart.fr\/blog\/saints-et-bienheureux\/saints-pierre-et-paul-pourquoi-sont-ils-fetes-ensemble\/\"><strong><u>la f\u00eate des ap\u00f4tres Pierre et Paul<\/u><\/strong><\/a>, qui a lieu le 29 juin de chaque ann\u00e9e. Il s\u2019agit de la tradition de la <strong>Barque de Saint Pierre<\/strong>. Dans la nuit entre le 28 et le 29 juin, il y a la coutume de placer un contenant en verre transparent rempli d\u2019eau en plein air, g\u00e9n\u00e9ralement sur une pelouse, sous un arbre ou sur un rebord de fen\u00eatre. \u00c0 l\u2019int\u00e9rieur du r\u00e9cipient, on fait couler un blanc d\u2019\u0153uf. Au cours de la nuit, un ph\u00e9nom\u00e8ne surprenant se produit\u00a0: le blanc d\u2019\u0153uf se solidifie et, fa\u00e7onn\u00e9 par l\u2019eau, prend une forme qui rappelle celle des voiles et des gr\u00e9ements d\u2019un voilier. Il s\u2019agit d\u2019un effet temporaire, vou\u00e9 \u00e0 disparaitre au cours de la journ\u00e9e.<\/p>\n<div class=\"link-article\">\n<p><img loading=\"lazy\" decoding=\"async\" class=\"alignnone size-full wp-image-10410\" src=\"https:\/\/blog.holyart.it\/fr\/wp-content\/uploads\/sites\/14\/2025\/05\/Saints-Pierre-et-Paul.jpg\" alt=\"Saints Pierre et Paul\" width=\"150\" height=\"99\" data-kale-share-title=\"La tradition populaire de la Barque de Saint Pierre\" data-kale-share-url=\"https:\/\/blog.holyart.it\/fr\/?p=10406\" \/><\/p>\n<div class=\"leggi-anche\">Lire aussi :<\/div>\n<p><strong><a href=\"https:\/\/www.holyart.fr\/blog\/saints-et-bienheureux\/saints-pierre-et-paul-pourquoi-sont-ils-fetes-ensemble\/\">Saints Pierre et Paul, pourquoi sont-ils f\u00eat\u00e9s ensemble ?<\/a><\/strong><br \/>\nLe 29 juin, on f\u00eate Saints Pierre et Paul. Deux ap\u00f4tres, deux hommes tr\u00e8s diff\u00e9rents, mais tous les deux fondamentaux pour l\u2019histoire de l\u2019\u00c9glise.<\/p>\n<\/div>\n<p>Le lien avec Saint Pierre va de soi\u00a0: il \u00e9tait <strong>p\u00eacheur<\/strong> et est consid\u00e9r\u00e9, dans la culture et dans la d\u00e9votion populaire comme une sorte de <strong>passeur d\u2019\u00e2mes<\/strong>. Selon la l\u00e9gende, en cette nuit qui lui est d\u00e9di\u00e9e, il va souffler \u00e0 l\u2019int\u00e9rieur des r\u00e9cipients, en cr\u00e9ant ces formes fantastiques afin de d\u00e9montrer sa proximit\u00e9 \u00e0 qui lui est d\u00e9vou\u00e9.<br \/>\nCe rituel nait probablement d\u2019anciennes coutumes paysannes, qui utilisaient ce curieux thermom\u00e8tre pour <a href=\"https:\/\/www.holyart.fr\/blog\/articles-religieux\/saints-de-glace-le-phenomene-qui-amene-lhiver-au-printemps\/\"><strong><u>pr\u00e9voir les conditions m\u00e9t\u00e9orologiques<\/u><\/strong><\/a> et, par cons\u00e9quent, l\u2019\u00e9volution des r\u00e9coltes. Et, comme pour de nombreuses autres traditions paysannes, \u00e0 la simple mesure du climat s\u2019est uni, au cours du temps, l\u2019espoir de pouvoir <strong>pr\u00e9voir la bonne chance<\/strong> et <strong>invoquer la protection divine<\/strong> sur sa famille et ses terres.<\/p>\n<div class=\"link-article\">\n<p><img loading=\"lazy\" decoding=\"async\" class=\"alignnone size-full wp-image-10411\" src=\"https:\/\/blog.holyart.it\/fr\/wp-content\/uploads\/sites\/14\/2025\/05\/santi-di-ghiaccio-Copia.jpg\" alt=\"Saints de glace\" width=\"150\" height=\"99\" data-kale-share-title=\"La tradition populaire de la Barque de Saint Pierre\" data-kale-share-url=\"https:\/\/blog.holyart.it\/fr\/?p=10406\" \/><\/p>\n<div class=\"leggi-anche\">Lire aussi :<\/div>\n<p><strong><a href=\"https:\/\/www.holyart.fr\/blog\/articles-religieux\/saints-de-glace-le-phenomene-qui-amene-lhiver-au-printemps\/\">Saints de glace : le ph\u00e9nom\u00e8ne qui am\u00e8ne l\u2019hiver au printemps<\/a><\/strong><br \/>\nQui sont les saints de glace, qui, en plein printemps nous ram\u00e8nent pendant quelques jours au c\u0153ur de l\u2019hiver ? &#8230;<\/p>\n<\/div>\n<p>La Barque de Saint Pierre est une tradition fascinante qui combine des \u00e9l\u00e9ments de la foi religieuse et des connaissances populaires. Sa signification et ses variantes peuvent changer de r\u00e9gion en r\u00e9gion, mais partout cette tradition s\u00e9culaire continue de fasciner et de se lier aux racines culturelles de la communaut\u00e9.<\/p>\n<h2>La l\u00e9gende de la barque de Saint Pierre<\/h2>\n<p>L\u2019<strong>explication scientifique <\/strong>du ph\u00e9nom\u00e8ne de la Barque de Saint Pierre est tr\u00e8s simple : l\u2019\u00e9cart thermique entre le jour et la nuit, qui en \u00e9t\u00e9 est bien plus intense, l\u2019humidit\u00e9 nocturne et la fra\u00eeche bruine du matin provoquent la solidification du blanc d\u2019\u0153uf. La chaleur qui monte de la terre, ensuite, monte et le gonfle, en lui donnant la forme caract\u00e9ristique des voiles blanches d\u2019un navire.<\/p>\n<p>En ce qui concerne la l\u00e9gende li\u00e9e \u00e0 la Barque de Saint Pierre, qui est \u00e9galement appel\u00e9e barque de Saint Pierre et Paul, vu que les deux Ap\u00f4tres sont f\u00eat\u00e9s en m\u00eame temps, commen\u00e7a \u00e0 se r\u00e9pandre dans le Nord de l\u2019Italie d\u00e9j\u00e0 \u00e0 partir du VIIIe si\u00e8cle, gr\u00e2ce aux <strong>moines b\u00e9n\u00e9dictins<\/strong>, promoteurs du culte de Saint Pierre Ap\u00f4tre. Comme pour la f\u00eate de <a href=\"https:\/\/www.holyart.fr\/blog\/saints-et-bienheureux\/24-juin-saint-jean-le-baptiste\/\"><strong><u>Saint Jean le Baptiste, le 24 juin<\/u><\/strong><\/a>, la festivit\u00e9 religieuse se superpose et, pour certains aspects, s\u2019entrem\u00eale avec les traditions paysannes li\u00e9es \u00e0 l\u2019alternance des saisons, \u00e0 l\u2019\u00e9tat des r\u00e9coltes, aux ph\u00e9nom\u00e8nes atmosph\u00e9riques. D\u2019ailleurs, Saint Jean aussi a sa barque\u2026 Ce n\u2019est pas un hasard si autour du 29 juin s\u2019encha\u00eenent souvent de <strong>violents orages<\/strong>. Et ces derniers aussi furent associ\u00e9s par les d\u00e9vots au Saint Ap\u00f4tre, qui eut une vie tumultueuse et un caract\u00e8re indomptable, ou \u00e0 la figure de <strong>sa m\u00e8re<\/strong>, femme mauvaise et, pour cela, condamn\u00e9e \u00e0 l\u2019enfer.<\/p>\n<div class=\"link-article\">\n<p><img loading=\"lazy\" decoding=\"async\" class=\"alignnone size-full wp-image-10412\" src=\"https:\/\/blog.holyart.it\/fr\/wp-content\/uploads\/sites\/14\/2025\/05\/Saint-Jean-le-Baptiste.jpg\" alt=\"Saint Jean le Baptiste\" width=\"150\" height=\"101\" data-kale-share-title=\"La tradition populaire de la Barque de Saint Pierre\" data-kale-share-url=\"https:\/\/blog.holyart.it\/fr\/?p=10406\" \/><\/p>\n<div class=\"leggi-anche\">Lire aussi :<\/div>\n<p><strong><a href=\"https:\/\/www.holyart.fr\/blog\/saints-et-bienheureux\/24-juin-saint-jean-le-baptiste\/\">24 juin : Saint Jean le Baptiste<\/a><\/strong><br \/>\nLe 24 juin nous f\u00eatons la naissance de Saint Jean le Baptiste, un des Saints les plus v\u00e9n\u00e9r\u00e9s au monde, dernier proph\u00e8te de l\u2019Ancien Testament et&#8230;<\/p>\n<\/div>\n<p>En tout cas, il aurait \u00e9t\u00e9 imprudent pour les p\u00eacheurs de sortir au large dans les jours approchant la f\u00eate des Saints Pierres et Paul, m\u00eame sur les lacs et sur les rivi\u00e8res. Selon les l\u00e9gendes, la m\u00e8re de Saint Pierre, en ces jours, sortait de l\u2019enfer et exigeait des victimes sacrificielles pour apaiser sa col\u00e8re. Ailleurs, la m\u00e8re de Saint Pierre \u00e9tait consid\u00e9r\u00e9e comme une <strong>figure bienveillante<\/strong>, favorisant qui montrait amour et d\u00e9votion pour son fils, en lui garantissant des r\u00e9coltes abondantes et en aidant les femmes \u00e0 \u00eatre f\u00e9condes, les animaux sains et fertile.<br \/>\nLa Barque de Saint Pierre, avec ses aspects l\u00e9gendaires et son origine populaire, est encore aujourd\u2019hui une f\u00eate qui unit \u00e9l\u00e9ments de d\u00e9votion chr\u00e9tienne et sagesse paysanne, dans un contexte o\u00f9 les saisons et le climat exercent un r\u00f4le crucial dans la vie des gens et des communaut\u00e9s agricoles.<\/p>\n<h2>Comment r\u00e9alise-t-on la barque de Saint Pierre<\/h2>\n<p>Le soir du 28 juin, il faut remplir une dame-jeanne, une carafe ou un vase en verre transparent avec de l\u2019eau froide. On devra ensuite y verser d\u00e9licatement un blanc d\u2019\u0153uf, en faisant bien attention de ne pas le casser. Le r\u00e9cipient doit \u00eatre ensuite plac\u00e9 en plein air pendant toute la nuit, sur un appui de fen\u00eatre ou, si possible, dans le jardin, en contact direct avec la terre. Il faudra faire attention en le d\u00e9pla\u00e7ant, sans le secouer ou trop le bouger. Le matin suivant, le 29 juin, <a href=\"https:\/\/www.holyart.fr\/articles-religieux\/icones-religieuses\/icones-grecques\/saint-pierre-et-saint-paul\"><strong>jour de Saint Pierre et Paul<\/strong><\/a>, la barque de Saint Pierre sera apparue comme par magie dans notre r\u00e9cipient.<\/p>\n<div class=\"link-product\">\n<div class=\"blocco-immagine\"><img loading=\"lazy\" decoding=\"async\" class=\"alignnone size-full wp-image-10413\" src=\"https:\/\/blog.holyart.it\/fr\/wp-content\/uploads\/sites\/14\/2025\/05\/Saint-Pierre-et-Saint-Paul-.jpg\" alt=\"Saint Pierre et Saint Paul \" width=\"100\" height=\"100\" data-kale-share-title=\"La tradition populaire de la Barque de Saint Pierre\" data-kale-share-url=\"https:\/\/blog.holyart.it\/fr\/?p=10406\" \/><\/div>\n<div class=\"blocco-contenuto\">\n<div class=\"blocco-acquista\">Acheter sur Holyart:<\/div>\n<div class=\"blocco-titolo\"><a href=\"https:\/\/www.holyart.fr\/articles-religieux\/icones-religieuses\/icones-grecques\/saint-pierre-et-saint-paul\">Saint Pierre et Saint Paul <\/a><\/div>\n<div class=\"blocco-descrizione\">Ic\u00f4ne grecque peinte \u00e0 la main sur planche en bois, dor\u00e9e.<\/div>\n<\/div>\n<\/div>\n<h2>Comment on interpr\u00e8te la barque de Saint Pierre<\/h2>\n<p>Une fois que la barque de Saint Pierre s\u2019est form\u00e9e, <strong>si ses voiles s\u2019ouvrent<\/strong>, cela signifie que le bon temps arrivera bient\u00f4t, avec des journ\u00e9es de soleil, bonheur et prosp\u00e9rit\u00e9. Si, par contre, <strong>les voiles se ferment<\/strong>, ce sera la pluie qui s\u2019annonce. <em>\u00ab\u00a0Saint-Pierre et Paul pluvieux, est pour trente jours dangereux<\/em>\u00a0\u00bb r\u00e9cite un vieux dicton paysan. Mais l\u2019ouverture des voiles, dans certaines zones, est \u00e9galement interpr\u00e9t\u00e9e comme l\u2019arriv\u00e9e d\u2019une proposition de mariage ou d\u2019un enfant \u00e0 la maison.<\/p>\n","protected":false},"excerpt":{"rendered":"<p>Coutume typique du Nord de l\u2019Italie, la Barque de Saint Pierre unit d\u00e9votion au Saint Ap\u00f4tre et croyances paysannes dans une tradition fascinante, ancienne mais encore tr\u00e8s vive. Dans les campagnes du Nord de l\u2019Italie, en particulier dans les r\u00e9gions du Frioul-V\u00e9n\u00e9tie Julienne, de la&hellip;<\/p>\n","protected":false},"author":1,"featured_media":10407,"comment_status":"closed","ping_status":"open","sticky":false,"template":"","format":"standard","meta":{"_acf_changed":false,"footnotes":""},"categories":[7],"tags":[],"class_list":["post-10406","post","type-post","status-publish","format-standard","has-post-thumbnail","hentry","category-saints-et-bienheureux"],"acf":[],"yoast_head":"<!-- This site is optimized with the Yoast SEO plugin v26.6 - https:\/\/yoast.com\/wordpress\/plugins\/seo\/ -->\n<title>La tradition populaire de la Barque de Saint Pierre - Holyart.fr Blog<\/title>\n<meta name=\"description\" content=\"La Barque de Saint Pierre est un usage ancien et suggestif, qui puise ses racines entre tradition paysanne et religieuse. Voici comment en r\u00e9aliser une et comme l\u2019interpr\u00e9ter.\" \/>\n<meta name=\"robots\" content=\"index, follow, max-snippet:-1, max-image-preview:large, max-video-preview:-1\" \/>\n<link rel=\"canonical\" href=\"https:\/\/blog.holyart.it\/fr\/saints-et-bienheureux\/la-tradition-populaire-de-la-barque-de-saint-pierre\/\" \/>\n<meta property=\"og:locale\" content=\"fr_FR\" \/>\n<meta property=\"og:type\" content=\"article\" \/>\n<meta property=\"og:title\" content=\"La tradition populaire de la Barque de Saint Pierre - Holyart.fr Blog\" \/>\n<meta property=\"og:description\" content=\"La Barque de Saint Pierre est un usage ancien et suggestif, qui puise ses racines entre tradition paysanne et religieuse. Voici comment en r\u00e9aliser une et comme l\u2019interpr\u00e9ter.\" \/>\n<meta property=\"og:url\" content=\"https:\/\/blog.holyart.it\/fr\/saints-et-bienheureux\/la-tradition-populaire-de-la-barque-de-saint-pierre\/\" \/>\n<meta property=\"og:site_name\" content=\"Holyart.fr Blog\" \/>\n<meta property=\"article:published_time\" content=\"2025-06-09T08:00:39+00:00\" \/>\n<meta property=\"og:image\" content=\"https:\/\/blog.holyart.it\/fr\/wp-content\/uploads\/sites\/14\/2025\/05\/Barque-de-Saint-Pierre.jpg\" \/>\n\t<meta property=\"og:image:width\" content=\"1000\" \/>\n\t<meta property=\"og:image:height\" content=\"666\" \/>\n\t<meta property=\"og:image:type\" content=\"image\/jpeg\" \/>\n<meta name=\"author\" content=\"Redazione\" \/>\n<meta name=\"twitter:card\" content=\"summary_large_image\" \/>\n<meta name=\"twitter:label1\" content=\"\u00c9crit par\" \/>\n\t<meta name=\"twitter:data1\" content=\"Redazione\" \/>\n\t<meta name=\"twitter:label2\" content=\"Dur\u00e9e de lecture estim\u00e9e\" \/>\n\t<meta name=\"twitter:data2\" content=\"7 minutes\" \/>\n<script type=\"application\/ld+json\" class=\"yoast-schema-graph\">{\"@context\":\"https:\/\/schema.org\",\"@graph\":[{\"@type\":\"Article\",\"@id\":\"https:\/\/blog.holyart.it\/fr\/saints-et-bienheureux\/la-tradition-populaire-de-la-barque-de-saint-pierre\/#article\",\"isPartOf\":{\"@id\":\"https:\/\/blog.holyart.it\/fr\/saints-et-bienheureux\/la-tradition-populaire-de-la-barque-de-saint-pierre\/\"},\"author\":{\"name\":\"Redazione\",\"@id\":\"https:\/\/blog.holyart.it\/fr\/#\/schema\/person\/0a7b686e5af0f856ec1e390dd0baecda\"},\"headline\":\"La tradition populaire de la Barque de Saint Pierre\",\"datePublished\":\"2025-06-09T08:00:39+00:00\",\"mainEntityOfPage\":{\"@id\":\"https:\/\/blog.holyart.it\/fr\/saints-et-bienheureux\/la-tradition-populaire-de-la-barque-de-saint-pierre\/\"},\"wordCount\":1218,\"publisher\":{\"@id\":\"https:\/\/blog.holyart.it\/fr\/#organization\"},\"image\":{\"@id\":\"https:\/\/blog.holyart.it\/fr\/saints-et-bienheureux\/la-tradition-populaire-de-la-barque-de-saint-pierre\/#primaryimage\"},\"thumbnailUrl\":\"https:\/\/blog.holyart.it\/fr\/wp-content\/uploads\/sites\/14\/2025\/05\/Barque-de-Saint-Pierre.jpg\",\"articleSection\":[\"Saints et Bienheureux\"],\"inLanguage\":\"fr-FR\"},{\"@type\":\"WebPage\",\"@id\":\"https:\/\/blog.holyart.it\/fr\/saints-et-bienheureux\/la-tradition-populaire-de-la-barque-de-saint-pierre\/\",\"url\":\"https:\/\/blog.holyart.it\/fr\/saints-et-bienheureux\/la-tradition-populaire-de-la-barque-de-saint-pierre\/\",\"name\":\"La tradition populaire de la Barque de Saint Pierre - Holyart.fr Blog\",\"isPartOf\":{\"@id\":\"https:\/\/blog.holyart.it\/fr\/#website\"},\"primaryImageOfPage\":{\"@id\":\"https:\/\/blog.holyart.it\/fr\/saints-et-bienheureux\/la-tradition-populaire-de-la-barque-de-saint-pierre\/#primaryimage\"},\"image\":{\"@id\":\"https:\/\/blog.holyart.it\/fr\/saints-et-bienheureux\/la-tradition-populaire-de-la-barque-de-saint-pierre\/#primaryimage\"},\"thumbnailUrl\":\"https:\/\/blog.holyart.it\/fr\/wp-content\/uploads\/sites\/14\/2025\/05\/Barque-de-Saint-Pierre.jpg\",\"datePublished\":\"2025-06-09T08:00:39+00:00\",\"description\":\"La Barque de Saint Pierre est un usage ancien et suggestif, qui puise ses racines entre tradition paysanne et religieuse. Voici comment en r\u00e9aliser une et comme l\u2019interpr\u00e9ter.\",\"breadcrumb\":{\"@id\":\"https:\/\/blog.holyart.it\/fr\/saints-et-bienheureux\/la-tradition-populaire-de-la-barque-de-saint-pierre\/#breadcrumb\"},\"inLanguage\":\"fr-FR\",\"potentialAction\":[{\"@type\":\"ReadAction\",\"target\":[\"https:\/\/blog.holyart.it\/fr\/saints-et-bienheureux\/la-tradition-populaire-de-la-barque-de-saint-pierre\/\"]}]},{\"@type\":\"ImageObject\",\"inLanguage\":\"fr-FR\",\"@id\":\"https:\/\/blog.holyart.it\/fr\/saints-et-bienheureux\/la-tradition-populaire-de-la-barque-de-saint-pierre\/#primaryimage\",\"url\":\"https:\/\/blog.holyart.it\/fr\/wp-content\/uploads\/sites\/14\/2025\/05\/Barque-de-Saint-Pierre.jpg\",\"contentUrl\":\"https:\/\/blog.holyart.it\/fr\/wp-content\/uploads\/sites\/14\/2025\/05\/Barque-de-Saint-Pierre.jpg\",\"width\":1000,\"height\":666,\"caption\":\"Barque de Saint Pierre\"},{\"@type\":\"BreadcrumbList\",\"@id\":\"https:\/\/blog.holyart.it\/fr\/saints-et-bienheureux\/la-tradition-populaire-de-la-barque-de-saint-pierre\/#breadcrumb\",\"itemListElement\":[{\"@type\":\"ListItem\",\"position\":1,\"name\":\"Homepage\",\"item\":\"https:\/\/blog.holyart.it\/fr\/\"},{\"@type\":\"ListItem\",\"position\":2,\"name\":\"Saints et Bienheureux\",\"item\":\"https:\/\/blog.holyart.it\/fr\/saints-et-bienheureux\/\"},{\"@type\":\"ListItem\",\"position\":3,\"name\":\"La tradition populaire de la Barque de Saint Pierre\"}]},{\"@type\":\"WebSite\",\"@id\":\"https:\/\/blog.holyart.it\/fr\/#website\",\"url\":\"https:\/\/blog.holyart.it\/fr\/\",\"name\":\"Holyart.fr Blog\",\"description\":\"Holyblog\",\"publisher\":{\"@id\":\"https:\/\/blog.holyart.it\/fr\/#organization\"},\"potentialAction\":[{\"@type\":\"SearchAction\",\"target\":{\"@type\":\"EntryPoint\",\"urlTemplate\":\"https:\/\/blog.holyart.it\/fr\/?s={search_term_string}\"},\"query-input\":{\"@type\":\"PropertyValueSpecification\",\"valueRequired\":true,\"valueName\":\"search_term_string\"}}],\"inLanguage\":\"fr-FR\"},{\"@type\":\"Organization\",\"@id\":\"https:\/\/blog.holyart.it\/fr\/#organization\",\"name\":\"Holyart.fr Blog\",\"url\":\"https:\/\/blog.holyart.it\/fr\/\",\"logo\":{\"@type\":\"ImageObject\",\"inLanguage\":\"fr-FR\",\"@id\":\"https:\/\/blog.holyart.it\/fr\/#\/schema\/logo\/image\/\",\"url\":\"https:\/\/blog.holyart.it\/fr\/wp-content\/uploads\/sites\/14\/2022\/12\/Holyart_Blog_Logo.jpg\",\"contentUrl\":\"https:\/\/blog.holyart.it\/fr\/wp-content\/uploads\/sites\/14\/2022\/12\/Holyart_Blog_Logo.jpg\",\"width\":300,\"height\":50,\"caption\":\"Holyart.fr Blog\"},\"image\":{\"@id\":\"https:\/\/blog.holyart.it\/fr\/#\/schema\/logo\/image\/\"}},{\"@type\":\"Person\",\"@id\":\"https:\/\/blog.holyart.it\/fr\/#\/schema\/person\/0a7b686e5af0f856ec1e390dd0baecda\",\"name\":\"Redazione\",\"image\":{\"@type\":\"ImageObject\",\"inLanguage\":\"fr-FR\",\"@id\":\"https:\/\/blog.holyart.it\/fr\/#\/schema\/person\/image\/\",\"url\":\"https:\/\/secure.gravatar.com\/avatar\/f477da817f43e50d0af36abecd33e3edf826c68299714bdc1057dff3b113f516?s=96&d=mm&r=g\",\"contentUrl\":\"https:\/\/secure.gravatar.com\/avatar\/f477da817f43e50d0af36abecd33e3edf826c68299714bdc1057dff3b113f516?s=96&d=mm&r=g\",\"caption\":\"Redazione\"},\"url\":\"https:\/\/blog.holyart.it\/fr\/author\/admin\/\"}]}<\/script>\n<!-- \/ Yoast SEO plugin. -->","yoast_head_json":{"title":"La tradition populaire de la Barque de Saint Pierre - Holyart.fr Blog","description":"La Barque de Saint Pierre est un usage ancien et suggestif, qui puise ses racines entre tradition paysanne et religieuse. Voici comment en r\u00e9aliser une et comme l\u2019interpr\u00e9ter.","robots":{"index":"index","follow":"follow","max-snippet":"max-snippet:-1","max-image-preview":"max-image-preview:large","max-video-preview":"max-video-preview:-1"},"canonical":"https:\/\/blog.holyart.it\/fr\/saints-et-bienheureux\/la-tradition-populaire-de-la-barque-de-saint-pierre\/","og_locale":"fr_FR","og_type":"article","og_title":"La tradition populaire de la Barque de Saint Pierre - Holyart.fr Blog","og_description":"La Barque de Saint Pierre est un usage ancien et suggestif, qui puise ses racines entre tradition paysanne et religieuse. Voici comment en r\u00e9aliser une et comme l\u2019interpr\u00e9ter.","og_url":"https:\/\/blog.holyart.it\/fr\/saints-et-bienheureux\/la-tradition-populaire-de-la-barque-de-saint-pierre\/","og_site_name":"Holyart.fr Blog","article_published_time":"2025-06-09T08:00:39+00:00","og_image":[{"width":1000,"height":666,"url":"https:\/\/blog.holyart.it\/fr\/wp-content\/uploads\/sites\/14\/2025\/05\/Barque-de-Saint-Pierre.jpg","type":"image\/jpeg"}],"author":"Redazione","twitter_card":"summary_large_image","twitter_misc":{"\u00c9crit par":"Redazione","Dur\u00e9e de lecture estim\u00e9e":"7 minutes"},"schema":{"@context":"https:\/\/schema.org","@graph":[{"@type":"Article","@id":"https:\/\/blog.holyart.it\/fr\/saints-et-bienheureux\/la-tradition-populaire-de-la-barque-de-saint-pierre\/#article","isPartOf":{"@id":"https:\/\/blog.holyart.it\/fr\/saints-et-bienheureux\/la-tradition-populaire-de-la-barque-de-saint-pierre\/"},"author":{"name":"Redazione","@id":"https:\/\/blog.holyart.it\/fr\/#\/schema\/person\/0a7b686e5af0f856ec1e390dd0baecda"},"headline":"La tradition populaire de la Barque de Saint Pierre","datePublished":"2025-06-09T08:00:39+00:00","mainEntityOfPage":{"@id":"https:\/\/blog.holyart.it\/fr\/saints-et-bienheureux\/la-tradition-populaire-de-la-barque-de-saint-pierre\/"},"wordCount":1218,"publisher":{"@id":"https:\/\/blog.holyart.it\/fr\/#organization"},"image":{"@id":"https:\/\/blog.holyart.it\/fr\/saints-et-bienheureux\/la-tradition-populaire-de-la-barque-de-saint-pierre\/#primaryimage"},"thumbnailUrl":"https:\/\/blog.holyart.it\/fr\/wp-content\/uploads\/sites\/14\/2025\/05\/Barque-de-Saint-Pierre.jpg","articleSection":["Saints et Bienheureux"],"inLanguage":"fr-FR"},{"@type":"WebPage","@id":"https:\/\/blog.holyart.it\/fr\/saints-et-bienheureux\/la-tradition-populaire-de-la-barque-de-saint-pierre\/","url":"https:\/\/blog.holyart.it\/fr\/saints-et-bienheureux\/la-tradition-populaire-de-la-barque-de-saint-pierre\/","name":"La tradition populaire de la Barque de Saint Pierre - Holyart.fr Blog","isPartOf":{"@id":"https:\/\/blog.holyart.it\/fr\/#website"},"primaryImageOfPage":{"@id":"https:\/\/blog.holyart.it\/fr\/saints-et-bienheureux\/la-tradition-populaire-de-la-barque-de-saint-pierre\/#primaryimage"},"image":{"@id":"https:\/\/blog.holyart.it\/fr\/saints-et-bienheureux\/la-tradition-populaire-de-la-barque-de-saint-pierre\/#primaryimage"},"thumbnailUrl":"https:\/\/blog.holyart.it\/fr\/wp-content\/uploads\/sites\/14\/2025\/05\/Barque-de-Saint-Pierre.jpg","datePublished":"2025-06-09T08:00:39+00:00","description":"La Barque de Saint Pierre est un usage ancien et suggestif, qui puise ses racines entre tradition paysanne et religieuse. Voici comment en r\u00e9aliser une et comme l\u2019interpr\u00e9ter.","breadcrumb":{"@id":"https:\/\/blog.holyart.it\/fr\/saints-et-bienheureux\/la-tradition-populaire-de-la-barque-de-saint-pierre\/#breadcrumb"},"inLanguage":"fr-FR","potentialAction":[{"@type":"ReadAction","target":["https:\/\/blog.holyart.it\/fr\/saints-et-bienheureux\/la-tradition-populaire-de-la-barque-de-saint-pierre\/"]}]},{"@type":"ImageObject","inLanguage":"fr-FR","@id":"https:\/\/blog.holyart.it\/fr\/saints-et-bienheureux\/la-tradition-populaire-de-la-barque-de-saint-pierre\/#primaryimage","url":"https:\/\/blog.holyart.it\/fr\/wp-content\/uploads\/sites\/14\/2025\/05\/Barque-de-Saint-Pierre.jpg","contentUrl":"https:\/\/blog.holyart.it\/fr\/wp-content\/uploads\/sites\/14\/2025\/05\/Barque-de-Saint-Pierre.jpg","width":1000,"height":666,"caption":"Barque de Saint Pierre"},{"@type":"BreadcrumbList","@id":"https:\/\/blog.holyart.it\/fr\/saints-et-bienheureux\/la-tradition-populaire-de-la-barque-de-saint-pierre\/#breadcrumb","itemListElement":[{"@type":"ListItem","position":1,"name":"Homepage","item":"https:\/\/blog.holyart.it\/fr\/"},{"@type":"ListItem","position":2,"name":"Saints et Bienheureux","item":"https:\/\/blog.holyart.it\/fr\/saints-et-bienheureux\/"},{"@type":"ListItem","position":3,"name":"La tradition populaire de la Barque de Saint Pierre"}]},{"@type":"WebSite","@id":"https:\/\/blog.holyart.it\/fr\/#website","url":"https:\/\/blog.holyart.it\/fr\/","name":"Holyart.fr Blog","description":"Holyblog","publisher":{"@id":"https:\/\/blog.holyart.it\/fr\/#organization"},"potentialAction":[{"@type":"SearchAction","target":{"@type":"EntryPoint","urlTemplate":"https:\/\/blog.holyart.it\/fr\/?s={search_term_string}"},"query-input":{"@type":"PropertyValueSpecification","valueRequired":true,"valueName":"search_term_string"}}],"inLanguage":"fr-FR"},{"@type":"Organization","@id":"https:\/\/blog.holyart.it\/fr\/#organization","name":"Holyart.fr Blog","url":"https:\/\/blog.holyart.it\/fr\/","logo":{"@type":"ImageObject","inLanguage":"fr-FR","@id":"https:\/\/blog.holyart.it\/fr\/#\/schema\/logo\/image\/","url":"https:\/\/blog.holyart.it\/fr\/wp-content\/uploads\/sites\/14\/2022\/12\/Holyart_Blog_Logo.jpg","contentUrl":"https:\/\/blog.holyart.it\/fr\/wp-content\/uploads\/sites\/14\/2022\/12\/Holyart_Blog_Logo.jpg","width":300,"height":50,"caption":"Holyart.fr Blog"},"image":{"@id":"https:\/\/blog.holyart.it\/fr\/#\/schema\/logo\/image\/"}},{"@type":"Person","@id":"https:\/\/blog.holyart.it\/fr\/#\/schema\/person\/0a7b686e5af0f856ec1e390dd0baecda","name":"Redazione","image":{"@type":"ImageObject","inLanguage":"fr-FR","@id":"https:\/\/blog.holyart.it\/fr\/#\/schema\/person\/image\/","url":"https:\/\/secure.gravatar.com\/avatar\/f477da817f43e50d0af36abecd33e3edf826c68299714bdc1057dff3b113f516?s=96&d=mm&r=g","contentUrl":"https:\/\/secure.gravatar.com\/avatar\/f477da817f43e50d0af36abecd33e3edf826c68299714bdc1057dff3b113f516?s=96&d=mm&r=g","caption":"Redazione"},"url":"https:\/\/blog.holyart.it\/fr\/author\/admin\/"}]}},"_links":{"self":[{"href":"https:\/\/blog.holyart.it\/fr\/wp-json\/wp\/v2\/posts\/10406","targetHints":{"allow":["GET"]}}],"collection":[{"href":"https:\/\/blog.holyart.it\/fr\/wp-json\/wp\/v2\/posts"}],"about":[{"href":"https:\/\/blog.holyart.it\/fr\/wp-json\/wp\/v2\/types\/post"}],"author":[{"embeddable":true,"href":"https:\/\/blog.holyart.it\/fr\/wp-json\/wp\/v2\/users\/1"}],"replies":[{"embeddable":true,"href":"https:\/\/blog.holyart.it\/fr\/wp-json\/wp\/v2\/comments?post=10406"}],"version-history":[{"count":5,"href":"https:\/\/blog.holyart.it\/fr\/wp-json\/wp\/v2\/posts\/10406\/revisions"}],"predecessor-version":[{"id":10416,"href":"https:\/\/blog.holyart.it\/fr\/wp-json\/wp\/v2\/posts\/10406\/revisions\/10416"}],"wp:featuredmedia":[{"embeddable":true,"href":"https:\/\/blog.holyart.it\/fr\/wp-json\/wp\/v2\/media\/10407"}],"wp:attachment":[{"href":"https:\/\/blog.holyart.it\/fr\/wp-json\/wp\/v2\/media?parent=10406"}],"wp:term":[{"taxonomy":"category","embeddable":true,"href":"https:\/\/blog.holyart.it\/fr\/wp-json\/wp\/v2\/categories?post=10406"},{"taxonomy":"post_tag","embeddable":true,"href":"https:\/\/blog.holyart.it\/fr\/wp-json\/wp\/v2\/tags?post=10406"}],"curies":[{"name":"wp","href":"https:\/\/api.w.org\/{rel}","templated":true}]}}