{"id":10396,"date":"2025-05-08T10:00:39","date_gmt":"2025-05-08T08:00:39","guid":{"rendered":"https:\/\/blog.holyart.it\/fr\/?p=10396"},"modified":"2025-05-07T11:41:50","modified_gmt":"2025-05-07T09:41:50","slug":"20-anecdotes-a-savoir-sur-pape-francois","status":"publish","type":"post","link":"https:\/\/blog.holyart.it\/fr\/occasions-speciales\/20-anecdotes-a-savoir-sur-pape-francois\/","title":{"rendered":"20 anecdotes \u00e0 savoir sur Pape Fran\u00e7ois"},"content":{"rendered":"<h4>Des informations sur Pape Fran\u00e7ois, des faits curieux et des moments sp\u00e9ciaux de son pontificat. Un Pape qui s\u2019est fait profond\u00e9ment aimer et que nous n\u2019oublierons jamais.<\/h4>\n<p>Il y a des personnes qui laissent une empreinte si profonde dans le tissu de l\u2019histoire qu\u2019ils rendent le monde un endroit meilleur gr\u00e2ce \u00e0 leur simple pr\u00e9sence. <strong>Jorge Mario Bergoglio<\/strong>, connu au monde comme <a href=\"https:\/\/www.holyart.fr\/occasions-speciales\/pape-francois?page=1\"><strong>Pape Fran\u00e7ois<\/strong><\/a>, a \u00e9t\u00e9 une de ces rares \u00e2mes illumin\u00e9es. Son chemin terrestre a marqu\u00e9 un sillon ind\u00e9l\u00e9bile dans les c\u0153urs de croyants et non croyants, en nous rappelant comme la v\u00e9ritable grandeur r\u00e9side dans la simplicit\u00e9 et dans l\u2019authenticit\u00e9. En r\u00e9fl\u00e9chissant sur son extraordinaire h\u00e9ritage, il \u00e9merge avec clart\u00e9 combien sa pr\u00e9sence ait \u00e9t\u00e9 <strong>pr\u00e9cieuse pour l\u2019humanit\u00e9 enti\u00e8re<\/strong>. Il n\u2019a pas simplement \u00e9t\u00e9 un leader spirituel, mais aussi un <strong>mod\u00e8le de spiritualit\u00e9 et d\u2019humanit\u00e9<\/strong> en une p\u00e9riode tourment\u00e9e, une <strong>voix de sagesse<\/strong> quand le monde semblait perdre sa boussole morale. Sa <strong>capacit\u00e9 \u00e0 parler au c\u0153ur des gens<\/strong>, \u00e0 <strong>voir au-del\u00e0 des diff\u00e9rences<\/strong> et \u00e0 <strong>embrasser l\u2019humanit\u00e9 dans son enti\u00e8ret\u00e9<\/strong>, a repr\u00e9sent\u00e9 une le\u00e7on vivante de qu\u2019est-ce qui signifie \u00eatre v\u00e9ritablement \u00ab\u00a0universel\u00a0\u00bb. Chaque d\u00e9tail de sa vie, chaque geste, chaque mot prononc\u00e9 a \u00e9t\u00e9 un enseignement qui continuera \u00e0 nous guider. Pr\u00e9server et transmettre ces souvenirs, diffuser et conserver aussi avec affection les informations concernant Pape Fran\u00e7ois n\u2019est pas seulement un acte de m\u00e9moire, mais aussi un devoir moral envers les g\u00e9n\u00e9rations futures, afin qu\u2019elles puissent comprendre comment un homme seul, avec la force de son humilit\u00e9 et de sa foi, ait r\u00e9ussi \u00e0 toucher et \u00e0 transformer autant de vies.<\/p>\n<div class=\"link-product\">\n<div class=\"blocco-immagine\"><img loading=\"lazy\" decoding=\"async\" class=\"size-full wp-image-10399 alignleft\" src=\"https:\/\/blog.holyart.it\/fr\/wp-content\/uploads\/sites\/14\/2025\/05\/pape-francois.jpg\" alt=\"pape fran\u00e7ois\" width=\"100\" height=\"100\" data-kale-share-title=\"20 anecdotes \u00e0 savoir sur Pape Fran\u00e7ois\" data-kale-share-url=\"https:\/\/blog.holyart.it\/fr\/?p=10396\" \/><\/div>\n<div class=\"blocco-contenuto\">\n<div class=\"blocco-acquista\">Acheter sur Holyart:<\/div>\n<div class=\"blocco-titolo\"><a href=\"https:\/\/www.holyart.fr\/occasions-speciales\/pape-francois?page=1\">Pape Fran\u00e7ois<\/a><\/div>\n<div class=\"blocco-descrizione\">Cat\u00e9gorie d\u00e9di\u00e9e \u00e0 Pape Jorge Mario Bergoglio<\/div>\n<\/div>\n<\/div>\n<p>Parcourons ensemble <strong>vingt moments et faits curieux<\/strong> qui ont rendu unique et inoubliable son chemin sur terre :<\/p>\n<ol>\n<li>Il a \u00e9t\u00e9 le premier Pape <strong>originaire d\u2019Am\u00e9rique Latine<\/strong> et cela lui a permis d\u2019amener avec lui non seulement la fra\u00eecheur d\u2019un nouveau continent, mais aussi une profonde compr\u00e9hension des d\u00e9fis des pays en voie de d\u00e9veloppement. Son \u00e9lection en 2013 a marqu\u00e9 le d\u00e9but d\u2019une nouvelle \u00e8re pour l\u2019\u00c9glise.<\/li>\n<li>Le choix du nom <strong>Fran\u00e7ois<\/strong> a \u00e9t\u00e9 r\u00e9volutionnaire\u00a0: aucun Pape avant lui n\u2019avait os\u00e9 prendre le nom du <strong><a href=\"https:\/\/www.holyart.fr\/blog\/articles-religieux\/les-celebrations-pour-le-huitieme-centenaire-de-saint-francois-dassise\/\"><u>Saint d\u2019Assise<\/u><\/a><\/strong>, en craignant ne pas \u00eatre \u00e0 la hauteur d\u2019un tel h\u00e9ritage spirituel. Son humilit\u00e9 lui a permis d\u2019entreprendre ce choix courageux.<\/li>\n<li>Il a choisi de vivre dans une simple suite dans la <strong>R\u00e9sidence Sainte-Marthe<\/strong>, en refusant les appartements papaux du Palais Apostolique. Ce geste d\u2019humilit\u00e9 a profond\u00e9ment touch\u00e9 les fid\u00e8les\u00a0: une autre d\u00e9monstration de comment la simplicit\u00e9 \u00e9tait pour lui non seulement un mot, mais un style de vie.<\/li>\n<li>Dans sa jeunesse, il a travaill\u00e9 comme videur dans une <strong>bo\u00eete de nuit de Buenos Aires<\/strong>, un d\u00e9tail de sa vie qu\u2019il a toujours racont\u00e9 avec le sourire, en d\u00e9montrant comment chaque exp\u00e9rience puisse contribuer au chemin spirituel de tout un chacun.<\/li>\n<li>Il \u00e9tait un grand <strong>passionn\u00e9 de tango<\/strong> (qu\u2019il dansait avec sa fianc\u00e9e\u2026) <strong>et de litt\u00e9rature<\/strong>, en particulier de Dosto\u00efevski et de Borges. Sa culture allait bien au-del\u00e0 de la th\u00e9ologie, en enrichissant sa mani\u00e8re de communiquer avec les fid\u00e8les.<\/li>\n<li>Il a \u00e9t\u00e9 le premier Pape \u00e0 <strong>utiliser activement les r\u00e9seaux sociaux<\/strong>, car il avait compris l\u2019importance d\u2019atteindre les jeunes \u00e0 travers de nouveaux moyens de communication. Son compte Twitter @Pontifex est rapidement devenu un point de r\u00e9f\u00e9rence pour des millions de fid\u00e8les.<\/li>\n<li><strong>Il aimait le football<\/strong>\u00a0et supportait le Saint Laurent, l\u2019\u00e9quipe de Buenos Aires. Cette passion le rendait encore plus humain aux yeux des fid\u00e8les, en d\u00e9montrant comment la foi puisse cohabiter avec les int\u00e9r\u00eats terrestres.<\/li>\n<li>Pendant son pontificat, il a entrepris <a href=\"https:\/\/www.holyart.fr\/blog\/occasions-speciales\/combien-de-voyages-pape-francois-a-deja-fait\/\"><strong><u>plus de 40 voyages apostoliques<\/u><\/strong><\/a>, en atteignant m\u00eame les endroits les plus recul\u00e9s de la plan\u00e8te. Son activit\u00e9 missionnaire inlassable a port\u00e9 le message de l\u2019\u00c9glise \u00e0 chaque coin de la plan\u00e8te.<\/li>\n<li>Il \u00e9tait connu pour ses <strong>improvisations lors des audiences publiques<\/strong>. Il abandonnait souvent les discours pr\u00e9par\u00e9s en parlant directement du c\u0153ur, et cela lui permettait de cr\u00e9er des moments de connexion authentique avec les fid\u00e8les. Ces improvisations faisaient trembler les mains de beaucoup de gens\u00a0!<\/li>\n<li>Il a \u00e9t\u00e9 le premier Pape a choisir une <strong>Ford Focus comme voiture personnelle<\/strong>, en refusant les luxueuses limousines utilis\u00e9es par ses pr\u00e9d\u00e9cesseurs. Ce geste symbolisait son engagement pour une \u00c9glise plus sobre.<\/li>\n<li>Il parlait couramment <strong>l\u2019espagnol, l\u2019italien et l\u2019allemand<\/strong>, et comprenait le latin, le portugais et l\u2019anglais. Ces comp\u00e9tences linguistiques lui permettaient de communiquer directement avec des fid\u00e8les de diff\u00e9rentes nationalit\u00e9s.<\/li>\n<li>Il avait obtenu un dipl\u00f4me d\u2019<strong>expert chimiste<\/strong> avant de rentrer au s\u00e9minaire et cette formation scientifique a influenc\u00e9 son approche pragmatique \u00e0 de nombreuses questions.<\/li>\n<li>Il a \u00e9t\u00e9 le premier Pape \u00e0 publier une <a href=\"https:\/\/www.holyart.fr\/blog\/articles-religieux\/pape-francois-et-lenvironnement-voici-ce-quil-a-en-commun-avec-le-saint-dont-il-a-pris-le-nom\/\"><strong><u>encyclique sur l\u2019environnement<\/u><\/strong><\/a>, <em>Laudato Si\u2019<\/em>, le 24 mai 2015, en d\u00e9montrant une sensibilit\u00e9 extraordinaire pour les questions \u00e9cologiques et pour le futur de la plan\u00e8te, mais aussi en soulignant de nouveau son lien avec la figure de Saint Fran\u00e7ois, auteur du <strong><a href=\"https:\/\/www.holyart.fr\/blog\/saints-et-bienheureux\/le-cantique-des-creatures-de-saint-francois\/\"><em><u>Cantique des Cantiques<\/u><\/em><\/a><\/strong>.<\/li>\n<li>Il avait une d\u00e9votion particuli\u00e8re pour <a href=\"https:\/\/www.holyart.fr\/blog\/accessoires-pour-la-liturgie\/a-loccasion-de-la-pentecote-priez-marie-qui-defait-les-noeuds\/\"><strong><u>Marie<em> qui d\u00e9fait les N\u0153uds<\/em><\/u><\/strong><\/a>, une image qu\u2019il avait d\u00e9couverte pendant ses \u00e9tudes en Allemagne et qu\u2019il a contribu\u00e9 \u00e0 diffuser dans le monde entier.<\/li>\n<li>Il avait l\u2019habitude d\u2019<strong>appeler personnellement des gens ordinaires<\/strong> qui lui envoyaient des lettres. Ces appels inattendus cr\u00e9aient des moments de stupeur et de joie chez les personnes qui les recevaient.<\/li>\n<li>Il a visit\u00e9 <strong>la mosqu\u00e9e bleue d\u2019Istanbul<\/strong>, comme Pape Beno\u00eet XVI, et s\u2019est rendu aussi <strong>prier devant le Mur des Lamentations \u00e0 J\u00e9rusalem<\/strong>, comme le fit \u00e9galement Saint Wojtyla, en d\u00e9montrant un engagement extraordinaire pour le dialogue interreligieux.<\/li>\n<li><strong>Il aimait cuisiner <\/strong>et, dans sa jeunesse, il pr\u00e9parait souvent les repas pour ses confr\u00e8res j\u00e9suites. Cette passion pour la cuisine se refl\u00e9tait dans son amour pour le partage et la communaut\u00e9.<\/li>\n<li>Du d\u00e9but de son pontificat (13 mars 2013), <a href=\"https:\/\/www.holyart.fr\/blog\/articles-religieux\/saints-modernes-les-canonisations-de-pape-francois-des-dernieres-annees\/\"><strong><u>il a canonis\u00e9 plus de 900 saints<\/u><\/strong><\/a>, parmi lesquels M\u00e8re Teresa de Calcutta, en d\u00e9montrant une attention particuli\u00e8re pour les personnes qui ont d\u00e9di\u00e9 leur vie au service des derniers.<\/li>\n<li>Il \u00e9tait connu pour son <strong>sens de l\u2019humour et pour sa capacit\u00e9 \u00e0 rire de lui-m\u00eame<\/strong>, qualit\u00e9s qui le rendaient particuli\u00e8rement aim\u00e9 aussi par les non croyants.<\/li>\n<li>Il a r\u00e9volutionn\u00e9 l\u2019approche de l\u2019\u00c9glise vis-\u00e0-vis de <strong>th\u00e8mes complexes<\/strong> comme le divorce, l\u2019homosexualit\u00e9 et l\u2019environnement, en ouvrant des d\u00e9bats qui \u00e9taient rest\u00e9s tabous jusque l\u00e0.<\/li>\n<\/ol>\n<div class=\"link-article\">\n<p><img loading=\"lazy\" decoding=\"async\" class=\"size-full wp-image-10401 alignleft\" src=\"https:\/\/blog.holyart.it\/fr\/wp-content\/uploads\/sites\/14\/2025\/05\/voyages-de-Pape-Francois.jpg\" alt=\"voyages de pape francois\" width=\"150\" height=\"100\" data-kale-share-title=\"20 anecdotes \u00e0 savoir sur Pape Fran\u00e7ois\" data-kale-share-url=\"https:\/\/blog.holyart.it\/fr\/?p=10396\" \/><\/p>\n<div class=\"leggi-anche\">Lire aussi :<\/div>\n<p><strong><a href=\"https:\/\/www.holyart.fr\/blog\/occasions-speciales\/combien-de-voyages-pape-francois-a-deja-fait\/\">Combien de voyages Pape Fran\u00e7ois a d\u00e9j\u00e0 fait ?<\/a><\/strong><br \/>\nLa d\u00e9monstration de son engagement d\u2019\u00e9vang\u00e9lisation, mais aussi de r\u00e9conciliation et soin des blessures.<\/p>\n<\/div>\n<p>Son pontificat a repr\u00e9sent\u00e9 un moment de <strong>profond renouvellement<\/strong> pour l\u2019\u00c9glise Catholique, caract\u00e9ris\u00e9 par des gestes symboliques de grand impact et par une attention constante vis-\u00e0-vis des derniers. Son h\u00e9ritage spirituel continue de vivre dans les c\u0153urs de milliers de personnes, croyants ou non, qui ont vu en lui non seulement un guide spirituel, mais aussi un exemple d\u2019humanit\u00e9 authentique et profonde.<br \/>\nSon d\u00e9part laisse un vide impossible \u00e0 combler, mais aussi un h\u00e9ritage tr\u00e8s riche en enseignements et exemples qui continuent d\u2019inspirer des gens du monde entier. Son message de mis\u00e9ricorde, humilit\u00e9 et attention aux derniers reste un mod\u00e8le pour tous et une invitation pour les g\u00e9n\u00e9rations futures.<\/p>\n<div class=\"link-article\">\n<p><img loading=\"lazy\" decoding=\"async\" class=\"size-full wp-image-10403 alignleft\" src=\"https:\/\/blog.holyart.it\/fr\/wp-content\/uploads\/sites\/14\/2025\/05\/Pape-Francois-et-lenvironnement.jpg\" alt=\"Pape Fran\u00e7ois et l'environnement\" width=\"150\" height=\"100\" data-kale-share-title=\"20 anecdotes \u00e0 savoir sur Pape Fran\u00e7ois\" data-kale-share-url=\"https:\/\/blog.holyart.it\/fr\/?p=10396\" \/><\/p>\n<div class=\"leggi-anche\">Lire aussi :<\/div>\n<p><strong><a href=\"https:\/\/www.holyart.fr\/blog\/articles-religieux\/pape-francois-et-lenvironnement-voici-ce-quil-a-en-commun-avec-le-saint-dont-il-a-pris-le-nom\/\">Pape Fran\u00e7ois et l\u2019environnement<\/a><\/strong><br \/>\nLe rapport de Pape Fran\u00e7ois avec l\u2019environnement et son lien avec Saint Fran\u00e7ois d\u2019Assise.<\/p>\n<\/div>\n","protected":false},"excerpt":{"rendered":"<p>Des informations sur Pape Fran\u00e7ois, des faits curieux et des moments sp\u00e9ciaux de son pontificat. Un Pape qui s\u2019est fait profond\u00e9ment aimer et que nous n\u2019oublierons jamais. Il y a des personnes qui laissent une empreinte si profonde dans le tissu de l\u2019histoire qu\u2019ils rendent&hellip;<\/p>\n","protected":false},"author":1,"featured_media":10397,"comment_status":"closed","ping_status":"open","sticky":false,"template":"","format":"standard","meta":{"_acf_changed":false,"footnotes":""},"categories":[12],"tags":[],"class_list":["post-10396","post","type-post","status-publish","format-standard","has-post-thumbnail","hentry","category-occasions-speciales"],"acf":[],"yoast_head":"<!-- This site is optimized with the Yoast SEO plugin v26.6 - https:\/\/yoast.com\/wordpress\/plugins\/seo\/ -->\n<title>20 anecdotes \u00e0 savoir sur Pape Fran\u00e7ois - Holyart.fr Blog<\/title>\n<meta name=\"description\" content=\"Des informations sur Pape Fran\u00e7ois, des faits curieux et des moments sp\u00e9ciaux de son pontificat. Un Pape qui s\u2019est fait profond\u00e9ment aimer et que nous n\u2019oublierons jamais.\" \/>\n<meta name=\"robots\" content=\"index, follow, max-snippet:-1, max-image-preview:large, max-video-preview:-1\" \/>\n<link rel=\"canonical\" href=\"https:\/\/blog.holyart.it\/fr\/occasions-speciales\/20-anecdotes-a-savoir-sur-pape-francois\/\" \/>\n<meta property=\"og:locale\" content=\"fr_FR\" \/>\n<meta property=\"og:type\" content=\"article\" \/>\n<meta property=\"og:title\" content=\"20 anecdotes \u00e0 savoir sur Pape Fran\u00e7ois - Holyart.fr Blog\" \/>\n<meta property=\"og:description\" content=\"Des informations sur Pape Fran\u00e7ois, des faits curieux et des moments sp\u00e9ciaux de son pontificat. Un Pape qui s\u2019est fait profond\u00e9ment aimer et que nous n\u2019oublierons jamais.\" \/>\n<meta property=\"og:url\" content=\"https:\/\/blog.holyart.it\/fr\/occasions-speciales\/20-anecdotes-a-savoir-sur-pape-francois\/\" \/>\n<meta property=\"og:site_name\" content=\"Holyart.fr Blog\" \/>\n<meta property=\"article:published_time\" content=\"2025-05-08T08:00:39+00:00\" \/>\n<meta property=\"og:image\" content=\"https:\/\/blog.holyart.it\/fr\/wp-content\/uploads\/sites\/14\/2025\/05\/information-sur-pape-francois.jpg\" \/>\n\t<meta property=\"og:image:width\" content=\"1000\" \/>\n\t<meta property=\"og:image:height\" content=\"666\" \/>\n\t<meta property=\"og:image:type\" content=\"image\/jpeg\" \/>\n<meta name=\"author\" content=\"Redazione\" \/>\n<meta name=\"twitter:card\" content=\"summary_large_image\" \/>\n<meta name=\"twitter:label1\" content=\"\u00c9crit par\" \/>\n\t<meta name=\"twitter:data1\" content=\"Redazione\" \/>\n\t<meta name=\"twitter:label2\" content=\"Dur\u00e9e de lecture estim\u00e9e\" \/>\n\t<meta name=\"twitter:data2\" content=\"7 minutes\" \/>\n<script type=\"application\/ld+json\" class=\"yoast-schema-graph\">{\"@context\":\"https:\/\/schema.org\",\"@graph\":[{\"@type\":\"Article\",\"@id\":\"https:\/\/blog.holyart.it\/fr\/occasions-speciales\/20-anecdotes-a-savoir-sur-pape-francois\/#article\",\"isPartOf\":{\"@id\":\"https:\/\/blog.holyart.it\/fr\/occasions-speciales\/20-anecdotes-a-savoir-sur-pape-francois\/\"},\"author\":{\"name\":\"Redazione\",\"@id\":\"https:\/\/blog.holyart.it\/fr\/#\/schema\/person\/0a7b686e5af0f856ec1e390dd0baecda\"},\"headline\":\"20 anecdotes \u00e0 savoir sur Pape Fran\u00e7ois\",\"datePublished\":\"2025-05-08T08:00:39+00:00\",\"mainEntityOfPage\":{\"@id\":\"https:\/\/blog.holyart.it\/fr\/occasions-speciales\/20-anecdotes-a-savoir-sur-pape-francois\/\"},\"wordCount\":1359,\"publisher\":{\"@id\":\"https:\/\/blog.holyart.it\/fr\/#organization\"},\"image\":{\"@id\":\"https:\/\/blog.holyart.it\/fr\/occasions-speciales\/20-anecdotes-a-savoir-sur-pape-francois\/#primaryimage\"},\"thumbnailUrl\":\"https:\/\/blog.holyart.it\/fr\/wp-content\/uploads\/sites\/14\/2025\/05\/information-sur-pape-francois.jpg\",\"articleSection\":[\"Occasions sp\u00e9ciales\"],\"inLanguage\":\"fr-FR\"},{\"@type\":\"WebPage\",\"@id\":\"https:\/\/blog.holyart.it\/fr\/occasions-speciales\/20-anecdotes-a-savoir-sur-pape-francois\/\",\"url\":\"https:\/\/blog.holyart.it\/fr\/occasions-speciales\/20-anecdotes-a-savoir-sur-pape-francois\/\",\"name\":\"20 anecdotes \u00e0 savoir sur Pape Fran\u00e7ois - Holyart.fr Blog\",\"isPartOf\":{\"@id\":\"https:\/\/blog.holyart.it\/fr\/#website\"},\"primaryImageOfPage\":{\"@id\":\"https:\/\/blog.holyart.it\/fr\/occasions-speciales\/20-anecdotes-a-savoir-sur-pape-francois\/#primaryimage\"},\"image\":{\"@id\":\"https:\/\/blog.holyart.it\/fr\/occasions-speciales\/20-anecdotes-a-savoir-sur-pape-francois\/#primaryimage\"},\"thumbnailUrl\":\"https:\/\/blog.holyart.it\/fr\/wp-content\/uploads\/sites\/14\/2025\/05\/information-sur-pape-francois.jpg\",\"datePublished\":\"2025-05-08T08:00:39+00:00\",\"description\":\"Des informations sur Pape Fran\u00e7ois, des faits curieux et des moments sp\u00e9ciaux de son pontificat. Un Pape qui s\u2019est fait profond\u00e9ment aimer et que nous n\u2019oublierons jamais.\",\"breadcrumb\":{\"@id\":\"https:\/\/blog.holyart.it\/fr\/occasions-speciales\/20-anecdotes-a-savoir-sur-pape-francois\/#breadcrumb\"},\"inLanguage\":\"fr-FR\",\"potentialAction\":[{\"@type\":\"ReadAction\",\"target\":[\"https:\/\/blog.holyart.it\/fr\/occasions-speciales\/20-anecdotes-a-savoir-sur-pape-francois\/\"]}]},{\"@type\":\"ImageObject\",\"inLanguage\":\"fr-FR\",\"@id\":\"https:\/\/blog.holyart.it\/fr\/occasions-speciales\/20-anecdotes-a-savoir-sur-pape-francois\/#primaryimage\",\"url\":\"https:\/\/blog.holyart.it\/fr\/wp-content\/uploads\/sites\/14\/2025\/05\/information-sur-pape-francois.jpg\",\"contentUrl\":\"https:\/\/blog.holyart.it\/fr\/wp-content\/uploads\/sites\/14\/2025\/05\/information-sur-pape-francois.jpg\",\"width\":1000,\"height\":666,\"caption\":\"informations sur pape francois\"},{\"@type\":\"BreadcrumbList\",\"@id\":\"https:\/\/blog.holyart.it\/fr\/occasions-speciales\/20-anecdotes-a-savoir-sur-pape-francois\/#breadcrumb\",\"itemListElement\":[{\"@type\":\"ListItem\",\"position\":1,\"name\":\"Homepage\",\"item\":\"https:\/\/blog.holyart.it\/fr\/\"},{\"@type\":\"ListItem\",\"position\":2,\"name\":\"Occasions sp\u00e9ciales\",\"item\":\"https:\/\/blog.holyart.it\/fr\/occasions-speciales\/\"},{\"@type\":\"ListItem\",\"position\":3,\"name\":\"20 anecdotes \u00e0 savoir sur Pape Fran\u00e7ois\"}]},{\"@type\":\"WebSite\",\"@id\":\"https:\/\/blog.holyart.it\/fr\/#website\",\"url\":\"https:\/\/blog.holyart.it\/fr\/\",\"name\":\"Holyart.fr Blog\",\"description\":\"Holyblog\",\"publisher\":{\"@id\":\"https:\/\/blog.holyart.it\/fr\/#organization\"},\"potentialAction\":[{\"@type\":\"SearchAction\",\"target\":{\"@type\":\"EntryPoint\",\"urlTemplate\":\"https:\/\/blog.holyart.it\/fr\/?s={search_term_string}\"},\"query-input\":{\"@type\":\"PropertyValueSpecification\",\"valueRequired\":true,\"valueName\":\"search_term_string\"}}],\"inLanguage\":\"fr-FR\"},{\"@type\":\"Organization\",\"@id\":\"https:\/\/blog.holyart.it\/fr\/#organization\",\"name\":\"Holyart.fr Blog\",\"url\":\"https:\/\/blog.holyart.it\/fr\/\",\"logo\":{\"@type\":\"ImageObject\",\"inLanguage\":\"fr-FR\",\"@id\":\"https:\/\/blog.holyart.it\/fr\/#\/schema\/logo\/image\/\",\"url\":\"https:\/\/blog.holyart.it\/fr\/wp-content\/uploads\/sites\/14\/2022\/12\/Holyart_Blog_Logo.jpg\",\"contentUrl\":\"https:\/\/blog.holyart.it\/fr\/wp-content\/uploads\/sites\/14\/2022\/12\/Holyart_Blog_Logo.jpg\",\"width\":300,\"height\":50,\"caption\":\"Holyart.fr Blog\"},\"image\":{\"@id\":\"https:\/\/blog.holyart.it\/fr\/#\/schema\/logo\/image\/\"}},{\"@type\":\"Person\",\"@id\":\"https:\/\/blog.holyart.it\/fr\/#\/schema\/person\/0a7b686e5af0f856ec1e390dd0baecda\",\"name\":\"Redazione\",\"image\":{\"@type\":\"ImageObject\",\"inLanguage\":\"fr-FR\",\"@id\":\"https:\/\/blog.holyart.it\/fr\/#\/schema\/person\/image\/\",\"url\":\"https:\/\/secure.gravatar.com\/avatar\/f477da817f43e50d0af36abecd33e3edf826c68299714bdc1057dff3b113f516?s=96&d=mm&r=g\",\"contentUrl\":\"https:\/\/secure.gravatar.com\/avatar\/f477da817f43e50d0af36abecd33e3edf826c68299714bdc1057dff3b113f516?s=96&d=mm&r=g\",\"caption\":\"Redazione\"},\"url\":\"https:\/\/blog.holyart.it\/fr\/author\/admin\/\"}]}<\/script>\n<!-- \/ Yoast SEO plugin. -->","yoast_head_json":{"title":"20 anecdotes \u00e0 savoir sur Pape Fran\u00e7ois - Holyart.fr Blog","description":"Des informations sur Pape Fran\u00e7ois, des faits curieux et des moments sp\u00e9ciaux de son pontificat. Un Pape qui s\u2019est fait profond\u00e9ment aimer et que nous n\u2019oublierons jamais.","robots":{"index":"index","follow":"follow","max-snippet":"max-snippet:-1","max-image-preview":"max-image-preview:large","max-video-preview":"max-video-preview:-1"},"canonical":"https:\/\/blog.holyart.it\/fr\/occasions-speciales\/20-anecdotes-a-savoir-sur-pape-francois\/","og_locale":"fr_FR","og_type":"article","og_title":"20 anecdotes \u00e0 savoir sur Pape Fran\u00e7ois - Holyart.fr Blog","og_description":"Des informations sur Pape Fran\u00e7ois, des faits curieux et des moments sp\u00e9ciaux de son pontificat. Un Pape qui s\u2019est fait profond\u00e9ment aimer et que nous n\u2019oublierons jamais.","og_url":"https:\/\/blog.holyart.it\/fr\/occasions-speciales\/20-anecdotes-a-savoir-sur-pape-francois\/","og_site_name":"Holyart.fr Blog","article_published_time":"2025-05-08T08:00:39+00:00","og_image":[{"width":1000,"height":666,"url":"https:\/\/blog.holyart.it\/fr\/wp-content\/uploads\/sites\/14\/2025\/05\/information-sur-pape-francois.jpg","type":"image\/jpeg"}],"author":"Redazione","twitter_card":"summary_large_image","twitter_misc":{"\u00c9crit par":"Redazione","Dur\u00e9e de lecture estim\u00e9e":"7 minutes"},"schema":{"@context":"https:\/\/schema.org","@graph":[{"@type":"Article","@id":"https:\/\/blog.holyart.it\/fr\/occasions-speciales\/20-anecdotes-a-savoir-sur-pape-francois\/#article","isPartOf":{"@id":"https:\/\/blog.holyart.it\/fr\/occasions-speciales\/20-anecdotes-a-savoir-sur-pape-francois\/"},"author":{"name":"Redazione","@id":"https:\/\/blog.holyart.it\/fr\/#\/schema\/person\/0a7b686e5af0f856ec1e390dd0baecda"},"headline":"20 anecdotes \u00e0 savoir sur Pape Fran\u00e7ois","datePublished":"2025-05-08T08:00:39+00:00","mainEntityOfPage":{"@id":"https:\/\/blog.holyart.it\/fr\/occasions-speciales\/20-anecdotes-a-savoir-sur-pape-francois\/"},"wordCount":1359,"publisher":{"@id":"https:\/\/blog.holyart.it\/fr\/#organization"},"image":{"@id":"https:\/\/blog.holyart.it\/fr\/occasions-speciales\/20-anecdotes-a-savoir-sur-pape-francois\/#primaryimage"},"thumbnailUrl":"https:\/\/blog.holyart.it\/fr\/wp-content\/uploads\/sites\/14\/2025\/05\/information-sur-pape-francois.jpg","articleSection":["Occasions sp\u00e9ciales"],"inLanguage":"fr-FR"},{"@type":"WebPage","@id":"https:\/\/blog.holyart.it\/fr\/occasions-speciales\/20-anecdotes-a-savoir-sur-pape-francois\/","url":"https:\/\/blog.holyart.it\/fr\/occasions-speciales\/20-anecdotes-a-savoir-sur-pape-francois\/","name":"20 anecdotes \u00e0 savoir sur Pape Fran\u00e7ois - Holyart.fr Blog","isPartOf":{"@id":"https:\/\/blog.holyart.it\/fr\/#website"},"primaryImageOfPage":{"@id":"https:\/\/blog.holyart.it\/fr\/occasions-speciales\/20-anecdotes-a-savoir-sur-pape-francois\/#primaryimage"},"image":{"@id":"https:\/\/blog.holyart.it\/fr\/occasions-speciales\/20-anecdotes-a-savoir-sur-pape-francois\/#primaryimage"},"thumbnailUrl":"https:\/\/blog.holyart.it\/fr\/wp-content\/uploads\/sites\/14\/2025\/05\/information-sur-pape-francois.jpg","datePublished":"2025-05-08T08:00:39+00:00","description":"Des informations sur Pape Fran\u00e7ois, des faits curieux et des moments sp\u00e9ciaux de son pontificat. Un Pape qui s\u2019est fait profond\u00e9ment aimer et que nous n\u2019oublierons jamais.","breadcrumb":{"@id":"https:\/\/blog.holyart.it\/fr\/occasions-speciales\/20-anecdotes-a-savoir-sur-pape-francois\/#breadcrumb"},"inLanguage":"fr-FR","potentialAction":[{"@type":"ReadAction","target":["https:\/\/blog.holyart.it\/fr\/occasions-speciales\/20-anecdotes-a-savoir-sur-pape-francois\/"]}]},{"@type":"ImageObject","inLanguage":"fr-FR","@id":"https:\/\/blog.holyart.it\/fr\/occasions-speciales\/20-anecdotes-a-savoir-sur-pape-francois\/#primaryimage","url":"https:\/\/blog.holyart.it\/fr\/wp-content\/uploads\/sites\/14\/2025\/05\/information-sur-pape-francois.jpg","contentUrl":"https:\/\/blog.holyart.it\/fr\/wp-content\/uploads\/sites\/14\/2025\/05\/information-sur-pape-francois.jpg","width":1000,"height":666,"caption":"informations sur pape francois"},{"@type":"BreadcrumbList","@id":"https:\/\/blog.holyart.it\/fr\/occasions-speciales\/20-anecdotes-a-savoir-sur-pape-francois\/#breadcrumb","itemListElement":[{"@type":"ListItem","position":1,"name":"Homepage","item":"https:\/\/blog.holyart.it\/fr\/"},{"@type":"ListItem","position":2,"name":"Occasions sp\u00e9ciales","item":"https:\/\/blog.holyart.it\/fr\/occasions-speciales\/"},{"@type":"ListItem","position":3,"name":"20 anecdotes \u00e0 savoir sur Pape Fran\u00e7ois"}]},{"@type":"WebSite","@id":"https:\/\/blog.holyart.it\/fr\/#website","url":"https:\/\/blog.holyart.it\/fr\/","name":"Holyart.fr Blog","description":"Holyblog","publisher":{"@id":"https:\/\/blog.holyart.it\/fr\/#organization"},"potentialAction":[{"@type":"SearchAction","target":{"@type":"EntryPoint","urlTemplate":"https:\/\/blog.holyart.it\/fr\/?s={search_term_string}"},"query-input":{"@type":"PropertyValueSpecification","valueRequired":true,"valueName":"search_term_string"}}],"inLanguage":"fr-FR"},{"@type":"Organization","@id":"https:\/\/blog.holyart.it\/fr\/#organization","name":"Holyart.fr Blog","url":"https:\/\/blog.holyart.it\/fr\/","logo":{"@type":"ImageObject","inLanguage":"fr-FR","@id":"https:\/\/blog.holyart.it\/fr\/#\/schema\/logo\/image\/","url":"https:\/\/blog.holyart.it\/fr\/wp-content\/uploads\/sites\/14\/2022\/12\/Holyart_Blog_Logo.jpg","contentUrl":"https:\/\/blog.holyart.it\/fr\/wp-content\/uploads\/sites\/14\/2022\/12\/Holyart_Blog_Logo.jpg","width":300,"height":50,"caption":"Holyart.fr Blog"},"image":{"@id":"https:\/\/blog.holyart.it\/fr\/#\/schema\/logo\/image\/"}},{"@type":"Person","@id":"https:\/\/blog.holyart.it\/fr\/#\/schema\/person\/0a7b686e5af0f856ec1e390dd0baecda","name":"Redazione","image":{"@type":"ImageObject","inLanguage":"fr-FR","@id":"https:\/\/blog.holyart.it\/fr\/#\/schema\/person\/image\/","url":"https:\/\/secure.gravatar.com\/avatar\/f477da817f43e50d0af36abecd33e3edf826c68299714bdc1057dff3b113f516?s=96&d=mm&r=g","contentUrl":"https:\/\/secure.gravatar.com\/avatar\/f477da817f43e50d0af36abecd33e3edf826c68299714bdc1057dff3b113f516?s=96&d=mm&r=g","caption":"Redazione"},"url":"https:\/\/blog.holyart.it\/fr\/author\/admin\/"}]}},"_links":{"self":[{"href":"https:\/\/blog.holyart.it\/fr\/wp-json\/wp\/v2\/posts\/10396","targetHints":{"allow":["GET"]}}],"collection":[{"href":"https:\/\/blog.holyart.it\/fr\/wp-json\/wp\/v2\/posts"}],"about":[{"href":"https:\/\/blog.holyart.it\/fr\/wp-json\/wp\/v2\/types\/post"}],"author":[{"embeddable":true,"href":"https:\/\/blog.holyart.it\/fr\/wp-json\/wp\/v2\/users\/1"}],"replies":[{"embeddable":true,"href":"https:\/\/blog.holyart.it\/fr\/wp-json\/wp\/v2\/comments?post=10396"}],"version-history":[{"count":5,"href":"https:\/\/blog.holyart.it\/fr\/wp-json\/wp\/v2\/posts\/10396\/revisions"}],"predecessor-version":[{"id":10405,"href":"https:\/\/blog.holyart.it\/fr\/wp-json\/wp\/v2\/posts\/10396\/revisions\/10405"}],"wp:featuredmedia":[{"embeddable":true,"href":"https:\/\/blog.holyart.it\/fr\/wp-json\/wp\/v2\/media\/10397"}],"wp:attachment":[{"href":"https:\/\/blog.holyart.it\/fr\/wp-json\/wp\/v2\/media?parent=10396"}],"wp:term":[{"taxonomy":"category","embeddable":true,"href":"https:\/\/blog.holyart.it\/fr\/wp-json\/wp\/v2\/categories?post=10396"},{"taxonomy":"post_tag","embeddable":true,"href":"https:\/\/blog.holyart.it\/fr\/wp-json\/wp\/v2\/tags?post=10396"}],"curies":[{"name":"wp","href":"https:\/\/api.w.org\/{rel}","templated":true}]}}