{"id":10381,"date":"2025-06-04T10:00:32","date_gmt":"2025-06-04T08:00:32","guid":{"rendered":"https:\/\/blog.holyart.it\/fr\/?p=10381"},"modified":"2025-05-06T17:55:02","modified_gmt":"2025-05-06T15:55:02","slug":"don-tonino-bello-qui-etait-leveque-devenu-venerable","status":"publish","type":"post","link":"https:\/\/blog.holyart.it\/fr\/articles-religieux\/don-tonino-bello-qui-etait-leveque-devenu-venerable\/","title":{"rendered":"Don Tonino Bello : qui \u00e9tait l\u2019\u00e9v\u00eaque devenu V\u00e9n\u00e9rable ?"},"content":{"rendered":"<h4>Don Tonino Bello a \u00e9t\u00e9 un tel exemple d\u2019humilit\u00e9 et de d\u00e9vouement \u00e0 son prochain qu\u2019il a m\u00e9rit\u00e9 l\u2019ouverture de la proc\u00e9dure de B\u00e9atification. D\u00e9couvrons qui il \u00e9tait et comment cet \u00e9v\u00eaque ayant re\u00e7u le titre de V\u00e9n\u00e9rable a essay\u00e9 d\u2019am\u00e9liorer le monde.<\/h4>\n\n<p><strong>Don Tonino Bello<\/strong>\u00a0a \u00e9t\u00e9 un \u00e9v\u00eaque catholique. Aim\u00e9 et respect\u00e9, il a su laisser une marque ind\u00e9l\u00e9bile dans les c\u0153urs des fid\u00e8les et de la soci\u00e9t\u00e9 en g\u00e9n\u00e9ral, au point d\u2019avoir un <strong>processus de B\u00e9atification<\/strong> entam\u00e9 \u00e0 son nom par la <a href=\"https:\/\/www.holyart.fr\/blog\/articles-religieux\/les-fonctions-du-dicastere-des-causes-des-saints\/\"><strong><u>Congr\u00e9gation des causes des saints<\/u><\/strong><\/a> et de recevoir en 2020 le titre de <strong>V\u00e9n\u00e9rable<\/strong>. Sa propre vie a \u00e9t\u00e9 l\u2019incarnation de foi, humilit\u00e9 et d\u00e9vouement au service des autres, mais aussi de lutte pour la justice sociale et soutien de la paix. Sienne est la d\u00e9finition d\u2019<em>\u00c9glise du tablier<\/em>, une \u00e9glise pauvre, humble, vou\u00e9e \u00e0 la charit\u00e9 et \u00e0 la mis\u00e9ricorde sans distinction d\u2019aucune sorte.<\/p>\n<div class=\"link-article\">\n<p><img loading=\"lazy\" decoding=\"async\" class=\"alignnone size-full wp-image-10384\" src=\"https:\/\/blog.holyart.it\/fr\/wp-content\/uploads\/sites\/14\/2025\/05\/Les-fonctions-du-Dicastere-des-Causes-des-Saints.jpg\" alt=\"Les fonctions du Dicast\u00e8re des Causes des Saints\" width=\"150\" height=\"99\" data-kale-share-title=\"Don Tonino Bello : qui \u00e9tait l\u2019\u00e9v\u00eaque devenu V\u00e9n\u00e9rable ?\" data-kale-share-url=\"https:\/\/blog.holyart.it\/fr\/?p=10381\" \/><\/p>\n<div class=\"leggi-anche\">Lire aussi :<\/div>\n<p><strong><a href=\"https:\/\/www.holyart.fr\/blog\/articles-religieux\/les-fonctions-du-dicastere-des-causes-des-saints\/\">Les fonctions du Dicast\u00e8re des Causes des Saints<\/a><\/strong><br \/>\nQu\u2019est-ce qu\u2019est le Dicast\u00e8re des Causes des Saints, l\u2019organe de la Curie affect\u00e9 aux processus de sanctification et b\u00e9atification,&#8230;<\/p>\n<\/div>\n<p>N\u00e9 le 18 mars 1935 dans le <strong>Salento<\/strong> et baptis\u00e9 avec le nom d\u2019Antonio Bello, il passa son enfance dans le pays d\u2019Alessano, o\u00f9 il assista \u00e0 la mort de ses demi-fr\u00e8res et de son p\u00e8re. Ces exp\u00e9riences marqu\u00e8rent sa sensibilit\u00e9 et aliment\u00e8rent sa compassion pour ceux qui vivaient dans la souffrance.<\/p>\n<p>Apr\u00e8s \u00eatre <strong>entr\u00e9 au s\u00e9minaire<\/strong>, Don Tonino Bello a \u00e9t\u00e9 <strong><a href=\"https:\/\/www.holyart.fr\/blog\/articles-religieux\/ordination-presbyterale-voici-comment-lon-devient-pretre\/\"><u>ordonn\u00e9 pr\u00eatre<\/u><\/a> en 1957<\/strong>.<\/p>\n<p>\u00c0 partir de ce moment-l\u00e0, il a pass\u00e9 sa vie au service de l\u2019\u00c9glise et des personnes les plus n\u00e9cessiteuses. Son minist\u00e8re l\u2019a amen\u00e9 dans diff\u00e9rents dioc\u00e8ses italiens, mais c\u2019est dans le <strong>Dioc\u00e8se de Molfetta-Ruvo-Giovinazzo-Terlizzi<\/strong>, o\u00f9 il a jou\u00e9 son r\u00f4le d\u2019\u00e9v\u00eaque \u00e0 partir de 1982 jusqu\u2019\u00e0 sa mort en 1993, que sa figure est devenue particuli\u00e8rement connue.<\/p>\n<p>Ici, Don Tonino se d\u00e9dia \u00e9galement \u00e0 la <strong>formation des jeunes<\/strong> aupr\u00e8s du s\u00e9minaire dioc\u00e9sain d\u2019Ugento, en endossant le r\u00f4le de vice-recteur et en contribuant ainsi \u00e0 la croissance spirituelle des futurs pr\u00eatres.<\/p>\n<p>Sa formation th\u00e9ologique l\u2019amena \u00e0 obtenir une licence en <strong>Th\u00e9ologie Sacr\u00e9e<\/strong> aupr\u00e8s de la Facult\u00e9 th\u00e9ologique de l\u2019Italie septentrionale et, en 1965, il obtint le doctorat aupr\u00e8s de l\u2019Universit\u00e9 Pontificale du Latran, avec une th\u00e8se sur les congr\u00e8s eucharistiques et leurs significations th\u00e9ologiques et pastorales.<\/p>\n<p>\u00c0 partir de 1969, Don Tonino Bello devint \u00e9galement <strong>assistant de l\u2019Action Catholique et vicaire \u00e9piscopal<\/strong> pour la pastorale dioc\u00e9saine. Son d\u00e9vouement au service des derniers devint \u00e9vident quand il fut nomm\u00e9 administrateur de la <strong>paroisse du Sacr\u00e9-C\u0153ur d\u2019Ugento<\/strong> en 1978 et, l\u2019ann\u00e9e suivante, cur\u00e9 de l\u2019<strong>\u00c9glise Matrice de Tricase<\/strong>. Il institua la <strong><em>Caritas<\/em><\/strong> et un observatoire de la pauvret\u00e9, en d\u00e9montrant son attention particuli\u00e8re envers les plus n\u00e9cessiteux de la communaut\u00e9.<\/p>\n<div class=\"link-article\">\n<p><img loading=\"lazy\" decoding=\"async\" class=\"alignnone size-full wp-image-10385\" src=\"https:\/\/blog.holyart.it\/fr\/wp-content\/uploads\/sites\/14\/2025\/05\/Ordination-presbyterale.jpg\" alt=\"Ordination presbyt\u00e9rale\" width=\"150\" height=\"99\" data-kale-share-title=\"Don Tonino Bello : qui \u00e9tait l\u2019\u00e9v\u00eaque devenu V\u00e9n\u00e9rable ?\" data-kale-share-url=\"https:\/\/blog.holyart.it\/fr\/?p=10381\" \/><\/p>\n<div class=\"leggi-anche\">Lire aussi :<\/div>\n<p><strong><a href=\"https:\/\/www.holyart.fr\/blog\/articles-religieux\/ordination-presbyterale-voici-comment-lon-devient-pretre\/\">Ordination presbyt\u00e9rale : voici comment l\u2019on devient pr\u00eatre<\/a><\/strong><br \/>\nAvec l\u2019Ordination Presbyt\u00e9rale, un homme devient \u00e0 tous points de vue un pr\u00eatre. Voici comment se d\u00e9roule le rite, comment change sa vie et&#8230;<\/p>\n<\/div>\n<p>Devenu <strong>\u00e9v\u00eaque du dioc\u00e8se de Molfetta, Giovinazzo et Terlizzi<\/strong> et, ensuite, \u00e9galement du dioc\u00e8se de <strong>Ruvo<\/strong>, <a href=\"https:\/\/www.holyart.fr\/accessoires-pour-la-liturgie\/attributs-episcopaux\"><strong>Don Tonino \u00c9v\u00eaque<\/strong><\/a> maintient le simple titre de <strong><em>Don Tonino<\/em><\/strong> et, avec cela, la profonde humilit\u00e9 qui avait caract\u00e9ris\u00e9 jusque-l\u00e0 son \u0153uvre en tant que pr\u00eatre et homme. Toujours proche des gens et de leur souffrance, il promit la <strong>constitution de groupes Caritas<\/strong> dans toutes les paroisses du dioc\u00e8se, il fonda une communaut\u00e9 pour le soin des <strong>toxicomanies<\/strong>, lutta au nom de la justice sociale, de la solidarit\u00e9 et contre toute forme d\u2019\u00e9margination.<\/p>\n<p>En tant que successeur de monseigneur Luigi Bettazzi \u00e0 la t\u00eate de <strong><em>Pax Christi<\/em><\/strong>, mouvement catholique international pour la paix, il manifesta son <strong>dissentiment contre la guerre<\/strong> et se battit contre le renforcement des p\u00f4les militaires de Crotone et de Gioia del Colle, avec des <strong>marches pour le d\u00e9sarmement<\/strong>, outre que contre l\u2019intervention militaire dans la <strong>Guerre du Golfe<\/strong>. Son engagement pour la paix devint encore plus tangible apr\u00e8s la fondation de la revue mensuelle <strong><em>Mosaico di Pace<\/em><\/strong> (\u00ab\u00a0mosa\u00efque de paix\u00a0\u00bb).<\/p>\n<p>Malade d\u2019un cancer \u00e0 l\u2019estomac, Monseigneur Tonino Bello se rendit en <strong>Bosnie-Herz\u00e9govine<\/strong> en 1992, pendant la guerre civile, en marchant \u00e0 pied jusqu\u2019\u00e0 Sarajevo, encercl\u00e9e par le si\u00e8ge serbe, afin de r\u00e9pandre son message de solidarit\u00e9 et d\u2019esp\u00e9rance.<\/p>\n<p><strong>Il mourut \u00e0 Molfetta le 20 avril 1993, <\/strong>en laissant un h\u00e9ritage d\u2019amour et de d\u00e9vouement au service des autres. Sa d\u00e9pouille repose dans le cimeti\u00e8re d\u2019Alessano, son pays natal bien-aim\u00e9.<br \/>\nEn 1994, on lui conf\u00e9ra le <strong>Prix Nationale Culture de la Paix \u00e0 la m\u00e9moire<\/strong>, une reconnaissance de l\u2019importance de son travail dans la promotion de la paix et de l\u2019amour entre les gens. Sa figure reste un exemple d\u2019humilit\u00e9, de compassion et d\u2019engagement pour le bien commun, un phare d\u2019esp\u00e9rance pour tous ceux qui cherchent \u00e0 suivre les valeurs \u00e9vang\u00e9liques dans leur vie quotidienne.<\/p>\n<div class=\"link-product\">\n<div class=\"blocco-immagine\"><img loading=\"lazy\" decoding=\"async\" class=\"alignnone size-full wp-image-10387\" src=\"https:\/\/blog.holyart.it\/fr\/wp-content\/uploads\/sites\/14\/2025\/05\/Attributs-episcopaux.jpg\" alt=\"Attributs \u00e9piscopaux\" width=\"100\" height=\"100\" data-kale-share-title=\"Don Tonino Bello : qui \u00e9tait l\u2019\u00e9v\u00eaque devenu V\u00e9n\u00e9rable ?\" data-kale-share-url=\"https:\/\/blog.holyart.it\/fr\/?p=10381\" \/><\/div>\n<div class=\"blocco-contenuto\">\n<div class=\"blocco-acquista\">Acheter sur Holyart:<\/div>\n<div class=\"blocco-titolo\"><a href=\"https:\/\/www.holyart.fr\/accessoires-pour-la-liturgie\/attributs-episcopaux?page=1\">Attributs \u00e9piscopaux<\/a><\/div>\n<div class=\"blocco-descrizione\">Dans cette cat\u00e9gorie, vous trouverez des anneaux pastorals, des anneaux pour \u00e9v\u00eaques, des croix \u00e9piscopales&#8230;<\/div>\n<\/div>\n<\/div>\n<h2>Qu\u2019est-ce que Don Tonino Bello a fait ?<\/h2>\n<p>Mais qu\u2019est-ce que Don Tonino Bello a fait pour le rendre si sp\u00e9cial ? Outre sa proximit\u00e9 avec les gens, il a \u00e9t\u00e9 un fervent <strong>d\u00e9fenseur de la justice sociale<\/strong>. Il a utilis\u00e9 sa voix et son \u00e9nergie dans la <strong>d\u00e9nonciation des injustices<\/strong>, dans la <strong>d\u00e9fense des droits humains<\/strong> et dans la promotion d\u2019une <strong>soci\u00e9t\u00e9 plus inclusive et \u00e9quitable<\/strong>. Il a travaill\u00e9 inlassablement pour <strong>soulager la souffrance des pauvres, des malades et des marginaux<\/strong>, en pr\u00f4nant un message d\u2019amour, compassion et accueil pour tous.<\/p>\n<p>Son <strong>engagement pour la paix et pour la r\u00e9conciliation<\/strong> a \u00e9t\u00e9 un autre aspect distinctif de son \u0153uvre pastorale. Pendant une p\u00e9riode particuli\u00e8rement turbulente de l\u2019histoire italienne, Don Tonino Bello a promu rencontres et dialogue entre personnes de diff\u00e9rentes id\u00e9ologies et convictions, en essayant de surmonter les divisions et de construire des ponts entre les gens. Sa voix pacifique et conciliante a contribu\u00e9 \u00e0 calmer les esprits et \u00e0 favoriser le dialogue constructif.<\/p>\n<h2>Don Tonino Bello V\u00e9n\u00e9rable<\/h2>\n<p>Le 3 juillet 2020, Pape Fran\u00e7ois a reconnu l\u2019h\u00e9ro\u00efsme de la vertu de Don Tonino Bello, en lui conf\u00e9rant le <strong>titre de <em>V\u00e9n\u00e9rable<\/em><\/strong>. C\u2019est un pas significatif dans le processus de b\u00e9atification et de canonisation, qui pourrait amener Don Tonino Bello \u00e0 \u00eatre reconnu comme un saint de l\u2019\u00c9glise catholique. Rappelons, en effet, que, selon le droit canonique, le <a href=\"https:\/\/www.holyart.fr\/blog\/articles-religieux\/comment-devient-on-saint-expliquons-le-processus-de-sanctification\/\"><strong><u>processus de Sanctification<\/u><\/strong><\/a> pr\u00e9voit diff\u00e9rents passages : le candidat doit \u00eatre d\u2019abord proclam\u00e9 <strong>Serviteur de Dieu<\/strong>, puis <strong>V\u00e9n\u00e9rable<\/strong>, ensuite <strong>Bienheureux<\/strong> et enfin <strong>Saint<\/strong>. La <strong>r\u00e9putation de Saintet\u00e9<\/strong> n\u00e9cessaire \u00e0 Don Tonino pour \u00eatre \u00e9lev\u00e9 au titre de V\u00e9n\u00e9rable vient des t\u00e9moignages des gens communes qui l\u2019ont connu et auxquelles il a laiss\u00e9 un <strong>h\u00e9ritage d\u2019amour, de compassion, de d\u00e9vouement<\/strong>. Gr\u00e2ce \u00e0 ces attestations, l\u2019\u00c9glise catholique a reconnu en lui un exemple de saintet\u00e9 et d\u2019humanit\u00e9, un t\u00e9moignage vivant du message \u00e9vang\u00e9lique, dont la m\u00e9moire continue d\u2019inspirer et de guider de nombreuses personnes dans le chemin de la foi et de la charit\u00e9.<\/p>\n<div class=\"link-article\">\n<p><img loading=\"lazy\" decoding=\"async\" class=\"alignnone size-full wp-image-10388\" src=\"https:\/\/blog.holyart.it\/fr\/wp-content\/uploads\/sites\/14\/2025\/05\/Comment-devient-on-saint.jpg\" alt=\"Comment devient-on saint\" width=\"150\" height=\"99\" data-kale-share-title=\"Don Tonino Bello : qui \u00e9tait l\u2019\u00e9v\u00eaque devenu V\u00e9n\u00e9rable ?\" data-kale-share-url=\"https:\/\/blog.holyart.it\/fr\/?p=10381\" \/><\/p>\n<div class=\"leggi-anche\">Lire aussi :<\/div>\n<p><strong><a href=\"https:\/\/www.holyart.fr\/blog\/articles-religieux\/comment-devient-on-saint-expliquons-le-processus-de-sanctification\/\">Comment devient-on saint ? Expliquons le processus de Sanctification<\/a><\/strong><br \/>\nLe processus de Sanctification est compos\u00e9 de diff\u00e9rentes phases et&#8230;<\/p>\n<\/div>\n<h2>Phrases de Don Tonino Bello<\/h2>\n<p>Don Tonino Bello a \u00e9galement \u00e9t\u00e9 un th\u00e9ologien et un \u00e9crivain d\u2019une grande sensibilit\u00e9, connu pour ses magnifiques <strong>pages d\u00e9di\u00e9es \u00e0 Marie<\/strong>. Sa d\u00e9votion Mariale a \u00e9t\u00e9 une caract\u00e9ristique distinctive de son minist\u00e8re.<\/p>\n<p>Beaucoup de ses <strong>phrases<\/strong> sont \u00e9galement c\u00e9l\u00e8bres, phrases avec lesquelles il affirmait que <strong>Dieu nous parle \u00e0 travers les pauvres<\/strong> que nous rencontrons dans la rue et qu\u2019il est pr\u00e9sent dans le c\u0153ur de chaque individu. D\u2019autres phrases expriment sa profonde <strong>gratitude pour le don de la vie<\/strong>, l\u2019invitation \u00e0 \u00eatre fier de cette pr\u00e9cieuse existence et de <strong>vivre avec amour et compassion<\/strong> vers les autres, en reconnaissant en chacun le reflet de l\u2019amour divin.<\/p>\n<p>Les phrases de Don Tonino Bello refl\u00e8tent la profondeur de sa foi et de sa vision d\u2019un monde meilleur. Parmi ses phrases les plus c\u00e9l\u00e8bres, nous trouvons :<\/p>\n<p>\u00ab\u00a0<em>Notre pri\u00e8re n\u2019a jamais \u00e9t\u00e9 aussi urgente qu\u2019aujourd\u2019hui. Prions, mais ensuite devenons pri\u00e8re<\/em>\u00a0\u00bb\u00a0;<\/p>\n<p>\u00ab\u00a0<em>Nous voulons servir Christ, mais \u00e0 notre mani\u00e8re, sans comprendre que servir Christ est suivre les traces de Christ<\/em>\u00a0\u00bb\u00a0;<\/p>\n<p>\u00ab\u00a0<em>Partagez vos richesses, faites-en part \u00e0 ceux qui n\u2019en ont pas, aux d\u00e9sh\u00e9rit\u00e9s de la vie. Pas seulement \u00e0 ceux qui n\u2019ont pas d\u2019argent, mais aussi \u00e0 ceux qui ont le portefeuille rempli et le c\u0153ur vide\u00a0! Et \u00e0 ceux qui n\u2019ont pas la sante, qui sont \u00e9puis\u00e9s, fatigu\u00e9s, qui n\u2019en peuvent plus<\/em>\u00a0\u00bb\u00a0;<\/p>\n<p>\u00ab\u00a0<em>Je souhaite te remercier, Seigneur, pour le don de la vie. J\u2019ai lu quelque part que les hommes sont des anges avec une seule aile\u00a0: ils peuvent voler uniquement en restant dans les bras les uns des autres. Parfois, dans les moments de confidence, j\u2019ose penser, Seigneur, que toi aussi, tu n\u2019as qu\u2019une seule aile. L\u2019autre, tu la gardes cach\u00e9e : peut-\u00eatre pour me faire comprendre que tu ne veux pas voler sans moi<\/em>\u00a0\u00bb.<\/p>\n<h2>Pri\u00e8res de Don Tonino Bello<\/h2>\n<p>Les <strong>pri\u00e8res de Don Tonino Bello<\/strong> sont un tr\u00e9sor spirituel pour de nombreux fid\u00e8les, et certaines d\u2019entre elles sont devenues de v\u00e9ritables invocations pour trouver du r\u00e9confort, de l\u2019esp\u00e9rance et de l\u2019inspiration. Sa profonde spiritualit\u00e9 se refl\u00e8te dans ses pri\u00e8res, dans lesquelles \u00e9mergent sa confiance en Dieu et son d\u00e9vouement \u00e0 la cause de l\u2019amour universel.<\/p>\n<p>Pensons \u00e0 la <strong>Pri\u00e8re pour le <a href=\"https:\/\/www.holyart.fr\/blog\/articles-religieux\/les-7-dons-du-saint-esprit-quels-sont-ils-et-leur-signification\/\"><u>Saint-Esprit<\/u><\/a><\/strong> en l\u2019honneur de la Pentec\u00f4te, une invocation implorante au courage et \u00e0 la conversion. En voici la premi\u00e8re strophe\u00a0:<\/p>\n<p><em>Esprit de Dieu, qui aux d\u00e9buts de la cr\u00e9ation te lib\u00e9rais sur les abysses de l\u2019univers et transformais en sourire de beaut\u00e9 le grand b\u00e2illement des choses, descend encore sur la terre et donne-lui le frisson des commencements.<\/em><br \/>\n<em>Ce monde qui vieillit, effleure-le avec l\u2019aile de ta gloire. Dissipe ses rides. Bande les blessures que l\u2019\u00e9go\u00efsme effr\u00e9n\u00e9 des hommes a trac\u00e9 sur sa peau. Apaise avec l\u2019huile de la tendresse les br\u00fblures de sa cro\u00fbte. Rends-lui le manteau de l\u2019ancienne splendeur, que nos violences lui ont arrach\u00e9, et renverse sur ses chairs dess\u00e9ch\u00e9es des jarres de parfums.<\/em><br \/>\n<em>Impr\u00e8gne toute chose, et poss\u00e8des-en le c\u0153ur. Fais-nous percevoir ta pr\u00e9sence endolorie dans le g\u00e9missement des for\u00eats arrach\u00e9es, dans le hurlement des mers pollu\u00e9es, dans le pleur des ruisseaux dess\u00e9ch\u00e9s, dans la visqueuse d\u00e9solation des plages de bitume.<\/em><\/p>\n<p><em>Rends-nous la joie des d\u00e9buts. D\u00e9verse-toi sans mesure sur toutes nos afflictions. Lib\u00e8re-toi encore sur notre vieux monde en danger. Et le d\u00e9sert, enfin, deviendra jardin, et dans le jardin fleurira l\u2019arbre de la justice, et fruit de la justice sera la paix.<\/em><\/p>\n<div class=\"link-article\">\n<p><img loading=\"lazy\" decoding=\"async\" class=\"alignnone size-full wp-image-10390\" src=\"https:\/\/blog.holyart.it\/fr\/wp-content\/uploads\/sites\/14\/2025\/05\/Les-7-dons-du-Saint-Esprit.jpg\" alt=\"Les 7 dons du Saint-Esprit\" width=\"150\" height=\"99\" data-kale-share-title=\"Don Tonino Bello : qui \u00e9tait l\u2019\u00e9v\u00eaque devenu V\u00e9n\u00e9rable ?\" data-kale-share-url=\"https:\/\/blog.holyart.it\/fr\/?p=10381\" \/><\/p>\n<div class=\"leggi-anche\">Lire aussi :<\/div>\n<p><strong><a href=\"https:\/\/www.holyart.fr\/blog\/articles-religieux\/les-7-dons-du-saint-esprit-quels-sont-ils-et-leur-signification\/\">Les 7 dons du Saint-Esprit : quels sont-ils et leur signification<\/a><\/strong><br \/>\nLes dons du Saint-Esprit rendent l\u2019homme docile \u00e0 suivre les inspirations divines et d\u00e9finissent son rapport avec Dieu,&#8230;<\/p>\n<\/div>\n<p>Ou une des <strong><a href=\"https:\/\/www.holyart.fr\/blog\/articles-religieux\/7-octobre-fete-de-notre-dame-du-rosaire\/\"><u>Pri\u00e8res \u00e0 Marie<\/u><\/a> de Tonino Bello<\/strong>, o\u00f9 la Vierge devient notre compagnon de voyage contre les injustices du monde, pour construire un futur meilleur pour nous et pour les nouvelles g\u00e9n\u00e9rations\u00a0:<\/p>\n<p><em>Sainte Marie, Vierge du matin, donne-nous la joie de deviner, dans les brouillards de l\u2019aurore, les espoirs du jour nouveau. Inspire-nous des paroles de courage. Fais que notre voix ne tremble pas quand, en d\u00e9pit de toutes les m\u00e9chancet\u00e9s et des p\u00e9ch\u00e9s qui vieillissent le monde, nous osons annoncer que des temps meilleurs viendront. Ne permets pas que sur nos l\u00e8vres la plainte ne l\u2019emporte jamais sur l\u2019\u00e9tonnement, que le d\u00e9couragement domine le travail, que le scepticisme \u00e9crase l\u2019enthousiasme, et que la lourdeur du pass\u00e9 nous emp\u00eache de faire cr\u00e9dit \u00e0 l\u2019avenir. Multiplie nos \u00e9nergies pour que nous sachions les investir dans la seule affaire encore rentable sur le march\u00e9 de la civilisation\u00a0: la pr\u00e9vention, pour les nouvelles g\u00e9n\u00e9rations, des maux atroces qui coupent aujourd\u2019hui la respiration de la terre. Donne \u00e0 nos voix la cadence des all\u00e9luias de P\u00e2ques. Impr\u00e8gne de r\u00eaves les sables de notre r\u00e9alisme. Fais-nous aimer les chaudes utopies par les plaies desquelles l\u2019esp\u00e9rance saigne sur le monde. Aide-nous \u00e0 comprendre que montrer les bourgeons qui poussent sur les branches vaut plus que pleurer sur les feuilles qui tombent. Et donne-nous la certitude de celui qui voit d\u00e9j\u00e0 l\u2019orient s\u2019incendier aux premiers rayons du soleil.<\/em><\/p>\n<div class=\"link-article\">\n<p><img loading=\"lazy\" decoding=\"async\" class=\"alignnone size-full wp-image-10392\" src=\"https:\/\/blog.holyart.it\/fr\/wp-content\/uploads\/sites\/14\/2025\/05\/7-octobre-fete-de-Notre-Dame-du-Rosaire.jpg\" alt=\"7 octobre f\u00eate de Notre-Dame du Rosaire\" width=\"150\" height=\"99\" data-kale-share-title=\"Don Tonino Bello : qui \u00e9tait l\u2019\u00e9v\u00eaque devenu V\u00e9n\u00e9rable ?\" data-kale-share-url=\"https:\/\/blog.holyart.it\/fr\/?p=10381\" \/><\/p>\n<div class=\"leggi-anche\">Lire aussi :<\/div>\n<p><strong><a href=\"https:\/\/www.holyart.fr\/blog\/articles-religieux\/7-octobre-fete-de-notre-dame-du-rosaire\/\">7 octobre : f\u00eate de Notre-Dame du Rosaire<\/a><\/strong><br \/>\nNotre-Dame du Rosaire est f\u00eat\u00e9e le 7 octobre. N\u00e9e du souvenir d\u2019une victoire militaire chr\u00e9tienne,&#8230;<\/p>\n<\/div>\n","protected":false},"excerpt":{"rendered":"<p>Don Tonino Bello a \u00e9t\u00e9 un tel exemple d\u2019humilit\u00e9 et de d\u00e9vouement \u00e0 son prochain qu\u2019il a m\u00e9rit\u00e9 l\u2019ouverture de la proc\u00e9dure de B\u00e9atification. D\u00e9couvrons qui il \u00e9tait et comment cet \u00e9v\u00eaque ayant re\u00e7u le titre de V\u00e9n\u00e9rable a essay\u00e9 d\u2019am\u00e9liorer le monde. Don Tonino&hellip;<\/p>\n","protected":false},"author":1,"featured_media":10382,"comment_status":"closed","ping_status":"open","sticky":false,"template":"","format":"standard","meta":{"_acf_changed":false,"footnotes":""},"categories":[8],"tags":[],"class_list":["post-10381","post","type-post","status-publish","format-standard","has-post-thumbnail","hentry","category-articles-religieux"],"acf":[],"yoast_head":"<!-- This site is optimized with the Yoast SEO plugin v26.6 - https:\/\/yoast.com\/wordpress\/plugins\/seo\/ -->\n<title>Don Tonino Bello : qui \u00e9tait l\u2019\u00e9v\u00eaque devenu V\u00e9n\u00e9rable ? - Holyart.fr Blog<\/title>\n<meta name=\"description\" content=\"Don Tonino Bello, \u00c9v\u00eaque V\u00e9n\u00e9rable, v\u00e9cut au service des pauvres et des marginalis\u00e9s, en faisant de son existence enti\u00e8re une expression vivante de l\u2019\u00c9vangile.\" \/>\n<meta name=\"robots\" content=\"index, follow, max-snippet:-1, max-image-preview:large, max-video-preview:-1\" \/>\n<link rel=\"canonical\" href=\"https:\/\/blog.holyart.it\/fr\/articles-religieux\/don-tonino-bello-qui-etait-leveque-devenu-venerable\/\" \/>\n<meta property=\"og:locale\" content=\"fr_FR\" \/>\n<meta property=\"og:type\" content=\"article\" \/>\n<meta property=\"og:title\" content=\"Don Tonino Bello : qui \u00e9tait l\u2019\u00e9v\u00eaque devenu V\u00e9n\u00e9rable ? - Holyart.fr Blog\" \/>\n<meta property=\"og:description\" content=\"Don Tonino Bello, \u00c9v\u00eaque V\u00e9n\u00e9rable, v\u00e9cut au service des pauvres et des marginalis\u00e9s, en faisant de son existence enti\u00e8re une expression vivante de l\u2019\u00c9vangile.\" \/>\n<meta property=\"og:url\" content=\"https:\/\/blog.holyart.it\/fr\/articles-religieux\/don-tonino-bello-qui-etait-leveque-devenu-venerable\/\" \/>\n<meta property=\"og:site_name\" content=\"Holyart.fr Blog\" \/>\n<meta property=\"article:published_time\" content=\"2025-06-04T08:00:32+00:00\" \/>\n<meta property=\"og:image\" content=\"https:\/\/blog.holyart.it\/fr\/wp-content\/uploads\/sites\/14\/2025\/05\/Don-Tonino-Bello.jpg\" \/>\n\t<meta property=\"og:image:width\" content=\"1000\" \/>\n\t<meta property=\"og:image:height\" content=\"666\" \/>\n\t<meta property=\"og:image:type\" content=\"image\/jpeg\" \/>\n<meta name=\"author\" content=\"Redazione\" \/>\n<meta name=\"twitter:card\" content=\"summary_large_image\" \/>\n<meta name=\"twitter:label1\" content=\"\u00c9crit par\" \/>\n\t<meta name=\"twitter:data1\" content=\"Redazione\" \/>\n\t<meta name=\"twitter:label2\" content=\"Dur\u00e9e de lecture estim\u00e9e\" \/>\n\t<meta name=\"twitter:data2\" content=\"12 minutes\" \/>\n<script type=\"application\/ld+json\" class=\"yoast-schema-graph\">{\"@context\":\"https:\/\/schema.org\",\"@graph\":[{\"@type\":\"Article\",\"@id\":\"https:\/\/blog.holyart.it\/fr\/articles-religieux\/don-tonino-bello-qui-etait-leveque-devenu-venerable\/#article\",\"isPartOf\":{\"@id\":\"https:\/\/blog.holyart.it\/fr\/articles-religieux\/don-tonino-bello-qui-etait-leveque-devenu-venerable\/\"},\"author\":{\"name\":\"Redazione\",\"@id\":\"https:\/\/blog.holyart.it\/fr\/#\/schema\/person\/0a7b686e5af0f856ec1e390dd0baecda\"},\"headline\":\"Don Tonino Bello : qui \u00e9tait l\u2019\u00e9v\u00eaque devenu V\u00e9n\u00e9rable ?\",\"datePublished\":\"2025-06-04T08:00:32+00:00\",\"mainEntityOfPage\":{\"@id\":\"https:\/\/blog.holyart.it\/fr\/articles-religieux\/don-tonino-bello-qui-etait-leveque-devenu-venerable\/\"},\"wordCount\":2284,\"publisher\":{\"@id\":\"https:\/\/blog.holyart.it\/fr\/#organization\"},\"image\":{\"@id\":\"https:\/\/blog.holyart.it\/fr\/articles-religieux\/don-tonino-bello-qui-etait-leveque-devenu-venerable\/#primaryimage\"},\"thumbnailUrl\":\"https:\/\/blog.holyart.it\/fr\/wp-content\/uploads\/sites\/14\/2025\/05\/Don-Tonino-Bello.jpg\",\"articleSection\":[\"Religion\"],\"inLanguage\":\"fr-FR\"},{\"@type\":\"WebPage\",\"@id\":\"https:\/\/blog.holyart.it\/fr\/articles-religieux\/don-tonino-bello-qui-etait-leveque-devenu-venerable\/\",\"url\":\"https:\/\/blog.holyart.it\/fr\/articles-religieux\/don-tonino-bello-qui-etait-leveque-devenu-venerable\/\",\"name\":\"Don Tonino Bello : qui \u00e9tait l\u2019\u00e9v\u00eaque devenu V\u00e9n\u00e9rable ? - Holyart.fr Blog\",\"isPartOf\":{\"@id\":\"https:\/\/blog.holyart.it\/fr\/#website\"},\"primaryImageOfPage\":{\"@id\":\"https:\/\/blog.holyart.it\/fr\/articles-religieux\/don-tonino-bello-qui-etait-leveque-devenu-venerable\/#primaryimage\"},\"image\":{\"@id\":\"https:\/\/blog.holyart.it\/fr\/articles-religieux\/don-tonino-bello-qui-etait-leveque-devenu-venerable\/#primaryimage\"},\"thumbnailUrl\":\"https:\/\/blog.holyart.it\/fr\/wp-content\/uploads\/sites\/14\/2025\/05\/Don-Tonino-Bello.jpg\",\"datePublished\":\"2025-06-04T08:00:32+00:00\",\"description\":\"Don Tonino Bello, \u00c9v\u00eaque V\u00e9n\u00e9rable, v\u00e9cut au service des pauvres et des marginalis\u00e9s, en faisant de son existence enti\u00e8re une expression vivante de l\u2019\u00c9vangile.\",\"breadcrumb\":{\"@id\":\"https:\/\/blog.holyart.it\/fr\/articles-religieux\/don-tonino-bello-qui-etait-leveque-devenu-venerable\/#breadcrumb\"},\"inLanguage\":\"fr-FR\",\"potentialAction\":[{\"@type\":\"ReadAction\",\"target\":[\"https:\/\/blog.holyart.it\/fr\/articles-religieux\/don-tonino-bello-qui-etait-leveque-devenu-venerable\/\"]}]},{\"@type\":\"ImageObject\",\"inLanguage\":\"fr-FR\",\"@id\":\"https:\/\/blog.holyart.it\/fr\/articles-religieux\/don-tonino-bello-qui-etait-leveque-devenu-venerable\/#primaryimage\",\"url\":\"https:\/\/blog.holyart.it\/fr\/wp-content\/uploads\/sites\/14\/2025\/05\/Don-Tonino-Bello.jpg\",\"contentUrl\":\"https:\/\/blog.holyart.it\/fr\/wp-content\/uploads\/sites\/14\/2025\/05\/Don-Tonino-Bello.jpg\",\"width\":1000,\"height\":666,\"caption\":\"Don Tonino Bello\"},{\"@type\":\"BreadcrumbList\",\"@id\":\"https:\/\/blog.holyart.it\/fr\/articles-religieux\/don-tonino-bello-qui-etait-leveque-devenu-venerable\/#breadcrumb\",\"itemListElement\":[{\"@type\":\"ListItem\",\"position\":1,\"name\":\"Homepage\",\"item\":\"https:\/\/blog.holyart.it\/fr\/\"},{\"@type\":\"ListItem\",\"position\":2,\"name\":\"Religion\",\"item\":\"https:\/\/blog.holyart.it\/fr\/articles-religieux\/\"},{\"@type\":\"ListItem\",\"position\":3,\"name\":\"Don Tonino Bello : qui \u00e9tait l\u2019\u00e9v\u00eaque devenu V\u00e9n\u00e9rable ?\"}]},{\"@type\":\"WebSite\",\"@id\":\"https:\/\/blog.holyart.it\/fr\/#website\",\"url\":\"https:\/\/blog.holyart.it\/fr\/\",\"name\":\"Holyart.fr Blog\",\"description\":\"Holyblog\",\"publisher\":{\"@id\":\"https:\/\/blog.holyart.it\/fr\/#organization\"},\"potentialAction\":[{\"@type\":\"SearchAction\",\"target\":{\"@type\":\"EntryPoint\",\"urlTemplate\":\"https:\/\/blog.holyart.it\/fr\/?s={search_term_string}\"},\"query-input\":{\"@type\":\"PropertyValueSpecification\",\"valueRequired\":true,\"valueName\":\"search_term_string\"}}],\"inLanguage\":\"fr-FR\"},{\"@type\":\"Organization\",\"@id\":\"https:\/\/blog.holyart.it\/fr\/#organization\",\"name\":\"Holyart.fr Blog\",\"url\":\"https:\/\/blog.holyart.it\/fr\/\",\"logo\":{\"@type\":\"ImageObject\",\"inLanguage\":\"fr-FR\",\"@id\":\"https:\/\/blog.holyart.it\/fr\/#\/schema\/logo\/image\/\",\"url\":\"https:\/\/blog.holyart.it\/fr\/wp-content\/uploads\/sites\/14\/2022\/12\/Holyart_Blog_Logo.jpg\",\"contentUrl\":\"https:\/\/blog.holyart.it\/fr\/wp-content\/uploads\/sites\/14\/2022\/12\/Holyart_Blog_Logo.jpg\",\"width\":300,\"height\":50,\"caption\":\"Holyart.fr Blog\"},\"image\":{\"@id\":\"https:\/\/blog.holyart.it\/fr\/#\/schema\/logo\/image\/\"}},{\"@type\":\"Person\",\"@id\":\"https:\/\/blog.holyart.it\/fr\/#\/schema\/person\/0a7b686e5af0f856ec1e390dd0baecda\",\"name\":\"Redazione\",\"image\":{\"@type\":\"ImageObject\",\"inLanguage\":\"fr-FR\",\"@id\":\"https:\/\/blog.holyart.it\/fr\/#\/schema\/person\/image\/\",\"url\":\"https:\/\/secure.gravatar.com\/avatar\/f477da817f43e50d0af36abecd33e3edf826c68299714bdc1057dff3b113f516?s=96&d=mm&r=g\",\"contentUrl\":\"https:\/\/secure.gravatar.com\/avatar\/f477da817f43e50d0af36abecd33e3edf826c68299714bdc1057dff3b113f516?s=96&d=mm&r=g\",\"caption\":\"Redazione\"},\"url\":\"https:\/\/blog.holyart.it\/fr\/author\/admin\/\"}]}<\/script>\n<!-- \/ Yoast SEO plugin. -->","yoast_head_json":{"title":"Don Tonino Bello : qui \u00e9tait l\u2019\u00e9v\u00eaque devenu V\u00e9n\u00e9rable ? - Holyart.fr Blog","description":"Don Tonino Bello, \u00c9v\u00eaque V\u00e9n\u00e9rable, v\u00e9cut au service des pauvres et des marginalis\u00e9s, en faisant de son existence enti\u00e8re une expression vivante de l\u2019\u00c9vangile.","robots":{"index":"index","follow":"follow","max-snippet":"max-snippet:-1","max-image-preview":"max-image-preview:large","max-video-preview":"max-video-preview:-1"},"canonical":"https:\/\/blog.holyart.it\/fr\/articles-religieux\/don-tonino-bello-qui-etait-leveque-devenu-venerable\/","og_locale":"fr_FR","og_type":"article","og_title":"Don Tonino Bello : qui \u00e9tait l\u2019\u00e9v\u00eaque devenu V\u00e9n\u00e9rable ? - Holyart.fr Blog","og_description":"Don Tonino Bello, \u00c9v\u00eaque V\u00e9n\u00e9rable, v\u00e9cut au service des pauvres et des marginalis\u00e9s, en faisant de son existence enti\u00e8re une expression vivante de l\u2019\u00c9vangile.","og_url":"https:\/\/blog.holyart.it\/fr\/articles-religieux\/don-tonino-bello-qui-etait-leveque-devenu-venerable\/","og_site_name":"Holyart.fr Blog","article_published_time":"2025-06-04T08:00:32+00:00","og_image":[{"width":1000,"height":666,"url":"https:\/\/blog.holyart.it\/fr\/wp-content\/uploads\/sites\/14\/2025\/05\/Don-Tonino-Bello.jpg","type":"image\/jpeg"}],"author":"Redazione","twitter_card":"summary_large_image","twitter_misc":{"\u00c9crit par":"Redazione","Dur\u00e9e de lecture estim\u00e9e":"12 minutes"},"schema":{"@context":"https:\/\/schema.org","@graph":[{"@type":"Article","@id":"https:\/\/blog.holyart.it\/fr\/articles-religieux\/don-tonino-bello-qui-etait-leveque-devenu-venerable\/#article","isPartOf":{"@id":"https:\/\/blog.holyart.it\/fr\/articles-religieux\/don-tonino-bello-qui-etait-leveque-devenu-venerable\/"},"author":{"name":"Redazione","@id":"https:\/\/blog.holyart.it\/fr\/#\/schema\/person\/0a7b686e5af0f856ec1e390dd0baecda"},"headline":"Don Tonino Bello : qui \u00e9tait l\u2019\u00e9v\u00eaque devenu V\u00e9n\u00e9rable ?","datePublished":"2025-06-04T08:00:32+00:00","mainEntityOfPage":{"@id":"https:\/\/blog.holyart.it\/fr\/articles-religieux\/don-tonino-bello-qui-etait-leveque-devenu-venerable\/"},"wordCount":2284,"publisher":{"@id":"https:\/\/blog.holyart.it\/fr\/#organization"},"image":{"@id":"https:\/\/blog.holyart.it\/fr\/articles-religieux\/don-tonino-bello-qui-etait-leveque-devenu-venerable\/#primaryimage"},"thumbnailUrl":"https:\/\/blog.holyart.it\/fr\/wp-content\/uploads\/sites\/14\/2025\/05\/Don-Tonino-Bello.jpg","articleSection":["Religion"],"inLanguage":"fr-FR"},{"@type":"WebPage","@id":"https:\/\/blog.holyart.it\/fr\/articles-religieux\/don-tonino-bello-qui-etait-leveque-devenu-venerable\/","url":"https:\/\/blog.holyart.it\/fr\/articles-religieux\/don-tonino-bello-qui-etait-leveque-devenu-venerable\/","name":"Don Tonino Bello : qui \u00e9tait l\u2019\u00e9v\u00eaque devenu V\u00e9n\u00e9rable ? - Holyart.fr Blog","isPartOf":{"@id":"https:\/\/blog.holyart.it\/fr\/#website"},"primaryImageOfPage":{"@id":"https:\/\/blog.holyart.it\/fr\/articles-religieux\/don-tonino-bello-qui-etait-leveque-devenu-venerable\/#primaryimage"},"image":{"@id":"https:\/\/blog.holyart.it\/fr\/articles-religieux\/don-tonino-bello-qui-etait-leveque-devenu-venerable\/#primaryimage"},"thumbnailUrl":"https:\/\/blog.holyart.it\/fr\/wp-content\/uploads\/sites\/14\/2025\/05\/Don-Tonino-Bello.jpg","datePublished":"2025-06-04T08:00:32+00:00","description":"Don Tonino Bello, \u00c9v\u00eaque V\u00e9n\u00e9rable, v\u00e9cut au service des pauvres et des marginalis\u00e9s, en faisant de son existence enti\u00e8re une expression vivante de l\u2019\u00c9vangile.","breadcrumb":{"@id":"https:\/\/blog.holyart.it\/fr\/articles-religieux\/don-tonino-bello-qui-etait-leveque-devenu-venerable\/#breadcrumb"},"inLanguage":"fr-FR","potentialAction":[{"@type":"ReadAction","target":["https:\/\/blog.holyart.it\/fr\/articles-religieux\/don-tonino-bello-qui-etait-leveque-devenu-venerable\/"]}]},{"@type":"ImageObject","inLanguage":"fr-FR","@id":"https:\/\/blog.holyart.it\/fr\/articles-religieux\/don-tonino-bello-qui-etait-leveque-devenu-venerable\/#primaryimage","url":"https:\/\/blog.holyart.it\/fr\/wp-content\/uploads\/sites\/14\/2025\/05\/Don-Tonino-Bello.jpg","contentUrl":"https:\/\/blog.holyart.it\/fr\/wp-content\/uploads\/sites\/14\/2025\/05\/Don-Tonino-Bello.jpg","width":1000,"height":666,"caption":"Don Tonino Bello"},{"@type":"BreadcrumbList","@id":"https:\/\/blog.holyart.it\/fr\/articles-religieux\/don-tonino-bello-qui-etait-leveque-devenu-venerable\/#breadcrumb","itemListElement":[{"@type":"ListItem","position":1,"name":"Homepage","item":"https:\/\/blog.holyart.it\/fr\/"},{"@type":"ListItem","position":2,"name":"Religion","item":"https:\/\/blog.holyart.it\/fr\/articles-religieux\/"},{"@type":"ListItem","position":3,"name":"Don Tonino Bello : qui \u00e9tait l\u2019\u00e9v\u00eaque devenu V\u00e9n\u00e9rable ?"}]},{"@type":"WebSite","@id":"https:\/\/blog.holyart.it\/fr\/#website","url":"https:\/\/blog.holyart.it\/fr\/","name":"Holyart.fr Blog","description":"Holyblog","publisher":{"@id":"https:\/\/blog.holyart.it\/fr\/#organization"},"potentialAction":[{"@type":"SearchAction","target":{"@type":"EntryPoint","urlTemplate":"https:\/\/blog.holyart.it\/fr\/?s={search_term_string}"},"query-input":{"@type":"PropertyValueSpecification","valueRequired":true,"valueName":"search_term_string"}}],"inLanguage":"fr-FR"},{"@type":"Organization","@id":"https:\/\/blog.holyart.it\/fr\/#organization","name":"Holyart.fr Blog","url":"https:\/\/blog.holyart.it\/fr\/","logo":{"@type":"ImageObject","inLanguage":"fr-FR","@id":"https:\/\/blog.holyart.it\/fr\/#\/schema\/logo\/image\/","url":"https:\/\/blog.holyart.it\/fr\/wp-content\/uploads\/sites\/14\/2022\/12\/Holyart_Blog_Logo.jpg","contentUrl":"https:\/\/blog.holyart.it\/fr\/wp-content\/uploads\/sites\/14\/2022\/12\/Holyart_Blog_Logo.jpg","width":300,"height":50,"caption":"Holyart.fr Blog"},"image":{"@id":"https:\/\/blog.holyart.it\/fr\/#\/schema\/logo\/image\/"}},{"@type":"Person","@id":"https:\/\/blog.holyart.it\/fr\/#\/schema\/person\/0a7b686e5af0f856ec1e390dd0baecda","name":"Redazione","image":{"@type":"ImageObject","inLanguage":"fr-FR","@id":"https:\/\/blog.holyart.it\/fr\/#\/schema\/person\/image\/","url":"https:\/\/secure.gravatar.com\/avatar\/f477da817f43e50d0af36abecd33e3edf826c68299714bdc1057dff3b113f516?s=96&d=mm&r=g","contentUrl":"https:\/\/secure.gravatar.com\/avatar\/f477da817f43e50d0af36abecd33e3edf826c68299714bdc1057dff3b113f516?s=96&d=mm&r=g","caption":"Redazione"},"url":"https:\/\/blog.holyart.it\/fr\/author\/admin\/"}]}},"_links":{"self":[{"href":"https:\/\/blog.holyart.it\/fr\/wp-json\/wp\/v2\/posts\/10381","targetHints":{"allow":["GET"]}}],"collection":[{"href":"https:\/\/blog.holyart.it\/fr\/wp-json\/wp\/v2\/posts"}],"about":[{"href":"https:\/\/blog.holyart.it\/fr\/wp-json\/wp\/v2\/types\/post"}],"author":[{"embeddable":true,"href":"https:\/\/blog.holyart.it\/fr\/wp-json\/wp\/v2\/users\/1"}],"replies":[{"embeddable":true,"href":"https:\/\/blog.holyart.it\/fr\/wp-json\/wp\/v2\/comments?post=10381"}],"version-history":[{"count":7,"href":"https:\/\/blog.holyart.it\/fr\/wp-json\/wp\/v2\/posts\/10381\/revisions"}],"predecessor-version":[{"id":10395,"href":"https:\/\/blog.holyart.it\/fr\/wp-json\/wp\/v2\/posts\/10381\/revisions\/10395"}],"wp:featuredmedia":[{"embeddable":true,"href":"https:\/\/blog.holyart.it\/fr\/wp-json\/wp\/v2\/media\/10382"}],"wp:attachment":[{"href":"https:\/\/blog.holyart.it\/fr\/wp-json\/wp\/v2\/media?parent=10381"}],"wp:term":[{"taxonomy":"category","embeddable":true,"href":"https:\/\/blog.holyart.it\/fr\/wp-json\/wp\/v2\/categories?post=10381"},{"taxonomy":"post_tag","embeddable":true,"href":"https:\/\/blog.holyart.it\/fr\/wp-json\/wp\/v2\/tags?post=10381"}],"curies":[{"name":"wp","href":"https:\/\/api.w.org\/{rel}","templated":true}]}}