{"id":1037,"date":"2019-01-01T15:17:40","date_gmt":"2019-01-01T14:17:40","guid":{"rendered":"https:\/\/blog.holyart.it\/fr\/?p=1037"},"modified":"2022-10-12T16:01:50","modified_gmt":"2022-10-12T14:01:50","slug":"mobilier-deglise-meubles-typiques-de-toutes-eglises-chretiennes","status":"publish","type":"post","link":"https:\/\/blog.holyart.it\/fr\/articles-religieux\/mobilier-deglise-meubles-typiques-de-toutes-eglises-chretiennes\/","title":{"rendered":"Mobilier d\u2019\u00e9glise : les meubles typiques de toutes les \u00e9glises chr\u00e9tiennes"},"content":{"rendered":"<p>L\u2019\u00e9glise est par excellence le lieu o\u00f9 les chr\u00e9tiens se r\u00e9unissent afin de partager leur foi et de c\u00e9l\u00e9brer les rites solennels qui y sont li\u00e9s. Depuis ses origines, il a \u00e9t\u00e9 n\u00e9cessaire de lui conf\u00e9rer une solennit\u00e9 et une sacralit\u00e9 sp\u00e9ciales. Pour ce faire, on a agi sur l\u2019architecture m\u00eame de l\u2019\u00e9difice, sur ses formes et ses volumes qui, d\u00e9j\u00e0 en soi, cachent d\u2019importantes symbolismes et significations profondes, mais \u00e9galement sur le choix et la disposition du mobilier liturgique destin\u00e9 \u00e0 en d\u00e9corer l\u2019int\u00e9rieur. Peu importe la p\u00e9riode historique pendant laquelle une \u00e9glise a \u00e9t\u00e9 construite, ou le style architectural auquel elle peut \u00eatre associ\u00e9e, elle devra \u00eatre toujours interpr\u00e9t\u00e9e comme un d\u00e9cor am\u00e9nag\u00e9 pour accueillir la <a href=\"https:\/\/www.holyart.fr\/accessoires-pour-la-liturgie?cPath=104&amp;\"><strong>liturgie<\/strong>.<\/a> L\u2019\u00e9difice, la r\u00e9partition de l\u2019espace et m\u00eame les d\u00e9corations d\u2019une \u00e9glise ont en effet pour point commun et central, la c\u00e9l\u00e9bration liturgique. Nous devons toujours tenir en compte le contexte historique et social dans lequel une \u00e9glise s\u2019est d\u00e9velopp\u00e9e. Dans l\u2019antiquit\u00e9, la magnificence architecturale d\u2019une \u00e9glise, l\u2019opulence de son mobilier liturgique \u00e9taient justifi\u00e9s par le fait qu\u2019ils devaient communiquer la magnificence et la solennit\u00e9 de la liturgie \u00e0 des hommes et des femmes d\u00e9pourvus de culture, souvent incapable de lire et d\u2019\u00e9crire, ou de comprendre une messe r\u00e9cit\u00e9e en latin. L\u2019\u00e9volution des fid\u00e8les pendant les si\u00e8cles est all\u00e9e de pair avec l\u2019\u00e9volution des lieux de culte, avec une perte progressive de la spectacularisation de la liturgie et des c\u00e9r\u00e9monies. Cela rend encore plus fascinant la d\u00e9couverte des changements advenus dans la conception et dans la planification du lieu de culte en fonction des nouvelles n\u00e9cessit\u00e9s.<\/p>\n<p>Nous n\u2019allons pas nous attarder trop dans cet article sur la r\u00e9partition de l\u2019espace \u00e0 l\u2019int\u00e9rieur des \u00e9glises. En quelques mots, nous pouvons g\u00e9n\u00e9raliser en disant que la plupart des anciennes \u00e9glises \u00e9taient constitu\u00e9es d\u2019une grande salle rectangulaire, ou en Croix latine, subdivis\u00e9e en nefs par des lignes de colonnes ou de piliers, toujours en nombre impair. La partie de l\u2019\u00e9glise r\u00e9serv\u00e9e au clerg\u00e9 c\u00e9l\u00e9brant, i.e. celle qui h\u00e9berge l\u2019autel, est le <strong>presbyt\u00e8re<\/strong>, derri\u00e8re lequel peuvent se trouver une ou plusieurs <strong>absides<\/strong>, des structures de forme semi-circulaire ou polygonale, qui peuvent accueillir la <strong>cath\u00e8dre<\/strong>, i.e. le tr\u00f4ne de l\u2019\u00c9v\u00eaque, et les <strong>subsellia<\/strong>, les bancs destin\u00e9s aux presbyt\u00e8res. Souvent, les anciennes \u00e9glises pr\u00e9sentaient \u00e9galement un <strong>transept<\/strong>, une structure architecturale qui coupe \u00e0 angle droit la nef centrale ou toutes les nefs au niveau du presbyt\u00e8re.<\/p>\n<p>Chaque \u00e9poque et chaque culture ont donn\u00e9 une interpr\u00e9tation personnelle sur comment un lieu de culte doit appara\u00eetre et quel message il doit exprimer. Mais certains \u00e9l\u00e9ments reviennent toujours et restent comme des points fixes tout au long de l\u2019histoire de la chr\u00e9tient\u00e9, \u00e0 partir des premi\u00e8res \u00e9glises pal\u00e9ochr\u00e9tiennes et du Haut Moyen \u00c2ge jusqu\u2019aux tr\u00e8s modernes \u00e9glises en acier et verre que nous voyons s\u2019\u00e9lever dans nos villes. Parlons maintenant du mobilier d\u2019\u00e9glise\u00a0: <strong>autels<\/strong>, <strong>ambons<\/strong>, <strong>prie-Dieu<\/strong>, <strong>fonts baptismaux<\/strong>, <strong>tabernacles<\/strong>, <strong>croix d\u2019autel<\/strong>, <strong>b\u00e9nitiers<\/strong> et ainsi de suite. Dans cet article, nous souhaitons les examiner un \u00e0 la fois, en essayant d\u2019identifier leur signification la plus authentique dans l\u2019espace eccl\u00e9siastique et la raison pour laquelle leur pr\u00e9sence dans une \u00e9glise ne pourrait jamais dispara\u00eetre. Examinons maintenant plus dans le d\u00e9tail le <a href=\"https:\/\/www.holyart.fr\/accessoires-pour-la-liturgie\/mobilier-deglise?cPath=104_108437&amp;\"><strong>mobilier liturgique<\/strong><\/a> dispos\u00e9 dans les diff\u00e9rentes zones de l\u2019\u00e9glise.<\/p>\n<h2><strong>Porte<\/strong><\/h2>\n<p>La porte d\u2019une \u00e9glise, soit elle petite ou grande, discr\u00e8te ou imposante, a une valeur symbolique fondamentale. Elle symbolise en effet J\u00e9sus, passage oblig\u00e9 \u00e0 travers lequel nous devons passer pour atteindre Dieu. C\u2019est un lieu de passage non seulement physique, mais surtout spirituel. Ceux qui d\u00e9passerons la porte de l\u2019\u00e9glise le feront pour laisser derri\u00e8re eux, ne serait-ce que pour quelques temps, le monde en dehors avec toutes ses contingences r\u00e9elles, pratiques, externes, afin d\u2019essayer de se mettre en contact avec sa spiritualit\u00e9, son \u00e2me et, \u00e0 travers elle, avec Dieu.<\/p>\n<p>Rien que le fait de d\u00e9passer le seuil d\u2019une porte d\u2019\u00e9glise implique la volont\u00e9 de se d\u00e9barrasser du p\u00e9ch\u00e9 et d\u2019entrer dans un \u00e9tat de gr\u00e2ce. Ce n\u2019est pas un hasard si les portails des \u00e9glises sont d\u00e9cor\u00e9s avec des bas-reliefs et des sculptures qui renvoient au Jugement universel et au concept de salut.<\/p>\n<h2><strong>Autel<\/strong><\/h2>\n<p>L\u2019autel est surement l\u2019\u00e9l\u00e9ment principal de chaque \u00e9glise. Il est le point central de la c\u00e9l\u00e9bration liturgique, le symbole de la <strong>pr\u00e9sence de Dieu<\/strong>, puisque c\u2019est sur lui qu\u2019on propose incessamment le sacrifice accompli par Christ. Devant l\u2019autel chaque fid\u00e8le exprime sa foi et sa participation \u00e0 l\u2019\u00e9glise non seulement en participant \u00e0 l\u2019Eucharistie, mais aussi en recevant les sacrements fondamentaux pour sa vie humaine et spirituelle. M\u00eame dans une \u00e9poque pr\u00e9-chr\u00e9tienne, dans d\u2019autres religions et cultures, l\u2019autel \u00e9tait une pi\u00e8ce de mobilier liturgique destin\u00e9 \u00e0 accueillir des sacrifices solennels et des serments de loyaut\u00e9 aux hommes et aux dieux. Dans les \u00e9glises chr\u00e9tiennes les plus grandes, l\u2019autel peut \u00eatre surmont\u00e9 par un <strong>ciborium<\/strong> ou <strong>symborium<\/strong>, un \u00e9l\u00e9ment architectural en forme de baldaquin.<\/p>\n<p>Lieu de sacrifice donc et d\u2019engagement solennel, l\u2019autel peut \u00eatre construit avec diff\u00e9rents mat\u00e9riaux et avoir diff\u00e9rentes formes. Certains autels sont constitu\u00e9s par un bloc en pierre ou en ma\u00e7onnerie, d\u2019autres avec une plaque de marbre pos\u00e9e sur des supports. Il y a des autels en pierre, en bois, en marbre. Dans l\u2019antiquit\u00e9, souvent, les autels \u00e9taient d\u00e9cor\u00e9s de panneaux finement cisel\u00e9s ou de plaques d\u2019or, argent ou bronze.<\/p>\n<p><img loading=\"lazy\" decoding=\"async\" class=\"alignleft size-medium wp-image-1045\" src=\"https:\/\/blog.holyart.it\/fr\/wp-content\/uploads\/sites\/14\/2018\/11\/bougie-dautel-bas-relief-300x300.jpg\" alt=\"bougie d'autel bas relief\" width=\"300\" height=\"300\" \/>Sur l\u2019autel se trouvent diff\u00e9rents objets liturgiques qui constituent l\u2019ameublement de l\u2019autel\u00a0: une <a href=\"https:\/\/www.holyart.fr\/accessoires-pour-la-liturgie\/vetements-liturgiques-et-linges-dautel\/nappes-dautel?cPath=104_108371_108419&amp;\"><strong>nappe d\u2019autel<\/strong><\/a>, blanche en g\u00e9n\u00e9rale, qui rappelle la table de la C\u00e8ne\u00a0; la <strong>croix<\/strong>, symbole du sacrifice de J\u00e9sus, de sa mort et de sa r\u00e9surrection\u00a0; les <strong>cierges<\/strong> ou les<a href=\"https:\/\/www.holyart.fr\/produits-de-consommation\/bougies-cierges-chandelles?23%5B%5D=1607&amp;p_min=&amp;p_max=\"> <strong>bougies d\u2019autel<\/strong><\/a>, qui symbolisent sa pr\u00e9sence et, par certains aspects, sa double nature de Dieu et d\u2019Homme. Souvent, la croix et les chandeliers sont assortis. Sur l\u2019autel se c\u00e9l\u00e8bre donc la <strong>pr\u00e9sence de J\u00e9sus<\/strong> (cierges), <strong>Son sacrifice<\/strong> (croix) et <strong>Sa promesse de salut<\/strong> pour tous les hommes avec le don de Son corps comme pain (nappe).<\/p>\n<p>La disposition de la nappe d\u2019autel, de la croix et des cierges n\u2019est jamais laiss\u00e9e au hasard. Chaque geste, chaque position est un \u00e9l\u00e9ment essentiel du myst\u00e8re liturgique et doit \u00eatre consid\u00e9r\u00e9 comme tel. Ces objets en particulier symbolisent la pr\u00e9sence de Christ aupr\u00e8s de l\u2019autel, en rendant ce dernier un lieu consacr\u00e9 \u00e0 Son sacrifice. En particulier, la croix doit \u00eatre en position centrale par rapport aux deux chandeliers ou cierges. Afin de rendre la c\u00e9l\u00e9bration liturgique plus ais\u00e9e au pr\u00eatre, dans certains cas on pr\u00e9f\u00e8re mettre la croix devant ou \u00e0 c\u00f4t\u00e9 de l\u2019autel, c\u00f4te \u00e0 c\u00f4te avec les deux chandeliers, mais en ligne de principe leur collocation devrait \u00eatre sur l\u2019autel m\u00eame et sur la nappe pr\u00e9dispos\u00e9e pour les accueillir.<\/p>\n<p>L\u2019autel peut \u00e9galement \u00eatre laiss\u00e9 vide, mais uniquement le Vendredi et le Samedi Saints, pour symboliser la Passion de J\u00e9sus.<\/p>\n<p>Une alternative \u00e0 l\u2019utilisation de la croix d\u2019autel peut \u00eatre la <a href=\"https:\/\/www.holyart.fr\/accessoires-pour-la-liturgie\/mobilier-deglise\/croix-de-procession-et-supports?cPath=104_108437_108282&amp;\"><strong>croix de procession<\/strong><\/a>. Il s\u2019agit d\u2019une croix similaire \u00e0 celle pos\u00e9e sur l\u2019autel, mais qui est fix\u00e9e sur une longue hampe d\u2019environ deux m\u00e8tre. Elle est utilis\u00e9e pendant les processions, port\u00e9e par le crucif\u00e9raire ou porte-croix, et une fois la procession termin\u00e9e elle peut devenir une croix d\u2019autel.<\/p>\n<h2><strong>Ambon, Chaire et Lutrin<\/strong><\/h2>\n<p>D\u2019autres pi\u00e8ces de mobilier liturgique qui ne peuvent pas manquer dans une \u00e9glise chr\u00e9tienne sont l\u2019<strong>ambon<\/strong>, le <strong>chaire<\/strong> et le <strong>lutrin<\/strong>.<\/p>\n<p>L\u2019<strong>Ambon<\/strong> est une structure pos\u00e9e sur des marches, depuis laquelle sont proclam\u00e9es les lectures. Dans l\u2019antiquit\u00e9, il \u00e9tait g\u00e9n\u00e9ralement en hauteur, r\u00e9alis\u00e9 en ma\u00e7onnerie, bois ou marbre, ferm\u00e9 sur trois c\u00f4t\u00e9s par un parapet, avec un ou deux petits escaliers et parfois m\u00eame avec des petites barri\u00e8res pour y acc\u00e9der. D\u2019habitude, l\u2019ambon \u00e9tait plac\u00e9 sur la droite de la nef principale. Dans l\u2019antiquit\u00e9, il arrivait souvent que dans l\u2019\u00e9glise il y ait deux <strong>ambons<\/strong>, un d\u00e9di\u00e9 \u00e0 la lecture des \u00e9p\u00eetres et l\u2019autre \u00e0 la proclamation de l\u2019\u00c9vangile. En g\u00e9n\u00e9ral, uniquement le lecteur, le psalmiste et le diacre acc\u00e9daient \u00e0 l\u2019ambon. Les anciens ambons \u00e9taient en bois, mais ils devinrent vite beaucoup plus grands et plus imposants, r\u00e9alis\u00e9s en marbre et enrichis de sculptures et de rev\u00eatements en m\u00e9taux pr\u00e9cieux.<\/p>\n<p>Diff\u00e9rent de l\u2019ambon, destin\u00e9 exclusivement aux lectures, est le <strong>Chaire<\/strong>, destin\u00e9 par contre \u00e0 la pr\u00e9dication. Le Chaire \u00e9tait une sorte de tribune dans la nef centrale de l\u2019\u00e9glise depuis lequel parlait le pr\u00eatre pour se faire entendre par tous les fid\u00e8les. Aujourd\u2019hui, avec les syst\u00e8me d\u2019amplification moderne des \u00e9glises, son utilisation est devenue caduque.<\/p>\n<p>Le <strong>Lutrin<\/strong> est une sorte de version r\u00e9duite de l\u2019Ambon et du Pupitre. Il s\u2019agit d\u2019une structure souvent en bois ou en fer forg\u00e9 destin\u00e9e \u00e0 soutenir un livre, d\u2019habitude la Bible.<\/p>\n<h2><strong>Prie-Dieu<img loading=\"lazy\" decoding=\"async\" class=\"alignright size-medium wp-image-1047\" src=\"https:\/\/blog.holyart.it\/fr\/wp-content\/uploads\/sites\/14\/2018\/11\/agenouiller-noyer-300x300.jpg\" alt=\"agenouiller noyer\" width=\"300\" height=\"300\" \/><\/strong><\/h2>\n<p>Le <a href=\"https:\/\/www.holyart.fr\/accessoires-pour-la-liturgie\/mobilier-deglise\/ambons-prie-dieu-complements-dameublement\/prie-dieu-en-bois-de-noyer\"><strong>Prie-Dieu<\/strong><\/a> est un meuble souvent en bois avec une marche qui fait office d\u2019agenouilloir pour prier. Souvent la marche est rembourr\u00e9e, tout comme l\u2019accoudoir pour les mains. L\u2019agenouilloir peut \u00eatre finement grav\u00e9 et d\u00e9cor\u00e9.<\/p>\n<h2><strong>B\u00e9nitier et fonts baptismaux<\/strong><\/h2>\n<p>Le <a href=\"https:\/\/www.holyart.fr\/accessoires-pour-la-liturgie\/mobilier-deglise\/benitiers-eglise?cPath=104_108437_3021&amp;\"><strong>B\u00e9nitier<\/strong><\/a> est un bassin rempli d\u2019eau b\u00e9nite. D\u2019habitude, il s\u2019agit d\u2019une vasque pos\u00e9e en haut d\u2019une colonne, d\u2019un pi\u00e9destal ou m\u00eame d\u2019une sculpture, ou bien il est accroch\u00e9 au mur pr\u00e8s de l&rsquo;entr\u00e9e de l&rsquo;\u00e9glise. <img loading=\"lazy\" decoding=\"async\" class=\"alignleft size-medium wp-image-1049\" src=\"https:\/\/blog.holyart.it\/fr\/wp-content\/uploads\/sites\/14\/2018\/11\/b\u00e9nitier-en-laiton-bronz\u00e9-300x300.jpg\" alt=\"b\u00e9nitier en laiton bronz\u00e9\" width=\"300\" height=\"300\" \/>Les personnes qui rentrent dans l&rsquo;\u00e9glise peuvent immerger leurs doigts dans le b\u00e9nitier et faire le signe de la Croix.<br \/>\nLes\u00a0<a href=\"https:\/\/www.holyart.fr\/accessoires-pour-la-liturgie\/mobilier-deglise\/fonts-baptismaux?cPath=104_108437_108337&amp;\"><strong>Fonts<\/strong>\u00a0<strong>baptismaux<\/strong><\/a>\u00a0correspondent par contre \u00e0 un bassin situ\u00e9 d&rsquo;habitude sur un c\u00f4t\u00e9 de la nef, dans une chapelle lat\u00e9rale ou dans un b\u00e2timent d\u00e9di\u00e9 \u00e0 c\u00f4t\u00e9 de l&rsquo;\u00e9glise, le Baptist\u00e8re. Ils sont utilis\u00e9s pour le sacrement du Bapt\u00eame par aspersion d&rsquo;eau sur la t\u00eate, tandis que dans l&rsquo;antiquit\u00e9, en souvenir du Bapt\u00eame de J\u00e9sus, on pratiquait une immersion compl\u00e8te dans les fonts baptismaux. L&rsquo;eau contenue dans les fonts baptismaux est consid\u00e9r\u00e9e comme symbole de vie et signe de Christ, qui gr\u00e2ce \u00e0 elle nous offre la renaissance en nous d\u00e9livrant du p\u00e9ch\u00e9 originel.<\/p>\n<h2>\u00a0<strong>Tabernacle \u2013 Lampe du Sanctuaire<\/strong><\/h2>\n<p>Le <a href=\"https:\/\/www.holyart.fr\/accessoires-pour-la-liturgie\/mobilier-deglise\/tabernacles?cPath=104_108437_108334&amp;\"><strong>Tabernacle<\/strong><\/a> est un coffre pr\u00e9sent dans toutes les \u00e9glises chr\u00e9tiennes dans lequel sont conserv\u00e9es les hosties consacr\u00e9es, g\u00e9n\u00e9ralement contenues dans un ciboire, un r\u00e9cipient muni de pied et de couvercle. Ils existent des Tabernacles muraux (\u00e0 encastrer) ou des Tabernacles \u00e0 poser (des coffres \u00e0 poser sur d&rsquo;ult\u00e9rieures structures). \u00c0 c\u00f4t\u00e9 du tabernacle se trouve une veilleuse allum\u00e9e en permanence, la <strong>Lampe du Sanctuaire<\/strong>, qui symbolise la pr\u00e9sence de Dieu. <img loading=\"lazy\" decoding=\"async\" class=\"alignright size-medium wp-image-1054\" src=\"https:\/\/blog.holyart.it\/fr\/wp-content\/uploads\/sites\/14\/2018\/11\/autel-tabernacle-en-bronze-300x300.jpg\" alt=\"autel tabernacle en bronze\" width=\"300\" height=\"300\" \/>Pour les juifs, le tabernacle \u00e9tait le lieu saint qui accueillait l&rsquo;Arche d&rsquo;Alliance. Encore aujourd&rsquo;hui, dans les \u00e9glises chr\u00e9tiennes, le tabernacle est couvert par un voile appel\u00e9 conop\u00e9e, qui rappelle le rideau qui couvrait le tabernacle juif. Le tabernacle est g\u00e9n\u00e9ralement ferm\u00e9 \u00e0 cl\u00e9, comme le veut le code canonique, et l&rsquo;acc\u00e8s y est r\u00e9serv\u00e9 uniquement aux pr\u00eatres et aux diacres.<\/p>\n<h2><strong>Cath\u00e8dre de l&rsquo;\u00e9v\u00eaque<\/strong><\/h2>\n<p>La chaise ou tr\u00f4ne sur lequel s&rsquo;assied l&rsquo;\u00c9v\u00eaque dans une \u00e9glise prend le nom de <strong>Cath\u00e8dre<\/strong> et est un symbole de l&rsquo;autorit\u00e9 et du pouvoir de l&rsquo;\u00c9v\u00eaque. En effet, quand l&rsquo;\u00c9v\u00eaque est assis sur la Cath\u00e8dre, tout ce qu&rsquo;il dit est consid\u00e9r\u00e9 comme inspir\u00e9 directement par Dieu, comme s&rsquo;il ne faisait que donner voix \u00e0 Sa volont\u00e9.<\/p>\n<h2><strong>Chemin de Croix<\/strong><\/h2>\n<p><img loading=\"lazy\" decoding=\"async\" class=\"alignleft size-medium wp-image-1056\" src=\"https:\/\/blog.holyart.it\/fr\/wp-content\/uploads\/sites\/14\/2018\/11\/via-crucis-en-laiton-coul\u00e9-avec-capitale-15-stations-300x300.jpg\" alt=\"via crucis en laiton coul\u00e9 avec capitale 15 stations\" width=\"300\" height=\"300\" \/>Le <a href=\"https:\/\/www.holyart.fr\/accessoires-pour-la-liturgie\/mobilier-deglise\/chemin-de-croix?cPath=104_108437_108330&amp;\"><strong>Chemin de Croix<\/strong><\/a> aussi peut \u00eatre consid\u00e9r\u00e9 en tout et pour tout comme un article de mobilier liturgique. Pratiquement toutes les \u00e9glises en exposent en effet un, que ce soit \u00e0 l&rsquo;int\u00e9rieur ou \u00e0 l&rsquo;ext\u00e9rieur. Il s&rsquo;agit de 14 tableaux, parfois 15 (si l&rsquo;on compte \u00e9galement la station finale de Christ ressuscit\u00e9), qui retracent la passion de J\u00e9sus et Son parcours douloureux jusqu&rsquo;\u00e0 la crucifixion et \u00e0 la mort. Le Chemin de Croix est n\u00e9 au Moyen \u00c2ge comme parcours de p\u00e9nitence pour ceux qui n&rsquo;avaient pas la possibilit\u00e9 de se rendre en p\u00e8lerinage en Terre Sainte, sur les lieux qui virent r\u00e9ellement la passion du Christ. Les stations du Chemin de Croix sont g\u00e9n\u00e9ralement constitu\u00e9es de tableaux r\u00e9alis\u00e9s en bois, marbre, pierre, bronze ou d&rsquo;autres mat\u00e9riaux.<\/p>\n","protected":false},"excerpt":{"rendered":"<p>L\u2019\u00e9glise est par excellence le lieu o\u00f9 les chr\u00e9tiens se r\u00e9unissent afin de partager leur foi et de c\u00e9l\u00e9brer les rites solennels qui y sont li\u00e9s. Depuis ses origines, il a \u00e9t\u00e9 n\u00e9cessaire de lui conf\u00e9rer une solennit\u00e9 et une sacralit\u00e9 sp\u00e9ciales. Pour ce faire,&hellip;<\/p>\n","protected":false},"author":1,"featured_media":1038,"comment_status":"closed","ping_status":"open","sticky":false,"template":"","format":"standard","meta":{"_acf_changed":false,"footnotes":""},"categories":[8],"tags":[],"class_list":["post-1037","post","type-post","status-publish","format-standard","has-post-thumbnail","hentry","category-articles-religieux"],"acf":[],"yoast_head":"<!-- This site is optimized with the Yoast SEO plugin v26.6 - https:\/\/yoast.com\/wordpress\/plugins\/seo\/ -->\n<title>Mobilier d\u2019\u00e9glise : les meubles typiques de les chr\u00e9tiennes<\/title>\n<meta name=\"description\" content=\"L\u2019\u00e9glise est par excellence le lieu o\u00f9 les chr\u00e9tiens se r\u00e9unissent afin de partager leur foi et de c\u00e9l\u00e9brer les rites solennels qui y sont li\u00e9s.\" \/>\n<meta name=\"robots\" content=\"index, follow, max-snippet:-1, max-image-preview:large, max-video-preview:-1\" \/>\n<link rel=\"canonical\" href=\"https:\/\/blog.holyart.it\/fr\/articles-religieux\/mobilier-deglise-meubles-typiques-de-toutes-eglises-chretiennes\/\" \/>\n<meta property=\"og:locale\" content=\"fr_FR\" \/>\n<meta property=\"og:type\" content=\"article\" \/>\n<meta property=\"og:title\" content=\"Mobilier d\u2019\u00e9glise : les meubles typiques de les chr\u00e9tiennes\" \/>\n<meta property=\"og:description\" content=\"L\u2019\u00e9glise est par excellence le lieu o\u00f9 les chr\u00e9tiens se r\u00e9unissent afin de partager leur foi et de c\u00e9l\u00e9brer les rites solennels qui y sont li\u00e9s.\" \/>\n<meta property=\"og:url\" content=\"https:\/\/blog.holyart.it\/fr\/articles-religieux\/mobilier-deglise-meubles-typiques-de-toutes-eglises-chretiennes\/\" \/>\n<meta property=\"og:site_name\" content=\"Holyart.fr Blog\" \/>\n<meta property=\"article:published_time\" content=\"2019-01-01T14:17:40+00:00\" \/>\n<meta property=\"article:modified_time\" content=\"2022-10-12T14:01:50+00:00\" \/>\n<meta property=\"og:image\" content=\"https:\/\/blog.holyart.it\/fr\/wp-content\/uploads\/sites\/14\/2018\/11\/mobilier-sacr\u00e9.jpg\" \/>\n\t<meta property=\"og:image:width\" content=\"1000\" \/>\n\t<meta property=\"og:image:height\" content=\"666\" \/>\n\t<meta property=\"og:image:type\" content=\"image\/jpeg\" \/>\n<meta name=\"author\" content=\"Redazione\" \/>\n<meta name=\"twitter:card\" content=\"summary_large_image\" \/>\n<meta name=\"twitter:label1\" content=\"\u00c9crit par\" \/>\n\t<meta name=\"twitter:data1\" content=\"Redazione\" \/>\n\t<meta name=\"twitter:label2\" content=\"Dur\u00e9e de lecture estim\u00e9e\" \/>\n\t<meta name=\"twitter:data2\" content=\"11 minutes\" \/>\n<script type=\"application\/ld+json\" class=\"yoast-schema-graph\">{\"@context\":\"https:\/\/schema.org\",\"@graph\":[{\"@type\":\"Article\",\"@id\":\"https:\/\/blog.holyart.it\/fr\/articles-religieux\/mobilier-deglise-meubles-typiques-de-toutes-eglises-chretiennes\/#article\",\"isPartOf\":{\"@id\":\"https:\/\/blog.holyart.it\/fr\/articles-religieux\/mobilier-deglise-meubles-typiques-de-toutes-eglises-chretiennes\/\"},\"author\":{\"name\":\"Redazione\",\"@id\":\"https:\/\/blog.holyart.it\/fr\/#\/schema\/person\/0a7b686e5af0f856ec1e390dd0baecda\"},\"headline\":\"Mobilier d\u2019\u00e9glise : les meubles typiques de toutes les \u00e9glises chr\u00e9tiennes\",\"datePublished\":\"2019-01-01T14:17:40+00:00\",\"dateModified\":\"2022-10-12T14:01:50+00:00\",\"mainEntityOfPage\":{\"@id\":\"https:\/\/blog.holyart.it\/fr\/articles-religieux\/mobilier-deglise-meubles-typiques-de-toutes-eglises-chretiennes\/\"},\"wordCount\":2264,\"publisher\":{\"@id\":\"https:\/\/blog.holyart.it\/fr\/#organization\"},\"image\":{\"@id\":\"https:\/\/blog.holyart.it\/fr\/articles-religieux\/mobilier-deglise-meubles-typiques-de-toutes-eglises-chretiennes\/#primaryimage\"},\"thumbnailUrl\":\"https:\/\/blog.holyart.it\/fr\/wp-content\/uploads\/sites\/14\/2018\/11\/mobilier-sacr\u00e9.jpg\",\"articleSection\":[\"Religion\"],\"inLanguage\":\"fr-FR\"},{\"@type\":\"WebPage\",\"@id\":\"https:\/\/blog.holyart.it\/fr\/articles-religieux\/mobilier-deglise-meubles-typiques-de-toutes-eglises-chretiennes\/\",\"url\":\"https:\/\/blog.holyart.it\/fr\/articles-religieux\/mobilier-deglise-meubles-typiques-de-toutes-eglises-chretiennes\/\",\"name\":\"Mobilier d\u2019\u00e9glise : les meubles typiques de les chr\u00e9tiennes\",\"isPartOf\":{\"@id\":\"https:\/\/blog.holyart.it\/fr\/#website\"},\"primaryImageOfPage\":{\"@id\":\"https:\/\/blog.holyart.it\/fr\/articles-religieux\/mobilier-deglise-meubles-typiques-de-toutes-eglises-chretiennes\/#primaryimage\"},\"image\":{\"@id\":\"https:\/\/blog.holyart.it\/fr\/articles-religieux\/mobilier-deglise-meubles-typiques-de-toutes-eglises-chretiennes\/#primaryimage\"},\"thumbnailUrl\":\"https:\/\/blog.holyart.it\/fr\/wp-content\/uploads\/sites\/14\/2018\/11\/mobilier-sacr\u00e9.jpg\",\"datePublished\":\"2019-01-01T14:17:40+00:00\",\"dateModified\":\"2022-10-12T14:01:50+00:00\",\"description\":\"L\u2019\u00e9glise est par excellence le lieu o\u00f9 les chr\u00e9tiens se r\u00e9unissent afin de partager leur foi et de c\u00e9l\u00e9brer les rites solennels qui y sont li\u00e9s.\",\"breadcrumb\":{\"@id\":\"https:\/\/blog.holyart.it\/fr\/articles-religieux\/mobilier-deglise-meubles-typiques-de-toutes-eglises-chretiennes\/#breadcrumb\"},\"inLanguage\":\"fr-FR\",\"potentialAction\":[{\"@type\":\"ReadAction\",\"target\":[\"https:\/\/blog.holyart.it\/fr\/articles-religieux\/mobilier-deglise-meubles-typiques-de-toutes-eglises-chretiennes\/\"]}]},{\"@type\":\"ImageObject\",\"inLanguage\":\"fr-FR\",\"@id\":\"https:\/\/blog.holyart.it\/fr\/articles-religieux\/mobilier-deglise-meubles-typiques-de-toutes-eglises-chretiennes\/#primaryimage\",\"url\":\"https:\/\/blog.holyart.it\/fr\/wp-content\/uploads\/sites\/14\/2018\/11\/mobilier-sacr\u00e9.jpg\",\"contentUrl\":\"https:\/\/blog.holyart.it\/fr\/wp-content\/uploads\/sites\/14\/2018\/11\/mobilier-sacr\u00e9.jpg\",\"width\":1000,\"height\":666,\"caption\":\"mobilier sacr\u00e9\"},{\"@type\":\"BreadcrumbList\",\"@id\":\"https:\/\/blog.holyart.it\/fr\/articles-religieux\/mobilier-deglise-meubles-typiques-de-toutes-eglises-chretiennes\/#breadcrumb\",\"itemListElement\":[{\"@type\":\"ListItem\",\"position\":1,\"name\":\"Homepage\",\"item\":\"https:\/\/blog.holyart.it\/fr\/\"},{\"@type\":\"ListItem\",\"position\":2,\"name\":\"Religion\",\"item\":\"https:\/\/blog.holyart.it\/fr\/articles-religieux\/\"},{\"@type\":\"ListItem\",\"position\":3,\"name\":\"Mobilier d\u2019\u00e9glise : les meubles typiques de toutes les \u00e9glises chr\u00e9tiennes\"}]},{\"@type\":\"WebSite\",\"@id\":\"https:\/\/blog.holyart.it\/fr\/#website\",\"url\":\"https:\/\/blog.holyart.it\/fr\/\",\"name\":\"Holyart.fr Blog\",\"description\":\"Holyblog\",\"publisher\":{\"@id\":\"https:\/\/blog.holyart.it\/fr\/#organization\"},\"potentialAction\":[{\"@type\":\"SearchAction\",\"target\":{\"@type\":\"EntryPoint\",\"urlTemplate\":\"https:\/\/blog.holyart.it\/fr\/?s={search_term_string}\"},\"query-input\":{\"@type\":\"PropertyValueSpecification\",\"valueRequired\":true,\"valueName\":\"search_term_string\"}}],\"inLanguage\":\"fr-FR\"},{\"@type\":\"Organization\",\"@id\":\"https:\/\/blog.holyart.it\/fr\/#organization\",\"name\":\"Holyart.fr Blog\",\"url\":\"https:\/\/blog.holyart.it\/fr\/\",\"logo\":{\"@type\":\"ImageObject\",\"inLanguage\":\"fr-FR\",\"@id\":\"https:\/\/blog.holyart.it\/fr\/#\/schema\/logo\/image\/\",\"url\":\"https:\/\/blog.holyart.it\/fr\/wp-content\/uploads\/sites\/14\/2022\/12\/Holyart_Blog_Logo.jpg\",\"contentUrl\":\"https:\/\/blog.holyart.it\/fr\/wp-content\/uploads\/sites\/14\/2022\/12\/Holyart_Blog_Logo.jpg\",\"width\":300,\"height\":50,\"caption\":\"Holyart.fr Blog\"},\"image\":{\"@id\":\"https:\/\/blog.holyart.it\/fr\/#\/schema\/logo\/image\/\"}},{\"@type\":\"Person\",\"@id\":\"https:\/\/blog.holyart.it\/fr\/#\/schema\/person\/0a7b686e5af0f856ec1e390dd0baecda\",\"name\":\"Redazione\",\"image\":{\"@type\":\"ImageObject\",\"inLanguage\":\"fr-FR\",\"@id\":\"https:\/\/blog.holyart.it\/fr\/#\/schema\/person\/image\/\",\"url\":\"https:\/\/secure.gravatar.com\/avatar\/f477da817f43e50d0af36abecd33e3edf826c68299714bdc1057dff3b113f516?s=96&d=mm&r=g\",\"contentUrl\":\"https:\/\/secure.gravatar.com\/avatar\/f477da817f43e50d0af36abecd33e3edf826c68299714bdc1057dff3b113f516?s=96&d=mm&r=g\",\"caption\":\"Redazione\"},\"url\":\"https:\/\/blog.holyart.it\/fr\/author\/admin\/\"}]}<\/script>\n<!-- \/ Yoast SEO plugin. -->","yoast_head_json":{"title":"Mobilier d\u2019\u00e9glise : les meubles typiques de les chr\u00e9tiennes","description":"L\u2019\u00e9glise est par excellence le lieu o\u00f9 les chr\u00e9tiens se r\u00e9unissent afin de partager leur foi et de c\u00e9l\u00e9brer les rites solennels qui y sont li\u00e9s.","robots":{"index":"index","follow":"follow","max-snippet":"max-snippet:-1","max-image-preview":"max-image-preview:large","max-video-preview":"max-video-preview:-1"},"canonical":"https:\/\/blog.holyart.it\/fr\/articles-religieux\/mobilier-deglise-meubles-typiques-de-toutes-eglises-chretiennes\/","og_locale":"fr_FR","og_type":"article","og_title":"Mobilier d\u2019\u00e9glise : les meubles typiques de les chr\u00e9tiennes","og_description":"L\u2019\u00e9glise est par excellence le lieu o\u00f9 les chr\u00e9tiens se r\u00e9unissent afin de partager leur foi et de c\u00e9l\u00e9brer les rites solennels qui y sont li\u00e9s.","og_url":"https:\/\/blog.holyart.it\/fr\/articles-religieux\/mobilier-deglise-meubles-typiques-de-toutes-eglises-chretiennes\/","og_site_name":"Holyart.fr Blog","article_published_time":"2019-01-01T14:17:40+00:00","article_modified_time":"2022-10-12T14:01:50+00:00","og_image":[{"width":1000,"height":666,"url":"https:\/\/blog.holyart.it\/fr\/wp-content\/uploads\/sites\/14\/2018\/11\/mobilier-sacr\u00e9.jpg","type":"image\/jpeg"}],"author":"Redazione","twitter_card":"summary_large_image","twitter_misc":{"\u00c9crit par":"Redazione","Dur\u00e9e de lecture estim\u00e9e":"11 minutes"},"schema":{"@context":"https:\/\/schema.org","@graph":[{"@type":"Article","@id":"https:\/\/blog.holyart.it\/fr\/articles-religieux\/mobilier-deglise-meubles-typiques-de-toutes-eglises-chretiennes\/#article","isPartOf":{"@id":"https:\/\/blog.holyart.it\/fr\/articles-religieux\/mobilier-deglise-meubles-typiques-de-toutes-eglises-chretiennes\/"},"author":{"name":"Redazione","@id":"https:\/\/blog.holyart.it\/fr\/#\/schema\/person\/0a7b686e5af0f856ec1e390dd0baecda"},"headline":"Mobilier d\u2019\u00e9glise : les meubles typiques de toutes les \u00e9glises chr\u00e9tiennes","datePublished":"2019-01-01T14:17:40+00:00","dateModified":"2022-10-12T14:01:50+00:00","mainEntityOfPage":{"@id":"https:\/\/blog.holyart.it\/fr\/articles-religieux\/mobilier-deglise-meubles-typiques-de-toutes-eglises-chretiennes\/"},"wordCount":2264,"publisher":{"@id":"https:\/\/blog.holyart.it\/fr\/#organization"},"image":{"@id":"https:\/\/blog.holyart.it\/fr\/articles-religieux\/mobilier-deglise-meubles-typiques-de-toutes-eglises-chretiennes\/#primaryimage"},"thumbnailUrl":"https:\/\/blog.holyart.it\/fr\/wp-content\/uploads\/sites\/14\/2018\/11\/mobilier-sacr\u00e9.jpg","articleSection":["Religion"],"inLanguage":"fr-FR"},{"@type":"WebPage","@id":"https:\/\/blog.holyart.it\/fr\/articles-religieux\/mobilier-deglise-meubles-typiques-de-toutes-eglises-chretiennes\/","url":"https:\/\/blog.holyart.it\/fr\/articles-religieux\/mobilier-deglise-meubles-typiques-de-toutes-eglises-chretiennes\/","name":"Mobilier d\u2019\u00e9glise : les meubles typiques de les chr\u00e9tiennes","isPartOf":{"@id":"https:\/\/blog.holyart.it\/fr\/#website"},"primaryImageOfPage":{"@id":"https:\/\/blog.holyart.it\/fr\/articles-religieux\/mobilier-deglise-meubles-typiques-de-toutes-eglises-chretiennes\/#primaryimage"},"image":{"@id":"https:\/\/blog.holyart.it\/fr\/articles-religieux\/mobilier-deglise-meubles-typiques-de-toutes-eglises-chretiennes\/#primaryimage"},"thumbnailUrl":"https:\/\/blog.holyart.it\/fr\/wp-content\/uploads\/sites\/14\/2018\/11\/mobilier-sacr\u00e9.jpg","datePublished":"2019-01-01T14:17:40+00:00","dateModified":"2022-10-12T14:01:50+00:00","description":"L\u2019\u00e9glise est par excellence le lieu o\u00f9 les chr\u00e9tiens se r\u00e9unissent afin de partager leur foi et de c\u00e9l\u00e9brer les rites solennels qui y sont li\u00e9s.","breadcrumb":{"@id":"https:\/\/blog.holyart.it\/fr\/articles-religieux\/mobilier-deglise-meubles-typiques-de-toutes-eglises-chretiennes\/#breadcrumb"},"inLanguage":"fr-FR","potentialAction":[{"@type":"ReadAction","target":["https:\/\/blog.holyart.it\/fr\/articles-religieux\/mobilier-deglise-meubles-typiques-de-toutes-eglises-chretiennes\/"]}]},{"@type":"ImageObject","inLanguage":"fr-FR","@id":"https:\/\/blog.holyart.it\/fr\/articles-religieux\/mobilier-deglise-meubles-typiques-de-toutes-eglises-chretiennes\/#primaryimage","url":"https:\/\/blog.holyart.it\/fr\/wp-content\/uploads\/sites\/14\/2018\/11\/mobilier-sacr\u00e9.jpg","contentUrl":"https:\/\/blog.holyart.it\/fr\/wp-content\/uploads\/sites\/14\/2018\/11\/mobilier-sacr\u00e9.jpg","width":1000,"height":666,"caption":"mobilier sacr\u00e9"},{"@type":"BreadcrumbList","@id":"https:\/\/blog.holyart.it\/fr\/articles-religieux\/mobilier-deglise-meubles-typiques-de-toutes-eglises-chretiennes\/#breadcrumb","itemListElement":[{"@type":"ListItem","position":1,"name":"Homepage","item":"https:\/\/blog.holyart.it\/fr\/"},{"@type":"ListItem","position":2,"name":"Religion","item":"https:\/\/blog.holyart.it\/fr\/articles-religieux\/"},{"@type":"ListItem","position":3,"name":"Mobilier d\u2019\u00e9glise : les meubles typiques de toutes les \u00e9glises chr\u00e9tiennes"}]},{"@type":"WebSite","@id":"https:\/\/blog.holyart.it\/fr\/#website","url":"https:\/\/blog.holyart.it\/fr\/","name":"Holyart.fr Blog","description":"Holyblog","publisher":{"@id":"https:\/\/blog.holyart.it\/fr\/#organization"},"potentialAction":[{"@type":"SearchAction","target":{"@type":"EntryPoint","urlTemplate":"https:\/\/blog.holyart.it\/fr\/?s={search_term_string}"},"query-input":{"@type":"PropertyValueSpecification","valueRequired":true,"valueName":"search_term_string"}}],"inLanguage":"fr-FR"},{"@type":"Organization","@id":"https:\/\/blog.holyart.it\/fr\/#organization","name":"Holyart.fr Blog","url":"https:\/\/blog.holyart.it\/fr\/","logo":{"@type":"ImageObject","inLanguage":"fr-FR","@id":"https:\/\/blog.holyart.it\/fr\/#\/schema\/logo\/image\/","url":"https:\/\/blog.holyart.it\/fr\/wp-content\/uploads\/sites\/14\/2022\/12\/Holyart_Blog_Logo.jpg","contentUrl":"https:\/\/blog.holyart.it\/fr\/wp-content\/uploads\/sites\/14\/2022\/12\/Holyart_Blog_Logo.jpg","width":300,"height":50,"caption":"Holyart.fr Blog"},"image":{"@id":"https:\/\/blog.holyart.it\/fr\/#\/schema\/logo\/image\/"}},{"@type":"Person","@id":"https:\/\/blog.holyart.it\/fr\/#\/schema\/person\/0a7b686e5af0f856ec1e390dd0baecda","name":"Redazione","image":{"@type":"ImageObject","inLanguage":"fr-FR","@id":"https:\/\/blog.holyart.it\/fr\/#\/schema\/person\/image\/","url":"https:\/\/secure.gravatar.com\/avatar\/f477da817f43e50d0af36abecd33e3edf826c68299714bdc1057dff3b113f516?s=96&d=mm&r=g","contentUrl":"https:\/\/secure.gravatar.com\/avatar\/f477da817f43e50d0af36abecd33e3edf826c68299714bdc1057dff3b113f516?s=96&d=mm&r=g","caption":"Redazione"},"url":"https:\/\/blog.holyart.it\/fr\/author\/admin\/"}]}},"_links":{"self":[{"href":"https:\/\/blog.holyart.it\/fr\/wp-json\/wp\/v2\/posts\/1037","targetHints":{"allow":["GET"]}}],"collection":[{"href":"https:\/\/blog.holyart.it\/fr\/wp-json\/wp\/v2\/posts"}],"about":[{"href":"https:\/\/blog.holyart.it\/fr\/wp-json\/wp\/v2\/types\/post"}],"author":[{"embeddable":true,"href":"https:\/\/blog.holyart.it\/fr\/wp-json\/wp\/v2\/users\/1"}],"replies":[{"embeddable":true,"href":"https:\/\/blog.holyart.it\/fr\/wp-json\/wp\/v2\/comments?post=1037"}],"version-history":[{"count":0,"href":"https:\/\/blog.holyart.it\/fr\/wp-json\/wp\/v2\/posts\/1037\/revisions"}],"wp:featuredmedia":[{"embeddable":true,"href":"https:\/\/blog.holyart.it\/fr\/wp-json\/wp\/v2\/media\/1038"}],"wp:attachment":[{"href":"https:\/\/blog.holyart.it\/fr\/wp-json\/wp\/v2\/media?parent=1037"}],"wp:term":[{"taxonomy":"category","embeddable":true,"href":"https:\/\/blog.holyart.it\/fr\/wp-json\/wp\/v2\/categories?post=1037"},{"taxonomy":"post_tag","embeddable":true,"href":"https:\/\/blog.holyart.it\/fr\/wp-json\/wp\/v2\/tags?post=1037"}],"curies":[{"name":"wp","href":"https:\/\/api.w.org\/{rel}","templated":true}]}}