{"id":10303,"date":"2025-04-24T10:00:26","date_gmt":"2025-04-24T08:00:26","guid":{"rendered":"https:\/\/blog.holyart.it\/fr\/?p=10303"},"modified":"2025-04-24T17:40:05","modified_gmt":"2025-04-24T15:40:05","slug":"comment-pape-francois-a-transforme-leglise","status":"publish","type":"post","link":"https:\/\/blog.holyart.it\/fr\/occasions-speciales\/comment-pape-francois-a-transforme-leglise\/","title":{"rendered":"Comment Pape Fran\u00e7ois a transform\u00e9 l\u2019\u00c9glise pendant son pontificat"},"content":{"rendered":"<h4>Qu\u2019est-ce que Pape Fran\u00e7ois a fait d\u2019important ? Son pontificat a \u00e9t\u00e9 une r\u00e9volution de mis\u00e9ricorde qui a transform\u00e9 l\u2019\u00c9glise, en l\u2019amenant des p\u00e9riph\u00e9ries au c\u0153ur du monde avec humilit\u00e9, courage et ouverture au dialogue.<\/h4>\n\n<p>Ce n\u2019est pas facile de r\u00e9sumer ce que Pape Fran\u00e7ois a fait d\u2019important. Quelque chose d\u2019extraordinairement humain se d\u00e9gageait de Pape Fran\u00e7ois, Jorge Mario Bergoglio, le Pape venu \u00ab\u00a0<em>de la fin du monde<\/em>\u00a0\u00bb comme il s\u2019est d\u00e9fini lui-m\u00eame le jour de son \u00e9lection, le 13 mars 2013. Ce <em>quelque chose<\/em> le rendait non seulement le leader spirituel de plus d\u2019un milliard de catholiques, mais aussi <strong>un p\u00e8re, un fr\u00e8re, un ami<\/strong> pour quiconque croisait son chemin. Son pontificat a repr\u00e9sent\u00e9 une <strong>r\u00e9volution gentille<\/strong> qui a profond\u00e9ment transform\u00e9e le visage de l\u2019\u00c9glise, en la rendant plus proche des derniers et plus attentive aux d\u00e9fis de notre \u00e9poque. Pape Fran\u00e7ois a su transformer l\u2019\u00c9glise catholique en un <strong>refuge de mis\u00e9ricorde, justice et esp\u00e9rance<\/strong>. Maintenant qu\u2019il n\u2019est plus parmi nous, le monde entier s\u2019arr\u00eate pour rappeler l\u2019homme qui a chang\u00e9 pour toujours le visage de l\u2019\u00c9glise.<\/p>\n<div class=\"link-product\">\n<div class=\"blocco-immagine\"><img loading=\"lazy\" decoding=\"async\" class=\"size-full wp-image-10316 alignleft\" src=\"https:\/\/blog.holyart.it\/fr\/wp-content\/uploads\/sites\/14\/2025\/04\/carte-jubile-medaille-pape-francois-priere.jpg\" alt=\"Pape Fran\u00e7ois\" width=\"100\" height=\"100\" data-kale-share-title=\"Comment Pape Fran\u00e7ois a transform\u00e9 l\u2019\u00c9glise pendant son pontificat\" data-kale-share-url=\"https:\/\/blog.holyart.it\/fr\/?p=10303\" \/><\/div>\n<div class=\"blocco-contenuto\">\n<div class=\"blocco-acquista\">Acheter sur Holyart:<\/div>\n<div class=\"blocco-titolo\"><a href=\"https:\/\/www.holyart.fr\/occasions-speciales\/pape-francois?page=1\">Pape Fran\u00e7ois<\/a><\/div>\n<div class=\"blocco-descrizione\">Cat\u00e9gorie d\u00e9di\u00e9e \u00e0 Pape Jorge Mario Bergoglio, qui a aussi proclam\u00e9 le prochain Jubil\u00e9<\/div>\n<\/div>\n<\/div>\n<p>Dans les derni\u00e8res ann\u00e9es, il a d\u00fb affronter des d\u00e9fis \u00e9normes\u00a0: la pand\u00e9mie, l\u2019escalade de conflits globaux, la crise climatique. Sa voix s\u2019est lev\u00e9e avec force particuli\u00e8re contre <strong><a href=\"https:\/\/www.holyart.fr\/blog\/articles-religieux\/les-plus-belles-phrases-sur-la-paix-de-pape-francois\/\">la violence en Terre Sainte<\/a><\/strong>, en d\u00e9non\u00e7ant la spirale de haine et de vengeance qui a ensanglant\u00e9 Gaza et Isra\u00ebl, et en invoquant constamment le dialogue comme seule voie pour la paix.<br \/>\nSon humilit\u00e9, son sourire sinc\u00e8re, sa capacit\u00e9 \u00e0 parler au c\u0153ur des gens avec des mots simples, mais profonds, ont rendu Pape Fran\u00e7ois un Pape aim\u00e9 bien au-del\u00e0 des de l\u2019\u00c9glise catholique. Il nous a enseign\u00e9 que la <strong>v\u00e9ritable r\u00e9volution est celle de la tendresse<\/strong>, que la v\u00e9ritable force r\u00e9side dans le service, que la v\u00e9ritable grandeur est dans l\u2019humilit\u00e9.<br \/>\nSon pontificat nous a laiss\u00e9 <strong>une \u00c9glise plus ouverte, plus synodale, plus attentive aux signes des temps<\/strong>. Une \u00c9glise qui n\u2019a pas peur de se salir les mains pour \u00eatre \u00e0 c\u00f4t\u00e9 des derniers, qui ne craint pas d\u2019affronter ses propres contradictions afin d\u2019\u00eatre fid\u00e8le \u00e0 l\u2019\u00c9vangile. Fran\u00e7ois nous a appris que la foi n\u2019est pas un refuge pour des gens apeur\u00e9es, mais <strong>un chemin courageux d\u2019esp\u00e9rance et d\u2019amour<\/strong>.<\/p>\n<div class=\"link-article\">\n<p><img loading=\"lazy\" decoding=\"async\" class=\"size-full wp-image-10322 alignleft\" src=\"https:\/\/blog.holyart.it\/fr\/wp-content\/uploads\/sites\/14\/2025\/04\/paix.jpg\" alt=\"Paix\" width=\"150\" height=\"100\" data-kale-share-title=\"Comment Pape Fran\u00e7ois a transform\u00e9 l\u2019\u00c9glise pendant son pontificat\" data-kale-share-url=\"https:\/\/blog.holyart.it\/fr\/?p=10303\" \/><\/p>\n<div class=\"leggi-anche\">Lire aussi :<\/div>\n<p><strong><a href=\"https:\/\/www.holyart.fr\/blog\/articles-religieux\/les-plus-belles-phrases-sur-la-paix-de-pape-francois\/\">Les plus belles phrases sur la Paix de Pape Fran\u00e7ois<\/a><\/strong><br \/>\nEn ce moment historique, les phrases sur la Paix de Pape Fran\u00e7ois repr\u00e9sentent une lueur d\u2019espoir pour toute la chr\u00e9tient\u00e9<\/p>\n<\/div>\n<h2>Le Pape des p\u00e9riph\u00e9ries<\/h2>\n<p>Fran\u00e7ois a \u00e9t\u00e9 le <strong>Pape des p\u00e9riph\u00e9ries<\/strong>, non seulement g\u00e9ographiques, mais existentielles aussi. Sa voix, toujours ferme et, en m\u00eame temps, compatissante a r\u00e9sonn\u00e9 jusqu\u2019aux endroits les plus oubli\u00e9s de la plan\u00e8te. Qui pourrait oublier sa figure solitaire, sur une Place Saint-Pierre d\u00e9serte et pluvieuse, pendant la pand\u00e9mie\u00a0? Cette image est devenue le symbole d\u2019une \u00c9glise qui n\u2019abandonne pas ses enfants au moment de la douleur, mais qui marche avec eux \u00e0 travers les temp\u00eates de la vie. Pape Fran\u00e7ois \u00e9tait <strong>un homme du peuple<\/strong>. Du moment o\u00f9 il s\u2019est pr\u00e9sent\u00e9 pour la premi\u00e8re fois au balcon de Saint-Pierre en demandant aux fid\u00e8les de prier avec lui, il a \u00e9t\u00e9 clair que son pontificat aurait \u00e9t\u00e9 diff\u00e9rent. \u00ab\u00a0<em>Et maintenant, nous commen\u00e7ons ce chemin, \u00c9v\u00eaque et peuple, \u00c9v\u00eaque et peuple<\/em>\u00a0\u00bb ont \u00e9t\u00e9 ses mots, adress\u00e9s \u00e0 plus de 180 milles personnes qui remplissaient Place Saint-Pierre. Tout de suite apr\u00e8s, il a refus\u00e9 les fastes du pouvoir papal, en pr\u00e9f\u00e9rant vivre dans la simple r\u00e9sidence Sainte-Marthe plut\u00f4t que dans les somptueux appartements apostoliques. Ce geste symbolique n\u2019a \u00e9t\u00e9 que le d\u00e9but d\u2019un chemin qui aurait amen\u00e9 l\u2019\u00c9glise \u00e0 se rapprocher des pauvres, des marginaux et de ceux qui avaient perdu l\u2019esp\u00e9rance.<\/p>\n<h2>R\u00e9formes et transparence\u00a0: l\u2019\u00c9glise nouvelle de Pape Fran\u00e7ois<\/h2>\n<p>Sa r\u00e9forme de la Curie Romaine, culminant par la Constitution Apostolique<em>\u00a0\u00ab\u00a0Praedicate Evangelium\u00a0\u00bb<\/em>\u00a0(promulgu\u00e9e le 19 mars 2022), n\u2019a pas \u00e9t\u00e9 le seule changement organisationnel, mais a repr\u00e9sent\u00e9 une v\u00e9ritable r\u00e9volution. Fran\u00e7ois a voulu une \u00c9glise qui ne soit pas une \u00ab<em>\u00a0douane\u00a0<\/em>\u00bb, mais un \u00ab\u00a0<em>h\u00f4pital de campagne<\/em>\u00a0\u00bb, comme il aimait le r\u00e9p\u00e9ter, o\u00f9 <strong>soigner les blessures de l\u2019humanit\u00e9 souffrante<\/strong>. Fran\u00e7ois a su <strong>transformer l\u2019administration vaticane<\/strong>, en la rendant moins complexe et orient\u00e9e \u00e0 la mission \u00e9vang\u00e9lisatrice. Mais il ne s\u2019agit pas uniquement de bureaucratie\u00a0: cette r\u00e9forme a \u00e9t\u00e9 un acte de justice et de transparence, une tentative de rendre une certaine cr\u00e9dibilit\u00e9 \u00e0 une \u00c9glise souvent t\u00e2ch\u00e9e de scandales financiers et abus de pouvoir.<br \/>\nLe c\u0153ur battant de cette r\u00e9forme est l\u2019<strong>\u00e9vang\u00e9lisation<\/strong>. Fran\u00e7ois a voulu que la Curie ne soit plus vue comme une \u00ab<em>\u00a0tour d\u2019ivoire<\/em>\u00a0\u00bb vaticane, mais comme <strong>un instrument vivant pour amener l\u2019\u00c9vangile dans le monde contemporain<\/strong>. Un signal fort de ce changement est la cr\u00e9ation du <a href=\"https:\/\/www.holyart.fr\/blog\/articles-religieux\/les-fonctions-du-dicastere-des-causes-des-saints\/\"><strong>nouveau Dicast\u00e8re pour l\u2019\u00c9vang\u00e9lisation<\/strong><\/a>, plac\u00e9 directement sous la direction du Pape, un choix qui souligne comment la diffusion du message \u00e9vang\u00e9lique soit une priorit\u00e9 absolue de l\u2019\u00c9glise.<br \/>\nLa r\u00e9forme introduit \u00e9galement un nouveau style de gouvernement bas\u00e9 sur la <strong>synodalit\u00e9<\/strong>, i.e. sur le fait de marcher ensemble. Pour la premi\u00e8re fois dans l\u2019histoire, les la\u00efcs peuvent assumer des r\u00f4les de leadership dans les dicast\u00e8res du Vatican. Ce changement refl\u00e8te la vision d\u2019une \u00c9glise qui <strong>valorise tous ses membres<\/strong> et pas uniquement le clerg\u00e9.<\/p>\n<div class=\"link-article\">\n<p><img loading=\"lazy\" decoding=\"async\" class=\"size-full wp-image-10329 alignleft\" src=\"https:\/\/blog.holyart.it\/fr\/wp-content\/uploads\/sites\/14\/2025\/04\/Dicastere.jpg\" alt=\"Dicast\u00e9re\" width=\"150\" height=\"100\" data-kale-share-title=\"Comment Pape Fran\u00e7ois a transform\u00e9 l\u2019\u00c9glise pendant son pontificat\" data-kale-share-url=\"https:\/\/blog.holyart.it\/fr\/?p=10303\" \/><\/p>\n<div class=\"leggi-anche\">Lire aussi :<\/div>\n<p><strong><a href=\"https:\/\/www.holyart.fr\/blog\/articles-religieux\/les-fonctions-du-dicastere-des-causes-des-saints\/\">Les fonctions du Dicast\u00e8re des Causes des Saints<\/a><\/strong><br \/>\nQu\u2019est-ce qu\u2019est le Dicast\u00e8re des Causes des Saints, l\u2019organe de la Curie affect\u00e9 aux processus de sanctification et b\u00e9atification??<\/p>\n<\/div>\n<p>La <strong>r\u00e9forme financi\u00e8re vaticane<\/strong> qu\u2019il a promulgu\u00e9e a, elle aussi, repr\u00e9sent\u00e9e un tournant historique pour la transparence du Saint-Si\u00e8ge. Au c\u0153ur de cette transformation, il y a eu la <strong>r\u00e9forme du IOR, la Banque vaticane<\/strong>, qui, pendant des d\u00e9cennies, a \u00e9t\u00e9 au centre de scandales et de diff\u00e9rends.<br \/>\nFran\u00e7ois a introduit un syst\u00e8me rigoureux de contr\u00f4les et de proc\u00e9dures, en alignant les pratiques financi\u00e8res vaticanes aux standards internationaux. Il a cr\u00e9\u00e9 de nouveaux organismes de supervision, comme le Secr\u00e9tariat pour l\u2019\u00c9conomie, e a impl\u00e9ment\u00e9 des r\u00e8gles s\u00e9v\u00e8res pour les attributions de march\u00e9s et la gestion des fonds. Un aspect crucial a \u00e9t\u00e9 l\u2019adoption de normes anti-recyclage et la collaboration avec des organismes internationaux pour garantir la tra\u00e7abilit\u00e9 des transactions. Cette r\u00e9forme n\u2019a pas \u00e9t\u00e9 uniquement\u00a0 technique, mais aussi culturelle\u00a0: elle a marqu\u00e9 le passage d\u2019une gestion peu nette et autor\u00e9f\u00e9rentielle \u00e0 une culture de la responsabilit\u00e9 et de la transparence, o\u00f9 chaque euro d\u00e9pens\u00e9 doit \u00eatre justifi\u00e9 et document\u00e9.<\/p>\n<h2>La lutte contre les abus<\/h2>\n<p>Un des chapitres les plus difficiles du pontificat de Pape Fran\u00e7ois a probablement \u00e9t\u00e9 la <strong>lutte contre les abus sexuels dans le clerg\u00e9<\/strong>. Le Pape ne s\u2019est pas limit\u00e9 \u00e0 les condamner, mais a agi avec d\u00e9termination, en introduisant des normes s\u00e9v\u00e8res et en invitant tout le clerg\u00e9 \u00e0 un examen de conscience douloureux, mais n\u00e9cessaire. Son authenticit\u00e9 dans l\u2019admission des fautes du pass\u00e9 a ouvert la voie \u00e0 un processus de gu\u00e9rison qui est encore en cours. Fran\u00e7ois a institu\u00e9 des normes rigoureuses et a \u00e9man\u00e9 la <strong><em>Vos estis lux mundi<\/em><\/strong> (en fran\u00e7ais \u00ab\u00a0Vous \u00eates la lumi\u00e8re du monde\u00a0\u00bb), une Lettre Apostolique sous forme de <em>Motu Proprio<\/em> \u00e9crite le 7 mai 2019, qui repr\u00e9sente un tournant d\u00e9cisif dans la lutte contre les abus. Avant cette loi, il existait une certaine ambigu\u00eft\u00e9 dans les proc\u00e9dures \u00e0 suivre, en particulier quand les faits impliquaient des figures de haut rang eccl\u00e9siastique comme les \u00e9v\u00eaques. En outre, les victimes rencontraient souvent des obstacles significatifs dans la d\u00e9nonciation des abus. <em>Vos estis lux mundi<\/em> \u00e9tablit des proc\u00e9dures claires et obligatoires pour le signalement des abus. Chaque dioc\u00e8se doit s\u2019\u00e9quiper de syst\u00e8mes facilement accessibles pour pr\u00e9senter ces signalements et tous les membres du clerg\u00e9 et les religieux sont dans l\u2019obligation de d\u00e9noncer les abus dont ils ont pris connaissance. En deuxi\u00e8me lieu, le document \u00e9tend la responsabilit\u00e9 non seulement aux abus sexuels sur les mineurs, mais \u00e9galement \u00e0 ceux sur les adultes vuln\u00e9rables et \u00e0 l\u2019abus d\u2019autorit\u00e9 pour obtenir des actes sexuels. Il inclut, en outre, la protection contre toute mesure de r\u00e9torsion vis-\u00e0-vis de qui d\u00e9nonce les faits.<\/p>\n<h2>Gardien de la maison commune et proph\u00e8te de la fraternit\u00e9 universelle<\/h2>\n<p>Ses <strong>encycliques<\/strong> ont trac\u00e9 la voie pour une \u00c9glise du troisi\u00e8me mill\u00e9naire. Avec <a href=\"https:\/\/www.holyart.fr\/blog\/articles-religieux\/pape-francois-et-lenvironnement-voici-ce-quil-a-en-commun-avec-le-saint-dont-il-a-pris-le-nom\/\"><strong><em><u>Laudato Si\u2019<\/u><\/em><\/strong><\/a> (2015), Pape Fran\u00e7ois n\u2019a pas parl\u00e9 qu\u2019aux catholiques, mais au monde entier. Son appelle \u00e0 la <strong>sauvegarde de la plan\u00e8te comme \u00ab\u00a0<em>maison commune<\/em>\u00a0\u00bb<\/strong> a r\u00e9sonn\u00e9 fort et clair, \u00e0 une \u00e9poque marqu\u00e9e par la crise climatique. Cela n\u2019a pas \u00e9t\u00e9 seulement un message spirituel, mais un cri d\u2019alarme politique et social qui a pouss\u00e9 des millions de gens \u00e0 r\u00e9fl\u00e9chir sur leur r\u00f4le dans la protection de l\u2019environnement.<\/p>\n<div class=\"link-article\">\n<p><img loading=\"lazy\" decoding=\"async\" class=\"size-full wp-image-10335 alignleft\" src=\"https:\/\/blog.holyart.it\/fr\/wp-content\/uploads\/sites\/14\/2025\/04\/Pape-Francois-et-lenvironnement.jpg\" alt=\"Pape Fran\u00e7ois et l'environnement\" width=\"150\" height=\"100\" data-kale-share-title=\"Comment Pape Fran\u00e7ois a transform\u00e9 l\u2019\u00c9glise pendant son pontificat\" data-kale-share-url=\"https:\/\/blog.holyart.it\/fr\/?p=10303\" \/><\/p>\n<div class=\"leggi-anche\">Lire aussi :<\/div>\n<p><strong><a href=\"https:\/\/www.holyart.fr\/blog\/articles-religieux\/pape-francois-et-lenvironnement-voici-ce-quil-a-en-commun-avec-le-saint-dont-il-a-pris-le-nom\/\">Pape Fran\u00e7ois et l\u2019environnement : voici ce qu\u2019il a en commun avec le saint dont il a pris le nom<\/a><\/strong><br \/>\n\u00c0 l\u2019occasion de la Journ\u00e9e mondiale de la pri\u00e8re pour la sauvegarde de la cr\u00e9ation et du Temps de la Cr\u00e9ation<\/p>\n<\/div>\n<p><strong><em>Amoris Laetitia<\/em><\/strong> (La Joie de l\u2019Amour) repr\u00e9sente un des documents les plus significatifs et controvers\u00e9s du pontificat de Fran\u00e7ois. Publi\u00e9e le 8 avril 2016, cette exhortation apostolique a marqu\u00e9 un tournant dans la mani\u00e8re dont l\u2019\u00c9glise affronte les <strong>complexes r\u00e9alit\u00e9s familiales du monde contemporain<\/strong>. Le document na\u00eet des r\u00e9flexions ressorties lors de deux Synodes sur la famille (2014 et 2015), o\u00f9 des \u00e9v\u00eaques du monde entier se sont confront\u00e9s sur les d\u00e9fis que les familles affrontent aujourd\u2019hui. Au centre d\u2019<em>Amoris Laetitia<\/em> nous trouvons une vision de la famille comme r\u00e9alit\u00e9 dynamique et en \u00e9volution. Le Pape reconna\u00eet que les situations familiales ne sont pas toujours id\u00e9ales et que l\u2019\u00c9glise doit savoir accompagner les gens dans leurs parcours concrets de vie. Particuli\u00e8rement innovante est l\u2019approche \u00e0 ce que l\u2019on d\u00e9finit les \u00ab\u00a0situations irr\u00e9guli\u00e8res\u00a0\u00bb, comme les couples divorc\u00e9s et remari\u00e9es, au sein desquelles peuvent \u00eatre pr\u00e9sents des \u00e9l\u00e9ments de gr\u00e2ce et d\u2019amour authentique. Le Pape invite l\u2019\u00c9glise \u00e0 voir au-del\u00e0 des cat\u00e9gories de \u00ab\u00a0r\u00e9gulier\u00a0\u00bb et \u00ab\u00a0irr\u00e9gulier\u00a0\u00bb afin de reconna\u00eetre le bien pr\u00e9sent dans chaque situation familiale.<\/p>\n<p>Avec l\u2019encyclique <strong><em>Fratelli Tutti<\/em><\/strong> (2020), Pape Fran\u00e7ois a offert une vision proph\u00e9tique de la <strong>fraternit\u00e9 universelle <\/strong>dans un monde d\u00e9chir\u00e9 par les conflits et les divisions. Le document est sign\u00e9 \u00e0 Assise, sur la tombe de <strong><a href=\"https:\/\/www.holyart.fr\/blog\/articles-religieux\/les-celebrations-pour-le-huitieme-centenaire-de-saint-francois-dassise\/\"><u>Saint Fran\u00e7ois<\/u><\/a><\/strong>, un lieu hautement symbolique, puisque l\u2019encyclique s\u2019inspire justement des enseignements du Saint d\u2019Assise sur la fraternit\u00e9 universelle. Le monde est en train de traverser la pand\u00e9mie de la COVID-19, une p\u00e9riode qui a soulign\u00e9 comme jamais auparavant les interconnexions globales et, en m\u00eame temps, les profondes in\u00e9galit\u00e9s sociales. Pape Fran\u00e7ois a \u00e9labor\u00e9 une grande partie du document pendant le confinement justement, en transformant ce moment d\u2019isolement global en une opportunit\u00e9 pour r\u00e9fl\u00e9chir sur la signification profonde de la fraternit\u00e9 humaine. Le titre <em>Fratelli Tutti<\/em> reprend une expression de Saint Fran\u00e7ois d\u2019Assise, qui l\u2019utilisait pour s\u2019adresser \u00e0 tous ses fr\u00e8res et s\u0153urs, en proposant une forme de vie qui fait r\u00e9f\u00e9rence aux pr\u00e9ceptes de l\u2019\u00c9vangile. L\u2019encyclique s\u2019ins\u00e8re dans un moment historique particulier pour d\u2019autres aspects \u00e9galement\u00a0: les tensions internationales grandissantes, l\u2019\u00e9mergence de nationalismes, la crise des r\u00e9fugi\u00e9s et les in\u00e9galit\u00e9s \u00e9conomiques croissantes ont rendu ce message sur la fraternit\u00e9 universelle et sur l\u2019amiti\u00e9 sociale particuli\u00e8rement pertinent et urgent.<\/p>\n<div class=\"link-article\">\n<p><img loading=\"lazy\" decoding=\"async\" class=\"size-full wp-image-10338 alignleft\" src=\"https:\/\/blog.holyart.it\/fr\/wp-content\/uploads\/sites\/14\/2025\/04\/Les-celebrations-pour-le-huitieme-centenaire-de-Saint-Francois-dAssise.jpg\" alt=\"Les celebrations pour le huitieme centenaire de Saint Fran\u00e7ois d'Assise\" width=\"150\" height=\"100\" data-kale-share-title=\"Comment Pape Fran\u00e7ois a transform\u00e9 l\u2019\u00c9glise pendant son pontificat\" data-kale-share-url=\"https:\/\/blog.holyart.it\/fr\/?p=10303\" \/><\/p>\n<div class=\"leggi-anche\">Lire aussi :<\/div>\n<p><strong><a href=\"https:\/\/www.holyart.fr\/blog\/articles-religieux\/les-celebrations-pour-le-huitieme-centenaire-de-saint-francois-dassise\/\">Les c\u00e9l\u00e9brations pour le huiti\u00e8me centenaire de Saint Fran\u00e7ois d\u2019Assise<\/a><\/strong><br \/>\nEn 2026 le huiti\u00e8me centenaire de sa mort sera le point culminant de quatre ans de f\u00eates et c\u00e9l\u00e9brations.<\/p>\n<\/div>\n<p>Fran\u00e7ois r\u00eavait d\u2019un monde sans murs, o\u00f9 on aurait <strong><a href=\"https:\/\/www.holyart.fr\/blog\/articles-religieux\/la-priere-des-5-doigts-du-pape-francois\/\">tous pu vivre en tant que fr\u00e8res.<\/a><\/strong> Son <strong>cri de douleur pour les guerres<\/strong>, de la Syrie \u00e0 l\u2019Ukraine, de la Terre Sainte au Soudan, a toujours uni la d\u00e9nonciation \u00e0 l\u2019esp\u00e9rance, la fermet\u00e9 \u00e0 la mis\u00e9ricorde. Il a \u00e9galement su r\u00e9volutionner le dialogue interreligieux. La rencontre historique d\u2019Abu Dhabi avec le Grand Imam de Al-Azhar et le voyage en Irak ont montr\u00e9 que le dialogue n\u2019est pas une utopie, mais une n\u00e9cessit\u00e9 pour notre \u00e9poque.<br \/>\nLe <strong><em>Document sur la Fraternit\u00e9 Humaine pour la Paix Mondiale et Coexistence Commun<\/em><\/strong>e, sign\u00e9 le 4 f\u00e9vrier 2019 par Pape Fran\u00e7ois et le Grand Imam de Al-Azhar Ahmad Al-Tayyib, est une d\u00e9claration proph\u00e9tique et r\u00e9volutionnaire qui trace une vision d\u2019esp\u00e9rance pour l\u2019humanit\u00e9. Il proph\u00e9tise un monde fond\u00e9 sur le dialogue, sur la paix et sur la justice, en invitant tous, croyants et non croyants, \u00e0 collaborer afin de construire une soci\u00e9t\u00e9 bas\u00e9e sur la dignit\u00e9 humaine, sur l\u2019\u00e9galit\u00e9 et sur la fraternit\u00e9 universelle. Le document d\u00e9nonce les divisions, les guerres et les injustices qui affligent le monde, en indiquant<strong> la fraternit\u00e9<\/strong> comme le seule antidote contre la haine et l\u2019extr\u00e9misme, et proph\u00e9tise un futur o\u00f9 la <strong>culture du dialogue<\/strong> devient la voie pour pr\u00e9venir les conflits, le respect r\u00e9ciproque remplace la discrimination et la collaboration entre les peuples devient la m\u00e9thode pour affronter les d\u00e9fis globaux. En particulier, il condamne avec force toute forme de <strong>terrorisme et de violence<\/strong> perp\u00e9tu\u00e9e au nom de la religion, en affirmant que Dieu n\u2019a pas besoin d\u2019\u00eatre d\u00e9fendu \u00e0 travers le sang d\u2019innocents. Voici ce que le document affirme\u00a0:\u00a0\u00ab\u00a0<em>Il n\u2019y a pas d\u2019alternative\u00a0: ou bien nous construisons ensemble l\u2019avenir, ou bien il n\u2019y aura pas de futur. Les religions ne peuvent renoncer \u00e0 la t\u00e2che urgente de construire des ponts entre les peuples et les cultures. Le temps est arriv\u00e9 o\u00f9 les religions doivent se d\u00e9penser plus activement avec courage et audace, sans artifice, pour aider la famille humaine \u00e0 m\u00fbrir la capacit\u00e9 de r\u00e9conciliation, la vision d\u2019esp\u00e9rance et les itin\u00e9raires concrets de paix\u00a0<\/em>\u00bb.<\/p>\n<div class=\"link-article\">\n<p><img loading=\"lazy\" decoding=\"async\" class=\"size-full wp-image-10340 alignleft\" src=\"https:\/\/blog.holyart.it\/fr\/wp-content\/uploads\/sites\/14\/2025\/04\/La-priere-des-5-doigts-du-Pape-Francois.jpg\" alt=\"La pri\u00e9re des 5 doigts du Pape Fran\u00e7ois\" width=\"150\" height=\"100\" data-kale-share-title=\"Comment Pape Fran\u00e7ois a transform\u00e9 l\u2019\u00c9glise pendant son pontificat\" data-kale-share-url=\"https:\/\/blog.holyart.it\/fr\/?p=10303\" \/><\/p>\n<div class=\"leggi-anche\">Lire aussi :<\/div>\n<p><strong><a href=\"https:\/\/www.holyart.fr\/blog\/articles-religieux\/la-priere-des-5-doigts-du-pape-francois\/\">La pri\u00e8re des 5 doigts du Pape Fran\u00e7ois<\/a><\/strong><br \/>\nLa pri\u00e8re des 5 doigts est un moyen efficace sugg\u00e9r\u00e9 par Pape Fran\u00e7ois pour n\u2019oublier personne dans nos pri\u00e8res<\/p>\n<\/div>\n<h2>Un Pape en voyage\u00a0: Fran\u00e7ois p\u00e8lerin de paix<\/h2>\n<p><strong><a href=\"https:\/\/www.holyart.fr\/blog\/occasions-speciales\/combien-de-voyages-pape-francois-a-deja-fait\/\">Pour Pape Fran\u00e7ois, les voyages<\/a><\/strong> n\u2019ont pas \u00e9t\u00e9 de simples visites diplomatiques, mais de v\u00e9ritables <strong>p\u00e8lerinages de paix <\/strong>dans des lieux bless\u00e9s par l\u2019histoire. Chaque visite a laiss\u00e9 un h\u00e9ritage tangible\u00a0: en Irak, il a rallum\u00e9 l\u2019esp\u00e9rance des communaut\u00e9s chr\u00e9tiennes pers\u00e9cut\u00e9es, au Myanmar et en Bangladesh il a donn\u00e9 voix aux \u00ab\u00a0sans voix\u00a0\u00bb, il a contribu\u00e9 \u00e0 dissoudre des d\u00e9cennies d\u2019hostilit\u00e9 entre Cuba et les \u00c9tats-Unis. Sa capacit\u00e9 \u00e0 se rendre aux <em>\u00ab\u00a0p\u00e9riph\u00e9ries\u00a0\u00bb du monde<\/em>, non seulement g\u00e9ographiques, mais existentielles aussi, a red\u00e9fini le r\u00f4le du pontificat au XXIe si\u00e8cle.<br \/>\nLe <strong>voyage en Irak<\/strong>, en mars 2021, a repr\u00e9sent\u00e9 un moment historique sans pr\u00e9c\u00e9dents\u00a0: pour la premi\u00e8re fois, un Pape visitait la terre d\u2019Abraham, berceau de civilisations anciennes et th\u00e9\u00e2tre de conflits modernes. Dans un pays meurtri par guerres et violences sectaires, Fran\u00e7ois a apport\u00e9 un message de r\u00e9conciliation et de fraternit\u00e9. La rencontre avec le Grand Ayatollah Al-Sistani \u00e0 Najaf et la pri\u00e8re interreligieuse dans les ruines d\u2019Ur ont d\u00e9montr\u00e9 comme le dialogue entre les fois diff\u00e9rentes n\u2019est pas uniquement possible, mais n\u00e9cessaire pour construire la paix.<\/p>\n<div class=\"link-article\">\n<p><img loading=\"lazy\" decoding=\"async\" class=\"size-full wp-image-10342 alignleft\" src=\"https:\/\/blog.holyart.it\/fr\/wp-content\/uploads\/sites\/14\/2025\/04\/voyages-de-Pape-Francois.jpg\" alt=\"Voyages du Pape Fran\u00e7ois\" width=\"150\" height=\"100\" data-kale-share-title=\"Comment Pape Fran\u00e7ois a transform\u00e9 l\u2019\u00c9glise pendant son pontificat\" data-kale-share-url=\"https:\/\/blog.holyart.it\/fr\/?p=10303\" \/><\/p>\n<div class=\"leggi-anche\">Lire aussi :<\/div>\n<p><strong><a href=\"https:\/\/www.holyart.fr\/blog\/occasions-speciales\/combien-de-voyages-pape-francois-a-deja-fait\/\">Combien de voyages Pape Fran\u00e7ois a d\u00e9j\u00e0 fait ?<\/a><\/strong><br \/>\nLa d\u00e9monstration de son engagement d\u2019\u00e9vang\u00e9lisation, mais aussi de r\u00e9conciliation et soin des nombreuses blessures qui d\u00e9chirent l\u2019humanit\u00e9.<\/p>\n<\/div>\n<p>En 2017, son <strong>voyage au Myanmar et au Bangladesh<\/strong> a plac\u00e9 l\u2019attention mondiale sur la trag\u00e9die des Rohingya, une minorit\u00e9 musulmane pers\u00e9cut\u00e9e. Au Myanmar, tout en maintenant une diplomatie subtile, Fran\u00e7ois a d\u00e9fendu les droits des minorit\u00e9s. Au Bangladesh, la rencontre \u00e9mouvante avec les r\u00e9fugi\u00e9s Rohingya a montr\u00e9 au monde le visage humain de cette crise, avec le Pape qui demandait pardon pour l\u2019indiff\u00e9rence globale envers leur souffrance.<br \/>\nLa <strong>visite \u00e0 Cuba et aux \u00c9tats-Unis<\/strong>, en 2015, a soulign\u00e9 le r\u00f4le de l\u2019\u00c9glise en tant que constructrice de ponts entre des peuples divis\u00e9s. Fran\u00e7ois a jou\u00e9 un r\u00f4le cl\u00e9 dans le d\u00e9gel des relations entre les deux pays, en facilitant le dialogue diplomatique en coulisse. \u00c0 Cuba, il a rencontr\u00e9 Fidel Castro, tandis qu\u2019aux \u00c9tats-Unis il est devenu le premier Pape \u00e0 parler au Congr\u00e8s am\u00e9ricain, en affrontant des th\u00e8mes cruciaux comme l\u2019immigration et le changement climatique.<\/p>\n<h2>Un pasteur proche des faibles<\/h2>\n<p>Le c\u0153ur de Pape Fran\u00e7ois battait pour <strong>les pauvres et<\/strong> pour <strong>les migrants<\/strong>. En 2013, tout juste install\u00e9 sur le tr\u00f4ne pontifical, il a visit\u00e9 Lampedusa afin de d\u00e9noncer les trag\u00e9dies des migrations forc\u00e9es et a transform\u00e9 l\u2019\u00c9glise en une voix inlassable contre les politiques de fermeture et d\u2019indiff\u00e9rence. Son engagement pour les migrants restera comme un des traits distinctifs de son pontificat. Sa voix s\u2019est lev\u00e9e inlassablement contre celle qu\u2019il a d\u00e9fini comme \u00ab\u00a0<strong><em>la globalisation de l\u2019indiff\u00e9rence<\/em><\/strong>\u00a0\u00bb<strong><em>.\u00a0<\/em><\/strong><br \/>\nPape Fran\u00e7ois a cr\u00e9\u00e9 le <strong>Dicast\u00e8re pour le Service du D\u00e9veloppement Humain Int\u00e9gral<\/strong> afin de coordonner l\u2019action sociale de l\u2019\u00c9glise, en rendant le message \u00e9vang\u00e9lique de la charit\u00e9 tangible. Le Dicast\u00e8re est un organisme de la Curie Romaine institu\u00e9 le 17 ao\u00fbt 2016 avec la Lettre Apostolique <em>Humanam Progressionem<\/em>, d\u00e9di\u00e9 \u00e0 promouvoir le d\u00e9veloppement humain int\u00e9gral \u00e0 la lumi\u00e8re de l\u2019\u00c9vangile et de la doctrine sociale de l\u2019\u00c9glise. Il a officiellement d\u00e9marr\u00e9 son activit\u00e9 le 1<sup>er<\/sup> janvier 2017, en incorporant les comp\u00e9tences de quatre Conseils Pontificaux pr\u00e9existants\u00a0: Justice et Paix, Cor Unum, Pastorale des Migrants et des Personnes en D\u00e9placement, et Pastorale pour les Op\u00e9rateurs Sanitaires.<br \/>\nLe Dicast\u00e8re s\u2019occupe de questions fondamentales comme <strong>la justice, la paix et les droits de l\u2019homme<\/strong>\u00a0; <strong>la sant\u00e9 et la dignit\u00e9<\/strong> de la personne\u00a0; la <strong>sauvegarde de la cr\u00e9ation<\/strong> en tant que \u00ab\u00a0<em>maison commune<\/em>\u00a0\u00bb\u00a0; <strong>les migrations, les urgences humanitaires<\/strong> et le soutien aux plus vuln\u00e9rables, comme les d\u00e9tenus, les ch\u00f4meurs, les victimes de conflits arm\u00e9s, de catastrophes naturelles ou de la traite d\u2019\u00eatres humains.<\/p>\n","protected":false},"excerpt":{"rendered":"<p>Qu\u2019est-ce que Pape Fran\u00e7ois a fait d\u2019important ? Son pontificat a \u00e9t\u00e9 une r\u00e9volution de mis\u00e9ricorde qui a transform\u00e9 l\u2019\u00c9glise, en l\u2019amenant des p\u00e9riph\u00e9ries au c\u0153ur du monde avec humilit\u00e9, courage et ouverture au dialogue. Ce n\u2019est pas facile de r\u00e9sumer ce que Pape Fran\u00e7ois&hellip;<\/p>\n","protected":false},"author":1,"featured_media":10307,"comment_status":"closed","ping_status":"open","sticky":false,"template":"","format":"standard","meta":{"_acf_changed":false,"footnotes":""},"categories":[12],"tags":[],"class_list":["post-10303","post","type-post","status-publish","format-standard","has-post-thumbnail","hentry","category-occasions-speciales"],"acf":[],"yoast_head":"<!-- This site is optimized with the Yoast SEO plugin v26.6 - https:\/\/yoast.com\/wordpress\/plugins\/seo\/ -->\n<title>Comment Pape Fran\u00e7ois a transform\u00e9 l\u2019\u00c9glise pendant son pontificat - Holyart.fr Blog<\/title>\n<meta name=\"description\" content=\"Qu\u2019est-ce que Pape Fran\u00e7ois a fait d\u2019important? Son pontificat a transform\u00e9 l\u2019\u00c9glise, en l\u2019amenant des p\u00e9riph\u00e9ries au c\u0153ur du monde.\" \/>\n<meta name=\"robots\" content=\"index, follow, max-snippet:-1, max-image-preview:large, max-video-preview:-1\" \/>\n<link rel=\"canonical\" href=\"https:\/\/blog.holyart.it\/fr\/occasions-speciales\/comment-pape-francois-a-transforme-leglise\/\" \/>\n<meta property=\"og:locale\" content=\"fr_FR\" \/>\n<meta property=\"og:type\" content=\"article\" \/>\n<meta property=\"og:title\" content=\"Comment Pape Fran\u00e7ois a transform\u00e9 l\u2019\u00c9glise pendant son pontificat - Holyart.fr Blog\" \/>\n<meta property=\"og:description\" content=\"Qu\u2019est-ce que Pape Fran\u00e7ois a fait d\u2019important? Son pontificat a transform\u00e9 l\u2019\u00c9glise, en l\u2019amenant des p\u00e9riph\u00e9ries au c\u0153ur du monde.\" \/>\n<meta property=\"og:url\" content=\"https:\/\/blog.holyart.it\/fr\/occasions-speciales\/comment-pape-francois-a-transforme-leglise\/\" \/>\n<meta property=\"og:site_name\" content=\"Holyart.fr Blog\" \/>\n<meta property=\"article:published_time\" content=\"2025-04-24T08:00:26+00:00\" \/>\n<meta property=\"article:modified_time\" content=\"2025-04-24T15:40:05+00:00\" \/>\n<meta property=\"og:image\" content=\"https:\/\/blog.holyart.it\/fr\/wp-content\/uploads\/sites\/14\/2025\/04\/Holyart_Blog_PapaFrancesco_fr.jpg\" \/>\n\t<meta property=\"og:image:width\" content=\"1000\" \/>\n\t<meta property=\"og:image:height\" content=\"666\" \/>\n\t<meta property=\"og:image:type\" content=\"image\/jpeg\" \/>\n<meta name=\"author\" content=\"Redazione\" \/>\n<meta name=\"twitter:card\" content=\"summary_large_image\" \/>\n<meta name=\"twitter:label1\" content=\"\u00c9crit par\" \/>\n\t<meta name=\"twitter:data1\" content=\"Redazione\" \/>\n\t<meta name=\"twitter:label2\" content=\"Dur\u00e9e de lecture estim\u00e9e\" \/>\n\t<meta name=\"twitter:data2\" content=\"17 minutes\" \/>\n<script type=\"application\/ld+json\" class=\"yoast-schema-graph\">{\"@context\":\"https:\/\/schema.org\",\"@graph\":[{\"@type\":\"Article\",\"@id\":\"https:\/\/blog.holyart.it\/fr\/occasions-speciales\/comment-pape-francois-a-transforme-leglise\/#article\",\"isPartOf\":{\"@id\":\"https:\/\/blog.holyart.it\/fr\/occasions-speciales\/comment-pape-francois-a-transforme-leglise\/\"},\"author\":{\"name\":\"Redazione\",\"@id\":\"https:\/\/blog.holyart.it\/fr\/#\/schema\/person\/0a7b686e5af0f856ec1e390dd0baecda\"},\"headline\":\"Comment Pape Fran\u00e7ois a transform\u00e9 l\u2019\u00c9glise pendant son pontificat\",\"datePublished\":\"2025-04-24T08:00:26+00:00\",\"dateModified\":\"2025-04-24T15:40:05+00:00\",\"mainEntityOfPage\":{\"@id\":\"https:\/\/blog.holyart.it\/fr\/occasions-speciales\/comment-pape-francois-a-transforme-leglise\/\"},\"wordCount\":3309,\"publisher\":{\"@id\":\"https:\/\/blog.holyart.it\/fr\/#organization\"},\"image\":{\"@id\":\"https:\/\/blog.holyart.it\/fr\/occasions-speciales\/comment-pape-francois-a-transforme-leglise\/#primaryimage\"},\"thumbnailUrl\":\"https:\/\/blog.holyart.it\/fr\/wp-content\/uploads\/sites\/14\/2025\/04\/Holyart_Blog_PapaFrancesco_fr.jpg\",\"articleSection\":[\"Occasions sp\u00e9ciales\"],\"inLanguage\":\"fr-FR\"},{\"@type\":\"WebPage\",\"@id\":\"https:\/\/blog.holyart.it\/fr\/occasions-speciales\/comment-pape-francois-a-transforme-leglise\/\",\"url\":\"https:\/\/blog.holyart.it\/fr\/occasions-speciales\/comment-pape-francois-a-transforme-leglise\/\",\"name\":\"Comment Pape Fran\u00e7ois a transform\u00e9 l\u2019\u00c9glise pendant son pontificat - Holyart.fr Blog\",\"isPartOf\":{\"@id\":\"https:\/\/blog.holyart.it\/fr\/#website\"},\"primaryImageOfPage\":{\"@id\":\"https:\/\/blog.holyart.it\/fr\/occasions-speciales\/comment-pape-francois-a-transforme-leglise\/#primaryimage\"},\"image\":{\"@id\":\"https:\/\/blog.holyart.it\/fr\/occasions-speciales\/comment-pape-francois-a-transforme-leglise\/#primaryimage\"},\"thumbnailUrl\":\"https:\/\/blog.holyart.it\/fr\/wp-content\/uploads\/sites\/14\/2025\/04\/Holyart_Blog_PapaFrancesco_fr.jpg\",\"datePublished\":\"2025-04-24T08:00:26+00:00\",\"dateModified\":\"2025-04-24T15:40:05+00:00\",\"description\":\"Qu\u2019est-ce que Pape Fran\u00e7ois a fait d\u2019important? Son pontificat a transform\u00e9 l\u2019\u00c9glise, en l\u2019amenant des p\u00e9riph\u00e9ries au c\u0153ur du monde.\",\"breadcrumb\":{\"@id\":\"https:\/\/blog.holyart.it\/fr\/occasions-speciales\/comment-pape-francois-a-transforme-leglise\/#breadcrumb\"},\"inLanguage\":\"fr-FR\",\"potentialAction\":[{\"@type\":\"ReadAction\",\"target\":[\"https:\/\/blog.holyart.it\/fr\/occasions-speciales\/comment-pape-francois-a-transforme-leglise\/\"]}]},{\"@type\":\"ImageObject\",\"inLanguage\":\"fr-FR\",\"@id\":\"https:\/\/blog.holyart.it\/fr\/occasions-speciales\/comment-pape-francois-a-transforme-leglise\/#primaryimage\",\"url\":\"https:\/\/blog.holyart.it\/fr\/wp-content\/uploads\/sites\/14\/2025\/04\/Holyart_Blog_PapaFrancesco_fr.jpg\",\"contentUrl\":\"https:\/\/blog.holyart.it\/fr\/wp-content\/uploads\/sites\/14\/2025\/04\/Holyart_Blog_PapaFrancesco_fr.jpg\",\"width\":1000,\"height\":666,\"caption\":\"\u00e0 la memoure de pape Fran\u00e7ois\"},{\"@type\":\"BreadcrumbList\",\"@id\":\"https:\/\/blog.holyart.it\/fr\/occasions-speciales\/comment-pape-francois-a-transforme-leglise\/#breadcrumb\",\"itemListElement\":[{\"@type\":\"ListItem\",\"position\":1,\"name\":\"Homepage\",\"item\":\"https:\/\/blog.holyart.it\/fr\/\"},{\"@type\":\"ListItem\",\"position\":2,\"name\":\"Occasions sp\u00e9ciales\",\"item\":\"https:\/\/blog.holyart.it\/fr\/occasions-speciales\/\"},{\"@type\":\"ListItem\",\"position\":3,\"name\":\"Comment Pape Fran\u00e7ois a transform\u00e9 l\u2019\u00c9glise pendant son pontificat\"}]},{\"@type\":\"WebSite\",\"@id\":\"https:\/\/blog.holyart.it\/fr\/#website\",\"url\":\"https:\/\/blog.holyart.it\/fr\/\",\"name\":\"Holyart.fr Blog\",\"description\":\"Holyblog\",\"publisher\":{\"@id\":\"https:\/\/blog.holyart.it\/fr\/#organization\"},\"potentialAction\":[{\"@type\":\"SearchAction\",\"target\":{\"@type\":\"EntryPoint\",\"urlTemplate\":\"https:\/\/blog.holyart.it\/fr\/?s={search_term_string}\"},\"query-input\":{\"@type\":\"PropertyValueSpecification\",\"valueRequired\":true,\"valueName\":\"search_term_string\"}}],\"inLanguage\":\"fr-FR\"},{\"@type\":\"Organization\",\"@id\":\"https:\/\/blog.holyart.it\/fr\/#organization\",\"name\":\"Holyart.fr Blog\",\"url\":\"https:\/\/blog.holyart.it\/fr\/\",\"logo\":{\"@type\":\"ImageObject\",\"inLanguage\":\"fr-FR\",\"@id\":\"https:\/\/blog.holyart.it\/fr\/#\/schema\/logo\/image\/\",\"url\":\"https:\/\/blog.holyart.it\/fr\/wp-content\/uploads\/sites\/14\/2022\/12\/Holyart_Blog_Logo.jpg\",\"contentUrl\":\"https:\/\/blog.holyart.it\/fr\/wp-content\/uploads\/sites\/14\/2022\/12\/Holyart_Blog_Logo.jpg\",\"width\":300,\"height\":50,\"caption\":\"Holyart.fr Blog\"},\"image\":{\"@id\":\"https:\/\/blog.holyart.it\/fr\/#\/schema\/logo\/image\/\"}},{\"@type\":\"Person\",\"@id\":\"https:\/\/blog.holyart.it\/fr\/#\/schema\/person\/0a7b686e5af0f856ec1e390dd0baecda\",\"name\":\"Redazione\",\"image\":{\"@type\":\"ImageObject\",\"inLanguage\":\"fr-FR\",\"@id\":\"https:\/\/blog.holyart.it\/fr\/#\/schema\/person\/image\/\",\"url\":\"https:\/\/secure.gravatar.com\/avatar\/f477da817f43e50d0af36abecd33e3edf826c68299714bdc1057dff3b113f516?s=96&d=mm&r=g\",\"contentUrl\":\"https:\/\/secure.gravatar.com\/avatar\/f477da817f43e50d0af36abecd33e3edf826c68299714bdc1057dff3b113f516?s=96&d=mm&r=g\",\"caption\":\"Redazione\"},\"url\":\"https:\/\/blog.holyart.it\/fr\/author\/admin\/\"}]}<\/script>\n<!-- \/ Yoast SEO plugin. -->","yoast_head_json":{"title":"Comment Pape Fran\u00e7ois a transform\u00e9 l\u2019\u00c9glise pendant son pontificat - Holyart.fr Blog","description":"Qu\u2019est-ce que Pape Fran\u00e7ois a fait d\u2019important? Son pontificat a transform\u00e9 l\u2019\u00c9glise, en l\u2019amenant des p\u00e9riph\u00e9ries au c\u0153ur du monde.","robots":{"index":"index","follow":"follow","max-snippet":"max-snippet:-1","max-image-preview":"max-image-preview:large","max-video-preview":"max-video-preview:-1"},"canonical":"https:\/\/blog.holyart.it\/fr\/occasions-speciales\/comment-pape-francois-a-transforme-leglise\/","og_locale":"fr_FR","og_type":"article","og_title":"Comment Pape Fran\u00e7ois a transform\u00e9 l\u2019\u00c9glise pendant son pontificat - Holyart.fr Blog","og_description":"Qu\u2019est-ce que Pape Fran\u00e7ois a fait d\u2019important? Son pontificat a transform\u00e9 l\u2019\u00c9glise, en l\u2019amenant des p\u00e9riph\u00e9ries au c\u0153ur du monde.","og_url":"https:\/\/blog.holyart.it\/fr\/occasions-speciales\/comment-pape-francois-a-transforme-leglise\/","og_site_name":"Holyart.fr Blog","article_published_time":"2025-04-24T08:00:26+00:00","article_modified_time":"2025-04-24T15:40:05+00:00","og_image":[{"width":1000,"height":666,"url":"https:\/\/blog.holyart.it\/fr\/wp-content\/uploads\/sites\/14\/2025\/04\/Holyart_Blog_PapaFrancesco_fr.jpg","type":"image\/jpeg"}],"author":"Redazione","twitter_card":"summary_large_image","twitter_misc":{"\u00c9crit par":"Redazione","Dur\u00e9e de lecture estim\u00e9e":"17 minutes"},"schema":{"@context":"https:\/\/schema.org","@graph":[{"@type":"Article","@id":"https:\/\/blog.holyart.it\/fr\/occasions-speciales\/comment-pape-francois-a-transforme-leglise\/#article","isPartOf":{"@id":"https:\/\/blog.holyart.it\/fr\/occasions-speciales\/comment-pape-francois-a-transforme-leglise\/"},"author":{"name":"Redazione","@id":"https:\/\/blog.holyart.it\/fr\/#\/schema\/person\/0a7b686e5af0f856ec1e390dd0baecda"},"headline":"Comment Pape Fran\u00e7ois a transform\u00e9 l\u2019\u00c9glise pendant son pontificat","datePublished":"2025-04-24T08:00:26+00:00","dateModified":"2025-04-24T15:40:05+00:00","mainEntityOfPage":{"@id":"https:\/\/blog.holyart.it\/fr\/occasions-speciales\/comment-pape-francois-a-transforme-leglise\/"},"wordCount":3309,"publisher":{"@id":"https:\/\/blog.holyart.it\/fr\/#organization"},"image":{"@id":"https:\/\/blog.holyart.it\/fr\/occasions-speciales\/comment-pape-francois-a-transforme-leglise\/#primaryimage"},"thumbnailUrl":"https:\/\/blog.holyart.it\/fr\/wp-content\/uploads\/sites\/14\/2025\/04\/Holyart_Blog_PapaFrancesco_fr.jpg","articleSection":["Occasions sp\u00e9ciales"],"inLanguage":"fr-FR"},{"@type":"WebPage","@id":"https:\/\/blog.holyart.it\/fr\/occasions-speciales\/comment-pape-francois-a-transforme-leglise\/","url":"https:\/\/blog.holyart.it\/fr\/occasions-speciales\/comment-pape-francois-a-transforme-leglise\/","name":"Comment Pape Fran\u00e7ois a transform\u00e9 l\u2019\u00c9glise pendant son pontificat - Holyart.fr Blog","isPartOf":{"@id":"https:\/\/blog.holyart.it\/fr\/#website"},"primaryImageOfPage":{"@id":"https:\/\/blog.holyart.it\/fr\/occasions-speciales\/comment-pape-francois-a-transforme-leglise\/#primaryimage"},"image":{"@id":"https:\/\/blog.holyart.it\/fr\/occasions-speciales\/comment-pape-francois-a-transforme-leglise\/#primaryimage"},"thumbnailUrl":"https:\/\/blog.holyart.it\/fr\/wp-content\/uploads\/sites\/14\/2025\/04\/Holyart_Blog_PapaFrancesco_fr.jpg","datePublished":"2025-04-24T08:00:26+00:00","dateModified":"2025-04-24T15:40:05+00:00","description":"Qu\u2019est-ce que Pape Fran\u00e7ois a fait d\u2019important? Son pontificat a transform\u00e9 l\u2019\u00c9glise, en l\u2019amenant des p\u00e9riph\u00e9ries au c\u0153ur du monde.","breadcrumb":{"@id":"https:\/\/blog.holyart.it\/fr\/occasions-speciales\/comment-pape-francois-a-transforme-leglise\/#breadcrumb"},"inLanguage":"fr-FR","potentialAction":[{"@type":"ReadAction","target":["https:\/\/blog.holyart.it\/fr\/occasions-speciales\/comment-pape-francois-a-transforme-leglise\/"]}]},{"@type":"ImageObject","inLanguage":"fr-FR","@id":"https:\/\/blog.holyart.it\/fr\/occasions-speciales\/comment-pape-francois-a-transforme-leglise\/#primaryimage","url":"https:\/\/blog.holyart.it\/fr\/wp-content\/uploads\/sites\/14\/2025\/04\/Holyart_Blog_PapaFrancesco_fr.jpg","contentUrl":"https:\/\/blog.holyart.it\/fr\/wp-content\/uploads\/sites\/14\/2025\/04\/Holyart_Blog_PapaFrancesco_fr.jpg","width":1000,"height":666,"caption":"\u00e0 la memoure de pape Fran\u00e7ois"},{"@type":"BreadcrumbList","@id":"https:\/\/blog.holyart.it\/fr\/occasions-speciales\/comment-pape-francois-a-transforme-leglise\/#breadcrumb","itemListElement":[{"@type":"ListItem","position":1,"name":"Homepage","item":"https:\/\/blog.holyart.it\/fr\/"},{"@type":"ListItem","position":2,"name":"Occasions sp\u00e9ciales","item":"https:\/\/blog.holyart.it\/fr\/occasions-speciales\/"},{"@type":"ListItem","position":3,"name":"Comment Pape Fran\u00e7ois a transform\u00e9 l\u2019\u00c9glise pendant son pontificat"}]},{"@type":"WebSite","@id":"https:\/\/blog.holyart.it\/fr\/#website","url":"https:\/\/blog.holyart.it\/fr\/","name":"Holyart.fr Blog","description":"Holyblog","publisher":{"@id":"https:\/\/blog.holyart.it\/fr\/#organization"},"potentialAction":[{"@type":"SearchAction","target":{"@type":"EntryPoint","urlTemplate":"https:\/\/blog.holyart.it\/fr\/?s={search_term_string}"},"query-input":{"@type":"PropertyValueSpecification","valueRequired":true,"valueName":"search_term_string"}}],"inLanguage":"fr-FR"},{"@type":"Organization","@id":"https:\/\/blog.holyart.it\/fr\/#organization","name":"Holyart.fr Blog","url":"https:\/\/blog.holyart.it\/fr\/","logo":{"@type":"ImageObject","inLanguage":"fr-FR","@id":"https:\/\/blog.holyart.it\/fr\/#\/schema\/logo\/image\/","url":"https:\/\/blog.holyart.it\/fr\/wp-content\/uploads\/sites\/14\/2022\/12\/Holyart_Blog_Logo.jpg","contentUrl":"https:\/\/blog.holyart.it\/fr\/wp-content\/uploads\/sites\/14\/2022\/12\/Holyart_Blog_Logo.jpg","width":300,"height":50,"caption":"Holyart.fr Blog"},"image":{"@id":"https:\/\/blog.holyart.it\/fr\/#\/schema\/logo\/image\/"}},{"@type":"Person","@id":"https:\/\/blog.holyart.it\/fr\/#\/schema\/person\/0a7b686e5af0f856ec1e390dd0baecda","name":"Redazione","image":{"@type":"ImageObject","inLanguage":"fr-FR","@id":"https:\/\/blog.holyart.it\/fr\/#\/schema\/person\/image\/","url":"https:\/\/secure.gravatar.com\/avatar\/f477da817f43e50d0af36abecd33e3edf826c68299714bdc1057dff3b113f516?s=96&d=mm&r=g","contentUrl":"https:\/\/secure.gravatar.com\/avatar\/f477da817f43e50d0af36abecd33e3edf826c68299714bdc1057dff3b113f516?s=96&d=mm&r=g","caption":"Redazione"},"url":"https:\/\/blog.holyart.it\/fr\/author\/admin\/"}]}},"_links":{"self":[{"href":"https:\/\/blog.holyart.it\/fr\/wp-json\/wp\/v2\/posts\/10303","targetHints":{"allow":["GET"]}}],"collection":[{"href":"https:\/\/blog.holyart.it\/fr\/wp-json\/wp\/v2\/posts"}],"about":[{"href":"https:\/\/blog.holyart.it\/fr\/wp-json\/wp\/v2\/types\/post"}],"author":[{"embeddable":true,"href":"https:\/\/blog.holyart.it\/fr\/wp-json\/wp\/v2\/users\/1"}],"replies":[{"embeddable":true,"href":"https:\/\/blog.holyart.it\/fr\/wp-json\/wp\/v2\/comments?post=10303"}],"version-history":[{"count":10,"href":"https:\/\/blog.holyart.it\/fr\/wp-json\/wp\/v2\/posts\/10303\/revisions"}],"predecessor-version":[{"id":10345,"href":"https:\/\/blog.holyart.it\/fr\/wp-json\/wp\/v2\/posts\/10303\/revisions\/10345"}],"wp:featuredmedia":[{"embeddable":true,"href":"https:\/\/blog.holyart.it\/fr\/wp-json\/wp\/v2\/media\/10307"}],"wp:attachment":[{"href":"https:\/\/blog.holyart.it\/fr\/wp-json\/wp\/v2\/media?parent=10303"}],"wp:term":[{"taxonomy":"category","embeddable":true,"href":"https:\/\/blog.holyart.it\/fr\/wp-json\/wp\/v2\/categories?post=10303"},{"taxonomy":"post_tag","embeddable":true,"href":"https:\/\/blog.holyart.it\/fr\/wp-json\/wp\/v2\/tags?post=10303"}],"curies":[{"name":"wp","href":"https:\/\/api.w.org\/{rel}","templated":true}]}}