{"id":10261,"date":"2025-05-19T10:00:34","date_gmt":"2025-05-19T08:00:34","guid":{"rendered":"https:\/\/blog.holyart.it\/fr\/?p=10261"},"modified":"2025-07-18T15:53:52","modified_gmt":"2025-07-18T13:53:52","slug":"saint-philippe-neri-et-la-naissance-de-loratoire","status":"publish","type":"post","link":"https:\/\/blog.holyart.it\/fr\/saints-et-bienheureux\/saint-philippe-neri-et-la-naissance-de-loratoire\/","title":{"rendered":"Saint Philippe N\u00e9ri et la naissance de l\u2019Oratoire"},"content":{"rendered":"<h4>Saint Philippe N\u00e9ri servit Dieu et les hommes avec d\u00e9vouement, joie et une chaleur extraordinaire. Ap\u00f4tre de Rome et Saint de la Joie, il cr\u00e9a le concept d\u2019oratoire comme nous le connaissons aujourd\u2019hui.<\/h4>\n\n<p>Au c\u0153ur n\u00e9vralgique de la Rome de la Renaissance, une figure unique et surprenante se d\u00e9marquait parmi les palais et les places pleines de monde. C\u2019\u00e9tait <strong>Saint Philippe N\u00e9ri<\/strong>, un homme avec un ardent d\u00e9sir de partager la joie de l\u2019\u00c9vangile avec tous ceux qu\u2019il rencontrait. \u00ab\u00a0<em>Fou pour le Seigneur<\/em>\u00a0\u00bb, comme il se d\u00e9finissait lui-m\u00eame. Sa m\u00e9thodologie d\u2019\u00e9vang\u00e9lisation n\u2019\u00e9tait pas bas\u00e9e sur de complexes argumentations th\u00e9ologiques ou sur la condamnation des masses, mais sur <strong>une rencontre personnelle et joyeuse avec J\u00e9sus-Christ<\/strong>, source de sens et de beaut\u00e9 dans la vie de chaque individu. C\u2019est \u00e0 Philippe N\u00e9ri que nous devons l\u2019origine de l\u2019<strong>oratoire<\/strong>.<\/p>\n<p>Pour ceux qui ont re\u00e7u une \u00e9ducation religieuse et ont fr\u00e9quent\u00e9 l\u2019\u00e9glise, suivit leur cat\u00e9chisme, le terme oratoire est connu et d\u2019usage commun. Aujourd\u2019hui, l\u2019oratoire est le lieu d\u00e9di\u00e9 \u00e0 l\u2019<a href=\"https:\/\/www.holyart.fr\/blog\/articles-religieux\/journee-mondiale-de-la-jeunesse-le-pape-reunit-les-jeunes-du-monde-entier\/\"><strong><u>\u00e9ducation chr\u00e9tienne des jeunes et des enfants<\/u><\/strong><\/a>, g\u00e9n\u00e9ralement suivis par des jeunes peu plus \u00e2g\u00e9s qu\u2019eux, qui font office d\u2019\u00e9ducateurs et d\u2019animateurs. \u00c0 l\u2019oratoire on parle de J\u00e9sus et de la religion, mais on joue ensemble aussi, on entreprend des activit\u00e9s communautaires, on apprend \u00e0 se conna\u00eetre entre nous et \u00e0 se conna\u00eetre en tant que communaut\u00e9. Mais d\u2019o\u00f9 nait l\u2019id\u00e9e de l\u2019oratoire ? Au d\u00e9but, les oratoires n\u2019\u00e9taient que des petits sanctuaires o\u00f9 on pouvait se recueillir en pri\u00e8re. En effet, la parole oratoire d\u00e9rive du latin \u00ab\u00a0<em>orare<\/em>\u00a0\u00bb, prier.<\/p>\n<div class=\"link-article\">\n<p><img loading=\"lazy\" decoding=\"async\" class=\"size-full wp-image-10264 alignleft\" src=\"https:\/\/blog.holyart.it\/fr\/wp-content\/uploads\/sites\/14\/2025\/04\/Journee-Mondiale-de-la-Jeunesse.jpg\" alt=\"Journ\u00e9e mondiale de la Jeunesse\" width=\"150\" height=\"100\" data-kale-share-title=\"Saint Philippe N\u00e9ri et la naissance de l\u2019Oratoire\" data-kale-share-url=\"https:\/\/blog.holyart.it\/fr\/?p=10261\" \/><\/p>\n<div class=\"leggi-anche\">Lire aussi :<\/div>\n<p><strong><a href=\"https:\/\/www.holyart.fr\/blog\/articles-religieux\/journee-mondiale-de-la-jeunesse-le-pape-reunit-les-jeunes-du-monde-entier\/\">Journ\u00e9e Mondiale de la Jeunesse : le Pape r\u00e9unit les jeunes du monde entier<\/a><\/strong><br \/>\nUn \u00e9v\u00e9nement sans \u00e9gal pour les jeunes catholiques<\/p>\n<\/div>\n<p>La conception moderne des oratoires prend vie justement avec p\u00e8re Philippe N\u00e9ri, autour de 1550, quand il accueillit autour de lui les jeunes pauvres, gar\u00e7ons et filles, sans distinction, en les rapprochant des c\u00e9l\u00e9brations liturgiques, mais aussi en les faisant s\u2019amuser avec chansons et jeux qui les gardaient loin des dangers de la rue.<\/p>\n<p>Saint Philippe N\u00e9ri, apr\u00e8s sa mort en 1595, fut proclam\u00e9 <strong>saint en 1622<\/strong>, sous le pontificat de Pape Gr\u00e9goire XV. Depuis lors, il a \u00e9t\u00e9 v\u00e9n\u00e9r\u00e9 comme une sorte de <strong>co-patron officieux de Rome<\/strong>, ville qu\u2019il a aim\u00e9 et servi avec passion pendant toute sa vie. Ses reliques sont diss\u00e9min\u00e9es dans de nombreuses \u00e9glises et sa d\u00e9pouille a \u00e9t\u00e9 d\u00e9plac\u00e9e et v\u00e9n\u00e9r\u00e9e dans la chapelle de l\u2019\u00e9glise de Santa Maria in Valicella depuis 1602. Sa m\u00e9moire liturgique, comme le veut la tradition, est c\u00e9l\u00e9br\u00e9e le <strong>26 mai<\/strong> de chaque ann\u00e9e.<\/p>\n<p>Mais qui \u00e9tait Saint Philippe N\u00e9ri et pourquoi son \u0153uvre a \u00e9t\u00e9 si importante non seulement pour ses contemporains, mais aussi pour qui est venu apr\u00e8s lui\u00a0?<\/p>\n<h2>Le deuxi\u00e8me Ap\u00f4tre de Rome<\/h2>\n<p>Philippe N\u00e9ri passa sa vie \u00e0 r\u00e9pandre <strong>l\u2019amour et la joie de l\u2019\u00c9vangile<\/strong> dans les rues et sur les places de la <a href=\"https:\/\/www.holyart.fr\/blog\/articles-religieux\/pelerinage-a-rome-parmi-les-destinations-preferees-des-chretiens\/\"><strong><u>Ville \u00c9ternelle<\/u><\/strong><\/a>, en gagnant le titre d\u2019<strong>Ap\u00f4tre de Rome<\/strong>. Mais ce lumineux serviteur de Dieu n\u2019avait pas toujours \u00e9t\u00e9 un homme d\u2019\u00c9glise. N\u00e9 le 21 juillet 1515 \u00e0 Florence d\u2019une famille ais\u00e9e de notaires, Philippe manifesta d\u00e8s son plus jeune \u00e2ge un caract\u00e8re <strong>bon, joyeux et altruiste<\/strong> et un naturel penchant pour les milieux eccl\u00e9siastiques, qui l\u2019amenait \u00e0 fr\u00e9quenter de mani\u00e8re assidue le <strong>couvent dominicain San Marco<\/strong>.<\/p>\n<div class=\"link-article\">\n<p><img loading=\"lazy\" decoding=\"async\" class=\"size-full wp-image-10266 alignleft\" src=\"https:\/\/blog.holyart.it\/fr\/wp-content\/uploads\/sites\/14\/2025\/04\/Pelerinage-a-Rome-parmi-les-destinations-preferees-des-chretiens.jpg\" alt=\"Pelerinage a Rome\" width=\"150\" height=\"100\" data-kale-share-title=\"Saint Philippe N\u00e9ri et la naissance de l\u2019Oratoire\" data-kale-share-url=\"https:\/\/blog.holyart.it\/fr\/?p=10261\" \/><\/p>\n<div class=\"leggi-anche\">Lire aussi :<\/div>\n<p><strong><a href=\"https:\/\/www.holyart.fr\/blog\/articles-religieux\/pelerinage-a-rome-parmi-les-destinations-preferees-des-chretiens\/\">P\u00e8lerinage \u00e0 Rome : parmi les destinations pr\u00e9f\u00e9r\u00e9es des chr\u00e9tiens<\/a><\/strong><br \/>\nUne des exp\u00e9riences spirituelles les plus significatives pour les chr\u00e9tiens<\/p>\n<\/div>\n<p>Invit\u00e9 par un oncle \u00e0 <strong>Montecassino<\/strong>, \u00e0 dix-huit ans \u00e0 peine, il entreprit l\u2019activit\u00e9 commerciale, mais son c\u0153ur et son \u00e2me continuaient \u00e0 aspirer \u00e0 la contemplation et \u00e0 la pri\u00e8re, en le poussant \u00e0 d\u00e9serter le travail et la compagnie de ses copains pour s\u2019\u00e9garer dans la nature, v\u00e9ritable manifestation du pouvoir et de l\u2019amour de Dieu.<\/p>\n<p>Pouss\u00e9 par un d\u00e9sir spirituel, il quitta tout et se mit en chemin vers <strong>Rome<\/strong>, o\u00f9 il passera la plus grande partie de sa vie, plus de soixante ans. Au d\u00e9but, il subsistait en travaillant comme pr\u00e9cepteur, en gagnant juste le n\u00e9cessaire pour manger et fr\u00e9quenter les cours de th\u00e9ologie et de philosophie de l\u2019Universit\u00e9 de la Sapienza. Le reste du temps, il le passait dans les \u00e9glises et surtout dans les <strong>catacombes<\/strong>, en particulier dans celle de <strong>Saint S\u00e9bastien<\/strong>, o\u00f9, une nuit de 1544, la vie de Saint Philippe N\u00e9ri changea \u00e0 jamais\u00a0: une sph\u00e8re en feu lui p\u00e9n\u00e9tra la poitrine, faisant presque exploser son c\u0153ur. Philippe racontait que, \u00e0 partir de ce moment-l\u00e0, sa poitrine n\u2019avait plus cess\u00e9 de br\u00fbler d\u2019amour pour Dieu et pour ses fr\u00e8res et ce fut justement ce feu, cette chaleur, qui le poussa \u00e0 commencer son <strong>\u0153uvre de pr\u00e9dication <\/strong>dans les rues de Rome.<\/p>\n<p>C\u2019est avec cette \u0153uvre d\u2019\u00e9vang\u00e9lisation ambulante, qui amenait Philippe \u00e0 parler avec tous les habitants de Rome, m\u00eame les plus humbles, \u00e0 leur pr\u00eater r\u00e9confort et charit\u00e9, que le <a href=\"https:\/\/www.holyart.fr\/blog\/articles-religieux\/tour-des-sept-eglises-itineraires-de-pelerinage-pour-le-jubile\/\"><strong><u>tour des Sept \u00c9glise<\/u><\/strong><\/a> est n\u00e9\u00a0: un fascinant itin\u00e9raire de d\u00e9votion pratiqu\u00e9 encore aujourd\u2019hui par qui se rend \u00e0 Rome \u00e0 l\u2019occasion du Jubil\u00e9, qui se d\u00e9roule sur environ 20 kilom\u00e8tres, en touchant les sept basiliques les plus c\u00e9l\u00e8bres de Rome, de Saint-Pierre \u00e0 Saint-Paul-Hors-les-Murs, en poursuivant par Saint-S\u00e9bastien, Saint-Jean de Latran, Sainte-Croix-de-J\u00e9rusalem, Saint-Laurent-Hors-les-Murs, jusqu\u2019\u00e0 Sainte-Marie-Majeure.<\/p>\n<div class=\"link-article\">\n<p><img loading=\"lazy\" decoding=\"async\" class=\"size-full wp-image-10268 alignleft\" src=\"https:\/\/blog.holyart.it\/fr\/wp-content\/uploads\/sites\/14\/2025\/04\/Tour-des-Sept-eglises.jpg\" alt=\"Tour des Sept \u00e9glises\" width=\"150\" height=\"100\" data-kale-share-title=\"Saint Philippe N\u00e9ri et la naissance de l\u2019Oratoire\" data-kale-share-url=\"https:\/\/blog.holyart.it\/fr\/?p=10261\" \/><\/p>\n<div class=\"leggi-anche\">Lire aussi :<\/div>\n<p><strong><a href=\"https:\/\/www.holyart.fr\/blog\/articles-religieux\/tour-des-sept-eglises-itineraires-de-pelerinage-pour-le-jubile\/\">Tour des Sept \u00c9glises : itin\u00e9raires de p\u00e8lerinage pour le Jubil\u00e9<\/a><\/strong><br \/>\nUn ancien itin\u00e9raire d\u00e9votionnel entrepris encore aujourd\u2019hui par les fid\u00e8les et \u00e0 programmer en vue du Jubil\u00e9 2025.<\/p>\n<\/div>\n<p>Avec son confesseur Persiano Rosa, en 1548, Philippe fonda la <strong>Confr\u00e9rie de la Trinit\u00e9 des p\u00e8lerins et des convalescents<\/strong>, une association de la\u00efcs d\u00e9di\u00e9e au service des pauvres, des malades et des n\u00e9cessiteux, mais aussi \u00e0 la promotion de la spiritualit\u00e9 et de la d\u00e9votion \u00e0 la Sainte Trinit\u00e9. L\u2019institution de cette confr\u00e9rie refl\u00e9tait la profonde pr\u00e9occupation de Saint Philippe pour le bien-\u00eatre spirituel et mat\u00e9riel des personnes qu\u2019il rencontrait. \u00c0 travers la Confr\u00e9rie de la Sainte Trinit\u00e9, Philippe et ses compagnons offraient une opportunit\u00e9 pour les fid\u00e8les de s\u2019engager activement dans le service et dans la charit\u00e9 chr\u00e9tienne, suivant l\u2019exemple de J\u00e9sus-Christ. La confr\u00e9rie organisait diff\u00e9rentes activit\u00e9s caritatives, comme la visite des malades, la distribution de nourriture et de v\u00eatements aux pauvres, et l\u2019assistance dans les s\u00e9pultures des d\u00e9funts moins fortun\u00e9s. Elle promouvait en outre la pri\u00e8re et la d\u00e9votion. Au <strong><a href=\"https:\/\/www.holyart.fr\/blog\/articles-religieux\/quest-ce-quest-le-jubile-preparons-nous-a-une-nouvelle-annee-sainte\/\"><u>Jubil\u00e9<\/u> <\/a>de 1550<\/strong>, la Congr\u00e9gation avait offert une contribution fondamentale afin d\u2019accueillir, prot\u00e9ger et aider les p\u00e8lerins provenant de toute l\u2019Europe.<\/p>\n<div class=\"link-article\">\n<p><img loading=\"lazy\" decoding=\"async\" class=\"size-full wp-image-10270 alignleft\" src=\"https:\/\/blog.holyart.it\/fr\/wp-content\/uploads\/sites\/14\/2025\/04\/le-jubile.jpg\" alt=\"Le Jubil\u00e9\" width=\"150\" height=\"100\" data-kale-share-title=\"Saint Philippe N\u00e9ri et la naissance de l\u2019Oratoire\" data-kale-share-url=\"https:\/\/blog.holyart.it\/fr\/?p=10261\" \/><\/p>\n<div class=\"leggi-anche\">Lire aussi :<\/div>\n<p><strong><a href=\"https:\/\/www.holyart.fr\/blog\/articles-religieux\/quest-ce-quest-le-jubile-preparons-nous-a-une-nouvelle-annee-sainte\/\">Qu\u2019est-ce qu\u2019est le Jubil\u00e9 : pr\u00e9parons-nous \u00e0 une nouvelle ann\u00e9e sainte<\/a><\/strong><br \/>\nD\u00e9couvrons l\u2019origine de cette pratique d\u00e9votionnelle s\u00e9culaire.<\/p>\n<\/div>\n<p>Le bon c\u0153ur de Philippe et son caract\u00e8re joyeux lui fournirent tout de suite une ample suite, surtout parmi les jeunes et les tr\u00e8s jeunes, et ce fut justement pour eux qu\u2019il con\u00e7ut l\u2019<strong>oratoire<\/strong>, un lieu de rencontre o\u00f9 on pouvait prier, mais aussi chanter et s\u2019amuser ensemble et o\u00f9 lui et ses disciples offraient assistances aux pauvres et aux malades.<\/p>\n<h2>Congr\u00e9gation de l\u2019oratoire<\/h2>\n<p>Le premier si\u00e8ge de l\u2019oratoire de Saint Philippe N\u00e9ri fut la grange de la Confr\u00e9rie de la Charit\u00e9, dans le grenier de l\u2019<strong>\u00e9glise de San Girolamo della Carit\u00e0, <\/strong>o\u00f9 Philippe s\u2019\u00e9tait \u00e9tabli apr\u00e8s avoir enfin prononc\u00e9 ses v\u0153ux. Dans l\u2019oratoire, Philippe lisait la Bible, accompagnait des hommes de toute couche sociale confondue dans la m\u00e9ditation et dans la compr\u00e9hension des Saintes \u00c9critures, il enseignait aux jeunes et beaucoup d\u2019entre eux devinrent pr\u00eatres gr\u00e2ce \u00e0 lui. Mais dans l\u2019oratoire on pratiquait \u00e9galement le chant sacr\u00e9, la cat\u00e9ch\u00e8se et des activit\u00e9s r\u00e9cr\u00e9atives, exactement comme dans les oratoires modernes, qui accueillent des activit\u00e9s culturelles et sociales qui impliquent toute la communaut\u00e9 locale. Aujourd\u2019hui comme \u00e0 l\u2019\u00e9poque, on y organisait de nombreuses initiatives visant \u00e0 promouvoir la croissance spirituelle et le bien-\u00eatre social.<\/p>\n<p>L\u2019aspect le plus important de la mission de l\u2019oratoire de <a href=\"https:\/\/www.holyart.fr\/accessoires-pour-la-liturgie\/vetements-liturgiques-et-linges-dautel\/etoles-liturgiques\/etole-saint-philippe-neri-et-decorations-en-fil-dore-couleur-ivoire\"><strong>Saint Philippe<\/strong><\/a> \u00e9tait celui de promouvoir une <strong>spiritualit\u00e9 vive et authentique<\/strong>. Saint Philippe N\u00e9ri croyait que la foi v\u00e9ritable devait se manifester \u00e0 travers l\u2019amour et le service aux autres. L\u2019oratoire \u00e9tait donc un lieu o\u00f9 les personnes pouvaient trouver soutien et inspiration pour vivre une vie chr\u00e9tienne plus sentie et \u00e9panouissante.<\/p>\n<div class=\"link-product\">\n<div class=\"blocco-immagine\"><img loading=\"lazy\" decoding=\"async\" class=\"size-full wp-image-10272 alignleft\" src=\"https:\/\/blog.holyart.it\/fr\/wp-content\/uploads\/sites\/14\/2025\/04\/etole-saint-philippe-neri-et-decorations-en-fil-dore-couleur-ivoire.jpg\" alt=\"\u00e9tole Saint Philippe\" width=\"100\" height=\"100\" data-kale-share-title=\"Saint Philippe N\u00e9ri et la naissance de l\u2019Oratoire\" data-kale-share-url=\"https:\/\/blog.holyart.it\/fr\/?p=10261\" \/><\/div>\n<div class=\"blocco-contenuto\">\n<div class=\"blocco-acquista\">Acheter sur Holyart:<\/div>\n<div class=\"blocco-titolo\"><a href=\"https:\/\/www.holyart.fr\/accessoires-pour-la-liturgie\/vetements-liturgiques-et-linges-dautel\/etoles-liturgiques\/etole-saint-philippe-neri-et-decorations-en-fil-dore-couleur-ivoire\">\u00c9tole Saint Philippe N\u00e9ri et d\u00e9corations en fil dor\u00e9 couleur ivoire<\/a><\/div>\n<div class=\"blocco-descrizione\">\u00c9tole couleur ivoire d\u00e9di\u00e9e \u00e0 Saint Philippe N\u00e9ri, brod\u00e9 avec soin en train de v\u00e9n\u00e9rer la Sainte Vierge. Les d\u00e9corations sont brod\u00e9es en fil dor\u00e9.<\/div>\n<\/div>\n<\/div>\n<h2>Le Saint de la joie<\/h2>\n<p>Une des caract\u00e9ristiques les plus distinctives du minist\u00e8re de Saint Philippe N\u00e9ri \u00e9tait sa <strong>joie contagieuse<\/strong>. Il croyait fermement que la joie \u00e9tait un puissant <strong>instrument d\u2019\u00e9vang\u00e9lisation<\/strong>, car elle refl\u00e9tait la pr\u00e9sence de Christ dans la vie des gens. \u00c0 travers son sourire radieux, son esprit joyeux et son accueil chaleureux, Saint Philippe N\u00e9ri attirait les autres vers le c\u0153ur de l\u2019\u00c9vangile. Pour Saint Philippe N\u00e9ri, l\u2019\u00e9vang\u00e9lisation n\u2019\u00e9tait pas simplement une question de doctrine, mais de <strong>rencontre vivante avec J\u00e9sus-Christ<\/strong>. Il croyait que seulement \u00e0 travers un rapport personnel avec Christ, chaque individu aurait pu d\u00e9couvrir la v\u00e9ritable signification et la beaut\u00e9 de la vie. Par cons\u00e9quent, sa m\u00e9thode se concentrait sur la <strong>cr\u00e9ation d\u2019opportunit\u00e9s<\/strong> pour les autres de rencontrer Christ de mani\u00e8re tangible et significative.<\/p>\n<p>Philippe embrasait chaque coin de Rome avec son enthousiasme et sa chaleur, en explorant des \u00e9glises, en conversant avec des p\u00e8lerins et en apportant sa joie contagieuse partout o\u00f9 il allait. Sa pr\u00e9sence \u00e9tait comme un rayon de soleil au milieu des rues poussi\u00e9reuses et sombres de la ville. D\u2019o\u00f9 ses appellatifs de <strong>Saint de la Joie<\/strong> et d\u2019<strong>Ap\u00f4tre de Rome<\/strong>, qui lui furent attribu\u00e9s apr\u00e8s sa mort, quand son culte d\u00e9buta. Ce n\u2019est pas un hasard si on lui a d\u00e9di\u00e9 deux films, dans lesquels de lui \u00e9merge justement de cette dimension joyeuse :<\/p>\n<ul>\n<li><strong><em>State buoni se potete<\/em><\/strong>\u00a0(<em>Restez bons si vous pouvez<\/em>, 1983), r\u00e9alisation de Luigi Magni, avec Johnny Dorelli, Mario Adorf, Philippe Leroy, Renzo Montagnani et Angelo Branduardi, auteur \u00e9galement de la magnifique bande son ;<\/li>\n<li><strong><em>Preferisco il Paradiso<\/em><\/strong>\u00a0(2010), mini-s\u00e9rie italienne RAI, r\u00e9alisation de Giacomo Campiotti, avec Gigi Proietti.<\/li>\n<\/ul>\n<p>D\u2019autres comportements adopt\u00e9s par Saint Philippe N\u00e9ri pour une vie chr\u00e9tienne remplie et authentique \u00e9tait la <strong>tendresse envers son prochain<\/strong>, manifest\u00e9e \u00e0 travers des gestes gentils et de la compassion, et la <strong>pr\u00e9f\u00e9rence pour les mortifications spirituelles sur la p\u00e9nitence physique<\/strong>, dans la lutte contre la vanit\u00e9 et l\u2019\u00e9go\u00efsme.<\/p>\n<p>Outre l\u2019histoire de Saint Philippe N\u00e9ri, aussi certaines de ses phrases nous transmettent encore aujourd\u2019hui la dimension profond\u00e9ment solaire de sa foi et de son existence v\u00e9cue au nom de la charit\u00e9 et du service aux autres. Voici quelques <strong>phrases de Saint Philippe N\u00e9ri<\/strong>\u00a0:<\/p>\n<p>\u00ab\u00a0Ce n\u2019est pas le moment de dormir, car le Paradis n\u2019est pas fait pour les fain\u00e9ants.\u00a0\u00bb<\/p>\n<p>\u00ab\u00a0Restez bons si vous le pouvez.\u00a0\u00bb<\/p>\n<p><em>\u00ab\u00a0L\u2019ob\u00e9issance est le chemin le plus court conduisant \u00e0 la perfection.\u00a0\u00bb<\/em><\/p>\n<p><em>\u00ab\u00a0Scrupules et m\u00e9lancolie, sortez de chez moi.\u00a0\u00bb<\/em><\/p>\n<p><em>\u00ab\u00a0Qui veut autre chose que le Christ, ne sait pas ce qu\u2019il veut\u00a0; qui cherche autre chose que le Christ, ne sait pas ce qu\u2019il souhaite\u00a0; qui travaille et n\u2019\u0153uvre pas pour le Christ, ne sait pas ce qu\u2019il fait\u00a0\u00bb.<\/em><\/p>\n<h2>Pri\u00e8re \u00e0 Saint Phlilippe N\u00e9ri<\/h2>\n<p><em>Saint Philippe, P\u00e8re bien-aim\u00e9 de l\u2019Oratoire !<\/em><\/p>\n<p><em>Nous nous mettons sous votre protection<\/em><\/p>\n<p><em>et nous vous pr\u00e9sentons nos besoins.<\/em><\/p>\n<p><em>Ils ne vous sont pas inconnus.<\/em><\/p>\n<p><em>Jadis le Saint-Esprit a touch\u00e9 votre c\u0153ur<\/em><\/p>\n<p><em>et l\u2019a enflamm\u00e9 d\u2019un feu d\u2019amour.<\/em><\/p>\n<p><em>Rendez-nous semblables \u00e0 vous :<\/em><\/p>\n<p><em>obtenez-nous une vraie d\u00e9votion \u00e0 l\u2019Esprit-Saint.<\/em><\/p>\n<p><em>Ne permettez pas<\/em><\/p>\n<p><em>que nous soyons les fils aux c\u0153urs froids<\/em><\/p>\n<p><em>d\u2019un p\u00e8re br\u00fblant d\u2019amour.<\/em><\/p>\n<p><em>Faites que l\u2019Oratoire se r\u00e9v\u00e8le<\/em><\/p>\n<p><em>comme une source de gr\u00e2ces<\/em><\/p>\n<p><em>pour les fr\u00e8res de la Congr\u00e9gation,<\/em><\/p>\n<p><em>qu\u2019ils soient affermis dans la charit\u00e9 familiale,<\/em><\/p>\n<p><em>et les pr\u00eatres, dans leur gr\u00e2ce sacerdotale.<\/em><\/p>\n<p><em>Que la jeunesse y re\u00e7oive<\/em><\/p>\n<p><em>de quoi r\u00e9chauffer son enthousiasme<\/em><\/p>\n<p><em>pour l\u2019imitation de J\u00e9sus-Christ.<\/em><\/p>\n<p><em>Que les malades y trouvent un soutien dans leur faiblesse.<\/em><\/p>\n<p><em>Que les familles\u00a0soient renouvel\u00e9es,<\/em><\/p>\n<p><em>par\u00a0votre intercession,<\/em><\/p>\n<p><em>dans la joie de leur\u00a0vocation.<\/em><\/p>\n<p><em>Amen<\/em><\/p>\n","protected":false},"excerpt":{"rendered":"<p>Saint Philippe N\u00e9ri servit Dieu et les hommes avec d\u00e9vouement, joie et une chaleur extraordinaire. Ap\u00f4tre de Rome et Saint de la Joie, il cr\u00e9a le concept d\u2019oratoire comme nous le connaissons aujourd\u2019hui. Au c\u0153ur n\u00e9vralgique de la Rome de la Renaissance, une figure unique&hellip;<\/p>\n","protected":false},"author":1,"featured_media":10262,"comment_status":"closed","ping_status":"open","sticky":false,"template":"","format":"standard","meta":{"_acf_changed":false,"footnotes":""},"categories":[7],"tags":[],"class_list":["post-10261","post","type-post","status-publish","format-standard","has-post-thumbnail","hentry","category-saints-et-bienheureux"],"acf":[],"yoast_head":"<!-- This site is optimized with the Yoast SEO plugin v26.6 - https:\/\/yoast.com\/wordpress\/plugins\/seo\/ -->\n<title>Saint Philippe N\u00e9ri et la naissance de l\u2019Oratoire - Holyart.fr Blog<\/title>\n<meta name=\"description\" content=\"Saint Philippe N\u00e9ri, Saint de la Joie, servit Dieu et les hommes avec d\u00e9vouement, joie et une chaleur extraordinaire.\" \/>\n<meta name=\"robots\" content=\"index, follow, max-snippet:-1, max-image-preview:large, max-video-preview:-1\" \/>\n<link rel=\"canonical\" href=\"https:\/\/blog.holyart.it\/fr\/saints-et-bienheureux\/saint-philippe-neri-et-la-naissance-de-loratoire\/\" \/>\n<meta property=\"og:locale\" content=\"fr_FR\" \/>\n<meta property=\"og:type\" content=\"article\" \/>\n<meta property=\"og:title\" content=\"Saint Philippe N\u00e9ri et la naissance de l\u2019Oratoire - Holyart.fr Blog\" \/>\n<meta property=\"og:description\" content=\"Saint Philippe N\u00e9ri, Saint de la Joie, servit Dieu et les hommes avec d\u00e9vouement, joie et une chaleur extraordinaire.\" \/>\n<meta property=\"og:url\" content=\"https:\/\/blog.holyart.it\/fr\/saints-et-bienheureux\/saint-philippe-neri-et-la-naissance-de-loratoire\/\" \/>\n<meta property=\"og:site_name\" content=\"Holyart.fr Blog\" \/>\n<meta property=\"article:published_time\" content=\"2025-05-19T08:00:34+00:00\" \/>\n<meta property=\"article:modified_time\" content=\"2025-07-18T13:53:52+00:00\" \/>\n<meta property=\"og:image\" content=\"https:\/\/blog.holyart.it\/fr\/wp-content\/uploads\/sites\/14\/2025\/04\/Oratoire-San-Filippo-Neri.jpg\" \/>\n\t<meta property=\"og:image:width\" content=\"1000\" \/>\n\t<meta property=\"og:image:height\" content=\"666\" \/>\n\t<meta property=\"og:image:type\" content=\"image\/jpeg\" \/>\n<meta name=\"author\" content=\"Redazione\" \/>\n<meta name=\"twitter:card\" content=\"summary_large_image\" \/>\n<meta name=\"twitter:label1\" content=\"\u00c9crit par\" \/>\n\t<meta name=\"twitter:data1\" content=\"Redazione\" \/>\n\t<meta name=\"twitter:label2\" content=\"Dur\u00e9e de lecture estim\u00e9e\" \/>\n\t<meta name=\"twitter:data2\" content=\"12 minutes\" \/>\n<script type=\"application\/ld+json\" class=\"yoast-schema-graph\">{\"@context\":\"https:\/\/schema.org\",\"@graph\":[{\"@type\":\"Article\",\"@id\":\"https:\/\/blog.holyart.it\/fr\/saints-et-bienheureux\/saint-philippe-neri-et-la-naissance-de-loratoire\/#article\",\"isPartOf\":{\"@id\":\"https:\/\/blog.holyart.it\/fr\/saints-et-bienheureux\/saint-philippe-neri-et-la-naissance-de-loratoire\/\"},\"author\":{\"name\":\"Redazione\",\"@id\":\"https:\/\/blog.holyart.it\/fr\/#\/schema\/person\/0a7b686e5af0f856ec1e390dd0baecda\"},\"headline\":\"Saint Philippe N\u00e9ri et la naissance de l\u2019Oratoire\",\"datePublished\":\"2025-05-19T08:00:34+00:00\",\"dateModified\":\"2025-07-18T13:53:52+00:00\",\"mainEntityOfPage\":{\"@id\":\"https:\/\/blog.holyart.it\/fr\/saints-et-bienheureux\/saint-philippe-neri-et-la-naissance-de-loratoire\/\"},\"wordCount\":2245,\"publisher\":{\"@id\":\"https:\/\/blog.holyart.it\/fr\/#organization\"},\"image\":{\"@id\":\"https:\/\/blog.holyart.it\/fr\/saints-et-bienheureux\/saint-philippe-neri-et-la-naissance-de-loratoire\/#primaryimage\"},\"thumbnailUrl\":\"https:\/\/blog.holyart.it\/fr\/wp-content\/uploads\/sites\/14\/2025\/04\/Oratoire-San-Filippo-Neri.jpg\",\"articleSection\":[\"Saints et Bienheureux\"],\"inLanguage\":\"fr-FR\"},{\"@type\":\"WebPage\",\"@id\":\"https:\/\/blog.holyart.it\/fr\/saints-et-bienheureux\/saint-philippe-neri-et-la-naissance-de-loratoire\/\",\"url\":\"https:\/\/blog.holyart.it\/fr\/saints-et-bienheureux\/saint-philippe-neri-et-la-naissance-de-loratoire\/\",\"name\":\"Saint Philippe N\u00e9ri et la naissance de l\u2019Oratoire - Holyart.fr Blog\",\"isPartOf\":{\"@id\":\"https:\/\/blog.holyart.it\/fr\/#website\"},\"primaryImageOfPage\":{\"@id\":\"https:\/\/blog.holyart.it\/fr\/saints-et-bienheureux\/saint-philippe-neri-et-la-naissance-de-loratoire\/#primaryimage\"},\"image\":{\"@id\":\"https:\/\/blog.holyart.it\/fr\/saints-et-bienheureux\/saint-philippe-neri-et-la-naissance-de-loratoire\/#primaryimage\"},\"thumbnailUrl\":\"https:\/\/blog.holyart.it\/fr\/wp-content\/uploads\/sites\/14\/2025\/04\/Oratoire-San-Filippo-Neri.jpg\",\"datePublished\":\"2025-05-19T08:00:34+00:00\",\"dateModified\":\"2025-07-18T13:53:52+00:00\",\"description\":\"Saint Philippe N\u00e9ri, Saint de la Joie, servit Dieu et les hommes avec d\u00e9vouement, joie et une chaleur extraordinaire.\",\"breadcrumb\":{\"@id\":\"https:\/\/blog.holyart.it\/fr\/saints-et-bienheureux\/saint-philippe-neri-et-la-naissance-de-loratoire\/#breadcrumb\"},\"inLanguage\":\"fr-FR\",\"potentialAction\":[{\"@type\":\"ReadAction\",\"target\":[\"https:\/\/blog.holyart.it\/fr\/saints-et-bienheureux\/saint-philippe-neri-et-la-naissance-de-loratoire\/\"]}]},{\"@type\":\"ImageObject\",\"inLanguage\":\"fr-FR\",\"@id\":\"https:\/\/blog.holyart.it\/fr\/saints-et-bienheureux\/saint-philippe-neri-et-la-naissance-de-loratoire\/#primaryimage\",\"url\":\"https:\/\/blog.holyart.it\/fr\/wp-content\/uploads\/sites\/14\/2025\/04\/Oratoire-San-Filippo-Neri.jpg\",\"contentUrl\":\"https:\/\/blog.holyart.it\/fr\/wp-content\/uploads\/sites\/14\/2025\/04\/Oratoire-San-Filippo-Neri.jpg\",\"width\":1000,\"height\":666,\"caption\":\"Horatoire San Filippo Neri\"},{\"@type\":\"BreadcrumbList\",\"@id\":\"https:\/\/blog.holyart.it\/fr\/saints-et-bienheureux\/saint-philippe-neri-et-la-naissance-de-loratoire\/#breadcrumb\",\"itemListElement\":[{\"@type\":\"ListItem\",\"position\":1,\"name\":\"Homepage\",\"item\":\"https:\/\/blog.holyart.it\/fr\/\"},{\"@type\":\"ListItem\",\"position\":2,\"name\":\"Saints et Bienheureux\",\"item\":\"https:\/\/blog.holyart.it\/fr\/saints-et-bienheureux\/\"},{\"@type\":\"ListItem\",\"position\":3,\"name\":\"Saint Philippe N\u00e9ri et la naissance de l\u2019Oratoire\"}]},{\"@type\":\"WebSite\",\"@id\":\"https:\/\/blog.holyart.it\/fr\/#website\",\"url\":\"https:\/\/blog.holyart.it\/fr\/\",\"name\":\"Holyart.fr Blog\",\"description\":\"Holyblog\",\"publisher\":{\"@id\":\"https:\/\/blog.holyart.it\/fr\/#organization\"},\"potentialAction\":[{\"@type\":\"SearchAction\",\"target\":{\"@type\":\"EntryPoint\",\"urlTemplate\":\"https:\/\/blog.holyart.it\/fr\/?s={search_term_string}\"},\"query-input\":{\"@type\":\"PropertyValueSpecification\",\"valueRequired\":true,\"valueName\":\"search_term_string\"}}],\"inLanguage\":\"fr-FR\"},{\"@type\":\"Organization\",\"@id\":\"https:\/\/blog.holyart.it\/fr\/#organization\",\"name\":\"Holyart.fr Blog\",\"url\":\"https:\/\/blog.holyart.it\/fr\/\",\"logo\":{\"@type\":\"ImageObject\",\"inLanguage\":\"fr-FR\",\"@id\":\"https:\/\/blog.holyart.it\/fr\/#\/schema\/logo\/image\/\",\"url\":\"https:\/\/blog.holyart.it\/fr\/wp-content\/uploads\/sites\/14\/2022\/12\/Holyart_Blog_Logo.jpg\",\"contentUrl\":\"https:\/\/blog.holyart.it\/fr\/wp-content\/uploads\/sites\/14\/2022\/12\/Holyart_Blog_Logo.jpg\",\"width\":300,\"height\":50,\"caption\":\"Holyart.fr Blog\"},\"image\":{\"@id\":\"https:\/\/blog.holyart.it\/fr\/#\/schema\/logo\/image\/\"}},{\"@type\":\"Person\",\"@id\":\"https:\/\/blog.holyart.it\/fr\/#\/schema\/person\/0a7b686e5af0f856ec1e390dd0baecda\",\"name\":\"Redazione\",\"image\":{\"@type\":\"ImageObject\",\"inLanguage\":\"fr-FR\",\"@id\":\"https:\/\/blog.holyart.it\/fr\/#\/schema\/person\/image\/\",\"url\":\"https:\/\/secure.gravatar.com\/avatar\/f477da817f43e50d0af36abecd33e3edf826c68299714bdc1057dff3b113f516?s=96&d=mm&r=g\",\"contentUrl\":\"https:\/\/secure.gravatar.com\/avatar\/f477da817f43e50d0af36abecd33e3edf826c68299714bdc1057dff3b113f516?s=96&d=mm&r=g\",\"caption\":\"Redazione\"},\"url\":\"https:\/\/blog.holyart.it\/fr\/author\/admin\/\"}]}<\/script>\n<!-- \/ Yoast SEO plugin. -->","yoast_head_json":{"title":"Saint Philippe N\u00e9ri et la naissance de l\u2019Oratoire - Holyart.fr Blog","description":"Saint Philippe N\u00e9ri, Saint de la Joie, servit Dieu et les hommes avec d\u00e9vouement, joie et une chaleur extraordinaire.","robots":{"index":"index","follow":"follow","max-snippet":"max-snippet:-1","max-image-preview":"max-image-preview:large","max-video-preview":"max-video-preview:-1"},"canonical":"https:\/\/blog.holyart.it\/fr\/saints-et-bienheureux\/saint-philippe-neri-et-la-naissance-de-loratoire\/","og_locale":"fr_FR","og_type":"article","og_title":"Saint Philippe N\u00e9ri et la naissance de l\u2019Oratoire - Holyart.fr Blog","og_description":"Saint Philippe N\u00e9ri, Saint de la Joie, servit Dieu et les hommes avec d\u00e9vouement, joie et une chaleur extraordinaire.","og_url":"https:\/\/blog.holyart.it\/fr\/saints-et-bienheureux\/saint-philippe-neri-et-la-naissance-de-loratoire\/","og_site_name":"Holyart.fr Blog","article_published_time":"2025-05-19T08:00:34+00:00","article_modified_time":"2025-07-18T13:53:52+00:00","og_image":[{"width":1000,"height":666,"url":"https:\/\/blog.holyart.it\/fr\/wp-content\/uploads\/sites\/14\/2025\/04\/Oratoire-San-Filippo-Neri.jpg","type":"image\/jpeg"}],"author":"Redazione","twitter_card":"summary_large_image","twitter_misc":{"\u00c9crit par":"Redazione","Dur\u00e9e de lecture estim\u00e9e":"12 minutes"},"schema":{"@context":"https:\/\/schema.org","@graph":[{"@type":"Article","@id":"https:\/\/blog.holyart.it\/fr\/saints-et-bienheureux\/saint-philippe-neri-et-la-naissance-de-loratoire\/#article","isPartOf":{"@id":"https:\/\/blog.holyart.it\/fr\/saints-et-bienheureux\/saint-philippe-neri-et-la-naissance-de-loratoire\/"},"author":{"name":"Redazione","@id":"https:\/\/blog.holyart.it\/fr\/#\/schema\/person\/0a7b686e5af0f856ec1e390dd0baecda"},"headline":"Saint Philippe N\u00e9ri et la naissance de l\u2019Oratoire","datePublished":"2025-05-19T08:00:34+00:00","dateModified":"2025-07-18T13:53:52+00:00","mainEntityOfPage":{"@id":"https:\/\/blog.holyart.it\/fr\/saints-et-bienheureux\/saint-philippe-neri-et-la-naissance-de-loratoire\/"},"wordCount":2245,"publisher":{"@id":"https:\/\/blog.holyart.it\/fr\/#organization"},"image":{"@id":"https:\/\/blog.holyart.it\/fr\/saints-et-bienheureux\/saint-philippe-neri-et-la-naissance-de-loratoire\/#primaryimage"},"thumbnailUrl":"https:\/\/blog.holyart.it\/fr\/wp-content\/uploads\/sites\/14\/2025\/04\/Oratoire-San-Filippo-Neri.jpg","articleSection":["Saints et Bienheureux"],"inLanguage":"fr-FR"},{"@type":"WebPage","@id":"https:\/\/blog.holyart.it\/fr\/saints-et-bienheureux\/saint-philippe-neri-et-la-naissance-de-loratoire\/","url":"https:\/\/blog.holyart.it\/fr\/saints-et-bienheureux\/saint-philippe-neri-et-la-naissance-de-loratoire\/","name":"Saint Philippe N\u00e9ri et la naissance de l\u2019Oratoire - Holyart.fr Blog","isPartOf":{"@id":"https:\/\/blog.holyart.it\/fr\/#website"},"primaryImageOfPage":{"@id":"https:\/\/blog.holyart.it\/fr\/saints-et-bienheureux\/saint-philippe-neri-et-la-naissance-de-loratoire\/#primaryimage"},"image":{"@id":"https:\/\/blog.holyart.it\/fr\/saints-et-bienheureux\/saint-philippe-neri-et-la-naissance-de-loratoire\/#primaryimage"},"thumbnailUrl":"https:\/\/blog.holyart.it\/fr\/wp-content\/uploads\/sites\/14\/2025\/04\/Oratoire-San-Filippo-Neri.jpg","datePublished":"2025-05-19T08:00:34+00:00","dateModified":"2025-07-18T13:53:52+00:00","description":"Saint Philippe N\u00e9ri, Saint de la Joie, servit Dieu et les hommes avec d\u00e9vouement, joie et une chaleur extraordinaire.","breadcrumb":{"@id":"https:\/\/blog.holyart.it\/fr\/saints-et-bienheureux\/saint-philippe-neri-et-la-naissance-de-loratoire\/#breadcrumb"},"inLanguage":"fr-FR","potentialAction":[{"@type":"ReadAction","target":["https:\/\/blog.holyart.it\/fr\/saints-et-bienheureux\/saint-philippe-neri-et-la-naissance-de-loratoire\/"]}]},{"@type":"ImageObject","inLanguage":"fr-FR","@id":"https:\/\/blog.holyart.it\/fr\/saints-et-bienheureux\/saint-philippe-neri-et-la-naissance-de-loratoire\/#primaryimage","url":"https:\/\/blog.holyart.it\/fr\/wp-content\/uploads\/sites\/14\/2025\/04\/Oratoire-San-Filippo-Neri.jpg","contentUrl":"https:\/\/blog.holyart.it\/fr\/wp-content\/uploads\/sites\/14\/2025\/04\/Oratoire-San-Filippo-Neri.jpg","width":1000,"height":666,"caption":"Horatoire San Filippo Neri"},{"@type":"BreadcrumbList","@id":"https:\/\/blog.holyart.it\/fr\/saints-et-bienheureux\/saint-philippe-neri-et-la-naissance-de-loratoire\/#breadcrumb","itemListElement":[{"@type":"ListItem","position":1,"name":"Homepage","item":"https:\/\/blog.holyart.it\/fr\/"},{"@type":"ListItem","position":2,"name":"Saints et Bienheureux","item":"https:\/\/blog.holyart.it\/fr\/saints-et-bienheureux\/"},{"@type":"ListItem","position":3,"name":"Saint Philippe N\u00e9ri et la naissance de l\u2019Oratoire"}]},{"@type":"WebSite","@id":"https:\/\/blog.holyart.it\/fr\/#website","url":"https:\/\/blog.holyart.it\/fr\/","name":"Holyart.fr Blog","description":"Holyblog","publisher":{"@id":"https:\/\/blog.holyart.it\/fr\/#organization"},"potentialAction":[{"@type":"SearchAction","target":{"@type":"EntryPoint","urlTemplate":"https:\/\/blog.holyart.it\/fr\/?s={search_term_string}"},"query-input":{"@type":"PropertyValueSpecification","valueRequired":true,"valueName":"search_term_string"}}],"inLanguage":"fr-FR"},{"@type":"Organization","@id":"https:\/\/blog.holyart.it\/fr\/#organization","name":"Holyart.fr Blog","url":"https:\/\/blog.holyart.it\/fr\/","logo":{"@type":"ImageObject","inLanguage":"fr-FR","@id":"https:\/\/blog.holyart.it\/fr\/#\/schema\/logo\/image\/","url":"https:\/\/blog.holyart.it\/fr\/wp-content\/uploads\/sites\/14\/2022\/12\/Holyart_Blog_Logo.jpg","contentUrl":"https:\/\/blog.holyart.it\/fr\/wp-content\/uploads\/sites\/14\/2022\/12\/Holyart_Blog_Logo.jpg","width":300,"height":50,"caption":"Holyart.fr Blog"},"image":{"@id":"https:\/\/blog.holyart.it\/fr\/#\/schema\/logo\/image\/"}},{"@type":"Person","@id":"https:\/\/blog.holyart.it\/fr\/#\/schema\/person\/0a7b686e5af0f856ec1e390dd0baecda","name":"Redazione","image":{"@type":"ImageObject","inLanguage":"fr-FR","@id":"https:\/\/blog.holyart.it\/fr\/#\/schema\/person\/image\/","url":"https:\/\/secure.gravatar.com\/avatar\/f477da817f43e50d0af36abecd33e3edf826c68299714bdc1057dff3b113f516?s=96&d=mm&r=g","contentUrl":"https:\/\/secure.gravatar.com\/avatar\/f477da817f43e50d0af36abecd33e3edf826c68299714bdc1057dff3b113f516?s=96&d=mm&r=g","caption":"Redazione"},"url":"https:\/\/blog.holyart.it\/fr\/author\/admin\/"}]}},"_links":{"self":[{"href":"https:\/\/blog.holyart.it\/fr\/wp-json\/wp\/v2\/posts\/10261","targetHints":{"allow":["GET"]}}],"collection":[{"href":"https:\/\/blog.holyart.it\/fr\/wp-json\/wp\/v2\/posts"}],"about":[{"href":"https:\/\/blog.holyart.it\/fr\/wp-json\/wp\/v2\/types\/post"}],"author":[{"embeddable":true,"href":"https:\/\/blog.holyart.it\/fr\/wp-json\/wp\/v2\/users\/1"}],"replies":[{"embeddable":true,"href":"https:\/\/blog.holyart.it\/fr\/wp-json\/wp\/v2\/comments?post=10261"}],"version-history":[{"count":8,"href":"https:\/\/blog.holyart.it\/fr\/wp-json\/wp\/v2\/posts\/10261\/revisions"}],"predecessor-version":[{"id":10275,"href":"https:\/\/blog.holyart.it\/fr\/wp-json\/wp\/v2\/posts\/10261\/revisions\/10275"}],"wp:featuredmedia":[{"embeddable":true,"href":"https:\/\/blog.holyart.it\/fr\/wp-json\/wp\/v2\/media\/10262"}],"wp:attachment":[{"href":"https:\/\/blog.holyart.it\/fr\/wp-json\/wp\/v2\/media?parent=10261"}],"wp:term":[{"taxonomy":"category","embeddable":true,"href":"https:\/\/blog.holyart.it\/fr\/wp-json\/wp\/v2\/categories?post=10261"},{"taxonomy":"post_tag","embeddable":true,"href":"https:\/\/blog.holyart.it\/fr\/wp-json\/wp\/v2\/tags?post=10261"}],"curies":[{"name":"wp","href":"https:\/\/api.w.org\/{rel}","templated":true}]}}