{"id":10169,"date":"2025-05-07T17:54:15","date_gmt":"2025-05-07T15:54:15","guid":{"rendered":"https:\/\/blog.holyart.it\/fr\/?p=10169"},"modified":"2025-09-17T15:54:16","modified_gmt":"2025-09-17T13:54:16","slug":"que-sont-les-perles-deau-douce","status":"publish","type":"post","link":"https:\/\/blog.holyart.it\/fr\/occasions-speciales\/que-sont-les-perles-deau-douce\/","title":{"rendered":"Que sont les perles d\u2019eau douce ?"},"content":{"rendered":"<h4>Rondes, ovales, irr\u00e9guli\u00e8res, les perles d\u2019eau douce sont une alternative \u00e9l\u00e9gante et raffin\u00e9e \u00e0 celles de mer. Voici comment les nettoyer et les conserver.<\/h4>\n\n<p>Les perles sont des bijoux fascinants et hors du temps qui ont captur\u00e9 l\u2019imagination de l\u2019homme pendant des si\u00e8cles. Ces gemmes naturelles sont un v\u00e9ritable chef d\u2019\u0153uvre de la nature et repr\u00e9sentent un symbole de beaut\u00e9 et de finesse. Tout le monde ne sait peut-\u00eatre pas que, outre les perles de mer, il existe \u00e9galement des <strong>perles d\u2019eau douce<\/strong>. Comme leur nom l\u2019indique, les perles d\u2019eau douce sont <a href=\"https:\/\/www.holyart.fr\/articles-religieux\/bijoux-religieux\/chapelets-en-argent\/chapelet-perles-deau-douce-roses-pater-hematite-marron-argent-925\"><strong>cultiv\u00e9es dans des rivi\u00e8res et des lacs<\/strong><\/a>, \u00e0 la diff\u00e9rence des perles d\u2019eau sal\u00e9e, qui proviennent de l\u2019oc\u00e9an et se forment dans les huitres. Ces perles d\u00e9rivent principalement de certains types de mollusques d\u2019eau douce, parmi lesquels certaines esp\u00e8ces de moules d\u2019eau douce et paludicoles.<\/p>\n<div class=\"link-product\">\n<div class=\"blocco-immagine\"><img loading=\"lazy\" decoding=\"async\" class=\"size-full wp-image-10172 alignleft\" src=\"https:\/\/blog.holyart.it\/fr\/wp-content\/uploads\/sites\/14\/2025\/03\/chapelet-perles-deau-douce-roses-pater-hematite-marron-argent-925.jpg\" alt=\"Chapelet perles d'eau douce\" width=\"100\" height=\"100\" data-kale-share-title=\"Que sont les perles d\u2019eau douce ?\" data-kale-share-url=\"https:\/\/blog.holyart.it\/fr\/?p=10169\" \/><\/div>\n<div class=\"blocco-contenuto\">\n<div class=\"blocco-acquista\">Acheter sur Holyart:<\/div>\n<div class=\"blocco-titolo\"><a href=\"https:\/\/www.holyart.fr\/articles-religieux\/bijoux-religieux\/chapelets-en-argent\/chapelet-perles-deau-douce-roses-pater-hematite-marron-argent-925\">Chapelet perles d&rsquo;eau douce roses pater h\u00e9matite marron argent 925<\/a><\/div>\n<div class=\"blocco-descrizione\">Chapelet en argent 925 avec perles d&rsquo;eau douce couleur rose saumon translucide de 6 mm de diam\u00e8tre.<\/div>\n<\/div>\n<\/div>\n<p>Comme pour les perles de mer, le <strong>processus de formation<\/strong> d\u2019une perle d\u2019eau douce commence quand un corps \u00e9tranger, comme un petit grain de sable ou un parasite, entre \u00e0 l\u2019int\u00e9rieur du mollusque. Afin de se prot\u00e9ger de cette irritation, le mollusque commence \u00e0 s\u00e9cr\u00e9ter une couche de <a href=\"https:\/\/www.holyart.fr\/articles-religieux\/bijoux-religieux\/pendentifs-croix-et-broches\/collier-amen-double-arbre-de-vie-nacre-zircons\"><strong>nacre<\/strong><\/a>, une substance calcaire. Au cours du temps, le mollusque continue de s\u00e9cr\u00e9ter couche sur couche de nacre autour du corps \u00e9tranger, en formant ainsi une perle.<\/p>\n<div class=\"link-product\">\n<div class=\"blocco-immagine\"><img loading=\"lazy\" decoding=\"async\" class=\"size-full wp-image-10174 alignleft\" src=\"https:\/\/blog.holyart.it\/fr\/wp-content\/uploads\/sites\/14\/2025\/03\/collier-amen-double-arbre-de-vie-nacre-zircons.jpg\" alt=\"Collier Amen double arbre de vie Nacre\" width=\"100\" height=\"100\" data-kale-share-title=\"Que sont les perles d\u2019eau douce ?\" data-kale-share-url=\"https:\/\/blog.holyart.it\/fr\/?p=10169\" \/><\/div>\n<div class=\"blocco-contenuto\">\n<div class=\"blocco-acquista\">Acheter sur Holyart:<\/div>\n<div class=\"blocco-titolo\"><a href=\"https:\/\/www.holyart.fr\/articles-religieux\/bijoux-religieux\/pendentifs-croix-et-broches\/collier-amen-double-arbre-de-vie-nacre-zircons\">Collier Amen double Arbre de Vie nacre zircons<\/a><\/div>\n<div class=\"blocco-descrizione\">R\u00e9alis\u00e9 en Italie en argent 925 avec finition dor\u00e9e et compos\u00e9 d&rsquo;un double fil de cha\u00eene avec petite perles dor\u00e9es espac\u00e9es.<\/div>\n<\/div>\n<\/div>\n<h2>Caract\u00e9ristiques des perles d\u2019eau douce<\/h2>\n<p>Les perles d\u2019eau douce sont connues pour leur var<strong>i\u00e9t\u00e9 de couleurs et de formes<\/strong>. Tandis que de nombreuses perles marines sont g\u00e9n\u00e9ralement blanches ou nuanc\u00e9es de couleurs pastel, celles d\u2019eau douce peuvent \u00eatre blanches, roses, lilas, jaunes, oranges, voire marrons. Leur forme peut varier de <strong>ronde \u00e0 ovale, <\/strong><a href=\"https:\/\/www.holyart.fr\/articles-religieux\/chapelets-et-etuis-a-chapelet\/chapelets-argent\/chapelet-perles-deau-douce-baroques-8-mm-medaille-miraculeuse\"><strong>baroques<\/strong><\/a>, voire en forme de pomme de terre. Il existe de nombreuses perles d\u2019eau douce irr\u00e9guli\u00e8res et il s\u2019agit des plus pr\u00e9cieuses. Cette diversit\u00e9 les rend uniques et fascinantes pour les collectionneurs et les passionn\u00e9s de bijoux. De plus, c\u2019est justement leur <strong>vari\u00e9t\u00e9 de couleurs et de formes<\/strong>, unie \u00e0 leur beaut\u00e9 naturelle, qui en font un excellent choix pour celui qui recherche des bijoux classiques et modernes.<\/p>\n<p>Leur <strong>brillance<\/strong> les rend tr\u00e8s appr\u00e9ci\u00e9es dans la r\u00e9alisation de bijoux. Le magnifique effet lumineux qu\u2019elles offrent est le r\u00e9sultat de la lumi\u00e8re qui se refl\u00e8te entre les nombreuses couches de nacre qui composent la surface de la perle.<\/p>\n<div class=\"link-product\">\n<div class=\"blocco-immagine\"><img loading=\"lazy\" decoding=\"async\" class=\"size-full wp-image-10176 alignleft\" src=\"https:\/\/blog.holyart.it\/fr\/wp-content\/uploads\/sites\/14\/2025\/03\/chapelet-perles-deau-douce-baroques-8-mm-medaille-miraculeuse.jpg\" alt=\"Chapelet perles d'eau douce\" width=\"100\" height=\"100\" data-kale-share-title=\"Que sont les perles d\u2019eau douce ?\" data-kale-share-url=\"https:\/\/blog.holyart.it\/fr\/?p=10169\" \/><\/div>\n<div class=\"blocco-contenuto\">\n<div class=\"blocco-acquista\">Acheter sur Holyart:<\/div>\n<div class=\"blocco-titolo\"><a href=\"https:\/\/www.holyart.fr\/articles-religieux\/chapelets-et-etuis-a-chapelet\/chapelets-argent\/chapelet-perles-deau-douce-baroques-8-mm-medaille-miraculeuse\">Chapelet perles d&rsquo;eau douce baroques 8 mm M\u00e9daille Miraculeuse<\/a><\/div>\n<div class=\"blocco-descrizione\">M\u00e9daille Miraculeuse et crucifix minimaliste de 4,5&#215;3 cm tous les deux en argent 925.<\/div>\n<\/div>\n<\/div>\n<p>La <strong>valeur<\/strong> d\u2019une perle d\u2019eau douce d\u00e9pend de nombreux facteurs, parmi lesquels sa dimension, sa forme, sa couleur, sa brillance et sa qualit\u00e9 globale. Les perles d\u2019eau douce de dimensions plus grandes et de formes particuli\u00e8res, comme celles rondes et ovales, sont souvent plus pr\u00e9cieuses. La couleur et la brillance influent beaucoup sur leur valeur \u00e9galement. Les perles aux couleurs vives et \u00e0 la surface lisse et brillante sont g\u00e9n\u00e9ralement les plus convoit\u00e9es. D\u2019autres aspects qui influencent la valeur des perles d\u2019eau douce incluent leur <strong>provenance g\u00e9ographique<\/strong> et la qualit\u00e9 de la r\u00e9alisation. Certaines r\u00e9gions, comme le Mississipi aux \u00c9tats-Unis et le Yangtze en Chine, sont connues pour leurs perles d\u2019eau douce de haute qualit\u00e9.<\/p>\n<h2>Utilisations des perles d\u2019eau douce<\/h2>\n<p>Les perles d\u2019eau douce sont utilis\u00e9es dans des <a href=\"https:\/\/www.holyart.fr\/articles-religieux\/bijoux-religieux\"><strong>bijoux<\/strong><\/a> comme des boucles d\u2019oreilles, colliers, bracelets et bagues. Leur beaut\u00e9 et leur polyvalence les rendent populaires aussi pour les bijoux haut de gamme. Les perles d\u2019eau douce peuvent \u00eatre port\u00e9es \u00e0 des occasions sp\u00e9ciales comme mariages et \u00e9v\u00e9nements formels, ou peuvent ajouter une touche d\u2019\u00e9l\u00e9gance \u00e0 votre look de tous les jours. En particulier, les perles d\u2019eau douce sont souvent choisies comme bijoux pour les <a href=\"https:\/\/www.holyart.fr\/blog\/occasions-speciales\/mariage-catholique\/\"><strong><u>mariages<\/u><\/strong> <\/a>car leurs nuances de couleur douces et leur aspect classique les rendent adapt\u00e9es pour compl\u00e9ter la tenue de la mari\u00e9e ou une tenue de soir\u00e9e. Mais un collier de perles peut ajouter une touche d\u2019\u00e9l\u00e9gance aussi \u00e0 un look d\u00e9contract\u00e9, et les boucles d\u2019oreilles de perles sont un accessoire classique pour les v\u00eatements de tous les jours. Un beau chapelet de perles peut \u00eatre une id\u00e9e cadeau \u00e9l\u00e9gante et raffin\u00e9e, ou quelque chose \u00e0 garder pour soi, tous les jours.<\/p>\n<div class=\"link-article\">\n<p><img loading=\"lazy\" decoding=\"async\" class=\"size-full wp-image-10179 alignleft\" src=\"https:\/\/blog.holyart.it\/fr\/wp-content\/uploads\/sites\/14\/2025\/03\/Comment-organiser-un-mariage-catholique.jpg\" alt=\"Comment organiser un mariage catholique\" width=\"150\" height=\"100\" data-kale-share-title=\"Que sont les perles d\u2019eau douce ?\" data-kale-share-url=\"https:\/\/blog.holyart.it\/fr\/?p=10169\" \/><\/p>\n<div class=\"leggi-anche\">Lire aussi :<\/div>\n<p><strong><a href=\"https:\/\/www.holyart.fr\/blog\/occasions-speciales\/mariage-catholique\/\">Comment organiser un mariage catholique<\/a><\/strong><br \/>\nL\u2019\u00c9glise catholique consid\u00e8re le mariage comme un choix humain, fait par un homme et une femme, \u00e9lev\u00e9 au rang de lien sacr\u00e9 par Christ.<\/p>\n<\/div>\n<p>En plus des usages en joaillerie, les perles d\u2019eau douce ont \u00e9t\u00e9 historiquement utilis\u00e9es aussi dans diff\u00e9rents <strong>rem\u00e8des traditionnels<\/strong> et <strong>c\u00e9r\u00e9monies rituelles<\/strong> dans de nombreuses cultures, dans lesquelles elles sont consid\u00e9r\u00e9es comme symbole de <strong>puret\u00e9, long\u00e9vit\u00e9 et prosp\u00e9rit\u00e9<\/strong>. Elles peuvent \u00e9galement \u00eatre port\u00e9es comme amulettes ou talismans de protection et porte-bonheur, car on croit qu\u2019elles ont des pouvoirs b\u00e9n\u00e9fiques et sont capables de repousser les \u00e9nergies n\u00e9gatives.<\/p>\n<p>Dans de nombreuses cultures, les perles d\u2019eau douce sont incorpor\u00e9es dans les robes de mari\u00e9e ou dans les bijoux port\u00e9s lors des <strong>c\u00e9r\u00e9monies de mariage<\/strong>. Les perles repr\u00e9sentent la <strong>puret\u00e9 de l\u2019\u00e9pouse<\/strong> et symbolisent l\u2019amour et l\u2019harmonie dans la nouvelle vie conjugale.<\/p>\n<p>Dans d\u2019autres cultures, les jeunes filles sont pr\u00e9sent\u00e9es \u00e0 la soci\u00e9t\u00e9 dans des <strong>c\u00e9r\u00e9monies d\u2019initiation<\/strong> et les perles peuvent faire partie de leur tenue traditionnelle ou des bijoux port\u00e9s pour ces occasions sp\u00e9ciales. Ailleurs, elles sont utilis\u00e9es dans des <a href=\"https:\/\/www.holyart.fr\/blog\/articles-religieux\/comment-se-deroulent-des-funerailles-catholiques\/\"><strong><u>c\u00e9r\u00e9monies fun\u00e9raires<\/u><\/strong><\/a> comme symbole de respect et pour aider le d\u00e9funt dans le passage vers l\u2019au-del\u00e0.<\/p>\n<p>Les perles d\u2019eau douce peuvent \u00eatre des <strong>objets de collection<\/strong>. Les perles rares ou de haute qualit\u00e9 peuvent avoir une grande valeur pour les collectionneurs de gemmes et de bijoux anciens.<\/p>\n<h2>Bijoux avec les perles<\/h2>\n<p>Sur notre site, vous trouverez une s\u00e9lection de <strong>bijoux avec perles<\/strong>, parmi lesquels des colliers et des bracelets, o\u00f9 l\u2019\u00e9l\u00e9gance hors du temps des perles s\u2019unit au monde de la foi pour cr\u00e9er des bijoux religieux uniques. Choisissez votre style et laissez-vous inspirer par la gr\u00e2ce et la fine \u00e9l\u00e9gance des perles.<\/p>\n<h3>Colliers avec perles d\u2019eau douce<\/h3>\n<div class=\"sp-styles-warning\" style=\"width: 450px; background-color: #FFF; color: #F00; border: 1px solid #F00; padding: 10px; font-size: 14px;\">\n\t\t\t<span style=\"font-weight: bold;\">Warning: The stylesheets were not loaded!<\/span> \n\t\t\tYou will need to change the <i>Load stylesheets<\/i> setting from <i>Automatically<\/i> to <i>On homepage<\/i> or <i>On all pages<\/i>. \n\t\t\tYou can set that <a style=\"text-decoration: underline; color: #F00;\" href=\"https:\/\/blog.holyart.it\/fr\/wp-admin\/admin.php?page=sliderpro-settings\">here<\/a>.\n\t\t\t<\/div>\r\n<div id=\"slider-pro-164\" class=\"slider-pro sp-no-js\" style=\"width: 500px; height: 500px;\">\r\n\t<div class=\"sp-slides\">\r\n\t\t\r\n\t\t<div class=\"sp-slide\">\r\n\t\t\t<a class=\"\" href=\"https:\/\/www.holyart.fr\/articles-religieux\/bijoux-religieux\/chapelets-en-argent\/chapelet-argent-925-perles-eau-douce-7-mm-ovales-pater-roses-7-mm\" target=\"_self\">\r\n\t\t\t\t<img loading=\"lazy\" decoding=\"async\" class=\"sp-image\" src=\"https:\/\/blog.holyart.it\/fr\/wp-content\/uploads\/sites\/14\/2025\/03\/chapelet-argent-925-perles-eau-douce-7-mm-ovales-pater-roses-7-mm.jpg\" alt=\"Chapelet Argent perles d&#039;eau douce ros\u00e9s\" width=\"500\" height=\"500\" \/>\r\n\t\t\t<\/a>\r\n\t\t\t<div class=\"sp-thumbnail\"><a class=\"\" href=\"https:\/\/www.holyart.fr\/articles-religieux\/bijoux-religieux\/chapelets-en-argent\/chapelet-argent-925-perles-eau-douce-7-mm-ovales-pater-roses-7-mm\">\r\n\t\t\t\t<img decoding=\"async\" src=\"https:\/\/blog.holyart.it\/fr\/wp-content\/uploads\/sites\/14\/2025\/03\/chapelet-argent-925-perles-eau-douce-7-mm-ovales-pater-roses-7-mm-150x150-1.jpg\" alt=\"Chapelet argent 925 perles d&#039;eau douce ros\u00e9s\" \/>\r\n\t\t\t<\/a>\r\n\t\t\t<\/div>\r\n\t\t\t<div class=\"sp-caption\">Chapelet argent 925 perles eau douce 7 mm ovales pater ros\u00e9s 7 mm<br \/>Chapelet en argent 925 enrichi de perles d'eau douce ovales de 7 mm et pater en nid d'abeilles de 7 mm ros\u00e9s.<br \/><strong><a href=\"https:\/\/www.holyart.fr\/articles-religieux\/bijoux-religieux\/chapelets-en-argent\/chapelet-argent-925-perles-eau-douce-7-mm-ovales-pater-roses-7-mm\">Acheter sur Holyart<\/a><\/strong><\/div>\r\n\t\t<\/div>\r\n\t\t<div class=\"sp-slide\">\r\n\t\t\t<a class=\"\" href=\"https:\/\/www.holyart.fr\/articles-religieux\/chapelets-et-etuis-a-chapelet\/chapelets-argent\/chapelet-argent-925-perles-eau-douce-ovales-double-image-8-mm\" target=\"_self\">\r\n\t\t\t\t<img loading=\"lazy\" decoding=\"async\" class=\"sp-image\" src=\"https:\/\/blog.holyart.it\/fr\/wp-content\/uploads\/sites\/14\/2025\/03\/chapelet-argent-925-perles-eau-douce-ovales-medaille-double-8-mm.jpg\" alt=\"chapelet perles eau douce\" width=\"500\" height=\"500\" \/>\r\n\t\t\t<\/a>\r\n\t\t\t<div class=\"sp-thumbnail\"><a class=\"\" href=\"https:\/\/www.holyart.fr\/articles-religieux\/chapelets-et-etuis-a-chapelet\/chapelets-argent\/chapelet-argent-925-perles-eau-douce-ovales-double-image-8-mm\">\r\n\t\t\t\t<img decoding=\"async\" src=\"https:\/\/blog.holyart.it\/fr\/wp-content\/uploads\/sites\/14\/2025\/03\/chapelet-argent-925-perles-eau-douce-ovales-medaille-double-8-mm-150x150-1.jpg\" alt=\"chapelet perles eau douce\" \/>\r\n\t\t\t<\/a>\r\n\t\t\t<\/div>\r\n\t\t\t<div class=\"sp-caption\">Chapelet argent 925 perles eau douce ovales double image 8 mm<br \/>Chapelet produit en Italie par une entreprise sp\u00e9cialis\u00e9e dans le travail de l'argent. Poids : 34,1 g.<br \/><strong><a href=\"https:\/\/www.holyart.fr\/articles-religieux\/chapelets-et-etuis-a-chapelet\/chapelets-argent\/chapelet-argent-925-perles-eau-douce-ovales-double-image-8-mm\">Acheter sur Holyart<\/a><\/strong><\/div>\r\n\t\t<\/div>\r\n\t\t<div class=\"sp-slide\">\r\n\t\t\t<a class=\"\" href=\"https:\/\/www.holyart.fr\/jubile-2025-pelerins-desperance\/bijoux-du-jubile-2025\/chapelet-jubile-grains-bleus-argent-925-perle-deau-douce-endless\" target=\"_self\">\r\n\t\t\t\t<img loading=\"lazy\" decoding=\"async\" class=\"sp-image\" src=\"https:\/\/blog.holyart.it\/fr\/wp-content\/uploads\/sites\/14\/2025\/03\/chapelet-jubile-grains-bleus-argent-925-perle-deau-douce-endless.jpg\" alt=\"Chapelet jubil\u00e9 grains bleus\" width=\"500\" height=\"500\" \/>\r\n\t\t\t<\/a>\r\n\t\t\t<div class=\"sp-thumbnail\"><a class=\"\" href=\"https:\/\/www.holyart.fr\/jubile-2025-pelerins-desperance\/bijoux-du-jubile-2025\/chapelet-jubile-grains-bleus-argent-925-perle-deau-douce-endless\">\r\n\t\t\t\t<img decoding=\"async\" src=\"https:\/\/blog.holyart.it\/fr\/wp-content\/uploads\/sites\/14\/2025\/03\/chapelet-jubile-grains-bleus-argent-925-perle-deau-douce-endless-150x150-1.jpg\" alt=\"Chapelet jubil\u00e9 grains bleus\" \/>\r\n\t\t\t<\/a>\r\n\t\t\t<\/div>\r\n\t\t\t<div class=\"sp-caption\">Chapelet Jubil\u00e9 grains bleus argent 925 perle d'eau douce Endless<br \/>Compos\u00e9 de 5 dizaines, il pr\u00e9sente des grains \u00e0 facettes en pierre naturelle couleur bleu \u00e9lectirque de 4 mm de diam\u00e8tre.<br \/><strong><a href=\"https:\/\/www.holyart.fr\/jubile-2025-pelerins-desperance\/bijoux-du-jubile-2025\/chapelet-jubile-grains-bleus-argent-925-perle-deau-douce-endless\">Acheter sur Holyart<\/a><\/strong><\/div>\r\n\t\t<\/div>\r\n\t\t<div class=\"sp-slide\">\r\n\t\t\t<a class=\"\" href=\"https:\/\/www.holyart.fr\/articles-religieux\/chapelets-et-etuis-a-chapelet\/chapelets-en-pierre\/chapelet-perles-eau-douce-turquoises-ambrees-vierge-4-mm\" target=\"_self\">\r\n\t\t\t\t<img loading=\"lazy\" decoding=\"async\" class=\"sp-image\" src=\"https:\/\/blog.holyart.it\/fr\/wp-content\/uploads\/sites\/14\/2025\/03\/chapelet-perles-eau-douce-turquoises-ambrees-vierge-4-mm.jpg\" alt=\"Chapelet perles eau douce tourquoises\" width=\"500\" height=\"500\" \/>\r\n\t\t\t<\/a>\r\n\t\t\t<div class=\"sp-thumbnail\"><a class=\"\" href=\"https:\/\/www.holyart.fr\/articles-religieux\/chapelets-et-etuis-a-chapelet\/chapelets-en-pierre\/chapelet-perles-eau-douce-turquoises-ambrees-vierge-4-mm\">\r\n\t\t\t\t<img decoding=\"async\" src=\"https:\/\/blog.holyart.it\/fr\/wp-content\/uploads\/sites\/14\/2025\/03\/chapelet-perles-eau-douce-turquoises-ambrees-vierge-4-mm-150x150-1.jpg\" alt=\"Chapelet perles eau douce tourquoises\" \/>\r\n\t\t\t<\/a>\r\n\t\t\t<\/div>\r\n\t\t\t<div class=\"sp-caption\">Chapelet perles eau douce turquoises ambr\u00e9es Vierge 4 mm<br \/>Chapelet collier avec grains en perles d'eau douce de 4 mm de couleur turquoise ambr\u00e9e et m\u00e9daille de la Sainte Vierge.<br \/><strong><a href=\"https:\/\/www.holyart.fr\/articles-religieux\/chapelets-et-etuis-a-chapelet\/chapelets-en-pierre\/chapelet-perles-eau-douce-turquoises-ambrees-vierge-4-mm\">Acheter sur Holyart<\/a><\/strong><\/div>\r\n\t\t<\/div>\r\n\t<\/div>\r\n<\/div>\n<h3>Bracelets avec perles d\u2019eau douce<\/h3>\n<div class=\"sp-styles-warning\" style=\"width: 450px; background-color: #FFF; color: #F00; border: 1px solid #F00; padding: 10px; font-size: 14px;\">\n\t\t\t<span style=\"font-weight: bold;\">Warning: The stylesheets were not loaded!<\/span> \n\t\t\tYou will need to change the <i>Load stylesheets<\/i> setting from <i>Automatically<\/i> to <i>On homepage<\/i> or <i>On all pages<\/i>. \n\t\t\tYou can set that <a style=\"text-decoration: underline; color: #F00;\" href=\"https:\/\/blog.holyart.it\/fr\/wp-admin\/admin.php?page=sliderpro-settings\">here<\/a>.\n\t\t\t<\/div>\r\n<div id=\"slider-pro-165\" class=\"slider-pro sp-no-js\" style=\"width: 500px; height: 500px;\">\r\n\t<div class=\"sp-slides\">\r\n\t\t\r\n\t\t<div class=\"sp-slide\">\r\n\t\t\t<a class=\"\" href=\"https:\/\/www.holyart.fr\/articles-religieux\/bracelets-religieux\/bracelets-en-argent\/bracelet-dizainier-avec-perles-deau-douce-croix-argent-925\" target=\"_self\">\r\n\t\t\t\t<img loading=\"lazy\" decoding=\"async\" class=\"sp-image\" src=\"https:\/\/blog.holyart.it\/fr\/wp-content\/uploads\/sites\/14\/2025\/03\/bracelet-dizainier-avec-perles-deau-douce-croix-argent-925.jpg\" alt=\"bracelet dizainier avec perles d&#039;eau douce croix argent\" width=\"500\" height=\"500\" \/>\r\n\t\t\t<\/a>\r\n\t\t\t<div class=\"sp-thumbnail\"><a class=\"\" href=\"https:\/\/www.holyart.fr\/articles-religieux\/bracelets-religieux\/bracelets-en-argent\/bracelet-dizainier-avec-perles-deau-douce-croix-argent-925\">\r\n\t\t\t\t<img decoding=\"async\" src=\"https:\/\/blog.holyart.it\/fr\/wp-content\/uploads\/sites\/14\/2025\/03\/bracelet-dizainier-avec-perles-deau-douce-croix-argent-925-150x150-1.jpg\" alt=\"bracelet dizainier avec perles d&#039;eau douce croix argent\" \/>\r\n\t\t\t<\/a>\r\n\t\t\t<\/div>\r\n\t\t\t<div class=\"sp-caption\">Bracelet dizainier avec perles d'eau douce croix argent 925<br \/>Bijou r\u00e9alis\u00e9 en Italie par une entreprise sp\u00e9cialis\u00e9e dans le travail de l'argent. Poids : 8 g.<br \/><strong><a href=\"https:\/\/www.holyart.fr\/articles-religieux\/bracelets-religieux\/bracelets-en-argent\/bracelet-dizainier-avec-perles-deau-douce-croix-argent-925\">Acheter sur Holyart<\/a><\/strong><\/div>\r\n\t\t<\/div>\r\n\t\t<div class=\"sp-slide\">\r\n\t\t\t<a class=\"\" href=\"https:\/\/www.holyart.fr\/articles-religieux\/bracelets-religieux\/bracelets-en-argent\/bracelet-argent-925-perles-deau-douce-blanches\" target=\"_self\">\r\n\t\t\t\t<img loading=\"lazy\" decoding=\"async\" class=\"sp-image\" src=\"https:\/\/blog.holyart.it\/fr\/wp-content\/uploads\/sites\/14\/2025\/03\/bracelet-argent-925-perles-deau-douce-blanches.jpg\" alt=\"bracelet argent 925 perles d&#039;eau douce blanches\" width=\"500\" height=\"500\" \/>\r\n\t\t\t<\/a>\r\n\t\t\t<div class=\"sp-thumbnail\"><a class=\"\" href=\"https:\/\/www.holyart.fr\/articles-religieux\/bracelets-religieux\/bracelets-en-argent\/bracelet-argent-925-perles-deau-douce-blanches\">\r\n\t\t\t\t<img decoding=\"async\" src=\"https:\/\/blog.holyart.it\/fr\/wp-content\/uploads\/sites\/14\/2025\/03\/bracelet-argent-925-perles-deau-douce-blanches-150x150-1.jpg\" alt=\"bracelet argent 925 perles d&#039;eau douce blanches\" \/>\r\n\t\t\t<\/a>\r\n\t\t\t<\/div>\r\n\t\t\t<div class=\"sp-caption\">Bracelet argent 925 perles d'eau douce blanches<br \/> perles d'eau douce blanches avec pater \"Ape\" et fermoir, enti\u00e8rement r\u00e9alis\u00e9 en Italie par une entreprise familiale.<br \/><strong><a href=\"https:\/\/www.holyart.fr\/articles-religieux\/bracelets-religieux\/bracelets-en-argent\/bracelet-argent-925-perles-deau-douce-blanches\">Acheter sur Holyart<\/a><\/strong><\/div>\r\n\t\t<\/div>\r\n\t\t<div class=\"sp-slide\">\r\n\t\t\t<a class=\"\" href=\"https:\/\/www.holyart.fr\/articles-religieux\/bracelets-religieux\/bracelets-en-argent\/bracelet-argent-925-perles-deau-douce-violettes\" target=\"_self\">\r\n\t\t\t\t<img loading=\"lazy\" decoding=\"async\" class=\"sp-image\" src=\"https:\/\/blog.holyart.it\/fr\/wp-content\/uploads\/sites\/14\/2025\/03\/bracelet-argent-925-perles-deau-douce-violettes.jpg\" alt=\"bracelet argent 925 perles d&#039;eau douce violettes\" width=\"500\" height=\"500\" \/>\r\n\t\t\t<\/a>\r\n\t\t\t<div class=\"sp-thumbnail\"><a class=\"\" href=\"https:\/\/www.holyart.fr\/articles-religieux\/bracelets-religieux\/bracelets-en-argent\/bracelet-argent-925-perles-deau-douce-violettes\">\r\n\t\t\t\t<img decoding=\"async\" src=\"https:\/\/blog.holyart.it\/fr\/wp-content\/uploads\/sites\/14\/2025\/03\/bracelet-argent-925-perles-deau-douce-violettes-150x150-1.jpg\" alt=\"bracelet argent 925 perles d&#039;eau douce violettes\" \/>\r\n\t\t\t<\/a>\r\n\t\t\t<\/div>\r\n\t\t\t<div class=\"sp-caption\">Bracelet argent 925 perles d'eau douce violettes<br \/>Bracelet dizainier en argent 925 et perles d'eau douce violettes avec pater \"Ape\" et fermoir, enti\u00e8rement r\u00e9alis\u00e9 en Italie par une entreprise familiale. <br \/><strong><a href=\"https:\/\/www.holyart.fr\/articles-religieux\/bracelets-religieux\/bracelets-en-argent\/bracelet-argent-925-perles-deau-douce-violettes\">Acheter sur Holyart<\/a><\/strong><\/div>\r\n\t\t<\/div>\r\n\t\t<div class=\"sp-slide\">\r\n\t\t\t<a class=\"\" href=\"https:\/\/www.holyart.fr\/articles-religieux\/bracelets-religieux\/bracelets-en-argent\/bracelet-dix-grains-en-argent-et-perles-de-ruisseau\" target=\"_self\">\r\n\t\t\t\t<img loading=\"lazy\" decoding=\"async\" class=\"sp-image\" src=\"https:\/\/blog.holyart.it\/fr\/wp-content\/uploads\/sites\/14\/2025\/03\/bracelet-dix-grains-en-argent-et-perles-de-ruisseau.jpg\" alt=\"bracelet dix grains en argent et perles de ruisseau\" width=\"500\" height=\"500\" \/>\r\n\t\t\t<\/a>\r\n\t\t\t<div class=\"sp-thumbnail\"><a class=\"\" href=\"https:\/\/www.holyart.fr\/articles-religieux\/bracelets-religieux\/bracelets-en-argent\/bracelet-dix-grains-en-argent-et-perles-de-ruisseau\">\r\n\t\t\t\t<img decoding=\"async\" src=\"https:\/\/blog.holyart.it\/fr\/wp-content\/uploads\/sites\/14\/2025\/03\/bracelet-dix-grains-en-argent-et-perles-de-ruisseau-150x150-1.jpg\" alt=\"bracelet dix grains en argent et perles de ruisseau\" \/>\r\n\t\t\t<\/a>\r\n\t\t\t<\/div>\r\n\t\t\t<div class=\"sp-caption\">Bracelet dix grains en argent et perles de ruisseau<br \/> Les perles sont blanches, roses ou violettes. Choisissez la couleur que vous souhaitez<br \/><strong><a href=\"https:\/\/www.holyart.fr\/articles-religieux\/bracelets-religieux\/bracelets-en-argent\/bracelet-dix-grains-en-argent-et-perles-de-ruisseau\">Acheter sur Holyart<\/a><\/strong><\/div>\r\n\t\t<\/div>\r\n\t<\/div>\r\n<\/div>\n<h3>Colliers de perles artificielles<\/h3>\n<div class=\"sp-styles-warning\" style=\"width: 450px; background-color: #FFF; color: #F00; border: 1px solid #F00; padding: 10px; font-size: 14px;\">\n\t\t\t<span style=\"font-weight: bold;\">Warning: The stylesheets were not loaded!<\/span> \n\t\t\tYou will need to change the <i>Load stylesheets<\/i> setting from <i>Automatically<\/i> to <i>On homepage<\/i> or <i>On all pages<\/i>. \n\t\t\tYou can set that <a style=\"text-decoration: underline; color: #F00;\" href=\"https:\/\/blog.holyart.it\/fr\/wp-admin\/admin.php?page=sliderpro-settings\">here<\/a>.\n\t\t\t<\/div>\r\n<div id=\"slider-pro-166\" class=\"slider-pro sp-no-js\" style=\"width: 500px; height: 500px;\">\r\n\t<div class=\"sp-slides\">\r\n\t\t\r\n\t\t<div class=\"sp-slide\">\r\n\t\t\t<a class=\"\" href=\"https:\/\/www.holyart.fr\/articles-religieux\/bijoux-religieux\/bijoux-agios\/collier-perles-blanches-croix-zircons-bleus-agios\" target=\"_self\">\r\n\t\t\t\t<img loading=\"lazy\" decoding=\"async\" class=\"sp-image\" src=\"https:\/\/blog.holyart.it\/fr\/wp-content\/uploads\/sites\/14\/2025\/03\/collier-perles-blanches-croix-zircons-bleus-agios.jpg\" alt=\"Collier perles blanches croix avec zircons bleux\" width=\"500\" height=\"500\" \/>\r\n\t\t\t<\/a>\r\n\t\t\t<div class=\"sp-thumbnail\"><a class=\"\" href=\"https:\/\/www.holyart.fr\/articles-religieux\/bijoux-religieux\/bijoux-agios\/collier-perles-blanches-croix-zircons-bleus-agios\">\r\n\t\t\t\t<img decoding=\"async\" src=\"https:\/\/blog.holyart.it\/fr\/wp-content\/uploads\/sites\/14\/2025\/03\/collier-perles-blanches-croix-zircons-bleus-agios-1.jpg\" alt=\"Collier perles blanches croix avec zircons bleux\" \/>\r\n\t\t\t<\/a>\r\n\t\t\t<\/div>\r\n\t\t\t<div class=\"sp-caption\">Collier perles blanches croix zircons bleus Agios<br \/>Collier de perles avec pendentif en forme de croix en argent 925 dor\u00e9, enrichi de zircons et livr\u00e9 dans un \u00e9tui avec sac en papier de la marque.<br \/><strong><a href=\"https:\/\/www.holyart.fr\/articles-religieux\/bijoux-religieux\/bijoux-agios\/collier-perles-blanches-croix-zircons-bleus-agios\">Acheter sur Holyart<\/a><\/strong><\/div>\r\n\t\t<\/div>\r\n\t\t<div class=\"sp-slide\">\r\n\t\t\t<a class=\"\" href=\"https:\/\/www.holyart.fr\/articles-religieux\/bijoux-religieux\/pendentifs-croix-et-broches\/collier-amen-croix-perle-et-zircon-argent-925-rhodie\" target=\"_self\">\r\n\t\t\t\t<img loading=\"lazy\" decoding=\"async\" class=\"sp-image\" src=\"https:\/\/blog.holyart.it\/fr\/wp-content\/uploads\/sites\/14\/2025\/03\/collier-amen-croix-perle-et-zircon-argent-925-rhodie.jpg\" alt=\"collier amen croix perle et zircon argent\" width=\"500\" height=\"500\" \/>\r\n\t\t\t<\/a>\r\n\t\t\t<div class=\"sp-thumbnail\"><a class=\"\" href=\"https:\/\/www.holyart.fr\/articles-religieux\/bijoux-religieux\/pendentifs-croix-et-broches\/collier-amen-croix-perle-et-zircon-argent-925-rhodie\">\r\n\t\t\t\t<img decoding=\"async\" src=\"https:\/\/blog.holyart.it\/fr\/wp-content\/uploads\/sites\/14\/2025\/03\/collier-amen-croix-perle-et-zircon-argent-925-rhodie-1.jpg\" alt=\"collier amen croix perle et zircon argent\" \/>\r\n\t\t\t<\/a>\r\n\t\t\t<\/div>\r\n\t\t\t<div class=\"sp-caption\">Collier AMEN croix perle et zircon argent 925 rhodi\u00e9<br \/>Compos\u00e9 d'une fine cha\u00eene de 40 cm de circonf\u00e9rence, r\u00e9glable gr\u00e2ce \u00e0 une cha\u00eenette de 5 cm, et de trois pendentif<br \/><strong><a href=\"https:\/\/www.holyart.fr\/articles-religieux\/bijoux-religieux\/pendentifs-croix-et-broches\/collier-amen-croix-perle-et-zircon-argent-925-rhodie\">Acheter sur Holyart<\/a><\/strong><\/div>\r\n\t\t<\/div>\r\n\t\t<div class=\"sp-slide\">\r\n\t\t\t<a class=\"\" href=\"https:\/\/www.holyart.fr\/articles-religieux\/bijoux-religieux\/pendentifs-croix-et-broches\/collier-de-perles-amen-argent-925-6-mm\" target=\"_self\">\r\n\t\t\t\t<img loading=\"lazy\" decoding=\"async\" class=\"sp-image\" src=\"https:\/\/blog.holyart.it\/fr\/wp-content\/uploads\/sites\/14\/2025\/03\/collier-de-perles-amen-argent-925-6-mm.jpg\" alt=\"collier de perles amen argent\" width=\"500\" height=\"500\" \/>\r\n\t\t\t<\/a>\r\n\t\t\t<div class=\"sp-thumbnail\"><a class=\"\" href=\"https:\/\/www.holyart.fr\/articles-religieux\/bijoux-religieux\/pendentifs-croix-et-broches\/collier-de-perles-amen-argent-925-6-mm\">\r\n\t\t\t\t<img decoding=\"async\" src=\"https:\/\/blog.holyart.it\/fr\/wp-content\/uploads\/sites\/14\/2025\/03\/collier-de-perles-amen-argent-925-6-mm-1.jpg\" alt=\"collier de perles amen argent\" \/>\r\n\t\t\t<\/a>\r\n\t\t\t<\/div>\r\n\t\t\t<div class=\"sp-caption\">Collier de perles AMEN argent 925 6 mm<br \/>Longueur de 40 cm avec cha\u00eenette de r\u00e9glage de 5 cm suppl\u00e9mentaire, id\u00e9al comme cadeau pour toute occasion. <br \/><strong><a href=\"https:\/\/www.holyart.fr\/articles-religieux\/bijoux-religieux\/pendentifs-croix-et-broches\/collier-de-perles-amen-argent-925-6-mm\">Acheter sur Holyart<\/a><\/strong><\/div>\r\n\t\t<\/div>\r\n\t\t<div class=\"sp-slide\">\r\n\t\t\t<a class=\"\" href=\"https:\/\/www.holyart.fr\/articles-religieux\/bijoux-religieux\/pendentifs-croix-et-broches\/collier-ras-de-cou-amen-en-argent-925-perles-blanches-et-rhodium\" target=\"_self\">\r\n\t\t\t\t<img loading=\"lazy\" decoding=\"async\" class=\"sp-image\" src=\"https:\/\/blog.holyart.it\/fr\/wp-content\/uploads\/sites\/14\/2025\/03\/collier-chapelet-tour-du-cou-amen-perles-arg-925-rhodie.jpg\" alt=\"collier chapelet tour du cou amen perles\" width=\"500\" height=\"500\" \/>\r\n\t\t\t<\/a>\r\n\t\t\t<div class=\"sp-thumbnail\"><a class=\"\" href=\"https:\/\/www.holyart.fr\/articles-religieux\/bijoux-religieux\/pendentifs-croix-et-broches\/collier-ras-de-cou-amen-en-argent-925-perles-blanches-et-rhodium\">\r\n\t\t\t\t<img decoding=\"async\" src=\"https:\/\/blog.holyart.it\/fr\/wp-content\/uploads\/sites\/14\/2025\/03\/collier-chapelet-tour-du-cou-amen-perles-arg-925-rhodie-1.jpg\" alt=\"collier chapelet tour du cou amen perles\" \/>\r\n\t\t\t<\/a>\r\n\t\t\t<\/div>\r\n\t\t\t<div class=\"sp-caption\">Collier ras-de-cou AMEN en argent 925 Perles blanches et rhodium<br \/>El\u00e9gant collier chapelet enti\u00e8rement fabriqu\u00e9 en Italie en argent 925.<br \/><strong><a href=\"https:\/\/www.holyart.fr\/articles-religieux\/bijoux-religieux\/pendentifs-croix-et-broches\/collier-ras-de-cou-amen-en-argent-925-perles-blanches-et-rhodium\">Acheter sur Holyart<\/a><\/strong><\/div>\r\n\t\t<\/div>\r\n\t<\/div>\r\n<\/div>\n<h2>Comment nettoyer les perles d\u2019eau douce et les conserver longtemps<\/h2>\n<p>Afin de maintenir les perles d\u2019eau douce dans des conditions optimales, il est important d\u2019en prendre soin de mani\u00e8re ad\u00e9quate, en \u00e9vitant de les exposer \u00e0 des produits chimiques agressifs et\u00a0 les prot\u00e9ger des coups et rayures. Les perles d\u2019eau douce devraient \u00eatre <strong>conserv\u00e9es s\u00e9par\u00e9ment des autres bijoux<\/strong> justement pour \u00e9viter tout risque de rayures. Il est \u00e9galement pr\u00e9f\u00e9rable de retirer ses perles avant d\u2019appliquer <a href=\"https:\/\/www.holyart.fr\/produits-des-monasteres\/cosmetiques-et-huiles-essentielles\"><strong>cr\u00e8mes et parfums<\/strong><\/a>, puisque ces produits peuvent en endommager la surface.<\/p>\n<div class=\"link-product\">\n<div class=\"blocco-immagine\"><img loading=\"lazy\" decoding=\"async\" class=\"size-full wp-image-10209 alignleft\" src=\"https:\/\/blog.holyart.it\/fr\/wp-content\/uploads\/sites\/14\/2025\/03\/neige-de-camaldoli-50ml.jpg\" alt=\"cosmetiques et huiles essentiels\" width=\"100\" height=\"100\" data-kale-share-title=\"Que sont les perles d\u2019eau douce ?\" data-kale-share-url=\"https:\/\/blog.holyart.it\/fr\/?p=10169\" \/><\/div>\n<div class=\"blocco-contenuto\">\n<div class=\"blocco-acquista\">Acheter sur Holyart:<\/div>\n<div class=\"blocco-titolo\"><a href=\"https:\/\/www.holyart.fr\/produits-des-monasteres\/cosmetiques-et-huiles-essentielles\">Cosm\u00e9tiques et huiles essentielles<\/a><\/div>\n<div class=\"blocco-descrizione\">Vous pouvez trouver ici les produits de l&rsquo;ancienne pharmacie de Camaldoli.<\/div>\n<\/div>\n<\/div>\n<p>Le <strong>nettoyage des perles d\u2019eau douce<\/strong> demande attention et d\u00e9licatesse pour en pr\u00e9server la beaut\u00e9 et la brillance. Les perles sont des gemmes d\u00e9licates et peuvent s\u2019endommager si elles sont expos\u00e9es \u00e0 des <strong>produits chimiques agressifs <\/strong>ou trait\u00e9es de mani\u00e8re inad\u00e9quate. Des syst\u00e8mes \u00e0 ultrasons ou dispositifs de nettoyage vapeur pourraient \u00e9galement les endommager.<\/p>\n<p>Pour les nettoyer de mani\u00e8re sure, il faut un <strong>chiffon doux et propre<\/strong> et de l\u2019<strong>eau distill\u00e9e<\/strong>. Avant de commencer le processus de nettoyage, assurez-vous d\u2019\u00e9liminer toute <strong>salet\u00e9 ou trace de transpiration<\/strong> de la surface des perles. Vous pouvez faire cela simplement en passant le chiffon doux et propre sur les sph\u00e8res.<\/p>\n<p>Vous pouvez ensuite utiliser de l\u2019<strong>eau distill\u00e9e<\/strong>, \u00e9ventuellement m\u00e9lang\u00e9e avec quelques gouttes de d\u00e9tergent pour perles ou savon neutre, \u00e0 condition qu\u2019il soit d\u00e9pourvu de substances abrasives ou chimiques agressives. Passez d\u00e9licatement le chiffon humide sur les perles, en \u00e9vitant le contact direct de l\u2019eau avec le fil ou le cordon qui lie les perles, s\u2019il s\u2019agit d\u2019un collier ou d\u2019un bracelet, car cela pourrait les rendre moins r\u00e9sistants. Avec un deuxi\u00e8me chiffon sec, tamponnez les perles et enlevez tout r\u00e9sidu d\u2019eau. Laissez s\u00e9cher compl\u00e8tement \u00e0 l\u2019air libre avant de les ranger.<\/p>\n<p>Si les perles sont mont\u00e9es sur un fil, contr\u00f4lez p\u00e9riodiquement qu\u2019il ne soit pas us\u00e9 ou endommag\u00e9.<\/p>\n","protected":false},"excerpt":{"rendered":"<p>Rondes, ovales, irr\u00e9guli\u00e8res, les perles d\u2019eau douce sont une alternative \u00e9l\u00e9gante et raffin\u00e9e \u00e0 celles de mer. Voici comment les nettoyer et les conserver. Les perles sont des bijoux fascinants et hors du temps qui ont captur\u00e9 l\u2019imagination de l\u2019homme pendant des si\u00e8cles. Ces gemmes&hellip;<\/p>\n","protected":false},"author":1,"featured_media":10170,"comment_status":"closed","ping_status":"open","sticky":false,"template":"","format":"standard","meta":{"_acf_changed":false,"footnotes":""},"categories":[12],"tags":[],"class_list":["post-10169","post","type-post","status-publish","format-standard","has-post-thumbnail","hentry","category-occasions-speciales"],"acf":[],"yoast_head":"<!-- This site is optimized with the Yoast SEO plugin v26.6 - https:\/\/yoast.com\/wordpress\/plugins\/seo\/ -->\n<title>Que sont les perles d\u2019eau douce ? - Holyart.fr Blog<\/title>\n<meta name=\"description\" content=\"Les perles d\u2019eau douce sont consid\u00e9r\u00e9es depuis toujours pr\u00e9cieuses et investies d\u2019une forte signification symbolique.\" \/>\n<meta name=\"robots\" content=\"index, follow, max-snippet:-1, max-image-preview:large, max-video-preview:-1\" \/>\n<link rel=\"canonical\" href=\"https:\/\/blog.holyart.it\/fr\/occasions-speciales\/que-sont-les-perles-deau-douce\/\" \/>\n<meta property=\"og:locale\" content=\"fr_FR\" \/>\n<meta property=\"og:type\" content=\"article\" \/>\n<meta property=\"og:title\" content=\"Que sont les perles d\u2019eau douce ? - Holyart.fr Blog\" \/>\n<meta property=\"og:description\" content=\"Les perles d\u2019eau douce sont consid\u00e9r\u00e9es depuis toujours pr\u00e9cieuses et investies d\u2019une forte signification symbolique.\" \/>\n<meta property=\"og:url\" content=\"https:\/\/blog.holyart.it\/fr\/occasions-speciales\/que-sont-les-perles-deau-douce\/\" \/>\n<meta property=\"og:site_name\" content=\"Holyart.fr Blog\" \/>\n<meta property=\"article:published_time\" content=\"2025-05-07T15:54:15+00:00\" \/>\n<meta property=\"article:modified_time\" content=\"2025-09-17T13:54:16+00:00\" \/>\n<meta property=\"og:image\" content=\"https:\/\/blog.holyart.it\/fr\/wp-content\/uploads\/sites\/14\/2025\/03\/perles-deau-douce.jpg\" \/>\n\t<meta property=\"og:image:width\" content=\"1000\" \/>\n\t<meta property=\"og:image:height\" content=\"666\" \/>\n\t<meta property=\"og:image:type\" content=\"image\/jpeg\" \/>\n<meta name=\"author\" content=\"Redazione\" \/>\n<meta name=\"twitter:card\" content=\"summary_large_image\" \/>\n<meta name=\"twitter:label1\" content=\"\u00c9crit par\" \/>\n\t<meta name=\"twitter:data1\" content=\"Redazione\" \/>\n\t<meta name=\"twitter:label2\" content=\"Dur\u00e9e de lecture estim\u00e9e\" \/>\n\t<meta name=\"twitter:data2\" content=\"9 minutes\" \/>\n<script type=\"application\/ld+json\" class=\"yoast-schema-graph\">{\"@context\":\"https:\/\/schema.org\",\"@graph\":[{\"@type\":\"Article\",\"@id\":\"https:\/\/blog.holyart.it\/fr\/occasions-speciales\/que-sont-les-perles-deau-douce\/#article\",\"isPartOf\":{\"@id\":\"https:\/\/blog.holyart.it\/fr\/occasions-speciales\/que-sont-les-perles-deau-douce\/\"},\"author\":{\"name\":\"Redazione\",\"@id\":\"https:\/\/blog.holyart.it\/fr\/#\/schema\/person\/0a7b686e5af0f856ec1e390dd0baecda\"},\"headline\":\"Que sont les perles d\u2019eau douce ?\",\"datePublished\":\"2025-05-07T15:54:15+00:00\",\"dateModified\":\"2025-09-17T13:54:16+00:00\",\"mainEntityOfPage\":{\"@id\":\"https:\/\/blog.holyart.it\/fr\/occasions-speciales\/que-sont-les-perles-deau-douce\/\"},\"wordCount\":1553,\"publisher\":{\"@id\":\"https:\/\/blog.holyart.it\/fr\/#organization\"},\"image\":{\"@id\":\"https:\/\/blog.holyart.it\/fr\/occasions-speciales\/que-sont-les-perles-deau-douce\/#primaryimage\"},\"thumbnailUrl\":\"https:\/\/blog.holyart.it\/fr\/wp-content\/uploads\/sites\/14\/2025\/03\/perles-deau-douce.jpg\",\"articleSection\":[\"Occasions sp\u00e9ciales\"],\"inLanguage\":\"fr-FR\"},{\"@type\":\"WebPage\",\"@id\":\"https:\/\/blog.holyart.it\/fr\/occasions-speciales\/que-sont-les-perles-deau-douce\/\",\"url\":\"https:\/\/blog.holyart.it\/fr\/occasions-speciales\/que-sont-les-perles-deau-douce\/\",\"name\":\"Que sont les perles d\u2019eau douce ? - Holyart.fr Blog\",\"isPartOf\":{\"@id\":\"https:\/\/blog.holyart.it\/fr\/#website\"},\"primaryImageOfPage\":{\"@id\":\"https:\/\/blog.holyart.it\/fr\/occasions-speciales\/que-sont-les-perles-deau-douce\/#primaryimage\"},\"image\":{\"@id\":\"https:\/\/blog.holyart.it\/fr\/occasions-speciales\/que-sont-les-perles-deau-douce\/#primaryimage\"},\"thumbnailUrl\":\"https:\/\/blog.holyart.it\/fr\/wp-content\/uploads\/sites\/14\/2025\/03\/perles-deau-douce.jpg\",\"datePublished\":\"2025-05-07T15:54:15+00:00\",\"dateModified\":\"2025-09-17T13:54:16+00:00\",\"description\":\"Les perles d\u2019eau douce sont consid\u00e9r\u00e9es depuis toujours pr\u00e9cieuses et investies d\u2019une forte signification symbolique.\",\"breadcrumb\":{\"@id\":\"https:\/\/blog.holyart.it\/fr\/occasions-speciales\/que-sont-les-perles-deau-douce\/#breadcrumb\"},\"inLanguage\":\"fr-FR\",\"potentialAction\":[{\"@type\":\"ReadAction\",\"target\":[\"https:\/\/blog.holyart.it\/fr\/occasions-speciales\/que-sont-les-perles-deau-douce\/\"]}]},{\"@type\":\"ImageObject\",\"inLanguage\":\"fr-FR\",\"@id\":\"https:\/\/blog.holyart.it\/fr\/occasions-speciales\/que-sont-les-perles-deau-douce\/#primaryimage\",\"url\":\"https:\/\/blog.holyart.it\/fr\/wp-content\/uploads\/sites\/14\/2025\/03\/perles-deau-douce.jpg\",\"contentUrl\":\"https:\/\/blog.holyart.it\/fr\/wp-content\/uploads\/sites\/14\/2025\/03\/perles-deau-douce.jpg\",\"width\":1000,\"height\":666,\"caption\":\"Perles d'eau douce\"},{\"@type\":\"BreadcrumbList\",\"@id\":\"https:\/\/blog.holyart.it\/fr\/occasions-speciales\/que-sont-les-perles-deau-douce\/#breadcrumb\",\"itemListElement\":[{\"@type\":\"ListItem\",\"position\":1,\"name\":\"Homepage\",\"item\":\"https:\/\/blog.holyart.it\/fr\/\"},{\"@type\":\"ListItem\",\"position\":2,\"name\":\"Occasions sp\u00e9ciales\",\"item\":\"https:\/\/blog.holyart.it\/fr\/occasions-speciales\/\"},{\"@type\":\"ListItem\",\"position\":3,\"name\":\"Que sont les perles d\u2019eau douce ?\"}]},{\"@type\":\"WebSite\",\"@id\":\"https:\/\/blog.holyart.it\/fr\/#website\",\"url\":\"https:\/\/blog.holyart.it\/fr\/\",\"name\":\"Holyart.fr Blog\",\"description\":\"Holyblog\",\"publisher\":{\"@id\":\"https:\/\/blog.holyart.it\/fr\/#organization\"},\"potentialAction\":[{\"@type\":\"SearchAction\",\"target\":{\"@type\":\"EntryPoint\",\"urlTemplate\":\"https:\/\/blog.holyart.it\/fr\/?s={search_term_string}\"},\"query-input\":{\"@type\":\"PropertyValueSpecification\",\"valueRequired\":true,\"valueName\":\"search_term_string\"}}],\"inLanguage\":\"fr-FR\"},{\"@type\":\"Organization\",\"@id\":\"https:\/\/blog.holyart.it\/fr\/#organization\",\"name\":\"Holyart.fr Blog\",\"url\":\"https:\/\/blog.holyart.it\/fr\/\",\"logo\":{\"@type\":\"ImageObject\",\"inLanguage\":\"fr-FR\",\"@id\":\"https:\/\/blog.holyart.it\/fr\/#\/schema\/logo\/image\/\",\"url\":\"https:\/\/blog.holyart.it\/fr\/wp-content\/uploads\/sites\/14\/2022\/12\/Holyart_Blog_Logo.jpg\",\"contentUrl\":\"https:\/\/blog.holyart.it\/fr\/wp-content\/uploads\/sites\/14\/2022\/12\/Holyart_Blog_Logo.jpg\",\"width\":300,\"height\":50,\"caption\":\"Holyart.fr Blog\"},\"image\":{\"@id\":\"https:\/\/blog.holyart.it\/fr\/#\/schema\/logo\/image\/\"}},{\"@type\":\"Person\",\"@id\":\"https:\/\/blog.holyart.it\/fr\/#\/schema\/person\/0a7b686e5af0f856ec1e390dd0baecda\",\"name\":\"Redazione\",\"image\":{\"@type\":\"ImageObject\",\"inLanguage\":\"fr-FR\",\"@id\":\"https:\/\/blog.holyart.it\/fr\/#\/schema\/person\/image\/\",\"url\":\"https:\/\/secure.gravatar.com\/avatar\/f477da817f43e50d0af36abecd33e3edf826c68299714bdc1057dff3b113f516?s=96&d=mm&r=g\",\"contentUrl\":\"https:\/\/secure.gravatar.com\/avatar\/f477da817f43e50d0af36abecd33e3edf826c68299714bdc1057dff3b113f516?s=96&d=mm&r=g\",\"caption\":\"Redazione\"},\"url\":\"https:\/\/blog.holyart.it\/fr\/author\/admin\/\"}]}<\/script>\n<!-- \/ Yoast SEO plugin. -->","yoast_head_json":{"title":"Que sont les perles d\u2019eau douce ? - Holyart.fr Blog","description":"Les perles d\u2019eau douce sont consid\u00e9r\u00e9es depuis toujours pr\u00e9cieuses et investies d\u2019une forte signification symbolique.","robots":{"index":"index","follow":"follow","max-snippet":"max-snippet:-1","max-image-preview":"max-image-preview:large","max-video-preview":"max-video-preview:-1"},"canonical":"https:\/\/blog.holyart.it\/fr\/occasions-speciales\/que-sont-les-perles-deau-douce\/","og_locale":"fr_FR","og_type":"article","og_title":"Que sont les perles d\u2019eau douce ? - Holyart.fr Blog","og_description":"Les perles d\u2019eau douce sont consid\u00e9r\u00e9es depuis toujours pr\u00e9cieuses et investies d\u2019une forte signification symbolique.","og_url":"https:\/\/blog.holyart.it\/fr\/occasions-speciales\/que-sont-les-perles-deau-douce\/","og_site_name":"Holyart.fr Blog","article_published_time":"2025-05-07T15:54:15+00:00","article_modified_time":"2025-09-17T13:54:16+00:00","og_image":[{"width":1000,"height":666,"url":"https:\/\/blog.holyart.it\/fr\/wp-content\/uploads\/sites\/14\/2025\/03\/perles-deau-douce.jpg","type":"image\/jpeg"}],"author":"Redazione","twitter_card":"summary_large_image","twitter_misc":{"\u00c9crit par":"Redazione","Dur\u00e9e de lecture estim\u00e9e":"9 minutes"},"schema":{"@context":"https:\/\/schema.org","@graph":[{"@type":"Article","@id":"https:\/\/blog.holyart.it\/fr\/occasions-speciales\/que-sont-les-perles-deau-douce\/#article","isPartOf":{"@id":"https:\/\/blog.holyart.it\/fr\/occasions-speciales\/que-sont-les-perles-deau-douce\/"},"author":{"name":"Redazione","@id":"https:\/\/blog.holyart.it\/fr\/#\/schema\/person\/0a7b686e5af0f856ec1e390dd0baecda"},"headline":"Que sont les perles d\u2019eau douce ?","datePublished":"2025-05-07T15:54:15+00:00","dateModified":"2025-09-17T13:54:16+00:00","mainEntityOfPage":{"@id":"https:\/\/blog.holyart.it\/fr\/occasions-speciales\/que-sont-les-perles-deau-douce\/"},"wordCount":1553,"publisher":{"@id":"https:\/\/blog.holyart.it\/fr\/#organization"},"image":{"@id":"https:\/\/blog.holyart.it\/fr\/occasions-speciales\/que-sont-les-perles-deau-douce\/#primaryimage"},"thumbnailUrl":"https:\/\/blog.holyart.it\/fr\/wp-content\/uploads\/sites\/14\/2025\/03\/perles-deau-douce.jpg","articleSection":["Occasions sp\u00e9ciales"],"inLanguage":"fr-FR"},{"@type":"WebPage","@id":"https:\/\/blog.holyart.it\/fr\/occasions-speciales\/que-sont-les-perles-deau-douce\/","url":"https:\/\/blog.holyart.it\/fr\/occasions-speciales\/que-sont-les-perles-deau-douce\/","name":"Que sont les perles d\u2019eau douce ? - Holyart.fr Blog","isPartOf":{"@id":"https:\/\/blog.holyart.it\/fr\/#website"},"primaryImageOfPage":{"@id":"https:\/\/blog.holyart.it\/fr\/occasions-speciales\/que-sont-les-perles-deau-douce\/#primaryimage"},"image":{"@id":"https:\/\/blog.holyart.it\/fr\/occasions-speciales\/que-sont-les-perles-deau-douce\/#primaryimage"},"thumbnailUrl":"https:\/\/blog.holyart.it\/fr\/wp-content\/uploads\/sites\/14\/2025\/03\/perles-deau-douce.jpg","datePublished":"2025-05-07T15:54:15+00:00","dateModified":"2025-09-17T13:54:16+00:00","description":"Les perles d\u2019eau douce sont consid\u00e9r\u00e9es depuis toujours pr\u00e9cieuses et investies d\u2019une forte signification symbolique.","breadcrumb":{"@id":"https:\/\/blog.holyart.it\/fr\/occasions-speciales\/que-sont-les-perles-deau-douce\/#breadcrumb"},"inLanguage":"fr-FR","potentialAction":[{"@type":"ReadAction","target":["https:\/\/blog.holyart.it\/fr\/occasions-speciales\/que-sont-les-perles-deau-douce\/"]}]},{"@type":"ImageObject","inLanguage":"fr-FR","@id":"https:\/\/blog.holyart.it\/fr\/occasions-speciales\/que-sont-les-perles-deau-douce\/#primaryimage","url":"https:\/\/blog.holyart.it\/fr\/wp-content\/uploads\/sites\/14\/2025\/03\/perles-deau-douce.jpg","contentUrl":"https:\/\/blog.holyart.it\/fr\/wp-content\/uploads\/sites\/14\/2025\/03\/perles-deau-douce.jpg","width":1000,"height":666,"caption":"Perles d'eau douce"},{"@type":"BreadcrumbList","@id":"https:\/\/blog.holyart.it\/fr\/occasions-speciales\/que-sont-les-perles-deau-douce\/#breadcrumb","itemListElement":[{"@type":"ListItem","position":1,"name":"Homepage","item":"https:\/\/blog.holyart.it\/fr\/"},{"@type":"ListItem","position":2,"name":"Occasions sp\u00e9ciales","item":"https:\/\/blog.holyart.it\/fr\/occasions-speciales\/"},{"@type":"ListItem","position":3,"name":"Que sont les perles d\u2019eau douce ?"}]},{"@type":"WebSite","@id":"https:\/\/blog.holyart.it\/fr\/#website","url":"https:\/\/blog.holyart.it\/fr\/","name":"Holyart.fr Blog","description":"Holyblog","publisher":{"@id":"https:\/\/blog.holyart.it\/fr\/#organization"},"potentialAction":[{"@type":"SearchAction","target":{"@type":"EntryPoint","urlTemplate":"https:\/\/blog.holyart.it\/fr\/?s={search_term_string}"},"query-input":{"@type":"PropertyValueSpecification","valueRequired":true,"valueName":"search_term_string"}}],"inLanguage":"fr-FR"},{"@type":"Organization","@id":"https:\/\/blog.holyart.it\/fr\/#organization","name":"Holyart.fr Blog","url":"https:\/\/blog.holyart.it\/fr\/","logo":{"@type":"ImageObject","inLanguage":"fr-FR","@id":"https:\/\/blog.holyart.it\/fr\/#\/schema\/logo\/image\/","url":"https:\/\/blog.holyart.it\/fr\/wp-content\/uploads\/sites\/14\/2022\/12\/Holyart_Blog_Logo.jpg","contentUrl":"https:\/\/blog.holyart.it\/fr\/wp-content\/uploads\/sites\/14\/2022\/12\/Holyart_Blog_Logo.jpg","width":300,"height":50,"caption":"Holyart.fr Blog"},"image":{"@id":"https:\/\/blog.holyart.it\/fr\/#\/schema\/logo\/image\/"}},{"@type":"Person","@id":"https:\/\/blog.holyart.it\/fr\/#\/schema\/person\/0a7b686e5af0f856ec1e390dd0baecda","name":"Redazione","image":{"@type":"ImageObject","inLanguage":"fr-FR","@id":"https:\/\/blog.holyart.it\/fr\/#\/schema\/person\/image\/","url":"https:\/\/secure.gravatar.com\/avatar\/f477da817f43e50d0af36abecd33e3edf826c68299714bdc1057dff3b113f516?s=96&d=mm&r=g","contentUrl":"https:\/\/secure.gravatar.com\/avatar\/f477da817f43e50d0af36abecd33e3edf826c68299714bdc1057dff3b113f516?s=96&d=mm&r=g","caption":"Redazione"},"url":"https:\/\/blog.holyart.it\/fr\/author\/admin\/"}]}},"_links":{"self":[{"href":"https:\/\/blog.holyart.it\/fr\/wp-json\/wp\/v2\/posts\/10169","targetHints":{"allow":["GET"]}}],"collection":[{"href":"https:\/\/blog.holyart.it\/fr\/wp-json\/wp\/v2\/posts"}],"about":[{"href":"https:\/\/blog.holyart.it\/fr\/wp-json\/wp\/v2\/types\/post"}],"author":[{"embeddable":true,"href":"https:\/\/blog.holyart.it\/fr\/wp-json\/wp\/v2\/users\/1"}],"replies":[{"embeddable":true,"href":"https:\/\/blog.holyart.it\/fr\/wp-json\/wp\/v2\/comments?post=10169"}],"version-history":[{"count":11,"href":"https:\/\/blog.holyart.it\/fr\/wp-json\/wp\/v2\/posts\/10169\/revisions"}],"predecessor-version":[{"id":10210,"href":"https:\/\/blog.holyart.it\/fr\/wp-json\/wp\/v2\/posts\/10169\/revisions\/10210"}],"wp:featuredmedia":[{"embeddable":true,"href":"https:\/\/blog.holyart.it\/fr\/wp-json\/wp\/v2\/media\/10170"}],"wp:attachment":[{"href":"https:\/\/blog.holyart.it\/fr\/wp-json\/wp\/v2\/media?parent=10169"}],"wp:term":[{"taxonomy":"category","embeddable":true,"href":"https:\/\/blog.holyart.it\/fr\/wp-json\/wp\/v2\/categories?post=10169"},{"taxonomy":"post_tag","embeddable":true,"href":"https:\/\/blog.holyart.it\/fr\/wp-json\/wp\/v2\/tags?post=10169"}],"curies":[{"name":"wp","href":"https:\/\/api.w.org\/{rel}","templated":true}]}}