{"id":10151,"date":"2025-05-05T15:33:53","date_gmt":"2025-05-05T13:33:53","guid":{"rendered":"https:\/\/blog.holyart.it\/fr\/?p=10151"},"modified":"2026-04-22T09:45:12","modified_gmt":"2026-04-22T07:45:12","slug":"ascension-du-seigneur-la-signification-de-la-fete","status":"publish","type":"post","link":"https:\/\/blog.holyart.it\/fr\/paques\/ascension-du-seigneur-la-signification-de-la-fete\/","title":{"rendered":"Ascension du Seigneur : la signification de la f\u00eate"},"content":{"rendered":"<h4>L\u2019Ascension du Seigneur repr\u00e9sente le moment o\u00f9 J\u00e9sus se d\u00e9tache de la Terre et de ses disciples, en laissant Sa forme humaine pour monter au Ciel. Voici pourquoi elle est si importante.<\/h4>\n\n<p>Quarante jours apr\u00e8s le temps de P\u00e2ques, l\u2019\u00c9glise catholique c\u00e9l\u00e8bre l\u2019<a href=\"https:\/\/www.holyart.fr\/search?params=%7B%22search%22%3A%22ascension%22%7D&amp;search=ascension\"><strong>Ascension de J\u00e9sus au Ciel<\/strong><\/a>, qui rappelle justement la <strong>mont\u00e9e au Ciel de Christ<\/strong> et la <strong>fin de Son temps dans le monde<\/strong>. Il s\u2019agit d\u2019une des <strong>f\u00eates de pr\u00e9cepte catholiques<\/strong>, i.e. un des jours o\u00f9, selon le Droit Canonique, \u00ab\u00a0<em>les fid\u00e8les sont tenus par l\u2019obligation de participer \u00e0 la Messe ; de plus, ils s\u2019abstiendront de ces travaux et de ces affaires qui emp\u00eachent le culte d\u00fb \u00e0 Dieu, la joie propre au jour du Seigneur ou la d\u00e9tente convenable de l\u2019esprit et du corps<\/em>\u00a0\u00bb (Code de Droit Canonique, canon 1247).<\/p>\n<div class=\"link-product\">\n<div class=\"blocco-immagine\"><img loading=\"lazy\" decoding=\"async\" class=\"size-full wp-image-10155 alignleft\" src=\"https:\/\/blog.holyart.it\/fr\/wp-content\/uploads\/sites\/14\/2025\/03\/icone-imprimee-terre-cuite-ascension-sainte-trinite.jpg\" alt=\"Ascension du Seigneur\" width=\"100\" height=\"100\" data-kale-share-title=\"Ascension du Seigneur : la signification de la f\u00eate\" data-kale-share-url=\"https:\/\/blog.holyart.it\/fr\/?p=10151\" \/><\/div>\n<div class=\"blocco-contenuto\">\n<div class=\"blocco-acquista\">Acheter sur Holyart:<\/div>\n<div class=\"blocco-titolo\"><a href=\"https:\/\/www.holyart.fr\/search?params=%7B%22search%22%3A%22ascension%22%7D&amp;search=ascension\">Ascension du Seigneur<\/a><\/div>\n<div class=\"blocco-descrizione\">Tableaux, gravures, manuscrits, pendentifs, crucifixes, images et m\u00e9dailles<\/div>\n<\/div>\n<\/div>\n<p>Cette f\u00eate, qui est \u00e9galement l\u2019<strong>avant-derni\u00e8re du <a href=\"https:\/\/www.holyart.fr\/occasions-speciales\/paques-et-careme\"><u>temps pascal<\/u> <\/a><\/strong>(la derni\u00e8re \u00e9tant la <strong>Pentec\u00f4te<\/strong>, c\u00e9l\u00e9br\u00e9e cinquante jours apr\u00e8s P\u00e2ques) s\u2019appelle proprement <strong>Ascension du Seigneur<\/strong>, <em>Ascensio Domini nostri Jesu Christi<\/em>. Bien que l\u2019Ascension soit liturgiquement plac\u00e9e <strong>le jeudi apr\u00e8s le cinqui\u00e8me dimanche suivant P\u00e2ques<\/strong>, l\u2019\u00c9glise catholique permet de postposer la c\u00e9l\u00e9bration au <strong>dimanche suivant<\/strong>, aussi parce que jusqu\u2019\u00e0 1977 en Italie il s\u2019agissait \u00e9galement d\u2019une f\u00eate civile.<\/p>\n<p>Dans sa longue histoire liturgique, l\u2019Ascension de Christ a vu se m\u00e9langer \u00e0 ses solennit\u00e9s et \u00e0 sa profonde signification religieuse de <strong>tr\u00e8s nombreuses traditions d\u00e9votionnelles populaires.<\/strong> L\u2019Ascension est de nouveau \u00e9voqu\u00e9e dans la <strong><em>Via Lucis<\/em><\/strong>, le rite liturgique-d\u00e9votionnel catholique qui rappelle et c\u00e9l\u00e8bre les \u00e9v\u00e9nements de la vie de Christ et de l\u2019\u00c9glise naissante de la R\u00e9surrection de J\u00e9sus \u00e0 la Pentec\u00f4te et de laquelle l\u2019Ascension repr\u00e9sente la douzi\u00e8me station, et dans les myst\u00e8res glorieux du <a href=\"https:\/\/www.holyart.fr\/articles-religieux\/chapelets-et-etuis-a-chapelet\"><strong>Saint Rosaire<\/strong><\/a>.<\/p>\n<div class=\"link-product\">\n<div class=\"blocco-immagine\"><img loading=\"lazy\" decoding=\"async\" class=\"size-full wp-image-10157 alignleft\" src=\"https:\/\/blog.holyart.it\/fr\/wp-content\/uploads\/sites\/14\/2025\/03\/coffret-tableau-jubile-bois-et-chapelet-bois-rouge.jpg\" alt=\"Coffret tableau jubil\u00e8\u00e8 bois et chapelet bois rouge\" width=\"100\" height=\"100\" data-kale-share-title=\"Ascension du Seigneur : la signification de la f\u00eate\" data-kale-share-url=\"https:\/\/blog.holyart.it\/fr\/?p=10151\" \/><\/div>\n<div class=\"blocco-contenuto\">\n<div class=\"blocco-acquista\">Acheter sur Holyart:<\/div>\n<div class=\"blocco-titolo\"><a href=\"https:\/\/www.holyart.fr\/articles-religieux\/chapelets-et-etuis-a-chapelet\">Chapelets et \u00e9tuis \u00e0 chapelet<\/a><\/div>\n<div class=\"blocco-descrizione\">Pr\u00e9cieux, \u00e9l\u00e9gants, simples ou de collection : tous les chapelets sont diff\u00e9rents<\/div>\n<\/div>\n<\/div>\n<p>La <strong>liturgie<\/strong> de la solennit\u00e9 de l\u2019Ascension du Seigneur s\u2019ouvre avec l\u2019intro\u00eft <strong><em>Viri Galilaei<\/em><\/strong>, qui revient \u00e0 plusieurs reprises dans la c\u00e9l\u00e9bration. Il est con\u00e7u selon le 7e mode, le <em>tetrardus authenticus<\/em> (le chant gr\u00e9gorien a une base tonale constitu\u00e9e de huit tonalit\u00e9s ou modes eccl\u00e9siastiques), d\u00e9fini <strong>ang\u00e9lique<\/strong>, et utilis\u00e9 pour d\u00e9crire vols et explosions de joie.<\/p>\n<p><em>\u00ab\u00a0Viri Galil\u00e6i,<\/em><br \/>\n<em>quid admir\u00e1mini aspici\u00e9ntes in c\u00e6lum?<\/em><br \/>\n<em>Quem\u00e1dmodum vid\u00edstis eum<\/em><br \/>\n<em>ascend\u00e9ntem in c\u00e6lum, ita v\u00e9niet,<\/em><br \/>\n<em>all\u00e9luia.\u00a0\u00bb<\/em><\/p>\n<p>\u00ab\u00a0Hommes de Galil\u00e9e, pourquoi vous arr\u00eatez-vous \u00e0 regarder au ciel\u00a0?<\/p>\n<p>Ce J\u00e9sus, qui a \u00e9t\u00e9 enlev\u00e9 au ciel du milieu de vous,<\/p>\n<p>viendra de la m\u00eame mani\u00e8re que vous l\u2019avez vu allant au ciel.<\/p>\n<p>All\u00e9luia.\u00a0\u00bb<\/p>\n<p>(Actes 1,11)<\/p>\n<p>L\u2019<strong>\u00c9glise orthodoxe <\/strong>aussi c\u00e9l\u00e8bre l\u2019Ascension, qui est une des 12 grandes f\u00eates, tandis que pour l\u2019<strong>\u00c9glise luth\u00e9rienne <\/strong>elle est une des festivit\u00e9s principales du calendrier des saints.<\/p>\n<h2>Qu\u2019est-ce que \u00e7a signifie Ascension du Seigneur ?<\/h2>\n<p>L\u2019<a href=\"https:\/\/www.holyart.fr\/articles-religieux\/bas-reliefs\/bas-reliefs-en-pierre\/ascension-bas-relief-pierre-bethleem\"><strong>Ascension<\/strong><\/a> repr\u00e9sente un moment fondamental pour la Chr\u00e9tient\u00e9 et pour la figure de J\u00e9sus-Christ en particulier. C\u2019est le moment o\u00f9 <strong>Il cesse d\u2019\u00eatre J\u00e9sus Homme<\/strong>, pr\u00eacheur, faiseur de miracles, ami des Ap\u00f4tres et leur compagnon de vie. \u00c0 l\u2019instant o\u00f9 Il ressuscite et monte au Ciel afin d\u2019occuper la place qui lui est due \u00e0 la droite du P\u00e8re, il continue de rester proche de ses disciples et de tous les hommes, mais d\u2019une mani\u00e8re compl\u00e8tement nouvelle. J\u00e9sus n\u2019est plus sur la Terre, ne fait plus partie des affaires humaines, mais il reviendra pour le <strong>Jugement Final<\/strong>, Sa Deuxi\u00e8me venue\u00a0: la <em>Parus\u00eca<\/em>.<\/p>\n<div class=\"link-product\">\n<div class=\"blocco-immagine\"><img loading=\"lazy\" decoding=\"async\" class=\"size-full wp-image-10160 alignleft\" src=\"https:\/\/blog.holyart.it\/fr\/wp-content\/uploads\/sites\/14\/2025\/03\/bas-relief-argent-bilamine-ascension-de-jesus-christ-10x7-cm.jpg\" alt=\"Bas Relief argent bilamine Ascension de Jesus Christ\" width=\"100\" height=\"100\" data-kale-share-title=\"Ascension du Seigneur : la signification de la f\u00eate\" data-kale-share-url=\"https:\/\/blog.holyart.it\/fr\/?p=10151\" \/><\/div>\n<div class=\"blocco-contenuto\">\n<div class=\"blocco-acquista\">Acheter sur Holyart:<\/div>\n<div class=\"blocco-titolo\"><a href=\"https:\/\/www.holyart.fr\/articles-religieux\/bas-reliefs\/bas-reliefs-en-argent\/bas-relief-argent-bilamine-ascension-de-jesus-christ-10x7-cm\">Bas-relief argent bilamin\u00e9 Ascension de J\u00e9sus-Christ 10&#215;7 cm<\/a><\/div>\n<div class=\"blocco-descrizione\">Planche en bois avec bas-relief en argent bilamin\u00e9 trait\u00e9 contre l&rsquo;oxydation \u00e0 la surface brillante et satin\u00e9.<\/div>\n<\/div>\n<\/div>\n<p>Avec l\u2019Ascension, cessent \u00e9galement les <strong>apparitions de J\u00e9sus<\/strong>, advenues apr\u00e8s la R\u00e9surrection, et est proclam\u00e9 le sens ultime de la R\u00e9surrection elle-m\u00eame, qui n\u2019est pas uniquement de la chair : quiconque sera sauv\u00e9 \u00e0 la fin des temps, montera au Ciel.<\/p>\n<h2>Les origines de la festivit\u00e9 de l\u2019Ascension<\/h2>\n<p>Les origines de cette f\u00eate sont anciennes. Elle est d\u00e9crite dans les <a href=\"https:\/\/www.holyart.fr\/articles-religieux\/livres-sacres\/evangiles\"><strong>\u00c9vangiles<\/strong><\/a><strong> de Marc<\/strong> et <strong>Luc<\/strong> et dans les <strong>Actes des Ap\u00f4tres<\/strong>\u00a0:<\/p>\n<p><em>Le Seigneur, apr\u00e8s leur avoir parl\u00e9, fut <strong>enlev\u00e9 au ciel, et il s\u2019assit \u00e0 la droite de Dieu<\/strong>. Et ils s\u2019en all\u00e8rent pr\u00eacher partout. Le Seigneur travaillait avec eux, et confirmait la parole par les miracles qui l\u2019accompagnaient.<\/em> (Marc 16,19-20)<\/p>\n<p><em>Et il leur dit : Ainsi il est \u00e9crit que le Christ souffrirait, et qu\u2019il ressusciterait des morts le troisi\u00e8me jour, et que la repentance et le pardon des p\u00e9ch\u00e9es seraient pr\u00each\u00e9s en son nom \u00e0 toutes les nations, \u00e0 commencer par J\u00e9rusalem. Vous \u00eates t\u00e9moins de ces choses. Et voici, j\u2019enverrai sur vous ce que mon P\u00e8re a promis ; mais vous, restez dans la ville jusqu\u2019\u00e0 ce que vous soyez rev\u00eatus de la puissance d\u2019en haut. Il les conduisit jusque vers B\u00e9thanie, et, ayant lev\u00e9 les mains, il les b\u00e9nit. Pendant qu\u2019il les b\u00e9nissait<strong>, il se s\u00e9para d\u2019eux, et fut enlev\u00e9 au ciel<\/strong>. Pour eux, apr\u00e8s l\u2019avoir ador\u00e9, ils retourn\u00e8rent \u00e0 J\u00e9rusalem avec une grande joie ; et ils \u00e9taient continuellement dans le temple, louant et b\u00e9nissant Dieu<\/em> (Luc 24,46-53)<\/p>\n<p><em>Alors les ap\u00f4tres r\u00e9unis lui demand\u00e8rent : Seigneur, est-ce en ce temps que tu r\u00e9tabliras le royaume d\u2019Isra\u00ebl\u00a0? Il leur r\u00e9pondit : Ce n\u2019est pas \u00e0 vous de conna\u00eetre les temps ou les moments que le P\u00e8re a fix\u00e9s de sa propre autorit\u00e9. Mais vous recevrez une puissance, le Saint-Esprit, survenant sur vous, et vous serez mes t\u00e9moins \u00e0 J\u00e9rusalem, dans toute la Jud\u00e9e, dans la Samarie, et jusqu\u2019aux extr\u00e9mit\u00e9s de la terre. Apr\u00e8s avoir dit cela, <strong>il fut \u00e9lev\u00e9 pendant qu\u2019ils le regardaient, et une nu\u00e9e le d\u00e9roba \u00e0 leurs yeux<\/strong>. Et comme ils avaient les regards fix\u00e9s vers le ciel pendant qu\u2019il s\u2019en allait, voici deux hommes v\u00eatus de blanc leur apparurent, et dirent\u00a0: Hommes de Galil\u00e9e, pourquoi vous arr\u00eatez-vous \u00e0 regarder au ciel\u00a0? <strong>Ce J\u00e9sus, qui a \u00e9t\u00e9 enlev\u00e9 au ciel du milieu de vous, viendra de la m\u00eame mani\u00e8re que vous l\u2019avez vu allant au ciel<\/strong>\u00a0<\/em>(Actes 1,6-11).<\/p>\n<p><strong>Saint Augustin<\/strong> parlait de l\u2019<em>Ascensio Domini in coelum <\/em>comme d\u2019une pratique institu\u00e9e m\u00eame par les Ap\u00f4tres ou tout de suite apr\u00e8s, et d\u00e9j\u00e0 r\u00e9pandue \u00e0 son \u00e9poque \u00ab\u00a0<em>Toto terrarum orbe<\/em>\u00a0\u00bb, dans tout le monde connu.<\/p>\n<p>Il est probable que dans le pass\u00e9 cette f\u00eate co\u00efncidait avec celle de Pentec\u00f4te, et que les deux \u00e9v\u00e9nements \u00e9taient comm\u00e9mor\u00e9s ensemble.<\/p>\n<p>Le premier t\u00e9moignage de la c\u00e9l\u00e9bration de l\u2019Ascension \u00e0 <strong>Rome<\/strong>, quarante jours apr\u00e8s P\u00e2ques, remonte \u00e0 <strong>Pape L\u00e9on le Grand<\/strong> (440-461 apr. J.-C.).<\/p>\n<p>Ce fut <strong>Pie V<\/strong> (1566) par contre qui fixa en cette occasion le retrait du <a href=\"https:\/\/www.holyart.fr\/produits-de-consommation\/bougies-cierges-chandelles?page=1&amp;params=%7B%22offset%22:0,%22limit%22:60,%22filters%22:%5B%5D,%22sorter%22:%22YEAR_BEST_SELLERS%22,%22categoryIds%22:%5B105073%5D,%22filtersByIds%22:%5B%7B%22key%22:99,%22values%22:%5B2593%5D%7D%5D%7D\"><strong>cierge pascal<\/strong><\/a> allum\u00e9 au d\u00e9but de la solennelle Veill\u00e9e pascale, qui, dans le pass\u00e9, \u00e9tait \u00e9teint le jour de la <a href=\"https:\/\/www.holyart.fr\/blog\/articles-religieux\/dimanche-in-albis-que-rappelle-t-il-et-quelle-est-la-signification-religieuse-de-cette-journee\/\"><strong><em>Domenica in albis<\/em><\/strong><\/a>, le dimanche qui referme l\u2019Octave de P\u00e2ques. Aujourd\u2019hui, le cierge pascal reste par contre allum\u00e9 pr\u00e8s de l\u2019ambon jusqu\u2019\u00e0 la Pentec\u00f4te.<\/p>\n<div class=\"link-article\">\n<p><img loading=\"lazy\" decoding=\"async\" class=\"size-full wp-image-10162 alignleft\" src=\"https:\/\/blog.holyart.it\/fr\/wp-content\/uploads\/sites\/14\/2025\/03\/dimanche-en-albis.jpg\" alt=\"Dimanche en albis\" width=\"150\" height=\"99\" data-kale-share-title=\"Ascension du Seigneur : la signification de la f\u00eate\" data-kale-share-url=\"https:\/\/blog.holyart.it\/fr\/?p=10151\" \/><\/p>\n<div class=\"leggi-anche\">Lire aussi :<\/div>\n<p><strong><a href=\"https:\/\/www.holyart.fr\/blog\/articles-religieux\/dimanche-in-albis-que-rappelle-t-il-et-quelle-est-la-signification-religieuse-de-cette-journee\/\">Dimanche in Albis: que rappelle-t-il et quelle est la signification religieuse de cette journ\u00e9\u00e8<\/a><\/strong><br \/>\nLa c\u00e9lebration reunit traditions tr\u00e9s antiques<\/p>\n<\/div>\n<h2>La diff\u00e9rence entre Ascension et Pentec\u00f4te<\/h2>\n<p>Ascension et Pentec\u00f4te repr\u00e9sentent donc la fin du Temps pascal, soit-il sur le plan temporel-chronologique, que sur le plan symbolique. Pour les disciples de J\u00e9sus, elles repr\u00e9sentent un <em>continuum<\/em> de pr\u00e9paration : \u00e0 partir de l\u2019Ascension, ils commenc\u00e8rent \u00e0 se pr\u00e9parer pour la mission que Christ leur confiera via le <a href=\"https:\/\/www.holyart.fr\/articles-religieux\/cadeaux-et-souvenirs-pour-les-occasions-speciales\/saint-esprit-avec-rayons-5-5-cm-bois-val-gardena-avec-etui\"><strong>Saint-Esprit<\/strong><\/a> \u00e0 la Pentec\u00f4te.<\/p>\n<div class=\"link-product\">\n<div class=\"blocco-immagine\"><img loading=\"lazy\" decoding=\"async\" class=\"size-full wp-image-10164 alignleft\" src=\"https:\/\/blog.holyart.it\/fr\/wp-content\/uploads\/sites\/14\/2025\/03\/saint-esprit-avec-rayons-5-5-cm-bois-val-gardena-avec-etui.jpg\" alt=\"Saint Esprit avec rayons \" width=\"100\" height=\"100\" data-kale-share-title=\"Ascension du Seigneur : la signification de la f\u00eate\" data-kale-share-url=\"https:\/\/blog.holyart.it\/fr\/?p=10151\" \/><\/div>\n<div class=\"blocco-contenuto\">\n<div class=\"blocco-acquista\">Acheter sur Holyart:<\/div>\n<div class=\"blocco-titolo\"><a href=\"https:\/\/www.holyart.fr\/articles-religieux\/cadeaux-et-souvenirs-pour-les-occasions-speciales\/saint-esprit-avec-rayons-5-5-cm-bois-val-gardena-avec-etui\">Saint Esprit avec rayons 5,5 cm bois Val Gardena avec \u00e9tui<\/a><\/div>\n<div class=\"blocco-descrizione\">Sculpture repr\u00e9sentant le Saint Esprit entour\u00e9 de rayons de lumi\u00e8re, r\u00e9alis\u00e9e en bois d&rsquo;\u00e9rable et peinte \u00e0 la main.<\/div>\n<\/div>\n<\/div>\n<p>Nous avons vu comment l\u2019<strong>Ascension <\/strong>est c\u00e9l\u00e9br\u00e9e partout dans le monde depuis le IVe si\u00e8cle, quarante jours apr\u00e8s P\u00e2ques.<\/p>\n<p>La <strong>Pentec\u00f4te<\/strong>, par contre, c\u00e9l\u00e8bre la <strong>descente du Saint-Esprit<\/strong>, troisi\u00e8me personne de la Tr\u00e8s-Sainte Trinit\u00e9, advenue apr\u00e8s la R\u00e9surrection de J\u00e9sus, et, d\u2019une certaine mani\u00e8re, <strong>repr\u00e9sente la naissance m\u00eame de l\u2019\u00c9glise<\/strong>. Au d\u00e9but, il s\u2019agissait d\u2019une f\u00eate <strong>uniquement orientale<\/strong> solennelle, en l\u2019honneur du Saint-Esprit, et elle comprenait la p\u00e9riode de cinquante jours apr\u00e8s P\u00e2ques. Elle durait huit jours, au cours desquels le Bapt\u00eame \u00e9tait donn\u00e9. C\u2019est seulement entre le VIIIe et le IXe si\u00e8cle que l\u2019on commen\u00e7a \u00e0 la f\u00eater en <strong>Occident<\/strong> aussi. Jusqu\u2019\u00e0 1969, on continua de f\u00eater la Pentec\u00f4te pendant huit jours, m\u00eame si les jours f\u00e9ri\u00e9s furent progressivement r\u00e9duits. Le lundi fut \u00e9limin\u00e9 en Italie au d\u00e9but du XXe si\u00e8cle.<\/p>\n<div class=\"link-article\">\n<p><img loading=\"lazy\" decoding=\"async\" class=\"size-full wp-image-10167 alignleft\" src=\"https:\/\/blog.holyart.it\/fr\/wp-content\/uploads\/sites\/14\/2025\/03\/Pentecote.jpg\" alt=\"Pentecoste\" width=\"150\" height=\"100\" data-kale-share-title=\"Ascension du Seigneur : la signification de la f\u00eate\" data-kale-share-url=\"https:\/\/blog.holyart.it\/fr\/?p=10151\" \/><\/p>\n<div class=\"leggi-anche\">Lire aussi :<\/div>\n<p><strong><a href=\"https:\/\/www.holyart.fr\/blog\/accessoires-pour-la-liturgie\/a-loccasion-de-la-pentecote-priez-marie-qui-defait-les-noeuds\/\">A l\u2019occasion de la Pentec\u00f4te, priez Marie qui d\u00e9fait les n\u0153uds<\/a><\/strong><br \/>\n50 jours apr\u00e8s P\u00e2ques, on f\u00eate la Pentec\u00f4te, qui rappelle la descente du Saint-Esprit sur les disciples et le d\u00e9but de la mission de l\u2019\u00c9glise.<\/p>\n<\/div>\n","protected":false},"excerpt":{"rendered":"<p>L\u2019Ascension du Seigneur repr\u00e9sente le moment o\u00f9 J\u00e9sus se d\u00e9tache de la Terre et de ses disciples, en laissant Sa forme humaine pour monter au Ciel. Voici pourquoi elle est si importante. Quarante jours apr\u00e8s le temps de P\u00e2ques, l\u2019\u00c9glise catholique c\u00e9l\u00e8bre l\u2019Ascension de J\u00e9sus&hellip;<\/p>\n","protected":false},"author":1,"featured_media":10152,"comment_status":"closed","ping_status":"open","sticky":false,"template":"","format":"standard","meta":{"_acf_changed":false,"footnotes":""},"categories":[14],"tags":[],"class_list":["post-10151","post","type-post","status-publish","format-standard","has-post-thumbnail","hentry","category-paques"],"acf":[],"yoast_head":"<!-- This site is optimized with the Yoast SEO plugin v26.6 - https:\/\/yoast.com\/wordpress\/plugins\/seo\/ -->\n<title>Ascension du Seigneur : la signification de la f\u00eate - Holyart.fr Blog<\/title>\n<meta name=\"description\" content=\"L\u2019Ascension du Seigneur est la derni\u00e8re \u00e9tape de la mission de J\u00e9sus sur terre et le pr\u00e9lude \u00e0 la naissance de Son \u00c9glise.\" \/>\n<meta name=\"robots\" content=\"index, follow, max-snippet:-1, max-image-preview:large, max-video-preview:-1\" \/>\n<link rel=\"canonical\" href=\"https:\/\/blog.holyart.it\/fr\/paques\/ascension-du-seigneur-la-signification-de-la-fete\/\" \/>\n<meta property=\"og:locale\" content=\"fr_FR\" \/>\n<meta property=\"og:type\" content=\"article\" \/>\n<meta property=\"og:title\" content=\"Ascension du Seigneur : la signification de la f\u00eate - Holyart.fr Blog\" \/>\n<meta property=\"og:description\" content=\"L\u2019Ascension du Seigneur est la derni\u00e8re \u00e9tape de la mission de J\u00e9sus sur terre et le pr\u00e9lude \u00e0 la naissance de Son \u00c9glise.\" \/>\n<meta property=\"og:url\" content=\"https:\/\/blog.holyart.it\/fr\/paques\/ascension-du-seigneur-la-signification-de-la-fete\/\" \/>\n<meta property=\"og:site_name\" content=\"Holyart.fr Blog\" \/>\n<meta property=\"article:published_time\" content=\"2025-05-05T13:33:53+00:00\" \/>\n<meta property=\"article:modified_time\" content=\"2026-04-22T07:45:12+00:00\" \/>\n<meta property=\"og:image\" content=\"https:\/\/blog.holyart.it\/fr\/wp-content\/uploads\/sites\/14\/2025\/03\/Ascension-du-Seigneur.jpg\" \/>\n\t<meta property=\"og:image:width\" content=\"1000\" \/>\n\t<meta property=\"og:image:height\" content=\"666\" \/>\n\t<meta property=\"og:image:type\" content=\"image\/jpeg\" \/>\n<meta name=\"author\" content=\"Redazione\" \/>\n<meta name=\"twitter:card\" content=\"summary_large_image\" \/>\n<meta name=\"twitter:label1\" content=\"\u00c9crit par\" \/>\n\t<meta name=\"twitter:data1\" content=\"Redazione\" \/>\n\t<meta name=\"twitter:label2\" content=\"Dur\u00e9e de lecture estim\u00e9e\" \/>\n\t<meta name=\"twitter:data2\" content=\"9 minutes\" \/>\n<script type=\"application\/ld+json\" class=\"yoast-schema-graph\">{\"@context\":\"https:\/\/schema.org\",\"@graph\":[{\"@type\":\"Article\",\"@id\":\"https:\/\/blog.holyart.it\/fr\/paques\/ascension-du-seigneur-la-signification-de-la-fete\/#article\",\"isPartOf\":{\"@id\":\"https:\/\/blog.holyart.it\/fr\/paques\/ascension-du-seigneur-la-signification-de-la-fete\/\"},\"author\":{\"name\":\"Redazione\",\"@id\":\"https:\/\/blog.holyart.it\/fr\/#\/schema\/person\/0a7b686e5af0f856ec1e390dd0baecda\"},\"headline\":\"Ascension du Seigneur : la signification de la f\u00eate\",\"datePublished\":\"2025-05-05T13:33:53+00:00\",\"dateModified\":\"2026-04-22T07:45:12+00:00\",\"mainEntityOfPage\":{\"@id\":\"https:\/\/blog.holyart.it\/fr\/paques\/ascension-du-seigneur-la-signification-de-la-fete\/\"},\"wordCount\":1670,\"publisher\":{\"@id\":\"https:\/\/blog.holyart.it\/fr\/#organization\"},\"image\":{\"@id\":\"https:\/\/blog.holyart.it\/fr\/paques\/ascension-du-seigneur-la-signification-de-la-fete\/#primaryimage\"},\"thumbnailUrl\":\"https:\/\/blog.holyart.it\/fr\/wp-content\/uploads\/sites\/14\/2025\/03\/Ascension-du-Seigneur.jpg\",\"articleSection\":[\"P\u00e2ques\"],\"inLanguage\":\"fr-FR\"},{\"@type\":\"WebPage\",\"@id\":\"https:\/\/blog.holyart.it\/fr\/paques\/ascension-du-seigneur-la-signification-de-la-fete\/\",\"url\":\"https:\/\/blog.holyart.it\/fr\/paques\/ascension-du-seigneur-la-signification-de-la-fete\/\",\"name\":\"Ascension du Seigneur : la signification de la f\u00eate - Holyart.fr Blog\",\"isPartOf\":{\"@id\":\"https:\/\/blog.holyart.it\/fr\/#website\"},\"primaryImageOfPage\":{\"@id\":\"https:\/\/blog.holyart.it\/fr\/paques\/ascension-du-seigneur-la-signification-de-la-fete\/#primaryimage\"},\"image\":{\"@id\":\"https:\/\/blog.holyart.it\/fr\/paques\/ascension-du-seigneur-la-signification-de-la-fete\/#primaryimage\"},\"thumbnailUrl\":\"https:\/\/blog.holyart.it\/fr\/wp-content\/uploads\/sites\/14\/2025\/03\/Ascension-du-Seigneur.jpg\",\"datePublished\":\"2025-05-05T13:33:53+00:00\",\"dateModified\":\"2026-04-22T07:45:12+00:00\",\"description\":\"L\u2019Ascension du Seigneur est la derni\u00e8re \u00e9tape de la mission de J\u00e9sus sur terre et le pr\u00e9lude \u00e0 la naissance de Son \u00c9glise.\",\"breadcrumb\":{\"@id\":\"https:\/\/blog.holyart.it\/fr\/paques\/ascension-du-seigneur-la-signification-de-la-fete\/#breadcrumb\"},\"inLanguage\":\"fr-FR\",\"potentialAction\":[{\"@type\":\"ReadAction\",\"target\":[\"https:\/\/blog.holyart.it\/fr\/paques\/ascension-du-seigneur-la-signification-de-la-fete\/\"]}]},{\"@type\":\"ImageObject\",\"inLanguage\":\"fr-FR\",\"@id\":\"https:\/\/blog.holyart.it\/fr\/paques\/ascension-du-seigneur-la-signification-de-la-fete\/#primaryimage\",\"url\":\"https:\/\/blog.holyart.it\/fr\/wp-content\/uploads\/sites\/14\/2025\/03\/Ascension-du-Seigneur.jpg\",\"contentUrl\":\"https:\/\/blog.holyart.it\/fr\/wp-content\/uploads\/sites\/14\/2025\/03\/Ascension-du-Seigneur.jpg\",\"width\":1000,\"height\":666,\"caption\":\"Ascension du Seigneur\"},{\"@type\":\"BreadcrumbList\",\"@id\":\"https:\/\/blog.holyart.it\/fr\/paques\/ascension-du-seigneur-la-signification-de-la-fete\/#breadcrumb\",\"itemListElement\":[{\"@type\":\"ListItem\",\"position\":1,\"name\":\"Homepage\",\"item\":\"https:\/\/blog.holyart.it\/fr\/\"},{\"@type\":\"ListItem\",\"position\":2,\"name\":\"P\u00e2ques\",\"item\":\"https:\/\/blog.holyart.it\/fr\/paques\/\"},{\"@type\":\"ListItem\",\"position\":3,\"name\":\"Ascension du Seigneur : la signification de la f\u00eate\"}]},{\"@type\":\"WebSite\",\"@id\":\"https:\/\/blog.holyart.it\/fr\/#website\",\"url\":\"https:\/\/blog.holyart.it\/fr\/\",\"name\":\"Holyart.fr Blog\",\"description\":\"Holyblog\",\"publisher\":{\"@id\":\"https:\/\/blog.holyart.it\/fr\/#organization\"},\"potentialAction\":[{\"@type\":\"SearchAction\",\"target\":{\"@type\":\"EntryPoint\",\"urlTemplate\":\"https:\/\/blog.holyart.it\/fr\/?s={search_term_string}\"},\"query-input\":{\"@type\":\"PropertyValueSpecification\",\"valueRequired\":true,\"valueName\":\"search_term_string\"}}],\"inLanguage\":\"fr-FR\"},{\"@type\":\"Organization\",\"@id\":\"https:\/\/blog.holyart.it\/fr\/#organization\",\"name\":\"Holyart.fr Blog\",\"url\":\"https:\/\/blog.holyart.it\/fr\/\",\"logo\":{\"@type\":\"ImageObject\",\"inLanguage\":\"fr-FR\",\"@id\":\"https:\/\/blog.holyart.it\/fr\/#\/schema\/logo\/image\/\",\"url\":\"https:\/\/blog.holyart.it\/fr\/wp-content\/uploads\/sites\/14\/2022\/12\/Holyart_Blog_Logo.jpg\",\"contentUrl\":\"https:\/\/blog.holyart.it\/fr\/wp-content\/uploads\/sites\/14\/2022\/12\/Holyart_Blog_Logo.jpg\",\"width\":300,\"height\":50,\"caption\":\"Holyart.fr Blog\"},\"image\":{\"@id\":\"https:\/\/blog.holyart.it\/fr\/#\/schema\/logo\/image\/\"}},{\"@type\":\"Person\",\"@id\":\"https:\/\/blog.holyart.it\/fr\/#\/schema\/person\/0a7b686e5af0f856ec1e390dd0baecda\",\"name\":\"Redazione\",\"image\":{\"@type\":\"ImageObject\",\"inLanguage\":\"fr-FR\",\"@id\":\"https:\/\/blog.holyart.it\/fr\/#\/schema\/person\/image\/\",\"url\":\"https:\/\/secure.gravatar.com\/avatar\/f477da817f43e50d0af36abecd33e3edf826c68299714bdc1057dff3b113f516?s=96&d=mm&r=g\",\"contentUrl\":\"https:\/\/secure.gravatar.com\/avatar\/f477da817f43e50d0af36abecd33e3edf826c68299714bdc1057dff3b113f516?s=96&d=mm&r=g\",\"caption\":\"Redazione\"},\"url\":\"https:\/\/blog.holyart.it\/fr\/author\/admin\/\"}]}<\/script>\n<!-- \/ Yoast SEO plugin. -->","yoast_head_json":{"title":"Ascension du Seigneur : la signification de la f\u00eate - Holyart.fr Blog","description":"L\u2019Ascension du Seigneur est la derni\u00e8re \u00e9tape de la mission de J\u00e9sus sur terre et le pr\u00e9lude \u00e0 la naissance de Son \u00c9glise.","robots":{"index":"index","follow":"follow","max-snippet":"max-snippet:-1","max-image-preview":"max-image-preview:large","max-video-preview":"max-video-preview:-1"},"canonical":"https:\/\/blog.holyart.it\/fr\/paques\/ascension-du-seigneur-la-signification-de-la-fete\/","og_locale":"fr_FR","og_type":"article","og_title":"Ascension du Seigneur : la signification de la f\u00eate - Holyart.fr Blog","og_description":"L\u2019Ascension du Seigneur est la derni\u00e8re \u00e9tape de la mission de J\u00e9sus sur terre et le pr\u00e9lude \u00e0 la naissance de Son \u00c9glise.","og_url":"https:\/\/blog.holyart.it\/fr\/paques\/ascension-du-seigneur-la-signification-de-la-fete\/","og_site_name":"Holyart.fr Blog","article_published_time":"2025-05-05T13:33:53+00:00","article_modified_time":"2026-04-22T07:45:12+00:00","og_image":[{"width":1000,"height":666,"url":"https:\/\/blog.holyart.it\/fr\/wp-content\/uploads\/sites\/14\/2025\/03\/Ascension-du-Seigneur.jpg","type":"image\/jpeg"}],"author":"Redazione","twitter_card":"summary_large_image","twitter_misc":{"\u00c9crit par":"Redazione","Dur\u00e9e de lecture estim\u00e9e":"9 minutes"},"schema":{"@context":"https:\/\/schema.org","@graph":[{"@type":"Article","@id":"https:\/\/blog.holyart.it\/fr\/paques\/ascension-du-seigneur-la-signification-de-la-fete\/#article","isPartOf":{"@id":"https:\/\/blog.holyart.it\/fr\/paques\/ascension-du-seigneur-la-signification-de-la-fete\/"},"author":{"name":"Redazione","@id":"https:\/\/blog.holyart.it\/fr\/#\/schema\/person\/0a7b686e5af0f856ec1e390dd0baecda"},"headline":"Ascension du Seigneur : la signification de la f\u00eate","datePublished":"2025-05-05T13:33:53+00:00","dateModified":"2026-04-22T07:45:12+00:00","mainEntityOfPage":{"@id":"https:\/\/blog.holyart.it\/fr\/paques\/ascension-du-seigneur-la-signification-de-la-fete\/"},"wordCount":1670,"publisher":{"@id":"https:\/\/blog.holyart.it\/fr\/#organization"},"image":{"@id":"https:\/\/blog.holyart.it\/fr\/paques\/ascension-du-seigneur-la-signification-de-la-fete\/#primaryimage"},"thumbnailUrl":"https:\/\/blog.holyart.it\/fr\/wp-content\/uploads\/sites\/14\/2025\/03\/Ascension-du-Seigneur.jpg","articleSection":["P\u00e2ques"],"inLanguage":"fr-FR"},{"@type":"WebPage","@id":"https:\/\/blog.holyart.it\/fr\/paques\/ascension-du-seigneur-la-signification-de-la-fete\/","url":"https:\/\/blog.holyart.it\/fr\/paques\/ascension-du-seigneur-la-signification-de-la-fete\/","name":"Ascension du Seigneur : la signification de la f\u00eate - Holyart.fr Blog","isPartOf":{"@id":"https:\/\/blog.holyart.it\/fr\/#website"},"primaryImageOfPage":{"@id":"https:\/\/blog.holyart.it\/fr\/paques\/ascension-du-seigneur-la-signification-de-la-fete\/#primaryimage"},"image":{"@id":"https:\/\/blog.holyart.it\/fr\/paques\/ascension-du-seigneur-la-signification-de-la-fete\/#primaryimage"},"thumbnailUrl":"https:\/\/blog.holyart.it\/fr\/wp-content\/uploads\/sites\/14\/2025\/03\/Ascension-du-Seigneur.jpg","datePublished":"2025-05-05T13:33:53+00:00","dateModified":"2026-04-22T07:45:12+00:00","description":"L\u2019Ascension du Seigneur est la derni\u00e8re \u00e9tape de la mission de J\u00e9sus sur terre et le pr\u00e9lude \u00e0 la naissance de Son \u00c9glise.","breadcrumb":{"@id":"https:\/\/blog.holyart.it\/fr\/paques\/ascension-du-seigneur-la-signification-de-la-fete\/#breadcrumb"},"inLanguage":"fr-FR","potentialAction":[{"@type":"ReadAction","target":["https:\/\/blog.holyart.it\/fr\/paques\/ascension-du-seigneur-la-signification-de-la-fete\/"]}]},{"@type":"ImageObject","inLanguage":"fr-FR","@id":"https:\/\/blog.holyart.it\/fr\/paques\/ascension-du-seigneur-la-signification-de-la-fete\/#primaryimage","url":"https:\/\/blog.holyart.it\/fr\/wp-content\/uploads\/sites\/14\/2025\/03\/Ascension-du-Seigneur.jpg","contentUrl":"https:\/\/blog.holyart.it\/fr\/wp-content\/uploads\/sites\/14\/2025\/03\/Ascension-du-Seigneur.jpg","width":1000,"height":666,"caption":"Ascension du Seigneur"},{"@type":"BreadcrumbList","@id":"https:\/\/blog.holyart.it\/fr\/paques\/ascension-du-seigneur-la-signification-de-la-fete\/#breadcrumb","itemListElement":[{"@type":"ListItem","position":1,"name":"Homepage","item":"https:\/\/blog.holyart.it\/fr\/"},{"@type":"ListItem","position":2,"name":"P\u00e2ques","item":"https:\/\/blog.holyart.it\/fr\/paques\/"},{"@type":"ListItem","position":3,"name":"Ascension du Seigneur : la signification de la f\u00eate"}]},{"@type":"WebSite","@id":"https:\/\/blog.holyart.it\/fr\/#website","url":"https:\/\/blog.holyart.it\/fr\/","name":"Holyart.fr Blog","description":"Holyblog","publisher":{"@id":"https:\/\/blog.holyart.it\/fr\/#organization"},"potentialAction":[{"@type":"SearchAction","target":{"@type":"EntryPoint","urlTemplate":"https:\/\/blog.holyart.it\/fr\/?s={search_term_string}"},"query-input":{"@type":"PropertyValueSpecification","valueRequired":true,"valueName":"search_term_string"}}],"inLanguage":"fr-FR"},{"@type":"Organization","@id":"https:\/\/blog.holyart.it\/fr\/#organization","name":"Holyart.fr Blog","url":"https:\/\/blog.holyart.it\/fr\/","logo":{"@type":"ImageObject","inLanguage":"fr-FR","@id":"https:\/\/blog.holyart.it\/fr\/#\/schema\/logo\/image\/","url":"https:\/\/blog.holyart.it\/fr\/wp-content\/uploads\/sites\/14\/2022\/12\/Holyart_Blog_Logo.jpg","contentUrl":"https:\/\/blog.holyart.it\/fr\/wp-content\/uploads\/sites\/14\/2022\/12\/Holyart_Blog_Logo.jpg","width":300,"height":50,"caption":"Holyart.fr Blog"},"image":{"@id":"https:\/\/blog.holyart.it\/fr\/#\/schema\/logo\/image\/"}},{"@type":"Person","@id":"https:\/\/blog.holyart.it\/fr\/#\/schema\/person\/0a7b686e5af0f856ec1e390dd0baecda","name":"Redazione","image":{"@type":"ImageObject","inLanguage":"fr-FR","@id":"https:\/\/blog.holyart.it\/fr\/#\/schema\/person\/image\/","url":"https:\/\/secure.gravatar.com\/avatar\/f477da817f43e50d0af36abecd33e3edf826c68299714bdc1057dff3b113f516?s=96&d=mm&r=g","contentUrl":"https:\/\/secure.gravatar.com\/avatar\/f477da817f43e50d0af36abecd33e3edf826c68299714bdc1057dff3b113f516?s=96&d=mm&r=g","caption":"Redazione"},"url":"https:\/\/blog.holyart.it\/fr\/author\/admin\/"}]}},"_links":{"self":[{"href":"https:\/\/blog.holyart.it\/fr\/wp-json\/wp\/v2\/posts\/10151","targetHints":{"allow":["GET"]}}],"collection":[{"href":"https:\/\/blog.holyart.it\/fr\/wp-json\/wp\/v2\/posts"}],"about":[{"href":"https:\/\/blog.holyart.it\/fr\/wp-json\/wp\/v2\/types\/post"}],"author":[{"embeddable":true,"href":"https:\/\/blog.holyart.it\/fr\/wp-json\/wp\/v2\/users\/1"}],"replies":[{"embeddable":true,"href":"https:\/\/blog.holyart.it\/fr\/wp-json\/wp\/v2\/comments?post=10151"}],"version-history":[{"count":9,"href":"https:\/\/blog.holyart.it\/fr\/wp-json\/wp\/v2\/posts\/10151\/revisions"}],"predecessor-version":[{"id":10168,"href":"https:\/\/blog.holyart.it\/fr\/wp-json\/wp\/v2\/posts\/10151\/revisions\/10168"}],"wp:featuredmedia":[{"embeddable":true,"href":"https:\/\/blog.holyart.it\/fr\/wp-json\/wp\/v2\/media\/10152"}],"wp:attachment":[{"href":"https:\/\/blog.holyart.it\/fr\/wp-json\/wp\/v2\/media?parent=10151"}],"wp:term":[{"taxonomy":"category","embeddable":true,"href":"https:\/\/blog.holyart.it\/fr\/wp-json\/wp\/v2\/categories?post=10151"},{"taxonomy":"post_tag","embeddable":true,"href":"https:\/\/blog.holyart.it\/fr\/wp-json\/wp\/v2\/tags?post=10151"}],"curies":[{"name":"wp","href":"https:\/\/api.w.org\/{rel}","templated":true}]}}