{"id":10138,"date":"2025-04-30T12:00:05","date_gmt":"2025-04-30T10:00:05","guid":{"rendered":"https:\/\/blog.holyart.it\/fr\/?p=10138"},"modified":"2026-04-23T09:35:17","modified_gmt":"2026-04-23T07:35:17","slug":"lhistoire-de-saint-florian-de-lorch-le-saint-patron-des-pompiers","status":"publish","type":"post","link":"https:\/\/blog.holyart.it\/fr\/articles-religieux\/lhistoire-de-saint-florian-de-lorch-le-saint-patron-des-pompiers\/","title":{"rendered":"L\u2019histoire de Saint Florian de Lorch, le saint patron des pompiers"},"content":{"rendered":"<h4>Saint Florian de Lorch est un Saint tr\u00e8s aim\u00e9 en Autriche et dans les r\u00e9gions limitrophes. Protecteur des pompiers, en vie il \u00e9tait un v\u00e9t\u00e9ran romain converti au Christianisme.<\/h4>\n\n<p>Le 4 mai on c\u00e9l\u00e8bre la m\u00e9moire liturgique de <a href=\"https:\/\/www.holyart.fr\/articles-religieux\/statues\/statues-en-bois-peint\/saint-florian-de-lorch-statue-bois\"><strong>Saint Florian de Lorch<\/strong><\/a>, un saint tr\u00e8s populaire en <strong>Autriche<\/strong>, sa terre d\u2019origine, mais aussi dans les r\u00e9gions limitrophes, comme la Bavi\u00e8re, les Trois V\u00e9n\u00e9ties et la Pologne, o\u00f9 en 1183 l\u2019\u00e9v\u00eaque de Mod\u00e8ne Eus\u00e8be amena certaines de ses reliques en les confiant \u00e0 Casimir II, qui fit construire une magnifique \u00e9glise d\u00e9di\u00e9e au Saint \u00e0 Cracovie.<\/p>\n<p>Saint Florian est invoqu\u00e9 pour conjurer <strong>incendies et inondations<\/strong> et est le <strong>saint patron des pompiers<\/strong>.<\/p>\n<div class=\"link-product\">\n<div class=\"blocco-immagine\"><img loading=\"lazy\" decoding=\"async\" class=\"size-full wp-image-10141 alignleft\" src=\"https:\/\/blog.holyart.it\/fr\/wp-content\/uploads\/sites\/14\/2025\/03\/saint-florian-de-lorch-statue-bois.jpg\" alt=\"Saint Florian de Lorch\" width=\"100\" height=\"100\" data-kale-share-title=\"L\u2019histoire de Saint Florian de Lorch, le saint patron des pompiers\" data-kale-share-url=\"https:\/\/blog.holyart.it\/fr\/?p=10138\" \/><\/div>\n<div class=\"blocco-contenuto\">\n<div class=\"blocco-acquista\">Acheter sur Holyart:<\/div>\n<div class=\"blocco-titolo\"><a href=\"https:\/\/www.holyart.fr\/articles-religieux\/statues\/statues-en-bois-peint\/saint-florian-de-lorch-statue-bois\">Saint Florian de Lorch<\/a><\/div>\n<div class=\"blocco-descrizione\">Statue en bois r\u00e9alis\u00e9e \u00e0 la main par les artisans de la Valgardena.<\/div>\n<\/div>\n<\/div>\n<h2>Qui \u00e9tait Saint Florian ?<\/h2>\n<p>Cit\u00e9 dans un acte de donation du VIIIe si\u00e8cle apr. J.-C., ce que nous savons \u00e0 propos de <strong>Saint Florian<\/strong> nous le devons principalement \u00e0 une <em>passio<\/em>, la <strong><em>Passio Sancti Floriani<\/em><\/strong>, qui montre de nombreux aspects en commun avec celle de Saint Ir\u00e9n\u00e9e, \u00e9v\u00eaque de Smyrne, <a href=\"https:\/\/www.holyart.fr\/blog\/articles-religieux\/saints-martyrs-sacrifier-sa-vie-au-nom-de-dieu\/\"><strong><u>martyris\u00e9<\/u><\/strong> <\/a>comme lui en 304 apr. J.-C. sous l\u2019empereur Diocl\u00e9tien.<\/p>\n<p>On y raconte que Florian vivait \u00e0 Mantem, pr\u00e8s de Krems, dans la province de <strong>Noricum<\/strong>, une r\u00e9gion au sud du Danube, correspondant \u00e0 l\u2019actuelle Haute Autriche. Ici il militait, comme<em> princeps offici<\/em>\u00a0(chef du bureau du lieutenant provincial) de Cetia, aujourd\u2019hui\u00a0<em>Kirchdorf an der Krems<\/em>, en d\u00e9fendant les fronti\u00e8res septentrionales et en commandant un escadron militaire entrain\u00e9 pour \u00e9teindre les incendies. Tr\u00e8s appr\u00e9ci\u00e9 par tout le monde, \u00e0 l\u2019insu de ses fr\u00e8res d\u2019armes et de ses sup\u00e9rieurs, Florian pratiquait en secret la <strong>religion chr\u00e9tienne<\/strong>.<\/p>\n<div class=\"link-article\">\n<p><img loading=\"lazy\" decoding=\"async\" class=\"size-full wp-image-10143 alignleft\" src=\"https:\/\/blog.holyart.it\/fr\/wp-content\/uploads\/sites\/14\/2025\/03\/saints-martyrs.jpg\" alt=\"Saints Martyrs\" width=\"150\" height=\"100\" data-kale-share-title=\"L\u2019histoire de Saint Florian de Lorch, le saint patron des pompiers\" data-kale-share-url=\"https:\/\/blog.holyart.it\/fr\/?p=10138\" \/><\/p>\n<div class=\"leggi-anche\">Lire aussi :<\/div>\n<p><strong><a href=\"https:\/\/www.holyart.fr\/blog\/articles-religieux\/saints-martyrs-sacrifier-sa-vie-au-nom-de-dieu\/\">Saints Martyrs : sacrifier sa vie au nom de Dieu<\/a><\/strong><br \/>\nHommes et femmes, souvent tr\u00e8s jeunes, qui ont sacrifi\u00e9 leur vie pour amour de Dieu et, pour cela, ont m\u00e9rit\u00e9 la b\u00e9atification.<\/p>\n<\/div>\n<p>Un jour, lorsqu\u2019il \u00e9tait en service pr\u00e8s de l\u2019actuel \u00a0<em>Sankt Po\u0308lten<\/em>, il apprit la nouvelle que quarante chr\u00e9tiens avaient \u00e9t\u00e9 arr\u00eat\u00e9s \u00e0 Loriacum (aujourd\u2019hui Lorch), par ordre du consul Aquilinus, qui g\u00e9rait le destin de la r\u00e9gion au nom de l\u2019empereur Diocl\u00e9tien, grand pers\u00e9cuteur des chr\u00e9tiens.<br \/>\nD\u00e9cid\u00e9 \u00e0 faire ce qui \u00e9tait en son pouvoir pour soulager, si non pas \u00e9viter, la captivit\u00e9 de ces hommes avec lesquels il partageait sa foi, il se mit en route vers Lorch, mais avant d\u2019arriver \u00e0 atteindre la ville, il fut intercept\u00e9 par un peloton de soldats romains. Il leur avoua \u00eatre Chr\u00e9tien et pour cela fut arr\u00eat\u00e9 et train\u00e9 devant le consul Aquilinus.<br \/>\nCe dernier tenta d\u2019abord de le convaincre \u00e0 offrir des sacrifices aux dieux pa\u00efens, puisqu\u2019il connaissait la r\u00e9putation du valeureux v\u00e9t\u00e9ran et ne souhaitait pas le condamner, mais Florian refusa toute tentative de m\u00e9diation, et pour finir Aquilinus le fit fouetter et le condamna \u00e0 mort. Conduit sur les berges de la rivi\u00e8re Anesius (Enns), Saint Florian fut jet\u00e9 \u00e0 l\u2019eau avec une <strong>meule de moulin<\/strong> attach\u00e9e au cou. C\u2019\u00e9tait le 4 mai du 304 apr. J.-C.<br \/>\nFlorian mourut, son corps fut recueilli par une femme pieuse, Val\u00e9ria, et par certains fid\u00e8les, et enterr\u00e9. Le lieu de sa s\u00e9pulture, sur lequel les \u00e9v\u00eaques de Passau auraient ensuite fait \u00e9riger la grande abbaye\u00a0<em>Sankt Florian<\/em>, un des plus c\u00e9l\u00e8bres monuments de l\u2019art baroque autrichien, devint tout de suite un centre de d\u00e9votion et de culte.<\/p>\n<h2>Iconographie de Saint Florian<\/h2>\n<p><strong>Saint Florian <\/strong>est souvent repr\u00e9sent\u00e9 avec une <strong>meule de moulin<\/strong>, symbole de son martyr, avec le <strong>palmier de martyr<\/strong>, mais aussi avec un <a href=\"https:\/\/www.holyart.fr\/articles-religieux\/statues\/statues-en-bois-naturel\/saint-florian-en-bois-naturel\"><strong>bouclier<\/strong>, une <strong>\u00e9p\u00e9e<\/strong>, un <strong>casque<\/strong> et un <strong>\u00e9tendard<\/strong><\/a>, pour rappeler sa vie de soldat.<\/p>\n<p>Dans de nombreux villages bavarois, mais aussi en Autriche, il est possible de trouver des repr\u00e9sentations de Saint Florian avec un <a href=\"https:\/\/www.holyart.fr\/articles-religieux\/tableaux-gravures-manuscrit-enlumine\/cadre-sur-toile-st-florian-25x20-cm\"><strong>sceau ou une cruche d\u2019eau<\/strong><\/a> entre les mains, en train d\u2019\u00e9teindre un incendie. Dans de nombreuses habitations rurales autrichiennes il \u00e9tait fr\u00e9quent de rencontrer autrefois l\u2019inscription\u00a0: \u00ab\u00a0<em>\u00d4 Saint Florian, \u00e9pargne ma maison<\/em>\u00a0\u00bb.<\/p>\n<div class=\"link-product\">\n<div class=\"blocco-immagine\"><img loading=\"lazy\" decoding=\"async\" class=\"size-full wp-image-10145 alignleft\" src=\"https:\/\/blog.holyart.it\/fr\/wp-content\/uploads\/sites\/14\/2025\/03\/cadre-sur-toile-st-florian-25x20-cm.jpg\" alt=\"Cadre sur toile Saint Florian\" width=\"100\" height=\"100\" data-kale-share-title=\"L\u2019histoire de Saint Florian de Lorch, le saint patron des pompiers\" data-kale-share-url=\"https:\/\/blog.holyart.it\/fr\/?p=10138\" \/><\/div>\n<div class=\"blocco-contenuto\">\n<div class=\"blocco-acquista\">Acheter sur Holyart:<\/div>\n<div class=\"blocco-titolo\"><a href=\"https:\/\/www.holyart.fr\/articles-religieux\/tableaux-gravures-manuscrit-enlumine\/cadre-sur-toile-st-florian-25x20-cm\">Cadre sur toile St Florian<\/a><\/div>\n<div class=\"blocco-descrizione\">Cadre sur toile format 25&#215;20 cm avec repr\u00e9sentation de Saint Florian, tir\u00e9e des archives Fratelli Bonella.<\/div>\n<\/div>\n<\/div>\n<h2>Le culte de Saint Florian dans le Nord de l\u2019Italie et en Autriche<\/h2>\n<p>\u00c0 cause de sa mort, noy\u00e9 dans la rivi\u00e8re, Saint Florian est consid\u00e9r\u00e9 comme le <strong>saint patron des victimes des inondations<\/strong> et est donc invoqu\u00e9 en cas d\u2019inondations. Son culte se rependit tout de suite apr\u00e8s sa mort dans celle qui avait \u00e9t\u00e9 sa terre d\u2019origine, l\u2019<strong>Autriche<\/strong> actuelle, et dans les r\u00e9gions frontali\u00e8res, comme la Bavi\u00e8re. Ici, en particulier, il est \u00e9galement consid\u00e9r\u00e9 comme le saint \u00e0 invoquer en cas d\u2019incendie, car selon une l\u00e9gende, Florian, de passage dans cette r\u00e9gion, \u00e9teignit un terrible <strong>incendie<\/strong> avec un seul sceau d\u2019eau ou une simple pri\u00e8re. Une autre l\u00e9gende parle par contre de deux charbonniers impliqu\u00e9s dans un incendie qui se sauv\u00e8rent en invoquant son nom. Il est \u00e9galement consid\u00e9r\u00e9 comme le <strong>d\u00e9fenseur des ponts<\/strong>.<\/p>\n<p><strong>Saint Florian<\/strong> est aussi <strong>co-patron de Jesi<\/strong>, dans la r\u00e9gion des Marches, qui le 4 mai lui d\u00e9die une grande f\u00eate et un c\u00e9l\u00e8bre <em>Palio<\/em>. En effet, autrefois Saint Florian \u00e9tait patron de la <em>Respublica Aesina<\/em>, compos\u00e9e par les Ch\u00e2teaux de Jesi. Mais \u00e0 Jesi, <a href=\"https:\/\/www.holyart.fr\/articles-religieux\/statues\/statues-en-resine-et-pvc\/statue-saint-florian-ange-resine-30-cm\"><strong>Saint Florian centurion romain<\/strong><\/a> est confondu avec l\u2019homonyme jeune berger n\u00e9 \u00e0 Cingoli qui, d\u00e9fi\u00e9 dans une comp\u00e9tition de course par le Diable, tra\u00e7a un sillon s\u00e9parant le mont Murano du mont Ravallone en deux cr\u00e9ant la scission de la Gola della Rossa simplement en faisant le signe de la croix et arriva ainsi en premier.<\/p>\n<div class=\"link-product\">\n<div class=\"blocco-immagine\"><img loading=\"lazy\" decoding=\"async\" class=\"size-full wp-image-10147 alignleft\" src=\"https:\/\/blog.holyart.it\/fr\/wp-content\/uploads\/sites\/14\/2025\/03\/statue-saint-florian-ange-resine-30-cm.jpg\" alt=\"Statue Saint Flroian\" width=\"100\" height=\"100\" data-kale-share-title=\"L\u2019histoire de Saint Florian de Lorch, le saint patron des pompiers\" data-kale-share-url=\"https:\/\/blog.holyart.it\/fr\/?p=10138\" \/><\/div>\n<div class=\"blocco-contenuto\">\n<div class=\"blocco-acquista\">Acheter sur Holyart:<\/div>\n<div class=\"blocco-titolo\"><a href=\"https:\/\/www.holyart.fr\/articles-religieux\/statues\/statues-en-resine-et-pvc\/statue-saint-florian-ange-resine-30-cm\">Statue Saint Florian ange r\u00e9sine 30 cm<\/a><\/div>\n<div class=\"blocco-descrizione\">La r\u00e9sine, mat\u00e9riel plus fragile que le PVC, offre pourtant une grande d\u00e9finition des d\u00e9tails.<\/div>\n<\/div>\n<\/div>\n<p>Comme d\u00e9j\u00e0 mentionn\u00e9, quand une partie des reliques de Saint Florian fut envoy\u00e9e en <strong>Pologne<\/strong>, cette r\u00e9gion aussi commen\u00e7a \u00e0 honorer le saint avec une d\u00e9votion particuli\u00e8re, jusqu\u2019\u00e0 en faire son saint <strong>patron<\/strong>. \u00c0 Cracovie, tout le quartier universitaire est d\u00e9di\u00e9 \u00e0 la m\u00e9moire du Saint et dans la basilique faite construite par le Duc en son honneur v\u00e9cut et \u0153uvra en tant que pr\u00eatre auxiliaire don Karol Wojtyla, le future pape <a href=\"https:\/\/www.holyart.fr\/occasions-speciales\/jean-paul-ii\"><strong>Jean-Paul II<\/strong><\/a>.<\/p>\n","protected":false},"excerpt":{"rendered":"<p>Saint Florian de Lorch est un Saint tr\u00e8s aim\u00e9 en Autriche et dans les r\u00e9gions limitrophes. Protecteur des pompiers, en vie il \u00e9tait un v\u00e9t\u00e9ran romain converti au Christianisme. Le 4 mai on c\u00e9l\u00e8bre la m\u00e9moire liturgique de Saint Florian de Lorch, un saint tr\u00e8s&hellip;<\/p>\n","protected":false},"author":1,"featured_media":10139,"comment_status":"closed","ping_status":"open","sticky":false,"template":"","format":"standard","meta":{"_acf_changed":false,"footnotes":""},"categories":[8],"tags":[],"class_list":["post-10138","post","type-post","status-publish","format-standard","has-post-thumbnail","hentry","category-articles-religieux"],"acf":[],"yoast_head":"<!-- This site is optimized with the Yoast SEO plugin v26.6 - https:\/\/yoast.com\/wordpress\/plugins\/seo\/ -->\n<title>L\u2019histoire de Saint Florian de Lorch, le saint patron des pompiers - Holyart.fr Blog<\/title>\n<meta name=\"description\" content=\"Saint Florian de Lorch est invoqu\u00e9 en cas d\u2019incendies et inondations. Saint patron des pompiers et objet de grande d\u00e9votion en Autriche et en Pologne.\" \/>\n<meta name=\"robots\" content=\"index, follow, max-snippet:-1, max-image-preview:large, max-video-preview:-1\" \/>\n<link rel=\"canonical\" href=\"https:\/\/blog.holyart.it\/fr\/articles-religieux\/lhistoire-de-saint-florian-de-lorch-le-saint-patron-des-pompiers\/\" \/>\n<meta property=\"og:locale\" content=\"fr_FR\" \/>\n<meta property=\"og:type\" content=\"article\" \/>\n<meta property=\"og:title\" content=\"L\u2019histoire de Saint Florian de Lorch, le saint patron des pompiers - Holyart.fr Blog\" \/>\n<meta property=\"og:description\" content=\"Saint Florian de Lorch est invoqu\u00e9 en cas d\u2019incendies et inondations. Saint patron des pompiers et objet de grande d\u00e9votion en Autriche et en Pologne.\" \/>\n<meta property=\"og:url\" content=\"https:\/\/blog.holyart.it\/fr\/articles-religieux\/lhistoire-de-saint-florian-de-lorch-le-saint-patron-des-pompiers\/\" \/>\n<meta property=\"og:site_name\" content=\"Holyart.fr Blog\" \/>\n<meta property=\"article:published_time\" content=\"2025-04-30T10:00:05+00:00\" \/>\n<meta property=\"article:modified_time\" content=\"2026-04-23T07:35:17+00:00\" \/>\n<meta property=\"og:image\" content=\"https:\/\/blog.holyart.it\/fr\/wp-content\/uploads\/sites\/14\/2025\/03\/saint-florian-de-lorch.jpg\" \/>\n\t<meta property=\"og:image:width\" content=\"1000\" \/>\n\t<meta property=\"og:image:height\" content=\"666\" \/>\n\t<meta property=\"og:image:type\" content=\"image\/jpeg\" \/>\n<meta name=\"author\" content=\"Redazione\" \/>\n<meta name=\"twitter:card\" content=\"summary_large_image\" \/>\n<meta name=\"twitter:label1\" content=\"\u00c9crit par\" \/>\n\t<meta name=\"twitter:data1\" content=\"Redazione\" \/>\n\t<meta name=\"twitter:label2\" content=\"Dur\u00e9e de lecture estim\u00e9e\" \/>\n\t<meta name=\"twitter:data2\" content=\"7 minutes\" \/>\n<script type=\"application\/ld+json\" class=\"yoast-schema-graph\">{\"@context\":\"https:\/\/schema.org\",\"@graph\":[{\"@type\":\"Article\",\"@id\":\"https:\/\/blog.holyart.it\/fr\/articles-religieux\/lhistoire-de-saint-florian-de-lorch-le-saint-patron-des-pompiers\/#article\",\"isPartOf\":{\"@id\":\"https:\/\/blog.holyart.it\/fr\/articles-religieux\/lhistoire-de-saint-florian-de-lorch-le-saint-patron-des-pompiers\/\"},\"author\":{\"name\":\"Redazione\",\"@id\":\"https:\/\/blog.holyart.it\/fr\/#\/schema\/person\/0a7b686e5af0f856ec1e390dd0baecda\"},\"headline\":\"L\u2019histoire de Saint Florian de Lorch, le saint patron des pompiers\",\"datePublished\":\"2025-04-30T10:00:05+00:00\",\"dateModified\":\"2026-04-23T07:35:17+00:00\",\"mainEntityOfPage\":{\"@id\":\"https:\/\/blog.holyart.it\/fr\/articles-religieux\/lhistoire-de-saint-florian-de-lorch-le-saint-patron-des-pompiers\/\"},\"wordCount\":1133,\"publisher\":{\"@id\":\"https:\/\/blog.holyart.it\/fr\/#organization\"},\"image\":{\"@id\":\"https:\/\/blog.holyart.it\/fr\/articles-religieux\/lhistoire-de-saint-florian-de-lorch-le-saint-patron-des-pompiers\/#primaryimage\"},\"thumbnailUrl\":\"https:\/\/blog.holyart.it\/fr\/wp-content\/uploads\/sites\/14\/2025\/03\/saint-florian-de-lorch.jpg\",\"articleSection\":[\"Religion\"],\"inLanguage\":\"fr-FR\"},{\"@type\":\"WebPage\",\"@id\":\"https:\/\/blog.holyart.it\/fr\/articles-religieux\/lhistoire-de-saint-florian-de-lorch-le-saint-patron-des-pompiers\/\",\"url\":\"https:\/\/blog.holyart.it\/fr\/articles-religieux\/lhistoire-de-saint-florian-de-lorch-le-saint-patron-des-pompiers\/\",\"name\":\"L\u2019histoire de Saint Florian de Lorch, le saint patron des pompiers - Holyart.fr Blog\",\"isPartOf\":{\"@id\":\"https:\/\/blog.holyart.it\/fr\/#website\"},\"primaryImageOfPage\":{\"@id\":\"https:\/\/blog.holyart.it\/fr\/articles-religieux\/lhistoire-de-saint-florian-de-lorch-le-saint-patron-des-pompiers\/#primaryimage\"},\"image\":{\"@id\":\"https:\/\/blog.holyart.it\/fr\/articles-religieux\/lhistoire-de-saint-florian-de-lorch-le-saint-patron-des-pompiers\/#primaryimage\"},\"thumbnailUrl\":\"https:\/\/blog.holyart.it\/fr\/wp-content\/uploads\/sites\/14\/2025\/03\/saint-florian-de-lorch.jpg\",\"datePublished\":\"2025-04-30T10:00:05+00:00\",\"dateModified\":\"2026-04-23T07:35:17+00:00\",\"description\":\"Saint Florian de Lorch est invoqu\u00e9 en cas d\u2019incendies et inondations. Saint patron des pompiers et objet de grande d\u00e9votion en Autriche et en Pologne.\",\"breadcrumb\":{\"@id\":\"https:\/\/blog.holyart.it\/fr\/articles-religieux\/lhistoire-de-saint-florian-de-lorch-le-saint-patron-des-pompiers\/#breadcrumb\"},\"inLanguage\":\"fr-FR\",\"potentialAction\":[{\"@type\":\"ReadAction\",\"target\":[\"https:\/\/blog.holyart.it\/fr\/articles-religieux\/lhistoire-de-saint-florian-de-lorch-le-saint-patron-des-pompiers\/\"]}]},{\"@type\":\"ImageObject\",\"inLanguage\":\"fr-FR\",\"@id\":\"https:\/\/blog.holyart.it\/fr\/articles-religieux\/lhistoire-de-saint-florian-de-lorch-le-saint-patron-des-pompiers\/#primaryimage\",\"url\":\"https:\/\/blog.holyart.it\/fr\/wp-content\/uploads\/sites\/14\/2025\/03\/saint-florian-de-lorch.jpg\",\"contentUrl\":\"https:\/\/blog.holyart.it\/fr\/wp-content\/uploads\/sites\/14\/2025\/03\/saint-florian-de-lorch.jpg\",\"width\":1000,\"height\":666,\"caption\":\"Saint Florian de Lorch\"},{\"@type\":\"BreadcrumbList\",\"@id\":\"https:\/\/blog.holyart.it\/fr\/articles-religieux\/lhistoire-de-saint-florian-de-lorch-le-saint-patron-des-pompiers\/#breadcrumb\",\"itemListElement\":[{\"@type\":\"ListItem\",\"position\":1,\"name\":\"Homepage\",\"item\":\"https:\/\/blog.holyart.it\/fr\/\"},{\"@type\":\"ListItem\",\"position\":2,\"name\":\"Religion\",\"item\":\"https:\/\/blog.holyart.it\/fr\/articles-religieux\/\"},{\"@type\":\"ListItem\",\"position\":3,\"name\":\"L\u2019histoire de Saint Florian de Lorch, le saint patron des pompiers\"}]},{\"@type\":\"WebSite\",\"@id\":\"https:\/\/blog.holyart.it\/fr\/#website\",\"url\":\"https:\/\/blog.holyart.it\/fr\/\",\"name\":\"Holyart.fr Blog\",\"description\":\"Holyblog\",\"publisher\":{\"@id\":\"https:\/\/blog.holyart.it\/fr\/#organization\"},\"potentialAction\":[{\"@type\":\"SearchAction\",\"target\":{\"@type\":\"EntryPoint\",\"urlTemplate\":\"https:\/\/blog.holyart.it\/fr\/?s={search_term_string}\"},\"query-input\":{\"@type\":\"PropertyValueSpecification\",\"valueRequired\":true,\"valueName\":\"search_term_string\"}}],\"inLanguage\":\"fr-FR\"},{\"@type\":\"Organization\",\"@id\":\"https:\/\/blog.holyart.it\/fr\/#organization\",\"name\":\"Holyart.fr Blog\",\"url\":\"https:\/\/blog.holyart.it\/fr\/\",\"logo\":{\"@type\":\"ImageObject\",\"inLanguage\":\"fr-FR\",\"@id\":\"https:\/\/blog.holyart.it\/fr\/#\/schema\/logo\/image\/\",\"url\":\"https:\/\/blog.holyart.it\/fr\/wp-content\/uploads\/sites\/14\/2022\/12\/Holyart_Blog_Logo.jpg\",\"contentUrl\":\"https:\/\/blog.holyart.it\/fr\/wp-content\/uploads\/sites\/14\/2022\/12\/Holyart_Blog_Logo.jpg\",\"width\":300,\"height\":50,\"caption\":\"Holyart.fr Blog\"},\"image\":{\"@id\":\"https:\/\/blog.holyart.it\/fr\/#\/schema\/logo\/image\/\"}},{\"@type\":\"Person\",\"@id\":\"https:\/\/blog.holyart.it\/fr\/#\/schema\/person\/0a7b686e5af0f856ec1e390dd0baecda\",\"name\":\"Redazione\",\"image\":{\"@type\":\"ImageObject\",\"inLanguage\":\"fr-FR\",\"@id\":\"https:\/\/blog.holyart.it\/fr\/#\/schema\/person\/image\/\",\"url\":\"https:\/\/secure.gravatar.com\/avatar\/f477da817f43e50d0af36abecd33e3edf826c68299714bdc1057dff3b113f516?s=96&d=mm&r=g\",\"contentUrl\":\"https:\/\/secure.gravatar.com\/avatar\/f477da817f43e50d0af36abecd33e3edf826c68299714bdc1057dff3b113f516?s=96&d=mm&r=g\",\"caption\":\"Redazione\"},\"url\":\"https:\/\/blog.holyart.it\/fr\/author\/admin\/\"}]}<\/script>\n<!-- \/ Yoast SEO plugin. -->","yoast_head_json":{"title":"L\u2019histoire de Saint Florian de Lorch, le saint patron des pompiers - Holyart.fr Blog","description":"Saint Florian de Lorch est invoqu\u00e9 en cas d\u2019incendies et inondations. Saint patron des pompiers et objet de grande d\u00e9votion en Autriche et en Pologne.","robots":{"index":"index","follow":"follow","max-snippet":"max-snippet:-1","max-image-preview":"max-image-preview:large","max-video-preview":"max-video-preview:-1"},"canonical":"https:\/\/blog.holyart.it\/fr\/articles-religieux\/lhistoire-de-saint-florian-de-lorch-le-saint-patron-des-pompiers\/","og_locale":"fr_FR","og_type":"article","og_title":"L\u2019histoire de Saint Florian de Lorch, le saint patron des pompiers - Holyart.fr Blog","og_description":"Saint Florian de Lorch est invoqu\u00e9 en cas d\u2019incendies et inondations. Saint patron des pompiers et objet de grande d\u00e9votion en Autriche et en Pologne.","og_url":"https:\/\/blog.holyart.it\/fr\/articles-religieux\/lhistoire-de-saint-florian-de-lorch-le-saint-patron-des-pompiers\/","og_site_name":"Holyart.fr Blog","article_published_time":"2025-04-30T10:00:05+00:00","article_modified_time":"2026-04-23T07:35:17+00:00","og_image":[{"width":1000,"height":666,"url":"https:\/\/blog.holyart.it\/fr\/wp-content\/uploads\/sites\/14\/2025\/03\/saint-florian-de-lorch.jpg","type":"image\/jpeg"}],"author":"Redazione","twitter_card":"summary_large_image","twitter_misc":{"\u00c9crit par":"Redazione","Dur\u00e9e de lecture estim\u00e9e":"7 minutes"},"schema":{"@context":"https:\/\/schema.org","@graph":[{"@type":"Article","@id":"https:\/\/blog.holyart.it\/fr\/articles-religieux\/lhistoire-de-saint-florian-de-lorch-le-saint-patron-des-pompiers\/#article","isPartOf":{"@id":"https:\/\/blog.holyart.it\/fr\/articles-religieux\/lhistoire-de-saint-florian-de-lorch-le-saint-patron-des-pompiers\/"},"author":{"name":"Redazione","@id":"https:\/\/blog.holyart.it\/fr\/#\/schema\/person\/0a7b686e5af0f856ec1e390dd0baecda"},"headline":"L\u2019histoire de Saint Florian de Lorch, le saint patron des pompiers","datePublished":"2025-04-30T10:00:05+00:00","dateModified":"2026-04-23T07:35:17+00:00","mainEntityOfPage":{"@id":"https:\/\/blog.holyart.it\/fr\/articles-religieux\/lhistoire-de-saint-florian-de-lorch-le-saint-patron-des-pompiers\/"},"wordCount":1133,"publisher":{"@id":"https:\/\/blog.holyart.it\/fr\/#organization"},"image":{"@id":"https:\/\/blog.holyart.it\/fr\/articles-religieux\/lhistoire-de-saint-florian-de-lorch-le-saint-patron-des-pompiers\/#primaryimage"},"thumbnailUrl":"https:\/\/blog.holyart.it\/fr\/wp-content\/uploads\/sites\/14\/2025\/03\/saint-florian-de-lorch.jpg","articleSection":["Religion"],"inLanguage":"fr-FR"},{"@type":"WebPage","@id":"https:\/\/blog.holyart.it\/fr\/articles-religieux\/lhistoire-de-saint-florian-de-lorch-le-saint-patron-des-pompiers\/","url":"https:\/\/blog.holyart.it\/fr\/articles-religieux\/lhistoire-de-saint-florian-de-lorch-le-saint-patron-des-pompiers\/","name":"L\u2019histoire de Saint Florian de Lorch, le saint patron des pompiers - Holyart.fr Blog","isPartOf":{"@id":"https:\/\/blog.holyart.it\/fr\/#website"},"primaryImageOfPage":{"@id":"https:\/\/blog.holyart.it\/fr\/articles-religieux\/lhistoire-de-saint-florian-de-lorch-le-saint-patron-des-pompiers\/#primaryimage"},"image":{"@id":"https:\/\/blog.holyart.it\/fr\/articles-religieux\/lhistoire-de-saint-florian-de-lorch-le-saint-patron-des-pompiers\/#primaryimage"},"thumbnailUrl":"https:\/\/blog.holyart.it\/fr\/wp-content\/uploads\/sites\/14\/2025\/03\/saint-florian-de-lorch.jpg","datePublished":"2025-04-30T10:00:05+00:00","dateModified":"2026-04-23T07:35:17+00:00","description":"Saint Florian de Lorch est invoqu\u00e9 en cas d\u2019incendies et inondations. Saint patron des pompiers et objet de grande d\u00e9votion en Autriche et en Pologne.","breadcrumb":{"@id":"https:\/\/blog.holyart.it\/fr\/articles-religieux\/lhistoire-de-saint-florian-de-lorch-le-saint-patron-des-pompiers\/#breadcrumb"},"inLanguage":"fr-FR","potentialAction":[{"@type":"ReadAction","target":["https:\/\/blog.holyart.it\/fr\/articles-religieux\/lhistoire-de-saint-florian-de-lorch-le-saint-patron-des-pompiers\/"]}]},{"@type":"ImageObject","inLanguage":"fr-FR","@id":"https:\/\/blog.holyart.it\/fr\/articles-religieux\/lhistoire-de-saint-florian-de-lorch-le-saint-patron-des-pompiers\/#primaryimage","url":"https:\/\/blog.holyart.it\/fr\/wp-content\/uploads\/sites\/14\/2025\/03\/saint-florian-de-lorch.jpg","contentUrl":"https:\/\/blog.holyart.it\/fr\/wp-content\/uploads\/sites\/14\/2025\/03\/saint-florian-de-lorch.jpg","width":1000,"height":666,"caption":"Saint Florian de Lorch"},{"@type":"BreadcrumbList","@id":"https:\/\/blog.holyart.it\/fr\/articles-religieux\/lhistoire-de-saint-florian-de-lorch-le-saint-patron-des-pompiers\/#breadcrumb","itemListElement":[{"@type":"ListItem","position":1,"name":"Homepage","item":"https:\/\/blog.holyart.it\/fr\/"},{"@type":"ListItem","position":2,"name":"Religion","item":"https:\/\/blog.holyart.it\/fr\/articles-religieux\/"},{"@type":"ListItem","position":3,"name":"L\u2019histoire de Saint Florian de Lorch, le saint patron des pompiers"}]},{"@type":"WebSite","@id":"https:\/\/blog.holyart.it\/fr\/#website","url":"https:\/\/blog.holyart.it\/fr\/","name":"Holyart.fr Blog","description":"Holyblog","publisher":{"@id":"https:\/\/blog.holyart.it\/fr\/#organization"},"potentialAction":[{"@type":"SearchAction","target":{"@type":"EntryPoint","urlTemplate":"https:\/\/blog.holyart.it\/fr\/?s={search_term_string}"},"query-input":{"@type":"PropertyValueSpecification","valueRequired":true,"valueName":"search_term_string"}}],"inLanguage":"fr-FR"},{"@type":"Organization","@id":"https:\/\/blog.holyart.it\/fr\/#organization","name":"Holyart.fr Blog","url":"https:\/\/blog.holyart.it\/fr\/","logo":{"@type":"ImageObject","inLanguage":"fr-FR","@id":"https:\/\/blog.holyart.it\/fr\/#\/schema\/logo\/image\/","url":"https:\/\/blog.holyart.it\/fr\/wp-content\/uploads\/sites\/14\/2022\/12\/Holyart_Blog_Logo.jpg","contentUrl":"https:\/\/blog.holyart.it\/fr\/wp-content\/uploads\/sites\/14\/2022\/12\/Holyart_Blog_Logo.jpg","width":300,"height":50,"caption":"Holyart.fr Blog"},"image":{"@id":"https:\/\/blog.holyart.it\/fr\/#\/schema\/logo\/image\/"}},{"@type":"Person","@id":"https:\/\/blog.holyart.it\/fr\/#\/schema\/person\/0a7b686e5af0f856ec1e390dd0baecda","name":"Redazione","image":{"@type":"ImageObject","inLanguage":"fr-FR","@id":"https:\/\/blog.holyart.it\/fr\/#\/schema\/person\/image\/","url":"https:\/\/secure.gravatar.com\/avatar\/f477da817f43e50d0af36abecd33e3edf826c68299714bdc1057dff3b113f516?s=96&d=mm&r=g","contentUrl":"https:\/\/secure.gravatar.com\/avatar\/f477da817f43e50d0af36abecd33e3edf826c68299714bdc1057dff3b113f516?s=96&d=mm&r=g","caption":"Redazione"},"url":"https:\/\/blog.holyart.it\/fr\/author\/admin\/"}]}},"_links":{"self":[{"href":"https:\/\/blog.holyart.it\/fr\/wp-json\/wp\/v2\/posts\/10138","targetHints":{"allow":["GET"]}}],"collection":[{"href":"https:\/\/blog.holyart.it\/fr\/wp-json\/wp\/v2\/posts"}],"about":[{"href":"https:\/\/blog.holyart.it\/fr\/wp-json\/wp\/v2\/types\/post"}],"author":[{"embeddable":true,"href":"https:\/\/blog.holyart.it\/fr\/wp-json\/wp\/v2\/users\/1"}],"replies":[{"embeddable":true,"href":"https:\/\/blog.holyart.it\/fr\/wp-json\/wp\/v2\/comments?post=10138"}],"version-history":[{"count":6,"href":"https:\/\/blog.holyart.it\/fr\/wp-json\/wp\/v2\/posts\/10138\/revisions"}],"predecessor-version":[{"id":12385,"href":"https:\/\/blog.holyart.it\/fr\/wp-json\/wp\/v2\/posts\/10138\/revisions\/12385"}],"wp:featuredmedia":[{"embeddable":true,"href":"https:\/\/blog.holyart.it\/fr\/wp-json\/wp\/v2\/media\/10139"}],"wp:attachment":[{"href":"https:\/\/blog.holyart.it\/fr\/wp-json\/wp\/v2\/media?parent=10138"}],"wp:term":[{"taxonomy":"category","embeddable":true,"href":"https:\/\/blog.holyart.it\/fr\/wp-json\/wp\/v2\/categories?post=10138"},{"taxonomy":"post_tag","embeddable":true,"href":"https:\/\/blog.holyart.it\/fr\/wp-json\/wp\/v2\/tags?post=10138"}],"curies":[{"name":"wp","href":"https:\/\/api.w.org\/{rel}","templated":true}]}}