{"id":10090,"date":"2025-03-10T10:00:04","date_gmt":"2025-03-10T09:00:04","guid":{"rendered":"https:\/\/blog.holyart.it\/fr\/?p=10090"},"modified":"2025-03-12T09:32:19","modified_gmt":"2025-03-12T08:32:19","slug":"croix-de-lesperance-concue-par-stefano-lazzari-pour-le-jubile-2025","status":"publish","type":"post","link":"https:\/\/blog.holyart.it\/fr\/jubile-2025\/croix-de-lesperance-concue-par-stefano-lazzari-pour-le-jubile-2025\/","title":{"rendered":"Croix de l\u2019Esp\u00e9rance con\u00e7ue par Stefano Lazzari pour le Jubil\u00e9 2025"},"content":{"rendered":"<h4>La Croix de l\u2019Esp\u00e9rance, cr\u00e9\u00e9e par Stefano Lazzari pour le Jubil\u00e9 2025, unit tradition m\u00e9di\u00e9vale et innovation, et symbolise le chemin de foi. R\u00e9alis\u00e9e en laiton avec finition or vieilli, elle est une excellence de l\u2019artisanat italien.<\/h4>\n<p>Parmi les nombreuses initiatives li\u00e9es aux c\u00e9l\u00e9brations pour le <a href=\"https:\/\/www.holyart.fr\/blog\/articles-religieux\/le-calendrier-des-evenements-du-jubile-2025\/\"><strong><u>Jubil\u00e9 2025<\/u><\/strong><\/a>, caract\u00e9ris\u00e9 par la devise \u00ab\u00a0<em>P\u00e8lerins d\u2019Esp\u00e9rance<\/em>\u00a0\u00bb, il y a \u00e9galement un pr\u00e9cieux crucifix, une v\u00e9ritable \u0153uvre d\u2019art sacr\u00e9 cr\u00e9\u00e9e expr\u00e8s pour cet \u00e9v\u00e9nement de grande importance. Il s\u2019agit de la <strong>Croix de l\u2019Esp\u00e9rance<\/strong>, con\u00e7ue et r\u00e9alis\u00e9e par le ma\u00eetre artisan ombrien <strong>Stefano Lazzari<\/strong> de Bottega Tifernate, et vous la trouvez disponible en exclusivit\u00e9 en ligne sur notre e-store Holyart. Ce crucifix bifacial, qui referme les suggestions de la tradition m\u00e9di\u00e9vale et l\u2019innovation technique moderne, bin\u00f4me qui caract\u00e9rise depuis toujours la philosophie de Bottega Tifernate, incarne l\u2019essence du p\u00e8lerinage spirituel, qui est le c\u0153ur de cette ann\u00e9e Sainte, \u00e0 travers un langage visuel riche en symbolismes.<\/p>\n<div class=\"link-article\">\n<p><img loading=\"lazy\" decoding=\"async\" class=\"alignnone size-full wp-image-10093\" src=\"https:\/\/blog.holyart.it\/fr\/wp-content\/uploads\/sites\/14\/2025\/03\/Jubile-2025.jpg\" alt=\"Jubil\u00e9 2025\" width=\"150\" height=\"99\" data-kale-share-title=\"Croix de l\u2019Esp\u00e9rance con\u00e7ue par Stefano Lazzari pour le Jubil\u00e9 2025\" data-kale-share-url=\"https:\/\/blog.holyart.it\/fr\/?p=10090\" \/><\/p>\n<div class=\"leggi-anche\">Lire aussi :<\/div>\n<p><strong><a href=\"https:\/\/www.holyart.fr\/blog\/articles-religieux\/le-calendrier-des-evenements-du-jubile-2025\/\">Le calendrier des \u00e9v\u00e9nements du Jubil\u00e9 2025<\/a><\/strong><br \/>\nLe calendrier des \u00e9v\u00e9nements du Jubil\u00e9 2025 a \u00e9t\u00e9 publi\u00e9 : douze mois d\u2019\u00e9v\u00e9nements et occasions pour approfondir la foi, vivre&#8230;<\/p>\n<\/div>\n<p>La <strong>Bottega Tifernate<\/strong>, fond\u00e9e en 1995 par Stefano Lazzari avec sa s\u0153ur Francesca e son p\u00e8re Romolo, repr\u00e9sente une excellence globale dans la reproduction d\u2019\u0153uvres d\u2019art sacr\u00e9. Avec une \u00e9quipe de jeunes artistes sp\u00e9cialis\u00e9s dans des techniques qui vont de la ciselure \u00e0 la gravure, la Bottega a consolid\u00e9 sa r\u00e9putation, en excellant dans sa capacit\u00e9 \u00e0 <a href=\"https:\/\/www.holyart.fr\/articles-religieux\/aurea-de-la-bottega-tifernate\"><strong>recr\u00e9er des \u0153uvres identiques aux originaux<\/strong><\/a>. Cet atelier vante aujourd\u2019hui de nombreuses et prestigieuses commissions, parmi lesquelles la reproduction d\u2019un Caravaggio en 2018 et de la Crucifixion Blanche de Marc Chagall en 2019, command\u00e9es toutes les deux par <strong>Pape Fran\u00e7ois<\/strong>. La Croix de l\u2019Esp\u00e9rance s\u2019ins\u00e8re dans cette tradition d\u2019inspiration m\u00e9di\u00e9vale et de renouvellement contemporain promis par la famille Lazzari et devenue tr\u00e8s rapidement une excellence italienne connue dans le monde entier.<\/p>\n<p><img loading=\"lazy\" decoding=\"async\" class=\"alignnone size-full wp-image-10096\" src=\"https:\/\/blog.holyart.it\/fr\/wp-content\/uploads\/sites\/14\/2025\/03\/reproduction-dun-Caravaggio.jpg\" alt=\"reproduction d\u2019un Caravaggio\" width=\"1000\" height=\"666\" data-kale-share-title=\"Croix de l\u2019Esp\u00e9rance con\u00e7ue par Stefano Lazzari pour le Jubil\u00e9 2025\" data-kale-share-url=\"https:\/\/blog.holyart.it\/fr\/?p=10090\" \/><\/p>\n<p>La singularit\u00e9 de la Croix de l\u2019Esp\u00e9rance r\u00e9side dans sa double nature\u00a0: <strong>rappeler le sacrifice ultime de Christ<\/strong> et <strong>revendiquer l\u2019importance du chemin de foi<\/strong> de chaque p\u00e8lerin qui s\u2019appr\u00eate \u00e0 affronter l\u2019Ann\u00e9e Sainte. La croix bifaciale a \u00e9t\u00e9 con\u00e7ue en pensant aux plans de la Basilique et de Place Saint-Pierre. La face avant pr\u00e9sente un <strong>Christ mort de la Renaissance, mais repr\u00e9sent\u00e9 avec une expression sereine et consciente<\/strong>, qui fait d\u00e9j\u00e0 penser \u00e0 Sa r\u00e9surrection et bien distant donc des repr\u00e9sentations traditionnelles de la souffrance. Ce choix artistique n\u2019est pas un hasard, mais souhaite transmettre un message d\u2019esp\u00e9rance et de r\u00e9demption. Le Golgotha, soigneusement sculpt\u00e9 au pied de la croix, rappelle le sacrifice d\u2019amour supr\u00eame qu\u2019Il a accompli pour l\u2019humanit\u00e9.<br \/>\nEn retournant la croix, on d\u00e9couvre une image tout aussi puissante\u00a0: un <strong>p\u00e8lerin qui arrive sur la Place Saint-Pierre<\/strong>, symbole du chemin spirituel que chaque fid\u00e8le est appel\u00e9 \u00e0 entreprendre. Cette repr\u00e9sentation transforme la croix en une m\u00e9taphore tangible du parcours de foi, en reliant le pass\u00e9 de la tradition au pr\u00e9sent du p\u00e8lerinage jubilaire, en rappelant la devise du Jubil\u00e9 2025 \u00ab\u00a0P\u00e8lerins d\u2019Esp\u00e9rance\u00a0\u00bb.<\/p>\n<p><iframe loading=\"lazy\" title=\"Croce della Speranza GIUBILEO 2025\" width=\"1200\" height=\"675\" src=\"https:\/\/www.youtube.com\/embed\/k9tNtxwOPq8?feature=oembed\" frameborder=\"0\" allow=\"accelerometer; autoplay; clipboard-write; encrypted-media; gyroscope; picture-in-picture; web-share\" referrerpolicy=\"strict-origin-when-cross-origin\" allowfullscreen><\/iframe><\/p>\n<p>L\u2019excellence du Made in Italy se manifeste dans chaque \u00e9tape de cette cr\u00e9ation. Bottega Tifernate a r\u00e9uni deux ma\u00eetres de l\u2019art italien\u00a0: le sculpteur <strong>Fausto Schirato<\/strong>, dont les mains exp\u00e9riment\u00e9es ont fa\u00e7onn\u00e9 chaque d\u00e9tail dans le pl\u00e2tre original, et le fondeur <strong>Marino Vigolo<\/strong>, qui a donn\u00e9 vie \u00e0 l\u2019\u0153uvre en question \u00e0 travers la technique ancienne du <strong>moulage \u00e0 la cire perdue<\/strong>. Ce proc\u00e9d\u00e9 est une technique ancienne de formage m\u00e9tallique qui permet d\u2019obtenir des objets aux d\u00e9tails extr\u00eamement pr\u00e9cis. Le proc\u00e9d\u00e9 pr\u00e9voit la cr\u00e9ation d\u2019un mod\u00e8le en cire, qui est ensuite recouvert d\u2019une enveloppe en c\u00e9ramique r\u00e9fractaire. Apr\u00e8s cuisson, la cire fond, en laissant un espace creux dans lequel on coule le m\u00e9tal fondu. Une fois refroidi, le moule est cass\u00e9 afin d\u2019en extraire la pi\u00e8ce \u00e0 peaufiner. Utilis\u00e9e depuis l\u2019antiquit\u00e9 pour sculptures et objets rituels, cette technique est aujourd\u2019hui appliqu\u00e9e aussi dans des secteurs avanc\u00e9s comme le domaine a\u00e9rospatial, le biom\u00e9dical et la joaillerie, en y int\u00e9grant des technologies modernes comme l\u2019impression 3D et l\u2019intelligence artificielle. Le proc\u00e9d\u00e9 de production est un exemple de comment la tradition puisse se marier avec la pr\u00e9cision contemporaine. De la cr\u00e9ation du moulage en caoutchouc \u00e0 la coul\u00e9e du laiton, chaque phase est suivie avec une attention m\u00e9ticuleuse. La <strong>finition manuelle<\/strong>, le brunissage et le patinage conf\u00e8rent \u00e0 cette \u0153uvre ces contrastes clair-obscur qui en soulignent la tridimensionnalit\u00e9 et en garantissent l\u2019unicit\u00e9.<\/p>\n<p>La <a href=\"https:\/\/www.holyart.fr\/jubile-2025-pelerins-desperance\/vetements-du-jubile-2025\/croix-de-lesperance-pectorale-bottega-tifernate-jubile-2025\"><strong>Croix de l\u2019Esp\u00e9rance en version croix pectorale<\/strong><\/a> mesure 10 cm de hauteur et est accompagn\u00e9e d\u2019une cha\u00eene raffin\u00e9e en laiton qui rappelle dans ses formes la <strong>planim\u00e9trie de la Basilique Saint-Pierre<\/strong>. Disponible en deux longueurs, 80 ou 90 cm, la cha\u00eene avec maille queue de renard compl\u00e8te l\u2019\u0153uvre avec \u00e9l\u00e9gance et signification symbolique. L\u2019attention aux d\u00e9tails se poursuit \u00e9galement dans la pr\u00e9sentation du bijou\u00a0: chaque croix est livr\u00e9e dans un \u00e9l\u00e9gant coffret rouge, num\u00e9rot\u00e9 et certifi\u00e9. L\u2019inclusion d\u2019un QR code permet d\u2019acc\u00e9der \u00e0 un monde d\u2019informations additionnelles, en cr\u00e9ant un pont entre l\u2019artisanat traditionnel et la technologie moderne. Plusieurs versions de la m\u00eame croix ont \u00e9t\u00e9 cr\u00e9\u00e9es : en plus de la croix pectorale, il en existe une version plus grande \u00e0 exposer comme ornement \u00e0 poser ou suspendre et une en croix d\u2019autel pour les c\u00e9l\u00e9brations liturgiques.<\/p>\n<div class=\"link-product\">\n<div class=\"blocco-immagine\"><img loading=\"lazy\" decoding=\"async\" class=\"alignnone size-full wp-image-10097\" src=\"https:\/\/blog.holyart.it\/fr\/wp-content\/uploads\/sites\/14\/2025\/03\/Croix-de-lEsperance-pectorale-Bottega-Tifernate-Jubile-2025.jpg\" alt=\"Croix de l'Esp\u00e9rance pectorale Bottega Tifernate Jubil\u00e9 2025\" width=\"100\" height=\"100\" data-kale-share-title=\"Croix de l\u2019Esp\u00e9rance con\u00e7ue par Stefano Lazzari pour le Jubil\u00e9 2025\" data-kale-share-url=\"https:\/\/blog.holyart.it\/fr\/?p=10090\" \/><\/div>\n<div class=\"blocco-contenuto\">\n<div class=\"blocco-acquista\">Acheter sur Holyart:<\/div>\n<div class=\"blocco-titolo\"><a href=\"https:\/\/www.holyart.fr\/jubile-2025-pelerins-desperance\/vetements-du-jubile-2025\/croix-de-lesperance-pectorale-bottega-tifernate-jubile-2025\">Croix de l&rsquo;Esp\u00e9rance pectorale Bottega Tifernate Jubil\u00e9 2025<\/a><\/div>\n<div class=\"blocco-descrizione\">La croix pectorale, produite de forme artisanale en Italie, est accompagn\u00e9e d&rsquo;une cha\u00eene en laiton avec mailles queue de renard.<\/div>\n<\/div>\n<\/div>\n<p>Dans le contexte du Jubil\u00e9 2025, la Croix de l\u2019Esp\u00e9rance assume une signification profonde\u00a0: il ne s\u2019agit pas simplement d\u2019une d\u00e9coration, mais aussi d\u2019un t\u00e9moin silencieux de la foi, un compagnon de voyage pour les p\u00e8lerins qui se pr\u00e9pare \u00e0 vivre ce moment extraordinaire.<\/p>\n","protected":false},"excerpt":{"rendered":"<p>La Croix de l\u2019Esp\u00e9rance, cr\u00e9\u00e9e par Stefano Lazzari pour le Jubil\u00e9 2025, unit tradition m\u00e9di\u00e9vale et innovation, et symbolise le chemin de foi. R\u00e9alis\u00e9e en laiton avec finition or vieilli, elle est une excellence de l\u2019artisanat italien. Parmi les nombreuses initiatives li\u00e9es aux c\u00e9l\u00e9brations pour&hellip;<\/p>\n","protected":false},"author":1,"featured_media":10092,"comment_status":"closed","ping_status":"open","sticky":false,"template":"","format":"standard","meta":{"_acf_changed":false,"footnotes":""},"categories":[13],"tags":[],"class_list":["post-10090","post","type-post","status-publish","format-standard","has-post-thumbnail","hentry","category-jubile-2025"],"acf":[],"yoast_head":"<!-- This site is optimized with the Yoast SEO plugin v26.6 - https:\/\/yoast.com\/wordpress\/plugins\/seo\/ -->\n<title>Croix de l\u2019Esp\u00e9rance con\u00e7ue par Stefano Lazzari pour le Jubil\u00e9 2025 - Holyart.fr Blog<\/title>\n<meta name=\"description\" content=\"La Croix de l\u2019Esp\u00e9rance, cr\u00e9\u00e9e par Stefano Lazzari pour le Jubil\u00e9 2025, unit tradition m\u00e9di\u00e9vale et innovation, et symbolise le chemin de foi.\" \/>\n<meta name=\"robots\" content=\"index, follow, max-snippet:-1, max-image-preview:large, max-video-preview:-1\" \/>\n<link rel=\"canonical\" href=\"https:\/\/blog.holyart.it\/fr\/jubile-2025\/croix-de-lesperance-concue-par-stefano-lazzari-pour-le-jubile-2025\/\" \/>\n<meta property=\"og:locale\" content=\"fr_FR\" \/>\n<meta property=\"og:type\" content=\"article\" \/>\n<meta property=\"og:title\" content=\"Croix de l\u2019Esp\u00e9rance con\u00e7ue par Stefano Lazzari pour le Jubil\u00e9 2025 - Holyart.fr Blog\" \/>\n<meta property=\"og:description\" content=\"La Croix de l\u2019Esp\u00e9rance, cr\u00e9\u00e9e par Stefano Lazzari pour le Jubil\u00e9 2025, unit tradition m\u00e9di\u00e9vale et innovation, et symbolise le chemin de foi.\" \/>\n<meta property=\"og:url\" content=\"https:\/\/blog.holyart.it\/fr\/jubile-2025\/croix-de-lesperance-concue-par-stefano-lazzari-pour-le-jubile-2025\/\" \/>\n<meta property=\"og:site_name\" content=\"Holyart.fr Blog\" \/>\n<meta property=\"article:published_time\" content=\"2025-03-10T09:00:04+00:00\" \/>\n<meta property=\"article:modified_time\" content=\"2025-03-12T08:32:19+00:00\" \/>\n<meta property=\"og:image\" content=\"https:\/\/blog.holyart.it\/fr\/wp-content\/uploads\/sites\/14\/2025\/03\/Croix-de-lEsperance.jpg\" \/>\n\t<meta property=\"og:image:width\" content=\"1000\" \/>\n\t<meta property=\"og:image:height\" content=\"666\" \/>\n\t<meta property=\"og:image:type\" content=\"image\/jpeg\" \/>\n<meta name=\"author\" content=\"Redazione\" \/>\n<meta name=\"twitter:card\" content=\"summary_large_image\" \/>\n<meta name=\"twitter:label1\" content=\"\u00c9crit par\" \/>\n\t<meta name=\"twitter:data1\" content=\"Redazione\" \/>\n\t<meta name=\"twitter:label2\" content=\"Dur\u00e9e de lecture estim\u00e9e\" \/>\n\t<meta name=\"twitter:data2\" content=\"6 minutes\" \/>\n<script type=\"application\/ld+json\" class=\"yoast-schema-graph\">{\"@context\":\"https:\/\/schema.org\",\"@graph\":[{\"@type\":\"Article\",\"@id\":\"https:\/\/blog.holyart.it\/fr\/jubile-2025\/croix-de-lesperance-concue-par-stefano-lazzari-pour-le-jubile-2025\/#article\",\"isPartOf\":{\"@id\":\"https:\/\/blog.holyart.it\/fr\/jubile-2025\/croix-de-lesperance-concue-par-stefano-lazzari-pour-le-jubile-2025\/\"},\"author\":{\"name\":\"Redazione\",\"@id\":\"https:\/\/blog.holyart.it\/fr\/#\/schema\/person\/0a7b686e5af0f856ec1e390dd0baecda\"},\"headline\":\"Croix de l\u2019Esp\u00e9rance con\u00e7ue par Stefano Lazzari pour le Jubil\u00e9 2025\",\"datePublished\":\"2025-03-10T09:00:04+00:00\",\"dateModified\":\"2025-03-12T08:32:19+00:00\",\"mainEntityOfPage\":{\"@id\":\"https:\/\/blog.holyart.it\/fr\/jubile-2025\/croix-de-lesperance-concue-par-stefano-lazzari-pour-le-jubile-2025\/\"},\"wordCount\":1110,\"publisher\":{\"@id\":\"https:\/\/blog.holyart.it\/fr\/#organization\"},\"image\":{\"@id\":\"https:\/\/blog.holyart.it\/fr\/jubile-2025\/croix-de-lesperance-concue-par-stefano-lazzari-pour-le-jubile-2025\/#primaryimage\"},\"thumbnailUrl\":\"https:\/\/blog.holyart.it\/fr\/wp-content\/uploads\/sites\/14\/2025\/03\/Croix-de-lEsperance.jpg\",\"articleSection\":[\"Jubil\u00e9 2025\"],\"inLanguage\":\"fr-FR\"},{\"@type\":\"WebPage\",\"@id\":\"https:\/\/blog.holyart.it\/fr\/jubile-2025\/croix-de-lesperance-concue-par-stefano-lazzari-pour-le-jubile-2025\/\",\"url\":\"https:\/\/blog.holyart.it\/fr\/jubile-2025\/croix-de-lesperance-concue-par-stefano-lazzari-pour-le-jubile-2025\/\",\"name\":\"Croix de l\u2019Esp\u00e9rance con\u00e7ue par Stefano Lazzari pour le Jubil\u00e9 2025 - Holyart.fr Blog\",\"isPartOf\":{\"@id\":\"https:\/\/blog.holyart.it\/fr\/#website\"},\"primaryImageOfPage\":{\"@id\":\"https:\/\/blog.holyart.it\/fr\/jubile-2025\/croix-de-lesperance-concue-par-stefano-lazzari-pour-le-jubile-2025\/#primaryimage\"},\"image\":{\"@id\":\"https:\/\/blog.holyart.it\/fr\/jubile-2025\/croix-de-lesperance-concue-par-stefano-lazzari-pour-le-jubile-2025\/#primaryimage\"},\"thumbnailUrl\":\"https:\/\/blog.holyart.it\/fr\/wp-content\/uploads\/sites\/14\/2025\/03\/Croix-de-lEsperance.jpg\",\"datePublished\":\"2025-03-10T09:00:04+00:00\",\"dateModified\":\"2025-03-12T08:32:19+00:00\",\"description\":\"La Croix de l\u2019Esp\u00e9rance, cr\u00e9\u00e9e par Stefano Lazzari pour le Jubil\u00e9 2025, unit tradition m\u00e9di\u00e9vale et innovation, et symbolise le chemin de foi.\",\"breadcrumb\":{\"@id\":\"https:\/\/blog.holyart.it\/fr\/jubile-2025\/croix-de-lesperance-concue-par-stefano-lazzari-pour-le-jubile-2025\/#breadcrumb\"},\"inLanguage\":\"fr-FR\",\"potentialAction\":[{\"@type\":\"ReadAction\",\"target\":[\"https:\/\/blog.holyart.it\/fr\/jubile-2025\/croix-de-lesperance-concue-par-stefano-lazzari-pour-le-jubile-2025\/\"]}]},{\"@type\":\"ImageObject\",\"inLanguage\":\"fr-FR\",\"@id\":\"https:\/\/blog.holyart.it\/fr\/jubile-2025\/croix-de-lesperance-concue-par-stefano-lazzari-pour-le-jubile-2025\/#primaryimage\",\"url\":\"https:\/\/blog.holyart.it\/fr\/wp-content\/uploads\/sites\/14\/2025\/03\/Croix-de-lEsperance.jpg\",\"contentUrl\":\"https:\/\/blog.holyart.it\/fr\/wp-content\/uploads\/sites\/14\/2025\/03\/Croix-de-lEsperance.jpg\",\"width\":1000,\"height\":666,\"caption\":\"Croix de l\u2019Esp\u00e9rance\"},{\"@type\":\"BreadcrumbList\",\"@id\":\"https:\/\/blog.holyart.it\/fr\/jubile-2025\/croix-de-lesperance-concue-par-stefano-lazzari-pour-le-jubile-2025\/#breadcrumb\",\"itemListElement\":[{\"@type\":\"ListItem\",\"position\":1,\"name\":\"Homepage\",\"item\":\"https:\/\/blog.holyart.it\/fr\/\"},{\"@type\":\"ListItem\",\"position\":2,\"name\":\"Jubil\u00e9 2025\",\"item\":\"https:\/\/blog.holyart.it\/fr\/jubile-2025\/\"},{\"@type\":\"ListItem\",\"position\":3,\"name\":\"Croix de l\u2019Esp\u00e9rance con\u00e7ue par Stefano Lazzari pour le Jubil\u00e9 2025\"}]},{\"@type\":\"WebSite\",\"@id\":\"https:\/\/blog.holyart.it\/fr\/#website\",\"url\":\"https:\/\/blog.holyart.it\/fr\/\",\"name\":\"Holyart.fr Blog\",\"description\":\"Holyblog\",\"publisher\":{\"@id\":\"https:\/\/blog.holyart.it\/fr\/#organization\"},\"potentialAction\":[{\"@type\":\"SearchAction\",\"target\":{\"@type\":\"EntryPoint\",\"urlTemplate\":\"https:\/\/blog.holyart.it\/fr\/?s={search_term_string}\"},\"query-input\":{\"@type\":\"PropertyValueSpecification\",\"valueRequired\":true,\"valueName\":\"search_term_string\"}}],\"inLanguage\":\"fr-FR\"},{\"@type\":\"Organization\",\"@id\":\"https:\/\/blog.holyart.it\/fr\/#organization\",\"name\":\"Holyart.fr Blog\",\"url\":\"https:\/\/blog.holyart.it\/fr\/\",\"logo\":{\"@type\":\"ImageObject\",\"inLanguage\":\"fr-FR\",\"@id\":\"https:\/\/blog.holyart.it\/fr\/#\/schema\/logo\/image\/\",\"url\":\"https:\/\/blog.holyart.it\/fr\/wp-content\/uploads\/sites\/14\/2022\/12\/Holyart_Blog_Logo.jpg\",\"contentUrl\":\"https:\/\/blog.holyart.it\/fr\/wp-content\/uploads\/sites\/14\/2022\/12\/Holyart_Blog_Logo.jpg\",\"width\":300,\"height\":50,\"caption\":\"Holyart.fr Blog\"},\"image\":{\"@id\":\"https:\/\/blog.holyart.it\/fr\/#\/schema\/logo\/image\/\"}},{\"@type\":\"Person\",\"@id\":\"https:\/\/blog.holyart.it\/fr\/#\/schema\/person\/0a7b686e5af0f856ec1e390dd0baecda\",\"name\":\"Redazione\",\"image\":{\"@type\":\"ImageObject\",\"inLanguage\":\"fr-FR\",\"@id\":\"https:\/\/blog.holyart.it\/fr\/#\/schema\/person\/image\/\",\"url\":\"https:\/\/secure.gravatar.com\/avatar\/f477da817f43e50d0af36abecd33e3edf826c68299714bdc1057dff3b113f516?s=96&d=mm&r=g\",\"contentUrl\":\"https:\/\/secure.gravatar.com\/avatar\/f477da817f43e50d0af36abecd33e3edf826c68299714bdc1057dff3b113f516?s=96&d=mm&r=g\",\"caption\":\"Redazione\"},\"url\":\"https:\/\/blog.holyart.it\/fr\/author\/admin\/\"}]}<\/script>\n<!-- \/ Yoast SEO plugin. -->","yoast_head_json":{"title":"Croix de l\u2019Esp\u00e9rance con\u00e7ue par Stefano Lazzari pour le Jubil\u00e9 2025 - Holyart.fr Blog","description":"La Croix de l\u2019Esp\u00e9rance, cr\u00e9\u00e9e par Stefano Lazzari pour le Jubil\u00e9 2025, unit tradition m\u00e9di\u00e9vale et innovation, et symbolise le chemin de foi.","robots":{"index":"index","follow":"follow","max-snippet":"max-snippet:-1","max-image-preview":"max-image-preview:large","max-video-preview":"max-video-preview:-1"},"canonical":"https:\/\/blog.holyart.it\/fr\/jubile-2025\/croix-de-lesperance-concue-par-stefano-lazzari-pour-le-jubile-2025\/","og_locale":"fr_FR","og_type":"article","og_title":"Croix de l\u2019Esp\u00e9rance con\u00e7ue par Stefano Lazzari pour le Jubil\u00e9 2025 - Holyart.fr Blog","og_description":"La Croix de l\u2019Esp\u00e9rance, cr\u00e9\u00e9e par Stefano Lazzari pour le Jubil\u00e9 2025, unit tradition m\u00e9di\u00e9vale et innovation, et symbolise le chemin de foi.","og_url":"https:\/\/blog.holyart.it\/fr\/jubile-2025\/croix-de-lesperance-concue-par-stefano-lazzari-pour-le-jubile-2025\/","og_site_name":"Holyart.fr Blog","article_published_time":"2025-03-10T09:00:04+00:00","article_modified_time":"2025-03-12T08:32:19+00:00","og_image":[{"width":1000,"height":666,"url":"https:\/\/blog.holyart.it\/fr\/wp-content\/uploads\/sites\/14\/2025\/03\/Croix-de-lEsperance.jpg","type":"image\/jpeg"}],"author":"Redazione","twitter_card":"summary_large_image","twitter_misc":{"\u00c9crit par":"Redazione","Dur\u00e9e de lecture estim\u00e9e":"6 minutes"},"schema":{"@context":"https:\/\/schema.org","@graph":[{"@type":"Article","@id":"https:\/\/blog.holyart.it\/fr\/jubile-2025\/croix-de-lesperance-concue-par-stefano-lazzari-pour-le-jubile-2025\/#article","isPartOf":{"@id":"https:\/\/blog.holyart.it\/fr\/jubile-2025\/croix-de-lesperance-concue-par-stefano-lazzari-pour-le-jubile-2025\/"},"author":{"name":"Redazione","@id":"https:\/\/blog.holyart.it\/fr\/#\/schema\/person\/0a7b686e5af0f856ec1e390dd0baecda"},"headline":"Croix de l\u2019Esp\u00e9rance con\u00e7ue par Stefano Lazzari pour le Jubil\u00e9 2025","datePublished":"2025-03-10T09:00:04+00:00","dateModified":"2025-03-12T08:32:19+00:00","mainEntityOfPage":{"@id":"https:\/\/blog.holyart.it\/fr\/jubile-2025\/croix-de-lesperance-concue-par-stefano-lazzari-pour-le-jubile-2025\/"},"wordCount":1110,"publisher":{"@id":"https:\/\/blog.holyart.it\/fr\/#organization"},"image":{"@id":"https:\/\/blog.holyart.it\/fr\/jubile-2025\/croix-de-lesperance-concue-par-stefano-lazzari-pour-le-jubile-2025\/#primaryimage"},"thumbnailUrl":"https:\/\/blog.holyart.it\/fr\/wp-content\/uploads\/sites\/14\/2025\/03\/Croix-de-lEsperance.jpg","articleSection":["Jubil\u00e9 2025"],"inLanguage":"fr-FR"},{"@type":"WebPage","@id":"https:\/\/blog.holyart.it\/fr\/jubile-2025\/croix-de-lesperance-concue-par-stefano-lazzari-pour-le-jubile-2025\/","url":"https:\/\/blog.holyart.it\/fr\/jubile-2025\/croix-de-lesperance-concue-par-stefano-lazzari-pour-le-jubile-2025\/","name":"Croix de l\u2019Esp\u00e9rance con\u00e7ue par Stefano Lazzari pour le Jubil\u00e9 2025 - Holyart.fr Blog","isPartOf":{"@id":"https:\/\/blog.holyart.it\/fr\/#website"},"primaryImageOfPage":{"@id":"https:\/\/blog.holyart.it\/fr\/jubile-2025\/croix-de-lesperance-concue-par-stefano-lazzari-pour-le-jubile-2025\/#primaryimage"},"image":{"@id":"https:\/\/blog.holyart.it\/fr\/jubile-2025\/croix-de-lesperance-concue-par-stefano-lazzari-pour-le-jubile-2025\/#primaryimage"},"thumbnailUrl":"https:\/\/blog.holyart.it\/fr\/wp-content\/uploads\/sites\/14\/2025\/03\/Croix-de-lEsperance.jpg","datePublished":"2025-03-10T09:00:04+00:00","dateModified":"2025-03-12T08:32:19+00:00","description":"La Croix de l\u2019Esp\u00e9rance, cr\u00e9\u00e9e par Stefano Lazzari pour le Jubil\u00e9 2025, unit tradition m\u00e9di\u00e9vale et innovation, et symbolise le chemin de foi.","breadcrumb":{"@id":"https:\/\/blog.holyart.it\/fr\/jubile-2025\/croix-de-lesperance-concue-par-stefano-lazzari-pour-le-jubile-2025\/#breadcrumb"},"inLanguage":"fr-FR","potentialAction":[{"@type":"ReadAction","target":["https:\/\/blog.holyart.it\/fr\/jubile-2025\/croix-de-lesperance-concue-par-stefano-lazzari-pour-le-jubile-2025\/"]}]},{"@type":"ImageObject","inLanguage":"fr-FR","@id":"https:\/\/blog.holyart.it\/fr\/jubile-2025\/croix-de-lesperance-concue-par-stefano-lazzari-pour-le-jubile-2025\/#primaryimage","url":"https:\/\/blog.holyart.it\/fr\/wp-content\/uploads\/sites\/14\/2025\/03\/Croix-de-lEsperance.jpg","contentUrl":"https:\/\/blog.holyart.it\/fr\/wp-content\/uploads\/sites\/14\/2025\/03\/Croix-de-lEsperance.jpg","width":1000,"height":666,"caption":"Croix de l\u2019Esp\u00e9rance"},{"@type":"BreadcrumbList","@id":"https:\/\/blog.holyart.it\/fr\/jubile-2025\/croix-de-lesperance-concue-par-stefano-lazzari-pour-le-jubile-2025\/#breadcrumb","itemListElement":[{"@type":"ListItem","position":1,"name":"Homepage","item":"https:\/\/blog.holyart.it\/fr\/"},{"@type":"ListItem","position":2,"name":"Jubil\u00e9 2025","item":"https:\/\/blog.holyart.it\/fr\/jubile-2025\/"},{"@type":"ListItem","position":3,"name":"Croix de l\u2019Esp\u00e9rance con\u00e7ue par Stefano Lazzari pour le Jubil\u00e9 2025"}]},{"@type":"WebSite","@id":"https:\/\/blog.holyart.it\/fr\/#website","url":"https:\/\/blog.holyart.it\/fr\/","name":"Holyart.fr Blog","description":"Holyblog","publisher":{"@id":"https:\/\/blog.holyart.it\/fr\/#organization"},"potentialAction":[{"@type":"SearchAction","target":{"@type":"EntryPoint","urlTemplate":"https:\/\/blog.holyart.it\/fr\/?s={search_term_string}"},"query-input":{"@type":"PropertyValueSpecification","valueRequired":true,"valueName":"search_term_string"}}],"inLanguage":"fr-FR"},{"@type":"Organization","@id":"https:\/\/blog.holyart.it\/fr\/#organization","name":"Holyart.fr Blog","url":"https:\/\/blog.holyart.it\/fr\/","logo":{"@type":"ImageObject","inLanguage":"fr-FR","@id":"https:\/\/blog.holyart.it\/fr\/#\/schema\/logo\/image\/","url":"https:\/\/blog.holyart.it\/fr\/wp-content\/uploads\/sites\/14\/2022\/12\/Holyart_Blog_Logo.jpg","contentUrl":"https:\/\/blog.holyart.it\/fr\/wp-content\/uploads\/sites\/14\/2022\/12\/Holyart_Blog_Logo.jpg","width":300,"height":50,"caption":"Holyart.fr Blog"},"image":{"@id":"https:\/\/blog.holyart.it\/fr\/#\/schema\/logo\/image\/"}},{"@type":"Person","@id":"https:\/\/blog.holyart.it\/fr\/#\/schema\/person\/0a7b686e5af0f856ec1e390dd0baecda","name":"Redazione","image":{"@type":"ImageObject","inLanguage":"fr-FR","@id":"https:\/\/blog.holyart.it\/fr\/#\/schema\/person\/image\/","url":"https:\/\/secure.gravatar.com\/avatar\/f477da817f43e50d0af36abecd33e3edf826c68299714bdc1057dff3b113f516?s=96&d=mm&r=g","contentUrl":"https:\/\/secure.gravatar.com\/avatar\/f477da817f43e50d0af36abecd33e3edf826c68299714bdc1057dff3b113f516?s=96&d=mm&r=g","caption":"Redazione"},"url":"https:\/\/blog.holyart.it\/fr\/author\/admin\/"}]}},"_links":{"self":[{"href":"https:\/\/blog.holyart.it\/fr\/wp-json\/wp\/v2\/posts\/10090","targetHints":{"allow":["GET"]}}],"collection":[{"href":"https:\/\/blog.holyart.it\/fr\/wp-json\/wp\/v2\/posts"}],"about":[{"href":"https:\/\/blog.holyart.it\/fr\/wp-json\/wp\/v2\/types\/post"}],"author":[{"embeddable":true,"href":"https:\/\/blog.holyart.it\/fr\/wp-json\/wp\/v2\/users\/1"}],"replies":[{"embeddable":true,"href":"https:\/\/blog.holyart.it\/fr\/wp-json\/wp\/v2\/comments?post=10090"}],"version-history":[{"count":4,"href":"https:\/\/blog.holyart.it\/fr\/wp-json\/wp\/v2\/posts\/10090\/revisions"}],"predecessor-version":[{"id":10098,"href":"https:\/\/blog.holyart.it\/fr\/wp-json\/wp\/v2\/posts\/10090\/revisions\/10098"}],"wp:featuredmedia":[{"embeddable":true,"href":"https:\/\/blog.holyart.it\/fr\/wp-json\/wp\/v2\/media\/10092"}],"wp:attachment":[{"href":"https:\/\/blog.holyart.it\/fr\/wp-json\/wp\/v2\/media?parent=10090"}],"wp:term":[{"taxonomy":"category","embeddable":true,"href":"https:\/\/blog.holyart.it\/fr\/wp-json\/wp\/v2\/categories?post=10090"},{"taxonomy":"post_tag","embeddable":true,"href":"https:\/\/blog.holyart.it\/fr\/wp-json\/wp\/v2\/tags?post=10090"}],"curies":[{"name":"wp","href":"https:\/\/api.w.org\/{rel}","templated":true}]}}