{"id":10075,"date":"2025-04-28T10:00:02","date_gmt":"2025-04-28T08:00:02","guid":{"rendered":"https:\/\/blog.holyart.it\/fr\/?p=10075"},"modified":"2026-04-07T17:06:30","modified_gmt":"2026-04-07T15:06:30","slug":"saint-efisio-et-la-fete-la-plus-celebre-de-la-sardaigne","status":"publish","type":"post","link":"https:\/\/blog.holyart.it\/fr\/saints-et-bienheureux\/saint-efisio-et-la-fete-la-plus-celebre-de-la-sardaigne\/","title":{"rendered":"Saint Efisio et la f\u00eate la plus c\u00e9l\u00e8bre de la Sardaigne"},"content":{"rendered":"<h4>Saint Efisio Martyr sauva la ville de Cagliari de la peste et, depuis lors, est souvenu le 1er mai avec une procession solennelle parmi les plus anciennes et les plus longues d\u2019Europe.<\/h4>\n<p>Le <strong>1<sup>er<\/sup> mai<\/strong>, Cagliari ey la Sardaigne enti\u00e8re f\u00eatent <a href=\"https:\/\/www.holyart.fr\/articles-religieux\/statues\/statues-en-resine-et-pvc\/saint-ephysius-statue-resine-20-cm\"><strong>Saint Efisio Martyr<\/strong><\/a>. Sa statue est pr\u00e9lev\u00e9e de l\u2019\u00e9glise dans le quartier de Stampace et emmen\u00e9e en procession dans les rues de la ville jusqu\u2019\u00e0 <strong>Pula<\/strong>, petite commune de la ville m\u00e9tropolitaine de Cagliari, et ensuite \u00e0 la <strong>plage de Nora<\/strong>, le site arch\u00e9ologique \u00e0 proximit\u00e9 remontant \u00e0 la p\u00e9riode ph\u00e9nicienne et romaine, o\u00f9 se situe une petite \u00e9glise en style roman, exactement \u00e0 l\u2019endroit o\u00f9 Efisio aurait \u00e9t\u00e9 d\u00e9capit\u00e9.<\/p>\n<div class=\"link-product\">\n<div class=\"blocco-immagine\"><img loading=\"lazy\" decoding=\"async\" class=\"alignnone size-full wp-image-10077\" src=\"https:\/\/blog.holyart.it\/fr\/wp-content\/uploads\/sites\/14\/2025\/03\/Saint-Ephysius-statue-resine-20-cm.jpg\" alt=\"Saint Ephysius statue r\u00e9sine 20 cm\" width=\"100\" height=\"100\" data-kale-share-title=\"Saint Efisio et la f\u00eate la plus c\u00e9l\u00e8bre de la Sardaigne\" data-kale-share-url=\"https:\/\/blog.holyart.it\/fr\/?p=10075\" \/><\/div>\n<div class=\"blocco-contenuto\">\n<div class=\"blocco-acquista\">Acheter sur Holyart:<\/div>\n<div class=\"blocco-titolo\"><a href=\"https:\/\/www.holyart.fr\/articles-religieux\/statues\/statues-en-resine-et-pvc\/saint-ephysius-statue-resine-20-cm\">Saint Ephysius statue r\u00e9sine 20 cm<\/a><\/div>\n<div class=\"blocco-descrizione\">Statue en r\u00e9sine de Saint Ephysius, martyr qui pr\u00e9diqua le Christianisme dans une Sardaigne pa\u00efenne, peinte avec des couleurs vives.<\/div>\n<\/div>\n<\/div>\n<p>Au moins <strong>trois statues de Saint Efisio<\/strong> sont conserv\u00e9es dans la <strong>petite \u00e9glise de Stampace<\/strong>. La plus r\u00e9cente, expos\u00e9e au mus\u00e9e arch\u00e9ologique, a \u00e9t\u00e9 command\u00e9e au XVIIIe si\u00e8cle \u00e0 l\u2019artiste <em>Giuseppe Antonio Lonis<\/em> et est celle qui est utilis\u00e9e \u00e0 l\u2019occasion du Jeudi Saint, lorsqu\u2019elle est conduite dans le traditionnel tour des sept \u00e9glises, le Lundi de P\u00e2ques et lors de la procession du 15 janvier.<\/p>\n<p>La statue la plus ancienne est celle de <em>Sant\u2019Efis Sballiau<\/em> (Saint Efisio incorrect), qui remonte au XVIe si\u00e8cle. L\u2019appellation \u00ab\u00a0incorrect\u00a0\u00bb vient du fait que le Saint a \u00e9t\u00e9 repr\u00e9sent\u00e9 avec le stigmate sur la main gauche et le palmier du martyre dans la droite et sont donc invers\u00e9s.<\/p>\n<p>Enfin, il y a la <em>statue du 1<sup>er<\/sup> mai<\/em>, utilis\u00e9e pour la <strong>f\u00eate de Saint Efisio \u00e0 Pula<\/strong>, et qui est emmen\u00e9e en procession de Cagliari \u00e0 Nora et revient entre le 1er et le 4 mai, en rappelant les \u00e9tapes du martyre, du lieu d\u2019emprisonnement jusqu\u2019\u00e0 celui de la mort du saint, la plage de Nora justement. On part de Cagliari, en voyageant vers Pula et en passant par Capoterra, Sarroch et Villa San Pietro, et ensuite de Pula on arrive \u00e0 Nora, o\u00f9 la statue reste pendant deux jours de c\u00e9l\u00e9brations. La statue remonte au XVIIe si\u00e8cle et repr\u00e9sente le Saint en version espagnole avec bouc, moustache et habits d\u2019aristocrate.<\/p>\n<p>Le Saint est tr\u00e8s v\u00e9n\u00e9r\u00e9 \u00e9galement \u00e0 <strong>Pise<\/strong>, o\u00f9 il est f\u00eat\u00e9 le <strong>13 novembre<\/strong>. Ce n\u2019est qu\u2019en 2011 que Cagliari a pu obtenir les <strong>reliques de Saint Efisio<\/strong> qui se trouvaient avant \u00e0 Pise, o\u00f9 elles \u00e9taient expos\u00e9es \u00e0 l\u2019occasion du deuxi\u00e8me dimanche de P\u00e2ques.<\/p>\n<p><img loading=\"lazy\" decoding=\"async\" class=\"alignnone size-full wp-image-10080\" src=\"https:\/\/blog.holyart.it\/fr\/wp-content\/uploads\/sites\/14\/2025\/03\/procession-Saint-Efisio.jpg\" alt=\"procession Saint Efisio\" width=\"1000\" height=\"666\" data-kale-share-title=\"Saint Efisio et la f\u00eate la plus c\u00e9l\u00e8bre de la Sardaigne\" data-kale-share-url=\"https:\/\/blog.holyart.it\/fr\/?p=10075\" \/><\/p>\n<h2>Quand f\u00eate-on Saint Efisio<\/h2>\n<p>L\u2019\u00c9glise a \u00e9tabli sa m\u00e9moire liturgique le <strong>15 janvier<\/strong>, mais c\u2019est le <strong>1<sup>er<\/sup> mai<\/strong> que la grande f\u00eate, dite <strong><em>festa di sant\u2019Efis su martiri gloriosu<\/em><\/strong>, a lieu afin de rappeler le miracle avec lequel le Saint <strong>libera Cagliari de la peste<\/strong> en 1656. Ce fut \u00e0 cette occasion que les conseillers de la ville prononc\u00e8rent le <strong>V\u0153u perp\u00e9tuel<\/strong> qui, depuis lors, lie la ville \u00e0 Saint Efisio avec la promesse de le f\u00eater chaque ann\u00e9e.<\/p>\n<p>M\u00eame pendant P\u00e2ques, le <a href=\"https:\/\/www.holyart.fr\/blog\/articles-religieux\/messe-du-chrisme-et-la-benediction-des-huiles-saintes\/\"><strong><u>Jeudi Saint<\/u><\/strong><\/a>, la statue du Saint est retir\u00e9e de son si\u00e8ge habituel, dans la <strong>petite \u00e9glise de Stampace<\/strong>, et conduite en procession dans les sept \u00e9glises historiques de la ville, tandis que le lundi de l\u2019Ange elle est amen\u00e9e dans la cath\u00e9drale afin de rappeler un autre miracle et un autre V\u0153u prononc\u00e9 en <strong>1793<\/strong>, quand le Saint pr\u00e9serva la ville des bombardements de l\u2019arm\u00e9e r\u00e9volutionnaire fran\u00e7aise.<\/p>\n<div class=\"link-article\">\n<p><img loading=\"lazy\" decoding=\"async\" class=\"alignnone size-full wp-image-10082\" src=\"https:\/\/blog.holyart.it\/fr\/wp-content\/uploads\/sites\/14\/2025\/03\/Messe-du-Chrisme-et-la-benediction-des-huiles-saintes.jpg\" alt=\"Messe du Chrisme et la b\u00e9n\u00e9diction des huiles saintes\" width=\"150\" height=\"99\" data-kale-share-title=\"Saint Efisio et la f\u00eate la plus c\u00e9l\u00e8bre de la Sardaigne\" data-kale-share-url=\"https:\/\/blog.holyart.it\/fr\/?p=10075\" \/><\/p>\n<div class=\"leggi-anche\">Lire aussi :<\/div>\n<p><strong><a href=\"https:\/\/www.holyart.fr\/blog\/paques\/messe-du-chrisme-et-la-benediction-des-huiles-saintes\/\">Messe du Chrisme et la b\u00e9n\u00e9diction des huiles saintes<\/a><\/strong><br \/>\nLa messe du chrisme c\u00e9l\u00e8bre le myst\u00e8re de l\u2019\u00e9glise, son unit\u00e9 et communion, en attendant P\u00e2ques. C\u2019est \u00e9galement l\u2019occasion de&#8230;<\/p>\n<\/div>\n<p>C\u2019est l\u2019<strong>Arciconfraternita del Golfalone e di Sant\u2019Efisio <a href=\"https:\/\/www.holyart.fr\/blog\/articles-religieux\/saints-martyrs-sacrifier-sa-vie-au-nom-de-dieu\/\"><u>Martire<\/u><\/a><\/strong> qui s\u2019occupe des c\u00e9l\u00e9brations en l\u2019honneur du Saint. \u00c0 l\u2019occasion de la grande f\u00eate du 1er mai, des groupes de <strong>figurants en costume traditionnel<\/strong> provenant de toute la Sardaigne se rendent \u00e0 Cagliari. La procession qui se tient \u00e0 partir du 1er mai est <strong>une des plus anciennes et des plus longues d\u2019Europe<\/strong>\u00a0: on parcourt en effet 65 km \u00e0 pied en 4 jours.<\/p>\n<p>Chaque ann\u00e9e, en vue de la f\u00eate, l\u2019Archiconfr\u00e9rie \u00e9lit un <strong>Troisi\u00e8me gardien<\/strong>, qui devra planifier chaque aspect de la c\u00e9l\u00e9bration avec un repr\u00e9sentant de la municipalit\u00e9 appel\u00e9 Alter Nos. Le 25 avril, un char dor\u00e9 train\u00e9 par deux b\u0153ufs est conduit dans l\u2019\u00e9glise et b\u00e9ni. Le 29, la statue de Saint Efisio est rev\u00eatue et d\u00e9cor\u00e9e de bijoux en or et d\u2019<em>ex-votos<\/em>. Le matin du 1<sup>er<\/sup> mai, les b\u0153ufs aussi sont d\u00e9cor\u00e9s de couronnes de fleurs et le Troisi\u00e8me gardien et l\u2019<em>Alter Nos<\/em> d\u00e9clarent les c\u00e9l\u00e9brations ouvertes en assistant \u00e0 la messe dans l\u2019\u00e9glise de Stampace.<\/p>\n<div class=\"link-article\">\n<p><img loading=\"lazy\" decoding=\"async\" class=\"alignnone size-full wp-image-10084\" src=\"https:\/\/blog.holyart.it\/fr\/wp-content\/uploads\/sites\/14\/2025\/03\/Saints-Martyrs-sacrifier-sa-vie-au-nom-de-Dieu.jpg\" alt=\"Saints Martyrs sacrifier sa vie au nom de Dieu\" width=\"150\" height=\"99\" data-kale-share-title=\"Saint Efisio et la f\u00eate la plus c\u00e9l\u00e8bre de la Sardaigne\" data-kale-share-url=\"https:\/\/blog.holyart.it\/fr\/?p=10075\" \/><\/p>\n<div class=\"leggi-anche\">Lire aussi :<\/div>\n<p><strong><a href=\"https:\/\/www.holyart.fr\/blog\/articles-religieux\/saints-martyrs-sacrifier-sa-vie-au-nom-de-dieu\/\">Saints Martyrs : sacrifier sa vie au nom de Dieu<\/a><\/strong><br \/>\nLes Saints Martyrs sont des hommes et des femmes, souvent tr\u00e8s jeunes, qui ont sacrifi\u00e9 leur vie pour amour de Dieu et&#8230;<\/p>\n<\/div>\n<p>\u00c0 la procession participe plus de 3000 personnes en v\u00eatements traditionnels, plus de deux cents chevaliers, les Campidanesi, les Miliziani et la Guardiania. F\u00eate religieuse et folklore s\u2019unissent au festival de Saint Efisio, entre chants, couleurs, suggestions fascinantes qui attirent des milliers de fid\u00e8les et de visiteurs. On avance sur un tapis de fleurs roses, rouges et jaunes, selon le rituel <em>de sa ramadura<\/em> et l\u2019air est empli par les huiles essentielles parfum\u00e9es et les poignants chants religieux des quatre formations <em>a \u00ab\u00a0cuncordu\u00a0\u00bb<\/em>. Des chars d\u00e9cor\u00e9s de fleurs et de fruits, les <em>traccas<\/em>, forment l\u2019escorte du char portant la statue du Saint.<\/p>\n<p>La F\u00eate de Saint Efisio est arriv\u00e9e \u00e0 sa 366<sup>\u00e8me<\/sup> \u00e9dition et est destin\u00e9e \u00e0 entrer dans le Patrimoine Immat\u00e9riel de l\u2019Humanit\u00e9 de l\u2019<strong>Unesco<\/strong>.<\/p>\n<h2>Pourquoi Saint Efisio est si important pour Cagliari<\/h2>\n<p>Efisio \u00e9tait originaire d\u2019Antioche, en Asie mineur, o\u00f9 il naquit autour de 250 apr. J.-C. de m\u00e8re pa\u00efenne et p\u00e8re chr\u00e9tien. Grandi en adorant les dieux orientaux, il s\u2019unit \u00e0 l\u2019arm\u00e9e imp\u00e9riale et, sous Diocl\u00e9tien, il pers\u00e9cuta durement les chr\u00e9tiens. Arriv\u00e9 en Italie avec l\u2019arm\u00e9e, une nuit, une <strong>Croix<\/strong> resplendissant parmi les nuages lui apparut et une voix provenant du Ciel le condamna pour sa violence contre les chr\u00e9tiens. Efisio comprit que c\u2019\u00e9tait J\u00e9sus qui lui avait parl\u00e9 et <strong>se convertit<\/strong> tout de suite, quitta l\u2019arm\u00e9e et commen\u00e7a \u00e0 pr\u00eacher l\u2019\u00c9vangile. Ce furent ses pr\u00e9dications qui le conduisirent en Sardaigne et d\u2019ici il \u00e9crivit \u00e0 l\u2019empereur en personne, en lui intimant de se convertir \u00e0 son tour. Diocl\u00e9tien le fit arr\u00eater et le condamna \u00e0 mort. Mais quelques soient les tortures, ses blessures cicatrisaient toujours et ce miracle lui valait de plus en plus de sympathisants et de disciples. Il fut d\u00e9capit\u00e9 \u00e0 Nora le 15 janvier 303 apr. J.-C., en invoquant la protection de Dieu sur l\u2019\u00eele enti\u00e8re.<\/p>\n<p>Les habitants de Cagliari attribuent \u00e0 Saint Efisio de <a href=\"https:\/\/www.holyart.fr\/blog\/articles-religieux\/les-miracles-que-sont-ils-et-comment-les-classifie-t-on\/\"><strong><u>nombreux miracles<\/u><\/strong><\/a>. Le plus important est li\u00e9 \u00e0 la vague de <strong>peste<\/strong> qui s\u2019abattit sur la ville au printemps 1656. La maladie, arriv\u00e9e en Sardaigne de la Catalogne par un voilier, provoqua de tr\u00e8s nombreuses victimes, dix milles rien qu\u2019\u00e0 Cagliari, \u00e0 partir de l\u2019archev\u00eaque de la ville. Saint Efisio apparut au vice-roi de l\u2019\u00eele, en lui demandant de <strong>prononcer un V\u0153u perp\u00e9tuel<\/strong>. En \u00e9change, il aurait sauv\u00e9 la ville. La peste disparut avec les pluies de septembre et, \u00e0 partir de l\u2019ann\u00e9e suivante, et sans interruption, Cagliari respecte son v\u0153u en offrant au Saint la procession du 1<sup>er<\/sup> mai.<\/p>\n<div class=\"link-article\">\n<p><img loading=\"lazy\" decoding=\"async\" class=\"alignnone size-full wp-image-10087\" src=\"https:\/\/blog.holyart.it\/fr\/wp-content\/uploads\/sites\/14\/2025\/03\/Les-miracles.jpg\" alt=\"Les miracles\" width=\"150\" height=\"99\" data-kale-share-title=\"Saint Efisio et la f\u00eate la plus c\u00e9l\u00e8bre de la Sardaigne\" data-kale-share-url=\"https:\/\/blog.holyart.it\/fr\/?p=10075\" \/><\/p>\n<div class=\"leggi-anche\">Lire aussi :<\/div>\n<p><strong><a href=\"https:\/\/www.holyart.fr\/blog\/articles-religieux\/les-miracles-que-sont-ils-et-comment-les-classifie-t-on\/\">Les miracles : que sont-ils et comment les classifie-t-on<\/a><\/strong><br \/>\nGu\u00e9risons et exorcismes, apparitions, domination sur la nature, jusqu\u2019\u00e0 la r\u00e9surrection des morts. J\u00e9sus et ses miracles, un patrimoine d\u2019histoire&#8230;<\/p>\n<\/div>\n","protected":false},"excerpt":{"rendered":"<p>Saint Efisio Martyr sauva la ville de Cagliari de la peste et, depuis lors, est souvenu le 1er mai avec une procession solennelle parmi les plus anciennes et les plus longues d\u2019Europe. Le 1er mai, Cagliari ey la Sardaigne enti\u00e8re f\u00eatent Saint Efisio Martyr. Sa&hellip;<\/p>\n","protected":false},"author":1,"featured_media":10079,"comment_status":"closed","ping_status":"open","sticky":false,"template":"","format":"standard","meta":{"_acf_changed":false,"footnotes":""},"categories":[7],"tags":[],"class_list":["post-10075","post","type-post","status-publish","format-standard","has-post-thumbnail","hentry","category-saints-et-bienheureux"],"acf":[],"yoast_head":"<!-- This site is optimized with the Yoast SEO plugin v26.6 - https:\/\/yoast.com\/wordpress\/plugins\/seo\/ -->\n<title>Saint Efisio et la f\u00eate la plus c\u00e9l\u00e8bre de la Sardaigne - Holyart.fr Blog<\/title>\n<meta name=\"description\" content=\"Saint Efisio Martyr sauva la ville de Cagliari de la peste et, depuis lors, est souvenu le 1er mai avec une procession solennelle parmi les plus anciennes et les plus longues d\u2019Europe.\" \/>\n<meta name=\"robots\" content=\"index, follow, max-snippet:-1, max-image-preview:large, max-video-preview:-1\" \/>\n<link rel=\"canonical\" href=\"https:\/\/blog.holyart.it\/fr\/saints-et-bienheureux\/saint-efisio-et-la-fete-la-plus-celebre-de-la-sardaigne\/\" \/>\n<meta property=\"og:locale\" content=\"fr_FR\" \/>\n<meta property=\"og:type\" content=\"article\" \/>\n<meta property=\"og:title\" content=\"Saint Efisio et la f\u00eate la plus c\u00e9l\u00e8bre de la Sardaigne - Holyart.fr Blog\" \/>\n<meta property=\"og:description\" content=\"Saint Efisio Martyr sauva la ville de Cagliari de la peste et, depuis lors, est souvenu le 1er mai avec une procession solennelle parmi les plus anciennes et les plus longues d\u2019Europe.\" \/>\n<meta property=\"og:url\" content=\"https:\/\/blog.holyart.it\/fr\/saints-et-bienheureux\/saint-efisio-et-la-fete-la-plus-celebre-de-la-sardaigne\/\" \/>\n<meta property=\"og:site_name\" content=\"Holyart.fr Blog\" \/>\n<meta property=\"article:published_time\" content=\"2025-04-28T08:00:02+00:00\" \/>\n<meta property=\"article:modified_time\" content=\"2026-04-07T15:06:30+00:00\" \/>\n<meta property=\"og:image\" content=\"https:\/\/blog.holyart.it\/fr\/wp-content\/uploads\/sites\/14\/2025\/03\/Saint-Efisio.jpg\" \/>\n\t<meta property=\"og:image:width\" content=\"1000\" \/>\n\t<meta property=\"og:image:height\" content=\"666\" \/>\n\t<meta property=\"og:image:type\" content=\"image\/jpeg\" \/>\n<meta name=\"author\" content=\"Redazione\" \/>\n<meta name=\"twitter:card\" content=\"summary_large_image\" \/>\n<meta name=\"twitter:label1\" content=\"\u00c9crit par\" \/>\n\t<meta name=\"twitter:data1\" content=\"Redazione\" \/>\n\t<meta name=\"twitter:label2\" content=\"Dur\u00e9e de lecture estim\u00e9e\" \/>\n\t<meta name=\"twitter:data2\" content=\"8 minutes\" \/>\n<script type=\"application\/ld+json\" class=\"yoast-schema-graph\">{\"@context\":\"https:\/\/schema.org\",\"@graph\":[{\"@type\":\"Article\",\"@id\":\"https:\/\/blog.holyart.it\/fr\/saints-et-bienheureux\/saint-efisio-et-la-fete-la-plus-celebre-de-la-sardaigne\/#article\",\"isPartOf\":{\"@id\":\"https:\/\/blog.holyart.it\/fr\/saints-et-bienheureux\/saint-efisio-et-la-fete-la-plus-celebre-de-la-sardaigne\/\"},\"author\":{\"name\":\"Redazione\",\"@id\":\"https:\/\/blog.holyart.it\/fr\/#\/schema\/person\/0a7b686e5af0f856ec1e390dd0baecda\"},\"headline\":\"Saint Efisio et la f\u00eate la plus c\u00e9l\u00e8bre de la Sardaigne\",\"datePublished\":\"2025-04-28T08:00:02+00:00\",\"dateModified\":\"2026-04-07T15:06:30+00:00\",\"mainEntityOfPage\":{\"@id\":\"https:\/\/blog.holyart.it\/fr\/saints-et-bienheureux\/saint-efisio-et-la-fete-la-plus-celebre-de-la-sardaigne\/\"},\"wordCount\":1384,\"publisher\":{\"@id\":\"https:\/\/blog.holyart.it\/fr\/#organization\"},\"image\":{\"@id\":\"https:\/\/blog.holyart.it\/fr\/saints-et-bienheureux\/saint-efisio-et-la-fete-la-plus-celebre-de-la-sardaigne\/#primaryimage\"},\"thumbnailUrl\":\"https:\/\/blog.holyart.it\/fr\/wp-content\/uploads\/sites\/14\/2025\/03\/Saint-Efisio.jpg\",\"articleSection\":[\"Saints et Bienheureux\"],\"inLanguage\":\"fr-FR\"},{\"@type\":\"WebPage\",\"@id\":\"https:\/\/blog.holyart.it\/fr\/saints-et-bienheureux\/saint-efisio-et-la-fete-la-plus-celebre-de-la-sardaigne\/\",\"url\":\"https:\/\/blog.holyart.it\/fr\/saints-et-bienheureux\/saint-efisio-et-la-fete-la-plus-celebre-de-la-sardaigne\/\",\"name\":\"Saint Efisio et la f\u00eate la plus c\u00e9l\u00e8bre de la Sardaigne - Holyart.fr Blog\",\"isPartOf\":{\"@id\":\"https:\/\/blog.holyart.it\/fr\/#website\"},\"primaryImageOfPage\":{\"@id\":\"https:\/\/blog.holyart.it\/fr\/saints-et-bienheureux\/saint-efisio-et-la-fete-la-plus-celebre-de-la-sardaigne\/#primaryimage\"},\"image\":{\"@id\":\"https:\/\/blog.holyart.it\/fr\/saints-et-bienheureux\/saint-efisio-et-la-fete-la-plus-celebre-de-la-sardaigne\/#primaryimage\"},\"thumbnailUrl\":\"https:\/\/blog.holyart.it\/fr\/wp-content\/uploads\/sites\/14\/2025\/03\/Saint-Efisio.jpg\",\"datePublished\":\"2025-04-28T08:00:02+00:00\",\"dateModified\":\"2026-04-07T15:06:30+00:00\",\"description\":\"Saint Efisio Martyr sauva la ville de Cagliari de la peste et, depuis lors, est souvenu le 1er mai avec une procession solennelle parmi les plus anciennes et les plus longues d\u2019Europe.\",\"breadcrumb\":{\"@id\":\"https:\/\/blog.holyart.it\/fr\/saints-et-bienheureux\/saint-efisio-et-la-fete-la-plus-celebre-de-la-sardaigne\/#breadcrumb\"},\"inLanguage\":\"fr-FR\",\"potentialAction\":[{\"@type\":\"ReadAction\",\"target\":[\"https:\/\/blog.holyart.it\/fr\/saints-et-bienheureux\/saint-efisio-et-la-fete-la-plus-celebre-de-la-sardaigne\/\"]}]},{\"@type\":\"ImageObject\",\"inLanguage\":\"fr-FR\",\"@id\":\"https:\/\/blog.holyart.it\/fr\/saints-et-bienheureux\/saint-efisio-et-la-fete-la-plus-celebre-de-la-sardaigne\/#primaryimage\",\"url\":\"https:\/\/blog.holyart.it\/fr\/wp-content\/uploads\/sites\/14\/2025\/03\/Saint-Efisio.jpg\",\"contentUrl\":\"https:\/\/blog.holyart.it\/fr\/wp-content\/uploads\/sites\/14\/2025\/03\/Saint-Efisio.jpg\",\"width\":1000,\"height\":666,\"caption\":\"Saint Efisio\"},{\"@type\":\"BreadcrumbList\",\"@id\":\"https:\/\/blog.holyart.it\/fr\/saints-et-bienheureux\/saint-efisio-et-la-fete-la-plus-celebre-de-la-sardaigne\/#breadcrumb\",\"itemListElement\":[{\"@type\":\"ListItem\",\"position\":1,\"name\":\"Homepage\",\"item\":\"https:\/\/blog.holyart.it\/fr\/\"},{\"@type\":\"ListItem\",\"position\":2,\"name\":\"Saints et Bienheureux\",\"item\":\"https:\/\/blog.holyart.it\/fr\/saints-et-bienheureux\/\"},{\"@type\":\"ListItem\",\"position\":3,\"name\":\"Saint Efisio et la f\u00eate la plus c\u00e9l\u00e8bre de la Sardaigne\"}]},{\"@type\":\"WebSite\",\"@id\":\"https:\/\/blog.holyart.it\/fr\/#website\",\"url\":\"https:\/\/blog.holyart.it\/fr\/\",\"name\":\"Holyart.fr Blog\",\"description\":\"Holyblog\",\"publisher\":{\"@id\":\"https:\/\/blog.holyart.it\/fr\/#organization\"},\"potentialAction\":[{\"@type\":\"SearchAction\",\"target\":{\"@type\":\"EntryPoint\",\"urlTemplate\":\"https:\/\/blog.holyart.it\/fr\/?s={search_term_string}\"},\"query-input\":{\"@type\":\"PropertyValueSpecification\",\"valueRequired\":true,\"valueName\":\"search_term_string\"}}],\"inLanguage\":\"fr-FR\"},{\"@type\":\"Organization\",\"@id\":\"https:\/\/blog.holyart.it\/fr\/#organization\",\"name\":\"Holyart.fr Blog\",\"url\":\"https:\/\/blog.holyart.it\/fr\/\",\"logo\":{\"@type\":\"ImageObject\",\"inLanguage\":\"fr-FR\",\"@id\":\"https:\/\/blog.holyart.it\/fr\/#\/schema\/logo\/image\/\",\"url\":\"https:\/\/blog.holyart.it\/fr\/wp-content\/uploads\/sites\/14\/2022\/12\/Holyart_Blog_Logo.jpg\",\"contentUrl\":\"https:\/\/blog.holyart.it\/fr\/wp-content\/uploads\/sites\/14\/2022\/12\/Holyart_Blog_Logo.jpg\",\"width\":300,\"height\":50,\"caption\":\"Holyart.fr Blog\"},\"image\":{\"@id\":\"https:\/\/blog.holyart.it\/fr\/#\/schema\/logo\/image\/\"}},{\"@type\":\"Person\",\"@id\":\"https:\/\/blog.holyart.it\/fr\/#\/schema\/person\/0a7b686e5af0f856ec1e390dd0baecda\",\"name\":\"Redazione\",\"image\":{\"@type\":\"ImageObject\",\"inLanguage\":\"fr-FR\",\"@id\":\"https:\/\/blog.holyart.it\/fr\/#\/schema\/person\/image\/\",\"url\":\"https:\/\/secure.gravatar.com\/avatar\/f477da817f43e50d0af36abecd33e3edf826c68299714bdc1057dff3b113f516?s=96&d=mm&r=g\",\"contentUrl\":\"https:\/\/secure.gravatar.com\/avatar\/f477da817f43e50d0af36abecd33e3edf826c68299714bdc1057dff3b113f516?s=96&d=mm&r=g\",\"caption\":\"Redazione\"},\"url\":\"https:\/\/blog.holyart.it\/fr\/author\/admin\/\"}]}<\/script>\n<!-- \/ Yoast SEO plugin. -->","yoast_head_json":{"title":"Saint Efisio et la f\u00eate la plus c\u00e9l\u00e8bre de la Sardaigne - Holyart.fr Blog","description":"Saint Efisio Martyr sauva la ville de Cagliari de la peste et, depuis lors, est souvenu le 1er mai avec une procession solennelle parmi les plus anciennes et les plus longues d\u2019Europe.","robots":{"index":"index","follow":"follow","max-snippet":"max-snippet:-1","max-image-preview":"max-image-preview:large","max-video-preview":"max-video-preview:-1"},"canonical":"https:\/\/blog.holyart.it\/fr\/saints-et-bienheureux\/saint-efisio-et-la-fete-la-plus-celebre-de-la-sardaigne\/","og_locale":"fr_FR","og_type":"article","og_title":"Saint Efisio et la f\u00eate la plus c\u00e9l\u00e8bre de la Sardaigne - Holyart.fr Blog","og_description":"Saint Efisio Martyr sauva la ville de Cagliari de la peste et, depuis lors, est souvenu le 1er mai avec une procession solennelle parmi les plus anciennes et les plus longues d\u2019Europe.","og_url":"https:\/\/blog.holyart.it\/fr\/saints-et-bienheureux\/saint-efisio-et-la-fete-la-plus-celebre-de-la-sardaigne\/","og_site_name":"Holyart.fr Blog","article_published_time":"2025-04-28T08:00:02+00:00","article_modified_time":"2026-04-07T15:06:30+00:00","og_image":[{"width":1000,"height":666,"url":"https:\/\/blog.holyart.it\/fr\/wp-content\/uploads\/sites\/14\/2025\/03\/Saint-Efisio.jpg","type":"image\/jpeg"}],"author":"Redazione","twitter_card":"summary_large_image","twitter_misc":{"\u00c9crit par":"Redazione","Dur\u00e9e de lecture estim\u00e9e":"8 minutes"},"schema":{"@context":"https:\/\/schema.org","@graph":[{"@type":"Article","@id":"https:\/\/blog.holyart.it\/fr\/saints-et-bienheureux\/saint-efisio-et-la-fete-la-plus-celebre-de-la-sardaigne\/#article","isPartOf":{"@id":"https:\/\/blog.holyart.it\/fr\/saints-et-bienheureux\/saint-efisio-et-la-fete-la-plus-celebre-de-la-sardaigne\/"},"author":{"name":"Redazione","@id":"https:\/\/blog.holyart.it\/fr\/#\/schema\/person\/0a7b686e5af0f856ec1e390dd0baecda"},"headline":"Saint Efisio et la f\u00eate la plus c\u00e9l\u00e8bre de la Sardaigne","datePublished":"2025-04-28T08:00:02+00:00","dateModified":"2026-04-07T15:06:30+00:00","mainEntityOfPage":{"@id":"https:\/\/blog.holyart.it\/fr\/saints-et-bienheureux\/saint-efisio-et-la-fete-la-plus-celebre-de-la-sardaigne\/"},"wordCount":1384,"publisher":{"@id":"https:\/\/blog.holyart.it\/fr\/#organization"},"image":{"@id":"https:\/\/blog.holyart.it\/fr\/saints-et-bienheureux\/saint-efisio-et-la-fete-la-plus-celebre-de-la-sardaigne\/#primaryimage"},"thumbnailUrl":"https:\/\/blog.holyart.it\/fr\/wp-content\/uploads\/sites\/14\/2025\/03\/Saint-Efisio.jpg","articleSection":["Saints et Bienheureux"],"inLanguage":"fr-FR"},{"@type":"WebPage","@id":"https:\/\/blog.holyart.it\/fr\/saints-et-bienheureux\/saint-efisio-et-la-fete-la-plus-celebre-de-la-sardaigne\/","url":"https:\/\/blog.holyart.it\/fr\/saints-et-bienheureux\/saint-efisio-et-la-fete-la-plus-celebre-de-la-sardaigne\/","name":"Saint Efisio et la f\u00eate la plus c\u00e9l\u00e8bre de la Sardaigne - Holyart.fr Blog","isPartOf":{"@id":"https:\/\/blog.holyart.it\/fr\/#website"},"primaryImageOfPage":{"@id":"https:\/\/blog.holyart.it\/fr\/saints-et-bienheureux\/saint-efisio-et-la-fete-la-plus-celebre-de-la-sardaigne\/#primaryimage"},"image":{"@id":"https:\/\/blog.holyart.it\/fr\/saints-et-bienheureux\/saint-efisio-et-la-fete-la-plus-celebre-de-la-sardaigne\/#primaryimage"},"thumbnailUrl":"https:\/\/blog.holyart.it\/fr\/wp-content\/uploads\/sites\/14\/2025\/03\/Saint-Efisio.jpg","datePublished":"2025-04-28T08:00:02+00:00","dateModified":"2026-04-07T15:06:30+00:00","description":"Saint Efisio Martyr sauva la ville de Cagliari de la peste et, depuis lors, est souvenu le 1er mai avec une procession solennelle parmi les plus anciennes et les plus longues d\u2019Europe.","breadcrumb":{"@id":"https:\/\/blog.holyart.it\/fr\/saints-et-bienheureux\/saint-efisio-et-la-fete-la-plus-celebre-de-la-sardaigne\/#breadcrumb"},"inLanguage":"fr-FR","potentialAction":[{"@type":"ReadAction","target":["https:\/\/blog.holyart.it\/fr\/saints-et-bienheureux\/saint-efisio-et-la-fete-la-plus-celebre-de-la-sardaigne\/"]}]},{"@type":"ImageObject","inLanguage":"fr-FR","@id":"https:\/\/blog.holyart.it\/fr\/saints-et-bienheureux\/saint-efisio-et-la-fete-la-plus-celebre-de-la-sardaigne\/#primaryimage","url":"https:\/\/blog.holyart.it\/fr\/wp-content\/uploads\/sites\/14\/2025\/03\/Saint-Efisio.jpg","contentUrl":"https:\/\/blog.holyart.it\/fr\/wp-content\/uploads\/sites\/14\/2025\/03\/Saint-Efisio.jpg","width":1000,"height":666,"caption":"Saint Efisio"},{"@type":"BreadcrumbList","@id":"https:\/\/blog.holyart.it\/fr\/saints-et-bienheureux\/saint-efisio-et-la-fete-la-plus-celebre-de-la-sardaigne\/#breadcrumb","itemListElement":[{"@type":"ListItem","position":1,"name":"Homepage","item":"https:\/\/blog.holyart.it\/fr\/"},{"@type":"ListItem","position":2,"name":"Saints et Bienheureux","item":"https:\/\/blog.holyart.it\/fr\/saints-et-bienheureux\/"},{"@type":"ListItem","position":3,"name":"Saint Efisio et la f\u00eate la plus c\u00e9l\u00e8bre de la Sardaigne"}]},{"@type":"WebSite","@id":"https:\/\/blog.holyart.it\/fr\/#website","url":"https:\/\/blog.holyart.it\/fr\/","name":"Holyart.fr Blog","description":"Holyblog","publisher":{"@id":"https:\/\/blog.holyart.it\/fr\/#organization"},"potentialAction":[{"@type":"SearchAction","target":{"@type":"EntryPoint","urlTemplate":"https:\/\/blog.holyart.it\/fr\/?s={search_term_string}"},"query-input":{"@type":"PropertyValueSpecification","valueRequired":true,"valueName":"search_term_string"}}],"inLanguage":"fr-FR"},{"@type":"Organization","@id":"https:\/\/blog.holyart.it\/fr\/#organization","name":"Holyart.fr Blog","url":"https:\/\/blog.holyart.it\/fr\/","logo":{"@type":"ImageObject","inLanguage":"fr-FR","@id":"https:\/\/blog.holyart.it\/fr\/#\/schema\/logo\/image\/","url":"https:\/\/blog.holyart.it\/fr\/wp-content\/uploads\/sites\/14\/2022\/12\/Holyart_Blog_Logo.jpg","contentUrl":"https:\/\/blog.holyart.it\/fr\/wp-content\/uploads\/sites\/14\/2022\/12\/Holyart_Blog_Logo.jpg","width":300,"height":50,"caption":"Holyart.fr Blog"},"image":{"@id":"https:\/\/blog.holyart.it\/fr\/#\/schema\/logo\/image\/"}},{"@type":"Person","@id":"https:\/\/blog.holyart.it\/fr\/#\/schema\/person\/0a7b686e5af0f856ec1e390dd0baecda","name":"Redazione","image":{"@type":"ImageObject","inLanguage":"fr-FR","@id":"https:\/\/blog.holyart.it\/fr\/#\/schema\/person\/image\/","url":"https:\/\/secure.gravatar.com\/avatar\/f477da817f43e50d0af36abecd33e3edf826c68299714bdc1057dff3b113f516?s=96&d=mm&r=g","contentUrl":"https:\/\/secure.gravatar.com\/avatar\/f477da817f43e50d0af36abecd33e3edf826c68299714bdc1057dff3b113f516?s=96&d=mm&r=g","caption":"Redazione"},"url":"https:\/\/blog.holyart.it\/fr\/author\/admin\/"}]}},"_links":{"self":[{"href":"https:\/\/blog.holyart.it\/fr\/wp-json\/wp\/v2\/posts\/10075","targetHints":{"allow":["GET"]}}],"collection":[{"href":"https:\/\/blog.holyart.it\/fr\/wp-json\/wp\/v2\/posts"}],"about":[{"href":"https:\/\/blog.holyart.it\/fr\/wp-json\/wp\/v2\/types\/post"}],"author":[{"embeddable":true,"href":"https:\/\/blog.holyart.it\/fr\/wp-json\/wp\/v2\/users\/1"}],"replies":[{"embeddable":true,"href":"https:\/\/blog.holyart.it\/fr\/wp-json\/wp\/v2\/comments?post=10075"}],"version-history":[{"count":8,"href":"https:\/\/blog.holyart.it\/fr\/wp-json\/wp\/v2\/posts\/10075\/revisions"}],"predecessor-version":[{"id":10089,"href":"https:\/\/blog.holyart.it\/fr\/wp-json\/wp\/v2\/posts\/10075\/revisions\/10089"}],"wp:featuredmedia":[{"embeddable":true,"href":"https:\/\/blog.holyart.it\/fr\/wp-json\/wp\/v2\/media\/10079"}],"wp:attachment":[{"href":"https:\/\/blog.holyart.it\/fr\/wp-json\/wp\/v2\/media?parent=10075"}],"wp:term":[{"taxonomy":"category","embeddable":true,"href":"https:\/\/blog.holyart.it\/fr\/wp-json\/wp\/v2\/categories?post=10075"},{"taxonomy":"post_tag","embeddable":true,"href":"https:\/\/blog.holyart.it\/fr\/wp-json\/wp\/v2\/tags?post=10075"}],"curies":[{"name":"wp","href":"https:\/\/api.w.org\/{rel}","templated":true}]}}