{"id":10040,"date":"2025-04-21T10:00:31","date_gmt":"2025-04-21T08:00:31","guid":{"rendered":"https:\/\/blog.holyart.it\/fr\/?p=10040"},"modified":"2026-03-26T10:52:08","modified_gmt":"2026-03-26T09:52:08","slug":"la-descente-aux-enfers-de-christ-et-sa-resurrection","status":"publish","type":"post","link":"https:\/\/blog.holyart.it\/fr\/paques\/la-descente-aux-enfers-de-christ-et-sa-resurrection\/","title":{"rendered":"La descente aux enfers de Christ et Sa R\u00e9surrection"},"content":{"rendered":"<h4>Comme la mort et la R\u00e9surrection, la Descente aux Enfers de Christ aussi fait partie int\u00e9grante de Sa glorification. J\u00e9sus descend aux Enfers uniquement pour en ressortir avec une gloire accrue, en amenant avec Lui les \u00e2mes des justes du pass\u00e9.<\/h4>\n\n<p>Parler de la descente aux Enfers de Christ en vue de P\u00e2ques ne semble qu\u2019en apparence une contradiction en soi. P\u00e2ques, comme nous le savons, c\u00e9l\u00e8bre la <strong>R\u00e9surrection de J\u00e9sus-Christ<\/strong>, l\u2019\u00e9v\u00e9nement miraculeux gr\u00e2ce auxquels Il est sorti du tombeau et est mont\u00e9 au Ciel pour s\u2019asseoir \u00e0 la droite du P\u00e8re, comme nous l\u2019apprenons d\u00e8s tous petits en r\u00e9citant le Credo, connu \u00e9galement comme le Symbole des Ap\u00f4tres\u00a0:<\/p>\n<p><em>Le troisi\u00e8me jour est ressuscit\u00e9 des morts,<\/em><br \/>\n<em>conform\u00e9ment aux \u00c9critures, et est mont\u00e9 aux cieux ;<\/em><br \/>\n<em>est assis \u00e0 la droite de Dieu le P\u00e8re tout-puissant,<\/em><br \/>\n<em>d\u2019o\u00f9 il viendra juger les vivants et les morts.<\/em><\/p>\n<p>Toutefois, avant de pouvoir parler de <a href=\"https:\/\/www.holyart.fr\/occasions-speciales\/paques-et-careme\/christ-ressuscite-pretre-et-roi?page=1\"><strong>Christ ressuscit\u00e9<\/strong><\/a>, nous devons prendre en consid\u00e9ration <strong>Sa mort<\/strong>. J\u00e9sus a choisi consciemment de mourir, comme meurent tous les hommes. En effet, le <strong>Symbole des Ap\u00f4tres<\/strong> r\u00e9cite ainsi :<\/p>\n<p><em>[J\u00e9sus] a souffert sous Ponce Pilate,<\/em><br \/>\n<em>a \u00e9t\u00e9 crucifi\u00e9, est mort et a \u00e9t\u00e9 enseveli ;<\/em><br \/>\n<em>est descendu aux enfers,<\/em><br \/>\n<em>le troisi\u00e8me jour est ressuscit\u00e9 des morts<\/em><\/p>\n<div class=\"link-product\">\n<div class=\"blocco-immagine\"><img loading=\"lazy\" decoding=\"async\" class=\"alignnone size-full wp-image-10043\" src=\"https:\/\/blog.holyart.it\/fr\/wp-content\/uploads\/sites\/14\/2025\/03\/Christ-ressuscite-pretre-et-roi.jpg\" alt=\"Christ ressuscit\u00e9, pr\u00eatre et roi\" width=\"100\" height=\"100\" data-kale-share-title=\"La descente aux enfers de Christ et Sa R\u00e9surrection\" data-kale-share-url=\"https:\/\/blog.holyart.it\/fr\/?p=10040\" \/><\/div>\n<div class=\"blocco-contenuto\">\n<div class=\"blocco-acquista\">Acheter sur Holyart:<\/div>\n<div class=\"blocco-titolo\"><a href=\"https:\/\/www.holyart.fr\/occasions-speciales\/paques-et-careme\/christ-ressuscite-pretre-et-roi?page=1\">Christ ressuscit\u00e9, pr\u00eatre et roi<\/a><\/div>\n<div class=\"blocco-descrizione\">Rayon Pascal d\u00e9di\u00e9 au crucifix avec Christ ressuscit\u00e9 et Christ Pr\u00eatre et Roi.<\/div>\n<\/div>\n<\/div>\n<p>J\u00e9sus a donc embrass\u00e9 le myst\u00e8re de la mort, l\u2019horreur de l\u2019\u00e2me qui se d\u00e9tache du corps, dans Son cas avec violence, consid\u00e9rant les souffrances auxquelles il a \u00e9t\u00e9 soumis. J\u00e9sus est mort, le corps martyris\u00e9 et <a href=\"https:\/\/www.holyart.fr\/occasions-speciales\/creche-de-paques\/scene-jesus-sur-la-croix-avec-marie-et-un-soldat-a-ses-pieds-9-cm?flags=true\"><strong>clou\u00e9 \u00e0 la Croix<\/strong><\/a>, et <strong>Son \u00e2me est descendue dans le royaume des morts<\/strong>, aux Enfers, comme il arrive \u00e0 tous ceux qui d\u00e9c\u00e8dent. Mais J\u00e9sus n\u2019\u00e9tait pas un homme comme les autres. Il <strong>est descendu aux Enfers comme un Sauveur<\/strong>, non pas pour unir Ses g\u00e9missements \u00e0 ceux des autres ombres, mais pour <strong>apporter l\u2019esp\u00e9rance<\/strong>, pour <strong>apporter la lumi\u00e8re<\/strong>, pour <strong>lib\u00e9rer les \u00e2mes avec Sa parole<\/strong>.<\/p>\n<p><strong>Saint Pierre Ap\u00f4tre<\/strong> mentionne la mort de J\u00e9sus dans une de ses lettres\u00a0: \u00ab\u00a0<em>Christ aussi a souffert une fois pour les p\u00e9ch\u00e9s, lui juste pour des injustes, afin de nous amener \u00e0 Dieu, ayant \u00e9t\u00e9 mis \u00e0 mort quant \u00e0 la chair, mais ayant \u00e9t\u00e9 rendu vivant quant \u00e0 l\u2019Esprit<\/em>\u00a0\u00bb (1 Pierre 3, 18-22). La descente aux Enfers est par contre d\u00e9crite dans la <em>Somme Th\u00e9ologique <\/em>de <strong>Saint Thomas d\u2019Aquin<\/strong>.<\/p>\n<div class=\"link-product\">\n<div class=\"blocco-immagine\"><img loading=\"lazy\" decoding=\"async\" class=\"alignnone size-full wp-image-10045\" src=\"https:\/\/blog.holyart.it\/fr\/wp-content\/uploads\/sites\/14\/2025\/03\/Scene-Jesus-sur-la-croix-avec-Marie-et-un-soldat-a-ses-pieds-9-cm.jpg\" alt=\"Sc\u00e8ne J\u00e9sus sur la croix avec Marie et un soldat \u00e0 ses pieds 9 cm\" width=\"100\" height=\"100\" data-kale-share-title=\"La descente aux enfers de Christ et Sa R\u00e9surrection\" data-kale-share-url=\"https:\/\/blog.holyart.it\/fr\/?p=10040\" \/><\/div>\n<div class=\"blocco-contenuto\">\n<div class=\"blocco-acquista\">Acheter sur Holyart:<\/div>\n<div class=\"blocco-titolo\"><a href=\"https:\/\/www.holyart.fr\/occasions-speciales\/creche-de-paques\/scene-jesus-sur-la-croix-avec-marie-et-un-soldat-a-ses-pieds-9-cm\">Sc\u00e8ne J\u00e9sus sur la croix avec Marie et un soldat \u00e0 ses pieds 9 cm<\/a><\/div>\n<div class=\"blocco-descrizione\">Santons en r\u00e9sine d&rsquo;une hauteur maximale r\u00e9elle de 15 cm, repr\u00e9sentant une sc\u00e8ne de la vie de Christ.<\/div>\n<\/div>\n<\/div>\n<h2>Pourquoi J\u00e9sus descend aux Enfers<\/h2>\n<p>Avant tout, nous devons consid\u00e9rer que les \u00ab\u00a0enfers\u00a0\u00bb dans lesquels est descendu J\u00e9sus n\u2019ont rien \u00e0 voir avec l\u2019<strong>Enfer<\/strong> tel que nous l\u2019entendons, lieu de damnation et condamnation \u00e9ternelle pour les p\u00e9cheurs. Nous pouvons plut\u00f4t parler d\u2019un g\u00e9n\u00e9rique <strong>au-del\u00e0<\/strong>, o\u00f9 tous les morts se retrouvent, ind\u00e9pendamment de leur conduite sur Terre. Ce que les Grecs et les Romains appelaient Had\u00e8s, les Juifs Sch\u00e9ol, les \u00c9gyptiens simplement Royaume des morts.<\/p>\n<p>C\u2019est donc dans un royaume des morts <em>neutre<\/em> que J\u00e9sus descend et le choix du <strong>verbe \u00ab\u00a0descendre\u00a0\u00bb<\/strong> n\u2019est pas un hasard, exprimant justement la <strong>volont\u00e9 de s\u2019abaisser au niveau des communs mortels<\/strong>, le choix d\u2019une humiliation qui a un seul et unique but\u00a0: celui de faire comprendre comment <strong>les hommes ne sont jamais seuls, jamais abandonn\u00e9s par Dieu<\/strong>, m\u00eame pas dans la mort. J\u00e9sus qui, pendant tout le temps de sa br\u00e8ve vie mortelle, s\u2019est d\u00e9montr\u00e9 particuli\u00e8rement <strong>proche des humbles, des opprim\u00e9s, des p\u00e9cheurs, des plus fragiles et vuln\u00e9rables parmi les hommes<\/strong>, d\u00e9montre, en descendant aux Enfers, que <strong>Son amour va au-del\u00e0 de la mort<\/strong>, qu\u2019il est venu pour sauver et affranchir non seulement les \u00e2mes qui sont et seront, mais aussi celles qui ont d\u00e9j\u00e0 \u00e9t\u00e9, depuis le d\u00e9but des temps.<\/p>\n<p>\u00c0 ces esprits prisonniers J\u00e9sus tend la main, les <strong>lib\u00e8re<\/strong> de cha\u00eenes anciennes comme le temps, et celle qui depuis le d\u00e9but pouvait sembler une <strong>d\u00e9faite<\/strong>, une descente, devient une <strong>glorieuse remont\u00e9e<\/strong>, car <strong>J\u00e9sus descend aux Enfers et ensuite en remonte dans la Gloire<\/strong>, en amenant avec Lui des \u00e2mes jubilantes, sauv\u00e9es, lib\u00e9r\u00e9es. <a href=\"https:\/\/www.holyart.fr\/occasions-speciales\/creche-de-paques\/resurrection-de-jesus-scene-4-pcs-resine-peinte-main-10-cm\"><strong><u>Christ vainc la mort <\/u><\/strong><\/a>dans son propre royaume, en renverse toute r\u00e8gle, en bouleverse le myst\u00e8re m\u00eame, en en faisant un instrument et une proclamation de Sa grandeur.<\/p>\n<div class=\"link-product\">\n<div class=\"blocco-immagine\"><img loading=\"lazy\" decoding=\"async\" class=\"alignnone size-full wp-image-10047\" src=\"https:\/\/blog.holyart.it\/fr\/wp-content\/uploads\/sites\/14\/2025\/03\/Resurrection-de-Jesus-scene-4-pcs-resine-peinte-main-10-cm.jpg\" alt=\"R\u00e9surrection de J\u00e9sus sc\u00e8ne 4 pcs r\u00e9sine peinte main 10 cm\" width=\"100\" height=\"100\" data-kale-share-title=\"La descente aux enfers de Christ et Sa R\u00e9surrection\" data-kale-share-url=\"https:\/\/blog.holyart.it\/fr\/?p=10040\" \/><\/div>\n<div class=\"blocco-contenuto\">\n<div class=\"blocco-acquista\">Acheter sur Holyart:<\/div>\n<div class=\"blocco-titolo\"><a href=\"https:\/\/www.holyart.fr\/occasions-speciales\/creche-de-paques\/resurrection-de-jesus-scene-4-pcs-resine-peinte-main-10-cm\">R\u00e9surrection de J\u00e9sus sc\u00e8ne 4 pcs r\u00e9sine peinte main 10 cm<\/a><\/div>\n<div class=\"blocco-descrizione\">Sc\u00e8ne de la Passion de Christ avec quatre personnages, repr\u00e9sentant la r\u00e9surrection de J\u00e9sus avec J\u00e9sus, un ange, un soldat e Marie.<\/div>\n<\/div>\n<\/div>\n<h2>La descente aux Enfers dans l\u2019\u0153uvre de Saint Thomas d\u2019Aquin<\/h2>\n<p>La <strong>descente aux Enfers<\/strong>, ou <em>catabase<\/em>, est un topos qui revient dans la litt\u00e9rature et dans la culture de nombreuses civilisations. Pensons \u00e0 Orph\u00e9e qui descend dans l\u2019Had\u00e8s pour chercher son \u00e9pouse Eurydice, \u00e0 Hercule qui, dans le dernier de ses travaux, doit descendre dans le royaume des morts afin de capturer Cerb\u00e8re, le chien \u00e0 trois t\u00eates qui surveille l\u2019Had\u00e8s. Dans sa <strong><em>Summa Theologiae<\/em><\/strong> (<em>Somme Th\u00e9ologique<\/em>), <a href=\"https:\/\/www.holyart.fr\/blog\/saints-et-bienheureux\/thomas-daquin-et-la-hierarchie-des-anges\/\"><strong><u>Saint Thomas d\u2019Aquin<\/u><\/strong><\/a>, th\u00e9ologien, philosophe et Docteur de l\u2019\u00c9glise, qui eut le m\u00e9rite, entre autres, de savoir r\u00e9concilier et conjuguer la philosophie classique et hell\u00e9nistique avec la th\u00e9ologie chr\u00e9tienne. Dans son \u0153uvre la plus importante, Saint Thomas affirme que J\u00e9sus descend aux Enfers pour <strong>quatre raisons fondamentales<\/strong>\u00a0:<\/p>\n<ol>\n<li>Christ descend aux Enfers pour <strong>prendre compl\u00e8tement sur Lui les p\u00e9ch\u00e9s de l\u2019humanit\u00e9 et les expier enti\u00e8rement<\/strong>. Les \u00e2mes des hommes d\u00e9j\u00e0 morts portaient encore sur eux le <strong>P\u00e9ch\u00e9 originel<\/strong> et, seulement en s\u2019y rendant en personne pour les lib\u00e9rer, J\u00e9sus pouvait leur garantir le salut. Pour cette raison, afin de racheter enti\u00e8rement le p\u00e9ch\u00e9, Christ a voulu suivre le destin du genre humain sous chaque aspect, y comprises la mort et la descente aux Enfers\u00a0;<\/li>\n<li><strong>J\u00e9sus a aim\u00e9 Ses amis jusqu\u2019\u00e0 la fin<\/strong>(\u00ab\u00a0<em>J\u00e9sus, sachant que son heure \u00e9tait venue de passer de ce monde au P\u00e8re, et ayant aim\u00e9 les siens qui \u00e9taient dans le monde, mit le comble \u00e0 son amour pour eux\u00a0<\/em>\u00bb, Jean 13,1). Mais, au-del\u00e0 des Ap\u00f4tres et des disciples vivants, Il <strong>avait \u00e9galement des amis qui \u00e9taient d\u00e9j\u00e0 pass\u00e9s dans le royaume des morts<\/strong> et, avec eux, tous ceux qui avaient <strong>d\u00e9di\u00e9 leur existence \u00e0 l\u2019attente du Messie<\/strong>, comme les proph\u00e8tes de l\u2019Ancien Testament\u00a0: Abraham, Isaac, Jacob, Mo\u00efse, David et ainsi de suite. \u00c0 eux aussi va Son amour et Son espoir de salut, \u00e0 qui est mort depuis longtemps, mais dans la fois de Sa venue\u00a0;<\/li>\n<li>En descendant dans l\u2019outre-tombe, J\u00e9sus <strong>d\u00e9montre sa victoire sur le Diable<\/strong>. En d\u00e9gondant les portes du royaume des morts, en subvertissant les r\u00e8gles de la mort m\u00eame, il put arracher des griffes du D\u00e9mon les \u00e2mes des justes\u00a0;<\/li>\n<li>En mourant, J\u00e9sus <strong>lib\u00e8re tous les saints qui attendaient dans les limbes<\/strong>, comme proph\u00e9tis\u00e9 par Os\u00e9e, un proph\u00e8te mineur\u00a0: \u00ab\u00a0<em>Je les rach\u00e8terai de la puissance du s\u00e9jour des morts, Je les d\u00e9livrerai de la mort. \u00d4 mort, o\u00f9 est ta peste\u00a0? S\u00e9jour des morts, o\u00f9 est ta destruction\u00a0? Mais le repentir se d\u00e9robe \u00e0 mes regards\u00a0!<\/em>\u00bb (Os\u00e9e 13,14).<\/li>\n<\/ol>\n<div class=\"link-article\">\n<p><img loading=\"lazy\" decoding=\"async\" class=\"alignnone size-full wp-image-10049\" src=\"https:\/\/blog.holyart.it\/fr\/wp-content\/uploads\/sites\/14\/2025\/03\/Thomas-dAquin.jpg\" alt=\"Thomas d\u2019Aquin\" width=\"150\" height=\"99\" data-kale-share-title=\"La descente aux enfers de Christ et Sa R\u00e9surrection\" data-kale-share-url=\"https:\/\/blog.holyart.it\/fr\/?p=10040\" \/><\/p>\n<div class=\"leggi-anche\">Lire aussi :<\/div>\n<p><strong><a href=\"https:\/\/www.holyart.fr\/blog\/saints-et-bienheureux\/thomas-daquin-et-la-hierarchie-des-anges\/\">Thomas d\u2019Aquin et la hi\u00e9rarchie des anges<\/a><\/strong><br \/>\nLe 28 janvier on f\u00eate la m\u00e9moire liturgique de Saint Thomas d\u2019Aquin, \u00ab docteur ang\u00e9lique \u00bb et auteur du plus c\u00e9l\u00e8bre trait\u00e9 de th\u00e9ologie m\u00e9di\u00e9val.<\/p>\n<\/div>\n<h2>La R\u00e9surrection de Christ<\/h2>\n<p>Nous arrivons ainsi \u00e0 la <strong>R\u00e9surrection de Christ<\/strong>, au dernier acte de Son histoire dans le monde des hommes, vivants et morts.<\/p>\n<p><em>Le troisi\u00e8me jour est ressuscit\u00e9 des morts,<\/em><br \/>\n<em>conform\u00e9ment aux \u00c9critures, et est mont\u00e9 aux cieux ;<\/em><br \/>\n<em>est assis \u00e0 la droite de Dieu le P\u00e8re tout-puissant.<\/em><\/p>\n<p>Revenons au <strong>Symbole des Ap\u00f4tres<\/strong>, au <em>Credo<\/em>, et, en particulier, au moment o\u00f9, apr\u00e8s avoir \u00e9num\u00e9r\u00e9 les vicissitudes de la vie de <strong>J\u00e9sus en tant qu\u2019homme<\/strong> (il s\u2019est incarn\u00e9 dans le sein de la Vierge Marie, s\u2019est fait homme, a \u00e9t\u00e9 crucifi\u00e9, est mort et a \u00e9t\u00e9 enseveli), on reconnait Sa <strong>glorification en tant que Fils de Dieu et Sauveur<\/strong>. <strong>La mort de J\u00e9sus n\u2019a \u00e9t\u00e9 qu\u2019un moment<\/strong>, une interruption momentan\u00e9e dans l\u2019immense flux d\u2019amour qui d\u00e9coulait de Lui et se reversait sur qui \u00e9tait \u00e0 ses c\u00f4t\u00e9s. Ses amis, Ses disciples n\u2019ont per\u00e7u Son manque que pour un instant et <strong>l\u2019ont tout de suite retrouv\u00e9, dans la lumi\u00e8re et dans la gloire de la R\u00e9surrection<\/strong>, embl\u00e8me de salut pour eux tous, esp\u00e9rance pour chaque homme qui vit, vivra et qui a d\u00e9j\u00e0 v\u00e9cu. Rien que trois jours, et m\u00eame pas complets, entre la mort et la R\u00e9surrection, trois jours qui <strong>symbolisent le doute<\/strong>, la peur d\u2019\u00eatre abandonn\u00e9 par Dieu, pour ensuite pouvoir reconna\u00eetre et appr\u00e9cier encore plus le Salut.<\/p>\n<p>Dans la R\u00e9surrection, J\u00e9sus ne se sauve pas Lui-m\u00eame, en \u00e9chappant \u00e0 la mort, mais <strong>se r\u00e9affirme en tant que sauveur de l\u2019humanit\u00e9 enti\u00e8re<\/strong>, reconfirme tout ce qui a \u00e9t\u00e9 Son message, Son enseignement jusqu\u2019au moment de la mort. Pour cela, <strong>consid\u00e9rant la <\/strong><a href=\"https:\/\/www.holyart.fr\/occasions-speciales\/creche-de-paques\/statuette-de-jesus-au-moment-de-la-resurrection-9-cm\"><strong>R\u00e9surrection<\/strong><\/a><strong> comme le moment le plus haut de l\u2019histoire de la chr\u00e9tient\u00e9<\/strong>, fondement de la Foi et point de d\u00e9part pour l\u2019esp\u00e9rance et le salut pour les hommes.<\/p>\n<div class=\"link-product\">\n<div class=\"blocco-immagine\"><img loading=\"lazy\" decoding=\"async\" class=\"alignnone size-full wp-image-10051\" src=\"https:\/\/blog.holyart.it\/fr\/wp-content\/uploads\/sites\/14\/2025\/03\/Statuette-de-Jesus-au-moment-de-la-Resurrection-9-cm.jpg\" alt=\"Statuette de J\u00e9sus au moment de la R\u00e9surrection 9 cm\" width=\"100\" height=\"100\" data-kale-share-title=\"La descente aux enfers de Christ et Sa R\u00e9surrection\" data-kale-share-url=\"https:\/\/blog.holyart.it\/fr\/?p=10040\" \/><\/div>\n<div class=\"blocco-contenuto\">\n<div class=\"blocco-acquista\">Acheter sur Holyart:<\/div>\n<div class=\"blocco-titolo\"><a href=\"https:\/\/www.holyart.fr\/occasions-speciales\/creche-de-paques\/statuette-de-jesus-au-moment-de-la-resurrection-9-cm\">Statuette de J\u00e9sus au moment de la R\u00e9surrection 9 cm<\/a><\/div>\n<div class=\"blocco-descrizione\">Santon en r\u00e9sine repr\u00e9sentant la r\u00e9surrection de J\u00e9sus.<\/div>\n<\/div>\n<\/div>\n","protected":false},"excerpt":{"rendered":"<p>Comme la mort et la R\u00e9surrection, la Descente aux Enfers de Christ aussi fait partie int\u00e9grante de Sa glorification. J\u00e9sus descend aux Enfers uniquement pour en ressortir avec une gloire accrue, en amenant avec Lui les \u00e2mes des justes du pass\u00e9. Parler de la descente&hellip;<\/p>\n","protected":false},"author":1,"featured_media":10042,"comment_status":"closed","ping_status":"open","sticky":false,"template":"","format":"standard","meta":{"_acf_changed":false,"footnotes":""},"categories":[14,8],"tags":[],"class_list":["post-10040","post","type-post","status-publish","format-standard","has-post-thumbnail","hentry","category-paques","category-articles-religieux"],"acf":[],"yoast_head":"<!-- This site is optimized with the Yoast SEO plugin v26.6 - https:\/\/yoast.com\/wordpress\/plugins\/seo\/ -->\n<title>La descente aux enfers de Christ et Sa R\u00e9surrection - Holyart.fr Blog<\/title>\n<meta name=\"description\" content=\"En vue de P\u00e2ques, nous nous souvenons de la mort et R\u00e9surrection de Christ, mais aussi de Sa descente aux enfers, acte d\u2019amour...\" \/>\n<meta name=\"robots\" content=\"index, follow, max-snippet:-1, max-image-preview:large, max-video-preview:-1\" \/>\n<link rel=\"canonical\" href=\"https:\/\/blog.holyart.it\/fr\/paques\/la-descente-aux-enfers-de-christ-et-sa-resurrection\/\" \/>\n<meta property=\"og:locale\" content=\"fr_FR\" \/>\n<meta property=\"og:type\" content=\"article\" \/>\n<meta property=\"og:title\" content=\"La descente aux enfers de Christ et Sa R\u00e9surrection - Holyart.fr Blog\" \/>\n<meta property=\"og:description\" content=\"En vue de P\u00e2ques, nous nous souvenons de la mort et R\u00e9surrection de Christ, mais aussi de Sa descente aux enfers, acte d\u2019amour...\" \/>\n<meta property=\"og:url\" content=\"https:\/\/blog.holyart.it\/fr\/paques\/la-descente-aux-enfers-de-christ-et-sa-resurrection\/\" \/>\n<meta property=\"og:site_name\" content=\"Holyart.fr Blog\" \/>\n<meta property=\"article:published_time\" content=\"2025-04-21T08:00:31+00:00\" \/>\n<meta property=\"article:modified_time\" content=\"2026-03-26T09:52:08+00:00\" \/>\n<meta property=\"og:image\" content=\"https:\/\/blog.holyart.it\/fr\/wp-content\/uploads\/sites\/14\/2025\/03\/La-descente-aux-enfers-de-Christ-et-Sa-Resurrection.jpeg\" \/>\n\t<meta property=\"og:image:width\" content=\"1000\" \/>\n\t<meta property=\"og:image:height\" content=\"666\" \/>\n\t<meta property=\"og:image:type\" content=\"image\/jpeg\" \/>\n<meta name=\"author\" content=\"Redazione\" \/>\n<meta name=\"twitter:card\" content=\"summary_large_image\" \/>\n<meta name=\"twitter:label1\" content=\"\u00c9crit par\" \/>\n\t<meta name=\"twitter:data1\" content=\"Redazione\" \/>\n\t<meta name=\"twitter:label2\" content=\"Dur\u00e9e de lecture estim\u00e9e\" \/>\n\t<meta name=\"twitter:data2\" content=\"9 minutes\" \/>\n<script type=\"application\/ld+json\" class=\"yoast-schema-graph\">{\"@context\":\"https:\/\/schema.org\",\"@graph\":[{\"@type\":\"Article\",\"@id\":\"https:\/\/blog.holyart.it\/fr\/paques\/la-descente-aux-enfers-de-christ-et-sa-resurrection\/#article\",\"isPartOf\":{\"@id\":\"https:\/\/blog.holyart.it\/fr\/paques\/la-descente-aux-enfers-de-christ-et-sa-resurrection\/\"},\"author\":{\"name\":\"Redazione\",\"@id\":\"https:\/\/blog.holyart.it\/fr\/#\/schema\/person\/0a7b686e5af0f856ec1e390dd0baecda\"},\"headline\":\"La descente aux enfers de Christ et Sa R\u00e9surrection\",\"datePublished\":\"2025-04-21T08:00:31+00:00\",\"dateModified\":\"2026-03-26T09:52:08+00:00\",\"mainEntityOfPage\":{\"@id\":\"https:\/\/blog.holyart.it\/fr\/paques\/la-descente-aux-enfers-de-christ-et-sa-resurrection\/\"},\"wordCount\":1735,\"publisher\":{\"@id\":\"https:\/\/blog.holyart.it\/fr\/#organization\"},\"image\":{\"@id\":\"https:\/\/blog.holyart.it\/fr\/paques\/la-descente-aux-enfers-de-christ-et-sa-resurrection\/#primaryimage\"},\"thumbnailUrl\":\"https:\/\/blog.holyart.it\/fr\/wp-content\/uploads\/sites\/14\/2025\/03\/La-descente-aux-enfers-de-Christ-et-Sa-Resurrection.jpeg\",\"articleSection\":[\"P\u00e2ques\",\"Religion\"],\"inLanguage\":\"fr-FR\"},{\"@type\":\"WebPage\",\"@id\":\"https:\/\/blog.holyart.it\/fr\/paques\/la-descente-aux-enfers-de-christ-et-sa-resurrection\/\",\"url\":\"https:\/\/blog.holyart.it\/fr\/paques\/la-descente-aux-enfers-de-christ-et-sa-resurrection\/\",\"name\":\"La descente aux enfers de Christ et Sa R\u00e9surrection - Holyart.fr Blog\",\"isPartOf\":{\"@id\":\"https:\/\/blog.holyart.it\/fr\/#website\"},\"primaryImageOfPage\":{\"@id\":\"https:\/\/blog.holyart.it\/fr\/paques\/la-descente-aux-enfers-de-christ-et-sa-resurrection\/#primaryimage\"},\"image\":{\"@id\":\"https:\/\/blog.holyart.it\/fr\/paques\/la-descente-aux-enfers-de-christ-et-sa-resurrection\/#primaryimage\"},\"thumbnailUrl\":\"https:\/\/blog.holyart.it\/fr\/wp-content\/uploads\/sites\/14\/2025\/03\/La-descente-aux-enfers-de-Christ-et-Sa-Resurrection.jpeg\",\"datePublished\":\"2025-04-21T08:00:31+00:00\",\"dateModified\":\"2026-03-26T09:52:08+00:00\",\"description\":\"En vue de P\u00e2ques, nous nous souvenons de la mort et R\u00e9surrection de Christ, mais aussi de Sa descente aux enfers, acte d\u2019amour...\",\"breadcrumb\":{\"@id\":\"https:\/\/blog.holyart.it\/fr\/paques\/la-descente-aux-enfers-de-christ-et-sa-resurrection\/#breadcrumb\"},\"inLanguage\":\"fr-FR\",\"potentialAction\":[{\"@type\":\"ReadAction\",\"target\":[\"https:\/\/blog.holyart.it\/fr\/paques\/la-descente-aux-enfers-de-christ-et-sa-resurrection\/\"]}]},{\"@type\":\"ImageObject\",\"inLanguage\":\"fr-FR\",\"@id\":\"https:\/\/blog.holyart.it\/fr\/paques\/la-descente-aux-enfers-de-christ-et-sa-resurrection\/#primaryimage\",\"url\":\"https:\/\/blog.holyart.it\/fr\/wp-content\/uploads\/sites\/14\/2025\/03\/La-descente-aux-enfers-de-Christ-et-Sa-Resurrection.jpeg\",\"contentUrl\":\"https:\/\/blog.holyart.it\/fr\/wp-content\/uploads\/sites\/14\/2025\/03\/La-descente-aux-enfers-de-Christ-et-Sa-Resurrection.jpeg\",\"width\":1000,\"height\":666,\"caption\":\"La descente aux enfers de Christ et Sa R\u00e9surrection\"},{\"@type\":\"BreadcrumbList\",\"@id\":\"https:\/\/blog.holyart.it\/fr\/paques\/la-descente-aux-enfers-de-christ-et-sa-resurrection\/#breadcrumb\",\"itemListElement\":[{\"@type\":\"ListItem\",\"position\":1,\"name\":\"Homepage\",\"item\":\"https:\/\/blog.holyart.it\/fr\/\"},{\"@type\":\"ListItem\",\"position\":2,\"name\":\"P\u00e2ques\",\"item\":\"https:\/\/blog.holyart.it\/fr\/paques\/\"},{\"@type\":\"ListItem\",\"position\":3,\"name\":\"La descente aux enfers de Christ et Sa R\u00e9surrection\"}]},{\"@type\":\"WebSite\",\"@id\":\"https:\/\/blog.holyart.it\/fr\/#website\",\"url\":\"https:\/\/blog.holyart.it\/fr\/\",\"name\":\"Holyart.fr Blog\",\"description\":\"Holyblog\",\"publisher\":{\"@id\":\"https:\/\/blog.holyart.it\/fr\/#organization\"},\"potentialAction\":[{\"@type\":\"SearchAction\",\"target\":{\"@type\":\"EntryPoint\",\"urlTemplate\":\"https:\/\/blog.holyart.it\/fr\/?s={search_term_string}\"},\"query-input\":{\"@type\":\"PropertyValueSpecification\",\"valueRequired\":true,\"valueName\":\"search_term_string\"}}],\"inLanguage\":\"fr-FR\"},{\"@type\":\"Organization\",\"@id\":\"https:\/\/blog.holyart.it\/fr\/#organization\",\"name\":\"Holyart.fr Blog\",\"url\":\"https:\/\/blog.holyart.it\/fr\/\",\"logo\":{\"@type\":\"ImageObject\",\"inLanguage\":\"fr-FR\",\"@id\":\"https:\/\/blog.holyart.it\/fr\/#\/schema\/logo\/image\/\",\"url\":\"https:\/\/blog.holyart.it\/fr\/wp-content\/uploads\/sites\/14\/2022\/12\/Holyart_Blog_Logo.jpg\",\"contentUrl\":\"https:\/\/blog.holyart.it\/fr\/wp-content\/uploads\/sites\/14\/2022\/12\/Holyart_Blog_Logo.jpg\",\"width\":300,\"height\":50,\"caption\":\"Holyart.fr Blog\"},\"image\":{\"@id\":\"https:\/\/blog.holyart.it\/fr\/#\/schema\/logo\/image\/\"}},{\"@type\":\"Person\",\"@id\":\"https:\/\/blog.holyart.it\/fr\/#\/schema\/person\/0a7b686e5af0f856ec1e390dd0baecda\",\"name\":\"Redazione\",\"image\":{\"@type\":\"ImageObject\",\"inLanguage\":\"fr-FR\",\"@id\":\"https:\/\/blog.holyart.it\/fr\/#\/schema\/person\/image\/\",\"url\":\"https:\/\/secure.gravatar.com\/avatar\/f477da817f43e50d0af36abecd33e3edf826c68299714bdc1057dff3b113f516?s=96&d=mm&r=g\",\"contentUrl\":\"https:\/\/secure.gravatar.com\/avatar\/f477da817f43e50d0af36abecd33e3edf826c68299714bdc1057dff3b113f516?s=96&d=mm&r=g\",\"caption\":\"Redazione\"},\"url\":\"https:\/\/blog.holyart.it\/fr\/author\/admin\/\"}]}<\/script>\n<!-- \/ Yoast SEO plugin. -->","yoast_head_json":{"title":"La descente aux enfers de Christ et Sa R\u00e9surrection - Holyart.fr Blog","description":"En vue de P\u00e2ques, nous nous souvenons de la mort et R\u00e9surrection de Christ, mais aussi de Sa descente aux enfers, acte d\u2019amour...","robots":{"index":"index","follow":"follow","max-snippet":"max-snippet:-1","max-image-preview":"max-image-preview:large","max-video-preview":"max-video-preview:-1"},"canonical":"https:\/\/blog.holyart.it\/fr\/paques\/la-descente-aux-enfers-de-christ-et-sa-resurrection\/","og_locale":"fr_FR","og_type":"article","og_title":"La descente aux enfers de Christ et Sa R\u00e9surrection - Holyart.fr Blog","og_description":"En vue de P\u00e2ques, nous nous souvenons de la mort et R\u00e9surrection de Christ, mais aussi de Sa descente aux enfers, acte d\u2019amour...","og_url":"https:\/\/blog.holyart.it\/fr\/paques\/la-descente-aux-enfers-de-christ-et-sa-resurrection\/","og_site_name":"Holyart.fr Blog","article_published_time":"2025-04-21T08:00:31+00:00","article_modified_time":"2026-03-26T09:52:08+00:00","og_image":[{"width":1000,"height":666,"url":"https:\/\/blog.holyart.it\/fr\/wp-content\/uploads\/sites\/14\/2025\/03\/La-descente-aux-enfers-de-Christ-et-Sa-Resurrection.jpeg","type":"image\/jpeg"}],"author":"Redazione","twitter_card":"summary_large_image","twitter_misc":{"\u00c9crit par":"Redazione","Dur\u00e9e de lecture estim\u00e9e":"9 minutes"},"schema":{"@context":"https:\/\/schema.org","@graph":[{"@type":"Article","@id":"https:\/\/blog.holyart.it\/fr\/paques\/la-descente-aux-enfers-de-christ-et-sa-resurrection\/#article","isPartOf":{"@id":"https:\/\/blog.holyart.it\/fr\/paques\/la-descente-aux-enfers-de-christ-et-sa-resurrection\/"},"author":{"name":"Redazione","@id":"https:\/\/blog.holyart.it\/fr\/#\/schema\/person\/0a7b686e5af0f856ec1e390dd0baecda"},"headline":"La descente aux enfers de Christ et Sa R\u00e9surrection","datePublished":"2025-04-21T08:00:31+00:00","dateModified":"2026-03-26T09:52:08+00:00","mainEntityOfPage":{"@id":"https:\/\/blog.holyart.it\/fr\/paques\/la-descente-aux-enfers-de-christ-et-sa-resurrection\/"},"wordCount":1735,"publisher":{"@id":"https:\/\/blog.holyart.it\/fr\/#organization"},"image":{"@id":"https:\/\/blog.holyart.it\/fr\/paques\/la-descente-aux-enfers-de-christ-et-sa-resurrection\/#primaryimage"},"thumbnailUrl":"https:\/\/blog.holyart.it\/fr\/wp-content\/uploads\/sites\/14\/2025\/03\/La-descente-aux-enfers-de-Christ-et-Sa-Resurrection.jpeg","articleSection":["P\u00e2ques","Religion"],"inLanguage":"fr-FR"},{"@type":"WebPage","@id":"https:\/\/blog.holyart.it\/fr\/paques\/la-descente-aux-enfers-de-christ-et-sa-resurrection\/","url":"https:\/\/blog.holyart.it\/fr\/paques\/la-descente-aux-enfers-de-christ-et-sa-resurrection\/","name":"La descente aux enfers de Christ et Sa R\u00e9surrection - Holyart.fr Blog","isPartOf":{"@id":"https:\/\/blog.holyart.it\/fr\/#website"},"primaryImageOfPage":{"@id":"https:\/\/blog.holyart.it\/fr\/paques\/la-descente-aux-enfers-de-christ-et-sa-resurrection\/#primaryimage"},"image":{"@id":"https:\/\/blog.holyart.it\/fr\/paques\/la-descente-aux-enfers-de-christ-et-sa-resurrection\/#primaryimage"},"thumbnailUrl":"https:\/\/blog.holyart.it\/fr\/wp-content\/uploads\/sites\/14\/2025\/03\/La-descente-aux-enfers-de-Christ-et-Sa-Resurrection.jpeg","datePublished":"2025-04-21T08:00:31+00:00","dateModified":"2026-03-26T09:52:08+00:00","description":"En vue de P\u00e2ques, nous nous souvenons de la mort et R\u00e9surrection de Christ, mais aussi de Sa descente aux enfers, acte d\u2019amour...","breadcrumb":{"@id":"https:\/\/blog.holyart.it\/fr\/paques\/la-descente-aux-enfers-de-christ-et-sa-resurrection\/#breadcrumb"},"inLanguage":"fr-FR","potentialAction":[{"@type":"ReadAction","target":["https:\/\/blog.holyart.it\/fr\/paques\/la-descente-aux-enfers-de-christ-et-sa-resurrection\/"]}]},{"@type":"ImageObject","inLanguage":"fr-FR","@id":"https:\/\/blog.holyart.it\/fr\/paques\/la-descente-aux-enfers-de-christ-et-sa-resurrection\/#primaryimage","url":"https:\/\/blog.holyart.it\/fr\/wp-content\/uploads\/sites\/14\/2025\/03\/La-descente-aux-enfers-de-Christ-et-Sa-Resurrection.jpeg","contentUrl":"https:\/\/blog.holyart.it\/fr\/wp-content\/uploads\/sites\/14\/2025\/03\/La-descente-aux-enfers-de-Christ-et-Sa-Resurrection.jpeg","width":1000,"height":666,"caption":"La descente aux enfers de Christ et Sa R\u00e9surrection"},{"@type":"BreadcrumbList","@id":"https:\/\/blog.holyart.it\/fr\/paques\/la-descente-aux-enfers-de-christ-et-sa-resurrection\/#breadcrumb","itemListElement":[{"@type":"ListItem","position":1,"name":"Homepage","item":"https:\/\/blog.holyart.it\/fr\/"},{"@type":"ListItem","position":2,"name":"P\u00e2ques","item":"https:\/\/blog.holyart.it\/fr\/paques\/"},{"@type":"ListItem","position":3,"name":"La descente aux enfers de Christ et Sa R\u00e9surrection"}]},{"@type":"WebSite","@id":"https:\/\/blog.holyart.it\/fr\/#website","url":"https:\/\/blog.holyart.it\/fr\/","name":"Holyart.fr Blog","description":"Holyblog","publisher":{"@id":"https:\/\/blog.holyart.it\/fr\/#organization"},"potentialAction":[{"@type":"SearchAction","target":{"@type":"EntryPoint","urlTemplate":"https:\/\/blog.holyart.it\/fr\/?s={search_term_string}"},"query-input":{"@type":"PropertyValueSpecification","valueRequired":true,"valueName":"search_term_string"}}],"inLanguage":"fr-FR"},{"@type":"Organization","@id":"https:\/\/blog.holyart.it\/fr\/#organization","name":"Holyart.fr Blog","url":"https:\/\/blog.holyart.it\/fr\/","logo":{"@type":"ImageObject","inLanguage":"fr-FR","@id":"https:\/\/blog.holyart.it\/fr\/#\/schema\/logo\/image\/","url":"https:\/\/blog.holyart.it\/fr\/wp-content\/uploads\/sites\/14\/2022\/12\/Holyart_Blog_Logo.jpg","contentUrl":"https:\/\/blog.holyart.it\/fr\/wp-content\/uploads\/sites\/14\/2022\/12\/Holyart_Blog_Logo.jpg","width":300,"height":50,"caption":"Holyart.fr Blog"},"image":{"@id":"https:\/\/blog.holyart.it\/fr\/#\/schema\/logo\/image\/"}},{"@type":"Person","@id":"https:\/\/blog.holyart.it\/fr\/#\/schema\/person\/0a7b686e5af0f856ec1e390dd0baecda","name":"Redazione","image":{"@type":"ImageObject","inLanguage":"fr-FR","@id":"https:\/\/blog.holyart.it\/fr\/#\/schema\/person\/image\/","url":"https:\/\/secure.gravatar.com\/avatar\/f477da817f43e50d0af36abecd33e3edf826c68299714bdc1057dff3b113f516?s=96&d=mm&r=g","contentUrl":"https:\/\/secure.gravatar.com\/avatar\/f477da817f43e50d0af36abecd33e3edf826c68299714bdc1057dff3b113f516?s=96&d=mm&r=g","caption":"Redazione"},"url":"https:\/\/blog.holyart.it\/fr\/author\/admin\/"}]}},"_links":{"self":[{"href":"https:\/\/blog.holyart.it\/fr\/wp-json\/wp\/v2\/posts\/10040","targetHints":{"allow":["GET"]}}],"collection":[{"href":"https:\/\/blog.holyart.it\/fr\/wp-json\/wp\/v2\/posts"}],"about":[{"href":"https:\/\/blog.holyart.it\/fr\/wp-json\/wp\/v2\/types\/post"}],"author":[{"embeddable":true,"href":"https:\/\/blog.holyart.it\/fr\/wp-json\/wp\/v2\/users\/1"}],"replies":[{"embeddable":true,"href":"https:\/\/blog.holyart.it\/fr\/wp-json\/wp\/v2\/comments?post=10040"}],"version-history":[{"count":7,"href":"https:\/\/blog.holyart.it\/fr\/wp-json\/wp\/v2\/posts\/10040\/revisions"}],"predecessor-version":[{"id":10053,"href":"https:\/\/blog.holyart.it\/fr\/wp-json\/wp\/v2\/posts\/10040\/revisions\/10053"}],"wp:featuredmedia":[{"embeddable":true,"href":"https:\/\/blog.holyart.it\/fr\/wp-json\/wp\/v2\/media\/10042"}],"wp:attachment":[{"href":"https:\/\/blog.holyart.it\/fr\/wp-json\/wp\/v2\/media?parent=10040"}],"wp:term":[{"taxonomy":"category","embeddable":true,"href":"https:\/\/blog.holyart.it\/fr\/wp-json\/wp\/v2\/categories?post=10040"},{"taxonomy":"post_tag","embeddable":true,"href":"https:\/\/blog.holyart.it\/fr\/wp-json\/wp\/v2\/tags?post=10040"}],"curies":[{"name":"wp","href":"https:\/\/api.w.org\/{rel}","templated":true}]}}