{"id":10013,"date":"2025-04-16T10:00:27","date_gmt":"2025-04-16T08:00:27","guid":{"rendered":"https:\/\/blog.holyart.it\/fr\/?p=10013"},"modified":"2026-03-26T10:07:52","modified_gmt":"2026-03-26T09:07:52","slug":"le-proces-de-jesus-de-larrestation-a-la-crucifixion","status":"publish","type":"post","link":"https:\/\/blog.holyart.it\/fr\/paques\/le-proces-de-jesus-de-larrestation-a-la-crucifixion\/","title":{"rendered":"Le proc\u00e8s de J\u00e9sus : de l\u2019arrestation \u00e0 la crucifixion"},"content":{"rendered":"<h4>Le proc\u00e8s de J\u00e9sus, tel qu\u2019il est racont\u00e9 dans les \u00c9vangiles du Nouveau Testament, est un des \u00e9v\u00e9nements fondamentaux de la chr\u00e9tient\u00e9<\/h4>\n\n<p>Le <strong>Proc\u00e8s de J\u00e9sus<\/strong> repr\u00e9sente un des premiers, dramatiques actes de Sa <strong>Passion<\/strong> et ouvre tragiquement la derni\u00e8re partie de la Semaine Sainte. La <strong>Semaine Sainte<\/strong> est une p\u00e9riode de profonde r\u00e9flexion et spiritualit\u00e9 pour les chr\u00e9tiens du monde entier, probablement la plus importante de l\u2019<strong><a href=\"https:\/\/www.holyart.fr\/blog\/accessoires-pour-la-liturgie\/lannee-liturgique-eclaircissons-les-choses\/\"><u>Ann\u00e9e Liturgique<\/u><\/a><\/strong>. Elle comm\u00e9more les \u00e9v\u00e9nements culminants de la vie de J\u00e9sus-Christ avant Sa mort et r\u00e9surrection. En particulier, pendant le <strong>Triduum pascal<\/strong>, le laps de temps entre le soir du Jeudi Saint, quand est c\u00e9l\u00e9br\u00e9e la <strong>C\u00e8ne<\/strong>, et le <strong>Dimanche de P\u00e2ques<\/strong>, se concentrent <a href=\"https:\/\/www.holyart.fr\/blog\/paques\/les-rites-de-la-semaine-sainte\/\"><strong><u>les rites les plus importants de la Semaine Sainte<\/u><\/strong><\/a>. Ce sont les jours de la <strong>Passion de J\u00e9sus<\/strong>, les derniers jours de Sa vie sur Terre, consid\u00e9r\u00e9s comme le c\u0153ur de la chr\u00e9tient\u00e9, car ils repr\u00e9sentent le sacrifice supr\u00eame accompli de Sa part pour le pardon des p\u00e9ch\u00e9s et le salut de l\u2019humanit\u00e9.<\/p>\n<div class=\"link-article\">\n<p><img loading=\"lazy\" decoding=\"async\" class=\"size-full wp-image-10017 alignleft\" src=\"https:\/\/blog.holyart.it\/fr\/wp-content\/uploads\/sites\/14\/2025\/03\/Les-rites-de-la-Semaine-Sainte.jpg\" alt=\"les rites de la semaine sainte\" width=\"150\" height=\"100\" data-kale-share-title=\"Le proc\u00e8s de J\u00e9sus : de l\u2019arrestation \u00e0 la crucifixion\" data-kale-share-url=\"https:\/\/blog.holyart.it\/fr\/?p=10013\" \/><\/p>\n<div class=\"leggi-anche\">Lire aussi :<\/div>\n<p><strong><a href=\"https:\/\/www.holyart.fr\/blog\/paques\/les-rites-de-la-semaine-sainte\/\">Les rites de la Semaine Sainte<\/a><\/strong><br \/>\nP\u00e2ques est la f\u00eate la plus importante de l\u2019ann\u00e9e pour les chr\u00e9tiens et est c\u00e9l\u00e9br\u00e9e dans le monde entier<\/p>\n<\/div>\n<p>La s\u00e9quence des \u00e9v\u00e9nements durant la Semaine Sainte commence avec le <strong>Jeudi Saint<\/strong>, qui c\u00e9l\u00e8bre la <strong>C\u00e8ne<\/strong> de J\u00e9sus avec ses disciples. Pendant ce repas, J\u00e9sus institue l\u2019<strong>Eucharistie<\/strong> et le Sacrement de l\u2019Ordre, et pr\u00e9dit la <strong>trahison de Judas<\/strong> et sa trahison de la part des autres ap\u00f4tres. C\u2019est \u00e9galement l\u2019occasion o\u00f9 J\u00e9sus accomplit l\u2019humble geste de <strong>laver les pieds de Ses disciples<\/strong>, en leur apprenant l\u2019importance du service et de l\u2019humilit\u00e9.<\/p>\n<p>Suit le <strong>Vendredi Saint<\/strong>, le jour de la <a href=\"https:\/\/www.holyart.fr\/blog\/paques\/les-evenements-de-la-passion-de-jesus-de-la-cene-a-sa-crucifixion\/\"><strong><u>Passion et de la mort de J\u00e9sus<\/u><\/strong><\/a> sur la Croix. C\u2019est le jour o\u00f9 <strong>J\u00e9sus est arr\u00eat\u00e9<\/strong> dans le Geths\u00e9mani, conduit devant diff\u00e9rents tribunaux et <strong>condamn\u00e9 \u00e0 mort<\/strong> par crucifixion. J\u00e9sus subit <strong>tortures physiques et humiliations<\/strong> avant d\u2019\u00eatre <strong>crucifi\u00e9 sur le Mont Calvaire<\/strong>, o\u00f9 il offre Sa vie en sacrifice pour l\u2019humanit\u00e9. Sa mort sur la Croix est consid\u00e9r\u00e9e comme le point culminant de Sa mission terrestre, \u00e0 travers laquelle s\u2019accomplit le <strong>plan divin de R\u00e9demption<\/strong>.<\/p>\n<div class=\"link-article\">\n<p><img loading=\"lazy\" decoding=\"async\" class=\"size-full wp-image-10019 alignleft\" src=\"https:\/\/blog.holyart.it\/fr\/wp-content\/uploads\/sites\/14\/2025\/03\/Passion-de-Jesus.jpg\" alt=\"Passion de Jesus\" width=\"150\" height=\"100\" data-kale-share-title=\"Le proc\u00e8s de J\u00e9sus : de l\u2019arrestation \u00e0 la crucifixion\" data-kale-share-url=\"https:\/\/blog.holyart.it\/fr\/?p=10013\" \/><\/p>\n<div class=\"leggi-anche\">Lire aussi :<\/div>\n<p><strong><a href=\"https:\/\/www.holyart.fr\/blog\/paques\/les-evenements-de-la-passion-de-jesus-de-la-cene-a-sa-crucifixion\/\">Les \u00e9v\u00e9nements de la Passion de J\u00e9sus : de la C\u00e8ne \u00e0 Sa crucifixion<\/a><\/strong><br \/>\nLe moment le plus haut et le plus terrible de Sa parabole parmi les hommes<\/p>\n<\/div>\n<p>C\u2019est sur le <strong>proc\u00e8s de J\u00e9sus<\/strong> que nous souhaitons nous attarder, qui dans la Passion de J\u00e9sus, telle qu\u2019elle est racont\u00e9e dans les <a href=\"https:\/\/www.holyart.fr\/articles-religieux\/livres-sacres\/evangiles\"><strong>quatre \u00e9vangiles canoniques<\/strong><\/a>, apparait toujours, bien qu\u2019avec quelques variations.<br \/>\nNous devons toujours prendre en consid\u00e9ration le fait que les <strong>comptes-rendus des \u00c9vang\u00e9listes<\/strong> offrent des perspectives diff\u00e9rentes surtout en ce qui concerne les \u00e9v\u00e9nements qui se sont d\u00e9roul\u00e9s dans les derniers jours de la <a href=\"https:\/\/www.holyart.fr\/blog\/articles-religieux\/lhistoire-de-jesus-les-evenements-les-plus-importants-de-sa-vie\/\"><strong><u>vie terrestre de J\u00e9sus<\/u><\/strong>.<\/a> Il s\u2019agit des seules sources historiques \u00e0 notre disposition afin de reconstruire ces faits, mais il faut filtrer les informations, afin de comprendre lesquelles sont historiquement fiables et lesquelles sont \u00e0 lire en tant qu\u2019interpr\u00e9tations th\u00e9ologiques successives. Les premiers chr\u00e9tiens, dans la formulation de leurs textes sacr\u00e9s, pourraient en effet avec eu int\u00e9r\u00eat \u00e0 <strong>att\u00e9nuer les responsabilit\u00e9s des figures romaines<\/strong> comme Pilate dans la condamnation de Christ, puisque l\u2019Empereur Romain d\u00e9tenait le pouvoir politique pr\u00e9dominant \u00e0 l\u2019\u00e9poque. En m\u00eame temps, il y avait tendance \u00e0 <strong>emphatiser les responsabilit\u00e9s des juifs<\/strong> dans l\u2019arrestation et dans la condamnation, en refl\u00e9tant les tensions entre les premi\u00e8res <a href=\"https:\/\/www.holyart.fr\/blog\/articles-religieux\/les-differences-entre-judaisme-et-christianisme\/\"><strong><u>communaut\u00e9s chr\u00e9tiennes et celles juives<\/u><\/strong>.<\/a><\/p>\n<div class=\"link-article\">\n<p><img loading=\"lazy\" decoding=\"async\" class=\"size-full wp-image-10021 alignleft\" src=\"https:\/\/blog.holyart.it\/fr\/wp-content\/uploads\/sites\/14\/2025\/03\/Lhistoire-de-Jesus-les-evenements-les-plus-importants-de-Sa-vie.jpg\" alt=\"Histoire de Jesus\" width=\"150\" height=\"100\" data-kale-share-title=\"Le proc\u00e8s de J\u00e9sus : de l\u2019arrestation \u00e0 la crucifixion\" data-kale-share-url=\"https:\/\/blog.holyart.it\/fr\/?p=10013\" \/><\/p>\n<div class=\"leggi-anche\">Lire aussi :<\/div>\n<p><strong><a href=\"https:\/\/www.holyart.fr\/blog\/articles-religieux\/lhistoire-de-jesus-les-evenements-les-plus-importants-de-sa-vie\/\">L\u2019histoire de J\u00e9sus : les \u00e9v\u00e9nements les plus importants de Sa vie<\/a><\/strong><br \/>\nEntre r\u00e9cit \u00e9vang\u00e9lique, r\u00e9alit\u00e9 historique et l\u00e9gende d\u00e9votionnelle, la vicissitude qui a chang\u00e9 le destin de l\u2019humanit\u00e9<\/p>\n<\/div>\n<p>Ces tensions ont amen\u00e9 \u00e0 <strong>l\u2019antis\u00e9mitisme et aux pers\u00e9cutions des juifs<\/strong>, consid\u00e9r\u00e9s pendant des si\u00e8cles comme les responsables de la mort de J\u00e9sus et, pour cela, cible de discriminations et violence.<\/p>\n<p>Seulement avec le Concile Vatican IIS, l\u2019innocence du peuple juif dans la condamnation de J\u00e9sus, voulue par Dieu en tant que pi\u00e8ce essentielle dans son plan de R\u00e9demption, a \u00e9t\u00e9 reconnue.<\/p>\n<h2>C\u00e8ne et arrestation de J\u00e9sus<\/h2>\n<p>Voil\u00e0 le r\u00e9sum\u00e9 des \u00e9v\u00e9nements qui amen\u00e8rent au proc\u00e8s le plus d\u00e9terminant dans l\u2019histoire de l\u2019humanit\u00e9.<\/p>\n<p>Le soir du Jeudi Saint, J\u00e9sus consomma Son dernier repas en compagnie de ses amis les plus intimes, les Ap\u00f4tres. Apr\u00e8s celle qui serait pass\u00e9e \u00e0 l\u2019histoire comme la <a href=\"https:\/\/www.holyart.fr\/occasions-speciales\/creche-de-paques\/scene-de-la-cene-en-resine-9-cm\"><strong>C\u00e8ne<\/strong><\/a>, il fut arr\u00eat\u00e9 lorsqu\u2019il priait dans <a href=\"https:\/\/www.holyart.fr\/blog\/paques\/le-mont-des-oliviers-parmi-les-lieux-les-plus-chers-a-jesus\/\"><strong><u>le jardin de Geths\u00e9mani<\/u><\/strong><\/a>, juste en dehors de J\u00e9rusalem. Celui qui conduisit les soldats jusqu\u2019\u00e0 lui fut <a href=\"https:\/\/www.holyart.fr\/blog\/articles-religieux\/la-veritable-histoire-de-judas-iscariote-connu-pour-avoir-trahi-le-messie\/\"><strong><u>Judas Iscariote<\/u><\/strong><\/a>, un des Douze Ap\u00f4tres, qui s\u2019\u00e9tait mis d\u2019accord avec les grands pr\u00eatres du Sanh\u00e9drin.<\/p>\n<p>Ce fut sous leurs yeux que J\u00e9sus fut emmen\u00e9 afin d\u2019\u00eatre interrog\u00e9. Selon <strong>Matthieu, Marc et Luc<\/strong> (Matthieu 26,57-68 ; Marc 14,53-65 ; Luc 22,63-65), J\u00e9sus fut imm\u00e9diatement amen\u00e9 devant le <a href=\"https:\/\/www.holyart.fr\/occasions-speciales\/creche-de-paques\/scene-vie-de-christ-condamnation-de-jesus-9-cm\"><strong>grand pr\u00eatre Ca\u00efphe<\/strong><\/a>, tandis que, selon <strong>Jean<\/strong> (Jean 18,12-13 et 18, 19-23), ils l\u2019amen\u00e8rent chez Anne, dont Ca\u00efphe \u00e9tait le beau-p\u00e8re, et seulement ensuite dans la maison du grand pr\u00eatre, qui l\u2019attendait d\u00e9j\u00e0 entour\u00e9 des scribes et des anciens du <strong>Sanh\u00e9drin<\/strong>. Ici, gr\u00e2ce \u00e0 de faux t\u00e9moins, ils l\u2019accus\u00e8rent de <strong>blasph\u00e8me<\/strong> pour s\u2019\u00eatre compar\u00e9 \u00e0 Dieu et invoqu\u00e8rent sur lui la peine de mort.<\/p>\n<div class=\"link-product\">\n<div class=\"blocco-immagine\"><img loading=\"lazy\" decoding=\"async\" class=\"size-full wp-image-10023 alignleft\" src=\"https:\/\/blog.holyart.it\/fr\/wp-content\/uploads\/sites\/14\/2025\/03\/scene-vie-de-christ-condamnation-de-jesus-9-cm.jpg\" alt=\"condamnation de jesus\" width=\"100\" height=\"100\" data-kale-share-title=\"Le proc\u00e8s de J\u00e9sus : de l\u2019arrestation \u00e0 la crucifixion\" data-kale-share-url=\"https:\/\/blog.holyart.it\/fr\/?p=10013\" \/><\/div>\n<div class=\"blocco-contenuto\">\n<div class=\"blocco-acquista\">Acheter sur Holyart:<\/div>\n<div class=\"blocco-titolo\"><a href=\"https:\/\/www.holyart.fr\/occasions-speciales\/creche-de-paques\/scene-condamnation-de-jesus-caiphe-barabbas-statues-9-cm\">Sc\u00e8ne condamnation de J\u00e9sus Ca\u00efphe Barabbas statues<\/a><\/div>\n<div class=\"blocco-descrizione\">Santons en r\u00e9sine d&rsquo;une hauteur maximale de 8 cm.<\/div>\n<\/div>\n<\/div>\n<p>Mais quelle est la signification de Sanh\u00e9drin ?<\/p>\n<h2>Devant Ca\u00efphe et le Sanh\u00e9drin<\/h2>\n<p>Le Sanh\u00e9drin, au temps de J\u00e9sus, \u00e9tait l\u2019<strong>organisme judiciaire supr\u00eame <\/strong>de l\u2019ancienne J\u00e9rusalem juive. Il \u00e9tait compos\u00e9 de membres de la classe sacerdotale, des anciens et des scribes, repr\u00e9sentants des diff\u00e9rentes factions religieuses juives. Le Sanh\u00e9drin avait des comp\u00e9tences religieuses et civiles \u00e0 la fois et avait le r\u00f4le de conseil l\u00e9gislatif et de tribunal supr\u00eame. Les fonctions du Sanh\u00e9drin comprenait l\u2019interpr\u00e9tation de la loi juive (la <em>Torah<\/em>), la supervision du culte dans le Temple de J\u00e9rusalem et la juridiction sur les cas l\u00e9gaux, y inclus les cas p\u00e9naux. Le Sanh\u00e9drin avait le pouvoir de prononcer des sentences, m\u00eame de mort, dans les cas judiciaires les plus graves.<\/p>\n<p>Dans le contexte du proc\u00e8s de J\u00e9sus, le Sanh\u00e9drin joua un r\u00f4le significatif. Les scribes et les chefs religieux qui composaient le Sanh\u00e9drin furent parmi ceux qui jug\u00e8rent J\u00e9sus et le condamn\u00e8rent pour blasph\u00e8me. Ils interpr\u00e9t\u00e8rent les d\u00e9clarations de J\u00e9sus, o\u00f9 il faisait r\u00e9f\u00e9rence \u00e0 Soi-m\u00eame en termes divins ou messianiques, comme une forme de <strong>blasph\u00e8me<\/strong> contre Dieu, selon leur interpr\u00e9tation de la loi juive. Par cons\u00e9quent, ils le consid\u00e9r\u00e8rent comme coupable de ces <strong>crimes religieux<\/strong> et d\u00e9cid\u00e8rent de porter le cas devant les autorit\u00e9s romaines afin d\u2019obtenir une <a href=\"https:\/\/www.holyart.fr\/occasions-speciales\/creche-de-paques\/santons-peuple-scene-condamnation-de-jesus-9-cm\"><strong>condamnation \u00e0 mort<\/strong><\/a>.<\/p>\n<div class=\"link-product\">\n<div class=\"blocco-immagine\"><img loading=\"lazy\" decoding=\"async\" class=\"size-full wp-image-10025 alignleft\" src=\"https:\/\/blog.holyart.it\/fr\/wp-content\/uploads\/sites\/14\/2025\/03\/santons-peuple-scene-condamnation-de-jesus-9-cm.jpg\" alt=\"les santons du peuple condamnent jesus\" width=\"100\" height=\"100\" data-kale-share-title=\"Le proc\u00e8s de J\u00e9sus : de l\u2019arrestation \u00e0 la crucifixion\" data-kale-share-url=\"https:\/\/blog.holyart.it\/fr\/?p=10013\" \/><\/div>\n<div class=\"blocco-contenuto\">\n<div class=\"blocco-acquista\">Acheter sur Holyart:<\/div>\n<div class=\"blocco-titolo\"><a href=\"https:\/\/www.holyart.fr\/occasions-speciales\/creche-de-paques\/scene-du-peuple-condamnant-jesus-statues-9-cm\">Sc\u00e8ne du peuple condamnant J\u00e9sus statues<\/a><\/div>\n<div class=\"blocco-descrizione\">Les statuettes sont en r\u00e9sine et ont une taille maximale de 10 cm, id\u00e9ale pour votre cr\u00e8che de P\u00e2ques.<\/div>\n<\/div>\n<\/div>\n<h2>Ponce Pilate et J\u00e9sus<\/h2>\n<p>Puisque ni Ca\u00efphe ni le Sanh\u00e9drin n\u2019avaient la facult\u00e9 de condamner \u00e0 mort un homme, apr\u00e8s son premier proc\u00e8s, J\u00e9sus subit diff\u00e9rentes <strong>maltraitances<\/strong>, pour ensuite \u00eatre <strong>conduit en cha\u00eenes devant <a href=\"https:\/\/www.holyart.fr\/blog\/articles-religieux\/lhistoire-de-ponce-pilate-et-son-implication-dans-la-condamnation-de-jesus\/\"><u>Ponce Pilate<\/u><\/a><\/strong>, pr\u00e9fet romain en Jud\u00e9e (Matthieu 27,1-2\u00a0; Marc 15,1\u00a0; Luc 23,1). Une fois accompagn\u00e9 le prisonnier dans le Pr\u00e9toire, la r\u00e9sidence officielle du gouverneur romain \u00e0 J\u00e9rusalem, les membres du Sanh\u00e9drin l\u2019accus\u00e8rent de diff\u00e9rents crimes, parmi lesquelles s\u00e9dition, auto-proclamation \u00e0 roi et Messie, mais aussi <strong>incitation \u00e0 ne pas payer de tributs \u00e0 Rome<\/strong>. Cela parque que la simple accusation de blasph\u00e8me n\u2019aurait pas \u00e9t\u00e9 suffisante pour Pilate pour pr\u00e9tendre la condamnation \u00e0 mort d\u2019un homme.<\/p>\n<div class=\"link-article\">\n<p><img loading=\"lazy\" decoding=\"async\" class=\"size-full wp-image-10027 alignleft\" src=\"https:\/\/blog.holyart.it\/fr\/wp-content\/uploads\/sites\/14\/2025\/03\/Lhistoire-de-Ponce-Pilate-et-son-implication-dans-la-condamnation-de-Jesus.jpg\" alt=\"Histoire de Ponce Pilate\" width=\"150\" height=\"100\" data-kale-share-title=\"Le proc\u00e8s de J\u00e9sus : de l\u2019arrestation \u00e0 la crucifixion\" data-kale-share-url=\"https:\/\/blog.holyart.it\/fr\/?p=10013\" \/><\/p>\n<div class=\"leggi-anche\">Lire aussi :<\/div>\n<p><strong><a href=\"https:\/\/www.holyart.fr\/blog\/articles-religieux\/lhistoire-de-ponce-pilate-et-son-implication-dans-la-condamnation-de-jesus\/\">L\u2019histoire de Ponce Pilate et son implication dans la condamnation de J\u00e9sus<\/a><\/strong><br \/>\nFigure controvers\u00e9e et tragique, l\u2019homme qui a condamn\u00e9 \u00e0 mort J\u00e9sus.<\/p>\n<\/div>\n<p>L\u2019<strong>interrogatoire de J\u00e9sus de la part de Pilate <\/strong>(Matthieu 27,1-2 et Marc 15,1) et la cons\u00e9quente <strong>condamnation \u00e0 mort par Crucifixion<\/strong> repr\u00e9sentent un des \u00e9v\u00e9nements centraux de la narration de la Passion selon la tradition chr\u00e9tienne. Selon les comptes-rendus \u00e9vang\u00e9liques, Pilate, apr\u00e8s avoir interrog\u00e9 J\u00e9sus, aurait trouv\u00e9 les accusations \u00e0 son \u00e9gard pas suffisamment graves pour en justifier la condamnation \u00e0 mort. Selon <strong>Luc et Jean<\/strong> (Luc 23,2-5 et Jean 18,28-38), <strong>Pilate jugea J\u00e9sus innocent<\/strong>. Toutefois, cette cl\u00e9mence attribu\u00e9e \u00e0 Pilate peut sembler en contraste avec sa r\u00e9putation historique de fermet\u00e9 et s\u00e9v\u00e9rit\u00e9 dans l\u2019application des lois romaines. Certains experts sugg\u00e8rent que cette repr\u00e9sentation mitig\u00e9e de Pilate pourrait avoir \u00e9t\u00e9 influenc\u00e9e par l\u2019int\u00e9r\u00eat des communaut\u00e9s chr\u00e9tiennes primitives \u00e0 \u00e9loigner l\u2019<a href=\"https:\/\/www.holyart.fr\/occasions-speciales\/creche-de-paques\/quatre-santons-de-soldats-romains-10-cm\"><strong>autorit\u00e9 romaine<\/strong><\/a> de la responsabilit\u00e9 concernant la mort de J\u00e9sus. Selon la narration \u00e9vang\u00e9lique de Luc (Luc 23,6-12), Pilate aurait tent\u00e9 d\u2019\u00e9viter la responsabilit\u00e9 de la condamnation de J\u00e9sus en l\u2019envoyant au <strong>t\u00e9trarque H\u00e9rode Antipas<\/strong>, mais lui non plus n\u2019aurait pas trouv\u00e9 des motifs valables pour le condamner et l\u2019aurait renvoy\u00e9 \u00e0 Pilate. Toutefois, il est plus vraisemblable que Pilate ait condamn\u00e9 J\u00e9sus \u00e0 mort imm\u00e9diatement, en le consid\u00e9rant comme un <strong>dangereux agitateur politique<\/strong>, sans passer par un proc\u00e8s si long et complexe comme il est d\u00e9crit dans les \u00c9vangiles.<\/p>\n<div class=\"link-product\">\n<div class=\"blocco-immagine\"><img loading=\"lazy\" decoding=\"async\" class=\"size-full wp-image-10036 alignleft\" src=\"https:\/\/blog.holyart.it\/fr\/wp-content\/uploads\/sites\/14\/2025\/03\/quatre-santons-de-soldats-romains-9-cm-1.jpg\" alt=\"quatre santons de soldats romains\" width=\"100\" height=\"100\" data-kale-share-title=\"Le proc\u00e8s de J\u00e9sus : de l\u2019arrestation \u00e0 la crucifixion\" data-kale-share-url=\"https:\/\/blog.holyart.it\/fr\/?p=10013\" \/><\/div>\n<div class=\"blocco-contenuto\">\n<div class=\"blocco-acquista\">Acheter sur Holyart:<\/div>\n<div class=\"blocco-titolo\"><a href=\"https:\/\/www.holyart.fr\/occasions-speciales\/creche-de-paques\/quatre-santons-de-soldats-romains-10-cm\">Quatre santons de soldats romains<\/a><\/div>\n<div class=\"blocco-descrizione\">Figurines en r\u00e9sine, hauteur maximale de 10 cm, id\u00e9al pour votre cr\u00e8che de P\u00e2ques.<\/div>\n<\/div>\n<\/div>\n<h2>Crucifixion<\/h2>\n<p>Et on arrive ainsi au dernier, terrible acte de cette trag\u00e9die annonc\u00e9e. Les derniers phases du proc\u00e8s diff\u00e8rent de peu dans les quatre \u00c9vangiles. Selon Matthieu, <strong>Claudia<\/strong>, la femme de Pilate, tenta de venir en aide \u00e0 son mari, afin qu\u2019il ne condamne pas un innocent, mais le pr\u00e9fet, accabl\u00e9 par la rage de la foule, qui invoquait la crucifixion, tenta d\u2019abord de les amadouer en lib\u00e9rant le voleur Barabbas, comme il \u00e9tait l\u2019usage \u00e0 l\u2019occasion de la <a href=\"https:\/\/www.holyart.fr\/blog\/paques\/comment-calcule-t-on-la-date-de-paques\/#Comment_calcule-t-on_la_Paque_juive\"><strong><u>P\u00e2que juive<\/u><\/strong><\/a>, et en faisant <a href=\"https:\/\/www.holyart.fr\/occasions-speciales\/creche-de-paques\/scene-passion-de-jesus-flagellation-de-christ-9-cm\"><strong>fouetter J\u00e9sus<\/strong><\/a>, mais finit par capituler, en s\u2019en lavant les mains et en d\u00e9clarant ne pas vouloir avoir plus rien \u00e0 faire avec cette vicissitude (Matthieu 27,15-26).<\/p>\n<p>Dans Marc aussi, on trouve la lib\u00e9ration de Barabbas, la flagellation et, enfin, la capitulation de Pilate (Marc 15,6-15). Dans Luc et Jean, Pilate insiste, en d\u00e9clarant J\u00e9sus innocent, en lib\u00e9rant Barabbas et en tentant de commuter la peine de mort en flagellation (Luc 23,13-25 et Jean 18,39-19,1). Apr\u00e8s la flagellation, Matthieu, Marc et Luc d\u00e9crivent les maltraitances subies par J\u00e9sus dans le Pr\u00e9toire de la part de la cour romaine et le couronnement avec la <a href=\"https:\/\/www.holyart.fr\/blog\/articles-religieux\/la-couronne-depines-de-jesus-et-ses-significations\/\"><strong><u>couronne d\u2019\u00e9pines<\/u><\/strong><\/a>.<\/p>\n<div class=\"link-article\">\n<p><img loading=\"lazy\" decoding=\"async\" class=\"size-full wp-image-10031 alignleft\" src=\"https:\/\/blog.holyart.it\/fr\/wp-content\/uploads\/sites\/14\/2025\/03\/La-couronne-depines.jpeg\" alt=\"couronne d'\u00e9pines\" width=\"150\" height=\"100\" data-kale-share-title=\"Le proc\u00e8s de J\u00e9sus : de l\u2019arrestation \u00e0 la crucifixion\" data-kale-share-url=\"https:\/\/blog.holyart.it\/fr\/?p=10013\" \/><\/p>\n<div class=\"leggi-anche\">Lire aussi :<\/div>\n<p><strong><a href=\"https:\/\/www.holyart.fr\/blog\/articles-religieux\/la-couronne-depines-de-jesus-et-ses-significations\/\">La couronne d\u2019\u00e9pines de J\u00e9sus et ses significations<\/a><\/strong><br \/>\nUn des symboles les plus embl\u00e9matiques de la Passion: d\u00e9couvrons pourquoi<\/p>\n<\/div>\n<p>Le <a href=\"https:\/\/www.holyart.fr\/occasions-speciales\/paques-et-careme\/chemin-de-croix-et-procession\"><strong><em>Chemin de Croix<\/em><\/strong><\/a> est le parcours symbolique qui comm\u00e9more les \u00e9v\u00e9nements de la Passion de Christ, y compris la flagellation, la condamnation et la crucifixion. Ce r\u00e9cit, c\u00e9l\u00e9br\u00e9 dans le monde entier pendant le Vendredi Saint, offre une vision profonde du sacrifice de J\u00e9sus et de Sa souffrance pour l\u2019humanit\u00e9.<\/p>\n<p>Sur le chemin vers le Calvaire, J\u00e9sus fut soumis \u00e0 de <strong>cruelles tortures<\/strong> par les soldats romains, tortures qui font partie int\u00e9grante du r\u00e9cit de la Passion. <a href=\"https:\/\/www.holyart.fr\/blog\/articles-religieux\/simon-de-cyrene-lhomme-qui-aida-jesus-a-porter-la-croix\/\"><strong><u>Simon de Cyr\u00e8ne<\/u><\/strong><\/a> fut oblig\u00e9 par les soldats romains \u00e0 aider J\u00e9sus \u00e0 porter l\u2019axe transversale de la croix, puisqu\u2019Il \u00e9tait trop affaibli pour continuer \u00e0 la porter seul.<\/p>\n<p>Une fois arriv\u00e9s sur le <strong>Golgotha<\/strong>, le lieu de l\u2019ex\u00e9cution, J\u00e9sus fut clou\u00e9 sur la croix.<br \/>\nL\u2019\u00c9vangile de Jean (Jean 19,28-30) nous offre le t\u00e9moignage le plus touchant des <a href=\"https:\/\/www.holyart.fr\/occasions-speciales\/creche-de-paques\/scene-jesus-sur-la-croix-avec-marie-a-ses-pieds-9-cm\"><strong>derniers moments de vie de J\u00e9sus sur la croix<\/strong><\/a>, de quand il est d\u00e9salt\u00e9r\u00e9 par les soldats avec du vinaigre (ou peut-\u00eatre du vin acide), \u00e0 ses derniers mots\u00a0: \u00ab\u00a0<em>Tout est accompli<\/em>\u00a0\u00bb.<\/p>\n<p>Avec la mort de Christ sur la croix, la volont\u00e9 de Dieu est accomplie et le chemin de R\u00e9demption et d\u2019esp\u00e9rance pour toute l\u2019humanit\u00e9 commence.<\/p>\n<div class=\"link-product\">\n<div class=\"blocco-immagine\"><img loading=\"lazy\" decoding=\"async\" class=\"size-full wp-image-10033 alignleft\" src=\"https:\/\/blog.holyart.it\/fr\/wp-content\/uploads\/sites\/14\/2025\/03\/scene-jesus-sur-la-croix-avec-marie-a-ses-pieds-9-cm.jpg\" alt=\"jesus sur la croix\" width=\"100\" height=\"100\" data-kale-share-title=\"Le proc\u00e8s de J\u00e9sus : de l\u2019arrestation \u00e0 la crucifixion\" data-kale-share-url=\"https:\/\/blog.holyart.it\/fr\/?p=10013\" \/><\/div>\n<div class=\"blocco-contenuto\">\n<div class=\"blocco-acquista\">Acheter sur Holyart:<\/div>\n<div class=\"blocco-titolo\"><a href=\"https:\/\/www.holyart.fr\/occasions-speciales\/creche-de-paques\/scene-jesus-sur-la-croix-avec-marie-et-un-soldat-a-ses-pieds-9-cm\">Sc\u00e8ne J\u00e9sus sur la croix avec Marie et un soldat \u00e0 ses pieds<\/a><\/div>\n<div class=\"blocco-descrizione\">Santons en r\u00e9sine d&rsquo;une hauteur maximale r\u00e9elle de 15 cm, id\u00e9al pour cr\u00e8che de P\u00e2ques<\/div>\n<\/div>\n<\/div>\n","protected":false},"excerpt":{"rendered":"<p>Le proc\u00e8s de J\u00e9sus, tel qu\u2019il est racont\u00e9 dans les \u00c9vangiles du Nouveau Testament, est un des \u00e9v\u00e9nements fondamentaux de la chr\u00e9tient\u00e9 Le Proc\u00e8s de J\u00e9sus repr\u00e9sente un des premiers, dramatiques actes de Sa Passion et ouvre tragiquement la derni\u00e8re partie de la Semaine Sainte.&hellip;<\/p>\n","protected":false},"author":1,"featured_media":10014,"comment_status":"closed","ping_status":"open","sticky":false,"template":"","format":"standard","meta":{"_acf_changed":false,"footnotes":""},"categories":[14],"tags":[],"class_list":["post-10013","post","type-post","status-publish","format-standard","has-post-thumbnail","hentry","category-paques"],"acf":[],"yoast_head":"<!-- This site is optimized with the Yoast SEO plugin v26.6 - https:\/\/yoast.com\/wordpress\/plugins\/seo\/ -->\n<title>Le proc\u00e8s de J\u00e9sus : de l\u2019arrestation \u00e0 la crucifixion - Holyart.fr Blog<\/title>\n<meta name=\"description\" content=\"Le proc\u00e8s de J\u00e9sus est un des \u00e9v\u00e9nements les plus significatifs dans le r\u00e9cit de la Passion et est d\u00e9crit dans les \u00c9vangiles canoniques.\" \/>\n<meta name=\"robots\" content=\"index, follow, max-snippet:-1, max-image-preview:large, max-video-preview:-1\" \/>\n<link rel=\"canonical\" href=\"https:\/\/blog.holyart.it\/fr\/paques\/le-proces-de-jesus-de-larrestation-a-la-crucifixion\/\" \/>\n<meta property=\"og:locale\" content=\"fr_FR\" \/>\n<meta property=\"og:type\" content=\"article\" \/>\n<meta property=\"og:title\" content=\"Le proc\u00e8s de J\u00e9sus : de l\u2019arrestation \u00e0 la crucifixion - Holyart.fr Blog\" \/>\n<meta property=\"og:description\" content=\"Le proc\u00e8s de J\u00e9sus est un des \u00e9v\u00e9nements les plus significatifs dans le r\u00e9cit de la Passion et est d\u00e9crit dans les \u00c9vangiles canoniques.\" \/>\n<meta property=\"og:url\" content=\"https:\/\/blog.holyart.it\/fr\/paques\/le-proces-de-jesus-de-larrestation-a-la-crucifixion\/\" \/>\n<meta property=\"og:site_name\" content=\"Holyart.fr Blog\" \/>\n<meta property=\"article:published_time\" content=\"2025-04-16T08:00:27+00:00\" \/>\n<meta property=\"article:modified_time\" content=\"2026-03-26T09:07:52+00:00\" \/>\n<meta property=\"og:image\" content=\"https:\/\/blog.holyart.it\/fr\/wp-content\/uploads\/sites\/14\/2025\/03\/le-proces-de-Jesus.jpg\" \/>\n\t<meta property=\"og:image:width\" content=\"1000\" \/>\n\t<meta property=\"og:image:height\" content=\"666\" \/>\n\t<meta property=\"og:image:type\" content=\"image\/jpeg\" \/>\n<meta name=\"author\" content=\"Redazione\" \/>\n<meta name=\"twitter:card\" content=\"summary_large_image\" \/>\n<meta name=\"twitter:label1\" content=\"\u00c9crit par\" \/>\n\t<meta name=\"twitter:data1\" content=\"Redazione\" \/>\n\t<meta name=\"twitter:label2\" content=\"Dur\u00e9e de lecture estim\u00e9e\" \/>\n\t<meta name=\"twitter:data2\" content=\"12 minutes\" \/>\n<script type=\"application\/ld+json\" class=\"yoast-schema-graph\">{\"@context\":\"https:\/\/schema.org\",\"@graph\":[{\"@type\":\"Article\",\"@id\":\"https:\/\/blog.holyart.it\/fr\/paques\/le-proces-de-jesus-de-larrestation-a-la-crucifixion\/#article\",\"isPartOf\":{\"@id\":\"https:\/\/blog.holyart.it\/fr\/paques\/le-proces-de-jesus-de-larrestation-a-la-crucifixion\/\"},\"author\":{\"name\":\"Redazione\",\"@id\":\"https:\/\/blog.holyart.it\/fr\/#\/schema\/person\/0a7b686e5af0f856ec1e390dd0baecda\"},\"headline\":\"Le proc\u00e8s de J\u00e9sus : de l\u2019arrestation \u00e0 la crucifixion\",\"datePublished\":\"2025-04-16T08:00:27+00:00\",\"dateModified\":\"2026-03-26T09:07:52+00:00\",\"mainEntityOfPage\":{\"@id\":\"https:\/\/blog.holyart.it\/fr\/paques\/le-proces-de-jesus-de-larrestation-a-la-crucifixion\/\"},\"wordCount\":2224,\"publisher\":{\"@id\":\"https:\/\/blog.holyart.it\/fr\/#organization\"},\"image\":{\"@id\":\"https:\/\/blog.holyart.it\/fr\/paques\/le-proces-de-jesus-de-larrestation-a-la-crucifixion\/#primaryimage\"},\"thumbnailUrl\":\"https:\/\/blog.holyart.it\/fr\/wp-content\/uploads\/sites\/14\/2025\/03\/le-proces-de-Jesus.jpg\",\"articleSection\":[\"P\u00e2ques\"],\"inLanguage\":\"fr-FR\"},{\"@type\":\"WebPage\",\"@id\":\"https:\/\/blog.holyart.it\/fr\/paques\/le-proces-de-jesus-de-larrestation-a-la-crucifixion\/\",\"url\":\"https:\/\/blog.holyart.it\/fr\/paques\/le-proces-de-jesus-de-larrestation-a-la-crucifixion\/\",\"name\":\"Le proc\u00e8s de J\u00e9sus : de l\u2019arrestation \u00e0 la crucifixion - Holyart.fr Blog\",\"isPartOf\":{\"@id\":\"https:\/\/blog.holyart.it\/fr\/#website\"},\"primaryImageOfPage\":{\"@id\":\"https:\/\/blog.holyart.it\/fr\/paques\/le-proces-de-jesus-de-larrestation-a-la-crucifixion\/#primaryimage\"},\"image\":{\"@id\":\"https:\/\/blog.holyart.it\/fr\/paques\/le-proces-de-jesus-de-larrestation-a-la-crucifixion\/#primaryimage\"},\"thumbnailUrl\":\"https:\/\/blog.holyart.it\/fr\/wp-content\/uploads\/sites\/14\/2025\/03\/le-proces-de-Jesus.jpg\",\"datePublished\":\"2025-04-16T08:00:27+00:00\",\"dateModified\":\"2026-03-26T09:07:52+00:00\",\"description\":\"Le proc\u00e8s de J\u00e9sus est un des \u00e9v\u00e9nements les plus significatifs dans le r\u00e9cit de la Passion et est d\u00e9crit dans les \u00c9vangiles canoniques.\",\"breadcrumb\":{\"@id\":\"https:\/\/blog.holyart.it\/fr\/paques\/le-proces-de-jesus-de-larrestation-a-la-crucifixion\/#breadcrumb\"},\"inLanguage\":\"fr-FR\",\"potentialAction\":[{\"@type\":\"ReadAction\",\"target\":[\"https:\/\/blog.holyart.it\/fr\/paques\/le-proces-de-jesus-de-larrestation-a-la-crucifixion\/\"]}]},{\"@type\":\"ImageObject\",\"inLanguage\":\"fr-FR\",\"@id\":\"https:\/\/blog.holyart.it\/fr\/paques\/le-proces-de-jesus-de-larrestation-a-la-crucifixion\/#primaryimage\",\"url\":\"https:\/\/blog.holyart.it\/fr\/wp-content\/uploads\/sites\/14\/2025\/03\/le-proces-de-Jesus.jpg\",\"contentUrl\":\"https:\/\/blog.holyart.it\/fr\/wp-content\/uploads\/sites\/14\/2025\/03\/le-proces-de-Jesus.jpg\",\"width\":1000,\"height\":666,\"caption\":\"Le proces de Jesus\"},{\"@type\":\"BreadcrumbList\",\"@id\":\"https:\/\/blog.holyart.it\/fr\/paques\/le-proces-de-jesus-de-larrestation-a-la-crucifixion\/#breadcrumb\",\"itemListElement\":[{\"@type\":\"ListItem\",\"position\":1,\"name\":\"Homepage\",\"item\":\"https:\/\/blog.holyart.it\/fr\/\"},{\"@type\":\"ListItem\",\"position\":2,\"name\":\"P\u00e2ques\",\"item\":\"https:\/\/blog.holyart.it\/fr\/paques\/\"},{\"@type\":\"ListItem\",\"position\":3,\"name\":\"Le proc\u00e8s de J\u00e9sus : de l\u2019arrestation \u00e0 la crucifixion\"}]},{\"@type\":\"WebSite\",\"@id\":\"https:\/\/blog.holyart.it\/fr\/#website\",\"url\":\"https:\/\/blog.holyart.it\/fr\/\",\"name\":\"Holyart.fr Blog\",\"description\":\"Holyblog\",\"publisher\":{\"@id\":\"https:\/\/blog.holyart.it\/fr\/#organization\"},\"potentialAction\":[{\"@type\":\"SearchAction\",\"target\":{\"@type\":\"EntryPoint\",\"urlTemplate\":\"https:\/\/blog.holyart.it\/fr\/?s={search_term_string}\"},\"query-input\":{\"@type\":\"PropertyValueSpecification\",\"valueRequired\":true,\"valueName\":\"search_term_string\"}}],\"inLanguage\":\"fr-FR\"},{\"@type\":\"Organization\",\"@id\":\"https:\/\/blog.holyart.it\/fr\/#organization\",\"name\":\"Holyart.fr Blog\",\"url\":\"https:\/\/blog.holyart.it\/fr\/\",\"logo\":{\"@type\":\"ImageObject\",\"inLanguage\":\"fr-FR\",\"@id\":\"https:\/\/blog.holyart.it\/fr\/#\/schema\/logo\/image\/\",\"url\":\"https:\/\/blog.holyart.it\/fr\/wp-content\/uploads\/sites\/14\/2022\/12\/Holyart_Blog_Logo.jpg\",\"contentUrl\":\"https:\/\/blog.holyart.it\/fr\/wp-content\/uploads\/sites\/14\/2022\/12\/Holyart_Blog_Logo.jpg\",\"width\":300,\"height\":50,\"caption\":\"Holyart.fr Blog\"},\"image\":{\"@id\":\"https:\/\/blog.holyart.it\/fr\/#\/schema\/logo\/image\/\"}},{\"@type\":\"Person\",\"@id\":\"https:\/\/blog.holyart.it\/fr\/#\/schema\/person\/0a7b686e5af0f856ec1e390dd0baecda\",\"name\":\"Redazione\",\"image\":{\"@type\":\"ImageObject\",\"inLanguage\":\"fr-FR\",\"@id\":\"https:\/\/blog.holyart.it\/fr\/#\/schema\/person\/image\/\",\"url\":\"https:\/\/secure.gravatar.com\/avatar\/f477da817f43e50d0af36abecd33e3edf826c68299714bdc1057dff3b113f516?s=96&d=mm&r=g\",\"contentUrl\":\"https:\/\/secure.gravatar.com\/avatar\/f477da817f43e50d0af36abecd33e3edf826c68299714bdc1057dff3b113f516?s=96&d=mm&r=g\",\"caption\":\"Redazione\"},\"url\":\"https:\/\/blog.holyart.it\/fr\/author\/admin\/\"}]}<\/script>\n<!-- \/ Yoast SEO plugin. -->","yoast_head_json":{"title":"Le proc\u00e8s de J\u00e9sus : de l\u2019arrestation \u00e0 la crucifixion - Holyart.fr Blog","description":"Le proc\u00e8s de J\u00e9sus est un des \u00e9v\u00e9nements les plus significatifs dans le r\u00e9cit de la Passion et est d\u00e9crit dans les \u00c9vangiles canoniques.","robots":{"index":"index","follow":"follow","max-snippet":"max-snippet:-1","max-image-preview":"max-image-preview:large","max-video-preview":"max-video-preview:-1"},"canonical":"https:\/\/blog.holyart.it\/fr\/paques\/le-proces-de-jesus-de-larrestation-a-la-crucifixion\/","og_locale":"fr_FR","og_type":"article","og_title":"Le proc\u00e8s de J\u00e9sus : de l\u2019arrestation \u00e0 la crucifixion - Holyart.fr Blog","og_description":"Le proc\u00e8s de J\u00e9sus est un des \u00e9v\u00e9nements les plus significatifs dans le r\u00e9cit de la Passion et est d\u00e9crit dans les \u00c9vangiles canoniques.","og_url":"https:\/\/blog.holyart.it\/fr\/paques\/le-proces-de-jesus-de-larrestation-a-la-crucifixion\/","og_site_name":"Holyart.fr Blog","article_published_time":"2025-04-16T08:00:27+00:00","article_modified_time":"2026-03-26T09:07:52+00:00","og_image":[{"width":1000,"height":666,"url":"https:\/\/blog.holyart.it\/fr\/wp-content\/uploads\/sites\/14\/2025\/03\/le-proces-de-Jesus.jpg","type":"image\/jpeg"}],"author":"Redazione","twitter_card":"summary_large_image","twitter_misc":{"\u00c9crit par":"Redazione","Dur\u00e9e de lecture estim\u00e9e":"12 minutes"},"schema":{"@context":"https:\/\/schema.org","@graph":[{"@type":"Article","@id":"https:\/\/blog.holyart.it\/fr\/paques\/le-proces-de-jesus-de-larrestation-a-la-crucifixion\/#article","isPartOf":{"@id":"https:\/\/blog.holyart.it\/fr\/paques\/le-proces-de-jesus-de-larrestation-a-la-crucifixion\/"},"author":{"name":"Redazione","@id":"https:\/\/blog.holyart.it\/fr\/#\/schema\/person\/0a7b686e5af0f856ec1e390dd0baecda"},"headline":"Le proc\u00e8s de J\u00e9sus : de l\u2019arrestation \u00e0 la crucifixion","datePublished":"2025-04-16T08:00:27+00:00","dateModified":"2026-03-26T09:07:52+00:00","mainEntityOfPage":{"@id":"https:\/\/blog.holyart.it\/fr\/paques\/le-proces-de-jesus-de-larrestation-a-la-crucifixion\/"},"wordCount":2224,"publisher":{"@id":"https:\/\/blog.holyart.it\/fr\/#organization"},"image":{"@id":"https:\/\/blog.holyart.it\/fr\/paques\/le-proces-de-jesus-de-larrestation-a-la-crucifixion\/#primaryimage"},"thumbnailUrl":"https:\/\/blog.holyart.it\/fr\/wp-content\/uploads\/sites\/14\/2025\/03\/le-proces-de-Jesus.jpg","articleSection":["P\u00e2ques"],"inLanguage":"fr-FR"},{"@type":"WebPage","@id":"https:\/\/blog.holyart.it\/fr\/paques\/le-proces-de-jesus-de-larrestation-a-la-crucifixion\/","url":"https:\/\/blog.holyart.it\/fr\/paques\/le-proces-de-jesus-de-larrestation-a-la-crucifixion\/","name":"Le proc\u00e8s de J\u00e9sus : de l\u2019arrestation \u00e0 la crucifixion - Holyart.fr Blog","isPartOf":{"@id":"https:\/\/blog.holyart.it\/fr\/#website"},"primaryImageOfPage":{"@id":"https:\/\/blog.holyart.it\/fr\/paques\/le-proces-de-jesus-de-larrestation-a-la-crucifixion\/#primaryimage"},"image":{"@id":"https:\/\/blog.holyart.it\/fr\/paques\/le-proces-de-jesus-de-larrestation-a-la-crucifixion\/#primaryimage"},"thumbnailUrl":"https:\/\/blog.holyart.it\/fr\/wp-content\/uploads\/sites\/14\/2025\/03\/le-proces-de-Jesus.jpg","datePublished":"2025-04-16T08:00:27+00:00","dateModified":"2026-03-26T09:07:52+00:00","description":"Le proc\u00e8s de J\u00e9sus est un des \u00e9v\u00e9nements les plus significatifs dans le r\u00e9cit de la Passion et est d\u00e9crit dans les \u00c9vangiles canoniques.","breadcrumb":{"@id":"https:\/\/blog.holyart.it\/fr\/paques\/le-proces-de-jesus-de-larrestation-a-la-crucifixion\/#breadcrumb"},"inLanguage":"fr-FR","potentialAction":[{"@type":"ReadAction","target":["https:\/\/blog.holyart.it\/fr\/paques\/le-proces-de-jesus-de-larrestation-a-la-crucifixion\/"]}]},{"@type":"ImageObject","inLanguage":"fr-FR","@id":"https:\/\/blog.holyart.it\/fr\/paques\/le-proces-de-jesus-de-larrestation-a-la-crucifixion\/#primaryimage","url":"https:\/\/blog.holyart.it\/fr\/wp-content\/uploads\/sites\/14\/2025\/03\/le-proces-de-Jesus.jpg","contentUrl":"https:\/\/blog.holyart.it\/fr\/wp-content\/uploads\/sites\/14\/2025\/03\/le-proces-de-Jesus.jpg","width":1000,"height":666,"caption":"Le proces de Jesus"},{"@type":"BreadcrumbList","@id":"https:\/\/blog.holyart.it\/fr\/paques\/le-proces-de-jesus-de-larrestation-a-la-crucifixion\/#breadcrumb","itemListElement":[{"@type":"ListItem","position":1,"name":"Homepage","item":"https:\/\/blog.holyart.it\/fr\/"},{"@type":"ListItem","position":2,"name":"P\u00e2ques","item":"https:\/\/blog.holyart.it\/fr\/paques\/"},{"@type":"ListItem","position":3,"name":"Le proc\u00e8s de J\u00e9sus : de l\u2019arrestation \u00e0 la crucifixion"}]},{"@type":"WebSite","@id":"https:\/\/blog.holyart.it\/fr\/#website","url":"https:\/\/blog.holyart.it\/fr\/","name":"Holyart.fr Blog","description":"Holyblog","publisher":{"@id":"https:\/\/blog.holyart.it\/fr\/#organization"},"potentialAction":[{"@type":"SearchAction","target":{"@type":"EntryPoint","urlTemplate":"https:\/\/blog.holyart.it\/fr\/?s={search_term_string}"},"query-input":{"@type":"PropertyValueSpecification","valueRequired":true,"valueName":"search_term_string"}}],"inLanguage":"fr-FR"},{"@type":"Organization","@id":"https:\/\/blog.holyart.it\/fr\/#organization","name":"Holyart.fr Blog","url":"https:\/\/blog.holyart.it\/fr\/","logo":{"@type":"ImageObject","inLanguage":"fr-FR","@id":"https:\/\/blog.holyart.it\/fr\/#\/schema\/logo\/image\/","url":"https:\/\/blog.holyart.it\/fr\/wp-content\/uploads\/sites\/14\/2022\/12\/Holyart_Blog_Logo.jpg","contentUrl":"https:\/\/blog.holyart.it\/fr\/wp-content\/uploads\/sites\/14\/2022\/12\/Holyart_Blog_Logo.jpg","width":300,"height":50,"caption":"Holyart.fr Blog"},"image":{"@id":"https:\/\/blog.holyart.it\/fr\/#\/schema\/logo\/image\/"}},{"@type":"Person","@id":"https:\/\/blog.holyart.it\/fr\/#\/schema\/person\/0a7b686e5af0f856ec1e390dd0baecda","name":"Redazione","image":{"@type":"ImageObject","inLanguage":"fr-FR","@id":"https:\/\/blog.holyart.it\/fr\/#\/schema\/person\/image\/","url":"https:\/\/secure.gravatar.com\/avatar\/f477da817f43e50d0af36abecd33e3edf826c68299714bdc1057dff3b113f516?s=96&d=mm&r=g","contentUrl":"https:\/\/secure.gravatar.com\/avatar\/f477da817f43e50d0af36abecd33e3edf826c68299714bdc1057dff3b113f516?s=96&d=mm&r=g","caption":"Redazione"},"url":"https:\/\/blog.holyart.it\/fr\/author\/admin\/"}]}},"_links":{"self":[{"href":"https:\/\/blog.holyart.it\/fr\/wp-json\/wp\/v2\/posts\/10013","targetHints":{"allow":["GET"]}}],"collection":[{"href":"https:\/\/blog.holyart.it\/fr\/wp-json\/wp\/v2\/posts"}],"about":[{"href":"https:\/\/blog.holyart.it\/fr\/wp-json\/wp\/v2\/types\/post"}],"author":[{"embeddable":true,"href":"https:\/\/blog.holyart.it\/fr\/wp-json\/wp\/v2\/users\/1"}],"replies":[{"embeddable":true,"href":"https:\/\/blog.holyart.it\/fr\/wp-json\/wp\/v2\/comments?post=10013"}],"version-history":[{"count":15,"href":"https:\/\/blog.holyart.it\/fr\/wp-json\/wp\/v2\/posts\/10013\/revisions"}],"predecessor-version":[{"id":10039,"href":"https:\/\/blog.holyart.it\/fr\/wp-json\/wp\/v2\/posts\/10013\/revisions\/10039"}],"wp:featuredmedia":[{"embeddable":true,"href":"https:\/\/blog.holyart.it\/fr\/wp-json\/wp\/v2\/media\/10014"}],"wp:attachment":[{"href":"https:\/\/blog.holyart.it\/fr\/wp-json\/wp\/v2\/media?parent=10013"}],"wp:term":[{"taxonomy":"category","embeddable":true,"href":"https:\/\/blog.holyart.it\/fr\/wp-json\/wp\/v2\/categories?post=10013"},{"taxonomy":"post_tag","embeddable":true,"href":"https:\/\/blog.holyart.it\/fr\/wp-json\/wp\/v2\/tags?post=10013"}],"curies":[{"name":"wp","href":"https:\/\/api.w.org\/{rel}","templated":true}]}}