{"id":13115,"date":"2026-08-09T10:00:18","date_gmt":"2026-08-09T08:00:18","guid":{"rendered":"https:\/\/blog.holyart.it\/es\/?p=13115"},"modified":"2026-08-26T17:52:52","modified_gmt":"2026-08-26T15:52:52","slug":"oracion-a-padre-pio-contra-la-guerra","status":"publish","type":"post","link":"https:\/\/blog.holyart.it\/es\/santos-y-beatos\/oracion-a-padre-pio-contra-la-guerra\/","title":{"rendered":"Oraci\u00f3n a Padre P\u00edo contra la guerra"},"content":{"rendered":"<h4>La oraci\u00f3n a Padre P\u00edo contra la guerra nos recuerda la importancia de asumir un papel activo en la construcci\u00f3n de la paz para todos los hombres<\/h4>\n<p>En una \u00e9poca marcada por conflictos y tensiones internacionales, la oraci\u00f3n a <a href=\"https:\/\/www.holyart.es\/blog\/santos-y-beatos\/padre-pio-la-orden-los-frailes-menores-capuchinos\/\"><strong>Padre P\u00edo<\/strong><\/a> contra la guerra adquiere un significado a\u00fan m\u00e1s profundo y urgente, un llamado que no puede quedar sin ser escuchado. La figura de Padre P\u00edo, conocido entre otras cosas por su profundo compromiso en la promoci\u00f3n de la paz y del amor, se presenta hoy con gran actualidad. El Santo de Pietrelcina, que vivi\u00f3 personalmente los horrores de la Primera y de la Segunda Guerra Mundial, siempre mostr\u00f3 una profunda sensibilidad hacia los <strong>sufrimientos causados por los conflictos armados<\/strong>, frente a los cuales se posicionaba con firme oposici\u00f3n. Para \u00e9l, que afirmaba que <em>\u201cla paz es la sencillez del esp\u00edritu\u201d<\/em>, y que la paz interior puede mantenerse incluso en medio de las tormentas de la vida, era un imperativo promover la armon\u00eda entre los hombres y la intercesi\u00f3n divina para detener la violencia. Padre P\u00edo exhortaba a sus devotos a <strong>rezar por la paz en el mundo<\/strong> y a vivir seg\u00fan los principios del amor cristiano. Su visi\u00f3n de la paz no era solo ausencia de guerra, sino tambi\u00e9n <strong>armon\u00eda interior y espiritual<\/strong>. A trav\u00e9s de sus obras de caridad y su ejemplo de vida, buscaba <strong>aliviar los sufrimientos causados por los conflictos<\/strong>. Aunque no estuvo directamente implicado en decisiones pol\u00edticas o militares, <strong>condenaba toda forma de violencia<\/strong>. Su enfoque era el de la <strong>oraci\u00f3n constante y la confianza en Dios para detener las guerras y llevar alivio a las v\u00edctimas<\/strong>. Durante su vida vivi\u00f3 momentos hist\u00f3ricos terribles, marcados por guerras y horrores, y su actitud siempre reflej\u00f3 una profunda espiritualidad orientada a la <strong>reconciliaci\u00f3n y a la protecci\u00f3n de la vida humana<\/strong>. Su herencia espiritual est\u00e1 estrechamente ligada al deseo y a la necesidad de crear espacios donde las personas puedan encontrar alivio y consuelo a trav\u00e9s del amor y el apoyo mutuo.<\/p>\n<div class=\"link-article\">\n<p><img loading=\"lazy\" decoding=\"async\" class=\"alignleft size-full wp-image-13117\" src=\"https:\/\/blog.holyart.it\/es\/wp-content\/uploads\/sites\/13\/2026\/08\/Padre-Pio.jpg\" alt=\"Padre-P\u00edo\" width=\"150\" height=\"99\" data-kale-share-title=\"Oraci\u00f3n a Padre P\u00edo contra la guerra\" data-kale-share-url=\"https:\/\/blog.holyart.it\/es\/?p=13115\" \/><\/p>\n<div class=\"leggi-anche\">Te puede interesar:<\/div>\n<p><strong><a href=\"https:\/\/www.holyart.es\/blog\/santos-y-beatos\/padre-pio-la-orden-los-frailes-menores-capuchinos\/\">Padre P\u00edo y la orden de los Frailes Menores Capuchinos<\/a><\/strong><br \/>\n\u00bfQu\u00e9 hace a Padre P\u00edo, hoy en d\u00eda conocido como San P\u00edo da Pietralcina, un personaje tan venerado y celebrado, desde que estaba&#8230;<\/p>\n<\/div>\n<p>La oraci\u00f3n a Padre P\u00edo contra la guerra representa una poderosa herramienta espiritual para quien, como \u00e9l, cree en la paz. El texto de la oraci\u00f3n refleja la compasi\u00f3n y la empat\u00eda que caracterizaron su vida terrenal, y su intercesi\u00f3n es invocada para calmar los conflictos y promover la reconciliaci\u00f3n entre los pueblos.<br \/>\nEsta oraci\u00f3n adquiere un significado particular si consideramos la vida de Padre P\u00edo. Durante la Primera Guerra Mundial, aunque fue reclutado en el ej\u00e9rcito italiano, tuvo que licenciarse por motivos de salud. Esta experiencia personal reforz\u00f3 su ya intensa vida de oraci\u00f3n por la paz. Posteriormente, durante la Segunda Guerra Mundial, el convento de <a href=\"https:\/\/www.holyart.es\/blog\/articulos-religiosos\/el-santuario-de-padre-pio-en-san-giovanni-rotondo\/\"><strong>San Giovanni Rotondo<\/strong><\/a> se convirti\u00f3 en un refugio espiritual para muchos fieles que buscaban consuelo y esperanza.<\/p>\n<div class=\"link-article\">\n<p><img loading=\"lazy\" decoding=\"async\" class=\"alignleft size-full wp-image-13119\" src=\"https:\/\/blog.holyart.it\/es\/wp-content\/uploads\/sites\/13\/2026\/08\/Santuario-de-Padre-Pio-1.jpg\" alt=\"Santuario-de-Padre-P\u00edo\" width=\"150\" height=\"99\" data-kale-share-title=\"Oraci\u00f3n a Padre P\u00edo contra la guerra\" data-kale-share-url=\"https:\/\/blog.holyart.it\/es\/?p=13115\" \/><\/p>\n<div class=\"leggi-anche\">Te puede interesar:<\/div>\n<p><strong><a href=\"https:\/\/www.holyart.es\/blog\/articulos-religiosos\/el-santuario-de-padre-pio-en-san-giovanni-rotondo\/\">El Santuario de Padre P\u00edo en San Giovanni Rotondo<\/a><\/strong><br \/>\n\u00bfQu\u00e9 impulsa a miles de personas a visitar el Santuario de Padre P\u00edo en San Giovanni Rotondo&#8230;<\/p>\n<\/div>\n<p>Uno de los episodios m\u00e1s conocidos relacionados con Padre P\u00edo durante la Segunda Guerra Mundial es el llamado <strong>milagro de los pilotos<\/strong>. Se cuenta que en 1943 algunos pilotos estadounidenses, mientras sobrevolaban la zona de San Giovanni Rotondo para bombardearla, vieron aparecer entre las nubes la figura de un fraile con los brazos abiertos que les imped\u00eda avanzar. Este hecho los llev\u00f3 a desistir del ataque, y uno de los generales implicados se convirti\u00f3 al catolicismo tras reconocer en Padre P\u00edo la figura vista en el cielo.<\/p>\n<p>Pensemos tambi\u00e9n en el amor que Padre P\u00edo ten\u00eda por la <strong><a href=\"https:\/\/www.holyart.es\/blog\/santos-y-beatos\/la-devocion-del-padre-pio-a-la-virgen-de-pompeya-y-el-don-de-la-rosa\/\">Virgen Mar\u00eda<\/a><\/strong>. La tradici\u00f3n de dirigirse a la Virgen para pedir la paz tiene sus ra\u00edces en la historia misma del Cristianismo. Mar\u00eda es vista como la <a href=\"https:\/\/www.holyart.es\/blog\/articulos-religiosos\/virgen-medjugorje-esta-representada-nuestra-senora-la-paz\/\"><strong><em>Reina de la Paz<\/em><\/strong><\/a>, un t\u00edtulo que deriva de su papel como Madre de Jesucristo, Pr\u00edncipe de la Paz. Esta conexi\u00f3n directa con Cristo la convierte, en la visi\u00f3n cat\u00f3lica, en una intercesora especialmente poderosa en las cuestiones relacionadas con la paz mundial. Como madre que sufri\u00f3 al ver morir a su hijo en la cruz, Mar\u00eda comprende profundamente el dolor de las madres que pierden a sus hijos en los conflictos.<br \/>\nOtro aspecto fundamental es el papel de la Virgen como <strong>Mediadora de todas las gracias<\/strong>. En la teolog\u00eda cat\u00f3lica, aunque Jes\u00fas es el \u00fanico mediador entre Dios y los hombres, Mar\u00eda ocupa una posici\u00f3n privilegiada de intercesi\u00f3n. Se cree que todas las gracias pasan a trav\u00e9s de ella antes de llegar a la humanidad, del mismo modo que Jes\u00fas vino al mundo a trav\u00e9s de ella. La historia de la Iglesia est\u00e1 llena de ejemplos en los que la intercesi\u00f3n de Mar\u00eda ha sido asociada a intervenciones de paz. Pensemos en las <a href=\"https:\/\/www.holyart.es\/blog\/ocasiones-especiales\/virgen-de-fatima-penitencia-y-oracion-son-la-salvacion\/\"><strong>apariciones de F\u00e1tima en 1917<\/strong><\/a>, durante la Primera Guerra Mundial, donde la Virgen pidi\u00f3 oraciones espec\u00edficas por la paz mundial. Este acontecimiento influy\u00f3 profundamente en la devoci\u00f3n mariana en relaci\u00f3n con la paz.<\/p>\n<div class=\"link-article\">\n<p><img loading=\"lazy\" decoding=\"async\" class=\"alignleft size-full wp-image-13120\" src=\"https:\/\/blog.holyart.it\/es\/wp-content\/uploads\/sites\/13\/2026\/08\/La-devocion-del-Padre-Pio-1.jpeg\" alt=\"religion-padre pio\" width=\"150\" height=\"93\" data-kale-share-title=\"Oraci\u00f3n a Padre P\u00edo contra la guerra\" data-kale-share-url=\"https:\/\/blog.holyart.it\/es\/?p=13115\" \/><\/p>\n<div class=\"leggi-anche\">Te puede interesar:<\/div>\n<p><strong><a href=\"https:\/\/www.holyart.es\/blog\/santos-y-beatos\/la-devocion-del-padre-pio-a-la-virgen-de-pompeya-y-el-don-de-la-rosa\/\">La devoci\u00f3n del Padre P\u00edo a la Virgen de Pompeya y el don de la rosa<\/a><\/strong><br \/>\nEl 5 de mayo se celebra la onom\u00e1stica del Santo de Pietrelcina. Descubrimos&#8230;<\/p>\n<\/div>\n<p>La devoci\u00f3n a Padre P\u00edo en la oraci\u00f3n contra la guerra se basa en su <strong>profunda comprensi\u00f3n del sufrimiento humano<\/strong>. Sus estigmas, signo visible de su participaci\u00f3n en la pasi\u00f3n de Cristo, lo convierten en un intercesor especialmente eficaz para quienes sufren a causa de los conflictos armados. Su capacidad de leer en las almas y de comprender el dolor ajeno lo convierte en un punto de referencia espiritual para quienes buscan la paz.<br \/>\nLa actualidad de esta oraci\u00f3n resuena fuertemente en nuestros d\u00edas. De hecho, tambi\u00e9n <a href=\"https:\/\/holyart.es\/blog\/ocasiones-especiales\/como-papa-francisco-ha-transformado-la-iglesia-durante-su-pontificado\/\"><strong>Papa Francisco<\/strong><\/a> ha pronunciado diversas oraciones p\u00fablicas para implorar la paz en el mundo. En un mundo a\u00fan afligido por guerras y divisiones, la invocaci\u00f3n a Padre P\u00edo representa no solo una petici\u00f3n de intercesi\u00f3n divina, sino tambi\u00e9n un <strong>compromiso personal en la construcci\u00f3n de la paz.<br \/>\n<\/strong>La oraci\u00f3n nos recuerda que la paz no es simplemente la ausencia de guerra, sino un don precioso que requiere nuestro compromiso activo y nuestra dedicaci\u00f3n espiritual. Padre P\u00edo nos invita a reflexionar sobre nuestro <strong>papel personal en la promoci\u00f3n de la paz<\/strong>. Como el santo nos ense\u00f1\u00f3 con su ejemplo, la verdadera paz comienza en el coraz\u00f3n de cada uno de nosotros, a trav\u00e9s del perd\u00f3n, la comprensi\u00f3n y el amor al pr\u00f3jimo.<\/p>\n<div class=\"link-article\">\n<p><img loading=\"lazy\" decoding=\"async\" class=\"alignleft size-full wp-image-13121\" src=\"https:\/\/blog.holyart.it\/es\/wp-content\/uploads\/sites\/13\/2026\/08\/Holyart_Blog_PapaFrancesco_es.jpg\" alt=\"Holyart_Blog_PapaFrancesco_es\" width=\"150\" height=\"99\" data-kale-share-title=\"Oraci\u00f3n a Padre P\u00edo contra la guerra\" data-kale-share-url=\"https:\/\/blog.holyart.it\/es\/?p=13115\" \/><\/p>\n<div class=\"leggi-anche\">Te puede interesar:<\/div>\n<p><strong><a href=\"https:\/\/www.holyart.es\/blog\/ocasiones-especiales\/como-papa-francisco-ha-transformado-la-iglesia-durante-su-pontificado\/\">C\u00f3mo Papa Francisco ha transformado la Iglesia durante su pontificado<\/a><\/strong><br \/>\n\u00bfQu\u00e9 ha hecho Papa Francisco que sea importante? Su pontificado ha sido una revoluci\u00f3n<\/p>\n<\/div>\n<p>&nbsp;<\/p>\n<p>He aqu\u00ed el texto de la Oraci\u00f3n a Padre P\u00edo contra la guerra:<\/p>\n<p><em>Misericordioso Padre P\u00edo, siervo fiel de Cristo y custodio de las almas afligidas, con coraz\u00f3n agradecido te damos gracias por la luz que has llevado al mundo a trav\u00e9s de tu vida de amor y sacrificio. Has sido un ejemplo de fuerza y compasi\u00f3n. Con confianza nos dirigimos a ti para pedir el don de la paz.<br \/>\nEl mundo sufre bajo el peso de conflictos incesantes, de odio y de divisiones.<br \/>\nGritos de dolor resuenan por todas partes, y el silencio de la reconciliaci\u00f3n tarda en descender sobre los corazones turbados.<br \/>\nPadre P\u00edo, t\u00fa que has ofrecido consuelo a los atormentados y sanaci\u00f3n a los afligidos, te suplicamos que obtengas, con tu intercesi\u00f3n ante el Se\u00f1or, la gracia de disolver el odio, despertar las conciencias y guiar a la humanidad hacia una paz duradera, fundada en la justicia y la misericordia.<br \/>\nPedimos que los poderosos de la tierra sean iluminados por la sabidur\u00eda divina, para que pongan fin a las injusticias y promuevan la reconciliaci\u00f3n entre los pueblos, construyendo un mundo en el que el amor y la fraternidad prevalezcan sobre el odio y la divisi\u00f3n.<br \/>\nLlevamos en nuestro interior el peso de un mundo desgarrado, pero seguimos orando con esperanza, seguros de que cada oraci\u00f3n por la paz en el mundo es una semilla de fe que germina. Infunde en nosotros un coraz\u00f3n generoso y ens\u00e9\u00f1anos a vivir en la caridad, dando sin buscar recompensas terrenales. Vela por nosotros con amoroso cuidado.<br \/>\nGloria a Dios, que ha hecho brillar en ti, Padre P\u00edo, su misericordia, y alabanza a Cristo, nuestra paz y nuestra fuerza.<br \/>\nAm\u00e9n.<\/em><\/p>\n<p>&nbsp;<\/p>\n","protected":false},"excerpt":{"rendered":"<p>La oraci\u00f3n a Padre P\u00edo contra la guerra nos recuerda la importancia de asumir un papel activo en la construcci\u00f3n de la paz para todos los hombres En una \u00e9poca marcada por conflictos y tensiones internacionales, la oraci\u00f3n a Padre P\u00edo contra la guerra adquiere&hellip;<\/p>\n","protected":false},"author":1,"featured_media":13116,"comment_status":"closed","ping_status":"open","sticky":false,"template":"","format":"standard","meta":{"_acf_changed":false,"footnotes":""},"categories":[7],"tags":[],"class_list":["post-13115","post","type-post","status-publish","format-standard","has-post-thumbnail","hentry","category-santos-y-beatos"],"acf":[],"yoast_head":"<!-- This site is optimized with the Yoast SEO plugin v26.6 - https:\/\/yoast.com\/wordpress\/plugins\/seo\/ -->\n<title>Oraci\u00f3n a Padre P\u00edo contra la guerra - Holyart.es Blog<\/title>\n<meta name=\"description\" content=\"La oraci\u00f3n a Padre P\u00edo contra la guerra es un llamado a cada persona a actuar conscientemente para crear la paz, siguiendo el ejemplo del Santo\" \/>\n<meta name=\"robots\" content=\"index, follow, max-snippet:-1, max-image-preview:large, max-video-preview:-1\" \/>\n<link rel=\"canonical\" href=\"https:\/\/blog.holyart.it\/es\/santos-y-beatos\/oracion-a-padre-pio-contra-la-guerra\/\" \/>\n<meta property=\"og:locale\" content=\"es_ES\" \/>\n<meta property=\"og:type\" content=\"article\" \/>\n<meta property=\"og:title\" content=\"Oraci\u00f3n a Padre P\u00edo contra la guerra - Holyart.es Blog\" \/>\n<meta property=\"og:description\" content=\"La oraci\u00f3n a Padre P\u00edo contra la guerra es un llamado a cada persona a actuar conscientemente para crear la paz, siguiendo el ejemplo del Santo\" \/>\n<meta property=\"og:url\" content=\"https:\/\/blog.holyart.it\/es\/santos-y-beatos\/oracion-a-padre-pio-contra-la-guerra\/\" \/>\n<meta property=\"og:site_name\" content=\"Holyart.es Blog\" \/>\n<meta property=\"article:published_time\" content=\"2026-08-09T08:00:18+00:00\" \/>\n<meta property=\"article:modified_time\" content=\"2026-08-26T15:52:52+00:00\" \/>\n<meta property=\"og:image\" content=\"https:\/\/blog.holyart.it\/es\/wp-content\/uploads\/sites\/13\/2026\/08\/Oracion-a-Padre-Pio.jpg\" \/>\n\t<meta property=\"og:image:width\" content=\"1000\" \/>\n\t<meta property=\"og:image:height\" content=\"666\" \/>\n\t<meta property=\"og:image:type\" content=\"image\/jpeg\" \/>\n<meta name=\"author\" content=\"Redazione\" \/>\n<meta name=\"twitter:card\" content=\"summary_large_image\" \/>\n<meta name=\"twitter:label1\" content=\"Escrito por\" \/>\n\t<meta name=\"twitter:data1\" content=\"Redazione\" \/>\n\t<meta name=\"twitter:label2\" content=\"Tiempo de lectura\" \/>\n\t<meta name=\"twitter:data2\" content=\"8 minutos\" \/>\n<script type=\"application\/ld+json\" class=\"yoast-schema-graph\">{\"@context\":\"https:\/\/schema.org\",\"@graph\":[{\"@type\":\"Article\",\"@id\":\"https:\/\/blog.holyart.it\/es\/santos-y-beatos\/oracion-a-padre-pio-contra-la-guerra\/#article\",\"isPartOf\":{\"@id\":\"https:\/\/blog.holyart.it\/es\/santos-y-beatos\/oracion-a-padre-pio-contra-la-guerra\/\"},\"author\":{\"name\":\"Redazione\",\"@id\":\"https:\/\/blog.holyart.it\/es\/#\/schema\/person\/0a7b686e5af0f856ec1e390dd0baecda\"},\"headline\":\"Oraci\u00f3n a Padre P\u00edo contra la guerra\",\"datePublished\":\"2026-08-09T08:00:18+00:00\",\"dateModified\":\"2026-08-26T15:52:52+00:00\",\"mainEntityOfPage\":{\"@id\":\"https:\/\/blog.holyart.it\/es\/santos-y-beatos\/oracion-a-padre-pio-contra-la-guerra\/\"},\"wordCount\":1525,\"publisher\":{\"@id\":\"https:\/\/blog.holyart.it\/es\/#organization\"},\"image\":{\"@id\":\"https:\/\/blog.holyart.it\/es\/santos-y-beatos\/oracion-a-padre-pio-contra-la-guerra\/#primaryimage\"},\"thumbnailUrl\":\"https:\/\/blog.holyart.it\/es\/wp-content\/uploads\/sites\/13\/2026\/08\/Oracion-a-Padre-Pio.jpg\",\"articleSection\":[\"Santos y Beatos\"],\"inLanguage\":\"es\"},{\"@type\":\"WebPage\",\"@id\":\"https:\/\/blog.holyart.it\/es\/santos-y-beatos\/oracion-a-padre-pio-contra-la-guerra\/\",\"url\":\"https:\/\/blog.holyart.it\/es\/santos-y-beatos\/oracion-a-padre-pio-contra-la-guerra\/\",\"name\":\"Oraci\u00f3n a Padre P\u00edo contra la guerra - Holyart.es Blog\",\"isPartOf\":{\"@id\":\"https:\/\/blog.holyart.it\/es\/#website\"},\"primaryImageOfPage\":{\"@id\":\"https:\/\/blog.holyart.it\/es\/santos-y-beatos\/oracion-a-padre-pio-contra-la-guerra\/#primaryimage\"},\"image\":{\"@id\":\"https:\/\/blog.holyart.it\/es\/santos-y-beatos\/oracion-a-padre-pio-contra-la-guerra\/#primaryimage\"},\"thumbnailUrl\":\"https:\/\/blog.holyart.it\/es\/wp-content\/uploads\/sites\/13\/2026\/08\/Oracion-a-Padre-Pio.jpg\",\"datePublished\":\"2026-08-09T08:00:18+00:00\",\"dateModified\":\"2026-08-26T15:52:52+00:00\",\"description\":\"La oraci\u00f3n a Padre P\u00edo contra la guerra es un llamado a cada persona a actuar conscientemente para crear la paz, siguiendo el ejemplo del Santo\",\"breadcrumb\":{\"@id\":\"https:\/\/blog.holyart.it\/es\/santos-y-beatos\/oracion-a-padre-pio-contra-la-guerra\/#breadcrumb\"},\"inLanguage\":\"es\",\"potentialAction\":[{\"@type\":\"ReadAction\",\"target\":[\"https:\/\/blog.holyart.it\/es\/santos-y-beatos\/oracion-a-padre-pio-contra-la-guerra\/\"]}]},{\"@type\":\"ImageObject\",\"inLanguage\":\"es\",\"@id\":\"https:\/\/blog.holyart.it\/es\/santos-y-beatos\/oracion-a-padre-pio-contra-la-guerra\/#primaryimage\",\"url\":\"https:\/\/blog.holyart.it\/es\/wp-content\/uploads\/sites\/13\/2026\/08\/Oracion-a-Padre-Pio.jpg\",\"contentUrl\":\"https:\/\/blog.holyart.it\/es\/wp-content\/uploads\/sites\/13\/2026\/08\/Oracion-a-Padre-Pio.jpg\",\"width\":1000,\"height\":666,\"caption\":\"Oraci\u00f3n a Padre P\u00edo\"},{\"@type\":\"BreadcrumbList\",\"@id\":\"https:\/\/blog.holyart.it\/es\/santos-y-beatos\/oracion-a-padre-pio-contra-la-guerra\/#breadcrumb\",\"itemListElement\":[{\"@type\":\"ListItem\",\"position\":1,\"name\":\"Homepage\",\"item\":\"https:\/\/blog.holyart.it\/es\/\"},{\"@type\":\"ListItem\",\"position\":2,\"name\":\"Santos y Beatos\",\"item\":\"https:\/\/blog.holyart.it\/es\/santos-y-beatos\/\"},{\"@type\":\"ListItem\",\"position\":3,\"name\":\"Oraci\u00f3n a Padre P\u00edo contra la guerra\"}]},{\"@type\":\"WebSite\",\"@id\":\"https:\/\/blog.holyart.it\/es\/#website\",\"url\":\"https:\/\/blog.holyart.it\/es\/\",\"name\":\"Holyart.es Blog\",\"description\":\"Holyblog\",\"publisher\":{\"@id\":\"https:\/\/blog.holyart.it\/es\/#organization\"},\"potentialAction\":[{\"@type\":\"SearchAction\",\"target\":{\"@type\":\"EntryPoint\",\"urlTemplate\":\"https:\/\/blog.holyart.it\/es\/?s={search_term_string}\"},\"query-input\":{\"@type\":\"PropertyValueSpecification\",\"valueRequired\":true,\"valueName\":\"search_term_string\"}}],\"inLanguage\":\"es\"},{\"@type\":\"Organization\",\"@id\":\"https:\/\/blog.holyart.it\/es\/#organization\",\"name\":\"Holyart.es Blog\",\"url\":\"https:\/\/blog.holyart.it\/es\/\",\"logo\":{\"@type\":\"ImageObject\",\"inLanguage\":\"es\",\"@id\":\"https:\/\/blog.holyart.it\/es\/#\/schema\/logo\/image\/\",\"url\":\"https:\/\/blog.holyart.it\/es\/wp-content\/uploads\/sites\/13\/2022\/12\/Holyart_Blog_Logo.jpg\",\"contentUrl\":\"https:\/\/blog.holyart.it\/es\/wp-content\/uploads\/sites\/13\/2022\/12\/Holyart_Blog_Logo.jpg\",\"width\":300,\"height\":50,\"caption\":\"Holyart.es Blog\"},\"image\":{\"@id\":\"https:\/\/blog.holyart.it\/es\/#\/schema\/logo\/image\/\"}},{\"@type\":\"Person\",\"@id\":\"https:\/\/blog.holyart.it\/es\/#\/schema\/person\/0a7b686e5af0f856ec1e390dd0baecda\",\"name\":\"Redazione\",\"image\":{\"@type\":\"ImageObject\",\"inLanguage\":\"es\",\"@id\":\"https:\/\/blog.holyart.it\/es\/#\/schema\/person\/image\/\",\"url\":\"https:\/\/secure.gravatar.com\/avatar\/f477da817f43e50d0af36abecd33e3edf826c68299714bdc1057dff3b113f516?s=96&d=mm&r=g\",\"contentUrl\":\"https:\/\/secure.gravatar.com\/avatar\/f477da817f43e50d0af36abecd33e3edf826c68299714bdc1057dff3b113f516?s=96&d=mm&r=g\",\"caption\":\"Redazione\"}}]}<\/script>\n<!-- \/ Yoast SEO plugin. -->","yoast_head_json":{"title":"Oraci\u00f3n a Padre P\u00edo contra la guerra - Holyart.es Blog","description":"La oraci\u00f3n a Padre P\u00edo contra la guerra es un llamado a cada persona a actuar conscientemente para crear la paz, siguiendo el ejemplo del Santo","robots":{"index":"index","follow":"follow","max-snippet":"max-snippet:-1","max-image-preview":"max-image-preview:large","max-video-preview":"max-video-preview:-1"},"canonical":"https:\/\/blog.holyart.it\/es\/santos-y-beatos\/oracion-a-padre-pio-contra-la-guerra\/","og_locale":"es_ES","og_type":"article","og_title":"Oraci\u00f3n a Padre P\u00edo contra la guerra - Holyart.es Blog","og_description":"La oraci\u00f3n a Padre P\u00edo contra la guerra es un llamado a cada persona a actuar conscientemente para crear la paz, siguiendo el ejemplo del Santo","og_url":"https:\/\/blog.holyart.it\/es\/santos-y-beatos\/oracion-a-padre-pio-contra-la-guerra\/","og_site_name":"Holyart.es Blog","article_published_time":"2026-08-09T08:00:18+00:00","article_modified_time":"2026-08-26T15:52:52+00:00","og_image":[{"width":1000,"height":666,"url":"https:\/\/blog.holyart.it\/es\/wp-content\/uploads\/sites\/13\/2026\/08\/Oracion-a-Padre-Pio.jpg","type":"image\/jpeg"}],"author":"Redazione","twitter_card":"summary_large_image","twitter_misc":{"Escrito por":"Redazione","Tiempo de lectura":"8 minutos"},"schema":{"@context":"https:\/\/schema.org","@graph":[{"@type":"Article","@id":"https:\/\/blog.holyart.it\/es\/santos-y-beatos\/oracion-a-padre-pio-contra-la-guerra\/#article","isPartOf":{"@id":"https:\/\/blog.holyart.it\/es\/santos-y-beatos\/oracion-a-padre-pio-contra-la-guerra\/"},"author":{"name":"Redazione","@id":"https:\/\/blog.holyart.it\/es\/#\/schema\/person\/0a7b686e5af0f856ec1e390dd0baecda"},"headline":"Oraci\u00f3n a Padre P\u00edo contra la guerra","datePublished":"2026-08-09T08:00:18+00:00","dateModified":"2026-08-26T15:52:52+00:00","mainEntityOfPage":{"@id":"https:\/\/blog.holyart.it\/es\/santos-y-beatos\/oracion-a-padre-pio-contra-la-guerra\/"},"wordCount":1525,"publisher":{"@id":"https:\/\/blog.holyart.it\/es\/#organization"},"image":{"@id":"https:\/\/blog.holyart.it\/es\/santos-y-beatos\/oracion-a-padre-pio-contra-la-guerra\/#primaryimage"},"thumbnailUrl":"https:\/\/blog.holyart.it\/es\/wp-content\/uploads\/sites\/13\/2026\/08\/Oracion-a-Padre-Pio.jpg","articleSection":["Santos y Beatos"],"inLanguage":"es"},{"@type":"WebPage","@id":"https:\/\/blog.holyart.it\/es\/santos-y-beatos\/oracion-a-padre-pio-contra-la-guerra\/","url":"https:\/\/blog.holyart.it\/es\/santos-y-beatos\/oracion-a-padre-pio-contra-la-guerra\/","name":"Oraci\u00f3n a Padre P\u00edo contra la guerra - Holyart.es Blog","isPartOf":{"@id":"https:\/\/blog.holyart.it\/es\/#website"},"primaryImageOfPage":{"@id":"https:\/\/blog.holyart.it\/es\/santos-y-beatos\/oracion-a-padre-pio-contra-la-guerra\/#primaryimage"},"image":{"@id":"https:\/\/blog.holyart.it\/es\/santos-y-beatos\/oracion-a-padre-pio-contra-la-guerra\/#primaryimage"},"thumbnailUrl":"https:\/\/blog.holyart.it\/es\/wp-content\/uploads\/sites\/13\/2026\/08\/Oracion-a-Padre-Pio.jpg","datePublished":"2026-08-09T08:00:18+00:00","dateModified":"2026-08-26T15:52:52+00:00","description":"La oraci\u00f3n a Padre P\u00edo contra la guerra es un llamado a cada persona a actuar conscientemente para crear la paz, siguiendo el ejemplo del Santo","breadcrumb":{"@id":"https:\/\/blog.holyart.it\/es\/santos-y-beatos\/oracion-a-padre-pio-contra-la-guerra\/#breadcrumb"},"inLanguage":"es","potentialAction":[{"@type":"ReadAction","target":["https:\/\/blog.holyart.it\/es\/santos-y-beatos\/oracion-a-padre-pio-contra-la-guerra\/"]}]},{"@type":"ImageObject","inLanguage":"es","@id":"https:\/\/blog.holyart.it\/es\/santos-y-beatos\/oracion-a-padre-pio-contra-la-guerra\/#primaryimage","url":"https:\/\/blog.holyart.it\/es\/wp-content\/uploads\/sites\/13\/2026\/08\/Oracion-a-Padre-Pio.jpg","contentUrl":"https:\/\/blog.holyart.it\/es\/wp-content\/uploads\/sites\/13\/2026\/08\/Oracion-a-Padre-Pio.jpg","width":1000,"height":666,"caption":"Oraci\u00f3n a Padre P\u00edo"},{"@type":"BreadcrumbList","@id":"https:\/\/blog.holyart.it\/es\/santos-y-beatos\/oracion-a-padre-pio-contra-la-guerra\/#breadcrumb","itemListElement":[{"@type":"ListItem","position":1,"name":"Homepage","item":"https:\/\/blog.holyart.it\/es\/"},{"@type":"ListItem","position":2,"name":"Santos y Beatos","item":"https:\/\/blog.holyart.it\/es\/santos-y-beatos\/"},{"@type":"ListItem","position":3,"name":"Oraci\u00f3n a Padre P\u00edo contra la guerra"}]},{"@type":"WebSite","@id":"https:\/\/blog.holyart.it\/es\/#website","url":"https:\/\/blog.holyart.it\/es\/","name":"Holyart.es Blog","description":"Holyblog","publisher":{"@id":"https:\/\/blog.holyart.it\/es\/#organization"},"potentialAction":[{"@type":"SearchAction","target":{"@type":"EntryPoint","urlTemplate":"https:\/\/blog.holyart.it\/es\/?s={search_term_string}"},"query-input":{"@type":"PropertyValueSpecification","valueRequired":true,"valueName":"search_term_string"}}],"inLanguage":"es"},{"@type":"Organization","@id":"https:\/\/blog.holyart.it\/es\/#organization","name":"Holyart.es Blog","url":"https:\/\/blog.holyart.it\/es\/","logo":{"@type":"ImageObject","inLanguage":"es","@id":"https:\/\/blog.holyart.it\/es\/#\/schema\/logo\/image\/","url":"https:\/\/blog.holyart.it\/es\/wp-content\/uploads\/sites\/13\/2022\/12\/Holyart_Blog_Logo.jpg","contentUrl":"https:\/\/blog.holyart.it\/es\/wp-content\/uploads\/sites\/13\/2022\/12\/Holyart_Blog_Logo.jpg","width":300,"height":50,"caption":"Holyart.es Blog"},"image":{"@id":"https:\/\/blog.holyart.it\/es\/#\/schema\/logo\/image\/"}},{"@type":"Person","@id":"https:\/\/blog.holyart.it\/es\/#\/schema\/person\/0a7b686e5af0f856ec1e390dd0baecda","name":"Redazione","image":{"@type":"ImageObject","inLanguage":"es","@id":"https:\/\/blog.holyart.it\/es\/#\/schema\/person\/image\/","url":"https:\/\/secure.gravatar.com\/avatar\/f477da817f43e50d0af36abecd33e3edf826c68299714bdc1057dff3b113f516?s=96&d=mm&r=g","contentUrl":"https:\/\/secure.gravatar.com\/avatar\/f477da817f43e50d0af36abecd33e3edf826c68299714bdc1057dff3b113f516?s=96&d=mm&r=g","caption":"Redazione"}}]}},"_links":{"self":[{"href":"https:\/\/blog.holyart.it\/es\/wp-json\/wp\/v2\/posts\/13115","targetHints":{"allow":["GET"]}}],"collection":[{"href":"https:\/\/blog.holyart.it\/es\/wp-json\/wp\/v2\/posts"}],"about":[{"href":"https:\/\/blog.holyart.it\/es\/wp-json\/wp\/v2\/types\/post"}],"author":[{"embeddable":true,"href":"https:\/\/blog.holyart.it\/es\/wp-json\/wp\/v2\/users\/1"}],"replies":[{"embeddable":true,"href":"https:\/\/blog.holyart.it\/es\/wp-json\/wp\/v2\/comments?post=13115"}],"version-history":[{"count":3,"href":"https:\/\/blog.holyart.it\/es\/wp-json\/wp\/v2\/posts\/13115\/revisions"}],"predecessor-version":[{"id":13125,"href":"https:\/\/blog.holyart.it\/es\/wp-json\/wp\/v2\/posts\/13115\/revisions\/13125"}],"wp:featuredmedia":[{"embeddable":true,"href":"https:\/\/blog.holyart.it\/es\/wp-json\/wp\/v2\/media\/13116"}],"wp:attachment":[{"href":"https:\/\/blog.holyart.it\/es\/wp-json\/wp\/v2\/media?parent=13115"}],"wp:term":[{"taxonomy":"category","embeddable":true,"href":"https:\/\/blog.holyart.it\/es\/wp-json\/wp\/v2\/categories?post=13115"},{"taxonomy":"post_tag","embeddable":true,"href":"https:\/\/blog.holyart.it\/es\/wp-json\/wp\/v2\/tags?post=13115"}],"curies":[{"name":"wp","href":"https:\/\/api.w.org\/{rel}","templated":true}]}}