{"id":13070,"date":"2026-08-31T09:59:53","date_gmt":"2026-08-31T07:59:53","guid":{"rendered":"https:\/\/blog.holyart.it\/es\/?p=13070"},"modified":"2026-08-19T17:01:32","modified_gmt":"2026-08-19T15:01:32","slug":"virgen-de-oropa-historia-tradiciones-y-el-santuario-mariano-de-biella","status":"publish","type":"post","link":"https:\/\/blog.holyart.it\/es\/santos-y-beatos\/virgen-de-oropa-historia-tradiciones-y-el-santuario-mariano-de-biella\/","title":{"rendered":"Virgen de Oropa: historia, tradiciones y el santuario mariano de Biella"},"content":{"rendered":"<h4>Virgen de Oropa: la Se\u00f1ora Negra de los Alpes. Historia, tradiciones y el camino hacia el santuario mariano de Biella<\/h4>\n\n<p>Cuando se asciende hacia Oropa, el mundo se vuelve piedra y niebla. La carretera serpentea entre curvas estrechas y bosques centenarios, y en cada recodo la respiraci\u00f3n cambia. Se vuelve m\u00e1s ligera, m\u00e1s atenta. Luego, de repente, el valle se abre: un anfiteatro natural, majestuoso y silencioso. En el centro, el Santuario. Hay un instante preciso en el que todo calla. Cuando la primera mirada se encuentra con la de ella. La <strong>Virgen de Oropa<\/strong>. No habla. No sonr\u00ede. Pero observa. Desde hace siglos.<\/p>\n<p>La <a href=\"https:\/\/www.holyart.es\/articulos-religiosos\/imagineria-religiosa\/imagenes-de-resina-y-pvc\/estatua-virgen-de-oropa-28-cm-resina-coloreada\"><strong>estatua de la Virgen Negra de Oropa<\/strong><\/a> representa uno de los s\u00edmbolos religiosos m\u00e1s importantes y antiguos del Piamonte. Ubicada en su magn\u00edfico santuario a los pies de los Alpes bielleses, esta imagen ha atravesado siglos de historia, convirti\u00e9ndose en un punto de referencia espiritual y cultural no solo para los fieles locales, sino tambi\u00e9n para peregrinos procedentes de todo el mundo. Exploremos juntos la riqueza hist\u00f3rica, las tradiciones y las particularidades de este extraordinario ejemplo de devoci\u00f3n mariana.<\/p>\n<div class=\"link-product\">\n<div class=\"blocco-immagine\"><img loading=\"lazy\" decoding=\"async\" class=\"alignleft size-full wp-image-13072\" src=\"https:\/\/blog.holyart.it\/es\/wp-content\/uploads\/sites\/13\/2026\/08\/estatua-virgen-de-oropa-28-cm-resina-coloreada.jpg\" alt=\"estatua-virgen-de-oropa-28-cm-resina-coloreada\" width=\"100\" height=\"100\" data-kale-share-title=\"Virgen de Oropa: historia, tradiciones y el santuario mariano de Biella\" data-kale-share-url=\"https:\/\/blog.holyart.it\/es\/?p=13070\" \/><\/div>\n<div class=\"blocco-contenuto\">\n<div class=\"blocco-acquista\">Comprar Ahora:<\/div>\n<div class=\"blocco-titolo\"><a href=\"https:\/\/www.holyart.es\/articulos-religiosos\/imagineria-religiosa\/imagenes-de-resina-y-pvc\/estatua-virgen-de-oropa-28-cm-resina-coloreada\">Est\u00e1tua Virgen de Oropa 28 cm resina coloreada<\/a><\/div>\n<div class=\"blocco-descrizione\">La Virgen de Oropa es una de las im\u00e1genes marianas m\u00e1s veneradas en Italia, ligada al famoso Santuario de Oropa, ubicado&#8230;<\/div>\n<\/div>\n<\/div>\n<h2>\u00bfPor qu\u00e9 es negra la Virgen de Oropa?<\/h2>\n<p>No fue esculpida en la oscuridad. Se volvi\u00f3 oscura.<\/p>\n<p>La estatua de <a href=\"https:\/\/www.holyart.es\/articulos-religiosos\/iconos-religiosos\/iconos-pintados-grecia\/imprenta-fondo-oro-17-5x23-cm-virgen-de-kiko\"><strong>madera de la Virgen con el Ni\u00f1o<\/strong><\/a>, realizada en el siglo XIII, no era originalmente negra. La madera de pino cembro con la que fue tallada es clara, casi dorada. Pero con el tiempo, algo cambi\u00f3. Y aqu\u00ed comienzan las hip\u00f3tesis. Al menos cinco. Todas sugerentes. Ninguna definitiva.<\/p>\n<p><strong>La primera es simb\u00f3lica<\/strong>. Algunos estudiosos sugieren que la estatua podr\u00eda derivar, desde un punto de vista iconogr\u00e1fico o simb\u00f3lico, del culto a la <strong>diosa Isis<\/strong>. En Egipto, Isis era representada a menudo con la piel oscura: diosa de la noche que da origen al sol, madre c\u00f3smica, arquetipo de la maternidad y la protecci\u00f3n. Con la llegada de los cultos orientales al Imperio romano y la posterior cristianizaci\u00f3n, muchas im\u00e1genes de la madre con el ni\u00f1o podr\u00edan haber experimentado una transformaci\u00f3n. De Isis a Mar\u00eda. De Horus a Jes\u00fas. El color, sin embargo, permaneci\u00f3.<\/p>\n<div class=\"link-product\">\n<div class=\"blocco-immagine\"><img loading=\"lazy\" decoding=\"async\" class=\"alignleft size-full wp-image-13073\" src=\"https:\/\/blog.holyart.it\/es\/wp-content\/uploads\/sites\/13\/2026\/08\/imprenta-fondo-oro-17-5x23-cm-virgen-de-kiko-1.jpg\" alt=\"imprenta-fondo-oro-17-5x23-cm-virgen-de-kiko\" width=\"100\" height=\"100\" data-kale-share-title=\"Virgen de Oropa: historia, tradiciones y el santuario mariano de Biella\" data-kale-share-url=\"https:\/\/blog.holyart.it\/es\/?p=13070\" \/><\/div>\n<div class=\"blocco-contenuto\">\n<div class=\"blocco-acquista\">Comprar Ahora:<\/div>\n<div class=\"blocco-titolo\"><a href=\"https:\/\/www.holyart.es\/articulos-religiosos\/iconos-religiosos\/iconos-pintados-grecia\/imprenta-fondo-oro-17-5x23-cm-virgen-de-kiko\">Imprenta fondo oro 17,5&#215;23 cm Virgen de Kiko<\/a><\/div>\n<div class=\"blocco-descrizione\">Se puede colgar en la pared gracias a un pr\u00e1ctico gancho.<\/div>\n<\/div>\n<\/div>\n<p><strong>La segunda es geogr\u00e1fica<\/strong>. Los pueblos celtas y romanos que habitaban la regi\u00f3n de Biella podr\u00edan haber acogido im\u00e1genes sagradas procedentes del sur, de la cuenca mediterr\u00e1nea, de aquel mundo m\u00edstico y colorido que era Egipto. En una \u00e9poca en la que las religiones se mezclaban, el rostro oscuro de la divinidad materna no era una rareza, sino una posibilidad. Estas teor\u00edas vinculan el origen de las V\u00edrgenes negras con los cultos a la <strong>Gran Madre<\/strong> o con la espiritualidad de la sombra. No son V\u00edrgenes ex\u00f3ticas. Son V\u00edrgenes arraigadas. Fuertes, sagradas, campesinas. Y Oropa es la m\u00e1s c\u00e9lebre de todas.<\/p>\n<p><strong>La tercera es material<\/strong>. Algunos afirman que fueron el <a href=\"https:\/\/www.holyart.es\/materiales-de-consumo\/velas-cirios-velones?page=1\"><strong>humo de las velas<\/strong><\/a>, siglos de devoci\u00f3n, incienso y holl\u00edn los que oscurecieron lentamente la estatua. En primer lugar, la madera sufri\u00f3 naturalmente un proceso de <strong>oxidaci\u00f3n y envejecimiento<\/strong>. A esto se a\u00f1adieron los <strong>dep\u00f3sitos de humo de velas e incienso<\/strong> que, durante siglos, envolvieron la imagen durante los ritos religiosos. Finalmente, la aplicaci\u00f3n de sustancias protectoras como <strong>aceites y barnices<\/strong> oscureci\u00f3 a\u00fan m\u00e1s la superficie.<\/p>\n<p><strong>La cuarta es b\u00edblica<\/strong>. En el <em>Cantar de los Cantares<\/em>, Mar\u00eda es descrita como <em>\u201cnigra sum sed formosa\u201d<\/em>: soy negra, pero hermosa. As\u00ed leemos grabado en el trono sobre el que se sienta otra famosa Virgen negra, la <a href=\"https:\/\/www.holyart.es\/blog\/articulos-religiosos\/la-virgen-del-tindari-la-virgen-negra-y-su-santuario-en-el-mar\/\"><strong>Virgen de Tindari<\/strong><\/a>. Este vers\u00edculo fue interpretado durante siglos como una alegor\u00eda m\u00edstica, una exaltaci\u00f3n de una belleza no convencional, alejada de los ideales occidentales. El negro, por tanto, como signo de profundidad, misterio y espiritualidad. Como piel expuesta al sol, a la luz divina.<\/p>\n<div class=\"link-article\">\n<p><img loading=\"lazy\" decoding=\"async\" class=\"alignleft size-full wp-image-13074\" src=\"https:\/\/blog.holyart.it\/es\/wp-content\/uploads\/sites\/13\/2026\/08\/La-Virgen-del-Tindari.jpeg\" alt=\"La-Virgen-del-Tindari\" width=\"150\" height=\"100\" data-kale-share-title=\"Virgen de Oropa: historia, tradiciones y el santuario mariano de Biella\" data-kale-share-url=\"https:\/\/blog.holyart.it\/es\/?p=13070\" \/><\/p>\n<div class=\"leggi-anche\">Te puede interesar:<\/div>\n<p><strong><a href=\"https:\/\/www.holyart.es\/blog\/articulos-religiosos\/la-virgen-del-tindari-la-virgen-negra-y-su-santuario-en-el-mar\/\">La Virgen del Tindari: la Virgen negra y su santuario en el mar<\/a><\/strong><br \/>\nLa Virgen del Tindari ha \u2018elegido\u2019 detenerse en el peque\u00f1o pueblo del mismo&#8230;<\/p>\n<\/div>\n<p><strong>La quinta es hist\u00f3rica<\/strong>. Es posible que la estatua fuera <strong>repintada<\/strong> en el siglo XVII, de forma deliberada, para adherirse a una corriente art\u00edstica y espiritual que ya circulaba por Europa. Las llamadas <strong>V\u00edrgenes negras<\/strong> eran numerosas: Chartres, Montserrat, Einsiedeln. Oropa forma parte de esta geograf\u00eda sagrada, quiz\u00e1 por elecci\u00f3n, quiz\u00e1 por influencia. Se cuentan por centenares, desde Francia hasta Espa\u00f1a, desde Polonia hasta Italia. Son figuras que hablan un lenguaje antiguo, a menudo no escrito.<\/p>\n<p>Sea cual sea la verdad sobre la Virgen de Oropa, hoy ya no importa. Porque es precisamente ese color el que la hace diferente. El que le da su fuerza. El que la transforma en un icono.<\/p>\n<div class=\"link-article\">\n<p><img loading=\"lazy\" decoding=\"async\" class=\"alignleft size-full wp-image-13075\" src=\"https:\/\/blog.holyart.it\/es\/wp-content\/uploads\/sites\/13\/2026\/08\/Virgenes-negras.jpeg\" alt=\"Virgenes-negras\" width=\"150\" height=\"99\" data-kale-share-title=\"Virgen de Oropa: historia, tradiciones y el santuario mariano de Biella\" data-kale-share-url=\"https:\/\/blog.holyart.it\/es\/?p=13070\" \/><\/p>\n<div class=\"leggi-anche\">Te puede interesar:<\/div>\n<p><strong><a href=\"https:\/\/www.holyart.es\/blog\/articulos-religiosos\/virgenes-negras-en-italia-y-en-el-mundo-origenes-y-misterio-de-un-culto\/\">V\u00edrgenes negras en Italia y en el mundo: or\u00edgenes y misterio de un culto<\/a><\/strong><br \/>\nDurante siglos, las V\u00edrgenes Negras han sido el coraz\u00f3n de muchos cultos devocionales&#8230;<\/p>\n<\/div>\n<h2>\u00bfQu\u00e9 sostiene en la mano la Virgen de Oropa?<\/h2>\n<p>Los detalles contan. En silencio, hablan. Mar\u00eda est\u00e1 sentada. Sobre su regazo, el Ni\u00f1o Jes\u00fas. \u00c9l sostiene en la mano una <a href=\"https:\/\/www.holyart.es\/blog\/articulos-religiosos\/la-paloma-la-iconografia-cristiana\/\"><strong>paloma<\/strong><\/a>, clara, s\u00edmbolo del <strong>Esp\u00edritu Santo<\/strong>. Ella sostiene una <strong>esfera dorada<\/strong> coronada por una cruz: un signo precioso, a\u00f1adido a lo largo de los siglos. La esfera recuerda la manzana del pecado original. La cruz, la salvaci\u00f3n. En las manos de la Virgen, <strong>culpa y redenci\u00f3n se tocan.<br \/>\n<\/strong>No es una Virgen dulce. Es una madre que protege. Fuerte. Inm\u00f3vil. Terrenal y sobrenatural. Ambas figuras est\u00e1n <strong>ricamente vestidas con preciosos mantos y coronas<\/strong>, a\u00f1adidos a lo largo de los siglos como expresi\u00f3n de la devoci\u00f3n de los fieles. Estos ornamentos se renuevan peri\u00f3dicamente y son especialmente elaborados durante las <strong>ceremonias de Coronaci\u00f3n<\/strong>, que tienen lugar cada cien a\u00f1os.<strong><br \/>\n<\/strong>La <a href=\"https:\/\/www.holyart.es\/articulos-religiosos\/tapices\/tapiz-virgen-de-oropa-50x40-cm\"><strong>postura hier\u00e1tica y frontal de la Virgen<\/strong><\/a> confiere a la estatua un aspecto solemne y majestuoso, que ha contribuido a consolidar el sentimiento de veneraci\u00f3n y respeto que los fieles profesan a esta imagen sagrada.<\/p>\n<div class=\"link-product\">\n<div class=\"blocco-immagine\"><img loading=\"lazy\" decoding=\"async\" class=\"alignleft size-full wp-image-13076\" src=\"https:\/\/blog.holyart.it\/es\/wp-content\/uploads\/sites\/13\/2026\/08\/tapiz-virgen-de-oropa-50x40-cm.jpg\" alt=\"tapiz-virgen-de-oropa-50x40-cm\" width=\"100\" height=\"100\" data-kale-share-title=\"Virgen de Oropa: historia, tradiciones y el santuario mariano de Biella\" data-kale-share-url=\"https:\/\/blog.holyart.it\/es\/?p=13070\" \/><\/div>\n<div class=\"blocco-contenuto\">\n<div class=\"blocco-acquista\">Comprar Ahora:<\/div>\n<div class=\"blocco-titolo\"><a href=\"https:\/\/www.holyart.es\/articulos-religiosos\/tapices\/tapiz-virgen-de-oropa-50x40-cm\">Tapiz Virgen de Oropa 50&#215;40 cm<\/a><\/div>\n<div class=\"blocco-descrizione\">Tapiz Virgen de Oropa de 50&#215;40 cm en tejido jacquard realizado en Italia y acabado a mano.<\/div>\n<\/div>\n<\/div>\n<h2>El santuario de la Virgen de Oropa en Biella<\/h2>\n<p>El Santuario de Oropa no es un edificio. Es un organismo vivo. Su historia evoca im\u00e1genes poderosas. Un obispo fugitivo, una estatua escondida entre las rocas, un valle que se convierte en refugio.<br \/>\nLa leyenda cuenta que fue fundado por <strong>San Eusebio de Vercelli<\/strong> en el siglo IV. Un hombre de fe y visi\u00f3n. Ascendi\u00f3 a aquellos valles a\u00fan paganos, donde la gente veneraba los grandes bloques err\u00e1ticos dejados por los glaciares y rezaba a las antiguas divinidades femeninas de la naturaleza. En esos lugares, entre el silencio de las monta\u00f1as y el suspiro de los \u00e1rboles, Eusebio sustituy\u00f3 la piedra por la Palabra, la antigua Madre por Mar\u00eda. As\u00ed lo quiere la tradici\u00f3n. Y aunque los documentos no lo confirman, el gesto permanece vivo. Arraigado.<\/p>\n<p>En Oropa, lo sagrado siempre se ha entrelazado con lo salvaje, del mismo modo que los edificios incorporaron las antiguas piedras. Los primeros documentos escritos aparecen en el siglo XIII y hablan de dos iglesias: una dedicada a Santa Mar\u00eda y otra a <a href=\"https:\/\/www.holyart.es\/blog\/santos-y-beatos\/san-bartolome-apostol-la-historia-del-martir-desollado-vivo\/\"><strong>San Bartolom\u00e9<\/strong><\/a>. La primera se levantaba junto a un gigantesco bloque err\u00e1tico llamado <em>gran deyro<\/em>. Tal vez un altar precristiano, tal vez solo una piedra. Pero a\u00fan hoy es visible en el muro norte de la Bas\u00edlica Antigua. Una huella. Una marca.<\/p>\n<div class=\"link-article\">\n<p><img loading=\"lazy\" decoding=\"async\" class=\"alignleft size-full wp-image-13077\" src=\"https:\/\/blog.holyart.it\/es\/wp-content\/uploads\/sites\/13\/2026\/08\/San-Bartolome-Apostol.jpg\" alt=\"San-Bartolome-Apostol\" width=\"150\" height=\"99\" data-kale-share-title=\"Virgen de Oropa: historia, tradiciones y el santuario mariano de Biella\" data-kale-share-url=\"https:\/\/blog.holyart.it\/es\/?p=13070\" \/><\/p>\n<div class=\"leggi-anche\">Te puede interesar:<\/div>\n<p><strong><a href=\"https:\/\/www.holyart.es\/blog\/santos-y-beatos\/san-bartolome-apostol-la-historia-del-martir-desollado-vivo\/\">San Bartolom\u00e9 Ap\u00f3stol: la historia del m\u00e1rtir desollado vivo<\/a><\/strong><br \/>\nEl 24 de agosto se celebra la conmemoraci\u00f3n de San Bartolom\u00e9 Ap\u00f3stol, uno de los&#8230;<\/p>\n<\/div>\n<p>En 1294, aquella peque\u00f1a iglesia fue consagrada oficialmente. A su alrededor creci\u00f3 el culto. Y entre finales del siglo XIII y principios del XIV, un escultor valdostano <strong>tall\u00f3 la estatua de la Virgen Negra<\/strong>. Una madera que no ha cedido al tiempo. Un rostro imposible de olvidar.<\/p>\n<p>Con el paso de los siglos, Oropa se convirti\u00f3 en refugio, lugar de tr\u00e1nsito y destino de peregrinaci\u00f3n. En el siglo XVI, las familias de Biella comenzaron a construir residencias privadas para permanecer cerca de la Virgen. En el siglo XVII lleg\u00f3 el tiempo de la expansi\u00f3n barroca: el santuario asumi\u00f3 la forma actual de claustro, como un gran abrazo. Arquitectos ilustres &#8211; Juvarra, Galletti y Guarini -dejaron su huella. La Porta Regia, la nueva fachada, las naves, las sacrist\u00edas.<\/p>\n<p>El coraz\u00f3n, sin embargo, sigue siendo la <strong>Bas\u00edlica Antigua<\/strong>, construida en el siglo XVII como exvoto de la ciudad de Biella por el fin de la peste de 1599. En la fachada, una inscripci\u00f3n <a href=\"https:\/\/www.holyart.es\/blog\/articulos-religiosos\/via-francigena-entre-las-mas-antiguas-rutas-de-peregrinacion\/\"><strong>recibe al peregrino<\/strong><\/a>: <em>\u201cO quam beatus, o Beata, quem viderint oculi tui\u201d<\/em>. Dichoso quien pueda verte.<\/p>\n<div class=\"link-article\">\n<p><img loading=\"lazy\" decoding=\"async\" class=\"alignleft size-full wp-image-13078\" src=\"https:\/\/blog.holyart.it\/es\/wp-content\/uploads\/sites\/13\/2026\/08\/Via-Francigena-1.jpg\" alt=\"Via-Francigena\" width=\"150\" height=\"99\" data-kale-share-title=\"Virgen de Oropa: historia, tradiciones y el santuario mariano de Biella\" data-kale-share-url=\"https:\/\/blog.holyart.it\/es\/?p=13070\" \/><\/p>\n<div class=\"leggi-anche\">Te puede interesar:<\/div>\n<p><strong><a href=\"https:\/\/www.holyart.es\/blog\/articulos-religiosos\/via-francigena-entre-las-mas-antiguas-rutas-de-peregrinacion\/\">V\u00eda Franc\u00edgena: entre las m\u00e1s antiguas rutas de peregrinaci\u00f3n<\/a><\/strong><br \/>\nDe Canterbury a Apulia discurre una ruta recorrida durante siglos por hombres&#8230;<\/p>\n<\/div>\n<p>ada cien a\u00f1os, la estatua es coronada. Ocurri\u00f3 en 1620, despu\u00e9s en 1720, en 1820, en 1920. Y en 2021, ya en pleno tercer milenio. Una nueva corona, nuevas manos. Pero la misma mirada. El mismo silencio.<\/p>\n<p>En el siglo XVIII tambi\u00e9n se construy\u00f3 el <strong>Sacro Monte<\/strong>, sobre una colina al oeste. Un recorrido de capillas que narran la vida de la Virgen. Una historia esculpida en piedra.<\/p>\n<p>Mientras Oropa se convert\u00eda en centro espiritual, el mundo moderno se acercaba. En 1911, un tranv\u00eda uni\u00f3 Biella con el santuario, haciendo la peregrinaci\u00f3n m\u00e1s accesible. Funcion\u00f3 hasta 1958. Pero los peregrinos, incluso sin tranv\u00eda, nunca dejaron de llegar.<\/p>\n<p>Y luego est\u00e1n las piedras. Esos grandes <strong>bloques err\u00e1ticos<\/strong> que ya los antiguos veneraban. Uno de ellos fue incorporado a la Bas\u00edlica Antigua. Otro &#8211; el <em>R\u00f2c<\/em> &#8211; fue ocultado, seg\u00fan la leyenda, por San Eusebio para proteger la estatua de la amenaza de los herejes. Sobre \u00e9l se construy\u00f3 una capilla. Hasta el siglo XIX, las mujeres lo tocaban para invocar la fertilidad. Un gesto arcaico, reducido con el tiempo a un simple toque en el costado. Luego fue cerrado con una reja. Pero nunca olvidado.<\/p>\n<p>En Oropa, cada piedra cuenta una historia. Cada construcci\u00f3n es una p\u00e1gina. Cada paso es un eco. Y la fe &#8211; como el agua entre las rocas &#8211; excava, conserva y transforma. El entorno natural, con sus bosques y senderos, enriquece a\u00fan m\u00e1s la experiencia de la visita, ofreciendo la posibilidad de unir la dimensi\u00f3n espiritual con el contacto con la naturaleza.<\/p>\n<p>Alrededor de la estatua de la Virgen Negra de Oropa se teje una red dens\u00edsima de relatos, testimonios, se\u00f1ales y asombros. Algunos son sencillos. Otros sorprendentes. Todos, sin embargo, escapan a la l\u00f3gica del tiempo.<br \/>\nEst\u00e1 el <strong>propio cuerpo de la estatua<\/strong>: intacto. A pesar de los siglos, sin carcoma ni desgaste. Ya hablaba de ello, en 1609, el obispo Giovanni Stefano Ferrero. Incluso <strong>el pie de la Virgen<\/strong>, que durante a\u00f1os toc\u00f3 objetos y reliquias destinados a enfermos y devotos, ha permanecido liso e intacto. Y luego est\u00e1 el <strong>rostro<\/strong>. Cada a\u00f1o, durante la limpieza solemne que precede a la fiesta del 21 de noviembre, los can\u00f3nigos pasan un pa\u00f1o blanco sobre la estatua. Del cuerpo se levanta un velo de polvo. Pero del rostro, no. Nunca. El pa\u00f1o permanece inmaculado. Desde el siglo XIX este gesto es p\u00fablico, para que todos puedan verlo.<br \/>\nDos veces, cuentan las cr\u00f3nicas del siglo XVII, se intent\u00f3 <strong>trasladar la estatua a Biella<\/strong>. Pero la Virgen se volvi\u00f3 inexplicablemente pesada, hasta hacer imposible el transporte. Solo al regresar hacia el santuario original el peso disminuy\u00f3. En memoria de aquel rechazo se construyeron dos capillas votivas: una en Favaro y otra en Pralungo. Como diciendo: <em>\u201cYo me quedo aqu\u00ed\u201d.<\/em><br \/>\nY cuando Biella fue <strong>amenazada por la peste<\/strong>, fue hacia Oropa donde se dirigieron las miradas. Tres veces, en 1522, 1599 y 1630, la ciudad invoc\u00f3 la protecci\u00f3n de la Virgen Negra. Y tres veces ces\u00f3 el contagio. Los documentos civiles y las procesiones de agradecimiento lo testimonian. La gratitud tom\u00f3 forma de cuadros, l\u00e1mparas votivas y <a href=\"https:\/\/www.holyart.es\/articulos-religiosos\/exvotos?page=1\"><strong>exvotos<\/strong><\/a>. Signos de fe. Signos de salvaci\u00f3n.<br \/>\nAlgunos prodigios, entre los muchos atribuidos a Oropa, fueron <strong>investigados y reconocidos por la Iglesia<\/strong>. Tres, en particular, entraron en procesos can\u00f3nicos: un hombre al que le volvi\u00f3 a crecer la lengua tras a\u00f1os de mutismo; un paral\u00edtico que, al contemplar una imagen de la Virgen, se levant\u00f3 despu\u00e9s de dieciocho a\u00f1os de inmovilidad; y un prisionero de los turcos, mutilado, que recuper\u00f3 el habla y la lengua en el momento exacto de la coronaci\u00f3n de 1720. Nadie buscaba notoriedad. Pero la noticia se difundi\u00f3. Los procesos reunieron testigos, m\u00e9dicos y juristas. Y los milagros quedaron registrados.<\/p>\n<div class=\"link-product\">\n<div class=\"blocco-immagine\"><img loading=\"lazy\" decoding=\"async\" class=\"alignleft size-full wp-image-13081\" src=\"https:\/\/blog.holyart.it\/es\/wp-content\/uploads\/sites\/13\/2026\/08\/exvoto-corazon-llama-8-x-6-cm.jpg\" alt=\"exvoto-corazon-llama-8-x-6-cm\" width=\"100\" height=\"100\" data-kale-share-title=\"Virgen de Oropa: historia, tradiciones y el santuario mariano de Biella\" data-kale-share-url=\"https:\/\/blog.holyart.it\/es\/?p=13070\" \/><\/div>\n<div class=\"blocco-contenuto\">\n<div class=\"blocco-acquista\">Comprar Ahora:<\/div>\n<div class=\"blocco-titolo\"><a href=\"https:\/\/www.holyart.es\/articulos-religiosos\/exvotos?page=1\">Exvotos<\/a><\/div>\n<div class=\"blocco-descrizione\">\u00a1En esta categor\u00eda puede encontrar exvotos de metal y de plata 800\/1000!<\/div>\n<\/div>\n<\/div>\n<p>Hoy, en los corredores del Santuario, se camina entre <strong>miles de exvotos<\/strong>. Los m\u00e1s antiguos datan del siglo XIV. Los m\u00e1s recientes son fotograf\u00edas, cartas y peque\u00f1os objetos cotidianos. Algunos son obras de arte. Otros, dibujos ingenuos nacidos de manos emocionadas. Cada cuadro narra una gracia recibida. Cada objeto, una esperanza cumplida. Y si se consultan los registros del Santuario, se lee un inventario del alma: ciegos que recuperan la vista, mujeres salvadas durante el parto, n\u00e1ufragos supervivientes, cuerpos curados, corazones convertidos. Incluso ciudades enteras, pueblos enteros, soberanos. Est\u00e1 todo en Oropa. Dolor y alivio. S\u00faplica y canto.<br \/>\nPorque desde hace siglos, entre esos muros y esas monta\u00f1as, la Virgen escucha. Y a veces responde.<\/p>\n<h2>La limpieza de la estatua de la Virgen de Oropa<\/h2>\n<p>Hay un momento en Oropa en el que el tiempo se ralentiza. Las puertas se cierran, las voces se apagan, las miradas se vuelven atentas. Es el tiempo del cuidado. La Virgen es desvestida. Ocurre cada noviembre. Un gesto. Peque\u00f1o, poderoso. \u00cdntimo.<br \/>\nEl s\u00e1bado anterior al 21 de noviembre, <strong>fiesta de la Presentaci\u00f3n de Mar\u00eda en el Templo<\/strong>, la Virgen es retirada de su santuario y presentada ante los fieles. No para un acto de devoci\u00f3n, sino para un gesto sencillo: <strong>la<\/strong> <strong>limpieza<\/strong>.<br \/>\nUn pa\u00f1o de lino, ning\u00fan producto. Solo manos respetuosas que acarician la madera. Pero hay algo m\u00e1s. Desde siempre se cuenta que sobre el rostro de la Virgen y del Ni\u00f1o nunca se deposita el polvo. Cada a\u00f1o, los presentes lo ven. Y cada a\u00f1o, lo cuentan.<br \/>\nAl final del rito, se distribuye a los fieles un <strong>peque\u00f1o pa\u00f1o de lino<\/strong>, id\u00e9ntico al utilizado por los can\u00f3nigos. Para que cada uno pueda tocar a la Virgen. Una caricia que se transforma en promesa.<br \/>\nDurante las <strong>grandes Coronaciones<\/strong>, aquellas que tienen lugar cada cien a\u00f1os y marcan una nueva \u00e9poca, la estatua de la Virgen Negra es sometida a una cuidadosa intervenci\u00f3n de conservaci\u00f3n. Se la trata con instrumentos delicados, se eliminan los dep\u00f3sitos acumulados y se refuerzan las partes m\u00e1s vulnerables. No se utiliza nada que pueda da\u00f1ar el material: solo t\u00e9cnicas suaves, pacientes y respetuosas. Cada paso est\u00e1 guiado por restauradores expertos, bajo la supervisi\u00f3n de las autoridades encargadas de la protecci\u00f3n del patrimonio cultural.<br \/>\nPero hay un instante, brev\u00edsimo, suspendido, en el que la Virgen est\u00e1 desnuda. Sin sus velos, sin las coronas, sin el oro. Solo madera, forma y silencio. Casi nadie puede verla as\u00ed. Solo quienes la custodian. Solo quienes realmente la conocen. Porque ese momento es sagrado, fr\u00e1gil e irrepetible.<\/p>\n<p>Luego todo vuelve a su lugar. Los mantos se ajustan de nuevo, las decoraciones se recolocan cuidadosamente. La estatua regresa a su santuario en la Bas\u00edlica Antigua, al centro de su trono. Y la Virgen, silenciosa como siempre, vuelve a mirar. A los fieles. A los visitantes. A las miradas que la buscan.<br \/>\nDesde fuera, nada parece haber cambiado. Pero quien la ha visto en ese momento de verdad lo sabe: el cuidado no es solo una cuesti\u00f3n t\u00e9cnica. Es un acto de amor.<\/p>\n","protected":false},"excerpt":{"rendered":"<p>Virgen de Oropa: la Se\u00f1ora Negra de los Alpes. Historia, tradiciones y el camino hacia el santuario mariano de Biella Cuando se asciende hacia Oropa, el mundo se vuelve piedra y niebla. La carretera serpentea entre curvas estrechas y bosques centenarios, y en cada recodo&hellip;<\/p>\n","protected":false},"author":1,"featured_media":13071,"comment_status":"closed","ping_status":"open","sticky":false,"template":"","format":"standard","meta":{"_acf_changed":false,"footnotes":""},"categories":[7],"tags":[],"class_list":["post-13070","post","type-post","status-publish","format-standard","has-post-thumbnail","hentry","category-santos-y-beatos"],"acf":[],"yoast_head":"<!-- This site is optimized with the Yoast SEO plugin v26.6 - https:\/\/yoast.com\/wordpress\/plugins\/seo\/ -->\n<title>Virgen de Oropa: historia, tradiciones y el santuario mariano de Biella - Holyart.es Blog<\/title>\n<meta name=\"description\" content=\"Descubre la Virgen de Oropa: historia, ritos, milagros y misterios de uno de los santuarios marianos m\u00e1s fascinantes de Europa, entre los Alpes de Biella\" \/>\n<meta name=\"robots\" content=\"index, follow, max-snippet:-1, max-image-preview:large, max-video-preview:-1\" \/>\n<link rel=\"canonical\" href=\"https:\/\/blog.holyart.it\/es\/santos-y-beatos\/virgen-de-oropa-historia-tradiciones-y-el-santuario-mariano-de-biella\/\" \/>\n<meta property=\"og:locale\" content=\"es_ES\" \/>\n<meta property=\"og:type\" content=\"article\" \/>\n<meta property=\"og:title\" content=\"Virgen de Oropa: historia, tradiciones y el santuario mariano de Biella - Holyart.es Blog\" \/>\n<meta property=\"og:description\" content=\"Descubre la Virgen de Oropa: historia, ritos, milagros y misterios de uno de los santuarios marianos m\u00e1s fascinantes de Europa, entre los Alpes de Biella\" \/>\n<meta property=\"og:url\" content=\"https:\/\/blog.holyart.it\/es\/santos-y-beatos\/virgen-de-oropa-historia-tradiciones-y-el-santuario-mariano-de-biella\/\" \/>\n<meta property=\"og:site_name\" content=\"Holyart.es Blog\" \/>\n<meta property=\"article:published_time\" content=\"2026-08-31T07:59:53+00:00\" \/>\n<meta property=\"og:image\" content=\"https:\/\/blog.holyart.it\/es\/wp-content\/uploads\/sites\/13\/2026\/08\/Virgen-de-Oropa.jpg\" \/>\n\t<meta property=\"og:image:width\" content=\"1000\" \/>\n\t<meta property=\"og:image:height\" content=\"666\" \/>\n\t<meta property=\"og:image:type\" content=\"image\/jpeg\" \/>\n<meta name=\"author\" content=\"Redazione\" \/>\n<meta name=\"twitter:card\" content=\"summary_large_image\" \/>\n<meta name=\"twitter:label1\" content=\"Escrito por\" \/>\n\t<meta name=\"twitter:data1\" content=\"Redazione\" \/>\n\t<meta name=\"twitter:label2\" content=\"Tiempo de lectura\" \/>\n\t<meta name=\"twitter:data2\" content=\"14 minutos\" \/>\n<script type=\"application\/ld+json\" class=\"yoast-schema-graph\">{\"@context\":\"https:\/\/schema.org\",\"@graph\":[{\"@type\":\"Article\",\"@id\":\"https:\/\/blog.holyart.it\/es\/santos-y-beatos\/virgen-de-oropa-historia-tradiciones-y-el-santuario-mariano-de-biella\/#article\",\"isPartOf\":{\"@id\":\"https:\/\/blog.holyart.it\/es\/santos-y-beatos\/virgen-de-oropa-historia-tradiciones-y-el-santuario-mariano-de-biella\/\"},\"author\":{\"name\":\"Redazione\",\"@id\":\"https:\/\/blog.holyart.it\/es\/#\/schema\/person\/0a7b686e5af0f856ec1e390dd0baecda\"},\"headline\":\"Virgen de Oropa: historia, tradiciones y el santuario mariano de Biella\",\"datePublished\":\"2026-08-31T07:59:53+00:00\",\"mainEntityOfPage\":{\"@id\":\"https:\/\/blog.holyart.it\/es\/santos-y-beatos\/virgen-de-oropa-historia-tradiciones-y-el-santuario-mariano-de-biella\/\"},\"wordCount\":2803,\"publisher\":{\"@id\":\"https:\/\/blog.holyart.it\/es\/#organization\"},\"image\":{\"@id\":\"https:\/\/blog.holyart.it\/es\/santos-y-beatos\/virgen-de-oropa-historia-tradiciones-y-el-santuario-mariano-de-biella\/#primaryimage\"},\"thumbnailUrl\":\"https:\/\/blog.holyart.it\/es\/wp-content\/uploads\/sites\/13\/2026\/08\/Virgen-de-Oropa.jpg\",\"articleSection\":[\"Santos y Beatos\"],\"inLanguage\":\"es\"},{\"@type\":\"WebPage\",\"@id\":\"https:\/\/blog.holyart.it\/es\/santos-y-beatos\/virgen-de-oropa-historia-tradiciones-y-el-santuario-mariano-de-biella\/\",\"url\":\"https:\/\/blog.holyart.it\/es\/santos-y-beatos\/virgen-de-oropa-historia-tradiciones-y-el-santuario-mariano-de-biella\/\",\"name\":\"Virgen de Oropa: historia, tradiciones y el santuario mariano de Biella - Holyart.es Blog\",\"isPartOf\":{\"@id\":\"https:\/\/blog.holyart.it\/es\/#website\"},\"primaryImageOfPage\":{\"@id\":\"https:\/\/blog.holyart.it\/es\/santos-y-beatos\/virgen-de-oropa-historia-tradiciones-y-el-santuario-mariano-de-biella\/#primaryimage\"},\"image\":{\"@id\":\"https:\/\/blog.holyart.it\/es\/santos-y-beatos\/virgen-de-oropa-historia-tradiciones-y-el-santuario-mariano-de-biella\/#primaryimage\"},\"thumbnailUrl\":\"https:\/\/blog.holyart.it\/es\/wp-content\/uploads\/sites\/13\/2026\/08\/Virgen-de-Oropa.jpg\",\"datePublished\":\"2026-08-31T07:59:53+00:00\",\"description\":\"Descubre la Virgen de Oropa: historia, ritos, milagros y misterios de uno de los santuarios marianos m\u00e1s fascinantes de Europa, entre los Alpes de Biella\",\"breadcrumb\":{\"@id\":\"https:\/\/blog.holyart.it\/es\/santos-y-beatos\/virgen-de-oropa-historia-tradiciones-y-el-santuario-mariano-de-biella\/#breadcrumb\"},\"inLanguage\":\"es\",\"potentialAction\":[{\"@type\":\"ReadAction\",\"target\":[\"https:\/\/blog.holyart.it\/es\/santos-y-beatos\/virgen-de-oropa-historia-tradiciones-y-el-santuario-mariano-de-biella\/\"]}]},{\"@type\":\"ImageObject\",\"inLanguage\":\"es\",\"@id\":\"https:\/\/blog.holyart.it\/es\/santos-y-beatos\/virgen-de-oropa-historia-tradiciones-y-el-santuario-mariano-de-biella\/#primaryimage\",\"url\":\"https:\/\/blog.holyart.it\/es\/wp-content\/uploads\/sites\/13\/2026\/08\/Virgen-de-Oropa.jpg\",\"contentUrl\":\"https:\/\/blog.holyart.it\/es\/wp-content\/uploads\/sites\/13\/2026\/08\/Virgen-de-Oropa.jpg\",\"width\":1000,\"height\":666,\"caption\":\"Virgen de Oropa\"},{\"@type\":\"BreadcrumbList\",\"@id\":\"https:\/\/blog.holyart.it\/es\/santos-y-beatos\/virgen-de-oropa-historia-tradiciones-y-el-santuario-mariano-de-biella\/#breadcrumb\",\"itemListElement\":[{\"@type\":\"ListItem\",\"position\":1,\"name\":\"Homepage\",\"item\":\"https:\/\/blog.holyart.it\/es\/\"},{\"@type\":\"ListItem\",\"position\":2,\"name\":\"Santos y Beatos\",\"item\":\"https:\/\/blog.holyart.it\/es\/santos-y-beatos\/\"},{\"@type\":\"ListItem\",\"position\":3,\"name\":\"Virgen de Oropa: historia, tradiciones y el santuario mariano de Biella\"}]},{\"@type\":\"WebSite\",\"@id\":\"https:\/\/blog.holyart.it\/es\/#website\",\"url\":\"https:\/\/blog.holyart.it\/es\/\",\"name\":\"Holyart.es Blog\",\"description\":\"Holyblog\",\"publisher\":{\"@id\":\"https:\/\/blog.holyart.it\/es\/#organization\"},\"potentialAction\":[{\"@type\":\"SearchAction\",\"target\":{\"@type\":\"EntryPoint\",\"urlTemplate\":\"https:\/\/blog.holyart.it\/es\/?s={search_term_string}\"},\"query-input\":{\"@type\":\"PropertyValueSpecification\",\"valueRequired\":true,\"valueName\":\"search_term_string\"}}],\"inLanguage\":\"es\"},{\"@type\":\"Organization\",\"@id\":\"https:\/\/blog.holyart.it\/es\/#organization\",\"name\":\"Holyart.es Blog\",\"url\":\"https:\/\/blog.holyart.it\/es\/\",\"logo\":{\"@type\":\"ImageObject\",\"inLanguage\":\"es\",\"@id\":\"https:\/\/blog.holyart.it\/es\/#\/schema\/logo\/image\/\",\"url\":\"https:\/\/blog.holyart.it\/es\/wp-content\/uploads\/sites\/13\/2022\/12\/Holyart_Blog_Logo.jpg\",\"contentUrl\":\"https:\/\/blog.holyart.it\/es\/wp-content\/uploads\/sites\/13\/2022\/12\/Holyart_Blog_Logo.jpg\",\"width\":300,\"height\":50,\"caption\":\"Holyart.es Blog\"},\"image\":{\"@id\":\"https:\/\/blog.holyart.it\/es\/#\/schema\/logo\/image\/\"}},{\"@type\":\"Person\",\"@id\":\"https:\/\/blog.holyart.it\/es\/#\/schema\/person\/0a7b686e5af0f856ec1e390dd0baecda\",\"name\":\"Redazione\",\"image\":{\"@type\":\"ImageObject\",\"inLanguage\":\"es\",\"@id\":\"https:\/\/blog.holyart.it\/es\/#\/schema\/person\/image\/\",\"url\":\"https:\/\/secure.gravatar.com\/avatar\/f477da817f43e50d0af36abecd33e3edf826c68299714bdc1057dff3b113f516?s=96&d=mm&r=g\",\"contentUrl\":\"https:\/\/secure.gravatar.com\/avatar\/f477da817f43e50d0af36abecd33e3edf826c68299714bdc1057dff3b113f516?s=96&d=mm&r=g\",\"caption\":\"Redazione\"}}]}<\/script>\n<!-- \/ Yoast SEO plugin. -->","yoast_head_json":{"title":"Virgen de Oropa: historia, tradiciones y el santuario mariano de Biella - Holyart.es Blog","description":"Descubre la Virgen de Oropa: historia, ritos, milagros y misterios de uno de los santuarios marianos m\u00e1s fascinantes de Europa, entre los Alpes de Biella","robots":{"index":"index","follow":"follow","max-snippet":"max-snippet:-1","max-image-preview":"max-image-preview:large","max-video-preview":"max-video-preview:-1"},"canonical":"https:\/\/blog.holyart.it\/es\/santos-y-beatos\/virgen-de-oropa-historia-tradiciones-y-el-santuario-mariano-de-biella\/","og_locale":"es_ES","og_type":"article","og_title":"Virgen de Oropa: historia, tradiciones y el santuario mariano de Biella - Holyart.es Blog","og_description":"Descubre la Virgen de Oropa: historia, ritos, milagros y misterios de uno de los santuarios marianos m\u00e1s fascinantes de Europa, entre los Alpes de Biella","og_url":"https:\/\/blog.holyart.it\/es\/santos-y-beatos\/virgen-de-oropa-historia-tradiciones-y-el-santuario-mariano-de-biella\/","og_site_name":"Holyart.es Blog","article_published_time":"2026-08-31T07:59:53+00:00","og_image":[{"width":1000,"height":666,"url":"https:\/\/blog.holyart.it\/es\/wp-content\/uploads\/sites\/13\/2026\/08\/Virgen-de-Oropa.jpg","type":"image\/jpeg"}],"author":"Redazione","twitter_card":"summary_large_image","twitter_misc":{"Escrito por":"Redazione","Tiempo de lectura":"14 minutos"},"schema":{"@context":"https:\/\/schema.org","@graph":[{"@type":"Article","@id":"https:\/\/blog.holyart.it\/es\/santos-y-beatos\/virgen-de-oropa-historia-tradiciones-y-el-santuario-mariano-de-biella\/#article","isPartOf":{"@id":"https:\/\/blog.holyart.it\/es\/santos-y-beatos\/virgen-de-oropa-historia-tradiciones-y-el-santuario-mariano-de-biella\/"},"author":{"name":"Redazione","@id":"https:\/\/blog.holyart.it\/es\/#\/schema\/person\/0a7b686e5af0f856ec1e390dd0baecda"},"headline":"Virgen de Oropa: historia, tradiciones y el santuario mariano de Biella","datePublished":"2026-08-31T07:59:53+00:00","mainEntityOfPage":{"@id":"https:\/\/blog.holyart.it\/es\/santos-y-beatos\/virgen-de-oropa-historia-tradiciones-y-el-santuario-mariano-de-biella\/"},"wordCount":2803,"publisher":{"@id":"https:\/\/blog.holyart.it\/es\/#organization"},"image":{"@id":"https:\/\/blog.holyart.it\/es\/santos-y-beatos\/virgen-de-oropa-historia-tradiciones-y-el-santuario-mariano-de-biella\/#primaryimage"},"thumbnailUrl":"https:\/\/blog.holyart.it\/es\/wp-content\/uploads\/sites\/13\/2026\/08\/Virgen-de-Oropa.jpg","articleSection":["Santos y Beatos"],"inLanguage":"es"},{"@type":"WebPage","@id":"https:\/\/blog.holyart.it\/es\/santos-y-beatos\/virgen-de-oropa-historia-tradiciones-y-el-santuario-mariano-de-biella\/","url":"https:\/\/blog.holyart.it\/es\/santos-y-beatos\/virgen-de-oropa-historia-tradiciones-y-el-santuario-mariano-de-biella\/","name":"Virgen de Oropa: historia, tradiciones y el santuario mariano de Biella - Holyart.es Blog","isPartOf":{"@id":"https:\/\/blog.holyart.it\/es\/#website"},"primaryImageOfPage":{"@id":"https:\/\/blog.holyart.it\/es\/santos-y-beatos\/virgen-de-oropa-historia-tradiciones-y-el-santuario-mariano-de-biella\/#primaryimage"},"image":{"@id":"https:\/\/blog.holyart.it\/es\/santos-y-beatos\/virgen-de-oropa-historia-tradiciones-y-el-santuario-mariano-de-biella\/#primaryimage"},"thumbnailUrl":"https:\/\/blog.holyart.it\/es\/wp-content\/uploads\/sites\/13\/2026\/08\/Virgen-de-Oropa.jpg","datePublished":"2026-08-31T07:59:53+00:00","description":"Descubre la Virgen de Oropa: historia, ritos, milagros y misterios de uno de los santuarios marianos m\u00e1s fascinantes de Europa, entre los Alpes de Biella","breadcrumb":{"@id":"https:\/\/blog.holyart.it\/es\/santos-y-beatos\/virgen-de-oropa-historia-tradiciones-y-el-santuario-mariano-de-biella\/#breadcrumb"},"inLanguage":"es","potentialAction":[{"@type":"ReadAction","target":["https:\/\/blog.holyart.it\/es\/santos-y-beatos\/virgen-de-oropa-historia-tradiciones-y-el-santuario-mariano-de-biella\/"]}]},{"@type":"ImageObject","inLanguage":"es","@id":"https:\/\/blog.holyart.it\/es\/santos-y-beatos\/virgen-de-oropa-historia-tradiciones-y-el-santuario-mariano-de-biella\/#primaryimage","url":"https:\/\/blog.holyart.it\/es\/wp-content\/uploads\/sites\/13\/2026\/08\/Virgen-de-Oropa.jpg","contentUrl":"https:\/\/blog.holyart.it\/es\/wp-content\/uploads\/sites\/13\/2026\/08\/Virgen-de-Oropa.jpg","width":1000,"height":666,"caption":"Virgen de Oropa"},{"@type":"BreadcrumbList","@id":"https:\/\/blog.holyart.it\/es\/santos-y-beatos\/virgen-de-oropa-historia-tradiciones-y-el-santuario-mariano-de-biella\/#breadcrumb","itemListElement":[{"@type":"ListItem","position":1,"name":"Homepage","item":"https:\/\/blog.holyart.it\/es\/"},{"@type":"ListItem","position":2,"name":"Santos y Beatos","item":"https:\/\/blog.holyart.it\/es\/santos-y-beatos\/"},{"@type":"ListItem","position":3,"name":"Virgen de Oropa: historia, tradiciones y el santuario mariano de Biella"}]},{"@type":"WebSite","@id":"https:\/\/blog.holyart.it\/es\/#website","url":"https:\/\/blog.holyart.it\/es\/","name":"Holyart.es Blog","description":"Holyblog","publisher":{"@id":"https:\/\/blog.holyart.it\/es\/#organization"},"potentialAction":[{"@type":"SearchAction","target":{"@type":"EntryPoint","urlTemplate":"https:\/\/blog.holyart.it\/es\/?s={search_term_string}"},"query-input":{"@type":"PropertyValueSpecification","valueRequired":true,"valueName":"search_term_string"}}],"inLanguage":"es"},{"@type":"Organization","@id":"https:\/\/blog.holyart.it\/es\/#organization","name":"Holyart.es Blog","url":"https:\/\/blog.holyart.it\/es\/","logo":{"@type":"ImageObject","inLanguage":"es","@id":"https:\/\/blog.holyart.it\/es\/#\/schema\/logo\/image\/","url":"https:\/\/blog.holyart.it\/es\/wp-content\/uploads\/sites\/13\/2022\/12\/Holyart_Blog_Logo.jpg","contentUrl":"https:\/\/blog.holyart.it\/es\/wp-content\/uploads\/sites\/13\/2022\/12\/Holyart_Blog_Logo.jpg","width":300,"height":50,"caption":"Holyart.es Blog"},"image":{"@id":"https:\/\/blog.holyart.it\/es\/#\/schema\/logo\/image\/"}},{"@type":"Person","@id":"https:\/\/blog.holyart.it\/es\/#\/schema\/person\/0a7b686e5af0f856ec1e390dd0baecda","name":"Redazione","image":{"@type":"ImageObject","inLanguage":"es","@id":"https:\/\/blog.holyart.it\/es\/#\/schema\/person\/image\/","url":"https:\/\/secure.gravatar.com\/avatar\/f477da817f43e50d0af36abecd33e3edf826c68299714bdc1057dff3b113f516?s=96&d=mm&r=g","contentUrl":"https:\/\/secure.gravatar.com\/avatar\/f477da817f43e50d0af36abecd33e3edf826c68299714bdc1057dff3b113f516?s=96&d=mm&r=g","caption":"Redazione"}}]}},"_links":{"self":[{"href":"https:\/\/blog.holyart.it\/es\/wp-json\/wp\/v2\/posts\/13070","targetHints":{"allow":["GET"]}}],"collection":[{"href":"https:\/\/blog.holyart.it\/es\/wp-json\/wp\/v2\/posts"}],"about":[{"href":"https:\/\/blog.holyart.it\/es\/wp-json\/wp\/v2\/types\/post"}],"author":[{"embeddable":true,"href":"https:\/\/blog.holyart.it\/es\/wp-json\/wp\/v2\/users\/1"}],"replies":[{"embeddable":true,"href":"https:\/\/blog.holyart.it\/es\/wp-json\/wp\/v2\/comments?post=13070"}],"version-history":[{"count":4,"href":"https:\/\/blog.holyart.it\/es\/wp-json\/wp\/v2\/posts\/13070\/revisions"}],"predecessor-version":[{"id":13084,"href":"https:\/\/blog.holyart.it\/es\/wp-json\/wp\/v2\/posts\/13070\/revisions\/13084"}],"wp:featuredmedia":[{"embeddable":true,"href":"https:\/\/blog.holyart.it\/es\/wp-json\/wp\/v2\/media\/13071"}],"wp:attachment":[{"href":"https:\/\/blog.holyart.it\/es\/wp-json\/wp\/v2\/media?parent=13070"}],"wp:term":[{"taxonomy":"category","embeddable":true,"href":"https:\/\/blog.holyart.it\/es\/wp-json\/wp\/v2\/categories?post=13070"},{"taxonomy":"post_tag","embeddable":true,"href":"https:\/\/blog.holyart.it\/es\/wp-json\/wp\/v2\/tags?post=13070"}],"curies":[{"name":"wp","href":"https:\/\/api.w.org\/{rel}","templated":true}]}}