{"id":13057,"date":"2026-08-26T10:00:36","date_gmt":"2026-08-26T08:00:36","guid":{"rendered":"https:\/\/blog.holyart.it\/es\/?p=13057"},"modified":"2026-08-14T15:01:03","modified_gmt":"2026-08-14T13:01:03","slug":"san-peregrino-historia-del-martir-que-inspiro-a-padre-pio","status":"publish","type":"post","link":"https:\/\/blog.holyart.it\/es\/santos-y-beatos\/san-peregrino-historia-del-martir-que-inspiro-a-padre-pio\/","title":{"rendered":"San Peregrino: historia del m\u00e1rtir que inspir\u00f3 a Padre P\u00edo"},"content":{"rendered":"<h4>\u00bfQui\u00e9n era San Peregrino? Conocemos al joven m\u00e1rtir romano que desafi\u00f3 al emperador por amor al Evangelio y su v\u00ednculo con Padre P\u00edo<\/h4>\n\n<p><strong>\u00bfQui\u00e9n era San Peregrino?<\/strong> Esta pregunta parece banal, pero es un punto de partida fundamental para poder escribir este art\u00edculo. Con el paso del tiempo, de hecho, el nombre de <strong>San Peregrino<\/strong> ha dado origen a mucha confusi\u00f3n. Y no es dif\u00edcil entender el motivo. Adem\u00e1s de <strong>San Peregrino M\u00e1rtir<\/strong>, joven romano del siglo II cuya vida y sacrificio estamos a punto de contar, existen otros santos hom\u00f3nimos que, aunque venerados, pertenecen a contextos hist\u00f3ricos y geogr\u00e1ficos diferentes.<br \/>\nEl m\u00e1s conocido es <a href=\"https:\/\/www.holyart.es\/blog\/santos-y-beatos\/santos-sanadores-a-los-que-recurrir-contra-las-enfermedades\/\"><strong>San Peregrino Laziosi<\/strong> <\/a>(1265\u20131345), religioso italiano perteneciente a la Orden de los Siervos de Mar\u00eda, conocido sobre todo como <strong>patrono de los enfermos de c\u00e1ncer<\/strong>. Originario de Forl\u00ec, vivi\u00f3 una vida de <strong>oraci\u00f3n, penitencia y servicio a los pobres<\/strong>. Es famoso por haber <strong>padecido una grave forma de c\u00e1ncer en la pierna<\/strong>, que deb\u00eda ser amputada. Seg\u00fan la tradici\u00f3n, la noche anterior a la operaci\u00f3n tuvo una visi\u00f3n de Cristo crucificado que tocaba su herida, y al despertar estaba <strong>milagrosamente curado.<\/strong><\/p>\n<p>&nbsp;<\/p>\n<div class=\"link-article\">\n<p><img loading=\"lazy\" decoding=\"async\" class=\"alignleft size-full wp-image-13059\" src=\"https:\/\/blog.holyart.it\/es\/wp-content\/uploads\/sites\/13\/2026\/08\/los-santos-contra-la-enfermedad.jpg\" alt=\"los-santos-contra-la-enfermedad\" width=\"150\" height=\"99\" data-kale-share-title=\"San Peregrino: historia del m\u00e1rtir que inspir\u00f3 a Padre P\u00edo\" data-kale-share-url=\"https:\/\/blog.holyart.it\/es\/?p=13057\" \/><\/p>\n<div class=\"leggi-anche\">Te puede interesar:<\/div>\n<p><strong><a href=\"https:\/\/www.holyart.es\/blog\/santos-y-beatos\/santos-sanadores-a-los-que-recurrir-contra-las-enfermedades\/\">Santos Sanadores a los que recurrir contra las enfermedades<\/a><\/strong><br \/>\nEl hombre siempre ha pedido ayuda y consuelo a Dios en caso de enfermedades graves.<\/p>\n<\/div>\n<p>Tambi\u00e9n est\u00e1 <strong>San Peregrino de Auxerre<\/strong>, obispo y m\u00e1rtir del siglo IV, asesinado en el a\u00f1o 304 d.C. en la Galia, la actual Francia. Sus reliquias fueron trasladadas posteriormente a Roma y desde all\u00ed difundidas en varias zonas de Italia, contribuyendo a la superposici\u00f3n iconogr\u00e1fica y devocional.<strong><br \/>\n<\/strong>Otro San Peregrino famoso es <strong>San Peregrino de Bominaco<\/strong>, venerado en Abruzzo, a veces llamado <em>el sirio<\/em>. La tradici\u00f3n le atribuye un origen oriental, quiz\u00e1 sir\u00edaco, pero las fuentes hist\u00f3ricas sobre \u00e9l son escasas y fragmentarias.<\/p>\n<p>Distinguir a estos santos es fundamental para preservar la singularidad del testimonio de <strong>San Peregrino M\u00e1rtir<\/strong>, protagonista de este art\u00edculo: el joven que eligi\u00f3 el Evangelio en lugar del miedo, la Cruz en lugar del compromiso. Un testigo limpio, puro, sin artificios: quiz\u00e1 precisamente por eso, uno de los m\u00e1s cercanos a quienes hoy buscan en la fe una fuerza sencilla e inquebrantable. San Peregrino M\u00e1rtir forma parte del vasto mosaico de la santidad cristiana, donde encontramos papas, obispos y fundadores de \u00f3rdenes religiosas. Entre ellos existen tambi\u00e9n figuras m\u00e1s silenciosas, pero no por ello menos extraordinarias. Entre estas destaca precisamente \u00e9l, un joven romano del siglo II cuya vida, y sobre todo su muerte, nos hablan de la fuerza inquebrantable de la fe en los albores del cristianismo. En nuestra \u00e9poca desencantada, en la que el <u>martirio<\/u> parece un concepto lejano, la figura de San Peregrino nos invita a redescubrir una fe hecha de gestos simples y valientes. No hacen falta palabras grandilocuentes para cambiar el mundo: basta una elecci\u00f3n, una toma de posici\u00f3n, incluso cuando cuesta. Incluso cuando duele.<\/p>\n<p>Como nos ense\u00f1an Peregrino y <a href=\"https:\/\/www.holyart.es\/blog\/articulos-religiosos\/el-santuario-de-padre-pio-en-san-giovanni-rotondo\/\"><strong><u>Padre P\u00edo de Pietrelcina<\/u><\/strong><\/a>, que, como descubriremos, est\u00e1 ligado a este joven m\u00e1rtir de una manera sorprendente, la santidad no es una cima reservada a unos pocos, sino un <strong>camino accesible para todos<\/strong>. Un camino que, muchas veces, comienza con un s\u00ed susurrado. O con una visita a un santuario.<\/p>\n<div class=\"link-article\">\n<p><img loading=\"lazy\" decoding=\"async\" class=\"alignleft size-full wp-image-13060\" src=\"https:\/\/blog.holyart.it\/es\/wp-content\/uploads\/sites\/13\/2026\/08\/Santuario-de-Padre-Pio.jpg\" alt=\"Santuario-de-Padre-P\u00edo\" width=\"150\" height=\"99\" data-kale-share-title=\"San Peregrino: historia del m\u00e1rtir que inspir\u00f3 a Padre P\u00edo\" data-kale-share-url=\"https:\/\/blog.holyart.it\/es\/?p=13057\" \/><\/p>\n<div class=\"leggi-anche\">Te puede interesar:<\/div>\n<p><strong><a href=\"https:\/\/www.holyart.es\/blog\/articulos-religiosos\/el-santuario-de-padre-pio-en-san-giovanni-rotondo\/\">El Santuario de Padre P\u00edo en San Giovanni Rotondo<\/a><\/strong><br \/>\n\u00bfQu\u00e9 impulsa a miles de personas a visitar el Santuario de Padre P\u00edo en San Giovanni&#8230;<\/p>\n<\/div>\n<h2>\u00bfQu\u00e9 santo es San Peregrino?<\/h2>\n<p>San Peregrino no era un hombre de poder ni un predicador carism\u00e1tico. Era un simple muchacho, nacido en una familia cristiana de humildes or\u00edgenes en el Vico Lannario, una de las callejuelas de la Roma imperial. En una \u00e9poca en la que declararse cristiano significaba a menudo firmar la propia condena a muerte, Peregrino <strong>eligi\u00f3 conscientemente vivir el Evangelio al pie de la letra<\/strong>. Visitaba a los pobres, cuidaba a los enfermos, sosten\u00eda espiritualmente a los prisioneros. No con sermones, sino con gestos concretos.<\/p>\n<p>Su lugar del coraz\u00f3n era el <strong>palacio Pudenciano<\/strong>, donde se reun\u00eda la comunidad cristiana. Una iglesia escondida en el coraz\u00f3n de la capital, mientras afuera rug\u00eda la tormenta del poder imperial. Era el tiempo de C\u00f3modo, el emperador que se cre\u00eda un dios. A Peregrino y a sus tres amigos, Eusebio, Ponciano y Vincenzo, se les pidi\u00f3 que lo reconocieran como tal. Ellos se negaron. Con dulce firmeza, con fe inquebrantable. Y por ello fueron <strong><a href=\"https:\/\/www.holyart.es\/blog\/santos-y-beatos\/santos-martires-sacrificar-la-propia-vida-en-el-nombre-de-dios\/\">martirizados<\/a> en el anfiteatro Flavio<\/strong>, el que hoy llamamos Coliseo.<\/p>\n<p>Era el 25 de agosto del a\u00f1o 192 d.C. Ante el juez Vitellio y la multitud romana, los cuatro j\u00f3venes fueron flagelados con l\u00e1tigos provistos de bolas de plomo sobre la \u201cpiedra maldita\u201d, un suplicio reservado a los criminales m\u00e1s infames. Pero para ellos fue el altar que los consagr\u00f3 a la santidad, elev\u00e1ndolos un poco m\u00e1s cerca del Cielo. Despu\u00e9s fueron abandonados para morir a lo largo de la v\u00eda Aurelia. El sacerdote Rufino, presente entre la multitud, recogi\u00f3 su sangre en cuatro ampollas. Aquel gesto sell\u00f3 su testimonio. Un acto de amor extremo que, a lo largo de los siglos, inspirar\u00eda a generaciones de creyentes.<\/p>\n<div class=\"link-article\">\n<p><img loading=\"lazy\" decoding=\"async\" class=\"alignleft size-full wp-image-13061\" src=\"https:\/\/blog.holyart.it\/es\/wp-content\/uploads\/sites\/13\/2026\/08\/santos-martires.jpg\" alt=\"santos-martires\" width=\"150\" height=\"99\" data-kale-share-title=\"San Peregrino: historia del m\u00e1rtir que inspir\u00f3 a Padre P\u00edo\" data-kale-share-url=\"https:\/\/blog.holyart.it\/es\/?p=13057\" \/><\/p>\n<div class=\"leggi-anche\">Te puede interesar:<\/div>\n<p><strong><a href=\"https:\/\/www.holyart.es\/blog\/santos-y-beatos\/santos-martires-sacrificar-la-propia-vida-en-el-nombre-de-dios\/\">Santos M\u00e1rtires: sacrificar la propia vida en el nombre de Dios<\/a><\/strong><br \/>\nLos Santos M\u00e1rtires son hombres y mujeres, a menudo muy j\u00f3venes, que sacrificaron&#8230;<\/p>\n<\/div>\n<p>La fama de San Peregrino, con el tiempo, atraves\u00f3 las murallas de Roma. Se difundi\u00f3 sobre todo en el sur de Italia, donde su nombre sigue siendo hoy sin\u00f3nimo de protecci\u00f3n y sanaci\u00f3n. No por casualidad es invocado a menudo como <strong>santo<\/strong> <strong>taumaturgo<\/strong>, capaz de interceder por quienes sufren, f\u00edsica o espiritualmente.<\/p>\n<h2>\u00bfD\u00f3nde vivi\u00f3 San Peregrino?<\/h2>\n<p>San Peregrino M\u00e1rtir vivi\u00f3 enteramente en el coraz\u00f3n de Roma, en una \u00e9poca en la que profesar la fe cristiana significaba vivir en la clandestinidad. Nacido en el Vico Lannario, una peque\u00f1a calle de la antigua ciudad, creci\u00f3 en una familia cristiana de modestas condiciones. Pero fue precisamente en esa sencillez donde floreci\u00f3 su vocaci\u00f3n.<\/p>\n<p>Frecuentaba la comunidad del palacio Pudenciano, uno de los pocos lugares donde los cristianos pod\u00edan reunirse antes de que el emperador C\u00f3modo desencadenara una nueva ola de persecuciones. Peregrino no predicaba desde los p\u00falpitos, sino en las casas y en las calles, visitando a los pobres, curando a los enfermos y consolando a los prisioneros. Era un ap\u00f3stol de la vida cotidiana, un testigo del Evangelio en los callejones del Imperio.<\/p>\n<h2>\u00bfCu\u00e1ndo se celebra San Peregrino?<\/h2>\n<p>La memoria lit\u00fargica de San Peregrino M\u00e1rtir se celebra el <strong>25 de agosto<\/strong>. En muchas localidades del sur de Italia, especialmente en <strong>Altavilla Irpina<\/strong>, es una gran fiesta. Procesiones, celebraciones, cantos populares y manifestaciones que entrelazan lo sagrado y lo profano, como ocurre a menudo en el coraz\u00f3n profundo de la Italia cristiana.<\/p>\n<p>El <strong>Santuario de Altavilla<\/strong> sigue siendo hoy un <strong><a href=\"https:\/\/www.holyart.es\/blog\/articulos-religiosos\/5-lugares-de-peregrinacion-a-los-que-acudir-al-menos-una-vez-en-la-vida\/\">destino de peregrinaci\u00f3n<\/a><\/strong>, no solo por la memoria del m\u00e1rtir, sino tambi\u00e9n por su v\u00ednculo con <a href=\"https:\/\/www.holyart.es\/ocasiones-especiales\/padre-pio?page=1\"><strong>Padre P\u00edo<\/strong><\/a>. Cada a\u00f1o, miles de fieles acuden all\u00ed para pedir una gracia, rezar o simplemente reencontrar el silencio y la paz.<\/p>\n<div class=\"link-product\">\n<div class=\"blocco-immagine\"><img loading=\"lazy\" decoding=\"async\" class=\"alignleft size-full wp-image-13065\" src=\"https:\/\/blog.holyart.it\/es\/wp-content\/uploads\/sites\/13\/2026\/08\/estatua-madera-natural-val-gardena-san-padre-pio-de-pietrelcina.jpg\" alt=\"estatua-madera-natural-val-gardena-san-padre-pio-de-pietrelcina\" width=\"100\" height=\"100\" data-kale-share-title=\"San Peregrino: historia del m\u00e1rtir que inspir\u00f3 a Padre P\u00edo\" data-kale-share-url=\"https:\/\/blog.holyart.it\/es\/?p=13057\" \/><\/div>\n<div class=\"blocco-contenuto\">\n<div class=\"blocco-acquista\">Comprar Ahora:<\/div>\n<div class=\"blocco-titolo\"><a href=\"https:\/\/www.holyart.es\/ocasiones-especiales\/padre-pio?page=1\">Padre P\u00edo<\/a><\/div>\n<div class=\"blocco-descrizione\">Art\u00edculos relativos al grande Santo Padre P\u00edo de Pietralcina<\/div>\n<\/div>\n<\/div>\n<h2>El milagro que inspir\u00f3 a Padre P\u00edo<\/h2>\n<p>Hay un detalle que hace la historia de San Peregrino a\u00fan m\u00e1s poderosa. Un puente inesperado entre el siglo II y el siglo XX. De ni\u00f1o, Francesco Forgione, el futuro Padre P\u00edo, visit\u00f3 el <strong>Santuario de San Peregrino en Altavilla Irpina<\/strong>, en la provincia de Avellino. Era solo un ni\u00f1o, pero aquella peregrinaci\u00f3n fue para \u00e9l el comienzo de algo. Seg\u00fan los relatos, en aquel lugar sagrado vivi\u00f3 su primera experiencia m\u00edstica, una especie de <em>milagro fundacional<\/em> de su vocaci\u00f3n.<\/p>\n<p>Es el amanecer del 25 de agosto de 1896. Pietrelcina a\u00fan duerme, pero dos figuras avanzan lentamente por el camino de tierra que conduce hacia Irpinia. Uno es Grazio Forgione, campesino de manos fuertes y coraz\u00f3n sencillo. El otro es su hijo Francisco, un ni\u00f1o de mirada atenta y silenciosa. Viajan a lomos de un asno, dirigidos a Altavilla Irpina, donde se celebra la f<strong>iesta de San Peregrino M\u00e1rtir<\/strong>. Para Grazio es un d\u00eda de devoci\u00f3n. Para Francisco ser\u00e1 mucho m\u00e1s. Al llegar al pueblo, las calles hierven de gente. La Colegiata de la Asunci\u00f3n ya est\u00e1 abarrotada: hombres, mujeres, ni\u00f1os y peregrinos de todos los rincones de Campania han acudido para honrar al santo taumaturgo en el d\u00eda de su martirio. El aire huele a incienso y sudor. Las campanas repican festivas. Padre e hijo se abren paso entre la multitud y, con una mezcla de esfuerzo y asombro, alcanzan el altar mayor. Francisco se arrodilla, con la mirada fija en la estatua del santo. Rezan. Las voces alrededor se vuelven cada vez m\u00e1s fuertes, casi molestas. Grazio, inc\u00f3modo, le susurra: <em>\u201cSalgamos, Ciccillo, hay demasiada confusi\u00f3n.\u201d<\/em> Pero el muchacho no se mueve. Tiene los ojos muy abiertos y la respiraci\u00f3n agitada.<br \/>\nDe repente, en la iglesia resuenan los gritos de una madre desesperada. Sostiene entre sus brazos a un ni\u00f1o deforme, con las piernas retorcidas y el rostro marcado por el sufrimiento. Llora, suplica, invoca al Santo. Luego, con un gesto desesperado, deja al peque\u00f1o en el suelo, justo delante del altar. El silencio cae de improviso, como un presagio.<br \/>\nY sucede lo inexplicable.<br \/>\nEl ni\u00f1o se levanta. Camina. Curado.<br \/>\nFrancisco permanece inm\u00f3vil, con el rostro surcado de l\u00e1grimas. No consigue hablar. Lo que ha visto le ha atravesado el alma. Algo ha cambiado dentro de \u00e9l, para siempre. En aquel d\u00eda de agosto, en una iglesia abarrotada de Irpinia, un ni\u00f1o se encontr\u00f3 con el misterio. Y respondi\u00f3 con un <em>s\u00ed<\/em> silencioso.<\/p>\n<p>A\u00f1os despu\u00e9s, convertido ya en <a href=\"https:\/\/www.holyart.es\/blog\/santos-y-beatos\/la-devocion-del-padre-pio-a-la-virgen-de-pompeya-y-el-don-de-la-rosa\/\"><strong>Padre P\u00edo<\/strong><\/a>, recordar\u00eda aquel momento como el <strong>origen de su camino espiritual<\/strong>. Hablaba de ello en voz baja, con pudor y gratitud. Tambi\u00e9n se lo confi\u00f3 al Padre Raffaele de Sant\u2019Elia a Pianisi, su confesor y una de las pocas personas a las que realmente abr\u00eda su coraz\u00f3n. Fue precisamente \u00e9l quien dijo: <em>\u201cAquel milagro fue una especie de anuncio de tantas cosas misteriosas que despu\u00e9s Dios realizar\u00eda a trav\u00e9s del futuro Padre P\u00edo.\u201d<\/em><\/p>\n<div class=\"link-article\">\n<p><img loading=\"lazy\" decoding=\"async\" class=\"alignleft size-thumbnail wp-image-13063\" src=\"https:\/\/blog.holyart.it\/es\/wp-content\/uploads\/sites\/13\/2026\/08\/La-devocion-del-Padre-Pio-150x99.jpeg\" alt=\"religion-padre pio\" width=\"150\" height=\"99\" data-kale-share-title=\"San Peregrino: historia del m\u00e1rtir que inspir\u00f3 a Padre P\u00edo\" data-kale-share-url=\"https:\/\/blog.holyart.it\/es\/?p=13057\" \/><\/p>\n<div class=\"leggi-anche\">Te puede interesar:<\/div>\n<p><strong><a href=\"https:\/\/www.holyart.es\/blog\/santos-y-beatos\/la-devocion-del-padre-pio-a-la-virgen-de-pompeya-y-el-don-de-la-rosa\/\">La devoci\u00f3n del Padre P\u00edo a la Virgen de Pompeya y el don de la rosa<\/a><\/strong><br \/>\nEl 5 de mayo se celebra la onom\u00e1stica del Santo de Pietrelcina. Descubrimos&#8230;<\/p>\n<\/div>\n<p>San Peregrino, por tanto, no fue solo un m\u00e1rtir de la antig\u00fcedad. Fue tambi\u00e9n la chispa que encendi\u00f3 la llama en uno de los santos m\u00e1s amados del siglo XX. Dos almas separadas por siglos, pero unidas por una misma l\u00f3gica de amor: la de la Cruz. Ambos vivieron en su carne el misterio del dolor redentor. Peregrino a trav\u00e9s del martirio; Padre P\u00edo a trav\u00e9s de los <strong>estigmas<\/strong>. Ambos afrontaron el sufrimiento no como una maldici\u00f3n, sino como un don. Una participaci\u00f3n concreta en el sacrificio de Cristo. Y es precisamente en esta comuni\u00f3n espiritual donde su santidad se fortalece, convirti\u00e9ndose en ejemplo vivo para quienes hoy buscan sentido en la prueba.<\/p>\n","protected":false},"excerpt":{"rendered":"<p>\u00bfQui\u00e9n era San Peregrino? Conocemos al joven m\u00e1rtir romano que desafi\u00f3 al emperador por amor al Evangelio y su v\u00ednculo con Padre P\u00edo \u00bfQui\u00e9n era San Peregrino? Esta pregunta parece banal, pero es un punto de partida fundamental para poder escribir este art\u00edculo. Con el&hellip;<\/p>\n","protected":false},"author":1,"featured_media":13058,"comment_status":"closed","ping_status":"open","sticky":false,"template":"","format":"standard","meta":{"_acf_changed":false,"footnotes":""},"categories":[7],"tags":[],"class_list":["post-13057","post","type-post","status-publish","format-standard","has-post-thumbnail","hentry","category-santos-y-beatos"],"acf":[],"yoast_head":"<!-- This site is optimized with the Yoast SEO plugin v26.6 - https:\/\/yoast.com\/wordpress\/plugins\/seo\/ -->\n<title>San Peregrino: historia del m\u00e1rtir que inspir\u00f3 a Padre P\u00edo - Holyart.es Blog<\/title>\n<meta name=\"description\" content=\"\u00bfQui\u00e9n era San Peregrino? Un muchacho cualquiera, con un valor fuera de lo com\u00fan. Un v\u00ednculo especial atraviesa los siglos: San Peregrino y Padre P\u00edo\" \/>\n<meta name=\"robots\" content=\"index, follow, max-snippet:-1, max-image-preview:large, max-video-preview:-1\" \/>\n<link rel=\"canonical\" href=\"https:\/\/blog.holyart.it\/es\/santos-y-beatos\/san-peregrino-historia-del-martir-que-inspiro-a-padre-pio\/\" \/>\n<meta property=\"og:locale\" content=\"es_ES\" \/>\n<meta property=\"og:type\" content=\"article\" \/>\n<meta property=\"og:title\" content=\"San Peregrino: historia del m\u00e1rtir que inspir\u00f3 a Padre P\u00edo - Holyart.es Blog\" \/>\n<meta property=\"og:description\" content=\"\u00bfQui\u00e9n era San Peregrino? Un muchacho cualquiera, con un valor fuera de lo com\u00fan. Un v\u00ednculo especial atraviesa los siglos: San Peregrino y Padre P\u00edo\" \/>\n<meta property=\"og:url\" content=\"https:\/\/blog.holyart.it\/es\/santos-y-beatos\/san-peregrino-historia-del-martir-que-inspiro-a-padre-pio\/\" \/>\n<meta property=\"og:site_name\" content=\"Holyart.es Blog\" \/>\n<meta property=\"article:published_time\" content=\"2026-08-26T08:00:36+00:00\" \/>\n<meta property=\"og:image\" content=\"https:\/\/blog.holyart.it\/es\/wp-content\/uploads\/sites\/13\/2026\/08\/San-Peregrino.jpg\" \/>\n\t<meta property=\"og:image:width\" content=\"1000\" \/>\n\t<meta property=\"og:image:height\" content=\"666\" \/>\n\t<meta property=\"og:image:type\" content=\"image\/jpeg\" \/>\n<meta name=\"author\" content=\"Redazione\" \/>\n<meta name=\"twitter:card\" content=\"summary_large_image\" \/>\n<meta name=\"twitter:label1\" content=\"Escrito por\" \/>\n\t<meta name=\"twitter:data1\" content=\"Redazione\" \/>\n\t<meta name=\"twitter:label2\" content=\"Tiempo de lectura\" \/>\n\t<meta name=\"twitter:data2\" content=\"10 minutos\" \/>\n<script type=\"application\/ld+json\" class=\"yoast-schema-graph\">{\"@context\":\"https:\/\/schema.org\",\"@graph\":[{\"@type\":\"Article\",\"@id\":\"https:\/\/blog.holyart.it\/es\/santos-y-beatos\/san-peregrino-historia-del-martir-que-inspiro-a-padre-pio\/#article\",\"isPartOf\":{\"@id\":\"https:\/\/blog.holyart.it\/es\/santos-y-beatos\/san-peregrino-historia-del-martir-que-inspiro-a-padre-pio\/\"},\"author\":{\"name\":\"Redazione\",\"@id\":\"https:\/\/blog.holyart.it\/es\/#\/schema\/person\/0a7b686e5af0f856ec1e390dd0baecda\"},\"headline\":\"San Peregrino: historia del m\u00e1rtir que inspir\u00f3 a Padre P\u00edo\",\"datePublished\":\"2026-08-26T08:00:36+00:00\",\"mainEntityOfPage\":{\"@id\":\"https:\/\/blog.holyart.it\/es\/santos-y-beatos\/san-peregrino-historia-del-martir-que-inspiro-a-padre-pio\/\"},\"wordCount\":1959,\"publisher\":{\"@id\":\"https:\/\/blog.holyart.it\/es\/#organization\"},\"image\":{\"@id\":\"https:\/\/blog.holyart.it\/es\/santos-y-beatos\/san-peregrino-historia-del-martir-que-inspiro-a-padre-pio\/#primaryimage\"},\"thumbnailUrl\":\"https:\/\/blog.holyart.it\/es\/wp-content\/uploads\/sites\/13\/2026\/08\/San-Peregrino.jpg\",\"articleSection\":[\"Santos y Beatos\"],\"inLanguage\":\"es\"},{\"@type\":\"WebPage\",\"@id\":\"https:\/\/blog.holyart.it\/es\/santos-y-beatos\/san-peregrino-historia-del-martir-que-inspiro-a-padre-pio\/\",\"url\":\"https:\/\/blog.holyart.it\/es\/santos-y-beatos\/san-peregrino-historia-del-martir-que-inspiro-a-padre-pio\/\",\"name\":\"San Peregrino: historia del m\u00e1rtir que inspir\u00f3 a Padre P\u00edo - Holyart.es Blog\",\"isPartOf\":{\"@id\":\"https:\/\/blog.holyart.it\/es\/#website\"},\"primaryImageOfPage\":{\"@id\":\"https:\/\/blog.holyart.it\/es\/santos-y-beatos\/san-peregrino-historia-del-martir-que-inspiro-a-padre-pio\/#primaryimage\"},\"image\":{\"@id\":\"https:\/\/blog.holyart.it\/es\/santos-y-beatos\/san-peregrino-historia-del-martir-que-inspiro-a-padre-pio\/#primaryimage\"},\"thumbnailUrl\":\"https:\/\/blog.holyart.it\/es\/wp-content\/uploads\/sites\/13\/2026\/08\/San-Peregrino.jpg\",\"datePublished\":\"2026-08-26T08:00:36+00:00\",\"description\":\"\u00bfQui\u00e9n era San Peregrino? Un muchacho cualquiera, con un valor fuera de lo com\u00fan. Un v\u00ednculo especial atraviesa los siglos: San Peregrino y Padre P\u00edo\",\"breadcrumb\":{\"@id\":\"https:\/\/blog.holyart.it\/es\/santos-y-beatos\/san-peregrino-historia-del-martir-que-inspiro-a-padre-pio\/#breadcrumb\"},\"inLanguage\":\"es\",\"potentialAction\":[{\"@type\":\"ReadAction\",\"target\":[\"https:\/\/blog.holyart.it\/es\/santos-y-beatos\/san-peregrino-historia-del-martir-que-inspiro-a-padre-pio\/\"]}]},{\"@type\":\"ImageObject\",\"inLanguage\":\"es\",\"@id\":\"https:\/\/blog.holyart.it\/es\/santos-y-beatos\/san-peregrino-historia-del-martir-que-inspiro-a-padre-pio\/#primaryimage\",\"url\":\"https:\/\/blog.holyart.it\/es\/wp-content\/uploads\/sites\/13\/2026\/08\/San-Peregrino.jpg\",\"contentUrl\":\"https:\/\/blog.holyart.it\/es\/wp-content\/uploads\/sites\/13\/2026\/08\/San-Peregrino.jpg\",\"width\":1000,\"height\":666,\"caption\":\"San Peregrino\"},{\"@type\":\"BreadcrumbList\",\"@id\":\"https:\/\/blog.holyart.it\/es\/santos-y-beatos\/san-peregrino-historia-del-martir-que-inspiro-a-padre-pio\/#breadcrumb\",\"itemListElement\":[{\"@type\":\"ListItem\",\"position\":1,\"name\":\"Homepage\",\"item\":\"https:\/\/blog.holyart.it\/es\/\"},{\"@type\":\"ListItem\",\"position\":2,\"name\":\"Santos y Beatos\",\"item\":\"https:\/\/blog.holyart.it\/es\/santos-y-beatos\/\"},{\"@type\":\"ListItem\",\"position\":3,\"name\":\"San Peregrino: historia del m\u00e1rtir que inspir\u00f3 a Padre P\u00edo\"}]},{\"@type\":\"WebSite\",\"@id\":\"https:\/\/blog.holyart.it\/es\/#website\",\"url\":\"https:\/\/blog.holyart.it\/es\/\",\"name\":\"Holyart.es Blog\",\"description\":\"Holyblog\",\"publisher\":{\"@id\":\"https:\/\/blog.holyart.it\/es\/#organization\"},\"potentialAction\":[{\"@type\":\"SearchAction\",\"target\":{\"@type\":\"EntryPoint\",\"urlTemplate\":\"https:\/\/blog.holyart.it\/es\/?s={search_term_string}\"},\"query-input\":{\"@type\":\"PropertyValueSpecification\",\"valueRequired\":true,\"valueName\":\"search_term_string\"}}],\"inLanguage\":\"es\"},{\"@type\":\"Organization\",\"@id\":\"https:\/\/blog.holyart.it\/es\/#organization\",\"name\":\"Holyart.es Blog\",\"url\":\"https:\/\/blog.holyart.it\/es\/\",\"logo\":{\"@type\":\"ImageObject\",\"inLanguage\":\"es\",\"@id\":\"https:\/\/blog.holyart.it\/es\/#\/schema\/logo\/image\/\",\"url\":\"https:\/\/blog.holyart.it\/es\/wp-content\/uploads\/sites\/13\/2022\/12\/Holyart_Blog_Logo.jpg\",\"contentUrl\":\"https:\/\/blog.holyart.it\/es\/wp-content\/uploads\/sites\/13\/2022\/12\/Holyart_Blog_Logo.jpg\",\"width\":300,\"height\":50,\"caption\":\"Holyart.es Blog\"},\"image\":{\"@id\":\"https:\/\/blog.holyart.it\/es\/#\/schema\/logo\/image\/\"}},{\"@type\":\"Person\",\"@id\":\"https:\/\/blog.holyart.it\/es\/#\/schema\/person\/0a7b686e5af0f856ec1e390dd0baecda\",\"name\":\"Redazione\",\"image\":{\"@type\":\"ImageObject\",\"inLanguage\":\"es\",\"@id\":\"https:\/\/blog.holyart.it\/es\/#\/schema\/person\/image\/\",\"url\":\"https:\/\/secure.gravatar.com\/avatar\/f477da817f43e50d0af36abecd33e3edf826c68299714bdc1057dff3b113f516?s=96&d=mm&r=g\",\"contentUrl\":\"https:\/\/secure.gravatar.com\/avatar\/f477da817f43e50d0af36abecd33e3edf826c68299714bdc1057dff3b113f516?s=96&d=mm&r=g\",\"caption\":\"Redazione\"}}]}<\/script>\n<!-- \/ Yoast SEO plugin. -->","yoast_head_json":{"title":"San Peregrino: historia del m\u00e1rtir que inspir\u00f3 a Padre P\u00edo - Holyart.es Blog","description":"\u00bfQui\u00e9n era San Peregrino? Un muchacho cualquiera, con un valor fuera de lo com\u00fan. Un v\u00ednculo especial atraviesa los siglos: San Peregrino y Padre P\u00edo","robots":{"index":"index","follow":"follow","max-snippet":"max-snippet:-1","max-image-preview":"max-image-preview:large","max-video-preview":"max-video-preview:-1"},"canonical":"https:\/\/blog.holyart.it\/es\/santos-y-beatos\/san-peregrino-historia-del-martir-que-inspiro-a-padre-pio\/","og_locale":"es_ES","og_type":"article","og_title":"San Peregrino: historia del m\u00e1rtir que inspir\u00f3 a Padre P\u00edo - Holyart.es Blog","og_description":"\u00bfQui\u00e9n era San Peregrino? Un muchacho cualquiera, con un valor fuera de lo com\u00fan. Un v\u00ednculo especial atraviesa los siglos: San Peregrino y Padre P\u00edo","og_url":"https:\/\/blog.holyart.it\/es\/santos-y-beatos\/san-peregrino-historia-del-martir-que-inspiro-a-padre-pio\/","og_site_name":"Holyart.es Blog","article_published_time":"2026-08-26T08:00:36+00:00","og_image":[{"width":1000,"height":666,"url":"https:\/\/blog.holyart.it\/es\/wp-content\/uploads\/sites\/13\/2026\/08\/San-Peregrino.jpg","type":"image\/jpeg"}],"author":"Redazione","twitter_card":"summary_large_image","twitter_misc":{"Escrito por":"Redazione","Tiempo de lectura":"10 minutos"},"schema":{"@context":"https:\/\/schema.org","@graph":[{"@type":"Article","@id":"https:\/\/blog.holyart.it\/es\/santos-y-beatos\/san-peregrino-historia-del-martir-que-inspiro-a-padre-pio\/#article","isPartOf":{"@id":"https:\/\/blog.holyart.it\/es\/santos-y-beatos\/san-peregrino-historia-del-martir-que-inspiro-a-padre-pio\/"},"author":{"name":"Redazione","@id":"https:\/\/blog.holyart.it\/es\/#\/schema\/person\/0a7b686e5af0f856ec1e390dd0baecda"},"headline":"San Peregrino: historia del m\u00e1rtir que inspir\u00f3 a Padre P\u00edo","datePublished":"2026-08-26T08:00:36+00:00","mainEntityOfPage":{"@id":"https:\/\/blog.holyart.it\/es\/santos-y-beatos\/san-peregrino-historia-del-martir-que-inspiro-a-padre-pio\/"},"wordCount":1959,"publisher":{"@id":"https:\/\/blog.holyart.it\/es\/#organization"},"image":{"@id":"https:\/\/blog.holyart.it\/es\/santos-y-beatos\/san-peregrino-historia-del-martir-que-inspiro-a-padre-pio\/#primaryimage"},"thumbnailUrl":"https:\/\/blog.holyart.it\/es\/wp-content\/uploads\/sites\/13\/2026\/08\/San-Peregrino.jpg","articleSection":["Santos y Beatos"],"inLanguage":"es"},{"@type":"WebPage","@id":"https:\/\/blog.holyart.it\/es\/santos-y-beatos\/san-peregrino-historia-del-martir-que-inspiro-a-padre-pio\/","url":"https:\/\/blog.holyart.it\/es\/santos-y-beatos\/san-peregrino-historia-del-martir-que-inspiro-a-padre-pio\/","name":"San Peregrino: historia del m\u00e1rtir que inspir\u00f3 a Padre P\u00edo - Holyart.es Blog","isPartOf":{"@id":"https:\/\/blog.holyart.it\/es\/#website"},"primaryImageOfPage":{"@id":"https:\/\/blog.holyart.it\/es\/santos-y-beatos\/san-peregrino-historia-del-martir-que-inspiro-a-padre-pio\/#primaryimage"},"image":{"@id":"https:\/\/blog.holyart.it\/es\/santos-y-beatos\/san-peregrino-historia-del-martir-que-inspiro-a-padre-pio\/#primaryimage"},"thumbnailUrl":"https:\/\/blog.holyart.it\/es\/wp-content\/uploads\/sites\/13\/2026\/08\/San-Peregrino.jpg","datePublished":"2026-08-26T08:00:36+00:00","description":"\u00bfQui\u00e9n era San Peregrino? Un muchacho cualquiera, con un valor fuera de lo com\u00fan. Un v\u00ednculo especial atraviesa los siglos: San Peregrino y Padre P\u00edo","breadcrumb":{"@id":"https:\/\/blog.holyart.it\/es\/santos-y-beatos\/san-peregrino-historia-del-martir-que-inspiro-a-padre-pio\/#breadcrumb"},"inLanguage":"es","potentialAction":[{"@type":"ReadAction","target":["https:\/\/blog.holyart.it\/es\/santos-y-beatos\/san-peregrino-historia-del-martir-que-inspiro-a-padre-pio\/"]}]},{"@type":"ImageObject","inLanguage":"es","@id":"https:\/\/blog.holyart.it\/es\/santos-y-beatos\/san-peregrino-historia-del-martir-que-inspiro-a-padre-pio\/#primaryimage","url":"https:\/\/blog.holyart.it\/es\/wp-content\/uploads\/sites\/13\/2026\/08\/San-Peregrino.jpg","contentUrl":"https:\/\/blog.holyart.it\/es\/wp-content\/uploads\/sites\/13\/2026\/08\/San-Peregrino.jpg","width":1000,"height":666,"caption":"San Peregrino"},{"@type":"BreadcrumbList","@id":"https:\/\/blog.holyart.it\/es\/santos-y-beatos\/san-peregrino-historia-del-martir-que-inspiro-a-padre-pio\/#breadcrumb","itemListElement":[{"@type":"ListItem","position":1,"name":"Homepage","item":"https:\/\/blog.holyart.it\/es\/"},{"@type":"ListItem","position":2,"name":"Santos y Beatos","item":"https:\/\/blog.holyart.it\/es\/santos-y-beatos\/"},{"@type":"ListItem","position":3,"name":"San Peregrino: historia del m\u00e1rtir que inspir\u00f3 a Padre P\u00edo"}]},{"@type":"WebSite","@id":"https:\/\/blog.holyart.it\/es\/#website","url":"https:\/\/blog.holyart.it\/es\/","name":"Holyart.es Blog","description":"Holyblog","publisher":{"@id":"https:\/\/blog.holyart.it\/es\/#organization"},"potentialAction":[{"@type":"SearchAction","target":{"@type":"EntryPoint","urlTemplate":"https:\/\/blog.holyart.it\/es\/?s={search_term_string}"},"query-input":{"@type":"PropertyValueSpecification","valueRequired":true,"valueName":"search_term_string"}}],"inLanguage":"es"},{"@type":"Organization","@id":"https:\/\/blog.holyart.it\/es\/#organization","name":"Holyart.es Blog","url":"https:\/\/blog.holyart.it\/es\/","logo":{"@type":"ImageObject","inLanguage":"es","@id":"https:\/\/blog.holyart.it\/es\/#\/schema\/logo\/image\/","url":"https:\/\/blog.holyart.it\/es\/wp-content\/uploads\/sites\/13\/2022\/12\/Holyart_Blog_Logo.jpg","contentUrl":"https:\/\/blog.holyart.it\/es\/wp-content\/uploads\/sites\/13\/2022\/12\/Holyart_Blog_Logo.jpg","width":300,"height":50,"caption":"Holyart.es Blog"},"image":{"@id":"https:\/\/blog.holyart.it\/es\/#\/schema\/logo\/image\/"}},{"@type":"Person","@id":"https:\/\/blog.holyart.it\/es\/#\/schema\/person\/0a7b686e5af0f856ec1e390dd0baecda","name":"Redazione","image":{"@type":"ImageObject","inLanguage":"es","@id":"https:\/\/blog.holyart.it\/es\/#\/schema\/person\/image\/","url":"https:\/\/secure.gravatar.com\/avatar\/f477da817f43e50d0af36abecd33e3edf826c68299714bdc1057dff3b113f516?s=96&d=mm&r=g","contentUrl":"https:\/\/secure.gravatar.com\/avatar\/f477da817f43e50d0af36abecd33e3edf826c68299714bdc1057dff3b113f516?s=96&d=mm&r=g","caption":"Redazione"}}]}},"_links":{"self":[{"href":"https:\/\/blog.holyart.it\/es\/wp-json\/wp\/v2\/posts\/13057","targetHints":{"allow":["GET"]}}],"collection":[{"href":"https:\/\/blog.holyart.it\/es\/wp-json\/wp\/v2\/posts"}],"about":[{"href":"https:\/\/blog.holyart.it\/es\/wp-json\/wp\/v2\/types\/post"}],"author":[{"embeddable":true,"href":"https:\/\/blog.holyart.it\/es\/wp-json\/wp\/v2\/users\/1"}],"replies":[{"embeddable":true,"href":"https:\/\/blog.holyart.it\/es\/wp-json\/wp\/v2\/comments?post=13057"}],"version-history":[{"count":4,"href":"https:\/\/blog.holyart.it\/es\/wp-json\/wp\/v2\/posts\/13057\/revisions"}],"predecessor-version":[{"id":13068,"href":"https:\/\/blog.holyart.it\/es\/wp-json\/wp\/v2\/posts\/13057\/revisions\/13068"}],"wp:featuredmedia":[{"embeddable":true,"href":"https:\/\/blog.holyart.it\/es\/wp-json\/wp\/v2\/media\/13058"}],"wp:attachment":[{"href":"https:\/\/blog.holyart.it\/es\/wp-json\/wp\/v2\/media?parent=13057"}],"wp:term":[{"taxonomy":"category","embeddable":true,"href":"https:\/\/blog.holyart.it\/es\/wp-json\/wp\/v2\/categories?post=13057"},{"taxonomy":"post_tag","embeddable":true,"href":"https:\/\/blog.holyart.it\/es\/wp-json\/wp\/v2\/tags?post=13057"}],"curies":[{"name":"wp","href":"https:\/\/api.w.org\/{rel}","templated":true}]}}