{"id":935,"date":"2019-03-20T15:50:02","date_gmt":"2019-03-20T14:50:02","guid":{"rendered":"https:\/\/blog.holyart.it\/de\/?p=935"},"modified":"2020-06-18T11:47:39","modified_gmt":"2020-06-18T09:47:39","slug":"erstkommunion-prinzen-und-prinzessinnen-fur-einen-tag-aber","status":"publish","type":"post","link":"https:\/\/blog.holyart.it\/de\/besondere-anlassen\/erstkommunion-prinzen-und-prinzessinnen-fur-einen-tag-aber\/","title":{"rendered":"Erstkommunion: Prinzen und Prinzessinnen f\u00fcr einen Tag, aber\u2026"},"content":{"rendered":"<p>Der Mai ist der Monat der Heiligen Kommunion.<\/p>\n<p>Die Erstkommunion ist einer der wichtigsten und wertvollsten Sakramente im Leben eines jungen Christen. Es wird der Moment gefeiert, in dem er oder sie zu ersten Mal am heiligen Abendmahl teilnehmen, der Messe in G\u00e4nze beiwohnen und den\u00a0 Leib unseres Herrn Jesus Christus vom Priester empfangen kann. Ein wirklich einzigartiger und unwiederbringlicher Moment, nicht nur f\u00fcr den jungen Gl\u00e4ubigen, der sich darauf mit einer langen Reise der Katechese vorbereitete, die zwei Jahre gedauert hat. Auch seine Familie, die dieses Ereignis traditionell zum Feiern nutzt.<\/p>\n<p>Doch wir sollten einen Moment innehalten und dar\u00fcber nachdenken, <a href=\"https:\/\/www.holyart.de\/blog\/devotionalien\/10-tipps-zur-organisation-einer-erstkommunion\/\"><strong>wie die Feiern der Erstkommunion heutzutage aussehen<\/strong><\/a>. Es ist wahr, der Tag der Erstkommunion sollte ein Fest im wahrsten Sinne des Wortes sein. Und als solches sollte es durch ein gro\u00dfes Mittagessen, zu dem Verwandte und Freunde, eingeladen sind und durch besondere Kleidung f\u00fcr den jungen Zelebranten gefeiert werden. Es ist jedoch notwendig sicherzustellen, dass all diese \u00e4u\u00dferen Elemente nicht den wahren Kern des Tages \u00fcberlagern, der im Mittelpunkt der Feier steht und die wahre spirituelle Bedeutung des Sakraments selbst nicht zu \u00fcberschatten.<\/p>\n<p>Allzu oft kommt es vor, dass die Erstkommunion zu einem gesellschaftlichen Ereignis verkommt, eine Chance f\u00fcr die Familien der Kinder, die sch\u00f6nen Kleider zu tragen und teure Bankette abzuhalten, oft verbunden mit sehr hohen Kosten. Aber sie verlieren aus den Augen, was wirklich z\u00e4hlt.<\/p>\n<p>Der \u00e4u\u00dferen Erscheinung wird bei diesem wertvollen Ereignis zu viel Bedeutung beigemessen und auf diese Weise wird die tiefsinnige und authentische spirituelle Bedeutung betrogen.<\/p>\n<p><img loading=\"lazy\" decoding=\"async\" class=\"aligncenter size-full wp-image-937\" src=\"https:\/\/blog.holyart.it\/de\/wp-content\/uploads\/sites\/12\/2019\/04\/Erstkommunion.jpg\" alt=\"Erstkommunion\" width=\"800\" height=\"533\" \/><\/p>\n<p>Es ist ein heikles Thema, denn es ist richtig, <a href=\"https:\/\/www.holyart.de\/besondere-anlassen\/erstkommunion\"><strong>die Erstkommunion<\/strong><\/a>, bei der das Kind zum ersten Mal das Abendmahl erh\u00e4lt, zu feiern, doch gleichzeitig ist es wichtig, es nicht zu \u00fcbertreiben.<\/p>\n<p>Einige Gemeinden versuchen, dieses Problem zu umgehen, indem sie wei\u00dfe Roben zum Ausleihen bereitstellen, die w\u00e4hrend der Zeremonie getragen werden m\u00fcssen. Die wei\u00dfe Robe dr\u00fcckt all die Einfachheit und Reinheit dieser neuen, jungen Christen aus, die das Abendmahl zum ersten Mal erhalten sollen. Es ist einfach \u00fcberw\u00e4ltigend, die \u00fcbertriebene Kleidung zu sehen, die einige Kinder, insbesondere M\u00e4dchen, zu dieser gro\u00dfartigen Gelegenheit tragen. Geben Sie nur \u201eKommunionskleid\u201c in eine Suchmaschine ein und sie werden unz\u00e4hlige verbl\u00fcffende Bilder sehen. Spitze und R\u00fcschen, die besser zu einer Disneyprinzessin passen, als zu jemandem, der am Ende einer tiefen, bedeutungsvollen und spirituellen menschlichen Reise angekommen ist.<\/p>\n<p>Doch es gibt noch mehr, was vor allem M\u00e4dchen betrifft. Zu oft tragen sie zur Erstkommunion \u00fcbertriebene Frisuren und zu viel Make-up, das v\u00f6llig fehl am Platz ist. Es ist wahr, wir leben in einer Umgebung, in der das \u00c4u\u00dfere den sozialen Status bestimmt, in der Kinder st\u00e4ndig damit konfrontiert werden, dass sie bestimmt \u00e4sthetische Vorstellungen erf\u00fcllen m\u00fcssen, weil sie sonst von Gleichaltrigen nicht wahrgenommen und wertgesch\u00e4tzt werden. Die meisten dieser Bilder stammen aus den Medien, aus der Welt des Entertainments, die keine R\u00fccksicht darauf nimmt, wie jung, schutzlos und formbar ihre Zuschauer oft sind. Ihre Selbstwahrnehmung wird unab\u00e4nderlich von solchen Modellen beeinflusst. Oft sind es auch die M\u00fctter, die ihre T\u00f6chter in kleine, gutangezogene, leicht eingebildete M\u00e4dchen verwandeln wollen, die ihr Modebewusstsein unbedingt zeigen m\u00fcssen. Das Ergebnis ist das gleiche.<\/p>\n<p>An einem Tag, an dem es um Reinheit und Unschuld gehen sollte, um spirituelle Aufrichtigkeit und ein neues, frisches Bewusstsein des eigenen Christ-seins, sehen die meisten Kinder aus wie Models aus einer Zeitschrift oder aus einem Cartoon oder noch schlimmer, wie Miniaturpaare.<\/p>\n<p>Neben der absolut falschen Botschaft, die von solchen Begebenheiten ausgeht, gibt es ein tiefgreifendes Missverst\u00e4ndnis, besonders der Rolle der Familie und des Wertes des Sakraments, das gefeiert werden soll. Und wenn bestimmte Werte nicht von Erwachsenen akzeptiert werden, wie k\u00f6nnen wir dann erwarten, dass Kinder sie akzeptieren?<\/p>\n<h2>Holyart Kleidung: Sch\u00f6n, aber dennoch passend f\u00fcr die Erstkommunion<\/h2>\n<p><img loading=\"lazy\" decoding=\"async\" class=\"aligncenter size-full wp-image-938\" src=\"https:\/\/blog.holyart.it\/de\/wp-content\/uploads\/sites\/12\/2019\/04\/Erstkommunion-Holyart.jpg\" alt=\"Erstkommunion - Holyart\" width=\"800\" height=\"533\" \/><\/p>\n<p>Es gibt passende (und weniger teure) Alternativen zu Spitze, R\u00fcschen, Ausschnitten und Designerkleidung.<\/p>\n<p>Auch wenn Sie nicht auf die oben genannten Leih-Tuniken zur\u00fcckgreifen m\u00f6chten, die nicht in allen Gemeinden angeboten werden, gibt es <a href=\"https:\/\/www.holyart.de\/besondere-anlassen\/erstkommunion\/erstkommunion-alben\"><strong><u>Kleidung f\u00fcr die Erstkommunion<\/u><\/strong><\/a>, die sch\u00f6n, gut verpackt und vor allem f\u00fcr die bevorstehende Zeremonie geeignet ist. Im <strong>Katalog von Holyart<\/strong> finden Sie verschiedene Arten, mit einer Reihe von M\u00f6glichkeiten und Kombinationen, die f\u00fcr jedes Kind und jede Anforderung geeignet sind. Diese sind in verschiedenen Gr\u00f6\u00dfen erh\u00e4ltlich, die sich leicht identifizieren lassen, da sie in cm angezeigt werden.<\/p>\n<p>Es beginnt mit <a href=\"https:\/\/www.holyart.de\/besondere-anlassen\/erstkommunion\/erstkommunion-alben?58%5B%5D=1962&amp;p_min=&amp;p_max=\"><strong>Unisex-Tuniken<\/strong><\/a>, die passend sind f\u00fcr Jungen und M\u00e4dchen. Sie sehen jenen \u00e4hnlich, die die Messdiener w\u00e4hrend der Messe tragen. Au\u00dferdem gibt es zwei Modelle, die spezieller auf Jungen beziehungsweise auf M\u00e4dchen zugeschnitten sind. Es handelt sich um Kleider f\u00fcr die Erstkommunion, die vollst\u00e4ndig in Italien von Handwerksbetrieben hergestellt werden, einige sind sehr einfach und gerade geschnitten, andere haben Falten oder Bundfalten (breite Falten, die gew\u00f6hnlich auf der R\u00fcckseite der Soutane platziert sind), die sie angenehmer zu tragen machen, und die Figur besser umspielen, mit Goldr\u00e4ndern oder Stickerei.<\/p>\n<p>Das Stoffangebot reicht von Baumwolle bis zu Polyester, die Farbe ist fast immer wei\u00df, in all seinen Schattierungen, von Elfenbein bis hin zu Schneewei\u00df. Die Stickereien gibt es in einer breiten Palette von Variationen, von einfachen goldenen R\u00e4ndern, die den Saum des Kleides und der \u00c4rmel schm\u00fccken, bis hin zu komplexeren Stickereien, zum Beispiel in Form eines Kreuzes, das die gesamte Brust bedeckt. Einige unserer Erstkommunionskleider werden auch mit einem Schulterblatt bereichert, einem Stoffstreifen mit einer \u00d6ffnung f\u00fcr den Kopf, der auf der Brust und dem R\u00fccken sitzt, den einige religi\u00f6se Orden \u00fcber dem priesterlichen Gewand tragen, mit Gold umrandet oder mit Stickereien verziert . Andere haben zus\u00e4tzliche dekorative Elemente, wie das Modell, das durch eine Stola verziert wird, auf der ein Bienenwabenkreuz gestickt ist. Bei anderen sind die Kanten mit Gallonen verziert, die wie ein Band aus ineinander verschlungenen Seidenf\u00e4den aussehen, normalerweise in Gold oder Rot.<\/p>\n<p>Eine interessante Variante ist die Tarcisiana, ein wei\u00dfes Kleid, \u00e4hnlich einem Ballkleid, jedoch dekoriert mit zwei vertikalen roten Streifen, die von den Schultern hinab f\u00fchren. Der Name des Kleides kommt von Sankt Tarzisius, dem Schutzpatron der Messdiener.<\/p>\n<p>Die Schlichtheit dieser Kleidung schlie\u00dft nicht die M\u00f6glichkeit aus, sie mit einer Reihe von speziell daf\u00fcr entworfenen Accessoires noch sch\u00f6ner zu machen, um den Effekt vollkommen zu machen. Wir meinen damit Gegenst\u00e4nde, die mit der Feierlichkeit in Verbindung stehen, die man feiert: Kreuze, Stirnb\u00e4nder, Kronen aus Stoffblumen und G\u00fcrtel, mit denen die Tuniken zu binden sind.<\/p>\n<p>Die Kleidung wird durch ein sch\u00f6nes <a href=\"https:\/\/www.holyart.de\/besondere-anlassen\/erstkommunion\/erstkommunion-alben?59%5B%5D=1965&amp;p_min=&amp;p_max=%20%22\"><strong>Erstkommunionskreuz<\/strong><\/a> erg\u00e4nzt, vielleicht aus Olivenholz, einfach und f\u00fcr Kinder in diesem Alter geeignet. Denn nichts ist sch\u00f6ner als Unschuld, um einen solchen besonderen Tag zu feiern.\u00a0Im Folgenden pr\u00e4sentieren wir die Produkte, die wir beschrieben haben \u2013 alle sind auf unserer Website verf\u00fcgbar!<\/p>\n<div class=\"sp-styles-warning\" style=\"width: 450px; background-color: #FFF; color: #F00; border: 1px solid #F00; padding: 10px; font-size: 14px;\">\n\t\t\t<span style=\"font-weight: bold;\">Warning: The stylesheets were not loaded!<\/span> \n\t\t\tYou will need to change the <i>Load stylesheets<\/i> setting from <i>Automatically<\/i> to <i>On homepage<\/i> or <i>On all pages<\/i>. \n\t\t\tYou can set that <a style=\"text-decoration: underline; color: #F00;\" href=\"https:\/\/blog.holyart.it\/de\/wp-admin\/admin.php?page=sliderpro-settings\">here<\/a>.\n\t\t\t<\/div>\r\n<div id=\"slider-pro-7\" class=\"slider-pro sp-no-js\" style=\"width: 500px; height: 500px;\">\r\n\t<div class=\"sp-slides\">\r\n\t\t\r\n\t\t<div class=\"sp-slide\">\r\n\t\t\t<img loading=\"lazy\" decoding=\"async\" class=\"sp-image\" src=\"https:\/\/blog.holyart.it\/de\/wp-content\/uploads\/sites\/12\/2019\/04\/Erstkommunionalbe-in-der-Farbe-wei\u00df-Skapulier-mit-Borte-und-Kreuzstickerei.jpg\" alt=\"Erstkommunionalbe in der Farbe wei\u00df Skapulier mit Borte und Kreuzstickerei\" width=\"500\" height=\"500\" \/>\r\n\t\t\t<div class=\"sp-thumbnail\"><img decoding=\"async\" src=\"https:\/\/blog.holyart.it\/de\/wp-content\/uploads\/sites\/12\/2019\/04\/Erstkommunionalbe-in-der-Farbe-wei\u00df-Skapulier-mit-Borte-und-Kreuzstickerei-150x150.jpg\" \/>\r\n\t\t\t<\/div>\r\n\t\t\t<div class=\"sp-caption\">Erstkommunionalbe, in der Farbe wei\u00df, aus 100% Polyester. Das Skapulier ist mit einer Borte und einer zweifarbigen Kreuzstickerei verziert. Die Erstkommunionalbe wird vollst\u00e4ndig in Italien aus Materialien ausschlie\u00dflich italienischen Ursprungs gefertigt. <BR \/> <strong><a href=\"https:\/\/www.holyart.de\/besondere-anlassen\/erstkommunion\/erstkommunion-alben\/erstkommunionalbe-in-der-farbe-weiss-skapulier-mit-borte-und-kreuzstickerei\">Bei Holyart kaufen<\/a><\/strong><\/div>\r\n\t\t<\/div>\r\n\t\t<div class=\"sp-slide\">\r\n\t\t\t<img loading=\"lazy\" decoding=\"async\" class=\"sp-image\" src=\"https:\/\/blog.holyart.it\/de\/wp-content\/uploads\/sites\/12\/2019\/04\/Erstkommunionalbe-mit-2-roten-Borten.jpg\" alt=\"Erstkommunionalbe mit 2 roten Borten\" width=\"500\" height=\"500\" \/>\r\n\t\t\t<div class=\"sp-thumbnail\"><img decoding=\"async\" src=\"https:\/\/blog.holyart.it\/de\/wp-content\/uploads\/sites\/12\/2019\/04\/Erstkommunionalbe-mit-2-roten-Borten-150x150.jpg\" \/>\r\n\t\t\t<\/div>\r\n\t\t\t<div class=\"sp-caption\">Die Erstkommunionalbe ist mit 2 roten Borten auf der Vorder- und R\u00fcckseite verziert. Die Erstkommunionalbe wird vollst\u00e4ndig in einem italienischen Atelier gefertigt, dass auf eine langj\u00e4hrige Erfahrung zur\u00fcckblicken kann, wodurch ein Qualit\u00e4tsprodukt garantiert werden kann. <BR \/> <strong><a href=\"https:\/\/www.holyart.de\/besondere-anlassen\/erstkommunion\/erstkommunion-alben\/erstkommunionalbe-mit-2-roten-borten\">Bei Holyart kaufen<\/a><\/strong><\/div>\r\n\t\t<\/div>\r\n\t\t<div class=\"sp-slide\">\r\n\t\t\t<img loading=\"lazy\" decoding=\"async\" class=\"sp-image\" src=\"https:\/\/blog.holyart.it\/de\/wp-content\/uploads\/sites\/12\/2019\/04\/Erstkommunionalbe-in-der-Farbe-wei\u00df-mit-roten-Borten.jpg\" alt=\"Erstkommunionalbe in der Farbe wei\u00df mit roten Borten\" width=\"500\" height=\"500\" \/>\r\n\t\t\t<div class=\"sp-thumbnail\"><img decoding=\"async\" src=\"https:\/\/blog.holyart.it\/de\/wp-content\/uploads\/sites\/12\/2019\/04\/Erstkommunionalbe-in-der-Farbe-wei\u00df-mit-roten-Borten-150x150.jpg\" \/>\r\n\t\t\t<\/div>\r\n\t\t\t<div class=\"sp-caption\">Tarcisiana f\u00fcr Erstkommunion. Eine elegante Tunika von italienischen Schneidern. Die wei\u00dfe Tunika mit roten R\u00e4ndern ist aus Polyester und hergestellt in Italien. Die Tunika ist in verschiedenen Standardgr\u00f6\u00dfen erh\u00e4ltlich, die auf der L\u00e4nge der Tunika basieren (gemessen von der Schulter bis zu den F\u00fc\u00dfen). <BR \/> <strong><a href=\"https:\/\/www.holyart.de\/besondere-anlassen\/erstkommunion\/erstkommunion-alben\/erstkommunionalbe-in-der-farbe-weiss-mit-roten-borten\">Bei Holyart kaufen<\/a><\/strong><\/div>\r\n\t\t<\/div>\r\n\t\t<div class=\"sp-slide\">\r\n\t\t\t<img loading=\"lazy\" decoding=\"async\" class=\"sp-image\" src=\"https:\/\/blog.holyart.it\/de\/wp-content\/uploads\/sites\/12\/2019\/04\/Haarreif-f\u00fcr-Erstkommunion-mit-Bl\u00fctenschmuck.jpg\" alt=\"Haarreif f\u00fcr Erstkommunion mit Bl\u00fctenschmuck\" width=\"500\" height=\"500\" \/>\r\n\t\t\t<div class=\"sp-thumbnail\"><img decoding=\"async\" src=\"https:\/\/blog.holyart.it\/de\/wp-content\/uploads\/sites\/12\/2019\/04\/Haarreif-f\u00fcr-Erstkommunion-mit-Bl\u00fctenschmuck-150x150.jpg\" \/>\r\n\t\t\t<\/div>\r\n\t\t\t<div class=\"sp-caption\">Haarreif f\u00fcr Erstkommunion, mit Bl\u00fctenschmuck. Der Haarreif besteht aus einem Kunststoffreif, der mit einem Stoffband umwickelt ist. Auf diesen sind die Bl\u00fcten aufgesetzt.Der Haarreif wird in einer italienischen Werkstatt hergestellt. <BR \/> <strong><a href=\"https:\/\/www.holyart.de\/besondere-anlassen\/erstkommunion\/erstkommunion-alben\/haarreif-fur-erstkommunion-mit-blutenschmuck\">Bei Holyart kaufen<\/a><\/strong><\/div>\r\n\t\t<\/div>\r\n\t\t<div class=\"sp-slide\">\r\n\t\t\t<img loading=\"lazy\" decoding=\"async\" class=\"sp-image\" src=\"https:\/\/blog.holyart.it\/de\/wp-content\/uploads\/sites\/12\/2019\/04\/Haarreif-mit-Bl\u00fcten-f\u00fcr-Erstkommunion.jpg\" alt=\"Haarreif mit Bl\u00fcten f\u00fcr Erstkommunion\" width=\"500\" height=\"500\" \/>\r\n\t\t\t<div class=\"sp-thumbnail\"><img decoding=\"async\" src=\"https:\/\/blog.holyart.it\/de\/wp-content\/uploads\/sites\/12\/2019\/04\/Haarreif-mit-Bl\u00fcten-f\u00fcr-Erstkommunion-150x150.jpg\" \/>\r\n\t\t\t<\/div>\r\n\t\t\t<div class=\"sp-caption\">Accessoires f\u00fcr die Erstkommunion: Haarreif mit Bl\u00fcten. Der mit Bl\u00fcten geschm\u00fcckte Haarreif f\u00fcr M\u00e4dchen eignet sich als Accessoire f\u00fcr eine Erstkommunionalbe. <BR \/> <strong><a href=\"https:\/\/www.holyart.de\/besondere-anlassen\/erstkommunion\/erstkommunion-alben\/haarreif-mit-bluten-fur-erstkommunion\">Bei Holyart kaufen<\/a><\/strong><\/div>\r\n\t\t<\/div>\r\n\t\t<div class=\"sp-slide\">\r\n\t\t\t<img loading=\"lazy\" decoding=\"async\" class=\"sp-image\" src=\"https:\/\/blog.holyart.it\/de\/wp-content\/uploads\/sites\/12\/2019\/04\/Zingulum-mit-Knoten-f\u00fcr-Erstkommunion.jpg\" alt=\"Zingulum mit Knoten f\u00fcr Erstkommunion\" width=\"500\" height=\"500\" \/>\r\n\t\t\t<div class=\"sp-thumbnail\"><img decoding=\"async\" src=\"https:\/\/blog.holyart.it\/de\/wp-content\/uploads\/sites\/12\/2019\/04\/Zingulum-mit-Knoten-f\u00fcr-Erstkommunion-150x150.jpg\" \/>\r\n\t\t\t<\/div>\r\n\t\t\t<div class=\"sp-caption\">Accessoires f\u00fcr die Erstkommunion: Zingulum mit Knoten. Das Zingulum wird vollst\u00e4ndig in Italien gefertigt. Hergestellt aus 100% Seide. <BR \/> <strong><a href=\"https:\/\/www.holyart.de\/besondere-anlassen\/erstkommunion\/erstkommunion-alben\/zingulum-mit-knoten-fur-erstkommunion\">Bei Holyart kaufen<\/a><\/strong><\/div>\r\n\t\t<\/div>\r\n\t<\/div>\r\n<\/div>\n","protected":false},"excerpt":{"rendered":"<p>Der Mai ist der Monat der Heiligen Kommunion. Die Erstkommunion ist einer der wichtigsten und wertvollsten Sakramente im Leben eines jungen Christen. Es wird der Moment gefeiert, in dem er oder sie zu ersten Mal am heiligen Abendmahl teilnehmen, der Messe in G\u00e4nze beiwohnen und&hellip;<\/p>\n","protected":false},"author":1,"featured_media":936,"comment_status":"closed","ping_status":"open","sticky":false,"template":"","format":"standard","meta":{"_acf_changed":false,"footnotes":""},"categories":[14],"tags":[],"class_list":["post-935","post","type-post","status-publish","format-standard","has-post-thumbnail","hentry","category-besondere-anlassen"],"acf":[],"yoast_head":"<!-- This site is optimized with the Yoast SEO plugin v26.6 - https:\/\/yoast.com\/wordpress\/plugins\/seo\/ -->\n<title>Erstkommunion: Prinzen und Prinzessinnen, aber\u2026<\/title>\n<meta name=\"robots\" content=\"index, follow, max-snippet:-1, max-image-preview:large, max-video-preview:-1\" \/>\n<link rel=\"canonical\" href=\"https:\/\/blog.holyart.it\/de\/besondere-anlassen\/erstkommunion-prinzen-und-prinzessinnen-fur-einen-tag-aber\/\" \/>\n<meta property=\"og:locale\" content=\"de_DE\" \/>\n<meta property=\"og:type\" content=\"article\" \/>\n<meta property=\"og:title\" content=\"Erstkommunion: Prinzen und Prinzessinnen, aber\u2026\" \/>\n<meta property=\"og:description\" content=\"Der Mai ist der Monat der Heiligen Kommunion. Die Erstkommunion ist einer der wichtigsten und wertvollsten Sakramente im Leben eines jungen Christen. Es wird der Moment gefeiert, in dem er oder sie zu ersten Mal am heiligen Abendmahl teilnehmen, der Messe in G\u00e4nze beiwohnen und&hellip;\" \/>\n<meta property=\"og:url\" content=\"https:\/\/blog.holyart.it\/de\/besondere-anlassen\/erstkommunion-prinzen-und-prinzessinnen-fur-einen-tag-aber\/\" \/>\n<meta property=\"og:site_name\" content=\"Holyart.de Blog\" \/>\n<meta property=\"article:published_time\" content=\"2019-03-20T14:50:02+00:00\" \/>\n<meta property=\"article:modified_time\" content=\"2020-06-18T09:47:39+00:00\" \/>\n<meta property=\"og:image\" content=\"https:\/\/blog.holyart.it\/de\/wp-content\/uploads\/sites\/12\/2019\/04\/Erstkommunion-Prinzen-und-Prinzessinnen-f\u00fcr-einen-Tag-aber\u2026.jpg\" \/>\n\t<meta property=\"og:image:width\" content=\"1000\" \/>\n\t<meta property=\"og:image:height\" content=\"666\" \/>\n\t<meta property=\"og:image:type\" content=\"image\/jpeg\" \/>\n<meta name=\"author\" content=\"Redazione\" \/>\n<meta name=\"twitter:card\" content=\"summary_large_image\" \/>\n<meta name=\"twitter:label1\" content=\"Verfasst von\" \/>\n\t<meta name=\"twitter:data1\" content=\"Redazione\" \/>\n\t<meta name=\"twitter:label2\" content=\"Gesch\u00e4tzte Lesezeit\" \/>\n\t<meta name=\"twitter:data2\" content=\"6\u00a0Minuten\" \/>\n<script type=\"application\/ld+json\" class=\"yoast-schema-graph\">{\"@context\":\"https:\/\/schema.org\",\"@graph\":[{\"@type\":\"Article\",\"@id\":\"https:\/\/blog.holyart.it\/de\/besondere-anlassen\/erstkommunion-prinzen-und-prinzessinnen-fur-einen-tag-aber\/#article\",\"isPartOf\":{\"@id\":\"https:\/\/blog.holyart.it\/de\/besondere-anlassen\/erstkommunion-prinzen-und-prinzessinnen-fur-einen-tag-aber\/\"},\"author\":{\"name\":\"Redazione\",\"@id\":\"https:\/\/blog.holyart.it\/de\/#\/schema\/person\/0a7b686e5af0f856ec1e390dd0baecda\"},\"headline\":\"Erstkommunion: Prinzen und Prinzessinnen f\u00fcr einen Tag, aber\u2026\",\"datePublished\":\"2019-03-20T14:50:02+00:00\",\"dateModified\":\"2020-06-18T09:47:39+00:00\",\"mainEntityOfPage\":{\"@id\":\"https:\/\/blog.holyart.it\/de\/besondere-anlassen\/erstkommunion-prinzen-und-prinzessinnen-fur-einen-tag-aber\/\"},\"wordCount\":1175,\"publisher\":{\"@id\":\"https:\/\/blog.holyart.it\/de\/#organization\"},\"image\":{\"@id\":\"https:\/\/blog.holyart.it\/de\/besondere-anlassen\/erstkommunion-prinzen-und-prinzessinnen-fur-einen-tag-aber\/#primaryimage\"},\"thumbnailUrl\":\"https:\/\/blog.holyart.it\/de\/wp-content\/uploads\/sites\/12\/2019\/04\/Erstkommunion-Prinzen-und-Prinzessinnen-f\u00fcr-einen-Tag-aber\u2026.jpg\",\"articleSection\":[\"Besondere Anl\u00e4ssen\"],\"inLanguage\":\"de\"},{\"@type\":\"WebPage\",\"@id\":\"https:\/\/blog.holyart.it\/de\/besondere-anlassen\/erstkommunion-prinzen-und-prinzessinnen-fur-einen-tag-aber\/\",\"url\":\"https:\/\/blog.holyart.it\/de\/besondere-anlassen\/erstkommunion-prinzen-und-prinzessinnen-fur-einen-tag-aber\/\",\"name\":\"Erstkommunion: Prinzen und Prinzessinnen, aber\u2026\",\"isPartOf\":{\"@id\":\"https:\/\/blog.holyart.it\/de\/#website\"},\"primaryImageOfPage\":{\"@id\":\"https:\/\/blog.holyart.it\/de\/besondere-anlassen\/erstkommunion-prinzen-und-prinzessinnen-fur-einen-tag-aber\/#primaryimage\"},\"image\":{\"@id\":\"https:\/\/blog.holyart.it\/de\/besondere-anlassen\/erstkommunion-prinzen-und-prinzessinnen-fur-einen-tag-aber\/#primaryimage\"},\"thumbnailUrl\":\"https:\/\/blog.holyart.it\/de\/wp-content\/uploads\/sites\/12\/2019\/04\/Erstkommunion-Prinzen-und-Prinzessinnen-f\u00fcr-einen-Tag-aber\u2026.jpg\",\"datePublished\":\"2019-03-20T14:50:02+00:00\",\"dateModified\":\"2020-06-18T09:47:39+00:00\",\"breadcrumb\":{\"@id\":\"https:\/\/blog.holyart.it\/de\/besondere-anlassen\/erstkommunion-prinzen-und-prinzessinnen-fur-einen-tag-aber\/#breadcrumb\"},\"inLanguage\":\"de\",\"potentialAction\":[{\"@type\":\"ReadAction\",\"target\":[\"https:\/\/blog.holyart.it\/de\/besondere-anlassen\/erstkommunion-prinzen-und-prinzessinnen-fur-einen-tag-aber\/\"]}]},{\"@type\":\"ImageObject\",\"inLanguage\":\"de\",\"@id\":\"https:\/\/blog.holyart.it\/de\/besondere-anlassen\/erstkommunion-prinzen-und-prinzessinnen-fur-einen-tag-aber\/#primaryimage\",\"url\":\"https:\/\/blog.holyart.it\/de\/wp-content\/uploads\/sites\/12\/2019\/04\/Erstkommunion-Prinzen-und-Prinzessinnen-f\u00fcr-einen-Tag-aber\u2026.jpg\",\"contentUrl\":\"https:\/\/blog.holyart.it\/de\/wp-content\/uploads\/sites\/12\/2019\/04\/Erstkommunion-Prinzen-und-Prinzessinnen-f\u00fcr-einen-Tag-aber\u2026.jpg\",\"width\":1000,\"height\":666,\"caption\":\"Erstkommunion Prinzen und Prinzessinnen f\u00fcr einen Tag, aber\u2026\"},{\"@type\":\"BreadcrumbList\",\"@id\":\"https:\/\/blog.holyart.it\/de\/besondere-anlassen\/erstkommunion-prinzen-und-prinzessinnen-fur-einen-tag-aber\/#breadcrumb\",\"itemListElement\":[{\"@type\":\"ListItem\",\"position\":1,\"name\":\"Homepage\",\"item\":\"https:\/\/blog.holyart.it\/de\/\"},{\"@type\":\"ListItem\",\"position\":2,\"name\":\"Besondere Anl\u00e4ssen\",\"item\":\"https:\/\/blog.holyart.it\/de\/besondere-anlassen\/\"},{\"@type\":\"ListItem\",\"position\":3,\"name\":\"Erstkommunion: Prinzen und Prinzessinnen f\u00fcr einen Tag, aber\u2026\"}]},{\"@type\":\"WebSite\",\"@id\":\"https:\/\/blog.holyart.it\/de\/#website\",\"url\":\"https:\/\/blog.holyart.it\/de\/\",\"name\":\"Holyart.de Blog\",\"description\":\"Holyblog\",\"publisher\":{\"@id\":\"https:\/\/blog.holyart.it\/de\/#organization\"},\"potentialAction\":[{\"@type\":\"SearchAction\",\"target\":{\"@type\":\"EntryPoint\",\"urlTemplate\":\"https:\/\/blog.holyart.it\/de\/?s={search_term_string}\"},\"query-input\":{\"@type\":\"PropertyValueSpecification\",\"valueRequired\":true,\"valueName\":\"search_term_string\"}}],\"inLanguage\":\"de\"},{\"@type\":\"Organization\",\"@id\":\"https:\/\/blog.holyart.it\/de\/#organization\",\"name\":\"Holyart.de Blog\",\"url\":\"https:\/\/blog.holyart.it\/de\/\",\"logo\":{\"@type\":\"ImageObject\",\"inLanguage\":\"de\",\"@id\":\"https:\/\/blog.holyart.it\/de\/#\/schema\/logo\/image\/\",\"url\":\"https:\/\/blog.holyart.it\/de\/wp-content\/uploads\/sites\/12\/2022\/12\/Holyart_Blog_Logo.jpg\",\"contentUrl\":\"https:\/\/blog.holyart.it\/de\/wp-content\/uploads\/sites\/12\/2022\/12\/Holyart_Blog_Logo.jpg\",\"width\":300,\"height\":50,\"caption\":\"Holyart.de Blog\"},\"image\":{\"@id\":\"https:\/\/blog.holyart.it\/de\/#\/schema\/logo\/image\/\"}},{\"@type\":\"Person\",\"@id\":\"https:\/\/blog.holyart.it\/de\/#\/schema\/person\/0a7b686e5af0f856ec1e390dd0baecda\",\"name\":\"Redazione\",\"image\":{\"@type\":\"ImageObject\",\"inLanguage\":\"de\",\"@id\":\"https:\/\/blog.holyart.it\/de\/#\/schema\/person\/image\/\",\"url\":\"https:\/\/secure.gravatar.com\/avatar\/f477da817f43e50d0af36abecd33e3edf826c68299714bdc1057dff3b113f516?s=96&d=mm&r=g\",\"contentUrl\":\"https:\/\/secure.gravatar.com\/avatar\/f477da817f43e50d0af36abecd33e3edf826c68299714bdc1057dff3b113f516?s=96&d=mm&r=g\",\"caption\":\"Redazione\"}}]}<\/script>\n<!-- \/ Yoast SEO plugin. -->","yoast_head_json":{"title":"Erstkommunion: Prinzen und Prinzessinnen, aber\u2026","robots":{"index":"index","follow":"follow","max-snippet":"max-snippet:-1","max-image-preview":"max-image-preview:large","max-video-preview":"max-video-preview:-1"},"canonical":"https:\/\/blog.holyart.it\/de\/besondere-anlassen\/erstkommunion-prinzen-und-prinzessinnen-fur-einen-tag-aber\/","og_locale":"de_DE","og_type":"article","og_title":"Erstkommunion: Prinzen und Prinzessinnen, aber\u2026","og_description":"Der Mai ist der Monat der Heiligen Kommunion. Die Erstkommunion ist einer der wichtigsten und wertvollsten Sakramente im Leben eines jungen Christen. Es wird der Moment gefeiert, in dem er oder sie zu ersten Mal am heiligen Abendmahl teilnehmen, der Messe in G\u00e4nze beiwohnen und&hellip;","og_url":"https:\/\/blog.holyart.it\/de\/besondere-anlassen\/erstkommunion-prinzen-und-prinzessinnen-fur-einen-tag-aber\/","og_site_name":"Holyart.de Blog","article_published_time":"2019-03-20T14:50:02+00:00","article_modified_time":"2020-06-18T09:47:39+00:00","og_image":[{"width":1000,"height":666,"url":"https:\/\/blog.holyart.it\/de\/wp-content\/uploads\/sites\/12\/2019\/04\/Erstkommunion-Prinzen-und-Prinzessinnen-f\u00fcr-einen-Tag-aber\u2026.jpg","type":"image\/jpeg"}],"author":"Redazione","twitter_card":"summary_large_image","twitter_misc":{"Verfasst von":"Redazione","Gesch\u00e4tzte Lesezeit":"6\u00a0Minuten"},"schema":{"@context":"https:\/\/schema.org","@graph":[{"@type":"Article","@id":"https:\/\/blog.holyart.it\/de\/besondere-anlassen\/erstkommunion-prinzen-und-prinzessinnen-fur-einen-tag-aber\/#article","isPartOf":{"@id":"https:\/\/blog.holyart.it\/de\/besondere-anlassen\/erstkommunion-prinzen-und-prinzessinnen-fur-einen-tag-aber\/"},"author":{"name":"Redazione","@id":"https:\/\/blog.holyart.it\/de\/#\/schema\/person\/0a7b686e5af0f856ec1e390dd0baecda"},"headline":"Erstkommunion: Prinzen und Prinzessinnen f\u00fcr einen Tag, aber\u2026","datePublished":"2019-03-20T14:50:02+00:00","dateModified":"2020-06-18T09:47:39+00:00","mainEntityOfPage":{"@id":"https:\/\/blog.holyart.it\/de\/besondere-anlassen\/erstkommunion-prinzen-und-prinzessinnen-fur-einen-tag-aber\/"},"wordCount":1175,"publisher":{"@id":"https:\/\/blog.holyart.it\/de\/#organization"},"image":{"@id":"https:\/\/blog.holyart.it\/de\/besondere-anlassen\/erstkommunion-prinzen-und-prinzessinnen-fur-einen-tag-aber\/#primaryimage"},"thumbnailUrl":"https:\/\/blog.holyart.it\/de\/wp-content\/uploads\/sites\/12\/2019\/04\/Erstkommunion-Prinzen-und-Prinzessinnen-f\u00fcr-einen-Tag-aber\u2026.jpg","articleSection":["Besondere Anl\u00e4ssen"],"inLanguage":"de"},{"@type":"WebPage","@id":"https:\/\/blog.holyart.it\/de\/besondere-anlassen\/erstkommunion-prinzen-und-prinzessinnen-fur-einen-tag-aber\/","url":"https:\/\/blog.holyart.it\/de\/besondere-anlassen\/erstkommunion-prinzen-und-prinzessinnen-fur-einen-tag-aber\/","name":"Erstkommunion: Prinzen und Prinzessinnen, aber\u2026","isPartOf":{"@id":"https:\/\/blog.holyart.it\/de\/#website"},"primaryImageOfPage":{"@id":"https:\/\/blog.holyart.it\/de\/besondere-anlassen\/erstkommunion-prinzen-und-prinzessinnen-fur-einen-tag-aber\/#primaryimage"},"image":{"@id":"https:\/\/blog.holyart.it\/de\/besondere-anlassen\/erstkommunion-prinzen-und-prinzessinnen-fur-einen-tag-aber\/#primaryimage"},"thumbnailUrl":"https:\/\/blog.holyart.it\/de\/wp-content\/uploads\/sites\/12\/2019\/04\/Erstkommunion-Prinzen-und-Prinzessinnen-f\u00fcr-einen-Tag-aber\u2026.jpg","datePublished":"2019-03-20T14:50:02+00:00","dateModified":"2020-06-18T09:47:39+00:00","breadcrumb":{"@id":"https:\/\/blog.holyart.it\/de\/besondere-anlassen\/erstkommunion-prinzen-und-prinzessinnen-fur-einen-tag-aber\/#breadcrumb"},"inLanguage":"de","potentialAction":[{"@type":"ReadAction","target":["https:\/\/blog.holyart.it\/de\/besondere-anlassen\/erstkommunion-prinzen-und-prinzessinnen-fur-einen-tag-aber\/"]}]},{"@type":"ImageObject","inLanguage":"de","@id":"https:\/\/blog.holyart.it\/de\/besondere-anlassen\/erstkommunion-prinzen-und-prinzessinnen-fur-einen-tag-aber\/#primaryimage","url":"https:\/\/blog.holyart.it\/de\/wp-content\/uploads\/sites\/12\/2019\/04\/Erstkommunion-Prinzen-und-Prinzessinnen-f\u00fcr-einen-Tag-aber\u2026.jpg","contentUrl":"https:\/\/blog.holyart.it\/de\/wp-content\/uploads\/sites\/12\/2019\/04\/Erstkommunion-Prinzen-und-Prinzessinnen-f\u00fcr-einen-Tag-aber\u2026.jpg","width":1000,"height":666,"caption":"Erstkommunion Prinzen und Prinzessinnen f\u00fcr einen Tag, aber\u2026"},{"@type":"BreadcrumbList","@id":"https:\/\/blog.holyart.it\/de\/besondere-anlassen\/erstkommunion-prinzen-und-prinzessinnen-fur-einen-tag-aber\/#breadcrumb","itemListElement":[{"@type":"ListItem","position":1,"name":"Homepage","item":"https:\/\/blog.holyart.it\/de\/"},{"@type":"ListItem","position":2,"name":"Besondere Anl\u00e4ssen","item":"https:\/\/blog.holyart.it\/de\/besondere-anlassen\/"},{"@type":"ListItem","position":3,"name":"Erstkommunion: Prinzen und Prinzessinnen f\u00fcr einen Tag, aber\u2026"}]},{"@type":"WebSite","@id":"https:\/\/blog.holyart.it\/de\/#website","url":"https:\/\/blog.holyart.it\/de\/","name":"Holyart.de Blog","description":"Holyblog","publisher":{"@id":"https:\/\/blog.holyart.it\/de\/#organization"},"potentialAction":[{"@type":"SearchAction","target":{"@type":"EntryPoint","urlTemplate":"https:\/\/blog.holyart.it\/de\/?s={search_term_string}"},"query-input":{"@type":"PropertyValueSpecification","valueRequired":true,"valueName":"search_term_string"}}],"inLanguage":"de"},{"@type":"Organization","@id":"https:\/\/blog.holyart.it\/de\/#organization","name":"Holyart.de Blog","url":"https:\/\/blog.holyart.it\/de\/","logo":{"@type":"ImageObject","inLanguage":"de","@id":"https:\/\/blog.holyart.it\/de\/#\/schema\/logo\/image\/","url":"https:\/\/blog.holyart.it\/de\/wp-content\/uploads\/sites\/12\/2022\/12\/Holyart_Blog_Logo.jpg","contentUrl":"https:\/\/blog.holyart.it\/de\/wp-content\/uploads\/sites\/12\/2022\/12\/Holyart_Blog_Logo.jpg","width":300,"height":50,"caption":"Holyart.de Blog"},"image":{"@id":"https:\/\/blog.holyart.it\/de\/#\/schema\/logo\/image\/"}},{"@type":"Person","@id":"https:\/\/blog.holyart.it\/de\/#\/schema\/person\/0a7b686e5af0f856ec1e390dd0baecda","name":"Redazione","image":{"@type":"ImageObject","inLanguage":"de","@id":"https:\/\/blog.holyart.it\/de\/#\/schema\/person\/image\/","url":"https:\/\/secure.gravatar.com\/avatar\/f477da817f43e50d0af36abecd33e3edf826c68299714bdc1057dff3b113f516?s=96&d=mm&r=g","contentUrl":"https:\/\/secure.gravatar.com\/avatar\/f477da817f43e50d0af36abecd33e3edf826c68299714bdc1057dff3b113f516?s=96&d=mm&r=g","caption":"Redazione"}}]}},"_links":{"self":[{"href":"https:\/\/blog.holyart.it\/de\/wp-json\/wp\/v2\/posts\/935","targetHints":{"allow":["GET"]}}],"collection":[{"href":"https:\/\/blog.holyart.it\/de\/wp-json\/wp\/v2\/posts"}],"about":[{"href":"https:\/\/blog.holyart.it\/de\/wp-json\/wp\/v2\/types\/post"}],"author":[{"embeddable":true,"href":"https:\/\/blog.holyart.it\/de\/wp-json\/wp\/v2\/users\/1"}],"replies":[{"embeddable":true,"href":"https:\/\/blog.holyart.it\/de\/wp-json\/wp\/v2\/comments?post=935"}],"version-history":[{"count":0,"href":"https:\/\/blog.holyart.it\/de\/wp-json\/wp\/v2\/posts\/935\/revisions"}],"wp:featuredmedia":[{"embeddable":true,"href":"https:\/\/blog.holyart.it\/de\/wp-json\/wp\/v2\/media\/936"}],"wp:attachment":[{"href":"https:\/\/blog.holyart.it\/de\/wp-json\/wp\/v2\/media?parent=935"}],"wp:term":[{"taxonomy":"category","embeddable":true,"href":"https:\/\/blog.holyart.it\/de\/wp-json\/wp\/v2\/categories?post=935"},{"taxonomy":"post_tag","embeddable":true,"href":"https:\/\/blog.holyart.it\/de\/wp-json\/wp\/v2\/tags?post=935"}],"curies":[{"name":"wp","href":"https:\/\/api.w.org\/{rel}","templated":true}]}}