{"id":912,"date":"2019-03-06T15:44:47","date_gmt":"2019-03-06T14:44:47","guid":{"rendered":"https:\/\/blog.holyart.it\/de\/?p=912"},"modified":"2020-06-17T16:45:45","modified_gmt":"2020-06-17T14:45:45","slug":"das-kruzifix-von-san-damiano","status":"publish","type":"post","link":"https:\/\/blog.holyart.it\/de\/heilige-und-selige\/das-kruzifix-von-san-damiano\/","title":{"rendered":"Das Kruzifix von San Damiano"},"content":{"rendered":"<p>Das Kruzifix von San Damiano ist jenes, vor dem der heilige Franz von Assisi im fernen Jahr 1205 betete und von Gott den Auftrag erhielt, seine Kirche zu erneuern. Der Heilige von Assisi dachte zun\u00e4chst, der Allerh\u00f6chste meine die Kirche von San Damiano, an der es sich zu der Zeit befand. Doch wurde ihm klar, dass Gott die Institution Kirche meinte, die gebeutelt war von Dekadenz, Korruption und internen Streitigkeiten. Die Worte, die der junge Heilige vom Kruzifix empfing, waren: \u201eGeh und repariere mein Haus, welches, wie du sehen kannst, in Tr\u00fcmmern liegt.\u201c<\/p>\n<p>Heute ist das <a href=\"https:\/\/www.holyart.de\/devotionalien\/kruzifixe-und-kreuze\/kruzifixe-aus-holz\/kruzifix-von-san-damiano-aus-holz-in-verschiedenen-formaten\"><strong>Kruzifix von San Damiano<\/strong><\/a> ein Bild, das auf der ganzen Welt bekannt ist, ein Ziel, zu dem jedes Jahr viele Gl\u00e4ubige auf ihrem Weg nach Assisi hin pilgern. Urspr\u00fcnglich befand es sich in der Kirche von San Damiano, doch heute wird es im Kloster von Santa Chiara ausgestellt, wo es 1275 hingebracht wurde.<\/p>\n<p>Doch was macht dieses sakrale Bild so besonders? Nat\u00fcrlich kommt ein gro\u00dfer Teil seiner Ber\u00fchmtheit durch den heiligen Franz von Assisi und von der mystischen Erfahrung, die mit dem Kruzifix von San Damiano in Verbindung steht. Doch diese spezielle Darstellung von Christus, der \u00fcber das Kreuz triumphiert, existierte schon lange bevor der arme Assisi seinen Blick darauf richtete. Diese Art von Kreuz, das stark an die byzantinische Ikonografie erinnert, wurde in der \u00f6stlichen Kirche geboren und gelangte auf sehr abenteuerlichen Wegen nach Italien und Umbrien.<\/p>\n<p>Doch ein Schritt nach dem anderen.<\/p>\n<h2>Wer war San Damiano?<\/h2>\n<p>Damianus, oder Damiano, war ein junger Doktor mit arabischen Wurzeln, geboren in der Stadt Aegean oder Aigai in Cilicia (heute Ayas, T\u00fcrkei), was damals im dritten Jahrhundert zum r\u00f6mischen Reich geh\u00f6rte. Damiano hatte vier Br\u00fcder: Cosmo (nach heutiger Forschungslage der Zwilling von Damiano), Antimo, Leonzio und Euprepio. Die Identit\u00e4t des Vaters ist unbekannt, auch wenn es scheint, dass es ein Christ war, der schon in jungen Jahren zum M\u00e4rtyrer wurde. Die Mutter Teodora (auch Teodata) zog die Jungen alleine gro\u00df und wurde sp\u00e4ter heiliggesprochen.\u00a0 Dank ihrer Herkunft aus einer wohlhabenden Familie war es ihr m\u00f6glich, ihren S\u00f6hnen eine gute Ausbildung zu finanzieren. So konnten alle f\u00fcnf \u00c4rzte werden. Doch Teodora war auch eine tiefgl\u00e4ubige Frau und brachte ihren S\u00f6hnen die Liebe zu Gott\u00a0 bei.<\/p>\n<figure id=\"attachment_925\" aria-describedby=\"caption-attachment-925\" style=\"width: 300px\" class=\"wp-caption alignright\"><img loading=\"lazy\" decoding=\"async\" class=\"alignright size-medium wp-image-925\" src=\"https:\/\/blog.holyart.it\/de\/wp-content\/uploads\/sites\/12\/2019\/04\/Heiliger-Damiano-25cm-Gr\u00f6dnertal-Holz-300x300.jpg\" alt=\"Heiliger Damiano 25cm Gr\u00f6dnertal Holz\" width=\"300\" height=\"300\" \/><figcaption id=\"caption-attachment-925\" class=\"wp-caption-text\"><center><strong><a href=\"https:\/\/www.holyart.de\/devotionalien\/statuen\/statuen-aus-bemalten-holz\/heiliger-damiano-25cm-grodnertal-holz\">Heiliger Damiano 25cm Gr\u00f6dnertal Holz<\/a><\/strong><br \/><a href=\"https:\/\/www.holyart.de\/devotionalien\/statuen\/statuen-aus-bemalten-holz\/heiliger-damiano-25cm-grodnertal-holz\"><button class=\"bottoneacquista\" style=\"vertical-align: middle;\">Einkaufen<\/button><\/a><\/center><\/figcaption><\/figure>\n<p>Damiano und seine Br\u00fcder studierten in Syrien und vermutlich in Alexandria, an Schulen in Theophrastus und Galen. Dass sie Christen waren, machte es nicht gerade leicht f\u00fcr sie. Sie wurden alle gemartert, vermutlich w\u00e4hrend einer der Verfolgungen, die von Kaiser Diocletian (284 &#8211; 305) befohlen wurden. Die Legende erz\u00e4hlt, dass Damiano und Cosma, die vom Pr\u00e4fekten von Cilicien verhaftet worden waren, zuerst gesteinigt, dann ausgepeitscht, gekreuzigt und mit Pfeilen beschossen genommen wurden. Aber die Steine \u200b\u200bprallten zur\u00fcck und trafen die Soldaten und die Spitzen der Pfeile und Speere kratzten Damiano und Cosma nicht. Dann wurden sie mit schweren Felsbrocken ins Meer geworfen, doch die Seile, mit denen sie gefesselt worden waren, schmolzen und sie wurden gerettet. Dann wurden sie angekettet und in einen Ofen gesperrt, aber nicht einmal das Feuer konnte sie t\u00f6ten.<\/p>\n<p>Schlie\u00dflich wurden alle f\u00fcnf Br\u00fcder in Cirro, in der N\u00e4he von Antioch in Syrien, enthauptet. Auch sollen sie zuvor auf Befehl von Dioletian eingesperrt und gefoltert worden sein.\u00a0Ihre Anbetung erfolgte direkt nach ihrem Tod. Im ganzen Osten wurden Kirchen und Heiligt\u00fcmer errichtet, die ihnen gewidmet waren, und schnell erreichten der Kult um sie sogar den Westen und Rom. Bereits im sechsten Jahrhundert erinnerte der Kanon der Messe nach den Aposteln an die Namen der zw\u00f6lf M\u00e4rtyrer, darunter Cosma und Damiano.<\/p>\n<p>Neben dem Martyrium war es auch das tugendhafte Leben, dem diese besonderen Br\u00fcder ihre Heiligkeit verdanken.Sie pflegten die Bed\u00fcrftigen, ohne etwas daf\u00fcr zu verlangen, nach dem Matth\u00e4us-Evangelium: &#8222;Gratis accepistis, gratis date&#8220; (Umsonst habt ihr es empfangen, umsonst gebt es auch &#8211; Mt 10,8). Dies hatte ihnen den Spitznamen An\u00e0rgiri oder Anargyroi eingebracht (aus dem Griechischen \u0391\u03bd\u03ac\u03c1\u03b3\u03c5\u03c1\u03bf\u03b9, &#8222;ohne Silber&#8220;, &#8222;ohne Geld&#8220;).\u00a0Nur einmal nahm Damiano Eier von einer geheilten Frau an, und diese Geste verletzte seinen Zwilling Cosma so sehr, dass er darum bat, dass seine sterblichen \u00dcberreste weit entfernt von denen seines Bruders aufbewahrt werden sollten.Die medizinische T\u00e4tigkeit erlaubte Damiano und seinen Br\u00fcdern, mit vielen M\u00e4nnern und Frauen in Kontakt zu kommen und ihnen das Wort Gottes zu predigen. Sie konnten viele bekehren, daher wurden die f\u00fcnf verfolgt.<\/p>\n<p>Wir nennen den Kult um Damiano und seine Br\u00fcder, insbesondere Cosma, den Kult der &#8222;Heiligen in der Medizin&#8220;, der von allen christlichen Fachleuten geehrt wird, weil sie als Besch\u00fctzer von \u00c4rzten, Chirurgen, Apothekern und Friseuren betrachteten werden.Schlie\u00dflich wurden Cosma und Damiano zusammen begraben, nachdem ein Kamel das Geschenk des Wortes erhalten hatte, nur um die guten Absichten und den guten Glauben von Damiano in Bezug auf die drei Eier zu verteidigen.<\/p>\n<p>Die beiden \u00e4lteren Br\u00fcder wurden sofort als Heiler und Wundert\u00e4ter verehrt, und ihre Reliquien, die als Wunder betrachtet wurden. Sie reisten zwischen Ost und West, in der ganzen bekannten Welt durch Kathedralen und Basiliken in Konstantinopel, Rom, Jerusalem, Madrid, Monaco, und in \u00c4gypten. Die traditionelle Ikonographie repr\u00e4sentiert sie stets zusammen mit ihren medizinischen Instrumenten, ihren Vasen mit Salben und pharmazeutischen Mitteln und der Palme des Martyriums. Die katholische Kirche feiert ihre Erinnerung am 26. September mit dem freiwilligen Gottesdienst, die orthodoxe am 1. Juli, 17. Oktober oder 1. November.<\/p>\n<h2>Das Kruzifix von San Damiano<\/h2>\n<p>Kommen wir nun zum Kruzifix von San Damiano, vor dem <a href=\"https:\/\/www.holyart.de\/devotionalien\/statuen\/statuen-aus-bemalten-holz\/heilig-franziskus-aus-assisi\"><strong>Franz von Assisi<\/strong><\/a> an jenem Tag betete, der sein Leben f\u00fcr immer ver\u00e4nderte.<\/p>\n<p>Wie bereits erw\u00e4hnt handelt es sich um ein Kreuzsymbol in byzantinischem Stil, das vermutlich im 12. Jahrhundert von einem syrischen M\u00f6nch gemalt wurde. Obwohl Jesus hier am Kreuz h\u00e4ngt, erf\u00e4hrt er kein Leid, sondern Triumph, wie ein K\u00f6nig auf einem Thron, ganz im Sinne der mittelalterlichen Ikonographie des <em>Christus triumphans<\/em>.<\/p>\n<p>Wie immer, wenn wir von byzantinischer Kunst sprechen, liegt die Sch\u00f6nheit des Werkes nicht so sehr im \u00e4sthetischen Wert derselben. Denn es gibt eher ein gewisses anatomisches Missverh\u00e4ltnis und eine von manchen als karikiert oder komisch bezeichnete Dimension der Figuren. Die Sch\u00f6nheit dieses Kruzifixes, welches wahrscheinlich aus einer von einem mysteri\u00f6sen K\u00fcnstler gemalten Serie stammt, dr\u00fcckt eine kraftvolle Spiritualit\u00e4t aus, eine Feierlichkeit, die nicht mit einem fl\u00fcchtigen Blick erfasst werden kann. Alles ist akribisch strukturiert, in seiner scheinbaren Naivit\u00e4t nimmt alles den Raum ein, der ihm geh\u00f6rt, in einem Rahmen, in dem man die Inspiration des g\u00f6ttlichen Triumphes wahrnimmt.Jesus ist verwundet und liegt im Sterben, doch er wirkte niemals so stark. Er triumphiert \u00fcber den Tod, tritt ihm mit erhobenem Haupt entgegen, mit den Augen weit offen, riesig im Vergleich zu den anderen Personen im Hintergrund.<\/p>\n<figure id=\"attachment_927\" aria-describedby=\"caption-attachment-927\" style=\"width: 300px\" class=\"wp-caption alignleft\"><img loading=\"lazy\" decoding=\"async\" class=\"alignleft size-medium wp-image-927\" src=\"https:\/\/blog.holyart.it\/de\/wp-content\/uploads\/sites\/12\/2019\/04\/Kruzifix-von-San-Damiano-300x300.jpg\" alt=\"Kruzifix von San Damiano\" width=\"300\" height=\"300\" \/><figcaption id=\"caption-attachment-927\" class=\"wp-caption-text\"><center><strong><a href=\"https:\/\/www.holyart.de\/devotionalien\/kruzifixe-und-kreuze\/kruzifixe-aus-holz?sorter_id=0&amp;41%5B%5D=1305&amp;p_min=&amp;p_max=\">Kruzifix von San Damiano<\/a><\/strong><br \/><a href=\"https:\/\/www.holyart.de\/devotionalien\/kruzifixe-und-kreuze\/kruzifixe-aus-holz?sorter_id=0&amp;41%5B%5D=1305&amp;p_min=&amp;p_max=\"><button class=\"bottoneacquista\" style=\"vertical-align: middle;\">Einkaufen<\/button><\/a><\/center><\/figcaption><\/figure>\n<p>Er ist mit einer Art <strong>goldenen Riemen<\/strong> um die Flanken herum dargestellt, wahrscheinlich \u00e4gyptischer Herkunft, der gleichzeitig Sein Hohepriester und Opfertier ist. Auf Seinem Kopf sieht der <strong>Heiligenschein<\/strong> aus wie eine goldene Krone, Sein Haar ist ordentlich, Sein Gesicht dr\u00fcckt Adel, Sch\u00f6nheit und Gelassenheit aus. Es ist wahr, seine <strong>Augen<\/strong> sind dem Himmel zugewandt, sie erscheinen vielleicht zu gro\u00df, in keinem Verh\u00e4ltnis zum Gesicht, aber was sie ausdr\u00fccken wollen, ist klar: Er ist derjenige, den mehr als jeder andere sehen kann, der Himmel und unser aller Vater sieht. \u00dcber seinem Kopf steht der Schriftzug \u201e<em>Ihs Nazare Rex Iudeorum<\/em>\u201c (Jesus von Nazareth, K\u00f6nig der Juden). Ein wenig h\u00f6her zeigt ein <strong>Medaillon<\/strong> Jesus, der in den Himmel aufsteigt, umgeben von Engeln in Herrlichkeit und \u00fcber ihm die segnende Hand Gottes, des Vaters.<\/p>\n<p>Wenn wir zum Kruzifix zur\u00fcckkehren, sehen wir eine <strong>Taube<\/strong> mit ausgebreiten Fl\u00fcgeln, die den Heiligen Geist symbolisiert.<\/p>\n<p>Das Bild von Jesus ist von einem Rahmen aus <strong>Muscheln <\/strong>umgeben, die den Konturen des Kreuzes folgen und Sch\u00f6nheit und Ewigkeit darstellen.<\/p>\n<p>Die Personen am <strong>Fu\u00dfe des Kreuzes<\/strong> sind nicht unterscheidbar: es k\u00f6nnten nach Meinung einiger Gelehrten die Patrone von Umbrien sein, San Damiano, Patron der Kirche, die das Kreuz beherbergte, Rufinus, Patron von Assisi, Sankt Michael, Johannes der T\u00e4ufer, Petrus und Paulus, alle Patrone der Kirchen in der Gegend von Assisi. Wie alle anderen Charaktere in dieser Arbeit sind sie viel kleiner als die Figur Jesu.Einige Forscher sprechen von <strong>unterschwelligen Botschaften<\/strong>, die in dem Gem\u00e4lde verborgen sind, Details, die das Auge bei einem ersten fl\u00fcchtigen Blick nicht erfasst. Auf der Brust Jesu kann man den Kopf eines Charakters sehen, vielleicht Gott den Allm\u00e4chtigen, gemalt als Wasserzeichen und eine nicht definierbare Figur.<\/p>\n<p>Von den <strong>H\u00e4nden<\/strong> Jesu tropft Blut auf zwei Engelspaare, die wie gespiegelt aussehen und sich unter seinen Armen befinden. Die <strong>Engel<\/strong> zur Rechten und Linken sind die himmlischen Boten Gottes, die die Stigmata mit Gelassenheit und Anteilnahme betrachten und das Mysterium diskutieren, welches hier vollzogen wurde.<\/p>\n<p>Eine <strong>dritte und vierte Figur<\/strong> stehen jeweils auf der rechten und linken Seite des Kreuzes und schlie\u00dfen es mit ihren K\u00f6rpern. M\u00f6glicherweise sind es zwei Evangelisten oder zwei Apostel oder vielleicht j\u00fcdische Menschen und\u201c Gentili\u201c.<\/p>\n<p>Etwas gr\u00f6\u00dfer, unter dem rechten Arm Jesu, befinden sich <a href=\"https:\/\/www.holyart.de\/produkte\/statuen-madonna.php\"><strong>Maria <\/strong><\/a>und der <strong>Apostel Johannes<\/strong>.\u00a0 Die beiden schauen einander an, l\u00e4cheln und zeigen auf Jesus, Marias Sohn: \u201eWeib, siehe, das ist dein Sohn\u201c (Johannes 19, 26). Marias rechte Hand befindet sich auf ihrer Wange, mit der linken zeigt sie auf Johannes. Sie ist in Wei\u00df gekleidet, ein Symbol der Reinheit, tief Rot, der Farbe der Liebe und Purpur, der Farbe, von der gesagt wird, das ein Stoff in dieser Farbe die Bundeslade auskleidet. Ihre Kleider sind mit Edelsteinen bestickt, die die Tugenden symbolisieren. Johannes ist in Pink gekleidet, der Farbe ewiger Weisheit und ebenfalls in Wei\u00df.<\/p>\n<p>Unter dem linken Arm Jesu befinden sich drei andere Figuren: <strong>Maria Magdalena, Maria Kleophea (Mutter von Jakobus)<\/strong> und der <strong>Zenturio<\/strong>. Genau wie bei Maria und Johannes stehen ihre Namen zu ihren F\u00fc\u00dfen. Maria Magdalena ist in Rot gekleidet, der Farbe der Liebe. Sie und Maria Kleophea ber\u00fchren einander an der Stirn, als ob sie fl\u00fcsterten.<\/p>\n<p>Die letzte Figur auf der linken Seite von Jesus ist ein b\u00e4rtiger Mann, gekleidet in Wei\u00df und Rot ist der Zenturio, dessen Sohn durch Jesus geheilt wurde, woraufhin seine gesamte Familie konvertierte.<\/p>\n<p>Zwei kleinere Figuren befinden sich symmetrisch vor Maria und dem Zenturio. Die Figur links ist ein r\u00f6mischer Soldat, <strong>Longino<\/strong>, der unserem Herrn in die Brust stach und Wasser und Blut auffing, die andere befindet sich in derselben Position, scheint aber kein r\u00f6mischer Soldat zu sein, sondern eher ein <strong>Jude<\/strong>. Es k\u00f6nnte auch <strong>Stephaton<\/strong> sein, der r\u00f6mische Soldat, der Jesus Essig aus einem Schwamm zu trinken gab. Doch am wahrscheinlichsten ist, dass diese zwei die beiden V\u00f6lker symbolisieren sollen, die Jesus zum Tode verurteilt haben: <strong>R\u00f6mer und Juden<\/strong>.<\/p>\n<p>Neben dem linken Bein von Jesus sieht man einen <strong>Hahn<\/strong>, das Symbol, f\u00fcr die aufsteigende Sonne oder auch f\u00fcr Jesus selbst, der von den Toten aufersteht. Das Kruzifix von San Damiano blieb in der gleichnamigen Kirche, die von Franz von Assisi 40 Jahre lang renoviert und von Santa Chiara und ihren Schwestern bewacht wurde. Einige Jahre nach dem Tod des Heiligen verlegten die Nonnen das Kloster hinter die Stadtmauer, wo die Basilika Santa Chiara errichtet wurde. Sie brachten das Kruzifix von San Damiano, das heute immer noch dort in einer Kapelle ist. Eine Kopie ist in der Kirche von San Damiano geblieben.<\/p>\n<h2>Unsere Kreuze von San Damiano<\/h2>\n<p>In unserem Store werden sie eine gro\u00dfe Bandbreite an Reproduktionen des Kreuzes von San Damiano finden. Die meisten sind handgearbeitet auf Holz und in verschiedenen Gr\u00f6\u00dfen verf\u00fcgbar.<\/p>\n<p>Es gibt auch eine pr\u00e4chtige Bildteppich-Version mit einem exklusiven Design, in raffiniertem Jacquard-Gewebe mit Satin. Eine spezielle Tasche f\u00fcr das Einf\u00fchren der Stange erm\u00f6glicht es, sie aufzuh\u00e4ngen und auszustellen. Es gibt Anh\u00e4nger-Kruzifixe von San Damiano, die aus Assisi Olivenholz gemacht sind,in Silber oder bunt. Eine Alternative zu den h\u00f6lzernen Anh\u00e4ngern sind die versilberten Anh\u00e4nger mit Gravur auf der R\u00fcckseite. Das Kruzifix von San Damiano kann auch das Herz eines Rosenkranzes sein mit K\u00f6rnern in hellbraunem ovalen Holz und dunkelbrauner Seidenbindung, die aus vielen leichten und einfachen Knoten besteht. Nachfolgend stellen wir die beschriebenen Produkte vor, die auf unserer Website verf\u00fcgbar sind!<\/p>\n<div class=\"sp-styles-warning\" style=\"width: 450px; background-color: #FFF; color: #F00; border: 1px solid #F00; padding: 10px; font-size: 14px;\">\n\t\t\t<span style=\"font-weight: bold;\">Warning: The stylesheets were not loaded!<\/span> \n\t\t\tYou will need to change the <i>Load stylesheets<\/i> setting from <i>Automatically<\/i> to <i>On homepage<\/i> or <i>On all pages<\/i>. \n\t\t\tYou can set that <a style=\"text-decoration: underline; color: #F00;\" href=\"https:\/\/blog.holyart.it\/de\/wp-admin\/admin.php?page=sliderpro-settings\">here<\/a>.\n\t\t\t<\/div>\r\n<div id=\"slider-pro-6\" class=\"slider-pro sp-no-js\" style=\"width: 800px; height: 500px;\">\r\n\t<div class=\"sp-slides\">\r\n\t\t\r\n\t\t<div class=\"sp-slide\">\r\n\t\t\t<img loading=\"lazy\" decoding=\"async\" class=\"sp-image\" src=\"https:\/\/blog.holyart.it\/de\/wp-content\/uploads\/sites\/12\/2019\/04\/Wandteppich-Kreuz-von-San-Damiano-90x65-cm.jpg\" alt=\"Wandteppich Kreuz von San Damiano 90x65 cm\" width=\"500\" height=\"500\" \/>\r\n\t\t\t<div class=\"sp-thumbnail\"><img decoding=\"async\" src=\"https:\/\/blog.holyart.it\/de\/wp-content\/uploads\/sites\/12\/2019\/04\/Wandteppich-Kreuz-von-San-Damiano-90x65-cm-150x150.jpg\" \/>\r\n\t\t\t<\/div>\r\n\t\t\t<div class=\"sp-caption\">Wandteppich, Motiv: Kreuz von San Damiano, Format: 92x65 cm. \nDer Wandteppich aus raffiniertem Jacquardgewebe und in einem exklusiven Design ist mit goldfarbenen Lurexf\u00e4den verziert. Auf der R\u00fcckseite ist ein Futterstoff aufgebracht. Der Wandteppich wird in Italien hergestellt. Auf der R\u00fcckseite des Teppichs befindet sich ein Tunnel, vermittels dieser zur Wandbefestigung auf eine Stange aufgezogen werden kann. <BR \/> <strong><a href=\"https:\/\/www.holyart.de\/devotionalien\/wandteppiche\/wandteppich-kreuz-von-san-damiano-90x65-cm\">Bei Holyart kaufen<\/a><\/strong><\/div>\r\n\t\t<\/div>\r\n\t\t<div class=\"sp-slide\">\r\n\t\t\t<img loading=\"lazy\" decoding=\"async\" class=\"sp-image\" src=\"https:\/\/blog.holyart.it\/de\/wp-content\/uploads\/sites\/12\/2019\/04\/Kreuz-Heilig-Damian-Oliven-Holz.jpg\" alt=\"Kreuz Heilig Damian Oliven-Holz\" width=\"500\" height=\"500\" \/>\r\n\t\t\t<div class=\"sp-thumbnail\"><img decoding=\"async\" src=\"https:\/\/blog.holyart.it\/de\/wp-content\/uploads\/sites\/12\/2019\/04\/Kreuz-Heilig-Damian-Oliven-Holz-150x150.jpg\" \/>\r\n\t\t\t<\/div>\r\n\t\t\t<div class=\"sp-caption\">Heilig Damian-Kreuz aus Oliven-Holz aus Assisi. Das Schmuck-Anhaenger zeigt den bekannten Kruzifix dass sich bei dem Santa Chiara-Kloster in Assisi statt findet. Es kann silbrig oder gefaerbt(mit Harz darauf). Mann kann unten dem Bild waehlen. <BR \/> <strong><a href=\"https:\/\/www.holyart.de\/devotionalien\/wandteppiche\/wandteppich-kreuz-von-san-damiano-90x65-cm\">Bei Holyart kaufen<\/a><\/strong><\/div>\r\n\t\t<\/div>\r\n\t\t<div class=\"sp-slide\">\r\n\t\t\t<img loading=\"lazy\" decoding=\"async\" class=\"sp-image\" src=\"https:\/\/blog.holyart.it\/de\/wp-content\/uploads\/sites\/12\/2019\/04\/Kruzifix-von-San-Damiano-aus-Holz.jpg\" alt=\"Kruzifix von San Damiano aus Holz\" width=\"500\" height=\"500\" \/>\r\n\t\t\t<div class=\"sp-thumbnail\"><img decoding=\"async\" src=\"https:\/\/blog.holyart.it\/de\/wp-content\/uploads\/sites\/12\/2019\/04\/Kruzifix-von-San-Damiano-aus-Holz-150x150.jpg\" \/>\r\n\t\t\t<\/div>\r\n\t\t\t<div class=\"sp-caption\">Kruzifix von San Damiano aus Holz. Der Kruzifix ist aus bedruckten Holz. \nVerf\u00fcgbar in 3 Gro\u00dfe: - 74x56cm, - 105x77cm, - 145x105cm. W\u00e4hlen Sie Ihre Liebelingsgro\u00dfe. <BR \/> <strong><a href=\"https:\/\/www.holyart.de\/devotionalien\/kruzifixe-und-kreuze\/kruzifixe-aus-holz\/kruzifix-von-san-damiano-aus-holz.\">Bei Holyart kaufen<\/a><\/strong><\/div>\r\n\t\t<\/div>\r\n\t\t<div class=\"sp-slide\">\r\n\t\t\t<img loading=\"lazy\" decoding=\"async\" class=\"sp-image\" src=\"https:\/\/blog.holyart.it\/de\/wp-content\/uploads\/sites\/12\/2019\/04\/Anh\u00e4nger-Kreuz-von-San-Damiano-aus-Metall-42cm.jpg\" alt=\"Anh\u00e4nger Kreuz von San Damiano aus Metall 4,2cm\" width=\"500\" height=\"500\" \/>\r\n\t\t\t<div class=\"sp-thumbnail\"><img decoding=\"async\" src=\"https:\/\/blog.holyart.it\/de\/wp-content\/uploads\/sites\/12\/2019\/04\/Anh\u00e4nger-Kreuz-von-San-Damiano-aus-Metall-42cm-150x150.jpg\" \/>\r\n\t\t\t<\/div>\r\n\t\t\t<div class=\"sp-caption\">Anh\u00e4nger Kreuz von San Damiano aus Metall 4,2cm. Der Kreuz wird aus Metall realisiert und ist 4,2cm hoch. <BR \/> <strong><a href=\"https:\/\/www.holyart.de\/devotionalien\/anhanger-kreuze-taukreuze\/metall-kreuzanhanger\/anhanger-kreuz-von-san-damiano-aus-metall-4-2cm\">Bei Holyart kaufen<\/a><\/strong><\/div>\r\n\t\t<\/div>\r\n\t\t<div class=\"sp-slide\">\r\n\t\t\t<img loading=\"lazy\" decoding=\"async\" class=\"sp-image\" src=\"https:\/\/blog.holyart.it\/de\/wp-content\/uploads\/sites\/12\/2019\/04\/Rosenkranz-Zehner-mit-Kreuz-Sankt-Damiano.jpg\" alt=\"Rosenkranz Zehner mit Kreuz Sankt Damiano\" width=\"500\" height=\"500\" \/>\r\n\t\t\t<div class=\"sp-thumbnail\"><img decoding=\"async\" src=\"https:\/\/blog.holyart.it\/de\/wp-content\/uploads\/sites\/12\/2019\/04\/Rosenkranz-Zehner-mit-Kreuz-Sankt-Damiano-150x150.jpg\" \/>\r\n\t\t\t<\/div>\r\n\t\t\t<div class=\"sp-caption\">Rosenkranz Zehner mit Kreuz Sankt Damiano, aus Olivenholz. <BR \/> <strong><a href=\"https:\/\/www.holyart.de\/devotionalien\/anhanger-kreuze-taukreuze\/metall-kreuzanhanger\/anhanger-kreuz-von-san-damiano-aus-metall-4-2cm\">Bei Holyart kaufen<\/a><\/strong><\/div>\r\n\t\t<\/div>\r\n\t<\/div>\r\n<\/div>\n","protected":false},"excerpt":{"rendered":"<p>Das Kruzifix von San Damiano ist jenes, vor dem der heilige Franz von Assisi im fernen Jahr 1205 betete und von Gott den Auftrag erhielt, seine Kirche zu erneuern. Der Heilige von Assisi dachte zun\u00e4chst, der Allerh\u00f6chste meine die Kirche von San Damiano, an der&hellip;<\/p>\n","protected":false},"author":1,"featured_media":913,"comment_status":"closed","ping_status":"open","sticky":false,"template":"","format":"standard","meta":{"_acf_changed":false,"footnotes":""},"categories":[9],"tags":[],"class_list":["post-912","post","type-post","status-publish","format-standard","has-post-thumbnail","hentry","category-heilige-und-selige"],"acf":[],"yoast_head":"<!-- This site is optimized with the Yoast SEO plugin v26.6 - https:\/\/yoast.com\/wordpress\/plugins\/seo\/ -->\n<title>Das Kruzifix von San Damiano - Holyart.de Blog<\/title>\n<meta name=\"robots\" content=\"index, follow, max-snippet:-1, max-image-preview:large, max-video-preview:-1\" \/>\n<link rel=\"canonical\" href=\"https:\/\/blog.holyart.it\/de\/heilige-und-selige\/das-kruzifix-von-san-damiano\/\" \/>\n<meta property=\"og:locale\" content=\"de_DE\" \/>\n<meta property=\"og:type\" content=\"article\" \/>\n<meta property=\"og:title\" content=\"Das Kruzifix von San Damiano - Holyart.de Blog\" \/>\n<meta property=\"og:description\" content=\"Das Kruzifix von San Damiano ist jenes, vor dem der heilige Franz von Assisi im fernen Jahr 1205 betete und von Gott den Auftrag erhielt, seine Kirche zu erneuern. Der Heilige von Assisi dachte zun\u00e4chst, der Allerh\u00f6chste meine die Kirche von San Damiano, an der&hellip;\" \/>\n<meta property=\"og:url\" content=\"https:\/\/blog.holyart.it\/de\/heilige-und-selige\/das-kruzifix-von-san-damiano\/\" \/>\n<meta property=\"og:site_name\" content=\"Holyart.de Blog\" \/>\n<meta property=\"article:published_time\" content=\"2019-03-06T14:44:47+00:00\" \/>\n<meta property=\"article:modified_time\" content=\"2020-06-17T14:45:45+00:00\" \/>\n<meta property=\"og:image\" content=\"https:\/\/blog.holyart.it\/de\/wp-content\/uploads\/sites\/12\/2019\/04\/Das-Kruzifix-von-San-Damiano.jpg\" \/>\n\t<meta property=\"og:image:width\" content=\"1000\" \/>\n\t<meta property=\"og:image:height\" content=\"666\" \/>\n\t<meta property=\"og:image:type\" content=\"image\/jpeg\" \/>\n<meta name=\"author\" content=\"Redazione\" \/>\n<meta name=\"twitter:card\" content=\"summary_large_image\" \/>\n<meta name=\"twitter:label1\" content=\"Verfasst von\" \/>\n\t<meta name=\"twitter:data1\" content=\"Redazione\" \/>\n\t<meta name=\"twitter:label2\" content=\"Gesch\u00e4tzte Lesezeit\" \/>\n\t<meta name=\"twitter:data2\" content=\"10\u00a0Minuten\" \/>\n<script type=\"application\/ld+json\" class=\"yoast-schema-graph\">{\"@context\":\"https:\/\/schema.org\",\"@graph\":[{\"@type\":\"Article\",\"@id\":\"https:\/\/blog.holyart.it\/de\/heilige-und-selige\/das-kruzifix-von-san-damiano\/#article\",\"isPartOf\":{\"@id\":\"https:\/\/blog.holyart.it\/de\/heilige-und-selige\/das-kruzifix-von-san-damiano\/\"},\"author\":{\"name\":\"Redazione\",\"@id\":\"https:\/\/blog.holyart.it\/de\/#\/schema\/person\/0a7b686e5af0f856ec1e390dd0baecda\"},\"headline\":\"Das Kruzifix von San Damiano\",\"datePublished\":\"2019-03-06T14:44:47+00:00\",\"dateModified\":\"2020-06-17T14:45:45+00:00\",\"mainEntityOfPage\":{\"@id\":\"https:\/\/blog.holyart.it\/de\/heilige-und-selige\/das-kruzifix-von-san-damiano\/\"},\"wordCount\":2099,\"publisher\":{\"@id\":\"https:\/\/blog.holyart.it\/de\/#organization\"},\"image\":{\"@id\":\"https:\/\/blog.holyart.it\/de\/heilige-und-selige\/das-kruzifix-von-san-damiano\/#primaryimage\"},\"thumbnailUrl\":\"https:\/\/blog.holyart.it\/de\/wp-content\/uploads\/sites\/12\/2019\/04\/Das-Kruzifix-von-San-Damiano.jpg\",\"articleSection\":[\"Heilige und Selige\"],\"inLanguage\":\"de\"},{\"@type\":\"WebPage\",\"@id\":\"https:\/\/blog.holyart.it\/de\/heilige-und-selige\/das-kruzifix-von-san-damiano\/\",\"url\":\"https:\/\/blog.holyart.it\/de\/heilige-und-selige\/das-kruzifix-von-san-damiano\/\",\"name\":\"Das Kruzifix von San Damiano - Holyart.de Blog\",\"isPartOf\":{\"@id\":\"https:\/\/blog.holyart.it\/de\/#website\"},\"primaryImageOfPage\":{\"@id\":\"https:\/\/blog.holyart.it\/de\/heilige-und-selige\/das-kruzifix-von-san-damiano\/#primaryimage\"},\"image\":{\"@id\":\"https:\/\/blog.holyart.it\/de\/heilige-und-selige\/das-kruzifix-von-san-damiano\/#primaryimage\"},\"thumbnailUrl\":\"https:\/\/blog.holyart.it\/de\/wp-content\/uploads\/sites\/12\/2019\/04\/Das-Kruzifix-von-San-Damiano.jpg\",\"datePublished\":\"2019-03-06T14:44:47+00:00\",\"dateModified\":\"2020-06-17T14:45:45+00:00\",\"breadcrumb\":{\"@id\":\"https:\/\/blog.holyart.it\/de\/heilige-und-selige\/das-kruzifix-von-san-damiano\/#breadcrumb\"},\"inLanguage\":\"de\",\"potentialAction\":[{\"@type\":\"ReadAction\",\"target\":[\"https:\/\/blog.holyart.it\/de\/heilige-und-selige\/das-kruzifix-von-san-damiano\/\"]}]},{\"@type\":\"ImageObject\",\"inLanguage\":\"de\",\"@id\":\"https:\/\/blog.holyart.it\/de\/heilige-und-selige\/das-kruzifix-von-san-damiano\/#primaryimage\",\"url\":\"https:\/\/blog.holyart.it\/de\/wp-content\/uploads\/sites\/12\/2019\/04\/Das-Kruzifix-von-San-Damiano.jpg\",\"contentUrl\":\"https:\/\/blog.holyart.it\/de\/wp-content\/uploads\/sites\/12\/2019\/04\/Das-Kruzifix-von-San-Damiano.jpg\",\"width\":1000,\"height\":666,\"caption\":\"Das Kruzifix von San Damiano\"},{\"@type\":\"BreadcrumbList\",\"@id\":\"https:\/\/blog.holyart.it\/de\/heilige-und-selige\/das-kruzifix-von-san-damiano\/#breadcrumb\",\"itemListElement\":[{\"@type\":\"ListItem\",\"position\":1,\"name\":\"Homepage\",\"item\":\"https:\/\/blog.holyart.it\/de\/\"},{\"@type\":\"ListItem\",\"position\":2,\"name\":\"Heilige und Selige\",\"item\":\"https:\/\/blog.holyart.it\/de\/heilige-und-selige\/\"},{\"@type\":\"ListItem\",\"position\":3,\"name\":\"Das Kruzifix von San Damiano\"}]},{\"@type\":\"WebSite\",\"@id\":\"https:\/\/blog.holyart.it\/de\/#website\",\"url\":\"https:\/\/blog.holyart.it\/de\/\",\"name\":\"Holyart.de Blog\",\"description\":\"Holyblog\",\"publisher\":{\"@id\":\"https:\/\/blog.holyart.it\/de\/#organization\"},\"potentialAction\":[{\"@type\":\"SearchAction\",\"target\":{\"@type\":\"EntryPoint\",\"urlTemplate\":\"https:\/\/blog.holyart.it\/de\/?s={search_term_string}\"},\"query-input\":{\"@type\":\"PropertyValueSpecification\",\"valueRequired\":true,\"valueName\":\"search_term_string\"}}],\"inLanguage\":\"de\"},{\"@type\":\"Organization\",\"@id\":\"https:\/\/blog.holyart.it\/de\/#organization\",\"name\":\"Holyart.de Blog\",\"url\":\"https:\/\/blog.holyart.it\/de\/\",\"logo\":{\"@type\":\"ImageObject\",\"inLanguage\":\"de\",\"@id\":\"https:\/\/blog.holyart.it\/de\/#\/schema\/logo\/image\/\",\"url\":\"https:\/\/blog.holyart.it\/de\/wp-content\/uploads\/sites\/12\/2022\/12\/Holyart_Blog_Logo.jpg\",\"contentUrl\":\"https:\/\/blog.holyart.it\/de\/wp-content\/uploads\/sites\/12\/2022\/12\/Holyart_Blog_Logo.jpg\",\"width\":300,\"height\":50,\"caption\":\"Holyart.de Blog\"},\"image\":{\"@id\":\"https:\/\/blog.holyart.it\/de\/#\/schema\/logo\/image\/\"}},{\"@type\":\"Person\",\"@id\":\"https:\/\/blog.holyart.it\/de\/#\/schema\/person\/0a7b686e5af0f856ec1e390dd0baecda\",\"name\":\"Redazione\",\"image\":{\"@type\":\"ImageObject\",\"inLanguage\":\"de\",\"@id\":\"https:\/\/blog.holyart.it\/de\/#\/schema\/person\/image\/\",\"url\":\"https:\/\/secure.gravatar.com\/avatar\/f477da817f43e50d0af36abecd33e3edf826c68299714bdc1057dff3b113f516?s=96&d=mm&r=g\",\"contentUrl\":\"https:\/\/secure.gravatar.com\/avatar\/f477da817f43e50d0af36abecd33e3edf826c68299714bdc1057dff3b113f516?s=96&d=mm&r=g\",\"caption\":\"Redazione\"}}]}<\/script>\n<!-- \/ Yoast SEO plugin. -->","yoast_head_json":{"title":"Das Kruzifix von San Damiano - Holyart.de Blog","robots":{"index":"index","follow":"follow","max-snippet":"max-snippet:-1","max-image-preview":"max-image-preview:large","max-video-preview":"max-video-preview:-1"},"canonical":"https:\/\/blog.holyart.it\/de\/heilige-und-selige\/das-kruzifix-von-san-damiano\/","og_locale":"de_DE","og_type":"article","og_title":"Das Kruzifix von San Damiano - Holyart.de Blog","og_description":"Das Kruzifix von San Damiano ist jenes, vor dem der heilige Franz von Assisi im fernen Jahr 1205 betete und von Gott den Auftrag erhielt, seine Kirche zu erneuern. Der Heilige von Assisi dachte zun\u00e4chst, der Allerh\u00f6chste meine die Kirche von San Damiano, an der&hellip;","og_url":"https:\/\/blog.holyart.it\/de\/heilige-und-selige\/das-kruzifix-von-san-damiano\/","og_site_name":"Holyart.de Blog","article_published_time":"2019-03-06T14:44:47+00:00","article_modified_time":"2020-06-17T14:45:45+00:00","og_image":[{"width":1000,"height":666,"url":"https:\/\/blog.holyart.it\/de\/wp-content\/uploads\/sites\/12\/2019\/04\/Das-Kruzifix-von-San-Damiano.jpg","type":"image\/jpeg"}],"author":"Redazione","twitter_card":"summary_large_image","twitter_misc":{"Verfasst von":"Redazione","Gesch\u00e4tzte Lesezeit":"10\u00a0Minuten"},"schema":{"@context":"https:\/\/schema.org","@graph":[{"@type":"Article","@id":"https:\/\/blog.holyart.it\/de\/heilige-und-selige\/das-kruzifix-von-san-damiano\/#article","isPartOf":{"@id":"https:\/\/blog.holyart.it\/de\/heilige-und-selige\/das-kruzifix-von-san-damiano\/"},"author":{"name":"Redazione","@id":"https:\/\/blog.holyart.it\/de\/#\/schema\/person\/0a7b686e5af0f856ec1e390dd0baecda"},"headline":"Das Kruzifix von San Damiano","datePublished":"2019-03-06T14:44:47+00:00","dateModified":"2020-06-17T14:45:45+00:00","mainEntityOfPage":{"@id":"https:\/\/blog.holyart.it\/de\/heilige-und-selige\/das-kruzifix-von-san-damiano\/"},"wordCount":2099,"publisher":{"@id":"https:\/\/blog.holyart.it\/de\/#organization"},"image":{"@id":"https:\/\/blog.holyart.it\/de\/heilige-und-selige\/das-kruzifix-von-san-damiano\/#primaryimage"},"thumbnailUrl":"https:\/\/blog.holyart.it\/de\/wp-content\/uploads\/sites\/12\/2019\/04\/Das-Kruzifix-von-San-Damiano.jpg","articleSection":["Heilige und Selige"],"inLanguage":"de"},{"@type":"WebPage","@id":"https:\/\/blog.holyart.it\/de\/heilige-und-selige\/das-kruzifix-von-san-damiano\/","url":"https:\/\/blog.holyart.it\/de\/heilige-und-selige\/das-kruzifix-von-san-damiano\/","name":"Das Kruzifix von San Damiano - Holyart.de Blog","isPartOf":{"@id":"https:\/\/blog.holyart.it\/de\/#website"},"primaryImageOfPage":{"@id":"https:\/\/blog.holyart.it\/de\/heilige-und-selige\/das-kruzifix-von-san-damiano\/#primaryimage"},"image":{"@id":"https:\/\/blog.holyart.it\/de\/heilige-und-selige\/das-kruzifix-von-san-damiano\/#primaryimage"},"thumbnailUrl":"https:\/\/blog.holyart.it\/de\/wp-content\/uploads\/sites\/12\/2019\/04\/Das-Kruzifix-von-San-Damiano.jpg","datePublished":"2019-03-06T14:44:47+00:00","dateModified":"2020-06-17T14:45:45+00:00","breadcrumb":{"@id":"https:\/\/blog.holyart.it\/de\/heilige-und-selige\/das-kruzifix-von-san-damiano\/#breadcrumb"},"inLanguage":"de","potentialAction":[{"@type":"ReadAction","target":["https:\/\/blog.holyart.it\/de\/heilige-und-selige\/das-kruzifix-von-san-damiano\/"]}]},{"@type":"ImageObject","inLanguage":"de","@id":"https:\/\/blog.holyart.it\/de\/heilige-und-selige\/das-kruzifix-von-san-damiano\/#primaryimage","url":"https:\/\/blog.holyart.it\/de\/wp-content\/uploads\/sites\/12\/2019\/04\/Das-Kruzifix-von-San-Damiano.jpg","contentUrl":"https:\/\/blog.holyart.it\/de\/wp-content\/uploads\/sites\/12\/2019\/04\/Das-Kruzifix-von-San-Damiano.jpg","width":1000,"height":666,"caption":"Das Kruzifix von San Damiano"},{"@type":"BreadcrumbList","@id":"https:\/\/blog.holyart.it\/de\/heilige-und-selige\/das-kruzifix-von-san-damiano\/#breadcrumb","itemListElement":[{"@type":"ListItem","position":1,"name":"Homepage","item":"https:\/\/blog.holyart.it\/de\/"},{"@type":"ListItem","position":2,"name":"Heilige und Selige","item":"https:\/\/blog.holyart.it\/de\/heilige-und-selige\/"},{"@type":"ListItem","position":3,"name":"Das Kruzifix von San Damiano"}]},{"@type":"WebSite","@id":"https:\/\/blog.holyart.it\/de\/#website","url":"https:\/\/blog.holyart.it\/de\/","name":"Holyart.de Blog","description":"Holyblog","publisher":{"@id":"https:\/\/blog.holyart.it\/de\/#organization"},"potentialAction":[{"@type":"SearchAction","target":{"@type":"EntryPoint","urlTemplate":"https:\/\/blog.holyart.it\/de\/?s={search_term_string}"},"query-input":{"@type":"PropertyValueSpecification","valueRequired":true,"valueName":"search_term_string"}}],"inLanguage":"de"},{"@type":"Organization","@id":"https:\/\/blog.holyart.it\/de\/#organization","name":"Holyart.de Blog","url":"https:\/\/blog.holyart.it\/de\/","logo":{"@type":"ImageObject","inLanguage":"de","@id":"https:\/\/blog.holyart.it\/de\/#\/schema\/logo\/image\/","url":"https:\/\/blog.holyart.it\/de\/wp-content\/uploads\/sites\/12\/2022\/12\/Holyart_Blog_Logo.jpg","contentUrl":"https:\/\/blog.holyart.it\/de\/wp-content\/uploads\/sites\/12\/2022\/12\/Holyart_Blog_Logo.jpg","width":300,"height":50,"caption":"Holyart.de Blog"},"image":{"@id":"https:\/\/blog.holyart.it\/de\/#\/schema\/logo\/image\/"}},{"@type":"Person","@id":"https:\/\/blog.holyart.it\/de\/#\/schema\/person\/0a7b686e5af0f856ec1e390dd0baecda","name":"Redazione","image":{"@type":"ImageObject","inLanguage":"de","@id":"https:\/\/blog.holyart.it\/de\/#\/schema\/person\/image\/","url":"https:\/\/secure.gravatar.com\/avatar\/f477da817f43e50d0af36abecd33e3edf826c68299714bdc1057dff3b113f516?s=96&d=mm&r=g","contentUrl":"https:\/\/secure.gravatar.com\/avatar\/f477da817f43e50d0af36abecd33e3edf826c68299714bdc1057dff3b113f516?s=96&d=mm&r=g","caption":"Redazione"}}]}},"_links":{"self":[{"href":"https:\/\/blog.holyart.it\/de\/wp-json\/wp\/v2\/posts\/912","targetHints":{"allow":["GET"]}}],"collection":[{"href":"https:\/\/blog.holyart.it\/de\/wp-json\/wp\/v2\/posts"}],"about":[{"href":"https:\/\/blog.holyart.it\/de\/wp-json\/wp\/v2\/types\/post"}],"author":[{"embeddable":true,"href":"https:\/\/blog.holyart.it\/de\/wp-json\/wp\/v2\/users\/1"}],"replies":[{"embeddable":true,"href":"https:\/\/blog.holyart.it\/de\/wp-json\/wp\/v2\/comments?post=912"}],"version-history":[{"count":0,"href":"https:\/\/blog.holyart.it\/de\/wp-json\/wp\/v2\/posts\/912\/revisions"}],"wp:featuredmedia":[{"embeddable":true,"href":"https:\/\/blog.holyart.it\/de\/wp-json\/wp\/v2\/media\/913"}],"wp:attachment":[{"href":"https:\/\/blog.holyart.it\/de\/wp-json\/wp\/v2\/media?parent=912"}],"wp:term":[{"taxonomy":"category","embeddable":true,"href":"https:\/\/blog.holyart.it\/de\/wp-json\/wp\/v2\/categories?post=912"},{"taxonomy":"post_tag","embeddable":true,"href":"https:\/\/blog.holyart.it\/de\/wp-json\/wp\/v2\/tags?post=912"}],"curies":[{"name":"wp","href":"https:\/\/api.w.org\/{rel}","templated":true}]}}