{"id":87,"date":"2016-06-29T17:19:10","date_gmt":"2016-06-29T15:19:10","guid":{"rendered":"https:\/\/blog.holyart.it\/de\/?p=87"},"modified":"2016-10-07T12:49:25","modified_gmt":"2016-10-07T10:49:25","slug":"antonius-von-padua","status":"publish","type":"post","link":"https:\/\/blog.holyart.it\/de\/heilige-und-selige\/antonius-von-padua\/","title":{"rendered":"Antonius Von Padua"},"content":{"rendered":"<p><strong>Antonius von Padua<\/strong> lebte in einer Zeit voll von gro\u00dfen historischen, sozialen und geistlichen \u00c4nderungen. Es war das Ende Mittelalters: Europa sah die Geburt der Gemeinde und eine starke Urbanisierung und eine neue politische Vorstellung des Gebiets. Eine neue soziale Schicht, das B\u00fcrgertum, bildet sich mit Handwerker, H\u00e4ndler, Bankbesitzer und neue Profis, die zusammen mit Ritter, Klerus und Adel die neue soziale Realit\u00e4t baut.<br \/>\nDie Kirche sieht auch viele \u00c4nderungen: die Kathedralen werden immer wichtiger als Versammlungszentren f\u00fcr die n\u00e4chsten 9 Kreuzungen, und als Wunsch von Erneuerung des Klerus, der in seinen Urspr\u00fcngen den Weg f\u00fcr seine Zukunft finden sollte. Genau in diesen Jahren wurden viele neuen religi\u00f6sen Orden geboren, die nicht nur auf dem Klerus Eindruck machen, sondern auch auf der Geschichte und auf dem sozialen Leben: wie zum Beispiel die Dominikaner und die Franziskaner, von denen <strong>Antonius aus Padua<\/strong> einen Mitglied war.<\/p>\n<p>Fernando Martim de Bulhoes e Taveira Azevedo wurde in Lissabon als Sohn einer beg\u00fcterten Familie geboren, und seit als Junge zeigte <strong>Antonius von Padua<\/strong> Liebe f\u00fcr das Lernen, f\u00fcr das beschauliches Leben und f\u00fcr das Priestertum.<\/p>\n<p>Der M\u00e4rtyrertod der ersten Franziskaner in Afrika w\u00e4hrend seiner Mission, brachten <strong>Antonius von Padua<\/strong> dazu, die Franziskaner auszuw\u00e4hlen. Er traf Hl. Franz von Assisi, und bekam <strong>Antonius von Padua<\/strong> nicht nur einen Prediger und Vertreter der franziskanischen Ideologie, sondern auch einen Besch\u00fctzer gegen H\u00e4resien, und wurde daf\u00fcr \u201e<strong>malleus hereticourm, Hammer der Ketzer<\/strong>\u201c genannt.<\/p>\n<p><strong>Antonius von Padua<\/strong> starb in Padua (hier die Benennung \u201evon Padua\u201c), wo er am Meisten t\u00e4tig war, und ist als Patron der Armen, der Hungrigen und der verlorenen Sachen erinnert.<\/p>\n<p>In dem Katalog von <strong>Holyart<\/strong> finden Sie viele <strong><a title=\"Statuen von Antonius von Padua\" href=\"http:\/\/www.holyart.de\/devotionalien\/statuen\">Statuen von Antonius von Padua<\/a><\/strong> in verschiedenen Dimensionen und Preisen.<\/p>\n","protected":false},"excerpt":{"rendered":"<p>Antonius von Padua lebte in einer Zeit voll von gro\u00dfen historischen, sozialen und geistlichen \u00c4nderungen. Es war das Ende Mittelalters: Europa sah die Geburt der Gemeinde und eine starke Urbanisierung und eine neue politische Vorstellung des Gebiets. Eine neue soziale Schicht, das B\u00fcrgertum, bildet sich&hellip;<\/p>\n","protected":false},"author":1,"featured_media":117,"comment_status":"closed","ping_status":"open","sticky":false,"template":"","format":"standard","meta":{"_acf_changed":false,"footnotes":""},"categories":[9],"tags":[],"class_list":["post-87","post","type-post","status-publish","format-standard","has-post-thumbnail","hentry","category-heilige-und-selige"],"acf":[],"yoast_head":"<!-- This site is optimized with the Yoast SEO plugin v26.6 - https:\/\/yoast.com\/wordpress\/plugins\/seo\/ -->\n<title>Antonius Von Padua - Holyart.de Blog<\/title>\n<meta name=\"description\" content=\"Antonius von Padua starb in Padua, wo er am Meisten t\u00e4tig war, und ist als Patron der Armen, der Hungrigen und der verlorenen Sachen erinnert.\" \/>\n<meta name=\"robots\" content=\"index, follow, max-snippet:-1, max-image-preview:large, max-video-preview:-1\" \/>\n<link rel=\"canonical\" href=\"https:\/\/blog.holyart.it\/de\/heilige-und-selige\/antonius-von-padua\/\" \/>\n<meta property=\"og:locale\" content=\"de_DE\" \/>\n<meta property=\"og:type\" content=\"article\" \/>\n<meta property=\"og:title\" content=\"Antonius Von Padua - Holyart.de Blog\" \/>\n<meta property=\"og:description\" content=\"Antonius von Padua starb in Padua, wo er am Meisten t\u00e4tig war, und ist als Patron der Armen, der Hungrigen und der verlorenen Sachen erinnert.\" \/>\n<meta property=\"og:url\" content=\"https:\/\/blog.holyart.it\/de\/heilige-und-selige\/antonius-von-padua\/\" \/>\n<meta property=\"og:site_name\" content=\"Holyart.de Blog\" \/>\n<meta property=\"article:published_time\" content=\"2016-06-29T15:19:10+00:00\" \/>\n<meta property=\"article:modified_time\" content=\"2016-10-07T10:49:25+00:00\" \/>\n<meta property=\"og:image\" content=\"https:\/\/blog.holyart.it\/de\/wp-content\/uploads\/sites\/12\/2016\/06\/Antonius-Von-Padua.jpg\" \/>\n\t<meta property=\"og:image:width\" content=\"1000\" \/>\n\t<meta property=\"og:image:height\" content=\"684\" \/>\n\t<meta property=\"og:image:type\" content=\"image\/jpeg\" \/>\n<meta name=\"author\" content=\"Redazione\" \/>\n<meta name=\"twitter:card\" content=\"summary_large_image\" \/>\n<meta name=\"twitter:label1\" content=\"Verfasst von\" \/>\n\t<meta name=\"twitter:data1\" content=\"Redazione\" \/>\n\t<meta name=\"twitter:label2\" content=\"Gesch\u00e4tzte Lesezeit\" \/>\n\t<meta name=\"twitter:data2\" content=\"2\u00a0Minuten\" \/>\n<script type=\"application\/ld+json\" class=\"yoast-schema-graph\">{\"@context\":\"https:\/\/schema.org\",\"@graph\":[{\"@type\":\"Article\",\"@id\":\"https:\/\/blog.holyart.it\/de\/heilige-und-selige\/antonius-von-padua\/#article\",\"isPartOf\":{\"@id\":\"https:\/\/blog.holyart.it\/de\/heilige-und-selige\/antonius-von-padua\/\"},\"author\":{\"name\":\"Redazione\",\"@id\":\"https:\/\/blog.holyart.it\/de\/#\/schema\/person\/0a7b686e5af0f856ec1e390dd0baecda\"},\"headline\":\"Antonius Von Padua\",\"datePublished\":\"2016-06-29T15:19:10+00:00\",\"dateModified\":\"2016-10-07T10:49:25+00:00\",\"mainEntityOfPage\":{\"@id\":\"https:\/\/blog.holyart.it\/de\/heilige-und-selige\/antonius-von-padua\/\"},\"wordCount\":303,\"publisher\":{\"@id\":\"https:\/\/blog.holyart.it\/de\/#organization\"},\"image\":{\"@id\":\"https:\/\/blog.holyart.it\/de\/heilige-und-selige\/antonius-von-padua\/#primaryimage\"},\"thumbnailUrl\":\"https:\/\/blog.holyart.it\/de\/wp-content\/uploads\/sites\/12\/2016\/06\/Antonius-Von-Padua.jpg\",\"articleSection\":[\"Heilige und Selige\"],\"inLanguage\":\"de\"},{\"@type\":\"WebPage\",\"@id\":\"https:\/\/blog.holyart.it\/de\/heilige-und-selige\/antonius-von-padua\/\",\"url\":\"https:\/\/blog.holyart.it\/de\/heilige-und-selige\/antonius-von-padua\/\",\"name\":\"Antonius Von Padua - Holyart.de Blog\",\"isPartOf\":{\"@id\":\"https:\/\/blog.holyart.it\/de\/#website\"},\"primaryImageOfPage\":{\"@id\":\"https:\/\/blog.holyart.it\/de\/heilige-und-selige\/antonius-von-padua\/#primaryimage\"},\"image\":{\"@id\":\"https:\/\/blog.holyart.it\/de\/heilige-und-selige\/antonius-von-padua\/#primaryimage\"},\"thumbnailUrl\":\"https:\/\/blog.holyart.it\/de\/wp-content\/uploads\/sites\/12\/2016\/06\/Antonius-Von-Padua.jpg\",\"datePublished\":\"2016-06-29T15:19:10+00:00\",\"dateModified\":\"2016-10-07T10:49:25+00:00\",\"description\":\"Antonius von Padua starb in Padua, wo er am Meisten t\u00e4tig war, und ist als Patron der Armen, der Hungrigen und der verlorenen Sachen erinnert.\",\"breadcrumb\":{\"@id\":\"https:\/\/blog.holyart.it\/de\/heilige-und-selige\/antonius-von-padua\/#breadcrumb\"},\"inLanguage\":\"de\",\"potentialAction\":[{\"@type\":\"ReadAction\",\"target\":[\"https:\/\/blog.holyart.it\/de\/heilige-und-selige\/antonius-von-padua\/\"]}]},{\"@type\":\"ImageObject\",\"inLanguage\":\"de\",\"@id\":\"https:\/\/blog.holyart.it\/de\/heilige-und-selige\/antonius-von-padua\/#primaryimage\",\"url\":\"https:\/\/blog.holyart.it\/de\/wp-content\/uploads\/sites\/12\/2016\/06\/Antonius-Von-Padua.jpg\",\"contentUrl\":\"https:\/\/blog.holyart.it\/de\/wp-content\/uploads\/sites\/12\/2016\/06\/Antonius-Von-Padua.jpg\",\"width\":1000,\"height\":684,\"caption\":\"Antonius Von Padua\"},{\"@type\":\"BreadcrumbList\",\"@id\":\"https:\/\/blog.holyart.it\/de\/heilige-und-selige\/antonius-von-padua\/#breadcrumb\",\"itemListElement\":[{\"@type\":\"ListItem\",\"position\":1,\"name\":\"Homepage\",\"item\":\"https:\/\/blog.holyart.it\/de\/\"},{\"@type\":\"ListItem\",\"position\":2,\"name\":\"Heilige und Selige\",\"item\":\"https:\/\/blog.holyart.it\/de\/heilige-und-selige\/\"},{\"@type\":\"ListItem\",\"position\":3,\"name\":\"Antonius Von Padua\"}]},{\"@type\":\"WebSite\",\"@id\":\"https:\/\/blog.holyart.it\/de\/#website\",\"url\":\"https:\/\/blog.holyart.it\/de\/\",\"name\":\"Holyart.de Blog\",\"description\":\"Holyblog\",\"publisher\":{\"@id\":\"https:\/\/blog.holyart.it\/de\/#organization\"},\"potentialAction\":[{\"@type\":\"SearchAction\",\"target\":{\"@type\":\"EntryPoint\",\"urlTemplate\":\"https:\/\/blog.holyart.it\/de\/?s={search_term_string}\"},\"query-input\":{\"@type\":\"PropertyValueSpecification\",\"valueRequired\":true,\"valueName\":\"search_term_string\"}}],\"inLanguage\":\"de\"},{\"@type\":\"Organization\",\"@id\":\"https:\/\/blog.holyart.it\/de\/#organization\",\"name\":\"Holyart.de Blog\",\"url\":\"https:\/\/blog.holyart.it\/de\/\",\"logo\":{\"@type\":\"ImageObject\",\"inLanguage\":\"de\",\"@id\":\"https:\/\/blog.holyart.it\/de\/#\/schema\/logo\/image\/\",\"url\":\"https:\/\/blog.holyart.it\/de\/wp-content\/uploads\/sites\/12\/2022\/12\/Holyart_Blog_Logo.jpg\",\"contentUrl\":\"https:\/\/blog.holyart.it\/de\/wp-content\/uploads\/sites\/12\/2022\/12\/Holyart_Blog_Logo.jpg\",\"width\":300,\"height\":50,\"caption\":\"Holyart.de Blog\"},\"image\":{\"@id\":\"https:\/\/blog.holyart.it\/de\/#\/schema\/logo\/image\/\"}},{\"@type\":\"Person\",\"@id\":\"https:\/\/blog.holyart.it\/de\/#\/schema\/person\/0a7b686e5af0f856ec1e390dd0baecda\",\"name\":\"Redazione\",\"image\":{\"@type\":\"ImageObject\",\"inLanguage\":\"de\",\"@id\":\"https:\/\/blog.holyart.it\/de\/#\/schema\/person\/image\/\",\"url\":\"https:\/\/secure.gravatar.com\/avatar\/f477da817f43e50d0af36abecd33e3edf826c68299714bdc1057dff3b113f516?s=96&d=mm&r=g\",\"contentUrl\":\"https:\/\/secure.gravatar.com\/avatar\/f477da817f43e50d0af36abecd33e3edf826c68299714bdc1057dff3b113f516?s=96&d=mm&r=g\",\"caption\":\"Redazione\"}}]}<\/script>\n<!-- \/ Yoast SEO plugin. -->","yoast_head_json":{"title":"Antonius Von Padua - Holyart.de Blog","description":"Antonius von Padua starb in Padua, wo er am Meisten t\u00e4tig war, und ist als Patron der Armen, der Hungrigen und der verlorenen Sachen erinnert.","robots":{"index":"index","follow":"follow","max-snippet":"max-snippet:-1","max-image-preview":"max-image-preview:large","max-video-preview":"max-video-preview:-1"},"canonical":"https:\/\/blog.holyart.it\/de\/heilige-und-selige\/antonius-von-padua\/","og_locale":"de_DE","og_type":"article","og_title":"Antonius Von Padua - Holyart.de Blog","og_description":"Antonius von Padua starb in Padua, wo er am Meisten t\u00e4tig war, und ist als Patron der Armen, der Hungrigen und der verlorenen Sachen erinnert.","og_url":"https:\/\/blog.holyart.it\/de\/heilige-und-selige\/antonius-von-padua\/","og_site_name":"Holyart.de Blog","article_published_time":"2016-06-29T15:19:10+00:00","article_modified_time":"2016-10-07T10:49:25+00:00","og_image":[{"width":1000,"height":684,"url":"https:\/\/blog.holyart.it\/de\/wp-content\/uploads\/sites\/12\/2016\/06\/Antonius-Von-Padua.jpg","type":"image\/jpeg"}],"author":"Redazione","twitter_card":"summary_large_image","twitter_misc":{"Verfasst von":"Redazione","Gesch\u00e4tzte Lesezeit":"2\u00a0Minuten"},"schema":{"@context":"https:\/\/schema.org","@graph":[{"@type":"Article","@id":"https:\/\/blog.holyart.it\/de\/heilige-und-selige\/antonius-von-padua\/#article","isPartOf":{"@id":"https:\/\/blog.holyart.it\/de\/heilige-und-selige\/antonius-von-padua\/"},"author":{"name":"Redazione","@id":"https:\/\/blog.holyart.it\/de\/#\/schema\/person\/0a7b686e5af0f856ec1e390dd0baecda"},"headline":"Antonius Von Padua","datePublished":"2016-06-29T15:19:10+00:00","dateModified":"2016-10-07T10:49:25+00:00","mainEntityOfPage":{"@id":"https:\/\/blog.holyart.it\/de\/heilige-und-selige\/antonius-von-padua\/"},"wordCount":303,"publisher":{"@id":"https:\/\/blog.holyart.it\/de\/#organization"},"image":{"@id":"https:\/\/blog.holyart.it\/de\/heilige-und-selige\/antonius-von-padua\/#primaryimage"},"thumbnailUrl":"https:\/\/blog.holyart.it\/de\/wp-content\/uploads\/sites\/12\/2016\/06\/Antonius-Von-Padua.jpg","articleSection":["Heilige und Selige"],"inLanguage":"de"},{"@type":"WebPage","@id":"https:\/\/blog.holyart.it\/de\/heilige-und-selige\/antonius-von-padua\/","url":"https:\/\/blog.holyart.it\/de\/heilige-und-selige\/antonius-von-padua\/","name":"Antonius Von Padua - Holyart.de Blog","isPartOf":{"@id":"https:\/\/blog.holyart.it\/de\/#website"},"primaryImageOfPage":{"@id":"https:\/\/blog.holyart.it\/de\/heilige-und-selige\/antonius-von-padua\/#primaryimage"},"image":{"@id":"https:\/\/blog.holyart.it\/de\/heilige-und-selige\/antonius-von-padua\/#primaryimage"},"thumbnailUrl":"https:\/\/blog.holyart.it\/de\/wp-content\/uploads\/sites\/12\/2016\/06\/Antonius-Von-Padua.jpg","datePublished":"2016-06-29T15:19:10+00:00","dateModified":"2016-10-07T10:49:25+00:00","description":"Antonius von Padua starb in Padua, wo er am Meisten t\u00e4tig war, und ist als Patron der Armen, der Hungrigen und der verlorenen Sachen erinnert.","breadcrumb":{"@id":"https:\/\/blog.holyart.it\/de\/heilige-und-selige\/antonius-von-padua\/#breadcrumb"},"inLanguage":"de","potentialAction":[{"@type":"ReadAction","target":["https:\/\/blog.holyart.it\/de\/heilige-und-selige\/antonius-von-padua\/"]}]},{"@type":"ImageObject","inLanguage":"de","@id":"https:\/\/blog.holyart.it\/de\/heilige-und-selige\/antonius-von-padua\/#primaryimage","url":"https:\/\/blog.holyart.it\/de\/wp-content\/uploads\/sites\/12\/2016\/06\/Antonius-Von-Padua.jpg","contentUrl":"https:\/\/blog.holyart.it\/de\/wp-content\/uploads\/sites\/12\/2016\/06\/Antonius-Von-Padua.jpg","width":1000,"height":684,"caption":"Antonius Von Padua"},{"@type":"BreadcrumbList","@id":"https:\/\/blog.holyart.it\/de\/heilige-und-selige\/antonius-von-padua\/#breadcrumb","itemListElement":[{"@type":"ListItem","position":1,"name":"Homepage","item":"https:\/\/blog.holyart.it\/de\/"},{"@type":"ListItem","position":2,"name":"Heilige und Selige","item":"https:\/\/blog.holyart.it\/de\/heilige-und-selige\/"},{"@type":"ListItem","position":3,"name":"Antonius Von Padua"}]},{"@type":"WebSite","@id":"https:\/\/blog.holyart.it\/de\/#website","url":"https:\/\/blog.holyart.it\/de\/","name":"Holyart.de Blog","description":"Holyblog","publisher":{"@id":"https:\/\/blog.holyart.it\/de\/#organization"},"potentialAction":[{"@type":"SearchAction","target":{"@type":"EntryPoint","urlTemplate":"https:\/\/blog.holyart.it\/de\/?s={search_term_string}"},"query-input":{"@type":"PropertyValueSpecification","valueRequired":true,"valueName":"search_term_string"}}],"inLanguage":"de"},{"@type":"Organization","@id":"https:\/\/blog.holyart.it\/de\/#organization","name":"Holyart.de Blog","url":"https:\/\/blog.holyart.it\/de\/","logo":{"@type":"ImageObject","inLanguage":"de","@id":"https:\/\/blog.holyart.it\/de\/#\/schema\/logo\/image\/","url":"https:\/\/blog.holyart.it\/de\/wp-content\/uploads\/sites\/12\/2022\/12\/Holyart_Blog_Logo.jpg","contentUrl":"https:\/\/blog.holyart.it\/de\/wp-content\/uploads\/sites\/12\/2022\/12\/Holyart_Blog_Logo.jpg","width":300,"height":50,"caption":"Holyart.de Blog"},"image":{"@id":"https:\/\/blog.holyart.it\/de\/#\/schema\/logo\/image\/"}},{"@type":"Person","@id":"https:\/\/blog.holyart.it\/de\/#\/schema\/person\/0a7b686e5af0f856ec1e390dd0baecda","name":"Redazione","image":{"@type":"ImageObject","inLanguage":"de","@id":"https:\/\/blog.holyart.it\/de\/#\/schema\/person\/image\/","url":"https:\/\/secure.gravatar.com\/avatar\/f477da817f43e50d0af36abecd33e3edf826c68299714bdc1057dff3b113f516?s=96&d=mm&r=g","contentUrl":"https:\/\/secure.gravatar.com\/avatar\/f477da817f43e50d0af36abecd33e3edf826c68299714bdc1057dff3b113f516?s=96&d=mm&r=g","caption":"Redazione"}}]}},"_links":{"self":[{"href":"https:\/\/blog.holyart.it\/de\/wp-json\/wp\/v2\/posts\/87","targetHints":{"allow":["GET"]}}],"collection":[{"href":"https:\/\/blog.holyart.it\/de\/wp-json\/wp\/v2\/posts"}],"about":[{"href":"https:\/\/blog.holyart.it\/de\/wp-json\/wp\/v2\/types\/post"}],"author":[{"embeddable":true,"href":"https:\/\/blog.holyart.it\/de\/wp-json\/wp\/v2\/users\/1"}],"replies":[{"embeddable":true,"href":"https:\/\/blog.holyart.it\/de\/wp-json\/wp\/v2\/comments?post=87"}],"version-history":[{"count":0,"href":"https:\/\/blog.holyart.it\/de\/wp-json\/wp\/v2\/posts\/87\/revisions"}],"wp:featuredmedia":[{"embeddable":true,"href":"https:\/\/blog.holyart.it\/de\/wp-json\/wp\/v2\/media\/117"}],"wp:attachment":[{"href":"https:\/\/blog.holyart.it\/de\/wp-json\/wp\/v2\/media?parent=87"}],"wp:term":[{"taxonomy":"category","embeddable":true,"href":"https:\/\/blog.holyart.it\/de\/wp-json\/wp\/v2\/categories?post=87"},{"taxonomy":"post_tag","embeddable":true,"href":"https:\/\/blog.holyart.it\/de\/wp-json\/wp\/v2\/tags?post=87"}],"curies":[{"name":"wp","href":"https:\/\/api.w.org\/{rel}","templated":true}]}}