{"id":844,"date":"2019-01-30T17:19:46","date_gmt":"2019-01-30T16:19:46","guid":{"rendered":"https:\/\/blog.holyart.it\/de\/?p=844"},"modified":"2019-04-01T17:54:44","modified_gmt":"2019-04-01T15:54:44","slug":"liturgische-kerzen-wann-und-warum-sie-wichtig-sind","status":"publish","type":"post","link":"https:\/\/blog.holyart.it\/de\/liturgische-gerate\/liturgische-kerzen-wann-und-warum-sie-wichtig-sind\/","title":{"rendered":"Liturgische Kerzen: wann und warum sie wichtig sind"},"content":{"rendered":"<p>Licht hat immer eine tiefe und wesentliche Bedeutung f\u00fcr die Menschen gehabt. Es gibt keine Religion, die es nicht als ein Schl\u00fcsselelement in ihrer Mythologie hat, keine Zivilisation, die es nicht als ein mit dem Leben vergleichbares Sinnbild zelebriert hat. Die Gr\u00fcnde sind offensichtlich und verdienen gewiss eine tiefer gehende Diskussion.<\/p>\n<p>Wir m\u00fcssen eine besondere Art von \u201aLicht\u2018 in Betracht ziehen, das mit Religion und Geistigkeit verbunden ist. Wir sprechen \u00fcber liturgische Kerzen.<\/p>\n<p><strong><a href=\"https:\/\/www.holyart.de\/blog\/devotionalien\/elektrische-kerzen-wenn-ein-kult-seine-heiligkeit-verliert\/\">Kerzen<\/a><\/strong> sind seit der Sch\u00f6pfung in den Ritualen und Zeremonien von vielen Religionen erschienen.<\/p>\n<p>Zum Beispiel in der j\u00fcdischen Religion, das Anz\u00fcnden der Kerzen an einem Freitagabend, um den Beginn des Sabbats zu feiern, oder das Chanukka-Fesl, das Fest des Lichtes, in der jede Nacht f\u00fcr acht aufeinanderfolgende Tage eine Kerze gez\u00fcndet wird, um die Einweihung eines neuen Altars im Tempel von Jerusalem zu gedenken, nach der errungenen Freiheit von den griechischen Invasoren. Die Juden haben die Gewohnheit, eine Kerze zu z\u00fcnden, die 24 Stunden h\u00e4lt, um den Jahrestag der geliebten Verstorbenen zu markieren.<\/p>\n<p>Das Christentum hat Kerzen und ihr Licht mit einer sogar noch gr\u00f6\u00dferen Bedeutung geschm\u00fcckt. <em>\u201eUnd Gott sagte: Fiat lux!, Es werde Licht. Und da war Licht.\u201c <\/em>(Gen 1,3).<\/p>\n<p>Eines der ersten Dinge, die wir in der Bibel lesen, ist die Erschaffung des Lichts von Gott dem Vater. Das war sein erstes Geschenk f\u00fcr die Welt, das er erschuf, die erste sichtbare Manifestation seines Willen, von seiner Essenz, denn wo Gott ist, dort kann es nicht l\u00e4nger dunkel sein. Und das ist nicht alles. Es ist das Licht, welches es uns erm\u00f6glicht zu sehen, um die Herrlichkeiten der Welt, die von Gott geschaffen wurden, zu sehen. Ohne Licht h\u00e4tte die Sch\u00f6pfung selbst keinen Grund zu existieren, sie w\u00fcrde viel ihrer immensen Gr\u00f6\u00dfe verlieren. Eine Welt, die nicht bewundert werden kann, existiert nicht.<\/p>\n<p>Ab diesem Zeitpunkt, dann, aus diesem ersten Funken, der aus einem Akt der Liebe und des Willens entspringt, ist die Idee von Gott andauernd mit der des Lichts verbunden. Ein Licht das erhellt, w\u00e4rmt, belebt, n\u00e4hrt.<\/p>\n<p><a href=\"https:\/\/www.holyart.de\/verbrauchsprodukte\/kerzen\"><strong>Liturgische Kerzen<\/strong><\/a> sind mit dieser Idee von Gott, der als Licht verstanden, wird verkn\u00fcpft, und dar\u00fcber hinaus Jesus als Licht von Gott. Und zwar wird Jesus wiederholt in den Schriften als das \u201eLicht, dass die Welt erleuchtet\u201c definiert.<\/p>\n<p><em>\u201eIn ihm gab es Leben; und das Leben war das Licht der Menschen. Das Licht schien in der Dunkelheit, und die Dunkelheit hat es nicht \u00fcberw\u00e4ltigt\u201c <\/em>(Johannes 1:4-5)<\/p>\n<p><em>\u201eDas wahre Licht, dass jeden Menschen erleuchtet, kam in die Welt\u201c<\/em> (Johannes 1:9)<\/p>\n<p><em>Dann sprach Jesus wieder zu ihnen, und sagte, ich bin das Licht der Welt: derjenige der mir folgt, soll nicht in der Dunkelheit gehen, er soll aber das Licht des Lebens haben.\u201c <\/em>(Johannes 8:12)<\/p>\n<p>Das Licht hat in diesem Fall einen exquisiten geistigen Wert der F\u00fchrung in der Dunkelheit, des Wissens von Gott, der durch seinen Sohn zu uns herabstieg, und unsere Augen \u00f6ffnete.<\/p>\n<p>Nochmal, es war Jesus selbst, der seinen J\u00fcngern sagte: <em>\u201eIch bin das wahre Licht\u201c<\/em> uns sp\u00e4ter: <em>\u201eIhr seid das Licht der Welt\u2026 euer Licht muss vor den Menschen scheinen, damit sie eure guten Werke sehen m\u00f6gen und den Vater, der im Himmel ist lobpreisen!\u201c<\/em> (Matheus: 5:16).<\/p>\n<p>Es ist deshalb normal, dass in Kirchen Kerzen auf dem Altar oder in der N\u00e4he des Tabernakels gesetzt werden, und die Hauptfiguren von Ritualen und Feierlichkeiten sind.<\/p>\n<p>Nicht nur das, die Kirche nutzt sie in fast allen Sakramenten, von Taufen bis hin zu Salbungen, als unersetzbare symbolische Elemente.<\/p>\n<p>Wir m\u00f6chten versuchen die unterschiedlichen liturgischen Kerzen zu verstehen und zu identifizieren, um ihre Bedeutung und ihre Wichtigkeit im Bereich der heiligen Rituale zu entdecken.<\/p>\n<h2>Kerze der Taufe oder Taufkerze<\/h2>\n<p>Die Taufe ist das erste Sakrament, welches dem neuen Christ vermittelt wird. F\u00fcr gew\u00f6hnlich geschieht das, wenn es noch ein Neugeborenes ist, wenn es einer religi\u00f6sen Familie angeh\u00f6rt, es kann aber in jedem Alter gefeiert werden. Es ist grundlegend und unabdingbar, weil dadurch die Erbx\u00fcnde von der Seele weggewaschen wird und uns rein und bereit macht, um Gott in unser Leben willkommen zu hei\u00dfen.<\/p>\n<figure id=\"attachment_847\" aria-describedby=\"caption-attachment-847\" style=\"width: 300px\" class=\"wp-caption alignright\"><img loading=\"lazy\" decoding=\"async\" class=\"alignright size-medium wp-image-847\" src=\"https:\/\/blog.holyart.it\/de\/wp-content\/uploads\/sites\/12\/2019\/04\/Kerze-der-Taufe-oder-Taufkerze-300x300.jpg\" alt=\"Kerze der Taufe oder Taufkerze\" width=\"300\" height=\"300\" \/><figcaption id=\"caption-attachment-847\" class=\"wp-caption-text\"><center><strong><a href=\"https:\/\/www.holyart.de\/verbrauchsprodukte\/kerzen\/taufkerze\">Taufkerze<\/a><\/strong><br \/><a href=\"https:\/\/www.holyart.de\/verbrauchsprodukte\/kerzen\/taufkerze\"><button class=\"bottoneacquista\" style=\"vertical-align: middle;\">Einkaufen<\/button><\/a><\/center><\/figcaption><\/figure>\n<p>Neben der Gegenwart eines Priesters, der die Worte des Rituals ausspricht und die Gesten, die f\u00fcr den neuen Gl\u00e4ubigen erforderlich sind, um sein oder ihr neues Leben des Glaubens zu beginnen, bedarf es bei der Taufe der Nutzung von einigen Objekten, welche in diesem Kontext eine Reihe von tiefen symbolischen Bedeutungen annehmen. Es gibt Wasser, selbstverst\u00e4ndlich, welches die urspr\u00fcngliche S\u00fcnde wegw\u00e4scht; \u00d6l der Katechumenen, auf der Brust als ein Schild gegen die Versuchung und das B\u00f6se angewendet; das Chrisma, welches Gott zum neuen getauften weiht; die wei\u00dfe Kleidung, ein Symbol f\u00fcr Reinheit und Wiedergeburt; und schlussendlich, die angez\u00fcndete Kerze, welche den Paten gegeben wird, die den neuen Christen begleiten, und Christus symbolisiert, das Licht der Welt.<\/p>\n<p>Die Symbolik der brennenden Kerze, um das Ritual der Taufe zu erf\u00fcllen hat antike Urspr\u00fcnge und dr\u00fcckt verschiedene Ansichten des geistigen Lebens des neu getauften aus.<\/p>\n<p>Als erstes, gibt es den Wunsch vonseiten derjenigen, die ihn lieben, dass er oder sie das Licht in ihrem eigenen Dasein finden kann (Johannes 8:12 \u2013 <em>\u201eIch bin das Licht der Welt\u201c<\/em>). Der Wunsch ist f\u00fcr ein Leben mit Christus und in Christus, deshalb von seiner Gegenwart, von seinem Beispiel erleuchtet. Die Tatsache, dass die Kerze heute an die Paten gereicht wird, ist symbolisch f\u00fcr ihre Rolle. Die Kerze, die in ihre H\u00e4nde gereicht wird, symbolisiert die Tatsache, dass der neu getaufte, seine eigene Suche nach Licht nicht alleine verrichten muss, dass aber diese starke und weise Pr\u00e4senz ihn jederzeit f\u00fchren wird, um ihm zu helfen, um ihn zu beraten und um ihn ein wahrer Christ werden zu lassen.<\/p>\n<p>Zweitens, die Taufkerze weist darauf hin, dass der neu getaufte im Gegenzug ein Licht f\u00fcr die Welt werden muss (Matheus: 5:14 \u2013 <em>\u201eIhr seid das Licht der Welt; eine Stadt auf einem Berg kann nicht verborgen bleiben\u201c<\/em>) und dazu muss er ein Leben eines flei\u00dfigen Zeugens f\u00fchren (Matheus: 25:1-15 <em>Gleichnis von weisen Jungfrauen und t\u00f6richten Jungfrauen<\/em>).<\/p>\n<p>Die <a href=\"https:\/\/www.holyart.de\/verbrauchsprodukte\/kerzen?23%5B%5D=1606&amp;p_min=&amp;p_max=\"><strong>Kerze oder Taufkerze<\/strong><\/a> begleitet den Gl\u00e4ubigen durch sein oder ihr religi\u00f6ses Leben. In der Tat m\u00fcssen sie der Kirche anl\u00e4sslich anderer Sakramente gemeldet werden. Es ist eine Art \u201aAusweisdokument\u2018 des Gl\u00e4ubigen, ein Reisepass, der es ihm erm\u00f6glicht die religi\u00f6sen Feierlichkeiten zu betreten, welche die wichtigsten Momente seines oder ihres Lebens begleiten.<\/p>\n<h2>Osterkerze<\/h2>\n<figure id=\"attachment_849\" aria-describedby=\"caption-attachment-849\" style=\"width: 300px\" class=\"wp-caption alignleft\"><img loading=\"lazy\" decoding=\"async\" class=\"alignleft size-medium wp-image-849\" src=\"https:\/\/blog.holyart.it\/de\/wp-content\/uploads\/sites\/12\/2019\/04\/Osterkerze-300x300.jpg\" alt=\"Osterkerze\" width=\"300\" height=\"300\" \/><figcaption id=\"caption-attachment-849\" class=\"wp-caption-text\"><center><strong><a href=\"https:\/\/www.holyart.de\/verbrauchsprodukte\/kerzen\/osterkerze-mit-wachsrelief\">Osterkerze mit Wachsrelief<\/a><\/strong><br \/><a href=\"https:\/\/www.holyart.de\/verbrauchsprodukte\/kerzen\/osterkerze-mit-wachsrelief\"><button class=\"bottoneacquista\" style=\"vertical-align: middle;\">Einkaufen<\/button><\/a><\/center><\/figcaption><\/figure>\n<p>Auf die <a href=\"https:\/\/www.holyart.de\/verbrauchsprodukte\/kerzen?23%5B%5D=981&amp;p_min=&amp;p_max=\"><strong>Osterkerze<\/strong><\/a> wird w\u00e4hrend der Osternacht zugegriffen, die heilige Messe, welche nach dem Sonnenuntergang am Ostersamstag und vor dem Morgengrauen des Ostersonntags zelebriert wird, um die Wiederauferstehung von Jesus zu ehren. Mehr als in jeder anderen Situation, symbolisiert die brennende Kerze deshalb, in diesem Fall, Jesus als das \u201eLicht der Welt\u201c, Wiederauferstanden von den Toten, um den Weg seiner S\u00f6hne zu erleuchten und ihnen die Erl\u00f6sung zu gew\u00e4hren.<\/p>\n<p>Die Osterkerze wird dann am Altar w\u00e4hrend der Osterzeit angelassen und erlischt an Pfingsten, wenn der Aufstieg von Jesus zur Herrlichkeit im Himmel geehrt wird. F\u00fcr gew\u00f6hnlich ist es eine sehr gro\u00dfe und reichlich dekorierte Kerze. Au\u00dferhalb der Osterzeit, wird sie in der Taufkapelle gehalten und bei jeder Taufe angez\u00fcndet. Und zwar wird ihre Flamme daf\u00fcr genutzt werden, um die Taufkerzen zu z\u00fcnden, welche den Paten des neu getauften gegeben werden wird, als ein Wunsch f\u00fcr ein Leben im Glauben und im Licht des Christus. Die Osterkerze wird ebenfalls anl\u00e4sslich einer Beerdigung verwendet, als ein Symbol der Hoffnung f\u00fcr die Wiederauferstehung und des ewigen Lebens.<\/p>\n<h2>Kerze des Tabernakels<\/h2>\n<p>Das Licht, dass den Tabernakel erleuchtet, verdient eine separate Abhandlung, indem auf die Pr\u00e4senz von Christus in ihr hingewiesen wird. Es ist aber f\u00fcr gew\u00f6hnlich eine Lampe, keine Kerze, somit w\u00e4re das ein bisschen jenseits unseres Exkurses. Es sollte allerdings daran gedacht werden, dass von all den Lichtern die unsere Kirchen erleuchten, es eine ist, welche die wichtigste und wertvollste ist, die brennende Flamme, die Jesus symbolisiert und den Glauben derjenigen, die ihn lieben, das unersch\u00f6pfliche Licht, dass f\u00fcr uns erleuchtet bleibt, wenn wir die Kirche verlassen, und uns einen sicheren Platz verspricht, um jederzeit wiederzukehren.<\/p>\n<figure id=\"attachment_850\" aria-describedby=\"caption-attachment-850\" style=\"width: 300px\" class=\"wp-caption alignright\"><img loading=\"lazy\" decoding=\"async\" class=\"alignright size-medium wp-image-850\" src=\"https:\/\/blog.holyart.it\/de\/wp-content\/uploads\/sites\/12\/2019\/04\/Votivkerze-Vorratspackung-300x300.jpg\" alt=\"Votivkerze (Vorratspackung)\" width=\"300\" height=\"300\" \/><figcaption id=\"caption-attachment-850\" class=\"wp-caption-text\"><center><strong><a href=\"https:\/\/www.holyart.de\/verbrauchsprodukte\/kerzen\/votivkerze-vorratspackung\">Votivkerze (Vorratspackung)<\/a><\/strong><br \/><a href=\"https:\/\/www.holyart.de\/verbrauchsprodukte\/kerzen\/votivkerze-vorratspackung\"><button class=\"bottoneacquista\" style=\"vertical-align: middle;\">Einkaufen<\/button><\/a><\/center><\/figcaption><\/figure>\n<h2>Adventskerzen<\/h2>\n<p>Der <a href=\"https:\/\/www.holyart.de\/weihnachten\/advent\"><strong>Adventskranz<\/strong><\/a> ist ein Brauch der sich in Europa entwickelte, beginnend in der Mitte der 1800er, um die Wochen zu markieren, die bis Weihnachten \u00fcbrig bleiben. Er besteht aus einem Kranz aus Immergr\u00fcnen Zweigen, die miteinander verflochten sind, und vier Kerzen, die hochgehalten werden. Jeden Adventssonntag wird eine Kerze angez\u00fcndet. Urspr\u00fcnglich stellte der Adventskranz eine Kerze f\u00fcr den Adventstag bereit, und oft wird in modernen Kronen eine f\u00fcnfte Kerze eingesetzt, die an Weihnachten angez\u00fcndet wird. Die Kronen werden Zuhause gehalten und die Aufgabe des Z\u00fcndens der Kerzen wird f\u00fcr gew\u00f6hnlich dem J\u00fcngsten der Familie erteilt.<\/p>\n<p>Jede der vier Adventskerzen hat einen eigenen Namen und Bedeutung.<\/p>\n<ol>\n<li>Am ersten Sonntag des Advents wird die \u201eKerze des Propheten\u201c oder \u201eKerze der Hoffnung\u201c angez\u00fcndet. Das erinnert an die Prophezeiungen \u00fcber den kommenden Messias.<\/li>\n<li>Am zweiten Sonntag des Advents wird die \u201eKerze von Bethlehem\u201c oder \u201eKerze des universellen Aufrufs zur Erl\u00f6sung\u201c angez\u00fcndet. Das erinnert uns an die Stadt, in welcher der Messias geboren wurde.<\/li>\n<li>Am dritten Sonntag des Advents wird die \u201eKerze des Sch\u00e4fers\u201c oder \u201eKerze der Freude\u201c angez\u00fcndet. Das erinnert uns an die Sch\u00e4fer, die ersten die Jesus anbeteten. \u00dcblicherweise hat diese eine unterschiedliche Farbe als die anderen, weil am dritten Sonntag des Advents sagt die Liturgie, dass der Priester eher pink als lila tragen sollte.<\/li>\n<li>Am vierten und letzten Sonntag des Advents wird die \u201eKerze der Engel\u201c angez\u00fcndet. Um uns daran zu erinnern, dass sie die Ersten waren, die die Geburt des Erl\u00f6sers der Welt bekannt gaben.<\/li>\n<\/ol>\n<h2>Candelora-Kerzen<\/h2>\n<p>Vierzig Tage nach Weihnachten, wird der Auftritt von Jesus im Temple zelebriert. Diese Feier ist bei allen als Candelora bekannt, und verdankt ihren Namen dem alten Sprichwort: <em>\u201ePer la santa Candelora se nevica o se plora dell\u2019inverno siamo fora\u201c,<\/em> welches mit den Feierlichkeiten des Ende des Winters im selben Zeitraum, und den vielen Kerzen, die w\u00e4hrend der Feierlichkeiten gesegnet und angez\u00fcndet werden, verbunden ist. Das Ritual bezieht sich auf Jesus als das Licht der Welt. Im Evangelium, gem\u00e4\u00df Lukas, wird Jesus von seinen Eltern in den Tempel gef\u00fchrt und Simeon best\u00e4tigt: <em>\u201eLass nun den Herrn, lass deinen Diener in Frieden gehen, gem\u00e4\u00df deines Wortes, weil meine Augen deine Erl\u00f6sung gesehen haben, vorbereitet von dir vor allen Menschen: Licht um die Menschen zu erleuchten und Ehre deines Volkes, Israel!\u201c <\/em>(Lukas 2:25-35). Das Erleuchten von Candelora-Kerzen ist deshalb ein Tribut an Jesus, den \u00dcberbringer des Lichts und eine Geste, die den Willen ausdr\u00fcckt, die Dunkelheit zu vertreiben.<\/p>\n","protected":false},"excerpt":{"rendered":"<p>Licht hat immer eine tiefe und wesentliche Bedeutung f\u00fcr die Menschen gehabt. Es gibt keine Religion, die es nicht als ein Schl\u00fcsselelement in ihrer Mythologie hat, keine Zivilisation, die es nicht als ein mit dem Leben vergleichbares Sinnbild zelebriert hat. Die Gr\u00fcnde sind offensichtlich und&hellip;<\/p>\n","protected":false},"author":1,"featured_media":845,"comment_status":"closed","ping_status":"open","sticky":false,"template":"","format":"standard","meta":{"_acf_changed":false,"footnotes":""},"categories":[5],"tags":[],"class_list":["post-844","post","type-post","status-publish","format-standard","has-post-thumbnail","hentry","category-liturgische-gerate"],"acf":[],"yoast_head":"<!-- This site is optimized with the Yoast SEO plugin v26.6 - https:\/\/yoast.com\/wordpress\/plugins\/seo\/ -->\n<title>Liturgische Kerzen: wann und warum sie wichtig sind - Holyart<\/title>\n<meta name=\"robots\" content=\"index, follow, max-snippet:-1, max-image-preview:large, max-video-preview:-1\" \/>\n<link rel=\"canonical\" href=\"https:\/\/blog.holyart.it\/de\/liturgische-gerate\/liturgische-kerzen-wann-und-warum-sie-wichtig-sind\/\" \/>\n<meta property=\"og:locale\" content=\"de_DE\" \/>\n<meta property=\"og:type\" content=\"article\" \/>\n<meta property=\"og:title\" content=\"Liturgische Kerzen: wann und warum sie wichtig sind - Holyart\" \/>\n<meta property=\"og:description\" content=\"Licht hat immer eine tiefe und wesentliche Bedeutung f\u00fcr die Menschen gehabt. Es gibt keine Religion, die es nicht als ein Schl\u00fcsselelement in ihrer Mythologie hat, keine Zivilisation, die es nicht als ein mit dem Leben vergleichbares Sinnbild zelebriert hat. Die Gr\u00fcnde sind offensichtlich und&hellip;\" \/>\n<meta property=\"og:url\" content=\"https:\/\/blog.holyart.it\/de\/liturgische-gerate\/liturgische-kerzen-wann-und-warum-sie-wichtig-sind\/\" \/>\n<meta property=\"og:site_name\" content=\"Holyart.de Blog\" \/>\n<meta property=\"article:published_time\" content=\"2019-01-30T16:19:46+00:00\" \/>\n<meta property=\"article:modified_time\" content=\"2019-04-01T15:54:44+00:00\" \/>\n<meta property=\"og:image\" content=\"https:\/\/blog.holyart.it\/de\/wp-content\/uploads\/sites\/12\/2019\/04\/Liturgische-Kerzen.jpg\" \/>\n\t<meta property=\"og:image:width\" content=\"1000\" \/>\n\t<meta property=\"og:image:height\" content=\"666\" \/>\n\t<meta property=\"og:image:type\" content=\"image\/jpeg\" \/>\n<meta name=\"author\" content=\"Redazione\" \/>\n<meta name=\"twitter:card\" content=\"summary_large_image\" \/>\n<meta name=\"twitter:label1\" content=\"Verfasst von\" \/>\n\t<meta name=\"twitter:data1\" content=\"Redazione\" \/>\n\t<meta name=\"twitter:label2\" content=\"Gesch\u00e4tzte Lesezeit\" \/>\n\t<meta name=\"twitter:data2\" content=\"9\u00a0Minuten\" \/>\n<script type=\"application\/ld+json\" class=\"yoast-schema-graph\">{\"@context\":\"https:\/\/schema.org\",\"@graph\":[{\"@type\":\"Article\",\"@id\":\"https:\/\/blog.holyart.it\/de\/liturgische-gerate\/liturgische-kerzen-wann-und-warum-sie-wichtig-sind\/#article\",\"isPartOf\":{\"@id\":\"https:\/\/blog.holyart.it\/de\/liturgische-gerate\/liturgische-kerzen-wann-und-warum-sie-wichtig-sind\/\"},\"author\":{\"name\":\"Redazione\",\"@id\":\"https:\/\/blog.holyart.it\/de\/#\/schema\/person\/0a7b686e5af0f856ec1e390dd0baecda\"},\"headline\":\"Liturgische Kerzen: wann und warum sie wichtig sind\",\"datePublished\":\"2019-01-30T16:19:46+00:00\",\"dateModified\":\"2019-04-01T15:54:44+00:00\",\"mainEntityOfPage\":{\"@id\":\"https:\/\/blog.holyart.it\/de\/liturgische-gerate\/liturgische-kerzen-wann-und-warum-sie-wichtig-sind\/\"},\"wordCount\":1850,\"publisher\":{\"@id\":\"https:\/\/blog.holyart.it\/de\/#organization\"},\"image\":{\"@id\":\"https:\/\/blog.holyart.it\/de\/liturgische-gerate\/liturgische-kerzen-wann-und-warum-sie-wichtig-sind\/#primaryimage\"},\"thumbnailUrl\":\"https:\/\/blog.holyart.it\/de\/wp-content\/uploads\/sites\/12\/2019\/04\/Liturgische-Kerzen.jpg\",\"articleSection\":[\"Liturgie\"],\"inLanguage\":\"de\"},{\"@type\":\"WebPage\",\"@id\":\"https:\/\/blog.holyart.it\/de\/liturgische-gerate\/liturgische-kerzen-wann-und-warum-sie-wichtig-sind\/\",\"url\":\"https:\/\/blog.holyart.it\/de\/liturgische-gerate\/liturgische-kerzen-wann-und-warum-sie-wichtig-sind\/\",\"name\":\"Liturgische Kerzen: wann und warum sie wichtig sind - Holyart\",\"isPartOf\":{\"@id\":\"https:\/\/blog.holyart.it\/de\/#website\"},\"primaryImageOfPage\":{\"@id\":\"https:\/\/blog.holyart.it\/de\/liturgische-gerate\/liturgische-kerzen-wann-und-warum-sie-wichtig-sind\/#primaryimage\"},\"image\":{\"@id\":\"https:\/\/blog.holyart.it\/de\/liturgische-gerate\/liturgische-kerzen-wann-und-warum-sie-wichtig-sind\/#primaryimage\"},\"thumbnailUrl\":\"https:\/\/blog.holyart.it\/de\/wp-content\/uploads\/sites\/12\/2019\/04\/Liturgische-Kerzen.jpg\",\"datePublished\":\"2019-01-30T16:19:46+00:00\",\"dateModified\":\"2019-04-01T15:54:44+00:00\",\"breadcrumb\":{\"@id\":\"https:\/\/blog.holyart.it\/de\/liturgische-gerate\/liturgische-kerzen-wann-und-warum-sie-wichtig-sind\/#breadcrumb\"},\"inLanguage\":\"de\",\"potentialAction\":[{\"@type\":\"ReadAction\",\"target\":[\"https:\/\/blog.holyart.it\/de\/liturgische-gerate\/liturgische-kerzen-wann-und-warum-sie-wichtig-sind\/\"]}]},{\"@type\":\"ImageObject\",\"inLanguage\":\"de\",\"@id\":\"https:\/\/blog.holyart.it\/de\/liturgische-gerate\/liturgische-kerzen-wann-und-warum-sie-wichtig-sind\/#primaryimage\",\"url\":\"https:\/\/blog.holyart.it\/de\/wp-content\/uploads\/sites\/12\/2019\/04\/Liturgische-Kerzen.jpg\",\"contentUrl\":\"https:\/\/blog.holyart.it\/de\/wp-content\/uploads\/sites\/12\/2019\/04\/Liturgische-Kerzen.jpg\",\"width\":1000,\"height\":666,\"caption\":\"Liturgische Kerzen\"},{\"@type\":\"BreadcrumbList\",\"@id\":\"https:\/\/blog.holyart.it\/de\/liturgische-gerate\/liturgische-kerzen-wann-und-warum-sie-wichtig-sind\/#breadcrumb\",\"itemListElement\":[{\"@type\":\"ListItem\",\"position\":1,\"name\":\"Homepage\",\"item\":\"https:\/\/blog.holyart.it\/de\/\"},{\"@type\":\"ListItem\",\"position\":2,\"name\":\"Liturgie\",\"item\":\"https:\/\/blog.holyart.it\/de\/liturgische-gerate\/\"},{\"@type\":\"ListItem\",\"position\":3,\"name\":\"Liturgische Kerzen: wann und warum sie wichtig sind\"}]},{\"@type\":\"WebSite\",\"@id\":\"https:\/\/blog.holyart.it\/de\/#website\",\"url\":\"https:\/\/blog.holyart.it\/de\/\",\"name\":\"Holyart.de Blog\",\"description\":\"Holyblog\",\"publisher\":{\"@id\":\"https:\/\/blog.holyart.it\/de\/#organization\"},\"potentialAction\":[{\"@type\":\"SearchAction\",\"target\":{\"@type\":\"EntryPoint\",\"urlTemplate\":\"https:\/\/blog.holyart.it\/de\/?s={search_term_string}\"},\"query-input\":{\"@type\":\"PropertyValueSpecification\",\"valueRequired\":true,\"valueName\":\"search_term_string\"}}],\"inLanguage\":\"de\"},{\"@type\":\"Organization\",\"@id\":\"https:\/\/blog.holyart.it\/de\/#organization\",\"name\":\"Holyart.de Blog\",\"url\":\"https:\/\/blog.holyart.it\/de\/\",\"logo\":{\"@type\":\"ImageObject\",\"inLanguage\":\"de\",\"@id\":\"https:\/\/blog.holyart.it\/de\/#\/schema\/logo\/image\/\",\"url\":\"https:\/\/blog.holyart.it\/de\/wp-content\/uploads\/sites\/12\/2022\/12\/Holyart_Blog_Logo.jpg\",\"contentUrl\":\"https:\/\/blog.holyart.it\/de\/wp-content\/uploads\/sites\/12\/2022\/12\/Holyart_Blog_Logo.jpg\",\"width\":300,\"height\":50,\"caption\":\"Holyart.de Blog\"},\"image\":{\"@id\":\"https:\/\/blog.holyart.it\/de\/#\/schema\/logo\/image\/\"}},{\"@type\":\"Person\",\"@id\":\"https:\/\/blog.holyart.it\/de\/#\/schema\/person\/0a7b686e5af0f856ec1e390dd0baecda\",\"name\":\"Redazione\",\"image\":{\"@type\":\"ImageObject\",\"inLanguage\":\"de\",\"@id\":\"https:\/\/blog.holyart.it\/de\/#\/schema\/person\/image\/\",\"url\":\"https:\/\/secure.gravatar.com\/avatar\/f477da817f43e50d0af36abecd33e3edf826c68299714bdc1057dff3b113f516?s=96&d=mm&r=g\",\"contentUrl\":\"https:\/\/secure.gravatar.com\/avatar\/f477da817f43e50d0af36abecd33e3edf826c68299714bdc1057dff3b113f516?s=96&d=mm&r=g\",\"caption\":\"Redazione\"}}]}<\/script>\n<!-- \/ Yoast SEO plugin. -->","yoast_head_json":{"title":"Liturgische Kerzen: wann und warum sie wichtig sind - Holyart","robots":{"index":"index","follow":"follow","max-snippet":"max-snippet:-1","max-image-preview":"max-image-preview:large","max-video-preview":"max-video-preview:-1"},"canonical":"https:\/\/blog.holyart.it\/de\/liturgische-gerate\/liturgische-kerzen-wann-und-warum-sie-wichtig-sind\/","og_locale":"de_DE","og_type":"article","og_title":"Liturgische Kerzen: wann und warum sie wichtig sind - Holyart","og_description":"Licht hat immer eine tiefe und wesentliche Bedeutung f\u00fcr die Menschen gehabt. Es gibt keine Religion, die es nicht als ein Schl\u00fcsselelement in ihrer Mythologie hat, keine Zivilisation, die es nicht als ein mit dem Leben vergleichbares Sinnbild zelebriert hat. Die Gr\u00fcnde sind offensichtlich und&hellip;","og_url":"https:\/\/blog.holyart.it\/de\/liturgische-gerate\/liturgische-kerzen-wann-und-warum-sie-wichtig-sind\/","og_site_name":"Holyart.de Blog","article_published_time":"2019-01-30T16:19:46+00:00","article_modified_time":"2019-04-01T15:54:44+00:00","og_image":[{"width":1000,"height":666,"url":"https:\/\/blog.holyart.it\/de\/wp-content\/uploads\/sites\/12\/2019\/04\/Liturgische-Kerzen.jpg","type":"image\/jpeg"}],"author":"Redazione","twitter_card":"summary_large_image","twitter_misc":{"Verfasst von":"Redazione","Gesch\u00e4tzte Lesezeit":"9\u00a0Minuten"},"schema":{"@context":"https:\/\/schema.org","@graph":[{"@type":"Article","@id":"https:\/\/blog.holyart.it\/de\/liturgische-gerate\/liturgische-kerzen-wann-und-warum-sie-wichtig-sind\/#article","isPartOf":{"@id":"https:\/\/blog.holyart.it\/de\/liturgische-gerate\/liturgische-kerzen-wann-und-warum-sie-wichtig-sind\/"},"author":{"name":"Redazione","@id":"https:\/\/blog.holyart.it\/de\/#\/schema\/person\/0a7b686e5af0f856ec1e390dd0baecda"},"headline":"Liturgische Kerzen: wann und warum sie wichtig sind","datePublished":"2019-01-30T16:19:46+00:00","dateModified":"2019-04-01T15:54:44+00:00","mainEntityOfPage":{"@id":"https:\/\/blog.holyart.it\/de\/liturgische-gerate\/liturgische-kerzen-wann-und-warum-sie-wichtig-sind\/"},"wordCount":1850,"publisher":{"@id":"https:\/\/blog.holyart.it\/de\/#organization"},"image":{"@id":"https:\/\/blog.holyart.it\/de\/liturgische-gerate\/liturgische-kerzen-wann-und-warum-sie-wichtig-sind\/#primaryimage"},"thumbnailUrl":"https:\/\/blog.holyart.it\/de\/wp-content\/uploads\/sites\/12\/2019\/04\/Liturgische-Kerzen.jpg","articleSection":["Liturgie"],"inLanguage":"de"},{"@type":"WebPage","@id":"https:\/\/blog.holyart.it\/de\/liturgische-gerate\/liturgische-kerzen-wann-und-warum-sie-wichtig-sind\/","url":"https:\/\/blog.holyart.it\/de\/liturgische-gerate\/liturgische-kerzen-wann-und-warum-sie-wichtig-sind\/","name":"Liturgische Kerzen: wann und warum sie wichtig sind - Holyart","isPartOf":{"@id":"https:\/\/blog.holyart.it\/de\/#website"},"primaryImageOfPage":{"@id":"https:\/\/blog.holyart.it\/de\/liturgische-gerate\/liturgische-kerzen-wann-und-warum-sie-wichtig-sind\/#primaryimage"},"image":{"@id":"https:\/\/blog.holyart.it\/de\/liturgische-gerate\/liturgische-kerzen-wann-und-warum-sie-wichtig-sind\/#primaryimage"},"thumbnailUrl":"https:\/\/blog.holyart.it\/de\/wp-content\/uploads\/sites\/12\/2019\/04\/Liturgische-Kerzen.jpg","datePublished":"2019-01-30T16:19:46+00:00","dateModified":"2019-04-01T15:54:44+00:00","breadcrumb":{"@id":"https:\/\/blog.holyart.it\/de\/liturgische-gerate\/liturgische-kerzen-wann-und-warum-sie-wichtig-sind\/#breadcrumb"},"inLanguage":"de","potentialAction":[{"@type":"ReadAction","target":["https:\/\/blog.holyart.it\/de\/liturgische-gerate\/liturgische-kerzen-wann-und-warum-sie-wichtig-sind\/"]}]},{"@type":"ImageObject","inLanguage":"de","@id":"https:\/\/blog.holyart.it\/de\/liturgische-gerate\/liturgische-kerzen-wann-und-warum-sie-wichtig-sind\/#primaryimage","url":"https:\/\/blog.holyart.it\/de\/wp-content\/uploads\/sites\/12\/2019\/04\/Liturgische-Kerzen.jpg","contentUrl":"https:\/\/blog.holyart.it\/de\/wp-content\/uploads\/sites\/12\/2019\/04\/Liturgische-Kerzen.jpg","width":1000,"height":666,"caption":"Liturgische Kerzen"},{"@type":"BreadcrumbList","@id":"https:\/\/blog.holyart.it\/de\/liturgische-gerate\/liturgische-kerzen-wann-und-warum-sie-wichtig-sind\/#breadcrumb","itemListElement":[{"@type":"ListItem","position":1,"name":"Homepage","item":"https:\/\/blog.holyart.it\/de\/"},{"@type":"ListItem","position":2,"name":"Liturgie","item":"https:\/\/blog.holyart.it\/de\/liturgische-gerate\/"},{"@type":"ListItem","position":3,"name":"Liturgische Kerzen: wann und warum sie wichtig sind"}]},{"@type":"WebSite","@id":"https:\/\/blog.holyart.it\/de\/#website","url":"https:\/\/blog.holyart.it\/de\/","name":"Holyart.de Blog","description":"Holyblog","publisher":{"@id":"https:\/\/blog.holyart.it\/de\/#organization"},"potentialAction":[{"@type":"SearchAction","target":{"@type":"EntryPoint","urlTemplate":"https:\/\/blog.holyart.it\/de\/?s={search_term_string}"},"query-input":{"@type":"PropertyValueSpecification","valueRequired":true,"valueName":"search_term_string"}}],"inLanguage":"de"},{"@type":"Organization","@id":"https:\/\/blog.holyart.it\/de\/#organization","name":"Holyart.de Blog","url":"https:\/\/blog.holyart.it\/de\/","logo":{"@type":"ImageObject","inLanguage":"de","@id":"https:\/\/blog.holyart.it\/de\/#\/schema\/logo\/image\/","url":"https:\/\/blog.holyart.it\/de\/wp-content\/uploads\/sites\/12\/2022\/12\/Holyart_Blog_Logo.jpg","contentUrl":"https:\/\/blog.holyart.it\/de\/wp-content\/uploads\/sites\/12\/2022\/12\/Holyart_Blog_Logo.jpg","width":300,"height":50,"caption":"Holyart.de Blog"},"image":{"@id":"https:\/\/blog.holyart.it\/de\/#\/schema\/logo\/image\/"}},{"@type":"Person","@id":"https:\/\/blog.holyart.it\/de\/#\/schema\/person\/0a7b686e5af0f856ec1e390dd0baecda","name":"Redazione","image":{"@type":"ImageObject","inLanguage":"de","@id":"https:\/\/blog.holyart.it\/de\/#\/schema\/person\/image\/","url":"https:\/\/secure.gravatar.com\/avatar\/f477da817f43e50d0af36abecd33e3edf826c68299714bdc1057dff3b113f516?s=96&d=mm&r=g","contentUrl":"https:\/\/secure.gravatar.com\/avatar\/f477da817f43e50d0af36abecd33e3edf826c68299714bdc1057dff3b113f516?s=96&d=mm&r=g","caption":"Redazione"}}]}},"_links":{"self":[{"href":"https:\/\/blog.holyart.it\/de\/wp-json\/wp\/v2\/posts\/844","targetHints":{"allow":["GET"]}}],"collection":[{"href":"https:\/\/blog.holyart.it\/de\/wp-json\/wp\/v2\/posts"}],"about":[{"href":"https:\/\/blog.holyart.it\/de\/wp-json\/wp\/v2\/types\/post"}],"author":[{"embeddable":true,"href":"https:\/\/blog.holyart.it\/de\/wp-json\/wp\/v2\/users\/1"}],"replies":[{"embeddable":true,"href":"https:\/\/blog.holyart.it\/de\/wp-json\/wp\/v2\/comments?post=844"}],"version-history":[{"count":0,"href":"https:\/\/blog.holyart.it\/de\/wp-json\/wp\/v2\/posts\/844\/revisions"}],"wp:featuredmedia":[{"embeddable":true,"href":"https:\/\/blog.holyart.it\/de\/wp-json\/wp\/v2\/media\/845"}],"wp:attachment":[{"href":"https:\/\/blog.holyart.it\/de\/wp-json\/wp\/v2\/media?parent=844"}],"wp:term":[{"taxonomy":"category","embeddable":true,"href":"https:\/\/blog.holyart.it\/de\/wp-json\/wp\/v2\/categories?post=844"},{"taxonomy":"post_tag","embeddable":true,"href":"https:\/\/blog.holyart.it\/de\/wp-json\/wp\/v2\/tags?post=844"}],"curies":[{"name":"wp","href":"https:\/\/api.w.org\/{rel}","templated":true}]}}