{"id":811,"date":"2018-12-11T10:27:49","date_gmt":"2018-12-11T09:27:49","guid":{"rendered":"https:\/\/blog.holyart.it\/de\/?p=811"},"modified":"2019-03-29T10:32:57","modified_gmt":"2019-03-29T09:32:57","slug":"feiert-die-konigliche-familie-weihnachten","status":"publish","type":"post","link":"https:\/\/blog.holyart.it\/de\/weihnachten\/feiert-die-konigliche-familie-weihnachten\/","title":{"rendered":"So feiert die k\u00f6nigliche Familie Weihnachten"},"content":{"rendered":"<p>Vermutlich ist Weihnachten das ultimative Familienfest. Doch es gibt unterschiedliche Arten von Familien. Oder nicht? <strong>Wie feiert beispielsweise die k\u00f6nigliche Familie Weihnachten?<\/strong> Haben sie die gleichen Traditionen wie wir, wie das <strong><a href=\"https:\/\/www.holyart.de\/weihnachten\/tannenbaumschmuck\">Dekorieren des Baumes<\/a><\/strong> und das Austauschen von Geschenken?<\/p>\n<p>Die englischen Royals halten sich wie immer sehr an die Etiquette. Ihre Feiertage haben einen bestimmten, pr\u00e4zise festgelegten Ablauf, der jedes Familienmitglied einschlie\u00dft und an strenge Rituale gebunden ist.<\/p>\n<p><strong>Die Bescherung findet am 24. und nicht am 25. Dezember statt<\/strong>, weil die Queen es so w\u00fcnscht, dabei sollten die Geschenke nicht zu aufw\u00e4ndig sein. Die Feierlichkeiten beginnen am 24. nachmittags, wenn sich die royale Familie in Sandringham zum Tee trifft und die Kinder den <strong>ausladenden, etwa 18 Meter hohen Baum, dekorieren<\/strong>. Queen Elizabeth reist mit einem gew\u00f6hnlichen Zug nach Sandringham, genau wie hundert andere Menschen jeden Tag. Sie wird jedoch von ihren Bodyguards begleitet. <strong>Am ersten Weihnachtsfeiertag geht die gesamte Familie zur Messe. <\/strong><\/p>\n<p>Die Windsors besuchen die Saint Mary Magdalene Church f\u00fcr ihre private Messe, danach besuchen sie die offizielle Messe um 11 Uhr, gemeinsam mit ihren Untertanen.<\/p>\n<p><strong>Der Lunch wird in Sandringham serviert, es gibt Truthahn und Wild<\/strong>. Danach folgt die Ansprache der Queen im Fernsehen. Nachmittags findet die traditionelle Fasanenjagd statt, anschlie\u00dfend gibt es Tee. Daf\u00fcr m\u00fcssen die Kleider gewechselt werden. Abends findet ein elegantes, jedoch n\u00fcchternes Dinner statt.<\/p>\n<p><strong>Im F\u00fcrstentum Monaco und in Belgien verbringen die k\u00f6niglichen Familien die Feiertage mit ihren Untertanen<\/strong>. Sie organisierten Konzerte, verteilen Geschenke an Kinder und nehmen an anderen gesellschaftlichen Events teil.<\/p>\n<p><strong>Die schwedische K\u00f6nigsfamilie sucht die Weihnachtsb\u00e4ume, die den k\u00f6niglichen Palast schm\u00fccken sollen, selbst sorgf\u00e4ltig aus<\/strong>. Diese Auswahl an sich ist schon wird zum festlichen Ereignis. Die <strong>spanische K\u00f6nigsfamilie feiert mit einem typisch spanischen Abendessen und wartet bis zum Dreik\u00f6nigstag darauf, die Geschenke auspacken zu d\u00fcrfen<\/strong>. Auch sie vers\u00e4umen es nicht zumindest einen Teil der Festtagsfreuden mit Ihren Untertanen zu teilen, indem sie, einer <strong>alten Tradition folgend, eine k\u00f6nigliche Weihnachtskarte<\/strong> mit guten W\u00fcnschen an die gesamte Nation richten.<\/p>\n","protected":false},"excerpt":{"rendered":"<p>Vermutlich ist Weihnachten das ultimative Familienfest. Doch es gibt unterschiedliche Arten von Familien. Oder nicht? Wie feiert beispielsweise die k\u00f6nigliche Familie Weihnachten? Haben sie die gleichen Traditionen wie wir, wie das Dekorieren des Baumes und das Austauschen von Geschenken? Die englischen Royals halten sich wie&hellip;<\/p>\n","protected":false},"author":1,"featured_media":812,"comment_status":"closed","ping_status":"open","sticky":false,"template":"","format":"standard","meta":{"_acf_changed":false,"footnotes":""},"categories":[12],"tags":[],"class_list":["post-811","post","type-post","status-publish","format-standard","has-post-thumbnail","hentry","category-weihnachten"],"acf":[],"yoast_head":"<!-- This site is optimized with the Yoast SEO plugin v26.6 - https:\/\/yoast.com\/wordpress\/plugins\/seo\/ -->\n<title>So feiert die k\u00f6nigliche Familie Weihnachten - Holyart.de Blog<\/title>\n<meta name=\"description\" content=\"Weihnachten ist vielleicht das ultimative Familienfest. Aber es gibt Familie und Familie. Oder nicht Wie feiern K\u00f6nigsfamilien beispielsweise Weihnachten?\" \/>\n<meta name=\"robots\" content=\"index, follow, max-snippet:-1, max-image-preview:large, max-video-preview:-1\" \/>\n<link rel=\"canonical\" href=\"https:\/\/blog.holyart.it\/de\/weihnachten\/feiert-die-konigliche-familie-weihnachten\/\" \/>\n<meta property=\"og:locale\" content=\"de_DE\" \/>\n<meta property=\"og:type\" content=\"article\" \/>\n<meta property=\"og:title\" content=\"So feiert die k\u00f6nigliche Familie Weihnachten - Holyart.de Blog\" \/>\n<meta property=\"og:description\" content=\"Weihnachten ist vielleicht das ultimative Familienfest. Aber es gibt Familie und Familie. Oder nicht Wie feiern K\u00f6nigsfamilien beispielsweise Weihnachten?\" \/>\n<meta property=\"og:url\" content=\"https:\/\/blog.holyart.it\/de\/weihnachten\/feiert-die-konigliche-familie-weihnachten\/\" \/>\n<meta property=\"og:site_name\" content=\"Holyart.de Blog\" \/>\n<meta property=\"article:published_time\" content=\"2018-12-11T09:27:49+00:00\" \/>\n<meta property=\"article:modified_time\" content=\"2019-03-29T09:32:57+00:00\" \/>\n<meta property=\"og:image\" content=\"https:\/\/blog.holyart.it\/de\/wp-content\/uploads\/sites\/12\/2019\/03\/Famiglia-reale.jpg\" \/>\n\t<meta property=\"og:image:width\" content=\"1000\" \/>\n\t<meta property=\"og:image:height\" content=\"666\" \/>\n\t<meta property=\"og:image:type\" content=\"image\/jpeg\" \/>\n<meta name=\"author\" content=\"Redazione\" \/>\n<meta name=\"twitter:card\" content=\"summary_large_image\" \/>\n<meta name=\"twitter:label1\" content=\"Verfasst von\" \/>\n\t<meta name=\"twitter:data1\" content=\"Redazione\" \/>\n\t<meta name=\"twitter:label2\" content=\"Gesch\u00e4tzte Lesezeit\" \/>\n\t<meta name=\"twitter:data2\" content=\"2\u00a0Minuten\" \/>\n<script type=\"application\/ld+json\" class=\"yoast-schema-graph\">{\"@context\":\"https:\/\/schema.org\",\"@graph\":[{\"@type\":\"Article\",\"@id\":\"https:\/\/blog.holyart.it\/de\/weihnachten\/feiert-die-konigliche-familie-weihnachten\/#article\",\"isPartOf\":{\"@id\":\"https:\/\/blog.holyart.it\/de\/weihnachten\/feiert-die-konigliche-familie-weihnachten\/\"},\"author\":{\"name\":\"Redazione\",\"@id\":\"https:\/\/blog.holyart.it\/de\/#\/schema\/person\/0a7b686e5af0f856ec1e390dd0baecda\"},\"headline\":\"So feiert die k\u00f6nigliche Familie Weihnachten\",\"datePublished\":\"2018-12-11T09:27:49+00:00\",\"dateModified\":\"2019-03-29T09:32:57+00:00\",\"mainEntityOfPage\":{\"@id\":\"https:\/\/blog.holyart.it\/de\/weihnachten\/feiert-die-konigliche-familie-weihnachten\/\"},\"wordCount\":352,\"publisher\":{\"@id\":\"https:\/\/blog.holyart.it\/de\/#organization\"},\"image\":{\"@id\":\"https:\/\/blog.holyart.it\/de\/weihnachten\/feiert-die-konigliche-familie-weihnachten\/#primaryimage\"},\"thumbnailUrl\":\"https:\/\/blog.holyart.it\/de\/wp-content\/uploads\/sites\/12\/2019\/03\/Famiglia-reale.jpg\",\"articleSection\":[\"Weihnachten\"],\"inLanguage\":\"de\"},{\"@type\":\"WebPage\",\"@id\":\"https:\/\/blog.holyart.it\/de\/weihnachten\/feiert-die-konigliche-familie-weihnachten\/\",\"url\":\"https:\/\/blog.holyart.it\/de\/weihnachten\/feiert-die-konigliche-familie-weihnachten\/\",\"name\":\"So feiert die k\u00f6nigliche Familie Weihnachten - Holyart.de Blog\",\"isPartOf\":{\"@id\":\"https:\/\/blog.holyart.it\/de\/#website\"},\"primaryImageOfPage\":{\"@id\":\"https:\/\/blog.holyart.it\/de\/weihnachten\/feiert-die-konigliche-familie-weihnachten\/#primaryimage\"},\"image\":{\"@id\":\"https:\/\/blog.holyart.it\/de\/weihnachten\/feiert-die-konigliche-familie-weihnachten\/#primaryimage\"},\"thumbnailUrl\":\"https:\/\/blog.holyart.it\/de\/wp-content\/uploads\/sites\/12\/2019\/03\/Famiglia-reale.jpg\",\"datePublished\":\"2018-12-11T09:27:49+00:00\",\"dateModified\":\"2019-03-29T09:32:57+00:00\",\"description\":\"Weihnachten ist vielleicht das ultimative Familienfest. Aber es gibt Familie und Familie. Oder nicht Wie feiern K\u00f6nigsfamilien beispielsweise Weihnachten?\",\"breadcrumb\":{\"@id\":\"https:\/\/blog.holyart.it\/de\/weihnachten\/feiert-die-konigliche-familie-weihnachten\/#breadcrumb\"},\"inLanguage\":\"de\",\"potentialAction\":[{\"@type\":\"ReadAction\",\"target\":[\"https:\/\/blog.holyart.it\/de\/weihnachten\/feiert-die-konigliche-familie-weihnachten\/\"]}]},{\"@type\":\"ImageObject\",\"inLanguage\":\"de\",\"@id\":\"https:\/\/blog.holyart.it\/de\/weihnachten\/feiert-die-konigliche-familie-weihnachten\/#primaryimage\",\"url\":\"https:\/\/blog.holyart.it\/de\/wp-content\/uploads\/sites\/12\/2019\/03\/Famiglia-reale.jpg\",\"contentUrl\":\"https:\/\/blog.holyart.it\/de\/wp-content\/uploads\/sites\/12\/2019\/03\/Famiglia-reale.jpg\",\"width\":1000,\"height\":666,\"caption\":\"Famiglia reale\"},{\"@type\":\"BreadcrumbList\",\"@id\":\"https:\/\/blog.holyart.it\/de\/weihnachten\/feiert-die-konigliche-familie-weihnachten\/#breadcrumb\",\"itemListElement\":[{\"@type\":\"ListItem\",\"position\":1,\"name\":\"Homepage\",\"item\":\"https:\/\/blog.holyart.it\/de\/\"},{\"@type\":\"ListItem\",\"position\":2,\"name\":\"Weihnachten\",\"item\":\"https:\/\/blog.holyart.it\/de\/weihnachten\/\"},{\"@type\":\"ListItem\",\"position\":3,\"name\":\"So feiert die k\u00f6nigliche Familie Weihnachten\"}]},{\"@type\":\"WebSite\",\"@id\":\"https:\/\/blog.holyart.it\/de\/#website\",\"url\":\"https:\/\/blog.holyart.it\/de\/\",\"name\":\"Holyart.de Blog\",\"description\":\"Holyblog\",\"publisher\":{\"@id\":\"https:\/\/blog.holyart.it\/de\/#organization\"},\"potentialAction\":[{\"@type\":\"SearchAction\",\"target\":{\"@type\":\"EntryPoint\",\"urlTemplate\":\"https:\/\/blog.holyart.it\/de\/?s={search_term_string}\"},\"query-input\":{\"@type\":\"PropertyValueSpecification\",\"valueRequired\":true,\"valueName\":\"search_term_string\"}}],\"inLanguage\":\"de\"},{\"@type\":\"Organization\",\"@id\":\"https:\/\/blog.holyart.it\/de\/#organization\",\"name\":\"Holyart.de Blog\",\"url\":\"https:\/\/blog.holyart.it\/de\/\",\"logo\":{\"@type\":\"ImageObject\",\"inLanguage\":\"de\",\"@id\":\"https:\/\/blog.holyart.it\/de\/#\/schema\/logo\/image\/\",\"url\":\"https:\/\/blog.holyart.it\/de\/wp-content\/uploads\/sites\/12\/2022\/12\/Holyart_Blog_Logo.jpg\",\"contentUrl\":\"https:\/\/blog.holyart.it\/de\/wp-content\/uploads\/sites\/12\/2022\/12\/Holyart_Blog_Logo.jpg\",\"width\":300,\"height\":50,\"caption\":\"Holyart.de Blog\"},\"image\":{\"@id\":\"https:\/\/blog.holyart.it\/de\/#\/schema\/logo\/image\/\"}},{\"@type\":\"Person\",\"@id\":\"https:\/\/blog.holyart.it\/de\/#\/schema\/person\/0a7b686e5af0f856ec1e390dd0baecda\",\"name\":\"Redazione\",\"image\":{\"@type\":\"ImageObject\",\"inLanguage\":\"de\",\"@id\":\"https:\/\/blog.holyart.it\/de\/#\/schema\/person\/image\/\",\"url\":\"https:\/\/secure.gravatar.com\/avatar\/f477da817f43e50d0af36abecd33e3edf826c68299714bdc1057dff3b113f516?s=96&d=mm&r=g\",\"contentUrl\":\"https:\/\/secure.gravatar.com\/avatar\/f477da817f43e50d0af36abecd33e3edf826c68299714bdc1057dff3b113f516?s=96&d=mm&r=g\",\"caption\":\"Redazione\"}}]}<\/script>\n<!-- \/ Yoast SEO plugin. -->","yoast_head_json":{"title":"So feiert die k\u00f6nigliche Familie Weihnachten - Holyart.de Blog","description":"Weihnachten ist vielleicht das ultimative Familienfest. Aber es gibt Familie und Familie. Oder nicht Wie feiern K\u00f6nigsfamilien beispielsweise Weihnachten?","robots":{"index":"index","follow":"follow","max-snippet":"max-snippet:-1","max-image-preview":"max-image-preview:large","max-video-preview":"max-video-preview:-1"},"canonical":"https:\/\/blog.holyart.it\/de\/weihnachten\/feiert-die-konigliche-familie-weihnachten\/","og_locale":"de_DE","og_type":"article","og_title":"So feiert die k\u00f6nigliche Familie Weihnachten - Holyart.de Blog","og_description":"Weihnachten ist vielleicht das ultimative Familienfest. Aber es gibt Familie und Familie. Oder nicht Wie feiern K\u00f6nigsfamilien beispielsweise Weihnachten?","og_url":"https:\/\/blog.holyart.it\/de\/weihnachten\/feiert-die-konigliche-familie-weihnachten\/","og_site_name":"Holyart.de Blog","article_published_time":"2018-12-11T09:27:49+00:00","article_modified_time":"2019-03-29T09:32:57+00:00","og_image":[{"width":1000,"height":666,"url":"https:\/\/blog.holyart.it\/de\/wp-content\/uploads\/sites\/12\/2019\/03\/Famiglia-reale.jpg","type":"image\/jpeg"}],"author":"Redazione","twitter_card":"summary_large_image","twitter_misc":{"Verfasst von":"Redazione","Gesch\u00e4tzte Lesezeit":"2\u00a0Minuten"},"schema":{"@context":"https:\/\/schema.org","@graph":[{"@type":"Article","@id":"https:\/\/blog.holyart.it\/de\/weihnachten\/feiert-die-konigliche-familie-weihnachten\/#article","isPartOf":{"@id":"https:\/\/blog.holyart.it\/de\/weihnachten\/feiert-die-konigliche-familie-weihnachten\/"},"author":{"name":"Redazione","@id":"https:\/\/blog.holyart.it\/de\/#\/schema\/person\/0a7b686e5af0f856ec1e390dd0baecda"},"headline":"So feiert die k\u00f6nigliche Familie Weihnachten","datePublished":"2018-12-11T09:27:49+00:00","dateModified":"2019-03-29T09:32:57+00:00","mainEntityOfPage":{"@id":"https:\/\/blog.holyart.it\/de\/weihnachten\/feiert-die-konigliche-familie-weihnachten\/"},"wordCount":352,"publisher":{"@id":"https:\/\/blog.holyart.it\/de\/#organization"},"image":{"@id":"https:\/\/blog.holyart.it\/de\/weihnachten\/feiert-die-konigliche-familie-weihnachten\/#primaryimage"},"thumbnailUrl":"https:\/\/blog.holyart.it\/de\/wp-content\/uploads\/sites\/12\/2019\/03\/Famiglia-reale.jpg","articleSection":["Weihnachten"],"inLanguage":"de"},{"@type":"WebPage","@id":"https:\/\/blog.holyart.it\/de\/weihnachten\/feiert-die-konigliche-familie-weihnachten\/","url":"https:\/\/blog.holyart.it\/de\/weihnachten\/feiert-die-konigliche-familie-weihnachten\/","name":"So feiert die k\u00f6nigliche Familie Weihnachten - Holyart.de Blog","isPartOf":{"@id":"https:\/\/blog.holyart.it\/de\/#website"},"primaryImageOfPage":{"@id":"https:\/\/blog.holyart.it\/de\/weihnachten\/feiert-die-konigliche-familie-weihnachten\/#primaryimage"},"image":{"@id":"https:\/\/blog.holyart.it\/de\/weihnachten\/feiert-die-konigliche-familie-weihnachten\/#primaryimage"},"thumbnailUrl":"https:\/\/blog.holyart.it\/de\/wp-content\/uploads\/sites\/12\/2019\/03\/Famiglia-reale.jpg","datePublished":"2018-12-11T09:27:49+00:00","dateModified":"2019-03-29T09:32:57+00:00","description":"Weihnachten ist vielleicht das ultimative Familienfest. Aber es gibt Familie und Familie. Oder nicht Wie feiern K\u00f6nigsfamilien beispielsweise Weihnachten?","breadcrumb":{"@id":"https:\/\/blog.holyart.it\/de\/weihnachten\/feiert-die-konigliche-familie-weihnachten\/#breadcrumb"},"inLanguage":"de","potentialAction":[{"@type":"ReadAction","target":["https:\/\/blog.holyart.it\/de\/weihnachten\/feiert-die-konigliche-familie-weihnachten\/"]}]},{"@type":"ImageObject","inLanguage":"de","@id":"https:\/\/blog.holyart.it\/de\/weihnachten\/feiert-die-konigliche-familie-weihnachten\/#primaryimage","url":"https:\/\/blog.holyart.it\/de\/wp-content\/uploads\/sites\/12\/2019\/03\/Famiglia-reale.jpg","contentUrl":"https:\/\/blog.holyart.it\/de\/wp-content\/uploads\/sites\/12\/2019\/03\/Famiglia-reale.jpg","width":1000,"height":666,"caption":"Famiglia reale"},{"@type":"BreadcrumbList","@id":"https:\/\/blog.holyart.it\/de\/weihnachten\/feiert-die-konigliche-familie-weihnachten\/#breadcrumb","itemListElement":[{"@type":"ListItem","position":1,"name":"Homepage","item":"https:\/\/blog.holyart.it\/de\/"},{"@type":"ListItem","position":2,"name":"Weihnachten","item":"https:\/\/blog.holyart.it\/de\/weihnachten\/"},{"@type":"ListItem","position":3,"name":"So feiert die k\u00f6nigliche Familie Weihnachten"}]},{"@type":"WebSite","@id":"https:\/\/blog.holyart.it\/de\/#website","url":"https:\/\/blog.holyart.it\/de\/","name":"Holyart.de Blog","description":"Holyblog","publisher":{"@id":"https:\/\/blog.holyart.it\/de\/#organization"},"potentialAction":[{"@type":"SearchAction","target":{"@type":"EntryPoint","urlTemplate":"https:\/\/blog.holyart.it\/de\/?s={search_term_string}"},"query-input":{"@type":"PropertyValueSpecification","valueRequired":true,"valueName":"search_term_string"}}],"inLanguage":"de"},{"@type":"Organization","@id":"https:\/\/blog.holyart.it\/de\/#organization","name":"Holyart.de Blog","url":"https:\/\/blog.holyart.it\/de\/","logo":{"@type":"ImageObject","inLanguage":"de","@id":"https:\/\/blog.holyart.it\/de\/#\/schema\/logo\/image\/","url":"https:\/\/blog.holyart.it\/de\/wp-content\/uploads\/sites\/12\/2022\/12\/Holyart_Blog_Logo.jpg","contentUrl":"https:\/\/blog.holyart.it\/de\/wp-content\/uploads\/sites\/12\/2022\/12\/Holyart_Blog_Logo.jpg","width":300,"height":50,"caption":"Holyart.de Blog"},"image":{"@id":"https:\/\/blog.holyart.it\/de\/#\/schema\/logo\/image\/"}},{"@type":"Person","@id":"https:\/\/blog.holyart.it\/de\/#\/schema\/person\/0a7b686e5af0f856ec1e390dd0baecda","name":"Redazione","image":{"@type":"ImageObject","inLanguage":"de","@id":"https:\/\/blog.holyart.it\/de\/#\/schema\/person\/image\/","url":"https:\/\/secure.gravatar.com\/avatar\/f477da817f43e50d0af36abecd33e3edf826c68299714bdc1057dff3b113f516?s=96&d=mm&r=g","contentUrl":"https:\/\/secure.gravatar.com\/avatar\/f477da817f43e50d0af36abecd33e3edf826c68299714bdc1057dff3b113f516?s=96&d=mm&r=g","caption":"Redazione"}}]}},"_links":{"self":[{"href":"https:\/\/blog.holyart.it\/de\/wp-json\/wp\/v2\/posts\/811","targetHints":{"allow":["GET"]}}],"collection":[{"href":"https:\/\/blog.holyart.it\/de\/wp-json\/wp\/v2\/posts"}],"about":[{"href":"https:\/\/blog.holyart.it\/de\/wp-json\/wp\/v2\/types\/post"}],"author":[{"embeddable":true,"href":"https:\/\/blog.holyart.it\/de\/wp-json\/wp\/v2\/users\/1"}],"replies":[{"embeddable":true,"href":"https:\/\/blog.holyart.it\/de\/wp-json\/wp\/v2\/comments?post=811"}],"version-history":[{"count":0,"href":"https:\/\/blog.holyart.it\/de\/wp-json\/wp\/v2\/posts\/811\/revisions"}],"wp:featuredmedia":[{"embeddable":true,"href":"https:\/\/blog.holyart.it\/de\/wp-json\/wp\/v2\/media\/812"}],"wp:attachment":[{"href":"https:\/\/blog.holyart.it\/de\/wp-json\/wp\/v2\/media?parent=811"}],"wp:term":[{"taxonomy":"category","embeddable":true,"href":"https:\/\/blog.holyart.it\/de\/wp-json\/wp\/v2\/categories?post=811"},{"taxonomy":"post_tag","embeddable":true,"href":"https:\/\/blog.holyart.it\/de\/wp-json\/wp\/v2\/tags?post=811"}],"curies":[{"name":"wp","href":"https:\/\/api.w.org\/{rel}","templated":true}]}}