{"id":81,"date":"2016-06-24T18:04:10","date_gmt":"2016-06-24T16:04:10","guid":{"rendered":"https:\/\/blog.holyart.it\/de\/?p=81"},"modified":"2016-10-07T15:08:21","modified_gmt":"2016-10-07T13:08:21","slug":"liturgische-gerate","status":"publish","type":"post","link":"https:\/\/blog.holyart.it\/de\/liturgische-gerate\/liturgische-gerate\/","title":{"rendered":"Liturgische Ger\u00e4te"},"content":{"rendered":"<p>Mit dem Wort <strong><a title=\"Liturgische Ger\u00e4te\" href=\"http:\/\/www.holyart.de\/liturgische-gerate\">liturgische Ger\u00e4te<\/a><\/strong> meint man die Sammlung von Objekten, die f\u00fcr die Eucharistie, aber auch f\u00fcr den Altar, die Kirche und die Aufbewahrung der Hostien benutzt werden.<\/p>\n<p>Die <strong>liturgische Ger\u00e4te<\/strong> sind normalerweise aus hochwertigen Materialen, vor allem die Objekten, die mit direkten Kontakt mit der Eucharistie sind. Messgew\u00e4nder, Pluviale, Segensvelum sind normalerweise aus Seide, Messhemden, Kelcht\u00fccher, Palla, Altart\u00fccher sind aus Baumwolle oder Leinen. Kelch, Ziborium, Patene und Monstranz sind aus Metall, manchmal Gold und Silber. Ganz wichtig ist die Innenseite dieser Ger\u00e4te: sie muss immer vergoldet sein.<\/p>\n<p>Am Anfang waren die <strong>liturgischen Ger\u00e4te<\/strong> nicht so wichtig: die Sakramente wurden in normalen Zimmern zelebriert, mit jeden Tag Ger\u00e4te, als Jesus Christus machte. Im Laufe der Jahren bekamen die <strong>liturgischen Ger\u00e4te<\/strong> immer wichtiger, da auch die Liturgie ein echtes Ritual bekam. Nicht nur die <strong>liturgischen Objekten<\/strong>, sondern auch die Paramenten \u00e4nderten sich: Priester kleiden sich anders als die Laie, um sich zu unterscheiden, vor allem w\u00e4hrend der Liturgie.<\/p>\n<p>Heutzutage sind die <strong>liturgischen Ger\u00e4te<\/strong> auch Meisterst\u00fccke: Dekorationen, Ziselierungen, und Schnitzereien verfeinern diese Ger\u00e4te, und unterscheiden sie von den normalen Ger\u00e4ten.<\/p>\n<p>Viele <strong>liturgische Ger\u00e4te<\/strong> werden vor dem Gebrauch konsekriert und in der Sakristei aufbewahrt.<\/p>\n","protected":false},"excerpt":{"rendered":"<p>Mit dem Wort liturgische Ger\u00e4te meint man die Sammlung von Objekten, die f\u00fcr die Eucharistie, aber auch f\u00fcr den Altar, die Kirche und die Aufbewahrung der Hostien benutzt werden. Die liturgische Ger\u00e4te sind normalerweise aus hochwertigen Materialen, vor allem die Objekten, die mit direkten Kontakt&hellip;<\/p>\n","protected":false},"author":1,"featured_media":119,"comment_status":"closed","ping_status":"open","sticky":false,"template":"","format":"standard","meta":{"_acf_changed":false,"footnotes":""},"categories":[5],"tags":[],"class_list":["post-81","post","type-post","status-publish","format-standard","has-post-thumbnail","hentry","category-liturgische-gerate"],"acf":[],"yoast_head":"<!-- This site is optimized with the Yoast SEO plugin v26.6 - https:\/\/yoast.com\/wordpress\/plugins\/seo\/ -->\n<title>Liturgische Ger\u00e4te - Holyart.de Blog<\/title>\n<meta name=\"description\" content=\"Mit dem Wort liturgische Ger\u00e4te meint man die Sammlung von Objekten, die f\u00fcr die Eucharistie, den Altar, die Kirche und die Aufbewahrung der Hostien benutzt werden.\" \/>\n<meta name=\"robots\" content=\"index, follow, max-snippet:-1, max-image-preview:large, max-video-preview:-1\" \/>\n<link rel=\"canonical\" href=\"https:\/\/blog.holyart.it\/de\/liturgische-gerate\/liturgische-gerate\/\" \/>\n<meta property=\"og:locale\" content=\"de_DE\" \/>\n<meta property=\"og:type\" content=\"article\" \/>\n<meta property=\"og:title\" content=\"Liturgische Ger\u00e4te - Holyart.de Blog\" \/>\n<meta property=\"og:description\" content=\"Mit dem Wort liturgische Ger\u00e4te meint man die Sammlung von Objekten, die f\u00fcr die Eucharistie, den Altar, die Kirche und die Aufbewahrung der Hostien benutzt werden.\" \/>\n<meta property=\"og:url\" content=\"https:\/\/blog.holyart.it\/de\/liturgische-gerate\/liturgische-gerate\/\" \/>\n<meta property=\"og:site_name\" content=\"Holyart.de Blog\" \/>\n<meta property=\"article:published_time\" content=\"2016-06-24T16:04:10+00:00\" \/>\n<meta property=\"article:modified_time\" content=\"2016-10-07T13:08:21+00:00\" \/>\n<meta property=\"og:image\" content=\"https:\/\/blog.holyart.it\/de\/wp-content\/uploads\/sites\/12\/2016\/06\/Liturgische-Ger\u00e4te.jpg\" \/>\n\t<meta property=\"og:image:width\" content=\"1000\" \/>\n\t<meta property=\"og:image:height\" content=\"667\" \/>\n\t<meta property=\"og:image:type\" content=\"image\/jpeg\" \/>\n<meta name=\"author\" content=\"Redazione\" \/>\n<meta name=\"twitter:card\" content=\"summary_large_image\" \/>\n<meta name=\"twitter:label1\" content=\"Verfasst von\" \/>\n\t<meta name=\"twitter:data1\" content=\"Redazione\" \/>\n\t<meta name=\"twitter:label2\" content=\"Gesch\u00e4tzte Lesezeit\" \/>\n\t<meta name=\"twitter:data2\" content=\"1\u00a0Minute\" \/>\n<script type=\"application\/ld+json\" class=\"yoast-schema-graph\">{\"@context\":\"https:\/\/schema.org\",\"@graph\":[{\"@type\":\"Article\",\"@id\":\"https:\/\/blog.holyart.it\/de\/liturgische-gerate\/liturgische-gerate\/#article\",\"isPartOf\":{\"@id\":\"https:\/\/blog.holyart.it\/de\/liturgische-gerate\/liturgische-gerate\/\"},\"author\":{\"name\":\"Redazione\",\"@id\":\"https:\/\/blog.holyart.it\/de\/#\/schema\/person\/0a7b686e5af0f856ec1e390dd0baecda\"},\"headline\":\"Liturgische Ger\u00e4te\",\"datePublished\":\"2016-06-24T16:04:10+00:00\",\"dateModified\":\"2016-10-07T13:08:21+00:00\",\"mainEntityOfPage\":{\"@id\":\"https:\/\/blog.holyart.it\/de\/liturgische-gerate\/liturgische-gerate\/\"},\"wordCount\":212,\"publisher\":{\"@id\":\"https:\/\/blog.holyart.it\/de\/#organization\"},\"image\":{\"@id\":\"https:\/\/blog.holyart.it\/de\/liturgische-gerate\/liturgische-gerate\/#primaryimage\"},\"thumbnailUrl\":\"https:\/\/blog.holyart.it\/de\/wp-content\/uploads\/sites\/12\/2016\/06\/Liturgische-Ger\u00e4te.jpg\",\"articleSection\":[\"Liturgie\"],\"inLanguage\":\"de\"},{\"@type\":\"WebPage\",\"@id\":\"https:\/\/blog.holyart.it\/de\/liturgische-gerate\/liturgische-gerate\/\",\"url\":\"https:\/\/blog.holyart.it\/de\/liturgische-gerate\/liturgische-gerate\/\",\"name\":\"Liturgische Ger\u00e4te - Holyart.de Blog\",\"isPartOf\":{\"@id\":\"https:\/\/blog.holyart.it\/de\/#website\"},\"primaryImageOfPage\":{\"@id\":\"https:\/\/blog.holyart.it\/de\/liturgische-gerate\/liturgische-gerate\/#primaryimage\"},\"image\":{\"@id\":\"https:\/\/blog.holyart.it\/de\/liturgische-gerate\/liturgische-gerate\/#primaryimage\"},\"thumbnailUrl\":\"https:\/\/blog.holyart.it\/de\/wp-content\/uploads\/sites\/12\/2016\/06\/Liturgische-Ger\u00e4te.jpg\",\"datePublished\":\"2016-06-24T16:04:10+00:00\",\"dateModified\":\"2016-10-07T13:08:21+00:00\",\"description\":\"Mit dem Wort liturgische Ger\u00e4te meint man die Sammlung von Objekten, die f\u00fcr die Eucharistie, den Altar, die Kirche und die Aufbewahrung der Hostien benutzt werden.\",\"breadcrumb\":{\"@id\":\"https:\/\/blog.holyart.it\/de\/liturgische-gerate\/liturgische-gerate\/#breadcrumb\"},\"inLanguage\":\"de\",\"potentialAction\":[{\"@type\":\"ReadAction\",\"target\":[\"https:\/\/blog.holyart.it\/de\/liturgische-gerate\/liturgische-gerate\/\"]}]},{\"@type\":\"ImageObject\",\"inLanguage\":\"de\",\"@id\":\"https:\/\/blog.holyart.it\/de\/liturgische-gerate\/liturgische-gerate\/#primaryimage\",\"url\":\"https:\/\/blog.holyart.it\/de\/wp-content\/uploads\/sites\/12\/2016\/06\/Liturgische-Ger\u00e4te.jpg\",\"contentUrl\":\"https:\/\/blog.holyart.it\/de\/wp-content\/uploads\/sites\/12\/2016\/06\/Liturgische-Ger\u00e4te.jpg\",\"width\":1000,\"height\":667,\"caption\":\"Liturgische Ger\u00e4te\"},{\"@type\":\"BreadcrumbList\",\"@id\":\"https:\/\/blog.holyart.it\/de\/liturgische-gerate\/liturgische-gerate\/#breadcrumb\",\"itemListElement\":[{\"@type\":\"ListItem\",\"position\":1,\"name\":\"Homepage\",\"item\":\"https:\/\/blog.holyart.it\/de\/\"},{\"@type\":\"ListItem\",\"position\":2,\"name\":\"Liturgie\",\"item\":\"https:\/\/blog.holyart.it\/de\/liturgische-gerate\/\"},{\"@type\":\"ListItem\",\"position\":3,\"name\":\"Liturgische Ger\u00e4te\"}]},{\"@type\":\"WebSite\",\"@id\":\"https:\/\/blog.holyart.it\/de\/#website\",\"url\":\"https:\/\/blog.holyart.it\/de\/\",\"name\":\"Holyart.de Blog\",\"description\":\"Holyblog\",\"publisher\":{\"@id\":\"https:\/\/blog.holyart.it\/de\/#organization\"},\"potentialAction\":[{\"@type\":\"SearchAction\",\"target\":{\"@type\":\"EntryPoint\",\"urlTemplate\":\"https:\/\/blog.holyart.it\/de\/?s={search_term_string}\"},\"query-input\":{\"@type\":\"PropertyValueSpecification\",\"valueRequired\":true,\"valueName\":\"search_term_string\"}}],\"inLanguage\":\"de\"},{\"@type\":\"Organization\",\"@id\":\"https:\/\/blog.holyart.it\/de\/#organization\",\"name\":\"Holyart.de Blog\",\"url\":\"https:\/\/blog.holyart.it\/de\/\",\"logo\":{\"@type\":\"ImageObject\",\"inLanguage\":\"de\",\"@id\":\"https:\/\/blog.holyart.it\/de\/#\/schema\/logo\/image\/\",\"url\":\"https:\/\/blog.holyart.it\/de\/wp-content\/uploads\/sites\/12\/2022\/12\/Holyart_Blog_Logo.jpg\",\"contentUrl\":\"https:\/\/blog.holyart.it\/de\/wp-content\/uploads\/sites\/12\/2022\/12\/Holyart_Blog_Logo.jpg\",\"width\":300,\"height\":50,\"caption\":\"Holyart.de Blog\"},\"image\":{\"@id\":\"https:\/\/blog.holyart.it\/de\/#\/schema\/logo\/image\/\"}},{\"@type\":\"Person\",\"@id\":\"https:\/\/blog.holyart.it\/de\/#\/schema\/person\/0a7b686e5af0f856ec1e390dd0baecda\",\"name\":\"Redazione\",\"image\":{\"@type\":\"ImageObject\",\"inLanguage\":\"de\",\"@id\":\"https:\/\/blog.holyart.it\/de\/#\/schema\/person\/image\/\",\"url\":\"https:\/\/secure.gravatar.com\/avatar\/f477da817f43e50d0af36abecd33e3edf826c68299714bdc1057dff3b113f516?s=96&d=mm&r=g\",\"contentUrl\":\"https:\/\/secure.gravatar.com\/avatar\/f477da817f43e50d0af36abecd33e3edf826c68299714bdc1057dff3b113f516?s=96&d=mm&r=g\",\"caption\":\"Redazione\"}}]}<\/script>\n<!-- \/ Yoast SEO plugin. -->","yoast_head_json":{"title":"Liturgische Ger\u00e4te - Holyart.de Blog","description":"Mit dem Wort liturgische Ger\u00e4te meint man die Sammlung von Objekten, die f\u00fcr die Eucharistie, den Altar, die Kirche und die Aufbewahrung der Hostien benutzt werden.","robots":{"index":"index","follow":"follow","max-snippet":"max-snippet:-1","max-image-preview":"max-image-preview:large","max-video-preview":"max-video-preview:-1"},"canonical":"https:\/\/blog.holyart.it\/de\/liturgische-gerate\/liturgische-gerate\/","og_locale":"de_DE","og_type":"article","og_title":"Liturgische Ger\u00e4te - Holyart.de Blog","og_description":"Mit dem Wort liturgische Ger\u00e4te meint man die Sammlung von Objekten, die f\u00fcr die Eucharistie, den Altar, die Kirche und die Aufbewahrung der Hostien benutzt werden.","og_url":"https:\/\/blog.holyart.it\/de\/liturgische-gerate\/liturgische-gerate\/","og_site_name":"Holyart.de Blog","article_published_time":"2016-06-24T16:04:10+00:00","article_modified_time":"2016-10-07T13:08:21+00:00","og_image":[{"width":1000,"height":667,"url":"https:\/\/blog.holyart.it\/de\/wp-content\/uploads\/sites\/12\/2016\/06\/Liturgische-Ger\u00e4te.jpg","type":"image\/jpeg"}],"author":"Redazione","twitter_card":"summary_large_image","twitter_misc":{"Verfasst von":"Redazione","Gesch\u00e4tzte Lesezeit":"1\u00a0Minute"},"schema":{"@context":"https:\/\/schema.org","@graph":[{"@type":"Article","@id":"https:\/\/blog.holyart.it\/de\/liturgische-gerate\/liturgische-gerate\/#article","isPartOf":{"@id":"https:\/\/blog.holyart.it\/de\/liturgische-gerate\/liturgische-gerate\/"},"author":{"name":"Redazione","@id":"https:\/\/blog.holyart.it\/de\/#\/schema\/person\/0a7b686e5af0f856ec1e390dd0baecda"},"headline":"Liturgische Ger\u00e4te","datePublished":"2016-06-24T16:04:10+00:00","dateModified":"2016-10-07T13:08:21+00:00","mainEntityOfPage":{"@id":"https:\/\/blog.holyart.it\/de\/liturgische-gerate\/liturgische-gerate\/"},"wordCount":212,"publisher":{"@id":"https:\/\/blog.holyart.it\/de\/#organization"},"image":{"@id":"https:\/\/blog.holyart.it\/de\/liturgische-gerate\/liturgische-gerate\/#primaryimage"},"thumbnailUrl":"https:\/\/blog.holyart.it\/de\/wp-content\/uploads\/sites\/12\/2016\/06\/Liturgische-Ger\u00e4te.jpg","articleSection":["Liturgie"],"inLanguage":"de"},{"@type":"WebPage","@id":"https:\/\/blog.holyart.it\/de\/liturgische-gerate\/liturgische-gerate\/","url":"https:\/\/blog.holyart.it\/de\/liturgische-gerate\/liturgische-gerate\/","name":"Liturgische Ger\u00e4te - Holyart.de Blog","isPartOf":{"@id":"https:\/\/blog.holyart.it\/de\/#website"},"primaryImageOfPage":{"@id":"https:\/\/blog.holyart.it\/de\/liturgische-gerate\/liturgische-gerate\/#primaryimage"},"image":{"@id":"https:\/\/blog.holyart.it\/de\/liturgische-gerate\/liturgische-gerate\/#primaryimage"},"thumbnailUrl":"https:\/\/blog.holyart.it\/de\/wp-content\/uploads\/sites\/12\/2016\/06\/Liturgische-Ger\u00e4te.jpg","datePublished":"2016-06-24T16:04:10+00:00","dateModified":"2016-10-07T13:08:21+00:00","description":"Mit dem Wort liturgische Ger\u00e4te meint man die Sammlung von Objekten, die f\u00fcr die Eucharistie, den Altar, die Kirche und die Aufbewahrung der Hostien benutzt werden.","breadcrumb":{"@id":"https:\/\/blog.holyart.it\/de\/liturgische-gerate\/liturgische-gerate\/#breadcrumb"},"inLanguage":"de","potentialAction":[{"@type":"ReadAction","target":["https:\/\/blog.holyart.it\/de\/liturgische-gerate\/liturgische-gerate\/"]}]},{"@type":"ImageObject","inLanguage":"de","@id":"https:\/\/blog.holyart.it\/de\/liturgische-gerate\/liturgische-gerate\/#primaryimage","url":"https:\/\/blog.holyart.it\/de\/wp-content\/uploads\/sites\/12\/2016\/06\/Liturgische-Ger\u00e4te.jpg","contentUrl":"https:\/\/blog.holyart.it\/de\/wp-content\/uploads\/sites\/12\/2016\/06\/Liturgische-Ger\u00e4te.jpg","width":1000,"height":667,"caption":"Liturgische Ger\u00e4te"},{"@type":"BreadcrumbList","@id":"https:\/\/blog.holyart.it\/de\/liturgische-gerate\/liturgische-gerate\/#breadcrumb","itemListElement":[{"@type":"ListItem","position":1,"name":"Homepage","item":"https:\/\/blog.holyart.it\/de\/"},{"@type":"ListItem","position":2,"name":"Liturgie","item":"https:\/\/blog.holyart.it\/de\/liturgische-gerate\/"},{"@type":"ListItem","position":3,"name":"Liturgische Ger\u00e4te"}]},{"@type":"WebSite","@id":"https:\/\/blog.holyart.it\/de\/#website","url":"https:\/\/blog.holyart.it\/de\/","name":"Holyart.de Blog","description":"Holyblog","publisher":{"@id":"https:\/\/blog.holyart.it\/de\/#organization"},"potentialAction":[{"@type":"SearchAction","target":{"@type":"EntryPoint","urlTemplate":"https:\/\/blog.holyart.it\/de\/?s={search_term_string}"},"query-input":{"@type":"PropertyValueSpecification","valueRequired":true,"valueName":"search_term_string"}}],"inLanguage":"de"},{"@type":"Organization","@id":"https:\/\/blog.holyart.it\/de\/#organization","name":"Holyart.de Blog","url":"https:\/\/blog.holyart.it\/de\/","logo":{"@type":"ImageObject","inLanguage":"de","@id":"https:\/\/blog.holyart.it\/de\/#\/schema\/logo\/image\/","url":"https:\/\/blog.holyart.it\/de\/wp-content\/uploads\/sites\/12\/2022\/12\/Holyart_Blog_Logo.jpg","contentUrl":"https:\/\/blog.holyart.it\/de\/wp-content\/uploads\/sites\/12\/2022\/12\/Holyart_Blog_Logo.jpg","width":300,"height":50,"caption":"Holyart.de Blog"},"image":{"@id":"https:\/\/blog.holyart.it\/de\/#\/schema\/logo\/image\/"}},{"@type":"Person","@id":"https:\/\/blog.holyart.it\/de\/#\/schema\/person\/0a7b686e5af0f856ec1e390dd0baecda","name":"Redazione","image":{"@type":"ImageObject","inLanguage":"de","@id":"https:\/\/blog.holyart.it\/de\/#\/schema\/person\/image\/","url":"https:\/\/secure.gravatar.com\/avatar\/f477da817f43e50d0af36abecd33e3edf826c68299714bdc1057dff3b113f516?s=96&d=mm&r=g","contentUrl":"https:\/\/secure.gravatar.com\/avatar\/f477da817f43e50d0af36abecd33e3edf826c68299714bdc1057dff3b113f516?s=96&d=mm&r=g","caption":"Redazione"}}]}},"_links":{"self":[{"href":"https:\/\/blog.holyart.it\/de\/wp-json\/wp\/v2\/posts\/81","targetHints":{"allow":["GET"]}}],"collection":[{"href":"https:\/\/blog.holyart.it\/de\/wp-json\/wp\/v2\/posts"}],"about":[{"href":"https:\/\/blog.holyart.it\/de\/wp-json\/wp\/v2\/types\/post"}],"author":[{"embeddable":true,"href":"https:\/\/blog.holyart.it\/de\/wp-json\/wp\/v2\/users\/1"}],"replies":[{"embeddable":true,"href":"https:\/\/blog.holyart.it\/de\/wp-json\/wp\/v2\/comments?post=81"}],"version-history":[{"count":0,"href":"https:\/\/blog.holyart.it\/de\/wp-json\/wp\/v2\/posts\/81\/revisions"}],"wp:featuredmedia":[{"embeddable":true,"href":"https:\/\/blog.holyart.it\/de\/wp-json\/wp\/v2\/media\/119"}],"wp:attachment":[{"href":"https:\/\/blog.holyart.it\/de\/wp-json\/wp\/v2\/media?parent=81"}],"wp:term":[{"taxonomy":"category","embeddable":true,"href":"https:\/\/blog.holyart.it\/de\/wp-json\/wp\/v2\/categories?post=81"},{"taxonomy":"post_tag","embeddable":true,"href":"https:\/\/blog.holyart.it\/de\/wp-json\/wp\/v2\/tags?post=81"}],"curies":[{"name":"wp","href":"https:\/\/api.w.org\/{rel}","templated":true}]}}