{"id":802,"date":"2018-11-21T09:25:03","date_gmt":"2018-11-21T08:25:03","guid":{"rendered":"https:\/\/blog.holyart.it\/de\/?p=802"},"modified":"2019-03-29T09:36:07","modified_gmt":"2019-03-29T08:36:07","slug":"eine-dekoration-die-keinem-zuhause-fehlen-darf-der-adventskranz","status":"publish","type":"post","link":"https:\/\/blog.holyart.it\/de\/weihnachten\/eine-dekoration-die-keinem-zuhause-fehlen-darf-der-adventskranz\/","title":{"rendered":"Eine Dekoration, die in keinem Zuhause fehlen darf: Der Adventskranz"},"content":{"rendered":"<p>Der <a href=\"https:\/\/www.holyart.de\/weihnachten\/weihnachtsschmuck\/kranz-gefroren-larche-durchmesser-45cm\"><strong>Adventskranz<\/strong><\/a> ist gleichzeitig eine <a href=\"https:\/\/www.holyart.de\/weihnachten\/weihnachtsschmuck\"><strong>Weihnachtsdekoration, die Ihr Haus versch\u00f6nert<\/strong><\/a> und ein Objekt mit gro\u00dfer Bedeutung f\u00fcr Gl\u00e4ubige<strong>. Tats\u00e4chlich begleitet der Adventskranz die Gl\u00e4ubigen in den vier Wochen vor Weihnachten<\/strong>. Er besteht aus vielen Elementen mit einem starken symbolischen Charakter, wie den gr\u00fcnen Zweigen und den Beeren, die an den Winter erinnern. Der Kranz ist ein Symbol f\u00fcr Einheit, Gemeinschaft und Ewigkeit und erinnert an die Sonne und die Erde, w\u00e4hrend die vier Kerzen f\u00fcr das rettende Licht steht, das allen Menschen an Weihnachten angeboten wird.<\/p>\n<p>F\u00fcr jeden Adventssonntag wir eine Kerze angez\u00fcndet und jede dieser vier hat eine spezielle Bedeutung. Die erste ist die Kerze des Propheten, sie erinnert an die Prophezeiung vom Kommen des Messias. Die zweite Kerze ist die Kerze Bethlehems, in Erinnerung an den Ort, an dem Jesus das Licht der Welt erblickte. Die dritte Kerze ist die Kerze des Sch\u00e4fers, der bescheidenste unter den Bescheidenen, der dem Messias als erster huldigte. Die vierte Kerze ist die Kerze des Engels, der die wundersame Geburt Jesu der ganzen Welt verk\u00fcndete.<\/p>\n<p><strong>Die vier Kerzen repr\u00e4sentieren auch das Licht, das gegen die Dunkelheit gewinnt<\/strong>, was in Jesu Geburt gipfelt. So betrachtet, symbolisieren die Kerzen <strong>Hoffnung, Frieden, Freude und Liebe<\/strong>, die Botschaft, die durch das Jesuskind in die Welt gebracht wurde.<\/p>\n<p><strong>Den Adventskranz<\/strong> gibt es seit Mitte des 19. Jahrhunderts. Dieser stammt vom Protestanten Johann Hinrich Wichern, der mit seinem Schmuck die N\u00e4chte f\u00fcr die Berliner Waisenkinder erhellen wollte. Zu Beginn fand man die Kr\u00e4nze haupts\u00e4chlich in Oratorien, Waisenh\u00e4usern und Schulen, doch bald fanden sie auch ihren Weg in die privaten Haushalte. Noch heute ist das Schenken eines Adventskranzes <strong>eine Geste der Zuneigung und Hingabe<\/strong>.<\/p>\n<p>Adventskr\u00e4nze sind sch\u00f6n, dekoriert mit gr\u00fcnen Zweigen und Beeren, B\u00e4ndern und goldenen und silbernen Weihnachtsdekorationen. Sie k\u00f6nnen sowohl <strong>eleganter<\/strong> Blickfang f\u00fcr die Feiertage, als auch <a href=\"https:\/\/www.holyart.de\/liturgische-gerate\"><strong>liturgischer Gegenstand<\/strong><\/a> sein, der Licht, W\u00e4rme und Sch\u00f6nheit in das ganze Haus bringt.<\/p>\n","protected":false},"excerpt":{"rendered":"<p>Der Adventskranz ist gleichzeitig eine Weihnachtsdekoration, die Ihr Haus versch\u00f6nert und ein Objekt mit gro\u00dfer Bedeutung f\u00fcr Gl\u00e4ubige. Tats\u00e4chlich begleitet der Adventskranz die Gl\u00e4ubigen in den vier Wochen vor Weihnachten. Er besteht aus vielen Elementen mit einem starken symbolischen Charakter, wie den gr\u00fcnen Zweigen und&hellip;<\/p>\n","protected":false},"author":1,"featured_media":803,"comment_status":"closed","ping_status":"open","sticky":false,"template":"","format":"standard","meta":{"_acf_changed":false,"footnotes":""},"categories":[12],"tags":[],"class_list":["post-802","post","type-post","status-publish","format-standard","has-post-thumbnail","hentry","category-weihnachten"],"acf":[],"yoast_head":"<!-- This site is optimized with the Yoast SEO plugin v26.6 - https:\/\/yoast.com\/wordpress\/plugins\/seo\/ -->\n<title>Ein Muss f\u00fcr jedes Zuhause: der Adventskranz - Holyart.de<\/title>\n<meta name=\"description\" content=\"Der Adventskranz ist gleichzeitig eine Weihnachtsdekoration, die das Haus zu den Feiertagen schm\u00fcckt und ein Objekt von hohem heiligem Wert ist.\" \/>\n<meta name=\"robots\" content=\"index, follow, max-snippet:-1, max-image-preview:large, max-video-preview:-1\" \/>\n<link rel=\"canonical\" href=\"https:\/\/blog.holyart.it\/de\/weihnachten\/eine-dekoration-die-keinem-zuhause-fehlen-darf-der-adventskranz\/\" \/>\n<meta property=\"og:locale\" content=\"de_DE\" \/>\n<meta property=\"og:type\" content=\"article\" \/>\n<meta property=\"og:title\" content=\"Ein Muss f\u00fcr jedes Zuhause: der Adventskranz - Holyart.de\" \/>\n<meta property=\"og:description\" content=\"Der Adventskranz ist gleichzeitig eine Weihnachtsdekoration, die das Haus zu den Feiertagen schm\u00fcckt und ein Objekt von hohem heiligem Wert ist.\" \/>\n<meta property=\"og:url\" content=\"https:\/\/blog.holyart.it\/de\/weihnachten\/eine-dekoration-die-keinem-zuhause-fehlen-darf-der-adventskranz\/\" \/>\n<meta property=\"og:site_name\" content=\"Holyart.de Blog\" \/>\n<meta property=\"article:published_time\" content=\"2018-11-21T08:25:03+00:00\" \/>\n<meta property=\"article:modified_time\" content=\"2019-03-29T08:36:07+00:00\" \/>\n<meta property=\"og:image\" content=\"https:\/\/blog.holyart.it\/de\/wp-content\/uploads\/sites\/12\/2019\/03\/La-corona-dellavvento.jpg\" \/>\n\t<meta property=\"og:image:width\" content=\"1000\" \/>\n\t<meta property=\"og:image:height\" content=\"667\" \/>\n\t<meta property=\"og:image:type\" content=\"image\/jpeg\" \/>\n<meta name=\"author\" content=\"Redazione\" \/>\n<meta name=\"twitter:card\" content=\"summary_large_image\" \/>\n<meta name=\"twitter:label1\" content=\"Verfasst von\" \/>\n\t<meta name=\"twitter:data1\" content=\"Redazione\" \/>\n\t<meta name=\"twitter:label2\" content=\"Gesch\u00e4tzte Lesezeit\" \/>\n\t<meta name=\"twitter:data2\" content=\"2\u00a0Minuten\" \/>\n<script type=\"application\/ld+json\" class=\"yoast-schema-graph\">{\"@context\":\"https:\/\/schema.org\",\"@graph\":[{\"@type\":\"Article\",\"@id\":\"https:\/\/blog.holyart.it\/de\/weihnachten\/eine-dekoration-die-keinem-zuhause-fehlen-darf-der-adventskranz\/#article\",\"isPartOf\":{\"@id\":\"https:\/\/blog.holyart.it\/de\/weihnachten\/eine-dekoration-die-keinem-zuhause-fehlen-darf-der-adventskranz\/\"},\"author\":{\"name\":\"Redazione\",\"@id\":\"https:\/\/blog.holyart.it\/de\/#\/schema\/person\/0a7b686e5af0f856ec1e390dd0baecda\"},\"headline\":\"Eine Dekoration, die in keinem Zuhause fehlen darf: Der Adventskranz\",\"datePublished\":\"2018-11-21T08:25:03+00:00\",\"dateModified\":\"2019-03-29T08:36:07+00:00\",\"mainEntityOfPage\":{\"@id\":\"https:\/\/blog.holyart.it\/de\/weihnachten\/eine-dekoration-die-keinem-zuhause-fehlen-darf-der-adventskranz\/\"},\"wordCount\":350,\"publisher\":{\"@id\":\"https:\/\/blog.holyart.it\/de\/#organization\"},\"image\":{\"@id\":\"https:\/\/blog.holyart.it\/de\/weihnachten\/eine-dekoration-die-keinem-zuhause-fehlen-darf-der-adventskranz\/#primaryimage\"},\"thumbnailUrl\":\"https:\/\/blog.holyart.it\/de\/wp-content\/uploads\/sites\/12\/2019\/03\/La-corona-dellavvento.jpg\",\"articleSection\":[\"Weihnachten\"],\"inLanguage\":\"de\"},{\"@type\":\"WebPage\",\"@id\":\"https:\/\/blog.holyart.it\/de\/weihnachten\/eine-dekoration-die-keinem-zuhause-fehlen-darf-der-adventskranz\/\",\"url\":\"https:\/\/blog.holyart.it\/de\/weihnachten\/eine-dekoration-die-keinem-zuhause-fehlen-darf-der-adventskranz\/\",\"name\":\"Ein Muss f\u00fcr jedes Zuhause: der Adventskranz - Holyart.de\",\"isPartOf\":{\"@id\":\"https:\/\/blog.holyart.it\/de\/#website\"},\"primaryImageOfPage\":{\"@id\":\"https:\/\/blog.holyart.it\/de\/weihnachten\/eine-dekoration-die-keinem-zuhause-fehlen-darf-der-adventskranz\/#primaryimage\"},\"image\":{\"@id\":\"https:\/\/blog.holyart.it\/de\/weihnachten\/eine-dekoration-die-keinem-zuhause-fehlen-darf-der-adventskranz\/#primaryimage\"},\"thumbnailUrl\":\"https:\/\/blog.holyart.it\/de\/wp-content\/uploads\/sites\/12\/2019\/03\/La-corona-dellavvento.jpg\",\"datePublished\":\"2018-11-21T08:25:03+00:00\",\"dateModified\":\"2019-03-29T08:36:07+00:00\",\"description\":\"Der Adventskranz ist gleichzeitig eine Weihnachtsdekoration, die das Haus zu den Feiertagen schm\u00fcckt und ein Objekt von hohem heiligem Wert ist.\",\"breadcrumb\":{\"@id\":\"https:\/\/blog.holyart.it\/de\/weihnachten\/eine-dekoration-die-keinem-zuhause-fehlen-darf-der-adventskranz\/#breadcrumb\"},\"inLanguage\":\"de\",\"potentialAction\":[{\"@type\":\"ReadAction\",\"target\":[\"https:\/\/blog.holyart.it\/de\/weihnachten\/eine-dekoration-die-keinem-zuhause-fehlen-darf-der-adventskranz\/\"]}]},{\"@type\":\"ImageObject\",\"inLanguage\":\"de\",\"@id\":\"https:\/\/blog.holyart.it\/de\/weihnachten\/eine-dekoration-die-keinem-zuhause-fehlen-darf-der-adventskranz\/#primaryimage\",\"url\":\"https:\/\/blog.holyart.it\/de\/wp-content\/uploads\/sites\/12\/2019\/03\/La-corona-dellavvento.jpg\",\"contentUrl\":\"https:\/\/blog.holyart.it\/de\/wp-content\/uploads\/sites\/12\/2019\/03\/La-corona-dellavvento.jpg\",\"width\":1000,\"height\":667,\"caption\":\"La corona dell'avvento\"},{\"@type\":\"BreadcrumbList\",\"@id\":\"https:\/\/blog.holyart.it\/de\/weihnachten\/eine-dekoration-die-keinem-zuhause-fehlen-darf-der-adventskranz\/#breadcrumb\",\"itemListElement\":[{\"@type\":\"ListItem\",\"position\":1,\"name\":\"Homepage\",\"item\":\"https:\/\/blog.holyart.it\/de\/\"},{\"@type\":\"ListItem\",\"position\":2,\"name\":\"Weihnachten\",\"item\":\"https:\/\/blog.holyart.it\/de\/weihnachten\/\"},{\"@type\":\"ListItem\",\"position\":3,\"name\":\"Eine Dekoration, die in keinem Zuhause fehlen darf: Der Adventskranz\"}]},{\"@type\":\"WebSite\",\"@id\":\"https:\/\/blog.holyart.it\/de\/#website\",\"url\":\"https:\/\/blog.holyart.it\/de\/\",\"name\":\"Holyart.de Blog\",\"description\":\"Holyblog\",\"publisher\":{\"@id\":\"https:\/\/blog.holyart.it\/de\/#organization\"},\"potentialAction\":[{\"@type\":\"SearchAction\",\"target\":{\"@type\":\"EntryPoint\",\"urlTemplate\":\"https:\/\/blog.holyart.it\/de\/?s={search_term_string}\"},\"query-input\":{\"@type\":\"PropertyValueSpecification\",\"valueRequired\":true,\"valueName\":\"search_term_string\"}}],\"inLanguage\":\"de\"},{\"@type\":\"Organization\",\"@id\":\"https:\/\/blog.holyart.it\/de\/#organization\",\"name\":\"Holyart.de Blog\",\"url\":\"https:\/\/blog.holyart.it\/de\/\",\"logo\":{\"@type\":\"ImageObject\",\"inLanguage\":\"de\",\"@id\":\"https:\/\/blog.holyart.it\/de\/#\/schema\/logo\/image\/\",\"url\":\"https:\/\/blog.holyart.it\/de\/wp-content\/uploads\/sites\/12\/2022\/12\/Holyart_Blog_Logo.jpg\",\"contentUrl\":\"https:\/\/blog.holyart.it\/de\/wp-content\/uploads\/sites\/12\/2022\/12\/Holyart_Blog_Logo.jpg\",\"width\":300,\"height\":50,\"caption\":\"Holyart.de Blog\"},\"image\":{\"@id\":\"https:\/\/blog.holyart.it\/de\/#\/schema\/logo\/image\/\"}},{\"@type\":\"Person\",\"@id\":\"https:\/\/blog.holyart.it\/de\/#\/schema\/person\/0a7b686e5af0f856ec1e390dd0baecda\",\"name\":\"Redazione\",\"image\":{\"@type\":\"ImageObject\",\"inLanguage\":\"de\",\"@id\":\"https:\/\/blog.holyart.it\/de\/#\/schema\/person\/image\/\",\"url\":\"https:\/\/secure.gravatar.com\/avatar\/f477da817f43e50d0af36abecd33e3edf826c68299714bdc1057dff3b113f516?s=96&d=mm&r=g\",\"contentUrl\":\"https:\/\/secure.gravatar.com\/avatar\/f477da817f43e50d0af36abecd33e3edf826c68299714bdc1057dff3b113f516?s=96&d=mm&r=g\",\"caption\":\"Redazione\"}}]}<\/script>\n<!-- \/ Yoast SEO plugin. -->","yoast_head_json":{"title":"Ein Muss f\u00fcr jedes Zuhause: der Adventskranz - Holyart.de","description":"Der Adventskranz ist gleichzeitig eine Weihnachtsdekoration, die das Haus zu den Feiertagen schm\u00fcckt und ein Objekt von hohem heiligem Wert ist.","robots":{"index":"index","follow":"follow","max-snippet":"max-snippet:-1","max-image-preview":"max-image-preview:large","max-video-preview":"max-video-preview:-1"},"canonical":"https:\/\/blog.holyart.it\/de\/weihnachten\/eine-dekoration-die-keinem-zuhause-fehlen-darf-der-adventskranz\/","og_locale":"de_DE","og_type":"article","og_title":"Ein Muss f\u00fcr jedes Zuhause: der Adventskranz - Holyart.de","og_description":"Der Adventskranz ist gleichzeitig eine Weihnachtsdekoration, die das Haus zu den Feiertagen schm\u00fcckt und ein Objekt von hohem heiligem Wert ist.","og_url":"https:\/\/blog.holyart.it\/de\/weihnachten\/eine-dekoration-die-keinem-zuhause-fehlen-darf-der-adventskranz\/","og_site_name":"Holyart.de Blog","article_published_time":"2018-11-21T08:25:03+00:00","article_modified_time":"2019-03-29T08:36:07+00:00","og_image":[{"width":1000,"height":667,"url":"https:\/\/blog.holyart.it\/de\/wp-content\/uploads\/sites\/12\/2019\/03\/La-corona-dellavvento.jpg","type":"image\/jpeg"}],"author":"Redazione","twitter_card":"summary_large_image","twitter_misc":{"Verfasst von":"Redazione","Gesch\u00e4tzte Lesezeit":"2\u00a0Minuten"},"schema":{"@context":"https:\/\/schema.org","@graph":[{"@type":"Article","@id":"https:\/\/blog.holyart.it\/de\/weihnachten\/eine-dekoration-die-keinem-zuhause-fehlen-darf-der-adventskranz\/#article","isPartOf":{"@id":"https:\/\/blog.holyart.it\/de\/weihnachten\/eine-dekoration-die-keinem-zuhause-fehlen-darf-der-adventskranz\/"},"author":{"name":"Redazione","@id":"https:\/\/blog.holyart.it\/de\/#\/schema\/person\/0a7b686e5af0f856ec1e390dd0baecda"},"headline":"Eine Dekoration, die in keinem Zuhause fehlen darf: Der Adventskranz","datePublished":"2018-11-21T08:25:03+00:00","dateModified":"2019-03-29T08:36:07+00:00","mainEntityOfPage":{"@id":"https:\/\/blog.holyart.it\/de\/weihnachten\/eine-dekoration-die-keinem-zuhause-fehlen-darf-der-adventskranz\/"},"wordCount":350,"publisher":{"@id":"https:\/\/blog.holyart.it\/de\/#organization"},"image":{"@id":"https:\/\/blog.holyart.it\/de\/weihnachten\/eine-dekoration-die-keinem-zuhause-fehlen-darf-der-adventskranz\/#primaryimage"},"thumbnailUrl":"https:\/\/blog.holyart.it\/de\/wp-content\/uploads\/sites\/12\/2019\/03\/La-corona-dellavvento.jpg","articleSection":["Weihnachten"],"inLanguage":"de"},{"@type":"WebPage","@id":"https:\/\/blog.holyart.it\/de\/weihnachten\/eine-dekoration-die-keinem-zuhause-fehlen-darf-der-adventskranz\/","url":"https:\/\/blog.holyart.it\/de\/weihnachten\/eine-dekoration-die-keinem-zuhause-fehlen-darf-der-adventskranz\/","name":"Ein Muss f\u00fcr jedes Zuhause: der Adventskranz - Holyart.de","isPartOf":{"@id":"https:\/\/blog.holyart.it\/de\/#website"},"primaryImageOfPage":{"@id":"https:\/\/blog.holyart.it\/de\/weihnachten\/eine-dekoration-die-keinem-zuhause-fehlen-darf-der-adventskranz\/#primaryimage"},"image":{"@id":"https:\/\/blog.holyart.it\/de\/weihnachten\/eine-dekoration-die-keinem-zuhause-fehlen-darf-der-adventskranz\/#primaryimage"},"thumbnailUrl":"https:\/\/blog.holyart.it\/de\/wp-content\/uploads\/sites\/12\/2019\/03\/La-corona-dellavvento.jpg","datePublished":"2018-11-21T08:25:03+00:00","dateModified":"2019-03-29T08:36:07+00:00","description":"Der Adventskranz ist gleichzeitig eine Weihnachtsdekoration, die das Haus zu den Feiertagen schm\u00fcckt und ein Objekt von hohem heiligem Wert ist.","breadcrumb":{"@id":"https:\/\/blog.holyart.it\/de\/weihnachten\/eine-dekoration-die-keinem-zuhause-fehlen-darf-der-adventskranz\/#breadcrumb"},"inLanguage":"de","potentialAction":[{"@type":"ReadAction","target":["https:\/\/blog.holyart.it\/de\/weihnachten\/eine-dekoration-die-keinem-zuhause-fehlen-darf-der-adventskranz\/"]}]},{"@type":"ImageObject","inLanguage":"de","@id":"https:\/\/blog.holyart.it\/de\/weihnachten\/eine-dekoration-die-keinem-zuhause-fehlen-darf-der-adventskranz\/#primaryimage","url":"https:\/\/blog.holyart.it\/de\/wp-content\/uploads\/sites\/12\/2019\/03\/La-corona-dellavvento.jpg","contentUrl":"https:\/\/blog.holyart.it\/de\/wp-content\/uploads\/sites\/12\/2019\/03\/La-corona-dellavvento.jpg","width":1000,"height":667,"caption":"La corona dell'avvento"},{"@type":"BreadcrumbList","@id":"https:\/\/blog.holyart.it\/de\/weihnachten\/eine-dekoration-die-keinem-zuhause-fehlen-darf-der-adventskranz\/#breadcrumb","itemListElement":[{"@type":"ListItem","position":1,"name":"Homepage","item":"https:\/\/blog.holyart.it\/de\/"},{"@type":"ListItem","position":2,"name":"Weihnachten","item":"https:\/\/blog.holyart.it\/de\/weihnachten\/"},{"@type":"ListItem","position":3,"name":"Eine Dekoration, die in keinem Zuhause fehlen darf: Der Adventskranz"}]},{"@type":"WebSite","@id":"https:\/\/blog.holyart.it\/de\/#website","url":"https:\/\/blog.holyart.it\/de\/","name":"Holyart.de Blog","description":"Holyblog","publisher":{"@id":"https:\/\/blog.holyart.it\/de\/#organization"},"potentialAction":[{"@type":"SearchAction","target":{"@type":"EntryPoint","urlTemplate":"https:\/\/blog.holyart.it\/de\/?s={search_term_string}"},"query-input":{"@type":"PropertyValueSpecification","valueRequired":true,"valueName":"search_term_string"}}],"inLanguage":"de"},{"@type":"Organization","@id":"https:\/\/blog.holyart.it\/de\/#organization","name":"Holyart.de Blog","url":"https:\/\/blog.holyart.it\/de\/","logo":{"@type":"ImageObject","inLanguage":"de","@id":"https:\/\/blog.holyart.it\/de\/#\/schema\/logo\/image\/","url":"https:\/\/blog.holyart.it\/de\/wp-content\/uploads\/sites\/12\/2022\/12\/Holyart_Blog_Logo.jpg","contentUrl":"https:\/\/blog.holyart.it\/de\/wp-content\/uploads\/sites\/12\/2022\/12\/Holyart_Blog_Logo.jpg","width":300,"height":50,"caption":"Holyart.de Blog"},"image":{"@id":"https:\/\/blog.holyart.it\/de\/#\/schema\/logo\/image\/"}},{"@type":"Person","@id":"https:\/\/blog.holyart.it\/de\/#\/schema\/person\/0a7b686e5af0f856ec1e390dd0baecda","name":"Redazione","image":{"@type":"ImageObject","inLanguage":"de","@id":"https:\/\/blog.holyart.it\/de\/#\/schema\/person\/image\/","url":"https:\/\/secure.gravatar.com\/avatar\/f477da817f43e50d0af36abecd33e3edf826c68299714bdc1057dff3b113f516?s=96&d=mm&r=g","contentUrl":"https:\/\/secure.gravatar.com\/avatar\/f477da817f43e50d0af36abecd33e3edf826c68299714bdc1057dff3b113f516?s=96&d=mm&r=g","caption":"Redazione"}}]}},"_links":{"self":[{"href":"https:\/\/blog.holyart.it\/de\/wp-json\/wp\/v2\/posts\/802","targetHints":{"allow":["GET"]}}],"collection":[{"href":"https:\/\/blog.holyart.it\/de\/wp-json\/wp\/v2\/posts"}],"about":[{"href":"https:\/\/blog.holyart.it\/de\/wp-json\/wp\/v2\/types\/post"}],"author":[{"embeddable":true,"href":"https:\/\/blog.holyart.it\/de\/wp-json\/wp\/v2\/users\/1"}],"replies":[{"embeddable":true,"href":"https:\/\/blog.holyart.it\/de\/wp-json\/wp\/v2\/comments?post=802"}],"version-history":[{"count":0,"href":"https:\/\/blog.holyart.it\/de\/wp-json\/wp\/v2\/posts\/802\/revisions"}],"wp:featuredmedia":[{"embeddable":true,"href":"https:\/\/blog.holyart.it\/de\/wp-json\/wp\/v2\/media\/803"}],"wp:attachment":[{"href":"https:\/\/blog.holyart.it\/de\/wp-json\/wp\/v2\/media?parent=802"}],"wp:term":[{"taxonomy":"category","embeddable":true,"href":"https:\/\/blog.holyart.it\/de\/wp-json\/wp\/v2\/categories?post=802"},{"taxonomy":"post_tag","embeddable":true,"href":"https:\/\/blog.holyart.it\/de\/wp-json\/wp\/v2\/tags?post=802"}],"curies":[{"name":"wp","href":"https:\/\/api.w.org\/{rel}","templated":true}]}}