{"id":7958,"date":"2026-04-20T10:00:09","date_gmt":"2026-04-20T08:00:09","guid":{"rendered":"https:\/\/blog.holyart.it\/de\/?p=7958"},"modified":"2026-04-28T15:09:56","modified_gmt":"2026-04-28T13:09:56","slug":"der-evangelist-markus-juenger-der-heiligen-petrus-und-paulus","status":"publish","type":"post","link":"https:\/\/blog.holyart.it\/de\/devotionalien\/der-evangelist-markus-juenger-der-heiligen-petrus-und-paulus\/","title":{"rendered":"Der Evangelist Markus: J\u00fcnger der Heiligen Petrus und Paulus"},"content":{"rendered":"<h4>Der Evangelist Markus, Schutzpatron von Venedig, war Missionar mit dem Heiligen Paulus und J\u00fcnger des Heiligen Petrus. Er gr\u00fcndete die koptische Kirche in \u00c4gypten und verfasste das erste der vier kanonischen Evangelien. Hier ist seine Geschichte<\/h4>\n\n<p>Wir wissen nicht viel \u00fcber den Evangelisten Markus, der ein <a href=\"https:\/\/www.holyart.de\/blog\/heilige-und-selige\/vom-blitz-getroffen-auf-dem-weg-nach-damaskus-woher-dieser-ausdruck-stammt\/\"><strong>J\u00fcnger des Heiligen Paulus<\/strong><\/a> war und den der <strong>Heilige Petrus<\/strong> als seinen \u201eSohn\u201d bezeichnete. Die beiden Heiligen erw\u00e4hnen ihn, und kurze Passagen \u00fcber ihn finden sich in der <em>Apostelgeschichte<\/em> und in einigen apokryphen Dokumenten. Dennoch ist seine Bedeutung unbestreitbar, wenn man bedenkt, dass sein <strong>Evangelium eines der vier kanonischen Evangelien der christlichen Religion<\/strong> ist und von Matth\u00e4us und Lukas als Hauptquelle f\u00fcr ihre jeweiligen Evangelien verwendet wurde. Das <strong>Evangelium des Markus<\/strong> wurde wahrscheinlich um 70 n. Chr. in Rom auf Griechisch verfasst und ist <strong>das \u00e4lteste<\/strong> und auch das k\u00fcrzeste der Evangelien. Es besteht aus 16 Kapiteln und konzentriert sich insbesondere auf <strong>die Mission Jesu<\/strong>, der als Sohn Gottes, Exorzist, Heiler und Mann der Tat bezeichnet wird, sowie auf die <strong>Schwierigkeiten der J\u00fcnger, seine Predigten<\/strong>, insbesondere die Gleichnisse und Wunder, <strong>zu verstehen<\/strong>. Die Erz\u00e4hlung des Markus beginnt mit der <a href=\"https:\/\/www.holyart.de\/besondere-anlasse\/passionskrippe\/taufe-jesu-im-jordan-mit-johannes-dem-taufer-fur-9-cm-krippe\"><strong>Taufe Jesu<\/strong><\/a> durch Johannes den T\u00e4ufer und konzentriert sich vor allem auf <a href=\"https:\/\/www.holyart.de\/blog\/ostern\/die-ereignisse-der-passion-jesu-vom-letzten-abendmahl-bis-zu-seiner-kreuzigung\/\"><strong>die letzte Woche seines Lebens<\/strong><\/a>. Die zahlreichen Erkl\u00e4rungen, die Jesus selbst zugeschrieben werden, und die sprachlichen Pr\u00e4zisierungen lassen erkennen, dass der Text f\u00fcr nichtj\u00fcdische Leser verfasst wurde, da das Markusevangelium anonym ist, ist seine Zuschreibung an den J\u00fcnger von Petrus und Paulus seit jeher Gegenstand von Studien und Kontroversen.<\/p>\n<div class=\"link-product\">\n<div class=\"blocco-immagine\"><img loading=\"lazy\" decoding=\"async\" class=\"size-full wp-image-7961 alignleft\" src=\"https:\/\/blog.holyart.it\/de\/wp-content\/uploads\/sites\/12\/2026\/04\/Taufe-Jesu-im-Jordan-mit-Johannes-dem-Taeufer.jpg\" alt=\"Taufe Jesu im Jordan mit Johannes dem T\u00e4ufer\" width=\"100\" height=\"100\" data-kale-share-title=\"Der Evangelist Markus: J\u00fcnger der Heiligen Petrus und Paulus\" data-kale-share-url=\"https:\/\/blog.holyart.it\/de\/?p=7958\" \/><\/div>\n<div class=\"blocco-contenuto\">\n<div class=\"blocco-acquista\">Einkaufen:<\/div>\n<div class=\"blocco-titolo\"><a href=\"https:\/\/www.holyart.de\/besondere-anlasse\/passionskrippe\/taufe-jesu-im-jordan-mit-johannes-dem-taufer-fur-9-cm-krippe\">Taufe Jesu im Jordan mit Johannes dem T\u00e4ufer, f\u00fcr 9 cm Krippe<\/a><\/div>\n<div class=\"blocco-descrizione\">Passionsszene: Taufe Jesu mit Johannes dem T\u00e4ufer.<\/div>\n<\/div>\n<\/div>\n<p>Wann wird der Evangelist Markus gefeiert? Die Kirche feiert das liturgische Gedenken an Markus <strong>am 25. April<\/strong>, dem Datum seines wahrscheinlichen Martyriums in Alexandria in \u00c4gypten. Zu diesem Anlass findet in <strong>Venedig<\/strong>, einer der wichtigsten St\u00e4dte, deren Schutzpatron der Heilige ist, eine feierliche Prozession in der ihm geweihten Basilika statt, die an die pr\u00e4chtigen Prozessionen der Antike erinnert, an denen alle religi\u00f6sen und zivilen Autorit\u00e4ten sowie Vertreter der K\u00fcnste der Stadt teilnahmen.<\/p>\n<p>Der Heilige Markus der Evangelist wird von der <strong>katholischen, orthodoxen und koptischen Kirche<\/strong>, deren Patriarch er ist, verehrt und ist Schutzpatron der Notare, Schreiber, Glaser und Optiker.<\/p>\n<p>Wer war also der Heilige Markus der Evangelist?<\/p>\n<div class=\"link-article\">\n<p><img loading=\"lazy\" decoding=\"async\" class=\"size-full wp-image-7962 alignleft\" src=\"https:\/\/blog.holyart.it\/de\/wp-content\/uploads\/sites\/12\/2026\/04\/Die-Ereignisse-der-Passion-Jesu.jpg\" alt=\"Die Ereignisse der Passion Jesu\" width=\"150\" height=\"99\" data-kale-share-title=\"Der Evangelist Markus: J\u00fcnger der Heiligen Petrus und Paulus\" data-kale-share-url=\"https:\/\/blog.holyart.it\/de\/?p=7958\" \/><\/p>\n<div class=\"leggi-anche\">Lesen Sie auch:<\/div>\n<p><strong><a href=\"https:\/\/www.holyart.de\/blog\/ostern\/die-ereignisse-der-passion-jesu-vom-letzten-abendmahl-bis-zu-seiner-kreuzigung\/\">Die Ereignisse der Passion Jesu: vom letzten Abendmahl bis zu seiner Kreuzigung<\/a><\/strong><br \/>\nDie Passion Jesu ist der h\u00f6chste und schrecklichste Moment seines&#8230;<\/p>\n<\/div>\n<h2>Das Leben des Heiligen Markus<\/h2>\n<p>\u00dcber die Geschichte des Evangelisten Markus ist daher wenig bekannt, abgesehen von dem, was Petrus und Paulus \u00fcber ihn geschrieben haben und was in der <em>Apostelgeschichte<\/em> steht. Es scheint, dass er der Sohn von Maria war, der Witwe und Besitzerin des Hauses <strong><a href=\"https:\/\/www.holyart.de\/blog\/ostern\/der-oelberg-einer-der-orte-die-jesus-am-meisten-am-herzen-lagen\/\">beim Garten Getsemani<\/a><\/strong>, die Jesus und die Apostel beim letzten Abendmahl beherbergte. Einigen \u00dcberlieferungen zufolge war Markus der Junge, der Jesus folgte, als dieser nur mit einem Laken bekleidet weggef\u00fchrt wurde. Als Jude levitischer Abstammung wissen wir nicht, welchen Beruf Markus der Evangelist aus\u00fcbte, bevor er Missionar und sp\u00e4ter Verfasser des ersten Evangeliums wurde. Markus war sein Name als <em>Nichtjude<\/em>, w\u00e4hrend sein j\u00fcdischer Name Johannes war, unter dem er in anderen Passagen der <em>Apostelgeschichte<\/em> erw\u00e4hnt wird. Er wird auch als <strong>Cousin von Barnabas<\/strong> erw\u00e4hnt, ein Name, der Joseph von Zypern zugeschrieben wird, dem Predigtgef\u00e4hrten des <strong>Heiligen Paulus<\/strong>, zuerst in <strong>Antiochia<\/strong>, dann auf der <strong>Insel Zypern<\/strong>, damals bekannt als Salamis, wo die beiden Cousins zusammen mit Paulus auf seiner ersten Missionsreise gepredigt haben sollen. Markus kehrte sp\u00e4ter nach Jerusalem zur\u00fcck, folgte Paulus aber weiterhin auf anderen Reisen, wie die Worte des <strong><a href=\"https:\/\/www.holyart.de\/blog\/heilige-und-selige\/saint-paul-von-tarso-geschichte-eines-missionars\/\">Apostels der V\u00f6lker<\/a><\/strong> selbst in einem Brief an seinen Gef\u00e4hrten Timotheus bezeugen: \u201e<em>Komm so schnell wie m\u00f6glich zu mir&#8230; Nur Lukas ist bei mir. Nimm Markus mit und bring ihn mit, denn er ist mir n\u00fctzlich f\u00fcr den Dienst<\/em>\u201c (Timotheus 4,9-11).<\/p>\n<div class=\"link-article\">\n<p><img loading=\"lazy\" decoding=\"async\" class=\"size-full wp-image-7963 alignleft\" src=\"https:\/\/blog.holyart.it\/de\/wp-content\/uploads\/sites\/12\/2026\/04\/Der-Oelberg-einer-der-Orte-die-Jesus-am-meisten-am-Herzen-lagen.jpg\" alt=\"Der \u00d6lberg, einer der Orte, die Jesus am meisten am Herzen lagen\" width=\"150\" height=\"99\" data-kale-share-title=\"Der Evangelist Markus: J\u00fcnger der Heiligen Petrus und Paulus\" data-kale-share-url=\"https:\/\/blog.holyart.it\/de\/?p=7958\" \/><\/p>\n<div class=\"leggi-anche\">Lesen Sie auch:<\/div>\n<p><strong><a href=\"https:\/\/www.holyart.de\/blog\/ostern\/der-oelberg-einer-der-orte-die-jesus-am-meisten-am-herzen-lagen\/\">Der \u00d6lberg, einer der Orte, die Jesus am meisten am Herzen lagen<\/a><\/strong><br \/>\nSeit der Antike ist der \u00d6lberg ein Ort der Geheimnisse, der Schauplatz gro\u00dfer biblischer&#8230;<\/p>\n<\/div>\n<p>Der heilige Markus war auch eng mit dem <strong>heiligen Petrus<\/strong> befreundet, der in seinem ersten Brief \u00fcber ihn schrieb: \u201e<em>Die Gemeinde, die wie ihr auserw\u00e4hlt ist und in Babylon (wahrscheinlich Rom) wohnt, gr\u00fc\u00dft euch, ebenso wie Markus, mein Sohn.<\/em>\u201c Der heilige Markus war wahrscheinlich <strong>an der Seite des Petrus in Rom<\/strong> und wurde m\u00f6glicherweise von ihm selbst getauft. Die Verbindung zu den <strong>Aposteln Paulus und Petrus<\/strong> taucht in allen ihn betreffenden Dokumenten immer wieder auf. Nach dem Tod beider evangelisierte Markus <strong>\u00c4gypten<\/strong> und gr\u00fcndete die <strong>Kirche von Alexandria<\/strong>, deren <strong>erster Bischof<\/strong> er wurde.<\/p>\n<p>Wie starb der Evangelist Markus? Es gibt keine gesicherten Nachrichten \u00fcber seinen <strong>Tod<\/strong>. Nach der <em>Legenda Aurea<\/em> und anderen Chronisten <strong>erlitt er in Alexandria in \u00c4gypten den M\u00e4rtyrertod<\/strong>: Sein Leichnam wurde mehrmals durch die Stadt geschleift. In Alexandria wurden seine \u00dcberreste versteckt, die von seinen J\u00fcngern vor den Flammen gerettet worden waren, und hier sollen sie im Jahr 828 zwei venezianische Kaufleute gefunden und in einem Korb mit Schweinefleisch und Gem\u00fcse nach Venedig gebracht haben. Die Lagunenstadt nahm den Heiligen sofort auf und widmete ihm im Laufe der Jahrhunderte mehrere Kirchen, bis hin zu der wundersch\u00f6nen Basilika, die wir alle kennen: die <a href=\"https:\/\/www.holyart.de\/kirchenbedarf\/paramente\/priesterstolen\/stola-evangelist-markus-elfenbeinfarbig\"><strong>Basilika San Marco<\/strong><\/a>, der weltber\u00fchmte Dom von Venedig.<\/p>\n<div class=\"link-product\">\n<div class=\"blocco-immagine\"><img loading=\"lazy\" decoding=\"async\" class=\"size-full wp-image-7964 alignleft\" src=\"https:\/\/blog.holyart.it\/de\/wp-content\/uploads\/sites\/12\/2026\/04\/Stola-Evangelist-Markus-elfenbeinfarbig.jpg\" alt=\"Stola Evangelist Markus elfenbeinfarbig\" width=\"100\" height=\"100\" data-kale-share-title=\"Der Evangelist Markus: J\u00fcnger der Heiligen Petrus und Paulus\" data-kale-share-url=\"https:\/\/blog.holyart.it\/de\/?p=7958\" \/><\/div>\n<div class=\"blocco-contenuto\">\n<div class=\"blocco-acquista\">Einkaufen:<\/div>\n<div class=\"blocco-titolo\"><a href=\"https:\/\/www.holyart.de\/kirchenbedarf\/paramente\/priesterstolen\/stola-evangelist-markus-elfenbeinfarbig\">Stola Evangelist Markus elfenbeinfarbig<\/a><\/div>\n<div class=\"blocco-descrizione\">Priesterstola realisiert aus elfenbeinfarbigen Polyester Mischung und dekoriert mit Bild des Evangelists MArkus.<\/div>\n<\/div>\n<\/div>\n<h2>Das Symbol des Evangelisten Markus<\/h2>\n<p>Im <strong><a href=\"https:\/\/www.holyart.de\/blog\/heilige-und-selige\/die-symbole-der-evangelisten-und-ihre-bedeutung\/\">Tetramorph<\/a><\/strong>, der ikonografischen Darstellung der vier Symbole der vier Evangelisten, wird der Heilige Markus durch einen <strong>gefl\u00fcgelten L\u00f6wen<\/strong> dargestellt, und mit diesem Symbol taucht er seit jeher in der Ikonografie und Kunstgeschichte auf. Die Symbole der anderen Evangelisten sind: ein gefl\u00fcgelter Mensch f\u00fcr das Matth\u00e4usevangelium, ein Stier oder Kalb f\u00fcr das Lukasevangelium und ein Adler f\u00fcr das Johannesevangelium.<\/p>\n<div class=\"link-article\">\n<p><img loading=\"lazy\" decoding=\"async\" class=\"size-full wp-image-7965 alignleft\" src=\"https:\/\/blog.holyart.it\/de\/wp-content\/uploads\/sites\/12\/2026\/04\/Die-Symbole-der-Evangelisten-und-ihre-Bedeutung.jpg\" alt=\"Die Symbole der Evangelisten und ihre Bedeutung\" width=\"150\" height=\"99\" data-kale-share-title=\"Der Evangelist Markus: J\u00fcnger der Heiligen Petrus und Paulus\" data-kale-share-url=\"https:\/\/blog.holyart.it\/de\/?p=7958\" \/><\/p>\n<div class=\"leggi-anche\">Lesen Sie auch:<\/div>\n<p><strong><a href=\"https:\/\/www.holyart.de\/blog\/heilige-und-selige\/die-symbole-der-evangelisten-und-ihre-bedeutung\/\">Die Symbole der Evangelisten und ihre Bedeutung<\/a><\/strong><br \/>\nGefl\u00fcgelter Mann, Ochse, L\u00f6we und Adler. Die Symbole der Evangelisten durchziehen seit Jahrhunderten&#8230;<\/p>\n<\/div>\n<p>Oft wird der <a href=\"https:\/\/www.holyart.de\/devotionalien\/statuen\/statuen-aus-resin-und-pvc\/heiliger-markus-evangelist-30cm-aus-harz\"><strong>L\u00f6we des Heiligen Markus<\/strong><\/a> oder L\u00f6we von Markus mit einem <strong>Heiligenschein auf dem Kopf<\/strong> und <strong>einem Buch zwischen den Pfoten<\/strong> dargestellt, und in dieser Version ist er seit Jahrhunderten das Symbol der <strong>Stadt Venedig<\/strong>. Auf dem Buch steht die Inschrift: \u201e<em>Pax tibi Marce evangelista meus<\/em>\u201d, ein Teil des Satzes, den laut einer sehr alten Tradition ein Engel in Form eines gefl\u00fcgelten L\u00f6wen zu Markus gesagt haben soll, der zuf\u00e4llig in der Lagune von Venedig gelandet war, um ihm den Ort zu verk\u00fcnden, an dem seine sterblichen \u00dcberreste eines Tages ruhen w\u00fcrden: \u201e<em>Pax tibi Marce, evangelista meus. Hic requiescet corpus tuum<\/em>.\u201d (Friede sei mit dir, Markus, mein Evangelist. Hier wird dein K\u00f6rper ruhen.)<\/p>\n<div class=\"link-product\">\n<div class=\"blocco-immagine\"><img loading=\"lazy\" decoding=\"async\" class=\"size-full wp-image-7966 alignleft\" src=\"https:\/\/blog.holyart.it\/de\/wp-content\/uploads\/sites\/12\/2026\/04\/Heiliger-Markus-Evangelist-30cm-aus-Harz.jpg\" alt=\"Heiliger Markus Evangelist 30cm aus Harz\" width=\"100\" height=\"100\" data-kale-share-title=\"Der Evangelist Markus: J\u00fcnger der Heiligen Petrus und Paulus\" data-kale-share-url=\"https:\/\/blog.holyart.it\/de\/?p=7958\" \/><\/div>\n<div class=\"blocco-contenuto\">\n<div class=\"blocco-acquista\">Einkaufen:<\/div>\n<div class=\"blocco-titolo\"><a href=\"https:\/\/www.holyart.de\/devotionalien\/statuen\/statuen-aus-resin-und-pvc\/heiliger-markus-evangelist-30cm-aus-harz\">Heiliger Markus Evangelist 30cm aus Harz<\/a><\/div>\n<div class=\"blocco-descrizione\">Statue des Evangelists Markus realisiert aus Harz und handbemalt.<\/div>\n<\/div>\n<\/div>\n<h2>Der Schutzpatron von Venedig<\/h2>\n<p>Im Laufe der Jahrhunderte hat Venedig dem Evangelisten Markus viele Traditionen gewidmet. Eine besonders romantische davon besagt, dass Verliebte am 25. April, dem Tag seines liturgischen Gedenkens, ihrer Liebsten eine \u201e<em>Bocolo<\/em>\u201d, eine rote Rosenknospe, schenken. Eine Legende erz\u00e4hlt die bewegte Liebesgeschichte zwischen Maria, der Tochter des Dogen Orso Partecipazio, die wegen der Intensit\u00e4t ihres Blicks \u201eVulcana\u201d genannt wurde, und Tancredi, einem Geschichtenerz\u00e4hler. Maria \u00fcberzeugte Tancredi, mit den Paladinen Karls des Gro\u00dfen aufzubrechen, um ihrem Vater, dem Dogen, seinen Wert zu beweisen, und er erlangte Ehre, gleich wie Orlando und Rinaldo. Als die Paladine nach Venedig zur\u00fcckkehrten, suchte Vulcana ihn jedoch vergeblich unter ihnen: Tancredi war im Kampf gefallen, verraten von seinem eigenen Elan. Einer seiner Gef\u00e4hrten \u00fcberreichte ihr eine rote Rose, die mit seinem Blut getr\u00e4nkt war. Vulcana schloss sich mit der Rose in ihrem Zimmer ein und wurde dort tot aufgefunden, neben der Knospe, die wieder so frisch war wie frisch gepfl\u00fcckt.<\/p>\n","protected":false},"excerpt":{"rendered":"<p>Der Evangelist Markus, Schutzpatron von Venedig, war Missionar mit dem Heiligen Paulus und J\u00fcnger des Heiligen Petrus. Er gr\u00fcndete die koptische Kirche in \u00c4gypten und verfasste das erste der vier kanonischen Evangelien. Hier ist seine Geschichte Wir wissen nicht viel \u00fcber den Evangelisten Markus, der&hellip;<\/p>\n","protected":false},"author":1,"featured_media":7959,"comment_status":"closed","ping_status":"open","sticky":false,"template":"","format":"standard","meta":{"_acf_changed":false,"footnotes":""},"categories":[10],"tags":[],"class_list":["post-7958","post","type-post","status-publish","format-standard","has-post-thumbnail","hentry","category-devotionalien"],"acf":[],"yoast_head":"<!-- This site is optimized with the Yoast SEO plugin v26.6 - https:\/\/yoast.com\/wordpress\/plugins\/seo\/ -->\n<title>Der Evangelist Markus: J\u00fcnger der Heiligen Petrus und Paulus - Holyart.de Blog<\/title>\n<meta name=\"description\" content=\"Am 25. April gedenkt die Kirche dem Evangelisten Markus, der zusammen mit Paulus und Petrus predigte und das erste Evangelium schrieb...\" \/>\n<meta name=\"robots\" content=\"index, follow, max-snippet:-1, max-image-preview:large, max-video-preview:-1\" \/>\n<link rel=\"canonical\" href=\"https:\/\/blog.holyart.it\/de\/devotionalien\/der-evangelist-markus-juenger-der-heiligen-petrus-und-paulus\/\" \/>\n<meta property=\"og:locale\" content=\"de_DE\" \/>\n<meta property=\"og:type\" content=\"article\" \/>\n<meta property=\"og:title\" content=\"Der Evangelist Markus: J\u00fcnger der Heiligen Petrus und Paulus - Holyart.de Blog\" \/>\n<meta property=\"og:description\" content=\"Am 25. April gedenkt die Kirche dem Evangelisten Markus, der zusammen mit Paulus und Petrus predigte und das erste Evangelium schrieb...\" \/>\n<meta property=\"og:url\" content=\"https:\/\/blog.holyart.it\/de\/devotionalien\/der-evangelist-markus-juenger-der-heiligen-petrus-und-paulus\/\" \/>\n<meta property=\"og:site_name\" content=\"Holyart.de Blog\" \/>\n<meta property=\"article:published_time\" content=\"2026-04-20T08:00:09+00:00\" \/>\n<meta property=\"article:modified_time\" content=\"2026-04-28T13:09:56+00:00\" \/>\n<meta property=\"og:image\" content=\"https:\/\/blog.holyart.it\/de\/wp-content\/uploads\/sites\/12\/2026\/04\/Der-Evangelist-Markus.jpg\" \/>\n\t<meta property=\"og:image:width\" content=\"1000\" \/>\n\t<meta property=\"og:image:height\" content=\"666\" \/>\n\t<meta property=\"og:image:type\" content=\"image\/jpeg\" \/>\n<meta name=\"author\" content=\"Redazione\" \/>\n<meta name=\"twitter:card\" content=\"summary_large_image\" \/>\n<meta name=\"twitter:label1\" content=\"Verfasst von\" \/>\n\t<meta name=\"twitter:data1\" content=\"Redazione\" \/>\n\t<meta name=\"twitter:label2\" content=\"Gesch\u00e4tzte Lesezeit\" \/>\n\t<meta name=\"twitter:data2\" content=\"9\u00a0Minuten\" \/>\n<script type=\"application\/ld+json\" class=\"yoast-schema-graph\">{\"@context\":\"https:\/\/schema.org\",\"@graph\":[{\"@type\":\"Article\",\"@id\":\"https:\/\/blog.holyart.it\/de\/devotionalien\/der-evangelist-markus-juenger-der-heiligen-petrus-und-paulus\/#article\",\"isPartOf\":{\"@id\":\"https:\/\/blog.holyart.it\/de\/devotionalien\/der-evangelist-markus-juenger-der-heiligen-petrus-und-paulus\/\"},\"author\":{\"name\":\"Redazione\",\"@id\":\"https:\/\/blog.holyart.it\/de\/#\/schema\/person\/0a7b686e5af0f856ec1e390dd0baecda\"},\"headline\":\"Der Evangelist Markus: J\u00fcnger der Heiligen Petrus und Paulus\",\"datePublished\":\"2026-04-20T08:00:09+00:00\",\"dateModified\":\"2026-04-28T13:09:56+00:00\",\"mainEntityOfPage\":{\"@id\":\"https:\/\/blog.holyart.it\/de\/devotionalien\/der-evangelist-markus-juenger-der-heiligen-petrus-und-paulus\/\"},\"wordCount\":1330,\"publisher\":{\"@id\":\"https:\/\/blog.holyart.it\/de\/#organization\"},\"image\":{\"@id\":\"https:\/\/blog.holyart.it\/de\/devotionalien\/der-evangelist-markus-juenger-der-heiligen-petrus-und-paulus\/#primaryimage\"},\"thumbnailUrl\":\"https:\/\/blog.holyart.it\/de\/wp-content\/uploads\/sites\/12\/2026\/04\/Der-Evangelist-Markus.jpg\",\"articleSection\":[\"Religion\"],\"inLanguage\":\"de\"},{\"@type\":\"WebPage\",\"@id\":\"https:\/\/blog.holyart.it\/de\/devotionalien\/der-evangelist-markus-juenger-der-heiligen-petrus-und-paulus\/\",\"url\":\"https:\/\/blog.holyart.it\/de\/devotionalien\/der-evangelist-markus-juenger-der-heiligen-petrus-und-paulus\/\",\"name\":\"Der Evangelist Markus: J\u00fcnger der Heiligen Petrus und Paulus - Holyart.de Blog\",\"isPartOf\":{\"@id\":\"https:\/\/blog.holyart.it\/de\/#website\"},\"primaryImageOfPage\":{\"@id\":\"https:\/\/blog.holyart.it\/de\/devotionalien\/der-evangelist-markus-juenger-der-heiligen-petrus-und-paulus\/#primaryimage\"},\"image\":{\"@id\":\"https:\/\/blog.holyart.it\/de\/devotionalien\/der-evangelist-markus-juenger-der-heiligen-petrus-und-paulus\/#primaryimage\"},\"thumbnailUrl\":\"https:\/\/blog.holyart.it\/de\/wp-content\/uploads\/sites\/12\/2026\/04\/Der-Evangelist-Markus.jpg\",\"datePublished\":\"2026-04-20T08:00:09+00:00\",\"dateModified\":\"2026-04-28T13:09:56+00:00\",\"description\":\"Am 25. April gedenkt die Kirche dem Evangelisten Markus, der zusammen mit Paulus und Petrus predigte und das erste Evangelium schrieb...\",\"breadcrumb\":{\"@id\":\"https:\/\/blog.holyart.it\/de\/devotionalien\/der-evangelist-markus-juenger-der-heiligen-petrus-und-paulus\/#breadcrumb\"},\"inLanguage\":\"de\",\"potentialAction\":[{\"@type\":\"ReadAction\",\"target\":[\"https:\/\/blog.holyart.it\/de\/devotionalien\/der-evangelist-markus-juenger-der-heiligen-petrus-und-paulus\/\"]}]},{\"@type\":\"ImageObject\",\"inLanguage\":\"de\",\"@id\":\"https:\/\/blog.holyart.it\/de\/devotionalien\/der-evangelist-markus-juenger-der-heiligen-petrus-und-paulus\/#primaryimage\",\"url\":\"https:\/\/blog.holyart.it\/de\/wp-content\/uploads\/sites\/12\/2026\/04\/Der-Evangelist-Markus.jpg\",\"contentUrl\":\"https:\/\/blog.holyart.it\/de\/wp-content\/uploads\/sites\/12\/2026\/04\/Der-Evangelist-Markus.jpg\",\"width\":1000,\"height\":666,\"caption\":\"Der Evangelist Markus\"},{\"@type\":\"BreadcrumbList\",\"@id\":\"https:\/\/blog.holyart.it\/de\/devotionalien\/der-evangelist-markus-juenger-der-heiligen-petrus-und-paulus\/#breadcrumb\",\"itemListElement\":[{\"@type\":\"ListItem\",\"position\":1,\"name\":\"Homepage\",\"item\":\"https:\/\/blog.holyart.it\/de\/\"},{\"@type\":\"ListItem\",\"position\":2,\"name\":\"Religion\",\"item\":\"https:\/\/blog.holyart.it\/de\/devotionalien\/\"},{\"@type\":\"ListItem\",\"position\":3,\"name\":\"Der Evangelist Markus: J\u00fcnger der Heiligen Petrus und Paulus\"}]},{\"@type\":\"WebSite\",\"@id\":\"https:\/\/blog.holyart.it\/de\/#website\",\"url\":\"https:\/\/blog.holyart.it\/de\/\",\"name\":\"Holyart.de Blog\",\"description\":\"Holyblog\",\"publisher\":{\"@id\":\"https:\/\/blog.holyart.it\/de\/#organization\"},\"potentialAction\":[{\"@type\":\"SearchAction\",\"target\":{\"@type\":\"EntryPoint\",\"urlTemplate\":\"https:\/\/blog.holyart.it\/de\/?s={search_term_string}\"},\"query-input\":{\"@type\":\"PropertyValueSpecification\",\"valueRequired\":true,\"valueName\":\"search_term_string\"}}],\"inLanguage\":\"de\"},{\"@type\":\"Organization\",\"@id\":\"https:\/\/blog.holyart.it\/de\/#organization\",\"name\":\"Holyart.de Blog\",\"url\":\"https:\/\/blog.holyart.it\/de\/\",\"logo\":{\"@type\":\"ImageObject\",\"inLanguage\":\"de\",\"@id\":\"https:\/\/blog.holyart.it\/de\/#\/schema\/logo\/image\/\",\"url\":\"https:\/\/blog.holyart.it\/de\/wp-content\/uploads\/sites\/12\/2022\/12\/Holyart_Blog_Logo.jpg\",\"contentUrl\":\"https:\/\/blog.holyart.it\/de\/wp-content\/uploads\/sites\/12\/2022\/12\/Holyart_Blog_Logo.jpg\",\"width\":300,\"height\":50,\"caption\":\"Holyart.de Blog\"},\"image\":{\"@id\":\"https:\/\/blog.holyart.it\/de\/#\/schema\/logo\/image\/\"}},{\"@type\":\"Person\",\"@id\":\"https:\/\/blog.holyart.it\/de\/#\/schema\/person\/0a7b686e5af0f856ec1e390dd0baecda\",\"name\":\"Redazione\",\"image\":{\"@type\":\"ImageObject\",\"inLanguage\":\"de\",\"@id\":\"https:\/\/blog.holyart.it\/de\/#\/schema\/person\/image\/\",\"url\":\"https:\/\/secure.gravatar.com\/avatar\/f477da817f43e50d0af36abecd33e3edf826c68299714bdc1057dff3b113f516?s=96&d=mm&r=g\",\"contentUrl\":\"https:\/\/secure.gravatar.com\/avatar\/f477da817f43e50d0af36abecd33e3edf826c68299714bdc1057dff3b113f516?s=96&d=mm&r=g\",\"caption\":\"Redazione\"}}]}<\/script>\n<!-- \/ Yoast SEO plugin. -->","yoast_head_json":{"title":"Der Evangelist Markus: J\u00fcnger der Heiligen Petrus und Paulus - Holyart.de Blog","description":"Am 25. April gedenkt die Kirche dem Evangelisten Markus, der zusammen mit Paulus und Petrus predigte und das erste Evangelium schrieb...","robots":{"index":"index","follow":"follow","max-snippet":"max-snippet:-1","max-image-preview":"max-image-preview:large","max-video-preview":"max-video-preview:-1"},"canonical":"https:\/\/blog.holyart.it\/de\/devotionalien\/der-evangelist-markus-juenger-der-heiligen-petrus-und-paulus\/","og_locale":"de_DE","og_type":"article","og_title":"Der Evangelist Markus: J\u00fcnger der Heiligen Petrus und Paulus - Holyart.de Blog","og_description":"Am 25. April gedenkt die Kirche dem Evangelisten Markus, der zusammen mit Paulus und Petrus predigte und das erste Evangelium schrieb...","og_url":"https:\/\/blog.holyart.it\/de\/devotionalien\/der-evangelist-markus-juenger-der-heiligen-petrus-und-paulus\/","og_site_name":"Holyart.de Blog","article_published_time":"2026-04-20T08:00:09+00:00","article_modified_time":"2026-04-28T13:09:56+00:00","og_image":[{"width":1000,"height":666,"url":"https:\/\/blog.holyart.it\/de\/wp-content\/uploads\/sites\/12\/2026\/04\/Der-Evangelist-Markus.jpg","type":"image\/jpeg"}],"author":"Redazione","twitter_card":"summary_large_image","twitter_misc":{"Verfasst von":"Redazione","Gesch\u00e4tzte Lesezeit":"9\u00a0Minuten"},"schema":{"@context":"https:\/\/schema.org","@graph":[{"@type":"Article","@id":"https:\/\/blog.holyart.it\/de\/devotionalien\/der-evangelist-markus-juenger-der-heiligen-petrus-und-paulus\/#article","isPartOf":{"@id":"https:\/\/blog.holyart.it\/de\/devotionalien\/der-evangelist-markus-juenger-der-heiligen-petrus-und-paulus\/"},"author":{"name":"Redazione","@id":"https:\/\/blog.holyart.it\/de\/#\/schema\/person\/0a7b686e5af0f856ec1e390dd0baecda"},"headline":"Der Evangelist Markus: J\u00fcnger der Heiligen Petrus und Paulus","datePublished":"2026-04-20T08:00:09+00:00","dateModified":"2026-04-28T13:09:56+00:00","mainEntityOfPage":{"@id":"https:\/\/blog.holyart.it\/de\/devotionalien\/der-evangelist-markus-juenger-der-heiligen-petrus-und-paulus\/"},"wordCount":1330,"publisher":{"@id":"https:\/\/blog.holyart.it\/de\/#organization"},"image":{"@id":"https:\/\/blog.holyart.it\/de\/devotionalien\/der-evangelist-markus-juenger-der-heiligen-petrus-und-paulus\/#primaryimage"},"thumbnailUrl":"https:\/\/blog.holyart.it\/de\/wp-content\/uploads\/sites\/12\/2026\/04\/Der-Evangelist-Markus.jpg","articleSection":["Religion"],"inLanguage":"de"},{"@type":"WebPage","@id":"https:\/\/blog.holyart.it\/de\/devotionalien\/der-evangelist-markus-juenger-der-heiligen-petrus-und-paulus\/","url":"https:\/\/blog.holyart.it\/de\/devotionalien\/der-evangelist-markus-juenger-der-heiligen-petrus-und-paulus\/","name":"Der Evangelist Markus: J\u00fcnger der Heiligen Petrus und Paulus - Holyart.de Blog","isPartOf":{"@id":"https:\/\/blog.holyart.it\/de\/#website"},"primaryImageOfPage":{"@id":"https:\/\/blog.holyart.it\/de\/devotionalien\/der-evangelist-markus-juenger-der-heiligen-petrus-und-paulus\/#primaryimage"},"image":{"@id":"https:\/\/blog.holyart.it\/de\/devotionalien\/der-evangelist-markus-juenger-der-heiligen-petrus-und-paulus\/#primaryimage"},"thumbnailUrl":"https:\/\/blog.holyart.it\/de\/wp-content\/uploads\/sites\/12\/2026\/04\/Der-Evangelist-Markus.jpg","datePublished":"2026-04-20T08:00:09+00:00","dateModified":"2026-04-28T13:09:56+00:00","description":"Am 25. April gedenkt die Kirche dem Evangelisten Markus, der zusammen mit Paulus und Petrus predigte und das erste Evangelium schrieb...","breadcrumb":{"@id":"https:\/\/blog.holyart.it\/de\/devotionalien\/der-evangelist-markus-juenger-der-heiligen-petrus-und-paulus\/#breadcrumb"},"inLanguage":"de","potentialAction":[{"@type":"ReadAction","target":["https:\/\/blog.holyart.it\/de\/devotionalien\/der-evangelist-markus-juenger-der-heiligen-petrus-und-paulus\/"]}]},{"@type":"ImageObject","inLanguage":"de","@id":"https:\/\/blog.holyart.it\/de\/devotionalien\/der-evangelist-markus-juenger-der-heiligen-petrus-und-paulus\/#primaryimage","url":"https:\/\/blog.holyart.it\/de\/wp-content\/uploads\/sites\/12\/2026\/04\/Der-Evangelist-Markus.jpg","contentUrl":"https:\/\/blog.holyart.it\/de\/wp-content\/uploads\/sites\/12\/2026\/04\/Der-Evangelist-Markus.jpg","width":1000,"height":666,"caption":"Der Evangelist Markus"},{"@type":"BreadcrumbList","@id":"https:\/\/blog.holyart.it\/de\/devotionalien\/der-evangelist-markus-juenger-der-heiligen-petrus-und-paulus\/#breadcrumb","itemListElement":[{"@type":"ListItem","position":1,"name":"Homepage","item":"https:\/\/blog.holyart.it\/de\/"},{"@type":"ListItem","position":2,"name":"Religion","item":"https:\/\/blog.holyart.it\/de\/devotionalien\/"},{"@type":"ListItem","position":3,"name":"Der Evangelist Markus: J\u00fcnger der Heiligen Petrus und Paulus"}]},{"@type":"WebSite","@id":"https:\/\/blog.holyart.it\/de\/#website","url":"https:\/\/blog.holyart.it\/de\/","name":"Holyart.de Blog","description":"Holyblog","publisher":{"@id":"https:\/\/blog.holyart.it\/de\/#organization"},"potentialAction":[{"@type":"SearchAction","target":{"@type":"EntryPoint","urlTemplate":"https:\/\/blog.holyart.it\/de\/?s={search_term_string}"},"query-input":{"@type":"PropertyValueSpecification","valueRequired":true,"valueName":"search_term_string"}}],"inLanguage":"de"},{"@type":"Organization","@id":"https:\/\/blog.holyart.it\/de\/#organization","name":"Holyart.de Blog","url":"https:\/\/blog.holyart.it\/de\/","logo":{"@type":"ImageObject","inLanguage":"de","@id":"https:\/\/blog.holyart.it\/de\/#\/schema\/logo\/image\/","url":"https:\/\/blog.holyart.it\/de\/wp-content\/uploads\/sites\/12\/2022\/12\/Holyart_Blog_Logo.jpg","contentUrl":"https:\/\/blog.holyart.it\/de\/wp-content\/uploads\/sites\/12\/2022\/12\/Holyart_Blog_Logo.jpg","width":300,"height":50,"caption":"Holyart.de Blog"},"image":{"@id":"https:\/\/blog.holyart.it\/de\/#\/schema\/logo\/image\/"}},{"@type":"Person","@id":"https:\/\/blog.holyart.it\/de\/#\/schema\/person\/0a7b686e5af0f856ec1e390dd0baecda","name":"Redazione","image":{"@type":"ImageObject","inLanguage":"de","@id":"https:\/\/blog.holyart.it\/de\/#\/schema\/person\/image\/","url":"https:\/\/secure.gravatar.com\/avatar\/f477da817f43e50d0af36abecd33e3edf826c68299714bdc1057dff3b113f516?s=96&d=mm&r=g","contentUrl":"https:\/\/secure.gravatar.com\/avatar\/f477da817f43e50d0af36abecd33e3edf826c68299714bdc1057dff3b113f516?s=96&d=mm&r=g","caption":"Redazione"}}]}},"_links":{"self":[{"href":"https:\/\/blog.holyart.it\/de\/wp-json\/wp\/v2\/posts\/7958","targetHints":{"allow":["GET"]}}],"collection":[{"href":"https:\/\/blog.holyart.it\/de\/wp-json\/wp\/v2\/posts"}],"about":[{"href":"https:\/\/blog.holyart.it\/de\/wp-json\/wp\/v2\/types\/post"}],"author":[{"embeddable":true,"href":"https:\/\/blog.holyart.it\/de\/wp-json\/wp\/v2\/users\/1"}],"replies":[{"embeddable":true,"href":"https:\/\/blog.holyart.it\/de\/wp-json\/wp\/v2\/comments?post=7958"}],"version-history":[{"count":4,"href":"https:\/\/blog.holyart.it\/de\/wp-json\/wp\/v2\/posts\/7958\/revisions"}],"predecessor-version":[{"id":7969,"href":"https:\/\/blog.holyart.it\/de\/wp-json\/wp\/v2\/posts\/7958\/revisions\/7969"}],"wp:featuredmedia":[{"embeddable":true,"href":"https:\/\/blog.holyart.it\/de\/wp-json\/wp\/v2\/media\/7959"}],"wp:attachment":[{"href":"https:\/\/blog.holyart.it\/de\/wp-json\/wp\/v2\/media?parent=7958"}],"wp:term":[{"taxonomy":"category","embeddable":true,"href":"https:\/\/blog.holyart.it\/de\/wp-json\/wp\/v2\/categories?post=7958"},{"taxonomy":"post_tag","embeddable":true,"href":"https:\/\/blog.holyart.it\/de\/wp-json\/wp\/v2\/tags?post=7958"}],"curies":[{"name":"wp","href":"https:\/\/api.w.org\/{rel}","templated":true}]}}