{"id":7933,"date":"2026-04-13T10:00:24","date_gmt":"2026-04-13T08:00:24","guid":{"rendered":"https:\/\/blog.holyart.it\/de\/?p=7933"},"modified":"2026-04-07T17:05:50","modified_gmt":"2026-04-07T15:05:50","slug":"der-heilige-efisio-und-das-beruehmteste-fest-sardiniens","status":"publish","type":"post","link":"https:\/\/blog.holyart.it\/de\/heilige-und-selige\/der-heilige-efisio-und-das-beruehmteste-fest-sardiniens\/","title":{"rendered":"Der Heilige Efisio und das ber\u00fchmteste Fest Sardiniens"},"content":{"rendered":"<h4>Der Heilige M\u00e4rtyrer Efisio rettete die Stadt Cagliari vor der Pest und wird seitdem am 1. Mai mit einer feierlichen Prozession geehrt, die zu den \u00e4ltesten und l\u00e4ngsten in Europa z\u00e4hlt<\/h4>\n<p>Am <strong>1. Mai<\/strong> feiern Cagliari und ganz Sardinien den <a href=\"https:\/\/www.holyart.de\/devotionalien\/statuen\/statuen-aus-resin-und-pvc\/statue-aus-harz-heiliger-ephysius-20-cm\"><strong>Heiligen M\u00e4rtyrer Efisio<\/strong><\/a>. Die Statue wird aus der Kirche im Stadtteil Stampace geholt und in einer Prozession durch die Stra\u00dfen der Stadt nach <strong>Pula<\/strong> getragen, einer kleinen Gemeinde in der Metropole Cagliari, und dann zum <strong>Strand von Nora<\/strong>, der nahegelegenen arch\u00e4ologischen St\u00e4tte aus der ph\u00f6nizischen und r\u00f6mischen Zeit, wo eine kleine romanische Kirche steht, genau an der Stelle, an der Efisio angeblich enthauptet wurde.<\/p>\n<div class=\"link-product\">\n<div class=\"blocco-immagine\"><img loading=\"lazy\" decoding=\"async\" class=\"size-full wp-image-7935 alignleft\" src=\"https:\/\/blog.holyart.it\/de\/wp-content\/uploads\/sites\/12\/2026\/04\/Harz-Heiliger-Ephysius.jpg\" alt=\"Harz Heiliger Ephysius\" width=\"100\" height=\"100\" data-kale-share-title=\"Der Heilige Efisio und das ber\u00fchmteste Fest Sardiniens\" data-kale-share-url=\"https:\/\/blog.holyart.it\/de\/?p=7933\" \/><\/div>\n<div class=\"blocco-contenuto\">\n<div class=\"blocco-acquista\">Einkaufen:<\/div>\n<div class=\"blocco-titolo\"><a href=\"https:\/\/www.holyart.de\/devotionalien\/statuen\/statuen-aus-resin-und-pvc\/statue-aus-harz-heiliger-ephysius-20-cm\">Statue aus Harz Heiliger Ephysius, 20 cm<\/a><\/div>\n<div class=\"blocco-descrizione\">Diese Statue zeigt den M\u00e4rtyrer Ephysius von Cagliari, der das Christentum im heidnischen Sardinien predigen wollte.<\/div>\n<\/div>\n<\/div>\n<p>In der kleinen <strong>Kirche von Stampace<\/strong> befinden sich drei <strong>Statuen von Heiligen Efisio<\/strong>. Das j\u00fcngste Exemplar, das im Arch\u00e4ologischen Museum ausgestellt ist, wurde im 18. Jahrhundert beim K\u00fcnstler <em>Giuseppe Antonio Lonis<\/em> in Auftrag gegeben und wird am Gr\u00fcndonnerstag verwendet, wenn es beim traditionellen Rundgang durch die sieben Kirchen, am Ostermontag und bei der Prozession am 15. Januar mitgef\u00fchrt wird.<\/p>\n<p>Die \u00e4lteste Statue ist die von <em>Sant\u2019Efis Sballiau<\/em> (dem falschen Heiligen Efisio), die aus dem 16. Jahrhundert stammt. Der \u201efalsche\u201c Name r\u00fchrt daher, dass der Heilige im Gegenteil mit den Stigmata auf seiner linken Hand und der M\u00e4rtyrerpalme auf seiner rechten dargestellt wird.<\/p>\n<p>Schlie\u00dflich gibt es noch die <em>Statue des 1. Mai<\/em>, die beim <strong>Fest des Heiligen Efisio in Pula<\/strong> verwendet wird und zwischen dem 1. und 4. Mai in einer Prozession von Cagliari nach Nora und zur\u00fcck getragen wird. Sie erinnert an die Stationen des Martyriums, vom Ort der Gefangenschaft bis zum Ort des Todes, genauer gesagt, dem Strand von Nora. Wir starten in Cagliari, reisen in Richtung Pula und passieren Capoterra, Sarroch und Villa San Pietro. Von Pula aus erreichen wir dann Nora, wo die Statue f\u00fcr zwei Tage der Feierlichkeiten verbleibt. Die Statue stammt aus dem 17. Jahrhundert und stellt den Heiligen Efisio im spanischen Stil dar, mit Spitzbart, Schnurrbart und edler Kleidung.<\/p>\n<p>Auch in <strong>Pisa<\/strong> wird der Heilige hoch verehrt, wo er am <strong>13. November<\/strong> gefeiert wird. Erst im Jahr 2011 gelang es Cagliari, die <strong>Reliquien des Heiligen Efisio<\/strong> zu erhalten, die sich zuvor in Pisa befanden, wo sie anl\u00e4sslich der <em>Domenica in Albis<\/em> ausgestellt wurden.<\/p>\n<p><img loading=\"lazy\" decoding=\"async\" class=\"wp-image-7936 size-full aligncenter\" src=\"https:\/\/blog.holyart.it\/de\/wp-content\/uploads\/sites\/12\/2026\/04\/Prozession-Der-Heilige-Efisio.jpg\" alt=\"Prozession Der Heilige Efisio\" width=\"1000\" height=\"666\" data-kale-share-title=\"Der Heilige Efisio und das ber\u00fchmteste Fest Sardiniens\" data-kale-share-url=\"https:\/\/blog.holyart.it\/de\/?p=7933\" \/><\/p>\n<h2>Wann wird der Heiligen Efisio gefeiert?<\/h2>\n<p>Die Kirche hat sein liturgisches Gedenken auf den <strong>15. Januar<\/strong> festgelegt, doch die gro\u00dfe Feier findet am <strong>1. Mai<\/strong> statt, das sogenannte <strong><em>Fest Sant\u2019Efis su martiri gloriosu<\/em><\/strong>, um an das Wunder zu erinnern, durch das der Heilige <strong>Cagliari 1656 von der Pest befreite<\/strong>. Bei dieser Gelegenheit verk\u00fcndeten die Stadtr\u00e4te von Cagliari ein <strong>ewiges Gel\u00fcbde<\/strong>, der die Stadt seitdem mit dem Heiligen Efisio verbindet, mit dem Versprechen, ihn jedes Jahr zu feiern.<\/p>\n<p>Auch zu Ostern, am <a href=\"https:\/\/www.holyart.de\/blog\/devotionalien\/chrisam-messe-und-segnung-der-heiligen-oele\/\"><strong>Gr\u00fcndonnerstag<\/strong><\/a>, wird die Statue des Heiligen von ihrem \u00fcblichen Platz in der <strong>kleinen Kirche von Stampace<\/strong> entfernt und in einer Prozession zu den sieben historischen Kirchen der Stadt getragen, w\u00e4hrend sie am Ostermontag zur Kathedrale gebracht wird, um an ein weiteres Wunder und ein weiteres Gel\u00fcbde zu erinnern, dieses Mal im Jahr <strong>1793<\/strong>, als der Heilige die Stadt vor den Bombenangriffen der franz\u00f6sischen Revolutionsarmee bewahrte.<\/p>\n<div class=\"link-article\">\n<p><img loading=\"lazy\" decoding=\"async\" class=\"size-full wp-image-7937 alignleft\" src=\"https:\/\/blog.holyart.it\/de\/wp-content\/uploads\/sites\/12\/2026\/04\/Chrisam-Messe-und-Segnung-der-heiligen-Oele.jpg\" alt=\"Chrisam-Messe und Segnung der heiligen \u00d6le\" width=\"150\" height=\"99\" data-kale-share-title=\"Der Heilige Efisio und das ber\u00fchmteste Fest Sardiniens\" data-kale-share-url=\"https:\/\/blog.holyart.it\/de\/?p=7933\" \/><\/p>\n<div class=\"leggi-anche\">Lesen Sie auch:<\/div>\n<p><strong><a href=\"https:\/\/www.holyart.de\/blog\/ostern\/chrisam-messe-und-segnung-der-heiligen-oele\/\">Chrisam-Messe und Segnung der heiligen \u00d6le<\/a><\/strong><br \/>\nIn der Chrisam-Messe wird das Geheimnis der Kirche, ihre Einheit und Gemeinschaft, in Erwartung&#8230;<\/p>\n<\/div>\n<p>Die <strong>Erzbruderschaft des Gonfalone<\/strong> <strong>und des Heiligen <a href=\"https:\/\/www.holyart.de\/blog\/devotionalien\/heilige-maertyrer-das-eigene-leben-im-namen-gottes-opfern\/\">M\u00e4rtyrer<\/a> Efisio <\/strong>ist f\u00fcr die Feierlichkeiten zu Ehren des Heiligen verantwortlich. Anl\u00e4sslich der gro\u00dfen Feierlichkeiten zum 1. Mai treffen Teilnehmergruppen in <strong>traditioneller Kleidung<\/strong> aus ganz Sardinien in Cagliari ein. Die Prozession, die ab dem 1. Mai stattfindet, ist <strong>eine der \u00e4ltesten und l\u00e4ngsten in Europa<\/strong>: 65 Kilometer werden in 4 Tagen zu Fu\u00df zur\u00fcckgelegt.<\/p>\n<p>Jedes Jahr w\u00e4hlt die Erzbruderschaft im Hinblick auf die Feierlichkeiten einen <strong>Dritten W\u00e4chter<\/strong>, der gemeinsam mit einem Vertreter der Gemeinde, dem sogenannten <em>Alter Nos<\/em>, jeden Aspekt der Feierlichkeiten planen muss. Am 25. April wird eine goldene Kutsche, die von zwei Ochsen gezogen wird, in die Kirche gefahren und gesegnet. Am 29. wird die Statue des Heiligen Efisio mit Goldjuwelen und <em>Votivgaben<\/em> bedeckt und geschm\u00fcckt. Am Morgen des 1. Mai werden sogar die Ochsen mit Blumenkr\u00e4nzen geschm\u00fcckt und der Dritte W\u00e4chter und der <em>Alter Nos<\/em> beginnen die Feier mit der Teilnahme an der Messe in der kleinen Kirche von Stampace.<\/p>\n<div class=\"link-article\">\n<p><img loading=\"lazy\" decoding=\"async\" class=\"size-full wp-image-7938 alignleft\" src=\"https:\/\/blog.holyart.it\/de\/wp-content\/uploads\/sites\/12\/2026\/04\/Heilige-Maertyrer-1.jpg\" alt=\"Heilige M\u00e4rtyrer\" width=\"150\" height=\"99\" data-kale-share-title=\"Der Heilige Efisio und das ber\u00fchmteste Fest Sardiniens\" data-kale-share-url=\"https:\/\/blog.holyart.it\/de\/?p=7933\" \/><\/p>\n<div class=\"leggi-anche\">Lesen Sie auch:<\/div>\n<p><strong><a href=\"https:\/\/www.holyart.de\/blog\/devotionalien\/heilige-maertyrer-das-eigene-leben-im-namen-gottes-opfern\/\">Heilige M\u00e4rtyrer: das eigene Leben im Namen Gottes opfern<\/a><\/strong><br \/>\nHeilige M\u00e4rtyrer sind M\u00e4nner und Frauen, oft sehr jung, die ihr Leben aus Liebe zu Gott&#8230;<\/p>\n<\/div>\n<p>An der Prozession nehmen \u00fcber 3.000 Menschen in traditioneller Kleidung, \u00fcber zweihundert Reiter, Campidanesi, Miliziani und Guardiani teil. Religi\u00f6se Feierlichkeiten und Folklore vereinen sich beim Fest vom Heiligen Efisio zwischen Liedern, Farben und faszinierenden Eindr\u00fccken, die Tausende von Gl\u00e4ubigen und Besuchern anziehen. Wir bewegen uns gem\u00e4\u00df dem Ritual von <em>Sa<\/em> <em>Ramadura<\/em> auf einem Teppich aus rosa, roten und gelben Blumen vorw\u00e4rts, und die Luft ist erf\u00fcllt von duftenden Essenzen und den ergreifenden religi\u00f6sen Liedern der vier \u201e<em>Cuncordu<\/em>\u201c-Formationen. Mit Blumen und Fr\u00fcchten geschm\u00fcckte Karren, sog. <em>Traccas<\/em>, begleiten die Kutsche mit der Statue des Heiligen.<\/p>\n<p>Das Fest des Heiligen Efisio findet zum 366. Mal statt und soll in das immaterielle Erbe der Menschheit von <strong>UNESCO<\/strong> aufgenommen werden.<\/p>\n<h2>Warum der Heilige Efisio f\u00fcr Cagliari so wichtig ist<\/h2>\n<p>Efisio stammte urspr\u00fcnglich aus Antiochia in Kleinasien, wo er um 250 n. Chr. geboren wurde. von einer heidnischen Mutter und einem christlichen Vater. Er wuchs in der Anbetung \u00f6stlicher G\u00f6tter auf, trat der kaiserlichen Armee bei und verfolgte unter Diokletian die Christen auf grausame Weise. Als er mit der Armee in Italien ankam, erschien ihm eines Nachts im Traum ein leuchtendes <strong>Kreuz<\/strong> zwischen den Wolken und eine Stimme aus dem Himmel verurteilte ihn f\u00fcr seine Gewalt gegen Christen. Efisio verstand, dass Jesus zu ihm gesprochen hatte, <strong>bekehrte sich sofort<\/strong>, verlie\u00df die Armee und begann, das Evangelium zu predigen. Seine Predigtt\u00e4tigkeit f\u00fchrte ihn nach Sardinien und von dort aus schrieb er dem Kaiser pers\u00f6nlich und dr\u00e4ngte ihn, seinerseits zu konvertieren. Diokletian lie\u00df ihn verhaften und zum Tode verurteilen. Doch egal, wie sehr sie ihn folterten, seine Wunden heilten immer wieder und dieses Wunder brachte ihm immer mehr Sympathisanten und Anh\u00e4nger ein. Er wurde am 15. Januar 303 n. Chr. in Nora enthauptet und rief dabei Gottes Schutz f\u00fcr die gesamte Insel an.<\/p>\n<p>Die Einwohner von Cagliari schreiben dem Heiligen Efisio <a href=\"https:\/\/www.holyart.de\/blog\/devotionalien\/wunder-was-sie-sind-und-wie-sie-erklaert-werden\/\"><strong>viele<\/strong> <strong>Wunder<\/strong> <\/a>zu. Das Wichtigste war mit der <strong>Pestwelle<\/strong> verbunden, die die Stadt im Fr\u00fchjahr 1656 heimsuchte. Die Krankheit, die mit einem Segelschiff aus Katalonien nach Sardinien gelangte, forderte zahlreiche Opfer, allein in Cagliari zehntausend, darunter auch den Erzbischof der Stadt. Der Heilige Efisio erschien dem Vizek\u00f6nig der Insel und bat ihn, ein <strong>ewiges Gel\u00fcbde abzulegen<\/strong>. Im Gegenzug w\u00fcrde er die Stadt retten. Mit den Regenf\u00e4llen im September verschwand die Pest und ab dem folgenden Jahr hielt Cagliari sein Gel\u00fcbde ohne Unterbrechung ein, indem es dem Heiligen die Prozession am 1. Mai anbot.<\/p>\n<div class=\"link-article\">\n<p><img loading=\"lazy\" decoding=\"async\" class=\"size-full wp-image-7939 alignleft\" src=\"https:\/\/blog.holyart.it\/de\/wp-content\/uploads\/sites\/12\/2026\/04\/Wunder.jpg\" alt=\"Wunder\" width=\"150\" height=\"99\" data-kale-share-title=\"Der Heilige Efisio und das ber\u00fchmteste Fest Sardiniens\" data-kale-share-url=\"https:\/\/blog.holyart.it\/de\/?p=7933\" \/><\/p>\n<div class=\"leggi-anche\">Lesen Sie auch:<\/div>\n<p><strong><a href=\"https:\/\/www.holyart.de\/blog\/devotionalien\/wunder-was-sie-sind-und-wie-sie-erklaert-werden\/\">Wunder: was sie sind und wie sie erkl\u00e4rt werden<\/a><\/strong><br \/>\nHeilungen und Exorzismen, Erscheinungen, Herrschaft \u00fcber die Natur bis hin zur Auferstehung&#8230;<\/p>\n<\/div>\n","protected":false},"excerpt":{"rendered":"<p>Der Heilige M\u00e4rtyrer Efisio rettete die Stadt Cagliari vor der Pest und wird seitdem am 1. Mai mit einer feierlichen Prozession geehrt, die zu den \u00e4ltesten und l\u00e4ngsten in Europa z\u00e4hlt Am 1. Mai feiern Cagliari und ganz Sardinien den Heiligen M\u00e4rtyrer Efisio. Die Statue&hellip;<\/p>\n","protected":false},"author":1,"featured_media":7942,"comment_status":"closed","ping_status":"open","sticky":false,"template":"","format":"standard","meta":{"_acf_changed":false,"footnotes":""},"categories":[9],"tags":[],"class_list":["post-7933","post","type-post","status-publish","format-standard","has-post-thumbnail","hentry","category-heilige-und-selige"],"acf":[],"yoast_head":"<!-- This site is optimized with the Yoast SEO plugin v26.6 - https:\/\/yoast.com\/wordpress\/plugins\/seo\/ -->\n<title>Der Heilige Efisio und das ber\u00fchmteste Fest Sardiniens - Holyart.de Blog<\/title>\n<meta name=\"description\" content=\"Am 1. Mai feiert Cagliari den Heiligen M\u00e4rtyrer Efisio, der die Insel vor der Pest rettete. Zwischen Glauben und Folklore entdecken wir...\" \/>\n<meta name=\"robots\" content=\"index, follow, max-snippet:-1, max-image-preview:large, max-video-preview:-1\" \/>\n<link rel=\"canonical\" href=\"https:\/\/blog.holyart.it\/de\/heilige-und-selige\/der-heilige-efisio-und-das-beruehmteste-fest-sardiniens\/\" \/>\n<meta property=\"og:locale\" content=\"de_DE\" \/>\n<meta property=\"og:type\" content=\"article\" \/>\n<meta property=\"og:title\" content=\"Der Heilige Efisio und das ber\u00fchmteste Fest Sardiniens - Holyart.de Blog\" \/>\n<meta property=\"og:description\" content=\"Am 1. Mai feiert Cagliari den Heiligen M\u00e4rtyrer Efisio, der die Insel vor der Pest rettete. Zwischen Glauben und Folklore entdecken wir...\" \/>\n<meta property=\"og:url\" content=\"https:\/\/blog.holyart.it\/de\/heilige-und-selige\/der-heilige-efisio-und-das-beruehmteste-fest-sardiniens\/\" \/>\n<meta property=\"og:site_name\" content=\"Holyart.de Blog\" \/>\n<meta property=\"article:published_time\" content=\"2026-04-13T08:00:24+00:00\" \/>\n<meta property=\"og:image\" content=\"https:\/\/blog.holyart.it\/de\/wp-content\/uploads\/sites\/12\/2026\/04\/Heilige-Efisio.jpg\" \/>\n\t<meta property=\"og:image:width\" content=\"1000\" \/>\n\t<meta property=\"og:image:height\" content=\"666\" \/>\n\t<meta property=\"og:image:type\" content=\"image\/jpeg\" \/>\n<meta name=\"author\" content=\"Redazione\" \/>\n<meta name=\"twitter:card\" content=\"summary_large_image\" \/>\n<meta name=\"twitter:label1\" content=\"Verfasst von\" \/>\n\t<meta name=\"twitter:data1\" content=\"Redazione\" \/>\n\t<meta name=\"twitter:label2\" content=\"Gesch\u00e4tzte Lesezeit\" \/>\n\t<meta name=\"twitter:data2\" content=\"8\u00a0Minuten\" \/>\n<script type=\"application\/ld+json\" class=\"yoast-schema-graph\">{\"@context\":\"https:\/\/schema.org\",\"@graph\":[{\"@type\":\"Article\",\"@id\":\"https:\/\/blog.holyart.it\/de\/heilige-und-selige\/der-heilige-efisio-und-das-beruehmteste-fest-sardiniens\/#article\",\"isPartOf\":{\"@id\":\"https:\/\/blog.holyart.it\/de\/heilige-und-selige\/der-heilige-efisio-und-das-beruehmteste-fest-sardiniens\/\"},\"author\":{\"name\":\"Redazione\",\"@id\":\"https:\/\/blog.holyart.it\/de\/#\/schema\/person\/0a7b686e5af0f856ec1e390dd0baecda\"},\"headline\":\"Der Heilige Efisio und das ber\u00fchmteste Fest Sardiniens\",\"datePublished\":\"2026-04-13T08:00:24+00:00\",\"mainEntityOfPage\":{\"@id\":\"https:\/\/blog.holyart.it\/de\/heilige-und-selige\/der-heilige-efisio-und-das-beruehmteste-fest-sardiniens\/\"},\"wordCount\":1215,\"publisher\":{\"@id\":\"https:\/\/blog.holyart.it\/de\/#organization\"},\"image\":{\"@id\":\"https:\/\/blog.holyart.it\/de\/heilige-und-selige\/der-heilige-efisio-und-das-beruehmteste-fest-sardiniens\/#primaryimage\"},\"thumbnailUrl\":\"https:\/\/blog.holyart.it\/de\/wp-content\/uploads\/sites\/12\/2026\/04\/Heilige-Efisio.jpg\",\"articleSection\":[\"Heilige und Selige\"],\"inLanguage\":\"de\"},{\"@type\":\"WebPage\",\"@id\":\"https:\/\/blog.holyart.it\/de\/heilige-und-selige\/der-heilige-efisio-und-das-beruehmteste-fest-sardiniens\/\",\"url\":\"https:\/\/blog.holyart.it\/de\/heilige-und-selige\/der-heilige-efisio-und-das-beruehmteste-fest-sardiniens\/\",\"name\":\"Der Heilige Efisio und das ber\u00fchmteste Fest Sardiniens - Holyart.de Blog\",\"isPartOf\":{\"@id\":\"https:\/\/blog.holyart.it\/de\/#website\"},\"primaryImageOfPage\":{\"@id\":\"https:\/\/blog.holyart.it\/de\/heilige-und-selige\/der-heilige-efisio-und-das-beruehmteste-fest-sardiniens\/#primaryimage\"},\"image\":{\"@id\":\"https:\/\/blog.holyart.it\/de\/heilige-und-selige\/der-heilige-efisio-und-das-beruehmteste-fest-sardiniens\/#primaryimage\"},\"thumbnailUrl\":\"https:\/\/blog.holyart.it\/de\/wp-content\/uploads\/sites\/12\/2026\/04\/Heilige-Efisio.jpg\",\"datePublished\":\"2026-04-13T08:00:24+00:00\",\"description\":\"Am 1. Mai feiert Cagliari den Heiligen M\u00e4rtyrer Efisio, der die Insel vor der Pest rettete. Zwischen Glauben und Folklore entdecken wir...\",\"breadcrumb\":{\"@id\":\"https:\/\/blog.holyart.it\/de\/heilige-und-selige\/der-heilige-efisio-und-das-beruehmteste-fest-sardiniens\/#breadcrumb\"},\"inLanguage\":\"de\",\"potentialAction\":[{\"@type\":\"ReadAction\",\"target\":[\"https:\/\/blog.holyart.it\/de\/heilige-und-selige\/der-heilige-efisio-und-das-beruehmteste-fest-sardiniens\/\"]}]},{\"@type\":\"ImageObject\",\"inLanguage\":\"de\",\"@id\":\"https:\/\/blog.holyart.it\/de\/heilige-und-selige\/der-heilige-efisio-und-das-beruehmteste-fest-sardiniens\/#primaryimage\",\"url\":\"https:\/\/blog.holyart.it\/de\/wp-content\/uploads\/sites\/12\/2026\/04\/Heilige-Efisio.jpg\",\"contentUrl\":\"https:\/\/blog.holyart.it\/de\/wp-content\/uploads\/sites\/12\/2026\/04\/Heilige-Efisio.jpg\",\"width\":1000,\"height\":666,\"caption\":\"Heilige Efisio\"},{\"@type\":\"BreadcrumbList\",\"@id\":\"https:\/\/blog.holyart.it\/de\/heilige-und-selige\/der-heilige-efisio-und-das-beruehmteste-fest-sardiniens\/#breadcrumb\",\"itemListElement\":[{\"@type\":\"ListItem\",\"position\":1,\"name\":\"Homepage\",\"item\":\"https:\/\/blog.holyart.it\/de\/\"},{\"@type\":\"ListItem\",\"position\":2,\"name\":\"Heilige und Selige\",\"item\":\"https:\/\/blog.holyart.it\/de\/heilige-und-selige\/\"},{\"@type\":\"ListItem\",\"position\":3,\"name\":\"Der Heilige Efisio und das ber\u00fchmteste Fest Sardiniens\"}]},{\"@type\":\"WebSite\",\"@id\":\"https:\/\/blog.holyart.it\/de\/#website\",\"url\":\"https:\/\/blog.holyart.it\/de\/\",\"name\":\"Holyart.de Blog\",\"description\":\"Holyblog\",\"publisher\":{\"@id\":\"https:\/\/blog.holyart.it\/de\/#organization\"},\"potentialAction\":[{\"@type\":\"SearchAction\",\"target\":{\"@type\":\"EntryPoint\",\"urlTemplate\":\"https:\/\/blog.holyart.it\/de\/?s={search_term_string}\"},\"query-input\":{\"@type\":\"PropertyValueSpecification\",\"valueRequired\":true,\"valueName\":\"search_term_string\"}}],\"inLanguage\":\"de\"},{\"@type\":\"Organization\",\"@id\":\"https:\/\/blog.holyart.it\/de\/#organization\",\"name\":\"Holyart.de Blog\",\"url\":\"https:\/\/blog.holyart.it\/de\/\",\"logo\":{\"@type\":\"ImageObject\",\"inLanguage\":\"de\",\"@id\":\"https:\/\/blog.holyart.it\/de\/#\/schema\/logo\/image\/\",\"url\":\"https:\/\/blog.holyart.it\/de\/wp-content\/uploads\/sites\/12\/2022\/12\/Holyart_Blog_Logo.jpg\",\"contentUrl\":\"https:\/\/blog.holyart.it\/de\/wp-content\/uploads\/sites\/12\/2022\/12\/Holyart_Blog_Logo.jpg\",\"width\":300,\"height\":50,\"caption\":\"Holyart.de Blog\"},\"image\":{\"@id\":\"https:\/\/blog.holyart.it\/de\/#\/schema\/logo\/image\/\"}},{\"@type\":\"Person\",\"@id\":\"https:\/\/blog.holyart.it\/de\/#\/schema\/person\/0a7b686e5af0f856ec1e390dd0baecda\",\"name\":\"Redazione\",\"image\":{\"@type\":\"ImageObject\",\"inLanguage\":\"de\",\"@id\":\"https:\/\/blog.holyart.it\/de\/#\/schema\/person\/image\/\",\"url\":\"https:\/\/secure.gravatar.com\/avatar\/f477da817f43e50d0af36abecd33e3edf826c68299714bdc1057dff3b113f516?s=96&d=mm&r=g\",\"contentUrl\":\"https:\/\/secure.gravatar.com\/avatar\/f477da817f43e50d0af36abecd33e3edf826c68299714bdc1057dff3b113f516?s=96&d=mm&r=g\",\"caption\":\"Redazione\"}}]}<\/script>\n<!-- \/ Yoast SEO plugin. -->","yoast_head_json":{"title":"Der Heilige Efisio und das ber\u00fchmteste Fest Sardiniens - Holyart.de Blog","description":"Am 1. Mai feiert Cagliari den Heiligen M\u00e4rtyrer Efisio, der die Insel vor der Pest rettete. Zwischen Glauben und Folklore entdecken wir...","robots":{"index":"index","follow":"follow","max-snippet":"max-snippet:-1","max-image-preview":"max-image-preview:large","max-video-preview":"max-video-preview:-1"},"canonical":"https:\/\/blog.holyart.it\/de\/heilige-und-selige\/der-heilige-efisio-und-das-beruehmteste-fest-sardiniens\/","og_locale":"de_DE","og_type":"article","og_title":"Der Heilige Efisio und das ber\u00fchmteste Fest Sardiniens - Holyart.de Blog","og_description":"Am 1. Mai feiert Cagliari den Heiligen M\u00e4rtyrer Efisio, der die Insel vor der Pest rettete. Zwischen Glauben und Folklore entdecken wir...","og_url":"https:\/\/blog.holyart.it\/de\/heilige-und-selige\/der-heilige-efisio-und-das-beruehmteste-fest-sardiniens\/","og_site_name":"Holyart.de Blog","article_published_time":"2026-04-13T08:00:24+00:00","og_image":[{"width":1000,"height":666,"url":"https:\/\/blog.holyart.it\/de\/wp-content\/uploads\/sites\/12\/2026\/04\/Heilige-Efisio.jpg","type":"image\/jpeg"}],"author":"Redazione","twitter_card":"summary_large_image","twitter_misc":{"Verfasst von":"Redazione","Gesch\u00e4tzte Lesezeit":"8\u00a0Minuten"},"schema":{"@context":"https:\/\/schema.org","@graph":[{"@type":"Article","@id":"https:\/\/blog.holyart.it\/de\/heilige-und-selige\/der-heilige-efisio-und-das-beruehmteste-fest-sardiniens\/#article","isPartOf":{"@id":"https:\/\/blog.holyart.it\/de\/heilige-und-selige\/der-heilige-efisio-und-das-beruehmteste-fest-sardiniens\/"},"author":{"name":"Redazione","@id":"https:\/\/blog.holyart.it\/de\/#\/schema\/person\/0a7b686e5af0f856ec1e390dd0baecda"},"headline":"Der Heilige Efisio und das ber\u00fchmteste Fest Sardiniens","datePublished":"2026-04-13T08:00:24+00:00","mainEntityOfPage":{"@id":"https:\/\/blog.holyart.it\/de\/heilige-und-selige\/der-heilige-efisio-und-das-beruehmteste-fest-sardiniens\/"},"wordCount":1215,"publisher":{"@id":"https:\/\/blog.holyart.it\/de\/#organization"},"image":{"@id":"https:\/\/blog.holyart.it\/de\/heilige-und-selige\/der-heilige-efisio-und-das-beruehmteste-fest-sardiniens\/#primaryimage"},"thumbnailUrl":"https:\/\/blog.holyart.it\/de\/wp-content\/uploads\/sites\/12\/2026\/04\/Heilige-Efisio.jpg","articleSection":["Heilige und Selige"],"inLanguage":"de"},{"@type":"WebPage","@id":"https:\/\/blog.holyart.it\/de\/heilige-und-selige\/der-heilige-efisio-und-das-beruehmteste-fest-sardiniens\/","url":"https:\/\/blog.holyart.it\/de\/heilige-und-selige\/der-heilige-efisio-und-das-beruehmteste-fest-sardiniens\/","name":"Der Heilige Efisio und das ber\u00fchmteste Fest Sardiniens - Holyart.de Blog","isPartOf":{"@id":"https:\/\/blog.holyart.it\/de\/#website"},"primaryImageOfPage":{"@id":"https:\/\/blog.holyart.it\/de\/heilige-und-selige\/der-heilige-efisio-und-das-beruehmteste-fest-sardiniens\/#primaryimage"},"image":{"@id":"https:\/\/blog.holyart.it\/de\/heilige-und-selige\/der-heilige-efisio-und-das-beruehmteste-fest-sardiniens\/#primaryimage"},"thumbnailUrl":"https:\/\/blog.holyart.it\/de\/wp-content\/uploads\/sites\/12\/2026\/04\/Heilige-Efisio.jpg","datePublished":"2026-04-13T08:00:24+00:00","description":"Am 1. Mai feiert Cagliari den Heiligen M\u00e4rtyrer Efisio, der die Insel vor der Pest rettete. Zwischen Glauben und Folklore entdecken wir...","breadcrumb":{"@id":"https:\/\/blog.holyart.it\/de\/heilige-und-selige\/der-heilige-efisio-und-das-beruehmteste-fest-sardiniens\/#breadcrumb"},"inLanguage":"de","potentialAction":[{"@type":"ReadAction","target":["https:\/\/blog.holyart.it\/de\/heilige-und-selige\/der-heilige-efisio-und-das-beruehmteste-fest-sardiniens\/"]}]},{"@type":"ImageObject","inLanguage":"de","@id":"https:\/\/blog.holyart.it\/de\/heilige-und-selige\/der-heilige-efisio-und-das-beruehmteste-fest-sardiniens\/#primaryimage","url":"https:\/\/blog.holyart.it\/de\/wp-content\/uploads\/sites\/12\/2026\/04\/Heilige-Efisio.jpg","contentUrl":"https:\/\/blog.holyart.it\/de\/wp-content\/uploads\/sites\/12\/2026\/04\/Heilige-Efisio.jpg","width":1000,"height":666,"caption":"Heilige Efisio"},{"@type":"BreadcrumbList","@id":"https:\/\/blog.holyart.it\/de\/heilige-und-selige\/der-heilige-efisio-und-das-beruehmteste-fest-sardiniens\/#breadcrumb","itemListElement":[{"@type":"ListItem","position":1,"name":"Homepage","item":"https:\/\/blog.holyart.it\/de\/"},{"@type":"ListItem","position":2,"name":"Heilige und Selige","item":"https:\/\/blog.holyart.it\/de\/heilige-und-selige\/"},{"@type":"ListItem","position":3,"name":"Der Heilige Efisio und das ber\u00fchmteste Fest Sardiniens"}]},{"@type":"WebSite","@id":"https:\/\/blog.holyart.it\/de\/#website","url":"https:\/\/blog.holyart.it\/de\/","name":"Holyart.de Blog","description":"Holyblog","publisher":{"@id":"https:\/\/blog.holyart.it\/de\/#organization"},"potentialAction":[{"@type":"SearchAction","target":{"@type":"EntryPoint","urlTemplate":"https:\/\/blog.holyart.it\/de\/?s={search_term_string}"},"query-input":{"@type":"PropertyValueSpecification","valueRequired":true,"valueName":"search_term_string"}}],"inLanguage":"de"},{"@type":"Organization","@id":"https:\/\/blog.holyart.it\/de\/#organization","name":"Holyart.de Blog","url":"https:\/\/blog.holyart.it\/de\/","logo":{"@type":"ImageObject","inLanguage":"de","@id":"https:\/\/blog.holyart.it\/de\/#\/schema\/logo\/image\/","url":"https:\/\/blog.holyart.it\/de\/wp-content\/uploads\/sites\/12\/2022\/12\/Holyart_Blog_Logo.jpg","contentUrl":"https:\/\/blog.holyart.it\/de\/wp-content\/uploads\/sites\/12\/2022\/12\/Holyart_Blog_Logo.jpg","width":300,"height":50,"caption":"Holyart.de Blog"},"image":{"@id":"https:\/\/blog.holyart.it\/de\/#\/schema\/logo\/image\/"}},{"@type":"Person","@id":"https:\/\/blog.holyart.it\/de\/#\/schema\/person\/0a7b686e5af0f856ec1e390dd0baecda","name":"Redazione","image":{"@type":"ImageObject","inLanguage":"de","@id":"https:\/\/blog.holyart.it\/de\/#\/schema\/person\/image\/","url":"https:\/\/secure.gravatar.com\/avatar\/f477da817f43e50d0af36abecd33e3edf826c68299714bdc1057dff3b113f516?s=96&d=mm&r=g","contentUrl":"https:\/\/secure.gravatar.com\/avatar\/f477da817f43e50d0af36abecd33e3edf826c68299714bdc1057dff3b113f516?s=96&d=mm&r=g","caption":"Redazione"}}]}},"_links":{"self":[{"href":"https:\/\/blog.holyart.it\/de\/wp-json\/wp\/v2\/posts\/7933","targetHints":{"allow":["GET"]}}],"collection":[{"href":"https:\/\/blog.holyart.it\/de\/wp-json\/wp\/v2\/posts"}],"about":[{"href":"https:\/\/blog.holyart.it\/de\/wp-json\/wp\/v2\/types\/post"}],"author":[{"embeddable":true,"href":"https:\/\/blog.holyart.it\/de\/wp-json\/wp\/v2\/users\/1"}],"replies":[{"embeddable":true,"href":"https:\/\/blog.holyart.it\/de\/wp-json\/wp\/v2\/comments?post=7933"}],"version-history":[{"count":4,"href":"https:\/\/blog.holyart.it\/de\/wp-json\/wp\/v2\/posts\/7933\/revisions"}],"predecessor-version":[{"id":7943,"href":"https:\/\/blog.holyart.it\/de\/wp-json\/wp\/v2\/posts\/7933\/revisions\/7943"}],"wp:featuredmedia":[{"embeddable":true,"href":"https:\/\/blog.holyart.it\/de\/wp-json\/wp\/v2\/media\/7942"}],"wp:attachment":[{"href":"https:\/\/blog.holyart.it\/de\/wp-json\/wp\/v2\/media?parent=7933"}],"wp:term":[{"taxonomy":"category","embeddable":true,"href":"https:\/\/blog.holyart.it\/de\/wp-json\/wp\/v2\/categories?post=7933"},{"taxonomy":"post_tag","embeddable":true,"href":"https:\/\/blog.holyart.it\/de\/wp-json\/wp\/v2\/tags?post=7933"}],"curies":[{"name":"wp","href":"https:\/\/api.w.org\/{rel}","templated":true}]}}