{"id":792,"date":"2018-10-31T14:22:08","date_gmt":"2018-10-31T13:22:08","guid":{"rendered":"https:\/\/blog.holyart.it\/de\/?p=792"},"modified":"2019-03-28T14:49:35","modified_gmt":"2019-03-28T13:49:35","slug":"die-weihnachtsmarkte-bozen-und-brixen","status":"publish","type":"post","link":"https:\/\/blog.holyart.it\/de\/weihnachten\/die-weihnachtsmarkte-bozen-und-brixen\/","title":{"rendered":"Die Weihnachtsm\u00e4rkte in Bozen und Brixen"},"content":{"rendered":"<p>Kaum ein Ort erweckt Weihnachtsstimmung so sehr wie ein <strong>Weihnachtsm\u00e4rkt<\/strong>. Weihnachtsm\u00e4rkte sind keine gew\u00f6hnlichen M\u00e4rkte, wie es sie das ganze Jahr \u00fcber in unseren St\u00e4dten gibt, sondern echte Events, die das Erscheinungsbild der Stra\u00dfen und Pl\u00e4tze, auf denen sie stattfinden, in <strong>magische Orte<\/strong> verwandeln, in denen die Zeit stehen bleibt und Sie damit in eine verzauberte Welt eintreten. In Italien sind die <strong>Weihnachtsm\u00e4rkte von Bozen und Brixen<\/strong> besonders bekannt und daf\u00fcr gibt es viele gute Gr\u00fcnde. In Brixen werden die alten Mauern des Palazzo Vescovile in verschiedenen Farben beleuchtet und die verf\u00fchrerischen D\u00fcfte der traditionellen Delikatessen erf\u00fcllen die Luft. Menschen, die sich in der weihnachtlichen Atmosph\u00e4re verlieren wollen, sollten den Weihnachtsmarkt in Brixen auf keinen Fall verpassen. Neben vielen <strong>kunsthandwerklich gefertigten Objekten, <a href=\"https:\/\/www.holyart.de\/weihnachten\/krippen\">den handgefertigten Krippenszenen<\/a>, den Holzskulpturen und den kostbaren Kristallfiguren<\/strong> k\u00f6nnen Besucher auch die einzigartigen Aromen der Spezialit\u00e4ten aus dem Eisacktal (Valle Isacro) und anderer Produkte lokaler H\u00e4ndler kosten.<\/p>\n<p>Die Stadt Bozen bietet eine au\u00dfergew\u00f6hnliche Erfahrung f\u00fcr alle Sinne. Weihnachtslieder und<br \/>\n-melodien ert\u00f6nen rund um den <strong>gro\u00dfen geschm\u00fcckten Weihnachtsbaum<\/strong> und zwischen den bunten Buden, die lokale Produkte anbieten. Die Luft riecht nach Holz, Gew\u00fcrzen und Gl\u00fchwein und diese wunderbar w\u00e4rmende Atmosph\u00e4re erf\u00fcllt die Herzen mit einem Gef\u00fchl von Harmonie und Liebe. Das gesamte historische Zentrum Bozens ist durchdrungen, von pulsierenden Lichtern, von Melodien, die von sanften Stimmen oder Musikinstrumenten ausgehen, sowie von den herrlichen Aromen der Kekse, Strudel und anderer S\u00fc\u00dfigkeiten. An keinem anderen Ort k\u00f6nnen die Besucher die <strong>wahre Bedeutung von Weihnachten<\/strong> erfahren wie hier \u2013 den Zauber, der aus <strong>Magie, Tradition und der unvergleichlichen Stimmung <\/strong>besteht.\u00a0 Auch wir wurden davon erfasst, h\u00e4tte es anders sein k\u00f6nnen? Auf unserer Seite k\u00f6nnen Sie auch einige Fotos unserer wundervollen Erfahrung ansehen.<\/p>\n","protected":false},"excerpt":{"rendered":"<p>Kaum ein Ort erweckt Weihnachtsstimmung so sehr wie ein Weihnachtsm\u00e4rkt. Weihnachtsm\u00e4rkte sind keine gew\u00f6hnlichen M\u00e4rkte, wie es sie das ganze Jahr \u00fcber in unseren St\u00e4dten gibt, sondern echte Events, die das Erscheinungsbild der Stra\u00dfen und Pl\u00e4tze, auf denen sie stattfinden, in magische Orte verwandeln, in&hellip;<\/p>\n","protected":false},"author":1,"featured_media":793,"comment_status":"closed","ping_status":"open","sticky":false,"template":"","format":"standard","meta":{"_acf_changed":false,"footnotes":""},"categories":[12],"tags":[],"class_list":["post-792","post","type-post","status-publish","format-standard","has-post-thumbnail","hentry","category-weihnachten"],"acf":[],"yoast_head":"<!-- This site is optimized with the Yoast SEO plugin v26.6 - https:\/\/yoast.com\/wordpress\/plugins\/seo\/ -->\n<title>Die Weihnachtsm\u00e4rkte in Bozen und Brixen - Holyart.de Blog<\/title>\n<meta name=\"description\" content=\"Nur wenige Orte erinnern an die Atmosph\u00e4re der Festivals ebenso wie die Weihnachtsm\u00e4rkte. Dies ist sicherlich kein gemeinsamer Markt.\" \/>\n<meta name=\"robots\" content=\"index, follow, max-snippet:-1, max-image-preview:large, max-video-preview:-1\" \/>\n<link rel=\"canonical\" href=\"https:\/\/blog.holyart.it\/de\/weihnachten\/die-weihnachtsmarkte-bozen-und-brixen\/\" \/>\n<meta property=\"og:locale\" content=\"de_DE\" \/>\n<meta property=\"og:type\" content=\"article\" \/>\n<meta property=\"og:title\" content=\"Die Weihnachtsm\u00e4rkte in Bozen und Brixen - Holyart.de Blog\" \/>\n<meta property=\"og:description\" content=\"Nur wenige Orte erinnern an die Atmosph\u00e4re der Festivals ebenso wie die Weihnachtsm\u00e4rkte. Dies ist sicherlich kein gemeinsamer Markt.\" \/>\n<meta property=\"og:url\" content=\"https:\/\/blog.holyart.it\/de\/weihnachten\/die-weihnachtsmarkte-bozen-und-brixen\/\" \/>\n<meta property=\"og:site_name\" content=\"Holyart.de Blog\" \/>\n<meta property=\"article:published_time\" content=\"2018-10-31T13:22:08+00:00\" \/>\n<meta property=\"article:modified_time\" content=\"2019-03-28T13:49:35+00:00\" \/>\n<meta property=\"og:image\" content=\"https:\/\/blog.holyart.it\/de\/wp-content\/uploads\/sites\/12\/2019\/03\/Die-Weihnachtsm\u00e4rkte-in-Bozen-und-Brixen.jpg\" \/>\n\t<meta property=\"og:image:width\" content=\"1000\" \/>\n\t<meta property=\"og:image:height\" content=\"666\" \/>\n\t<meta property=\"og:image:type\" content=\"image\/jpeg\" \/>\n<meta name=\"author\" content=\"Redazione\" \/>\n<meta name=\"twitter:card\" content=\"summary_large_image\" \/>\n<meta name=\"twitter:label1\" content=\"Verfasst von\" \/>\n\t<meta name=\"twitter:data1\" content=\"Redazione\" \/>\n\t<meta name=\"twitter:label2\" content=\"Gesch\u00e4tzte Lesezeit\" \/>\n\t<meta name=\"twitter:data2\" content=\"2\u00a0Minuten\" \/>\n<script type=\"application\/ld+json\" class=\"yoast-schema-graph\">{\"@context\":\"https:\/\/schema.org\",\"@graph\":[{\"@type\":\"Article\",\"@id\":\"https:\/\/blog.holyart.it\/de\/weihnachten\/die-weihnachtsmarkte-bozen-und-brixen\/#article\",\"isPartOf\":{\"@id\":\"https:\/\/blog.holyart.it\/de\/weihnachten\/die-weihnachtsmarkte-bozen-und-brixen\/\"},\"author\":{\"name\":\"Redazione\",\"@id\":\"https:\/\/blog.holyart.it\/de\/#\/schema\/person\/0a7b686e5af0f856ec1e390dd0baecda\"},\"headline\":\"Die Weihnachtsm\u00e4rkte in Bozen und Brixen\",\"datePublished\":\"2018-10-31T13:22:08+00:00\",\"dateModified\":\"2019-03-28T13:49:35+00:00\",\"mainEntityOfPage\":{\"@id\":\"https:\/\/blog.holyart.it\/de\/weihnachten\/die-weihnachtsmarkte-bozen-und-brixen\/\"},\"wordCount\":321,\"publisher\":{\"@id\":\"https:\/\/blog.holyart.it\/de\/#organization\"},\"image\":{\"@id\":\"https:\/\/blog.holyart.it\/de\/weihnachten\/die-weihnachtsmarkte-bozen-und-brixen\/#primaryimage\"},\"thumbnailUrl\":\"https:\/\/blog.holyart.it\/de\/wp-content\/uploads\/sites\/12\/2019\/03\/Die-Weihnachtsm\u00e4rkte-in-Bozen-und-Brixen.jpg\",\"articleSection\":[\"Weihnachten\"],\"inLanguage\":\"de\"},{\"@type\":\"WebPage\",\"@id\":\"https:\/\/blog.holyart.it\/de\/weihnachten\/die-weihnachtsmarkte-bozen-und-brixen\/\",\"url\":\"https:\/\/blog.holyart.it\/de\/weihnachten\/die-weihnachtsmarkte-bozen-und-brixen\/\",\"name\":\"Die Weihnachtsm\u00e4rkte in Bozen und Brixen - Holyart.de Blog\",\"isPartOf\":{\"@id\":\"https:\/\/blog.holyart.it\/de\/#website\"},\"primaryImageOfPage\":{\"@id\":\"https:\/\/blog.holyart.it\/de\/weihnachten\/die-weihnachtsmarkte-bozen-und-brixen\/#primaryimage\"},\"image\":{\"@id\":\"https:\/\/blog.holyart.it\/de\/weihnachten\/die-weihnachtsmarkte-bozen-und-brixen\/#primaryimage\"},\"thumbnailUrl\":\"https:\/\/blog.holyart.it\/de\/wp-content\/uploads\/sites\/12\/2019\/03\/Die-Weihnachtsm\u00e4rkte-in-Bozen-und-Brixen.jpg\",\"datePublished\":\"2018-10-31T13:22:08+00:00\",\"dateModified\":\"2019-03-28T13:49:35+00:00\",\"description\":\"Nur wenige Orte erinnern an die Atmosph\u00e4re der Festivals ebenso wie die Weihnachtsm\u00e4rkte. Dies ist sicherlich kein gemeinsamer Markt.\",\"breadcrumb\":{\"@id\":\"https:\/\/blog.holyart.it\/de\/weihnachten\/die-weihnachtsmarkte-bozen-und-brixen\/#breadcrumb\"},\"inLanguage\":\"de\",\"potentialAction\":[{\"@type\":\"ReadAction\",\"target\":[\"https:\/\/blog.holyart.it\/de\/weihnachten\/die-weihnachtsmarkte-bozen-und-brixen\/\"]}]},{\"@type\":\"ImageObject\",\"inLanguage\":\"de\",\"@id\":\"https:\/\/blog.holyart.it\/de\/weihnachten\/die-weihnachtsmarkte-bozen-und-brixen\/#primaryimage\",\"url\":\"https:\/\/blog.holyart.it\/de\/wp-content\/uploads\/sites\/12\/2019\/03\/Die-Weihnachtsm\u00e4rkte-in-Bozen-und-Brixen.jpg\",\"contentUrl\":\"https:\/\/blog.holyart.it\/de\/wp-content\/uploads\/sites\/12\/2019\/03\/Die-Weihnachtsm\u00e4rkte-in-Bozen-und-Brixen.jpg\",\"width\":1000,\"height\":666,\"caption\":\"Die Weihnachtsm\u00e4rkte in Bozen und Brixen\"},{\"@type\":\"BreadcrumbList\",\"@id\":\"https:\/\/blog.holyart.it\/de\/weihnachten\/die-weihnachtsmarkte-bozen-und-brixen\/#breadcrumb\",\"itemListElement\":[{\"@type\":\"ListItem\",\"position\":1,\"name\":\"Homepage\",\"item\":\"https:\/\/blog.holyart.it\/de\/\"},{\"@type\":\"ListItem\",\"position\":2,\"name\":\"Weihnachten\",\"item\":\"https:\/\/blog.holyart.it\/de\/weihnachten\/\"},{\"@type\":\"ListItem\",\"position\":3,\"name\":\"Die Weihnachtsm\u00e4rkte in Bozen und Brixen\"}]},{\"@type\":\"WebSite\",\"@id\":\"https:\/\/blog.holyart.it\/de\/#website\",\"url\":\"https:\/\/blog.holyart.it\/de\/\",\"name\":\"Holyart.de Blog\",\"description\":\"Holyblog\",\"publisher\":{\"@id\":\"https:\/\/blog.holyart.it\/de\/#organization\"},\"potentialAction\":[{\"@type\":\"SearchAction\",\"target\":{\"@type\":\"EntryPoint\",\"urlTemplate\":\"https:\/\/blog.holyart.it\/de\/?s={search_term_string}\"},\"query-input\":{\"@type\":\"PropertyValueSpecification\",\"valueRequired\":true,\"valueName\":\"search_term_string\"}}],\"inLanguage\":\"de\"},{\"@type\":\"Organization\",\"@id\":\"https:\/\/blog.holyart.it\/de\/#organization\",\"name\":\"Holyart.de Blog\",\"url\":\"https:\/\/blog.holyart.it\/de\/\",\"logo\":{\"@type\":\"ImageObject\",\"inLanguage\":\"de\",\"@id\":\"https:\/\/blog.holyart.it\/de\/#\/schema\/logo\/image\/\",\"url\":\"https:\/\/blog.holyart.it\/de\/wp-content\/uploads\/sites\/12\/2022\/12\/Holyart_Blog_Logo.jpg\",\"contentUrl\":\"https:\/\/blog.holyart.it\/de\/wp-content\/uploads\/sites\/12\/2022\/12\/Holyart_Blog_Logo.jpg\",\"width\":300,\"height\":50,\"caption\":\"Holyart.de Blog\"},\"image\":{\"@id\":\"https:\/\/blog.holyart.it\/de\/#\/schema\/logo\/image\/\"}},{\"@type\":\"Person\",\"@id\":\"https:\/\/blog.holyart.it\/de\/#\/schema\/person\/0a7b686e5af0f856ec1e390dd0baecda\",\"name\":\"Redazione\",\"image\":{\"@type\":\"ImageObject\",\"inLanguage\":\"de\",\"@id\":\"https:\/\/blog.holyart.it\/de\/#\/schema\/person\/image\/\",\"url\":\"https:\/\/secure.gravatar.com\/avatar\/f477da817f43e50d0af36abecd33e3edf826c68299714bdc1057dff3b113f516?s=96&d=mm&r=g\",\"contentUrl\":\"https:\/\/secure.gravatar.com\/avatar\/f477da817f43e50d0af36abecd33e3edf826c68299714bdc1057dff3b113f516?s=96&d=mm&r=g\",\"caption\":\"Redazione\"}}]}<\/script>\n<!-- \/ Yoast SEO plugin. -->","yoast_head_json":{"title":"Die Weihnachtsm\u00e4rkte in Bozen und Brixen - Holyart.de Blog","description":"Nur wenige Orte erinnern an die Atmosph\u00e4re der Festivals ebenso wie die Weihnachtsm\u00e4rkte. Dies ist sicherlich kein gemeinsamer Markt.","robots":{"index":"index","follow":"follow","max-snippet":"max-snippet:-1","max-image-preview":"max-image-preview:large","max-video-preview":"max-video-preview:-1"},"canonical":"https:\/\/blog.holyart.it\/de\/weihnachten\/die-weihnachtsmarkte-bozen-und-brixen\/","og_locale":"de_DE","og_type":"article","og_title":"Die Weihnachtsm\u00e4rkte in Bozen und Brixen - Holyart.de Blog","og_description":"Nur wenige Orte erinnern an die Atmosph\u00e4re der Festivals ebenso wie die Weihnachtsm\u00e4rkte. Dies ist sicherlich kein gemeinsamer Markt.","og_url":"https:\/\/blog.holyart.it\/de\/weihnachten\/die-weihnachtsmarkte-bozen-und-brixen\/","og_site_name":"Holyart.de Blog","article_published_time":"2018-10-31T13:22:08+00:00","article_modified_time":"2019-03-28T13:49:35+00:00","og_image":[{"width":1000,"height":666,"url":"https:\/\/blog.holyart.it\/de\/wp-content\/uploads\/sites\/12\/2019\/03\/Die-Weihnachtsm\u00e4rkte-in-Bozen-und-Brixen.jpg","type":"image\/jpeg"}],"author":"Redazione","twitter_card":"summary_large_image","twitter_misc":{"Verfasst von":"Redazione","Gesch\u00e4tzte Lesezeit":"2\u00a0Minuten"},"schema":{"@context":"https:\/\/schema.org","@graph":[{"@type":"Article","@id":"https:\/\/blog.holyart.it\/de\/weihnachten\/die-weihnachtsmarkte-bozen-und-brixen\/#article","isPartOf":{"@id":"https:\/\/blog.holyart.it\/de\/weihnachten\/die-weihnachtsmarkte-bozen-und-brixen\/"},"author":{"name":"Redazione","@id":"https:\/\/blog.holyart.it\/de\/#\/schema\/person\/0a7b686e5af0f856ec1e390dd0baecda"},"headline":"Die Weihnachtsm\u00e4rkte in Bozen und Brixen","datePublished":"2018-10-31T13:22:08+00:00","dateModified":"2019-03-28T13:49:35+00:00","mainEntityOfPage":{"@id":"https:\/\/blog.holyart.it\/de\/weihnachten\/die-weihnachtsmarkte-bozen-und-brixen\/"},"wordCount":321,"publisher":{"@id":"https:\/\/blog.holyart.it\/de\/#organization"},"image":{"@id":"https:\/\/blog.holyart.it\/de\/weihnachten\/die-weihnachtsmarkte-bozen-und-brixen\/#primaryimage"},"thumbnailUrl":"https:\/\/blog.holyart.it\/de\/wp-content\/uploads\/sites\/12\/2019\/03\/Die-Weihnachtsm\u00e4rkte-in-Bozen-und-Brixen.jpg","articleSection":["Weihnachten"],"inLanguage":"de"},{"@type":"WebPage","@id":"https:\/\/blog.holyart.it\/de\/weihnachten\/die-weihnachtsmarkte-bozen-und-brixen\/","url":"https:\/\/blog.holyart.it\/de\/weihnachten\/die-weihnachtsmarkte-bozen-und-brixen\/","name":"Die Weihnachtsm\u00e4rkte in Bozen und Brixen - Holyart.de Blog","isPartOf":{"@id":"https:\/\/blog.holyart.it\/de\/#website"},"primaryImageOfPage":{"@id":"https:\/\/blog.holyart.it\/de\/weihnachten\/die-weihnachtsmarkte-bozen-und-brixen\/#primaryimage"},"image":{"@id":"https:\/\/blog.holyart.it\/de\/weihnachten\/die-weihnachtsmarkte-bozen-und-brixen\/#primaryimage"},"thumbnailUrl":"https:\/\/blog.holyart.it\/de\/wp-content\/uploads\/sites\/12\/2019\/03\/Die-Weihnachtsm\u00e4rkte-in-Bozen-und-Brixen.jpg","datePublished":"2018-10-31T13:22:08+00:00","dateModified":"2019-03-28T13:49:35+00:00","description":"Nur wenige Orte erinnern an die Atmosph\u00e4re der Festivals ebenso wie die Weihnachtsm\u00e4rkte. Dies ist sicherlich kein gemeinsamer Markt.","breadcrumb":{"@id":"https:\/\/blog.holyart.it\/de\/weihnachten\/die-weihnachtsmarkte-bozen-und-brixen\/#breadcrumb"},"inLanguage":"de","potentialAction":[{"@type":"ReadAction","target":["https:\/\/blog.holyart.it\/de\/weihnachten\/die-weihnachtsmarkte-bozen-und-brixen\/"]}]},{"@type":"ImageObject","inLanguage":"de","@id":"https:\/\/blog.holyart.it\/de\/weihnachten\/die-weihnachtsmarkte-bozen-und-brixen\/#primaryimage","url":"https:\/\/blog.holyart.it\/de\/wp-content\/uploads\/sites\/12\/2019\/03\/Die-Weihnachtsm\u00e4rkte-in-Bozen-und-Brixen.jpg","contentUrl":"https:\/\/blog.holyart.it\/de\/wp-content\/uploads\/sites\/12\/2019\/03\/Die-Weihnachtsm\u00e4rkte-in-Bozen-und-Brixen.jpg","width":1000,"height":666,"caption":"Die Weihnachtsm\u00e4rkte in Bozen und Brixen"},{"@type":"BreadcrumbList","@id":"https:\/\/blog.holyart.it\/de\/weihnachten\/die-weihnachtsmarkte-bozen-und-brixen\/#breadcrumb","itemListElement":[{"@type":"ListItem","position":1,"name":"Homepage","item":"https:\/\/blog.holyart.it\/de\/"},{"@type":"ListItem","position":2,"name":"Weihnachten","item":"https:\/\/blog.holyart.it\/de\/weihnachten\/"},{"@type":"ListItem","position":3,"name":"Die Weihnachtsm\u00e4rkte in Bozen und Brixen"}]},{"@type":"WebSite","@id":"https:\/\/blog.holyart.it\/de\/#website","url":"https:\/\/blog.holyart.it\/de\/","name":"Holyart.de Blog","description":"Holyblog","publisher":{"@id":"https:\/\/blog.holyart.it\/de\/#organization"},"potentialAction":[{"@type":"SearchAction","target":{"@type":"EntryPoint","urlTemplate":"https:\/\/blog.holyart.it\/de\/?s={search_term_string}"},"query-input":{"@type":"PropertyValueSpecification","valueRequired":true,"valueName":"search_term_string"}}],"inLanguage":"de"},{"@type":"Organization","@id":"https:\/\/blog.holyart.it\/de\/#organization","name":"Holyart.de Blog","url":"https:\/\/blog.holyart.it\/de\/","logo":{"@type":"ImageObject","inLanguage":"de","@id":"https:\/\/blog.holyart.it\/de\/#\/schema\/logo\/image\/","url":"https:\/\/blog.holyart.it\/de\/wp-content\/uploads\/sites\/12\/2022\/12\/Holyart_Blog_Logo.jpg","contentUrl":"https:\/\/blog.holyart.it\/de\/wp-content\/uploads\/sites\/12\/2022\/12\/Holyart_Blog_Logo.jpg","width":300,"height":50,"caption":"Holyart.de Blog"},"image":{"@id":"https:\/\/blog.holyart.it\/de\/#\/schema\/logo\/image\/"}},{"@type":"Person","@id":"https:\/\/blog.holyart.it\/de\/#\/schema\/person\/0a7b686e5af0f856ec1e390dd0baecda","name":"Redazione","image":{"@type":"ImageObject","inLanguage":"de","@id":"https:\/\/blog.holyart.it\/de\/#\/schema\/person\/image\/","url":"https:\/\/secure.gravatar.com\/avatar\/f477da817f43e50d0af36abecd33e3edf826c68299714bdc1057dff3b113f516?s=96&d=mm&r=g","contentUrl":"https:\/\/secure.gravatar.com\/avatar\/f477da817f43e50d0af36abecd33e3edf826c68299714bdc1057dff3b113f516?s=96&d=mm&r=g","caption":"Redazione"}}]}},"_links":{"self":[{"href":"https:\/\/blog.holyart.it\/de\/wp-json\/wp\/v2\/posts\/792","targetHints":{"allow":["GET"]}}],"collection":[{"href":"https:\/\/blog.holyart.it\/de\/wp-json\/wp\/v2\/posts"}],"about":[{"href":"https:\/\/blog.holyart.it\/de\/wp-json\/wp\/v2\/types\/post"}],"author":[{"embeddable":true,"href":"https:\/\/blog.holyart.it\/de\/wp-json\/wp\/v2\/users\/1"}],"replies":[{"embeddable":true,"href":"https:\/\/blog.holyart.it\/de\/wp-json\/wp\/v2\/comments?post=792"}],"version-history":[{"count":0,"href":"https:\/\/blog.holyart.it\/de\/wp-json\/wp\/v2\/posts\/792\/revisions"}],"wp:featuredmedia":[{"embeddable":true,"href":"https:\/\/blog.holyart.it\/de\/wp-json\/wp\/v2\/media\/793"}],"wp:attachment":[{"href":"https:\/\/blog.holyart.it\/de\/wp-json\/wp\/v2\/media?parent=792"}],"wp:term":[{"taxonomy":"category","embeddable":true,"href":"https:\/\/blog.holyart.it\/de\/wp-json\/wp\/v2\/categories?post=792"},{"taxonomy":"post_tag","embeddable":true,"href":"https:\/\/blog.holyart.it\/de\/wp-json\/wp\/v2\/tags?post=792"}],"curies":[{"name":"wp","href":"https:\/\/api.w.org\/{rel}","templated":true}]}}