{"id":7871,"date":"2026-04-01T10:00:30","date_gmt":"2026-04-01T08:00:30","guid":{"rendered":"https:\/\/blog.holyart.it\/de\/?p=7871"},"modified":"2026-04-28T15:05:15","modified_gmt":"2026-04-28T13:05:15","slug":"festtag-des-heiligen-franziskus-800-jaehriges-jubilaeum-und-anerkennung-als-nationalfeiertag-in-italien","status":"publish","type":"post","link":"https:\/\/blog.holyart.it\/de\/heilige-und-selige\/festtag-des-heiligen-franziskus-800-jaehriges-jubilaeum-und-anerkennung-als-nationalfeiertag-in-italien\/","title":{"rendered":"Festtag des Heiligen Franziskus: 800-j\u00e4hriges Jubil\u00e4um und Anerkennung als Nationalfeiertag in Italien"},"content":{"rendered":"<h4>Im Jahr 2026 f\u00e4llt der Festtag des Heiligen Franziskus mit dem 800-j\u00e4hrigen Jubil\u00e4um des Heiligen von Assisi zusammen. Zu diesem Anlass wird er wieder als italienischer Nationalfeiertag anerkannt.<\/h4>\n\n<p>Der 4. Oktober ist in Italien kein gew\u00f6hnliches Datum. Es ist ein Tag, der aus dem gewohnten Rhythmus zu fallen scheint, als h\u00e4tte die Zeit selbst beschlossen, langsamer und achtsamer zu werden. Die Glocken l\u00e4uten nicht nur, sie verweilen. Die Luft tr\u00e4gt den Duft von Wildblumen und Weihrauch mit sich, und in dieser alten Mischung taucht eine Pr\u00e4senz auf, die nicht sofort benannt werden muss. Der <a href=\"https:\/\/www.holyart.de\/besondere-anlasse\/heiliger-franziskus-von-assisi\"><strong>heilige Franziskus<\/strong><\/a>, der Arme von Assisi, der Mann, der es verstand, in der Welt zu wandeln, ohne sie zu besitzen, Dinge zu ber\u00fchren, ohne sie zu verletzen, jedes Gesch\u00f6pf wie eine Schwester zu leben. Das <strong>Fest des heiligen Franziskus von Assisi<\/strong>, das auf dieses Datum f\u00e4llt, ersch\u00f6pft sich nicht in einer Liturgie. Es ist eine Schwelle, ein Moment, in dem fast unbemerkt ein ganzes Land sich mit Worten auseinandersetzt, die nicht aufh\u00f6ren zu brennen: <strong>Frieden<\/strong>, <strong>Br\u00fcderlichkeit<\/strong>, <strong>Sorge um die Sch\u00f6pfung<\/strong>. Worte, die vielleicht durch den Gebrauch abgenutzt sind, aber immer noch in der Lage sind, gleichzeitig zu verletzen und zu heilen. Worte, die f\u00fcr Franziskus nicht nur Konzepte waren, sondern gelebtes Leben, Entscheidung f\u00fcr Entscheidung, Verzicht f\u00fcr Verzicht.<\/p>\n<div class=\"link-product\">\n<div class=\"blocco-immagine\"><img loading=\"lazy\" decoding=\"async\" class=\"size-full wp-image-7873 alignleft\" src=\"https:\/\/blog.holyart.it\/de\/wp-content\/uploads\/sites\/12\/2026\/03\/Heiliger-Franziskus-von-Assisi.jpg\" alt=\"Heiliger Franziskus von Assisi\" width=\"100\" height=\"100\" data-kale-share-title=\"Festtag des Heiligen Franziskus: 800-j\u00e4hriges Jubil\u00e4um und Anerkennung als Nationalfeiertag in Italien\" data-kale-share-url=\"https:\/\/blog.holyart.it\/de\/?p=7871\" \/><\/div>\n<div class=\"blocco-contenuto\">\n<div class=\"blocco-acquista\">Einkaufen:<\/div>\n<div class=\"blocco-titolo\"><a href=\"https:\/\/www.holyart.de\/besondere-anlasse\/heiliger-franziskus-von-assisi?page=1\">Heiliger Franziskus von Assisi<\/a><\/div>\n<div class=\"blocco-descrizione\">In dieser Rubrik finden Sie eine vielf\u00e4ltige Auswahl an Artikeln wie Heiligenbilder, Prozessionsbanner sowie Statuen des heiligen Franziskus.<\/div>\n<\/div>\n<\/div>\n<p>Im Jahr 2026 wird dieses Jubil\u00e4um eine zus\u00e4tzliche Bedeutung erhalten. Das Fest des Heiligen Franziskus f\u00e4llt mit dem 800. Geburtstag des Heiligen von Assisi zusammen. Zu diesem Anlass wird es im Zeichen des Friedens und der Br\u00fcderlichkeit wieder als <strong>italienischer Nationalfeiertag<\/strong> anerkannt werden. Achthundert Jahre trennen diesen 4. Oktober von jener Nacht im Jahr 1226, als Franziskus diese Welt verlie\u00df, und doch schien die Distanz nie so fragil und verg\u00e4nglich. Der 800. Todestag von Franziskus wird Italien mit Feierlichkeiten, Begegnungen und Momenten der Besinnung durchziehen, die sich \u00fcber die gesamte Halbinsel erstrecken, wie ein unsichtbarer Faden, der dazu einl\u00e4dt, innezuhalten und zur\u00fcckzublicken, nicht aus Bedauern, sondern um sich zu orientieren. Der Festtag des Heiligen Franziskus wird so zu mehr als nur einem Datum im Kalender: zu einem Fixpunkt, einem Kompass, einem Anziehungspunkt.<\/p>\n<p>Aber \u00fcber die nationalen Feierlichkeiten hinaus bleiben die pers\u00f6nlichen Erinnerungen, die fast ohne Erlaubnis auftauchen, die Geschichten, die wir alle seit unserer Kindheit geh\u00f6rt haben. <a href=\"https:\/\/www.holyart.de\/devotionalien\/statuen\/statuen-aus-resin-und-pvc\/statue-aus-harz-heiliger-franz-30-cm\"><strong>Franziskus, der zu den V\u00f6geln spricht<\/strong><\/a>, der den Auss\u00e4tzigen umarmt, der alles hinter sich l\u00e4sst, um einer inneren Stimme zu folgen, die st\u00e4rker ist als jede Sicherheit. Geschichten, die wir vielleicht als Kinder geh\u00f6rt haben, die aber als Erwachsene eine andere Tiefe offenbaren. Franziskus war nicht einfach \u201egut\u201c: Er war unbequem, radikal, sogar skandal\u00f6s. Ein <strong>Revolution\u00e4r des Geistes<\/strong>, der das Evangelium so konsequent lebte, dass er seinen Zeitgenossen und vielleicht auch heute noch als verr\u00fcckt erschien.<\/p>\n<div class=\"link-product\">\n<div class=\"blocco-immagine\"><img loading=\"lazy\" decoding=\"async\" class=\"size-full wp-image-7875 alignleft\" src=\"https:\/\/blog.holyart.it\/de\/wp-content\/uploads\/sites\/12\/2026\/03\/Statue-aus-Harz-Heiliger-Franz.jpg\" alt=\"Statue aus Harz Heiliger Franz\" width=\"100\" height=\"100\" data-kale-share-title=\"Festtag des Heiligen Franziskus: 800-j\u00e4hriges Jubil\u00e4um und Anerkennung als Nationalfeiertag in Italien\" data-kale-share-url=\"https:\/\/blog.holyart.it\/de\/?p=7871\" \/><\/div>\n<div class=\"blocco-contenuto\">\n<div class=\"blocco-acquista\">Einkaufen:<\/div>\n<div class=\"blocco-titolo\"><a href=\"https:\/\/www.holyart.de\/devotionalien\/statuen\/statuen-aus-resin-und-pvc\/statue-aus-harz-heiliger-franz-30-cm\">Statue aus Harz Heiliger Franz, 30 cm<\/a><\/div>\n<div class=\"blocco-descrizione\">Sch\u00f6ne und aufwendige Statue des Heiligen Franz mit Tauben auf dem Arm.<\/div>\n<\/div>\n<\/div>\n<h2>800 Jahre seit dem Tod des Heiligen Franziskus<\/h2>\n<p>Acht Jahrhunderte sind seit jener Nacht des 3. Oktober 1226 vergangen, als Franziskus in der Portiuncula im Beisein seiner Br\u00fcder starb. Er war gerade einmal vierundvierzig Jahre alt, aber sein K\u00f6rper war bereits am Ende: die bis zum \u00c4u\u00dfersten gew\u00e4hlte Armut, die in Stille getragenen Stigmata, die Krankheit, die ihn in letzter Zeit gebrechlich und fast blind gemacht hatte. Die Quellen berichten jedoch von einem ruhigen, entspannten Gesicht. Als ob es am Ende keine Angst gegeben h\u00e4tte, sondern nur ein Entgegengehen.<\/p>\n<p>Der 800. Todestag des Heiligen Franziskus f\u00e4llt in eine unruhige Zeit, und vielleicht ist das kein Zufall. Wir leben inmitten von <strong>Umweltkrisen<\/strong>, Konflikten, die kein Ende zu nehmen scheinen, und immer offensichtlicher werdenden Ungleichheiten. Inmitten all dessen spricht Franziskus weiter. Nicht mit L\u00f6sungen, nicht mit Slogans, sondern mit einer Art, in der Welt zu sein, die unsere tief verwurzelten Gewohnheiten in Frage stellt. Der <em><strong>Sonnengesang<\/strong><\/em>, geschrieben, als er bereits litt und kaum noch sehen konnte, ist keine naive Hymne: Es ist der Blick eines Menschen, der eine tiefe Verbundenheit mit allem erkennt, sogar mit dem Tod. Eine Sichtweise, die wir heute als <strong>\u00f6kologisch<\/strong> bezeichnen w\u00fcrden, die aber aus etwas Einfacherem und Radikalerem entsteht.<\/p>\n<div class=\"link-product\">\n<div class=\"blocco-immagine\"><img loading=\"lazy\" decoding=\"async\" class=\"size-full wp-image-7878 alignleft\" src=\"https:\/\/blog.holyart.it\/de\/wp-content\/uploads\/sites\/12\/2026\/03\/kruzifix-in-tauform-wandkreuz-murano-glas-in-bronzeoptik-25-20-cm.jpg\" alt=\"Kruzifix in Tauform\" width=\"100\" height=\"100\" data-kale-share-title=\"Festtag des Heiligen Franziskus: 800-j\u00e4hriges Jubil\u00e4um und Anerkennung als Nationalfeiertag in Italien\" data-kale-share-url=\"https:\/\/blog.holyart.it\/de\/?p=7871\" \/><\/div>\n<div class=\"blocco-contenuto\">\n<div class=\"blocco-acquista\">Einkaufen:<\/div>\n<div class=\"blocco-titolo\"><a href=\"https:\/\/www.holyart.de\/devotionalien\/kruzifixe-und-kreuze\/kruzifixe-und-kreuze-aus-glas-und-plexiglas\/kruzifix-in-tauform-wandkreuz-murano-glas-in-bronzeoptik-25-20-cm\">Kruzifix in Tauform \u2013 Wandkreuz, Murano-Glas in Bronzeoptik, 25 \u00d7 20 cm<\/a><\/div>\n<div class=\"blocco-descrizione\">Dieses Kruzifix in Tauform besteht aus Murano-Glas in bronzefarbener Optik.<\/div>\n<\/div>\n<\/div>\n<p>Franziskus hatte verstanden, dass <strong>Frieden<\/strong> nicht aufgezwungen und nicht verk\u00fcndet werden kann. Er beginnt im Inneren, wenn man aufh\u00f6rt, den anderen als Gegner oder Hindernis zu betrachten. Das ihm zugeschriebene Gebet \u2013 \u201e<em>Herr, mache mich zu einem Werkzeug deines Friedens<\/em>\u201c \u2013 tr\u00f6stet nicht, sondern verpflichtet. Es verlangt, auf etwas zu verzichten, sich zu exponieren, Ver\u00e4nderungen zu akzeptieren. F\u00fcr ihn war <strong>Bekehrung keine abstrakte Idee<\/strong>, sondern ein kontinuierlicher, oft m\u00fchsamer, immer konkreter Prozess.<\/p>\n<p>Wenn wir heute auf Franziskus blicken, m\u00fcssen wir uns <strong>auch Fragen \u00fcber die Zukunft stellen<\/strong>. Was bedeutet es, seine Botschaft in der Gegenwart zu leben? Dazu braucht man weder eine Kutte noch eine Flucht aus der Welt. Man muss <strong>sich<\/strong> <strong>f\u00fcr das Wesentliche entscheiden<\/strong>, Beziehungen Gewicht geben und sich um das k\u00fcmmern, was uns anvertraut ist. Franziskus sprach nicht zu einigen Auserw\u00e4hlten, sondern zu allen, die bereit waren, ihm zuzuh\u00f6ren. Und vielleicht ist es genau das, was es auch nach achthundert Jahren noch so schwer macht, ihn zu ignorieren.<\/p>\n<div class=\"link-product\">\n<div class=\"blocco-immagine\"><img loading=\"lazy\" decoding=\"async\" class=\"size-full wp-image-7881 alignleft\" src=\"https:\/\/blog.holyart.it\/de\/wp-content\/uploads\/sites\/12\/2026\/03\/heiliger-franziskus-von-assisi-mit-tauben-bild-auf-holz-von-valenti-argenti-25x20-.jpg\" alt=\"Heiliger Franziskus von Assisi mit Tauben\" width=\"100\" height=\"100\" data-kale-share-title=\"Festtag des Heiligen Franziskus: 800-j\u00e4hriges Jubil\u00e4um und Anerkennung als Nationalfeiertag in Italien\" data-kale-share-url=\"https:\/\/blog.holyart.it\/de\/?p=7871\" \/><\/div>\n<div class=\"blocco-contenuto\">\n<div class=\"blocco-acquista\">Einkaufen:<\/div>\n<div class=\"blocco-titolo\"><a href=\"https:\/\/www.holyart.de\/devotionalien\/poster-und-bilder\/heiliger-franziskus-von-assisi-mit-tauben-bild-auf-holz-von-valenti-argenti-25x20-cm\">Heiliger Franziskus von Assisi mit Tauben \u2013 Bild auf Holz von Valenti Argenti, 25&#215;20 cm<\/a><\/div>\n<div class=\"blocco-descrizione\">Hochwertiges Bild gefertigt vom italienischen Hersteller Valenti Argenti.<\/div>\n<\/div>\n<\/div>\n<h2>Der Nationalfeiertag f\u00fcr den Heiligen Franziskus<\/h2>\n<p>Ab 2026 wird der 4. Oktober wieder zum <strong>italienischen Nationalfeiertag<\/strong>. Diese Entscheidung wurde mit einem 2025 verabschiedeten Gesetz getroffen, das den Tag des Heiligen Franz von Assisi nach seiner Abschaffung im Jahr 1977 wieder in den Kalender der gesetzlichen Feiertage aufnimmt, mit konkreten Auswirkungen auf die Arbeit und das t\u00e4gliche Leben. Es handelt sich dabei weder um eine folkloristische R\u00fcckkehr noch um ein nostalgisches Zugest\u00e4ndnis. Es ist eine Entscheidung, die etwas Konkretes dar\u00fcber aussagt, was dieses Land nach wie vor als wesentlich anerkennt.<\/p>\n<p>Der Heilige Franziskus ist seit 1939 der <strong>Schutzpatron Italiens<\/strong>, als Pius XII. ihn zusammen mit der <a href=\"https:\/\/www.holyart.de\/blog\/devotionalien\/die-heilige-katharina-von-siena-schutzpatronin-von-italien\/\"><strong>Heiligen Katharina von Siena<\/strong><\/a> dazu ernannte. Aber dieser Titel blieb nie auf eine offizielle Formel beschr\u00e4nkt. Franziskus durchzieht die italienische Geschichte auf karstige Weise: in der Landschaft, in der Kunst, in der Sprache, in einer bestimmten Art, Armut, Sch\u00f6nheit und die Beziehung zur Sch\u00f6pfung zu verstehen. Den 4. Oktober als Nationalfeiertag anzuerkennen bedeutet, einer Verbindung, die de facto nie abgebrochen ist, eine zivile Form zu geben.<\/p>\n<div class=\"link-article\">\n<p><img loading=\"lazy\" decoding=\"async\" class=\"size-full wp-image-7876 alignleft\" src=\"https:\/\/blog.holyart.it\/de\/wp-content\/uploads\/sites\/12\/2026\/03\/Die-heilige-Katharina-von-Siena.jpg\" alt=\"Die heilige Katharina von Siena\" width=\"150\" height=\"99\" data-kale-share-title=\"Festtag des Heiligen Franziskus: 800-j\u00e4hriges Jubil\u00e4um und Anerkennung als Nationalfeiertag in Italien\" data-kale-share-url=\"https:\/\/blog.holyart.it\/de\/?p=7871\" \/><\/p>\n<div class=\"leggi-anche\">Lesen Sie auch:<\/div>\n<p><strong><a href=\"https:\/\/www.holyart.de\/blog\/devotionalien\/die-heilige-katharina-von-siena-schutzpatronin-von-italien\/\">Die heilige Katharina von Siena: Schutzpatronin von Italien<\/a><\/strong><br \/>\nDie heilige Katharina von Siena: von der Frau aus dem Volk zur Beraterin von P\u00e4psten&#8230;<\/p>\n<\/div>\n<p>Dieser Tag spricht <strong>Gl\u00e4ubige und Nichtgl\u00e4ubige gleicherma\u00dfen<\/strong> an. Frieden, Dialog, Aufmerksamkeit f\u00fcr die Schw\u00e4chsten, Respekt vor der Umwelt sind keine Begriffe einer einzigen Tradition, sondern m\u00f6gliche Ber\u00fchrungspunkte in einer fragmentierten, oft aggressiven Zeit. In diesem Sinne spaltet der Nationalfeiertag des Heiligen Franziskus nicht, sondern verbindet. Er verlangt keine ideologische Zugeh\u00f6rigkeit, sondern l\u00e4dt dazu ein, zumindest f\u00fcr einen Tag bei Werten zu verweilen, die nichts von ihrer Dringlichkeit verloren haben.<\/p>\n<p>F\u00fcr die franziskanischen Gemeinschaften bleibt der 4. Oktober nat\u00fcrlich das Herzst\u00fcck des Jahres. M\u00f6nche, Klarissen und Tertiarier erleben ihn als einen Moment tiefer Erneuerung, als R\u00fcckkehr zu den Urspr\u00fcngen. Aber Franziskus geh\u00f6rt nicht nur der Kirche. Er ist eine Figur, die zu verschiedenen Welten, zu weit voneinander entfernten Sensibilit\u00e4ten gesprochen hat und weiterhin spricht. Von Giotto bis Dante, von Dostojewski bis Gandhi hat sein Wirken \u00fcberall Spuren hinterlassen, wo jemand bereit war, sich nach dem letzten Sinn der Dinge zu fragen.<\/p>\n<p>Dieses Fest erinnert auch an eine <strong>Verantwortung<\/strong>. Italien bewahrt die franziskanischen St\u00e4tten: nat\u00fcrlich Assisi mit seinen Basiliken und Fresken, aber auch eine Vielzahl von Einsiedeleien, Kl\u00f6stern und Kirchen, die \u00fcber die gesamte Halbinsel verstreut sind. Orte, die nicht nur k\u00fcnstlerisches Erbe sind, sondern lebendige R\u00e4ume, die auch heute noch von Stille, Wesentlichkeit und Frieden erz\u00e4hlen. Sie zu feiern bedeutet, sie nicht in unbewegliche Relikte zu verwandeln, sondern sie begehbar zu halten.<\/p>\n<h2>Feierlichkeiten und Initiativen<\/h2>\n<p>Der 800. Todestag des Heiligen Franziskus, verbunden mit der Wiedereinf\u00fchrung des 4. Oktober als Nationalfeiertag, hat eine breite, weit verbreitete Bewegung ausgel\u00f6st. Ein dichter Kalender mit Feierlichkeiten und Initiativen, der nicht nur Assisi betrifft, sondern das ganze Land umfasst, als h\u00e4tte Italien das Bed\u00fcrfnis versp\u00fcrt, sich gemeinsam erneut mit der Figur des Arme von Assisi auseinanderzusetzen. Das Kulturministerium hat diesen Weg begleitet und dem Ereignis ein spezielles Portal gewidmet, das nicht nur als einfacher Informationsspeicher gedacht ist, sondern als Raum der Verbindung zwischen kulturellen, k\u00fcnstlerischen und spirituellen Projekten, die sich auch an die neuen Generationen richten.<\/p>\n<p>Die <strong>Feierlichkeiten betreffen verschiedene Bereiche<\/strong>, denn Franziskus hat im Laufe der Jahrhunderte auf unterschiedliche Weise zu den Menschen gesprochen. Es gibt Ausstellungen, die von seinem Leben inspirierte Werke zeigen, Konzerte, die sakrale und zeitgen\u00f6ssische Musik miteinander verbinden, Begegnungen und Seminare, die sich mit der Geschichte und Theologie seines Denkens befassen. Vor allem aber gibt es die <strong>Pilgerwege<\/strong>: franziskanische Routen, auf denen man die Orte, die der Heilige durchwandert hat, nachverfolgen und die Landschaft mit dem langsamen Schritt eines Suchenden erkunden kann. Umbrien bleibt das Herz dieser Bewegung, wobei Assisi bereit ist, Pilger aus aller Welt zu den feierlichen Feierlichkeiten zu empfangen.<\/p>\n<div class=\"link-product\">\n<div class=\"blocco-immagine\"><img loading=\"lazy\" decoding=\"async\" class=\"size-full wp-image-7885 alignleft\" src=\"https:\/\/blog.holyart.it\/de\/wp-content\/uploads\/sites\/12\/2026\/03\/ring-san-francesco-tau-aus-rhodiniertem-925er-silber.jpg\" alt=\"Ring San Francesco Tau aus rhodiniertem 925er Silber\" width=\"100\" height=\"100\" data-kale-share-title=\"Festtag des Heiligen Franziskus: 800-j\u00e4hriges Jubil\u00e4um und Anerkennung als Nationalfeiertag in Italien\" data-kale-share-url=\"https:\/\/blog.holyart.it\/de\/?p=7871\" \/><\/div>\n<div class=\"blocco-contenuto\">\n<div class=\"blocco-acquista\">Einkaufen:<\/div>\n<div class=\"blocco-titolo\"><a href=\"https:\/\/www.holyart.de\/schmuck\/religiose-ringe\/ringe-mit-kreuzsymbol\/ring-san-francesco-tau-aus-rhodiniertem-925er-silber\">Ring San Francesco Tau aus rhodiniertem 925er Silber<\/a><\/div>\n<div class=\"blocco-descrizione\">Hergestellt in Italien, mit einem einstellbaren Durchmesser von 16-20 mm.<\/div>\n<\/div>\n<\/div>\n<p>In diesem Jahr jedoch ist der Kalender von einer seltenen Intensit\u00e4t gepr\u00e4gt. Zum ersten Mal in der Geschichte <strong>werden die sterblichen \u00dcberreste von Franziskus zur Verehrung f\u00fcr alle zug\u00e4nglich sein, die sich ihm n\u00e4hern m\u00f6chten<\/strong>. Vom <strong>22. Februar bis zum 22. M\u00e4rz 2026<\/strong> wird sein Leichnam, der aus der Krypta in die Basilika von Assisi \u00fcberf\u00fchrt und zu F\u00fc\u00dfen des Altars aufgebahrt wird, f\u00fcr alle sichtbar sein, f\u00fcr Pilger und Wanderer, Familien und Fremde, die von weit her gekommen sind, in einer einzigen, einfachen Geste der Begegnung. Es ist eine Einladung, die \u00fcber die formale Fr\u00f6mmigkeit hinausgeht: Sie l\u00e4sst uns vor einer konkreten Realit\u00e4t innehalten, vor einem Leben, das sich zwischen Staub auf den Stra\u00dfen und Bitten um Mitgef\u00fchl verbraucht hat und das weiterhin von Frieden, Br\u00fcderlichkeit und F\u00fcrsorge f\u00fcr den anderen spricht, als w\u00e4re es ein lebendiges Wort.<\/p>\n<p>Unter den ausgestellten Reliquien befinden sich Zeugnisse von au\u00dfergew\u00f6hnlichem symbolischem und historischem Wert: die geflickte Kutte, gezeichnet von Zeit und Gebrauch, Symbol einer nicht zur Schau gestellten, sondern bis zum \u00c4u\u00dfersten gelebten Armut; die eigenh\u00e4ndigen Briefe, die eine zugleich zerbrechliche und leidenschaftliche Stimme wiedergeben; kleine, scheinbar unbedeutende Alltagsgegenst\u00e4nde, die pl\u00f6tzlich voller Bedeutung sind. Jedes Relikt erz\u00e4hlt eine Geschichte, jedes Fragment \u00f6ffnet ein Fenster zu jener mittelalterlichen Welt, in der ein junger Mann aus Assisi beschloss, alles aufzugeben, um Christus ohne Kompromisse zu folgen.<\/p>\n<div class=\"link-product\">\n<div class=\"blocco-immagine\"><img loading=\"lazy\" decoding=\"async\" class=\"size-full wp-image-7886 alignleft\" src=\"https:\/\/blog.holyart.it\/de\/wp-content\/uploads\/sites\/12\/2026\/03\/druckbild-auf-holz-franz-von-assisi.jpg\" alt=\"Druckbild auf Holz Franz von Assisi\" width=\"100\" height=\"100\" data-kale-share-title=\"Festtag des Heiligen Franziskus: 800-j\u00e4hriges Jubil\u00e4um und Anerkennung als Nationalfeiertag in Italien\" data-kale-share-url=\"https:\/\/blog.holyart.it\/de\/?p=7871\" \/><\/div>\n<div class=\"blocco-contenuto\">\n<div class=\"blocco-acquista\">Einkaufen:<\/div>\n<div class=\"blocco-titolo\"><a href=\"https:\/\/www.holyart.de\/devotionalien\/poster-und-bilder\/druckbild-auf-holz-franz-von-assisi\">Druckbild auf Holz Franz von Assisi<\/a><\/div>\n<div class=\"blocco-descrizione\">Druckbild auf Holz Franz von Assisi, mit Dimensionen 14 x 10 cm.<\/div>\n<\/div>\n<\/div>\n","protected":false},"excerpt":{"rendered":"<p>Im Jahr 2026 f\u00e4llt der Festtag des Heiligen Franziskus mit dem 800-j\u00e4hrigen Jubil\u00e4um des Heiligen von Assisi zusammen. Zu diesem Anlass wird er wieder als italienischer Nationalfeiertag anerkannt. Der 4. Oktober ist in Italien kein gew\u00f6hnliches Datum. Es ist ein Tag, der aus dem gewohnten&hellip;<\/p>\n","protected":false},"author":1,"featured_media":7887,"comment_status":"closed","ping_status":"open","sticky":false,"template":"","format":"standard","meta":{"_acf_changed":false,"footnotes":""},"categories":[9],"tags":[],"class_list":["post-7871","post","type-post","status-publish","format-standard","has-post-thumbnail","hentry","category-heilige-und-selige"],"acf":[],"yoast_head":"<!-- This site is optimized with the Yoast SEO plugin v26.6 - https:\/\/yoast.com\/wordpress\/plugins\/seo\/ -->\n<title>Festtag des Heiligen Franziskus: 800-j\u00e4hriges Jubil\u00e4um und Anerkennung als Nationalfeiertag in Italien - Holyart.de Blog<\/title>\n<meta name=\"description\" content=\"Der 4. Oktober 2026, Festtag des Heiligen Franziskus, wird wieder zum italienischen Nationalfeiertag und f\u00e4llt mit dem 800. Todestag des...\" \/>\n<meta name=\"robots\" content=\"index, follow, max-snippet:-1, max-image-preview:large, max-video-preview:-1\" \/>\n<link rel=\"canonical\" href=\"https:\/\/blog.holyart.it\/de\/heilige-und-selige\/festtag-des-heiligen-franziskus-800-jaehriges-jubilaeum-und-anerkennung-als-nationalfeiertag-in-italien\/\" \/>\n<meta property=\"og:locale\" content=\"de_DE\" \/>\n<meta property=\"og:type\" content=\"article\" \/>\n<meta property=\"og:title\" content=\"Festtag des Heiligen Franziskus: 800-j\u00e4hriges Jubil\u00e4um und Anerkennung als Nationalfeiertag in Italien - Holyart.de Blog\" \/>\n<meta property=\"og:description\" content=\"Der 4. Oktober 2026, Festtag des Heiligen Franziskus, wird wieder zum italienischen Nationalfeiertag und f\u00e4llt mit dem 800. Todestag des...\" \/>\n<meta property=\"og:url\" content=\"https:\/\/blog.holyart.it\/de\/heilige-und-selige\/festtag-des-heiligen-franziskus-800-jaehriges-jubilaeum-und-anerkennung-als-nationalfeiertag-in-italien\/\" \/>\n<meta property=\"og:site_name\" content=\"Holyart.de Blog\" \/>\n<meta property=\"article:published_time\" content=\"2026-04-01T08:00:30+00:00\" \/>\n<meta property=\"article:modified_time\" content=\"2026-04-28T13:05:15+00:00\" \/>\n<meta property=\"og:image\" content=\"https:\/\/blog.holyart.it\/de\/wp-content\/uploads\/sites\/12\/2026\/03\/Festtag-des-Heiligen-Franziskus.jpg\" \/>\n\t<meta property=\"og:image:width\" content=\"1000\" \/>\n\t<meta property=\"og:image:height\" content=\"666\" \/>\n\t<meta property=\"og:image:type\" content=\"image\/jpeg\" \/>\n<meta name=\"author\" content=\"Redazione\" \/>\n<meta name=\"twitter:card\" content=\"summary_large_image\" \/>\n<meta name=\"twitter:label1\" content=\"Verfasst von\" \/>\n\t<meta name=\"twitter:data1\" content=\"Redazione\" \/>\n\t<meta name=\"twitter:label2\" content=\"Gesch\u00e4tzte Lesezeit\" \/>\n\t<meta name=\"twitter:data2\" content=\"12\u00a0Minuten\" \/>\n<script type=\"application\/ld+json\" class=\"yoast-schema-graph\">{\"@context\":\"https:\/\/schema.org\",\"@graph\":[{\"@type\":\"Article\",\"@id\":\"https:\/\/blog.holyart.it\/de\/heilige-und-selige\/festtag-des-heiligen-franziskus-800-jaehriges-jubilaeum-und-anerkennung-als-nationalfeiertag-in-italien\/#article\",\"isPartOf\":{\"@id\":\"https:\/\/blog.holyart.it\/de\/heilige-und-selige\/festtag-des-heiligen-franziskus-800-jaehriges-jubilaeum-und-anerkennung-als-nationalfeiertag-in-italien\/\"},\"author\":{\"name\":\"Redazione\",\"@id\":\"https:\/\/blog.holyart.it\/de\/#\/schema\/person\/0a7b686e5af0f856ec1e390dd0baecda\"},\"headline\":\"Festtag des Heiligen Franziskus: 800-j\u00e4hriges Jubil\u00e4um und Anerkennung als Nationalfeiertag in Italien\",\"datePublished\":\"2026-04-01T08:00:30+00:00\",\"dateModified\":\"2026-04-28T13:05:15+00:00\",\"mainEntityOfPage\":{\"@id\":\"https:\/\/blog.holyart.it\/de\/heilige-und-selige\/festtag-des-heiligen-franziskus-800-jaehriges-jubilaeum-und-anerkennung-als-nationalfeiertag-in-italien\/\"},\"wordCount\":1881,\"publisher\":{\"@id\":\"https:\/\/blog.holyart.it\/de\/#organization\"},\"image\":{\"@id\":\"https:\/\/blog.holyart.it\/de\/heilige-und-selige\/festtag-des-heiligen-franziskus-800-jaehriges-jubilaeum-und-anerkennung-als-nationalfeiertag-in-italien\/#primaryimage\"},\"thumbnailUrl\":\"https:\/\/blog.holyart.it\/de\/wp-content\/uploads\/sites\/12\/2026\/03\/Festtag-des-Heiligen-Franziskus.jpg\",\"articleSection\":[\"Heilige und Selige\"],\"inLanguage\":\"de\"},{\"@type\":\"WebPage\",\"@id\":\"https:\/\/blog.holyart.it\/de\/heilige-und-selige\/festtag-des-heiligen-franziskus-800-jaehriges-jubilaeum-und-anerkennung-als-nationalfeiertag-in-italien\/\",\"url\":\"https:\/\/blog.holyart.it\/de\/heilige-und-selige\/festtag-des-heiligen-franziskus-800-jaehriges-jubilaeum-und-anerkennung-als-nationalfeiertag-in-italien\/\",\"name\":\"Festtag des Heiligen Franziskus: 800-j\u00e4hriges Jubil\u00e4um und Anerkennung als Nationalfeiertag in Italien - Holyart.de Blog\",\"isPartOf\":{\"@id\":\"https:\/\/blog.holyart.it\/de\/#website\"},\"primaryImageOfPage\":{\"@id\":\"https:\/\/blog.holyart.it\/de\/heilige-und-selige\/festtag-des-heiligen-franziskus-800-jaehriges-jubilaeum-und-anerkennung-als-nationalfeiertag-in-italien\/#primaryimage\"},\"image\":{\"@id\":\"https:\/\/blog.holyart.it\/de\/heilige-und-selige\/festtag-des-heiligen-franziskus-800-jaehriges-jubilaeum-und-anerkennung-als-nationalfeiertag-in-italien\/#primaryimage\"},\"thumbnailUrl\":\"https:\/\/blog.holyart.it\/de\/wp-content\/uploads\/sites\/12\/2026\/03\/Festtag-des-Heiligen-Franziskus.jpg\",\"datePublished\":\"2026-04-01T08:00:30+00:00\",\"dateModified\":\"2026-04-28T13:05:15+00:00\",\"description\":\"Der 4. Oktober 2026, Festtag des Heiligen Franziskus, wird wieder zum italienischen Nationalfeiertag und f\u00e4llt mit dem 800. Todestag des...\",\"breadcrumb\":{\"@id\":\"https:\/\/blog.holyart.it\/de\/heilige-und-selige\/festtag-des-heiligen-franziskus-800-jaehriges-jubilaeum-und-anerkennung-als-nationalfeiertag-in-italien\/#breadcrumb\"},\"inLanguage\":\"de\",\"potentialAction\":[{\"@type\":\"ReadAction\",\"target\":[\"https:\/\/blog.holyart.it\/de\/heilige-und-selige\/festtag-des-heiligen-franziskus-800-jaehriges-jubilaeum-und-anerkennung-als-nationalfeiertag-in-italien\/\"]}]},{\"@type\":\"ImageObject\",\"inLanguage\":\"de\",\"@id\":\"https:\/\/blog.holyart.it\/de\/heilige-und-selige\/festtag-des-heiligen-franziskus-800-jaehriges-jubilaeum-und-anerkennung-als-nationalfeiertag-in-italien\/#primaryimage\",\"url\":\"https:\/\/blog.holyart.it\/de\/wp-content\/uploads\/sites\/12\/2026\/03\/Festtag-des-Heiligen-Franziskus.jpg\",\"contentUrl\":\"https:\/\/blog.holyart.it\/de\/wp-content\/uploads\/sites\/12\/2026\/03\/Festtag-des-Heiligen-Franziskus.jpg\",\"width\":1000,\"height\":666,\"caption\":\"Festtag des Heiligen Franziskus\"},{\"@type\":\"BreadcrumbList\",\"@id\":\"https:\/\/blog.holyart.it\/de\/heilige-und-selige\/festtag-des-heiligen-franziskus-800-jaehriges-jubilaeum-und-anerkennung-als-nationalfeiertag-in-italien\/#breadcrumb\",\"itemListElement\":[{\"@type\":\"ListItem\",\"position\":1,\"name\":\"Homepage\",\"item\":\"https:\/\/blog.holyart.it\/de\/\"},{\"@type\":\"ListItem\",\"position\":2,\"name\":\"Heilige und Selige\",\"item\":\"https:\/\/blog.holyart.it\/de\/heilige-und-selige\/\"},{\"@type\":\"ListItem\",\"position\":3,\"name\":\"Festtag des Heiligen Franziskus: 800-j\u00e4hriges Jubil\u00e4um und Anerkennung als Nationalfeiertag in Italien\"}]},{\"@type\":\"WebSite\",\"@id\":\"https:\/\/blog.holyart.it\/de\/#website\",\"url\":\"https:\/\/blog.holyart.it\/de\/\",\"name\":\"Holyart.de Blog\",\"description\":\"Holyblog\",\"publisher\":{\"@id\":\"https:\/\/blog.holyart.it\/de\/#organization\"},\"potentialAction\":[{\"@type\":\"SearchAction\",\"target\":{\"@type\":\"EntryPoint\",\"urlTemplate\":\"https:\/\/blog.holyart.it\/de\/?s={search_term_string}\"},\"query-input\":{\"@type\":\"PropertyValueSpecification\",\"valueRequired\":true,\"valueName\":\"search_term_string\"}}],\"inLanguage\":\"de\"},{\"@type\":\"Organization\",\"@id\":\"https:\/\/blog.holyart.it\/de\/#organization\",\"name\":\"Holyart.de Blog\",\"url\":\"https:\/\/blog.holyart.it\/de\/\",\"logo\":{\"@type\":\"ImageObject\",\"inLanguage\":\"de\",\"@id\":\"https:\/\/blog.holyart.it\/de\/#\/schema\/logo\/image\/\",\"url\":\"https:\/\/blog.holyart.it\/de\/wp-content\/uploads\/sites\/12\/2022\/12\/Holyart_Blog_Logo.jpg\",\"contentUrl\":\"https:\/\/blog.holyart.it\/de\/wp-content\/uploads\/sites\/12\/2022\/12\/Holyart_Blog_Logo.jpg\",\"width\":300,\"height\":50,\"caption\":\"Holyart.de Blog\"},\"image\":{\"@id\":\"https:\/\/blog.holyart.it\/de\/#\/schema\/logo\/image\/\"}},{\"@type\":\"Person\",\"@id\":\"https:\/\/blog.holyart.it\/de\/#\/schema\/person\/0a7b686e5af0f856ec1e390dd0baecda\",\"name\":\"Redazione\",\"image\":{\"@type\":\"ImageObject\",\"inLanguage\":\"de\",\"@id\":\"https:\/\/blog.holyart.it\/de\/#\/schema\/person\/image\/\",\"url\":\"https:\/\/secure.gravatar.com\/avatar\/f477da817f43e50d0af36abecd33e3edf826c68299714bdc1057dff3b113f516?s=96&d=mm&r=g\",\"contentUrl\":\"https:\/\/secure.gravatar.com\/avatar\/f477da817f43e50d0af36abecd33e3edf826c68299714bdc1057dff3b113f516?s=96&d=mm&r=g\",\"caption\":\"Redazione\"}}]}<\/script>\n<!-- \/ Yoast SEO plugin. -->","yoast_head_json":{"title":"Festtag des Heiligen Franziskus: 800-j\u00e4hriges Jubil\u00e4um und Anerkennung als Nationalfeiertag in Italien - Holyart.de Blog","description":"Der 4. Oktober 2026, Festtag des Heiligen Franziskus, wird wieder zum italienischen Nationalfeiertag und f\u00e4llt mit dem 800. Todestag des...","robots":{"index":"index","follow":"follow","max-snippet":"max-snippet:-1","max-image-preview":"max-image-preview:large","max-video-preview":"max-video-preview:-1"},"canonical":"https:\/\/blog.holyart.it\/de\/heilige-und-selige\/festtag-des-heiligen-franziskus-800-jaehriges-jubilaeum-und-anerkennung-als-nationalfeiertag-in-italien\/","og_locale":"de_DE","og_type":"article","og_title":"Festtag des Heiligen Franziskus: 800-j\u00e4hriges Jubil\u00e4um und Anerkennung als Nationalfeiertag in Italien - Holyart.de Blog","og_description":"Der 4. Oktober 2026, Festtag des Heiligen Franziskus, wird wieder zum italienischen Nationalfeiertag und f\u00e4llt mit dem 800. Todestag des...","og_url":"https:\/\/blog.holyart.it\/de\/heilige-und-selige\/festtag-des-heiligen-franziskus-800-jaehriges-jubilaeum-und-anerkennung-als-nationalfeiertag-in-italien\/","og_site_name":"Holyart.de Blog","article_published_time":"2026-04-01T08:00:30+00:00","article_modified_time":"2026-04-28T13:05:15+00:00","og_image":[{"width":1000,"height":666,"url":"https:\/\/blog.holyart.it\/de\/wp-content\/uploads\/sites\/12\/2026\/03\/Festtag-des-Heiligen-Franziskus.jpg","type":"image\/jpeg"}],"author":"Redazione","twitter_card":"summary_large_image","twitter_misc":{"Verfasst von":"Redazione","Gesch\u00e4tzte Lesezeit":"12\u00a0Minuten"},"schema":{"@context":"https:\/\/schema.org","@graph":[{"@type":"Article","@id":"https:\/\/blog.holyart.it\/de\/heilige-und-selige\/festtag-des-heiligen-franziskus-800-jaehriges-jubilaeum-und-anerkennung-als-nationalfeiertag-in-italien\/#article","isPartOf":{"@id":"https:\/\/blog.holyart.it\/de\/heilige-und-selige\/festtag-des-heiligen-franziskus-800-jaehriges-jubilaeum-und-anerkennung-als-nationalfeiertag-in-italien\/"},"author":{"name":"Redazione","@id":"https:\/\/blog.holyart.it\/de\/#\/schema\/person\/0a7b686e5af0f856ec1e390dd0baecda"},"headline":"Festtag des Heiligen Franziskus: 800-j\u00e4hriges Jubil\u00e4um und Anerkennung als Nationalfeiertag in Italien","datePublished":"2026-04-01T08:00:30+00:00","dateModified":"2026-04-28T13:05:15+00:00","mainEntityOfPage":{"@id":"https:\/\/blog.holyart.it\/de\/heilige-und-selige\/festtag-des-heiligen-franziskus-800-jaehriges-jubilaeum-und-anerkennung-als-nationalfeiertag-in-italien\/"},"wordCount":1881,"publisher":{"@id":"https:\/\/blog.holyart.it\/de\/#organization"},"image":{"@id":"https:\/\/blog.holyart.it\/de\/heilige-und-selige\/festtag-des-heiligen-franziskus-800-jaehriges-jubilaeum-und-anerkennung-als-nationalfeiertag-in-italien\/#primaryimage"},"thumbnailUrl":"https:\/\/blog.holyart.it\/de\/wp-content\/uploads\/sites\/12\/2026\/03\/Festtag-des-Heiligen-Franziskus.jpg","articleSection":["Heilige und Selige"],"inLanguage":"de"},{"@type":"WebPage","@id":"https:\/\/blog.holyart.it\/de\/heilige-und-selige\/festtag-des-heiligen-franziskus-800-jaehriges-jubilaeum-und-anerkennung-als-nationalfeiertag-in-italien\/","url":"https:\/\/blog.holyart.it\/de\/heilige-und-selige\/festtag-des-heiligen-franziskus-800-jaehriges-jubilaeum-und-anerkennung-als-nationalfeiertag-in-italien\/","name":"Festtag des Heiligen Franziskus: 800-j\u00e4hriges Jubil\u00e4um und Anerkennung als Nationalfeiertag in Italien - Holyart.de Blog","isPartOf":{"@id":"https:\/\/blog.holyart.it\/de\/#website"},"primaryImageOfPage":{"@id":"https:\/\/blog.holyart.it\/de\/heilige-und-selige\/festtag-des-heiligen-franziskus-800-jaehriges-jubilaeum-und-anerkennung-als-nationalfeiertag-in-italien\/#primaryimage"},"image":{"@id":"https:\/\/blog.holyart.it\/de\/heilige-und-selige\/festtag-des-heiligen-franziskus-800-jaehriges-jubilaeum-und-anerkennung-als-nationalfeiertag-in-italien\/#primaryimage"},"thumbnailUrl":"https:\/\/blog.holyart.it\/de\/wp-content\/uploads\/sites\/12\/2026\/03\/Festtag-des-Heiligen-Franziskus.jpg","datePublished":"2026-04-01T08:00:30+00:00","dateModified":"2026-04-28T13:05:15+00:00","description":"Der 4. Oktober 2026, Festtag des Heiligen Franziskus, wird wieder zum italienischen Nationalfeiertag und f\u00e4llt mit dem 800. Todestag des...","breadcrumb":{"@id":"https:\/\/blog.holyart.it\/de\/heilige-und-selige\/festtag-des-heiligen-franziskus-800-jaehriges-jubilaeum-und-anerkennung-als-nationalfeiertag-in-italien\/#breadcrumb"},"inLanguage":"de","potentialAction":[{"@type":"ReadAction","target":["https:\/\/blog.holyart.it\/de\/heilige-und-selige\/festtag-des-heiligen-franziskus-800-jaehriges-jubilaeum-und-anerkennung-als-nationalfeiertag-in-italien\/"]}]},{"@type":"ImageObject","inLanguage":"de","@id":"https:\/\/blog.holyart.it\/de\/heilige-und-selige\/festtag-des-heiligen-franziskus-800-jaehriges-jubilaeum-und-anerkennung-als-nationalfeiertag-in-italien\/#primaryimage","url":"https:\/\/blog.holyart.it\/de\/wp-content\/uploads\/sites\/12\/2026\/03\/Festtag-des-Heiligen-Franziskus.jpg","contentUrl":"https:\/\/blog.holyart.it\/de\/wp-content\/uploads\/sites\/12\/2026\/03\/Festtag-des-Heiligen-Franziskus.jpg","width":1000,"height":666,"caption":"Festtag des Heiligen Franziskus"},{"@type":"BreadcrumbList","@id":"https:\/\/blog.holyart.it\/de\/heilige-und-selige\/festtag-des-heiligen-franziskus-800-jaehriges-jubilaeum-und-anerkennung-als-nationalfeiertag-in-italien\/#breadcrumb","itemListElement":[{"@type":"ListItem","position":1,"name":"Homepage","item":"https:\/\/blog.holyart.it\/de\/"},{"@type":"ListItem","position":2,"name":"Heilige und Selige","item":"https:\/\/blog.holyart.it\/de\/heilige-und-selige\/"},{"@type":"ListItem","position":3,"name":"Festtag des Heiligen Franziskus: 800-j\u00e4hriges Jubil\u00e4um und Anerkennung als Nationalfeiertag in Italien"}]},{"@type":"WebSite","@id":"https:\/\/blog.holyart.it\/de\/#website","url":"https:\/\/blog.holyart.it\/de\/","name":"Holyart.de Blog","description":"Holyblog","publisher":{"@id":"https:\/\/blog.holyart.it\/de\/#organization"},"potentialAction":[{"@type":"SearchAction","target":{"@type":"EntryPoint","urlTemplate":"https:\/\/blog.holyart.it\/de\/?s={search_term_string}"},"query-input":{"@type":"PropertyValueSpecification","valueRequired":true,"valueName":"search_term_string"}}],"inLanguage":"de"},{"@type":"Organization","@id":"https:\/\/blog.holyart.it\/de\/#organization","name":"Holyart.de Blog","url":"https:\/\/blog.holyart.it\/de\/","logo":{"@type":"ImageObject","inLanguage":"de","@id":"https:\/\/blog.holyart.it\/de\/#\/schema\/logo\/image\/","url":"https:\/\/blog.holyart.it\/de\/wp-content\/uploads\/sites\/12\/2022\/12\/Holyart_Blog_Logo.jpg","contentUrl":"https:\/\/blog.holyart.it\/de\/wp-content\/uploads\/sites\/12\/2022\/12\/Holyart_Blog_Logo.jpg","width":300,"height":50,"caption":"Holyart.de Blog"},"image":{"@id":"https:\/\/blog.holyart.it\/de\/#\/schema\/logo\/image\/"}},{"@type":"Person","@id":"https:\/\/blog.holyart.it\/de\/#\/schema\/person\/0a7b686e5af0f856ec1e390dd0baecda","name":"Redazione","image":{"@type":"ImageObject","inLanguage":"de","@id":"https:\/\/blog.holyart.it\/de\/#\/schema\/person\/image\/","url":"https:\/\/secure.gravatar.com\/avatar\/f477da817f43e50d0af36abecd33e3edf826c68299714bdc1057dff3b113f516?s=96&d=mm&r=g","contentUrl":"https:\/\/secure.gravatar.com\/avatar\/f477da817f43e50d0af36abecd33e3edf826c68299714bdc1057dff3b113f516?s=96&d=mm&r=g","caption":"Redazione"}}]}},"_links":{"self":[{"href":"https:\/\/blog.holyart.it\/de\/wp-json\/wp\/v2\/posts\/7871","targetHints":{"allow":["GET"]}}],"collection":[{"href":"https:\/\/blog.holyart.it\/de\/wp-json\/wp\/v2\/posts"}],"about":[{"href":"https:\/\/blog.holyart.it\/de\/wp-json\/wp\/v2\/types\/post"}],"author":[{"embeddable":true,"href":"https:\/\/blog.holyart.it\/de\/wp-json\/wp\/v2\/users\/1"}],"replies":[{"embeddable":true,"href":"https:\/\/blog.holyart.it\/de\/wp-json\/wp\/v2\/comments?post=7871"}],"version-history":[{"count":13,"href":"https:\/\/blog.holyart.it\/de\/wp-json\/wp\/v2\/posts\/7871\/revisions"}],"predecessor-version":[{"id":7893,"href":"https:\/\/blog.holyart.it\/de\/wp-json\/wp\/v2\/posts\/7871\/revisions\/7893"}],"wp:featuredmedia":[{"embeddable":true,"href":"https:\/\/blog.holyart.it\/de\/wp-json\/wp\/v2\/media\/7887"}],"wp:attachment":[{"href":"https:\/\/blog.holyart.it\/de\/wp-json\/wp\/v2\/media?parent=7871"}],"wp:term":[{"taxonomy":"category","embeddable":true,"href":"https:\/\/blog.holyart.it\/de\/wp-json\/wp\/v2\/categories?post=7871"},{"taxonomy":"post_tag","embeddable":true,"href":"https:\/\/blog.holyart.it\/de\/wp-json\/wp\/v2\/tags?post=7871"}],"curies":[{"name":"wp","href":"https:\/\/api.w.org\/{rel}","templated":true}]}}