{"id":7842,"date":"2026-03-25T10:00:46","date_gmt":"2026-03-25T09:00:46","guid":{"rendered":"https:\/\/blog.holyart.it\/de\/?p=7842"},"modified":"2026-04-28T15:00:44","modified_gmt":"2026-04-28T13:00:44","slug":"die-zeremonien-der-karwoche","status":"publish","type":"post","link":"https:\/\/blog.holyart.it\/de\/ostern\/die-zeremonien-der-karwoche\/","title":{"rendered":"Die Zeremonien der Karwoche"},"content":{"rendered":"<h4>Ostern ist das wichtigste Fest der Christen und wird \u00fcberall auf der Welt gefeiert. Die Rituale, die es kennzeichnen, sind \u00fcber die so genannte Karwoche verteilt. Sehen wir uns an, was Tag f\u00fcr Tag geschieht.<\/h4>\n<p>Die Karwoche ist der siebent\u00e4gige Zeitraum vom <a href=\"https:\/\/www.holyart.de\/blog\/devotionalien\/der-ursprung-von-ostern\/\"><strong>Palmsonntag<\/strong><\/a>, dem Tag, an dem die Ankunft Jesu in Jerusalem gefeiert wird, bis zum <strong>Karsamstag<\/strong> und <strong>Ostersonntag<\/strong>, an denen die Auferstehung Jesu Christi gefeiert wird. Es liegt auf der Hand, warum diese sieben Tage f\u00fcr jeden Christen so wichtig sind. Der Tod und die Auferstehung Jesu sind der H\u00f6hepunkt des Kirchenjahres, der st\u00e4rkste und bedeutendste Moment in geistlicher Hinsicht und f\u00fcr den Glaubensweg eines jeden Gl\u00e4ubigen. In seinem Tod und vor allem in seiner Auferstehung beweist Jesus seine G\u00f6ttlichkeit und weist durch sein Leiden den Weg zur Hoffnung auf Erl\u00f6sung und ewiges Leben. Es ist nicht verwunderlich, dass die Feierlichkeiten im Zusammenhang mit diesem Ereignis so ausf\u00fchrlich und langwierig sind und dass sie in allen christlichen Glaubensbekenntnissen unterschiedliche, aber gleicherma\u00dfen feierliche und bedeutsame Z\u00fcge annehmen.<\/p>\n<div class=\"link-article\">\n<p><img loading=\"lazy\" decoding=\"async\" class=\"size-full wp-image-7844 alignleft\" src=\"https:\/\/blog.holyart.it\/de\/wp-content\/uploads\/sites\/12\/2026\/03\/Der-Ursprung-von-Ostern.jpg\" alt=\"Der Ursprung von Ostern\" width=\"150\" height=\"99\" data-kale-share-title=\"Die Zeremonien der Karwoche\" data-kale-share-url=\"https:\/\/blog.holyart.it\/de\/?p=7842\" \/><\/p>\n<div class=\"leggi-anche\">Lesen Sie auch:<\/div>\n<p><strong><a href=\"https:\/\/www.holyart.de\/blog\/devotionalien\/geben-sie-ihrem-glauben-mit-gebetsringen-eine-stimme\/\">Der Ursprung von Ostern<\/a><\/strong><br \/>\nBeten ist ein Moment der absoluten Intimit\u00e4t den jeder Gl\u00e4ubige auf einem einzigartigen und pers\u00f6nlichen Weg erf\u00e4hrt.<\/p>\n<\/div>\n<p>Es ist auch nicht verwunderlich, dass es notwendig ist, sich einer langen Periode der Bu\u00dfe und der Entbehrung zu unterziehen, um diesen Moment der Feierlichkeit und der geistlichen Erhebung zu erreichen, n\u00e4mlich die<a href=\"https:\/\/www.holyart.de\/blog\/devotionalien\/fastengeluebde-5-ideen-fuer-kleine-verzichte-die-man-tun-kann\/\"><strong> vierzig Tage der Fastenzeit<\/strong><\/a>, die mit dem <strong>Aschermittwoch<\/strong> beginnen und mit dem Donnerstag der Karwoche enden.<\/p>\n<p>Es ist nicht einfach, alle feierlichen Riten zusammenzutragen, die in der christlichen Welt an diesen besonderen Tagen gefeiert werden. Wir werden versuchen, die verschiedenen Schritte dieses Weges des Glaubens und der Hoffnung, des Leidens und der S\u00fchne nachzuvollziehen.<\/p>\n<p>Ostern ist ein bewegliches Fest, so dass kein genaues Anfangs- und Enddatum festgelegt werden kann. Es folgt dem Mondzyklus und wird jedes Jahr am Sonntag nach dem ersten Vollmond im Fr\u00fchling gefeiert<\/p>\n<h2>Karwoche<\/h2>\n<h3>Palmsonntag<\/h3>\n<p>Der <strong>Palmsonntag<\/strong> geht dem Osterfest voraus und markiert den Beginn der Karwoche. Er erinnert an den <a href=\"https:\/\/www.holyart.de\/besondere-anlasse\/passionskrippe\/einzug-jesu-in-jerusalem-fur-9-cm-krippe\"><strong>triumphalen Einzug Jesu in Jerusalem<\/strong><\/a>, als er von den jubelnden B\u00fcrgern als Messias begr\u00fc\u00dft wurde, die ihm mit den Worten zujubelten: \u201e<em>Hosianna dem Sohn Davids! Gesegnet sei der, der im Namen des Herrn kommt. Hosianna in der H\u00f6he<\/em>\u201c. (Mt 21,9). F\u00fcr die Juden war die <strong>Palme<\/strong> eine der vier Pflanzen, die bei der Prozession zum Fest <em>Sukkot<\/em>, dem Wallfahrtsfest, mitgef\u00fchrt wurden. Es erinnert an die Reise des Volkes Israel in das Gelobte Land und insbesondere an die Zeit, die es in der W\u00fcste verbrachte, wo es in H\u00fctten, den <em>Sukot<\/em>, lebte. W\u00e4hrend des Festes wurden ein Palmzweig (<em>Lulav<\/em>), ein Zedernzweig (<em>Etrog<\/em>), drei <em>Myrtenzweige<\/em> und zwei <em>Weidenzweige<\/em> verwendet. So symbolisierte die Palme Gl\u00fcck und Triumph, Wohlstand und Reichtum, wie es auch die Griechen und R\u00f6mer taten.<\/p>\n<div class=\"link-product\">\n<div class=\"blocco-immagine\"><img loading=\"lazy\" decoding=\"async\" class=\"size-full wp-image-7845 alignleft\" src=\"https:\/\/blog.holyart.it\/de\/wp-content\/uploads\/sites\/12\/2026\/03\/Einzug-Jesu-in-Jerusalem-fuer-9-cm-Krippe-.jpg\" alt=\"Einzug Jesu in Jerusalem, f\u00fcr 9 cm Krippe \" width=\"100\" height=\"100\" data-kale-share-title=\"Die Zeremonien der Karwoche\" data-kale-share-url=\"https:\/\/blog.holyart.it\/de\/?p=7842\" \/><\/div>\n<div class=\"blocco-contenuto\">\n<div class=\"blocco-acquista\">Einkaufen:<\/div>\n<div class=\"blocco-titolo\"><a href=\"https:\/\/www.holyart.de\/besondere-anlasse\/passionskrippe\/einzug-jesu-in-jerusalem-fur-9-cm-krippe\">Einzug Jesu in Jerusalem, f\u00fcr 9 cm Krippe <\/a><\/div>\n<div class=\"blocco-descrizione\">Die Szene zeigt, Jesus auf dem R\u00fccken eines Esels beim Einzug nach Jerusalem und einen Hirten.<\/div>\n<\/div>\n<\/div>\n<p>Der Palmsonntag ist auch als Sonntag <em>De Passione Domini<\/em> (der Passion des Herrn) bekannt, denn obwohl es sich um einen Festtag handelt, ist er der erste der Ereignisse, die zu den Qualen und der Kreuzigung Jesu f\u00fchren. Im r\u00f6mischen Ritus ist der Palmsonntag noch Teil der Fastenzeit, w\u00e4hrend er in der au\u00dferordentlichen Form am vorhergehenden Sonntag endet.<\/p>\n<h3>Montag<\/h3>\n<p>Die drei Tage nach dem Palmsonntag erinnern an einige Fakten aus dem Leben Jesu in Jerusalem und insbesondere an den <strong>Verrat durch Judas<\/strong>. An jedem Tag wird eines der ersten drei Lieder des Gottesknechts aus dem Buch des Propheten Jesaja als erste Lesung der Messe gelesen. Die Lesung aus dem Evangelium hingegen berichtet von den letzten Tagen Jesu vor seiner Verhaftung.<\/p>\n<p>Der Montag ist der Tag der <strong>Freundschaft<\/strong>, ein wichtiges Gef\u00fchl f\u00fcr Jesus, der es liebte, sich mit guten Freunden zu umgeben und Zeit mit ihnen zu verbringen. An diesem Tag werden wir daran erinnert, wie er nach Bethanien ging, um drei gute Freunde zu besuchen: Martha, Maria und Lazarus. \u201e<em>Sechs Tage vor Ostern ging Jesus nach Bethanien, wo Lazarus war, den er von den Toten auferweckt hatte. Und dort bereiteten sie ein Mahl f\u00fcr ihn vor: Martha bediente, und Lazarus war einer der Tischg\u00e4ste. Da nahm Maria dreihundert Gramm reines, sehr kostbares Narden\u00f6l und besprengte damit die F\u00fc\u00dfe Jesu und trocknete sie mit ihren Haaren; und das ganze Haus war erf\u00fcllt von dem Duft dieses \u00d6ls.<\/em>\u201c (Joh 12,1-11)<\/p>\n<h3>Dienstag<\/h3>\n<p>Am Dienstag wird Jesus der <strong>Verrat erst richtig bewusst<\/strong>. In der Lesung des Evangeliums in der Liturgie hei\u00dft es: \u201e<em>Zu jener Zeit, [als er mit seinen J\u00fcngern zu Tisch sa\u00df,] war Jesus zutiefst beunruhigt und erkl\u00e4rte: \u201aWahrlich, wahrlich, ich sage euch: Einer von euch wird mich verraten. Die J\u00fcnger sahen einander an und wussten nicht recht, von wem er sprach. Nun sa\u00df einer der J\u00fcnger, den Jesus liebte, neben Jesus am Tisch. Simon Petrus winkte ihm zu, um sich zu erkundigen, von wem er spreche. Und er beugte sich \u00fcber Jesu Brust und sagte zu ihm: \u201aHerr, wer ist das?\u2018 Jesus antwortete: \u201aEr ist es, f\u00fcr den ich den Bissen eintauchen und ihm geben werde.\u2018 Und als er den Bissen eingetaucht hatte, nahm er ihn und gab ihn Judas, dem Sohn des Simon Iskariot.<\/em>\u201c (Joh 13,21-25)<\/p>\n<h3>Mittwoch<\/h3>\n<p>Der Mittwoch der Karwoche erinnert an <strong>den eigentlichen Verrat von Judas<\/strong>, der zu den Priestern ging, um Jesus zu verkaufen. \u201e<em>Da ging einer von den Zw\u00f6lfen, der hie\u00df Judas Iskariot, zu den Hohenpriestern und sprach: \u201aWie viel wollt ihr mir geben, dass ich ihn euch \u00fcbergebe?\u2018 Und sie setzten ihm drei\u00dfig Silberm\u00fcnzen. Von da an suchte er nach einer g\u00fcnstigen Gelegenheit, ihn auszuliefern<\/em>.\u201c (Matth\u00e4us 26:14-16)<\/p>\n<h3>Gr\u00fcndonnerstag<\/h3>\n<p>Es ist der letzte Tag der Fastenzeit, aber auch der erste des so genannten <strong>\u00f6sterlichen Triduums<\/strong>, das mit der <strong>Messe in Cena Domini<\/strong> am Gr\u00fcndonnerstag beginnt und mit dem Ostersonntag endet. Diese drei Tage stellen die zentrale Zeit des liturgischen Jahres dar und feiern das Ostergeheimnis Jesu Christi: <strong>die Einsetzung der Eucharistie<\/strong>, die <strong>Passion, den Tod, den Abstieg in die H\u00f6lle und die Auferstehung<\/strong>.<\/p>\n<p>Der <strong>Morgen<\/strong> des Gr\u00fcndonnerstags ist der Weihe der heiligen \u00d6le gewidmet, mit denen die Sakramente gespendet werden, und die Priester erneuern ihr Versprechen, das sie am Tag der Priesterweihe gegeben haben.<\/p>\n<p>Am <strong>Abend<\/strong> wird die <strong>Messe in Cena Domini<\/strong> gefeiert, die an <a href=\"https:\/\/www.holyart.de\/devotionalien\/statuen\/statuen-aus-resin-und-pvc\/statue-aus-harz-das-letzte-abendmahl-15x30x10-cm\"><strong>das letzte Abendmahl Jesu<\/strong><\/a> und damit an die <strong>Einsetzung der Eucharistie<\/strong> erinnert. Dies ist eine wichtige Zeremonie, denn dabei werden auch die Hostien gesegnet, die am n\u00e4chsten Tag ausgeteilt werden sollen. Mit dem Abendmahl wird das Ende der Fastenzeit und der Beginn des \u00f6sterlichen Triduums eingel\u00e4utet.<\/p>\n<div class=\"link-product\">\n<div class=\"blocco-immagine\"><img loading=\"lazy\" decoding=\"async\" class=\"size-full wp-image-7846 alignleft\" src=\"https:\/\/blog.holyart.it\/de\/wp-content\/uploads\/sites\/12\/2026\/03\/statue-aus-harz-das-letzte-abendmahl-15x30x10-cm.jpg\" alt=\"statue aus harz des letzte\" width=\"100\" height=\"100\" data-kale-share-title=\"Die Zeremonien der Karwoche\" data-kale-share-url=\"https:\/\/blog.holyart.it\/de\/?p=7842\" \/><\/div>\n<div class=\"blocco-contenuto\">\n<div class=\"blocco-acquista\">Einkaufen:<\/div>\n<div class=\"blocco-titolo\"><a href=\"https:\/\/www.holyart.de\/devotionalien\/statuen\/statuen-aus-resin-und-pvc\/statue-aus-harz-das-letzte-abendmahl-15x30x10-cm\">Statue aus Harz Das letzte Abendmahl, 15x30x10 cm <\/a><\/div>\n<div class=\"blocco-descrizione\">Diese Statue stellt das letzte Abendmahl mit den Aposteln am gedeckten Tisch dar.<\/div>\n<\/div>\n<\/div>\n<p>Am Gr\u00fcndonnerstag wird auch die Einsetzung des Amtspriestertums und das <strong>Gebot der N\u00e4chstenliebe<\/strong> gefeiert. Jesus <strong><a href=\"https:\/\/www.holyart.de\/besondere-anlasse\/passionskrippe\/fusswaschung-jesu-fur-9-cm-krippe\">w\u00e4scht seinen J\u00fcngern die F\u00fc\u00dfe<\/a> <\/strong>als die h\u00f6chste Form der Liebe. \u201e<em>Vor dem Osterfest hat Jesus, da er wusste, dass seine Stunde gekommen war, um von dieser Welt zum Vater zu gehen, die Seinen, die in der Welt waren, geliebt bis ans Ende. W\u00e4hrend des Abendmahls, als der Teufel schon Judas, dem Sohn des Simon Iskariot, ins Herz gegeben hatte, ihn zu verraten, stand Jesus, der wusste, dass der Vater ihm alles in die H\u00e4nde gegeben hatte und dass er von Gott gekommen war und zu Gott zur\u00fcckkehrte, vom Tisch auf, legte seine Kleider ab, nahm ein Tuch und wickelte es um seine H\u00fcfte. Dann goss er Wasser in das Becken und begann, den J\u00fcngern die F\u00fc\u00dfe zu waschen und sie mit dem Tuch, mit dem er sich umg\u00fcrtet hatte, abzutrocknen.<\/em>\u201c (Joh 13,1-5)<\/p>\n<p>Auch am Gr\u00fcndonnerstag feiern wir die <strong>\u00dcbergabe des neuen Gebots<\/strong> Jesu, des Gebots der Liebe. \u201e<em>Ich gebe euch ein neues Gebot: Ihr sollt einander lieben, wie ich euch geliebt habe, so sollt auch ihr einander lieben. Daran werden alle erkennen, dass ihr meine J\u00fcnger seid, wenn ihr euch untereinander liebt<\/em>.\u201c (Joh 13,34)<\/p>\n<p>Am Gr\u00fcndonnerstag schlie\u00dflich <strong>wird das <a href=\"https:\/\/www.holyart.de\/kirchenbedarf\/kirchenausstattung\/altarkreuze-und-altarleuchter?page=1\">Kreuz auf dem Hochaltar<\/a> mit einem wei\u00dfen Schleier bedeckt<\/strong> und bleibt bis zum n\u00e4chsten Tag verh\u00fcllt. Dies ist Teil der <strong>Velatio<\/strong>, der Verh\u00fcllung der Kreuze und heiligen Bilder, die der Verehrung der Gl\u00e4ubigen ausgesetzt sind, mit Ausnahme der Kreuzwegstationen. \u201e<em>Nach der Messe und vor der Vesper werden die Kreuze und Bilder in der Kirche mit violetten Schleiern bedeckt; die Kreuze bleiben bis zum Ende der Kreuzverehrung durch den Zelebranten am Karfreitag bedeckt, die Bilder bis zur Intonation des Gloria in der Osternacht<\/em>\u201c, hei\u00dft es im tridentinischen Messbuch, einer Frucht des Konzils von Trient. Dar\u00fcber hinaus wird die Liturgie von Momenten der <strong>feierlichen Stille<\/strong> begleitet.<\/p>\n<h3>Karfreitag<\/h3>\n<p>Der Karfreitag geht dem Ostersonntag voraus und erinnert an die <strong>Passion Jesu, <a href=\"https:\/\/www.holyart.de\/devotionalien\/kruzifixe-und-kreuze\/kruzifixe-und-kreuze-aus-stein\/lourdes-elfenbeinfarbenes-kruzifix-aus-bethleem-stein-25-x-15-cm\">seine Kreuzigung<\/a> und seinen Tod<\/strong>. An diesem Tag ist f\u00fcr Gl\u00e4ubige ab 14 Jahren <strong>Fleischabstinenz<\/strong> und f\u00fcr Gl\u00e4ubige zwischen 18 und 60 Jahren <strong>Enthaltsamkeit<\/strong> und <strong>kirchliches Fasten<\/strong> vorgesehen. Es ist der letzte Akt der Bu\u00dfe, mit dem sich die Gl\u00e4ubigen auf die Wiederkunft Christi und die Befreiung vom Tod vorbereiten.<\/p>\n<div class=\"link-product\">\n<div class=\"blocco-immagine\"><img loading=\"lazy\" decoding=\"async\" class=\"size-full wp-image-7847 alignleft\" src=\"https:\/\/blog.holyart.it\/de\/wp-content\/uploads\/sites\/12\/2026\/03\/lourdes-elfenbeinfarbenes-kruzifix-aus-bethleem-stein-25-x-15-cm.jpg\" alt=\"elfenbeinfarbenes\" width=\"100\" height=\"100\" data-kale-share-title=\"Die Zeremonien der Karwoche\" data-kale-share-url=\"https:\/\/blog.holyart.it\/de\/?p=7842\" \/><\/div>\n<div class=\"blocco-contenuto\">\n<div class=\"blocco-acquista\">Einkaufen:<\/div>\n<div class=\"blocco-titolo\"><a href=\"https:\/\/www.holyart.de\/devotionalien\/kruzifixe-und-kreuze\/kruzifixe-und-kreuze-aus-stein\/lourdes-elfenbeinfarbenes-kruzifix-aus-bethleem-stein-25-x-15-cm\">Lourdes elfenbeinfarbenes Kruzifix aus Bethl\u00e9em-Stein, 25 x 15 cm<\/a><\/div>\n<div class=\"blocco-descrizione\">Lourdes elfenbeinfarbenes Kruzifix aus Stein. Kruzifix aus elfenbeinfarbenem Stein mit dem Christusk\u0151rper in der Mitte.<\/div>\n<\/div>\n<\/div>\n<p>Am Karfreitag <strong>wird die Eucharistie nicht gefeiert<\/strong>. Die dargebrachten Hostien wurden bereits am Vortag, am Gr\u00fcndonnerstag, konsekriert.<\/p>\n<p>Die Karfreitagsliturgie feiert die <strong>Passion des Herrn<\/strong> und wird als Feier \u201e<strong>in Passione Domini<\/strong>\u201c bezeichnet. Fr\u00fcher wurde die Karfreitagsliturgie um 15 Uhr gefeiert, dem Zeitpunkt, an dem Jesus nach den Evangelien gestorben ist. Heute wird sie am Nachmittag gefeiert, zu einer Zeit, die f\u00fcr die Teilnahme der Gl\u00e4ubigen besser geeignet ist.<\/p>\n<p>Die Liturgie in Passione Domini besteht aus drei Teilen:<\/p>\n<ul>\n<li>Wortgottesdienst, bestehend aus zahlreichen Lesungen und dem feierlichen allgemeinen Gebet;<\/li>\n<li>Anbetung des Heiligen Kreuzes auf dem Hochaltar, der von dem Schleier befreit wird, mit dem er am Vortag bedeckt war;<\/li>\n<li>die Kommunion mit den vorgeweihten Hostien (die am Vorabend geweihten Hostien).<\/li>\n<\/ul>\n<p>In der Regel schlie\u00dfen sich an die Karfreitagsliturgie der <strong>Kreuzweg<\/strong>, Prozessionen mit Prozessionsfiguren oder andere Andachtsakte an.<\/p>\n<h3>Karsamstag<\/h3>\n<p>Am Karsamstag wird der Tag gefeiert, an dem Jesus in die <strong>H\u00f6lle<\/strong> hinabstieg. Dieser Abstieg umfasste die <strong>G\u00f6ttlichkeit<\/strong> Christi und seine <strong>menschliche Seele<\/strong>, w\u00e4hrend sein K\u00f6rper im Grab blieb und durch die g\u00f6ttliche Gnade vor dem Verfall gesch\u00fctzt wurde. W\u00e4hrend seines Aufenthalts in der Unterwelt triumphierte Jesus \u00fcber den Teufel und befreite die Seelen der Gerechten, um sie ins Paradies zu holen. Erst wenn seine Mission erf\u00fcllt ist, vereinigen sich Seele und G\u00f6ttlichkeit wieder mit dem unversehrten K\u00f6rper. Dies ist der Augenblick der <a href=\"https:\/\/www.holyart.de\/besondere-anlasse\/ostern-und-fastenzeit\/auferstandener-christus-und-priesterkonig?page=1\"><strong>Auferstehung<\/strong><\/a>.<\/p>\n<p>Der zweite liturgische Tag des \u00f6sterlichen Triduums ist ein Tag, der der Besinnung und dem Gebet gewidmet ist. Alle Gl\u00e4ubigen warten auf die Auferstehung, die w\u00e4hrend der <strong>Osternacht<\/strong>, die bei Sonnenuntergang beginnt, verk\u00fcndet wird.<\/p>\n<p>\u201e<em>Heute herrscht auf der Erde eine gro\u00dfe Stille, eine gro\u00dfe Stille und Einsamkeit. Gro\u00dfe Stille, weil der K\u00f6nig schl\u00e4ft: Die Erde ist fassungslos und still, weil der fleischgewordene Gott eingeschlafen ist und diejenigen geweckt hat, die seit Jahrhunderten geschlafen haben. Gott starb im Fleisch und kam herab, um das Reich der Unterwelt zu ersch\u00fcttern\u201c.<\/em> (aus einer alten Homilie zum Karsamstag).<\/p>\n<p>Am Karsamstag wird keine Messe gefeiert, der Altar bleibt kahl, um <strong>die Abwesenheit Christi<\/strong> zu symbolisieren, sein momentanes Anderswo-Sein. Die Eucharistie wird nur an der Schwelle des Todes gew\u00e4hrt. Die Sakramente werden ausgesetzt.<\/p>\n<p>Kirchliches Fasten und Fleischabstinenz werden empfohlen, sind aber nicht vorgeschrieben.<\/p>\n<p>Nach Sonnenuntergang beginnt die <strong>Osternacht<\/strong> mit dem Entz\u00fcnden der <strong><a href=\"https:\/\/www.holyart.de\/blog\/ostern\/paschal-kerze-das-licht-das-uns-von-der-finsterniss-befreit\/\">Osterkerze<\/a> <\/strong>und der Verk\u00fcndigung des <strong>Lichtes Christi<\/strong>.<\/p>\n<h3>Auferstehungssonntag<\/h3>\n<p>Der Auferstehungssonntag schlie\u00dft die Karwoche ab, indem er die <strong>Freude und den Triumph des auferstandenen Jesus<\/strong> feiert. Die Auferstehung ist die Grundlage des christlichen Glaubens, der in jeder eucharistischen Liturgie erneuert wird und sein.<\/p>\n<div class=\"link-product\">\n<div class=\"blocco-immagine\"><img loading=\"lazy\" decoding=\"async\" class=\"size-full wp-image-7848 alignleft\" src=\"https:\/\/blog.holyart.it\/de\/wp-content\/uploads\/sites\/12\/2026\/03\/wandteppich-auferstehung-im-byzantinischen-stil-55x40-cm.jpg\" alt=\"wandteppich\" width=\"100\" height=\"100\" data-kale-share-title=\"Die Zeremonien der Karwoche\" data-kale-share-url=\"https:\/\/blog.holyart.it\/de\/?p=7842\" \/><\/div>\n<div class=\"blocco-contenuto\">\n<div class=\"blocco-acquista\">Einkaufen:<\/div>\n<div class=\"blocco-titolo\"><a href=\"https:\/\/www.holyart.de\/devotionalien\/wandteppiche\/wandteppich-auferstehung-im-byzantinischen-stil-55x40-cm\">Wandteppich Auferstehung im byzantinischen Stil 55&#215;40 cm<\/a><\/div>\n<div class=\"blocco-descrizione\">Der Jacquard-Wandteppich wird vollst\u00e4ndig in Italien gefertigt. Die Feinarbeiten werden in Handarbeit ausgef\u00fchrt.<\/div>\n<\/div>\n<\/div>\n<h2>Volkst\u00fcmliche Traditionen<\/h2>\n<p>Wie man sich leicht vorstellen kann, ist die Karwoche nicht nur durch die spezifische Liturgie der einzelnen Tage gepr\u00e4gt, sondern auch durch viele Formen der Volksfr\u00f6mmigkeit und Traditionen, die ihren Ursprung in der Vergangenheit haben. Schlie\u00dflich ist gerade in unserem Land die <strong><u>Tradition der Patronatsfeste<\/u><\/strong> so tief im Land und im historischen Ged\u00e4chtnis verwurzelt, dass es manchmal schwierig ist, religi\u00f6se Gef\u00fchle von eher profanen Vorstellungen zu trennen. Auch in dieser f\u00fcr die Christen so wichtigen Zeit beleben viele volkst\u00fcmliche Traditionen unsere St\u00e4dte und D\u00f6rfer. Erinnern wir uns nur an einige.<\/p>\n<p>Bei der <strong>Processione degli Incappucciati<\/strong>, die am Karfreitag in <strong>Isernia<\/strong> stattfindet, zieht eine Prozession von M\u00e4nnern, die ganz in ein wei\u00dfes Tuch geh\u00fcllt und mit einer Dornenkrone gekr\u00f6nt sind, durch die ganze Stadt und tr\u00e4gt die Statuen der Mater Dolorosa und des toten Christus auf ihren Schultern.<\/p>\n<p>In <strong>Lanciano<\/strong> ziehen die <strong>Kapuzenm\u00e4nner<\/strong> am Gr\u00fcndonnerstag und Karfreitag mit Fackeln durch die Stra\u00dfen der Stadt, w\u00e4hrend ein aus den Mitgliedern der an der Gedenkfeier beteiligten Bruderschaften ausgew\u00e4hlter Mann den barf\u00fc\u00dfigen Zyren\u00e4er darstellt, der das Kreuz durch die Stadt tr\u00e4gt.<\/p>\n<p>In <strong>Sarno<\/strong>, Kampanien, gehen seit 1200 Kapuzenm\u00e4nner, die <strong><em>Paputi<\/em><\/strong> (vom lateinischen pappus, alter Mann), mit Holzkreuzen auf der Via Crucis.<\/p>\n<p>In <strong>Enna<\/strong>, Sizilien, gehen viele Traditionen, die w\u00e4hrend der Karwoche noch immer praktiziert werden, auf die spanische Herrschaft zwischen dem 15. und 17. Auch hier denkt man an die vermummten M\u00e4nner, die bei der Karfreitagsprozession die <strong><em>fercoli<\/em><\/strong> (charakteristische Wagen) des toten Christus und der Schmerzensmutter tragen, w\u00e4hrend um sie herum Trauerm\u00e4rsche und <em>Klagelieder<\/em> erklingen, alte religi\u00f6se Ges\u00e4nge, die den Tod Christi betrauern.<\/p>\n<p>In <strong>Noicattaro<\/strong>, Apulien, findet am Abend des Gr\u00fcndonnerstags die Prozession der <strong>Crociferi<\/strong> statt, M\u00e4nner in schwarzen Gew\u00e4ndern, mit Kapuzen \u00fcber dem Gesicht und Dornenkronen auf dem Kopf, die barfu\u00df durch die Stra\u00dfen des Zentrums gehen, um die Alt\u00e4re der Totenruhe zu besuchen.<\/p>\n<p>In <strong>San Severo<\/strong> beginnt der Karfreitag mit der traditionellen <strong>Prozession der Schmerzensmutter und des Gegei\u00dfelten Jesus<\/strong>.<\/p>\n<p>In <strong>Nocera Terinese<\/strong> in der Provinz Catanzaro ziehen am Karsamstag die <strong><em>vattienti<\/em><\/strong> in einer Prozession durch die Stadt und schlagen sich mit scharfen Gegenst\u00e4nden auf die Beine, bis diese stark bluten, um an die Leiden Jesu zu erinnern.<\/p>\n<p>In <strong>Sulmona<\/strong>, in der Provinz L&#8217;Aquila, findet am Ostersonntag die Heilige Darstellung der <strong>Madonna auf dem Marktplatz<\/strong> statt. Die Statue der Schmerzensmutter wird in einer Prozession mit gro\u00dfer Geschwindigkeit getragen und symbolisiert das Laufen Marias, um den auferstandenen Jesus wieder in die Arme zu schlie\u00dfen<\/p>\n","protected":false},"excerpt":{"rendered":"<p>Ostern ist das wichtigste Fest der Christen und wird \u00fcberall auf der Welt gefeiert. Die Rituale, die es kennzeichnen, sind \u00fcber die so genannte Karwoche verteilt. Sehen wir uns an, was Tag f\u00fcr Tag geschieht. Die Karwoche ist der siebent\u00e4gige Zeitraum vom Palmsonntag, dem Tag,&hellip;<\/p>\n","protected":false},"author":1,"featured_media":7843,"comment_status":"closed","ping_status":"open","sticky":false,"template":"","format":"standard","meta":{"_acf_changed":false,"footnotes":""},"categories":[18],"tags":[],"class_list":["post-7842","post","type-post","status-publish","format-standard","has-post-thumbnail","hentry","category-ostern"],"acf":[],"yoast_head":"<!-- This site is optimized with the Yoast SEO plugin v26.6 - https:\/\/yoast.com\/wordpress\/plugins\/seo\/ -->\n<title>Die Zeremonien der Karwoche - Holyart.de Blog<\/title>\n<meta name=\"description\" content=\"Ostern ist das wichtigste Fest der Christen und wird \u00fcberall auf der Welt gefeiert. Die Rituale, die es kennzeichnen...\" \/>\n<meta name=\"robots\" content=\"index, follow, max-snippet:-1, max-image-preview:large, max-video-preview:-1\" \/>\n<link rel=\"canonical\" href=\"https:\/\/blog.holyart.it\/de\/ostern\/die-zeremonien-der-karwoche\/\" \/>\n<meta property=\"og:locale\" content=\"de_DE\" \/>\n<meta property=\"og:type\" content=\"article\" \/>\n<meta property=\"og:title\" content=\"Die Zeremonien der Karwoche - Holyart.de Blog\" \/>\n<meta property=\"og:description\" content=\"Ostern ist das wichtigste Fest der Christen und wird \u00fcberall auf der Welt gefeiert. Die Rituale, die es kennzeichnen...\" \/>\n<meta property=\"og:url\" content=\"https:\/\/blog.holyart.it\/de\/ostern\/die-zeremonien-der-karwoche\/\" \/>\n<meta property=\"og:site_name\" content=\"Holyart.de Blog\" \/>\n<meta property=\"article:published_time\" content=\"2026-03-25T09:00:46+00:00\" \/>\n<meta property=\"article:modified_time\" content=\"2026-04-28T13:00:44+00:00\" \/>\n<meta property=\"og:image\" content=\"https:\/\/blog.holyart.it\/de\/wp-content\/uploads\/sites\/12\/2026\/03\/Die-Zeremonien-der-Karwoche.jpg\" \/>\n\t<meta property=\"og:image:width\" content=\"1000\" \/>\n\t<meta property=\"og:image:height\" content=\"666\" \/>\n\t<meta property=\"og:image:type\" content=\"image\/jpeg\" \/>\n<meta name=\"author\" content=\"Redazione\" \/>\n<meta name=\"twitter:card\" content=\"summary_large_image\" \/>\n<meta name=\"twitter:label1\" content=\"Verfasst von\" \/>\n\t<meta name=\"twitter:data1\" content=\"Redazione\" \/>\n\t<meta name=\"twitter:label2\" content=\"Gesch\u00e4tzte Lesezeit\" \/>\n\t<meta name=\"twitter:data2\" content=\"15\u00a0Minuten\" \/>\n<script type=\"application\/ld+json\" class=\"yoast-schema-graph\">{\"@context\":\"https:\/\/schema.org\",\"@graph\":[{\"@type\":\"Article\",\"@id\":\"https:\/\/blog.holyart.it\/de\/ostern\/die-zeremonien-der-karwoche\/#article\",\"isPartOf\":{\"@id\":\"https:\/\/blog.holyart.it\/de\/ostern\/die-zeremonien-der-karwoche\/\"},\"author\":{\"name\":\"Redazione\",\"@id\":\"https:\/\/blog.holyart.it\/de\/#\/schema\/person\/0a7b686e5af0f856ec1e390dd0baecda\"},\"headline\":\"Die Zeremonien der Karwoche\",\"datePublished\":\"2026-03-25T09:00:46+00:00\",\"dateModified\":\"2026-04-28T13:00:44+00:00\",\"mainEntityOfPage\":{\"@id\":\"https:\/\/blog.holyart.it\/de\/ostern\/die-zeremonien-der-karwoche\/\"},\"wordCount\":2476,\"publisher\":{\"@id\":\"https:\/\/blog.holyart.it\/de\/#organization\"},\"image\":{\"@id\":\"https:\/\/blog.holyart.it\/de\/ostern\/die-zeremonien-der-karwoche\/#primaryimage\"},\"thumbnailUrl\":\"https:\/\/blog.holyart.it\/de\/wp-content\/uploads\/sites\/12\/2026\/03\/Die-Zeremonien-der-Karwoche.jpg\",\"articleSection\":[\"Ostern\"],\"inLanguage\":\"de\"},{\"@type\":\"WebPage\",\"@id\":\"https:\/\/blog.holyart.it\/de\/ostern\/die-zeremonien-der-karwoche\/\",\"url\":\"https:\/\/blog.holyart.it\/de\/ostern\/die-zeremonien-der-karwoche\/\",\"name\":\"Die Zeremonien der Karwoche - Holyart.de Blog\",\"isPartOf\":{\"@id\":\"https:\/\/blog.holyart.it\/de\/#website\"},\"primaryImageOfPage\":{\"@id\":\"https:\/\/blog.holyart.it\/de\/ostern\/die-zeremonien-der-karwoche\/#primaryimage\"},\"image\":{\"@id\":\"https:\/\/blog.holyart.it\/de\/ostern\/die-zeremonien-der-karwoche\/#primaryimage\"},\"thumbnailUrl\":\"https:\/\/blog.holyart.it\/de\/wp-content\/uploads\/sites\/12\/2026\/03\/Die-Zeremonien-der-Karwoche.jpg\",\"datePublished\":\"2026-03-25T09:00:46+00:00\",\"dateModified\":\"2026-04-28T13:00:44+00:00\",\"description\":\"Ostern ist das wichtigste Fest der Christen und wird \u00fcberall auf der Welt gefeiert. Die Rituale, die es kennzeichnen...\",\"breadcrumb\":{\"@id\":\"https:\/\/blog.holyart.it\/de\/ostern\/die-zeremonien-der-karwoche\/#breadcrumb\"},\"inLanguage\":\"de\",\"potentialAction\":[{\"@type\":\"ReadAction\",\"target\":[\"https:\/\/blog.holyart.it\/de\/ostern\/die-zeremonien-der-karwoche\/\"]}]},{\"@type\":\"ImageObject\",\"inLanguage\":\"de\",\"@id\":\"https:\/\/blog.holyart.it\/de\/ostern\/die-zeremonien-der-karwoche\/#primaryimage\",\"url\":\"https:\/\/blog.holyart.it\/de\/wp-content\/uploads\/sites\/12\/2026\/03\/Die-Zeremonien-der-Karwoche.jpg\",\"contentUrl\":\"https:\/\/blog.holyart.it\/de\/wp-content\/uploads\/sites\/12\/2026\/03\/Die-Zeremonien-der-Karwoche.jpg\",\"width\":1000,\"height\":666,\"caption\":\"Die Zeremonien der Karwoche\"},{\"@type\":\"BreadcrumbList\",\"@id\":\"https:\/\/blog.holyart.it\/de\/ostern\/die-zeremonien-der-karwoche\/#breadcrumb\",\"itemListElement\":[{\"@type\":\"ListItem\",\"position\":1,\"name\":\"Homepage\",\"item\":\"https:\/\/blog.holyart.it\/de\/\"},{\"@type\":\"ListItem\",\"position\":2,\"name\":\"Ostern\",\"item\":\"https:\/\/blog.holyart.it\/de\/ostern\/\"},{\"@type\":\"ListItem\",\"position\":3,\"name\":\"Die Zeremonien der Karwoche\"}]},{\"@type\":\"WebSite\",\"@id\":\"https:\/\/blog.holyart.it\/de\/#website\",\"url\":\"https:\/\/blog.holyart.it\/de\/\",\"name\":\"Holyart.de Blog\",\"description\":\"Holyblog\",\"publisher\":{\"@id\":\"https:\/\/blog.holyart.it\/de\/#organization\"},\"potentialAction\":[{\"@type\":\"SearchAction\",\"target\":{\"@type\":\"EntryPoint\",\"urlTemplate\":\"https:\/\/blog.holyart.it\/de\/?s={search_term_string}\"},\"query-input\":{\"@type\":\"PropertyValueSpecification\",\"valueRequired\":true,\"valueName\":\"search_term_string\"}}],\"inLanguage\":\"de\"},{\"@type\":\"Organization\",\"@id\":\"https:\/\/blog.holyart.it\/de\/#organization\",\"name\":\"Holyart.de Blog\",\"url\":\"https:\/\/blog.holyart.it\/de\/\",\"logo\":{\"@type\":\"ImageObject\",\"inLanguage\":\"de\",\"@id\":\"https:\/\/blog.holyart.it\/de\/#\/schema\/logo\/image\/\",\"url\":\"https:\/\/blog.holyart.it\/de\/wp-content\/uploads\/sites\/12\/2022\/12\/Holyart_Blog_Logo.jpg\",\"contentUrl\":\"https:\/\/blog.holyart.it\/de\/wp-content\/uploads\/sites\/12\/2022\/12\/Holyart_Blog_Logo.jpg\",\"width\":300,\"height\":50,\"caption\":\"Holyart.de Blog\"},\"image\":{\"@id\":\"https:\/\/blog.holyart.it\/de\/#\/schema\/logo\/image\/\"}},{\"@type\":\"Person\",\"@id\":\"https:\/\/blog.holyart.it\/de\/#\/schema\/person\/0a7b686e5af0f856ec1e390dd0baecda\",\"name\":\"Redazione\",\"image\":{\"@type\":\"ImageObject\",\"inLanguage\":\"de\",\"@id\":\"https:\/\/blog.holyart.it\/de\/#\/schema\/person\/image\/\",\"url\":\"https:\/\/secure.gravatar.com\/avatar\/f477da817f43e50d0af36abecd33e3edf826c68299714bdc1057dff3b113f516?s=96&d=mm&r=g\",\"contentUrl\":\"https:\/\/secure.gravatar.com\/avatar\/f477da817f43e50d0af36abecd33e3edf826c68299714bdc1057dff3b113f516?s=96&d=mm&r=g\",\"caption\":\"Redazione\"}}]}<\/script>\n<!-- \/ Yoast SEO plugin. -->","yoast_head_json":{"title":"Die Zeremonien der Karwoche - Holyart.de Blog","description":"Ostern ist das wichtigste Fest der Christen und wird \u00fcberall auf der Welt gefeiert. Die Rituale, die es kennzeichnen...","robots":{"index":"index","follow":"follow","max-snippet":"max-snippet:-1","max-image-preview":"max-image-preview:large","max-video-preview":"max-video-preview:-1"},"canonical":"https:\/\/blog.holyart.it\/de\/ostern\/die-zeremonien-der-karwoche\/","og_locale":"de_DE","og_type":"article","og_title":"Die Zeremonien der Karwoche - Holyart.de Blog","og_description":"Ostern ist das wichtigste Fest der Christen und wird \u00fcberall auf der Welt gefeiert. Die Rituale, die es kennzeichnen...","og_url":"https:\/\/blog.holyart.it\/de\/ostern\/die-zeremonien-der-karwoche\/","og_site_name":"Holyart.de Blog","article_published_time":"2026-03-25T09:00:46+00:00","article_modified_time":"2026-04-28T13:00:44+00:00","og_image":[{"width":1000,"height":666,"url":"https:\/\/blog.holyart.it\/de\/wp-content\/uploads\/sites\/12\/2026\/03\/Die-Zeremonien-der-Karwoche.jpg","type":"image\/jpeg"}],"author":"Redazione","twitter_card":"summary_large_image","twitter_misc":{"Verfasst von":"Redazione","Gesch\u00e4tzte Lesezeit":"15\u00a0Minuten"},"schema":{"@context":"https:\/\/schema.org","@graph":[{"@type":"Article","@id":"https:\/\/blog.holyart.it\/de\/ostern\/die-zeremonien-der-karwoche\/#article","isPartOf":{"@id":"https:\/\/blog.holyart.it\/de\/ostern\/die-zeremonien-der-karwoche\/"},"author":{"name":"Redazione","@id":"https:\/\/blog.holyart.it\/de\/#\/schema\/person\/0a7b686e5af0f856ec1e390dd0baecda"},"headline":"Die Zeremonien der Karwoche","datePublished":"2026-03-25T09:00:46+00:00","dateModified":"2026-04-28T13:00:44+00:00","mainEntityOfPage":{"@id":"https:\/\/blog.holyart.it\/de\/ostern\/die-zeremonien-der-karwoche\/"},"wordCount":2476,"publisher":{"@id":"https:\/\/blog.holyart.it\/de\/#organization"},"image":{"@id":"https:\/\/blog.holyart.it\/de\/ostern\/die-zeremonien-der-karwoche\/#primaryimage"},"thumbnailUrl":"https:\/\/blog.holyart.it\/de\/wp-content\/uploads\/sites\/12\/2026\/03\/Die-Zeremonien-der-Karwoche.jpg","articleSection":["Ostern"],"inLanguage":"de"},{"@type":"WebPage","@id":"https:\/\/blog.holyart.it\/de\/ostern\/die-zeremonien-der-karwoche\/","url":"https:\/\/blog.holyart.it\/de\/ostern\/die-zeremonien-der-karwoche\/","name":"Die Zeremonien der Karwoche - Holyart.de Blog","isPartOf":{"@id":"https:\/\/blog.holyart.it\/de\/#website"},"primaryImageOfPage":{"@id":"https:\/\/blog.holyart.it\/de\/ostern\/die-zeremonien-der-karwoche\/#primaryimage"},"image":{"@id":"https:\/\/blog.holyart.it\/de\/ostern\/die-zeremonien-der-karwoche\/#primaryimage"},"thumbnailUrl":"https:\/\/blog.holyart.it\/de\/wp-content\/uploads\/sites\/12\/2026\/03\/Die-Zeremonien-der-Karwoche.jpg","datePublished":"2026-03-25T09:00:46+00:00","dateModified":"2026-04-28T13:00:44+00:00","description":"Ostern ist das wichtigste Fest der Christen und wird \u00fcberall auf der Welt gefeiert. Die Rituale, die es kennzeichnen...","breadcrumb":{"@id":"https:\/\/blog.holyart.it\/de\/ostern\/die-zeremonien-der-karwoche\/#breadcrumb"},"inLanguage":"de","potentialAction":[{"@type":"ReadAction","target":["https:\/\/blog.holyart.it\/de\/ostern\/die-zeremonien-der-karwoche\/"]}]},{"@type":"ImageObject","inLanguage":"de","@id":"https:\/\/blog.holyart.it\/de\/ostern\/die-zeremonien-der-karwoche\/#primaryimage","url":"https:\/\/blog.holyart.it\/de\/wp-content\/uploads\/sites\/12\/2026\/03\/Die-Zeremonien-der-Karwoche.jpg","contentUrl":"https:\/\/blog.holyart.it\/de\/wp-content\/uploads\/sites\/12\/2026\/03\/Die-Zeremonien-der-Karwoche.jpg","width":1000,"height":666,"caption":"Die Zeremonien der Karwoche"},{"@type":"BreadcrumbList","@id":"https:\/\/blog.holyart.it\/de\/ostern\/die-zeremonien-der-karwoche\/#breadcrumb","itemListElement":[{"@type":"ListItem","position":1,"name":"Homepage","item":"https:\/\/blog.holyart.it\/de\/"},{"@type":"ListItem","position":2,"name":"Ostern","item":"https:\/\/blog.holyart.it\/de\/ostern\/"},{"@type":"ListItem","position":3,"name":"Die Zeremonien der Karwoche"}]},{"@type":"WebSite","@id":"https:\/\/blog.holyart.it\/de\/#website","url":"https:\/\/blog.holyart.it\/de\/","name":"Holyart.de Blog","description":"Holyblog","publisher":{"@id":"https:\/\/blog.holyart.it\/de\/#organization"},"potentialAction":[{"@type":"SearchAction","target":{"@type":"EntryPoint","urlTemplate":"https:\/\/blog.holyart.it\/de\/?s={search_term_string}"},"query-input":{"@type":"PropertyValueSpecification","valueRequired":true,"valueName":"search_term_string"}}],"inLanguage":"de"},{"@type":"Organization","@id":"https:\/\/blog.holyart.it\/de\/#organization","name":"Holyart.de Blog","url":"https:\/\/blog.holyart.it\/de\/","logo":{"@type":"ImageObject","inLanguage":"de","@id":"https:\/\/blog.holyart.it\/de\/#\/schema\/logo\/image\/","url":"https:\/\/blog.holyart.it\/de\/wp-content\/uploads\/sites\/12\/2022\/12\/Holyart_Blog_Logo.jpg","contentUrl":"https:\/\/blog.holyart.it\/de\/wp-content\/uploads\/sites\/12\/2022\/12\/Holyart_Blog_Logo.jpg","width":300,"height":50,"caption":"Holyart.de Blog"},"image":{"@id":"https:\/\/blog.holyart.it\/de\/#\/schema\/logo\/image\/"}},{"@type":"Person","@id":"https:\/\/blog.holyart.it\/de\/#\/schema\/person\/0a7b686e5af0f856ec1e390dd0baecda","name":"Redazione","image":{"@type":"ImageObject","inLanguage":"de","@id":"https:\/\/blog.holyart.it\/de\/#\/schema\/person\/image\/","url":"https:\/\/secure.gravatar.com\/avatar\/f477da817f43e50d0af36abecd33e3edf826c68299714bdc1057dff3b113f516?s=96&d=mm&r=g","contentUrl":"https:\/\/secure.gravatar.com\/avatar\/f477da817f43e50d0af36abecd33e3edf826c68299714bdc1057dff3b113f516?s=96&d=mm&r=g","caption":"Redazione"}}]}},"_links":{"self":[{"href":"https:\/\/blog.holyart.it\/de\/wp-json\/wp\/v2\/posts\/7842","targetHints":{"allow":["GET"]}}],"collection":[{"href":"https:\/\/blog.holyart.it\/de\/wp-json\/wp\/v2\/posts"}],"about":[{"href":"https:\/\/blog.holyart.it\/de\/wp-json\/wp\/v2\/types\/post"}],"author":[{"embeddable":true,"href":"https:\/\/blog.holyart.it\/de\/wp-json\/wp\/v2\/users\/1"}],"replies":[{"embeddable":true,"href":"https:\/\/blog.holyart.it\/de\/wp-json\/wp\/v2\/comments?post=7842"}],"version-history":[{"count":5,"href":"https:\/\/blog.holyart.it\/de\/wp-json\/wp\/v2\/posts\/7842\/revisions"}],"predecessor-version":[{"id":7854,"href":"https:\/\/blog.holyart.it\/de\/wp-json\/wp\/v2\/posts\/7842\/revisions\/7854"}],"wp:featuredmedia":[{"embeddable":true,"href":"https:\/\/blog.holyart.it\/de\/wp-json\/wp\/v2\/media\/7843"}],"wp:attachment":[{"href":"https:\/\/blog.holyart.it\/de\/wp-json\/wp\/v2\/media?parent=7842"}],"wp:term":[{"taxonomy":"category","embeddable":true,"href":"https:\/\/blog.holyart.it\/de\/wp-json\/wp\/v2\/categories?post=7842"},{"taxonomy":"post_tag","embeddable":true,"href":"https:\/\/blog.holyart.it\/de\/wp-json\/wp\/v2\/tags?post=7842"}],"curies":[{"name":"wp","href":"https:\/\/api.w.org\/{rel}","templated":true}]}}