{"id":7809,"date":"2026-03-18T10:00:53","date_gmt":"2026-03-18T09:00:53","guid":{"rendered":"https:\/\/blog.holyart.it\/de\/?p=7809"},"modified":"2026-04-28T14:58:18","modified_gmt":"2026-04-28T12:58:18","slug":"verkuendigung-des-herrn-warum-wir-den-25-maerz-feiern","status":"publish","type":"post","link":"https:\/\/blog.holyart.it\/de\/devotionalien\/verkuendigung-des-herrn-warum-wir-den-25-maerz-feiern\/","title":{"rendered":"Verk\u00fcndigung des Herrn: warum wir den 25. M\u00e4rz feiern"},"content":{"rendered":"<h4>Am 25. M\u00e4rz feiern wir die Verk\u00fcndigung des Herrn, ein Festtag, der Jesus gewidmet ist, aber auch seiner Mutter Maria, die untrennbar mit ihm verbunden ist. Wir wollen herausfinden, warum.<\/h4>\n<p>Nur wenige christliche Feiertage k\u00f6nnen sich der religi\u00f6sen Bedeutung der Verk\u00fcndigung des Herrn r\u00fchmen. Sie steht in der Tat im Zentrum der Heilsgeschichte, da sie den Beginn der <strong>neuen Zeit<\/strong>, des neuen Bundes zwischen Gott und den Menschen darstellt. Mit der Verk\u00fcndigung wird der g\u00f6ttliche Plan in Gang gesetzt, der mit der Geburt Jesu und vor allem mit seinem Tod und seiner Auferstehung seinen H\u00f6hepunkt findet.<\/p>\n<p>Aber worum geht es eigentlich?<\/p>\n<p>Der Begriff \u201eVerk\u00fcndigung\u201c beschreibt <strong>die Begegnung zwischen Maria und dem <a href=\"https:\/\/www.holyart.de\/blog\/heilige-und-selige\/erzengel-wer-sind-sie-und-ist-ihre-funktion\/\">Erzengel Gabriel<\/a><\/strong> in dem kleinen Dorf Nazareth. Eine Begegnung, die das Schicksal der Menschheit v\u00f6llig ver\u00e4ndern sollte, denn bei dieser Gelegenheit k\u00fcndigte der Erzengel, der Bote Gottes, dem jungen M\u00e4dchen die bevorstehende Geburt des Messias an.<\/p>\n<p>Es ist das Geheimnis der <strong>Menschwerdung des Wortes<\/strong>, von dem wir sprechen, d. h. der Glaube, dass Jesus Christus im Scho\u00df der Jungfrau Maria inkarniert ist. Deshalb wurde das Fest der Verk\u00fcndigung in der Antike auch als <strong>Fest der g\u00f6ttlichen Menschwerdung<\/strong> bezeichnet. Ein f\u00fcr die Christen unumg\u00e4ngliches Konzept, das jedoch in der Antike zu gro\u00dfen Meinungsverschiedenheiten f\u00fchrte. Nach Vorschl\u00e4gen und Abhandlungen \u00fcber die Inkarnation und das Wesen Jesu, die auf dem ersten Konzil von Nic\u00e4a im Jahr 325, dem Konzil von Ephesus im Jahr 431 und dem Konzil von Chalcedon im Jahr 451 er\u00f6rtert wurden, wurde schlie\u00dflich erkl\u00e4rt, dass Jesus <strong>sowohl ganz Gott <\/strong>und als solcher die Inkarnation der zweiten Person der <a href=\"https:\/\/www.holyart.de\/devotionalien\/ikonen\/russische-ikonen-auf-alter-tafel\/russische-ikone-heilige-dreifaltigkeit-gemalt-auf-alten-bildtrager\"><strong>Heiligen Dreifaltigkeit<\/strong><\/a> war, vom Vater gezeugt und nicht geschaffen, <strong>als auch ganz Mensch<\/strong>, geboren von der<strong><a href=\"https:\/\/www.holyart.de\/search?params=%7B%22search%22%3A%22Jungfrau%20Maria%22%7D&amp;search_term=Jungfrau+Maria\"> Jungfrau Maria<\/a> <\/strong>und Fleisch geworden. Alles, was von dieser Auffassung abwich, wurde als H\u00e4resie bezeichnet.<\/p>\n<div class=\"link-product\">\n<div class=\"blocco-immagine\"><img loading=\"lazy\" decoding=\"async\" class=\"size-full wp-image-7812 alignleft\" src=\"https:\/\/blog.holyart.it\/de\/wp-content\/uploads\/sites\/12\/2026\/03\/ikone-heilige-dreifaltigkeit-gemalt-auf-alten-bildtrager.jpg\" alt=\"ikone heilige\" width=\"100\" height=\"100\" data-kale-share-title=\"Verk\u00fcndigung des Herrn: warum wir den 25. M\u00e4rz feiern\" data-kale-share-url=\"https:\/\/blog.holyart.it\/de\/?p=7809\" \/><\/div>\n<div class=\"blocco-contenuto\">\n<div class=\"blocco-acquista\">Einkaufen:<\/div>\n<div class=\"blocco-titolo\"><a href=\"https:\/\/www.holyart.de\/devotionalien\/ikonen\/russische-ikonen-auf-alter-tafel\/russische-ikone-heilige-dreifaltigkeit-gemalt-auf-alten-bildtrager\">Russische Ikone, Heilige Dreifaltigkeit, gemalt auf alten Bildtr\u00e4ger<\/a><\/div>\n<div class=\"blocco-descrizione\">Russische Ikone, Motiv: &#8222;Heilige Dreifaltigkeit&#8220;, gemalt auf einer alten Holztafel.<\/div>\n<\/div>\n<\/div>\n<p>Das Fest der Verk\u00fcndigung wird aus mehreren Gr\u00fcnden am <strong>25. M\u00e4rz<\/strong> gefeiert. Antike Theorien, die bereits im 6. und 7. Jahrhundert diskutiert wurden, behaupteten, dass sowohl die <strong>Menschwerdung des Wortes<\/strong> als auch die <strong>Erschaffung der Welt<\/strong> zur Fr\u00fchlings-Tagundnachtgleiche stattfanden, die um dieses Datum herum f\u00e4llt. Wenn wir also <strong>den 25. Dezember als Geburtsdatum Jesu<\/strong> berechnen, brauchen wir nur neun Monate zur\u00fcckzugehen, um das ungef\u00e4hre Datum seiner wunderbaren Empf\u00e4ngnis zu bestimmen.<\/p>\n<div class=\"\">\n<div class=\"\">\n<div class=\"link-product\">\n<div class=\"blocco-immagine\"><img loading=\"lazy\" decoding=\"async\" class=\"size-full wp-image-7813 alignleft\" src=\"https:\/\/blog.holyart.it\/de\/wp-content\/uploads\/sites\/12\/2026\/03\/flachrelief-aus-bilaminat-der-heiligen-dreifaltigkeit-von-rublev-10-x-7-cm.jpg\" alt=\"Flachrelief aus Bilaminat der Heiligen Dreifaltigkeit von Rublev\" width=\"100\" height=\"100\" data-kale-share-title=\"Verk\u00fcndigung des Herrn: warum wir den 25. M\u00e4rz feiern\" data-kale-share-url=\"https:\/\/blog.holyart.it\/de\/?p=7809\" \/><\/div>\n<div class=\"blocco-contenuto\">\n<div class=\"blocco-acquista\">Einkaufen:<\/div>\n<div class=\"blocco-titolo\"><a href=\"https:\/\/www.holyart.de\/devotionalien\/basreliefs\/basreliefs-aus-silber-und-versilberte-flachreliefe\/flachrelief-aus-bilaminat-der-heiligen-dreifaltigkeit-von-rublev-10-x-7-cm\">Flachrelief aus Bilaminat der Heiligen Dreifaltigkeit von Rublev, 10 x 7 cm <\/a><\/div>\n<div class=\"blocco-descrizione\">Flachrelief aus Bilaminat der Heiligen Dreifaltigkeit von Rublev, 10 x 7 cm. Dieses Produkt wurde auf Bilaminat-Silber<\/div>\n<\/div>\n<\/div>\n<p>Ein grundlegender Aspekt, den wir ber\u00fccksichtigen m\u00fcssen, wenn wir von der Verk\u00fcndigung des Herrn sprechen, ist <strong>ihr doppelter Charakter als Fest, das Jesus gewidmet ist, aber auch als marianisches Fest<\/strong>. Die Verk\u00fcndigung stellt vielleicht <strong>den h\u00f6chsten und wichtigsten Moment der Begegnung zwischen dem Menschlichen und dem G\u00f6ttlichen<\/strong> dar, und aus diesem Grund sind beide gleichwertig. <strong>Maria<\/strong> symbolisiert die Erwartung Israels, die schlie\u00dflich in der Ankunft des Erl\u00f6sers ihre Erf\u00fcllung findet. Ihre Annahme des ihr von Gott zugedachten Schicksals, der Gehorsam, mit dem sie sich seinem Willen anvertraut, und vor allem die unermessliche Liebe, die sie von diesem Augenblick an auszeichnet, sind untrennbar mit dem Erl\u00f6sungswerk ihres Sohnes verbunden. In Maria ist das Heil bereits Wirklichkeit, in dem Augenblick, in dem ihre Verhei\u00dfung ausgesprochen wird: \u201eSiehe, du wirst einen Sohn empfangen, ihn geb\u00e4ren und seinen Namen Jesus nennen. Er wird gro\u00df sein und Sohn des H\u00f6chsten genannt werden; Gott der Herr wird ihm den Thron seines Vaters David geben, und er wird \u00fcber das Haus Jakob herrschen in Ewigkeit, und sein Reich wird kein Ende haben\u201c. (Lukas 1,31-33). So verk\u00fcndet der Engel nach Lukas Maria das Kommen <a href=\"https:\/\/www.holyart.de\/besondere-anlasse\/ostern-und-fastenzeit\/auferstandener-christus-und-priesterkonig?page=1\"><strong>Christi, des K\u00f6nigs<\/strong><\/a>, des K\u00f6nigs Israels, des K\u00f6nigs der K\u00f6nige, des K\u00f6nigs der Erde, des K\u00f6nigs der V\u00f6lker, wie es in den alten Prophezeiungen \u00fcber den von den Juden erwarteten Messias steht.<\/p>\n<p>Verk\u00fcndigung des Herrn also, aber auch <a href=\"https:\/\/www.holyart.de\/blog\/heilige-und-selige\/maria-verkundigung\/\"><strong>Verk\u00fcndigung der seligen Jungfrau Maria<\/strong><\/a>, wie das Fest in der Vergangenheit genannt wurde.<\/p>\n<div class=\"link-article\">\n<p><img loading=\"lazy\" decoding=\"async\" class=\"size-full wp-image-7818 alignleft\" src=\"https:\/\/blog.holyart.it\/de\/wp-content\/uploads\/sites\/12\/2026\/03\/Mariae-Verkuendigung-1.jpg\" alt=\"Mari\u00e4 Verk\u00fcndigung\" width=\"150\" height=\"100\" data-kale-share-title=\"Verk\u00fcndigung des Herrn: warum wir den 25. M\u00e4rz feiern\" data-kale-share-url=\"https:\/\/blog.holyart.it\/de\/?p=7809\" \/><\/p>\n<div class=\"leggi-anche\">Lesen Sie auch:<\/div>\n<p><strong><a href=\"https:\/\/www.holyart.de\/blog\/heilige-und-selige\/maria-verkundigung\/\">Mari\u00e4 Verk\u00fcndigung<\/a><\/strong><br \/>\nDie Verk\u00fcndigung der Heiligen Maria ist sicherlich eines der h\u00f6chsten und evokativsten Momente der katholischen christlichen Religion.<\/p>\n<\/div>\n<p>Aber sehen wir uns genauer an, was Lukas \u00fcber die Verk\u00fcndigung sagt.<\/p>\n<h2>Die Verk\u00fcndigung im Lukasevangelium<\/h2>\n<p>Die Verk\u00fcndigung wird im <strong>Matth\u00e4us-<\/strong> und im <strong>Lukasevangelium<\/strong> sehr unterschiedlich erz\u00e4hlt. Wir werden uns haupts\u00e4chlich auf die Version des Lukas konzentrieren, in der der Erzengel zu Maria geht, um ihr die bevorstehende Schwangerschaft anzuk\u00fcndigen. Im Matth\u00e4us-Evangelium hingegen geht ein Engel zu Josef, um ihm im Traum zu sagen, er solle seine vom Heiligen Geist schwanger gewordene Frau nicht versto\u00dfen.<\/p>\n<p>So schreibt Lukas:<\/p>\n<p><em>26 \u201eIm sechsten Monat wurde der <strong>Engel Gabriel<\/strong> von Gott in eine Stadt in Galil\u00e4a gesandt, die Nazareth hei\u00dft, 27 zu einer Jungfrau, die mit einem Mann aus dem Hause David namens Josef verlobt war. Der Name der Jungfrau war Maria. 28 Als er zu ihr hineinging, sagte er: &#8222;Ich gr\u00fc\u00dfe dich, du bist voll der Gnade, der Herr ist mit dir. 29 Bei diesen Worten erschrak sie und fragte sich, was ein solcher Gru\u00df zu bedeuten habe. 30 Der Engel sagte zu ihr: &#8222;F\u00fcrchte dich nicht, Maria, denn du hast Gnade bei Gott gefunden. 31 Siehe, du wirst einen Sohn empfangen und ihn geb\u00e4ren, und du wirst seinen Namen Jesus nennen. 32 Er wird gro\u00df sein und Sohn des H\u00f6chsten genannt werden; Gott der Herr wird ihm den Thron seines Vaters David geben 33 und er wird \u00fcber das Haus Jakob herrschen in Ewigkeit, und sein Reich wird kein Ende haben.&#8220; 34 Da sagte Maria zu dem Engel: &#8222;Wie ist das m\u00f6glich? Ich kenne keinen Menschen.&#8220; 35 Der Engel antwortete ihr: &#8218;Der Heilige Geist wird auf dich herabkommen, und die Kraft des H\u00f6chsten wird ihren Schatten \u00fcber dich breiten. So wird der, der geboren wird, heilig sein und Sohn Gottes genannt werden. 36 Siehe, auch Elisabeth, deine Verwandte, hat in ihrem Alter einen Sohn empfangen, und dies ist der sechste Monat f\u00fcr sie, von der alle sagten, sie sei unfruchtbar. 37 F\u00fcr Gott ist nichts unm\u00f6glich. 38 Da sprach Maria: Siehe, ich bin die Magd des Herrn; mir geschehe, wie du es gesagt hast. Und der Engel ging von ihr weg<\/em>.\u201c\u00a0 (Lukas 1,26-38)<\/p>\n<p>Es gen\u00fcgt, diesen Abschnitt des Evangeliums zu lesen, um zu verstehen, welche Bedeutung die Verk\u00fcndigung f\u00fcr alle Christen hat. Unz\u00e4hlige Studien sind \u00fcber jeden einzelnen Satz, jeden einzelnen Abschnitt dieses Textes gemacht worden. Wir erheben gewiss nicht den Anspruch, in einem einzigen Artikel alle unendlichen Implikationen zu ersch\u00f6pfen, von der sprachlichen bis zur theologischen.<\/p>\n<p>Wir n\u00e4hern uns dem Text in Einfachheit und Demut, so wie Maria, eine Jungfrau, die mit einem Mann, Josef, verlobt ist, und die in der Gegenwart von <strong>Gabriel<\/strong>, einem der Erzengel, der zur dritten Hierarchie des himmlischen Hofes geh\u00f6rt, einem Engel, der die Macht Gottes in seinem Namen tr\u00e4gt, denn sein Name bedeutet: \u201eGott zeigt sich stark, m\u00e4chtig und allm\u00e4chtig\u201c, zun\u00e4chst nur durch den lauten Gru\u00df, mit dem er sie anspricht, gest\u00f6rt wird. Jene <strong>Gnadenf\u00fclle<\/strong>, die wir dank des Ave-Maria-Gebetes so gut kennen und die aus dem Griechischen kecharit\u00f2mene stammt, ein Begriff, der die gr\u00f6\u00dfte Gnade ausdr\u00fcckt, die jemand verk\u00f6rpern kann. Aber schon der Name <strong>Marias<\/strong> dr\u00fcckt eine Bedeutung aus, die \u00fcber den Namen selbst hinausgeht, denn auf Aram\u00e4isch bedeutet er \u201ePrinzessin, Dame, K\u00f6nigin\u201c, auf Hebr\u00e4isch \u201edie, die sieht und sehen l\u00e4sst (was man nicht sehen kann)\u201c und auf \u00c4gyptisch \u201edie, die von Gott geliebt wird\u201c.<\/p>\n<p>Dann wird sie beruhigt, als der Engel ihr sagt, dass sie sich nicht zu f\u00fcrchten braucht, denn sie steht <strong>in der Gnade Gottes<\/strong>, und als ihr verk\u00fcndet wird, dass aus ihrem Scho\u00df der K\u00f6nig geboren wird, auf den alle warten, ist sie in ihrer Einfalt erstaunt, denn sie hat noch keinen Menschen gekannt.<\/p>\n<p>Der Engel beruhigt sie, und um ihr ein Zeichen f\u00fcr die Wahrhaftigkeit seiner Worte zu geben, sagt er ihr, dass ihre Verwandte <strong>Elisabeth<\/strong> trotz ihres hohen Alters ebenfalls schwanger ist und bald geb\u00e4ren wird, denn f\u00fcr Gott ist nichts unm\u00f6glich.<\/p>\n<p>Und nun hat Maria keine Zweifel mehr, kein Z\u00f6gern: \u201e<em>Siehe, ich bin die Magd des Herrn, mir geschehe nach deinem Wort<\/em>\u201c.<\/p>\n<p>Worte der Demut und des Gehorsams und gleichzeitig von unglaublicher Kraft. In dem Moment, in dem sie sich ganz dem Willen Gottes anvertraut, verk\u00f6rpert Maria das Beste, was die Menschheit verk\u00f6rpern und bieten kann, und Gott selbst erhebt sie \u00fcber alles und jeden.<\/p>\n<div class=\"link-product\">\n<div class=\"blocco-immagine\"><img loading=\"lazy\" decoding=\"async\" class=\"size-full wp-image-7820 alignleft\" src=\"https:\/\/blog.holyart.it\/de\/wp-content\/uploads\/sites\/12\/2026\/03\/Mariae-Verkundigung.jpg\" alt=\"Mari\u00e4 Verkundigung\" width=\"100\" height=\"100\" data-kale-share-title=\"Verk\u00fcndigung des Herrn: warum wir den 25. M\u00e4rz feiern\" data-kale-share-url=\"https:\/\/blog.holyart.it\/de\/?p=7809\" \/><\/div>\n<div class=\"blocco-contenuto\">\n<div class=\"blocco-acquista\">Einkaufen:<\/div>\n<div class=\"blocco-titolo\"><a href=\"https:\/\/www.holyart.de\/devotionalien\/statuen\/statuen-aus-stein\/maria-verkundigung-29cm-bethleem-stein\">Mari\u00e4 Verkundigung 29cm Bethleem Stein<\/a><\/div>\n<div class=\"blocco-descrizione\">Der Artikel besteht aus zwei Artikeln: die Gottesmutter Maria und den Erzengel Gabriel. Die Statuen werden aus Pyren\u00e4en Stein.<\/div>\n<\/div>\n<\/div>\n<p>So sollten auch wir dieses Fest leben, als <strong>Einladung zur Demut<\/strong>, zum Mut, <strong>uns Gott ganz anzuvertrauen<\/strong>, ohne Skrupel, ohne Fragen. Es stimmt zwar, dass es immer besser ist, wichtige Entscheidungen mit der Vernunft abzuw\u00e4gen und anzugehen, aber es stimmt auch, dass man sich in bestimmten F\u00e4llen allein auf den Glauben verlassen muss, ohne an die Folgen zu denken. Als Maria den Willen Gottes akzeptierte, wusste sie, dass sie riskierte, von ihrem Verlobten versto\u00dfen zu werden, doch sie z\u00f6gerte nicht, fragte nicht nach Best\u00e4tigung. Sie vertraute Gott.<\/p>\n<p>Das macht sie zu einer Frau voller Gnade, und in ihrem Sohn Jesus kann jeder Mensch hoffen, ein wenig von dieser so kostbaren Gnade zu erhalten.<\/p>\n<p>Schon vor der Geburt des Erl\u00f6sers wurde seine Mutter zur <strong>Mittlerin zwischen ihm und allen Menschen<\/strong>. Wenn Jesus im Mittelpunkt unserer Himmelsvorstellung steht, ist Maria an seiner Seite, um Gnaden f\u00fcr uns alle zu erbitten. Sie, die schon vor seiner Geburt an ihren Sohn glaubte.<\/p>\n<h2>Die Verk\u00fcndigung in der Kunst<\/h2>\n<p>Die Verk\u00fcndigung ist in der sakralen Kunst unz\u00e4hlige Male wiedergegeben worden. Man denke nur an das wunderbare Gem\u00e4lde der Verk\u00fcndigung von Antonello da Messina, an die Verk\u00fcndigung von Leonardo da Vinci, an fr\u00fchere Gem\u00e4lde von Giotto oder Bernardo Daddi oder an die verschiedenen Versionen von <a href=\"https:\/\/www.holyart.de\/devotionalien\/wandteppiche\/wandteppich-verkundigung-nach-beato-angelico-95x125-cm\"><strong>Fra Angelico<\/strong><\/a>, um nur einige zu nennen.<\/p>\n<div class=\"link-product\">\n<div class=\"blocco-immagine\"><img loading=\"lazy\" decoding=\"async\" class=\"size-full wp-image-7821 alignleft\" src=\"https:\/\/blog.holyart.it\/de\/wp-content\/uploads\/sites\/12\/2026\/03\/Wandteppich-Verkuendigung-nach-Beato-Angelico.jpg\" alt=\"Wandteppich Verk\u00fcndigung nach Beato Angelico\" width=\"100\" height=\"100\" data-kale-share-title=\"Verk\u00fcndigung des Herrn: warum wir den 25. M\u00e4rz feiern\" data-kale-share-url=\"https:\/\/blog.holyart.it\/de\/?p=7809\" \/><\/div>\n<div class=\"blocco-contenuto\">\n<div class=\"blocco-acquista\">Einkaufen:<\/div>\n<div class=\"blocco-titolo\"><a href=\"https:\/\/www.holyart.de\/devotionalien\/wandteppiche\/wandteppich-verkundigung-nach-beato-angelico-95x125-cm\">Wandteppich Verk\u00fcndigung nach Beato Angelico 95&#215;125 cm <\/a><\/div>\n<div class=\"blocco-descrizione\">Der Wandteppich aus raffiniertem Jacquardgewebe und in einem exklusiven Design ist mit goldfarbenen Lurexf\u00e4den verziert.<\/div>\n<\/div>\n<\/div>\n<p>Unabh\u00e4ngig von der Epoche und dem k\u00fcnstlerischen Bezugspunkt haben Gem\u00e4lde, die die Verk\u00fcndigung des Herrn darstellen, in der Regel Maria und den Erzengel Gabriel als Protagonisten, die sich in der Regel an beiden Enden des Raumes gegen\u00fcberstehen. Auf einigen Gem\u00e4lden oder Fresken befindet sich der Engel im Flug, auf anderen auf dem Boden, stehend oder kniend, w\u00e4hrend Maria in der Regel sitzt und die Arme verschr\u00e4nkt, ein Zeichen der Unterwerfung.<\/p>\n<div class=\"link-product\">\n<div class=\"blocco-immagine\"><img loading=\"lazy\" decoding=\"async\" class=\"size-full wp-image-7822 alignleft\" src=\"https:\/\/blog.holyart.it\/de\/wp-content\/uploads\/sites\/12\/2026\/03\/Bild-aus-Bilaminat-von-Maria-Verkundung.jpg\" alt=\"Bild aus Bilaminat von Maria Verk\u0171ndung\" width=\"100\" height=\"100\" data-kale-share-title=\"Verk\u00fcndigung des Herrn: warum wir den 25. M\u00e4rz feiern\" data-kale-share-url=\"https:\/\/blog.holyart.it\/de\/?p=7809\" \/><\/div>\n<div class=\"blocco-contenuto\">\n<div class=\"blocco-acquista\">Einkaufen:<\/div>\n<div class=\"blocco-titolo\"><a href=\"https:\/\/www.holyart.de\/devotionalien\/basreliefs\/basreliefs-aus-silber-und-versilberte-flachreliefe\/bild-aus-bilaminat-von-maria-verkundung-mit-goldfarbenen-verzierungen-und-ruckseite-aus-edlem-holz-33-x-25-cm\">Bild aus Bilaminat von Maria Verk\u0171ndung mit goldfarbenen Verzierungen und R\u0171ckseite aus edlem Holz, 33 x 25 cm<\/a><\/div>\n<div class=\"blocco-descrizione\">Bild von Maria Verk\u0171ndung mit modernem Design und Autorenthema aus Aluminium mit Gold<\/div>\n<\/div>\n<\/div>\n<p>In einigen Darstellungen streckt sie dem Engel die Hand entgegen, der ihr eine Lilie \u00fcberreicht. Die Symbolik der Lilie als Ausdruck der Reinheit taucht h\u00e4ufig auf. Marias Zimmer, das manchmal hinter ihr zu sehen ist, ist ebenfalls sauber und aufger\u00e4umt, was auf ihre Bescheidenheit und Reinheit hinweist.<\/p>\n<p>Manchmal kommen die Worte des Ave-Maria aus dem Mund des Engels.<\/p>\n<p>Andere Protagonisten der Darstellung k\u00f6nnen der Heilige Geist sein, der als Taube dargestellt wird, die Hand Gottes, die in einer Ecke erscheint, und Jesus selbst, der mit <a href=\"https:\/\/www.holyart.de\/blog\/devotionalien\/die-geschichte-von-adam-und-eva\/\"><strong>Adam und Eva<\/strong> <\/a>in Verbindung gebracht wird oder auch nicht, ein Zeichen f\u00fcr die Reinigung von der Erbs\u00fcnde, die sein Kommen darstellt.<\/p>\n<div class=\"link-article\">\n<p><img loading=\"lazy\" decoding=\"async\" class=\"size-full wp-image-7823 alignleft\" src=\"https:\/\/blog.holyart.it\/de\/wp-content\/uploads\/sites\/12\/2026\/03\/adam-und-eva.jpg\" alt=\"adam und eva\" width=\"150\" height=\"99\" data-kale-share-title=\"Verk\u00fcndigung des Herrn: warum wir den 25. M\u00e4rz feiern\" data-kale-share-url=\"https:\/\/blog.holyart.it\/de\/?p=7809\" \/><\/p>\n<div class=\"leggi-anche\">Lesen Sie auch:<\/div>\n<p><strong><a href=\"https:\/\/www.holyart.de\/blog\/devotionalien\/die-geschichte-von-adam-und-eva\/\">Die Geschichte von Adam und Eva<\/a><\/strong><br \/>\nWer kennt die Geschichte von Adam und Eva nicht, dem ersten Mann und der ersten Frau?<\/p>\n<\/div>\n<p>In der Renaissance und im Barock \u00e4nderte sich die Anordnung der Figuren und der symbolischen Elemente und schuf neue und eindrucksvolle Visionen dieser Episode, die auch heute noch ein wiederkehrendes Thema in der sakralen Ikonographie ist.<\/p>\n<\/div>\n<\/div>\n","protected":false},"excerpt":{"rendered":"<p>Am 25. M\u00e4rz feiern wir die Verk\u00fcndigung des Herrn, ein Festtag, der Jesus gewidmet ist, aber auch seiner Mutter Maria, die untrennbar mit ihm verbunden ist. Wir wollen herausfinden, warum. Nur wenige christliche Feiertage k\u00f6nnen sich der religi\u00f6sen Bedeutung der Verk\u00fcndigung des Herrn r\u00fchmen. Sie&hellip;<\/p>\n","protected":false},"author":1,"featured_media":7825,"comment_status":"closed","ping_status":"open","sticky":false,"template":"","format":"standard","meta":{"_acf_changed":false,"footnotes":""},"categories":[10],"tags":[],"class_list":["post-7809","post","type-post","status-publish","format-standard","has-post-thumbnail","hentry","category-devotionalien"],"acf":[],"yoast_head":"<!-- This site is optimized with the Yoast SEO plugin v26.6 - https:\/\/yoast.com\/wordpress\/plugins\/seo\/ -->\n<title>Verk\u00fcndigung des Herrn: warum wir den 25. M\u00e4rz feiern - Holyart.de Blog<\/title>\n<meta name=\"description\" content=\"Am 25. M\u00e4rz feiern wir die Verk\u00fcndigung des Herrn, ein Festtag, der Jesus gewidmet ist, aber auch seiner Mutter Maria...\" \/>\n<meta name=\"robots\" content=\"index, follow, max-snippet:-1, max-image-preview:large, max-video-preview:-1\" \/>\n<link rel=\"canonical\" href=\"https:\/\/blog.holyart.it\/de\/devotionalien\/verkuendigung-des-herrn-warum-wir-den-25-maerz-feiern\/\" \/>\n<meta property=\"og:locale\" content=\"de_DE\" \/>\n<meta property=\"og:type\" content=\"article\" \/>\n<meta property=\"og:title\" content=\"Verk\u00fcndigung des Herrn: warum wir den 25. M\u00e4rz feiern - Holyart.de Blog\" \/>\n<meta property=\"og:description\" content=\"Am 25. M\u00e4rz feiern wir die Verk\u00fcndigung des Herrn, ein Festtag, der Jesus gewidmet ist, aber auch seiner Mutter Maria...\" \/>\n<meta property=\"og:url\" content=\"https:\/\/blog.holyart.it\/de\/devotionalien\/verkuendigung-des-herrn-warum-wir-den-25-maerz-feiern\/\" \/>\n<meta property=\"og:site_name\" content=\"Holyart.de Blog\" \/>\n<meta property=\"article:published_time\" content=\"2026-03-18T09:00:53+00:00\" \/>\n<meta property=\"article:modified_time\" content=\"2026-04-28T12:58:18+00:00\" \/>\n<meta property=\"og:image\" content=\"https:\/\/blog.holyart.it\/de\/wp-content\/uploads\/sites\/12\/2026\/03\/Verkuendigung-des-Herrn-2.jpg\" \/>\n\t<meta property=\"og:image:width\" content=\"1000\" \/>\n\t<meta property=\"og:image:height\" content=\"666\" \/>\n\t<meta property=\"og:image:type\" content=\"image\/jpeg\" \/>\n<meta name=\"author\" content=\"Redazione\" \/>\n<meta name=\"twitter:card\" content=\"summary_large_image\" \/>\n<meta name=\"twitter:label1\" content=\"Verfasst von\" \/>\n\t<meta name=\"twitter:data1\" content=\"Redazione\" \/>\n\t<meta name=\"twitter:label2\" content=\"Gesch\u00e4tzte Lesezeit\" \/>\n\t<meta name=\"twitter:data2\" content=\"13\u00a0Minuten\" \/>\n<script type=\"application\/ld+json\" class=\"yoast-schema-graph\">{\"@context\":\"https:\/\/schema.org\",\"@graph\":[{\"@type\":\"Article\",\"@id\":\"https:\/\/blog.holyart.it\/de\/devotionalien\/verkuendigung-des-herrn-warum-wir-den-25-maerz-feiern\/#article\",\"isPartOf\":{\"@id\":\"https:\/\/blog.holyart.it\/de\/devotionalien\/verkuendigung-des-herrn-warum-wir-den-25-maerz-feiern\/\"},\"author\":{\"name\":\"Redazione\",\"@id\":\"https:\/\/blog.holyart.it\/de\/#\/schema\/person\/0a7b686e5af0f856ec1e390dd0baecda\"},\"headline\":\"Verk\u00fcndigung des Herrn: warum wir den 25. M\u00e4rz feiern\",\"datePublished\":\"2026-03-18T09:00:53+00:00\",\"dateModified\":\"2026-04-28T12:58:18+00:00\",\"mainEntityOfPage\":{\"@id\":\"https:\/\/blog.holyart.it\/de\/devotionalien\/verkuendigung-des-herrn-warum-wir-den-25-maerz-feiern\/\"},\"wordCount\":2030,\"publisher\":{\"@id\":\"https:\/\/blog.holyart.it\/de\/#organization\"},\"image\":{\"@id\":\"https:\/\/blog.holyart.it\/de\/devotionalien\/verkuendigung-des-herrn-warum-wir-den-25-maerz-feiern\/#primaryimage\"},\"thumbnailUrl\":\"https:\/\/blog.holyart.it\/de\/wp-content\/uploads\/sites\/12\/2026\/03\/Verkuendigung-des-Herrn-2.jpg\",\"articleSection\":[\"Religion\"],\"inLanguage\":\"de\"},{\"@type\":\"WebPage\",\"@id\":\"https:\/\/blog.holyart.it\/de\/devotionalien\/verkuendigung-des-herrn-warum-wir-den-25-maerz-feiern\/\",\"url\":\"https:\/\/blog.holyart.it\/de\/devotionalien\/verkuendigung-des-herrn-warum-wir-den-25-maerz-feiern\/\",\"name\":\"Verk\u00fcndigung des Herrn: warum wir den 25. M\u00e4rz feiern - Holyart.de Blog\",\"isPartOf\":{\"@id\":\"https:\/\/blog.holyart.it\/de\/#website\"},\"primaryImageOfPage\":{\"@id\":\"https:\/\/blog.holyart.it\/de\/devotionalien\/verkuendigung-des-herrn-warum-wir-den-25-maerz-feiern\/#primaryimage\"},\"image\":{\"@id\":\"https:\/\/blog.holyart.it\/de\/devotionalien\/verkuendigung-des-herrn-warum-wir-den-25-maerz-feiern\/#primaryimage\"},\"thumbnailUrl\":\"https:\/\/blog.holyart.it\/de\/wp-content\/uploads\/sites\/12\/2026\/03\/Verkuendigung-des-Herrn-2.jpg\",\"datePublished\":\"2026-03-18T09:00:53+00:00\",\"dateModified\":\"2026-04-28T12:58:18+00:00\",\"description\":\"Am 25. M\u00e4rz feiern wir die Verk\u00fcndigung des Herrn, ein Festtag, der Jesus gewidmet ist, aber auch seiner Mutter Maria...\",\"breadcrumb\":{\"@id\":\"https:\/\/blog.holyart.it\/de\/devotionalien\/verkuendigung-des-herrn-warum-wir-den-25-maerz-feiern\/#breadcrumb\"},\"inLanguage\":\"de\",\"potentialAction\":[{\"@type\":\"ReadAction\",\"target\":[\"https:\/\/blog.holyart.it\/de\/devotionalien\/verkuendigung-des-herrn-warum-wir-den-25-maerz-feiern\/\"]}]},{\"@type\":\"ImageObject\",\"inLanguage\":\"de\",\"@id\":\"https:\/\/blog.holyart.it\/de\/devotionalien\/verkuendigung-des-herrn-warum-wir-den-25-maerz-feiern\/#primaryimage\",\"url\":\"https:\/\/blog.holyart.it\/de\/wp-content\/uploads\/sites\/12\/2026\/03\/Verkuendigung-des-Herrn-2.jpg\",\"contentUrl\":\"https:\/\/blog.holyart.it\/de\/wp-content\/uploads\/sites\/12\/2026\/03\/Verkuendigung-des-Herrn-2.jpg\",\"width\":1000,\"height\":666,\"caption\":\"Verk\u00fcndigung des Herrn\"},{\"@type\":\"BreadcrumbList\",\"@id\":\"https:\/\/blog.holyart.it\/de\/devotionalien\/verkuendigung-des-herrn-warum-wir-den-25-maerz-feiern\/#breadcrumb\",\"itemListElement\":[{\"@type\":\"ListItem\",\"position\":1,\"name\":\"Homepage\",\"item\":\"https:\/\/blog.holyart.it\/de\/\"},{\"@type\":\"ListItem\",\"position\":2,\"name\":\"Religion\",\"item\":\"https:\/\/blog.holyart.it\/de\/devotionalien\/\"},{\"@type\":\"ListItem\",\"position\":3,\"name\":\"Verk\u00fcndigung des Herrn: warum wir den 25. M\u00e4rz feiern\"}]},{\"@type\":\"WebSite\",\"@id\":\"https:\/\/blog.holyart.it\/de\/#website\",\"url\":\"https:\/\/blog.holyart.it\/de\/\",\"name\":\"Holyart.de Blog\",\"description\":\"Holyblog\",\"publisher\":{\"@id\":\"https:\/\/blog.holyart.it\/de\/#organization\"},\"potentialAction\":[{\"@type\":\"SearchAction\",\"target\":{\"@type\":\"EntryPoint\",\"urlTemplate\":\"https:\/\/blog.holyart.it\/de\/?s={search_term_string}\"},\"query-input\":{\"@type\":\"PropertyValueSpecification\",\"valueRequired\":true,\"valueName\":\"search_term_string\"}}],\"inLanguage\":\"de\"},{\"@type\":\"Organization\",\"@id\":\"https:\/\/blog.holyart.it\/de\/#organization\",\"name\":\"Holyart.de Blog\",\"url\":\"https:\/\/blog.holyart.it\/de\/\",\"logo\":{\"@type\":\"ImageObject\",\"inLanguage\":\"de\",\"@id\":\"https:\/\/blog.holyart.it\/de\/#\/schema\/logo\/image\/\",\"url\":\"https:\/\/blog.holyart.it\/de\/wp-content\/uploads\/sites\/12\/2022\/12\/Holyart_Blog_Logo.jpg\",\"contentUrl\":\"https:\/\/blog.holyart.it\/de\/wp-content\/uploads\/sites\/12\/2022\/12\/Holyart_Blog_Logo.jpg\",\"width\":300,\"height\":50,\"caption\":\"Holyart.de Blog\"},\"image\":{\"@id\":\"https:\/\/blog.holyart.it\/de\/#\/schema\/logo\/image\/\"}},{\"@type\":\"Person\",\"@id\":\"https:\/\/blog.holyart.it\/de\/#\/schema\/person\/0a7b686e5af0f856ec1e390dd0baecda\",\"name\":\"Redazione\",\"image\":{\"@type\":\"ImageObject\",\"inLanguage\":\"de\",\"@id\":\"https:\/\/blog.holyart.it\/de\/#\/schema\/person\/image\/\",\"url\":\"https:\/\/secure.gravatar.com\/avatar\/f477da817f43e50d0af36abecd33e3edf826c68299714bdc1057dff3b113f516?s=96&d=mm&r=g\",\"contentUrl\":\"https:\/\/secure.gravatar.com\/avatar\/f477da817f43e50d0af36abecd33e3edf826c68299714bdc1057dff3b113f516?s=96&d=mm&r=g\",\"caption\":\"Redazione\"}}]}<\/script>\n<!-- \/ Yoast SEO plugin. -->","yoast_head_json":{"title":"Verk\u00fcndigung des Herrn: warum wir den 25. M\u00e4rz feiern - Holyart.de Blog","description":"Am 25. M\u00e4rz feiern wir die Verk\u00fcndigung des Herrn, ein Festtag, der Jesus gewidmet ist, aber auch seiner Mutter Maria...","robots":{"index":"index","follow":"follow","max-snippet":"max-snippet:-1","max-image-preview":"max-image-preview:large","max-video-preview":"max-video-preview:-1"},"canonical":"https:\/\/blog.holyart.it\/de\/devotionalien\/verkuendigung-des-herrn-warum-wir-den-25-maerz-feiern\/","og_locale":"de_DE","og_type":"article","og_title":"Verk\u00fcndigung des Herrn: warum wir den 25. M\u00e4rz feiern - Holyart.de Blog","og_description":"Am 25. M\u00e4rz feiern wir die Verk\u00fcndigung des Herrn, ein Festtag, der Jesus gewidmet ist, aber auch seiner Mutter Maria...","og_url":"https:\/\/blog.holyart.it\/de\/devotionalien\/verkuendigung-des-herrn-warum-wir-den-25-maerz-feiern\/","og_site_name":"Holyart.de Blog","article_published_time":"2026-03-18T09:00:53+00:00","article_modified_time":"2026-04-28T12:58:18+00:00","og_image":[{"width":1000,"height":666,"url":"https:\/\/blog.holyart.it\/de\/wp-content\/uploads\/sites\/12\/2026\/03\/Verkuendigung-des-Herrn-2.jpg","type":"image\/jpeg"}],"author":"Redazione","twitter_card":"summary_large_image","twitter_misc":{"Verfasst von":"Redazione","Gesch\u00e4tzte Lesezeit":"13\u00a0Minuten"},"schema":{"@context":"https:\/\/schema.org","@graph":[{"@type":"Article","@id":"https:\/\/blog.holyart.it\/de\/devotionalien\/verkuendigung-des-herrn-warum-wir-den-25-maerz-feiern\/#article","isPartOf":{"@id":"https:\/\/blog.holyart.it\/de\/devotionalien\/verkuendigung-des-herrn-warum-wir-den-25-maerz-feiern\/"},"author":{"name":"Redazione","@id":"https:\/\/blog.holyart.it\/de\/#\/schema\/person\/0a7b686e5af0f856ec1e390dd0baecda"},"headline":"Verk\u00fcndigung des Herrn: warum wir den 25. M\u00e4rz feiern","datePublished":"2026-03-18T09:00:53+00:00","dateModified":"2026-04-28T12:58:18+00:00","mainEntityOfPage":{"@id":"https:\/\/blog.holyart.it\/de\/devotionalien\/verkuendigung-des-herrn-warum-wir-den-25-maerz-feiern\/"},"wordCount":2030,"publisher":{"@id":"https:\/\/blog.holyart.it\/de\/#organization"},"image":{"@id":"https:\/\/blog.holyart.it\/de\/devotionalien\/verkuendigung-des-herrn-warum-wir-den-25-maerz-feiern\/#primaryimage"},"thumbnailUrl":"https:\/\/blog.holyart.it\/de\/wp-content\/uploads\/sites\/12\/2026\/03\/Verkuendigung-des-Herrn-2.jpg","articleSection":["Religion"],"inLanguage":"de"},{"@type":"WebPage","@id":"https:\/\/blog.holyart.it\/de\/devotionalien\/verkuendigung-des-herrn-warum-wir-den-25-maerz-feiern\/","url":"https:\/\/blog.holyart.it\/de\/devotionalien\/verkuendigung-des-herrn-warum-wir-den-25-maerz-feiern\/","name":"Verk\u00fcndigung des Herrn: warum wir den 25. M\u00e4rz feiern - Holyart.de Blog","isPartOf":{"@id":"https:\/\/blog.holyart.it\/de\/#website"},"primaryImageOfPage":{"@id":"https:\/\/blog.holyart.it\/de\/devotionalien\/verkuendigung-des-herrn-warum-wir-den-25-maerz-feiern\/#primaryimage"},"image":{"@id":"https:\/\/blog.holyart.it\/de\/devotionalien\/verkuendigung-des-herrn-warum-wir-den-25-maerz-feiern\/#primaryimage"},"thumbnailUrl":"https:\/\/blog.holyart.it\/de\/wp-content\/uploads\/sites\/12\/2026\/03\/Verkuendigung-des-Herrn-2.jpg","datePublished":"2026-03-18T09:00:53+00:00","dateModified":"2026-04-28T12:58:18+00:00","description":"Am 25. M\u00e4rz feiern wir die Verk\u00fcndigung des Herrn, ein Festtag, der Jesus gewidmet ist, aber auch seiner Mutter Maria...","breadcrumb":{"@id":"https:\/\/blog.holyart.it\/de\/devotionalien\/verkuendigung-des-herrn-warum-wir-den-25-maerz-feiern\/#breadcrumb"},"inLanguage":"de","potentialAction":[{"@type":"ReadAction","target":["https:\/\/blog.holyart.it\/de\/devotionalien\/verkuendigung-des-herrn-warum-wir-den-25-maerz-feiern\/"]}]},{"@type":"ImageObject","inLanguage":"de","@id":"https:\/\/blog.holyart.it\/de\/devotionalien\/verkuendigung-des-herrn-warum-wir-den-25-maerz-feiern\/#primaryimage","url":"https:\/\/blog.holyart.it\/de\/wp-content\/uploads\/sites\/12\/2026\/03\/Verkuendigung-des-Herrn-2.jpg","contentUrl":"https:\/\/blog.holyart.it\/de\/wp-content\/uploads\/sites\/12\/2026\/03\/Verkuendigung-des-Herrn-2.jpg","width":1000,"height":666,"caption":"Verk\u00fcndigung des Herrn"},{"@type":"BreadcrumbList","@id":"https:\/\/blog.holyart.it\/de\/devotionalien\/verkuendigung-des-herrn-warum-wir-den-25-maerz-feiern\/#breadcrumb","itemListElement":[{"@type":"ListItem","position":1,"name":"Homepage","item":"https:\/\/blog.holyart.it\/de\/"},{"@type":"ListItem","position":2,"name":"Religion","item":"https:\/\/blog.holyart.it\/de\/devotionalien\/"},{"@type":"ListItem","position":3,"name":"Verk\u00fcndigung des Herrn: warum wir den 25. M\u00e4rz feiern"}]},{"@type":"WebSite","@id":"https:\/\/blog.holyart.it\/de\/#website","url":"https:\/\/blog.holyart.it\/de\/","name":"Holyart.de Blog","description":"Holyblog","publisher":{"@id":"https:\/\/blog.holyart.it\/de\/#organization"},"potentialAction":[{"@type":"SearchAction","target":{"@type":"EntryPoint","urlTemplate":"https:\/\/blog.holyart.it\/de\/?s={search_term_string}"},"query-input":{"@type":"PropertyValueSpecification","valueRequired":true,"valueName":"search_term_string"}}],"inLanguage":"de"},{"@type":"Organization","@id":"https:\/\/blog.holyart.it\/de\/#organization","name":"Holyart.de Blog","url":"https:\/\/blog.holyart.it\/de\/","logo":{"@type":"ImageObject","inLanguage":"de","@id":"https:\/\/blog.holyart.it\/de\/#\/schema\/logo\/image\/","url":"https:\/\/blog.holyart.it\/de\/wp-content\/uploads\/sites\/12\/2022\/12\/Holyart_Blog_Logo.jpg","contentUrl":"https:\/\/blog.holyart.it\/de\/wp-content\/uploads\/sites\/12\/2022\/12\/Holyart_Blog_Logo.jpg","width":300,"height":50,"caption":"Holyart.de Blog"},"image":{"@id":"https:\/\/blog.holyart.it\/de\/#\/schema\/logo\/image\/"}},{"@type":"Person","@id":"https:\/\/blog.holyart.it\/de\/#\/schema\/person\/0a7b686e5af0f856ec1e390dd0baecda","name":"Redazione","image":{"@type":"ImageObject","inLanguage":"de","@id":"https:\/\/blog.holyart.it\/de\/#\/schema\/person\/image\/","url":"https:\/\/secure.gravatar.com\/avatar\/f477da817f43e50d0af36abecd33e3edf826c68299714bdc1057dff3b113f516?s=96&d=mm&r=g","contentUrl":"https:\/\/secure.gravatar.com\/avatar\/f477da817f43e50d0af36abecd33e3edf826c68299714bdc1057dff3b113f516?s=96&d=mm&r=g","caption":"Redazione"}}]}},"_links":{"self":[{"href":"https:\/\/blog.holyart.it\/de\/wp-json\/wp\/v2\/posts\/7809","targetHints":{"allow":["GET"]}}],"collection":[{"href":"https:\/\/blog.holyart.it\/de\/wp-json\/wp\/v2\/posts"}],"about":[{"href":"https:\/\/blog.holyart.it\/de\/wp-json\/wp\/v2\/types\/post"}],"author":[{"embeddable":true,"href":"https:\/\/blog.holyart.it\/de\/wp-json\/wp\/v2\/users\/1"}],"replies":[{"embeddable":true,"href":"https:\/\/blog.holyart.it\/de\/wp-json\/wp\/v2\/comments?post=7809"}],"version-history":[{"count":9,"href":"https:\/\/blog.holyart.it\/de\/wp-json\/wp\/v2\/posts\/7809\/revisions"}],"predecessor-version":[{"id":7829,"href":"https:\/\/blog.holyart.it\/de\/wp-json\/wp\/v2\/posts\/7809\/revisions\/7829"}],"wp:featuredmedia":[{"embeddable":true,"href":"https:\/\/blog.holyart.it\/de\/wp-json\/wp\/v2\/media\/7825"}],"wp:attachment":[{"href":"https:\/\/blog.holyart.it\/de\/wp-json\/wp\/v2\/media?parent=7809"}],"wp:term":[{"taxonomy":"category","embeddable":true,"href":"https:\/\/blog.holyart.it\/de\/wp-json\/wp\/v2\/categories?post=7809"},{"taxonomy":"post_tag","embeddable":true,"href":"https:\/\/blog.holyart.it\/de\/wp-json\/wp\/v2\/tags?post=7809"}],"curies":[{"name":"wp","href":"https:\/\/api.w.org\/{rel}","templated":true}]}}