{"id":772,"date":"2018-09-19T11:32:13","date_gmt":"2018-09-19T09:32:13","guid":{"rendered":"https:\/\/blog.holyart.it\/de\/?p=772"},"modified":"2019-03-27T11:46:34","modified_gmt":"2019-03-27T10:46:34","slug":"10-fakten-uber-die-krippe","status":"publish","type":"post","link":"https:\/\/blog.holyart.it\/de\/weihnachten\/10-fakten-uber-die-krippe\/","title":{"rendered":"10 Fakten \u00fcber die Krippe"},"content":{"rendered":"<p>Weihnachten steht bald vor der T\u00fcr und die Kinder k\u00f6nnen es kaum erwarten die ersten<strong> <a href=\"https:\/\/www.holyart.de\/weihnachten\/krippenfiguren\">Krippenfiguren<\/a><\/strong> aus dem Dachboden zu holen. Heute wollen wir \u00fcber die Krippe reden und \u00fcber <strong>10 Fakten eines der wichtigsten Symbole des Weihnachtens<\/strong>.<\/p>\n<ol>\n<li>\n<h2>Wortgeschichte des Begriffes \u201cKrippe\u201d<\/h2>\n<\/li>\n<\/ol>\n<p>Fangen wir mit dem Wort \u201cKrippe\u201d an, ein sehr kurioses Wort, und es ist erlaubt sich \u00fcber seiner Bedeutung zu informieren. Das Wort \u201eKrippe\u201c bedeutet einfach \u201eFuttertrog\u201c. Somit, das was anf\u00e4nglich eine improvisierte Kinderwiege f\u00fcr den Jesuskind sein sollte, gab am Ende am gesamten B\u00fchnenbild der uns jedes Jahr an den Wunder seiner Geburt erinnert, den Namen!<\/p>\n<p>Auch die W\u00f6rter die die Krippe in anderen Sprachen bezeichnen, stammen aus einem Begriff der im alten lat. \u201ecripia\u201c hei\u00dft und \u201eFuttertrog\u201c bedeutet: \u201ecrech\u00e8\u201c, \u201ecrib\u201c, \u201epresepe\u201c, \u201ekrubba\u201c, beziehungsweise \u201eKrippe\u201c auf Franz\u00f6sisch, Englisch, Italienisch uns Schwedisch. Die W\u00f6rter \u201eszopka\u201c auf Polnisch und \u201ewertep\u201c auf Russisch bedeuten auch immer Futtertrog und werden verwendet um die Weihnachtskrippe zu bezeichnen.<\/p>\n<ol start=\"2\">\n<li>\n<h2>Die erste Krippe der Geschichte<\/h2>\n<\/li>\n<\/ol>\n<p><strong>Heiliger Franz von Assisi<\/strong> war der erste der <strong>Christi Geburt<\/strong> realistisch darstellen wollte. Er tat es vor allem zu Gunsten von der christlichen Bev\u00f6lkerung, die analphabetisch war und somit nicht im Stande war den Neuen Testament und vor allem die Texte die \u00fcber einem so wichtigen Ereignis sprachen, lesen zu k\u00f6nnen. Das war im Dezember 1223.<\/p>\n<ol start=\"3\">\n<li>\n<h2>Die \u00e4lteste Krippe der Welt<\/h2>\n<\/li>\n<\/ol>\n<p>Die \u00e4lteste Krippe der Welt steht in Bologna in der Basilika des Hl. Stefan. Sie stammt aus dem 8. Jahrhundert, ist sehr gro\u00df und die Figuren wurden von gro\u00dfen Meistern geschnitzt und dekoriert.<\/p>\n<ol start=\"4\">\n<li>\n<h2>Die Krippe aus Pappmache von Lecce<\/h2>\n<\/li>\n<\/ol>\n<p>Die Krippe aus Lecce hat sich immer von den anderen unterscheidet, da sie aus Pappmache hergestellt ist. Ende des 19. Jahrhunderts versuchten die Herrenfriseure das magere Einkommen aufzurunden und stellen die kleinen Figuren der Krippe mit Pappmache her, die dann am Tag der Hl. Lucia auf dem Markt verkauft wurden.<\/p>\n<ol start=\"5\">\n<li>\n<h2>Azteken: eine Rekord-Krippe<\/h2>\n<\/li>\n<\/ol>\n<p>Im Aztekenstadium von Mexiko-Stadt gibt es eine Krippe die zum Guinnes World Record z\u00e4hlt und besteht aus \u00fcber 1.500 kleinen Figuren, viele davon automatisiert.<\/p>\n<ol start=\"6\">\n<li>\n<h2>Die kleinen Figuren der Krippe in Via San Gregorio Armeno (Neapel)<\/h2>\n<\/li>\n<\/ol>\n<p>In der Stra\u00dfe San Gregorio Armeno in Neapel, stellen die Krippenhandwerker jedes Jahr die kleinen Statuen her, die ja nach traditionellen Methoden hergestellt werden, aber die ber\u00fchmtesten Pers\u00f6nlichkeiten unserer Zeit wie z.B. Politiker, Schauspieler und Leute aus dem Fernseher, darstellen. Matteo Salvini, italienischer Politiker, Journalist und Abgeordneter des Europ\u00e4ischen Parlaments, ist zurzeit einer der meistgefragten Figuren.<\/p>\n<ol start=\"7\">\n<li>\n<h2>Die australische Krippe<\/h2>\n<\/li>\n<\/ol>\n<p>In Australien stellt man die Krippe am Strand auf und nat\u00fcrlich verwendet man dabei nur Sand.<\/p>\n<ol start=\"8\">\n<li>\n<h2>Die schwimmende Krippe von Cesenatico<\/h2>\n<\/li>\n<\/ol>\n<p>Die ber\u00fchmte Krippe von Cesenatico besteht aus einem alten Boot und bringt die Mitglieder der Heiligen Familie und alle anderen Figuren in Menschengr\u00f6\u00dfe unter.<\/p>\n<ol start=\"9\">\n<li>\n<h2>Manarola: eine nachhaltige Krippe<\/h2>\n<\/li>\n<\/ol>\n<p>In Manarola, in der italienischen Region Ligurien, hat der fr\u00fchere Eisenbahnangestellter Mario Andreoli, eine der gr\u00f6\u00dften Krippen der Welt realisiert. Sie steht auf einem H\u00fcgel \u00fcber die ber\u00fchmten Cinque Terre und besteht aus Figuren, die aus Recycling- und Ausschussmaterial bestehen. Bei der Abendd\u00e4mmerung beleuchten Fotovoltaikpaneelen den gesamten Hang des H\u00fcgels und erzeugen einen faszinierenden Effekt.<\/p>\n<ol start=\"10\">\n<li>\n<h2>Forni: eine Krippe aus Brot<\/h2>\n<\/li>\n<\/ol>\n<p>In der sardinischen Stadt Forni hat ein B\u00e4cker alle Krippenfiguren mit Brotteig gebacken und sie dann mit den traditionellen Kost\u00fcmen bekleidet.<\/p>\n","protected":false},"excerpt":{"rendered":"<p>Weihnachten steht bald vor der T\u00fcr und die Kinder k\u00f6nnen es kaum erwarten die ersten Krippenfiguren aus dem Dachboden zu holen. Heute wollen wir \u00fcber die Krippe reden und \u00fcber 10 Fakten eines der wichtigsten Symbole des Weihnachtens. Wortgeschichte des Begriffes \u201cKrippe\u201d Fangen wir mit&hellip;<\/p>\n","protected":false},"author":1,"featured_media":773,"comment_status":"closed","ping_status":"open","sticky":false,"template":"","format":"standard","meta":{"_acf_changed":false,"footnotes":""},"categories":[12],"tags":[],"class_list":["post-772","post","type-post","status-publish","format-standard","has-post-thumbnail","hentry","category-weihnachten"],"acf":[],"yoast_head":"<!-- This site is optimized with the Yoast SEO plugin v26.6 - https:\/\/yoast.com\/wordpress\/plugins\/seo\/ -->\n<title>10 Fakten \u00fcber die Krippe - Holyart.de Blog<\/title>\n<meta name=\"description\" content=\"Weihnachten r\u00fcckt n\u00e4her und die Kinder sind in Aufruhr, um die ersten Krippenfiguren vom Dachboden zu ziehen. Heute wollen wir \u00fcber die Krippe sprechen\" \/>\n<meta name=\"robots\" content=\"index, follow, max-snippet:-1, max-image-preview:large, max-video-preview:-1\" \/>\n<link rel=\"canonical\" href=\"https:\/\/blog.holyart.it\/de\/weihnachten\/10-fakten-uber-die-krippe\/\" \/>\n<meta property=\"og:locale\" content=\"de_DE\" \/>\n<meta property=\"og:type\" content=\"article\" \/>\n<meta property=\"og:title\" content=\"10 Fakten \u00fcber die Krippe - Holyart.de Blog\" \/>\n<meta property=\"og:description\" content=\"Weihnachten r\u00fcckt n\u00e4her und die Kinder sind in Aufruhr, um die ersten Krippenfiguren vom Dachboden zu ziehen. Heute wollen wir \u00fcber die Krippe sprechen\" \/>\n<meta property=\"og:url\" content=\"https:\/\/blog.holyart.it\/de\/weihnachten\/10-fakten-uber-die-krippe\/\" \/>\n<meta property=\"og:site_name\" content=\"Holyart.de Blog\" \/>\n<meta property=\"article:published_time\" content=\"2018-09-19T09:32:13+00:00\" \/>\n<meta property=\"article:modified_time\" content=\"2019-03-27T10:46:34+00:00\" \/>\n<meta property=\"og:image\" content=\"https:\/\/blog.holyart.it\/de\/wp-content\/uploads\/sites\/12\/2019\/03\/Via-San-Gregorio-Armeno.jpg\" \/>\n\t<meta property=\"og:image:width\" content=\"999\" \/>\n\t<meta property=\"og:image:height\" content=\"672\" \/>\n\t<meta property=\"og:image:type\" content=\"image\/jpeg\" \/>\n<meta name=\"author\" content=\"Redazione\" \/>\n<meta name=\"twitter:card\" content=\"summary_large_image\" \/>\n<meta name=\"twitter:label1\" content=\"Verfasst von\" \/>\n\t<meta name=\"twitter:data1\" content=\"Redazione\" \/>\n\t<meta name=\"twitter:label2\" content=\"Gesch\u00e4tzte Lesezeit\" \/>\n\t<meta name=\"twitter:data2\" content=\"3\u00a0Minuten\" \/>\n<script type=\"application\/ld+json\" class=\"yoast-schema-graph\">{\"@context\":\"https:\/\/schema.org\",\"@graph\":[{\"@type\":\"Article\",\"@id\":\"https:\/\/blog.holyart.it\/de\/weihnachten\/10-fakten-uber-die-krippe\/#article\",\"isPartOf\":{\"@id\":\"https:\/\/blog.holyart.it\/de\/weihnachten\/10-fakten-uber-die-krippe\/\"},\"author\":{\"name\":\"Redazione\",\"@id\":\"https:\/\/blog.holyart.it\/de\/#\/schema\/person\/0a7b686e5af0f856ec1e390dd0baecda\"},\"headline\":\"10 Fakten \u00fcber die Krippe\",\"datePublished\":\"2018-09-19T09:32:13+00:00\",\"dateModified\":\"2019-03-27T10:46:34+00:00\",\"mainEntityOfPage\":{\"@id\":\"https:\/\/blog.holyart.it\/de\/weihnachten\/10-fakten-uber-die-krippe\/\"},\"wordCount\":565,\"publisher\":{\"@id\":\"https:\/\/blog.holyart.it\/de\/#organization\"},\"image\":{\"@id\":\"https:\/\/blog.holyart.it\/de\/weihnachten\/10-fakten-uber-die-krippe\/#primaryimage\"},\"thumbnailUrl\":\"https:\/\/blog.holyart.it\/de\/wp-content\/uploads\/sites\/12\/2019\/03\/Via-San-Gregorio-Armeno.jpg\",\"articleSection\":[\"Weihnachten\"],\"inLanguage\":\"de\"},{\"@type\":\"WebPage\",\"@id\":\"https:\/\/blog.holyart.it\/de\/weihnachten\/10-fakten-uber-die-krippe\/\",\"url\":\"https:\/\/blog.holyart.it\/de\/weihnachten\/10-fakten-uber-die-krippe\/\",\"name\":\"10 Fakten \u00fcber die Krippe - Holyart.de Blog\",\"isPartOf\":{\"@id\":\"https:\/\/blog.holyart.it\/de\/#website\"},\"primaryImageOfPage\":{\"@id\":\"https:\/\/blog.holyart.it\/de\/weihnachten\/10-fakten-uber-die-krippe\/#primaryimage\"},\"image\":{\"@id\":\"https:\/\/blog.holyart.it\/de\/weihnachten\/10-fakten-uber-die-krippe\/#primaryimage\"},\"thumbnailUrl\":\"https:\/\/blog.holyart.it\/de\/wp-content\/uploads\/sites\/12\/2019\/03\/Via-San-Gregorio-Armeno.jpg\",\"datePublished\":\"2018-09-19T09:32:13+00:00\",\"dateModified\":\"2019-03-27T10:46:34+00:00\",\"description\":\"Weihnachten r\u00fcckt n\u00e4her und die Kinder sind in Aufruhr, um die ersten Krippenfiguren vom Dachboden zu ziehen. Heute wollen wir \u00fcber die Krippe sprechen\",\"breadcrumb\":{\"@id\":\"https:\/\/blog.holyart.it\/de\/weihnachten\/10-fakten-uber-die-krippe\/#breadcrumb\"},\"inLanguage\":\"de\",\"potentialAction\":[{\"@type\":\"ReadAction\",\"target\":[\"https:\/\/blog.holyart.it\/de\/weihnachten\/10-fakten-uber-die-krippe\/\"]}]},{\"@type\":\"ImageObject\",\"inLanguage\":\"de\",\"@id\":\"https:\/\/blog.holyart.it\/de\/weihnachten\/10-fakten-uber-die-krippe\/#primaryimage\",\"url\":\"https:\/\/blog.holyart.it\/de\/wp-content\/uploads\/sites\/12\/2019\/03\/Via-San-Gregorio-Armeno.jpg\",\"contentUrl\":\"https:\/\/blog.holyart.it\/de\/wp-content\/uploads\/sites\/12\/2019\/03\/Via-San-Gregorio-Armeno.jpg\",\"width\":999,\"height\":672,\"caption\":\"Via San Gregorio Armeno\"},{\"@type\":\"BreadcrumbList\",\"@id\":\"https:\/\/blog.holyart.it\/de\/weihnachten\/10-fakten-uber-die-krippe\/#breadcrumb\",\"itemListElement\":[{\"@type\":\"ListItem\",\"position\":1,\"name\":\"Homepage\",\"item\":\"https:\/\/blog.holyart.it\/de\/\"},{\"@type\":\"ListItem\",\"position\":2,\"name\":\"Weihnachten\",\"item\":\"https:\/\/blog.holyart.it\/de\/weihnachten\/\"},{\"@type\":\"ListItem\",\"position\":3,\"name\":\"10 Fakten \u00fcber die Krippe\"}]},{\"@type\":\"WebSite\",\"@id\":\"https:\/\/blog.holyart.it\/de\/#website\",\"url\":\"https:\/\/blog.holyart.it\/de\/\",\"name\":\"Holyart.de Blog\",\"description\":\"Holyblog\",\"publisher\":{\"@id\":\"https:\/\/blog.holyart.it\/de\/#organization\"},\"potentialAction\":[{\"@type\":\"SearchAction\",\"target\":{\"@type\":\"EntryPoint\",\"urlTemplate\":\"https:\/\/blog.holyart.it\/de\/?s={search_term_string}\"},\"query-input\":{\"@type\":\"PropertyValueSpecification\",\"valueRequired\":true,\"valueName\":\"search_term_string\"}}],\"inLanguage\":\"de\"},{\"@type\":\"Organization\",\"@id\":\"https:\/\/blog.holyart.it\/de\/#organization\",\"name\":\"Holyart.de Blog\",\"url\":\"https:\/\/blog.holyart.it\/de\/\",\"logo\":{\"@type\":\"ImageObject\",\"inLanguage\":\"de\",\"@id\":\"https:\/\/blog.holyart.it\/de\/#\/schema\/logo\/image\/\",\"url\":\"https:\/\/blog.holyart.it\/de\/wp-content\/uploads\/sites\/12\/2022\/12\/Holyart_Blog_Logo.jpg\",\"contentUrl\":\"https:\/\/blog.holyart.it\/de\/wp-content\/uploads\/sites\/12\/2022\/12\/Holyart_Blog_Logo.jpg\",\"width\":300,\"height\":50,\"caption\":\"Holyart.de Blog\"},\"image\":{\"@id\":\"https:\/\/blog.holyart.it\/de\/#\/schema\/logo\/image\/\"}},{\"@type\":\"Person\",\"@id\":\"https:\/\/blog.holyart.it\/de\/#\/schema\/person\/0a7b686e5af0f856ec1e390dd0baecda\",\"name\":\"Redazione\",\"image\":{\"@type\":\"ImageObject\",\"inLanguage\":\"de\",\"@id\":\"https:\/\/blog.holyart.it\/de\/#\/schema\/person\/image\/\",\"url\":\"https:\/\/secure.gravatar.com\/avatar\/f477da817f43e50d0af36abecd33e3edf826c68299714bdc1057dff3b113f516?s=96&d=mm&r=g\",\"contentUrl\":\"https:\/\/secure.gravatar.com\/avatar\/f477da817f43e50d0af36abecd33e3edf826c68299714bdc1057dff3b113f516?s=96&d=mm&r=g\",\"caption\":\"Redazione\"}}]}<\/script>\n<!-- \/ Yoast SEO plugin. -->","yoast_head_json":{"title":"10 Fakten \u00fcber die Krippe - Holyart.de Blog","description":"Weihnachten r\u00fcckt n\u00e4her und die Kinder sind in Aufruhr, um die ersten Krippenfiguren vom Dachboden zu ziehen. Heute wollen wir \u00fcber die Krippe sprechen","robots":{"index":"index","follow":"follow","max-snippet":"max-snippet:-1","max-image-preview":"max-image-preview:large","max-video-preview":"max-video-preview:-1"},"canonical":"https:\/\/blog.holyart.it\/de\/weihnachten\/10-fakten-uber-die-krippe\/","og_locale":"de_DE","og_type":"article","og_title":"10 Fakten \u00fcber die Krippe - Holyart.de Blog","og_description":"Weihnachten r\u00fcckt n\u00e4her und die Kinder sind in Aufruhr, um die ersten Krippenfiguren vom Dachboden zu ziehen. Heute wollen wir \u00fcber die Krippe sprechen","og_url":"https:\/\/blog.holyart.it\/de\/weihnachten\/10-fakten-uber-die-krippe\/","og_site_name":"Holyart.de Blog","article_published_time":"2018-09-19T09:32:13+00:00","article_modified_time":"2019-03-27T10:46:34+00:00","og_image":[{"width":999,"height":672,"url":"https:\/\/blog.holyart.it\/de\/wp-content\/uploads\/sites\/12\/2019\/03\/Via-San-Gregorio-Armeno.jpg","type":"image\/jpeg"}],"author":"Redazione","twitter_card":"summary_large_image","twitter_misc":{"Verfasst von":"Redazione","Gesch\u00e4tzte Lesezeit":"3\u00a0Minuten"},"schema":{"@context":"https:\/\/schema.org","@graph":[{"@type":"Article","@id":"https:\/\/blog.holyart.it\/de\/weihnachten\/10-fakten-uber-die-krippe\/#article","isPartOf":{"@id":"https:\/\/blog.holyart.it\/de\/weihnachten\/10-fakten-uber-die-krippe\/"},"author":{"name":"Redazione","@id":"https:\/\/blog.holyart.it\/de\/#\/schema\/person\/0a7b686e5af0f856ec1e390dd0baecda"},"headline":"10 Fakten \u00fcber die Krippe","datePublished":"2018-09-19T09:32:13+00:00","dateModified":"2019-03-27T10:46:34+00:00","mainEntityOfPage":{"@id":"https:\/\/blog.holyart.it\/de\/weihnachten\/10-fakten-uber-die-krippe\/"},"wordCount":565,"publisher":{"@id":"https:\/\/blog.holyart.it\/de\/#organization"},"image":{"@id":"https:\/\/blog.holyart.it\/de\/weihnachten\/10-fakten-uber-die-krippe\/#primaryimage"},"thumbnailUrl":"https:\/\/blog.holyart.it\/de\/wp-content\/uploads\/sites\/12\/2019\/03\/Via-San-Gregorio-Armeno.jpg","articleSection":["Weihnachten"],"inLanguage":"de"},{"@type":"WebPage","@id":"https:\/\/blog.holyart.it\/de\/weihnachten\/10-fakten-uber-die-krippe\/","url":"https:\/\/blog.holyart.it\/de\/weihnachten\/10-fakten-uber-die-krippe\/","name":"10 Fakten \u00fcber die Krippe - Holyart.de Blog","isPartOf":{"@id":"https:\/\/blog.holyart.it\/de\/#website"},"primaryImageOfPage":{"@id":"https:\/\/blog.holyart.it\/de\/weihnachten\/10-fakten-uber-die-krippe\/#primaryimage"},"image":{"@id":"https:\/\/blog.holyart.it\/de\/weihnachten\/10-fakten-uber-die-krippe\/#primaryimage"},"thumbnailUrl":"https:\/\/blog.holyart.it\/de\/wp-content\/uploads\/sites\/12\/2019\/03\/Via-San-Gregorio-Armeno.jpg","datePublished":"2018-09-19T09:32:13+00:00","dateModified":"2019-03-27T10:46:34+00:00","description":"Weihnachten r\u00fcckt n\u00e4her und die Kinder sind in Aufruhr, um die ersten Krippenfiguren vom Dachboden zu ziehen. Heute wollen wir \u00fcber die Krippe sprechen","breadcrumb":{"@id":"https:\/\/blog.holyart.it\/de\/weihnachten\/10-fakten-uber-die-krippe\/#breadcrumb"},"inLanguage":"de","potentialAction":[{"@type":"ReadAction","target":["https:\/\/blog.holyart.it\/de\/weihnachten\/10-fakten-uber-die-krippe\/"]}]},{"@type":"ImageObject","inLanguage":"de","@id":"https:\/\/blog.holyart.it\/de\/weihnachten\/10-fakten-uber-die-krippe\/#primaryimage","url":"https:\/\/blog.holyart.it\/de\/wp-content\/uploads\/sites\/12\/2019\/03\/Via-San-Gregorio-Armeno.jpg","contentUrl":"https:\/\/blog.holyart.it\/de\/wp-content\/uploads\/sites\/12\/2019\/03\/Via-San-Gregorio-Armeno.jpg","width":999,"height":672,"caption":"Via San Gregorio Armeno"},{"@type":"BreadcrumbList","@id":"https:\/\/blog.holyart.it\/de\/weihnachten\/10-fakten-uber-die-krippe\/#breadcrumb","itemListElement":[{"@type":"ListItem","position":1,"name":"Homepage","item":"https:\/\/blog.holyart.it\/de\/"},{"@type":"ListItem","position":2,"name":"Weihnachten","item":"https:\/\/blog.holyart.it\/de\/weihnachten\/"},{"@type":"ListItem","position":3,"name":"10 Fakten \u00fcber die Krippe"}]},{"@type":"WebSite","@id":"https:\/\/blog.holyart.it\/de\/#website","url":"https:\/\/blog.holyart.it\/de\/","name":"Holyart.de Blog","description":"Holyblog","publisher":{"@id":"https:\/\/blog.holyart.it\/de\/#organization"},"potentialAction":[{"@type":"SearchAction","target":{"@type":"EntryPoint","urlTemplate":"https:\/\/blog.holyart.it\/de\/?s={search_term_string}"},"query-input":{"@type":"PropertyValueSpecification","valueRequired":true,"valueName":"search_term_string"}}],"inLanguage":"de"},{"@type":"Organization","@id":"https:\/\/blog.holyart.it\/de\/#organization","name":"Holyart.de Blog","url":"https:\/\/blog.holyart.it\/de\/","logo":{"@type":"ImageObject","inLanguage":"de","@id":"https:\/\/blog.holyart.it\/de\/#\/schema\/logo\/image\/","url":"https:\/\/blog.holyart.it\/de\/wp-content\/uploads\/sites\/12\/2022\/12\/Holyart_Blog_Logo.jpg","contentUrl":"https:\/\/blog.holyart.it\/de\/wp-content\/uploads\/sites\/12\/2022\/12\/Holyart_Blog_Logo.jpg","width":300,"height":50,"caption":"Holyart.de Blog"},"image":{"@id":"https:\/\/blog.holyart.it\/de\/#\/schema\/logo\/image\/"}},{"@type":"Person","@id":"https:\/\/blog.holyart.it\/de\/#\/schema\/person\/0a7b686e5af0f856ec1e390dd0baecda","name":"Redazione","image":{"@type":"ImageObject","inLanguage":"de","@id":"https:\/\/blog.holyart.it\/de\/#\/schema\/person\/image\/","url":"https:\/\/secure.gravatar.com\/avatar\/f477da817f43e50d0af36abecd33e3edf826c68299714bdc1057dff3b113f516?s=96&d=mm&r=g","contentUrl":"https:\/\/secure.gravatar.com\/avatar\/f477da817f43e50d0af36abecd33e3edf826c68299714bdc1057dff3b113f516?s=96&d=mm&r=g","caption":"Redazione"}}]}},"_links":{"self":[{"href":"https:\/\/blog.holyart.it\/de\/wp-json\/wp\/v2\/posts\/772","targetHints":{"allow":["GET"]}}],"collection":[{"href":"https:\/\/blog.holyart.it\/de\/wp-json\/wp\/v2\/posts"}],"about":[{"href":"https:\/\/blog.holyart.it\/de\/wp-json\/wp\/v2\/types\/post"}],"author":[{"embeddable":true,"href":"https:\/\/blog.holyart.it\/de\/wp-json\/wp\/v2\/users\/1"}],"replies":[{"embeddable":true,"href":"https:\/\/blog.holyart.it\/de\/wp-json\/wp\/v2\/comments?post=772"}],"version-history":[{"count":0,"href":"https:\/\/blog.holyart.it\/de\/wp-json\/wp\/v2\/posts\/772\/revisions"}],"wp:featuredmedia":[{"embeddable":true,"href":"https:\/\/blog.holyart.it\/de\/wp-json\/wp\/v2\/media\/773"}],"wp:attachment":[{"href":"https:\/\/blog.holyart.it\/de\/wp-json\/wp\/v2\/media?parent=772"}],"wp:term":[{"taxonomy":"category","embeddable":true,"href":"https:\/\/blog.holyart.it\/de\/wp-json\/wp\/v2\/categories?post=772"},{"taxonomy":"post_tag","embeddable":true,"href":"https:\/\/blog.holyart.it\/de\/wp-json\/wp\/v2\/tags?post=772"}],"curies":[{"name":"wp","href":"https:\/\/api.w.org\/{rel}","templated":true}]}}