{"id":7706,"date":"2026-02-23T10:00:50","date_gmt":"2026-02-23T09:00:50","guid":{"rendered":"https:\/\/blog.holyart.it\/de\/?p=7706"},"modified":"2026-04-28T14:45:04","modified_gmt":"2026-04-28T12:45:04","slug":"nonnentrachten-fuer-jeden-orden-eine-farbe","status":"publish","type":"post","link":"https:\/\/blog.holyart.it\/de\/klostern\/nonnentrachten-fuer-jeden-orden-eine-farbe\/","title":{"rendered":"Nonnentrachten: F\u00fcr jeden Orden eine Farbe"},"content":{"rendered":"<h4>Wie m\u00fcssen die Nonnentrachten beschaffen sein? Welche Farben sind erlaubt? Zwischen M\u00f6nchsorden und Kongregationen, auf Entdeckung der rein weiblichen Ordenskleidung.<\/h4>\n<p><em>\u201eKleider machen Leute\u201c<\/em>, ein Sprichwort, das wir schon immer h\u00f6ren. Es bedeutet, dass <strong>der Schein tr\u00fcgt<\/strong>, und es stammt von einem alten lateinischen Spruch: <em>cucullus non facit monachum<\/em>, \u201edie Kapuze macht nicht den M\u00f6nch\u201c. Schon seit der Antike war es \u00fcblich, demjenigen Respekt entgegenzubringen, der ein Priestergewand trug. M\u00f6nchen und Priestern wurden ein besonderer Empfang und ein gr\u00f6\u00dferer Respekt zuteil. Daher kam es vor, dass Kriminelle sich als M\u00f6nche verkleideten, um Straftaten zu begehen oder die Gutm\u00fctigkeit der Menschen auszunutzen. Daher das Sprichwort. Diese Einleitung soll sagen, dass wir es gewohnt sind, <a href=\"https:\/\/www.holyart.de\/kirchenbedarf\/kleidung-fur-geistliche\"><strong>Kirchenfrauen und -m\u00e4nner an der Kleidung zu erkennen<\/strong><\/a>, die sie tragen \u2013 Kleidung, die je nach Orden oder Institut unterschiedlich ist, aber fast immer auf ein religi\u00f6ses Gewand zur\u00fcckgef\u00fchrt werden kann. Insbesondere erkennen wir Nonnentrachten leicht, weil sie <strong>schwarz<\/strong> sind, mit wei\u00dfen Accessoires, aber es w\u00e4re eine sehr reduzierende und falsche Aussage, zu sagen, dass alle Nonnen so gekleidet sind. Wie bei M\u00f6nchen und Br\u00fcdern variiert auch die Kleidung der Nonnen <strong>je nach der Religionsgemeinschaft<\/strong>, zu der sie geh\u00f6ren.<\/p>\n<div class=\"link-product\">\n<div class=\"blocco-immagine\"><img loading=\"lazy\" decoding=\"async\" class=\"size-full wp-image-7709 alignleft\" src=\"https:\/\/blog.holyart.it\/de\/wp-content\/uploads\/sites\/12\/2026\/02\/Kleidung-fuer-Geistliche.jpg\" alt=\"Kleidung f\u00fcr Geistliche\" width=\"100\" height=\"100\" data-kale-share-title=\"Nonnentrachten: F\u00fcr jeden Orden eine Farbe\" data-kale-share-url=\"https:\/\/blog.holyart.it\/de\/?p=7706\" \/><\/div>\n<div class=\"blocco-contenuto\">\n<div class=\"blocco-acquista\">Einkaufen:<\/div>\n<div class=\"blocco-titolo\"><a href=\"https:\/\/www.holyart.de\/kirchenbedarf\/kleidung-fur-geistliche\">Kleidung f\u00fcr Geistliche<\/a><\/div>\n<div class=\"blocco-descrizione\">In dieser Produktkategorie finden Sie alle Arten von Kleidung f\u00fcr Priester.<\/div>\n<\/div>\n<\/div>\n<p>Es gibt viele <strong>katholische Frauenorden und -kongregationen<\/strong>, zu denen Schwestern und Nonnen geh\u00f6ren. Der wesentliche Unterschied zwischen den einen und den anderen wurzelt in der Geschichte des westlichen Christentums selbst: \u00dcber Jahrhunderte hinweg erkannte die Kirche als ihre Vertreterinnen nur diejenigen Nonnen an, die zu einer der <strong>genehmigten Regeln<\/strong> geh\u00f6rten und die <strong>\u00f6ffentlichen und feierlichen Gel\u00fcbde<\/strong> der Armut, des Gehorsams und der Keuschheit abgelegt hatten. Normalerweise lebten sie auch in <strong>strenger Klausur<\/strong>. Im Laufe der Zeit wurden jedoch auch weibliche Gemeinschaften vom Heiligen Stuhl anerkannt, die nicht in Klausur lebten und <a href=\"https:\/\/holyart.de\/blog\/devotionalien\/die-erfindungen-der-moenche-wichtige-beitraege-zum-fortschritt-in-europa\/\"><strong>ein halbreligi\u00f6ses Leben innerhalb der Gesellschaft<\/strong><\/a> f\u00fchrten und sogar gemeinn\u00fctzige Dienste leisteten, wie die Pflege von Kranken, die Aufnahme von Waisenkindern und so weiter. Seit 1917, mit der Verk\u00fcndung des Codex Iuris Canonici (Pio-Benediktinischer Kodex), wurden <strong>Ordensfrauen mit feierlichen Gel\u00fcbden<\/strong> offiziell als <strong>Nonnen<\/strong> (<em>moniales<\/em>) definiert, w\u00e4hrend diejenigen, die zu den neueren Kongregationen geh\u00f6ren und einfache Gel\u00fcbde abgelegt haben, als <strong>Schwestern<\/strong> (<em>sorores<\/em>) bezeichnet werden.<\/p>\n<div class=\"link-article\">\n<p><img loading=\"lazy\" decoding=\"async\" class=\"size-full wp-image-7710 alignleft\" src=\"https:\/\/blog.holyart.it\/de\/wp-content\/uploads\/sites\/12\/2026\/02\/Die-Erfindungen-der-Moenche.jpeg\" alt=\"Die Erfindungen der M\u00f6nche\" width=\"150\" height=\"99\" data-kale-share-title=\"Nonnentrachten: F\u00fcr jeden Orden eine Farbe\" data-kale-share-url=\"https:\/\/blog.holyart.it\/de\/?p=7706\" \/><\/p>\n<div class=\"leggi-anche\">Lesen Sie auch:<\/div>\n<p><strong><a href=\"https:\/\/www.holyart.de\/blog\/devotionalien\/die-erfindungen-der-moenche-wichtige-beitraege-zum-fortschritt-in-europa\/\">Die Erfindungen der M\u00f6nche: wichtige Beitr\u00e4ge zum Fortschritt in Europa<\/a><\/strong><br \/>\nWir entdecken, wie die Erfindungen der M\u00f6nche die technische und wissenschaftliche Entwicklung&#8230;<\/p>\n<\/div>\n<p>Eine allgemeine <a href=\"https:\/\/www.holyart.de\/kirchenbedarf\/kleidung-fur-geistliche\/religiose-kleidung-fur-damen\"><strong>Beschreibung einer Nonnentracht<\/strong><\/a> sieht eine weite, bis zu den F\u00fc\u00dfen oder Kn\u00f6cheln reichende, nicht am K\u00f6rper anliegende <strong>Tunika<\/strong> mit weiten \u00c4rmeln vor, die meistens an der Taille mit einem Strick oder G\u00fcrtel, \u00e4hnlich dem Habit der Br\u00fcder, geg\u00fcrtet wird. \u00dcber dem Gewand tragen sie den <strong>Schleier<\/strong> (Symbol der Demut, der Keuschheit und des Anstands), das <strong>Soggolo<\/strong> (ein Tuch- oder Schleierband, das den Hals umh\u00fcllt und das Gesicht umschlie\u00dft, wobei die Haare verborgen werden) und das <strong>Stirnband<\/strong> (<em>frontino<\/em>). Heutzutage unterscheiden sich die Trachten der Nonnen in Wirklichkeit sehr stark in Farbe und Schnitt. Insbesondere Schwestern, die ein nicht nur <strong>kontemplatives Leben<\/strong> gew\u00e4hlt haben, sondern die dazu f\u00fchrt, in der Gemeinschaft zu arbeiten und sich zu engagieren, entscheiden sich oft f\u00fcr <strong>modernere und praktischere Kleidung<\/strong>, wie Jacken und Strickjacken, immer mit einem Blick auf den Anstand, der ihrer Rolle geboten ist.<\/p>\n<div class=\"link-product\">\n<div class=\"blocco-immagine\"><img loading=\"lazy\" decoding=\"async\" class=\"size-full wp-image-7711 alignleft\" src=\"https:\/\/blog.holyart.it\/de\/wp-content\/uploads\/sites\/12\/2026\/02\/Religioese-Kleidung-fuer-Damen.jpg\" alt=\"Religi\u00f6se Kleidung f\u00fcr Damen\" width=\"100\" height=\"100\" data-kale-share-title=\"Nonnentrachten: F\u00fcr jeden Orden eine Farbe\" data-kale-share-url=\"https:\/\/blog.holyart.it\/de\/?p=7706\" \/><\/div>\n<div class=\"blocco-contenuto\">\n<div class=\"blocco-acquista\">Einkaufen:<\/div>\n<div class=\"blocco-titolo\"><a href=\"https:\/\/www.holyart.de\/kirchenbedarf\/kleidung-fur-geistliche\/religiose-kleidung-fur-damen?page=1\">Religi\u00f6se Kleidung f\u00fcr Damen<\/a><\/div>\n<div class=\"blocco-descrizione\">In dieser Produktkategorie finden Sie Kleidung f\u00fcr Ordensschwestern und liturgische Bekleidung f\u00fcr Damen.<\/div>\n<\/div>\n<\/div>\n<p>Was die <strong>Farben<\/strong> betrifft, so sind <strong>Schwarz, Grau, Wei\u00df, Beige<\/strong> und <strong>Braun<\/strong> immer noch am beliebtesten, aber einige Marianische Kongregationen bevorzugen <strong>Blau<\/strong>, und es gibt auch Schwestern, die <strong>Rot<\/strong> tragen, um die Passion und das Blut Christi zu feiern, wie die Oratorianerinnen des Heiligen Philipp Neri; <strong>Rosa<\/strong>, wie die Dienerinnen des Heiligen Geistes von der Ewigen Anbetung; <strong>Gr\u00fcn<\/strong>, wie die Missionsschwestern der G\u00f6ttlichen Offenbarung und so weiter.<\/p>\n<p>Schauen wir uns genauer an, welche Nonnentrachten es gibt und wie sie sich unterscheiden.<\/p>\n<h2>Die weiblichen Orden<\/h2>\n<p>Zun\u00e4chst unterscheiden wir zwischen <strong>monastischen Orden oder Instituten<\/strong> und <strong>regul\u00e4ren Orden<\/strong>, deren Mitglieder <strong>feierliche Gel\u00fcbde<\/strong> ablegen, und den <strong>religi\u00f6sen Instituten oder religi\u00f6sen Kongregationen<\/strong>, deren Mitglieder Gel\u00fcbde in <strong>einfacher Form<\/strong> ablegen und ein s\u00e4kulares Leben f\u00fchren. Die Institute k\u00f6nnen sowohl klerikal als auch laikal sein. Um ein Beispiel zu nennen: Die Ursulinen vom <a href=\"https:\/\/www.holyart.de\/blog\/devotionalien\/ss-herz-jesu\/\"><strong>Heiligsten Herzen Jesu<\/strong><\/a> (<em>Orsoline del Sacro Cuore di Ges\u00f9<\/em>) sind <strong>Schwestern<\/strong> (<em>suore<\/em>) <strong>eines religi\u00f6sen Instituts<\/strong> p\u00e4pstlichen Rechts f\u00fcr Frauen, w\u00e4hrend die Klarissen (<em>Clarisse<\/em>) <strong>Nonnen<\/strong> (<em>monache<\/em>) <strong>mit feierlichen Gel\u00fcbden sind<\/strong>, die zu dem von Franz von Assisi und Klara von Assisi gegr\u00fcndeten Orden geh\u00f6ren und einer jahrhundertealten Regel folgen.<\/p>\n<p>Generell k\u00f6nnen wir die <strong>weiblichen monastischen Orden<\/strong>, d.h. die Institute des geweihten Lebens, deren Mitglieder in Gemeinschaft und gem\u00e4\u00df den \u00f6ffentlichen und feierlichen Gel\u00fcbden der Armut, des Gehorsams und der Keuschheit leben, in drei Gruppen unterteilen: <strong>Monastische Orden, Bettelorden, Kanonikerorden.<\/strong><\/p>\n<p><img loading=\"lazy\" decoding=\"async\" class=\"size-full wp-image-7713 aligncenter\" src=\"https:\/\/blog.holyart.it\/de\/wp-content\/uploads\/sites\/12\/2026\/02\/Die-weiblichen-Orden.jpeg\" alt=\"Die weiblichen Orden\" width=\"1000\" height=\"666\" data-kale-share-title=\"Nonnentrachten: F\u00fcr jeden Orden eine Farbe\" data-kale-share-url=\"https:\/\/blog.holyart.it\/de\/?p=7706\" \/><\/p>\n<h2>Schwestern und Nonnen der Monastischen Orden<\/h2>\n<p>Wie die M\u00f6nche desselben Ordens leben sie in Gemeinschaft in einem Kloster gem\u00e4\u00df einer Regel, m\u00fcssen aber im Gegensatz zu den M\u00e4nnern die Klausur respektieren. Sie legen das Gel\u00fcbde der Keuschheit, des Gehorsams und der Armut ab, d.h. des Verzichts auf jegliches Eigentum. Sie werden von einer \u00c4btissin geleitet und bleiben ihr Leben lang an ihre Abtei gebunden. Zu den Schwestern der monastischen Orden geh\u00f6ren die Klarissen, Karmelitinnen und Dominikanerinnen.<\/p>\n<p><strong>Schwestern der Bettelorden<\/strong><\/p>\n<p>Wie die Br\u00fcder derselben Art von Orden leben die Nonnen in Gemeinschaft in einem Konvent und folgen einer Regel, die ihr gesamtes Dasein bestimmt. Sie sind zur Klausur verpflichtet. Sie legen das Gel\u00fcbde der Keuschheit, des Gehorsams und der Armut ab und k\u00f6nnen von einem Konvent in einen anderen versetzt werden. Zu den Bettelorden geh\u00f6ren zum Beispiel die Klarissen und die Dominikanerinnen.<\/p>\n<p><strong>Regulierte Chorfrauen (<em>Canonichesse regolari<\/em>)<\/strong><\/p>\n<p>Die &#8222;regulierten Chorherren&#8220; (<em>padri \u201ccanonici\u201d<\/em>) sind Priester, die in einer von einem Abt geleiteten Abtei leben und einer Regel folgen. Die Chorfrauen (<em>canonichesse<\/em>) leben in einer Abtei, werden von einer \u00c4btissin geleitet und akzeptieren die Klausur. Einige Beispiele: Regulierte Laterankanonissen (<em>Canonichesse regolari lateranensi<\/em>), Kanonissen des Heiligen Augustinus von der Kongregation Unserer Lieben Frau (<em>Canonichesse di Sant&#8217;Agostino della Congregazione di Nostra Signora<\/em>), Regulierte Hospital-Kanonissen der Barmherzigkeit Jesu (<em>Canonichesse regolari ospedaliere della misericordia di Ges\u00f9<\/em>).<\/p>\n<p><strong>Nonnenbekleidung bei Holyart<\/strong><\/p>\n<p>In unserem Online-Shop finden Sie eine gro\u00dfe Auswahl an religi\u00f6ser Kleidung f\u00fcr Frauen und Nonnenbekleidung, die alle aus hochwertigen und erstklassigen Garnen gefertigt sind. Unsere Nonnentrachten werden vollst\u00e4ndig in Italien gefertigt und konfektioniert.<\/p>\n<p>Wei\u00df steht f\u00fcr Reinheit, und der <a href=\"https:\/\/www.holyart.de\/kirchenbedarf\/kleidung-fur-geistliche\/religiose-kleidung-fur-damen\/damen-cardigan-weiss-mit-taschen-und-rundhalsausschnitt-50-acryl-50-merinowolle-in-primis\"><strong>wei\u00dfe Nonnen-Cardigan In Primis mit Stehkragen<\/strong><\/a> ist ein perfekter Kompromiss f\u00fcr die gl\u00e4ubige Frau, die nicht auf den Komfort eines modernen und bequemen Kleidungsst\u00fccks verzichten m\u00f6chte. Er ist aus Glattstrick gefertigt, bestehend aus 50 % Merinowolle und 50 % Acryl. Der Cardigan verf\u00fcgt \u00fcber zwei bequeme Taschen und wurde vollst\u00e4ndig in Italien hergestellt.<\/p>\n<div class=\"link-product\">\n<div class=\"blocco-immagine\"><img loading=\"lazy\" decoding=\"async\" class=\"size-full wp-image-7714 alignleft\" src=\"https:\/\/blog.holyart.it\/de\/wp-content\/uploads\/sites\/12\/2026\/02\/Damen-Cardigan-weiss-mit-Taschen-und-Rundhalsausschnitt-50-Acryl-50-Merinowolle-In-Primis.jpg\" alt=\"Damen-Cardigan, wei\u00df, mit Taschen und Rundhalsausschnitt, 50% Acryl - 50% Merinowolle, In Primis\" width=\"100\" height=\"100\" data-kale-share-title=\"Nonnentrachten: F\u00fcr jeden Orden eine Farbe\" data-kale-share-url=\"https:\/\/blog.holyart.it\/de\/?p=7706\" \/><\/div>\n<div class=\"blocco-contenuto\">\n<div class=\"blocco-acquista\">Einkaufen:<\/div>\n<div class=\"blocco-titolo\"><a href=\"https:\/\/www.holyart.de\/kirchenbedarf\/kleidung-fur-geistliche\/religiose-kleidung-fur-damen\/damen-cardigan-weiss-mit-taschen-und-rundhalsausschnitt-50-acryl-50-merinowolle-in-primis\">Damen-Cardigan, wei\u00df, mit Taschen und Rundhalsausschnitt, 50% Acryl &#8211; 50% Merinowolle, In Primis<\/a><\/div>\n<div class=\"blocco-descrizione\">Der Damen-Cardigan hat zwei aufgesetzte Taschen und ist dank der Qualit\u00e4t der verwendeten Materialien sehr bequem.<\/div>\n<\/div>\n<\/div>\n<p>Der strenge, aber praktische, <a href=\"https:\/\/www.holyart.de\/kirchenbedarf\/kleidung-fur-geistliche\/religiose-kleidung-fur-damen\/damen-weste-blau-mit-taschen-und-v-ausschnitt-50-acryl-50-merinowolle-in-primis\"><strong>blaue Nonnen-Gilet In Primis mit V-Ausschnitt<\/strong><\/a> und Glattstrick ist ideal f\u00fcr jede Jahreszeit, \u00fcber einem Hemd oder unter einer Jacke. Er ist mit einer zentralen Knopfleiste und zwei praktischen Taschen ausgestattet.<\/p>\n<div class=\"link-product\">\n<div class=\"blocco-immagine\"><img loading=\"lazy\" decoding=\"async\" class=\"size-full wp-image-7715 alignleft\" src=\"https:\/\/blog.holyart.it\/de\/wp-content\/uploads\/sites\/12\/2026\/02\/Damen-Weste-blau-mit-Taschen-und-V-Ausschnitt-50-Acryl-50-Merinowolle-In-Primis.jpg\" alt=\"Damen-Weste, blau, mit Taschen und V-Ausschnitt, 50% Acryl - 50% Merinowolle, In Primis\" width=\"100\" height=\"100\" data-kale-share-title=\"Nonnentrachten: F\u00fcr jeden Orden eine Farbe\" data-kale-share-url=\"https:\/\/blog.holyart.it\/de\/?p=7706\" \/><\/div>\n<div class=\"blocco-contenuto\">\n<div class=\"blocco-acquista\">Einkaufen:<\/div>\n<div class=\"blocco-titolo\"><a href=\"https:\/\/www.holyart.de\/kirchenbedarf\/kleidung-fur-geistliche\/religiose-kleidung-fur-damen\/damen-weste-blau-mit-taschen-und-v-ausschnitt-50-acryl-50-merinowolle-in-primis\">Damen-Weste, blau, mit Taschen und V-Ausschnitt, 50% Acryl &#8211; 50% Merinowolle, In Primis<\/a><\/div>\n<div class=\"blocco-descrizione\">Die Weste mit einfacher Knopfleiste und zwei praktischen aufgesetzten Taschen kann als Unterjacke getragen werden.<\/div>\n<\/div>\n<\/div>\n<p>Den Franziskanern teuer, bleibt Braun eine zeitlose Farbe f\u00fcr Nonnen. Der <a href=\"https:\/\/www.holyart.de\/kirchenbedarf\/kleidung-fur-geistliche\/religiose-kleidung-fur-damen\/damen-cardigan-braun-mit-taschen-und-v-ausschnitt-50-acryl-50-merinowolle-in-primis\"><strong>braune Nonnen-Cardigan In Primis mit V-Ausschnitt<\/strong><\/a> ist ein Beispiel f\u00fcr ein modernes Kleidungsst\u00fcck, das die Anforderungen an Ordnung und Anstand, die die Rolle der Tr\u00e4gerin verlangt, voll und ganz respektiert und widerspiegelt.<\/p>\n<div class=\"link-product\">\n<div class=\"blocco-immagine\"><img loading=\"lazy\" decoding=\"async\" class=\"size-full wp-image-7716 alignleft\" src=\"https:\/\/blog.holyart.it\/de\/wp-content\/uploads\/sites\/12\/2026\/02\/Damen-Cardigan-braun-mit-Taschen-und-V-Ausschnitt-50-Acryl-50-Merinowolle-In-Primis.jpg\" alt=\"Damen-Cardigan, braun, mit Taschen und V-Ausschnitt, 50% Acryl - 50% Merinowolle, In Primis\" width=\"100\" height=\"100\" data-kale-share-title=\"Nonnentrachten: F\u00fcr jeden Orden eine Farbe\" data-kale-share-url=\"https:\/\/blog.holyart.it\/de\/?p=7706\" \/><\/div>\n<div class=\"blocco-contenuto\">\n<div class=\"blocco-acquista\">Einkaufen:<\/div>\n<div class=\"blocco-titolo\"><a href=\"https:\/\/www.holyart.de\/kirchenbedarf\/kleidung-fur-geistliche\/religiose-kleidung-fur-damen\/damen-cardigan-braun-mit-taschen-und-v-ausschnitt-50-acryl-50-merinowolle-in-primis\">Damen-Cardigan, braun, mit Taschen und V-Ausschnitt, 50% Acryl &#8211; 50% Merinowolle, In Primis<\/a><\/div>\n<div class=\"blocco-descrizione\">Der Damen-Cardigan hat zwei aufgesetzte Taschen und ist dank der Qualit\u00e4t der verwendeten Materialien sehr bequem.<\/div>\n<\/div>\n<\/div>\n","protected":false},"excerpt":{"rendered":"<p>Wie m\u00fcssen die Nonnentrachten beschaffen sein? Welche Farben sind erlaubt? Zwischen M\u00f6nchsorden und Kongregationen, auf Entdeckung der rein weiblichen Ordenskleidung. \u201eKleider machen Leute\u201c, ein Sprichwort, das wir schon immer h\u00f6ren. Es bedeutet, dass der Schein tr\u00fcgt, und es stammt von einem alten lateinischen Spruch: cucullus&hellip;<\/p>\n","protected":false},"author":1,"featured_media":7708,"comment_status":"closed","ping_status":"open","sticky":false,"template":"","format":"standard","meta":{"_acf_changed":false,"footnotes":""},"categories":[13],"tags":[],"class_list":["post-7706","post","type-post","status-publish","format-standard","has-post-thumbnail","hentry","category-klostern"],"acf":[],"yoast_head":"<!-- This site is optimized with the Yoast SEO plugin v26.6 - https:\/\/yoast.com\/wordpress\/plugins\/seo\/ -->\n<title>Nonnentrachten: F\u00fcr jeden Orden eine Farbe - Holyart.de Blog<\/title>\n<meta name=\"description\" content=\"Nonnentrachten: die Kleidung katholischer Ordensfrauen im Laufe der Jahrhunderte, jenseits von Stereotypen und Klischees. Demut und...\" \/>\n<meta name=\"robots\" content=\"index, follow, max-snippet:-1, max-image-preview:large, max-video-preview:-1\" \/>\n<link rel=\"canonical\" href=\"https:\/\/blog.holyart.it\/de\/klostern\/nonnentrachten-fuer-jeden-orden-eine-farbe\/\" \/>\n<meta property=\"og:locale\" content=\"de_DE\" \/>\n<meta property=\"og:type\" content=\"article\" \/>\n<meta property=\"og:title\" content=\"Nonnentrachten: F\u00fcr jeden Orden eine Farbe - Holyart.de Blog\" \/>\n<meta property=\"og:description\" content=\"Nonnentrachten: die Kleidung katholischer Ordensfrauen im Laufe der Jahrhunderte, jenseits von Stereotypen und Klischees. Demut und...\" \/>\n<meta property=\"og:url\" content=\"https:\/\/blog.holyart.it\/de\/klostern\/nonnentrachten-fuer-jeden-orden-eine-farbe\/\" \/>\n<meta property=\"og:site_name\" content=\"Holyart.de Blog\" \/>\n<meta property=\"article:published_time\" content=\"2026-02-23T09:00:50+00:00\" \/>\n<meta property=\"article:modified_time\" content=\"2026-04-28T12:45:04+00:00\" \/>\n<meta property=\"og:image\" content=\"https:\/\/blog.holyart.it\/de\/wp-content\/uploads\/sites\/12\/2026\/02\/Nonnentrachten.jpg\" \/>\n\t<meta property=\"og:image:width\" content=\"1000\" \/>\n\t<meta property=\"og:image:height\" content=\"666\" \/>\n\t<meta property=\"og:image:type\" content=\"image\/jpeg\" \/>\n<meta name=\"author\" content=\"Redazione\" \/>\n<meta name=\"twitter:card\" content=\"summary_large_image\" \/>\n<meta name=\"twitter:label1\" content=\"Verfasst von\" \/>\n\t<meta name=\"twitter:data1\" content=\"Redazione\" \/>\n\t<meta name=\"twitter:label2\" content=\"Gesch\u00e4tzte Lesezeit\" \/>\n\t<meta name=\"twitter:data2\" content=\"9\u00a0Minuten\" \/>\n<script type=\"application\/ld+json\" class=\"yoast-schema-graph\">{\"@context\":\"https:\/\/schema.org\",\"@graph\":[{\"@type\":\"Article\",\"@id\":\"https:\/\/blog.holyart.it\/de\/klostern\/nonnentrachten-fuer-jeden-orden-eine-farbe\/#article\",\"isPartOf\":{\"@id\":\"https:\/\/blog.holyart.it\/de\/klostern\/nonnentrachten-fuer-jeden-orden-eine-farbe\/\"},\"author\":{\"name\":\"Redazione\",\"@id\":\"https:\/\/blog.holyart.it\/de\/#\/schema\/person\/0a7b686e5af0f856ec1e390dd0baecda\"},\"headline\":\"Nonnentrachten: F\u00fcr jeden Orden eine Farbe\",\"datePublished\":\"2026-02-23T09:00:50+00:00\",\"dateModified\":\"2026-04-28T12:45:04+00:00\",\"mainEntityOfPage\":{\"@id\":\"https:\/\/blog.holyart.it\/de\/klostern\/nonnentrachten-fuer-jeden-orden-eine-farbe\/\"},\"wordCount\":1342,\"publisher\":{\"@id\":\"https:\/\/blog.holyart.it\/de\/#organization\"},\"image\":{\"@id\":\"https:\/\/blog.holyart.it\/de\/klostern\/nonnentrachten-fuer-jeden-orden-eine-farbe\/#primaryimage\"},\"thumbnailUrl\":\"https:\/\/blog.holyart.it\/de\/wp-content\/uploads\/sites\/12\/2026\/02\/Nonnentrachten.jpg\",\"articleSection\":[\"Kl\u00f6stern\"],\"inLanguage\":\"de\"},{\"@type\":\"WebPage\",\"@id\":\"https:\/\/blog.holyart.it\/de\/klostern\/nonnentrachten-fuer-jeden-orden-eine-farbe\/\",\"url\":\"https:\/\/blog.holyart.it\/de\/klostern\/nonnentrachten-fuer-jeden-orden-eine-farbe\/\",\"name\":\"Nonnentrachten: F\u00fcr jeden Orden eine Farbe - Holyart.de Blog\",\"isPartOf\":{\"@id\":\"https:\/\/blog.holyart.it\/de\/#website\"},\"primaryImageOfPage\":{\"@id\":\"https:\/\/blog.holyart.it\/de\/klostern\/nonnentrachten-fuer-jeden-orden-eine-farbe\/#primaryimage\"},\"image\":{\"@id\":\"https:\/\/blog.holyart.it\/de\/klostern\/nonnentrachten-fuer-jeden-orden-eine-farbe\/#primaryimage\"},\"thumbnailUrl\":\"https:\/\/blog.holyart.it\/de\/wp-content\/uploads\/sites\/12\/2026\/02\/Nonnentrachten.jpg\",\"datePublished\":\"2026-02-23T09:00:50+00:00\",\"dateModified\":\"2026-04-28T12:45:04+00:00\",\"description\":\"Nonnentrachten: die Kleidung katholischer Ordensfrauen im Laufe der Jahrhunderte, jenseits von Stereotypen und Klischees. Demut und...\",\"breadcrumb\":{\"@id\":\"https:\/\/blog.holyart.it\/de\/klostern\/nonnentrachten-fuer-jeden-orden-eine-farbe\/#breadcrumb\"},\"inLanguage\":\"de\",\"potentialAction\":[{\"@type\":\"ReadAction\",\"target\":[\"https:\/\/blog.holyart.it\/de\/klostern\/nonnentrachten-fuer-jeden-orden-eine-farbe\/\"]}]},{\"@type\":\"ImageObject\",\"inLanguage\":\"de\",\"@id\":\"https:\/\/blog.holyart.it\/de\/klostern\/nonnentrachten-fuer-jeden-orden-eine-farbe\/#primaryimage\",\"url\":\"https:\/\/blog.holyart.it\/de\/wp-content\/uploads\/sites\/12\/2026\/02\/Nonnentrachten.jpg\",\"contentUrl\":\"https:\/\/blog.holyart.it\/de\/wp-content\/uploads\/sites\/12\/2026\/02\/Nonnentrachten.jpg\",\"width\":1000,\"height\":666,\"caption\":\"Nonnentrachten\"},{\"@type\":\"BreadcrumbList\",\"@id\":\"https:\/\/blog.holyart.it\/de\/klostern\/nonnentrachten-fuer-jeden-orden-eine-farbe\/#breadcrumb\",\"itemListElement\":[{\"@type\":\"ListItem\",\"position\":1,\"name\":\"Homepage\",\"item\":\"https:\/\/blog.holyart.it\/de\/\"},{\"@type\":\"ListItem\",\"position\":2,\"name\":\"Kl\u00f6stern\",\"item\":\"https:\/\/blog.holyart.it\/de\/klostern\/\"},{\"@type\":\"ListItem\",\"position\":3,\"name\":\"Nonnentrachten: F\u00fcr jeden Orden eine Farbe\"}]},{\"@type\":\"WebSite\",\"@id\":\"https:\/\/blog.holyart.it\/de\/#website\",\"url\":\"https:\/\/blog.holyart.it\/de\/\",\"name\":\"Holyart.de Blog\",\"description\":\"Holyblog\",\"publisher\":{\"@id\":\"https:\/\/blog.holyart.it\/de\/#organization\"},\"potentialAction\":[{\"@type\":\"SearchAction\",\"target\":{\"@type\":\"EntryPoint\",\"urlTemplate\":\"https:\/\/blog.holyart.it\/de\/?s={search_term_string}\"},\"query-input\":{\"@type\":\"PropertyValueSpecification\",\"valueRequired\":true,\"valueName\":\"search_term_string\"}}],\"inLanguage\":\"de\"},{\"@type\":\"Organization\",\"@id\":\"https:\/\/blog.holyart.it\/de\/#organization\",\"name\":\"Holyart.de Blog\",\"url\":\"https:\/\/blog.holyart.it\/de\/\",\"logo\":{\"@type\":\"ImageObject\",\"inLanguage\":\"de\",\"@id\":\"https:\/\/blog.holyart.it\/de\/#\/schema\/logo\/image\/\",\"url\":\"https:\/\/blog.holyart.it\/de\/wp-content\/uploads\/sites\/12\/2022\/12\/Holyart_Blog_Logo.jpg\",\"contentUrl\":\"https:\/\/blog.holyart.it\/de\/wp-content\/uploads\/sites\/12\/2022\/12\/Holyart_Blog_Logo.jpg\",\"width\":300,\"height\":50,\"caption\":\"Holyart.de Blog\"},\"image\":{\"@id\":\"https:\/\/blog.holyart.it\/de\/#\/schema\/logo\/image\/\"}},{\"@type\":\"Person\",\"@id\":\"https:\/\/blog.holyart.it\/de\/#\/schema\/person\/0a7b686e5af0f856ec1e390dd0baecda\",\"name\":\"Redazione\",\"image\":{\"@type\":\"ImageObject\",\"inLanguage\":\"de\",\"@id\":\"https:\/\/blog.holyart.it\/de\/#\/schema\/person\/image\/\",\"url\":\"https:\/\/secure.gravatar.com\/avatar\/f477da817f43e50d0af36abecd33e3edf826c68299714bdc1057dff3b113f516?s=96&d=mm&r=g\",\"contentUrl\":\"https:\/\/secure.gravatar.com\/avatar\/f477da817f43e50d0af36abecd33e3edf826c68299714bdc1057dff3b113f516?s=96&d=mm&r=g\",\"caption\":\"Redazione\"}}]}<\/script>\n<!-- \/ Yoast SEO plugin. -->","yoast_head_json":{"title":"Nonnentrachten: F\u00fcr jeden Orden eine Farbe - Holyart.de Blog","description":"Nonnentrachten: die Kleidung katholischer Ordensfrauen im Laufe der Jahrhunderte, jenseits von Stereotypen und Klischees. Demut und...","robots":{"index":"index","follow":"follow","max-snippet":"max-snippet:-1","max-image-preview":"max-image-preview:large","max-video-preview":"max-video-preview:-1"},"canonical":"https:\/\/blog.holyart.it\/de\/klostern\/nonnentrachten-fuer-jeden-orden-eine-farbe\/","og_locale":"de_DE","og_type":"article","og_title":"Nonnentrachten: F\u00fcr jeden Orden eine Farbe - Holyart.de Blog","og_description":"Nonnentrachten: die Kleidung katholischer Ordensfrauen im Laufe der Jahrhunderte, jenseits von Stereotypen und Klischees. Demut und...","og_url":"https:\/\/blog.holyart.it\/de\/klostern\/nonnentrachten-fuer-jeden-orden-eine-farbe\/","og_site_name":"Holyart.de Blog","article_published_time":"2026-02-23T09:00:50+00:00","article_modified_time":"2026-04-28T12:45:04+00:00","og_image":[{"width":1000,"height":666,"url":"https:\/\/blog.holyart.it\/de\/wp-content\/uploads\/sites\/12\/2026\/02\/Nonnentrachten.jpg","type":"image\/jpeg"}],"author":"Redazione","twitter_card":"summary_large_image","twitter_misc":{"Verfasst von":"Redazione","Gesch\u00e4tzte Lesezeit":"9\u00a0Minuten"},"schema":{"@context":"https:\/\/schema.org","@graph":[{"@type":"Article","@id":"https:\/\/blog.holyart.it\/de\/klostern\/nonnentrachten-fuer-jeden-orden-eine-farbe\/#article","isPartOf":{"@id":"https:\/\/blog.holyart.it\/de\/klostern\/nonnentrachten-fuer-jeden-orden-eine-farbe\/"},"author":{"name":"Redazione","@id":"https:\/\/blog.holyart.it\/de\/#\/schema\/person\/0a7b686e5af0f856ec1e390dd0baecda"},"headline":"Nonnentrachten: F\u00fcr jeden Orden eine Farbe","datePublished":"2026-02-23T09:00:50+00:00","dateModified":"2026-04-28T12:45:04+00:00","mainEntityOfPage":{"@id":"https:\/\/blog.holyart.it\/de\/klostern\/nonnentrachten-fuer-jeden-orden-eine-farbe\/"},"wordCount":1342,"publisher":{"@id":"https:\/\/blog.holyart.it\/de\/#organization"},"image":{"@id":"https:\/\/blog.holyart.it\/de\/klostern\/nonnentrachten-fuer-jeden-orden-eine-farbe\/#primaryimage"},"thumbnailUrl":"https:\/\/blog.holyart.it\/de\/wp-content\/uploads\/sites\/12\/2026\/02\/Nonnentrachten.jpg","articleSection":["Kl\u00f6stern"],"inLanguage":"de"},{"@type":"WebPage","@id":"https:\/\/blog.holyart.it\/de\/klostern\/nonnentrachten-fuer-jeden-orden-eine-farbe\/","url":"https:\/\/blog.holyart.it\/de\/klostern\/nonnentrachten-fuer-jeden-orden-eine-farbe\/","name":"Nonnentrachten: F\u00fcr jeden Orden eine Farbe - Holyart.de Blog","isPartOf":{"@id":"https:\/\/blog.holyart.it\/de\/#website"},"primaryImageOfPage":{"@id":"https:\/\/blog.holyart.it\/de\/klostern\/nonnentrachten-fuer-jeden-orden-eine-farbe\/#primaryimage"},"image":{"@id":"https:\/\/blog.holyart.it\/de\/klostern\/nonnentrachten-fuer-jeden-orden-eine-farbe\/#primaryimage"},"thumbnailUrl":"https:\/\/blog.holyart.it\/de\/wp-content\/uploads\/sites\/12\/2026\/02\/Nonnentrachten.jpg","datePublished":"2026-02-23T09:00:50+00:00","dateModified":"2026-04-28T12:45:04+00:00","description":"Nonnentrachten: die Kleidung katholischer Ordensfrauen im Laufe der Jahrhunderte, jenseits von Stereotypen und Klischees. Demut und...","breadcrumb":{"@id":"https:\/\/blog.holyart.it\/de\/klostern\/nonnentrachten-fuer-jeden-orden-eine-farbe\/#breadcrumb"},"inLanguage":"de","potentialAction":[{"@type":"ReadAction","target":["https:\/\/blog.holyart.it\/de\/klostern\/nonnentrachten-fuer-jeden-orden-eine-farbe\/"]}]},{"@type":"ImageObject","inLanguage":"de","@id":"https:\/\/blog.holyart.it\/de\/klostern\/nonnentrachten-fuer-jeden-orden-eine-farbe\/#primaryimage","url":"https:\/\/blog.holyart.it\/de\/wp-content\/uploads\/sites\/12\/2026\/02\/Nonnentrachten.jpg","contentUrl":"https:\/\/blog.holyart.it\/de\/wp-content\/uploads\/sites\/12\/2026\/02\/Nonnentrachten.jpg","width":1000,"height":666,"caption":"Nonnentrachten"},{"@type":"BreadcrumbList","@id":"https:\/\/blog.holyart.it\/de\/klostern\/nonnentrachten-fuer-jeden-orden-eine-farbe\/#breadcrumb","itemListElement":[{"@type":"ListItem","position":1,"name":"Homepage","item":"https:\/\/blog.holyart.it\/de\/"},{"@type":"ListItem","position":2,"name":"Kl\u00f6stern","item":"https:\/\/blog.holyart.it\/de\/klostern\/"},{"@type":"ListItem","position":3,"name":"Nonnentrachten: F\u00fcr jeden Orden eine Farbe"}]},{"@type":"WebSite","@id":"https:\/\/blog.holyart.it\/de\/#website","url":"https:\/\/blog.holyart.it\/de\/","name":"Holyart.de Blog","description":"Holyblog","publisher":{"@id":"https:\/\/blog.holyart.it\/de\/#organization"},"potentialAction":[{"@type":"SearchAction","target":{"@type":"EntryPoint","urlTemplate":"https:\/\/blog.holyart.it\/de\/?s={search_term_string}"},"query-input":{"@type":"PropertyValueSpecification","valueRequired":true,"valueName":"search_term_string"}}],"inLanguage":"de"},{"@type":"Organization","@id":"https:\/\/blog.holyart.it\/de\/#organization","name":"Holyart.de Blog","url":"https:\/\/blog.holyart.it\/de\/","logo":{"@type":"ImageObject","inLanguage":"de","@id":"https:\/\/blog.holyart.it\/de\/#\/schema\/logo\/image\/","url":"https:\/\/blog.holyart.it\/de\/wp-content\/uploads\/sites\/12\/2022\/12\/Holyart_Blog_Logo.jpg","contentUrl":"https:\/\/blog.holyart.it\/de\/wp-content\/uploads\/sites\/12\/2022\/12\/Holyart_Blog_Logo.jpg","width":300,"height":50,"caption":"Holyart.de Blog"},"image":{"@id":"https:\/\/blog.holyart.it\/de\/#\/schema\/logo\/image\/"}},{"@type":"Person","@id":"https:\/\/blog.holyart.it\/de\/#\/schema\/person\/0a7b686e5af0f856ec1e390dd0baecda","name":"Redazione","image":{"@type":"ImageObject","inLanguage":"de","@id":"https:\/\/blog.holyart.it\/de\/#\/schema\/person\/image\/","url":"https:\/\/secure.gravatar.com\/avatar\/f477da817f43e50d0af36abecd33e3edf826c68299714bdc1057dff3b113f516?s=96&d=mm&r=g","contentUrl":"https:\/\/secure.gravatar.com\/avatar\/f477da817f43e50d0af36abecd33e3edf826c68299714bdc1057dff3b113f516?s=96&d=mm&r=g","caption":"Redazione"}}]}},"_links":{"self":[{"href":"https:\/\/blog.holyart.it\/de\/wp-json\/wp\/v2\/posts\/7706","targetHints":{"allow":["GET"]}}],"collection":[{"href":"https:\/\/blog.holyart.it\/de\/wp-json\/wp\/v2\/posts"}],"about":[{"href":"https:\/\/blog.holyart.it\/de\/wp-json\/wp\/v2\/types\/post"}],"author":[{"embeddable":true,"href":"https:\/\/blog.holyart.it\/de\/wp-json\/wp\/v2\/users\/1"}],"replies":[{"embeddable":true,"href":"https:\/\/blog.holyart.it\/de\/wp-json\/wp\/v2\/comments?post=7706"}],"version-history":[{"count":6,"href":"https:\/\/blog.holyart.it\/de\/wp-json\/wp\/v2\/posts\/7706\/revisions"}],"predecessor-version":[{"id":7720,"href":"https:\/\/blog.holyart.it\/de\/wp-json\/wp\/v2\/posts\/7706\/revisions\/7720"}],"wp:featuredmedia":[{"embeddable":true,"href":"https:\/\/blog.holyart.it\/de\/wp-json\/wp\/v2\/media\/7708"}],"wp:attachment":[{"href":"https:\/\/blog.holyart.it\/de\/wp-json\/wp\/v2\/media?parent=7706"}],"wp:term":[{"taxonomy":"category","embeddable":true,"href":"https:\/\/blog.holyart.it\/de\/wp-json\/wp\/v2\/categories?post=7706"},{"taxonomy":"post_tag","embeddable":true,"href":"https:\/\/blog.holyart.it\/de\/wp-json\/wp\/v2\/tags?post=7706"}],"curies":[{"name":"wp","href":"https:\/\/api.w.org\/{rel}","templated":true}]}}