{"id":7590,"date":"2026-01-26T10:00:13","date_gmt":"2026-01-26T09:00:13","guid":{"rendered":"https:\/\/blog.holyart.it\/de\/?p=7590"},"modified":"2026-01-30T17:00:43","modified_gmt":"2026-01-30T16:00:43","slug":"thomas-von-aquin-und-die-hierarchie-der-engel","status":"publish","type":"post","link":"https:\/\/blog.holyart.it\/de\/heilige-und-selige\/thomas-von-aquin-und-die-hierarchie-der-engel\/","title":{"rendered":"Thomas von Aquin und die Hierarchie der Engel"},"content":{"rendered":"<h4>Am 28. Januar wird des heiligen Thomas von Aquin gedacht, des \u201eEngelgleichen Lehrers\u201c (Doctor Angelicus) und Autors des ber\u00fchmtesten theologischen Traktats des Mittelalters.<\/h4>\n<p><a href=\"https:\/\/www.holyart.it\/it\/articoli-religiosi\/statue\/statue-in-resina-e-pvc\/san-tommaso-daquino-statua-resina-30-cm\"><strong>Thomas von Aquin<\/strong><\/a> lebte im 13. Jahrhundert. Er war ein <strong>Dominikanerm\u00f6nch<\/strong>, wird aber vor allem f\u00fcr seine Verdienste als <strong>Theologe, Philosoph und Kirchenlehrer<\/strong> in Erinnerung behalten. Ihm ist es zu verdanken, dass er den Verbindungspunkt fand und die klassische und hellenistische Philosophie mit der christlichen Theologie vereinte und <strong>die Prinzipien der westlichen christlichen Doktrin<\/strong> des Mittelalters skizzierte, deren Denks\u00e4ulen noch heute G\u00fcltigkeit besitzen.<\/p>\n<p>Er war der j\u00fcngste Sohn einer adligen sizilianischen Familie. Schon in jungen Jahren wurde er f\u00fcr ein kirchliches Studium bestimmt und von seinen Eltern in die Abtei Montecassino geschickt. Als Teenager zog er sp\u00e4ter nach Neapel und schrieb sich an der von Friedrich II., dem K\u00f6nig von Sizilien, f\u00fcr die Adligen und Gelehrten seines Reiches gegr\u00fcndeten Universit\u00e4t ein. Dort legte er auch die <strong>Gel\u00fcbde im Dominikanerorden<\/strong> ab, entgegen den Befehlen seiner Familie, die hoffte, ihn eines Tages als <strong>Abt von Montecassino<\/strong> zu sehen. Um ihn zu \u00fcberzeugen, seine Pl\u00e4ne zu \u00e4ndern, hielt ihn die Familie zwei Jahre lang im Schloss von Monte San Giovanni Campano gefangen, musste sich aber schlie\u00dflich f\u00fcgen und ihn nach Neapel zur\u00fcckschicken.<\/p>\n<div class=\"link-product\">\n<div class=\"blocco-immagine\"><img loading=\"lazy\" decoding=\"async\" class=\"size-full wp-image-7594 alignleft\" src=\"https:\/\/blog.holyart.it\/de\/wp-content\/uploads\/sites\/12\/2026\/01\/heiliger-thomas-von-aquin-statue-30-cm-aus-handbemaltem-resin1.jpg\" alt=\"Heiliger Thomas von Aquin\" width=\"100\" height=\"100\" data-kale-share-title=\"Thomas von Aquin und die Hierarchie der Engel\" data-kale-share-url=\"https:\/\/blog.holyart.it\/de\/?p=7590\" \/><\/div>\n<div class=\"blocco-contenuto\">\n<div class=\"blocco-acquista\">Einkaufen:<\/div>\n<div class=\"blocco-titolo\"><a href=\"https:\/\/www.holyart.de\/devotionalien\/statuen\/statuen-aus-resin-und-pvc\/heiliger-thomas-von-aquin-statue-30-cm-aus-handbemaltem-resin1\">Heiliger Thomas von Aquin \u2013 Statue 30 cm aus handbemaltem Resin<\/a><\/div>\n<div class=\"blocco-descrizione\">Die Statue ist 30 cm hoch und steht auf einem runden Sockel mit einem Durchmesser von 9,5 cm.<\/div>\n<\/div>\n<\/div>\n<p>Thomas setzte seine Studien in <strong>Rom, Paris und K\u00f6ln<\/strong> fort und wurde Sch\u00fcler und sp\u00e4ter Assistent von <strong>Albertus Magnus<\/strong>, einem Meister der Theologie, der ihm in diesen entscheidenden Jahren seiner Ausbildung sein tiefes Wissen vermittelte. Es war Albertus Magnus, der ihn im Alter von nur 27 Jahren in die <strong>Lehre an der<\/strong> <strong>Universit\u00e4t von Paris<\/strong> einf\u00fchrte. Dort lernte er das <strong>Werk von<\/strong> <strong>Aristoteles<\/strong> kennen und sch\u00e4tzen, dessen gro\u00dfer Gelehrter und Kommentator er werden sollte. Ihm ist es zu verdanken, dass er <strong>das aristotelische Denken aus christlicher Sicht neu interpretieren konnte<\/strong>.<\/p>\n<p>Zur\u00fcck in Italien lehrte er in <strong>Orvieto<\/strong>, dann in <strong>Rom<\/strong>, wobei er dank seines \u00dcbersetzers und Freundes Wilhelm von Moerbeke <strong>weiterhin Aristoteles\u2019 Werk vertiefte<\/strong>. Danach kehrte er erneut nach Paris zur\u00fcck, wo er einige seiner wichtigsten Werke verfasste. In der Zwischenzeit widmete er sich der Reorganisation der Schulen des Dominikanerordens und dem Theologieunterricht.<\/p>\n<p>In der letzten Phase seines Lebens lebte Thomas von Aquin in <strong>San Domenico Maggiore<\/strong> in Neapel und teilte seine Zeit zwischen Studium und Gebet auf. Eines Tages, als er in der Kapelle S. Nicola der Kirche <a href=\"https:\/\/www.holyart.de\/devotionalien\/statuen\/statuen-aus-bemalten-holz\/statue-erzengel-heilg-michele\"><strong>San Michele Arcangelo<\/strong><\/a> in Morfisa die Messe feierte, hatte Thomas <strong>eine Vision<\/strong>, die ihn so ersch\u00fctterte, dass sie ihn dazu veranlasste, nichts mehr zu schreiben. \u201e<em>Ich kann nicht mehr. Alles, was ich geschrieben habe, erscheint mir wie Stroh im Vergleich zu dem, was ich gesehen habe<\/em>\u201c, vertraute er seinem Freund und Sekret\u00e4r Reginald von Piperno an. Er <strong>starb<\/strong> kurz darauf im Alter von nur 49 Jahren. Seine sterblichen \u00dcberreste werden in der Dominikanerkirche Les Jacobins in Toulouse aufbewahrt, w\u00e4hrend andere Reliquien in verschiedenen italienischen Kirchen verteilt sind.<\/p>\n<div class=\"link-product\">\n<div class=\"blocco-immagine\"><img loading=\"lazy\" decoding=\"async\" class=\"size-full wp-image-7595 alignleft\" src=\"https:\/\/blog.holyart.it\/de\/wp-content\/uploads\/sites\/12\/2026\/01\/Statue-Erzengel-Heilg-Michele.jpg\" alt=\"Statue Erzengel Heilg Michele\" width=\"100\" height=\"100\" data-kale-share-title=\"Thomas von Aquin und die Hierarchie der Engel\" data-kale-share-url=\"https:\/\/blog.holyart.it\/de\/?p=7590\" \/><\/div>\n<div class=\"blocco-contenuto\">\n<div class=\"blocco-acquista\">Einkaufen:<\/div>\n<div class=\"blocco-titolo\"><a href=\"https:\/\/www.holyart.de\/devotionalien\/statuen\/statuen-aus-bemalten-holz\/statue-erzengel-heilg-michele\">Statue Erzengel Heilg Michele<\/a><\/div>\n<div class=\"blocco-descrizione\">Der Herzengel Michele(die Name bedeutet &#8222;wer wie Gott ist&#8220;) ist bekannt weil er das Boese bekaempft hat .<\/div>\n<\/div>\n<\/div>\n<p>Die Philosophie des heiligen Thomas basiert auf der \u00dcberzeugung, dass <strong>Glaube und Vernunft<\/strong> <strong>zusammenarbeiten<\/strong> m\u00fcssen, um zur <strong>Wahrheit<\/strong> zu gelangen. Der Mensch kann die Wahrheiten der Welt durch <strong>Vernunft<\/strong> und <strong>Philosophie<\/strong> erkennen, aber nur die <strong>g\u00f6ttliche Offenbarung<\/strong> erhebt die Vernunft zur Gewissheit und Perfektion. Die Vernunft dient somit als Grundlage, indem sie:<\/p>\n<ul>\n<li>die Pr\u00e4ambel des Glaubens demonstriert;<\/li>\n<li>die Wahrheiten des Glaubens erkl\u00e4rt;<\/li>\n<li>den Glauben gegen Einw\u00e4nde verteidigt.<\/li>\n<\/ul>\n<p>In seinem Bestreben, <strong>Glaube und Vernunft zu vereinen<\/strong>, gelangt der heilige Thomas von Aquin dazu, die <strong>Existenz Gottes<\/strong> auf einer rationalen Grundlage zu beweisen.<\/p>\n<p>Dar\u00fcber hinaus betrachtete Thomas, <strong>aufbauend auf den aristotelischen Prinzipien<\/strong>, den Menschen als Frucht der <strong>Vereinigung von Seele und K\u00f6rper<\/strong>. Er f\u00fcgte Aristoteles jedoch hinzu, dass die Seele \u201e<em>nach dem Bild und Gleichnis Gottes<\/em>\u201c geschaffen sei, so dass sie vollst\u00e4ndig von Ihm abstamme und wie Er <strong>transzendent<\/strong> und <strong>immateriell<\/strong> sei, aber dennoch <strong>vollst\u00e4ndig in jedem Teil des K\u00f6rpers<\/strong> enthalten.<\/p>\n<h2>Die <em>Summa Theologiae<\/em><\/h2>\n<p>In seinem kurzen Leben verfasste der <strong><a href=\"https:\/\/www.holyart.de\/devotionalien\/statuen\/statuen-aus-resin-und-pvc\/heiliger-thomas-von-aquin-statue-20-cm-aus-handbemaltem-resin1\">heilige Thomas<\/a><\/strong> eine betr\u00e4chtliche Menge theologischer und philosophischer Werke. Zu den ber\u00fchmtesten z\u00e4hlen die<strong> <em>Summa contra gentiles<\/em><\/strong>: Vier B\u00fccher, die darauf abzielen, den Heiden (den <em>Gentiles<\/em>, also Nicht-Christen) die Wahrhaftigkeit des katholischen Glaubens durch Wahrheiten, die allein der Vernunft entstammen, in Verbindung mit g\u00f6ttlichen Wahrheiten zu erkl\u00e4ren; das<strong> <em>Scriptum super libros Sententiarum<\/em><\/strong> (Kommentar zu den Sentenzen des Petrus Lombardus): Ein mittelalterliches Theologiewerk, das die Grundlage der Scholastik bildet; Und die <strong><em>Summa Theologiae<\/em><\/strong> (Theologische Summe), vielleicht sein wichtigstes Werk.<\/p>\n<div class=\"link-product\">\n<div class=\"blocco-immagine\"><img loading=\"lazy\" decoding=\"async\" class=\"size-full wp-image-7596 alignleft\" src=\"https:\/\/blog.holyart.it\/de\/wp-content\/uploads\/sites\/12\/2026\/01\/heiliger-thomas-von-aquin-statue-20-cm-aus-handbemaltem-resin1.jpg\" alt=\"Heiliger Thomas von Aquin\" width=\"100\" height=\"100\" data-kale-share-title=\"Thomas von Aquin und die Hierarchie der Engel\" data-kale-share-url=\"https:\/\/blog.holyart.it\/de\/?p=7590\" \/><\/div>\n<div class=\"blocco-contenuto\">\n<div class=\"blocco-acquista\">Einkaufen:<\/div>\n<div class=\"blocco-titolo\"><a href=\"https:\/\/www.holyart.de\/devotionalien\/statuen\/statuen-aus-resin-und-pvc\/heiliger-thomas-von-aquin-statue-20-cm-aus-handbemaltem-resin1\">Heiliger Thomas von Aquin \u2013 Statue 20 cm aus handbemaltem Resin<\/a><\/div>\n<div class=\"blocco-descrizione\">Diese Statue zeigt den heiligen Thomas von Aquin in der Ordenskleidung der Dominikaner<\/div>\n<\/div>\n<\/div>\n<p>Diese wurde in den letzten Lebensjahren von Thomas geschrieben und blieb unvollendet. Sie gilt als das <strong>bedeutendste theologische Traktat des Mittelalters<\/strong>, das jemals verfasst wurde.<\/p>\n<p>Das Werk kn\u00fcpft an die <strong>Summa contra Gentiles<\/strong> an, zeigt jedoch von Anfang an einen eher theologischen als apologetischen Charakter, indem es viele Autoren der Antike zitiert, von Aristoteles bis zum heiligen Augustinus von Hippo, von Petrus Lombardus bis zum Pseudo-Dionysius Areopagita, von Avicenna bis Mose Maimonides.<\/p>\n<p>Die Summa ist in <strong>lateinischer<\/strong> Sprache verfasst und in <strong>drei Teile<\/strong> unterteilt. Sie besteht aus Artikeln, die jeweils ein <strong>auf Vernunft basierendes Argument<\/strong> pr\u00e4sentieren, das durch Fragen und Einw\u00e4nde untersucht wird, die scheinbar die entgegengesetzte These zu der am Ende pr\u00e4sentierten und unterst\u00fctzten wahren These beweisen sollen. Diese Methode orientiert sich einerseits an der <strong>aristotelischen wissenschaftlichen Methode<\/strong>, indem sie f\u00fcr die Theologie dieselben Prinzipien wie f\u00fcr die rationalen Wissenschaften und die Metaphysik anwendet. Andererseits wollte Thomas die <strong>Architektur gro\u00dfer Kathedralen<\/strong> widerspiegeln und die Grundlagen des Glaubens durch die Vernunft sichtbar und verst\u00e4ndlich machen, so wie die Architektur den Menschen die g\u00f6ttliche Wahrheit durch etwas Sichtbares und Greifbares zeigte.<\/p>\n<h2>Die drei Engelhierarchien<\/h2>\n<p>In seiner <em>Summa Theologiae<\/em> greift der heilige Thomas unter anderem die <strong>Theorie der drei Engelhierarchien<\/strong> auf, die vom <strong>Pseudo-Dionysius Areopagita<\/strong>, einem neuplatonischen Philosophen aus dem 5. Jahrhundert, in seinem Buch <em>De coelesti hierarchia<\/em> vorgestellt wurde.<\/p>\n<div class=\"link-product\">\n<div class=\"blocco-immagine\"><img loading=\"lazy\" decoding=\"async\" class=\"size-full wp-image-7597 alignleft\" src=\"https:\/\/blog.holyart.it\/de\/wp-content\/uploads\/sites\/12\/2026\/01\/erzengel-michael-von-guido-reni-12x16-cm-retouch-bottega-tifernate.jpg\" alt=\"erzengels\" width=\"100\" height=\"100\" data-kale-share-title=\"Thomas von Aquin und die Hierarchie der Engel\" data-kale-share-url=\"https:\/\/blog.holyart.it\/de\/?p=7590\" \/><\/div>\n<div class=\"blocco-contenuto\">\n<div class=\"blocco-acquista\">Einkaufen:<\/div>\n<div class=\"blocco-titolo\"><a href=\"https:\/\/www.holyart.de\/search?params=%7B%22search%22%3A%22Erzengeln%22%7D&amp;search_term=Erzengeln\">Erzengeln<\/a><\/div>\n<div class=\"blocco-descrizione\">Auf Holyart finden Sie \u00fcber 100 Produkte, darunter Statuen, Bilder, Wandteppiche, Ikonen und Anh\u00e4nger, die den Gestalten der Erzengel gewidmet sind.<\/div>\n<\/div>\n<\/div>\n<p>Die himmlische Struktur basiert nach dem Pseudo-Dionysius auf Passagen aus dem Neuen Testament, aus denen er ein Schema von <strong>drei Hierarchien<\/strong> (oder Sph\u00e4ren) ableitete, die jeweils aus <strong>drei Ordnungen<\/strong> (oder Ch\u00f6ren) bestehen, die in abnehmender Reihenfolge der Macht unterteilt sind, je weiter sie sich von Gott entfernen:<\/p>\n<ol>\n<li><strong>Erste Hierarchie:<\/strong> Seraphim, Cherubim, Throne;<\/li>\n<li><strong>Zweite Hierarchie:<\/strong> Herrschaften, M\u00e4chte, Gewalten;<\/li>\n<li><strong>Dritte Hierarchie:<\/strong> F\u00fcrstent\u00fcmer, <strong><a href=\"https:\/\/www.holyart.de\/search?params=%7B%22search%22%3A%22Erzengeln%22%7D&amp;search_term=Erzengeln\">Erzengel<\/a><\/strong>, <a href=\"https:\/\/www.holyart.de\/search?params=%7B%22search%22%3A%22Engel%22%7D&amp;search_term=Engel\"><strong>Engel<\/strong><\/a>.<\/li>\n<\/ol>\n<p>Diese Hierarchien wurden sp\u00e4ter mit den Umlaufbahnen der Himmelsk\u00f6rper identifiziert, die sich bewegend eine Harmonie ausstrahlen, bekannt als die \u201eMusik der Sph\u00e4ren\u201c.<\/p>\n<p>Der heilige Thomas war ein leidenschaftlicher Gelehrter der Aktivit\u00e4ten der Engel, weshalb er den Beinamen <strong>Doctor Angelicus<\/strong> erhielt. Seiner Ansicht nach haben <a href=\"https:\/\/www.holyart.de\/devotionalien\/engel\/schutzengel-schamott\"><strong>Schutzengel<\/strong> <\/a>die Aufgabe, unsere Vorstellungen zu erleuchten und unserer Intelligenz zu helfen, die Wahrheit zu erfassen.<\/p>\n<div class=\"link-product\">\n<div class=\"blocco-immagine\"><img loading=\"lazy\" decoding=\"async\" class=\"size-full wp-image-7598 alignleft\" src=\"https:\/\/blog.holyart.it\/de\/wp-content\/uploads\/sites\/12\/2026\/01\/Schutzengel-Schamott.jpg\" alt=\"Schutzengel Schamott\" width=\"100\" height=\"100\" data-kale-share-title=\"Thomas von Aquin und die Hierarchie der Engel\" data-kale-share-url=\"https:\/\/blog.holyart.it\/de\/?p=7590\" \/><\/div>\n<div class=\"blocco-contenuto\">\n<div class=\"blocco-acquista\">Einkaufen:<\/div>\n<div class=\"blocco-titolo\"><a href=\"https:\/\/www.holyart.de\/devotionalien\/engel\/schutzengel-schamott\">Schutzengel Schamott<\/a><\/div>\n<div class=\"blocco-descrizione\">Schutzengel aus Schamott, stilisierte Figur.<\/div>\n<\/div>\n<\/div>\n<p>Er vertiefte das Werk des Dionysius und schrieb in der <em>Summa Theologiae<\/em>, dass die Unterscheidung der Engelhierarchien auf den <strong>unterschiedlichen intellektuellen Naturen<\/strong> der Engel beruhe, auf den verschiedenen Weisen, wie sie <strong>von der Essenz Gottes erleuchtet werden<\/strong>. Deshalb haben die h\u00f6heren Engel eine universellere Sicht auf die Dinge als die niederen Engel, weil sie die Wahrheit der Dinge <strong>von Gott selbst<\/strong> lernen. Die Engel der zweiten Hierarchie verstehen sie durch <strong>universelle Ursachen<\/strong>, und die der dritten durch die Anwendung der Ursachen auf<strong> besondere Wirkungen<\/strong>. Im Grunde besteht die erste Hierarchie aus Engeln, die Gott am n\u00e4chsten und am \u00e4hnlichsten sind und als solche f\u00e4hig sind, alle Dinge in einer einzigen \u201eForm\u201c zu erkennen. Die Engel der zweiten Hierarchie kennen die g\u00f6ttlichen Wirkungen daraus, wie sie den <strong>universellen Ursachen<\/strong> entspringen, und werden von der ersten Hierarchie erleuchtet. <a href=\"https:\/\/www.holyart.de\/blog\/devotionalien\/sieben-erzengel-warum-verehren-wir-nur-drei\/\"><strong>Die Engel der dritten Hierarchie<\/strong><\/a> empfangen ein <strong>Wissen \u00fcber die g\u00f6ttlichen Wirkungen<\/strong>.<\/p>\n<div class=\"link-article\">\n<p><img loading=\"lazy\" decoding=\"async\" class=\"size-full wp-image-7599 alignleft\" src=\"https:\/\/blog.holyart.it\/de\/wp-content\/uploads\/sites\/12\/2026\/01\/Sieben-Erzengel.jpg\" alt=\"Sieben Erzengel: Warum verehren wir nur drei?\" width=\"150\" height=\"99\" data-kale-share-title=\"Thomas von Aquin und die Hierarchie der Engel\" data-kale-share-url=\"https:\/\/blog.holyart.it\/de\/?p=7590\" \/><\/p>\n<div class=\"leggi-anche\">Lesen Sie auch:<\/div>\n<p><strong><a href=\"https:\/\/www.holyart.de\/blog\/devotionalien\/sieben-erzengel-warum-verehren-wir-nur-drei\/\">Sieben Erzengel: Warum verehren wir nur drei?<\/a><\/strong><br \/>\nObwohl die Kirche nur die Verehrung der drei Erzengel aus den Heiligen Schriften, Michael, Gabriel und Raphael&#8230;<\/p>\n<\/div>\n<p>Folglich hat, immer noch nach Thomas, die <strong>erste <\/strong>Hierarchie (Seraphim, Cherubim und Throne) eine direkte Beziehung zu Gott, dank derer sie das <strong>Ziel<\/strong> betrachten kann; die zweite (Herrschaften, M\u00e4chte und Gewalten) den <strong>Mittelweg<\/strong>, d.h. die universelle Anordnung der zu erledigenden Dinge, die Ordnung und die Regierung der Welt; die dritte (F\u00fcrstent\u00fcmer, Erzengel und Engel) wendet die Anordnungen auf die Wirkungen an, d.h. <strong>sie f\u00fchrt das Werk aus<\/strong>.<\/p>\n","protected":false},"excerpt":{"rendered":"<p>Am 28. Januar wird des heiligen Thomas von Aquin gedacht, des \u201eEngelgleichen Lehrers\u201c (Doctor Angelicus) und Autors des ber\u00fchmtesten theologischen Traktats des Mittelalters. Thomas von Aquin lebte im 13. Jahrhundert. Er war ein Dominikanerm\u00f6nch, wird aber vor allem f\u00fcr seine Verdienste als Theologe, Philosoph und&hellip;<\/p>\n","protected":false},"author":1,"featured_media":7592,"comment_status":"closed","ping_status":"open","sticky":false,"template":"","format":"standard","meta":{"_acf_changed":false,"footnotes":""},"categories":[9],"tags":[],"class_list":["post-7590","post","type-post","status-publish","format-standard","has-post-thumbnail","hentry","category-heilige-und-selige"],"acf":[],"yoast_head":"<!-- This site is optimized with the Yoast SEO plugin v26.6 - https:\/\/yoast.com\/wordpress\/plugins\/seo\/ -->\n<title>Thomas von Aquin und die Hierarchie der Engel - Holyart.de Blog<\/title>\n<meta name=\"description\" content=\"Der heilige Thomas von Aquin war Theologe, Kirchenvater und Doctor Angelicus. Er verband das aristotelische Denken mit der christlichen...\" \/>\n<meta name=\"robots\" content=\"index, follow, max-snippet:-1, max-image-preview:large, max-video-preview:-1\" \/>\n<link rel=\"canonical\" href=\"https:\/\/blog.holyart.it\/de\/heilige-und-selige\/thomas-von-aquin-und-die-hierarchie-der-engel\/\" \/>\n<meta property=\"og:locale\" content=\"de_DE\" \/>\n<meta property=\"og:type\" content=\"article\" \/>\n<meta property=\"og:title\" content=\"Thomas von Aquin und die Hierarchie der Engel - Holyart.de Blog\" \/>\n<meta property=\"og:description\" content=\"Der heilige Thomas von Aquin war Theologe, Kirchenvater und Doctor Angelicus. Er verband das aristotelische Denken mit der christlichen...\" \/>\n<meta property=\"og:url\" content=\"https:\/\/blog.holyart.it\/de\/heilige-und-selige\/thomas-von-aquin-und-die-hierarchie-der-engel\/\" \/>\n<meta property=\"og:site_name\" content=\"Holyart.de Blog\" \/>\n<meta property=\"article:published_time\" content=\"2026-01-26T09:00:13+00:00\" \/>\n<meta property=\"article:modified_time\" content=\"2026-01-30T16:00:43+00:00\" \/>\n<meta property=\"og:image\" content=\"https:\/\/blog.holyart.it\/de\/wp-content\/uploads\/sites\/12\/2026\/01\/Thomas-von-Aquin.jpg\" \/>\n\t<meta property=\"og:image:width\" content=\"1000\" \/>\n\t<meta property=\"og:image:height\" content=\"666\" \/>\n\t<meta property=\"og:image:type\" content=\"image\/jpeg\" \/>\n<meta name=\"author\" content=\"Redazione\" \/>\n<meta name=\"twitter:card\" content=\"summary_large_image\" \/>\n<meta name=\"twitter:label1\" content=\"Verfasst von\" \/>\n\t<meta name=\"twitter:data1\" content=\"Redazione\" \/>\n\t<meta name=\"twitter:label2\" content=\"Gesch\u00e4tzte Lesezeit\" \/>\n\t<meta name=\"twitter:data2\" content=\"10\u00a0Minuten\" \/>\n<script type=\"application\/ld+json\" class=\"yoast-schema-graph\">{\"@context\":\"https:\/\/schema.org\",\"@graph\":[{\"@type\":\"Article\",\"@id\":\"https:\/\/blog.holyart.it\/de\/heilige-und-selige\/thomas-von-aquin-und-die-hierarchie-der-engel\/#article\",\"isPartOf\":{\"@id\":\"https:\/\/blog.holyart.it\/de\/heilige-und-selige\/thomas-von-aquin-und-die-hierarchie-der-engel\/\"},\"author\":{\"name\":\"Redazione\",\"@id\":\"https:\/\/blog.holyart.it\/de\/#\/schema\/person\/0a7b686e5af0f856ec1e390dd0baecda\"},\"headline\":\"Thomas von Aquin und die Hierarchie der Engel\",\"datePublished\":\"2026-01-26T09:00:13+00:00\",\"dateModified\":\"2026-01-30T16:00:43+00:00\",\"mainEntityOfPage\":{\"@id\":\"https:\/\/blog.holyart.it\/de\/heilige-und-selige\/thomas-von-aquin-und-die-hierarchie-der-engel\/\"},\"wordCount\":1468,\"publisher\":{\"@id\":\"https:\/\/blog.holyart.it\/de\/#organization\"},\"image\":{\"@id\":\"https:\/\/blog.holyart.it\/de\/heilige-und-selige\/thomas-von-aquin-und-die-hierarchie-der-engel\/#primaryimage\"},\"thumbnailUrl\":\"https:\/\/blog.holyart.it\/de\/wp-content\/uploads\/sites\/12\/2026\/01\/Thomas-von-Aquin.jpg\",\"articleSection\":[\"Heilige und Selige\"],\"inLanguage\":\"de\"},{\"@type\":\"WebPage\",\"@id\":\"https:\/\/blog.holyart.it\/de\/heilige-und-selige\/thomas-von-aquin-und-die-hierarchie-der-engel\/\",\"url\":\"https:\/\/blog.holyart.it\/de\/heilige-und-selige\/thomas-von-aquin-und-die-hierarchie-der-engel\/\",\"name\":\"Thomas von Aquin und die Hierarchie der Engel - Holyart.de Blog\",\"isPartOf\":{\"@id\":\"https:\/\/blog.holyart.it\/de\/#website\"},\"primaryImageOfPage\":{\"@id\":\"https:\/\/blog.holyart.it\/de\/heilige-und-selige\/thomas-von-aquin-und-die-hierarchie-der-engel\/#primaryimage\"},\"image\":{\"@id\":\"https:\/\/blog.holyart.it\/de\/heilige-und-selige\/thomas-von-aquin-und-die-hierarchie-der-engel\/#primaryimage\"},\"thumbnailUrl\":\"https:\/\/blog.holyart.it\/de\/wp-content\/uploads\/sites\/12\/2026\/01\/Thomas-von-Aquin.jpg\",\"datePublished\":\"2026-01-26T09:00:13+00:00\",\"dateModified\":\"2026-01-30T16:00:43+00:00\",\"description\":\"Der heilige Thomas von Aquin war Theologe, Kirchenvater und Doctor Angelicus. Er verband das aristotelische Denken mit der christlichen...\",\"breadcrumb\":{\"@id\":\"https:\/\/blog.holyart.it\/de\/heilige-und-selige\/thomas-von-aquin-und-die-hierarchie-der-engel\/#breadcrumb\"},\"inLanguage\":\"de\",\"potentialAction\":[{\"@type\":\"ReadAction\",\"target\":[\"https:\/\/blog.holyart.it\/de\/heilige-und-selige\/thomas-von-aquin-und-die-hierarchie-der-engel\/\"]}]},{\"@type\":\"ImageObject\",\"inLanguage\":\"de\",\"@id\":\"https:\/\/blog.holyart.it\/de\/heilige-und-selige\/thomas-von-aquin-und-die-hierarchie-der-engel\/#primaryimage\",\"url\":\"https:\/\/blog.holyart.it\/de\/wp-content\/uploads\/sites\/12\/2026\/01\/Thomas-von-Aquin.jpg\",\"contentUrl\":\"https:\/\/blog.holyart.it\/de\/wp-content\/uploads\/sites\/12\/2026\/01\/Thomas-von-Aquin.jpg\",\"width\":1000,\"height\":666,\"caption\":\"Thomas von Aquin\"},{\"@type\":\"BreadcrumbList\",\"@id\":\"https:\/\/blog.holyart.it\/de\/heilige-und-selige\/thomas-von-aquin-und-die-hierarchie-der-engel\/#breadcrumb\",\"itemListElement\":[{\"@type\":\"ListItem\",\"position\":1,\"name\":\"Homepage\",\"item\":\"https:\/\/blog.holyart.it\/de\/\"},{\"@type\":\"ListItem\",\"position\":2,\"name\":\"Heilige und Selige\",\"item\":\"https:\/\/blog.holyart.it\/de\/heilige-und-selige\/\"},{\"@type\":\"ListItem\",\"position\":3,\"name\":\"Thomas von Aquin und die Hierarchie der Engel\"}]},{\"@type\":\"WebSite\",\"@id\":\"https:\/\/blog.holyart.it\/de\/#website\",\"url\":\"https:\/\/blog.holyart.it\/de\/\",\"name\":\"Holyart.de Blog\",\"description\":\"Holyblog\",\"publisher\":{\"@id\":\"https:\/\/blog.holyart.it\/de\/#organization\"},\"potentialAction\":[{\"@type\":\"SearchAction\",\"target\":{\"@type\":\"EntryPoint\",\"urlTemplate\":\"https:\/\/blog.holyart.it\/de\/?s={search_term_string}\"},\"query-input\":{\"@type\":\"PropertyValueSpecification\",\"valueRequired\":true,\"valueName\":\"search_term_string\"}}],\"inLanguage\":\"de\"},{\"@type\":\"Organization\",\"@id\":\"https:\/\/blog.holyart.it\/de\/#organization\",\"name\":\"Holyart.de Blog\",\"url\":\"https:\/\/blog.holyart.it\/de\/\",\"logo\":{\"@type\":\"ImageObject\",\"inLanguage\":\"de\",\"@id\":\"https:\/\/blog.holyart.it\/de\/#\/schema\/logo\/image\/\",\"url\":\"https:\/\/blog.holyart.it\/de\/wp-content\/uploads\/sites\/12\/2022\/12\/Holyart_Blog_Logo.jpg\",\"contentUrl\":\"https:\/\/blog.holyart.it\/de\/wp-content\/uploads\/sites\/12\/2022\/12\/Holyart_Blog_Logo.jpg\",\"width\":300,\"height\":50,\"caption\":\"Holyart.de Blog\"},\"image\":{\"@id\":\"https:\/\/blog.holyart.it\/de\/#\/schema\/logo\/image\/\"}},{\"@type\":\"Person\",\"@id\":\"https:\/\/blog.holyart.it\/de\/#\/schema\/person\/0a7b686e5af0f856ec1e390dd0baecda\",\"name\":\"Redazione\",\"image\":{\"@type\":\"ImageObject\",\"inLanguage\":\"de\",\"@id\":\"https:\/\/blog.holyart.it\/de\/#\/schema\/person\/image\/\",\"url\":\"https:\/\/secure.gravatar.com\/avatar\/f477da817f43e50d0af36abecd33e3edf826c68299714bdc1057dff3b113f516?s=96&d=mm&r=g\",\"contentUrl\":\"https:\/\/secure.gravatar.com\/avatar\/f477da817f43e50d0af36abecd33e3edf826c68299714bdc1057dff3b113f516?s=96&d=mm&r=g\",\"caption\":\"Redazione\"}}]}<\/script>\n<!-- \/ Yoast SEO plugin. -->","yoast_head_json":{"title":"Thomas von Aquin und die Hierarchie der Engel - Holyart.de Blog","description":"Der heilige Thomas von Aquin war Theologe, Kirchenvater und Doctor Angelicus. Er verband das aristotelische Denken mit der christlichen...","robots":{"index":"index","follow":"follow","max-snippet":"max-snippet:-1","max-image-preview":"max-image-preview:large","max-video-preview":"max-video-preview:-1"},"canonical":"https:\/\/blog.holyart.it\/de\/heilige-und-selige\/thomas-von-aquin-und-die-hierarchie-der-engel\/","og_locale":"de_DE","og_type":"article","og_title":"Thomas von Aquin und die Hierarchie der Engel - Holyart.de Blog","og_description":"Der heilige Thomas von Aquin war Theologe, Kirchenvater und Doctor Angelicus. Er verband das aristotelische Denken mit der christlichen...","og_url":"https:\/\/blog.holyart.it\/de\/heilige-und-selige\/thomas-von-aquin-und-die-hierarchie-der-engel\/","og_site_name":"Holyart.de Blog","article_published_time":"2026-01-26T09:00:13+00:00","article_modified_time":"2026-01-30T16:00:43+00:00","og_image":[{"width":1000,"height":666,"url":"https:\/\/blog.holyart.it\/de\/wp-content\/uploads\/sites\/12\/2026\/01\/Thomas-von-Aquin.jpg","type":"image\/jpeg"}],"author":"Redazione","twitter_card":"summary_large_image","twitter_misc":{"Verfasst von":"Redazione","Gesch\u00e4tzte Lesezeit":"10\u00a0Minuten"},"schema":{"@context":"https:\/\/schema.org","@graph":[{"@type":"Article","@id":"https:\/\/blog.holyart.it\/de\/heilige-und-selige\/thomas-von-aquin-und-die-hierarchie-der-engel\/#article","isPartOf":{"@id":"https:\/\/blog.holyart.it\/de\/heilige-und-selige\/thomas-von-aquin-und-die-hierarchie-der-engel\/"},"author":{"name":"Redazione","@id":"https:\/\/blog.holyart.it\/de\/#\/schema\/person\/0a7b686e5af0f856ec1e390dd0baecda"},"headline":"Thomas von Aquin und die Hierarchie der Engel","datePublished":"2026-01-26T09:00:13+00:00","dateModified":"2026-01-30T16:00:43+00:00","mainEntityOfPage":{"@id":"https:\/\/blog.holyart.it\/de\/heilige-und-selige\/thomas-von-aquin-und-die-hierarchie-der-engel\/"},"wordCount":1468,"publisher":{"@id":"https:\/\/blog.holyart.it\/de\/#organization"},"image":{"@id":"https:\/\/blog.holyart.it\/de\/heilige-und-selige\/thomas-von-aquin-und-die-hierarchie-der-engel\/#primaryimage"},"thumbnailUrl":"https:\/\/blog.holyart.it\/de\/wp-content\/uploads\/sites\/12\/2026\/01\/Thomas-von-Aquin.jpg","articleSection":["Heilige und Selige"],"inLanguage":"de"},{"@type":"WebPage","@id":"https:\/\/blog.holyart.it\/de\/heilige-und-selige\/thomas-von-aquin-und-die-hierarchie-der-engel\/","url":"https:\/\/blog.holyart.it\/de\/heilige-und-selige\/thomas-von-aquin-und-die-hierarchie-der-engel\/","name":"Thomas von Aquin und die Hierarchie der Engel - Holyart.de Blog","isPartOf":{"@id":"https:\/\/blog.holyart.it\/de\/#website"},"primaryImageOfPage":{"@id":"https:\/\/blog.holyart.it\/de\/heilige-und-selige\/thomas-von-aquin-und-die-hierarchie-der-engel\/#primaryimage"},"image":{"@id":"https:\/\/blog.holyart.it\/de\/heilige-und-selige\/thomas-von-aquin-und-die-hierarchie-der-engel\/#primaryimage"},"thumbnailUrl":"https:\/\/blog.holyart.it\/de\/wp-content\/uploads\/sites\/12\/2026\/01\/Thomas-von-Aquin.jpg","datePublished":"2026-01-26T09:00:13+00:00","dateModified":"2026-01-30T16:00:43+00:00","description":"Der heilige Thomas von Aquin war Theologe, Kirchenvater und Doctor Angelicus. Er verband das aristotelische Denken mit der christlichen...","breadcrumb":{"@id":"https:\/\/blog.holyart.it\/de\/heilige-und-selige\/thomas-von-aquin-und-die-hierarchie-der-engel\/#breadcrumb"},"inLanguage":"de","potentialAction":[{"@type":"ReadAction","target":["https:\/\/blog.holyart.it\/de\/heilige-und-selige\/thomas-von-aquin-und-die-hierarchie-der-engel\/"]}]},{"@type":"ImageObject","inLanguage":"de","@id":"https:\/\/blog.holyart.it\/de\/heilige-und-selige\/thomas-von-aquin-und-die-hierarchie-der-engel\/#primaryimage","url":"https:\/\/blog.holyart.it\/de\/wp-content\/uploads\/sites\/12\/2026\/01\/Thomas-von-Aquin.jpg","contentUrl":"https:\/\/blog.holyart.it\/de\/wp-content\/uploads\/sites\/12\/2026\/01\/Thomas-von-Aquin.jpg","width":1000,"height":666,"caption":"Thomas von Aquin"},{"@type":"BreadcrumbList","@id":"https:\/\/blog.holyart.it\/de\/heilige-und-selige\/thomas-von-aquin-und-die-hierarchie-der-engel\/#breadcrumb","itemListElement":[{"@type":"ListItem","position":1,"name":"Homepage","item":"https:\/\/blog.holyart.it\/de\/"},{"@type":"ListItem","position":2,"name":"Heilige und Selige","item":"https:\/\/blog.holyart.it\/de\/heilige-und-selige\/"},{"@type":"ListItem","position":3,"name":"Thomas von Aquin und die Hierarchie der Engel"}]},{"@type":"WebSite","@id":"https:\/\/blog.holyart.it\/de\/#website","url":"https:\/\/blog.holyart.it\/de\/","name":"Holyart.de Blog","description":"Holyblog","publisher":{"@id":"https:\/\/blog.holyart.it\/de\/#organization"},"potentialAction":[{"@type":"SearchAction","target":{"@type":"EntryPoint","urlTemplate":"https:\/\/blog.holyart.it\/de\/?s={search_term_string}"},"query-input":{"@type":"PropertyValueSpecification","valueRequired":true,"valueName":"search_term_string"}}],"inLanguage":"de"},{"@type":"Organization","@id":"https:\/\/blog.holyart.it\/de\/#organization","name":"Holyart.de Blog","url":"https:\/\/blog.holyart.it\/de\/","logo":{"@type":"ImageObject","inLanguage":"de","@id":"https:\/\/blog.holyart.it\/de\/#\/schema\/logo\/image\/","url":"https:\/\/blog.holyart.it\/de\/wp-content\/uploads\/sites\/12\/2022\/12\/Holyart_Blog_Logo.jpg","contentUrl":"https:\/\/blog.holyart.it\/de\/wp-content\/uploads\/sites\/12\/2022\/12\/Holyart_Blog_Logo.jpg","width":300,"height":50,"caption":"Holyart.de Blog"},"image":{"@id":"https:\/\/blog.holyart.it\/de\/#\/schema\/logo\/image\/"}},{"@type":"Person","@id":"https:\/\/blog.holyart.it\/de\/#\/schema\/person\/0a7b686e5af0f856ec1e390dd0baecda","name":"Redazione","image":{"@type":"ImageObject","inLanguage":"de","@id":"https:\/\/blog.holyart.it\/de\/#\/schema\/person\/image\/","url":"https:\/\/secure.gravatar.com\/avatar\/f477da817f43e50d0af36abecd33e3edf826c68299714bdc1057dff3b113f516?s=96&d=mm&r=g","contentUrl":"https:\/\/secure.gravatar.com\/avatar\/f477da817f43e50d0af36abecd33e3edf826c68299714bdc1057dff3b113f516?s=96&d=mm&r=g","caption":"Redazione"}}]}},"_links":{"self":[{"href":"https:\/\/blog.holyart.it\/de\/wp-json\/wp\/v2\/posts\/7590","targetHints":{"allow":["GET"]}}],"collection":[{"href":"https:\/\/blog.holyart.it\/de\/wp-json\/wp\/v2\/posts"}],"about":[{"href":"https:\/\/blog.holyart.it\/de\/wp-json\/wp\/v2\/types\/post"}],"author":[{"embeddable":true,"href":"https:\/\/blog.holyart.it\/de\/wp-json\/wp\/v2\/users\/1"}],"replies":[{"embeddable":true,"href":"https:\/\/blog.holyart.it\/de\/wp-json\/wp\/v2\/comments?post=7590"}],"version-history":[{"count":5,"href":"https:\/\/blog.holyart.it\/de\/wp-json\/wp\/v2\/posts\/7590\/revisions"}],"predecessor-version":[{"id":7602,"href":"https:\/\/blog.holyart.it\/de\/wp-json\/wp\/v2\/posts\/7590\/revisions\/7602"}],"wp:featuredmedia":[{"embeddable":true,"href":"https:\/\/blog.holyart.it\/de\/wp-json\/wp\/v2\/media\/7592"}],"wp:attachment":[{"href":"https:\/\/blog.holyart.it\/de\/wp-json\/wp\/v2\/media?parent=7590"}],"wp:term":[{"taxonomy":"category","embeddable":true,"href":"https:\/\/blog.holyart.it\/de\/wp-json\/wp\/v2\/categories?post=7590"},{"taxonomy":"post_tag","embeddable":true,"href":"https:\/\/blog.holyart.it\/de\/wp-json\/wp\/v2\/tags?post=7590"}],"curies":[{"name":"wp","href":"https:\/\/api.w.org\/{rel}","templated":true}]}}