{"id":7577,"date":"2026-01-21T17:28:23","date_gmt":"2026-01-21T16:28:23","guid":{"rendered":"https:\/\/blog.holyart.it\/de\/?p=7577"},"modified":"2026-01-28T17:33:32","modified_gmt":"2026-01-28T16:33:32","slug":"vom-blitz-getroffen-auf-dem-weg-nach-damaskus-woher-dieser-ausdruck-stammt","status":"publish","type":"post","link":"https:\/\/blog.holyart.it\/de\/heilige-und-selige\/vom-blitz-getroffen-auf-dem-weg-nach-damaskus-woher-dieser-ausdruck-stammt\/","title":{"rendered":"Vom Blitz getroffen auf dem Weg nach Damaskus: Woher dieser Ausdruck stammt"},"content":{"rendered":"<h4>Vom Blitz getroffen auf dem Weg nach Damaskus \u2013 ein Ausdruck, der eine Geschichte von tiefem Glauben und spiritueller Bekehrung verbirgt. Der Protagonist? Einer der meistverehrten Heiligen aller Zeiten<\/h4>\n\n<p>Wenn wir von jemandem sagen, er sei <em>\u201evom Blitz getroffen auf dem Weg nach Damaskus\u201c<\/em> worden, meinen wir, dass <strong>diese Person von einem so wichtigen und ersch\u00fctternden Ereignis \u00fcberw\u00e4ltigt<\/strong> wurde, dass es ihr Leben tiefgreifend und bedeutsam ver\u00e4ndert hat. M\u00f6glicherweise wissen aber nicht alle, woher dieser Ausdruck stammt. Der Ursprung dieses Ausdrucks ist in der Geschichte des <strong>Apostels Paulus<\/strong> zu suchen, und insbesondere in dem Moment, als er aufh\u00f6rte, Saulus von Tarsus zu sein \u2013 ein Zeltmacher, hellenistischer Jude, r\u00f6mischer B\u00fcrger und vor allem ein stolzer und schrecklicher Verfolger der Christen \u2013, um <strong>Paulus<\/strong> zu werden, <strong>der Apostel der Heiden<\/strong> (der Nichtjuden) und der wichtigste Missionar des Evangeliums Jesu unter Griechen und R\u00f6mern.<\/p>\n<p>Wie schon in einem <strong><a href=\"https:\/\/www.holyart.de\/blog\/heilige-und-selige\/saint-paul-von-tarso-geschichte-eines-missionars\/\">Artikel<\/a><\/strong> erw\u00e4hnt, m\u00f6chten wir uns hier auf die Schl\u00fcsselstelle seines Lebens konzentrieren, den <strong>Moment der Bekehrung<\/strong>, als er auf dem Weg nach Damaskus vom Blitz getroffen wurde.<\/p>\n<div class=\"link-article\">\n<p><img loading=\"lazy\" decoding=\"async\" class=\"size-full wp-image-7579 alignleft\" src=\"https:\/\/blog.holyart.it\/de\/wp-content\/uploads\/sites\/12\/2026\/01\/Saint-Paul-von-Tarso.jpg\" alt=\"Saint Paul von Tarso\" width=\"150\" height=\"100\" data-kale-share-title=\"Vom Blitz getroffen auf dem Weg nach Damaskus: Woher dieser Ausdruck stammt\" data-kale-share-url=\"https:\/\/blog.holyart.it\/de\/?p=7577\" \/><\/p>\n<div class=\"leggi-anche\">Lesen Sie auch:<\/div>\n<p><strong><a href=\"https:\/\/www.holyart.de\/blog\/heilige-und-selige\/saint-paul-von-tarso-geschichte-eines-missionars\/\">Saint Paul von Tarso: Geschichte eines Missionars<\/a><\/strong><br \/>\nDer heilige Paulus von Tarso kann als der erste gro\u00dfe Missionar der christlichen Kirche angesehen werden. Seine Arbeit als Proselyte&#8230;<\/p>\n<\/div>\n<p>Die Episode wird von Paulus selbst in einigen seiner <strong>Briefe<\/strong> und auch in der <a href=\"https:\/\/www.holyart.de\/blog\/heilige-und-selige\/wer-waren-die-12-apostel-und-worin-besteht-der-unterschied-zwischen-aposteln-und-juengern\/\"><strong>Apostelgeschichte<\/strong><\/a> erz\u00e4hlt. W\u00e4hrend er eine Gruppe von fl\u00fcchtenden Christen nach Damaskus verfolgte, wurde Paulus von einem <strong>gro\u00dfen, blendenden Licht<\/strong> erfasst, das ihn erblinden lie\u00df, und er h\u00f6rte eine dr\u00f6hnende Stimme, die ihn fragte: <em>\u201eSaul, Saul, warum verfolgst du mich?\u201c Und er antwortete: \u201eWer bist du, Herr?\u201c; und die Stimme: \u201eIch bin Jesus, den du verfolgst. Steh auf und geh in die Stadt, und es wird dir gesagt werden, was du tun musst.\u201c<\/em> (Apg 9,3\u20137). Dies geschah wahrscheinlich um das Jahr 35 n. Chr. Paulus war mit einem formellen Auftrag des Sanhedrins von Jerusalem unterwegs nach Damaskus, der ihn erm\u00e4chtigte, die Christen dieser Stadt zu verfolgen. Offensichtlich geschah nichts davon: Nach dem au\u00dfergew\u00f6hnlichen Erlebnis, das er hatte, <strong>bekehrte sich Saulus zum Christentum<\/strong> und machte die Verbreitung des Wortes Christi zu seiner einzigen Lebensaufgabe. Dies f\u00fchrte dazu, dass er als der eifrigste der Apostel in Erinnerung blieb, obwohl er Jesus nie getroffen hatte!<\/p>\n<div class=\"link-article\">\n<p><img loading=\"lazy\" decoding=\"async\" class=\"size-full wp-image-7580 alignleft\" src=\"https:\/\/blog.holyart.it\/de\/wp-content\/uploads\/sites\/12\/2026\/01\/die-12-Apostel.jpeg\" alt=\"die 12 Apostel\" width=\"150\" height=\"99\" data-kale-share-title=\"Vom Blitz getroffen auf dem Weg nach Damaskus: Woher dieser Ausdruck stammt\" data-kale-share-url=\"https:\/\/blog.holyart.it\/de\/?p=7577\" \/><\/p>\n<div class=\"leggi-anche\">Lesen Sie auch:<\/div>\n<p><strong><a href=\"https:\/\/www.holyart.de\/blog\/heilige-und-selige\/wer-waren-die-12-apostel-und-worin-besteht-der-unterschied-zwischen-aposteln-und-juengern\/\">Wer waren die 12 Apostel und worin besteht der Unterschied zwischen Aposteln und J\u00fcngern?<\/a><\/strong><br \/>\nWer waren die 12 Apostel, die Jesus w\u00e4hrend der kurzen Zeit&#8230;<\/p>\n<\/div>\n<p>Vielleicht gerade wegen dieser indirekten Kenntnis hielt er es in seinen Schriften nicht f\u00fcr notwendig, die Worte Jesu zu wiederholen und Seine Geschichte zu erz\u00e4hlen, wie es in den Evangelien geschah. Stattdessen konnte er sich auf die <strong>doktrin\u00e4ren Grundlagen<\/strong> der christlichen Theologie aller Zeiten konzentrieren, auf die Mission Christi, den Wert Seiner menschlichen Erfahrung und das Heil, das Er verk\u00f6rperte. In den <strong>Briefen des heiligen Paulus<\/strong> liegt der Sinn des Christentums selbst, und das ist erstaunlich, wenn man bedenkt, dass er sie vor zweitausend Jahren schrieb! Nach seiner Bekehrung predigte Paulus zun\u00e4chst den Juden, dann, gest\u00e4rkt durch seine hellenistische Bildung, den R\u00f6mern und Griechen, und reiste durch Arabien, Achaia und Kleinasien. Er wurde von denselben j\u00fcdischen Christen, die er einst verfolgt hatte, angefeindet, riskierte eine Lynchjustiz und wurde mehrmals verhaftet. Sein Schicksal ereilte ihn in Rom w\u00e4hrend der Verfolgung unter Nero.<\/p>\n<div class=\"link-product\">\n<div class=\"blocco-immagine\"><img loading=\"lazy\" decoding=\"async\" class=\"size-full wp-image-7581 alignleft\" src=\"https:\/\/blog.holyart.it\/de\/wp-content\/uploads\/sites\/12\/2026\/01\/statue-hl.-paul-bemalten-grodnertal-holz.jpg\" alt=\"statue hl. paul bemalten grodnertal holz\" width=\"100\" height=\"100\" data-kale-share-title=\"Vom Blitz getroffen auf dem Weg nach Damaskus: Woher dieser Ausdruck stammt\" data-kale-share-url=\"https:\/\/blog.holyart.it\/de\/?p=7577\" \/><\/div>\n<div class=\"blocco-contenuto\">\n<div class=\"blocco-acquista\">Einkaufen:<\/div>\n<div class=\"blocco-titolo\"><a href=\"https:\/\/www.holyart.de\/devotionalien\/statuen\/statuen-aus-bemalten-holz\/statue-hl.-paul-bemalten-grodnertal-holz\">Statue Hl. Paul bemalten Gr\u00f6dnertal Holz<\/a><\/div>\n<div class=\"blocco-descrizione\">Statue des Heiligen Pauls realisiert aus Gr\u00f6dnertal Holz und handbemalt.<\/div>\n<\/div>\n<\/div>\n<p>Die <strong>Bekehrung des heiligen Paulus<\/strong> wird mit einem Fest am 25. Januar gefeiert, und die Episode hat im Laufe der Jahrhunderte unz\u00e4hlige k\u00fcnstlerische Meisterwerke inspiriert. Denken Sie insbesondere an <em>Die Bekehrung des heiligen Paulus<\/em> von <strong>Caravaggio<\/strong>, das in der <strong>Cerasi-Kapelle der Basilika Santa Maria del Popolo <\/strong>in Rom aufbewahrt wird. Auf dem Gem\u00e4lde ist Saulus zu Boden gest\u00fcrzt dargestellt, \u00fcberw\u00e4ltigt vom g\u00f6ttlichen Licht, und \u00fcber ihm thront ein gro\u00dfes Pferd mit erhobenem Huf, das einen bedeutenden Teil des Bildes einnimmt. Die Figur Christi fehlt, aber das Gem\u00e4lde ist von einem beispiellosen <strong>dramatischen Realismus<\/strong> umgeben, wobei auch das <strong>Licht<\/strong> eine grundlegende Rolle spielt, indem es einen Kontrast zum dunklen Hintergrund bildet.<\/p>\n<div class=\"link-product\">\n<p><img loading=\"lazy\" decoding=\"async\" class=\"size-full wp-image-7585 alignleft\" src=\"https:\/\/blog.holyart.it\/de\/wp-content\/uploads\/sites\/12\/2026\/01\/handgemalte-ikone-heiliger-paul-1.jpg\" alt=\"handgemalte ikone heiliger paul\" width=\"100\" height=\"100\" data-kale-share-title=\"Vom Blitz getroffen auf dem Weg nach Damaskus: Woher dieser Ausdruck stammt\" data-kale-share-url=\"https:\/\/blog.holyart.it\/de\/?p=7577\" \/><\/p>\n<div class=\"blocco-contenuto\">\n<div class=\"blocco-acquista\">Einkaufen:<\/div>\n<div class=\"blocco-titolo\"><a href=\"https:\/\/www.holyart.de\/devotionalien\/ikonen\/rumanische-ikonen\/handgemalte-ikone-heiliger-paul\">Handgemalte Ikone Heiliger Paul<\/a><\/div>\n<div class=\"blocco-descrizione\">Die Ikone zeigt den Apostel Paul gem\u00e4\u00df der alten christlichen Darstellungen.<\/div>\n<\/div>\n<\/div>\n<p>Es gibt noch eine andere Version der Bekehrung des heiligen Paulus auf dem Weg nach Damaskus, ebenfalls von Caravaggio gemalt und in der <strong>Privatsammlung Odescalchi<\/strong> in Rom aufbewahrt. Auch dieses Bild stellt den Moment dar, als Saulus durch das Licht Jesu geblendet wurde, der hier jedoch in der rechten Ecke des Gem\u00e4ldes dargestellt ist. Er streckt die Arme Saulus entgegen, als wolle er ihn willkommen hei\u00dfen, w\u00e4hrend ein Engel ihn st\u00fctzt. Auch hier ist Saulus vom Pferd gefallen und bedeckt seine Augen, um sie vor dem Licht zu sch\u00fctzen, w\u00e4hrend der Soldat neben ihm v\u00f6llig unbeeindruckt zu sein scheint.<\/p>\n","protected":false},"excerpt":{"rendered":"<p>Vom Blitz getroffen auf dem Weg nach Damaskus \u2013 ein Ausdruck, der eine Geschichte von tiefem Glauben und spiritueller Bekehrung verbirgt. Der Protagonist? Einer der meistverehrten Heiligen aller Zeiten Wenn wir von jemandem sagen, er sei \u201evom Blitz getroffen auf dem Weg nach Damaskus\u201c worden,&hellip;<\/p>\n","protected":false},"author":1,"featured_media":7578,"comment_status":"closed","ping_status":"open","sticky":false,"template":"","format":"standard","meta":{"_acf_changed":false,"footnotes":""},"categories":[9],"tags":[],"class_list":["post-7577","post","type-post","status-publish","format-standard","has-post-thumbnail","hentry","category-heilige-und-selige"],"acf":[],"yoast_head":"<!-- This site is optimized with the Yoast SEO plugin v26.6 - https:\/\/yoast.com\/wordpress\/plugins\/seo\/ -->\n<title>Vom Blitz getroffen auf dem Weg nach Damaskus: Woher dieser Ausdruck stammt - Holyart.de Blog<\/title>\n<meta name=\"description\" content=\"Die Geschichte des heiligen Paulus, der auf dem Weg nach Damaskus vom Blitz getroffen wurde, hat zu einem ber\u00fchmten Sprichwort gef\u00fchrt.\" \/>\n<meta name=\"robots\" content=\"index, follow, max-snippet:-1, max-image-preview:large, max-video-preview:-1\" \/>\n<link rel=\"canonical\" href=\"https:\/\/blog.holyart.it\/de\/heilige-und-selige\/vom-blitz-getroffen-auf-dem-weg-nach-damaskus-woher-dieser-ausdruck-stammt\/\" \/>\n<meta property=\"og:locale\" content=\"de_DE\" \/>\n<meta property=\"og:type\" content=\"article\" \/>\n<meta property=\"og:title\" content=\"Vom Blitz getroffen auf dem Weg nach Damaskus: Woher dieser Ausdruck stammt - Holyart.de Blog\" \/>\n<meta property=\"og:description\" content=\"Die Geschichte des heiligen Paulus, der auf dem Weg nach Damaskus vom Blitz getroffen wurde, hat zu einem ber\u00fchmten Sprichwort gef\u00fchrt.\" \/>\n<meta property=\"og:url\" content=\"https:\/\/blog.holyart.it\/de\/heilige-und-selige\/vom-blitz-getroffen-auf-dem-weg-nach-damaskus-woher-dieser-ausdruck-stammt\/\" \/>\n<meta property=\"og:site_name\" content=\"Holyart.de Blog\" \/>\n<meta property=\"article:published_time\" content=\"2026-01-21T16:28:23+00:00\" \/>\n<meta property=\"article:modified_time\" content=\"2026-01-28T16:33:32+00:00\" \/>\n<meta property=\"og:image\" content=\"https:\/\/blog.holyart.it\/de\/wp-content\/uploads\/sites\/12\/2026\/01\/Vom-Blitz-getroffen-auf-dem-Weg-nach-Damaskus.jpg\" \/>\n\t<meta property=\"og:image:width\" content=\"1000\" \/>\n\t<meta property=\"og:image:height\" content=\"666\" \/>\n\t<meta property=\"og:image:type\" content=\"image\/jpeg\" \/>\n<meta name=\"author\" content=\"Redazione\" \/>\n<meta name=\"twitter:card\" content=\"summary_large_image\" \/>\n<meta name=\"twitter:label1\" content=\"Verfasst von\" \/>\n\t<meta name=\"twitter:data1\" content=\"Redazione\" \/>\n\t<meta name=\"twitter:label2\" content=\"Gesch\u00e4tzte Lesezeit\" \/>\n\t<meta name=\"twitter:data2\" content=\"6\u00a0Minuten\" \/>\n<script type=\"application\/ld+json\" class=\"yoast-schema-graph\">{\"@context\":\"https:\/\/schema.org\",\"@graph\":[{\"@type\":\"Article\",\"@id\":\"https:\/\/blog.holyart.it\/de\/heilige-und-selige\/vom-blitz-getroffen-auf-dem-weg-nach-damaskus-woher-dieser-ausdruck-stammt\/#article\",\"isPartOf\":{\"@id\":\"https:\/\/blog.holyart.it\/de\/heilige-und-selige\/vom-blitz-getroffen-auf-dem-weg-nach-damaskus-woher-dieser-ausdruck-stammt\/\"},\"author\":{\"name\":\"Redazione\",\"@id\":\"https:\/\/blog.holyart.it\/de\/#\/schema\/person\/0a7b686e5af0f856ec1e390dd0baecda\"},\"headline\":\"Vom Blitz getroffen auf dem Weg nach Damaskus: Woher dieser Ausdruck stammt\",\"datePublished\":\"2026-01-21T16:28:23+00:00\",\"dateModified\":\"2026-01-28T16:33:32+00:00\",\"mainEntityOfPage\":{\"@id\":\"https:\/\/blog.holyart.it\/de\/heilige-und-selige\/vom-blitz-getroffen-auf-dem-weg-nach-damaskus-woher-dieser-ausdruck-stammt\/\"},\"wordCount\":834,\"publisher\":{\"@id\":\"https:\/\/blog.holyart.it\/de\/#organization\"},\"image\":{\"@id\":\"https:\/\/blog.holyart.it\/de\/heilige-und-selige\/vom-blitz-getroffen-auf-dem-weg-nach-damaskus-woher-dieser-ausdruck-stammt\/#primaryimage\"},\"thumbnailUrl\":\"https:\/\/blog.holyart.it\/de\/wp-content\/uploads\/sites\/12\/2026\/01\/Vom-Blitz-getroffen-auf-dem-Weg-nach-Damaskus.jpg\",\"articleSection\":[\"Heilige und Selige\"],\"inLanguage\":\"de\"},{\"@type\":\"WebPage\",\"@id\":\"https:\/\/blog.holyart.it\/de\/heilige-und-selige\/vom-blitz-getroffen-auf-dem-weg-nach-damaskus-woher-dieser-ausdruck-stammt\/\",\"url\":\"https:\/\/blog.holyart.it\/de\/heilige-und-selige\/vom-blitz-getroffen-auf-dem-weg-nach-damaskus-woher-dieser-ausdruck-stammt\/\",\"name\":\"Vom Blitz getroffen auf dem Weg nach Damaskus: Woher dieser Ausdruck stammt - Holyart.de Blog\",\"isPartOf\":{\"@id\":\"https:\/\/blog.holyart.it\/de\/#website\"},\"primaryImageOfPage\":{\"@id\":\"https:\/\/blog.holyart.it\/de\/heilige-und-selige\/vom-blitz-getroffen-auf-dem-weg-nach-damaskus-woher-dieser-ausdruck-stammt\/#primaryimage\"},\"image\":{\"@id\":\"https:\/\/blog.holyart.it\/de\/heilige-und-selige\/vom-blitz-getroffen-auf-dem-weg-nach-damaskus-woher-dieser-ausdruck-stammt\/#primaryimage\"},\"thumbnailUrl\":\"https:\/\/blog.holyart.it\/de\/wp-content\/uploads\/sites\/12\/2026\/01\/Vom-Blitz-getroffen-auf-dem-Weg-nach-Damaskus.jpg\",\"datePublished\":\"2026-01-21T16:28:23+00:00\",\"dateModified\":\"2026-01-28T16:33:32+00:00\",\"description\":\"Die Geschichte des heiligen Paulus, der auf dem Weg nach Damaskus vom Blitz getroffen wurde, hat zu einem ber\u00fchmten Sprichwort gef\u00fchrt.\",\"breadcrumb\":{\"@id\":\"https:\/\/blog.holyart.it\/de\/heilige-und-selige\/vom-blitz-getroffen-auf-dem-weg-nach-damaskus-woher-dieser-ausdruck-stammt\/#breadcrumb\"},\"inLanguage\":\"de\",\"potentialAction\":[{\"@type\":\"ReadAction\",\"target\":[\"https:\/\/blog.holyart.it\/de\/heilige-und-selige\/vom-blitz-getroffen-auf-dem-weg-nach-damaskus-woher-dieser-ausdruck-stammt\/\"]}]},{\"@type\":\"ImageObject\",\"inLanguage\":\"de\",\"@id\":\"https:\/\/blog.holyart.it\/de\/heilige-und-selige\/vom-blitz-getroffen-auf-dem-weg-nach-damaskus-woher-dieser-ausdruck-stammt\/#primaryimage\",\"url\":\"https:\/\/blog.holyart.it\/de\/wp-content\/uploads\/sites\/12\/2026\/01\/Vom-Blitz-getroffen-auf-dem-Weg-nach-Damaskus.jpg\",\"contentUrl\":\"https:\/\/blog.holyart.it\/de\/wp-content\/uploads\/sites\/12\/2026\/01\/Vom-Blitz-getroffen-auf-dem-Weg-nach-Damaskus.jpg\",\"width\":1000,\"height\":666,\"caption\":\"Vom Blitz getroffen auf dem Weg nach Damaskus\"},{\"@type\":\"BreadcrumbList\",\"@id\":\"https:\/\/blog.holyart.it\/de\/heilige-und-selige\/vom-blitz-getroffen-auf-dem-weg-nach-damaskus-woher-dieser-ausdruck-stammt\/#breadcrumb\",\"itemListElement\":[{\"@type\":\"ListItem\",\"position\":1,\"name\":\"Homepage\",\"item\":\"https:\/\/blog.holyart.it\/de\/\"},{\"@type\":\"ListItem\",\"position\":2,\"name\":\"Heilige und Selige\",\"item\":\"https:\/\/blog.holyart.it\/de\/heilige-und-selige\/\"},{\"@type\":\"ListItem\",\"position\":3,\"name\":\"Vom Blitz getroffen auf dem Weg nach Damaskus: Woher dieser Ausdruck stammt\"}]},{\"@type\":\"WebSite\",\"@id\":\"https:\/\/blog.holyart.it\/de\/#website\",\"url\":\"https:\/\/blog.holyart.it\/de\/\",\"name\":\"Holyart.de Blog\",\"description\":\"Holyblog\",\"publisher\":{\"@id\":\"https:\/\/blog.holyart.it\/de\/#organization\"},\"potentialAction\":[{\"@type\":\"SearchAction\",\"target\":{\"@type\":\"EntryPoint\",\"urlTemplate\":\"https:\/\/blog.holyart.it\/de\/?s={search_term_string}\"},\"query-input\":{\"@type\":\"PropertyValueSpecification\",\"valueRequired\":true,\"valueName\":\"search_term_string\"}}],\"inLanguage\":\"de\"},{\"@type\":\"Organization\",\"@id\":\"https:\/\/blog.holyart.it\/de\/#organization\",\"name\":\"Holyart.de Blog\",\"url\":\"https:\/\/blog.holyart.it\/de\/\",\"logo\":{\"@type\":\"ImageObject\",\"inLanguage\":\"de\",\"@id\":\"https:\/\/blog.holyart.it\/de\/#\/schema\/logo\/image\/\",\"url\":\"https:\/\/blog.holyart.it\/de\/wp-content\/uploads\/sites\/12\/2022\/12\/Holyart_Blog_Logo.jpg\",\"contentUrl\":\"https:\/\/blog.holyart.it\/de\/wp-content\/uploads\/sites\/12\/2022\/12\/Holyart_Blog_Logo.jpg\",\"width\":300,\"height\":50,\"caption\":\"Holyart.de Blog\"},\"image\":{\"@id\":\"https:\/\/blog.holyart.it\/de\/#\/schema\/logo\/image\/\"}},{\"@type\":\"Person\",\"@id\":\"https:\/\/blog.holyart.it\/de\/#\/schema\/person\/0a7b686e5af0f856ec1e390dd0baecda\",\"name\":\"Redazione\",\"image\":{\"@type\":\"ImageObject\",\"inLanguage\":\"de\",\"@id\":\"https:\/\/blog.holyart.it\/de\/#\/schema\/person\/image\/\",\"url\":\"https:\/\/secure.gravatar.com\/avatar\/f477da817f43e50d0af36abecd33e3edf826c68299714bdc1057dff3b113f516?s=96&d=mm&r=g\",\"contentUrl\":\"https:\/\/secure.gravatar.com\/avatar\/f477da817f43e50d0af36abecd33e3edf826c68299714bdc1057dff3b113f516?s=96&d=mm&r=g\",\"caption\":\"Redazione\"}}]}<\/script>\n<!-- \/ Yoast SEO plugin. -->","yoast_head_json":{"title":"Vom Blitz getroffen auf dem Weg nach Damaskus: Woher dieser Ausdruck stammt - Holyart.de Blog","description":"Die Geschichte des heiligen Paulus, der auf dem Weg nach Damaskus vom Blitz getroffen wurde, hat zu einem ber\u00fchmten Sprichwort gef\u00fchrt.","robots":{"index":"index","follow":"follow","max-snippet":"max-snippet:-1","max-image-preview":"max-image-preview:large","max-video-preview":"max-video-preview:-1"},"canonical":"https:\/\/blog.holyart.it\/de\/heilige-und-selige\/vom-blitz-getroffen-auf-dem-weg-nach-damaskus-woher-dieser-ausdruck-stammt\/","og_locale":"de_DE","og_type":"article","og_title":"Vom Blitz getroffen auf dem Weg nach Damaskus: Woher dieser Ausdruck stammt - Holyart.de Blog","og_description":"Die Geschichte des heiligen Paulus, der auf dem Weg nach Damaskus vom Blitz getroffen wurde, hat zu einem ber\u00fchmten Sprichwort gef\u00fchrt.","og_url":"https:\/\/blog.holyart.it\/de\/heilige-und-selige\/vom-blitz-getroffen-auf-dem-weg-nach-damaskus-woher-dieser-ausdruck-stammt\/","og_site_name":"Holyart.de Blog","article_published_time":"2026-01-21T16:28:23+00:00","article_modified_time":"2026-01-28T16:33:32+00:00","og_image":[{"width":1000,"height":666,"url":"https:\/\/blog.holyart.it\/de\/wp-content\/uploads\/sites\/12\/2026\/01\/Vom-Blitz-getroffen-auf-dem-Weg-nach-Damaskus.jpg","type":"image\/jpeg"}],"author":"Redazione","twitter_card":"summary_large_image","twitter_misc":{"Verfasst von":"Redazione","Gesch\u00e4tzte Lesezeit":"6\u00a0Minuten"},"schema":{"@context":"https:\/\/schema.org","@graph":[{"@type":"Article","@id":"https:\/\/blog.holyart.it\/de\/heilige-und-selige\/vom-blitz-getroffen-auf-dem-weg-nach-damaskus-woher-dieser-ausdruck-stammt\/#article","isPartOf":{"@id":"https:\/\/blog.holyart.it\/de\/heilige-und-selige\/vom-blitz-getroffen-auf-dem-weg-nach-damaskus-woher-dieser-ausdruck-stammt\/"},"author":{"name":"Redazione","@id":"https:\/\/blog.holyart.it\/de\/#\/schema\/person\/0a7b686e5af0f856ec1e390dd0baecda"},"headline":"Vom Blitz getroffen auf dem Weg nach Damaskus: Woher dieser Ausdruck stammt","datePublished":"2026-01-21T16:28:23+00:00","dateModified":"2026-01-28T16:33:32+00:00","mainEntityOfPage":{"@id":"https:\/\/blog.holyart.it\/de\/heilige-und-selige\/vom-blitz-getroffen-auf-dem-weg-nach-damaskus-woher-dieser-ausdruck-stammt\/"},"wordCount":834,"publisher":{"@id":"https:\/\/blog.holyart.it\/de\/#organization"},"image":{"@id":"https:\/\/blog.holyart.it\/de\/heilige-und-selige\/vom-blitz-getroffen-auf-dem-weg-nach-damaskus-woher-dieser-ausdruck-stammt\/#primaryimage"},"thumbnailUrl":"https:\/\/blog.holyart.it\/de\/wp-content\/uploads\/sites\/12\/2026\/01\/Vom-Blitz-getroffen-auf-dem-Weg-nach-Damaskus.jpg","articleSection":["Heilige und Selige"],"inLanguage":"de"},{"@type":"WebPage","@id":"https:\/\/blog.holyart.it\/de\/heilige-und-selige\/vom-blitz-getroffen-auf-dem-weg-nach-damaskus-woher-dieser-ausdruck-stammt\/","url":"https:\/\/blog.holyart.it\/de\/heilige-und-selige\/vom-blitz-getroffen-auf-dem-weg-nach-damaskus-woher-dieser-ausdruck-stammt\/","name":"Vom Blitz getroffen auf dem Weg nach Damaskus: Woher dieser Ausdruck stammt - Holyart.de Blog","isPartOf":{"@id":"https:\/\/blog.holyart.it\/de\/#website"},"primaryImageOfPage":{"@id":"https:\/\/blog.holyart.it\/de\/heilige-und-selige\/vom-blitz-getroffen-auf-dem-weg-nach-damaskus-woher-dieser-ausdruck-stammt\/#primaryimage"},"image":{"@id":"https:\/\/blog.holyart.it\/de\/heilige-und-selige\/vom-blitz-getroffen-auf-dem-weg-nach-damaskus-woher-dieser-ausdruck-stammt\/#primaryimage"},"thumbnailUrl":"https:\/\/blog.holyart.it\/de\/wp-content\/uploads\/sites\/12\/2026\/01\/Vom-Blitz-getroffen-auf-dem-Weg-nach-Damaskus.jpg","datePublished":"2026-01-21T16:28:23+00:00","dateModified":"2026-01-28T16:33:32+00:00","description":"Die Geschichte des heiligen Paulus, der auf dem Weg nach Damaskus vom Blitz getroffen wurde, hat zu einem ber\u00fchmten Sprichwort gef\u00fchrt.","breadcrumb":{"@id":"https:\/\/blog.holyart.it\/de\/heilige-und-selige\/vom-blitz-getroffen-auf-dem-weg-nach-damaskus-woher-dieser-ausdruck-stammt\/#breadcrumb"},"inLanguage":"de","potentialAction":[{"@type":"ReadAction","target":["https:\/\/blog.holyart.it\/de\/heilige-und-selige\/vom-blitz-getroffen-auf-dem-weg-nach-damaskus-woher-dieser-ausdruck-stammt\/"]}]},{"@type":"ImageObject","inLanguage":"de","@id":"https:\/\/blog.holyart.it\/de\/heilige-und-selige\/vom-blitz-getroffen-auf-dem-weg-nach-damaskus-woher-dieser-ausdruck-stammt\/#primaryimage","url":"https:\/\/blog.holyart.it\/de\/wp-content\/uploads\/sites\/12\/2026\/01\/Vom-Blitz-getroffen-auf-dem-Weg-nach-Damaskus.jpg","contentUrl":"https:\/\/blog.holyart.it\/de\/wp-content\/uploads\/sites\/12\/2026\/01\/Vom-Blitz-getroffen-auf-dem-Weg-nach-Damaskus.jpg","width":1000,"height":666,"caption":"Vom Blitz getroffen auf dem Weg nach Damaskus"},{"@type":"BreadcrumbList","@id":"https:\/\/blog.holyart.it\/de\/heilige-und-selige\/vom-blitz-getroffen-auf-dem-weg-nach-damaskus-woher-dieser-ausdruck-stammt\/#breadcrumb","itemListElement":[{"@type":"ListItem","position":1,"name":"Homepage","item":"https:\/\/blog.holyart.it\/de\/"},{"@type":"ListItem","position":2,"name":"Heilige und Selige","item":"https:\/\/blog.holyart.it\/de\/heilige-und-selige\/"},{"@type":"ListItem","position":3,"name":"Vom Blitz getroffen auf dem Weg nach Damaskus: Woher dieser Ausdruck stammt"}]},{"@type":"WebSite","@id":"https:\/\/blog.holyart.it\/de\/#website","url":"https:\/\/blog.holyart.it\/de\/","name":"Holyart.de Blog","description":"Holyblog","publisher":{"@id":"https:\/\/blog.holyart.it\/de\/#organization"},"potentialAction":[{"@type":"SearchAction","target":{"@type":"EntryPoint","urlTemplate":"https:\/\/blog.holyart.it\/de\/?s={search_term_string}"},"query-input":{"@type":"PropertyValueSpecification","valueRequired":true,"valueName":"search_term_string"}}],"inLanguage":"de"},{"@type":"Organization","@id":"https:\/\/blog.holyart.it\/de\/#organization","name":"Holyart.de Blog","url":"https:\/\/blog.holyart.it\/de\/","logo":{"@type":"ImageObject","inLanguage":"de","@id":"https:\/\/blog.holyart.it\/de\/#\/schema\/logo\/image\/","url":"https:\/\/blog.holyart.it\/de\/wp-content\/uploads\/sites\/12\/2022\/12\/Holyart_Blog_Logo.jpg","contentUrl":"https:\/\/blog.holyart.it\/de\/wp-content\/uploads\/sites\/12\/2022\/12\/Holyart_Blog_Logo.jpg","width":300,"height":50,"caption":"Holyart.de Blog"},"image":{"@id":"https:\/\/blog.holyart.it\/de\/#\/schema\/logo\/image\/"}},{"@type":"Person","@id":"https:\/\/blog.holyart.it\/de\/#\/schema\/person\/0a7b686e5af0f856ec1e390dd0baecda","name":"Redazione","image":{"@type":"ImageObject","inLanguage":"de","@id":"https:\/\/blog.holyart.it\/de\/#\/schema\/person\/image\/","url":"https:\/\/secure.gravatar.com\/avatar\/f477da817f43e50d0af36abecd33e3edf826c68299714bdc1057dff3b113f516?s=96&d=mm&r=g","contentUrl":"https:\/\/secure.gravatar.com\/avatar\/f477da817f43e50d0af36abecd33e3edf826c68299714bdc1057dff3b113f516?s=96&d=mm&r=g","caption":"Redazione"}}]}},"_links":{"self":[{"href":"https:\/\/blog.holyart.it\/de\/wp-json\/wp\/v2\/posts\/7577","targetHints":{"allow":["GET"]}}],"collection":[{"href":"https:\/\/blog.holyart.it\/de\/wp-json\/wp\/v2\/posts"}],"about":[{"href":"https:\/\/blog.holyart.it\/de\/wp-json\/wp\/v2\/types\/post"}],"author":[{"embeddable":true,"href":"https:\/\/blog.holyart.it\/de\/wp-json\/wp\/v2\/users\/1"}],"replies":[{"embeddable":true,"href":"https:\/\/blog.holyart.it\/de\/wp-json\/wp\/v2\/comments?post=7577"}],"version-history":[{"count":5,"href":"https:\/\/blog.holyart.it\/de\/wp-json\/wp\/v2\/posts\/7577\/revisions"}],"predecessor-version":[{"id":7588,"href":"https:\/\/blog.holyart.it\/de\/wp-json\/wp\/v2\/posts\/7577\/revisions\/7588"}],"wp:featuredmedia":[{"embeddable":true,"href":"https:\/\/blog.holyart.it\/de\/wp-json\/wp\/v2\/media\/7578"}],"wp:attachment":[{"href":"https:\/\/blog.holyart.it\/de\/wp-json\/wp\/v2\/media?parent=7577"}],"wp:term":[{"taxonomy":"category","embeddable":true,"href":"https:\/\/blog.holyart.it\/de\/wp-json\/wp\/v2\/categories?post=7577"},{"taxonomy":"post_tag","embeddable":true,"href":"https:\/\/blog.holyart.it\/de\/wp-json\/wp\/v2\/tags?post=7577"}],"curies":[{"name":"wp","href":"https:\/\/api.w.org\/{rel}","templated":true}]}}